{"id":243095,"date":"2026-05-01T08:06:42","date_gmt":"2026-05-01T12:06:42","guid":{"rendered":"https:\/\/www.cuballama.com\/noticias\/?p=243095"},"modified":"2026-05-01T08:08:06","modified_gmt":"2026-05-01T12:08:06","slug":"se-aplaza-juicio-por-asesinato-de-joven-cubano-de-hialeah","status":"publish","type":"post","link":"https:\/\/www.cuballama.com\/noticias\/se-aplaza-juicio-por-asesinato-de-joven-cubano-de-hialeah\/","title":{"rendered":"Se aplaza juicio por asesinato de joven cubano de Hialeah"},"content":{"rendered":"\n<p>El proceso judicial contra los cubanos Alfredo Carballo Gonz\u00e1lez y Ariely \u00c1lvarez Cabrera, acusados del asesinato de Daylon Fleitas, otro joven cubano residente en Hialeah, fue pospuesto este jueves, ya que no se logr\u00f3 un acuerdo entre la defensa y la fiscal\u00eda.<\/p>\n\n\n\n<p>Seg\u00fan inform\u00f3 <em>Telemundo 51<\/em>, el juez del condado de Miami-Dade reprogram\u00f3 el caso para el 12 de agosto, adem\u00e1s, porque los acusados decidieron no presentarse en la audiencia virtual la v\u00edspera.<\/p>\n\n\n\n<p>Este 30 de abril la fiscal\u00eda present\u00f3 un nuevo cargo contra Carballo: robo a mano armada, que se une a los de homicidio en segundo grado con arma y manipulaci\u00f3n de evidencia f\u00edsica.<\/p>\n\n\n\n<p>La familia de la v\u00edctima, que asisti\u00f3 al tribunal, dijo estar destrozada por la muerte de Fleitas. \u201cMe siento bien mal. Mi familia est\u00e1 apagada. \u00c9l era el m\u00e1s alegre de la casa. No ten\u00eda por qu\u00e9 estar en este lugar ahora\u201d, declar\u00f3 Carmen, la madre de la v\u00edctima.<\/p>\n\n\n\n<p>Tambi\u00e9n Beanis Col\u00f3n, novia de Fleitas, destac\u00f3 que Fleitas y Carballo eran amigos cercanos y confirm\u00f3 que la v\u00edctima lo hab\u00eda ayudado econ\u00f3micamente en el pasado.<\/p>\n\n\n\n<p>Por su parte, Marlon Fleitas, hermano del fallecido, revel\u00f3 que mientras buscaban a Daylon, Carballo le transfiri\u00f3 2.500 d\u00f3lares v\u00eda Zelle para saldar parte de la deuda pendiente.&nbsp;<\/p>\n\n\n\n<p>\u201cAl principio no pens\u00e9 que \u00e9l fuera capaz de hacer semejante barbaridad, pero s\u00ed siempre tuve la corazonada de que estaba involucrado\u201d, indic\u00f3.<\/p>\n\n\n\n<p>El crimen tuvo lugar el 3 de agosto de 2025 cuando Fleitas fue a cobrar 10.000 d\u00f3lares a Carballo, un conocido de su pueblo natal, San Antonio de los Ba\u00f1os, en un estacionamiento en la avenida 95 y la calle 106 del noroeste, en Medley, ciudad contigua a Hialeah.<\/p>\n\n\n\n<p>Tras el crimen, Carballo y \u00c1lvarez, su pareja, huyeron con su hijo, un beb\u00e9 de entonces cinco meses, por cuyo bienestar temieron las autoridades.<\/p>\n\n\n\n<p>Un video de vigilancia y un documento interno del Sheriff de Miami-Dade confirmaron la relaci\u00f3n de la pareja con la muerte de Fleitas, de 37 a\u00f1os, cuyo cuerpo fue hallado sin vida el pasado 9 de agosto dentro de un contenedor de reciclaje con m\u00faltiples pu\u00f1aladas.<\/p>\n\n\n\n<p>Un d\u00eda antes hab\u00eda sido encontrada en la zona de la calle 210 del suroeste y la avenida 203 la Ford F-150 negra de Fleitas, con manchas de sangre y una mochila con evidencias.<\/p>\n\n\n\n<p>Posteriormente, la oficina del m\u00e9dico forense de Miami-Dade confirm\u00f3 que la muerte de Fleitas fue un homicidio por objeto cortopunzante.<\/p>\n\n\n\n<p>Tras el crimen, Carballo manipul\u00f3 el tel\u00e9fono de Fleitas enviando mensajes falsos a la familia en los que afirmaba que la v\u00edctima hu\u00eda a M\u00e9xico para evadir a las autoridades migratorias, aunque quienes huyeron a M\u00e9xico fueron Carballo y \u00c1lvarez junto a su beb\u00e9.<\/p>\n\n\n\n<p>\u00c1lvarez fue extraditada a Florida en septiembre de 2025 y liberada bajo arresto domiciliario tras pagar una fianza de 200.000 d\u00f3lares. A finales de enero Carballo <a href=\"https:\/\/www.cuballama.com\/noticias\/arrestan-a-presunto-asesino-de-cubano-de-hialeah-tras-meses-escondido-en-mexico\/?srsltid=AfmBOopVcBCM3s5Je8GRoYMFqpAUWqA_xHQOXJC_jRNg7wY6Mz59rXrz\" target=\"_blank\" rel=\"noreferrer noopener\">fue capturado en M\u00e9xico y extraditado a Miami<\/a>, donde se declar\u00f3 no culpable el 19 de febrero y solicit\u00f3 juicio por jurado.<\/p>\n\n\n\n<p>La corte orden\u00f3 unificar el expediente de Carballo con el de \u00c1lvarez. Ella enfrenta cargos formales como c\u00f3mplice y por manipulaci\u00f3n de evidencia. Ambos permanecen detenidos en la c\u00e1rcel de Miami-Dade sin derecho a fianza.&nbsp;<\/p>\n\n\n\n<p><\/p>\n","protected":false},"excerpt":{"rendered":"<p>El presunto asesino, tambi\u00e9n cubano, era un amigo cercano de la v\u00edctima.<\/p>\n","protected":false},"author":30,"featured_media":243097,"comment_status":"open","ping_status":"closed","sticky":false,"template":"","format":"standard","meta":{"_acf_changed":false,"footnotes":""},"categories":[18,11024],"tags":[10269,12634,941,13408],"class_list":{"0":"post-243095","1":"post","2":"type-post","3":"status-publish","4":"format-standard","5":"has-post-thumbnail","7":"category-noticias","8":"category-noticias-de-miami","9":"tag-cubano-asesinado","10":"tag-cubanos-en-hialeah","11":"tag-destacado","12":"tag-joven-cubano"},"acf":[],"yoast_head":"<!-- This site is optimized with the Yoast SEO plugin v27.5 - https:\/\/yoast.com\/product\/yoast-seo-wordpress\/ -->\n<title>Se aplaza juicio por asesinato de joven cubano de Hialeah - Cuballama Noticias<\/title>\n<meta name=\"description\" content=\"El proceso judicial contra una pareja de cubanos por el asesinato de otro joven cubano residente en Hialeah fue aplazado.\" \/>\n<meta name=\"robots\" content=\"index, follow, max-snippet:-1, max-image-preview:large, max-video-preview:-1\" \/>\n<link rel=\"canonical\" href=\"https:\/\/www.cuballama.com\/noticias\/se-aplaza-juicio-por-asesinato-de-joven-cubano-de-hialeah\/\" \/>\n<meta property=\"og:locale\" content=\"es_ES\" \/>\n<meta property=\"og:type\" content=\"article\" \/>\n<meta property=\"og:title\" content=\"Se aplaza juicio por asesinato de joven cubano de Hialeah - Cuballama Noticias\" \/>\n<meta property=\"og:description\" content=\"El proceso judicial contra una pareja de cubanos por el asesinato de otro joven cubano residente en Hialeah fue aplazado.\" \/>\n<meta property=\"og:url\" content=\"https:\/\/www.cuballama.com\/noticias\/se-aplaza-juicio-por-asesinato-de-joven-cubano-de-hialeah\/\" \/>\n<meta property=\"og:site_name\" content=\"Cuballama Noticias\" \/>\n<meta property=\"article:publisher\" content=\"https:\/\/www.facebook.com\/CubaLlama\" \/>\n<meta property=\"article:published_time\" content=\"2026-05-01T12:06:42+00:00\" \/>\n<meta property=\"article:modified_time\" content=\"2026-05-01T12:08:06+00:00\" \/>\n<meta property=\"og:image\" content=\"https:\/\/cdn1.mediawpaccore.net\/wp-content\/uploads\/2026\/05\/01072937\/Square-black-four-4x418-1.jpg\" \/>\n\t<meta property=\"og:image:width\" content=\"1200\" \/>\n\t<meta property=\"og:image:height\" content=\"630\" \/>\n\t<meta property=\"og:image:type\" content=\"image\/jpeg\" \/>\n<meta name=\"author\" content=\"Kathy\" \/>\n<meta name=\"twitter:card\" content=\"summary_large_image\" \/>\n<meta name=\"twitter:creator\" content=\"@cuballama\" \/>\n<meta name=\"twitter:site\" content=\"@cuballama\" \/>\n<meta name=\"twitter:label1\" content=\"Escrito por\" \/>\n\t<meta name=\"twitter:data1\" content=\"Kathy\" \/>\n\t<meta name=\"twitter:label2\" content=\"Tiempo de lectura\" \/>\n\t<meta name=\"twitter:data2\" content=\"3 minutos\" \/>\n<script type=\"application\/ld+json\" class=\"yoast-schema-graph\">{\"@context\":\"https:\\\/\\\/schema.org\",\"@graph\":[{\"@type\":\"Article\",\"@id\":\"https:\\\/\\\/www.cuballama.com\\\/noticias\\\/se-aplaza-juicio-por-asesinato-de-joven-cubano-de-hialeah\\\/#article\",\"isPartOf\":{\"@id\":\"https:\\\/\\\/www.cuballama.com\\\/noticias\\\/se-aplaza-juicio-por-asesinato-de-joven-cubano-de-hialeah\\\/\"},\"author\":{\"name\":\"Kathy\",\"@id\":\"https:\\\/\\\/www.cuballama.com\\\/noticias\\\/#\\\/schema\\\/person\\\/86cd3e3f4974437f031211213bf892d5\"},\"headline\":\"Se aplaza juicio por asesinato de joven cubano de Hialeah\",\"datePublished\":\"2026-05-01T12:06:42+00:00\",\"dateModified\":\"2026-05-01T12:08:06+00:00\",\"mainEntityOfPage\":{\"@id\":\"https:\\\/\\\/www.cuballama.com\\\/noticias\\\/se-aplaza-juicio-por-asesinato-de-joven-cubano-de-hialeah\\\/\"},\"wordCount\":566,\"commentCount\":0,\"publisher\":{\"@id\":\"https:\\\/\\\/www.cuballama.com\\\/noticias\\\/#organization\"},\"image\":{\"@id\":\"https:\\\/\\\/www.cuballama.com\\\/noticias\\\/se-aplaza-juicio-por-asesinato-de-joven-cubano-de-hialeah\\\/#primaryimage\"},\"thumbnailUrl\":\"https:\\\/\\\/cdn1.mediawpaccore.net\\\/wp-content\\\/uploads\\\/2026\\\/05\\\/01072937\\\/Square-black-four-4x418-1.jpg\",\"keywords\":[\"cubano asesinado\",\"Cubanos en Hialeah\",\"destacado\",\"joven cubano\"],\"articleSection\":[\"Noticias\",\"Noticias de Miami\"],\"inLanguage\":\"es\",\"potentialAction\":[{\"@type\":\"CommentAction\",\"name\":\"Comment\",\"target\":[\"https:\\\/\\\/www.cuballama.com\\\/noticias\\\/se-aplaza-juicio-por-asesinato-de-joven-cubano-de-hialeah\\\/#respond\"]}]},{\"@type\":\"WebPage\",\"@id\":\"https:\\\/\\\/www.cuballama.com\\\/noticias\\\/se-aplaza-juicio-por-asesinato-de-joven-cubano-de-hialeah\\\/\",\"url\":\"https:\\\/\\\/www.cuballama.com\\\/noticias\\\/se-aplaza-juicio-por-asesinato-de-joven-cubano-de-hialeah\\\/\",\"name\":\"Se aplaza juicio por asesinato de joven cubano de Hialeah - Cuballama Noticias\",\"isPartOf\":{\"@id\":\"https:\\\/\\\/www.cuballama.com\\\/noticias\\\/#website\"},\"primaryImageOfPage\":{\"@id\":\"https:\\\/\\\/www.cuballama.com\\\/noticias\\\/se-aplaza-juicio-por-asesinato-de-joven-cubano-de-hialeah\\\/#primaryimage\"},\"image\":{\"@id\":\"https:\\\/\\\/www.cuballama.com\\\/noticias\\\/se-aplaza-juicio-por-asesinato-de-joven-cubano-de-hialeah\\\/#primaryimage\"},\"thumbnailUrl\":\"https:\\\/\\\/cdn1.mediawpaccore.net\\\/wp-content\\\/uploads\\\/2026\\\/05\\\/01072937\\\/Square-black-four-4x418-1.jpg\",\"datePublished\":\"2026-05-01T12:06:42+00:00\",\"dateModified\":\"2026-05-01T12:08:06+00:00\",\"description\":\"El proceso judicial contra una pareja de cubanos por el asesinato de otro joven cubano residente en Hialeah fue aplazado.\",\"breadcrumb\":{\"@id\":\"https:\\\/\\\/www.cuballama.com\\\/noticias\\\/se-aplaza-juicio-por-asesinato-de-joven-cubano-de-hialeah\\\/#breadcrumb\"},\"inLanguage\":\"es\",\"potentialAction\":[{\"@type\":\"ReadAction\",\"target\":[\"https:\\\/\\\/www.cuballama.com\\\/noticias\\\/se-aplaza-juicio-por-asesinato-de-joven-cubano-de-hialeah\\\/\"]}]},{\"@type\":\"ImageObject\",\"inLanguage\":\"es\",\"@id\":\"https:\\\/\\\/www.cuballama.com\\\/noticias\\\/se-aplaza-juicio-por-asesinato-de-joven-cubano-de-hialeah\\\/#primaryimage\",\"url\":\"https:\\\/\\\/cdn1.mediawpaccore.net\\\/wp-content\\\/uploads\\\/2026\\\/05\\\/01072937\\\/Square-black-four-4x418-1.jpg\",\"contentUrl\":\"https:\\\/\\\/cdn1.mediawpaccore.net\\\/wp-content\\\/uploads\\\/2026\\\/05\\\/01072937\\\/Square-black-four-4x418-1.jpg\",\"width\":1200,\"height\":630,\"caption\":\"Alfredo Carballo Gonz\u00e1lez (izquierda) y Daylon Fleitas Gonz\u00e1lez. Foto: Miami-Dade Corrections & Rehabilitation y Facebook\\\/Daylon Fleitas.\"},{\"@type\":\"BreadcrumbList\",\"@id\":\"https:\\\/\\\/www.cuballama.com\\\/noticias\\\/se-aplaza-juicio-por-asesinato-de-joven-cubano-de-hialeah\\\/#breadcrumb\",\"itemListElement\":[{\"@type\":\"ListItem\",\"position\":1,\"name\":\"Home\",\"item\":\"https:\\\/\\\/www.cuballama.com\\\/noticias\\\/\"},{\"@type\":\"ListItem\",\"position\":2,\"name\":\"Se aplaza juicio por asesinato de joven cubano de Hialeah\"}]},{\"@type\":\"WebSite\",\"@id\":\"https:\\\/\\\/www.cuballama.com\\\/noticias\\\/#website\",\"url\":\"https:\\\/\\\/www.cuballama.com\\\/noticias\\\/\",\"name\":\"Cuballama Noticias\",\"description\":\"Medio digital sobre Cuba y el mundo\",\"publisher\":{\"@id\":\"https:\\\/\\\/www.cuballama.com\\\/noticias\\\/#organization\"},\"potentialAction\":[{\"@type\":\"SearchAction\",\"target\":{\"@type\":\"EntryPoint\",\"urlTemplate\":\"https:\\\/\\\/www.cuballama.com\\\/noticias\\\/?s={search_term_string}\"},\"query-input\":{\"@type\":\"PropertyValueSpecification\",\"valueRequired\":true,\"valueName\":\"search_term_string\"}}],\"inLanguage\":\"es\"},{\"@type\":\"Organization\",\"@id\":\"https:\\\/\\\/www.cuballama.com\\\/noticias\\\/#organization\",\"name\":\"Cuballama\",\"url\":\"https:\\\/\\\/www.cuballama.com\\\/noticias\\\/\",\"logo\":{\"@type\":\"ImageObject\",\"inLanguage\":\"es\",\"@id\":\"https:\\\/\\\/www.cuballama.com\\\/noticias\\\/#\\\/schema\\\/logo\\\/image\\\/\",\"url\":\"https:\\\/\\\/cdn1.mediawpaccore.net\\\/wp-content\\\/uploads\\\/2021\\\/12\\\/28171206\\\/cbll-logo-color-sm.png\",\"contentUrl\":\"https:\\\/\\\/cdn1.mediawpaccore.net\\\/wp-content\\\/uploads\\\/2021\\\/12\\\/28171206\\\/cbll-logo-color-sm.png\",\"width\":600,\"height\":133,\"caption\":\"Cuballama\"},\"image\":{\"@id\":\"https:\\\/\\\/www.cuballama.com\\\/noticias\\\/#\\\/schema\\\/logo\\\/image\\\/\"},\"sameAs\":[\"https:\\\/\\\/www.facebook.com\\\/CubaLlama\",\"https:\\\/\\\/x.com\\\/cuballama\",\"https:\\\/\\\/www.instagram.com\\\/stories\\\/cuballama_oficial\\\/\",\"https:\\\/\\\/www.youtube.com\\\/channel\\\/UCKkFE-d_axENGZcrc4as0IA\"]},{\"@type\":\"Person\",\"@id\":\"https:\\\/\\\/www.cuballama.com\\\/noticias\\\/#\\\/schema\\\/person\\\/86cd3e3f4974437f031211213bf892d5\",\"name\":\"Kathy\",\"url\":\"https:\\\/\\\/www.cuballama.com\\\/noticias\\\/author\\\/kathy\\\/\"}]}<\/script>\n<!-- \/ Yoast SEO plugin. -->","yoast_head_json":{"title":"Se aplaza juicio por asesinato de joven cubano de Hialeah - Cuballama Noticias","description":"El proceso judicial contra una pareja de cubanos por el asesinato de otro joven cubano residente en Hialeah fue aplazado.","robots":{"index":"index","follow":"follow","max-snippet":"max-snippet:-1","max-image-preview":"max-image-preview:large","max-video-preview":"max-video-preview:-1"},"canonical":"https:\/\/www.cuballama.com\/noticias\/se-aplaza-juicio-por-asesinato-de-joven-cubano-de-hialeah\/","og_locale":"es_ES","og_type":"article","og_title":"Se aplaza juicio por asesinato de joven cubano de Hialeah - Cuballama Noticias","og_description":"El proceso judicial contra una pareja de cubanos por el asesinato de otro joven cubano residente en Hialeah fue aplazado.","og_url":"https:\/\/www.cuballama.com\/noticias\/se-aplaza-juicio-por-asesinato-de-joven-cubano-de-hialeah\/","og_site_name":"Cuballama Noticias","article_publisher":"https:\/\/www.facebook.com\/CubaLlama","article_published_time":"2026-05-01T12:06:42+00:00","article_modified_time":"2026-05-01T12:08:06+00:00","og_image":[{"width":1200,"height":630,"url":"https:\/\/cdn1.mediawpaccore.net\/wp-content\/uploads\/2026\/05\/01072937\/Square-black-four-4x418-1.jpg","type":"image\/jpeg"}],"author":"Kathy","twitter_card":"summary_large_image","twitter_creator":"@cuballama","twitter_site":"@cuballama","twitter_misc":{"Escrito por":"Kathy","Tiempo de lectura":"3 minutos"},"schema":{"@context":"https:\/\/schema.org","@graph":[{"@type":"Article","@id":"https:\/\/www.cuballama.com\/noticias\/se-aplaza-juicio-por-asesinato-de-joven-cubano-de-hialeah\/#article","isPartOf":{"@id":"https:\/\/www.cuballama.com\/noticias\/se-aplaza-juicio-por-asesinato-de-joven-cubano-de-hialeah\/"},"author":{"name":"Kathy","@id":"https:\/\/www.cuballama.com\/noticias\/#\/schema\/person\/86cd3e3f4974437f031211213bf892d5"},"headline":"Se aplaza juicio por asesinato de joven cubano de Hialeah","datePublished":"2026-05-01T12:06:42+00:00","dateModified":"2026-05-01T12:08:06+00:00","mainEntityOfPage":{"@id":"https:\/\/www.cuballama.com\/noticias\/se-aplaza-juicio-por-asesinato-de-joven-cubano-de-hialeah\/"},"wordCount":566,"commentCount":0,"publisher":{"@id":"https:\/\/www.cuballama.com\/noticias\/#organization"},"image":{"@id":"https:\/\/www.cuballama.com\/noticias\/se-aplaza-juicio-por-asesinato-de-joven-cubano-de-hialeah\/#primaryimage"},"thumbnailUrl":"https:\/\/cdn1.mediawpaccore.net\/wp-content\/uploads\/2026\/05\/01072937\/Square-black-four-4x418-1.jpg","keywords":["cubano asesinado","Cubanos en Hialeah","destacado","joven cubano"],"articleSection":["Noticias","Noticias de Miami"],"inLanguage":"es","potentialAction":[{"@type":"CommentAction","name":"Comment","target":["https:\/\/www.cuballama.com\/noticias\/se-aplaza-juicio-por-asesinato-de-joven-cubano-de-hialeah\/#respond"]}]},{"@type":"WebPage","@id":"https:\/\/www.cuballama.com\/noticias\/se-aplaza-juicio-por-asesinato-de-joven-cubano-de-hialeah\/","url":"https:\/\/www.cuballama.com\/noticias\/se-aplaza-juicio-por-asesinato-de-joven-cubano-de-hialeah\/","name":"Se aplaza juicio por asesinato de joven cubano de Hialeah - Cuballama Noticias","isPartOf":{"@id":"https:\/\/www.cuballama.com\/noticias\/#website"},"primaryImageOfPage":{"@id":"https:\/\/www.cuballama.com\/noticias\/se-aplaza-juicio-por-asesinato-de-joven-cubano-de-hialeah\/#primaryimage"},"image":{"@id":"https:\/\/www.cuballama.com\/noticias\/se-aplaza-juicio-por-asesinato-de-joven-cubano-de-hialeah\/#primaryimage"},"thumbnailUrl":"https:\/\/cdn1.mediawpaccore.net\/wp-content\/uploads\/2026\/05\/01072937\/Square-black-four-4x418-1.jpg","datePublished":"2026-05-01T12:06:42+00:00","dateModified":"2026-05-01T12:08:06+00:00","description":"El proceso judicial contra una pareja de cubanos por el asesinato de otro joven cubano residente en Hialeah fue aplazado.","breadcrumb":{"@id":"https:\/\/www.cuballama.com\/noticias\/se-aplaza-juicio-por-asesinato-de-joven-cubano-de-hialeah\/#breadcrumb"},"inLanguage":"es","potentialAction":[{"@type":"ReadAction","target":["https:\/\/www.cuballama.com\/noticias\/se-aplaza-juicio-por-asesinato-de-joven-cubano-de-hialeah\/"]}]},{"@type":"ImageObject","inLanguage":"es","@id":"https:\/\/www.cuballama.com\/noticias\/se-aplaza-juicio-por-asesinato-de-joven-cubano-de-hialeah\/#primaryimage","url":"https:\/\/cdn1.mediawpaccore.net\/wp-content\/uploads\/2026\/05\/01072937\/Square-black-four-4x418-1.jpg","contentUrl":"https:\/\/cdn1.mediawpaccore.net\/wp-content\/uploads\/2026\/05\/01072937\/Square-black-four-4x418-1.jpg","width":1200,"height":630,"caption":"Alfredo Carballo Gonz\u00e1lez (izquierda) y Daylon Fleitas Gonz\u00e1lez. Foto: Miami-Dade Corrections & Rehabilitation y Facebook\/Daylon Fleitas."},{"@type":"BreadcrumbList","@id":"https:\/\/www.cuballama.com\/noticias\/se-aplaza-juicio-por-asesinato-de-joven-cubano-de-hialeah\/#breadcrumb","itemListElement":[{"@type":"ListItem","position":1,"name":"Home","item":"https:\/\/www.cuballama.com\/noticias\/"},{"@type":"ListItem","position":2,"name":"Se aplaza juicio por asesinato de joven cubano de Hialeah"}]},{"@type":"WebSite","@id":"https:\/\/www.cuballama.com\/noticias\/#website","url":"https:\/\/www.cuballama.com\/noticias\/","name":"Cuballama Noticias","description":"Medio digital sobre Cuba y el mundo","publisher":{"@id":"https:\/\/www.cuballama.com\/noticias\/#organization"},"potentialAction":[{"@type":"SearchAction","target":{"@type":"EntryPoint","urlTemplate":"https:\/\/www.cuballama.com\/noticias\/?s={search_term_string}"},"query-input":{"@type":"PropertyValueSpecification","valueRequired":true,"valueName":"search_term_string"}}],"inLanguage":"es"},{"@type":"Organization","@id":"https:\/\/www.cuballama.com\/noticias\/#organization","name":"Cuballama","url":"https:\/\/www.cuballama.com\/noticias\/","logo":{"@type":"ImageObject","inLanguage":"es","@id":"https:\/\/www.cuballama.com\/noticias\/#\/schema\/logo\/image\/","url":"https:\/\/cdn1.mediawpaccore.net\/wp-content\/uploads\/2021\/12\/28171206\/cbll-logo-color-sm.png","contentUrl":"https:\/\/cdn1.mediawpaccore.net\/wp-content\/uploads\/2021\/12\/28171206\/cbll-logo-color-sm.png","width":600,"height":133,"caption":"Cuballama"},"image":{"@id":"https:\/\/www.cuballama.com\/noticias\/#\/schema\/logo\/image\/"},"sameAs":["https:\/\/www.facebook.com\/CubaLlama","https:\/\/x.com\/cuballama","https:\/\/www.instagram.com\/stories\/cuballama_oficial\/","https:\/\/www.youtube.com\/channel\/UCKkFE-d_axENGZcrc4as0IA"]},{"@type":"Person","@id":"https:\/\/www.cuballama.com\/noticias\/#\/schema\/person\/86cd3e3f4974437f031211213bf892d5","name":"Kathy","url":"https:\/\/www.cuballama.com\/noticias\/author\/kathy\/"}]}},"_links":{"self":[{"href":"https:\/\/www.cuballama.com\/noticias\/wp-json\/wp\/v2\/posts\/243095","targetHints":{"allow":["GET"]}}],"collection":[{"href":"https:\/\/www.cuballama.com\/noticias\/wp-json\/wp\/v2\/posts"}],"about":[{"href":"https:\/\/www.cuballama.com\/noticias\/wp-json\/wp\/v2\/types\/post"}],"author":[{"embeddable":true,"href":"https:\/\/www.cuballama.com\/noticias\/wp-json\/wp\/v2\/users\/30"}],"replies":[{"embeddable":true,"href":"https:\/\/www.cuballama.com\/noticias\/wp-json\/wp\/v2\/comments?post=243095"}],"version-history":[{"count":3,"href":"https:\/\/www.cuballama.com\/noticias\/wp-json\/wp\/v2\/posts\/243095\/revisions"}],"predecessor-version":[{"id":243112,"href":"https:\/\/www.cuballama.com\/noticias\/wp-json\/wp\/v2\/posts\/243095\/revisions\/243112"}],"wp:featuredmedia":[{"embeddable":true,"href":"https:\/\/www.cuballama.com\/noticias\/wp-json\/wp\/v2\/media\/243097"}],"wp:attachment":[{"href":"https:\/\/www.cuballama.com\/noticias\/wp-json\/wp\/v2\/media?parent=243095"}],"wp:term":[{"taxonomy":"category","embeddable":true,"href":"https:\/\/www.cuballama.com\/noticias\/wp-json\/wp\/v2\/categories?post=243095"},{"taxonomy":"post_tag","embeddable":true,"href":"https:\/\/www.cuballama.com\/noticias\/wp-json\/wp\/v2\/tags?post=243095"}],"curies":[{"name":"wp","href":"https:\/\/api.w.org\/{rel}","templated":true}]}}