{"id":243086,"date":"2026-05-01T11:12:12","date_gmt":"2026-05-01T15:12:12","guid":{"rendered":"https:\/\/www.cuballama.com\/noticias\/?p=243086"},"modified":"2026-05-01T11:12:14","modified_gmt":"2026-05-01T15:12:14","slug":"dedico-10-anos-a-hacerme-feliz-la-confesion-de-carlucho-sobre-su-vida-sentimental","status":"publish","type":"post","link":"https:\/\/www.cuballama.com\/noticias\/dedico-10-anos-a-hacerme-feliz-la-confesion-de-carlucho-sobre-su-vida-sentimental\/","title":{"rendered":"\u201cDedic\u00f3 10 a\u00f1os a hacerme feliz\u201d: La confesi\u00f3n de Carlucho sobre su vida sentimental"},"content":{"rendered":"\n<p>El presentador cubano <strong>Carlucho<\/strong> realiz\u00f3 unas recientes declaraciones que muchos han interpretado como el punto final de su historia de amor con <strong>Lilliet Rodr\u00edguez<\/strong>, m\u00e1s conocida como <strong>Lily<\/strong>. Desde su nueva base de operaciones en Madrid, el humorista rompi\u00f3 el silencio sobre su situaci\u00f3n sentimental, dejando a sus seguidores con un nudo en la garganta y muchas preguntas en el aire.<\/p>\n\n\n\n<p>La duda sobre el paradero de Lily no tard\u00f3 en aparecer durante una reciente charla en directo. Ante la insistencia de sus fan\u00e1ticos, Carlucho opt\u00f3 por una respuesta profunda, evitando los t\u00e9rminos crudos pero dejando una estela de melancol\u00eda: <strong>\u00abLily no es una mujer que uno pueda dejar. Es una mujer que uno lleva por siempre, en un lugar muy especial. Solo puedo decir eso para todos los que est\u00e9n preocupados\u00bb<\/strong>.<\/p>\n\n\n\n<p>Sin confirmar textualmente un divorcio, el humorista recurri\u00f3 a una reflexi\u00f3n que para muchos fue la confirmaci\u00f3n definitiva: <strong>\u00abLas cosas para que sean eternas no tienen que durar toda la vida. Hay cosas eternas, por ejemplo, como el amor a la madre, al padre. Hay amores eternos\u00bb<\/strong>. Adem\u00e1s, quiso honrar el tiempo compartido con una frase que resume una etapa de su vida: <strong>\u00abEse es el \u00fanico comentario que voy a hacer de una mujer que dedic\u00f3 los \u00faltimos 10 a\u00f1os a convertirme en el hombre m\u00e1s feliz del planeta\u00bb<\/strong>.<\/p>\n\n\n\n<p>Carlucho, quien ya suma a\u00f1o y medio residiendo en la capital espa\u00f1ola, parece haber encontrado su lugar en el mundo. Desde abril de 2025, ejerce oficialmente como corresponsal en Europa para <strong>1140 AM WQBA<\/strong> y las emisoras de <strong>Latino Media Holding<\/strong>, un sue\u00f1o que ven\u00eda acariciando desde sus d\u00edas en Miami.<\/p>\n\n\n\n<p>Pero no todo es paz en el viejo continente. El presentador tambi\u00e9n se tom\u00f3 un momento para abordar las recientes declaraciones de <strong><a href=\"https:\/\/www.cuballama.com\/noticias\/huele-a-bronca-carlucho-le-responde-a-carlos-otero-ahora-te-contesto-un-beso-mi-rey\/\" type=\"link\" id=\"https:\/\/www.cuballama.com\/noticias\/huele-a-bronca-carlucho-le-responde-a-carlos-otero-ahora-te-contesto-un-beso-mi-rey\/\" target=\"_blank\" rel=\"noreferrer noopener\">Carlos Otero<\/a><\/strong>, quien asegur\u00f3 que nunca volver\u00eda a compartir escenario con \u00e9l. Con una actitud conciliadora pero tajante, Carlucho dej\u00f3 claro que no tiene tiempo para rencores ni guerras medi\u00e1ticas, asegurando que su apretada agenda profesional no le deja espacio para odiar a nadie.<\/p>\n\n\n\n<p>A pesar de las turbulencias personales, el show debe continuar. El pr\u00f3ximo <strong>3 de mayo<\/strong>, el <strong>Teatro Las Vegas de Madrid<\/strong>ser\u00e1 testigo de un hito hist\u00f3rico para la comedia cubana: <strong>\u00abEl Reencuentro\u00bb<\/strong>. Carlucho se subir\u00e1 al escenario junto a <strong>Robertico<\/strong>, reviviendo la qu\u00edmica de los legendarios \u00abBufoman\u00edacos\u00bb despu\u00e9s de m\u00e1s de un cuarto de siglo sin trabajar juntos.<\/p>\n","protected":false},"excerpt":{"rendered":"<p>Carlucho habla por primera vez sobre los rumores de separaci\u00f3n de su esposa Lily desde Madrid.<\/p>\n","protected":false},"author":29,"featured_media":243152,"comment_status":"open","ping_status":"closed","sticky":false,"template":"","format":"standard","meta":{"_acf_changed":false,"footnotes":""},"categories":[443],"tags":[4791,92,6333,18031],"class_list":{"0":"post-243086","1":"post","2":"type-post","3":"status-publish","4":"format-standard","5":"has-post-thumbnail","7":"category-farandula","8":"tag-carlucho","10":"tag-cubanos-en-espana","11":"tag-humorista-cubano"},"acf":[],"yoast_head":"<!-- This site is optimized with the Yoast SEO plugin v27.5 - https:\/\/yoast.com\/product\/yoast-seo-wordpress\/ -->\n<title>\u201cDedic\u00f3 10 a\u00f1os a hacerme feliz\u201d: La confesi\u00f3n de Carlucho sobre su vida sentimental - Cuballama Noticias<\/title>\n<meta name=\"description\" content=\"Humorista cubanos Carlucho habla por primera vez sobre los rumores de separaci\u00f3n de su esposa Lily desde Madrid.\" \/>\n<meta name=\"robots\" content=\"index, follow, max-snippet:-1, max-image-preview:large, max-video-preview:-1\" \/>\n<link rel=\"canonical\" href=\"https:\/\/www.cuballama.com\/noticias\/dedico-10-anos-a-hacerme-feliz-la-confesion-de-carlucho-sobre-su-vida-sentimental\/\" \/>\n<meta property=\"og:locale\" content=\"es_ES\" \/>\n<meta property=\"og:type\" content=\"article\" \/>\n<meta property=\"og:title\" content=\"\u201cDedic\u00f3 10 a\u00f1os a hacerme feliz\u201d: La confesi\u00f3n de Carlucho sobre su vida sentimental - Cuballama Noticias\" \/>\n<meta property=\"og:description\" content=\"Humorista cubanos Carlucho habla por primera vez sobre los rumores de separaci\u00f3n de su esposa Lily desde Madrid.\" \/>\n<meta property=\"og:url\" content=\"https:\/\/www.cuballama.com\/noticias\/dedico-10-anos-a-hacerme-feliz-la-confesion-de-carlucho-sobre-su-vida-sentimental\/\" \/>\n<meta property=\"og:site_name\" content=\"Cuballama Noticias\" \/>\n<meta property=\"article:publisher\" content=\"https:\/\/www.facebook.com\/CubaLlama\" \/>\n<meta property=\"article:published_time\" content=\"2026-05-01T15:12:12+00:00\" \/>\n<meta property=\"article:modified_time\" content=\"2026-05-01T15:12:14+00:00\" \/>\n<meta property=\"og:image\" content=\"https:\/\/cdn1.mediawpaccore.net\/wp-content\/uploads\/2026\/05\/01110738\/Captura-de-pantalla-2026-05-01-a-las-17.04.14.png\" \/>\n\t<meta property=\"og:image:width\" content=\"792\" \/>\n\t<meta property=\"og:image:height\" content=\"532\" \/>\n\t<meta property=\"og:image:type\" content=\"image\/png\" \/>\n<meta name=\"author\" content=\"Sof\u00eda Reyes\" \/>\n<meta name=\"twitter:card\" content=\"summary_large_image\" \/>\n<meta name=\"twitter:creator\" content=\"@cuballama\" \/>\n<meta name=\"twitter:site\" content=\"@cuballama\" \/>\n<meta name=\"twitter:label1\" content=\"Escrito por\" \/>\n\t<meta name=\"twitter:data1\" content=\"Sof\u00eda Reyes\" \/>\n\t<meta name=\"twitter:label2\" content=\"Tiempo de lectura\" \/>\n\t<meta name=\"twitter:data2\" content=\"3 minutos\" \/>\n<script type=\"application\/ld+json\" class=\"yoast-schema-graph\">{\"@context\":\"https:\\\/\\\/schema.org\",\"@graph\":[{\"@type\":\"Article\",\"@id\":\"https:\\\/\\\/www.cuballama.com\\\/noticias\\\/dedico-10-anos-a-hacerme-feliz-la-confesion-de-carlucho-sobre-su-vida-sentimental\\\/#article\",\"isPartOf\":{\"@id\":\"https:\\\/\\\/www.cuballama.com\\\/noticias\\\/dedico-10-anos-a-hacerme-feliz-la-confesion-de-carlucho-sobre-su-vida-sentimental\\\/\"},\"author\":{\"name\":\"Sof\u00eda Reyes\",\"@id\":\"https:\\\/\\\/www.cuballama.com\\\/noticias\\\/#\\\/schema\\\/person\\\/5cba2b8cc25a3159e49fe730a94d512e\"},\"headline\":\"\u201cDedic\u00f3 10 a\u00f1os a hacerme feliz\u201d: La confesi\u00f3n de Carlucho sobre su vida sentimental\",\"datePublished\":\"2026-05-01T15:12:12+00:00\",\"dateModified\":\"2026-05-01T15:12:14+00:00\",\"mainEntityOfPage\":{\"@id\":\"https:\\\/\\\/www.cuballama.com\\\/noticias\\\/dedico-10-anos-a-hacerme-feliz-la-confesion-de-carlucho-sobre-su-vida-sentimental\\\/\"},\"wordCount\":434,\"commentCount\":0,\"publisher\":{\"@id\":\"https:\\\/\\\/www.cuballama.com\\\/noticias\\\/#organization\"},\"image\":{\"@id\":\"https:\\\/\\\/www.cuballama.com\\\/noticias\\\/dedico-10-anos-a-hacerme-feliz-la-confesion-de-carlucho-sobre-su-vida-sentimental\\\/#primaryimage\"},\"thumbnailUrl\":\"https:\\\/\\\/cdn1.mediawpaccore.net\\\/wp-content\\\/uploads\\\/2026\\\/05\\\/01110738\\\/Captura-de-pantalla-2026-05-01-a-las-17.04.14.png\",\"keywords\":[\"Carlucho\",\"cubanos\",\"Cubanos en Espa\u00f1a\",\"humorista cubano\"],\"articleSection\":[\"Far\u00e1ndula\"],\"inLanguage\":\"es\",\"potentialAction\":[{\"@type\":\"CommentAction\",\"name\":\"Comment\",\"target\":[\"https:\\\/\\\/www.cuballama.com\\\/noticias\\\/dedico-10-anos-a-hacerme-feliz-la-confesion-de-carlucho-sobre-su-vida-sentimental\\\/#respond\"]}]},{\"@type\":\"WebPage\",\"@id\":\"https:\\\/\\\/www.cuballama.com\\\/noticias\\\/dedico-10-anos-a-hacerme-feliz-la-confesion-de-carlucho-sobre-su-vida-sentimental\\\/\",\"url\":\"https:\\\/\\\/www.cuballama.com\\\/noticias\\\/dedico-10-anos-a-hacerme-feliz-la-confesion-de-carlucho-sobre-su-vida-sentimental\\\/\",\"name\":\"\u201cDedic\u00f3 10 a\u00f1os a hacerme feliz\u201d: La confesi\u00f3n de Carlucho sobre su vida sentimental - Cuballama Noticias\",\"isPartOf\":{\"@id\":\"https:\\\/\\\/www.cuballama.com\\\/noticias\\\/#website\"},\"primaryImageOfPage\":{\"@id\":\"https:\\\/\\\/www.cuballama.com\\\/noticias\\\/dedico-10-anos-a-hacerme-feliz-la-confesion-de-carlucho-sobre-su-vida-sentimental\\\/#primaryimage\"},\"image\":{\"@id\":\"https:\\\/\\\/www.cuballama.com\\\/noticias\\\/dedico-10-anos-a-hacerme-feliz-la-confesion-de-carlucho-sobre-su-vida-sentimental\\\/#primaryimage\"},\"thumbnailUrl\":\"https:\\\/\\\/cdn1.mediawpaccore.net\\\/wp-content\\\/uploads\\\/2026\\\/05\\\/01110738\\\/Captura-de-pantalla-2026-05-01-a-las-17.04.14.png\",\"datePublished\":\"2026-05-01T15:12:12+00:00\",\"dateModified\":\"2026-05-01T15:12:14+00:00\",\"description\":\"Humorista cubanos Carlucho habla por primera vez sobre los rumores de separaci\u00f3n de su esposa Lily desde Madrid.\",\"breadcrumb\":{\"@id\":\"https:\\\/\\\/www.cuballama.com\\\/noticias\\\/dedico-10-anos-a-hacerme-feliz-la-confesion-de-carlucho-sobre-su-vida-sentimental\\\/#breadcrumb\"},\"inLanguage\":\"es\",\"potentialAction\":[{\"@type\":\"ReadAction\",\"target\":[\"https:\\\/\\\/www.cuballama.com\\\/noticias\\\/dedico-10-anos-a-hacerme-feliz-la-confesion-de-carlucho-sobre-su-vida-sentimental\\\/\"]}]},{\"@type\":\"ImageObject\",\"inLanguage\":\"es\",\"@id\":\"https:\\\/\\\/www.cuballama.com\\\/noticias\\\/dedico-10-anos-a-hacerme-feliz-la-confesion-de-carlucho-sobre-su-vida-sentimental\\\/#primaryimage\",\"url\":\"https:\\\/\\\/cdn1.mediawpaccore.net\\\/wp-content\\\/uploads\\\/2026\\\/05\\\/01110738\\\/Captura-de-pantalla-2026-05-01-a-las-17.04.14.png\",\"contentUrl\":\"https:\\\/\\\/cdn1.mediawpaccore.net\\\/wp-content\\\/uploads\\\/2026\\\/05\\\/01110738\\\/Captura-de-pantalla-2026-05-01-a-las-17.04.14.png\",\"width\":792,\"height\":532,\"caption\":\"Foto tomada del perfil de Instagram de Carlucho\"},{\"@type\":\"BreadcrumbList\",\"@id\":\"https:\\\/\\\/www.cuballama.com\\\/noticias\\\/dedico-10-anos-a-hacerme-feliz-la-confesion-de-carlucho-sobre-su-vida-sentimental\\\/#breadcrumb\",\"itemListElement\":[{\"@type\":\"ListItem\",\"position\":1,\"name\":\"Home\",\"item\":\"https:\\\/\\\/www.cuballama.com\\\/noticias\\\/\"},{\"@type\":\"ListItem\",\"position\":2,\"name\":\"\u201cDedic\u00f3 10 a\u00f1os a hacerme feliz\u201d: La confesi\u00f3n de Carlucho sobre su vida sentimental\"}]},{\"@type\":\"WebSite\",\"@id\":\"https:\\\/\\\/www.cuballama.com\\\/noticias\\\/#website\",\"url\":\"https:\\\/\\\/www.cuballama.com\\\/noticias\\\/\",\"name\":\"Cuballama Noticias\",\"description\":\"Medio digital sobre Cuba y el mundo\",\"publisher\":{\"@id\":\"https:\\\/\\\/www.cuballama.com\\\/noticias\\\/#organization\"},\"potentialAction\":[{\"@type\":\"SearchAction\",\"target\":{\"@type\":\"EntryPoint\",\"urlTemplate\":\"https:\\\/\\\/www.cuballama.com\\\/noticias\\\/?s={search_term_string}\"},\"query-input\":{\"@type\":\"PropertyValueSpecification\",\"valueRequired\":true,\"valueName\":\"search_term_string\"}}],\"inLanguage\":\"es\"},{\"@type\":\"Organization\",\"@id\":\"https:\\\/\\\/www.cuballama.com\\\/noticias\\\/#organization\",\"name\":\"Cuballama\",\"url\":\"https:\\\/\\\/www.cuballama.com\\\/noticias\\\/\",\"logo\":{\"@type\":\"ImageObject\",\"inLanguage\":\"es\",\"@id\":\"https:\\\/\\\/www.cuballama.com\\\/noticias\\\/#\\\/schema\\\/logo\\\/image\\\/\",\"url\":\"https:\\\/\\\/cdn1.mediawpaccore.net\\\/wp-content\\\/uploads\\\/2021\\\/12\\\/28171206\\\/cbll-logo-color-sm.png\",\"contentUrl\":\"https:\\\/\\\/cdn1.mediawpaccore.net\\\/wp-content\\\/uploads\\\/2021\\\/12\\\/28171206\\\/cbll-logo-color-sm.png\",\"width\":600,\"height\":133,\"caption\":\"Cuballama\"},\"image\":{\"@id\":\"https:\\\/\\\/www.cuballama.com\\\/noticias\\\/#\\\/schema\\\/logo\\\/image\\\/\"},\"sameAs\":[\"https:\\\/\\\/www.facebook.com\\\/CubaLlama\",\"https:\\\/\\\/x.com\\\/cuballama\",\"https:\\\/\\\/www.instagram.com\\\/stories\\\/cuballama_oficial\\\/\",\"https:\\\/\\\/www.youtube.com\\\/channel\\\/UCKkFE-d_axENGZcrc4as0IA\"]},{\"@type\":\"Person\",\"@id\":\"https:\\\/\\\/www.cuballama.com\\\/noticias\\\/#\\\/schema\\\/person\\\/5cba2b8cc25a3159e49fe730a94d512e\",\"name\":\"Sof\u00eda Reyes\",\"url\":\"https:\\\/\\\/www.cuballama.com\\\/noticias\\\/author\\\/laura\\\/\"}]}<\/script>\n<!-- \/ Yoast SEO plugin. -->","yoast_head_json":{"title":"\u201cDedic\u00f3 10 a\u00f1os a hacerme feliz\u201d: La confesi\u00f3n de Carlucho sobre su vida sentimental - Cuballama Noticias","description":"Humorista cubanos Carlucho habla por primera vez sobre los rumores de separaci\u00f3n de su esposa Lily desde Madrid.","robots":{"index":"index","follow":"follow","max-snippet":"max-snippet:-1","max-image-preview":"max-image-preview:large","max-video-preview":"max-video-preview:-1"},"canonical":"https:\/\/www.cuballama.com\/noticias\/dedico-10-anos-a-hacerme-feliz-la-confesion-de-carlucho-sobre-su-vida-sentimental\/","og_locale":"es_ES","og_type":"article","og_title":"\u201cDedic\u00f3 10 a\u00f1os a hacerme feliz\u201d: La confesi\u00f3n de Carlucho sobre su vida sentimental - Cuballama Noticias","og_description":"Humorista cubanos Carlucho habla por primera vez sobre los rumores de separaci\u00f3n de su esposa Lily desde Madrid.","og_url":"https:\/\/www.cuballama.com\/noticias\/dedico-10-anos-a-hacerme-feliz-la-confesion-de-carlucho-sobre-su-vida-sentimental\/","og_site_name":"Cuballama Noticias","article_publisher":"https:\/\/www.facebook.com\/CubaLlama","article_published_time":"2026-05-01T15:12:12+00:00","article_modified_time":"2026-05-01T15:12:14+00:00","og_image":[{"width":792,"height":532,"url":"https:\/\/cdn1.mediawpaccore.net\/wp-content\/uploads\/2026\/05\/01110738\/Captura-de-pantalla-2026-05-01-a-las-17.04.14.png","type":"image\/png"}],"author":"Sof\u00eda Reyes","twitter_card":"summary_large_image","twitter_creator":"@cuballama","twitter_site":"@cuballama","twitter_misc":{"Escrito por":"Sof\u00eda Reyes","Tiempo de lectura":"3 minutos"},"schema":{"@context":"https:\/\/schema.org","@graph":[{"@type":"Article","@id":"https:\/\/www.cuballama.com\/noticias\/dedico-10-anos-a-hacerme-feliz-la-confesion-de-carlucho-sobre-su-vida-sentimental\/#article","isPartOf":{"@id":"https:\/\/www.cuballama.com\/noticias\/dedico-10-anos-a-hacerme-feliz-la-confesion-de-carlucho-sobre-su-vida-sentimental\/"},"author":{"name":"Sof\u00eda Reyes","@id":"https:\/\/www.cuballama.com\/noticias\/#\/schema\/person\/5cba2b8cc25a3159e49fe730a94d512e"},"headline":"\u201cDedic\u00f3 10 a\u00f1os a hacerme feliz\u201d: La confesi\u00f3n de Carlucho sobre su vida sentimental","datePublished":"2026-05-01T15:12:12+00:00","dateModified":"2026-05-01T15:12:14+00:00","mainEntityOfPage":{"@id":"https:\/\/www.cuballama.com\/noticias\/dedico-10-anos-a-hacerme-feliz-la-confesion-de-carlucho-sobre-su-vida-sentimental\/"},"wordCount":434,"commentCount":0,"publisher":{"@id":"https:\/\/www.cuballama.com\/noticias\/#organization"},"image":{"@id":"https:\/\/www.cuballama.com\/noticias\/dedico-10-anos-a-hacerme-feliz-la-confesion-de-carlucho-sobre-su-vida-sentimental\/#primaryimage"},"thumbnailUrl":"https:\/\/cdn1.mediawpaccore.net\/wp-content\/uploads\/2026\/05\/01110738\/Captura-de-pantalla-2026-05-01-a-las-17.04.14.png","keywords":["Carlucho","cubanos","Cubanos en Espa\u00f1a","humorista cubano"],"articleSection":["Far\u00e1ndula"],"inLanguage":"es","potentialAction":[{"@type":"CommentAction","name":"Comment","target":["https:\/\/www.cuballama.com\/noticias\/dedico-10-anos-a-hacerme-feliz-la-confesion-de-carlucho-sobre-su-vida-sentimental\/#respond"]}]},{"@type":"WebPage","@id":"https:\/\/www.cuballama.com\/noticias\/dedico-10-anos-a-hacerme-feliz-la-confesion-de-carlucho-sobre-su-vida-sentimental\/","url":"https:\/\/www.cuballama.com\/noticias\/dedico-10-anos-a-hacerme-feliz-la-confesion-de-carlucho-sobre-su-vida-sentimental\/","name":"\u201cDedic\u00f3 10 a\u00f1os a hacerme feliz\u201d: La confesi\u00f3n de Carlucho sobre su vida sentimental - Cuballama Noticias","isPartOf":{"@id":"https:\/\/www.cuballama.com\/noticias\/#website"},"primaryImageOfPage":{"@id":"https:\/\/www.cuballama.com\/noticias\/dedico-10-anos-a-hacerme-feliz-la-confesion-de-carlucho-sobre-su-vida-sentimental\/#primaryimage"},"image":{"@id":"https:\/\/www.cuballama.com\/noticias\/dedico-10-anos-a-hacerme-feliz-la-confesion-de-carlucho-sobre-su-vida-sentimental\/#primaryimage"},"thumbnailUrl":"https:\/\/cdn1.mediawpaccore.net\/wp-content\/uploads\/2026\/05\/01110738\/Captura-de-pantalla-2026-05-01-a-las-17.04.14.png","datePublished":"2026-05-01T15:12:12+00:00","dateModified":"2026-05-01T15:12:14+00:00","description":"Humorista cubanos Carlucho habla por primera vez sobre los rumores de separaci\u00f3n de su esposa Lily desde Madrid.","breadcrumb":{"@id":"https:\/\/www.cuballama.com\/noticias\/dedico-10-anos-a-hacerme-feliz-la-confesion-de-carlucho-sobre-su-vida-sentimental\/#breadcrumb"},"inLanguage":"es","potentialAction":[{"@type":"ReadAction","target":["https:\/\/www.cuballama.com\/noticias\/dedico-10-anos-a-hacerme-feliz-la-confesion-de-carlucho-sobre-su-vida-sentimental\/"]}]},{"@type":"ImageObject","inLanguage":"es","@id":"https:\/\/www.cuballama.com\/noticias\/dedico-10-anos-a-hacerme-feliz-la-confesion-de-carlucho-sobre-su-vida-sentimental\/#primaryimage","url":"https:\/\/cdn1.mediawpaccore.net\/wp-content\/uploads\/2026\/05\/01110738\/Captura-de-pantalla-2026-05-01-a-las-17.04.14.png","contentUrl":"https:\/\/cdn1.mediawpaccore.net\/wp-content\/uploads\/2026\/05\/01110738\/Captura-de-pantalla-2026-05-01-a-las-17.04.14.png","width":792,"height":532,"caption":"Foto tomada del perfil de Instagram de Carlucho"},{"@type":"BreadcrumbList","@id":"https:\/\/www.cuballama.com\/noticias\/dedico-10-anos-a-hacerme-feliz-la-confesion-de-carlucho-sobre-su-vida-sentimental\/#breadcrumb","itemListElement":[{"@type":"ListItem","position":1,"name":"Home","item":"https:\/\/www.cuballama.com\/noticias\/"},{"@type":"ListItem","position":2,"name":"\u201cDedic\u00f3 10 a\u00f1os a hacerme feliz\u201d: La confesi\u00f3n de Carlucho sobre su vida sentimental"}]},{"@type":"WebSite","@id":"https:\/\/www.cuballama.com\/noticias\/#website","url":"https:\/\/www.cuballama.com\/noticias\/","name":"Cuballama Noticias","description":"Medio digital sobre Cuba y el mundo","publisher":{"@id":"https:\/\/www.cuballama.com\/noticias\/#organization"},"potentialAction":[{"@type":"SearchAction","target":{"@type":"EntryPoint","urlTemplate":"https:\/\/www.cuballama.com\/noticias\/?s={search_term_string}"},"query-input":{"@type":"PropertyValueSpecification","valueRequired":true,"valueName":"search_term_string"}}],"inLanguage":"es"},{"@type":"Organization","@id":"https:\/\/www.cuballama.com\/noticias\/#organization","name":"Cuballama","url":"https:\/\/www.cuballama.com\/noticias\/","logo":{"@type":"ImageObject","inLanguage":"es","@id":"https:\/\/www.cuballama.com\/noticias\/#\/schema\/logo\/image\/","url":"https:\/\/cdn1.mediawpaccore.net\/wp-content\/uploads\/2021\/12\/28171206\/cbll-logo-color-sm.png","contentUrl":"https:\/\/cdn1.mediawpaccore.net\/wp-content\/uploads\/2021\/12\/28171206\/cbll-logo-color-sm.png","width":600,"height":133,"caption":"Cuballama"},"image":{"@id":"https:\/\/www.cuballama.com\/noticias\/#\/schema\/logo\/image\/"},"sameAs":["https:\/\/www.facebook.com\/CubaLlama","https:\/\/x.com\/cuballama","https:\/\/www.instagram.com\/stories\/cuballama_oficial\/","https:\/\/www.youtube.com\/channel\/UCKkFE-d_axENGZcrc4as0IA"]},{"@type":"Person","@id":"https:\/\/www.cuballama.com\/noticias\/#\/schema\/person\/5cba2b8cc25a3159e49fe730a94d512e","name":"Sof\u00eda Reyes","url":"https:\/\/www.cuballama.com\/noticias\/author\/laura\/"}]}},"_links":{"self":[{"href":"https:\/\/www.cuballama.com\/noticias\/wp-json\/wp\/v2\/posts\/243086","targetHints":{"allow":["GET"]}}],"collection":[{"href":"https:\/\/www.cuballama.com\/noticias\/wp-json\/wp\/v2\/posts"}],"about":[{"href":"https:\/\/www.cuballama.com\/noticias\/wp-json\/wp\/v2\/types\/post"}],"author":[{"embeddable":true,"href":"https:\/\/www.cuballama.com\/noticias\/wp-json\/wp\/v2\/users\/29"}],"replies":[{"embeddable":true,"href":"https:\/\/www.cuballama.com\/noticias\/wp-json\/wp\/v2\/comments?post=243086"}],"version-history":[{"count":3,"href":"https:\/\/www.cuballama.com\/noticias\/wp-json\/wp\/v2\/posts\/243086\/revisions"}],"predecessor-version":[{"id":243153,"href":"https:\/\/www.cuballama.com\/noticias\/wp-json\/wp\/v2\/posts\/243086\/revisions\/243153"}],"wp:featuredmedia":[{"embeddable":true,"href":"https:\/\/www.cuballama.com\/noticias\/wp-json\/wp\/v2\/media\/243152"}],"wp:attachment":[{"href":"https:\/\/www.cuballama.com\/noticias\/wp-json\/wp\/v2\/media?parent=243086"}],"wp:term":[{"taxonomy":"category","embeddable":true,"href":"https:\/\/www.cuballama.com\/noticias\/wp-json\/wp\/v2\/categories?post=243086"},{"taxonomy":"post_tag","embeddable":true,"href":"https:\/\/www.cuballama.com\/noticias\/wp-json\/wp\/v2\/tags?post=243086"}],"curies":[{"name":"wp","href":"https:\/\/api.w.org\/{rel}","templated":true}]}}