{"id":243084,"date":"2026-05-01T11:45:11","date_gmt":"2026-05-01T15:45:11","guid":{"rendered":"https:\/\/www.cuballama.com\/noticias\/?p=243084"},"modified":"2026-05-01T11:45:14","modified_gmt":"2026-05-01T15:45:14","slug":"pura-magia-samantha-espineira-deslumbra-con-su-sesion-de-fotos-renaciendo","status":"publish","type":"post","link":"https:\/\/www.cuballama.com\/noticias\/pura-magia-samantha-espineira-deslumbra-con-su-sesion-de-fotos-renaciendo\/","title":{"rendered":"\u00a1Pura magia! Samantha Espineira deslumbra con su sesi\u00f3n de fotos \u00abRenaciendo\u00bb"},"content":{"rendered":"\n<p>La \u00abgolden hour\u00bb de Miami parece haber sido dise\u00f1ada exclusivamente para ella. <strong>Samantha Espineira<\/strong>, una de las reinas indiscutibles del Instagram cubano, ha vuelto a paralizar las redes sociales con una entrega fotogr\u00e1fica que muchos ya califican como \u00abpoes\u00eda visual\u00bb. En esta ocasi\u00f3n, la maternidad es la musa de una sesi\u00f3n que irradia paz, luz y una est\u00e9tica tropical impecable.<\/p>\n\n\n\n<p>Bajo el sugerente t\u00edtulo de <strong>\u00abRenaciendo\u00bb<\/strong>, la influencer comparti\u00f3 un carrusel de cinco instant\u00e1neas que capturan la esencia de su gestaci\u00f3n. El escenario no pod\u00eda ser m\u00e1s id\u00edlico: un entorno natural ba\u00f1ado por la luz del atardecer donde Samantha, descalza y luciendo un vaporoso vestido blanco de hombros ca\u00eddos, posa junto a un imponente caballo blanco tordo. El decorado se complet\u00f3 con cestas de mimbre rebosantes de flores en gamas de blanco y amarillo, creando una atm\u00f3sfera de pureza absoluta.<\/p>\n\n\n\n<blockquote class=\"instagram-media\" data-instgrm-captioned data-instgrm-permalink=\"https:\/\/www.instagram.com\/p\/DXu6JXODU82\/?utm_source=ig_embed&amp;utm_campaign=loading\" data-instgrm-version=\"14\" style=\" background:#FFF; border:0; border-radius:3px; box-shadow:0 0 1px 0 rgba(0,0,0,0.5),0 1px 10px 0 rgba(0,0,0,0.15); margin: 1px; max-width:540px; min-width:326px; padding:0; width:99.375%; width:-webkit-calc(100% - 2px); width:calc(100% - 2px);\"><div style=\"padding:16px;\"> <a href=\"https:\/\/www.instagram.com\/p\/DXu6JXODU82\/?utm_source=ig_embed&amp;utm_campaign=loading\" style=\" background:#FFFFFF; line-height:0; padding:0 0; text-align:center; text-decoration:none; width:100%;\" target=\"_blank\"> <div style=\" display: flex; flex-direction: row; align-items: center;\"> <div style=\"background-color: #F4F4F4; border-radius: 50%; flex-grow: 0; height: 40px; margin-right: 14px; width: 40px;\"><\/div> <div style=\"display: flex; flex-direction: column; flex-grow: 1; justify-content: center;\"> <div style=\" background-color: #F4F4F4; border-radius: 4px; flex-grow: 0; height: 14px; margin-bottom: 6px; width: 100px;\"><\/div> <div style=\" background-color: #F4F4F4; border-radius: 4px; flex-grow: 0; height: 14px; width: 60px;\"><\/div><\/div><\/div><div style=\"padding: 19% 0;\"><\/div> <div style=\"display:block; height:50px; margin:0 auto 12px; width:50px;\"><svg width=\"50px\" height=\"50px\" viewBox=\"0 0 60 60\" version=\"1.1\" xmlns=\"https:\/\/www.w3.org\/2000\/svg\" xmlns:xlink=\"https:\/\/www.w3.org\/1999\/xlink\"><g stroke=\"none\" stroke-width=\"1\" fill=\"none\" fill-rule=\"evenodd\"><g transform=\"translate(-511.000000, -20.000000)\" fill=\"#000000\"><g><path d=\"M556.869,30.41 C554.814,30.41 553.148,32.076 553.148,34.131 C553.148,36.186 554.814,37.852 556.869,37.852 C558.924,37.852 560.59,36.186 560.59,34.131 C560.59,32.076 558.924,30.41 556.869,30.41 M541,60.657 C535.114,60.657 530.342,55.887 530.342,50 C530.342,44.114 535.114,39.342 541,39.342 C546.887,39.342 551.658,44.114 551.658,50 C551.658,55.887 546.887,60.657 541,60.657 M541,33.886 C532.1,33.886 524.886,41.1 524.886,50 C524.886,58.899 532.1,66.113 541,66.113 C549.9,66.113 557.115,58.899 557.115,50 C557.115,41.1 549.9,33.886 541,33.886 M565.378,62.101 C565.244,65.022 564.756,66.606 564.346,67.663 C563.803,69.06 563.154,70.057 562.106,71.106 C561.058,72.155 560.06,72.803 558.662,73.347 C557.607,73.757 556.021,74.244 553.102,74.378 C549.944,74.521 548.997,74.552 541,74.552 C533.003,74.552 532.056,74.521 528.898,74.378 C525.979,74.244 524.393,73.757 523.338,73.347 C521.94,72.803 520.942,72.155 519.894,71.106 C518.846,70.057 518.197,69.06 517.654,67.663 C517.244,66.606 516.755,65.022 516.623,62.101 C516.479,58.943 516.448,57.996 516.448,50 C516.448,42.003 516.479,41.056 516.623,37.899 C516.755,34.978 517.244,33.391 517.654,32.338 C518.197,30.938 518.846,29.942 519.894,28.894 C520.942,27.846 521.94,27.196 523.338,26.654 C524.393,26.244 525.979,25.756 528.898,25.623 C532.057,25.479 533.004,25.448 541,25.448 C548.997,25.448 549.943,25.479 553.102,25.623 C556.021,25.756 557.607,26.244 558.662,26.654 C560.06,27.196 561.058,27.846 562.106,28.894 C563.154,29.942 563.803,30.938 564.346,32.338 C564.756,33.391 565.244,34.978 565.378,37.899 C565.522,41.056 565.552,42.003 565.552,50 C565.552,57.996 565.522,58.943 565.378,62.101 M570.82,37.631 C570.674,34.438 570.167,32.258 569.425,30.349 C568.659,28.377 567.633,26.702 565.965,25.035 C564.297,23.368 562.623,22.342 560.652,21.575 C558.743,20.834 556.562,20.326 553.369,20.18 C550.169,20.033 549.148,20 541,20 C532.853,20 531.831,20.033 528.631,20.18 C525.438,20.326 523.257,20.834 521.349,21.575 C519.376,22.342 517.703,23.368 516.035,25.035 C514.368,26.702 513.342,28.377 512.574,30.349 C511.834,32.258 511.326,34.438 511.181,37.631 C511.035,40.831 511,41.851 511,50 C511,58.147 511.035,59.17 511.181,62.369 C511.326,65.562 511.834,67.743 512.574,69.651 C513.342,71.625 514.368,73.296 516.035,74.965 C517.703,76.634 519.376,77.658 521.349,78.425 C523.257,79.167 525.438,79.673 528.631,79.82 C531.831,79.965 532.853,80.001 541,80.001 C549.148,80.001 550.169,79.965 553.369,79.82 C556.562,79.673 558.743,79.167 560.652,78.425 C562.623,77.658 564.297,76.634 565.965,74.965 C567.633,73.296 568.659,71.625 569.425,69.651 C570.167,67.743 570.674,65.562 570.82,62.369 C570.966,59.17 571,58.147 571,50 C571,41.851 570.966,40.831 570.82,37.631\"><\/path><\/g><\/g><\/g><\/svg><\/div><div style=\"padding-top: 8px;\"> <div style=\" color:#3897f0; font-family:Arial,sans-serif; font-size:14px; font-style:normal; font-weight:550; line-height:18px;\">Ver esta publicaci\u00f3n en Instagram<\/div><\/div><div style=\"padding: 12.5% 0;\"><\/div> <div style=\"display: flex; flex-direction: row; margin-bottom: 14px; align-items: center;\"><div> <div style=\"background-color: #F4F4F4; border-radius: 50%; height: 12.5px; width: 12.5px; transform: translateX(0px) translateY(7px);\"><\/div> <div style=\"background-color: #F4F4F4; height: 12.5px; transform: rotate(-45deg) translateX(3px) translateY(1px); width: 12.5px; flex-grow: 0; margin-right: 14px; margin-left: 2px;\"><\/div> <div style=\"background-color: #F4F4F4; border-radius: 50%; height: 12.5px; width: 12.5px; transform: translateX(9px) translateY(-18px);\"><\/div><\/div><div style=\"margin-left: 8px;\"> <div style=\" background-color: #F4F4F4; border-radius: 50%; flex-grow: 0; height: 20px; width: 20px;\"><\/div> <div style=\" width: 0; height: 0; border-top: 2px solid transparent; border-left: 6px solid #f4f4f4; border-bottom: 2px solid transparent; transform: translateX(16px) translateY(-4px) rotate(30deg)\"><\/div><\/div><div style=\"margin-left: auto;\"> <div style=\" width: 0px; border-top: 8px solid #F4F4F4; border-right: 8px solid transparent; transform: translateY(16px);\"><\/div> <div style=\" background-color: #F4F4F4; flex-grow: 0; height: 12px; width: 16px; transform: translateY(-4px);\"><\/div> <div style=\" width: 0; height: 0; border-top: 8px solid #F4F4F4; border-left: 8px solid transparent; transform: translateY(-4px) translateX(8px);\"><\/div><\/div><\/div> <div style=\"display: flex; flex-direction: column; flex-grow: 1; justify-content: center; margin-bottom: 24px;\"> <div style=\" background-color: #F4F4F4; border-radius: 4px; flex-grow: 0; height: 14px; margin-bottom: 6px; width: 224px;\"><\/div> <div style=\" background-color: #F4F4F4; border-radius: 4px; flex-grow: 0; height: 14px; width: 144px;\"><\/div><\/div><\/a><p style=\" color:#c9c8cd; font-family:Arial,sans-serif; font-size:14px; line-height:17px; margin-bottom:0; margin-top:8px; overflow:hidden; padding:8px 0 7px; text-align:center; text-overflow:ellipsis; white-space:nowrap;\"><a href=\"https:\/\/www.instagram.com\/p\/DXu6JXODU82\/?utm_source=ig_embed&amp;utm_campaign=loading\" style=\" color:#c9c8cd; font-family:Arial,sans-serif; font-size:14px; font-style:normal; font-weight:normal; line-height:17px; text-decoration:none;\" target=\"_blank\">Una publicaci\u00f3n compartida de SAMANTHA ESPINEIRA (@samantha_espineira)<\/a><\/p><\/div><\/blockquote>\n<script async src=\"\/\/www.instagram.com\/embed.js\"><\/script>\n\n\n\n<p>La reacci\u00f3n de su comunidad de m\u00e1s de un mill\u00f3n de seguidores fue inmediata. Entre los cientos de elogios, destacaron frases como: <strong>\u00abla embarazada m\u00e1s hermosa\u00bb<\/strong>, <strong>\u00abbellas todas las fotos, eres un mu\u00f1eca\u00bb<\/strong> y <strong>\u00abbella, sus fotos s\u00faper puras\u00bb<\/strong>. En una de las tomas m\u00e1s aplaudidas, se ve a la joven tocando su vientre con una sonrisa que delata el gran momento personal que atraviesa.<\/p>\n\n\n\n<p>Esta producci\u00f3n es solo una pieza m\u00e1s del hermoso rompecabezas que Samantha ha ido armando desde que anunci\u00f3 que ser\u00eda madre el pasado D\u00eda Internacional de la Mujer. Junto a su pareja, <strong>Norlen Serra<\/strong>, compartieron un video que ya es ic\u00f3nico, donde aparec\u00edan de blanco sosteniendo un diario personalizado con el titular: <strong><a href=\"https:\/\/www.cuballama.com\/noticias\/han-sido-meses-grabando-cada-detalle-samantha-espineira-revela-los-momentos-mas-especiales-de-su-embarazo\/\" type=\"link\" id=\"https:\/\/www.cuballama.com\/noticias\/han-sido-meses-grabando-cada-detalle-samantha-espineira-revela-los-momentos-mas-especiales-de-su-embarazo\/\" target=\"_blank\" rel=\"noreferrer noopener\">\u00abBaby Serra is on the way!\u00bb<\/a><\/strong>.<\/p>\n\n\n\n<p>Radicada en la Ciudad del Sol desde 2022, Samantha ha sabido transformar su perfil en un diario abierto de emociones. Con esta nueva sesi\u00f3n, reafirma por qu\u00e9 es una de las figuras digitales m\u00e1s queridas, logrando que cada publicaci\u00f3n sobre su beb\u00e9 se convierta en un evento social para la comunidad cubana en el exterior.<\/p>\n","protected":false},"excerpt":{"rendered":"<p>La influencer cubana Samantha Espineira revoluciona las redes con una sesi\u00f3n de fotos art\u00edstica titulada \u00abRenaciendo\u00bb.<\/p>\n","protected":false},"author":29,"featured_media":243169,"comment_status":"open","ping_status":"closed","sticky":false,"template":"","format":"standard","meta":{"_acf_changed":false,"footnotes":""},"categories":[443],"tags":[92,11050,7800,16459],"class_list":{"0":"post-243084","1":"post","2":"type-post","3":"status-publish","4":"format-standard","5":"has-post-thumbnail","7":"category-farandula","8":"tag-cubanos","9":"tag-cubanos-en-miami","10":"tag-embarazo","11":"tag-samantha-espineira"},"acf":[],"yoast_head":"<!-- This site is optimized with the Yoast SEO plugin v27.5 - https:\/\/yoast.com\/product\/yoast-seo-wordpress\/ -->\n<title>\u00a1Pura magia! Samantha Espineira deslumbra con su sesi\u00f3n de fotos &quot;Renaciendo&quot; - Cuballama Noticias<\/title>\n<meta name=\"description\" content=\"La influencer cubana Samantha Espineira revoluciona las redes con una sesi\u00f3n de fotos art\u00edstica titulada \u00abRenaciendo\u00bb.\" \/>\n<meta name=\"robots\" content=\"index, follow, max-snippet:-1, max-image-preview:large, max-video-preview:-1\" \/>\n<link rel=\"canonical\" href=\"https:\/\/www.cuballama.com\/noticias\/pura-magia-samantha-espineira-deslumbra-con-su-sesion-de-fotos-renaciendo\/\" \/>\n<meta property=\"og:locale\" content=\"es_ES\" \/>\n<meta property=\"og:type\" content=\"article\" \/>\n<meta property=\"og:title\" content=\"\u00a1Pura magia! Samantha Espineira deslumbra con su sesi\u00f3n de fotos &quot;Renaciendo&quot; - Cuballama Noticias\" \/>\n<meta property=\"og:description\" content=\"La influencer cubana Samantha Espineira revoluciona las redes con una sesi\u00f3n de fotos art\u00edstica titulada \u00abRenaciendo\u00bb.\" \/>\n<meta property=\"og:url\" content=\"https:\/\/www.cuballama.com\/noticias\/pura-magia-samantha-espineira-deslumbra-con-su-sesion-de-fotos-renaciendo\/\" \/>\n<meta property=\"og:site_name\" content=\"Cuballama Noticias\" \/>\n<meta property=\"article:publisher\" content=\"https:\/\/www.facebook.com\/CubaLlama\" \/>\n<meta property=\"article:published_time\" content=\"2026-05-01T15:45:11+00:00\" \/>\n<meta property=\"article:modified_time\" content=\"2026-05-01T15:45:14+00:00\" \/>\n<meta property=\"og:image\" content=\"https:\/\/cdn1.mediawpaccore.net\/wp-content\/uploads\/2026\/05\/01114153\/Diseno-sin-titulo-150-1024x589.png\" \/>\n\t<meta property=\"og:image:width\" content=\"1024\" \/>\n\t<meta property=\"og:image:height\" content=\"589\" \/>\n\t<meta property=\"og:image:type\" content=\"image\/png\" \/>\n<meta name=\"author\" content=\"Sof\u00eda Reyes\" \/>\n<meta name=\"twitter:card\" content=\"summary_large_image\" \/>\n<meta name=\"twitter:creator\" content=\"@cuballama\" \/>\n<meta name=\"twitter:site\" content=\"@cuballama\" \/>\n<meta name=\"twitter:label1\" content=\"Escrito por\" \/>\n\t<meta name=\"twitter:data1\" content=\"Sof\u00eda Reyes\" \/>\n\t<meta name=\"twitter:label2\" content=\"Tiempo de lectura\" \/>\n\t<meta name=\"twitter:data2\" content=\"2 minutos\" \/>\n<script type=\"application\/ld+json\" class=\"yoast-schema-graph\">{\"@context\":\"https:\\\/\\\/schema.org\",\"@graph\":[{\"@type\":\"Article\",\"@id\":\"https:\\\/\\\/www.cuballama.com\\\/noticias\\\/pura-magia-samantha-espineira-deslumbra-con-su-sesion-de-fotos-renaciendo\\\/#article\",\"isPartOf\":{\"@id\":\"https:\\\/\\\/www.cuballama.com\\\/noticias\\\/pura-magia-samantha-espineira-deslumbra-con-su-sesion-de-fotos-renaciendo\\\/\"},\"author\":{\"name\":\"Sof\u00eda Reyes\",\"@id\":\"https:\\\/\\\/www.cuballama.com\\\/noticias\\\/#\\\/schema\\\/person\\\/5cba2b8cc25a3159e49fe730a94d512e\"},\"headline\":\"\u00a1Pura magia! Samantha Espineira deslumbra con su sesi\u00f3n de fotos \u00abRenaciendo\u00bb\",\"datePublished\":\"2026-05-01T15:45:11+00:00\",\"dateModified\":\"2026-05-01T15:45:14+00:00\",\"mainEntityOfPage\":{\"@id\":\"https:\\\/\\\/www.cuballama.com\\\/noticias\\\/pura-magia-samantha-espineira-deslumbra-con-su-sesion-de-fotos-renaciendo\\\/\"},\"wordCount\":375,\"commentCount\":0,\"publisher\":{\"@id\":\"https:\\\/\\\/www.cuballama.com\\\/noticias\\\/#organization\"},\"image\":{\"@id\":\"https:\\\/\\\/www.cuballama.com\\\/noticias\\\/pura-magia-samantha-espineira-deslumbra-con-su-sesion-de-fotos-renaciendo\\\/#primaryimage\"},\"thumbnailUrl\":\"https:\\\/\\\/cdn1.mediawpaccore.net\\\/wp-content\\\/uploads\\\/2026\\\/05\\\/01114153\\\/Diseno-sin-titulo-150.png\",\"keywords\":[\"cubanos\",\"cubanos en Miami\",\"embarazo\",\"Samantha Espineira\"],\"articleSection\":[\"Far\u00e1ndula\"],\"inLanguage\":\"es\",\"potentialAction\":[{\"@type\":\"CommentAction\",\"name\":\"Comment\",\"target\":[\"https:\\\/\\\/www.cuballama.com\\\/noticias\\\/pura-magia-samantha-espineira-deslumbra-con-su-sesion-de-fotos-renaciendo\\\/#respond\"]}]},{\"@type\":\"WebPage\",\"@id\":\"https:\\\/\\\/www.cuballama.com\\\/noticias\\\/pura-magia-samantha-espineira-deslumbra-con-su-sesion-de-fotos-renaciendo\\\/\",\"url\":\"https:\\\/\\\/www.cuballama.com\\\/noticias\\\/pura-magia-samantha-espineira-deslumbra-con-su-sesion-de-fotos-renaciendo\\\/\",\"name\":\"\u00a1Pura magia! Samantha Espineira deslumbra con su sesi\u00f3n de fotos \\\"Renaciendo\\\" - Cuballama Noticias\",\"isPartOf\":{\"@id\":\"https:\\\/\\\/www.cuballama.com\\\/noticias\\\/#website\"},\"primaryImageOfPage\":{\"@id\":\"https:\\\/\\\/www.cuballama.com\\\/noticias\\\/pura-magia-samantha-espineira-deslumbra-con-su-sesion-de-fotos-renaciendo\\\/#primaryimage\"},\"image\":{\"@id\":\"https:\\\/\\\/www.cuballama.com\\\/noticias\\\/pura-magia-samantha-espineira-deslumbra-con-su-sesion-de-fotos-renaciendo\\\/#primaryimage\"},\"thumbnailUrl\":\"https:\\\/\\\/cdn1.mediawpaccore.net\\\/wp-content\\\/uploads\\\/2026\\\/05\\\/01114153\\\/Diseno-sin-titulo-150.png\",\"datePublished\":\"2026-05-01T15:45:11+00:00\",\"dateModified\":\"2026-05-01T15:45:14+00:00\",\"description\":\"La influencer cubana Samantha Espineira revoluciona las redes con una sesi\u00f3n de fotos art\u00edstica titulada \u00abRenaciendo\u00bb.\",\"breadcrumb\":{\"@id\":\"https:\\\/\\\/www.cuballama.com\\\/noticias\\\/pura-magia-samantha-espineira-deslumbra-con-su-sesion-de-fotos-renaciendo\\\/#breadcrumb\"},\"inLanguage\":\"es\",\"potentialAction\":[{\"@type\":\"ReadAction\",\"target\":[\"https:\\\/\\\/www.cuballama.com\\\/noticias\\\/pura-magia-samantha-espineira-deslumbra-con-su-sesion-de-fotos-renaciendo\\\/\"]}]},{\"@type\":\"ImageObject\",\"inLanguage\":\"es\",\"@id\":\"https:\\\/\\\/www.cuballama.com\\\/noticias\\\/pura-magia-samantha-espineira-deslumbra-con-su-sesion-de-fotos-renaciendo\\\/#primaryimage\",\"url\":\"https:\\\/\\\/cdn1.mediawpaccore.net\\\/wp-content\\\/uploads\\\/2026\\\/05\\\/01114153\\\/Diseno-sin-titulo-150.png\",\"contentUrl\":\"https:\\\/\\\/cdn1.mediawpaccore.net\\\/wp-content\\\/uploads\\\/2026\\\/05\\\/01114153\\\/Diseno-sin-titulo-150.png\",\"width\":1949,\"height\":1122,\"caption\":\"Fotos tomadas del perfil de Instagram de Samantha Espineira\"},{\"@type\":\"BreadcrumbList\",\"@id\":\"https:\\\/\\\/www.cuballama.com\\\/noticias\\\/pura-magia-samantha-espineira-deslumbra-con-su-sesion-de-fotos-renaciendo\\\/#breadcrumb\",\"itemListElement\":[{\"@type\":\"ListItem\",\"position\":1,\"name\":\"Home\",\"item\":\"https:\\\/\\\/www.cuballama.com\\\/noticias\\\/\"},{\"@type\":\"ListItem\",\"position\":2,\"name\":\"\u00a1Pura magia! Samantha Espineira deslumbra con su sesi\u00f3n de fotos \u00abRenaciendo\u00bb\"}]},{\"@type\":\"WebSite\",\"@id\":\"https:\\\/\\\/www.cuballama.com\\\/noticias\\\/#website\",\"url\":\"https:\\\/\\\/www.cuballama.com\\\/noticias\\\/\",\"name\":\"Cuballama Noticias\",\"description\":\"Medio digital sobre Cuba y el mundo\",\"publisher\":{\"@id\":\"https:\\\/\\\/www.cuballama.com\\\/noticias\\\/#organization\"},\"potentialAction\":[{\"@type\":\"SearchAction\",\"target\":{\"@type\":\"EntryPoint\",\"urlTemplate\":\"https:\\\/\\\/www.cuballama.com\\\/noticias\\\/?s={search_term_string}\"},\"query-input\":{\"@type\":\"PropertyValueSpecification\",\"valueRequired\":true,\"valueName\":\"search_term_string\"}}],\"inLanguage\":\"es\"},{\"@type\":\"Organization\",\"@id\":\"https:\\\/\\\/www.cuballama.com\\\/noticias\\\/#organization\",\"name\":\"Cuballama\",\"url\":\"https:\\\/\\\/www.cuballama.com\\\/noticias\\\/\",\"logo\":{\"@type\":\"ImageObject\",\"inLanguage\":\"es\",\"@id\":\"https:\\\/\\\/www.cuballama.com\\\/noticias\\\/#\\\/schema\\\/logo\\\/image\\\/\",\"url\":\"https:\\\/\\\/cdn1.mediawpaccore.net\\\/wp-content\\\/uploads\\\/2021\\\/12\\\/28171206\\\/cbll-logo-color-sm.png\",\"contentUrl\":\"https:\\\/\\\/cdn1.mediawpaccore.net\\\/wp-content\\\/uploads\\\/2021\\\/12\\\/28171206\\\/cbll-logo-color-sm.png\",\"width\":600,\"height\":133,\"caption\":\"Cuballama\"},\"image\":{\"@id\":\"https:\\\/\\\/www.cuballama.com\\\/noticias\\\/#\\\/schema\\\/logo\\\/image\\\/\"},\"sameAs\":[\"https:\\\/\\\/www.facebook.com\\\/CubaLlama\",\"https:\\\/\\\/x.com\\\/cuballama\",\"https:\\\/\\\/www.instagram.com\\\/stories\\\/cuballama_oficial\\\/\",\"https:\\\/\\\/www.youtube.com\\\/channel\\\/UCKkFE-d_axENGZcrc4as0IA\"]},{\"@type\":\"Person\",\"@id\":\"https:\\\/\\\/www.cuballama.com\\\/noticias\\\/#\\\/schema\\\/person\\\/5cba2b8cc25a3159e49fe730a94d512e\",\"name\":\"Sof\u00eda Reyes\",\"url\":\"https:\\\/\\\/www.cuballama.com\\\/noticias\\\/author\\\/laura\\\/\"}]}<\/script>\n<!-- \/ Yoast SEO plugin. -->","yoast_head_json":{"title":"\u00a1Pura magia! Samantha Espineira deslumbra con su sesi\u00f3n de fotos \"Renaciendo\" - Cuballama Noticias","description":"La influencer cubana Samantha Espineira revoluciona las redes con una sesi\u00f3n de fotos art\u00edstica titulada \u00abRenaciendo\u00bb.","robots":{"index":"index","follow":"follow","max-snippet":"max-snippet:-1","max-image-preview":"max-image-preview:large","max-video-preview":"max-video-preview:-1"},"canonical":"https:\/\/www.cuballama.com\/noticias\/pura-magia-samantha-espineira-deslumbra-con-su-sesion-de-fotos-renaciendo\/","og_locale":"es_ES","og_type":"article","og_title":"\u00a1Pura magia! Samantha Espineira deslumbra con su sesi\u00f3n de fotos \"Renaciendo\" - Cuballama Noticias","og_description":"La influencer cubana Samantha Espineira revoluciona las redes con una sesi\u00f3n de fotos art\u00edstica titulada \u00abRenaciendo\u00bb.","og_url":"https:\/\/www.cuballama.com\/noticias\/pura-magia-samantha-espineira-deslumbra-con-su-sesion-de-fotos-renaciendo\/","og_site_name":"Cuballama Noticias","article_publisher":"https:\/\/www.facebook.com\/CubaLlama","article_published_time":"2026-05-01T15:45:11+00:00","article_modified_time":"2026-05-01T15:45:14+00:00","og_image":[{"width":1024,"height":589,"url":"https:\/\/cdn1.mediawpaccore.net\/wp-content\/uploads\/2026\/05\/01114153\/Diseno-sin-titulo-150-1024x589.png","type":"image\/png"}],"author":"Sof\u00eda Reyes","twitter_card":"summary_large_image","twitter_creator":"@cuballama","twitter_site":"@cuballama","twitter_misc":{"Escrito por":"Sof\u00eda Reyes","Tiempo de lectura":"2 minutos"},"schema":{"@context":"https:\/\/schema.org","@graph":[{"@type":"Article","@id":"https:\/\/www.cuballama.com\/noticias\/pura-magia-samantha-espineira-deslumbra-con-su-sesion-de-fotos-renaciendo\/#article","isPartOf":{"@id":"https:\/\/www.cuballama.com\/noticias\/pura-magia-samantha-espineira-deslumbra-con-su-sesion-de-fotos-renaciendo\/"},"author":{"name":"Sof\u00eda Reyes","@id":"https:\/\/www.cuballama.com\/noticias\/#\/schema\/person\/5cba2b8cc25a3159e49fe730a94d512e"},"headline":"\u00a1Pura magia! Samantha Espineira deslumbra con su sesi\u00f3n de fotos \u00abRenaciendo\u00bb","datePublished":"2026-05-01T15:45:11+00:00","dateModified":"2026-05-01T15:45:14+00:00","mainEntityOfPage":{"@id":"https:\/\/www.cuballama.com\/noticias\/pura-magia-samantha-espineira-deslumbra-con-su-sesion-de-fotos-renaciendo\/"},"wordCount":375,"commentCount":0,"publisher":{"@id":"https:\/\/www.cuballama.com\/noticias\/#organization"},"image":{"@id":"https:\/\/www.cuballama.com\/noticias\/pura-magia-samantha-espineira-deslumbra-con-su-sesion-de-fotos-renaciendo\/#primaryimage"},"thumbnailUrl":"https:\/\/cdn1.mediawpaccore.net\/wp-content\/uploads\/2026\/05\/01114153\/Diseno-sin-titulo-150.png","keywords":["cubanos","cubanos en Miami","embarazo","Samantha Espineira"],"articleSection":["Far\u00e1ndula"],"inLanguage":"es","potentialAction":[{"@type":"CommentAction","name":"Comment","target":["https:\/\/www.cuballama.com\/noticias\/pura-magia-samantha-espineira-deslumbra-con-su-sesion-de-fotos-renaciendo\/#respond"]}]},{"@type":"WebPage","@id":"https:\/\/www.cuballama.com\/noticias\/pura-magia-samantha-espineira-deslumbra-con-su-sesion-de-fotos-renaciendo\/","url":"https:\/\/www.cuballama.com\/noticias\/pura-magia-samantha-espineira-deslumbra-con-su-sesion-de-fotos-renaciendo\/","name":"\u00a1Pura magia! Samantha Espineira deslumbra con su sesi\u00f3n de fotos \"Renaciendo\" - Cuballama Noticias","isPartOf":{"@id":"https:\/\/www.cuballama.com\/noticias\/#website"},"primaryImageOfPage":{"@id":"https:\/\/www.cuballama.com\/noticias\/pura-magia-samantha-espineira-deslumbra-con-su-sesion-de-fotos-renaciendo\/#primaryimage"},"image":{"@id":"https:\/\/www.cuballama.com\/noticias\/pura-magia-samantha-espineira-deslumbra-con-su-sesion-de-fotos-renaciendo\/#primaryimage"},"thumbnailUrl":"https:\/\/cdn1.mediawpaccore.net\/wp-content\/uploads\/2026\/05\/01114153\/Diseno-sin-titulo-150.png","datePublished":"2026-05-01T15:45:11+00:00","dateModified":"2026-05-01T15:45:14+00:00","description":"La influencer cubana Samantha Espineira revoluciona las redes con una sesi\u00f3n de fotos art\u00edstica titulada \u00abRenaciendo\u00bb.","breadcrumb":{"@id":"https:\/\/www.cuballama.com\/noticias\/pura-magia-samantha-espineira-deslumbra-con-su-sesion-de-fotos-renaciendo\/#breadcrumb"},"inLanguage":"es","potentialAction":[{"@type":"ReadAction","target":["https:\/\/www.cuballama.com\/noticias\/pura-magia-samantha-espineira-deslumbra-con-su-sesion-de-fotos-renaciendo\/"]}]},{"@type":"ImageObject","inLanguage":"es","@id":"https:\/\/www.cuballama.com\/noticias\/pura-magia-samantha-espineira-deslumbra-con-su-sesion-de-fotos-renaciendo\/#primaryimage","url":"https:\/\/cdn1.mediawpaccore.net\/wp-content\/uploads\/2026\/05\/01114153\/Diseno-sin-titulo-150.png","contentUrl":"https:\/\/cdn1.mediawpaccore.net\/wp-content\/uploads\/2026\/05\/01114153\/Diseno-sin-titulo-150.png","width":1949,"height":1122,"caption":"Fotos tomadas del perfil de Instagram de Samantha Espineira"},{"@type":"BreadcrumbList","@id":"https:\/\/www.cuballama.com\/noticias\/pura-magia-samantha-espineira-deslumbra-con-su-sesion-de-fotos-renaciendo\/#breadcrumb","itemListElement":[{"@type":"ListItem","position":1,"name":"Home","item":"https:\/\/www.cuballama.com\/noticias\/"},{"@type":"ListItem","position":2,"name":"\u00a1Pura magia! Samantha Espineira deslumbra con su sesi\u00f3n de fotos \u00abRenaciendo\u00bb"}]},{"@type":"WebSite","@id":"https:\/\/www.cuballama.com\/noticias\/#website","url":"https:\/\/www.cuballama.com\/noticias\/","name":"Cuballama Noticias","description":"Medio digital sobre Cuba y el mundo","publisher":{"@id":"https:\/\/www.cuballama.com\/noticias\/#organization"},"potentialAction":[{"@type":"SearchAction","target":{"@type":"EntryPoint","urlTemplate":"https:\/\/www.cuballama.com\/noticias\/?s={search_term_string}"},"query-input":{"@type":"PropertyValueSpecification","valueRequired":true,"valueName":"search_term_string"}}],"inLanguage":"es"},{"@type":"Organization","@id":"https:\/\/www.cuballama.com\/noticias\/#organization","name":"Cuballama","url":"https:\/\/www.cuballama.com\/noticias\/","logo":{"@type":"ImageObject","inLanguage":"es","@id":"https:\/\/www.cuballama.com\/noticias\/#\/schema\/logo\/image\/","url":"https:\/\/cdn1.mediawpaccore.net\/wp-content\/uploads\/2021\/12\/28171206\/cbll-logo-color-sm.png","contentUrl":"https:\/\/cdn1.mediawpaccore.net\/wp-content\/uploads\/2021\/12\/28171206\/cbll-logo-color-sm.png","width":600,"height":133,"caption":"Cuballama"},"image":{"@id":"https:\/\/www.cuballama.com\/noticias\/#\/schema\/logo\/image\/"},"sameAs":["https:\/\/www.facebook.com\/CubaLlama","https:\/\/x.com\/cuballama","https:\/\/www.instagram.com\/stories\/cuballama_oficial\/","https:\/\/www.youtube.com\/channel\/UCKkFE-d_axENGZcrc4as0IA"]},{"@type":"Person","@id":"https:\/\/www.cuballama.com\/noticias\/#\/schema\/person\/5cba2b8cc25a3159e49fe730a94d512e","name":"Sof\u00eda Reyes","url":"https:\/\/www.cuballama.com\/noticias\/author\/laura\/"}]}},"_links":{"self":[{"href":"https:\/\/www.cuballama.com\/noticias\/wp-json\/wp\/v2\/posts\/243084","targetHints":{"allow":["GET"]}}],"collection":[{"href":"https:\/\/www.cuballama.com\/noticias\/wp-json\/wp\/v2\/posts"}],"about":[{"href":"https:\/\/www.cuballama.com\/noticias\/wp-json\/wp\/v2\/types\/post"}],"author":[{"embeddable":true,"href":"https:\/\/www.cuballama.com\/noticias\/wp-json\/wp\/v2\/users\/29"}],"replies":[{"embeddable":true,"href":"https:\/\/www.cuballama.com\/noticias\/wp-json\/wp\/v2\/comments?post=243084"}],"version-history":[{"count":5,"href":"https:\/\/www.cuballama.com\/noticias\/wp-json\/wp\/v2\/posts\/243084\/revisions"}],"predecessor-version":[{"id":243173,"href":"https:\/\/www.cuballama.com\/noticias\/wp-json\/wp\/v2\/posts\/243084\/revisions\/243173"}],"wp:featuredmedia":[{"embeddable":true,"href":"https:\/\/www.cuballama.com\/noticias\/wp-json\/wp\/v2\/media\/243169"}],"wp:attachment":[{"href":"https:\/\/www.cuballama.com\/noticias\/wp-json\/wp\/v2\/media?parent=243084"}],"wp:term":[{"taxonomy":"category","embeddable":true,"href":"https:\/\/www.cuballama.com\/noticias\/wp-json\/wp\/v2\/categories?post=243084"},{"taxonomy":"post_tag","embeddable":true,"href":"https:\/\/www.cuballama.com\/noticias\/wp-json\/wp\/v2\/tags?post=243084"}],"curies":[{"name":"wp","href":"https:\/\/api.w.org\/{rel}","templated":true}]}}