{"id":243082,"date":"2026-05-01T11:32:19","date_gmt":"2026-05-01T15:32:19","guid":{"rendered":"https:\/\/www.cuballama.com\/noticias\/?p=243082"},"modified":"2026-05-01T11:32:22","modified_gmt":"2026-05-01T15:32:22","slug":"del-vacio-de-la-plaza-a-la-tribuna-del-malecon-el-primero-de-mayo-mas-austero-del-regimen-con-raul-castro-al-frente","status":"publish","type":"post","link":"https:\/\/www.cuballama.com\/noticias\/del-vacio-de-la-plaza-a-la-tribuna-del-malecon-el-primero-de-mayo-mas-austero-del-regimen-con-raul-castro-al-frente\/","title":{"rendered":"Del vac\u00edo de la Plaza a la Tribuna del Malec\u00f3n: El Primero de Mayo m\u00e1s austero del r\u00e9gimen con Ra\u00fal Castro al frente"},"content":{"rendered":"\n<p>Tras meses de especulaciones sobre su estado de salud, <strong>Ra\u00fal Castro<\/strong> ha vuelto al ojo p\u00fablico. A sus <strong>94 a\u00f1os<\/strong>, el General de Ej\u00e9rcito reapareci\u00f3 este viernes para liderar la concentraci\u00f3n por el Primero de Mayo, un evento marcado por la ret\u00f3rica militarista y un cambio de escenario que no ha pasado desapercibido para los analistas.<\/p>\n\n\n\n<p>Tras ausentarse del 9\u00ba Congreso del PCC en marzo, las dudas sobre su vitalidad crecieron, alimentadas por el propio <strong>Miguel D\u00edaz-Canel<\/strong>, quien admiti\u00f3 recientemente que el l\u00edder est\u00e1 <strong>\u00abvivo pero retirado por razones de salud\u00bb<\/strong> y es <strong>\u00abfr\u00e1gil debido a su avanzada edad\u00bb<\/strong>.<\/p>\n\n\n\n<blockquote class=\"twitter-tweet\"><p lang=\"es\" dir=\"ltr\">\ud83c\udde8\ud83c\uddfa| El General de Ej\u00e9rcito, Ra\u00fal Castro Ruz, l\u00edder de la Revoluci\u00f3n, y el Presidente <a href=\"https:\/\/twitter.com\/DiazCanelB?ref_src=twsrc%5Etfw\">@DiazCanelB<\/a>, encabezan la gran concentraci\u00f3n que tiene lugar en la Tribuna Antimperialista para celebrar el <a href=\"https:\/\/twitter.com\/hashtag\/1roMayo?src=hash&amp;ref_src=twsrc%5Etfw\">#1roMayo<\/a>.<br><br>Porque <a href=\"https:\/\/twitter.com\/hashtag\/LaPatriaSeDefiende?src=hash&amp;ref_src=twsrc%5Etfw\">#LaPatriaSeDefiende<\/a> m\u00e1s de medio mill\u00f3n de cubanos est\u00e1n all\u00ed. <a href=\"https:\/\/t.co\/c85dyRO616\">pic.twitter.com\/c85dyRO616<\/a><\/p>&mdash; Presidencia Cuba \ud83c\udde8\ud83c\uddfa (@PresidenciaCuba) <a href=\"https:\/\/twitter.com\/PresidenciaCuba\/status\/2050196193188208794?ref_src=twsrc%5Etfw\">May 1, 2026<\/a><\/blockquote> <script async src=\"https:\/\/platform.twitter.com\/widgets.js\" charset=\"utf-8\"><\/script>\n\n\n\n<p>Pese a este cuadro, Castro envi\u00f3 un mensaje con tintes \u00e9picos, asegurando estar <strong>\u00abcon el pie en el estribo y listos para la carga al machete\u00bb<\/strong>, defini\u00e9ndose como <strong>\u00abun combatiente m\u00e1s, contra el enemigo y nuestros propios errores\u00bb<\/strong>.<\/p>\n\n\n\n<p>Por razones de <strong>\u00abausteridad\u00bb<\/strong> y ante el <strong>\u00abcruel bloqueo energ\u00e9tico\u00bb<\/strong>, el acto se movi\u00f3 de la Plaza de la Revoluci\u00f3n a la Tribuna Antiimperialista. Analistas sugieren que el espacio, m\u00e1s reducido, facilita ocultar la falta de entusiasmo y la baja convocatoria real.<\/p>\n\n\n\n<blockquote class=\"twitter-tweet\"><p lang=\"es\" dir=\"ltr\">En la Tribuna Antimperialista, el General de Ej\u00e9rcito y el Presidente <a href=\"https:\/\/twitter.com\/DiazCanelB?ref_src=twsrc%5Etfw\">@DiazCanelB<\/a>, junto a nuestro pueblo, encabezaron la celebraci\u00f3n por el <a href=\"https:\/\/twitter.com\/hashtag\/1Mayo?src=hash&amp;ref_src=twsrc%5Etfw\">#1Mayo<\/a>, con la certeza, como dijo <a href=\"https:\/\/twitter.com\/hashtag\/Ra%C3%BAl?src=hash&amp;ref_src=twsrc%5Etfw\">#Ra\u00fal<\/a>, de que &quot;siempre retumbar\u00e1 en esta tierra el grito mamb\u00ed: \u00a1Viva <a href=\"https:\/\/twitter.com\/hashtag\/Cuba?src=hash&amp;ref_src=twsrc%5Etfw\">#Cuba<\/a> libre!&quot;.<a href=\"https:\/\/twitter.com\/hashtag\/LaPatriaSeDefiende?src=hash&amp;ref_src=twsrc%5Etfw\">#LaPatriaSeDefiende<\/a> <a href=\"https:\/\/t.co\/WTub3m9GsS\">pic.twitter.com\/WTub3m9GsS<\/a><\/p>&mdash; Manuel Marrero Cruz (@MMarreroCruz) <a href=\"https:\/\/twitter.com\/MMarreroCruz\/status\/2050219597953986571?ref_src=twsrc%5Etfw\">May 1, 2026<\/a><\/blockquote> <script async src=\"https:\/\/platform.twitter.com\/widgets.js\" charset=\"utf-8\"><\/script>\n\n\n\n<p>Mientras D\u00edaz-Canel y la plana mayor del Bur\u00f3 Pol\u00edtico flanqueaban a Ra\u00fal, el asiento de <strong><a href=\"https:\/\/www.cuballama.com\/noticias\/diaz-canel-felicita-a-ramiro-valdes-pese-a-silencio-oficial-tras-meses-de-ausencia\/\" type=\"link\" id=\"https:\/\/www.cuballama.com\/noticias\/diaz-canel-felicita-a-ramiro-valdes-pese-a-silencio-oficial-tras-meses-de-ausencia\/\" target=\"_blank\" rel=\"noreferrer noopener\">Ramiro Vald\u00e9s<\/a><\/strong> permaneci\u00f3 vac\u00edo. El comandante lleva meses desaparecido de la esfera p\u00fablica sin que medie una nota oficial.<\/p>\n\n\n\n<p>El lema <strong>\u00abLa Patria se defiende\u00bb<\/strong> domin\u00f3 el desfile, en un 2026 declarado como \u00abA\u00f1o de Preparaci\u00f3n para la Defensa\u00bb. El r\u00e9gimen reacciona as\u00ed a las palabras de <strong>Donald Trump<\/strong>, quien en marzo afirm\u00f3 que <strong>\u00aba veces hay que emplear la fuerza militar y Cuba es la siguiente\u00bb<\/strong>.<\/p>\n\n\n\n<p>Mientras las cuentas oficiales hablaban de medio mill\u00f3n de asistentes, la cotidianidad del cubano narra una historia distinta con una contracci\u00f3n de la econom\u00eda prevista del <strong>7,2%<\/strong> para este a\u00f1o y apagones que oscilan entre las <strong>10 y 25 horas diarias<\/strong>.<\/p>\n","protected":false},"excerpt":{"rendered":"<p>En medio de apagones de hasta 25 horas y una econom\u00eda en picada, el r\u00e9gimen apuesta por un discurso de \u00abguerra\u00bb frente a las amenazas de Trump.<\/p>\n","protected":false},"author":29,"featured_media":243159,"comment_status":"open","ping_status":"closed","sticky":false,"template":"","format":"standard","meta":{"_acf_changed":false,"footnotes":""},"categories":[14202,18,955],"tags":[10867,11,92,941,1324,16087,9156,113],"class_list":{"0":"post-243082","1":"post","2":"type-post","3":"status-publish","4":"format-standard","5":"has-post-thumbnail","7":"category-destacado-cuba","8":"category-noticias","9":"category-noticias-de-cuba","10":"tag-crisis-en-cuba","11":"tag-cuba","12":"tag-cubanos","13":"tag-destacado","14":"tag-miguel-diaz-canel","15":"tag-primero-de-mayo","16":"tag-ramiro-valdes","17":"tag-raul-castro"},"acf":[],"yoast_head":"<!-- This site is optimized with the Yoast SEO plugin v27.5 - https:\/\/yoast.com\/product\/yoast-seo-wordpress\/ -->\n<title>Del vac\u00edo de la Plaza a la Tribuna del Malec\u00f3n: El Primero de Mayo m\u00e1s austero del r\u00e9gimen con Ra\u00fal Castro al frente - Cuballama Noticias<\/title>\n<meta name=\"description\" content=\"En medio de apagones de hasta 25 horas y una econom\u00eda en picada, el r\u00e9gimen apuesta por un discurso de &quot;guerra&quot; frente a las amenazas de Trump.\" \/>\n<meta name=\"robots\" content=\"index, follow, max-snippet:-1, max-image-preview:large, max-video-preview:-1\" \/>\n<link rel=\"canonical\" href=\"https:\/\/www.cuballama.com\/noticias\/del-vacio-de-la-plaza-a-la-tribuna-del-malecon-el-primero-de-mayo-mas-austero-del-regimen-con-raul-castro-al-frente\/\" \/>\n<meta property=\"og:locale\" content=\"es_ES\" \/>\n<meta property=\"og:type\" content=\"article\" \/>\n<meta property=\"og:title\" content=\"Del vac\u00edo de la Plaza a la Tribuna del Malec\u00f3n: El Primero de Mayo m\u00e1s austero del r\u00e9gimen con Ra\u00fal Castro al frente - Cuballama Noticias\" \/>\n<meta property=\"og:description\" content=\"En medio de apagones de hasta 25 horas y una econom\u00eda en picada, el r\u00e9gimen apuesta por un discurso de &quot;guerra&quot; frente a las amenazas de Trump.\" \/>\n<meta property=\"og:url\" content=\"https:\/\/www.cuballama.com\/noticias\/del-vacio-de-la-plaza-a-la-tribuna-del-malecon-el-primero-de-mayo-mas-austero-del-regimen-con-raul-castro-al-frente\/\" \/>\n<meta property=\"og:site_name\" content=\"Cuballama Noticias\" \/>\n<meta property=\"article:publisher\" content=\"https:\/\/www.facebook.com\/CubaLlama\" \/>\n<meta property=\"article:published_time\" content=\"2026-05-01T15:32:19+00:00\" \/>\n<meta property=\"article:modified_time\" content=\"2026-05-01T15:32:22+00:00\" \/>\n<meta property=\"og:image\" content=\"https:\/\/cdn1.mediawpaccore.net\/wp-content\/uploads\/2026\/05\/01112509\/HHPCktTXkAAglbs.jpeg\" \/>\n\t<meta property=\"og:image:width\" content=\"920\" \/>\n\t<meta property=\"og:image:height\" content=\"491\" \/>\n\t<meta property=\"og:image:type\" content=\"image\/jpeg\" \/>\n<meta name=\"author\" content=\"Sof\u00eda Reyes\" \/>\n<meta name=\"twitter:card\" content=\"summary_large_image\" \/>\n<meta name=\"twitter:creator\" content=\"@cuballama\" \/>\n<meta name=\"twitter:site\" content=\"@cuballama\" \/>\n<meta name=\"twitter:label1\" content=\"Escrito por\" \/>\n\t<meta name=\"twitter:data1\" content=\"Sof\u00eda Reyes\" \/>\n\t<meta name=\"twitter:label2\" content=\"Tiempo de lectura\" \/>\n\t<meta name=\"twitter:data2\" content=\"2 minutos\" \/>\n<script type=\"application\/ld+json\" class=\"yoast-schema-graph\">{\"@context\":\"https:\\\/\\\/schema.org\",\"@graph\":[{\"@type\":\"Article\",\"@id\":\"https:\\\/\\\/www.cuballama.com\\\/noticias\\\/del-vacio-de-la-plaza-a-la-tribuna-del-malecon-el-primero-de-mayo-mas-austero-del-regimen-con-raul-castro-al-frente\\\/#article\",\"isPartOf\":{\"@id\":\"https:\\\/\\\/www.cuballama.com\\\/noticias\\\/del-vacio-de-la-plaza-a-la-tribuna-del-malecon-el-primero-de-mayo-mas-austero-del-regimen-con-raul-castro-al-frente\\\/\"},\"author\":{\"name\":\"Sof\u00eda Reyes\",\"@id\":\"https:\\\/\\\/www.cuballama.com\\\/noticias\\\/#\\\/schema\\\/person\\\/5cba2b8cc25a3159e49fe730a94d512e\"},\"headline\":\"Del vac\u00edo de la Plaza a la Tribuna del Malec\u00f3n: El Primero de Mayo m\u00e1s austero del r\u00e9gimen con Ra\u00fal Castro al frente\",\"datePublished\":\"2026-05-01T15:32:19+00:00\",\"dateModified\":\"2026-05-01T15:32:22+00:00\",\"mainEntityOfPage\":{\"@id\":\"https:\\\/\\\/www.cuballama.com\\\/noticias\\\/del-vacio-de-la-plaza-a-la-tribuna-del-malecon-el-primero-de-mayo-mas-austero-del-regimen-con-raul-castro-al-frente\\\/\"},\"wordCount\":468,\"commentCount\":0,\"publisher\":{\"@id\":\"https:\\\/\\\/www.cuballama.com\\\/noticias\\\/#organization\"},\"image\":{\"@id\":\"https:\\\/\\\/www.cuballama.com\\\/noticias\\\/del-vacio-de-la-plaza-a-la-tribuna-del-malecon-el-primero-de-mayo-mas-austero-del-regimen-con-raul-castro-al-frente\\\/#primaryimage\"},\"thumbnailUrl\":\"https:\\\/\\\/cdn1.mediawpaccore.net\\\/wp-content\\\/uploads\\\/2026\\\/05\\\/01112509\\\/HHPCktTXkAAglbs.jpeg\",\"keywords\":[\"Crisis en Cuba\",\"Cuba\",\"cubanos\",\"destacado\",\"Miguel D\u00edaz-Canel\",\"Primero de Mayo\",\"Ramiro Vald\u00e9s\",\"Ra\u00fal Castro\"],\"articleSection\":[\"Destacado Cuba\",\"Noticias\",\"Noticias de Cuba\"],\"inLanguage\":\"es\",\"potentialAction\":[{\"@type\":\"CommentAction\",\"name\":\"Comment\",\"target\":[\"https:\\\/\\\/www.cuballama.com\\\/noticias\\\/del-vacio-de-la-plaza-a-la-tribuna-del-malecon-el-primero-de-mayo-mas-austero-del-regimen-con-raul-castro-al-frente\\\/#respond\"]}]},{\"@type\":\"WebPage\",\"@id\":\"https:\\\/\\\/www.cuballama.com\\\/noticias\\\/del-vacio-de-la-plaza-a-la-tribuna-del-malecon-el-primero-de-mayo-mas-austero-del-regimen-con-raul-castro-al-frente\\\/\",\"url\":\"https:\\\/\\\/www.cuballama.com\\\/noticias\\\/del-vacio-de-la-plaza-a-la-tribuna-del-malecon-el-primero-de-mayo-mas-austero-del-regimen-con-raul-castro-al-frente\\\/\",\"name\":\"Del vac\u00edo de la Plaza a la Tribuna del Malec\u00f3n: El Primero de Mayo m\u00e1s austero del r\u00e9gimen con Ra\u00fal Castro al frente - Cuballama Noticias\",\"isPartOf\":{\"@id\":\"https:\\\/\\\/www.cuballama.com\\\/noticias\\\/#website\"},\"primaryImageOfPage\":{\"@id\":\"https:\\\/\\\/www.cuballama.com\\\/noticias\\\/del-vacio-de-la-plaza-a-la-tribuna-del-malecon-el-primero-de-mayo-mas-austero-del-regimen-con-raul-castro-al-frente\\\/#primaryimage\"},\"image\":{\"@id\":\"https:\\\/\\\/www.cuballama.com\\\/noticias\\\/del-vacio-de-la-plaza-a-la-tribuna-del-malecon-el-primero-de-mayo-mas-austero-del-regimen-con-raul-castro-al-frente\\\/#primaryimage\"},\"thumbnailUrl\":\"https:\\\/\\\/cdn1.mediawpaccore.net\\\/wp-content\\\/uploads\\\/2026\\\/05\\\/01112509\\\/HHPCktTXkAAglbs.jpeg\",\"datePublished\":\"2026-05-01T15:32:19+00:00\",\"dateModified\":\"2026-05-01T15:32:22+00:00\",\"description\":\"En medio de apagones de hasta 25 horas y una econom\u00eda en picada, el r\u00e9gimen apuesta por un discurso de \\\"guerra\\\" frente a las amenazas de Trump.\",\"breadcrumb\":{\"@id\":\"https:\\\/\\\/www.cuballama.com\\\/noticias\\\/del-vacio-de-la-plaza-a-la-tribuna-del-malecon-el-primero-de-mayo-mas-austero-del-regimen-con-raul-castro-al-frente\\\/#breadcrumb\"},\"inLanguage\":\"es\",\"potentialAction\":[{\"@type\":\"ReadAction\",\"target\":[\"https:\\\/\\\/www.cuballama.com\\\/noticias\\\/del-vacio-de-la-plaza-a-la-tribuna-del-malecon-el-primero-de-mayo-mas-austero-del-regimen-con-raul-castro-al-frente\\\/\"]}]},{\"@type\":\"ImageObject\",\"inLanguage\":\"es\",\"@id\":\"https:\\\/\\\/www.cuballama.com\\\/noticias\\\/del-vacio-de-la-plaza-a-la-tribuna-del-malecon-el-primero-de-mayo-mas-austero-del-regimen-con-raul-castro-al-frente\\\/#primaryimage\",\"url\":\"https:\\\/\\\/cdn1.mediawpaccore.net\\\/wp-content\\\/uploads\\\/2026\\\/05\\\/01112509\\\/HHPCktTXkAAglbs.jpeg\",\"contentUrl\":\"https:\\\/\\\/cdn1.mediawpaccore.net\\\/wp-content\\\/uploads\\\/2026\\\/05\\\/01112509\\\/HHPCktTXkAAglbs.jpeg\",\"width\":920,\"height\":491,\"caption\":\"Foto tomada del perfil de X de Presidencia de Cuba\"},{\"@type\":\"BreadcrumbList\",\"@id\":\"https:\\\/\\\/www.cuballama.com\\\/noticias\\\/del-vacio-de-la-plaza-a-la-tribuna-del-malecon-el-primero-de-mayo-mas-austero-del-regimen-con-raul-castro-al-frente\\\/#breadcrumb\",\"itemListElement\":[{\"@type\":\"ListItem\",\"position\":1,\"name\":\"Home\",\"item\":\"https:\\\/\\\/www.cuballama.com\\\/noticias\\\/\"},{\"@type\":\"ListItem\",\"position\":2,\"name\":\"Del vac\u00edo de la Plaza a la Tribuna del Malec\u00f3n: El Primero de Mayo m\u00e1s austero del r\u00e9gimen con Ra\u00fal Castro al frente\"}]},{\"@type\":\"WebSite\",\"@id\":\"https:\\\/\\\/www.cuballama.com\\\/noticias\\\/#website\",\"url\":\"https:\\\/\\\/www.cuballama.com\\\/noticias\\\/\",\"name\":\"Cuballama Noticias\",\"description\":\"Medio digital sobre Cuba y el mundo\",\"publisher\":{\"@id\":\"https:\\\/\\\/www.cuballama.com\\\/noticias\\\/#organization\"},\"potentialAction\":[{\"@type\":\"SearchAction\",\"target\":{\"@type\":\"EntryPoint\",\"urlTemplate\":\"https:\\\/\\\/www.cuballama.com\\\/noticias\\\/?s={search_term_string}\"},\"query-input\":{\"@type\":\"PropertyValueSpecification\",\"valueRequired\":true,\"valueName\":\"search_term_string\"}}],\"inLanguage\":\"es\"},{\"@type\":\"Organization\",\"@id\":\"https:\\\/\\\/www.cuballama.com\\\/noticias\\\/#organization\",\"name\":\"Cuballama\",\"url\":\"https:\\\/\\\/www.cuballama.com\\\/noticias\\\/\",\"logo\":{\"@type\":\"ImageObject\",\"inLanguage\":\"es\",\"@id\":\"https:\\\/\\\/www.cuballama.com\\\/noticias\\\/#\\\/schema\\\/logo\\\/image\\\/\",\"url\":\"https:\\\/\\\/cdn1.mediawpaccore.net\\\/wp-content\\\/uploads\\\/2021\\\/12\\\/28171206\\\/cbll-logo-color-sm.png\",\"contentUrl\":\"https:\\\/\\\/cdn1.mediawpaccore.net\\\/wp-content\\\/uploads\\\/2021\\\/12\\\/28171206\\\/cbll-logo-color-sm.png\",\"width\":600,\"height\":133,\"caption\":\"Cuballama\"},\"image\":{\"@id\":\"https:\\\/\\\/www.cuballama.com\\\/noticias\\\/#\\\/schema\\\/logo\\\/image\\\/\"},\"sameAs\":[\"https:\\\/\\\/www.facebook.com\\\/CubaLlama\",\"https:\\\/\\\/x.com\\\/cuballama\",\"https:\\\/\\\/www.instagram.com\\\/stories\\\/cuballama_oficial\\\/\",\"https:\\\/\\\/www.youtube.com\\\/channel\\\/UCKkFE-d_axENGZcrc4as0IA\"]},{\"@type\":\"Person\",\"@id\":\"https:\\\/\\\/www.cuballama.com\\\/noticias\\\/#\\\/schema\\\/person\\\/5cba2b8cc25a3159e49fe730a94d512e\",\"name\":\"Sof\u00eda Reyes\",\"url\":\"https:\\\/\\\/www.cuballama.com\\\/noticias\\\/author\\\/laura\\\/\"}]}<\/script>\n<!-- \/ Yoast SEO plugin. -->","yoast_head_json":{"title":"Del vac\u00edo de la Plaza a la Tribuna del Malec\u00f3n: El Primero de Mayo m\u00e1s austero del r\u00e9gimen con Ra\u00fal Castro al frente - Cuballama Noticias","description":"En medio de apagones de hasta 25 horas y una econom\u00eda en picada, el r\u00e9gimen apuesta por un discurso de \"guerra\" frente a las amenazas de Trump.","robots":{"index":"index","follow":"follow","max-snippet":"max-snippet:-1","max-image-preview":"max-image-preview:large","max-video-preview":"max-video-preview:-1"},"canonical":"https:\/\/www.cuballama.com\/noticias\/del-vacio-de-la-plaza-a-la-tribuna-del-malecon-el-primero-de-mayo-mas-austero-del-regimen-con-raul-castro-al-frente\/","og_locale":"es_ES","og_type":"article","og_title":"Del vac\u00edo de la Plaza a la Tribuna del Malec\u00f3n: El Primero de Mayo m\u00e1s austero del r\u00e9gimen con Ra\u00fal Castro al frente - Cuballama Noticias","og_description":"En medio de apagones de hasta 25 horas y una econom\u00eda en picada, el r\u00e9gimen apuesta por un discurso de \"guerra\" frente a las amenazas de Trump.","og_url":"https:\/\/www.cuballama.com\/noticias\/del-vacio-de-la-plaza-a-la-tribuna-del-malecon-el-primero-de-mayo-mas-austero-del-regimen-con-raul-castro-al-frente\/","og_site_name":"Cuballama Noticias","article_publisher":"https:\/\/www.facebook.com\/CubaLlama","article_published_time":"2026-05-01T15:32:19+00:00","article_modified_time":"2026-05-01T15:32:22+00:00","og_image":[{"width":920,"height":491,"url":"https:\/\/cdn1.mediawpaccore.net\/wp-content\/uploads\/2026\/05\/01112509\/HHPCktTXkAAglbs.jpeg","type":"image\/jpeg"}],"author":"Sof\u00eda Reyes","twitter_card":"summary_large_image","twitter_creator":"@cuballama","twitter_site":"@cuballama","twitter_misc":{"Escrito por":"Sof\u00eda Reyes","Tiempo de lectura":"2 minutos"},"schema":{"@context":"https:\/\/schema.org","@graph":[{"@type":"Article","@id":"https:\/\/www.cuballama.com\/noticias\/del-vacio-de-la-plaza-a-la-tribuna-del-malecon-el-primero-de-mayo-mas-austero-del-regimen-con-raul-castro-al-frente\/#article","isPartOf":{"@id":"https:\/\/www.cuballama.com\/noticias\/del-vacio-de-la-plaza-a-la-tribuna-del-malecon-el-primero-de-mayo-mas-austero-del-regimen-con-raul-castro-al-frente\/"},"author":{"name":"Sof\u00eda Reyes","@id":"https:\/\/www.cuballama.com\/noticias\/#\/schema\/person\/5cba2b8cc25a3159e49fe730a94d512e"},"headline":"Del vac\u00edo de la Plaza a la Tribuna del Malec\u00f3n: El Primero de Mayo m\u00e1s austero del r\u00e9gimen con Ra\u00fal Castro al frente","datePublished":"2026-05-01T15:32:19+00:00","dateModified":"2026-05-01T15:32:22+00:00","mainEntityOfPage":{"@id":"https:\/\/www.cuballama.com\/noticias\/del-vacio-de-la-plaza-a-la-tribuna-del-malecon-el-primero-de-mayo-mas-austero-del-regimen-con-raul-castro-al-frente\/"},"wordCount":468,"commentCount":0,"publisher":{"@id":"https:\/\/www.cuballama.com\/noticias\/#organization"},"image":{"@id":"https:\/\/www.cuballama.com\/noticias\/del-vacio-de-la-plaza-a-la-tribuna-del-malecon-el-primero-de-mayo-mas-austero-del-regimen-con-raul-castro-al-frente\/#primaryimage"},"thumbnailUrl":"https:\/\/cdn1.mediawpaccore.net\/wp-content\/uploads\/2026\/05\/01112509\/HHPCktTXkAAglbs.jpeg","keywords":["Crisis en Cuba","Cuba","cubanos","destacado","Miguel D\u00edaz-Canel","Primero de Mayo","Ramiro Vald\u00e9s","Ra\u00fal Castro"],"articleSection":["Destacado Cuba","Noticias","Noticias de Cuba"],"inLanguage":"es","potentialAction":[{"@type":"CommentAction","name":"Comment","target":["https:\/\/www.cuballama.com\/noticias\/del-vacio-de-la-plaza-a-la-tribuna-del-malecon-el-primero-de-mayo-mas-austero-del-regimen-con-raul-castro-al-frente\/#respond"]}]},{"@type":"WebPage","@id":"https:\/\/www.cuballama.com\/noticias\/del-vacio-de-la-plaza-a-la-tribuna-del-malecon-el-primero-de-mayo-mas-austero-del-regimen-con-raul-castro-al-frente\/","url":"https:\/\/www.cuballama.com\/noticias\/del-vacio-de-la-plaza-a-la-tribuna-del-malecon-el-primero-de-mayo-mas-austero-del-regimen-con-raul-castro-al-frente\/","name":"Del vac\u00edo de la Plaza a la Tribuna del Malec\u00f3n: El Primero de Mayo m\u00e1s austero del r\u00e9gimen con Ra\u00fal Castro al frente - Cuballama Noticias","isPartOf":{"@id":"https:\/\/www.cuballama.com\/noticias\/#website"},"primaryImageOfPage":{"@id":"https:\/\/www.cuballama.com\/noticias\/del-vacio-de-la-plaza-a-la-tribuna-del-malecon-el-primero-de-mayo-mas-austero-del-regimen-con-raul-castro-al-frente\/#primaryimage"},"image":{"@id":"https:\/\/www.cuballama.com\/noticias\/del-vacio-de-la-plaza-a-la-tribuna-del-malecon-el-primero-de-mayo-mas-austero-del-regimen-con-raul-castro-al-frente\/#primaryimage"},"thumbnailUrl":"https:\/\/cdn1.mediawpaccore.net\/wp-content\/uploads\/2026\/05\/01112509\/HHPCktTXkAAglbs.jpeg","datePublished":"2026-05-01T15:32:19+00:00","dateModified":"2026-05-01T15:32:22+00:00","description":"En medio de apagones de hasta 25 horas y una econom\u00eda en picada, el r\u00e9gimen apuesta por un discurso de \"guerra\" frente a las amenazas de Trump.","breadcrumb":{"@id":"https:\/\/www.cuballama.com\/noticias\/del-vacio-de-la-plaza-a-la-tribuna-del-malecon-el-primero-de-mayo-mas-austero-del-regimen-con-raul-castro-al-frente\/#breadcrumb"},"inLanguage":"es","potentialAction":[{"@type":"ReadAction","target":["https:\/\/www.cuballama.com\/noticias\/del-vacio-de-la-plaza-a-la-tribuna-del-malecon-el-primero-de-mayo-mas-austero-del-regimen-con-raul-castro-al-frente\/"]}]},{"@type":"ImageObject","inLanguage":"es","@id":"https:\/\/www.cuballama.com\/noticias\/del-vacio-de-la-plaza-a-la-tribuna-del-malecon-el-primero-de-mayo-mas-austero-del-regimen-con-raul-castro-al-frente\/#primaryimage","url":"https:\/\/cdn1.mediawpaccore.net\/wp-content\/uploads\/2026\/05\/01112509\/HHPCktTXkAAglbs.jpeg","contentUrl":"https:\/\/cdn1.mediawpaccore.net\/wp-content\/uploads\/2026\/05\/01112509\/HHPCktTXkAAglbs.jpeg","width":920,"height":491,"caption":"Foto tomada del perfil de X de Presidencia de Cuba"},{"@type":"BreadcrumbList","@id":"https:\/\/www.cuballama.com\/noticias\/del-vacio-de-la-plaza-a-la-tribuna-del-malecon-el-primero-de-mayo-mas-austero-del-regimen-con-raul-castro-al-frente\/#breadcrumb","itemListElement":[{"@type":"ListItem","position":1,"name":"Home","item":"https:\/\/www.cuballama.com\/noticias\/"},{"@type":"ListItem","position":2,"name":"Del vac\u00edo de la Plaza a la Tribuna del Malec\u00f3n: El Primero de Mayo m\u00e1s austero del r\u00e9gimen con Ra\u00fal Castro al frente"}]},{"@type":"WebSite","@id":"https:\/\/www.cuballama.com\/noticias\/#website","url":"https:\/\/www.cuballama.com\/noticias\/","name":"Cuballama Noticias","description":"Medio digital sobre Cuba y el mundo","publisher":{"@id":"https:\/\/www.cuballama.com\/noticias\/#organization"},"potentialAction":[{"@type":"SearchAction","target":{"@type":"EntryPoint","urlTemplate":"https:\/\/www.cuballama.com\/noticias\/?s={search_term_string}"},"query-input":{"@type":"PropertyValueSpecification","valueRequired":true,"valueName":"search_term_string"}}],"inLanguage":"es"},{"@type":"Organization","@id":"https:\/\/www.cuballama.com\/noticias\/#organization","name":"Cuballama","url":"https:\/\/www.cuballama.com\/noticias\/","logo":{"@type":"ImageObject","inLanguage":"es","@id":"https:\/\/www.cuballama.com\/noticias\/#\/schema\/logo\/image\/","url":"https:\/\/cdn1.mediawpaccore.net\/wp-content\/uploads\/2021\/12\/28171206\/cbll-logo-color-sm.png","contentUrl":"https:\/\/cdn1.mediawpaccore.net\/wp-content\/uploads\/2021\/12\/28171206\/cbll-logo-color-sm.png","width":600,"height":133,"caption":"Cuballama"},"image":{"@id":"https:\/\/www.cuballama.com\/noticias\/#\/schema\/logo\/image\/"},"sameAs":["https:\/\/www.facebook.com\/CubaLlama","https:\/\/x.com\/cuballama","https:\/\/www.instagram.com\/stories\/cuballama_oficial\/","https:\/\/www.youtube.com\/channel\/UCKkFE-d_axENGZcrc4as0IA"]},{"@type":"Person","@id":"https:\/\/www.cuballama.com\/noticias\/#\/schema\/person\/5cba2b8cc25a3159e49fe730a94d512e","name":"Sof\u00eda Reyes","url":"https:\/\/www.cuballama.com\/noticias\/author\/laura\/"}]}},"_links":{"self":[{"href":"https:\/\/www.cuballama.com\/noticias\/wp-json\/wp\/v2\/posts\/243082","targetHints":{"allow":["GET"]}}],"collection":[{"href":"https:\/\/www.cuballama.com\/noticias\/wp-json\/wp\/v2\/posts"}],"about":[{"href":"https:\/\/www.cuballama.com\/noticias\/wp-json\/wp\/v2\/types\/post"}],"author":[{"embeddable":true,"href":"https:\/\/www.cuballama.com\/noticias\/wp-json\/wp\/v2\/users\/29"}],"replies":[{"embeddable":true,"href":"https:\/\/www.cuballama.com\/noticias\/wp-json\/wp\/v2\/comments?post=243082"}],"version-history":[{"count":5,"href":"https:\/\/www.cuballama.com\/noticias\/wp-json\/wp\/v2\/posts\/243082\/revisions"}],"predecessor-version":[{"id":243163,"href":"https:\/\/www.cuballama.com\/noticias\/wp-json\/wp\/v2\/posts\/243082\/revisions\/243163"}],"wp:featuredmedia":[{"embeddable":true,"href":"https:\/\/www.cuballama.com\/noticias\/wp-json\/wp\/v2\/media\/243159"}],"wp:attachment":[{"href":"https:\/\/www.cuballama.com\/noticias\/wp-json\/wp\/v2\/media?parent=243082"}],"wp:term":[{"taxonomy":"category","embeddable":true,"href":"https:\/\/www.cuballama.com\/noticias\/wp-json\/wp\/v2\/categories?post=243082"},{"taxonomy":"post_tag","embeddable":true,"href":"https:\/\/www.cuballama.com\/noticias\/wp-json\/wp\/v2\/tags?post=243082"}],"curies":[{"name":"wp","href":"https:\/\/api.w.org\/{rel}","templated":true}]}}