{"id":243077,"date":"2026-04-30T12:45:03","date_gmt":"2026-04-30T16:45:03","guid":{"rendered":"https:\/\/www.cuballama.com\/noticias\/?p=243077"},"modified":"2026-04-30T12:45:06","modified_gmt":"2026-04-30T16:45:06","slug":"senado-de-florida-respalda-importante-acuerdo-para-la-liberacion-de-cuba-presentado-por-rosa-maria-paya","status":"publish","type":"post","link":"https:\/\/www.cuballama.com\/noticias\/senado-de-florida-respalda-importante-acuerdo-para-la-liberacion-de-cuba-presentado-por-rosa-maria-paya\/","title":{"rendered":"Senado de Florida respalda importante acuerdo para la \u00bb liberaci\u00f3n de Cuba\u00bb presentado por Rosa Mar\u00eda Pay\u00e1"},"content":{"rendered":"\n<p>Un grupo de legisladores de la Legislatura de Florida reconocieron un proyecto impulsado por Rosa Mar\u00eda Pay\u00e1,\u00a0l\u00edder de\u00a0Cuba\u00a0Decide\u00a0y la coalici\u00f3n de Pasos de Cambio \u00abcomo la alternativa democr\u00e1tica para la transici\u00f3n en\u00a0Cuba\u00bb.<\/p>\n\n\n\n<p>De acuerdo a un comunicado enviado a <strong>Cuballama Noticias<\/strong> se trata de \u00abuna demostraci\u00f3n hist\u00f3rica de apoyo bipartidista\u00bb, y \u00abmarca un hito significativo en el compromiso de Florida con el derecho del pueblo cubano a la autodeterminaci\u00f3n, la <a href=\"https:\/\/www.cuballama.com\/noticias\/papa-por-favor-sacame-de-aqui-pide-adolescente-detenido-jonathan-david-mientras-el-regimen-lo-muestra-tocando-piano\/\" target=\"_blank\" rel=\"noreferrer noopener\">libertad <\/a>y la gobernanza democr\u00e1tica\u00bb.<\/p>\n\n\n\n<p>El acuerdo fue refrendado en una conferencia de prensa, encabezada por la\u00a0senadora Alexis Calatayud\u00a0y Rosa Mar\u00eda Pay\u00e1\u00a0, la cual reuni\u00f3 a legisladores de ambas c\u00e1maras, entre ellos la\u00a0senadora Ana Mar\u00eda Rodr\u00edguez, junto a destacados miembros de la oposici\u00f3n cubana\u00a0como Orlando Guti\u00e9rrez\u00a0y\u00a0Jos\u00e9 Daniel Ferrer.<\/p>\n\n\n\n<p>\u00abLegisladores del Senado y la C\u00e1mara de Representantes manifestaron su respaldo al Acuerdo de Liberaci\u00f3n, una hoja de ruta integral para la liberaci\u00f3n, estabilizaci\u00f3n, reconstrucci\u00f3n y democratizaci\u00f3n de\u00a0Cuba\u00bb, a\u00f1ade el texto.<\/p>\n\n\n\n<p>La nota de prensa a\u00f1ade que el \u00abAcuerdo de Liberaci\u00f3n\u00a0establece un plan de transici\u00f3n estructurado, desarrollado por la sociedad civil y l\u00edderes de la oposici\u00f3n cubana, y subraya que cualquier estabilidad duradera en\u00a0Cuba\u00a0debe construirse sobre la base de los derechos humanos y la libertad pol\u00edtica, y no sobre la represi\u00f3n\u00bb. <\/p>\n\n\n\n<p>\u00abEl Acuerdo- a\u00f1ade el texto- contempla un proceso que culminar\u00e1 con elecciones libres, justas y multipartidistas\u00bb.<\/p>\n\n\n\n<figure class=\"wp-block-image size-large\"><img loading=\"lazy\" decoding=\"async\" width=\"576\" height=\"1024\" src=\"https:\/\/cdn1.mediawpaccore.net\/wp-content\/uploads\/2026\/04\/30123645\/1-576x1024.jpg\" alt=\"\" class=\"wp-image-243079\" srcset=\"https:\/\/cdn1.mediawpaccore.net\/wp-content\/uploads\/2026\/04\/30123645\/1-576x1024.jpg 576w, https:\/\/cdn1.mediawpaccore.net\/wp-content\/uploads\/2026\/04\/30123645\/1-169x300.jpg 169w, https:\/\/cdn1.mediawpaccore.net\/wp-content\/uploads\/2026\/04\/30123645\/1-768x1365.jpg 768w, https:\/\/cdn1.mediawpaccore.net\/wp-content\/uploads\/2026\/04\/30123645\/1-864x1536.jpg 864w, https:\/\/cdn1.mediawpaccore.net\/wp-content\/uploads\/2026\/04\/30123645\/1-236x420.jpg 236w, https:\/\/cdn1.mediawpaccore.net\/wp-content\/uploads\/2026\/04\/30123645\/1-150x267.jpg 150w, https:\/\/cdn1.mediawpaccore.net\/wp-content\/uploads\/2026\/04\/30123645\/1-300x533.jpg 300w, https:\/\/cdn1.mediawpaccore.net\/wp-content\/uploads\/2026\/04\/30123645\/1-696x1237.jpg 696w, https:\/\/cdn1.mediawpaccore.net\/wp-content\/uploads\/2026\/04\/30123645\/1-1068x1899.jpg 1068w, https:\/\/cdn1.mediawpaccore.net\/wp-content\/uploads\/2026\/04\/30123645\/1.jpg 1152w\" sizes=\"auto, (max-width: 576px) 100vw, 576px\" \/><\/figure>\n\n\n\n<p>\u00abDar este paso vital reconociendo que una\u00a0Cuba\u00a0libre es de enorme importancia para el Estado de Florida, para los Estados Unidos y para el mundo es hist\u00f3rico\u00bb, afirm\u00f3\u00a0Rosa Mar\u00eda Pay\u00e1.<\/p>\n\n\n\n<p>\u00abEl Acuerdo de Liberaci\u00f3n demuestra que los cubanos tenemos un plan y estamos listos para liderar el proceso de transici\u00f3n que\u00a0Cuba\u00a0tanto necesita hoy. Agradecemos que los legisladores de Florida est\u00e9n apoyando y reconociendo esta hoja de ruta cubana para la liberaci\u00f3n, la estabilizaci\u00f3n, la reconstrucci\u00f3n y la democratizaci\u00f3n. Queremos ser muy claros: no puede haber estabilizaci\u00f3n bajo la represi\u00f3n en\u00a0Cuba. Promovemos un plan de transici\u00f3n integral que concluir\u00e1 con elecciones libres, justas y multipartidistas. Es profundamente significativo que el Estado de Florida est\u00e1 liderando el camino en el reconocimiento de la alternativa democr\u00e1tica para el pueblo cubano, y eso es lo que representa el Acuerdo de Liberaci\u00f3n.\u00bb, agrega. <\/p>\n\n\n\n<p>\u00abLa raz\u00f3n por la que emitimos esta proclamaci\u00f3n es porque, por primera vez en casi 70 a\u00f1os, los grupos de la sociedad civil cubana que defienden una transici\u00f3n democr\u00e1tica dentro y fuera de\u00a0Cuba\u00a0se han unido en torno a un marco de planificaci\u00f3n de la transici\u00f3n\u00bb, declar\u00f3 por su lado la\u00a0senadora Alexis Calatayud.\u00a0<\/p>\n\n\n\n<p>\u00abEste marco ha sido presentado y trabajado conjuntamente con el Departamento de Estado de los Estados Unidos. Est\u00e1 alineado con una administraci\u00f3n estadounidense dispuesta a tomar medidas concretas para apoyar el Acuerdo de Liberaci\u00f3n y poner fin a la dictadura cubana. Florida alberga al mayor n\u00famero de exiliados cubanos en el mundo y debe liderar el apoyo al Acuerdo de Liberaci\u00f3n como el camino hacia una transici\u00f3n democr\u00e1tica en\u00a0Cuba\u00a0en la que los cubanos sean los protagonistas de su propio futuro.\u00bb, indic\u00f3.<\/p>\n\n\n\n<figure class=\"wp-block-image size-large\"><img loading=\"lazy\" decoding=\"async\" width=\"576\" height=\"1024\" src=\"https:\/\/cdn1.mediawpaccore.net\/wp-content\/uploads\/2026\/04\/30123822\/Senateproclamation2-576x1024.jpeg\" alt=\"\" class=\"wp-image-243080\" srcset=\"https:\/\/cdn1.mediawpaccore.net\/wp-content\/uploads\/2026\/04\/30123822\/Senateproclamation2-576x1024.jpeg 576w, https:\/\/cdn1.mediawpaccore.net\/wp-content\/uploads\/2026\/04\/30123822\/Senateproclamation2-169x300.jpeg 169w, https:\/\/cdn1.mediawpaccore.net\/wp-content\/uploads\/2026\/04\/30123822\/Senateproclamation2-768x1365.jpeg 768w, https:\/\/cdn1.mediawpaccore.net\/wp-content\/uploads\/2026\/04\/30123822\/Senateproclamation2-864x1536.jpeg 864w, https:\/\/cdn1.mediawpaccore.net\/wp-content\/uploads\/2026\/04\/30123822\/Senateproclamation2-236x420.jpeg 236w, https:\/\/cdn1.mediawpaccore.net\/wp-content\/uploads\/2026\/04\/30123822\/Senateproclamation2-150x267.jpeg 150w, https:\/\/cdn1.mediawpaccore.net\/wp-content\/uploads\/2026\/04\/30123822\/Senateproclamation2-300x533.jpeg 300w, https:\/\/cdn1.mediawpaccore.net\/wp-content\/uploads\/2026\/04\/30123822\/Senateproclamation2-696x1237.jpeg 696w, https:\/\/cdn1.mediawpaccore.net\/wp-content\/uploads\/2026\/04\/30123822\/Senateproclamation2-1068x1899.jpeg 1068w, https:\/\/cdn1.mediawpaccore.net\/wp-content\/uploads\/2026\/04\/30123822\/Senateproclamation2.jpeg 1152w\" sizes=\"auto, (max-width: 576px) 100vw, 576px\" \/><\/figure>\n\n\n\n<p id=\"m_-7820482882052323780isPasted\">El comunicado explica que \u00abel reconocimiento por parte de los legisladores de Florida subraya los lazos hist\u00f3ricos y culturales del estado con la comunidad cubana y reafirma su papel de liderazgo en la defensa de la democracia y los derechos humanos en el hemisferio occidental\u00bb.<\/p>\n\n\n\n<p>La nota explica que \u00abEl Acuerdo de Liberaci\u00f3n es un marco integral de transici\u00f3n desarrollado por l\u00edderes de la sociedad civil cubana y figuras democr\u00e1ticas de la oposici\u00f3n. Establece una hoja de ruta para el camino de\u00a0Cuba\u00a0desde la dictadura hacia la democracia, a cubrir la reconstrucci\u00f3n pol\u00edtica, econ\u00f3mica y social, con el compromiso de celebrar elecciones libres, justas y multipartidistas como etapa final\u00bb.<\/p>\n\n\n\n<p><\/p>\n","protected":false},"excerpt":{"rendered":"<p>De acuerdo a un comunicado enviado a Cuballama Noticias se trata de \u00abuna demostraci\u00f3n hist\u00f3rica de apoyo bipartidista\u00bb, y \u00abmarca un hito significativo en el compromiso de Florida con el derecho del pueblo cubano a la autodeterminaci\u00f3n, la libertad y la gobernanza democr\u00e1tica\u00bb.<\/p>\n","protected":false},"author":24,"featured_media":243078,"comment_status":"open","ping_status":"closed","sticky":false,"template":"","format":"standard","meta":{"_acf_changed":false,"footnotes":""},"categories":[18,955],"tags":[10867,11,92,11050,600,32467,11017],"class_list":{"0":"post-243077","1":"post","2":"type-post","3":"status-publish","4":"format-standard","5":"has-post-thumbnail","7":"category-noticias","8":"category-noticias-de-cuba","9":"tag-crisis-en-cuba","10":"tag-cuba","11":"tag-cubanos","12":"tag-cubanos-en-miami","13":"tag-migrantes-cubanos","14":"tag-rosa-maria-paya-2","15":"tag-superdestacado"},"acf":[],"yoast_head":"<!-- This site is optimized with the Yoast SEO plugin v27.5 - https:\/\/yoast.com\/product\/yoast-seo-wordpress\/ -->\n<title>Senado de Florida respalda importante acuerdo para la &quot; liberaci\u00f3n de Cuba&quot; presentado por Rosa Mar\u00eda Pay\u00e1 - Cuballama Noticias<\/title>\n<meta name=\"description\" content=\"Un grupo de legisladores de la Legislatura de Florida reconocieron un proyecto impulsado por Rosa Mar\u00eda Pay\u00e1\" \/>\n<meta name=\"robots\" content=\"index, follow, max-snippet:-1, max-image-preview:large, max-video-preview:-1\" \/>\n<link rel=\"canonical\" href=\"https:\/\/www.cuballama.com\/noticias\/senado-de-florida-respalda-importante-acuerdo-para-la-liberacion-de-cuba-presentado-por-rosa-maria-paya\/\" \/>\n<meta property=\"og:locale\" content=\"es_ES\" \/>\n<meta property=\"og:type\" content=\"article\" \/>\n<meta property=\"og:title\" content=\"Senado de Florida respalda importante acuerdo para la &quot; liberaci\u00f3n de Cuba&quot; presentado por Rosa Mar\u00eda Pay\u00e1 - Cuballama Noticias\" \/>\n<meta property=\"og:description\" content=\"Un grupo de legisladores de la Legislatura de Florida reconocieron un proyecto impulsado por Rosa Mar\u00eda Pay\u00e1\" \/>\n<meta property=\"og:url\" content=\"https:\/\/www.cuballama.com\/noticias\/senado-de-florida-respalda-importante-acuerdo-para-la-liberacion-de-cuba-presentado-por-rosa-maria-paya\/\" \/>\n<meta property=\"og:site_name\" content=\"Cuballama Noticias\" \/>\n<meta property=\"article:publisher\" content=\"https:\/\/www.facebook.com\/CubaLlama\" \/>\n<meta property=\"article:published_time\" content=\"2026-04-30T16:45:03+00:00\" \/>\n<meta property=\"article:modified_time\" content=\"2026-04-30T16:45:06+00:00\" \/>\n<meta property=\"og:image\" content=\"https:\/\/cdn1.mediawpaccore.net\/wp-content\/uploads\/2026\/04\/30123433\/unnamed-1.jpg\" \/>\n\t<meta property=\"og:image:width\" content=\"1600\" \/>\n\t<meta property=\"og:image:height\" content=\"900\" \/>\n\t<meta property=\"og:image:type\" content=\"image\/jpeg\" \/>\n<meta name=\"author\" content=\"Manu\" \/>\n<meta name=\"twitter:card\" content=\"summary_large_image\" \/>\n<meta name=\"twitter:creator\" content=\"@cuballama\" \/>\n<meta name=\"twitter:site\" content=\"@cuballama\" \/>\n<meta name=\"twitter:label1\" content=\"Escrito por\" \/>\n\t<meta name=\"twitter:data1\" content=\"Manu\" \/>\n\t<meta name=\"twitter:label2\" content=\"Tiempo de lectura\" \/>\n\t<meta name=\"twitter:data2\" content=\"4 minutos\" \/>\n<script type=\"application\/ld+json\" class=\"yoast-schema-graph\">{\"@context\":\"https:\\\/\\\/schema.org\",\"@graph\":[{\"@type\":\"Article\",\"@id\":\"https:\\\/\\\/www.cuballama.com\\\/noticias\\\/senado-de-florida-respalda-importante-acuerdo-para-la-liberacion-de-cuba-presentado-por-rosa-maria-paya\\\/#article\",\"isPartOf\":{\"@id\":\"https:\\\/\\\/www.cuballama.com\\\/noticias\\\/senado-de-florida-respalda-importante-acuerdo-para-la-liberacion-de-cuba-presentado-por-rosa-maria-paya\\\/\"},\"author\":{\"name\":\"Manu\",\"@id\":\"https:\\\/\\\/www.cuballama.com\\\/noticias\\\/#\\\/schema\\\/person\\\/5889f7d070564f8386e7944d14d436cd\"},\"headline\":\"Senado de Florida respalda importante acuerdo para la \u00bb liberaci\u00f3n de Cuba\u00bb presentado por Rosa Mar\u00eda Pay\u00e1\",\"datePublished\":\"2026-04-30T16:45:03+00:00\",\"dateModified\":\"2026-04-30T16:45:06+00:00\",\"mainEntityOfPage\":{\"@id\":\"https:\\\/\\\/www.cuballama.com\\\/noticias\\\/senado-de-florida-respalda-importante-acuerdo-para-la-liberacion-de-cuba-presentado-por-rosa-maria-paya\\\/\"},\"wordCount\":704,\"commentCount\":0,\"publisher\":{\"@id\":\"https:\\\/\\\/www.cuballama.com\\\/noticias\\\/#organization\"},\"image\":{\"@id\":\"https:\\\/\\\/www.cuballama.com\\\/noticias\\\/senado-de-florida-respalda-importante-acuerdo-para-la-liberacion-de-cuba-presentado-por-rosa-maria-paya\\\/#primaryimage\"},\"thumbnailUrl\":\"https:\\\/\\\/cdn1.mediawpaccore.net\\\/wp-content\\\/uploads\\\/2026\\\/04\\\/30123433\\\/unnamed-1.jpg\",\"keywords\":[\"Crisis en Cuba\",\"Cuba\",\"cubanos\",\"cubanos en Miami\",\"Migrantes cubanos\",\"Rosa Mar\u00eda Paya\",\"superdestacado\"],\"articleSection\":[\"Noticias\",\"Noticias de Cuba\"],\"inLanguage\":\"es\",\"potentialAction\":[{\"@type\":\"CommentAction\",\"name\":\"Comment\",\"target\":[\"https:\\\/\\\/www.cuballama.com\\\/noticias\\\/senado-de-florida-respalda-importante-acuerdo-para-la-liberacion-de-cuba-presentado-por-rosa-maria-paya\\\/#respond\"]}]},{\"@type\":\"WebPage\",\"@id\":\"https:\\\/\\\/www.cuballama.com\\\/noticias\\\/senado-de-florida-respalda-importante-acuerdo-para-la-liberacion-de-cuba-presentado-por-rosa-maria-paya\\\/\",\"url\":\"https:\\\/\\\/www.cuballama.com\\\/noticias\\\/senado-de-florida-respalda-importante-acuerdo-para-la-liberacion-de-cuba-presentado-por-rosa-maria-paya\\\/\",\"name\":\"Senado de Florida respalda importante acuerdo para la \\\" liberaci\u00f3n de Cuba\\\" presentado por Rosa Mar\u00eda Pay\u00e1 - Cuballama Noticias\",\"isPartOf\":{\"@id\":\"https:\\\/\\\/www.cuballama.com\\\/noticias\\\/#website\"},\"primaryImageOfPage\":{\"@id\":\"https:\\\/\\\/www.cuballama.com\\\/noticias\\\/senado-de-florida-respalda-importante-acuerdo-para-la-liberacion-de-cuba-presentado-por-rosa-maria-paya\\\/#primaryimage\"},\"image\":{\"@id\":\"https:\\\/\\\/www.cuballama.com\\\/noticias\\\/senado-de-florida-respalda-importante-acuerdo-para-la-liberacion-de-cuba-presentado-por-rosa-maria-paya\\\/#primaryimage\"},\"thumbnailUrl\":\"https:\\\/\\\/cdn1.mediawpaccore.net\\\/wp-content\\\/uploads\\\/2026\\\/04\\\/30123433\\\/unnamed-1.jpg\",\"datePublished\":\"2026-04-30T16:45:03+00:00\",\"dateModified\":\"2026-04-30T16:45:06+00:00\",\"description\":\"Un grupo de legisladores de la Legislatura de Florida reconocieron un proyecto impulsado por Rosa Mar\u00eda Pay\u00e1\",\"breadcrumb\":{\"@id\":\"https:\\\/\\\/www.cuballama.com\\\/noticias\\\/senado-de-florida-respalda-importante-acuerdo-para-la-liberacion-de-cuba-presentado-por-rosa-maria-paya\\\/#breadcrumb\"},\"inLanguage\":\"es\",\"potentialAction\":[{\"@type\":\"ReadAction\",\"target\":[\"https:\\\/\\\/www.cuballama.com\\\/noticias\\\/senado-de-florida-respalda-importante-acuerdo-para-la-liberacion-de-cuba-presentado-por-rosa-maria-paya\\\/\"]}]},{\"@type\":\"ImageObject\",\"inLanguage\":\"es\",\"@id\":\"https:\\\/\\\/www.cuballama.com\\\/noticias\\\/senado-de-florida-respalda-importante-acuerdo-para-la-liberacion-de-cuba-presentado-por-rosa-maria-paya\\\/#primaryimage\",\"url\":\"https:\\\/\\\/cdn1.mediawpaccore.net\\\/wp-content\\\/uploads\\\/2026\\\/04\\\/30123433\\\/unnamed-1.jpg\",\"contentUrl\":\"https:\\\/\\\/cdn1.mediawpaccore.net\\\/wp-content\\\/uploads\\\/2026\\\/04\\\/30123433\\\/unnamed-1.jpg\",\"width\":1600,\"height\":900,\"caption\":\"Rosa Mar\u00eda Paya presentando el acuerdo ante un grupo de representantes de la pol\u00edtica estadounidense. Fotos: Cortes\u00eda de los organizadores.\"},{\"@type\":\"BreadcrumbList\",\"@id\":\"https:\\\/\\\/www.cuballama.com\\\/noticias\\\/senado-de-florida-respalda-importante-acuerdo-para-la-liberacion-de-cuba-presentado-por-rosa-maria-paya\\\/#breadcrumb\",\"itemListElement\":[{\"@type\":\"ListItem\",\"position\":1,\"name\":\"Home\",\"item\":\"https:\\\/\\\/www.cuballama.com\\\/noticias\\\/\"},{\"@type\":\"ListItem\",\"position\":2,\"name\":\"Senado de Florida respalda importante acuerdo para la \u00bb liberaci\u00f3n de Cuba\u00bb presentado por Rosa Mar\u00eda Pay\u00e1\"}]},{\"@type\":\"WebSite\",\"@id\":\"https:\\\/\\\/www.cuballama.com\\\/noticias\\\/#website\",\"url\":\"https:\\\/\\\/www.cuballama.com\\\/noticias\\\/\",\"name\":\"Cuballama Noticias\",\"description\":\"Medio digital sobre Cuba y el mundo\",\"publisher\":{\"@id\":\"https:\\\/\\\/www.cuballama.com\\\/noticias\\\/#organization\"},\"potentialAction\":[{\"@type\":\"SearchAction\",\"target\":{\"@type\":\"EntryPoint\",\"urlTemplate\":\"https:\\\/\\\/www.cuballama.com\\\/noticias\\\/?s={search_term_string}\"},\"query-input\":{\"@type\":\"PropertyValueSpecification\",\"valueRequired\":true,\"valueName\":\"search_term_string\"}}],\"inLanguage\":\"es\"},{\"@type\":\"Organization\",\"@id\":\"https:\\\/\\\/www.cuballama.com\\\/noticias\\\/#organization\",\"name\":\"Cuballama\",\"url\":\"https:\\\/\\\/www.cuballama.com\\\/noticias\\\/\",\"logo\":{\"@type\":\"ImageObject\",\"inLanguage\":\"es\",\"@id\":\"https:\\\/\\\/www.cuballama.com\\\/noticias\\\/#\\\/schema\\\/logo\\\/image\\\/\",\"url\":\"https:\\\/\\\/cdn1.mediawpaccore.net\\\/wp-content\\\/uploads\\\/2021\\\/12\\\/28171206\\\/cbll-logo-color-sm.png\",\"contentUrl\":\"https:\\\/\\\/cdn1.mediawpaccore.net\\\/wp-content\\\/uploads\\\/2021\\\/12\\\/28171206\\\/cbll-logo-color-sm.png\",\"width\":600,\"height\":133,\"caption\":\"Cuballama\"},\"image\":{\"@id\":\"https:\\\/\\\/www.cuballama.com\\\/noticias\\\/#\\\/schema\\\/logo\\\/image\\\/\"},\"sameAs\":[\"https:\\\/\\\/www.facebook.com\\\/CubaLlama\",\"https:\\\/\\\/x.com\\\/cuballama\",\"https:\\\/\\\/www.instagram.com\\\/stories\\\/cuballama_oficial\\\/\",\"https:\\\/\\\/www.youtube.com\\\/channel\\\/UCKkFE-d_axENGZcrc4as0IA\"]},{\"@type\":\"Person\",\"@id\":\"https:\\\/\\\/www.cuballama.com\\\/noticias\\\/#\\\/schema\\\/person\\\/5889f7d070564f8386e7944d14d436cd\",\"name\":\"Manu\",\"url\":\"https:\\\/\\\/www.cuballama.com\\\/noticias\\\/author\\\/manu\\\/\"}]}<\/script>\n<!-- \/ Yoast SEO plugin. -->","yoast_head_json":{"title":"Senado de Florida respalda importante acuerdo para la \" liberaci\u00f3n de Cuba\" presentado por Rosa Mar\u00eda Pay\u00e1 - Cuballama Noticias","description":"Un grupo de legisladores de la Legislatura de Florida reconocieron un proyecto impulsado por Rosa Mar\u00eda Pay\u00e1","robots":{"index":"index","follow":"follow","max-snippet":"max-snippet:-1","max-image-preview":"max-image-preview:large","max-video-preview":"max-video-preview:-1"},"canonical":"https:\/\/www.cuballama.com\/noticias\/senado-de-florida-respalda-importante-acuerdo-para-la-liberacion-de-cuba-presentado-por-rosa-maria-paya\/","og_locale":"es_ES","og_type":"article","og_title":"Senado de Florida respalda importante acuerdo para la \" liberaci\u00f3n de Cuba\" presentado por Rosa Mar\u00eda Pay\u00e1 - Cuballama Noticias","og_description":"Un grupo de legisladores de la Legislatura de Florida reconocieron un proyecto impulsado por Rosa Mar\u00eda Pay\u00e1","og_url":"https:\/\/www.cuballama.com\/noticias\/senado-de-florida-respalda-importante-acuerdo-para-la-liberacion-de-cuba-presentado-por-rosa-maria-paya\/","og_site_name":"Cuballama Noticias","article_publisher":"https:\/\/www.facebook.com\/CubaLlama","article_published_time":"2026-04-30T16:45:03+00:00","article_modified_time":"2026-04-30T16:45:06+00:00","og_image":[{"width":1600,"height":900,"url":"https:\/\/cdn1.mediawpaccore.net\/wp-content\/uploads\/2026\/04\/30123433\/unnamed-1.jpg","type":"image\/jpeg"}],"author":"Manu","twitter_card":"summary_large_image","twitter_creator":"@cuballama","twitter_site":"@cuballama","twitter_misc":{"Escrito por":"Manu","Tiempo de lectura":"4 minutos"},"schema":{"@context":"https:\/\/schema.org","@graph":[{"@type":"Article","@id":"https:\/\/www.cuballama.com\/noticias\/senado-de-florida-respalda-importante-acuerdo-para-la-liberacion-de-cuba-presentado-por-rosa-maria-paya\/#article","isPartOf":{"@id":"https:\/\/www.cuballama.com\/noticias\/senado-de-florida-respalda-importante-acuerdo-para-la-liberacion-de-cuba-presentado-por-rosa-maria-paya\/"},"author":{"name":"Manu","@id":"https:\/\/www.cuballama.com\/noticias\/#\/schema\/person\/5889f7d070564f8386e7944d14d436cd"},"headline":"Senado de Florida respalda importante acuerdo para la \u00bb liberaci\u00f3n de Cuba\u00bb presentado por Rosa Mar\u00eda Pay\u00e1","datePublished":"2026-04-30T16:45:03+00:00","dateModified":"2026-04-30T16:45:06+00:00","mainEntityOfPage":{"@id":"https:\/\/www.cuballama.com\/noticias\/senado-de-florida-respalda-importante-acuerdo-para-la-liberacion-de-cuba-presentado-por-rosa-maria-paya\/"},"wordCount":704,"commentCount":0,"publisher":{"@id":"https:\/\/www.cuballama.com\/noticias\/#organization"},"image":{"@id":"https:\/\/www.cuballama.com\/noticias\/senado-de-florida-respalda-importante-acuerdo-para-la-liberacion-de-cuba-presentado-por-rosa-maria-paya\/#primaryimage"},"thumbnailUrl":"https:\/\/cdn1.mediawpaccore.net\/wp-content\/uploads\/2026\/04\/30123433\/unnamed-1.jpg","keywords":["Crisis en Cuba","Cuba","cubanos","cubanos en Miami","Migrantes cubanos","Rosa Mar\u00eda Paya","superdestacado"],"articleSection":["Noticias","Noticias de Cuba"],"inLanguage":"es","potentialAction":[{"@type":"CommentAction","name":"Comment","target":["https:\/\/www.cuballama.com\/noticias\/senado-de-florida-respalda-importante-acuerdo-para-la-liberacion-de-cuba-presentado-por-rosa-maria-paya\/#respond"]}]},{"@type":"WebPage","@id":"https:\/\/www.cuballama.com\/noticias\/senado-de-florida-respalda-importante-acuerdo-para-la-liberacion-de-cuba-presentado-por-rosa-maria-paya\/","url":"https:\/\/www.cuballama.com\/noticias\/senado-de-florida-respalda-importante-acuerdo-para-la-liberacion-de-cuba-presentado-por-rosa-maria-paya\/","name":"Senado de Florida respalda importante acuerdo para la \" liberaci\u00f3n de Cuba\" presentado por Rosa Mar\u00eda Pay\u00e1 - Cuballama Noticias","isPartOf":{"@id":"https:\/\/www.cuballama.com\/noticias\/#website"},"primaryImageOfPage":{"@id":"https:\/\/www.cuballama.com\/noticias\/senado-de-florida-respalda-importante-acuerdo-para-la-liberacion-de-cuba-presentado-por-rosa-maria-paya\/#primaryimage"},"image":{"@id":"https:\/\/www.cuballama.com\/noticias\/senado-de-florida-respalda-importante-acuerdo-para-la-liberacion-de-cuba-presentado-por-rosa-maria-paya\/#primaryimage"},"thumbnailUrl":"https:\/\/cdn1.mediawpaccore.net\/wp-content\/uploads\/2026\/04\/30123433\/unnamed-1.jpg","datePublished":"2026-04-30T16:45:03+00:00","dateModified":"2026-04-30T16:45:06+00:00","description":"Un grupo de legisladores de la Legislatura de Florida reconocieron un proyecto impulsado por Rosa Mar\u00eda Pay\u00e1","breadcrumb":{"@id":"https:\/\/www.cuballama.com\/noticias\/senado-de-florida-respalda-importante-acuerdo-para-la-liberacion-de-cuba-presentado-por-rosa-maria-paya\/#breadcrumb"},"inLanguage":"es","potentialAction":[{"@type":"ReadAction","target":["https:\/\/www.cuballama.com\/noticias\/senado-de-florida-respalda-importante-acuerdo-para-la-liberacion-de-cuba-presentado-por-rosa-maria-paya\/"]}]},{"@type":"ImageObject","inLanguage":"es","@id":"https:\/\/www.cuballama.com\/noticias\/senado-de-florida-respalda-importante-acuerdo-para-la-liberacion-de-cuba-presentado-por-rosa-maria-paya\/#primaryimage","url":"https:\/\/cdn1.mediawpaccore.net\/wp-content\/uploads\/2026\/04\/30123433\/unnamed-1.jpg","contentUrl":"https:\/\/cdn1.mediawpaccore.net\/wp-content\/uploads\/2026\/04\/30123433\/unnamed-1.jpg","width":1600,"height":900,"caption":"Rosa Mar\u00eda Paya presentando el acuerdo ante un grupo de representantes de la pol\u00edtica estadounidense. Fotos: Cortes\u00eda de los organizadores."},{"@type":"BreadcrumbList","@id":"https:\/\/www.cuballama.com\/noticias\/senado-de-florida-respalda-importante-acuerdo-para-la-liberacion-de-cuba-presentado-por-rosa-maria-paya\/#breadcrumb","itemListElement":[{"@type":"ListItem","position":1,"name":"Home","item":"https:\/\/www.cuballama.com\/noticias\/"},{"@type":"ListItem","position":2,"name":"Senado de Florida respalda importante acuerdo para la \u00bb liberaci\u00f3n de Cuba\u00bb presentado por Rosa Mar\u00eda Pay\u00e1"}]},{"@type":"WebSite","@id":"https:\/\/www.cuballama.com\/noticias\/#website","url":"https:\/\/www.cuballama.com\/noticias\/","name":"Cuballama Noticias","description":"Medio digital sobre Cuba y el mundo","publisher":{"@id":"https:\/\/www.cuballama.com\/noticias\/#organization"},"potentialAction":[{"@type":"SearchAction","target":{"@type":"EntryPoint","urlTemplate":"https:\/\/www.cuballama.com\/noticias\/?s={search_term_string}"},"query-input":{"@type":"PropertyValueSpecification","valueRequired":true,"valueName":"search_term_string"}}],"inLanguage":"es"},{"@type":"Organization","@id":"https:\/\/www.cuballama.com\/noticias\/#organization","name":"Cuballama","url":"https:\/\/www.cuballama.com\/noticias\/","logo":{"@type":"ImageObject","inLanguage":"es","@id":"https:\/\/www.cuballama.com\/noticias\/#\/schema\/logo\/image\/","url":"https:\/\/cdn1.mediawpaccore.net\/wp-content\/uploads\/2021\/12\/28171206\/cbll-logo-color-sm.png","contentUrl":"https:\/\/cdn1.mediawpaccore.net\/wp-content\/uploads\/2021\/12\/28171206\/cbll-logo-color-sm.png","width":600,"height":133,"caption":"Cuballama"},"image":{"@id":"https:\/\/www.cuballama.com\/noticias\/#\/schema\/logo\/image\/"},"sameAs":["https:\/\/www.facebook.com\/CubaLlama","https:\/\/x.com\/cuballama","https:\/\/www.instagram.com\/stories\/cuballama_oficial\/","https:\/\/www.youtube.com\/channel\/UCKkFE-d_axENGZcrc4as0IA"]},{"@type":"Person","@id":"https:\/\/www.cuballama.com\/noticias\/#\/schema\/person\/5889f7d070564f8386e7944d14d436cd","name":"Manu","url":"https:\/\/www.cuballama.com\/noticias\/author\/manu\/"}]}},"_links":{"self":[{"href":"https:\/\/www.cuballama.com\/noticias\/wp-json\/wp\/v2\/posts\/243077","targetHints":{"allow":["GET"]}}],"collection":[{"href":"https:\/\/www.cuballama.com\/noticias\/wp-json\/wp\/v2\/posts"}],"about":[{"href":"https:\/\/www.cuballama.com\/noticias\/wp-json\/wp\/v2\/types\/post"}],"author":[{"embeddable":true,"href":"https:\/\/www.cuballama.com\/noticias\/wp-json\/wp\/v2\/users\/24"}],"replies":[{"embeddable":true,"href":"https:\/\/www.cuballama.com\/noticias\/wp-json\/wp\/v2\/comments?post=243077"}],"version-history":[{"count":1,"href":"https:\/\/www.cuballama.com\/noticias\/wp-json\/wp\/v2\/posts\/243077\/revisions"}],"predecessor-version":[{"id":243081,"href":"https:\/\/www.cuballama.com\/noticias\/wp-json\/wp\/v2\/posts\/243077\/revisions\/243081"}],"wp:featuredmedia":[{"embeddable":true,"href":"https:\/\/www.cuballama.com\/noticias\/wp-json\/wp\/v2\/media\/243078"}],"wp:attachment":[{"href":"https:\/\/www.cuballama.com\/noticias\/wp-json\/wp\/v2\/media?parent=243077"}],"wp:term":[{"taxonomy":"category","embeddable":true,"href":"https:\/\/www.cuballama.com\/noticias\/wp-json\/wp\/v2\/categories?post=243077"},{"taxonomy":"post_tag","embeddable":true,"href":"https:\/\/www.cuballama.com\/noticias\/wp-json\/wp\/v2\/tags?post=243077"}],"curies":[{"name":"wp","href":"https:\/\/api.w.org\/{rel}","templated":true}]}}