{"id":243061,"date":"2026-04-30T11:46:32","date_gmt":"2026-04-30T15:46:32","guid":{"rendered":"https:\/\/www.cuballama.com\/noticias\/?p=243061"},"modified":"2026-04-30T11:46:36","modified_gmt":"2026-04-30T15:46:36","slug":"papa-por-favor-sacame-de-aqui-pide-adolescente-detenido-jonathan-david-mientras-el-regimen-lo-muestra-tocando-piano","status":"publish","type":"post","link":"https:\/\/www.cuballama.com\/noticias\/papa-por-favor-sacame-de-aqui-pide-adolescente-detenido-jonathan-david-mientras-el-regimen-lo-muestra-tocando-piano\/","title":{"rendered":"\u00abPap\u00e1, por favor, s\u00e1came de aqu\u00ed\u00bb, pide adolescente detenido Jonathan David, mientras el r\u00e9gimen lo muestra tocando piano"},"content":{"rendered":"\n<p>La imagen fue un burdo intento de manipulaci\u00f3n ante la presi\u00f3n en las redes sociales y a nivel internacional. El r\u00e9gimen cubano ha mostrado la primera foto del adolescente Jonathan David Muir Burgos desde su arresto por las protestas en Mor\u00f3n y lo ha hecho nada menos que tocando piano como si estuviera en un centro de vacaciones. Pero el contexto delata las dobleces de la foto. Se ve claramente las cercas de la prisi\u00f3n y el clima opresivo en que vive <a href=\"https:\/\/www.cuballama.com\/noticias\/congresistas-de-ee-uu-llegan-en-visita-oficial-a-cuba-y-sostienen-encuentro-con-diaz-canel\/?srsltid=AfmBOoot9mf6teh7nIwNqLQe9AiR93oN8lXbbqrsrdIFjcMfaG-TBrgr\" target=\"_blank\" rel=\"noreferrer noopener\">el ni\u00f1o,<\/a> quien adem\u00e1s est\u00e1 rapado y muestra una delgadez acusatoria.<\/p>\n\n\n\n<p>Jonathan no est\u00e1 en una prisi\u00f3n de m\u00ednima seguridad ni en un centro acorde a su edad. Se encuentra en la prisi\u00f3n de m\u00e1xima seguridad Canaleta, en Ciego de \u00c1vila, donde est\u00e1n recluidos presos de alta peligrosidad junto a otras personas que han cometido diversos delitos de diferente gravedad. Dicho en otras palabras: lo han internado como si se tratara de un hombre con una carga de delitos espantosa sobre la espalda.<\/p>\n\n\n\n<p>.\u201cCada minuto que pasa, no solo tenemos la gravedad del caso debido a los padecimientos de salud de Jonathan para los cuales no est\u00e1 recibiendo el tratamiento adecuado, sino que adem\u00e1s es una escalada constante de violencia del r\u00e9gimen cubano contra el menor y contra su familia\u201d, dijo a Mart\u00ed Noticias, Yunier Su\u00e1rez, subdirector de represi\u00f3n del Centro de Denuncias Defensa CD.<\/p>\n\n\n\n<p>La foto del muchacho junto al piano fue publicado por el sitio oficialista \u00abRazones de Cuba\u00bb, para tratar de apaciguar los \u00e1nimos pero ha tenido el efecto contrario por la manipulaci\u00f3n a la que est\u00e1 siendo sometido su caso. Jonathan adem\u00e1s necesita de tratamientos m\u00e9dicos urgentes para dolencias que padece, pero su familia ha dicho que no los est\u00e1 recibiendo, lo que pone en juego su salud. <\/p>\n\n\n\n<p>\u00abEl r\u00e9gimen pretend\u00eda enviar \u201cun mensaje claro de burla y de chantaje emocional a la familia. Esto, utilizando a un menor de edad, a un adolescente de apenas 16 a\u00f1os, encarcelado injustamente, utilizando su imagen para publicarla y adem\u00e1s para hacerle enviar un mensaje lamentable y terrible a la familia\u201d, a\u00f1adi\u00f3 Su\u00e1rez a Radio Mart\u00ed. <\/p>\n\n\n\n<p>El padre de Jonathan, el pastor Elier Muir, ha denunciado en varias ocasiones la situaci\u00f3n extrema que vive su hijo tras las rejas. \u00abEst\u00e1 desnutrido, cada d\u00eda baja m\u00e1s y m\u00e1s\u00bb, ha dicho. Esa es la verdadera imagen que se esconde tras la foto publicada y que nadie puede esconder. Un adolescente preso, enfermo, desnutrido y v\u00edctima de la represi\u00f3n cuando deber\u00eda estar en su casa, con su familia.  <\/p>\n\n\n\n<p>El sufrimiento del joven se ha hecho notar en las palabras que le dedica a su padre, el pastor. \u00abPap\u00e1, por favor, s\u00e1came de aqu\u00ed, pap\u00e1, ya no resisto m\u00e1s\u00bb, ha pedido en un mensaje que demuestra la situaci\u00f3n a la que est\u00e1 siendo sometido. <\/p>\n\n\n\n<p>\u201cRazones de Cuba se hace eco del crimen horrendo que cometen con un joven que no es un v\u00e1ndalo, que no es un delincuente, que no es una persona de mala conducta social. Lo refleja la comunidad entera donde vivimos, que s\u00ed tienen la mejor opini\u00f3n de nuestro hijo, que, si la prensa autorizada en Cuba pudiera hacernos entrevistas, tenemos muchas personas capaces de expresarse a favor de Jonathan\u201d, se\u00f1al\u00f3 Muir, al citado medio. .<\/p>\n\n\n\n<p>\u201cLo denigran, lo est\u00e1n satanizando, le est\u00e1n creando un perfil como un delincuente, como un criminal para encausarlo, para incriminarlo, no solamente al ni\u00f1o, a m\u00ed tambi\u00e9n como pastor y como padre. As\u00ed de esa manera sucia es como se opera aqu\u00ed, esa es la justicia de aqu\u00ed\u201d, agreg\u00f3 el padre. <\/p>\n\n\n\n<p> La Comisi\u00f3n Interamericana de Derechos Humanos (CIDH) ha otorgado medidas cautelares en favor del <a href=\"https:\/\/www.cubanet.org\/lo-utilizaron-padre-de-jonathan-muir-denuncia-uso-no-autorizado-de-la-imagen-del-menor\/\" target=\"_blank\" rel=\"noreferrer noopener\">adolescente<\/a>, dado que considera que sus derechos a la vida, integridad personal y salud est\u00e1n en alto riesgo, pero el r\u00e9gimen cubano ha preferido mostrar una foto que no solo no se corresponde con la realidad, sino que muestra c\u00f3mo opera el sistema en estos casos. <\/p>\n\n\n\n<p><\/p>\n","protected":false},"excerpt":{"rendered":"<p>La imagen fue un burdo intento de manipulaci\u00f3n ante la presi\u00f3n en las redes sociales y a nivel internacional. El r\u00e9gimen cubano ha mostrado la primera foto del adolescente Jonathan David Muir Burgos desde su arresto por las protestas en Mor\u00f3n y lo ha hecho nada menos que tocando piano como si estuviera en un [&hellip;]<\/p>\n","protected":false},"author":24,"featured_media":243070,"comment_status":"open","ping_status":"closed","sticky":false,"template":"","format":"standard","meta":{"_acf_changed":false,"footnotes":""},"categories":[18,955],"tags":[10867,11,92,941,32466],"class_list":{"0":"post-243061","1":"post","2":"type-post","3":"status-publish","4":"format-standard","5":"has-post-thumbnail","7":"category-noticias","8":"category-noticias-de-cuba","9":"tag-crisis-en-cuba","10":"tag-cuba","11":"tag-cubanos","12":"tag-destacado","13":"tag-jonathan-muir"},"acf":[],"yoast_head":"<!-- This site is optimized with the Yoast SEO plugin v27.5 - https:\/\/yoast.com\/product\/yoast-seo-wordpress\/ -->\n<title>&quot;Pap\u00e1, por favor, s\u00e1came de aqu\u00ed&quot;, pide adolescente detenido Jonathan David, mientras el r\u00e9gimen lo muestra tocando piano - Cuballama Noticias<\/title>\n<meta name=\"description\" content=\"El r\u00e9gimen cubano ha mostrado la primera foto del adolescente cubano Jonathan David Muir Burgos desde su arresto.\" \/>\n<meta name=\"robots\" content=\"index, follow, max-snippet:-1, max-image-preview:large, max-video-preview:-1\" \/>\n<link rel=\"canonical\" href=\"https:\/\/www.cuballama.com\/noticias\/papa-por-favor-sacame-de-aqui-pide-adolescente-detenido-jonathan-david-mientras-el-regimen-lo-muestra-tocando-piano\/\" \/>\n<meta property=\"og:locale\" content=\"es_ES\" \/>\n<meta property=\"og:type\" content=\"article\" \/>\n<meta property=\"og:title\" content=\"&quot;Pap\u00e1, por favor, s\u00e1came de aqu\u00ed&quot;, pide adolescente detenido Jonathan David, mientras el r\u00e9gimen lo muestra tocando piano - Cuballama Noticias\" \/>\n<meta property=\"og:description\" content=\"El r\u00e9gimen cubano ha mostrado la primera foto del adolescente cubano Jonathan David Muir Burgos desde su arresto.\" \/>\n<meta property=\"og:url\" content=\"https:\/\/www.cuballama.com\/noticias\/papa-por-favor-sacame-de-aqui-pide-adolescente-detenido-jonathan-david-mientras-el-regimen-lo-muestra-tocando-piano\/\" \/>\n<meta property=\"og:site_name\" content=\"Cuballama Noticias\" \/>\n<meta property=\"article:publisher\" content=\"https:\/\/www.facebook.com\/CubaLlama\" \/>\n<meta property=\"article:published_time\" content=\"2026-04-30T15:46:32+00:00\" \/>\n<meta property=\"article:modified_time\" content=\"2026-04-30T15:46:36+00:00\" \/>\n<meta property=\"og:image\" content=\"https:\/\/cdn1.mediawpaccore.net\/wp-content\/uploads\/2026\/04\/30113821\/jonathan-muir.jpg\" \/>\n\t<meta property=\"og:image:width\" content=\"777\" \/>\n\t<meta property=\"og:image:height\" content=\"388\" \/>\n\t<meta property=\"og:image:type\" content=\"image\/jpeg\" \/>\n<meta name=\"author\" content=\"Manu\" \/>\n<meta name=\"twitter:card\" content=\"summary_large_image\" \/>\n<meta name=\"twitter:creator\" content=\"@cuballama\" \/>\n<meta name=\"twitter:site\" content=\"@cuballama\" \/>\n<meta name=\"twitter:label1\" content=\"Escrito por\" \/>\n\t<meta name=\"twitter:data1\" content=\"Manu\" \/>\n\t<meta name=\"twitter:label2\" content=\"Tiempo de lectura\" \/>\n\t<meta name=\"twitter:data2\" content=\"4 minutos\" \/>\n<script type=\"application\/ld+json\" class=\"yoast-schema-graph\">{\"@context\":\"https:\\\/\\\/schema.org\",\"@graph\":[{\"@type\":\"Article\",\"@id\":\"https:\\\/\\\/www.cuballama.com\\\/noticias\\\/papa-por-favor-sacame-de-aqui-pide-adolescente-detenido-jonathan-david-mientras-el-regimen-lo-muestra-tocando-piano\\\/#article\",\"isPartOf\":{\"@id\":\"https:\\\/\\\/www.cuballama.com\\\/noticias\\\/papa-por-favor-sacame-de-aqui-pide-adolescente-detenido-jonathan-david-mientras-el-regimen-lo-muestra-tocando-piano\\\/\"},\"author\":{\"name\":\"Manu\",\"@id\":\"https:\\\/\\\/www.cuballama.com\\\/noticias\\\/#\\\/schema\\\/person\\\/5889f7d070564f8386e7944d14d436cd\"},\"headline\":\"\u00abPap\u00e1, por favor, s\u00e1came de aqu\u00ed\u00bb, pide adolescente detenido Jonathan David, mientras el r\u00e9gimen lo muestra tocando piano\",\"datePublished\":\"2026-04-30T15:46:32+00:00\",\"dateModified\":\"2026-04-30T15:46:36+00:00\",\"mainEntityOfPage\":{\"@id\":\"https:\\\/\\\/www.cuballama.com\\\/noticias\\\/papa-por-favor-sacame-de-aqui-pide-adolescente-detenido-jonathan-david-mientras-el-regimen-lo-muestra-tocando-piano\\\/\"},\"wordCount\":713,\"commentCount\":0,\"publisher\":{\"@id\":\"https:\\\/\\\/www.cuballama.com\\\/noticias\\\/#organization\"},\"image\":{\"@id\":\"https:\\\/\\\/www.cuballama.com\\\/noticias\\\/papa-por-favor-sacame-de-aqui-pide-adolescente-detenido-jonathan-david-mientras-el-regimen-lo-muestra-tocando-piano\\\/#primaryimage\"},\"thumbnailUrl\":\"https:\\\/\\\/cdn1.mediawpaccore.net\\\/wp-content\\\/uploads\\\/2026\\\/04\\\/30113821\\\/jonathan-muir.jpg\",\"keywords\":[\"Crisis en Cuba\",\"Cuba\",\"cubanos\",\"destacado\",\"Jonathan Muir\"],\"articleSection\":[\"Noticias\",\"Noticias de Cuba\"],\"inLanguage\":\"es\",\"potentialAction\":[{\"@type\":\"CommentAction\",\"name\":\"Comment\",\"target\":[\"https:\\\/\\\/www.cuballama.com\\\/noticias\\\/papa-por-favor-sacame-de-aqui-pide-adolescente-detenido-jonathan-david-mientras-el-regimen-lo-muestra-tocando-piano\\\/#respond\"]}]},{\"@type\":\"WebPage\",\"@id\":\"https:\\\/\\\/www.cuballama.com\\\/noticias\\\/papa-por-favor-sacame-de-aqui-pide-adolescente-detenido-jonathan-david-mientras-el-regimen-lo-muestra-tocando-piano\\\/\",\"url\":\"https:\\\/\\\/www.cuballama.com\\\/noticias\\\/papa-por-favor-sacame-de-aqui-pide-adolescente-detenido-jonathan-david-mientras-el-regimen-lo-muestra-tocando-piano\\\/\",\"name\":\"\\\"Pap\u00e1, por favor, s\u00e1came de aqu\u00ed\\\", pide adolescente detenido Jonathan David, mientras el r\u00e9gimen lo muestra tocando piano - Cuballama Noticias\",\"isPartOf\":{\"@id\":\"https:\\\/\\\/www.cuballama.com\\\/noticias\\\/#website\"},\"primaryImageOfPage\":{\"@id\":\"https:\\\/\\\/www.cuballama.com\\\/noticias\\\/papa-por-favor-sacame-de-aqui-pide-adolescente-detenido-jonathan-david-mientras-el-regimen-lo-muestra-tocando-piano\\\/#primaryimage\"},\"image\":{\"@id\":\"https:\\\/\\\/www.cuballama.com\\\/noticias\\\/papa-por-favor-sacame-de-aqui-pide-adolescente-detenido-jonathan-david-mientras-el-regimen-lo-muestra-tocando-piano\\\/#primaryimage\"},\"thumbnailUrl\":\"https:\\\/\\\/cdn1.mediawpaccore.net\\\/wp-content\\\/uploads\\\/2026\\\/04\\\/30113821\\\/jonathan-muir.jpg\",\"datePublished\":\"2026-04-30T15:46:32+00:00\",\"dateModified\":\"2026-04-30T15:46:36+00:00\",\"description\":\"El r\u00e9gimen cubano ha mostrado la primera foto del adolescente cubano Jonathan David Muir Burgos desde su arresto.\",\"breadcrumb\":{\"@id\":\"https:\\\/\\\/www.cuballama.com\\\/noticias\\\/papa-por-favor-sacame-de-aqui-pide-adolescente-detenido-jonathan-david-mientras-el-regimen-lo-muestra-tocando-piano\\\/#breadcrumb\"},\"inLanguage\":\"es\",\"potentialAction\":[{\"@type\":\"ReadAction\",\"target\":[\"https:\\\/\\\/www.cuballama.com\\\/noticias\\\/papa-por-favor-sacame-de-aqui-pide-adolescente-detenido-jonathan-david-mientras-el-regimen-lo-muestra-tocando-piano\\\/\"]}]},{\"@type\":\"ImageObject\",\"inLanguage\":\"es\",\"@id\":\"https:\\\/\\\/www.cuballama.com\\\/noticias\\\/papa-por-favor-sacame-de-aqui-pide-adolescente-detenido-jonathan-david-mientras-el-regimen-lo-muestra-tocando-piano\\\/#primaryimage\",\"url\":\"https:\\\/\\\/cdn1.mediawpaccore.net\\\/wp-content\\\/uploads\\\/2026\\\/04\\\/30113821\\\/jonathan-muir.jpg\",\"contentUrl\":\"https:\\\/\\\/cdn1.mediawpaccore.net\\\/wp-content\\\/uploads\\\/2026\\\/04\\\/30113821\\\/jonathan-muir.jpg\",\"width\":777,\"height\":388,\"caption\":\"Jonathan Muir\"},{\"@type\":\"BreadcrumbList\",\"@id\":\"https:\\\/\\\/www.cuballama.com\\\/noticias\\\/papa-por-favor-sacame-de-aqui-pide-adolescente-detenido-jonathan-david-mientras-el-regimen-lo-muestra-tocando-piano\\\/#breadcrumb\",\"itemListElement\":[{\"@type\":\"ListItem\",\"position\":1,\"name\":\"Home\",\"item\":\"https:\\\/\\\/www.cuballama.com\\\/noticias\\\/\"},{\"@type\":\"ListItem\",\"position\":2,\"name\":\"\u00abPap\u00e1, por favor, s\u00e1came de aqu\u00ed\u00bb, pide adolescente detenido Jonathan David, mientras el r\u00e9gimen lo muestra tocando piano\"}]},{\"@type\":\"WebSite\",\"@id\":\"https:\\\/\\\/www.cuballama.com\\\/noticias\\\/#website\",\"url\":\"https:\\\/\\\/www.cuballama.com\\\/noticias\\\/\",\"name\":\"Cuballama Noticias\",\"description\":\"Medio digital sobre Cuba y el mundo\",\"publisher\":{\"@id\":\"https:\\\/\\\/www.cuballama.com\\\/noticias\\\/#organization\"},\"potentialAction\":[{\"@type\":\"SearchAction\",\"target\":{\"@type\":\"EntryPoint\",\"urlTemplate\":\"https:\\\/\\\/www.cuballama.com\\\/noticias\\\/?s={search_term_string}\"},\"query-input\":{\"@type\":\"PropertyValueSpecification\",\"valueRequired\":true,\"valueName\":\"search_term_string\"}}],\"inLanguage\":\"es\"},{\"@type\":\"Organization\",\"@id\":\"https:\\\/\\\/www.cuballama.com\\\/noticias\\\/#organization\",\"name\":\"Cuballama\",\"url\":\"https:\\\/\\\/www.cuballama.com\\\/noticias\\\/\",\"logo\":{\"@type\":\"ImageObject\",\"inLanguage\":\"es\",\"@id\":\"https:\\\/\\\/www.cuballama.com\\\/noticias\\\/#\\\/schema\\\/logo\\\/image\\\/\",\"url\":\"https:\\\/\\\/cdn1.mediawpaccore.net\\\/wp-content\\\/uploads\\\/2021\\\/12\\\/28171206\\\/cbll-logo-color-sm.png\",\"contentUrl\":\"https:\\\/\\\/cdn1.mediawpaccore.net\\\/wp-content\\\/uploads\\\/2021\\\/12\\\/28171206\\\/cbll-logo-color-sm.png\",\"width\":600,\"height\":133,\"caption\":\"Cuballama\"},\"image\":{\"@id\":\"https:\\\/\\\/www.cuballama.com\\\/noticias\\\/#\\\/schema\\\/logo\\\/image\\\/\"},\"sameAs\":[\"https:\\\/\\\/www.facebook.com\\\/CubaLlama\",\"https:\\\/\\\/x.com\\\/cuballama\",\"https:\\\/\\\/www.instagram.com\\\/stories\\\/cuballama_oficial\\\/\",\"https:\\\/\\\/www.youtube.com\\\/channel\\\/UCKkFE-d_axENGZcrc4as0IA\"]},{\"@type\":\"Person\",\"@id\":\"https:\\\/\\\/www.cuballama.com\\\/noticias\\\/#\\\/schema\\\/person\\\/5889f7d070564f8386e7944d14d436cd\",\"name\":\"Manu\",\"url\":\"https:\\\/\\\/www.cuballama.com\\\/noticias\\\/author\\\/manu\\\/\"}]}<\/script>\n<!-- \/ Yoast SEO plugin. -->","yoast_head_json":{"title":"\"Pap\u00e1, por favor, s\u00e1came de aqu\u00ed\", pide adolescente detenido Jonathan David, mientras el r\u00e9gimen lo muestra tocando piano - Cuballama Noticias","description":"El r\u00e9gimen cubano ha mostrado la primera foto del adolescente cubano Jonathan David Muir Burgos desde su arresto.","robots":{"index":"index","follow":"follow","max-snippet":"max-snippet:-1","max-image-preview":"max-image-preview:large","max-video-preview":"max-video-preview:-1"},"canonical":"https:\/\/www.cuballama.com\/noticias\/papa-por-favor-sacame-de-aqui-pide-adolescente-detenido-jonathan-david-mientras-el-regimen-lo-muestra-tocando-piano\/","og_locale":"es_ES","og_type":"article","og_title":"\"Pap\u00e1, por favor, s\u00e1came de aqu\u00ed\", pide adolescente detenido Jonathan David, mientras el r\u00e9gimen lo muestra tocando piano - Cuballama Noticias","og_description":"El r\u00e9gimen cubano ha mostrado la primera foto del adolescente cubano Jonathan David Muir Burgos desde su arresto.","og_url":"https:\/\/www.cuballama.com\/noticias\/papa-por-favor-sacame-de-aqui-pide-adolescente-detenido-jonathan-david-mientras-el-regimen-lo-muestra-tocando-piano\/","og_site_name":"Cuballama Noticias","article_publisher":"https:\/\/www.facebook.com\/CubaLlama","article_published_time":"2026-04-30T15:46:32+00:00","article_modified_time":"2026-04-30T15:46:36+00:00","og_image":[{"width":777,"height":388,"url":"https:\/\/cdn1.mediawpaccore.net\/wp-content\/uploads\/2026\/04\/30113821\/jonathan-muir.jpg","type":"image\/jpeg"}],"author":"Manu","twitter_card":"summary_large_image","twitter_creator":"@cuballama","twitter_site":"@cuballama","twitter_misc":{"Escrito por":"Manu","Tiempo de lectura":"4 minutos"},"schema":{"@context":"https:\/\/schema.org","@graph":[{"@type":"Article","@id":"https:\/\/www.cuballama.com\/noticias\/papa-por-favor-sacame-de-aqui-pide-adolescente-detenido-jonathan-david-mientras-el-regimen-lo-muestra-tocando-piano\/#article","isPartOf":{"@id":"https:\/\/www.cuballama.com\/noticias\/papa-por-favor-sacame-de-aqui-pide-adolescente-detenido-jonathan-david-mientras-el-regimen-lo-muestra-tocando-piano\/"},"author":{"name":"Manu","@id":"https:\/\/www.cuballama.com\/noticias\/#\/schema\/person\/5889f7d070564f8386e7944d14d436cd"},"headline":"\u00abPap\u00e1, por favor, s\u00e1came de aqu\u00ed\u00bb, pide adolescente detenido Jonathan David, mientras el r\u00e9gimen lo muestra tocando piano","datePublished":"2026-04-30T15:46:32+00:00","dateModified":"2026-04-30T15:46:36+00:00","mainEntityOfPage":{"@id":"https:\/\/www.cuballama.com\/noticias\/papa-por-favor-sacame-de-aqui-pide-adolescente-detenido-jonathan-david-mientras-el-regimen-lo-muestra-tocando-piano\/"},"wordCount":713,"commentCount":0,"publisher":{"@id":"https:\/\/www.cuballama.com\/noticias\/#organization"},"image":{"@id":"https:\/\/www.cuballama.com\/noticias\/papa-por-favor-sacame-de-aqui-pide-adolescente-detenido-jonathan-david-mientras-el-regimen-lo-muestra-tocando-piano\/#primaryimage"},"thumbnailUrl":"https:\/\/cdn1.mediawpaccore.net\/wp-content\/uploads\/2026\/04\/30113821\/jonathan-muir.jpg","keywords":["Crisis en Cuba","Cuba","cubanos","destacado","Jonathan Muir"],"articleSection":["Noticias","Noticias de Cuba"],"inLanguage":"es","potentialAction":[{"@type":"CommentAction","name":"Comment","target":["https:\/\/www.cuballama.com\/noticias\/papa-por-favor-sacame-de-aqui-pide-adolescente-detenido-jonathan-david-mientras-el-regimen-lo-muestra-tocando-piano\/#respond"]}]},{"@type":"WebPage","@id":"https:\/\/www.cuballama.com\/noticias\/papa-por-favor-sacame-de-aqui-pide-adolescente-detenido-jonathan-david-mientras-el-regimen-lo-muestra-tocando-piano\/","url":"https:\/\/www.cuballama.com\/noticias\/papa-por-favor-sacame-de-aqui-pide-adolescente-detenido-jonathan-david-mientras-el-regimen-lo-muestra-tocando-piano\/","name":"\"Pap\u00e1, por favor, s\u00e1came de aqu\u00ed\", pide adolescente detenido Jonathan David, mientras el r\u00e9gimen lo muestra tocando piano - Cuballama Noticias","isPartOf":{"@id":"https:\/\/www.cuballama.com\/noticias\/#website"},"primaryImageOfPage":{"@id":"https:\/\/www.cuballama.com\/noticias\/papa-por-favor-sacame-de-aqui-pide-adolescente-detenido-jonathan-david-mientras-el-regimen-lo-muestra-tocando-piano\/#primaryimage"},"image":{"@id":"https:\/\/www.cuballama.com\/noticias\/papa-por-favor-sacame-de-aqui-pide-adolescente-detenido-jonathan-david-mientras-el-regimen-lo-muestra-tocando-piano\/#primaryimage"},"thumbnailUrl":"https:\/\/cdn1.mediawpaccore.net\/wp-content\/uploads\/2026\/04\/30113821\/jonathan-muir.jpg","datePublished":"2026-04-30T15:46:32+00:00","dateModified":"2026-04-30T15:46:36+00:00","description":"El r\u00e9gimen cubano ha mostrado la primera foto del adolescente cubano Jonathan David Muir Burgos desde su arresto.","breadcrumb":{"@id":"https:\/\/www.cuballama.com\/noticias\/papa-por-favor-sacame-de-aqui-pide-adolescente-detenido-jonathan-david-mientras-el-regimen-lo-muestra-tocando-piano\/#breadcrumb"},"inLanguage":"es","potentialAction":[{"@type":"ReadAction","target":["https:\/\/www.cuballama.com\/noticias\/papa-por-favor-sacame-de-aqui-pide-adolescente-detenido-jonathan-david-mientras-el-regimen-lo-muestra-tocando-piano\/"]}]},{"@type":"ImageObject","inLanguage":"es","@id":"https:\/\/www.cuballama.com\/noticias\/papa-por-favor-sacame-de-aqui-pide-adolescente-detenido-jonathan-david-mientras-el-regimen-lo-muestra-tocando-piano\/#primaryimage","url":"https:\/\/cdn1.mediawpaccore.net\/wp-content\/uploads\/2026\/04\/30113821\/jonathan-muir.jpg","contentUrl":"https:\/\/cdn1.mediawpaccore.net\/wp-content\/uploads\/2026\/04\/30113821\/jonathan-muir.jpg","width":777,"height":388,"caption":"Jonathan Muir"},{"@type":"BreadcrumbList","@id":"https:\/\/www.cuballama.com\/noticias\/papa-por-favor-sacame-de-aqui-pide-adolescente-detenido-jonathan-david-mientras-el-regimen-lo-muestra-tocando-piano\/#breadcrumb","itemListElement":[{"@type":"ListItem","position":1,"name":"Home","item":"https:\/\/www.cuballama.com\/noticias\/"},{"@type":"ListItem","position":2,"name":"\u00abPap\u00e1, por favor, s\u00e1came de aqu\u00ed\u00bb, pide adolescente detenido Jonathan David, mientras el r\u00e9gimen lo muestra tocando piano"}]},{"@type":"WebSite","@id":"https:\/\/www.cuballama.com\/noticias\/#website","url":"https:\/\/www.cuballama.com\/noticias\/","name":"Cuballama Noticias","description":"Medio digital sobre Cuba y el mundo","publisher":{"@id":"https:\/\/www.cuballama.com\/noticias\/#organization"},"potentialAction":[{"@type":"SearchAction","target":{"@type":"EntryPoint","urlTemplate":"https:\/\/www.cuballama.com\/noticias\/?s={search_term_string}"},"query-input":{"@type":"PropertyValueSpecification","valueRequired":true,"valueName":"search_term_string"}}],"inLanguage":"es"},{"@type":"Organization","@id":"https:\/\/www.cuballama.com\/noticias\/#organization","name":"Cuballama","url":"https:\/\/www.cuballama.com\/noticias\/","logo":{"@type":"ImageObject","inLanguage":"es","@id":"https:\/\/www.cuballama.com\/noticias\/#\/schema\/logo\/image\/","url":"https:\/\/cdn1.mediawpaccore.net\/wp-content\/uploads\/2021\/12\/28171206\/cbll-logo-color-sm.png","contentUrl":"https:\/\/cdn1.mediawpaccore.net\/wp-content\/uploads\/2021\/12\/28171206\/cbll-logo-color-sm.png","width":600,"height":133,"caption":"Cuballama"},"image":{"@id":"https:\/\/www.cuballama.com\/noticias\/#\/schema\/logo\/image\/"},"sameAs":["https:\/\/www.facebook.com\/CubaLlama","https:\/\/x.com\/cuballama","https:\/\/www.instagram.com\/stories\/cuballama_oficial\/","https:\/\/www.youtube.com\/channel\/UCKkFE-d_axENGZcrc4as0IA"]},{"@type":"Person","@id":"https:\/\/www.cuballama.com\/noticias\/#\/schema\/person\/5889f7d070564f8386e7944d14d436cd","name":"Manu","url":"https:\/\/www.cuballama.com\/noticias\/author\/manu\/"}]}},"_links":{"self":[{"href":"https:\/\/www.cuballama.com\/noticias\/wp-json\/wp\/v2\/posts\/243061","targetHints":{"allow":["GET"]}}],"collection":[{"href":"https:\/\/www.cuballama.com\/noticias\/wp-json\/wp\/v2\/posts"}],"about":[{"href":"https:\/\/www.cuballama.com\/noticias\/wp-json\/wp\/v2\/types\/post"}],"author":[{"embeddable":true,"href":"https:\/\/www.cuballama.com\/noticias\/wp-json\/wp\/v2\/users\/24"}],"replies":[{"embeddable":true,"href":"https:\/\/www.cuballama.com\/noticias\/wp-json\/wp\/v2\/comments?post=243061"}],"version-history":[{"count":1,"href":"https:\/\/www.cuballama.com\/noticias\/wp-json\/wp\/v2\/posts\/243061\/revisions"}],"predecessor-version":[{"id":243072,"href":"https:\/\/www.cuballama.com\/noticias\/wp-json\/wp\/v2\/posts\/243061\/revisions\/243072"}],"wp:featuredmedia":[{"embeddable":true,"href":"https:\/\/www.cuballama.com\/noticias\/wp-json\/wp\/v2\/media\/243070"}],"wp:attachment":[{"href":"https:\/\/www.cuballama.com\/noticias\/wp-json\/wp\/v2\/media?parent=243061"}],"wp:term":[{"taxonomy":"category","embeddable":true,"href":"https:\/\/www.cuballama.com\/noticias\/wp-json\/wp\/v2\/categories?post=243061"},{"taxonomy":"post_tag","embeddable":true,"href":"https:\/\/www.cuballama.com\/noticias\/wp-json\/wp\/v2\/tags?post=243061"}],"curies":[{"name":"wp","href":"https:\/\/api.w.org\/{rel}","templated":true}]}}