{"id":243039,"date":"2026-04-30T12:56:34","date_gmt":"2026-04-30T16:56:34","guid":{"rendered":"https:\/\/www.cuballama.com\/noticias\/?p=243039"},"modified":"2026-04-30T12:56:38","modified_gmt":"2026-04-30T16:56:38","slug":"ice-deporta-por-error-a-un-cubano-y-no-logra-traerlo-de-vuelta-a-ee-uu","status":"publish","type":"post","link":"https:\/\/www.cuballama.com\/noticias\/ice-deporta-por-error-a-un-cubano-y-no-logra-traerlo-de-vuelta-a-ee-uu\/","title":{"rendered":"ICE deporta por error a un cubano y no logra traerlo de vuelta a EE.UU."},"content":{"rendered":"\n<p>El caso de L\u00e1zaro Romero Le\u00f3n, un ciudadano cubano de 59 a\u00f1os, ha expuesto fallas graves en el sistema migratorio de Estados Unidos. Seg\u00fan report\u00f3 Los Angeles Times , el hombre fue deportado a M\u00e9xico en febrero pese a una orden expl\u00edcita de un juez federal que prohib\u00eda su expulsi\u00f3n mientras se resolv\u00eda su caso.<\/p>\n\n\n\n<p>Dos meses despu\u00e9s, las autoridades estadounidenses siguen sin poder revertir el error.<\/p>\n\n\n\n<p>Romero Le\u00f3n forma parte de unos 6.000 cubanos deportados a M\u00e9xico bajo un acuerdo informal entre ambos pa\u00edses. Sin embargo, ese mecanismo funciona solo en una direcci\u00f3n: facilita la expulsi\u00f3n, pero no contempla el regreso de quienes son deportados por error.<\/p>\n\n\n\n<p>Tras reconocer la equivocaci\u00f3n, el gobierno intent\u00f3 repatriarlo por varias v\u00edas. Primero, se evalu\u00f3 enviarlo en avi\u00f3n desde el sur de M\u00e9xico, pero las autoridades mexicanas rechazaron sus documentos. Luego, se intent\u00f3 trasladarlo en autob\u00fas hacia la frontera, pero fue detenido nuevamente por agentes mexicanos debido a la falta de identificaci\u00f3n v\u00e1lida. Incluso se ha considerado traerlo por mar con ayuda de la Guardia Costera.<\/p>\n\n\n\n<p>El caso lleg\u00f3 a un punto cr\u00edtico durante una audiencia judicial en Los \u00c1ngeles, donde el juez Hern\u00e1n D. Vera critic\u00f3 duramente al gobierno por no cumplir su orden y advirti\u00f3 sobre posibles sanciones por desacato. \u201cNo puede ser que se nieguen a devolver a alguien que fue deportado err\u00f3neamente\u201d, afirm\u00f3.<\/p>\n\n\n\n<p>Mientras tanto, Romero Le\u00f3n permanece en una situaci\u00f3n precaria en M\u00e9xico. Seg\u00fan su testimonio, citado por <em><a href=\"https:\/\/www.latimes.com\/california\/story\/2026-04-30\/ice-deported-him-to-mexico-cant-get-him-back\" target=\"_blank\" rel=\"noreferrer noopener nofollow\">Los \u00c1ngeles Times<\/a><\/em>, fue abandonado sin dinero ni recursos y actualmente duerme en el patio de una vivienda prestada, vistiendo la misma ropa desde su deportaci\u00f3n.<\/p>\n\n\n\n<p>El Departamento de Seguridad Nacional ha se\u00f1alado que el cubano tiene antecedentes penales, incluyendo delitos relacionados con drogas y violencia dom\u00e9stica. No obstante, el punto central del caso no es su historial, sino el hecho de que su deportaci\u00f3n viol\u00f3 una orden judicial vigente.<\/p>\n\n\n\n<p>El incidente pone en evidencia problemas estructurales en el sistema migratorio estadounidense, desde errores administrativos hasta la falta de mecanismos eficaces para corregirlos. M\u00e1s all\u00e1 del caso individual, la historia refleja una realidad m\u00e1s amplia: una burocracia que puede expulsar con rapidez, pero que enfrenta serias dificultades cuando se trata de rectificar sus propios fallos.<\/p>\n","protected":false},"excerpt":{"rendered":"<p>Un cubano fue deportado por error a M\u00e9xico pese a una orden judicial que lo imped\u00eda. Dos meses despu\u00e9s, EE.UU. sigue sin poder traerlo de vuelta.<\/p>\n","protected":false},"author":13,"featured_media":108295,"comment_status":"open","ping_status":"closed","sticky":false,"template":"","format":"standard","meta":{"_acf_changed":false,"footnotes":""},"categories":[18,953],"tags":[32443,32442,32448,32450,32444,32446,32441,32449,32445,32447],"class_list":{"0":"post-243039","1":"post","2":"type-post","3":"status-publish","4":"format-standard","5":"has-post-thumbnail","7":"category-noticias","8":"category-usa","9":"tag-caso-lazaro-romero-leon","10":"tag-crisis-migratoria-eeuu-2026","11":"tag-cubano-deportado-error-ice","12":"tag-deportacion-cubanos-estados-unidos","13":"tag-deportacion-ilegal-estados-unidos","14":"tag-fallo-sistema-migratorio-eeuu","15":"tag-ice-error-deportacion-mexico","16":"tag-ice-no-puede-regresar-migrante","17":"tag-juez-orden-deportacion-ignorada","18":"tag-migrante-cubano-mexico-atrapado"},"acf":[],"yoast_head":"<!-- This site is optimized with the Yoast SEO plugin v27.5 - https:\/\/yoast.com\/product\/yoast-seo-wordpress\/ -->\n<title>ICE deporta por error a un cubano y no logra traerlo de vuelta a EE.UU. - Cuballama Noticias<\/title>\n<meta name=\"description\" content=\"ICE deport\u00f3 por error a un cubano a M\u00e9xico ignorando a un juez. Dos meses despu\u00e9s, EE.UU. no logra traerlo de vuelta y el caso expone fallas graves del sistema.\" \/>\n<meta name=\"robots\" content=\"index, follow, max-snippet:-1, max-image-preview:large, max-video-preview:-1\" \/>\n<link rel=\"canonical\" href=\"https:\/\/www.cuballama.com\/noticias\/ice-deporta-por-error-a-un-cubano-y-no-logra-traerlo-de-vuelta-a-ee-uu\/\" \/>\n<meta property=\"og:locale\" content=\"es_ES\" \/>\n<meta property=\"og:type\" content=\"article\" \/>\n<meta property=\"og:title\" content=\"ICE deporta por error a un cubano y no logra traerlo de vuelta a EE.UU. - Cuballama Noticias\" \/>\n<meta property=\"og:description\" content=\"ICE deport\u00f3 por error a un cubano a M\u00e9xico ignorando a un juez. Dos meses despu\u00e9s, EE.UU. no logra traerlo de vuelta y el caso expone fallas graves del sistema.\" \/>\n<meta property=\"og:url\" content=\"https:\/\/www.cuballama.com\/noticias\/ice-deporta-por-error-a-un-cubano-y-no-logra-traerlo-de-vuelta-a-ee-uu\/\" \/>\n<meta property=\"og:site_name\" content=\"Cuballama Noticias\" \/>\n<meta property=\"article:publisher\" content=\"https:\/\/www.facebook.com\/CubaLlama\" \/>\n<meta property=\"article:published_time\" content=\"2026-04-30T16:56:34+00:00\" \/>\n<meta property=\"article:modified_time\" content=\"2026-04-30T16:56:38+00:00\" \/>\n<meta property=\"og:image\" content=\"https:\/\/cdn1.mediawpaccore.net\/wp-content\/uploads\/2022\/12\/02051655\/ICE_deporting.jpg\" \/>\n\t<meta property=\"og:image:width\" content=\"1200\" \/>\n\t<meta property=\"og:image:height\" content=\"628\" \/>\n\t<meta property=\"og:image:type\" content=\"image\/jpeg\" \/>\n<meta name=\"author\" content=\"Roberto A.\" \/>\n<meta name=\"twitter:card\" content=\"summary_large_image\" \/>\n<meta name=\"twitter:creator\" content=\"@cuballama\" \/>\n<meta name=\"twitter:site\" content=\"@cuballama\" \/>\n<meta name=\"twitter:label1\" content=\"Escrito por\" \/>\n\t<meta name=\"twitter:data1\" content=\"Roberto A.\" \/>\n\t<meta name=\"twitter:label2\" content=\"Tiempo de lectura\" \/>\n\t<meta name=\"twitter:data2\" content=\"2 minutos\" \/>\n<script type=\"application\/ld+json\" class=\"yoast-schema-graph\">{\"@context\":\"https:\\\/\\\/schema.org\",\"@graph\":[{\"@type\":\"Article\",\"@id\":\"https:\\\/\\\/www.cuballama.com\\\/noticias\\\/ice-deporta-por-error-a-un-cubano-y-no-logra-traerlo-de-vuelta-a-ee-uu\\\/#article\",\"isPartOf\":{\"@id\":\"https:\\\/\\\/www.cuballama.com\\\/noticias\\\/ice-deporta-por-error-a-un-cubano-y-no-logra-traerlo-de-vuelta-a-ee-uu\\\/\"},\"author\":{\"name\":\"Roberto A.\",\"@id\":\"https:\\\/\\\/www.cuballama.com\\\/noticias\\\/#\\\/schema\\\/person\\\/a58502ed4146c8e9f83872e897c76cd2\"},\"headline\":\"ICE deporta por error a un cubano y no logra traerlo de vuelta a EE.UU.\",\"datePublished\":\"2026-04-30T16:56:34+00:00\",\"dateModified\":\"2026-04-30T16:56:38+00:00\",\"mainEntityOfPage\":{\"@id\":\"https:\\\/\\\/www.cuballama.com\\\/noticias\\\/ice-deporta-por-error-a-un-cubano-y-no-logra-traerlo-de-vuelta-a-ee-uu\\\/\"},\"wordCount\":413,\"commentCount\":0,\"publisher\":{\"@id\":\"https:\\\/\\\/www.cuballama.com\\\/noticias\\\/#organization\"},\"image\":{\"@id\":\"https:\\\/\\\/www.cuballama.com\\\/noticias\\\/ice-deporta-por-error-a-un-cubano-y-no-logra-traerlo-de-vuelta-a-ee-uu\\\/#primaryimage\"},\"thumbnailUrl\":\"https:\\\/\\\/cdn1.mediawpaccore.net\\\/wp-content\\\/uploads\\\/2022\\\/12\\\/02051655\\\/ICE_deporting.jpg\",\"keywords\":[\"caso L\u00e1zaro Romero Le\u00f3n\",\"crisis migratoria EEUU 2026\",\"cubano deportado error ICE\",\"deportaci\u00f3n cubanos Estados Unidos\",\"deportaci\u00f3n ilegal Estados Unidos\",\"fallo sistema migratorio EEUU\",\"ICE error deportaci\u00f3n M\u00e9xico\",\"ICE no puede regresar migrante\",\"juez orden deportaci\u00f3n ignorada\",\"migrante cubano M\u00e9xico atrapado\"],\"articleSection\":[\"Noticias\",\"USA\"],\"inLanguage\":\"es\",\"potentialAction\":[{\"@type\":\"CommentAction\",\"name\":\"Comment\",\"target\":[\"https:\\\/\\\/www.cuballama.com\\\/noticias\\\/ice-deporta-por-error-a-un-cubano-y-no-logra-traerlo-de-vuelta-a-ee-uu\\\/#respond\"]}]},{\"@type\":\"WebPage\",\"@id\":\"https:\\\/\\\/www.cuballama.com\\\/noticias\\\/ice-deporta-por-error-a-un-cubano-y-no-logra-traerlo-de-vuelta-a-ee-uu\\\/\",\"url\":\"https:\\\/\\\/www.cuballama.com\\\/noticias\\\/ice-deporta-por-error-a-un-cubano-y-no-logra-traerlo-de-vuelta-a-ee-uu\\\/\",\"name\":\"ICE deporta por error a un cubano y no logra traerlo de vuelta a EE.UU. - Cuballama Noticias\",\"isPartOf\":{\"@id\":\"https:\\\/\\\/www.cuballama.com\\\/noticias\\\/#website\"},\"primaryImageOfPage\":{\"@id\":\"https:\\\/\\\/www.cuballama.com\\\/noticias\\\/ice-deporta-por-error-a-un-cubano-y-no-logra-traerlo-de-vuelta-a-ee-uu\\\/#primaryimage\"},\"image\":{\"@id\":\"https:\\\/\\\/www.cuballama.com\\\/noticias\\\/ice-deporta-por-error-a-un-cubano-y-no-logra-traerlo-de-vuelta-a-ee-uu\\\/#primaryimage\"},\"thumbnailUrl\":\"https:\\\/\\\/cdn1.mediawpaccore.net\\\/wp-content\\\/uploads\\\/2022\\\/12\\\/02051655\\\/ICE_deporting.jpg\",\"datePublished\":\"2026-04-30T16:56:34+00:00\",\"dateModified\":\"2026-04-30T16:56:38+00:00\",\"description\":\"ICE deport\u00f3 por error a un cubano a M\u00e9xico ignorando a un juez. Dos meses despu\u00e9s, EE.UU. no logra traerlo de vuelta y el caso expone fallas graves del sistema.\",\"breadcrumb\":{\"@id\":\"https:\\\/\\\/www.cuballama.com\\\/noticias\\\/ice-deporta-por-error-a-un-cubano-y-no-logra-traerlo-de-vuelta-a-ee-uu\\\/#breadcrumb\"},\"inLanguage\":\"es\",\"potentialAction\":[{\"@type\":\"ReadAction\",\"target\":[\"https:\\\/\\\/www.cuballama.com\\\/noticias\\\/ice-deporta-por-error-a-un-cubano-y-no-logra-traerlo-de-vuelta-a-ee-uu\\\/\"]}]},{\"@type\":\"ImageObject\",\"inLanguage\":\"es\",\"@id\":\"https:\\\/\\\/www.cuballama.com\\\/noticias\\\/ice-deporta-por-error-a-un-cubano-y-no-logra-traerlo-de-vuelta-a-ee-uu\\\/#primaryimage\",\"url\":\"https:\\\/\\\/cdn1.mediawpaccore.net\\\/wp-content\\\/uploads\\\/2022\\\/12\\\/02051655\\\/ICE_deporting.jpg\",\"contentUrl\":\"https:\\\/\\\/cdn1.mediawpaccore.net\\\/wp-content\\\/uploads\\\/2022\\\/12\\\/02051655\\\/ICE_deporting.jpg\",\"width\":1200,\"height\":628,\"caption\":\"Foto REFERENCIAL. Autor: Servicio de Inmigraci\u00f3n y Control de Aduanas de EE. UU. Fuente: https:\\\/\\\/www.flickr.com\\\/photos\\\/us_icegov\\\/50044720216\\\/\"},{\"@type\":\"BreadcrumbList\",\"@id\":\"https:\\\/\\\/www.cuballama.com\\\/noticias\\\/ice-deporta-por-error-a-un-cubano-y-no-logra-traerlo-de-vuelta-a-ee-uu\\\/#breadcrumb\",\"itemListElement\":[{\"@type\":\"ListItem\",\"position\":1,\"name\":\"Home\",\"item\":\"https:\\\/\\\/www.cuballama.com\\\/noticias\\\/\"},{\"@type\":\"ListItem\",\"position\":2,\"name\":\"ICE deporta por error a un cubano y no logra traerlo de vuelta a EE.UU.\"}]},{\"@type\":\"WebSite\",\"@id\":\"https:\\\/\\\/www.cuballama.com\\\/noticias\\\/#website\",\"url\":\"https:\\\/\\\/www.cuballama.com\\\/noticias\\\/\",\"name\":\"Cuballama Noticias\",\"description\":\"Medio digital sobre Cuba y el mundo\",\"publisher\":{\"@id\":\"https:\\\/\\\/www.cuballama.com\\\/noticias\\\/#organization\"},\"potentialAction\":[{\"@type\":\"SearchAction\",\"target\":{\"@type\":\"EntryPoint\",\"urlTemplate\":\"https:\\\/\\\/www.cuballama.com\\\/noticias\\\/?s={search_term_string}\"},\"query-input\":{\"@type\":\"PropertyValueSpecification\",\"valueRequired\":true,\"valueName\":\"search_term_string\"}}],\"inLanguage\":\"es\"},{\"@type\":\"Organization\",\"@id\":\"https:\\\/\\\/www.cuballama.com\\\/noticias\\\/#organization\",\"name\":\"Cuballama\",\"url\":\"https:\\\/\\\/www.cuballama.com\\\/noticias\\\/\",\"logo\":{\"@type\":\"ImageObject\",\"inLanguage\":\"es\",\"@id\":\"https:\\\/\\\/www.cuballama.com\\\/noticias\\\/#\\\/schema\\\/logo\\\/image\\\/\",\"url\":\"https:\\\/\\\/cdn1.mediawpaccore.net\\\/wp-content\\\/uploads\\\/2021\\\/12\\\/28171206\\\/cbll-logo-color-sm.png\",\"contentUrl\":\"https:\\\/\\\/cdn1.mediawpaccore.net\\\/wp-content\\\/uploads\\\/2021\\\/12\\\/28171206\\\/cbll-logo-color-sm.png\",\"width\":600,\"height\":133,\"caption\":\"Cuballama\"},\"image\":{\"@id\":\"https:\\\/\\\/www.cuballama.com\\\/noticias\\\/#\\\/schema\\\/logo\\\/image\\\/\"},\"sameAs\":[\"https:\\\/\\\/www.facebook.com\\\/CubaLlama\",\"https:\\\/\\\/x.com\\\/cuballama\",\"https:\\\/\\\/www.instagram.com\\\/stories\\\/cuballama_oficial\\\/\",\"https:\\\/\\\/www.youtube.com\\\/channel\\\/UCKkFE-d_axENGZcrc4as0IA\"]},{\"@type\":\"Person\",\"@id\":\"https:\\\/\\\/www.cuballama.com\\\/noticias\\\/#\\\/schema\\\/person\\\/a58502ed4146c8e9f83872e897c76cd2\",\"name\":\"Roberto A.\",\"description\":\"Roberto A. Periodista por decisi\u00f3n propia. Interesado en cualquier tema que me apasione y cada vez m\u00e1s comprometido con la verdad y la objetividad period\u00edstica. Graduado en La Habana hace ya muchos a\u00f1os, luego de una accidentada y polvorienta b\u00fasqueda de informaci\u00f3n sobre un tema in\u00e9dito. La Tesis, por cierto, desapareci\u00f3 de la biblioteca y no se conservan copias de la misma.\",\"url\":\"https:\\\/\\\/www.cuballama.com\\\/noticias\\\/author\\\/roberto\\\/\"}]}<\/script>\n<!-- \/ Yoast SEO plugin. -->","yoast_head_json":{"title":"ICE deporta por error a un cubano y no logra traerlo de vuelta a EE.UU. - Cuballama Noticias","description":"ICE deport\u00f3 por error a un cubano a M\u00e9xico ignorando a un juez. Dos meses despu\u00e9s, EE.UU. no logra traerlo de vuelta y el caso expone fallas graves del sistema.","robots":{"index":"index","follow":"follow","max-snippet":"max-snippet:-1","max-image-preview":"max-image-preview:large","max-video-preview":"max-video-preview:-1"},"canonical":"https:\/\/www.cuballama.com\/noticias\/ice-deporta-por-error-a-un-cubano-y-no-logra-traerlo-de-vuelta-a-ee-uu\/","og_locale":"es_ES","og_type":"article","og_title":"ICE deporta por error a un cubano y no logra traerlo de vuelta a EE.UU. - Cuballama Noticias","og_description":"ICE deport\u00f3 por error a un cubano a M\u00e9xico ignorando a un juez. Dos meses despu\u00e9s, EE.UU. no logra traerlo de vuelta y el caso expone fallas graves del sistema.","og_url":"https:\/\/www.cuballama.com\/noticias\/ice-deporta-por-error-a-un-cubano-y-no-logra-traerlo-de-vuelta-a-ee-uu\/","og_site_name":"Cuballama Noticias","article_publisher":"https:\/\/www.facebook.com\/CubaLlama","article_published_time":"2026-04-30T16:56:34+00:00","article_modified_time":"2026-04-30T16:56:38+00:00","og_image":[{"width":1200,"height":628,"url":"https:\/\/cdn1.mediawpaccore.net\/wp-content\/uploads\/2022\/12\/02051655\/ICE_deporting.jpg","type":"image\/jpeg"}],"author":"Roberto A.","twitter_card":"summary_large_image","twitter_creator":"@cuballama","twitter_site":"@cuballama","twitter_misc":{"Escrito por":"Roberto A.","Tiempo de lectura":"2 minutos"},"schema":{"@context":"https:\/\/schema.org","@graph":[{"@type":"Article","@id":"https:\/\/www.cuballama.com\/noticias\/ice-deporta-por-error-a-un-cubano-y-no-logra-traerlo-de-vuelta-a-ee-uu\/#article","isPartOf":{"@id":"https:\/\/www.cuballama.com\/noticias\/ice-deporta-por-error-a-un-cubano-y-no-logra-traerlo-de-vuelta-a-ee-uu\/"},"author":{"name":"Roberto A.","@id":"https:\/\/www.cuballama.com\/noticias\/#\/schema\/person\/a58502ed4146c8e9f83872e897c76cd2"},"headline":"ICE deporta por error a un cubano y no logra traerlo de vuelta a EE.UU.","datePublished":"2026-04-30T16:56:34+00:00","dateModified":"2026-04-30T16:56:38+00:00","mainEntityOfPage":{"@id":"https:\/\/www.cuballama.com\/noticias\/ice-deporta-por-error-a-un-cubano-y-no-logra-traerlo-de-vuelta-a-ee-uu\/"},"wordCount":413,"commentCount":0,"publisher":{"@id":"https:\/\/www.cuballama.com\/noticias\/#organization"},"image":{"@id":"https:\/\/www.cuballama.com\/noticias\/ice-deporta-por-error-a-un-cubano-y-no-logra-traerlo-de-vuelta-a-ee-uu\/#primaryimage"},"thumbnailUrl":"https:\/\/cdn1.mediawpaccore.net\/wp-content\/uploads\/2022\/12\/02051655\/ICE_deporting.jpg","keywords":["caso L\u00e1zaro Romero Le\u00f3n","crisis migratoria EEUU 2026","cubano deportado error ICE","deportaci\u00f3n cubanos Estados Unidos","deportaci\u00f3n ilegal Estados Unidos","fallo sistema migratorio EEUU","ICE error deportaci\u00f3n M\u00e9xico","ICE no puede regresar migrante","juez orden deportaci\u00f3n ignorada","migrante cubano M\u00e9xico atrapado"],"articleSection":["Noticias","USA"],"inLanguage":"es","potentialAction":[{"@type":"CommentAction","name":"Comment","target":["https:\/\/www.cuballama.com\/noticias\/ice-deporta-por-error-a-un-cubano-y-no-logra-traerlo-de-vuelta-a-ee-uu\/#respond"]}]},{"@type":"WebPage","@id":"https:\/\/www.cuballama.com\/noticias\/ice-deporta-por-error-a-un-cubano-y-no-logra-traerlo-de-vuelta-a-ee-uu\/","url":"https:\/\/www.cuballama.com\/noticias\/ice-deporta-por-error-a-un-cubano-y-no-logra-traerlo-de-vuelta-a-ee-uu\/","name":"ICE deporta por error a un cubano y no logra traerlo de vuelta a EE.UU. - Cuballama Noticias","isPartOf":{"@id":"https:\/\/www.cuballama.com\/noticias\/#website"},"primaryImageOfPage":{"@id":"https:\/\/www.cuballama.com\/noticias\/ice-deporta-por-error-a-un-cubano-y-no-logra-traerlo-de-vuelta-a-ee-uu\/#primaryimage"},"image":{"@id":"https:\/\/www.cuballama.com\/noticias\/ice-deporta-por-error-a-un-cubano-y-no-logra-traerlo-de-vuelta-a-ee-uu\/#primaryimage"},"thumbnailUrl":"https:\/\/cdn1.mediawpaccore.net\/wp-content\/uploads\/2022\/12\/02051655\/ICE_deporting.jpg","datePublished":"2026-04-30T16:56:34+00:00","dateModified":"2026-04-30T16:56:38+00:00","description":"ICE deport\u00f3 por error a un cubano a M\u00e9xico ignorando a un juez. Dos meses despu\u00e9s, EE.UU. no logra traerlo de vuelta y el caso expone fallas graves del sistema.","breadcrumb":{"@id":"https:\/\/www.cuballama.com\/noticias\/ice-deporta-por-error-a-un-cubano-y-no-logra-traerlo-de-vuelta-a-ee-uu\/#breadcrumb"},"inLanguage":"es","potentialAction":[{"@type":"ReadAction","target":["https:\/\/www.cuballama.com\/noticias\/ice-deporta-por-error-a-un-cubano-y-no-logra-traerlo-de-vuelta-a-ee-uu\/"]}]},{"@type":"ImageObject","inLanguage":"es","@id":"https:\/\/www.cuballama.com\/noticias\/ice-deporta-por-error-a-un-cubano-y-no-logra-traerlo-de-vuelta-a-ee-uu\/#primaryimage","url":"https:\/\/cdn1.mediawpaccore.net\/wp-content\/uploads\/2022\/12\/02051655\/ICE_deporting.jpg","contentUrl":"https:\/\/cdn1.mediawpaccore.net\/wp-content\/uploads\/2022\/12\/02051655\/ICE_deporting.jpg","width":1200,"height":628,"caption":"Foto REFERENCIAL. Autor: Servicio de Inmigraci\u00f3n y Control de Aduanas de EE. UU. Fuente: https:\/\/www.flickr.com\/photos\/us_icegov\/50044720216\/"},{"@type":"BreadcrumbList","@id":"https:\/\/www.cuballama.com\/noticias\/ice-deporta-por-error-a-un-cubano-y-no-logra-traerlo-de-vuelta-a-ee-uu\/#breadcrumb","itemListElement":[{"@type":"ListItem","position":1,"name":"Home","item":"https:\/\/www.cuballama.com\/noticias\/"},{"@type":"ListItem","position":2,"name":"ICE deporta por error a un cubano y no logra traerlo de vuelta a EE.UU."}]},{"@type":"WebSite","@id":"https:\/\/www.cuballama.com\/noticias\/#website","url":"https:\/\/www.cuballama.com\/noticias\/","name":"Cuballama Noticias","description":"Medio digital sobre Cuba y el mundo","publisher":{"@id":"https:\/\/www.cuballama.com\/noticias\/#organization"},"potentialAction":[{"@type":"SearchAction","target":{"@type":"EntryPoint","urlTemplate":"https:\/\/www.cuballama.com\/noticias\/?s={search_term_string}"},"query-input":{"@type":"PropertyValueSpecification","valueRequired":true,"valueName":"search_term_string"}}],"inLanguage":"es"},{"@type":"Organization","@id":"https:\/\/www.cuballama.com\/noticias\/#organization","name":"Cuballama","url":"https:\/\/www.cuballama.com\/noticias\/","logo":{"@type":"ImageObject","inLanguage":"es","@id":"https:\/\/www.cuballama.com\/noticias\/#\/schema\/logo\/image\/","url":"https:\/\/cdn1.mediawpaccore.net\/wp-content\/uploads\/2021\/12\/28171206\/cbll-logo-color-sm.png","contentUrl":"https:\/\/cdn1.mediawpaccore.net\/wp-content\/uploads\/2021\/12\/28171206\/cbll-logo-color-sm.png","width":600,"height":133,"caption":"Cuballama"},"image":{"@id":"https:\/\/www.cuballama.com\/noticias\/#\/schema\/logo\/image\/"},"sameAs":["https:\/\/www.facebook.com\/CubaLlama","https:\/\/x.com\/cuballama","https:\/\/www.instagram.com\/stories\/cuballama_oficial\/","https:\/\/www.youtube.com\/channel\/UCKkFE-d_axENGZcrc4as0IA"]},{"@type":"Person","@id":"https:\/\/www.cuballama.com\/noticias\/#\/schema\/person\/a58502ed4146c8e9f83872e897c76cd2","name":"Roberto A.","description":"Roberto A. Periodista por decisi\u00f3n propia. Interesado en cualquier tema que me apasione y cada vez m\u00e1s comprometido con la verdad y la objetividad period\u00edstica. Graduado en La Habana hace ya muchos a\u00f1os, luego de una accidentada y polvorienta b\u00fasqueda de informaci\u00f3n sobre un tema in\u00e9dito. La Tesis, por cierto, desapareci\u00f3 de la biblioteca y no se conservan copias de la misma.","url":"https:\/\/www.cuballama.com\/noticias\/author\/roberto\/"}]}},"_links":{"self":[{"href":"https:\/\/www.cuballama.com\/noticias\/wp-json\/wp\/v2\/posts\/243039","targetHints":{"allow":["GET"]}}],"collection":[{"href":"https:\/\/www.cuballama.com\/noticias\/wp-json\/wp\/v2\/posts"}],"about":[{"href":"https:\/\/www.cuballama.com\/noticias\/wp-json\/wp\/v2\/types\/post"}],"author":[{"embeddable":true,"href":"https:\/\/www.cuballama.com\/noticias\/wp-json\/wp\/v2\/users\/13"}],"replies":[{"embeddable":true,"href":"https:\/\/www.cuballama.com\/noticias\/wp-json\/wp\/v2\/comments?post=243039"}],"version-history":[{"count":2,"href":"https:\/\/www.cuballama.com\/noticias\/wp-json\/wp\/v2\/posts\/243039\/revisions"}],"predecessor-version":[{"id":243041,"href":"https:\/\/www.cuballama.com\/noticias\/wp-json\/wp\/v2\/posts\/243039\/revisions\/243041"}],"wp:featuredmedia":[{"embeddable":true,"href":"https:\/\/www.cuballama.com\/noticias\/wp-json\/wp\/v2\/media\/108295"}],"wp:attachment":[{"href":"https:\/\/www.cuballama.com\/noticias\/wp-json\/wp\/v2\/media?parent=243039"}],"wp:term":[{"taxonomy":"category","embeddable":true,"href":"https:\/\/www.cuballama.com\/noticias\/wp-json\/wp\/v2\/categories?post=243039"},{"taxonomy":"post_tag","embeddable":true,"href":"https:\/\/www.cuballama.com\/noticias\/wp-json\/wp\/v2\/tags?post=243039"}],"curies":[{"name":"wp","href":"https:\/\/api.w.org\/{rel}","templated":true}]}}