{"id":243022,"date":"2026-04-30T11:47:52","date_gmt":"2026-04-30T15:47:52","guid":{"rendered":"https:\/\/www.cuballama.com\/noticias\/?p=243022"},"modified":"2026-04-30T11:47:55","modified_gmt":"2026-04-30T15:47:55","slug":"poblado-de-managua-despide-a-alejandro-gonzalez-jacomino-el-camionero-cubano-hallado-muerto-en-georgia","status":"publish","type":"post","link":"https:\/\/www.cuballama.com\/noticias\/poblado-de-managua-despide-a-alejandro-gonzalez-jacomino-el-camionero-cubano-hallado-muerto-en-georgia\/","title":{"rendered":"Poblado de Managua despide a Alejandro Gonz\u00e1lez Jacomino, el camionero cubano hallado muerto en Georgia"},"content":{"rendered":"\n<h2 class=\"wp-block-heading\">Caminaba de El El\u00e9ctrico a Managua con sus amigos. Ahora ellos lo lloran en Facebook: as\u00ed era Alejandro Gonz\u00e1lez Jacomino, el camionero cubano hallado muerto en Georgia. Su cuerpo apareci\u00f3 en <a href=\"https:\/\/maps.app.goo.gl\/mSmFzxGFZHLCbATK7\" target=\"_blank\" rel=\"noreferrer noopener\">Port Wentworth<\/a> <\/h2>\n\n\n\n<p>Hab\u00eda un lugar en Managua donde los j\u00f3venes del pueblo se encontraban. Se llamaba El Patio de Mar\u00eda. Despu\u00e9s de las descargas, los amigos caminaban juntos de El El\u00e9ctrico a Managua, madrugadas interminables, riendo. Uno de esos j\u00f3venes se llamaba Alejandro. Este martes, uno de sus amigos de aquellas madrugadas escribi\u00f3 en Facebook: \u00abFue un hermano de camino y lo extra\u00f1ar\u00e9 siempre.\u00bb Ya no es un mensaje de esperanza.<\/p>\n\n\n\n<h3 class=\"wp-block-heading\">El pueblo que lo vio crecer<\/h3>\n\n\n\n<p>Managua es un municipio del sur de La Habana, tranquilo, de los que la gente del exterior recuerda con el cari\u00f1o espec\u00edfico de los lugares donde la infancia todav\u00eda cabe en la memoria. <\/p>\n\n\n\n<p>Alejandro Gonz\u00e1lez Jacomino, nacido el 8 de febrero de 1985, creci\u00f3 all\u00ed. Estudi\u00f3 all\u00ed. Hizo sus amigos all\u00ed.<a href=\"https:\/\/www.facebook.com\/story.php?story_fbid=1373587251470217&amp;id=100064568656156&amp;post_id=100064568656156_1373587251470217&amp;rdid=TqZzcEU3ISGcLMFC#\" target=\"_blank\" rel=\"noreferrer noopener nofollow\">La p\u00e1gina de Facebook \u00abManagua, Cuba\u00bb fue la que public\u00f3 su foto con el lazo negro este martes<\/a>, y los comentarios que llegaron en cuesti\u00f3n de horas dijeron lo que las noticias no pueden decir: c\u00f3mo era el hombre detr\u00e1s del caso.<\/p>\n\n\n\n<p><em>\u00abSe ve que era una persona buena desde su mirada\u00bb,<\/em> escribi\u00f3 Noris Espinosa. <em>\u00abEn su cara se le nota lo buena persona que debe haber sido\u00bb<\/em>, dijo Tania Garc\u00eda. <\/p>\n\n\n\n<p>Un compa\u00f1ero camionero que firm\u00f3 como Jos\u00e9 Mario Daqu\u00edn lo resumi\u00f3 desde el dolor y la rabia: <em>\u00abTambi\u00e9n soy camionero y s\u00e9 el sacrificio que se hace para salir adelante. Para que venga un desgraciado a arrebatarle la vida a una persona as\u00ed.\u00bb<\/em><\/p>\n\n\n\n<p>Otro camionero, entrevistado por <em><a href=\"https:\/\/www.facebook.com\/reel\/4566189193667291\" target=\"_blank\" rel=\"noreferrer noopener nofollow\">Telemundo51<\/a><\/em>, arremeti\u00f3 contra el DOT por no ofrecer seguridad para los camioneros en las zonas de descanso a pesar de contar con los recursos econ\u00f3micos para hacerlo.<\/p>\n\n\n\n<iframe loading=\"lazy\" src=\"https:\/\/www.facebook.com\/plugins\/video.php?height=476&#038;href=https%3A%2F%2Fwww.facebook.com%2Freel%2F4566189193667291%2F&#038;show_text=true&#038;width=267&#038;t=0\" width=\"267\" height=\"591\" style=\"border:none;overflow:hidden\" scrolling=\"no\" frameborder=\"0\" allowfullscreen=\"true\" allow=\"autoplay; clipboard-write; encrypted-media; picture-in-picture; web-share\" allowFullScreen=\"true\"><\/iframe>\n\n\n\n<p>Alejandro Gonz\u00e1lez Jacomino ten\u00eda 41 a\u00f1os y viv\u00eda en Port St. Lucie, Florida, donde resid\u00eda con su esposa. Ten\u00eda hijos peque\u00f1os. Ten\u00eda una hermana llamada Belkis, como su madre, a quien varios comentarios mencionan directamente: <\/p>\n\n\n\n<p>Pero el detalle que m\u00e1s aparece repetido en los comentarios \u2014 y que m\u00e1s pesa \u2014 es el de su madre. Varios vecinos y conocidos lo mencionan con la misma frase, como quien describe algo que todos en el pueblo saben: la madre de Alejandro ya hab\u00eda perdido a otra hija antes. Una hermana de Alejandro hab\u00eda muerto previamente. \u00abMis condolencias para esa madre que ha perdido dos hijos\u00bb, escribi\u00f3 Teresa Santiesteban. \u00abDios te quit\u00f3 a tus dos hijos\u00bb, dijo Dari Gonz\u00e1lez, dirigi\u00e9ndose directamente a Belkis. \u00abPobre madre, mis condolencias, otro golpe duro para ella\u00bb, public\u00f3 Yalexis Ca\u00f1ete. <em>\u00abUn golpe muy duro para Belkis otra vez\u00bb<\/em>, escribi\u00f3 Yudit \u00c1lvarez. <em>\u00abCondolencias para Belkis y familia\u00bb<\/em>, escribieron otros. <em>\u00abMis condolencias para Belkis y toda la familia de aqu\u00ed y de all\u00e1\u00bb<\/em>, public\u00f3 Teresa Castillo.<\/p>\n\n\n\n<p>Es una de esas frases que no necesita explicaci\u00f3n y no admite ninguna.<\/p>\n\n\n\n<iframe loading=\"lazy\" src=\"https:\/\/www.facebook.com\/plugins\/post.php?href=https%3A%2F%2Fwww.facebook.com%2FManaguahabana%2Fposts%2Fpfbid0sAa4BKrX6EPkSgovh4AYGZ9GATnDTpTnHqm1tJPRaTZEiZ2tZacHQDe5XhkgPfV2l&#038;show_text=true&#038;width=500\" width=\"500\" height=\"497\" style=\"border:none;overflow:hidden\" scrolling=\"no\" frameborder=\"0\" allowfullscreen=\"true\" allow=\"autoplay; clipboard-write; encrypted-media; picture-in-picture; web-share\"><\/iframe>\n\n\n\n<p>Alejandro Gonz\u00e1lez Jacomino trabajaba como conductor de licencia comercial para la empresa Heart Beat Auto Transport, con sede en Miami. El 16 de abril recogi\u00f3 una carga de veh\u00edculos de lujo en el Puerto de Brunswick, Georgia, con destino a Miami \u2014 una ruta que hac\u00eda con frecuencia, la misma que hacen cientos de camioneros cubanos en el sur de Florida. A la 1:21 AM del 17 de abril, el GPS de su cami\u00f3n registr\u00f3 una parada en el \u00e1rea de descanso de Brevard County, en la I-95 Sur, en Grant-Valkaria. Era la milla 165 y pico de la autopista \u2014 una parada habitual, conocida entre camioneros, con espacio para m\u00e1s de cien veh\u00edculos.<\/p>\n\n\n\n<p>A las 7:49 AM, el GPS registr\u00f3 un giro inesperado hacia el norte. Poco despu\u00e9s, Alejandro dej\u00f3 de responder. El cami\u00f3n apareci\u00f3 ese mismo d\u00eda abandonado en Port Wentworth, Georgia. Sin el conductor. Luego fueron apareciendo los veh\u00edculos \u2014 recuperados en distintos puntos de Florida. \u00c9l no apareci\u00f3.<\/p>\n\n\n\n<iframe src=\"https:\/\/www.google.com\/maps\/embed?pb=!1m18!1m12!1m3!1d108058.03906395567!2d-81.28591572700739!3d32.18229758318241!2m3!1f0!2f0!3f0!3m2!1i1024!2i768!4f13.1!3m3!1m2!1s0x88fba2543fc10f81%3A0xe26394597d9348fa!2sPort%20Wentworth%2C%20GA!5e0!3m2!1sen!2sus!4v1777557089064!5m2!1sen!2sus\" width=\"600\" height=\"450\" style=\"border:0;\" allowfullscreen=\"\" loading=\"lazy\" referrerpolicy=\"no-referrer-when-downgrade\"><\/iframe>\n\n\n\n<p>El FBI activ\u00f3 una alerta p\u00fablica el 24 de abril, clasific\u00f3 el caso como secuestro y pidi\u00f3 fotos y videos del \u00e1rea de descanso. Durante d\u00edas, la comunidad cubana en redes sociales mantuvo viva la esperanza. El martes 29 de abril, el primo de Alejandro, Juan Carlos Forcade, le confirm\u00f3 a NBC 6 South Florida que el FBI hab\u00eda llamado a la esposa de Alejandro para decirle que hab\u00edan encontrado su cuerpo en Georgia. CBS Miami y CBS Atlanta confirmaron despu\u00e9s que el FBI oficializ\u00f3 el hallazgo.<\/p>\n\n\n\n<iframe loading=\"lazy\" src=\"https:\/\/www.cbsnews.com\/miami\/video\/cuban-truck-driver-on-his-way-to-miami-is-found-dead-in-georgia\/\" id=\"cbsNewsVideo\" allowfullscreen allow=\"fullscreen\" frameborder=\"0\" width=\"620\" height=\"349\"><\/iframe>\n\n\n\n<h3 class=\"wp-block-heading\">\u00abFuimos a luchar y encontramos la muerte all\u00e1\u00bb<\/h3>\n\n\n\n<p>Miriam Ramos lo escribi\u00f3 con una precisi\u00f3n que duele: \u00abFue a luchar, como decimos los cubanos, y encontr\u00f3 la muerte all\u00e1. Es muy duro lo que le pas\u00f3.\u00bb<\/p>\n\n\n\n<p>Es la descripci\u00f3n m\u00e1s exacta posible de lo que fue la vida de Alejandro Gonz\u00e1lez Jacomino. Un hombre de Managua que sali\u00f3 de Cuba buscando lo que buscan casi todos: darle una vida digna a su familia. Que encontr\u00f3 trabajo en las carreteras del sur de la Florida transportando veh\u00edculos entre puertos y que en la madrugada del 17 de abril, en un \u00e1rea de descanso de la I-95 en Florida, se top\u00f3 con lo peor que puede encontrar un camionero solo en la carretera.<\/p>\n\n\n\n<iframe loading=\"lazy\" src=\"https:\/\/www.facebook.com\/plugins\/video.php?height=476&#038;href=https%3A%2F%2Fwww.facebook.com%2Freel%2F2183009895783261%2F&#038;show_text=true&#038;width=267&#038;t=0\" width=\"267\" height=\"591\" style=\"border:none;overflow:hidden\" scrolling=\"no\" frameborder=\"0\" allowfullscreen=\"true\" allow=\"autoplay; clipboard-write; encrypted-media; picture-in-picture; web-share\" allowFullScreen=\"true\"><\/iframe>\n\n\n\n<p>El caso sigue activo. El FBI investiga. Los sospechosos no han sido identificados p\u00fablicamente. Y en Managua, el pueblo donde Alejandro caminaba de madrugada con sus amigos de El El\u00e9ctrico a casa, la p\u00e1gina del pueblo public\u00f3 su foto con un lazo negro y sus vecinos escribieron cientos de veces las mismas dos palabras: en paz descanse.<\/p>\n\n\n\n<p><strong>Otras fuentes Utilizadas:<\/strong> <em><a href=\"https:\/\/www.nbcmiami.com\/news\/local\/cuban-truck-driver-found-dead-family-says-after-vanishing-on-way-to-miami\/3802789\/\" target=\"_blank\" rel=\"noreferrer noopener nofollow\">NBC 6 South Florida<\/a><\/em>, <em><a href=\"https:\/\/www.cbsnews.com\/atlanta\/news\/missing-truck-driver-alejandro-gonzalez-body-found-georgia-miami-truck-shipment\/\" target=\"_blank\" rel=\"noreferrer noopener nofollow\">CBS Miami<\/a><\/em><\/p>\n","protected":false},"excerpt":{"rendered":"<p>El FBI confirm\u00f3 este martes la muerte de Alejandro Gonz\u00e1lez Jacomino, el camionero cubano de 41 a\u00f1os que desapareci\u00f3 el 17 de abril en la I-95 de Florida mientras transportaba veh\u00edculos de lujo de Georgia a Miami. Su cuerpo fue hallado en Georgia. Era de Managua, Cuba. Dej\u00f3 esposa, hijos peque\u00f1os y una madre que ya hab\u00eda perdido a otra hija antes que a \u00e9l.<\/p>\n","protected":false},"author":13,"featured_media":243059,"comment_status":"open","ping_status":"closed","sticky":false,"template":"","format":"standard","meta":{"_acf_changed":false,"footnotes":""},"categories":[18,953,965],"tags":[32349,3743,4646,32459,32461,941,11518,1296,1807,12539,32460],"class_list":{"0":"post-243022","1":"post","2":"type-post","3":"status-publish","4":"format-standard","5":"has-post-thumbnail","7":"category-noticias","8":"category-usa","9":"category-viral","10":"tag-alejandro-gonzalez-jacomino","11":"tag-amigos","12":"tag-camionero-cubano","13":"tag-camionero-cubano-asesinado","14":"tag-camionero-cubano-hallado-muerto","15":"tag-destacado","16":"tag-familia-cubana","17":"tag-fbi","18":"tag-georgia","19":"tag-managua","20":"tag-port-wentworth"},"acf":[],"yoast_head":"<!-- This site is optimized with the Yoast SEO plugin v27.5 - https:\/\/yoast.com\/product\/yoast-seo-wordpress\/ -->\n<title>Poblado de Managua despide a Alejandro Gonz\u00e1lez Jacomino, el camionero cubano hallado muerto en Georgia - Cuballama Noticias<\/title>\n<meta name=\"description\" content=\"El FBI confirm\u00f3 la muerte del camionero cubano Alejandro Gonz\u00e1lez Jacomino, desaparecido el 17 de abril.\" \/>\n<meta name=\"robots\" content=\"index, follow, max-snippet:-1, max-image-preview:large, max-video-preview:-1\" \/>\n<link rel=\"canonical\" href=\"https:\/\/www.cuballama.com\/noticias\/poblado-de-managua-despide-a-alejandro-gonzalez-jacomino-el-camionero-cubano-hallado-muerto-en-georgia\/\" \/>\n<meta property=\"og:locale\" content=\"es_ES\" \/>\n<meta property=\"og:type\" content=\"article\" \/>\n<meta property=\"og:title\" content=\"Poblado de Managua despide a Alejandro Gonz\u00e1lez Jacomino, el camionero cubano hallado muerto en Georgia - Cuballama Noticias\" \/>\n<meta property=\"og:description\" content=\"El FBI confirm\u00f3 la muerte del camionero cubano Alejandro Gonz\u00e1lez Jacomino, desaparecido el 17 de abril.\" \/>\n<meta property=\"og:url\" content=\"https:\/\/www.cuballama.com\/noticias\/poblado-de-managua-despide-a-alejandro-gonzalez-jacomino-el-camionero-cubano-hallado-muerto-en-georgia\/\" \/>\n<meta property=\"og:site_name\" content=\"Cuballama Noticias\" \/>\n<meta property=\"article:publisher\" content=\"https:\/\/www.facebook.com\/CubaLlama\" \/>\n<meta property=\"article:published_time\" content=\"2026-04-30T15:47:52+00:00\" \/>\n<meta property=\"article:modified_time\" content=\"2026-04-30T15:47:55+00:00\" \/>\n<meta property=\"og:image\" content=\"https:\/\/cdn1.mediawpaccore.net\/wp-content\/uploads\/2026\/04\/30111627\/image-164.png\" \/>\n\t<meta property=\"og:image:width\" content=\"829\" \/>\n\t<meta property=\"og:image:height\" content=\"456\" \/>\n\t<meta property=\"og:image:type\" content=\"image\/png\" \/>\n<meta name=\"author\" content=\"Roberto A.\" \/>\n<meta name=\"twitter:card\" content=\"summary_large_image\" \/>\n<meta name=\"twitter:creator\" content=\"@cuballama\" \/>\n<meta name=\"twitter:site\" content=\"@cuballama\" \/>\n<meta name=\"twitter:label1\" content=\"Escrito por\" \/>\n\t<meta name=\"twitter:data1\" content=\"Roberto A.\" \/>\n\t<meta name=\"twitter:label2\" content=\"Tiempo de lectura\" \/>\n\t<meta name=\"twitter:data2\" content=\"5 minutos\" \/>\n<script type=\"application\/ld+json\" class=\"yoast-schema-graph\">{\"@context\":\"https:\\\/\\\/schema.org\",\"@graph\":[{\"@type\":\"Article\",\"@id\":\"https:\\\/\\\/www.cuballama.com\\\/noticias\\\/poblado-de-managua-despide-a-alejandro-gonzalez-jacomino-el-camionero-cubano-hallado-muerto-en-georgia\\\/#article\",\"isPartOf\":{\"@id\":\"https:\\\/\\\/www.cuballama.com\\\/noticias\\\/poblado-de-managua-despide-a-alejandro-gonzalez-jacomino-el-camionero-cubano-hallado-muerto-en-georgia\\\/\"},\"author\":{\"name\":\"Roberto A.\",\"@id\":\"https:\\\/\\\/www.cuballama.com\\\/noticias\\\/#\\\/schema\\\/person\\\/a58502ed4146c8e9f83872e897c76cd2\"},\"headline\":\"Poblado de Managua despide a Alejandro Gonz\u00e1lez Jacomino, el camionero cubano hallado muerto en Georgia\",\"datePublished\":\"2026-04-30T15:47:52+00:00\",\"dateModified\":\"2026-04-30T15:47:55+00:00\",\"mainEntityOfPage\":{\"@id\":\"https:\\\/\\\/www.cuballama.com\\\/noticias\\\/poblado-de-managua-despide-a-alejandro-gonzalez-jacomino-el-camionero-cubano-hallado-muerto-en-georgia\\\/\"},\"wordCount\":979,\"commentCount\":0,\"publisher\":{\"@id\":\"https:\\\/\\\/www.cuballama.com\\\/noticias\\\/#organization\"},\"image\":{\"@id\":\"https:\\\/\\\/www.cuballama.com\\\/noticias\\\/poblado-de-managua-despide-a-alejandro-gonzalez-jacomino-el-camionero-cubano-hallado-muerto-en-georgia\\\/#primaryimage\"},\"thumbnailUrl\":\"https:\\\/\\\/cdn1.mediawpaccore.net\\\/wp-content\\\/uploads\\\/2026\\\/04\\\/30111627\\\/image-164.png\",\"keywords\":[\"Alejandro Gonz\u00e1lez Jacomino\",\"Amigos\",\"Camionero cubano\",\"camionero cubano asesinado\",\"camionero cubano hallado muerto\",\"destacado\",\"familia cubana\",\"FBI\",\"Georgia\",\"Managua\",\"Port Wentworth\"],\"articleSection\":[\"Noticias\",\"USA\",\"Viral\"],\"inLanguage\":\"es\",\"potentialAction\":[{\"@type\":\"CommentAction\",\"name\":\"Comment\",\"target\":[\"https:\\\/\\\/www.cuballama.com\\\/noticias\\\/poblado-de-managua-despide-a-alejandro-gonzalez-jacomino-el-camionero-cubano-hallado-muerto-en-georgia\\\/#respond\"]}]},{\"@type\":\"WebPage\",\"@id\":\"https:\\\/\\\/www.cuballama.com\\\/noticias\\\/poblado-de-managua-despide-a-alejandro-gonzalez-jacomino-el-camionero-cubano-hallado-muerto-en-georgia\\\/\",\"url\":\"https:\\\/\\\/www.cuballama.com\\\/noticias\\\/poblado-de-managua-despide-a-alejandro-gonzalez-jacomino-el-camionero-cubano-hallado-muerto-en-georgia\\\/\",\"name\":\"Poblado de Managua despide a Alejandro Gonz\u00e1lez Jacomino, el camionero cubano hallado muerto en Georgia - Cuballama Noticias\",\"isPartOf\":{\"@id\":\"https:\\\/\\\/www.cuballama.com\\\/noticias\\\/#website\"},\"primaryImageOfPage\":{\"@id\":\"https:\\\/\\\/www.cuballama.com\\\/noticias\\\/poblado-de-managua-despide-a-alejandro-gonzalez-jacomino-el-camionero-cubano-hallado-muerto-en-georgia\\\/#primaryimage\"},\"image\":{\"@id\":\"https:\\\/\\\/www.cuballama.com\\\/noticias\\\/poblado-de-managua-despide-a-alejandro-gonzalez-jacomino-el-camionero-cubano-hallado-muerto-en-georgia\\\/#primaryimage\"},\"thumbnailUrl\":\"https:\\\/\\\/cdn1.mediawpaccore.net\\\/wp-content\\\/uploads\\\/2026\\\/04\\\/30111627\\\/image-164.png\",\"datePublished\":\"2026-04-30T15:47:52+00:00\",\"dateModified\":\"2026-04-30T15:47:55+00:00\",\"description\":\"El FBI confirm\u00f3 la muerte del camionero cubano Alejandro Gonz\u00e1lez Jacomino, desaparecido el 17 de abril.\",\"breadcrumb\":{\"@id\":\"https:\\\/\\\/www.cuballama.com\\\/noticias\\\/poblado-de-managua-despide-a-alejandro-gonzalez-jacomino-el-camionero-cubano-hallado-muerto-en-georgia\\\/#breadcrumb\"},\"inLanguage\":\"es\",\"potentialAction\":[{\"@type\":\"ReadAction\",\"target\":[\"https:\\\/\\\/www.cuballama.com\\\/noticias\\\/poblado-de-managua-despide-a-alejandro-gonzalez-jacomino-el-camionero-cubano-hallado-muerto-en-georgia\\\/\"]}]},{\"@type\":\"ImageObject\",\"inLanguage\":\"es\",\"@id\":\"https:\\\/\\\/www.cuballama.com\\\/noticias\\\/poblado-de-managua-despide-a-alejandro-gonzalez-jacomino-el-camionero-cubano-hallado-muerto-en-georgia\\\/#primaryimage\",\"url\":\"https:\\\/\\\/cdn1.mediawpaccore.net\\\/wp-content\\\/uploads\\\/2026\\\/04\\\/30111627\\\/image-164.png\",\"contentUrl\":\"https:\\\/\\\/cdn1.mediawpaccore.net\\\/wp-content\\\/uploads\\\/2026\\\/04\\\/30111627\\\/image-164.png\",\"width\":829,\"height\":456,\"caption\":\"Foto de Alejandro Gonz\u00e1lez Jacomino, camionero cubano de 41 a\u00f1os natural de Managua, La Habana, hallado muerto en Georgia el 29 de abril de 2026 tras desaparecer el 17 de abril en la I-95 de Florida. Cortes\u00eda de Alexis Boentes.\"},{\"@type\":\"BreadcrumbList\",\"@id\":\"https:\\\/\\\/www.cuballama.com\\\/noticias\\\/poblado-de-managua-despide-a-alejandro-gonzalez-jacomino-el-camionero-cubano-hallado-muerto-en-georgia\\\/#breadcrumb\",\"itemListElement\":[{\"@type\":\"ListItem\",\"position\":1,\"name\":\"Home\",\"item\":\"https:\\\/\\\/www.cuballama.com\\\/noticias\\\/\"},{\"@type\":\"ListItem\",\"position\":2,\"name\":\"Poblado de Managua despide a Alejandro Gonz\u00e1lez Jacomino, el camionero cubano hallado muerto en Georgia\"}]},{\"@type\":\"WebSite\",\"@id\":\"https:\\\/\\\/www.cuballama.com\\\/noticias\\\/#website\",\"url\":\"https:\\\/\\\/www.cuballama.com\\\/noticias\\\/\",\"name\":\"Cuballama Noticias\",\"description\":\"Medio digital sobre Cuba y el mundo\",\"publisher\":{\"@id\":\"https:\\\/\\\/www.cuballama.com\\\/noticias\\\/#organization\"},\"potentialAction\":[{\"@type\":\"SearchAction\",\"target\":{\"@type\":\"EntryPoint\",\"urlTemplate\":\"https:\\\/\\\/www.cuballama.com\\\/noticias\\\/?s={search_term_string}\"},\"query-input\":{\"@type\":\"PropertyValueSpecification\",\"valueRequired\":true,\"valueName\":\"search_term_string\"}}],\"inLanguage\":\"es\"},{\"@type\":\"Organization\",\"@id\":\"https:\\\/\\\/www.cuballama.com\\\/noticias\\\/#organization\",\"name\":\"Cuballama\",\"url\":\"https:\\\/\\\/www.cuballama.com\\\/noticias\\\/\",\"logo\":{\"@type\":\"ImageObject\",\"inLanguage\":\"es\",\"@id\":\"https:\\\/\\\/www.cuballama.com\\\/noticias\\\/#\\\/schema\\\/logo\\\/image\\\/\",\"url\":\"https:\\\/\\\/cdn1.mediawpaccore.net\\\/wp-content\\\/uploads\\\/2021\\\/12\\\/28171206\\\/cbll-logo-color-sm.png\",\"contentUrl\":\"https:\\\/\\\/cdn1.mediawpaccore.net\\\/wp-content\\\/uploads\\\/2021\\\/12\\\/28171206\\\/cbll-logo-color-sm.png\",\"width\":600,\"height\":133,\"caption\":\"Cuballama\"},\"image\":{\"@id\":\"https:\\\/\\\/www.cuballama.com\\\/noticias\\\/#\\\/schema\\\/logo\\\/image\\\/\"},\"sameAs\":[\"https:\\\/\\\/www.facebook.com\\\/CubaLlama\",\"https:\\\/\\\/x.com\\\/cuballama\",\"https:\\\/\\\/www.instagram.com\\\/stories\\\/cuballama_oficial\\\/\",\"https:\\\/\\\/www.youtube.com\\\/channel\\\/UCKkFE-d_axENGZcrc4as0IA\"]},{\"@type\":\"Person\",\"@id\":\"https:\\\/\\\/www.cuballama.com\\\/noticias\\\/#\\\/schema\\\/person\\\/a58502ed4146c8e9f83872e897c76cd2\",\"name\":\"Roberto A.\",\"description\":\"Roberto A. Periodista por decisi\u00f3n propia. Interesado en cualquier tema que me apasione y cada vez m\u00e1s comprometido con la verdad y la objetividad period\u00edstica. Graduado en La Habana hace ya muchos a\u00f1os, luego de una accidentada y polvorienta b\u00fasqueda de informaci\u00f3n sobre un tema in\u00e9dito. La Tesis, por cierto, desapareci\u00f3 de la biblioteca y no se conservan copias de la misma.\",\"url\":\"https:\\\/\\\/www.cuballama.com\\\/noticias\\\/author\\\/roberto\\\/\"}]}<\/script>\n<!-- \/ Yoast SEO plugin. -->","yoast_head_json":{"title":"Poblado de Managua despide a Alejandro Gonz\u00e1lez Jacomino, el camionero cubano hallado muerto en Georgia - Cuballama Noticias","description":"El FBI confirm\u00f3 la muerte del camionero cubano Alejandro Gonz\u00e1lez Jacomino, desaparecido el 17 de abril.","robots":{"index":"index","follow":"follow","max-snippet":"max-snippet:-1","max-image-preview":"max-image-preview:large","max-video-preview":"max-video-preview:-1"},"canonical":"https:\/\/www.cuballama.com\/noticias\/poblado-de-managua-despide-a-alejandro-gonzalez-jacomino-el-camionero-cubano-hallado-muerto-en-georgia\/","og_locale":"es_ES","og_type":"article","og_title":"Poblado de Managua despide a Alejandro Gonz\u00e1lez Jacomino, el camionero cubano hallado muerto en Georgia - Cuballama Noticias","og_description":"El FBI confirm\u00f3 la muerte del camionero cubano Alejandro Gonz\u00e1lez Jacomino, desaparecido el 17 de abril.","og_url":"https:\/\/www.cuballama.com\/noticias\/poblado-de-managua-despide-a-alejandro-gonzalez-jacomino-el-camionero-cubano-hallado-muerto-en-georgia\/","og_site_name":"Cuballama Noticias","article_publisher":"https:\/\/www.facebook.com\/CubaLlama","article_published_time":"2026-04-30T15:47:52+00:00","article_modified_time":"2026-04-30T15:47:55+00:00","og_image":[{"width":829,"height":456,"url":"https:\/\/cdn1.mediawpaccore.net\/wp-content\/uploads\/2026\/04\/30111627\/image-164.png","type":"image\/png"}],"author":"Roberto A.","twitter_card":"summary_large_image","twitter_creator":"@cuballama","twitter_site":"@cuballama","twitter_misc":{"Escrito por":"Roberto A.","Tiempo de lectura":"5 minutos"},"schema":{"@context":"https:\/\/schema.org","@graph":[{"@type":"Article","@id":"https:\/\/www.cuballama.com\/noticias\/poblado-de-managua-despide-a-alejandro-gonzalez-jacomino-el-camionero-cubano-hallado-muerto-en-georgia\/#article","isPartOf":{"@id":"https:\/\/www.cuballama.com\/noticias\/poblado-de-managua-despide-a-alejandro-gonzalez-jacomino-el-camionero-cubano-hallado-muerto-en-georgia\/"},"author":{"name":"Roberto A.","@id":"https:\/\/www.cuballama.com\/noticias\/#\/schema\/person\/a58502ed4146c8e9f83872e897c76cd2"},"headline":"Poblado de Managua despide a Alejandro Gonz\u00e1lez Jacomino, el camionero cubano hallado muerto en Georgia","datePublished":"2026-04-30T15:47:52+00:00","dateModified":"2026-04-30T15:47:55+00:00","mainEntityOfPage":{"@id":"https:\/\/www.cuballama.com\/noticias\/poblado-de-managua-despide-a-alejandro-gonzalez-jacomino-el-camionero-cubano-hallado-muerto-en-georgia\/"},"wordCount":979,"commentCount":0,"publisher":{"@id":"https:\/\/www.cuballama.com\/noticias\/#organization"},"image":{"@id":"https:\/\/www.cuballama.com\/noticias\/poblado-de-managua-despide-a-alejandro-gonzalez-jacomino-el-camionero-cubano-hallado-muerto-en-georgia\/#primaryimage"},"thumbnailUrl":"https:\/\/cdn1.mediawpaccore.net\/wp-content\/uploads\/2026\/04\/30111627\/image-164.png","keywords":["Alejandro Gonz\u00e1lez Jacomino","Amigos","Camionero cubano","camionero cubano asesinado","camionero cubano hallado muerto","destacado","familia cubana","FBI","Georgia","Managua","Port Wentworth"],"articleSection":["Noticias","USA","Viral"],"inLanguage":"es","potentialAction":[{"@type":"CommentAction","name":"Comment","target":["https:\/\/www.cuballama.com\/noticias\/poblado-de-managua-despide-a-alejandro-gonzalez-jacomino-el-camionero-cubano-hallado-muerto-en-georgia\/#respond"]}]},{"@type":"WebPage","@id":"https:\/\/www.cuballama.com\/noticias\/poblado-de-managua-despide-a-alejandro-gonzalez-jacomino-el-camionero-cubano-hallado-muerto-en-georgia\/","url":"https:\/\/www.cuballama.com\/noticias\/poblado-de-managua-despide-a-alejandro-gonzalez-jacomino-el-camionero-cubano-hallado-muerto-en-georgia\/","name":"Poblado de Managua despide a Alejandro Gonz\u00e1lez Jacomino, el camionero cubano hallado muerto en Georgia - Cuballama Noticias","isPartOf":{"@id":"https:\/\/www.cuballama.com\/noticias\/#website"},"primaryImageOfPage":{"@id":"https:\/\/www.cuballama.com\/noticias\/poblado-de-managua-despide-a-alejandro-gonzalez-jacomino-el-camionero-cubano-hallado-muerto-en-georgia\/#primaryimage"},"image":{"@id":"https:\/\/www.cuballama.com\/noticias\/poblado-de-managua-despide-a-alejandro-gonzalez-jacomino-el-camionero-cubano-hallado-muerto-en-georgia\/#primaryimage"},"thumbnailUrl":"https:\/\/cdn1.mediawpaccore.net\/wp-content\/uploads\/2026\/04\/30111627\/image-164.png","datePublished":"2026-04-30T15:47:52+00:00","dateModified":"2026-04-30T15:47:55+00:00","description":"El FBI confirm\u00f3 la muerte del camionero cubano Alejandro Gonz\u00e1lez Jacomino, desaparecido el 17 de abril.","breadcrumb":{"@id":"https:\/\/www.cuballama.com\/noticias\/poblado-de-managua-despide-a-alejandro-gonzalez-jacomino-el-camionero-cubano-hallado-muerto-en-georgia\/#breadcrumb"},"inLanguage":"es","potentialAction":[{"@type":"ReadAction","target":["https:\/\/www.cuballama.com\/noticias\/poblado-de-managua-despide-a-alejandro-gonzalez-jacomino-el-camionero-cubano-hallado-muerto-en-georgia\/"]}]},{"@type":"ImageObject","inLanguage":"es","@id":"https:\/\/www.cuballama.com\/noticias\/poblado-de-managua-despide-a-alejandro-gonzalez-jacomino-el-camionero-cubano-hallado-muerto-en-georgia\/#primaryimage","url":"https:\/\/cdn1.mediawpaccore.net\/wp-content\/uploads\/2026\/04\/30111627\/image-164.png","contentUrl":"https:\/\/cdn1.mediawpaccore.net\/wp-content\/uploads\/2026\/04\/30111627\/image-164.png","width":829,"height":456,"caption":"Foto de Alejandro Gonz\u00e1lez Jacomino, camionero cubano de 41 a\u00f1os natural de Managua, La Habana, hallado muerto en Georgia el 29 de abril de 2026 tras desaparecer el 17 de abril en la I-95 de Florida. Cortes\u00eda de Alexis Boentes."},{"@type":"BreadcrumbList","@id":"https:\/\/www.cuballama.com\/noticias\/poblado-de-managua-despide-a-alejandro-gonzalez-jacomino-el-camionero-cubano-hallado-muerto-en-georgia\/#breadcrumb","itemListElement":[{"@type":"ListItem","position":1,"name":"Home","item":"https:\/\/www.cuballama.com\/noticias\/"},{"@type":"ListItem","position":2,"name":"Poblado de Managua despide a Alejandro Gonz\u00e1lez Jacomino, el camionero cubano hallado muerto en Georgia"}]},{"@type":"WebSite","@id":"https:\/\/www.cuballama.com\/noticias\/#website","url":"https:\/\/www.cuballama.com\/noticias\/","name":"Cuballama Noticias","description":"Medio digital sobre Cuba y el mundo","publisher":{"@id":"https:\/\/www.cuballama.com\/noticias\/#organization"},"potentialAction":[{"@type":"SearchAction","target":{"@type":"EntryPoint","urlTemplate":"https:\/\/www.cuballama.com\/noticias\/?s={search_term_string}"},"query-input":{"@type":"PropertyValueSpecification","valueRequired":true,"valueName":"search_term_string"}}],"inLanguage":"es"},{"@type":"Organization","@id":"https:\/\/www.cuballama.com\/noticias\/#organization","name":"Cuballama","url":"https:\/\/www.cuballama.com\/noticias\/","logo":{"@type":"ImageObject","inLanguage":"es","@id":"https:\/\/www.cuballama.com\/noticias\/#\/schema\/logo\/image\/","url":"https:\/\/cdn1.mediawpaccore.net\/wp-content\/uploads\/2021\/12\/28171206\/cbll-logo-color-sm.png","contentUrl":"https:\/\/cdn1.mediawpaccore.net\/wp-content\/uploads\/2021\/12\/28171206\/cbll-logo-color-sm.png","width":600,"height":133,"caption":"Cuballama"},"image":{"@id":"https:\/\/www.cuballama.com\/noticias\/#\/schema\/logo\/image\/"},"sameAs":["https:\/\/www.facebook.com\/CubaLlama","https:\/\/x.com\/cuballama","https:\/\/www.instagram.com\/stories\/cuballama_oficial\/","https:\/\/www.youtube.com\/channel\/UCKkFE-d_axENGZcrc4as0IA"]},{"@type":"Person","@id":"https:\/\/www.cuballama.com\/noticias\/#\/schema\/person\/a58502ed4146c8e9f83872e897c76cd2","name":"Roberto A.","description":"Roberto A. Periodista por decisi\u00f3n propia. Interesado en cualquier tema que me apasione y cada vez m\u00e1s comprometido con la verdad y la objetividad period\u00edstica. Graduado en La Habana hace ya muchos a\u00f1os, luego de una accidentada y polvorienta b\u00fasqueda de informaci\u00f3n sobre un tema in\u00e9dito. La Tesis, por cierto, desapareci\u00f3 de la biblioteca y no se conservan copias de la misma.","url":"https:\/\/www.cuballama.com\/noticias\/author\/roberto\/"}]}},"_links":{"self":[{"href":"https:\/\/www.cuballama.com\/noticias\/wp-json\/wp\/v2\/posts\/243022","targetHints":{"allow":["GET"]}}],"collection":[{"href":"https:\/\/www.cuballama.com\/noticias\/wp-json\/wp\/v2\/posts"}],"about":[{"href":"https:\/\/www.cuballama.com\/noticias\/wp-json\/wp\/v2\/types\/post"}],"author":[{"embeddable":true,"href":"https:\/\/www.cuballama.com\/noticias\/wp-json\/wp\/v2\/users\/13"}],"replies":[{"embeddable":true,"href":"https:\/\/www.cuballama.com\/noticias\/wp-json\/wp\/v2\/comments?post=243022"}],"version-history":[{"count":4,"href":"https:\/\/www.cuballama.com\/noticias\/wp-json\/wp\/v2\/posts\/243022\/revisions"}],"predecessor-version":[{"id":243067,"href":"https:\/\/www.cuballama.com\/noticias\/wp-json\/wp\/v2\/posts\/243022\/revisions\/243067"}],"wp:featuredmedia":[{"embeddable":true,"href":"https:\/\/www.cuballama.com\/noticias\/wp-json\/wp\/v2\/media\/243059"}],"wp:attachment":[{"href":"https:\/\/www.cuballama.com\/noticias\/wp-json\/wp\/v2\/media?parent=243022"}],"wp:term":[{"taxonomy":"category","embeddable":true,"href":"https:\/\/www.cuballama.com\/noticias\/wp-json\/wp\/v2\/categories?post=243022"},{"taxonomy":"post_tag","embeddable":true,"href":"https:\/\/www.cuballama.com\/noticias\/wp-json\/wp\/v2\/tags?post=243022"}],"curies":[{"name":"wp","href":"https:\/\/api.w.org\/{rel}","templated":true}]}}