{"id":243012,"date":"2026-04-30T15:41:28","date_gmt":"2026-04-30T19:41:28","guid":{"rendered":"https:\/\/www.cuballama.com\/noticias\/?p=243012"},"modified":"2026-04-30T15:41:33","modified_gmt":"2026-04-30T19:41:33","slug":"robeisy-ramirez-inicia-nueva-etapa-en-uzbekistan-tras-romper-con-top-rank","status":"publish","type":"post","link":"https:\/\/www.cuballama.com\/noticias\/robeisy-ramirez-inicia-nueva-etapa-en-uzbekistan-tras-romper-con-top-rank\/","title":{"rendered":"Robeisy Ram\u00edrez inicia nueva etapa en Uzbekist\u00e1n tras romper con Top Rank"},"content":{"rendered":"\n<p>El boxeador cubano Robeisy Ram\u00edrez volver\u00e1 al ring el pr\u00f3ximo 29 de mayo en Taskent, Uzbekist\u00e1n, marcando el inicio de una nueva etapa en su carrera profesional tras su salida de la promotora Top Rank. El doble campe\u00f3n ol\u00edmpico enfrentar\u00e1 al uzbeko Asror Vohidov en un combate que servir\u00e1 como punto de partida para relanzar su trayectoria en el circuito internacional.<\/p>\n\n\n\n<p>La decisi\u00f3n de separarse de Top Rank supone un giro importante para el p\u00fagil, que durante a\u00f1os estuvo vinculado a una de las principales plataformas del boxeo profesional. Su incorporaci\u00f3n a la promotora RAIZN Boxing abre ahora un escenario distinto, con nuevas oportunidades pero tambi\u00e9n con el desaf\u00edo de reconstruir su posicionamiento dentro de una divisi\u00f3n altamente competitiva.<\/p>\n\n\n\n<p>Ram\u00edrez, considerado uno de los talentos m\u00e1s s\u00f3lidos surgidos del sistema deportivo cubano en las \u00faltimas d\u00e9cadas, ha construido su carrera fuera de la isla tras abandonar el equipo nacional. Desde entonces, ha alternado momentos de alto rendimiento con etapas de inestabilidad, en un recorrido marcado por la necesidad de adaptarse a un entorno profesional distinto al que lo form\u00f3.<\/p>\n\n\n\n<iframe loading=\"lazy\" src=\"https:\/\/www.facebook.com\/plugins\/post.php?href=https%3A%2F%2Fwww.facebook.com%2FRobeisyElTrenRamirez%2Fposts%2Fpfbid02mjwCrDZf2Zo6hQcotdw56vP3YjCqCuXc8sgdJZFu6pANhQnnbjC87CgTUFdqqpn4l&#038;show_text=true&#038;width=500\" width=\"500\" height=\"639\" style=\"border:none;overflow:hidden\" scrolling=\"no\" frameborder=\"0\" allowfullscreen=\"true\" allow=\"autoplay; clipboard-write; encrypted-media; picture-in-picture; web-share\"><\/iframe>\n\n\n\n<p>El combate en Uzbekist\u00e1n no es casual. Asia Central se ha convertido en un nuevo foco del boxeo internacional, con eventos que buscan atraer talento global y posicionarse fuera de los circuitos tradicionales de Estados Unidos y Europa. Para Ram\u00edrez, pelear en ese escenario implica tambi\u00e9n una apuesta por diversificar su presencia y explorar mercados emergentes. <\/p>\n\n\n\n<p>M\u00e1s all\u00e1 del resultado, la pelea ser\u00e1 un term\u00f3metro sobre su estado actual y su capacidad de reinvenci\u00f3n. A sus 30 a\u00f1os, el cubano se encuentra en una fase en la que cada combate puede definir su proyecci\u00f3n a corto plazo.<\/p>\n\n\n\n<p>El regreso al ring llega en un momento donde varios boxeadores cubanos han optado por trayectorias similares, construyendo carreras internacionales tras salir del pa\u00eds. En ese contexto, Ram\u00edrez busca consolidarse nuevamente como una figura relevante, en una disciplina donde la continuidad y la visibilidad son claves para mantenerse en la \u00e9lite, se\u00f1al\u00f3 el periodista cubanoamericano Jorge Ebro, en <em><a href=\"https:\/\/www.elnuevoherald.com\/deportes\/boxeo\/article315565049.html\" target=\"_blank\" rel=\"noreferrer noopener nofollow\">El Nuevo Herald.<\/a><\/em><\/p>\n","protected":false},"excerpt":{"rendered":"<p>El boxeador cubano Robeisy Ram\u00edrez regresar\u00e1 al ring en Uzbekist\u00e1n tras iniciar una nueva etapa profesional fuera de Top Rank. El doble campe\u00f3n ol\u00edmpico busca reposicionarse en el circuito internacional en un momento clave de su carrera, apostando por nuevos mercados y oportunidades en Asia Central mientras redefine su proyecci\u00f3n dentro del boxeo profesional.<\/p>\n","protected":false},"author":13,"featured_media":243016,"comment_status":"open","ping_status":"closed","sticky":false,"template":"","format":"standard","meta":{"_acf_changed":false,"footnotes":""},"categories":[21,18,955],"tags":[17873,32410,32409,32408,32411,20034,32407],"class_list":{"0":"post-243012","1":"post","2":"type-post","3":"status-publish","4":"format-standard","5":"has-post-thumbnail","7":"category-deportes","8":"category-noticias","9":"category-noticias-de-cuba","10":"tag-boxeador-cubano","11":"tag-boxeo-cubano-profesional","12":"tag-deportes-cubanos","13":"tag-pelea-uzbekistan","14":"tag-raizn-boxing","15":"tag-robeisy-ramirez","16":"tag-top-rank"},"acf":[],"yoast_head":"<!-- This site is optimized with the Yoast SEO plugin v27.5 - https:\/\/yoast.com\/product\/yoast-seo-wordpress\/ -->\n<title>Robeisy Ram\u00edrez inicia nueva etapa en Uzbekist\u00e1n tras romper con Top Rank - Cuballama Noticias<\/title>\n<meta name=\"description\" content=\"Robeisy Ram\u00edrez regresa al ring en Uzbekist\u00e1n tras iniciar nueva etapa en su carrera profesional y enfrenta a boxeador con 13 victorias\" \/>\n<meta name=\"robots\" content=\"index, follow, max-snippet:-1, max-image-preview:large, max-video-preview:-1\" \/>\n<link rel=\"canonical\" href=\"https:\/\/www.cuballama.com\/noticias\/robeisy-ramirez-inicia-nueva-etapa-en-uzbekistan-tras-romper-con-top-rank\/\" \/>\n<meta property=\"og:locale\" content=\"es_ES\" \/>\n<meta property=\"og:type\" content=\"article\" \/>\n<meta property=\"og:title\" content=\"Robeisy Ram\u00edrez inicia nueva etapa en Uzbekist\u00e1n tras romper con Top Rank - Cuballama Noticias\" \/>\n<meta property=\"og:description\" content=\"Robeisy Ram\u00edrez regresa al ring en Uzbekist\u00e1n tras iniciar nueva etapa en su carrera profesional y enfrenta a boxeador con 13 victorias\" \/>\n<meta property=\"og:url\" content=\"https:\/\/www.cuballama.com\/noticias\/robeisy-ramirez-inicia-nueva-etapa-en-uzbekistan-tras-romper-con-top-rank\/\" \/>\n<meta property=\"og:site_name\" content=\"Cuballama Noticias\" \/>\n<meta property=\"article:publisher\" content=\"https:\/\/www.facebook.com\/CubaLlama\" \/>\n<meta property=\"article:published_time\" content=\"2026-04-30T19:41:28+00:00\" \/>\n<meta property=\"article:modified_time\" content=\"2026-04-30T19:41:33+00:00\" \/>\n<meta property=\"og:image\" content=\"https:\/\/cdn1.mediawpaccore.net\/wp-content\/uploads\/2026\/04\/30090331\/image-161.png\" \/>\n\t<meta property=\"og:image:width\" content=\"1140\" \/>\n\t<meta property=\"og:image:height\" content=\"629\" \/>\n\t<meta property=\"og:image:type\" content=\"image\/png\" \/>\n<meta name=\"author\" content=\"Roberto A.\" \/>\n<meta name=\"twitter:card\" content=\"summary_large_image\" \/>\n<meta name=\"twitter:creator\" content=\"@cuballama\" \/>\n<meta name=\"twitter:site\" content=\"@cuballama\" \/>\n<meta name=\"twitter:label1\" content=\"Escrito por\" \/>\n\t<meta name=\"twitter:data1\" content=\"Roberto A.\" \/>\n\t<meta name=\"twitter:label2\" content=\"Tiempo de lectura\" \/>\n\t<meta name=\"twitter:data2\" content=\"2 minutos\" \/>\n<script type=\"application\/ld+json\" class=\"yoast-schema-graph\">{\"@context\":\"https:\\\/\\\/schema.org\",\"@graph\":[{\"@type\":\"Article\",\"@id\":\"https:\\\/\\\/www.cuballama.com\\\/noticias\\\/robeisy-ramirez-inicia-nueva-etapa-en-uzbekistan-tras-romper-con-top-rank\\\/#article\",\"isPartOf\":{\"@id\":\"https:\\\/\\\/www.cuballama.com\\\/noticias\\\/robeisy-ramirez-inicia-nueva-etapa-en-uzbekistan-tras-romper-con-top-rank\\\/\"},\"author\":{\"name\":\"Roberto A.\",\"@id\":\"https:\\\/\\\/www.cuballama.com\\\/noticias\\\/#\\\/schema\\\/person\\\/a58502ed4146c8e9f83872e897c76cd2\"},\"headline\":\"Robeisy Ram\u00edrez inicia nueva etapa en Uzbekist\u00e1n tras romper con Top Rank\",\"datePublished\":\"2026-04-30T19:41:28+00:00\",\"dateModified\":\"2026-04-30T19:41:33+00:00\",\"mainEntityOfPage\":{\"@id\":\"https:\\\/\\\/www.cuballama.com\\\/noticias\\\/robeisy-ramirez-inicia-nueva-etapa-en-uzbekistan-tras-romper-con-top-rank\\\/\"},\"wordCount\":376,\"commentCount\":0,\"publisher\":{\"@id\":\"https:\\\/\\\/www.cuballama.com\\\/noticias\\\/#organization\"},\"image\":{\"@id\":\"https:\\\/\\\/www.cuballama.com\\\/noticias\\\/robeisy-ramirez-inicia-nueva-etapa-en-uzbekistan-tras-romper-con-top-rank\\\/#primaryimage\"},\"thumbnailUrl\":\"https:\\\/\\\/cdn1.mediawpaccore.net\\\/wp-content\\\/uploads\\\/2026\\\/04\\\/30090331\\\/image-161.png\",\"keywords\":[\"boxeador cubano\",\"boxeo cubano profesional\",\"deportes cubanos\",\"pelea Uzbekist\u00e1n\",\"RAIZN Boxing\",\"Robeisy Ram\u00edrez\",\"Top Rank\"],\"articleSection\":[\"Deportes\",\"Noticias\",\"Noticias de Cuba\"],\"inLanguage\":\"es\",\"potentialAction\":[{\"@type\":\"CommentAction\",\"name\":\"Comment\",\"target\":[\"https:\\\/\\\/www.cuballama.com\\\/noticias\\\/robeisy-ramirez-inicia-nueva-etapa-en-uzbekistan-tras-romper-con-top-rank\\\/#respond\"]}]},{\"@type\":\"WebPage\",\"@id\":\"https:\\\/\\\/www.cuballama.com\\\/noticias\\\/robeisy-ramirez-inicia-nueva-etapa-en-uzbekistan-tras-romper-con-top-rank\\\/\",\"url\":\"https:\\\/\\\/www.cuballama.com\\\/noticias\\\/robeisy-ramirez-inicia-nueva-etapa-en-uzbekistan-tras-romper-con-top-rank\\\/\",\"name\":\"Robeisy Ram\u00edrez inicia nueva etapa en Uzbekist\u00e1n tras romper con Top Rank - Cuballama Noticias\",\"isPartOf\":{\"@id\":\"https:\\\/\\\/www.cuballama.com\\\/noticias\\\/#website\"},\"primaryImageOfPage\":{\"@id\":\"https:\\\/\\\/www.cuballama.com\\\/noticias\\\/robeisy-ramirez-inicia-nueva-etapa-en-uzbekistan-tras-romper-con-top-rank\\\/#primaryimage\"},\"image\":{\"@id\":\"https:\\\/\\\/www.cuballama.com\\\/noticias\\\/robeisy-ramirez-inicia-nueva-etapa-en-uzbekistan-tras-romper-con-top-rank\\\/#primaryimage\"},\"thumbnailUrl\":\"https:\\\/\\\/cdn1.mediawpaccore.net\\\/wp-content\\\/uploads\\\/2026\\\/04\\\/30090331\\\/image-161.png\",\"datePublished\":\"2026-04-30T19:41:28+00:00\",\"dateModified\":\"2026-04-30T19:41:33+00:00\",\"description\":\"Robeisy Ram\u00edrez regresa al ring en Uzbekist\u00e1n tras iniciar nueva etapa en su carrera profesional y enfrenta a boxeador con 13 victorias\",\"breadcrumb\":{\"@id\":\"https:\\\/\\\/www.cuballama.com\\\/noticias\\\/robeisy-ramirez-inicia-nueva-etapa-en-uzbekistan-tras-romper-con-top-rank\\\/#breadcrumb\"},\"inLanguage\":\"es\",\"potentialAction\":[{\"@type\":\"ReadAction\",\"target\":[\"https:\\\/\\\/www.cuballama.com\\\/noticias\\\/robeisy-ramirez-inicia-nueva-etapa-en-uzbekistan-tras-romper-con-top-rank\\\/\"]}]},{\"@type\":\"ImageObject\",\"inLanguage\":\"es\",\"@id\":\"https:\\\/\\\/www.cuballama.com\\\/noticias\\\/robeisy-ramirez-inicia-nueva-etapa-en-uzbekistan-tras-romper-con-top-rank\\\/#primaryimage\",\"url\":\"https:\\\/\\\/cdn1.mediawpaccore.net\\\/wp-content\\\/uploads\\\/2026\\\/04\\\/30090331\\\/image-161.png\",\"contentUrl\":\"https:\\\/\\\/cdn1.mediawpaccore.net\\\/wp-content\\\/uploads\\\/2026\\\/04\\\/30090331\\\/image-161.png\",\"width\":1140,\"height\":629,\"caption\":\"Foto: V\u00eda Robeisy Ram\u00edrez \\\/ Facebook\"},{\"@type\":\"BreadcrumbList\",\"@id\":\"https:\\\/\\\/www.cuballama.com\\\/noticias\\\/robeisy-ramirez-inicia-nueva-etapa-en-uzbekistan-tras-romper-con-top-rank\\\/#breadcrumb\",\"itemListElement\":[{\"@type\":\"ListItem\",\"position\":1,\"name\":\"Home\",\"item\":\"https:\\\/\\\/www.cuballama.com\\\/noticias\\\/\"},{\"@type\":\"ListItem\",\"position\":2,\"name\":\"Robeisy Ram\u00edrez inicia nueva etapa en Uzbekist\u00e1n tras romper con Top Rank\"}]},{\"@type\":\"WebSite\",\"@id\":\"https:\\\/\\\/www.cuballama.com\\\/noticias\\\/#website\",\"url\":\"https:\\\/\\\/www.cuballama.com\\\/noticias\\\/\",\"name\":\"Cuballama Noticias\",\"description\":\"Medio digital sobre Cuba y el mundo\",\"publisher\":{\"@id\":\"https:\\\/\\\/www.cuballama.com\\\/noticias\\\/#organization\"},\"potentialAction\":[{\"@type\":\"SearchAction\",\"target\":{\"@type\":\"EntryPoint\",\"urlTemplate\":\"https:\\\/\\\/www.cuballama.com\\\/noticias\\\/?s={search_term_string}\"},\"query-input\":{\"@type\":\"PropertyValueSpecification\",\"valueRequired\":true,\"valueName\":\"search_term_string\"}}],\"inLanguage\":\"es\"},{\"@type\":\"Organization\",\"@id\":\"https:\\\/\\\/www.cuballama.com\\\/noticias\\\/#organization\",\"name\":\"Cuballama\",\"url\":\"https:\\\/\\\/www.cuballama.com\\\/noticias\\\/\",\"logo\":{\"@type\":\"ImageObject\",\"inLanguage\":\"es\",\"@id\":\"https:\\\/\\\/www.cuballama.com\\\/noticias\\\/#\\\/schema\\\/logo\\\/image\\\/\",\"url\":\"https:\\\/\\\/cdn1.mediawpaccore.net\\\/wp-content\\\/uploads\\\/2021\\\/12\\\/28171206\\\/cbll-logo-color-sm.png\",\"contentUrl\":\"https:\\\/\\\/cdn1.mediawpaccore.net\\\/wp-content\\\/uploads\\\/2021\\\/12\\\/28171206\\\/cbll-logo-color-sm.png\",\"width\":600,\"height\":133,\"caption\":\"Cuballama\"},\"image\":{\"@id\":\"https:\\\/\\\/www.cuballama.com\\\/noticias\\\/#\\\/schema\\\/logo\\\/image\\\/\"},\"sameAs\":[\"https:\\\/\\\/www.facebook.com\\\/CubaLlama\",\"https:\\\/\\\/x.com\\\/cuballama\",\"https:\\\/\\\/www.instagram.com\\\/stories\\\/cuballama_oficial\\\/\",\"https:\\\/\\\/www.youtube.com\\\/channel\\\/UCKkFE-d_axENGZcrc4as0IA\"]},{\"@type\":\"Person\",\"@id\":\"https:\\\/\\\/www.cuballama.com\\\/noticias\\\/#\\\/schema\\\/person\\\/a58502ed4146c8e9f83872e897c76cd2\",\"name\":\"Roberto A.\",\"description\":\"Roberto A. Periodista por decisi\u00f3n propia. Interesado en cualquier tema que me apasione y cada vez m\u00e1s comprometido con la verdad y la objetividad period\u00edstica. Graduado en La Habana hace ya muchos a\u00f1os, luego de una accidentada y polvorienta b\u00fasqueda de informaci\u00f3n sobre un tema in\u00e9dito. La Tesis, por cierto, desapareci\u00f3 de la biblioteca y no se conservan copias de la misma.\",\"url\":\"https:\\\/\\\/www.cuballama.com\\\/noticias\\\/author\\\/roberto\\\/\"}]}<\/script>\n<!-- \/ Yoast SEO plugin. -->","yoast_head_json":{"title":"Robeisy Ram\u00edrez inicia nueva etapa en Uzbekist\u00e1n tras romper con Top Rank - Cuballama Noticias","description":"Robeisy Ram\u00edrez regresa al ring en Uzbekist\u00e1n tras iniciar nueva etapa en su carrera profesional y enfrenta a boxeador con 13 victorias","robots":{"index":"index","follow":"follow","max-snippet":"max-snippet:-1","max-image-preview":"max-image-preview:large","max-video-preview":"max-video-preview:-1"},"canonical":"https:\/\/www.cuballama.com\/noticias\/robeisy-ramirez-inicia-nueva-etapa-en-uzbekistan-tras-romper-con-top-rank\/","og_locale":"es_ES","og_type":"article","og_title":"Robeisy Ram\u00edrez inicia nueva etapa en Uzbekist\u00e1n tras romper con Top Rank - Cuballama Noticias","og_description":"Robeisy Ram\u00edrez regresa al ring en Uzbekist\u00e1n tras iniciar nueva etapa en su carrera profesional y enfrenta a boxeador con 13 victorias","og_url":"https:\/\/www.cuballama.com\/noticias\/robeisy-ramirez-inicia-nueva-etapa-en-uzbekistan-tras-romper-con-top-rank\/","og_site_name":"Cuballama Noticias","article_publisher":"https:\/\/www.facebook.com\/CubaLlama","article_published_time":"2026-04-30T19:41:28+00:00","article_modified_time":"2026-04-30T19:41:33+00:00","og_image":[{"width":1140,"height":629,"url":"https:\/\/cdn1.mediawpaccore.net\/wp-content\/uploads\/2026\/04\/30090331\/image-161.png","type":"image\/png"}],"author":"Roberto A.","twitter_card":"summary_large_image","twitter_creator":"@cuballama","twitter_site":"@cuballama","twitter_misc":{"Escrito por":"Roberto A.","Tiempo de lectura":"2 minutos"},"schema":{"@context":"https:\/\/schema.org","@graph":[{"@type":"Article","@id":"https:\/\/www.cuballama.com\/noticias\/robeisy-ramirez-inicia-nueva-etapa-en-uzbekistan-tras-romper-con-top-rank\/#article","isPartOf":{"@id":"https:\/\/www.cuballama.com\/noticias\/robeisy-ramirez-inicia-nueva-etapa-en-uzbekistan-tras-romper-con-top-rank\/"},"author":{"name":"Roberto A.","@id":"https:\/\/www.cuballama.com\/noticias\/#\/schema\/person\/a58502ed4146c8e9f83872e897c76cd2"},"headline":"Robeisy Ram\u00edrez inicia nueva etapa en Uzbekist\u00e1n tras romper con Top Rank","datePublished":"2026-04-30T19:41:28+00:00","dateModified":"2026-04-30T19:41:33+00:00","mainEntityOfPage":{"@id":"https:\/\/www.cuballama.com\/noticias\/robeisy-ramirez-inicia-nueva-etapa-en-uzbekistan-tras-romper-con-top-rank\/"},"wordCount":376,"commentCount":0,"publisher":{"@id":"https:\/\/www.cuballama.com\/noticias\/#organization"},"image":{"@id":"https:\/\/www.cuballama.com\/noticias\/robeisy-ramirez-inicia-nueva-etapa-en-uzbekistan-tras-romper-con-top-rank\/#primaryimage"},"thumbnailUrl":"https:\/\/cdn1.mediawpaccore.net\/wp-content\/uploads\/2026\/04\/30090331\/image-161.png","keywords":["boxeador cubano","boxeo cubano profesional","deportes cubanos","pelea Uzbekist\u00e1n","RAIZN Boxing","Robeisy Ram\u00edrez","Top Rank"],"articleSection":["Deportes","Noticias","Noticias de Cuba"],"inLanguage":"es","potentialAction":[{"@type":"CommentAction","name":"Comment","target":["https:\/\/www.cuballama.com\/noticias\/robeisy-ramirez-inicia-nueva-etapa-en-uzbekistan-tras-romper-con-top-rank\/#respond"]}]},{"@type":"WebPage","@id":"https:\/\/www.cuballama.com\/noticias\/robeisy-ramirez-inicia-nueva-etapa-en-uzbekistan-tras-romper-con-top-rank\/","url":"https:\/\/www.cuballama.com\/noticias\/robeisy-ramirez-inicia-nueva-etapa-en-uzbekistan-tras-romper-con-top-rank\/","name":"Robeisy Ram\u00edrez inicia nueva etapa en Uzbekist\u00e1n tras romper con Top Rank - Cuballama Noticias","isPartOf":{"@id":"https:\/\/www.cuballama.com\/noticias\/#website"},"primaryImageOfPage":{"@id":"https:\/\/www.cuballama.com\/noticias\/robeisy-ramirez-inicia-nueva-etapa-en-uzbekistan-tras-romper-con-top-rank\/#primaryimage"},"image":{"@id":"https:\/\/www.cuballama.com\/noticias\/robeisy-ramirez-inicia-nueva-etapa-en-uzbekistan-tras-romper-con-top-rank\/#primaryimage"},"thumbnailUrl":"https:\/\/cdn1.mediawpaccore.net\/wp-content\/uploads\/2026\/04\/30090331\/image-161.png","datePublished":"2026-04-30T19:41:28+00:00","dateModified":"2026-04-30T19:41:33+00:00","description":"Robeisy Ram\u00edrez regresa al ring en Uzbekist\u00e1n tras iniciar nueva etapa en su carrera profesional y enfrenta a boxeador con 13 victorias","breadcrumb":{"@id":"https:\/\/www.cuballama.com\/noticias\/robeisy-ramirez-inicia-nueva-etapa-en-uzbekistan-tras-romper-con-top-rank\/#breadcrumb"},"inLanguage":"es","potentialAction":[{"@type":"ReadAction","target":["https:\/\/www.cuballama.com\/noticias\/robeisy-ramirez-inicia-nueva-etapa-en-uzbekistan-tras-romper-con-top-rank\/"]}]},{"@type":"ImageObject","inLanguage":"es","@id":"https:\/\/www.cuballama.com\/noticias\/robeisy-ramirez-inicia-nueva-etapa-en-uzbekistan-tras-romper-con-top-rank\/#primaryimage","url":"https:\/\/cdn1.mediawpaccore.net\/wp-content\/uploads\/2026\/04\/30090331\/image-161.png","contentUrl":"https:\/\/cdn1.mediawpaccore.net\/wp-content\/uploads\/2026\/04\/30090331\/image-161.png","width":1140,"height":629,"caption":"Foto: V\u00eda Robeisy Ram\u00edrez \/ Facebook"},{"@type":"BreadcrumbList","@id":"https:\/\/www.cuballama.com\/noticias\/robeisy-ramirez-inicia-nueva-etapa-en-uzbekistan-tras-romper-con-top-rank\/#breadcrumb","itemListElement":[{"@type":"ListItem","position":1,"name":"Home","item":"https:\/\/www.cuballama.com\/noticias\/"},{"@type":"ListItem","position":2,"name":"Robeisy Ram\u00edrez inicia nueva etapa en Uzbekist\u00e1n tras romper con Top Rank"}]},{"@type":"WebSite","@id":"https:\/\/www.cuballama.com\/noticias\/#website","url":"https:\/\/www.cuballama.com\/noticias\/","name":"Cuballama Noticias","description":"Medio digital sobre Cuba y el mundo","publisher":{"@id":"https:\/\/www.cuballama.com\/noticias\/#organization"},"potentialAction":[{"@type":"SearchAction","target":{"@type":"EntryPoint","urlTemplate":"https:\/\/www.cuballama.com\/noticias\/?s={search_term_string}"},"query-input":{"@type":"PropertyValueSpecification","valueRequired":true,"valueName":"search_term_string"}}],"inLanguage":"es"},{"@type":"Organization","@id":"https:\/\/www.cuballama.com\/noticias\/#organization","name":"Cuballama","url":"https:\/\/www.cuballama.com\/noticias\/","logo":{"@type":"ImageObject","inLanguage":"es","@id":"https:\/\/www.cuballama.com\/noticias\/#\/schema\/logo\/image\/","url":"https:\/\/cdn1.mediawpaccore.net\/wp-content\/uploads\/2021\/12\/28171206\/cbll-logo-color-sm.png","contentUrl":"https:\/\/cdn1.mediawpaccore.net\/wp-content\/uploads\/2021\/12\/28171206\/cbll-logo-color-sm.png","width":600,"height":133,"caption":"Cuballama"},"image":{"@id":"https:\/\/www.cuballama.com\/noticias\/#\/schema\/logo\/image\/"},"sameAs":["https:\/\/www.facebook.com\/CubaLlama","https:\/\/x.com\/cuballama","https:\/\/www.instagram.com\/stories\/cuballama_oficial\/","https:\/\/www.youtube.com\/channel\/UCKkFE-d_axENGZcrc4as0IA"]},{"@type":"Person","@id":"https:\/\/www.cuballama.com\/noticias\/#\/schema\/person\/a58502ed4146c8e9f83872e897c76cd2","name":"Roberto A.","description":"Roberto A. Periodista por decisi\u00f3n propia. Interesado en cualquier tema que me apasione y cada vez m\u00e1s comprometido con la verdad y la objetividad period\u00edstica. Graduado en La Habana hace ya muchos a\u00f1os, luego de una accidentada y polvorienta b\u00fasqueda de informaci\u00f3n sobre un tema in\u00e9dito. La Tesis, por cierto, desapareci\u00f3 de la biblioteca y no se conservan copias de la misma.","url":"https:\/\/www.cuballama.com\/noticias\/author\/roberto\/"}]}},"_links":{"self":[{"href":"https:\/\/www.cuballama.com\/noticias\/wp-json\/wp\/v2\/posts\/243012","targetHints":{"allow":["GET"]}}],"collection":[{"href":"https:\/\/www.cuballama.com\/noticias\/wp-json\/wp\/v2\/posts"}],"about":[{"href":"https:\/\/www.cuballama.com\/noticias\/wp-json\/wp\/v2\/types\/post"}],"author":[{"embeddable":true,"href":"https:\/\/www.cuballama.com\/noticias\/wp-json\/wp\/v2\/users\/13"}],"replies":[{"embeddable":true,"href":"https:\/\/www.cuballama.com\/noticias\/wp-json\/wp\/v2\/comments?post=243012"}],"version-history":[{"count":2,"href":"https:\/\/www.cuballama.com\/noticias\/wp-json\/wp\/v2\/posts\/243012\/revisions"}],"predecessor-version":[{"id":243017,"href":"https:\/\/www.cuballama.com\/noticias\/wp-json\/wp\/v2\/posts\/243012\/revisions\/243017"}],"wp:featuredmedia":[{"embeddable":true,"href":"https:\/\/www.cuballama.com\/noticias\/wp-json\/wp\/v2\/media\/243016"}],"wp:attachment":[{"href":"https:\/\/www.cuballama.com\/noticias\/wp-json\/wp\/v2\/media?parent=243012"}],"wp:term":[{"taxonomy":"category","embeddable":true,"href":"https:\/\/www.cuballama.com\/noticias\/wp-json\/wp\/v2\/categories?post=243012"},{"taxonomy":"post_tag","embeddable":true,"href":"https:\/\/www.cuballama.com\/noticias\/wp-json\/wp\/v2\/tags?post=243012"}],"curies":[{"name":"wp","href":"https:\/\/api.w.org\/{rel}","templated":true}]}}