{"id":242966,"date":"2026-04-29T16:18:42","date_gmt":"2026-04-29T20:18:42","guid":{"rendered":"https:\/\/www.cuballama.com\/noticias\/?p=242966"},"modified":"2026-04-29T16:21:41","modified_gmt":"2026-04-29T20:21:41","slug":"desalojan-casa-de-alejandro-gil-condenado-a-cadena-perpetua","status":"publish","type":"post","link":"https:\/\/www.cuballama.com\/noticias\/desalojan-casa-de-alejandro-gil-condenado-a-cadena-perpetua\/","title":{"rendered":"Desalojan casa de Alejandro Gil, condenado a cadena perpetua"},"content":{"rendered":"\n<p>Autoridades cubanas ejecutaron este mi\u00e9rcoles el desalojo y decomiso de la vivienda del exministro de Econom\u00eda, Alejandro Gil Fern\u00e1ndez, en el municipio Playa, como cumplimiento de su sentencia a cadena perpetua y la confiscaci\u00f3n de todos sus bienes.<\/p>\n\n\n\n<p>El operativo en la casa de Alejandro Gil comenz\u00f3 a primeras horas de la ma\u00f1ana con un cerco de seguridad que impidi\u00f3 a los vecinos filmar o fotografiar la extracci\u00f3n de pertenencias. Seg\u00fan reportes de CubaNet, la familia del exfuncionario \u2014incluyendo a su esposa, hija y nieta\u2014 fue retirada del inmueble de dos plantas mientras dos camiones de carga trasladaban sus bienes fuera de la propiedad.<\/p>\n\n\n\n<p>La intervenci\u00f3n responde a la ratificaci\u00f3n de la condena por parte del Tribunal Supremo Popular, que hall\u00f3 a Alejandro Gil culpable de espionaje, cohecho, tr\u00e1fico de influencias y evasi\u00f3n fiscal, entre otros delitos.<\/p>\n\n\n\n<p>En un juicio cerrado a la prensa el tribunal se\u00f1al\u00f3 que \u201cse aplicaron sanciones accesorias de confiscaci\u00f3n de bienes,\u00a0prohibici\u00f3n del ejercicio de funciones que impliquen administraci\u00f3n o disponibilidad de recursos humanos, materiales y financieros\u00a0y privaci\u00f3n de derechos p\u00fablicos, entre otras\u201d<\/p>\n\n\n\n<p>\u201cAlejandro Miguel Gil Fern\u00e1ndez, mediante un actuar corrupto y simulador, se aprovech\u00f3 de las facultades otorgadas por las responsabilidades que asumi\u00f3 para obtener beneficios personales, recibiendo dinero de firmas extranjeras y sobornando a otros funcionarios p\u00fablicos para legalizar la adquisici\u00f3n de bienes. Enga\u00f1\u00f3 a la direcci\u00f3n del pa\u00eds y al pueblo que representaba, generando, con ello, da\u00f1os a la econom\u00eda. Incumpli\u00f3 procesos de trabajo con la informaci\u00f3n oficial clasificada que manejaba, la sustrajo, la da\u00f1\u00f3 y finalmente la puso a disposici\u00f3n de los servicios del enemigo\u201d, dijo la publicaci\u00f3n del tribunal.<\/p>\n\n\n\n<p><\/p>\n\n\n\n<p><\/p>\n\n\n\n<p><\/p>\n","protected":false},"excerpt":{"rendered":"<p>La intervenci\u00f3n parte del Tribunal Supremo Popular, que hall\u00f3 a Gil culpable espionaje, cohecho, tr\u00e1fico de influencias y evasi\u00f3n fiscal, entre otros delitos.<\/p>\n","protected":false},"author":24,"featured_media":224651,"comment_status":"open","ping_status":"closed","sticky":false,"template":"","format":"standard","meta":{"_acf_changed":false,"footnotes":""},"categories":[18,955],"tags":[17304,11,92,941],"class_list":{"0":"post-242966","1":"post","2":"type-post","3":"status-publish","4":"format-standard","5":"has-post-thumbnail","7":"category-noticias","8":"category-noticias-de-cuba","9":"tag-alejandro-gil-fernandez","10":"tag-cuba","11":"tag-cubanos","12":"tag-destacado"},"acf":[],"yoast_head":"<!-- This site is optimized with the Yoast SEO plugin v27.4 - https:\/\/yoast.com\/product\/yoast-seo-wordpress\/ -->\n<title>Desalojan casa de Alejandro Gil, condenado a cadena perpetua - Cuballama Noticias<\/title>\n<meta name=\"robots\" content=\"index, follow, max-snippet:-1, max-image-preview:large, max-video-preview:-1\" \/>\n<link rel=\"canonical\" href=\"https:\/\/www.cuballama.com\/noticias\/desalojan-casa-de-alejandro-gil-condenado-a-cadena-perpetua\/\" \/>\n<meta property=\"og:locale\" content=\"es_ES\" \/>\n<meta property=\"og:type\" content=\"article\" \/>\n<meta property=\"og:title\" content=\"Desalojan casa de Alejandro Gil, condenado a cadena perpetua - Cuballama Noticias\" \/>\n<meta property=\"og:description\" content=\"La intervenci\u00f3n parte del Tribunal Supremo Popular, que hall\u00f3 a Gil culpable espionaje, cohecho, tr\u00e1fico de influencias y evasi\u00f3n fiscal, entre otros delitos.\" \/>\n<meta property=\"og:url\" content=\"https:\/\/www.cuballama.com\/noticias\/desalojan-casa-de-alejandro-gil-condenado-a-cadena-perpetua\/\" \/>\n<meta property=\"og:site_name\" content=\"Cuballama Noticias\" \/>\n<meta property=\"article:publisher\" content=\"https:\/\/www.facebook.com\/CubaLlama\" \/>\n<meta property=\"article:published_time\" content=\"2026-04-29T20:18:42+00:00\" \/>\n<meta property=\"article:modified_time\" content=\"2026-04-29T20:21:41+00:00\" \/>\n<meta property=\"og:image\" content=\"https:\/\/cdn1.mediawpaccore.net\/wp-content\/uploads\/2025\/10\/31211027\/574095118_24693131280386080_1075634571706076302_n1.jpg\" \/>\n\t<meta property=\"og:image:width\" content=\"1200\" \/>\n\t<meta property=\"og:image:height\" content=\"630\" \/>\n\t<meta property=\"og:image:type\" content=\"image\/jpeg\" \/>\n<meta name=\"author\" content=\"Manu\" \/>\n<meta name=\"twitter:card\" content=\"summary_large_image\" \/>\n<meta name=\"twitter:creator\" content=\"@cuballama\" \/>\n<meta name=\"twitter:site\" content=\"@cuballama\" \/>\n<meta name=\"twitter:label1\" content=\"Escrito por\" \/>\n\t<meta name=\"twitter:data1\" content=\"Manu\" \/>\n\t<meta name=\"twitter:label2\" content=\"Tiempo de lectura\" \/>\n\t<meta name=\"twitter:data2\" content=\"1 minuto\" \/>\n<script type=\"application\/ld+json\" class=\"yoast-schema-graph\">{\"@context\":\"https:\\\/\\\/schema.org\",\"@graph\":[{\"@type\":\"Article\",\"@id\":\"https:\\\/\\\/www.cuballama.com\\\/noticias\\\/desalojan-casa-de-alejandro-gil-condenado-a-cadena-perpetua\\\/#article\",\"isPartOf\":{\"@id\":\"https:\\\/\\\/www.cuballama.com\\\/noticias\\\/desalojan-casa-de-alejandro-gil-condenado-a-cadena-perpetua\\\/\"},\"author\":{\"name\":\"Manu\",\"@id\":\"https:\\\/\\\/www.cuballama.com\\\/noticias\\\/#\\\/schema\\\/person\\\/5889f7d070564f8386e7944d14d436cd\"},\"headline\":\"Desalojan casa de Alejandro Gil, condenado a cadena perpetua\",\"datePublished\":\"2026-04-29T20:18:42+00:00\",\"dateModified\":\"2026-04-29T20:21:41+00:00\",\"mainEntityOfPage\":{\"@id\":\"https:\\\/\\\/www.cuballama.com\\\/noticias\\\/desalojan-casa-de-alejandro-gil-condenado-a-cadena-perpetua\\\/\"},\"wordCount\":306,\"commentCount\":0,\"publisher\":{\"@id\":\"https:\\\/\\\/www.cuballama.com\\\/noticias\\\/#organization\"},\"image\":{\"@id\":\"https:\\\/\\\/www.cuballama.com\\\/noticias\\\/desalojan-casa-de-alejandro-gil-condenado-a-cadena-perpetua\\\/#primaryimage\"},\"thumbnailUrl\":\"https:\\\/\\\/cdn1.mediawpaccore.net\\\/wp-content\\\/uploads\\\/2025\\\/10\\\/31211027\\\/574095118_24693131280386080_1075634571706076302_n1.jpg\",\"keywords\":[\"Alejandro Gil Fern\u00e1ndez\",\"Cuba\",\"cubanos\",\"destacado\"],\"articleSection\":[\"Noticias\",\"Noticias de Cuba\"],\"inLanguage\":\"es\",\"potentialAction\":[{\"@type\":\"CommentAction\",\"name\":\"Comment\",\"target\":[\"https:\\\/\\\/www.cuballama.com\\\/noticias\\\/desalojan-casa-de-alejandro-gil-condenado-a-cadena-perpetua\\\/#respond\"]}]},{\"@type\":\"WebPage\",\"@id\":\"https:\\\/\\\/www.cuballama.com\\\/noticias\\\/desalojan-casa-de-alejandro-gil-condenado-a-cadena-perpetua\\\/\",\"url\":\"https:\\\/\\\/www.cuballama.com\\\/noticias\\\/desalojan-casa-de-alejandro-gil-condenado-a-cadena-perpetua\\\/\",\"name\":\"Desalojan casa de Alejandro Gil, condenado a cadena perpetua - Cuballama Noticias\",\"isPartOf\":{\"@id\":\"https:\\\/\\\/www.cuballama.com\\\/noticias\\\/#website\"},\"primaryImageOfPage\":{\"@id\":\"https:\\\/\\\/www.cuballama.com\\\/noticias\\\/desalojan-casa-de-alejandro-gil-condenado-a-cadena-perpetua\\\/#primaryimage\"},\"image\":{\"@id\":\"https:\\\/\\\/www.cuballama.com\\\/noticias\\\/desalojan-casa-de-alejandro-gil-condenado-a-cadena-perpetua\\\/#primaryimage\"},\"thumbnailUrl\":\"https:\\\/\\\/cdn1.mediawpaccore.net\\\/wp-content\\\/uploads\\\/2025\\\/10\\\/31211027\\\/574095118_24693131280386080_1075634571706076302_n1.jpg\",\"datePublished\":\"2026-04-29T20:18:42+00:00\",\"dateModified\":\"2026-04-29T20:21:41+00:00\",\"breadcrumb\":{\"@id\":\"https:\\\/\\\/www.cuballama.com\\\/noticias\\\/desalojan-casa-de-alejandro-gil-condenado-a-cadena-perpetua\\\/#breadcrumb\"},\"inLanguage\":\"es\",\"potentialAction\":[{\"@type\":\"ReadAction\",\"target\":[\"https:\\\/\\\/www.cuballama.com\\\/noticias\\\/desalojan-casa-de-alejandro-gil-condenado-a-cadena-perpetua\\\/\"]}]},{\"@type\":\"ImageObject\",\"inLanguage\":\"es\",\"@id\":\"https:\\\/\\\/www.cuballama.com\\\/noticias\\\/desalojan-casa-de-alejandro-gil-condenado-a-cadena-perpetua\\\/#primaryimage\",\"url\":\"https:\\\/\\\/cdn1.mediawpaccore.net\\\/wp-content\\\/uploads\\\/2025\\\/10\\\/31211027\\\/574095118_24693131280386080_1075634571706076302_n1.jpg\",\"contentUrl\":\"https:\\\/\\\/cdn1.mediawpaccore.net\\\/wp-content\\\/uploads\\\/2025\\\/10\\\/31211027\\\/574095118_24693131280386080_1075634571706076302_n1.jpg\",\"width\":1200,\"height\":630,\"caption\":\"Alejandro Gil. Foto: X\\\/Presidencia Cuba.\"},{\"@type\":\"BreadcrumbList\",\"@id\":\"https:\\\/\\\/www.cuballama.com\\\/noticias\\\/desalojan-casa-de-alejandro-gil-condenado-a-cadena-perpetua\\\/#breadcrumb\",\"itemListElement\":[{\"@type\":\"ListItem\",\"position\":1,\"name\":\"Home\",\"item\":\"https:\\\/\\\/www.cuballama.com\\\/noticias\\\/\"},{\"@type\":\"ListItem\",\"position\":2,\"name\":\"Desalojan casa de Alejandro Gil, condenado a cadena perpetua\"}]},{\"@type\":\"WebSite\",\"@id\":\"https:\\\/\\\/www.cuballama.com\\\/noticias\\\/#website\",\"url\":\"https:\\\/\\\/www.cuballama.com\\\/noticias\\\/\",\"name\":\"Cuballama Noticias\",\"description\":\"Medio digital sobre Cuba y el mundo\",\"publisher\":{\"@id\":\"https:\\\/\\\/www.cuballama.com\\\/noticias\\\/#organization\"},\"potentialAction\":[{\"@type\":\"SearchAction\",\"target\":{\"@type\":\"EntryPoint\",\"urlTemplate\":\"https:\\\/\\\/www.cuballama.com\\\/noticias\\\/?s={search_term_string}\"},\"query-input\":{\"@type\":\"PropertyValueSpecification\",\"valueRequired\":true,\"valueName\":\"search_term_string\"}}],\"inLanguage\":\"es\"},{\"@type\":\"Organization\",\"@id\":\"https:\\\/\\\/www.cuballama.com\\\/noticias\\\/#organization\",\"name\":\"Cuballama\",\"url\":\"https:\\\/\\\/www.cuballama.com\\\/noticias\\\/\",\"logo\":{\"@type\":\"ImageObject\",\"inLanguage\":\"es\",\"@id\":\"https:\\\/\\\/www.cuballama.com\\\/noticias\\\/#\\\/schema\\\/logo\\\/image\\\/\",\"url\":\"https:\\\/\\\/cdn1.mediawpaccore.net\\\/wp-content\\\/uploads\\\/2021\\\/12\\\/28171206\\\/cbll-logo-color-sm.png\",\"contentUrl\":\"https:\\\/\\\/cdn1.mediawpaccore.net\\\/wp-content\\\/uploads\\\/2021\\\/12\\\/28171206\\\/cbll-logo-color-sm.png\",\"width\":600,\"height\":133,\"caption\":\"Cuballama\"},\"image\":{\"@id\":\"https:\\\/\\\/www.cuballama.com\\\/noticias\\\/#\\\/schema\\\/logo\\\/image\\\/\"},\"sameAs\":[\"https:\\\/\\\/www.facebook.com\\\/CubaLlama\",\"https:\\\/\\\/x.com\\\/cuballama\",\"https:\\\/\\\/www.instagram.com\\\/stories\\\/cuballama_oficial\\\/\",\"https:\\\/\\\/www.youtube.com\\\/channel\\\/UCKkFE-d_axENGZcrc4as0IA\"]},{\"@type\":\"Person\",\"@id\":\"https:\\\/\\\/www.cuballama.com\\\/noticias\\\/#\\\/schema\\\/person\\\/5889f7d070564f8386e7944d14d436cd\",\"name\":\"Manu\",\"url\":\"https:\\\/\\\/www.cuballama.com\\\/noticias\\\/author\\\/manu\\\/\"}]}<\/script>\n<!-- \/ Yoast SEO plugin. -->","yoast_head_json":{"title":"Desalojan casa de Alejandro Gil, condenado a cadena perpetua - Cuballama Noticias","robots":{"index":"index","follow":"follow","max-snippet":"max-snippet:-1","max-image-preview":"max-image-preview:large","max-video-preview":"max-video-preview:-1"},"canonical":"https:\/\/www.cuballama.com\/noticias\/desalojan-casa-de-alejandro-gil-condenado-a-cadena-perpetua\/","og_locale":"es_ES","og_type":"article","og_title":"Desalojan casa de Alejandro Gil, condenado a cadena perpetua - Cuballama Noticias","og_description":"La intervenci\u00f3n parte del Tribunal Supremo Popular, que hall\u00f3 a Gil culpable espionaje, cohecho, tr\u00e1fico de influencias y evasi\u00f3n fiscal, entre otros delitos.","og_url":"https:\/\/www.cuballama.com\/noticias\/desalojan-casa-de-alejandro-gil-condenado-a-cadena-perpetua\/","og_site_name":"Cuballama Noticias","article_publisher":"https:\/\/www.facebook.com\/CubaLlama","article_published_time":"2026-04-29T20:18:42+00:00","article_modified_time":"2026-04-29T20:21:41+00:00","og_image":[{"width":1200,"height":630,"url":"https:\/\/cdn1.mediawpaccore.net\/wp-content\/uploads\/2025\/10\/31211027\/574095118_24693131280386080_1075634571706076302_n1.jpg","type":"image\/jpeg"}],"author":"Manu","twitter_card":"summary_large_image","twitter_creator":"@cuballama","twitter_site":"@cuballama","twitter_misc":{"Escrito por":"Manu","Tiempo de lectura":"1 minuto"},"schema":{"@context":"https:\/\/schema.org","@graph":[{"@type":"Article","@id":"https:\/\/www.cuballama.com\/noticias\/desalojan-casa-de-alejandro-gil-condenado-a-cadena-perpetua\/#article","isPartOf":{"@id":"https:\/\/www.cuballama.com\/noticias\/desalojan-casa-de-alejandro-gil-condenado-a-cadena-perpetua\/"},"author":{"name":"Manu","@id":"https:\/\/www.cuballama.com\/noticias\/#\/schema\/person\/5889f7d070564f8386e7944d14d436cd"},"headline":"Desalojan casa de Alejandro Gil, condenado a cadena perpetua","datePublished":"2026-04-29T20:18:42+00:00","dateModified":"2026-04-29T20:21:41+00:00","mainEntityOfPage":{"@id":"https:\/\/www.cuballama.com\/noticias\/desalojan-casa-de-alejandro-gil-condenado-a-cadena-perpetua\/"},"wordCount":306,"commentCount":0,"publisher":{"@id":"https:\/\/www.cuballama.com\/noticias\/#organization"},"image":{"@id":"https:\/\/www.cuballama.com\/noticias\/desalojan-casa-de-alejandro-gil-condenado-a-cadena-perpetua\/#primaryimage"},"thumbnailUrl":"https:\/\/cdn1.mediawpaccore.net\/wp-content\/uploads\/2025\/10\/31211027\/574095118_24693131280386080_1075634571706076302_n1.jpg","keywords":["Alejandro Gil Fern\u00e1ndez","Cuba","cubanos","destacado"],"articleSection":["Noticias","Noticias de Cuba"],"inLanguage":"es","potentialAction":[{"@type":"CommentAction","name":"Comment","target":["https:\/\/www.cuballama.com\/noticias\/desalojan-casa-de-alejandro-gil-condenado-a-cadena-perpetua\/#respond"]}]},{"@type":"WebPage","@id":"https:\/\/www.cuballama.com\/noticias\/desalojan-casa-de-alejandro-gil-condenado-a-cadena-perpetua\/","url":"https:\/\/www.cuballama.com\/noticias\/desalojan-casa-de-alejandro-gil-condenado-a-cadena-perpetua\/","name":"Desalojan casa de Alejandro Gil, condenado a cadena perpetua - Cuballama Noticias","isPartOf":{"@id":"https:\/\/www.cuballama.com\/noticias\/#website"},"primaryImageOfPage":{"@id":"https:\/\/www.cuballama.com\/noticias\/desalojan-casa-de-alejandro-gil-condenado-a-cadena-perpetua\/#primaryimage"},"image":{"@id":"https:\/\/www.cuballama.com\/noticias\/desalojan-casa-de-alejandro-gil-condenado-a-cadena-perpetua\/#primaryimage"},"thumbnailUrl":"https:\/\/cdn1.mediawpaccore.net\/wp-content\/uploads\/2025\/10\/31211027\/574095118_24693131280386080_1075634571706076302_n1.jpg","datePublished":"2026-04-29T20:18:42+00:00","dateModified":"2026-04-29T20:21:41+00:00","breadcrumb":{"@id":"https:\/\/www.cuballama.com\/noticias\/desalojan-casa-de-alejandro-gil-condenado-a-cadena-perpetua\/#breadcrumb"},"inLanguage":"es","potentialAction":[{"@type":"ReadAction","target":["https:\/\/www.cuballama.com\/noticias\/desalojan-casa-de-alejandro-gil-condenado-a-cadena-perpetua\/"]}]},{"@type":"ImageObject","inLanguage":"es","@id":"https:\/\/www.cuballama.com\/noticias\/desalojan-casa-de-alejandro-gil-condenado-a-cadena-perpetua\/#primaryimage","url":"https:\/\/cdn1.mediawpaccore.net\/wp-content\/uploads\/2025\/10\/31211027\/574095118_24693131280386080_1075634571706076302_n1.jpg","contentUrl":"https:\/\/cdn1.mediawpaccore.net\/wp-content\/uploads\/2025\/10\/31211027\/574095118_24693131280386080_1075634571706076302_n1.jpg","width":1200,"height":630,"caption":"Alejandro Gil. Foto: X\/Presidencia Cuba."},{"@type":"BreadcrumbList","@id":"https:\/\/www.cuballama.com\/noticias\/desalojan-casa-de-alejandro-gil-condenado-a-cadena-perpetua\/#breadcrumb","itemListElement":[{"@type":"ListItem","position":1,"name":"Home","item":"https:\/\/www.cuballama.com\/noticias\/"},{"@type":"ListItem","position":2,"name":"Desalojan casa de Alejandro Gil, condenado a cadena perpetua"}]},{"@type":"WebSite","@id":"https:\/\/www.cuballama.com\/noticias\/#website","url":"https:\/\/www.cuballama.com\/noticias\/","name":"Cuballama Noticias","description":"Medio digital sobre Cuba y el mundo","publisher":{"@id":"https:\/\/www.cuballama.com\/noticias\/#organization"},"potentialAction":[{"@type":"SearchAction","target":{"@type":"EntryPoint","urlTemplate":"https:\/\/www.cuballama.com\/noticias\/?s={search_term_string}"},"query-input":{"@type":"PropertyValueSpecification","valueRequired":true,"valueName":"search_term_string"}}],"inLanguage":"es"},{"@type":"Organization","@id":"https:\/\/www.cuballama.com\/noticias\/#organization","name":"Cuballama","url":"https:\/\/www.cuballama.com\/noticias\/","logo":{"@type":"ImageObject","inLanguage":"es","@id":"https:\/\/www.cuballama.com\/noticias\/#\/schema\/logo\/image\/","url":"https:\/\/cdn1.mediawpaccore.net\/wp-content\/uploads\/2021\/12\/28171206\/cbll-logo-color-sm.png","contentUrl":"https:\/\/cdn1.mediawpaccore.net\/wp-content\/uploads\/2021\/12\/28171206\/cbll-logo-color-sm.png","width":600,"height":133,"caption":"Cuballama"},"image":{"@id":"https:\/\/www.cuballama.com\/noticias\/#\/schema\/logo\/image\/"},"sameAs":["https:\/\/www.facebook.com\/CubaLlama","https:\/\/x.com\/cuballama","https:\/\/www.instagram.com\/stories\/cuballama_oficial\/","https:\/\/www.youtube.com\/channel\/UCKkFE-d_axENGZcrc4as0IA"]},{"@type":"Person","@id":"https:\/\/www.cuballama.com\/noticias\/#\/schema\/person\/5889f7d070564f8386e7944d14d436cd","name":"Manu","url":"https:\/\/www.cuballama.com\/noticias\/author\/manu\/"}]}},"_links":{"self":[{"href":"https:\/\/www.cuballama.com\/noticias\/wp-json\/wp\/v2\/posts\/242966","targetHints":{"allow":["GET"]}}],"collection":[{"href":"https:\/\/www.cuballama.com\/noticias\/wp-json\/wp\/v2\/posts"}],"about":[{"href":"https:\/\/www.cuballama.com\/noticias\/wp-json\/wp\/v2\/types\/post"}],"author":[{"embeddable":true,"href":"https:\/\/www.cuballama.com\/noticias\/wp-json\/wp\/v2\/users\/24"}],"replies":[{"embeddable":true,"href":"https:\/\/www.cuballama.com\/noticias\/wp-json\/wp\/v2\/comments?post=242966"}],"version-history":[{"count":5,"href":"https:\/\/www.cuballama.com\/noticias\/wp-json\/wp\/v2\/posts\/242966\/revisions"}],"predecessor-version":[{"id":242973,"href":"https:\/\/www.cuballama.com\/noticias\/wp-json\/wp\/v2\/posts\/242966\/revisions\/242973"}],"wp:featuredmedia":[{"embeddable":true,"href":"https:\/\/www.cuballama.com\/noticias\/wp-json\/wp\/v2\/media\/224651"}],"wp:attachment":[{"href":"https:\/\/www.cuballama.com\/noticias\/wp-json\/wp\/v2\/media?parent=242966"}],"wp:term":[{"taxonomy":"category","embeddable":true,"href":"https:\/\/www.cuballama.com\/noticias\/wp-json\/wp\/v2\/categories?post=242966"},{"taxonomy":"post_tag","embeddable":true,"href":"https:\/\/www.cuballama.com\/noticias\/wp-json\/wp\/v2\/tags?post=242966"}],"curies":[{"name":"wp","href":"https:\/\/api.w.org\/{rel}","templated":true}]}}