{"id":242962,"date":"2026-04-29T14:50:30","date_gmt":"2026-04-29T18:50:30","guid":{"rendered":"https:\/\/www.cuballama.com\/noticias\/?p=242962"},"modified":"2026-04-29T14:50:33","modified_gmt":"2026-04-29T18:50:33","slug":"la-frenetica-propaganda-oficial-se-olvido-del-septimo-ano-de-los-dos-medicos-secuestrados","status":"publish","type":"post","link":"https:\/\/www.cuballama.com\/noticias\/la-frenetica-propaganda-oficial-se-olvido-del-septimo-ano-de-los-dos-medicos-secuestrados\/","title":{"rendered":"La fren\u00e9tica propaganda oficial se olvid\u00f3 del s\u00e9ptimo a\u00f1o de los dos\u00a0m\u00e9dicos secuestrados"},"content":{"rendered":"\n<p><\/p>\n\n\n\n<p>Termina el mes de abril en un torbellino de entrevistas, consignas, firmas, \u201cdi\u00e1logos\u201d, presiones y numerosos actos, pero sin una sola menci\u00f3n del oficialismo en medio de tantas efem\u00e9rides, en alusi\u00f3n al s\u00e9ptimo aniversario del secuestro de dos m\u00e9dicos cubanos en Kenia y su presunta muerte en Somalia a\u00f1os despu\u00e9s.<\/p>\n\n\n\n<p>\u201cDevu\u00e9lvannos a nuestros dos m\u00e9dicos m\u00e1rtires\u201d podr\u00eda ser el lema de uno de los tantos carteles que probablemente se preparan para la marcha antiTrump del Primero de Mayo. Es conocido el reclamo que el gobierno cubano ha dirigido al Comando \u00c1frica del Ej\u00e9rcito de EE.UU. por el bombardeo con drones que, seg\u00fan los captores de Al-Shabaab, habr\u00eda provocado la muerte de los doctores Assel Herrera Correa y Landy Rodr\u00edguez Hern\u00e1ndez el 15 de febrero de 2024.<\/p>\n\n\n\n<p>\u201cHace seis a\u00f1os fueron secuestrados en Kenia los m\u00e9dicos cubanos Assel y Landy mientras cumpl\u00edan misi\u00f3n internacionalista. Contin\u00faan los esfuerzos para esclarecer su situaci\u00f3n, con la permanente atenci\u00f3n del m\u00e1s alto nivel del Partido y el Gobierno de Cuba\u201d, se\u00f1al\u00f3 el canciller Bruno Rodr\u00edguez en un mensaje del a\u00f1o pasado.<\/p>\n\n\n\n<p>\u201cDesde que se conoci\u00f3 la noticia del secuestro, los gobiernos de Kenia, Somalia y Cuba han realizado esfuerzos para lograr su rescate y su retorno\u201d, indic\u00f3 el Ministerio de Relaciones Exteriores de Cuba en una declaraci\u00f3n con motivo del quinto aniversario del rapto en la ciudad fronteriza de Mandera, donde muri\u00f3 uno de los polic\u00edas que los escoltaba.<\/p>\n\n\n\n<p>En ese comunicado llam\u00f3 la atenci\u00f3n que las autoridades cubanas no mencionaran en ning\u00fan momento al grupo islamista Al-Shabaab, centrando el enfoque en el ataque a\u00e9reo estadounidense.<\/p>\n\n\n\n<p>El Minrex recogi\u00f3 adem\u00e1s la versi\u00f3n difundida por Al-Shabaab a trav\u00e9s de Telegram, calificando como \u201cla dura y preocupante noticia sobre el presunto fallecimiento de nuestros dos compatriotas, v\u00edctimas de un ataque a\u00e9reo ocurrido el 15 de febrero por fuerzas militares de Estados Unidos en Somalia\u201d.<\/p>\n\n\n\n<p>Estados Unidos ha realizado operaciones militares contra esta organizaci\u00f3n terrorista, en coordinaci\u00f3n con el ej\u00e9rcito somal\u00ed y fuerzas regionales, incluidas unidades kenianas, desde al menos 2007.<\/p>\n\n\n\n<p>La evaluaci\u00f3n trimestral de da\u00f1os civiles de AFRICOM confirm\u00f3 un ataque a\u00e9reo cerca de la ciudad de Jilib el 15 de febrero, aunque neg\u00f3 que hubiera v\u00edctimas civiles.<\/p>\n\n\n\n<p>\u201cLa ausencia de datos y de una respuesta pronta y adecuada por parte del gobierno de Estados Unidos impide contar con elementos certeros para ofrecer a los familiares y al pueblo una versi\u00f3n concluyente sobre lo ocurrido\u201d, se\u00f1al\u00f3 la Canciller\u00eda cubana.<\/p>\n\n\n\n<p>\u201cNuestro Gobierno contin\u00faa en comunicaci\u00f3n con el de Estados Unidos en busca de informaci\u00f3n. No cesar\u00e1 en la esperanza ni en el esfuerzo hasta conocer la verdad\u201d, a\u00f1adi\u00f3 el comunicado.<\/p>\n\n\n\n<p>Aunque el gobierno cubano ha reconocido la cooperaci\u00f3n de Kenia, lo cierto es que la ruta hacia la muerte de los dos m\u00e9dicos pudo haberse evitado si no se hubiera rechazado el pago del rescate exigido por los secuestradores un mes despu\u00e9s del rapto.<\/p>\n\n\n\n<p>Como se ha informado, el gobierno keniano se neg\u00f3 a pagar el mill\u00f3n y medio de d\u00f3lares solicitado por los captores. Queda la duda de si esta decisi\u00f3n buscaba evitar futuros chantajes o si termin\u00f3 agravando la situaci\u00f3n de los rehenes.<\/p>\n\n\n\n<p>Posteriormente, Kenia puso fin al contrato de la brigada m\u00e9dica cubana con m\u00e1s de un centenar de integrantes en octubre de 2023.<\/p>\n\n\n\n<p>Tal vez una campa\u00f1a internacional de solidaridad, con participaci\u00f3n de la Organizaci\u00f3n Mundial de la Salud y otros actores, habr\u00eda podido contribuir a reunir los fondos necesarios para su liberaci\u00f3n.<\/p>\n\n\n\n<p>Junto a estas gestiones ante Washington, no se conoce si las autoridades cubanas han realizado intentos para recuperar los presuntos restos de los m\u00e9dicos y ofrecerles una sepultura digna. Tras el viaje del enviado especial Esteban Lazo a Nairobi, se inform\u00f3 que regres\u00f3 con \u201cinformaci\u00f3n sensible\u201d, cuyo contenido no ha sido divulgado.<\/p>\n\n\n\n<p>Por la naturaleza del grupo Al-Shabaab, responsables del secuestro, cabe preguntarse tambi\u00e9n c\u00f3mo fue posible que los m\u00e9dicos fueran ubicados en una zona tan expuesta como Mandera, hist\u00f3ricamente vulnerable a ataques.<\/p>\n\n\n\n<p>Estos mismos grupos extremistas podr\u00edan haber sido los ejecutores del secuestro. Tambi\u00e9n surgen interrogantes sobre si las autoridades sanitarias, diplom\u00e1ticas y la direcci\u00f3n de la brigada m\u00e9dica conoc\u00edan los riesgos de operar en una regi\u00f3n tan inestable.<\/p>\n\n\n\n<p>Los familiares de Assel Herrera y Landy Rodr\u00edguez, en Las Tunas y Villa Clara, seguramente recordaron con especial dolor esta fecha, mientras en la televisi\u00f3n se transmit\u00eda la entrevista del presidente D\u00edaz-Canel con la NBC.<\/p>\n","protected":false},"excerpt":{"rendered":"<p>Termina el mes de abril en un torbellino de entrevistas, consignas, firmas, \u201cdi\u00e1logos\u201d, presiones y numerosos actos, pero sin una sola menci\u00f3n del oficialismo en medio de tantas efem\u00e9rides, en alusi\u00f3n al s\u00e9ptimo aniversario del secuestro de dos m\u00e9dicos cubanos en Kenia y su presunta muerte en Somalia a\u00f1os despu\u00e9s. \u201cDevu\u00e9lvannos a nuestros dos m\u00e9dicos [&hellip;]<\/p>\n","protected":false},"author":24,"featured_media":90101,"comment_status":"open","ping_status":"closed","sticky":false,"template":"","format":"standard","meta":{"_acf_changed":false,"footnotes":""},"categories":[18,955],"tags":[10867,11,92,941,2496,5214],"class_list":{"0":"post-242962","1":"post","2":"type-post","3":"status-publish","4":"format-standard","5":"has-post-thumbnail","7":"category-noticias","8":"category-noticias-de-cuba","9":"tag-crisis-en-cuba","10":"tag-cuba","11":"tag-cubanos","12":"tag-destacado","13":"tag-medicos","14":"tag-medicos-secuestrados"},"acf":[],"yoast_head":"<!-- This site is optimized with the Yoast SEO plugin v27.4 - https:\/\/yoast.com\/product\/yoast-seo-wordpress\/ -->\n<title>La fren\u00e9tica propaganda oficial se olvid\u00f3 del s\u00e9ptimo a\u00f1o de los dos\u00a0m\u00e9dicos secuestrados - Cuballama Noticias<\/title>\n<meta name=\"robots\" content=\"index, follow, max-snippet:-1, max-image-preview:large, max-video-preview:-1\" \/>\n<link rel=\"canonical\" href=\"https:\/\/www.cuballama.com\/noticias\/la-frenetica-propaganda-oficial-se-olvido-del-septimo-ano-de-los-dos-medicos-secuestrados\/\" \/>\n<meta property=\"og:locale\" content=\"es_ES\" \/>\n<meta property=\"og:type\" content=\"article\" \/>\n<meta property=\"og:title\" content=\"La fren\u00e9tica propaganda oficial se olvid\u00f3 del s\u00e9ptimo a\u00f1o de los dos\u00a0m\u00e9dicos secuestrados - Cuballama Noticias\" \/>\n<meta property=\"og:description\" content=\"Termina el mes de abril en un torbellino de entrevistas, consignas, firmas, \u201cdi\u00e1logos\u201d, presiones y numerosos actos, pero sin una sola menci\u00f3n del oficialismo en medio de tantas efem\u00e9rides, en alusi\u00f3n al s\u00e9ptimo aniversario del secuestro de dos m\u00e9dicos cubanos en Kenia y su presunta muerte en Somalia a\u00f1os despu\u00e9s. \u201cDevu\u00e9lvannos a nuestros dos m\u00e9dicos [&hellip;]\" \/>\n<meta property=\"og:url\" content=\"https:\/\/www.cuballama.com\/noticias\/la-frenetica-propaganda-oficial-se-olvido-del-septimo-ano-de-los-dos-medicos-secuestrados\/\" \/>\n<meta property=\"og:site_name\" content=\"Cuballama Noticias\" \/>\n<meta property=\"article:publisher\" content=\"https:\/\/www.facebook.com\/CubaLlama\" \/>\n<meta property=\"article:published_time\" content=\"2026-04-29T18:50:30+00:00\" \/>\n<meta property=\"article:modified_time\" content=\"2026-04-29T18:50:33+00:00\" \/>\n<meta property=\"og:image\" content=\"https:\/\/cdn1.mediawpaccore.net\/wp-content\/uploads\/2022\/03\/24103007\/medicoscubanos100420.jpg\" \/>\n\t<meta property=\"og:image:width\" content=\"1198\" \/>\n\t<meta property=\"og:image:height\" content=\"650\" \/>\n\t<meta property=\"og:image:type\" content=\"image\/jpeg\" \/>\n<meta name=\"author\" content=\"Manu\" \/>\n<meta name=\"twitter:card\" content=\"summary_large_image\" \/>\n<meta name=\"twitter:creator\" content=\"@cuballama\" \/>\n<meta name=\"twitter:site\" content=\"@cuballama\" \/>\n<meta name=\"twitter:label1\" content=\"Escrito por\" \/>\n\t<meta name=\"twitter:data1\" content=\"Manu\" \/>\n\t<meta name=\"twitter:label2\" content=\"Tiempo de lectura\" \/>\n\t<meta name=\"twitter:data2\" content=\"4 minutos\" \/>\n<script type=\"application\/ld+json\" class=\"yoast-schema-graph\">{\"@context\":\"https:\\\/\\\/schema.org\",\"@graph\":[{\"@type\":\"Article\",\"@id\":\"https:\\\/\\\/www.cuballama.com\\\/noticias\\\/la-frenetica-propaganda-oficial-se-olvido-del-septimo-ano-de-los-dos-medicos-secuestrados\\\/#article\",\"isPartOf\":{\"@id\":\"https:\\\/\\\/www.cuballama.com\\\/noticias\\\/la-frenetica-propaganda-oficial-se-olvido-del-septimo-ano-de-los-dos-medicos-secuestrados\\\/\"},\"author\":{\"name\":\"Manu\",\"@id\":\"https:\\\/\\\/www.cuballama.com\\\/noticias\\\/#\\\/schema\\\/person\\\/5889f7d070564f8386e7944d14d436cd\"},\"headline\":\"La fren\u00e9tica propaganda oficial se olvid\u00f3 del s\u00e9ptimo a\u00f1o de los dos\u00a0m\u00e9dicos secuestrados\",\"datePublished\":\"2026-04-29T18:50:30+00:00\",\"dateModified\":\"2026-04-29T18:50:33+00:00\",\"mainEntityOfPage\":{\"@id\":\"https:\\\/\\\/www.cuballama.com\\\/noticias\\\/la-frenetica-propaganda-oficial-se-olvido-del-septimo-ano-de-los-dos-medicos-secuestrados\\\/\"},\"wordCount\":820,\"commentCount\":0,\"publisher\":{\"@id\":\"https:\\\/\\\/www.cuballama.com\\\/noticias\\\/#organization\"},\"image\":{\"@id\":\"https:\\\/\\\/www.cuballama.com\\\/noticias\\\/la-frenetica-propaganda-oficial-se-olvido-del-septimo-ano-de-los-dos-medicos-secuestrados\\\/#primaryimage\"},\"thumbnailUrl\":\"https:\\\/\\\/cdn1.mediawpaccore.net\\\/wp-content\\\/uploads\\\/2022\\\/03\\\/24103007\\\/medicoscubanos100420.jpg\",\"keywords\":[\"Crisis en Cuba\",\"Cuba\",\"cubanos\",\"destacado\",\"m\u00e9dicos\",\"m\u00e9dicos secuestrados\"],\"articleSection\":[\"Noticias\",\"Noticias de Cuba\"],\"inLanguage\":\"es\",\"potentialAction\":[{\"@type\":\"CommentAction\",\"name\":\"Comment\",\"target\":[\"https:\\\/\\\/www.cuballama.com\\\/noticias\\\/la-frenetica-propaganda-oficial-se-olvido-del-septimo-ano-de-los-dos-medicos-secuestrados\\\/#respond\"]}]},{\"@type\":\"WebPage\",\"@id\":\"https:\\\/\\\/www.cuballama.com\\\/noticias\\\/la-frenetica-propaganda-oficial-se-olvido-del-septimo-ano-de-los-dos-medicos-secuestrados\\\/\",\"url\":\"https:\\\/\\\/www.cuballama.com\\\/noticias\\\/la-frenetica-propaganda-oficial-se-olvido-del-septimo-ano-de-los-dos-medicos-secuestrados\\\/\",\"name\":\"La fren\u00e9tica propaganda oficial se olvid\u00f3 del s\u00e9ptimo a\u00f1o de los dos\u00a0m\u00e9dicos secuestrados - Cuballama Noticias\",\"isPartOf\":{\"@id\":\"https:\\\/\\\/www.cuballama.com\\\/noticias\\\/#website\"},\"primaryImageOfPage\":{\"@id\":\"https:\\\/\\\/www.cuballama.com\\\/noticias\\\/la-frenetica-propaganda-oficial-se-olvido-del-septimo-ano-de-los-dos-medicos-secuestrados\\\/#primaryimage\"},\"image\":{\"@id\":\"https:\\\/\\\/www.cuballama.com\\\/noticias\\\/la-frenetica-propaganda-oficial-se-olvido-del-septimo-ano-de-los-dos-medicos-secuestrados\\\/#primaryimage\"},\"thumbnailUrl\":\"https:\\\/\\\/cdn1.mediawpaccore.net\\\/wp-content\\\/uploads\\\/2022\\\/03\\\/24103007\\\/medicoscubanos100420.jpg\",\"datePublished\":\"2026-04-29T18:50:30+00:00\",\"dateModified\":\"2026-04-29T18:50:33+00:00\",\"breadcrumb\":{\"@id\":\"https:\\\/\\\/www.cuballama.com\\\/noticias\\\/la-frenetica-propaganda-oficial-se-olvido-del-septimo-ano-de-los-dos-medicos-secuestrados\\\/#breadcrumb\"},\"inLanguage\":\"es\",\"potentialAction\":[{\"@type\":\"ReadAction\",\"target\":[\"https:\\\/\\\/www.cuballama.com\\\/noticias\\\/la-frenetica-propaganda-oficial-se-olvido-del-septimo-ano-de-los-dos-medicos-secuestrados\\\/\"]}]},{\"@type\":\"ImageObject\",\"inLanguage\":\"es\",\"@id\":\"https:\\\/\\\/www.cuballama.com\\\/noticias\\\/la-frenetica-propaganda-oficial-se-olvido-del-septimo-ano-de-los-dos-medicos-secuestrados\\\/#primaryimage\",\"url\":\"https:\\\/\\\/cdn1.mediawpaccore.net\\\/wp-content\\\/uploads\\\/2022\\\/03\\\/24103007\\\/medicoscubanos100420.jpg\",\"contentUrl\":\"https:\\\/\\\/cdn1.mediawpaccore.net\\\/wp-content\\\/uploads\\\/2022\\\/03\\\/24103007\\\/medicoscubanos100420.jpg\",\"width\":1198,\"height\":650,\"caption\":\"Landy Rodr\u00edguez Hern\u00e1ndez, cirujano, y Assel Herrera Correa, generalista foto Facebook Landy Rodr\u00edguez y Assel Herrera\"},{\"@type\":\"BreadcrumbList\",\"@id\":\"https:\\\/\\\/www.cuballama.com\\\/noticias\\\/la-frenetica-propaganda-oficial-se-olvido-del-septimo-ano-de-los-dos-medicos-secuestrados\\\/#breadcrumb\",\"itemListElement\":[{\"@type\":\"ListItem\",\"position\":1,\"name\":\"Home\",\"item\":\"https:\\\/\\\/www.cuballama.com\\\/noticias\\\/\"},{\"@type\":\"ListItem\",\"position\":2,\"name\":\"La fren\u00e9tica propaganda oficial se olvid\u00f3 del s\u00e9ptimo a\u00f1o de los dos\u00a0m\u00e9dicos secuestrados\"}]},{\"@type\":\"WebSite\",\"@id\":\"https:\\\/\\\/www.cuballama.com\\\/noticias\\\/#website\",\"url\":\"https:\\\/\\\/www.cuballama.com\\\/noticias\\\/\",\"name\":\"Cuballama Noticias\",\"description\":\"Medio digital sobre Cuba y el mundo\",\"publisher\":{\"@id\":\"https:\\\/\\\/www.cuballama.com\\\/noticias\\\/#organization\"},\"potentialAction\":[{\"@type\":\"SearchAction\",\"target\":{\"@type\":\"EntryPoint\",\"urlTemplate\":\"https:\\\/\\\/www.cuballama.com\\\/noticias\\\/?s={search_term_string}\"},\"query-input\":{\"@type\":\"PropertyValueSpecification\",\"valueRequired\":true,\"valueName\":\"search_term_string\"}}],\"inLanguage\":\"es\"},{\"@type\":\"Organization\",\"@id\":\"https:\\\/\\\/www.cuballama.com\\\/noticias\\\/#organization\",\"name\":\"Cuballama\",\"url\":\"https:\\\/\\\/www.cuballama.com\\\/noticias\\\/\",\"logo\":{\"@type\":\"ImageObject\",\"inLanguage\":\"es\",\"@id\":\"https:\\\/\\\/www.cuballama.com\\\/noticias\\\/#\\\/schema\\\/logo\\\/image\\\/\",\"url\":\"https:\\\/\\\/cdn1.mediawpaccore.net\\\/wp-content\\\/uploads\\\/2021\\\/12\\\/28171206\\\/cbll-logo-color-sm.png\",\"contentUrl\":\"https:\\\/\\\/cdn1.mediawpaccore.net\\\/wp-content\\\/uploads\\\/2021\\\/12\\\/28171206\\\/cbll-logo-color-sm.png\",\"width\":600,\"height\":133,\"caption\":\"Cuballama\"},\"image\":{\"@id\":\"https:\\\/\\\/www.cuballama.com\\\/noticias\\\/#\\\/schema\\\/logo\\\/image\\\/\"},\"sameAs\":[\"https:\\\/\\\/www.facebook.com\\\/CubaLlama\",\"https:\\\/\\\/x.com\\\/cuballama\",\"https:\\\/\\\/www.instagram.com\\\/stories\\\/cuballama_oficial\\\/\",\"https:\\\/\\\/www.youtube.com\\\/channel\\\/UCKkFE-d_axENGZcrc4as0IA\"]},{\"@type\":\"Person\",\"@id\":\"https:\\\/\\\/www.cuballama.com\\\/noticias\\\/#\\\/schema\\\/person\\\/5889f7d070564f8386e7944d14d436cd\",\"name\":\"Manu\",\"url\":\"https:\\\/\\\/www.cuballama.com\\\/noticias\\\/author\\\/manu\\\/\"}]}<\/script>\n<!-- \/ Yoast SEO plugin. -->","yoast_head_json":{"title":"La fren\u00e9tica propaganda oficial se olvid\u00f3 del s\u00e9ptimo a\u00f1o de los dos\u00a0m\u00e9dicos secuestrados - Cuballama Noticias","robots":{"index":"index","follow":"follow","max-snippet":"max-snippet:-1","max-image-preview":"max-image-preview:large","max-video-preview":"max-video-preview:-1"},"canonical":"https:\/\/www.cuballama.com\/noticias\/la-frenetica-propaganda-oficial-se-olvido-del-septimo-ano-de-los-dos-medicos-secuestrados\/","og_locale":"es_ES","og_type":"article","og_title":"La fren\u00e9tica propaganda oficial se olvid\u00f3 del s\u00e9ptimo a\u00f1o de los dos\u00a0m\u00e9dicos secuestrados - Cuballama Noticias","og_description":"Termina el mes de abril en un torbellino de entrevistas, consignas, firmas, \u201cdi\u00e1logos\u201d, presiones y numerosos actos, pero sin una sola menci\u00f3n del oficialismo en medio de tantas efem\u00e9rides, en alusi\u00f3n al s\u00e9ptimo aniversario del secuestro de dos m\u00e9dicos cubanos en Kenia y su presunta muerte en Somalia a\u00f1os despu\u00e9s. \u201cDevu\u00e9lvannos a nuestros dos m\u00e9dicos [&hellip;]","og_url":"https:\/\/www.cuballama.com\/noticias\/la-frenetica-propaganda-oficial-se-olvido-del-septimo-ano-de-los-dos-medicos-secuestrados\/","og_site_name":"Cuballama Noticias","article_publisher":"https:\/\/www.facebook.com\/CubaLlama","article_published_time":"2026-04-29T18:50:30+00:00","article_modified_time":"2026-04-29T18:50:33+00:00","og_image":[{"width":1198,"height":650,"url":"https:\/\/cdn1.mediawpaccore.net\/wp-content\/uploads\/2022\/03\/24103007\/medicoscubanos100420.jpg","type":"image\/jpeg"}],"author":"Manu","twitter_card":"summary_large_image","twitter_creator":"@cuballama","twitter_site":"@cuballama","twitter_misc":{"Escrito por":"Manu","Tiempo de lectura":"4 minutos"},"schema":{"@context":"https:\/\/schema.org","@graph":[{"@type":"Article","@id":"https:\/\/www.cuballama.com\/noticias\/la-frenetica-propaganda-oficial-se-olvido-del-septimo-ano-de-los-dos-medicos-secuestrados\/#article","isPartOf":{"@id":"https:\/\/www.cuballama.com\/noticias\/la-frenetica-propaganda-oficial-se-olvido-del-septimo-ano-de-los-dos-medicos-secuestrados\/"},"author":{"name":"Manu","@id":"https:\/\/www.cuballama.com\/noticias\/#\/schema\/person\/5889f7d070564f8386e7944d14d436cd"},"headline":"La fren\u00e9tica propaganda oficial se olvid\u00f3 del s\u00e9ptimo a\u00f1o de los dos\u00a0m\u00e9dicos secuestrados","datePublished":"2026-04-29T18:50:30+00:00","dateModified":"2026-04-29T18:50:33+00:00","mainEntityOfPage":{"@id":"https:\/\/www.cuballama.com\/noticias\/la-frenetica-propaganda-oficial-se-olvido-del-septimo-ano-de-los-dos-medicos-secuestrados\/"},"wordCount":820,"commentCount":0,"publisher":{"@id":"https:\/\/www.cuballama.com\/noticias\/#organization"},"image":{"@id":"https:\/\/www.cuballama.com\/noticias\/la-frenetica-propaganda-oficial-se-olvido-del-septimo-ano-de-los-dos-medicos-secuestrados\/#primaryimage"},"thumbnailUrl":"https:\/\/cdn1.mediawpaccore.net\/wp-content\/uploads\/2022\/03\/24103007\/medicoscubanos100420.jpg","keywords":["Crisis en Cuba","Cuba","cubanos","destacado","m\u00e9dicos","m\u00e9dicos secuestrados"],"articleSection":["Noticias","Noticias de Cuba"],"inLanguage":"es","potentialAction":[{"@type":"CommentAction","name":"Comment","target":["https:\/\/www.cuballama.com\/noticias\/la-frenetica-propaganda-oficial-se-olvido-del-septimo-ano-de-los-dos-medicos-secuestrados\/#respond"]}]},{"@type":"WebPage","@id":"https:\/\/www.cuballama.com\/noticias\/la-frenetica-propaganda-oficial-se-olvido-del-septimo-ano-de-los-dos-medicos-secuestrados\/","url":"https:\/\/www.cuballama.com\/noticias\/la-frenetica-propaganda-oficial-se-olvido-del-septimo-ano-de-los-dos-medicos-secuestrados\/","name":"La fren\u00e9tica propaganda oficial se olvid\u00f3 del s\u00e9ptimo a\u00f1o de los dos\u00a0m\u00e9dicos secuestrados - Cuballama Noticias","isPartOf":{"@id":"https:\/\/www.cuballama.com\/noticias\/#website"},"primaryImageOfPage":{"@id":"https:\/\/www.cuballama.com\/noticias\/la-frenetica-propaganda-oficial-se-olvido-del-septimo-ano-de-los-dos-medicos-secuestrados\/#primaryimage"},"image":{"@id":"https:\/\/www.cuballama.com\/noticias\/la-frenetica-propaganda-oficial-se-olvido-del-septimo-ano-de-los-dos-medicos-secuestrados\/#primaryimage"},"thumbnailUrl":"https:\/\/cdn1.mediawpaccore.net\/wp-content\/uploads\/2022\/03\/24103007\/medicoscubanos100420.jpg","datePublished":"2026-04-29T18:50:30+00:00","dateModified":"2026-04-29T18:50:33+00:00","breadcrumb":{"@id":"https:\/\/www.cuballama.com\/noticias\/la-frenetica-propaganda-oficial-se-olvido-del-septimo-ano-de-los-dos-medicos-secuestrados\/#breadcrumb"},"inLanguage":"es","potentialAction":[{"@type":"ReadAction","target":["https:\/\/www.cuballama.com\/noticias\/la-frenetica-propaganda-oficial-se-olvido-del-septimo-ano-de-los-dos-medicos-secuestrados\/"]}]},{"@type":"ImageObject","inLanguage":"es","@id":"https:\/\/www.cuballama.com\/noticias\/la-frenetica-propaganda-oficial-se-olvido-del-septimo-ano-de-los-dos-medicos-secuestrados\/#primaryimage","url":"https:\/\/cdn1.mediawpaccore.net\/wp-content\/uploads\/2022\/03\/24103007\/medicoscubanos100420.jpg","contentUrl":"https:\/\/cdn1.mediawpaccore.net\/wp-content\/uploads\/2022\/03\/24103007\/medicoscubanos100420.jpg","width":1198,"height":650,"caption":"Landy Rodr\u00edguez Hern\u00e1ndez, cirujano, y Assel Herrera Correa, generalista foto Facebook Landy Rodr\u00edguez y Assel Herrera"},{"@type":"BreadcrumbList","@id":"https:\/\/www.cuballama.com\/noticias\/la-frenetica-propaganda-oficial-se-olvido-del-septimo-ano-de-los-dos-medicos-secuestrados\/#breadcrumb","itemListElement":[{"@type":"ListItem","position":1,"name":"Home","item":"https:\/\/www.cuballama.com\/noticias\/"},{"@type":"ListItem","position":2,"name":"La fren\u00e9tica propaganda oficial se olvid\u00f3 del s\u00e9ptimo a\u00f1o de los dos\u00a0m\u00e9dicos secuestrados"}]},{"@type":"WebSite","@id":"https:\/\/www.cuballama.com\/noticias\/#website","url":"https:\/\/www.cuballama.com\/noticias\/","name":"Cuballama Noticias","description":"Medio digital sobre Cuba y el mundo","publisher":{"@id":"https:\/\/www.cuballama.com\/noticias\/#organization"},"potentialAction":[{"@type":"SearchAction","target":{"@type":"EntryPoint","urlTemplate":"https:\/\/www.cuballama.com\/noticias\/?s={search_term_string}"},"query-input":{"@type":"PropertyValueSpecification","valueRequired":true,"valueName":"search_term_string"}}],"inLanguage":"es"},{"@type":"Organization","@id":"https:\/\/www.cuballama.com\/noticias\/#organization","name":"Cuballama","url":"https:\/\/www.cuballama.com\/noticias\/","logo":{"@type":"ImageObject","inLanguage":"es","@id":"https:\/\/www.cuballama.com\/noticias\/#\/schema\/logo\/image\/","url":"https:\/\/cdn1.mediawpaccore.net\/wp-content\/uploads\/2021\/12\/28171206\/cbll-logo-color-sm.png","contentUrl":"https:\/\/cdn1.mediawpaccore.net\/wp-content\/uploads\/2021\/12\/28171206\/cbll-logo-color-sm.png","width":600,"height":133,"caption":"Cuballama"},"image":{"@id":"https:\/\/www.cuballama.com\/noticias\/#\/schema\/logo\/image\/"},"sameAs":["https:\/\/www.facebook.com\/CubaLlama","https:\/\/x.com\/cuballama","https:\/\/www.instagram.com\/stories\/cuballama_oficial\/","https:\/\/www.youtube.com\/channel\/UCKkFE-d_axENGZcrc4as0IA"]},{"@type":"Person","@id":"https:\/\/www.cuballama.com\/noticias\/#\/schema\/person\/5889f7d070564f8386e7944d14d436cd","name":"Manu","url":"https:\/\/www.cuballama.com\/noticias\/author\/manu\/"}]}},"_links":{"self":[{"href":"https:\/\/www.cuballama.com\/noticias\/wp-json\/wp\/v2\/posts\/242962","targetHints":{"allow":["GET"]}}],"collection":[{"href":"https:\/\/www.cuballama.com\/noticias\/wp-json\/wp\/v2\/posts"}],"about":[{"href":"https:\/\/www.cuballama.com\/noticias\/wp-json\/wp\/v2\/types\/post"}],"author":[{"embeddable":true,"href":"https:\/\/www.cuballama.com\/noticias\/wp-json\/wp\/v2\/users\/24"}],"replies":[{"embeddable":true,"href":"https:\/\/www.cuballama.com\/noticias\/wp-json\/wp\/v2\/comments?post=242962"}],"version-history":[{"count":2,"href":"https:\/\/www.cuballama.com\/noticias\/wp-json\/wp\/v2\/posts\/242962\/revisions"}],"predecessor-version":[{"id":242964,"href":"https:\/\/www.cuballama.com\/noticias\/wp-json\/wp\/v2\/posts\/242962\/revisions\/242964"}],"wp:featuredmedia":[{"embeddable":true,"href":"https:\/\/www.cuballama.com\/noticias\/wp-json\/wp\/v2\/media\/90101"}],"wp:attachment":[{"href":"https:\/\/www.cuballama.com\/noticias\/wp-json\/wp\/v2\/media?parent=242962"}],"wp:term":[{"taxonomy":"category","embeddable":true,"href":"https:\/\/www.cuballama.com\/noticias\/wp-json\/wp\/v2\/categories?post=242962"},{"taxonomy":"post_tag","embeddable":true,"href":"https:\/\/www.cuballama.com\/noticias\/wp-json\/wp\/v2\/tags?post=242962"}],"curies":[{"name":"wp","href":"https:\/\/api.w.org\/{rel}","templated":true}]}}