{"id":242911,"date":"2026-04-29T11:04:57","date_gmt":"2026-04-29T15:04:57","guid":{"rendered":"https:\/\/www.cuballama.com\/noticias\/?p=242911"},"modified":"2026-04-29T11:05:00","modified_gmt":"2026-04-29T15:05:00","slug":"la-actriz-cubana-obelia-blanco-reaparece-junto-a-ivette-cepeda-en-espana","status":"publish","type":"post","link":"https:\/\/www.cuballama.com\/noticias\/la-actriz-cubana-obelia-blanco-reaparece-junto-a-ivette-cepeda-en-espana\/","title":{"rendered":"La actriz cubana Obelia Blanco reaparece junto a Ivette Cepeda en Espa\u00f1a"},"content":{"rendered":"\n<p>La querida actriz cubana Obelia Blanco, de 83 a\u00f1os, volvi\u00f3 a ser noticia en redes sociales tras recibir la visita de la cantante Ivette Cepeda en la ciudad de Allariz, provincia de Orense, en la comunidad aut\u00f3noma de Galicia, Espa\u00f1a. El encuentro entre ambas figuras de la cultura cubana gener\u00f3 una ola de emociones entre sus seguidores.<\/p>\n\n\n\n<h2 class=\"wp-block-heading\">Un reencuentro lleno de emoci\u00f3n y cari\u00f1o<\/h2>\n\n\n\n<p>Ivette Cepeda comparti\u00f3 en sus redes una serie de fotograf\u00edas abrazada a Obelia Blanco, acompa\u00f1adas de palabras que conmovieron a miles de personas. \u00abCruzar puentes es encontrar amigos, abrazarlos, besarlos, escucharlos y dejarles muy claro cu\u00e1nto les extra\u00f1amos, si no han venido\u00bb, escribi\u00f3 la cantante al pie de las im\u00e1genes.<\/p>\n\n\n\n<iframe loading=\"lazy\" src=\"https:\/\/www.facebook.com\/plugins\/post.php?href=https%3A%2F%2Fwww.facebook.com%2Fivettecepedaoficial%2Fposts%2Fpfbid02s1BEMSQdyxVhZ4Zr7jbf8ke2RMxd2LgPFYcXtDzgYYTqqD7briWkvQfeSa6MxyKvl&#038;show_text=true&#038;width=500\" width=\"500\" height=\"723\" style=\"border:none;overflow:hidden\" scrolling=\"no\" frameborder=\"0\" allowfullscreen=\"true\" allow=\"autoplay; clipboard-write; encrypted-media; picture-in-picture; web-share\"><\/iframe>\n\n\n\n<p>La int\u00e9rprete tambi\u00e9n describi\u00f3 lo especial que fue ese momento: \u00abImag\u00ednense lo que fue llegar a una cita con Obelia, tratando de que recibiera desde nuestras manos el amor de Dios y de todo su pueblo. \u00a1\u00a1\u00a1Ay&#8230; qu\u00e9 tiempo tan bendecido y bello!!!\u00bb.<\/p>\n\n\n\n<p>En los comentarios, Cepeda profundiz\u00f3 a\u00fan m\u00e1s en sus sentimientos: \u00abY fue como si abrazara a mi mam\u00e1&#8230; Y fue escuchar una artista cuyo prop\u00f3sito es tan bello y la llama no se apaga&#8230; Ah\u00ed va regalando amor, amor, amor, haciendo de ello un arte de vida\u00bb.<\/p>\n\n\n\n<h2 class=\"wp-block-heading\">Por qu\u00e9 Obelia Blanco vive en Espa\u00f1a<\/h2>\n\n\n\n<p>En marzo de 2023 se supo que <a href=\"https:\/\/www.cuballama.com\/noticias\/actriz-cubana-obelia-blanco-retoma-su-carrera-en-espana-ahora-me-siento-libre\/\" target=\"_blank\" rel=\"noreferrer noopener\">Obelia Blanco se hab\u00eda mudado a Espa\u00f1a<\/a> junto a su familia. La formidable actriz y locutora, fundadora de Radio Ta\u00edno, Premio Nacional de Televisi\u00f3n y Artista de M\u00e9rito del ICRT, confes\u00f3 que en ese pa\u00eds se siente m\u00e1s libre y tranquila.<\/p>\n\n\n\n<p>En Allariz viven su hija Irina Fern\u00e1ndez y sus nietos. Los abuelos paternos de Irina son espa\u00f1oles, lo que facilit\u00f3 la decisi\u00f3n de establecerse en Galicia. \u00abEn Cuba ya no tenemos familia, si ven\u00eda me quedaba sola\u00bb, explic\u00f3 Obelia en una entrevista con el peri\u00f3dico local La Voz de Galicia.<\/p>\n\n\n\n<p>La propia actriz detall\u00f3 las razones del traslado de su hija: \u00abLleg\u00f3 un momento en que ella decidi\u00f3 venir para Espa\u00f1a, que es donde vive parte de su familia, para que su hija tuviera una mejor vida, educaci\u00f3n\u2026 Lo que ya no hay en Cuba\u00bb. Obelia decidi\u00f3 quedarse en Allariz en julio de ese a\u00f1o para acompa\u00f1ar a su hija en esa nueva etapa: \u00abPens\u00e9 que me iba a necesitar porque comenzaba una nueva vida con una ni\u00f1a de 5 a\u00f1os y qu\u00e9 mejor ayuda que la de su madre\u00bb.<\/p>\n\n\n\n<h2 class=\"wp-block-heading\">Una artista que sigue regalando amor<\/h2>\n\n\n\n<p>A sus 83 a\u00f1os, Obelia Blanco demuestra que la distancia no apaga el cari\u00f1o que el p\u00fablico cubano siente por ella. Su trayectoria como actriz, locutora y figura ic\u00f3nica de la televisi\u00f3n y la radio cubana la convierte en una de las artistas m\u00e1s queridas de su generaci\u00f3n. El encuentro con Ivette Cepeda es una prueba de que los lazos entre los cubanos trascienden fronteras y que el arte, como bien dijo Cepeda, se convierte en un verdadero arte de vida.<\/p>\n","protected":false},"excerpt":{"rendered":"<p>Ivette Cepeda visit\u00f3 a la actriz cubana Obelia Blanco en Allariz, Galicia, Espa\u00f1a, protagonizando un reencuentro cargado de emoci\u00f3n y cari\u00f1o<\/p>\n","protected":false},"author":27,"featured_media":242918,"comment_status":"open","ping_status":"closed","sticky":false,"template":"","format":"standard","meta":{"_acf_changed":false,"footnotes":""},"categories":[443],"tags":[3375,252,11627,15379],"class_list":{"0":"post-242911","1":"post","2":"type-post","3":"status-publish","4":"format-standard","5":"has-post-thumbnail","7":"category-farandula","8":"tag-actriz-cubana","9":"tag-artistas-cubanos","10":"tag-ivette-cepeda","11":"tag-obelia-blanco"},"acf":[],"yoast_head":"<!-- This site is optimized with the Yoast SEO plugin v27.4 - https:\/\/yoast.com\/product\/yoast-seo-wordpress\/ -->\n<title>La actriz cubana Obelia Blanco reaparece junto a Ivette Cepeda en Espa\u00f1a - Cuballama Noticias<\/title>\n<meta name=\"description\" content=\"La actriz cubana Obelia Blanco recibe a Ivette Cepeda en Allariz, Espa\u00f1a, en un emotivo reencuentro lleno de amor y nostalgia.\" \/>\n<meta name=\"robots\" content=\"index, follow, max-snippet:-1, max-image-preview:large, max-video-preview:-1\" \/>\n<link rel=\"canonical\" href=\"https:\/\/www.cuballama.com\/noticias\/la-actriz-cubana-obelia-blanco-reaparece-junto-a-ivette-cepeda-en-espana\/\" \/>\n<meta property=\"og:locale\" content=\"es_ES\" \/>\n<meta property=\"og:type\" content=\"article\" \/>\n<meta property=\"og:title\" content=\"La actriz cubana Obelia Blanco reaparece junto a Ivette Cepeda en Espa\u00f1a - Cuballama Noticias\" \/>\n<meta property=\"og:description\" content=\"La actriz cubana Obelia Blanco recibe a Ivette Cepeda en Allariz, Espa\u00f1a, en un emotivo reencuentro lleno de amor y nostalgia.\" \/>\n<meta property=\"og:url\" content=\"https:\/\/www.cuballama.com\/noticias\/la-actriz-cubana-obelia-blanco-reaparece-junto-a-ivette-cepeda-en-espana\/\" \/>\n<meta property=\"og:site_name\" content=\"Cuballama Noticias\" \/>\n<meta property=\"article:publisher\" content=\"https:\/\/www.facebook.com\/CubaLlama\" \/>\n<meta property=\"article:published_time\" content=\"2026-04-29T15:04:57+00:00\" \/>\n<meta property=\"article:modified_time\" content=\"2026-04-29T15:05:00+00:00\" \/>\n<meta property=\"og:image\" content=\"https:\/\/cdn1.mediawpaccore.net\/wp-content\/uploads\/2026\/04\/29110422\/La-actriz-cubana-Obelia-Blanco-reaparece-junto-a-Ivette-Cepeda-en-Espana.jpeg\" \/>\n\t<meta property=\"og:image:width\" content=\"1878\" \/>\n\t<meta property=\"og:image:height\" content=\"1308\" \/>\n\t<meta property=\"og:image:type\" content=\"image\/jpeg\" \/>\n<meta name=\"author\" content=\"Rafa\" \/>\n<meta name=\"twitter:card\" content=\"summary_large_image\" \/>\n<meta name=\"twitter:creator\" content=\"@cuballama\" \/>\n<meta name=\"twitter:site\" content=\"@cuballama\" \/>\n<meta name=\"twitter:label1\" content=\"Escrito por\" \/>\n\t<meta name=\"twitter:data1\" content=\"Rafa\" \/>\n\t<meta name=\"twitter:label2\" content=\"Tiempo de lectura\" \/>\n\t<meta name=\"twitter:data2\" content=\"3 minutos\" \/>\n<script type=\"application\/ld+json\" class=\"yoast-schema-graph\">{\"@context\":\"https:\\\/\\\/schema.org\",\"@graph\":[{\"@type\":\"Article\",\"@id\":\"https:\\\/\\\/www.cuballama.com\\\/noticias\\\/la-actriz-cubana-obelia-blanco-reaparece-junto-a-ivette-cepeda-en-espana\\\/#article\",\"isPartOf\":{\"@id\":\"https:\\\/\\\/www.cuballama.com\\\/noticias\\\/la-actriz-cubana-obelia-blanco-reaparece-junto-a-ivette-cepeda-en-espana\\\/\"},\"author\":{\"name\":\"Rafa\",\"@id\":\"https:\\\/\\\/www.cuballama.com\\\/noticias\\\/#\\\/schema\\\/person\\\/0f97914526a658755f00e59ec2a832f2\"},\"headline\":\"La actriz cubana Obelia Blanco reaparece junto a Ivette Cepeda en Espa\u00f1a\",\"datePublished\":\"2026-04-29T15:04:57+00:00\",\"dateModified\":\"2026-04-29T15:05:00+00:00\",\"mainEntityOfPage\":{\"@id\":\"https:\\\/\\\/www.cuballama.com\\\/noticias\\\/la-actriz-cubana-obelia-blanco-reaparece-junto-a-ivette-cepeda-en-espana\\\/\"},\"wordCount\":537,\"commentCount\":0,\"publisher\":{\"@id\":\"https:\\\/\\\/www.cuballama.com\\\/noticias\\\/#organization\"},\"image\":{\"@id\":\"https:\\\/\\\/www.cuballama.com\\\/noticias\\\/la-actriz-cubana-obelia-blanco-reaparece-junto-a-ivette-cepeda-en-espana\\\/#primaryimage\"},\"thumbnailUrl\":\"https:\\\/\\\/cdn1.mediawpaccore.net\\\/wp-content\\\/uploads\\\/2026\\\/04\\\/29110422\\\/La-actriz-cubana-Obelia-Blanco-reaparece-junto-a-Ivette-Cepeda-en-Espana.jpeg\",\"keywords\":[\"actriz cubana\",\"Artistas cubanos\",\"Ivette Cepeda\",\"Obelia Blanco\"],\"articleSection\":[\"Far\u00e1ndula\"],\"inLanguage\":\"es\",\"potentialAction\":[{\"@type\":\"CommentAction\",\"name\":\"Comment\",\"target\":[\"https:\\\/\\\/www.cuballama.com\\\/noticias\\\/la-actriz-cubana-obelia-blanco-reaparece-junto-a-ivette-cepeda-en-espana\\\/#respond\"]}]},{\"@type\":\"WebPage\",\"@id\":\"https:\\\/\\\/www.cuballama.com\\\/noticias\\\/la-actriz-cubana-obelia-blanco-reaparece-junto-a-ivette-cepeda-en-espana\\\/\",\"url\":\"https:\\\/\\\/www.cuballama.com\\\/noticias\\\/la-actriz-cubana-obelia-blanco-reaparece-junto-a-ivette-cepeda-en-espana\\\/\",\"name\":\"La actriz cubana Obelia Blanco reaparece junto a Ivette Cepeda en Espa\u00f1a - Cuballama Noticias\",\"isPartOf\":{\"@id\":\"https:\\\/\\\/www.cuballama.com\\\/noticias\\\/#website\"},\"primaryImageOfPage\":{\"@id\":\"https:\\\/\\\/www.cuballama.com\\\/noticias\\\/la-actriz-cubana-obelia-blanco-reaparece-junto-a-ivette-cepeda-en-espana\\\/#primaryimage\"},\"image\":{\"@id\":\"https:\\\/\\\/www.cuballama.com\\\/noticias\\\/la-actriz-cubana-obelia-blanco-reaparece-junto-a-ivette-cepeda-en-espana\\\/#primaryimage\"},\"thumbnailUrl\":\"https:\\\/\\\/cdn1.mediawpaccore.net\\\/wp-content\\\/uploads\\\/2026\\\/04\\\/29110422\\\/La-actriz-cubana-Obelia-Blanco-reaparece-junto-a-Ivette-Cepeda-en-Espana.jpeg\",\"datePublished\":\"2026-04-29T15:04:57+00:00\",\"dateModified\":\"2026-04-29T15:05:00+00:00\",\"description\":\"La actriz cubana Obelia Blanco recibe a Ivette Cepeda en Allariz, Espa\u00f1a, en un emotivo reencuentro lleno de amor y nostalgia.\",\"breadcrumb\":{\"@id\":\"https:\\\/\\\/www.cuballama.com\\\/noticias\\\/la-actriz-cubana-obelia-blanco-reaparece-junto-a-ivette-cepeda-en-espana\\\/#breadcrumb\"},\"inLanguage\":\"es\",\"potentialAction\":[{\"@type\":\"ReadAction\",\"target\":[\"https:\\\/\\\/www.cuballama.com\\\/noticias\\\/la-actriz-cubana-obelia-blanco-reaparece-junto-a-ivette-cepeda-en-espana\\\/\"]}]},{\"@type\":\"ImageObject\",\"inLanguage\":\"es\",\"@id\":\"https:\\\/\\\/www.cuballama.com\\\/noticias\\\/la-actriz-cubana-obelia-blanco-reaparece-junto-a-ivette-cepeda-en-espana\\\/#primaryimage\",\"url\":\"https:\\\/\\\/cdn1.mediawpaccore.net\\\/wp-content\\\/uploads\\\/2026\\\/04\\\/29110422\\\/La-actriz-cubana-Obelia-Blanco-reaparece-junto-a-Ivette-Cepeda-en-Espana.jpeg\",\"contentUrl\":\"https:\\\/\\\/cdn1.mediawpaccore.net\\\/wp-content\\\/uploads\\\/2026\\\/04\\\/29110422\\\/La-actriz-cubana-Obelia-Blanco-reaparece-junto-a-Ivette-Cepeda-en-Espana.jpeg\",\"width\":1878,\"height\":1308,\"caption\":\"La actriz cubana Obelia Blanco reaparece junto a Ivette Cepeda en Espa\u00f1a (Foto: Ivette Cepeda\\\/Facebook)\"},{\"@type\":\"BreadcrumbList\",\"@id\":\"https:\\\/\\\/www.cuballama.com\\\/noticias\\\/la-actriz-cubana-obelia-blanco-reaparece-junto-a-ivette-cepeda-en-espana\\\/#breadcrumb\",\"itemListElement\":[{\"@type\":\"ListItem\",\"position\":1,\"name\":\"Home\",\"item\":\"https:\\\/\\\/www.cuballama.com\\\/noticias\\\/\"},{\"@type\":\"ListItem\",\"position\":2,\"name\":\"La actriz cubana Obelia Blanco reaparece junto a Ivette Cepeda en Espa\u00f1a\"}]},{\"@type\":\"WebSite\",\"@id\":\"https:\\\/\\\/www.cuballama.com\\\/noticias\\\/#website\",\"url\":\"https:\\\/\\\/www.cuballama.com\\\/noticias\\\/\",\"name\":\"Cuballama Noticias\",\"description\":\"Medio digital sobre Cuba y el mundo\",\"publisher\":{\"@id\":\"https:\\\/\\\/www.cuballama.com\\\/noticias\\\/#organization\"},\"potentialAction\":[{\"@type\":\"SearchAction\",\"target\":{\"@type\":\"EntryPoint\",\"urlTemplate\":\"https:\\\/\\\/www.cuballama.com\\\/noticias\\\/?s={search_term_string}\"},\"query-input\":{\"@type\":\"PropertyValueSpecification\",\"valueRequired\":true,\"valueName\":\"search_term_string\"}}],\"inLanguage\":\"es\"},{\"@type\":\"Organization\",\"@id\":\"https:\\\/\\\/www.cuballama.com\\\/noticias\\\/#organization\",\"name\":\"Cuballama\",\"url\":\"https:\\\/\\\/www.cuballama.com\\\/noticias\\\/\",\"logo\":{\"@type\":\"ImageObject\",\"inLanguage\":\"es\",\"@id\":\"https:\\\/\\\/www.cuballama.com\\\/noticias\\\/#\\\/schema\\\/logo\\\/image\\\/\",\"url\":\"https:\\\/\\\/cdn1.mediawpaccore.net\\\/wp-content\\\/uploads\\\/2021\\\/12\\\/28171206\\\/cbll-logo-color-sm.png\",\"contentUrl\":\"https:\\\/\\\/cdn1.mediawpaccore.net\\\/wp-content\\\/uploads\\\/2021\\\/12\\\/28171206\\\/cbll-logo-color-sm.png\",\"width\":600,\"height\":133,\"caption\":\"Cuballama\"},\"image\":{\"@id\":\"https:\\\/\\\/www.cuballama.com\\\/noticias\\\/#\\\/schema\\\/logo\\\/image\\\/\"},\"sameAs\":[\"https:\\\/\\\/www.facebook.com\\\/CubaLlama\",\"https:\\\/\\\/x.com\\\/cuballama\",\"https:\\\/\\\/www.instagram.com\\\/stories\\\/cuballama_oficial\\\/\",\"https:\\\/\\\/www.youtube.com\\\/channel\\\/UCKkFE-d_axENGZcrc4as0IA\"]},{\"@type\":\"Person\",\"@id\":\"https:\\\/\\\/www.cuballama.com\\\/noticias\\\/#\\\/schema\\\/person\\\/0f97914526a658755f00e59ec2a832f2\",\"name\":\"Rafa\",\"url\":\"https:\\\/\\\/www.cuballama.com\\\/noticias\\\/author\\\/rafa\\\/\"}]}<\/script>\n<!-- \/ Yoast SEO plugin. -->","yoast_head_json":{"title":"La actriz cubana Obelia Blanco reaparece junto a Ivette Cepeda en Espa\u00f1a - Cuballama Noticias","description":"La actriz cubana Obelia Blanco recibe a Ivette Cepeda en Allariz, Espa\u00f1a, en un emotivo reencuentro lleno de amor y nostalgia.","robots":{"index":"index","follow":"follow","max-snippet":"max-snippet:-1","max-image-preview":"max-image-preview:large","max-video-preview":"max-video-preview:-1"},"canonical":"https:\/\/www.cuballama.com\/noticias\/la-actriz-cubana-obelia-blanco-reaparece-junto-a-ivette-cepeda-en-espana\/","og_locale":"es_ES","og_type":"article","og_title":"La actriz cubana Obelia Blanco reaparece junto a Ivette Cepeda en Espa\u00f1a - Cuballama Noticias","og_description":"La actriz cubana Obelia Blanco recibe a Ivette Cepeda en Allariz, Espa\u00f1a, en un emotivo reencuentro lleno de amor y nostalgia.","og_url":"https:\/\/www.cuballama.com\/noticias\/la-actriz-cubana-obelia-blanco-reaparece-junto-a-ivette-cepeda-en-espana\/","og_site_name":"Cuballama Noticias","article_publisher":"https:\/\/www.facebook.com\/CubaLlama","article_published_time":"2026-04-29T15:04:57+00:00","article_modified_time":"2026-04-29T15:05:00+00:00","og_image":[{"width":1878,"height":1308,"url":"https:\/\/cdn1.mediawpaccore.net\/wp-content\/uploads\/2026\/04\/29110422\/La-actriz-cubana-Obelia-Blanco-reaparece-junto-a-Ivette-Cepeda-en-Espana.jpeg","type":"image\/jpeg"}],"author":"Rafa","twitter_card":"summary_large_image","twitter_creator":"@cuballama","twitter_site":"@cuballama","twitter_misc":{"Escrito por":"Rafa","Tiempo de lectura":"3 minutos"},"schema":{"@context":"https:\/\/schema.org","@graph":[{"@type":"Article","@id":"https:\/\/www.cuballama.com\/noticias\/la-actriz-cubana-obelia-blanco-reaparece-junto-a-ivette-cepeda-en-espana\/#article","isPartOf":{"@id":"https:\/\/www.cuballama.com\/noticias\/la-actriz-cubana-obelia-blanco-reaparece-junto-a-ivette-cepeda-en-espana\/"},"author":{"name":"Rafa","@id":"https:\/\/www.cuballama.com\/noticias\/#\/schema\/person\/0f97914526a658755f00e59ec2a832f2"},"headline":"La actriz cubana Obelia Blanco reaparece junto a Ivette Cepeda en Espa\u00f1a","datePublished":"2026-04-29T15:04:57+00:00","dateModified":"2026-04-29T15:05:00+00:00","mainEntityOfPage":{"@id":"https:\/\/www.cuballama.com\/noticias\/la-actriz-cubana-obelia-blanco-reaparece-junto-a-ivette-cepeda-en-espana\/"},"wordCount":537,"commentCount":0,"publisher":{"@id":"https:\/\/www.cuballama.com\/noticias\/#organization"},"image":{"@id":"https:\/\/www.cuballama.com\/noticias\/la-actriz-cubana-obelia-blanco-reaparece-junto-a-ivette-cepeda-en-espana\/#primaryimage"},"thumbnailUrl":"https:\/\/cdn1.mediawpaccore.net\/wp-content\/uploads\/2026\/04\/29110422\/La-actriz-cubana-Obelia-Blanco-reaparece-junto-a-Ivette-Cepeda-en-Espana.jpeg","keywords":["actriz cubana","Artistas cubanos","Ivette Cepeda","Obelia Blanco"],"articleSection":["Far\u00e1ndula"],"inLanguage":"es","potentialAction":[{"@type":"CommentAction","name":"Comment","target":["https:\/\/www.cuballama.com\/noticias\/la-actriz-cubana-obelia-blanco-reaparece-junto-a-ivette-cepeda-en-espana\/#respond"]}]},{"@type":"WebPage","@id":"https:\/\/www.cuballama.com\/noticias\/la-actriz-cubana-obelia-blanco-reaparece-junto-a-ivette-cepeda-en-espana\/","url":"https:\/\/www.cuballama.com\/noticias\/la-actriz-cubana-obelia-blanco-reaparece-junto-a-ivette-cepeda-en-espana\/","name":"La actriz cubana Obelia Blanco reaparece junto a Ivette Cepeda en Espa\u00f1a - Cuballama Noticias","isPartOf":{"@id":"https:\/\/www.cuballama.com\/noticias\/#website"},"primaryImageOfPage":{"@id":"https:\/\/www.cuballama.com\/noticias\/la-actriz-cubana-obelia-blanco-reaparece-junto-a-ivette-cepeda-en-espana\/#primaryimage"},"image":{"@id":"https:\/\/www.cuballama.com\/noticias\/la-actriz-cubana-obelia-blanco-reaparece-junto-a-ivette-cepeda-en-espana\/#primaryimage"},"thumbnailUrl":"https:\/\/cdn1.mediawpaccore.net\/wp-content\/uploads\/2026\/04\/29110422\/La-actriz-cubana-Obelia-Blanco-reaparece-junto-a-Ivette-Cepeda-en-Espana.jpeg","datePublished":"2026-04-29T15:04:57+00:00","dateModified":"2026-04-29T15:05:00+00:00","description":"La actriz cubana Obelia Blanco recibe a Ivette Cepeda en Allariz, Espa\u00f1a, en un emotivo reencuentro lleno de amor y nostalgia.","breadcrumb":{"@id":"https:\/\/www.cuballama.com\/noticias\/la-actriz-cubana-obelia-blanco-reaparece-junto-a-ivette-cepeda-en-espana\/#breadcrumb"},"inLanguage":"es","potentialAction":[{"@type":"ReadAction","target":["https:\/\/www.cuballama.com\/noticias\/la-actriz-cubana-obelia-blanco-reaparece-junto-a-ivette-cepeda-en-espana\/"]}]},{"@type":"ImageObject","inLanguage":"es","@id":"https:\/\/www.cuballama.com\/noticias\/la-actriz-cubana-obelia-blanco-reaparece-junto-a-ivette-cepeda-en-espana\/#primaryimage","url":"https:\/\/cdn1.mediawpaccore.net\/wp-content\/uploads\/2026\/04\/29110422\/La-actriz-cubana-Obelia-Blanco-reaparece-junto-a-Ivette-Cepeda-en-Espana.jpeg","contentUrl":"https:\/\/cdn1.mediawpaccore.net\/wp-content\/uploads\/2026\/04\/29110422\/La-actriz-cubana-Obelia-Blanco-reaparece-junto-a-Ivette-Cepeda-en-Espana.jpeg","width":1878,"height":1308,"caption":"La actriz cubana Obelia Blanco reaparece junto a Ivette Cepeda en Espa\u00f1a (Foto: Ivette Cepeda\/Facebook)"},{"@type":"BreadcrumbList","@id":"https:\/\/www.cuballama.com\/noticias\/la-actriz-cubana-obelia-blanco-reaparece-junto-a-ivette-cepeda-en-espana\/#breadcrumb","itemListElement":[{"@type":"ListItem","position":1,"name":"Home","item":"https:\/\/www.cuballama.com\/noticias\/"},{"@type":"ListItem","position":2,"name":"La actriz cubana Obelia Blanco reaparece junto a Ivette Cepeda en Espa\u00f1a"}]},{"@type":"WebSite","@id":"https:\/\/www.cuballama.com\/noticias\/#website","url":"https:\/\/www.cuballama.com\/noticias\/","name":"Cuballama Noticias","description":"Medio digital sobre Cuba y el mundo","publisher":{"@id":"https:\/\/www.cuballama.com\/noticias\/#organization"},"potentialAction":[{"@type":"SearchAction","target":{"@type":"EntryPoint","urlTemplate":"https:\/\/www.cuballama.com\/noticias\/?s={search_term_string}"},"query-input":{"@type":"PropertyValueSpecification","valueRequired":true,"valueName":"search_term_string"}}],"inLanguage":"es"},{"@type":"Organization","@id":"https:\/\/www.cuballama.com\/noticias\/#organization","name":"Cuballama","url":"https:\/\/www.cuballama.com\/noticias\/","logo":{"@type":"ImageObject","inLanguage":"es","@id":"https:\/\/www.cuballama.com\/noticias\/#\/schema\/logo\/image\/","url":"https:\/\/cdn1.mediawpaccore.net\/wp-content\/uploads\/2021\/12\/28171206\/cbll-logo-color-sm.png","contentUrl":"https:\/\/cdn1.mediawpaccore.net\/wp-content\/uploads\/2021\/12\/28171206\/cbll-logo-color-sm.png","width":600,"height":133,"caption":"Cuballama"},"image":{"@id":"https:\/\/www.cuballama.com\/noticias\/#\/schema\/logo\/image\/"},"sameAs":["https:\/\/www.facebook.com\/CubaLlama","https:\/\/x.com\/cuballama","https:\/\/www.instagram.com\/stories\/cuballama_oficial\/","https:\/\/www.youtube.com\/channel\/UCKkFE-d_axENGZcrc4as0IA"]},{"@type":"Person","@id":"https:\/\/www.cuballama.com\/noticias\/#\/schema\/person\/0f97914526a658755f00e59ec2a832f2","name":"Rafa","url":"https:\/\/www.cuballama.com\/noticias\/author\/rafa\/"}]}},"_links":{"self":[{"href":"https:\/\/www.cuballama.com\/noticias\/wp-json\/wp\/v2\/posts\/242911","targetHints":{"allow":["GET"]}}],"collection":[{"href":"https:\/\/www.cuballama.com\/noticias\/wp-json\/wp\/v2\/posts"}],"about":[{"href":"https:\/\/www.cuballama.com\/noticias\/wp-json\/wp\/v2\/types\/post"}],"author":[{"embeddable":true,"href":"https:\/\/www.cuballama.com\/noticias\/wp-json\/wp\/v2\/users\/27"}],"replies":[{"embeddable":true,"href":"https:\/\/www.cuballama.com\/noticias\/wp-json\/wp\/v2\/comments?post=242911"}],"version-history":[{"count":1,"href":"https:\/\/www.cuballama.com\/noticias\/wp-json\/wp\/v2\/posts\/242911\/revisions"}],"predecessor-version":[{"id":242919,"href":"https:\/\/www.cuballama.com\/noticias\/wp-json\/wp\/v2\/posts\/242911\/revisions\/242919"}],"wp:featuredmedia":[{"embeddable":true,"href":"https:\/\/www.cuballama.com\/noticias\/wp-json\/wp\/v2\/media\/242918"}],"wp:attachment":[{"href":"https:\/\/www.cuballama.com\/noticias\/wp-json\/wp\/v2\/media?parent=242911"}],"wp:term":[{"taxonomy":"category","embeddable":true,"href":"https:\/\/www.cuballama.com\/noticias\/wp-json\/wp\/v2\/categories?post=242911"},{"taxonomy":"post_tag","embeddable":true,"href":"https:\/\/www.cuballama.com\/noticias\/wp-json\/wp\/v2\/tags?post=242911"}],"curies":[{"name":"wp","href":"https:\/\/api.w.org\/{rel}","templated":true}]}}