{"id":242909,"date":"2026-04-29T17:22:56","date_gmt":"2026-04-29T21:22:56","guid":{"rendered":"https:\/\/www.cuballama.com\/noticias\/?p=242909"},"modified":"2026-04-29T17:22:59","modified_gmt":"2026-04-29T21:22:59","slug":"la-pantera-vuelve-a-espana-y-la-flecha-dice-adios-al-beisbol-mexicano-dos-cubanos-en-las-noticias-del-deporte","status":"publish","type":"post","link":"https:\/\/www.cuballama.com\/noticias\/la-pantera-vuelve-a-espana-y-la-flecha-dice-adios-al-beisbol-mexicano-dos-cubanos-en-las-noticias-del-deporte\/","title":{"rendered":"La &#8216;Pantera&#8217; vuelve a Espa\u00f1a y la &#8216;Flecha&#8217; dice adi\u00f3s al b\u00e9isbol mexicano: dos cubanos en las noticias del deporte"},"content":{"rendered":"\n<h2 class=\"wp-block-heading\">La cubana Arlenis Sierra competir\u00e1 en La Vuelta Femenina 2026 con el Movistar mientras Roel Santos causa baja en los Olmecas de Tabasco tras seis a\u00f1os . Dos cubanos en el deporte internacional esta semana.<\/h2>\n\n\n\n<p>Esta semana el deporte cubano en el exterior apareci\u00f3 en las noticias desde dos \u00e1ngulos completamente distintos. En Espa\u00f1a, la ciclista Arlenis Sierra \u2014 la \u00abPantera\u00bb de Manzanillo, 55 victorias profesionales acumuladas \u2014 fue confirmada en la alineaci\u00f3n del Movistar Team para La Vuelta Femenina 2026, que arranca el 3 de mayo. En M\u00e9xico, los Olmecas de Tabasco anunciaron la baja del jardinero Roel Santos \u2014 la \u00abFlecha Cubana\u00bb de Niquero, seis a\u00f1os siendo el favorito absoluto de la afici\u00f3n tabasque\u00f1a \u2014 y las redes sociales del equipo estallaron en cuesti\u00f3n de horas.<\/p>\n\n\n\n<h3 class=\"wp-block-heading\">Arlenis Sierra: la Pantera vuelve a Espa\u00f1a<\/h3>\n\n\n\n<p>Arlenis Sierra tiene 33 a\u00f1os, naci\u00f3 en Manzanillo y empez\u00f3 a pedalear a los 9 en las pistas de tierra de Granma. Lo que construy\u00f3 desde all\u00ed es una de las trayectorias m\u00e1s s\u00f3lidas del ciclismo femenino mundial en la \u00faltima d\u00e9cada: campeona nacional cubana, medallista en Mundiales sub-17 y junior, figura del vel\u00f3dromo hasta 2016 y luego reconvertida en una de las mejores velocistas y rodadoras del WorldTour europeo.<\/p>\n\n\n\n<p>Desde que se incorpor\u00f3 al Movistar Team en 2022, Sierra ha ganado siete t\u00edtulos con el equipo espa\u00f1ol, incluyendo una victoria en el WorldTour en el Tour de Romandie, el t\u00edtulo general y dos etapas en la Vuelta a Andaluc\u00eda, y el doblete carretera-contrarreloj en los Juegos Centroamericanos y del Caribe. En total, su palmar\u00e9s suma 55 victorias profesionales. En la Par\u00eds-Roubaix Femmes de este a\u00f1o \u2014 la cl\u00e1sica de los adoquines, una de las m\u00e1s duras del calendario \u2014 termin\u00f3 en el Top 10.<\/p>\n\n\n\n<p><a href=\"https:\/\/www.infobae.com\/america\/agencias\/2026\/04\/29\/la-cubana-arlenis-sierra-en-el-movistar-liderado-por-la-alemana-lippert-para-la-vuelta\/\" target=\"_blank\" rel=\"noreferrer noopener nofollow\">Para La Vuelta Femenina 2026, el Movistar la coloca en un papel espec\u00edfico<\/a>: las cinco primeras etapas, con recorridos en Galicia y Castilla y Le\u00f3n favorables para velocistas capaces de superar repechos, son su terreno. El equipo llega sin su l\u00edder habitual Marlen Reusser, que se recupera de una fractura vertebral, por lo que la responsabilidad se distribuye entre Liane Lippert para la clasificaci\u00f3n general y Sierra para las etapas de llegada masiva. La carrera concluye el 9 de mayo en el m\u00edtico Alto de L&#8217;Angliru. La \u00abPantera\u00bb no llega ese d\u00eda a meta \u2014 pero puede llegar a otras cinco.<\/p>\n\n\n\n<h3 class=\"wp-block-heading\">Roel Santos: la despedida que la afici\u00f3n no quer\u00eda<\/h3>\n\n\n\n<p>A 9,000 kil\u00f3metros de los puertos gallegos, en Villahermosa, Tabasco, la noticia de la semana en el b\u00e9isbol mexicano fue la contraria: una despedida. Los Olmecas anunciaron la baja del jardinero cubano Roel Santos, 38 a\u00f1os, originario de Niquero, que lleg\u00f3 al equipo en 2019 y se convirti\u00f3 en uno de los jugadores m\u00e1s queridos de la franquicia en sus seis a\u00f1os de historia.<\/p>\n\n\n\n<p>Los n\u00fameros avalan el cari\u00f1o de la afici\u00f3n. En 271 juegos con Tabasco, Santos conect\u00f3 368 imparables, 63 dobles, 20 triples \u2014 segundo en la historia de la franquicia en esa categor\u00eda, solo superado por \u00d3scar Fentanes \u2014 22 jonrones, 51 bases robadas y 121 carreras impulsadas. Fue el primer bate del equipo y uno de sus l\u00edderes en el jard\u00edn. En Tabasco lo llamaban la \u00abFlecha Cubana.\u00bb<\/p>\n\n\n\n<p><a href=\"https:\/\/www.xevt.com\/deportes\/olmecas-anuncia-baja-de-roel-santos-y-la-aficion-se-pronuncia-en-redes-sociales\/422662\" target=\"_blank\" rel=\"noreferrer noopener nofollow\">La reacci\u00f3n de la afici\u00f3n en redes fue contundente<\/a>: m\u00e1s de mil interacciones y alrededor de 700 comentarios en <em><a href=\"https:\/\/www.facebook.com\/ClubOlmecasTabasco\/posts\/pfbid023uWEG7DtfvWaD1EAJAf6VTZZvqBymU24unZLWbrHRZKDAsQXtUaNLKN6DHLw4mNvl\" target=\"_blank\" rel=\"noreferrer noopener\">Facebook<\/a><\/em> e Instagram en pocas horas, con 162 reacciones de enojo, 56 de asombro y 46 de tristeza como indicadores del estado de \u00e1nimo colectivo. <\/p>\n\n\n\n<iframe loading=\"lazy\" src=\"https:\/\/www.facebook.com\/plugins\/post.php?href=https%3A%2F%2Fwww.facebook.com%2FClubOlmecasTabasco%2Fposts%2Fpfbid023uWEG7DtfvWaD1EAJAf6VTZZvqBymU24unZLWbrHRZKDAsQXtUaNLKN6DHLw4mNvl&#038;show_text=true&#038;width=500\" width=\"500\" height=\"659\" style=\"border:none;overflow:hidden\" scrolling=\"no\" frameborder=\"0\" allowfullscreen=\"true\" allow=\"autoplay; clipboard-write; encrypted-media; picture-in-picture; web-share\"><\/iframe>\n\n\n\n<p>Los comentarios m\u00e1s vistos fueron directos: \u00abLo mejor que ten\u00edan y lo dejan ir\u00bb, \u00abDejaste ir a tu primer bate, un jugador que daba todo por el equipo\u00bb, \u00abLa afici\u00f3n quiere una explicaci\u00f3n\u00bb y \u00abQue corran al m\u00e1nager.\u00bb El mensaje que m\u00e1s llam\u00f3 la atenci\u00f3n fue el de Raico Santos, primo de Roel y exjugador de los propios Olmecas: se limit\u00f3 a escribir \u00abSin comentarios.\u00bb Tres palabras que lo dijeron todo.<\/p>\n\n\n\n<figure class=\"wp-block-image\"><img loading=\"lazy\" decoding=\"async\" width=\"1024\" height=\"838\" src=\"https:\/\/cdn1.mediawpaccore.net\/wp-content\/uploads\/2026\/04\/29105225\/image-154-1024x838.png\" alt=\"\" class=\"wp-image-242912\" srcset=\"https:\/\/cdn1.mediawpaccore.net\/wp-content\/uploads\/2026\/04\/29105225\/image-154-1024x838.png 1024w, https:\/\/cdn1.mediawpaccore.net\/wp-content\/uploads\/2026\/04\/29105225\/image-154-300x246.png 300w, https:\/\/cdn1.mediawpaccore.net\/wp-content\/uploads\/2026\/04\/29105225\/image-154-768x629.png 768w, https:\/\/cdn1.mediawpaccore.net\/wp-content\/uploads\/2026\/04\/29105225\/image-154-1536x1257.png 1536w, https:\/\/cdn1.mediawpaccore.net\/wp-content\/uploads\/2026\/04\/29105225\/image-154-513x420.png 513w, https:\/\/cdn1.mediawpaccore.net\/wp-content\/uploads\/2026\/04\/29105225\/image-154-150x123.png 150w, https:\/\/cdn1.mediawpaccore.net\/wp-content\/uploads\/2026\/04\/29105225\/image-154-696x570.png 696w, https:\/\/cdn1.mediawpaccore.net\/wp-content\/uploads\/2026\/04\/29105225\/image-154-1068x874.png 1068w, https:\/\/cdn1.mediawpaccore.net\/wp-content\/uploads\/2026\/04\/29105225\/image-154.png 1796w\" sizes=\"auto, (max-width: 1024px) 100vw, 1024px\" \/><figcaption class=\"wp-element-caption\">Comentarios recogidos por https:\/\/www.xevt.com\/<\/figcaption><\/figure>\n\n\n\n<p>Junto a Santos tambi\u00e9n sali\u00f3 el lanzador dominicano Michael Feliz, quien en 4.2 entradas lanzadas acumul\u00f3 una efectividad de 11.57. En su lugar entraron el reci\u00e9n llegado Brian McKenna, el cubano Yoennis Yera y el hist\u00f3rico Fernando Salas. El equipo se renueva. La afici\u00f3n, de momento, no lo acepta.<\/p>\n","protected":false},"excerpt":{"rendered":"<p>La ciclista cubana Arlenis Sierra, 55 victorias y una de las mejores velocistas del pelot\u00f3n mundial, competir\u00e1 en La Vuelta Femenina 2026 del 3 al 9 de mayo con el Movistar Team. En el b\u00e9isbol mexicano, los Olmecas de Tabasco anunciaron la baja del jardinero cubano Roel Santos tras seis temporadas, desatando la indignaci\u00f3n de la afici\u00f3n. Dos noticias opuestas, dos cubanos en el centro de atenci\u00f3n.<\/p>\n","protected":false},"author":13,"featured_media":242916,"comment_status":"open","ping_status":"closed","sticky":false,"template":"","format":"standard","meta":{"_acf_changed":false,"footnotes":""},"categories":[21,18,955],"tags":[32370,12446,586,32368,32371,32369],"class_list":{"0":"post-242909","1":"post","2":"type-post","3":"status-publish","4":"format-standard","5":"has-post-thumbnail","7":"category-deportes","8":"category-noticias","9":"category-noticias-de-cuba","10":"tag-arlenis-sierra","11":"tag-beisbol-cubano-2","12":"tag-deportistas-cubanos","13":"tag-olmecas","14":"tag-roel-santos","15":"tag-vuelta-femenina"},"acf":[],"yoast_head":"<!-- This site is optimized with the Yoast SEO plugin v27.4 - https:\/\/yoast.com\/product\/yoast-seo-wordpress\/ -->\n<title>La &#039;Pantera&#039; vuelve a Espa\u00f1a y la &#039;Flecha&#039; dice adi\u00f3s al b\u00e9isbol mexicano: dos cubanos en las noticias del deporte - Cuballama Noticias<\/title>\n<meta name=\"description\" content=\"Arlenis Sierra en La Vuelta Femenina de Espa\u00f1a y Roel Santos sale de los Olmecas: dos cubanos en el deporte\" \/>\n<meta name=\"robots\" content=\"index, follow, max-snippet:-1, max-image-preview:large, max-video-preview:-1\" \/>\n<link rel=\"canonical\" href=\"https:\/\/www.cuballama.com\/noticias\/la-pantera-vuelve-a-espana-y-la-flecha-dice-adios-al-beisbol-mexicano-dos-cubanos-en-las-noticias-del-deporte\/\" \/>\n<meta property=\"og:locale\" content=\"es_ES\" \/>\n<meta property=\"og:type\" content=\"article\" \/>\n<meta property=\"og:title\" content=\"La &#039;Pantera&#039; vuelve a Espa\u00f1a y la &#039;Flecha&#039; dice adi\u00f3s al b\u00e9isbol mexicano: dos cubanos en las noticias del deporte - Cuballama Noticias\" \/>\n<meta property=\"og:description\" content=\"Arlenis Sierra en La Vuelta Femenina de Espa\u00f1a y Roel Santos sale de los Olmecas: dos cubanos en el deporte\" \/>\n<meta property=\"og:url\" content=\"https:\/\/www.cuballama.com\/noticias\/la-pantera-vuelve-a-espana-y-la-flecha-dice-adios-al-beisbol-mexicano-dos-cubanos-en-las-noticias-del-deporte\/\" \/>\n<meta property=\"og:site_name\" content=\"Cuballama Noticias\" \/>\n<meta property=\"article:publisher\" content=\"https:\/\/www.facebook.com\/CubaLlama\" \/>\n<meta property=\"article:published_time\" content=\"2026-04-29T21:22:56+00:00\" \/>\n<meta property=\"article:modified_time\" content=\"2026-04-29T21:22:59+00:00\" \/>\n<meta property=\"og:image\" content=\"https:\/\/cdn1.mediawpaccore.net\/wp-content\/uploads\/2026\/04\/29110144\/image-155-1024x537.png\" \/>\n\t<meta property=\"og:image:width\" content=\"1024\" \/>\n\t<meta property=\"og:image:height\" content=\"537\" \/>\n\t<meta property=\"og:image:type\" content=\"image\/png\" \/>\n<meta name=\"author\" content=\"Roberto A.\" \/>\n<meta name=\"twitter:card\" content=\"summary_large_image\" \/>\n<meta name=\"twitter:creator\" content=\"@cuballama\" \/>\n<meta name=\"twitter:site\" content=\"@cuballama\" \/>\n<meta name=\"twitter:label1\" content=\"Escrito por\" \/>\n\t<meta name=\"twitter:data1\" content=\"Roberto A.\" \/>\n\t<meta name=\"twitter:label2\" content=\"Tiempo de lectura\" \/>\n\t<meta name=\"twitter:data2\" content=\"4 minutos\" \/>\n<script type=\"application\/ld+json\" class=\"yoast-schema-graph\">{\"@context\":\"https:\\\/\\\/schema.org\",\"@graph\":[{\"@type\":\"Article\",\"@id\":\"https:\\\/\\\/www.cuballama.com\\\/noticias\\\/la-pantera-vuelve-a-espana-y-la-flecha-dice-adios-al-beisbol-mexicano-dos-cubanos-en-las-noticias-del-deporte\\\/#article\",\"isPartOf\":{\"@id\":\"https:\\\/\\\/www.cuballama.com\\\/noticias\\\/la-pantera-vuelve-a-espana-y-la-flecha-dice-adios-al-beisbol-mexicano-dos-cubanos-en-las-noticias-del-deporte\\\/\"},\"author\":{\"name\":\"Roberto A.\",\"@id\":\"https:\\\/\\\/www.cuballama.com\\\/noticias\\\/#\\\/schema\\\/person\\\/a58502ed4146c8e9f83872e897c76cd2\"},\"headline\":\"La &#8216;Pantera&#8217; vuelve a Espa\u00f1a y la &#8216;Flecha&#8217; dice adi\u00f3s al b\u00e9isbol mexicano: dos cubanos en las noticias del deporte\",\"datePublished\":\"2026-04-29T21:22:56+00:00\",\"dateModified\":\"2026-04-29T21:22:59+00:00\",\"mainEntityOfPage\":{\"@id\":\"https:\\\/\\\/www.cuballama.com\\\/noticias\\\/la-pantera-vuelve-a-espana-y-la-flecha-dice-adios-al-beisbol-mexicano-dos-cubanos-en-las-noticias-del-deporte\\\/\"},\"wordCount\":744,\"commentCount\":0,\"publisher\":{\"@id\":\"https:\\\/\\\/www.cuballama.com\\\/noticias\\\/#organization\"},\"image\":{\"@id\":\"https:\\\/\\\/www.cuballama.com\\\/noticias\\\/la-pantera-vuelve-a-espana-y-la-flecha-dice-adios-al-beisbol-mexicano-dos-cubanos-en-las-noticias-del-deporte\\\/#primaryimage\"},\"thumbnailUrl\":\"https:\\\/\\\/cdn1.mediawpaccore.net\\\/wp-content\\\/uploads\\\/2026\\\/04\\\/29110144\\\/image-155.png\",\"keywords\":[\"Arlenis Sierra\",\"b\u00e9isbol cubano\",\"Deportistas cubanos\",\"Olmecas\",\"Roel Santos\",\"Vuelta Femenina\"],\"articleSection\":[\"Deportes\",\"Noticias\",\"Noticias de Cuba\"],\"inLanguage\":\"es\",\"potentialAction\":[{\"@type\":\"CommentAction\",\"name\":\"Comment\",\"target\":[\"https:\\\/\\\/www.cuballama.com\\\/noticias\\\/la-pantera-vuelve-a-espana-y-la-flecha-dice-adios-al-beisbol-mexicano-dos-cubanos-en-las-noticias-del-deporte\\\/#respond\"]}]},{\"@type\":\"WebPage\",\"@id\":\"https:\\\/\\\/www.cuballama.com\\\/noticias\\\/la-pantera-vuelve-a-espana-y-la-flecha-dice-adios-al-beisbol-mexicano-dos-cubanos-en-las-noticias-del-deporte\\\/\",\"url\":\"https:\\\/\\\/www.cuballama.com\\\/noticias\\\/la-pantera-vuelve-a-espana-y-la-flecha-dice-adios-al-beisbol-mexicano-dos-cubanos-en-las-noticias-del-deporte\\\/\",\"name\":\"La 'Pantera' vuelve a Espa\u00f1a y la 'Flecha' dice adi\u00f3s al b\u00e9isbol mexicano: dos cubanos en las noticias del deporte - Cuballama Noticias\",\"isPartOf\":{\"@id\":\"https:\\\/\\\/www.cuballama.com\\\/noticias\\\/#website\"},\"primaryImageOfPage\":{\"@id\":\"https:\\\/\\\/www.cuballama.com\\\/noticias\\\/la-pantera-vuelve-a-espana-y-la-flecha-dice-adios-al-beisbol-mexicano-dos-cubanos-en-las-noticias-del-deporte\\\/#primaryimage\"},\"image\":{\"@id\":\"https:\\\/\\\/www.cuballama.com\\\/noticias\\\/la-pantera-vuelve-a-espana-y-la-flecha-dice-adios-al-beisbol-mexicano-dos-cubanos-en-las-noticias-del-deporte\\\/#primaryimage\"},\"thumbnailUrl\":\"https:\\\/\\\/cdn1.mediawpaccore.net\\\/wp-content\\\/uploads\\\/2026\\\/04\\\/29110144\\\/image-155.png\",\"datePublished\":\"2026-04-29T21:22:56+00:00\",\"dateModified\":\"2026-04-29T21:22:59+00:00\",\"description\":\"Arlenis Sierra en La Vuelta Femenina de Espa\u00f1a y Roel Santos sale de los Olmecas: dos cubanos en el deporte\",\"breadcrumb\":{\"@id\":\"https:\\\/\\\/www.cuballama.com\\\/noticias\\\/la-pantera-vuelve-a-espana-y-la-flecha-dice-adios-al-beisbol-mexicano-dos-cubanos-en-las-noticias-del-deporte\\\/#breadcrumb\"},\"inLanguage\":\"es\",\"potentialAction\":[{\"@type\":\"ReadAction\",\"target\":[\"https:\\\/\\\/www.cuballama.com\\\/noticias\\\/la-pantera-vuelve-a-espana-y-la-flecha-dice-adios-al-beisbol-mexicano-dos-cubanos-en-las-noticias-del-deporte\\\/\"]}]},{\"@type\":\"ImageObject\",\"inLanguage\":\"es\",\"@id\":\"https:\\\/\\\/www.cuballama.com\\\/noticias\\\/la-pantera-vuelve-a-espana-y-la-flecha-dice-adios-al-beisbol-mexicano-dos-cubanos-en-las-noticias-del-deporte\\\/#primaryimage\",\"url\":\"https:\\\/\\\/cdn1.mediawpaccore.net\\\/wp-content\\\/uploads\\\/2026\\\/04\\\/29110144\\\/image-155.png\",\"contentUrl\":\"https:\\\/\\\/cdn1.mediawpaccore.net\\\/wp-content\\\/uploads\\\/2026\\\/04\\\/29110144\\\/image-155.png\",\"width\":1971,\"height\":1033,\"caption\":\"Foto: Collage v\u00eda Redes Sociales (Roel Santos y Julio Lorente \\\/ Facebook)\"},{\"@type\":\"BreadcrumbList\",\"@id\":\"https:\\\/\\\/www.cuballama.com\\\/noticias\\\/la-pantera-vuelve-a-espana-y-la-flecha-dice-adios-al-beisbol-mexicano-dos-cubanos-en-las-noticias-del-deporte\\\/#breadcrumb\",\"itemListElement\":[{\"@type\":\"ListItem\",\"position\":1,\"name\":\"Home\",\"item\":\"https:\\\/\\\/www.cuballama.com\\\/noticias\\\/\"},{\"@type\":\"ListItem\",\"position\":2,\"name\":\"La &#8216;Pantera&#8217; vuelve a Espa\u00f1a y la &#8216;Flecha&#8217; dice adi\u00f3s al b\u00e9isbol mexicano: dos cubanos en las noticias del deporte\"}]},{\"@type\":\"WebSite\",\"@id\":\"https:\\\/\\\/www.cuballama.com\\\/noticias\\\/#website\",\"url\":\"https:\\\/\\\/www.cuballama.com\\\/noticias\\\/\",\"name\":\"Cuballama Noticias\",\"description\":\"Medio digital sobre Cuba y el mundo\",\"publisher\":{\"@id\":\"https:\\\/\\\/www.cuballama.com\\\/noticias\\\/#organization\"},\"potentialAction\":[{\"@type\":\"SearchAction\",\"target\":{\"@type\":\"EntryPoint\",\"urlTemplate\":\"https:\\\/\\\/www.cuballama.com\\\/noticias\\\/?s={search_term_string}\"},\"query-input\":{\"@type\":\"PropertyValueSpecification\",\"valueRequired\":true,\"valueName\":\"search_term_string\"}}],\"inLanguage\":\"es\"},{\"@type\":\"Organization\",\"@id\":\"https:\\\/\\\/www.cuballama.com\\\/noticias\\\/#organization\",\"name\":\"Cuballama\",\"url\":\"https:\\\/\\\/www.cuballama.com\\\/noticias\\\/\",\"logo\":{\"@type\":\"ImageObject\",\"inLanguage\":\"es\",\"@id\":\"https:\\\/\\\/www.cuballama.com\\\/noticias\\\/#\\\/schema\\\/logo\\\/image\\\/\",\"url\":\"https:\\\/\\\/cdn1.mediawpaccore.net\\\/wp-content\\\/uploads\\\/2021\\\/12\\\/28171206\\\/cbll-logo-color-sm.png\",\"contentUrl\":\"https:\\\/\\\/cdn1.mediawpaccore.net\\\/wp-content\\\/uploads\\\/2021\\\/12\\\/28171206\\\/cbll-logo-color-sm.png\",\"width\":600,\"height\":133,\"caption\":\"Cuballama\"},\"image\":{\"@id\":\"https:\\\/\\\/www.cuballama.com\\\/noticias\\\/#\\\/schema\\\/logo\\\/image\\\/\"},\"sameAs\":[\"https:\\\/\\\/www.facebook.com\\\/CubaLlama\",\"https:\\\/\\\/x.com\\\/cuballama\",\"https:\\\/\\\/www.instagram.com\\\/stories\\\/cuballama_oficial\\\/\",\"https:\\\/\\\/www.youtube.com\\\/channel\\\/UCKkFE-d_axENGZcrc4as0IA\"]},{\"@type\":\"Person\",\"@id\":\"https:\\\/\\\/www.cuballama.com\\\/noticias\\\/#\\\/schema\\\/person\\\/a58502ed4146c8e9f83872e897c76cd2\",\"name\":\"Roberto A.\",\"description\":\"Roberto A. Periodista por decisi\u00f3n propia. Interesado en cualquier tema que me apasione y cada vez m\u00e1s comprometido con la verdad y la objetividad period\u00edstica. Graduado en La Habana hace ya muchos a\u00f1os, luego de una accidentada y polvorienta b\u00fasqueda de informaci\u00f3n sobre un tema in\u00e9dito. La Tesis, por cierto, desapareci\u00f3 de la biblioteca y no se conservan copias de la misma.\",\"url\":\"https:\\\/\\\/www.cuballama.com\\\/noticias\\\/author\\\/roberto\\\/\"}]}<\/script>\n<!-- \/ Yoast SEO plugin. -->","yoast_head_json":{"title":"La 'Pantera' vuelve a Espa\u00f1a y la 'Flecha' dice adi\u00f3s al b\u00e9isbol mexicano: dos cubanos en las noticias del deporte - Cuballama Noticias","description":"Arlenis Sierra en La Vuelta Femenina de Espa\u00f1a y Roel Santos sale de los Olmecas: dos cubanos en el deporte","robots":{"index":"index","follow":"follow","max-snippet":"max-snippet:-1","max-image-preview":"max-image-preview:large","max-video-preview":"max-video-preview:-1"},"canonical":"https:\/\/www.cuballama.com\/noticias\/la-pantera-vuelve-a-espana-y-la-flecha-dice-adios-al-beisbol-mexicano-dos-cubanos-en-las-noticias-del-deporte\/","og_locale":"es_ES","og_type":"article","og_title":"La 'Pantera' vuelve a Espa\u00f1a y la 'Flecha' dice adi\u00f3s al b\u00e9isbol mexicano: dos cubanos en las noticias del deporte - Cuballama Noticias","og_description":"Arlenis Sierra en La Vuelta Femenina de Espa\u00f1a y Roel Santos sale de los Olmecas: dos cubanos en el deporte","og_url":"https:\/\/www.cuballama.com\/noticias\/la-pantera-vuelve-a-espana-y-la-flecha-dice-adios-al-beisbol-mexicano-dos-cubanos-en-las-noticias-del-deporte\/","og_site_name":"Cuballama Noticias","article_publisher":"https:\/\/www.facebook.com\/CubaLlama","article_published_time":"2026-04-29T21:22:56+00:00","article_modified_time":"2026-04-29T21:22:59+00:00","og_image":[{"width":1024,"height":537,"url":"https:\/\/cdn1.mediawpaccore.net\/wp-content\/uploads\/2026\/04\/29110144\/image-155-1024x537.png","type":"image\/png"}],"author":"Roberto A.","twitter_card":"summary_large_image","twitter_creator":"@cuballama","twitter_site":"@cuballama","twitter_misc":{"Escrito por":"Roberto A.","Tiempo de lectura":"4 minutos"},"schema":{"@context":"https:\/\/schema.org","@graph":[{"@type":"Article","@id":"https:\/\/www.cuballama.com\/noticias\/la-pantera-vuelve-a-espana-y-la-flecha-dice-adios-al-beisbol-mexicano-dos-cubanos-en-las-noticias-del-deporte\/#article","isPartOf":{"@id":"https:\/\/www.cuballama.com\/noticias\/la-pantera-vuelve-a-espana-y-la-flecha-dice-adios-al-beisbol-mexicano-dos-cubanos-en-las-noticias-del-deporte\/"},"author":{"name":"Roberto A.","@id":"https:\/\/www.cuballama.com\/noticias\/#\/schema\/person\/a58502ed4146c8e9f83872e897c76cd2"},"headline":"La &#8216;Pantera&#8217; vuelve a Espa\u00f1a y la &#8216;Flecha&#8217; dice adi\u00f3s al b\u00e9isbol mexicano: dos cubanos en las noticias del deporte","datePublished":"2026-04-29T21:22:56+00:00","dateModified":"2026-04-29T21:22:59+00:00","mainEntityOfPage":{"@id":"https:\/\/www.cuballama.com\/noticias\/la-pantera-vuelve-a-espana-y-la-flecha-dice-adios-al-beisbol-mexicano-dos-cubanos-en-las-noticias-del-deporte\/"},"wordCount":744,"commentCount":0,"publisher":{"@id":"https:\/\/www.cuballama.com\/noticias\/#organization"},"image":{"@id":"https:\/\/www.cuballama.com\/noticias\/la-pantera-vuelve-a-espana-y-la-flecha-dice-adios-al-beisbol-mexicano-dos-cubanos-en-las-noticias-del-deporte\/#primaryimage"},"thumbnailUrl":"https:\/\/cdn1.mediawpaccore.net\/wp-content\/uploads\/2026\/04\/29110144\/image-155.png","keywords":["Arlenis Sierra","b\u00e9isbol cubano","Deportistas cubanos","Olmecas","Roel Santos","Vuelta Femenina"],"articleSection":["Deportes","Noticias","Noticias de Cuba"],"inLanguage":"es","potentialAction":[{"@type":"CommentAction","name":"Comment","target":["https:\/\/www.cuballama.com\/noticias\/la-pantera-vuelve-a-espana-y-la-flecha-dice-adios-al-beisbol-mexicano-dos-cubanos-en-las-noticias-del-deporte\/#respond"]}]},{"@type":"WebPage","@id":"https:\/\/www.cuballama.com\/noticias\/la-pantera-vuelve-a-espana-y-la-flecha-dice-adios-al-beisbol-mexicano-dos-cubanos-en-las-noticias-del-deporte\/","url":"https:\/\/www.cuballama.com\/noticias\/la-pantera-vuelve-a-espana-y-la-flecha-dice-adios-al-beisbol-mexicano-dos-cubanos-en-las-noticias-del-deporte\/","name":"La 'Pantera' vuelve a Espa\u00f1a y la 'Flecha' dice adi\u00f3s al b\u00e9isbol mexicano: dos cubanos en las noticias del deporte - Cuballama Noticias","isPartOf":{"@id":"https:\/\/www.cuballama.com\/noticias\/#website"},"primaryImageOfPage":{"@id":"https:\/\/www.cuballama.com\/noticias\/la-pantera-vuelve-a-espana-y-la-flecha-dice-adios-al-beisbol-mexicano-dos-cubanos-en-las-noticias-del-deporte\/#primaryimage"},"image":{"@id":"https:\/\/www.cuballama.com\/noticias\/la-pantera-vuelve-a-espana-y-la-flecha-dice-adios-al-beisbol-mexicano-dos-cubanos-en-las-noticias-del-deporte\/#primaryimage"},"thumbnailUrl":"https:\/\/cdn1.mediawpaccore.net\/wp-content\/uploads\/2026\/04\/29110144\/image-155.png","datePublished":"2026-04-29T21:22:56+00:00","dateModified":"2026-04-29T21:22:59+00:00","description":"Arlenis Sierra en La Vuelta Femenina de Espa\u00f1a y Roel Santos sale de los Olmecas: dos cubanos en el deporte","breadcrumb":{"@id":"https:\/\/www.cuballama.com\/noticias\/la-pantera-vuelve-a-espana-y-la-flecha-dice-adios-al-beisbol-mexicano-dos-cubanos-en-las-noticias-del-deporte\/#breadcrumb"},"inLanguage":"es","potentialAction":[{"@type":"ReadAction","target":["https:\/\/www.cuballama.com\/noticias\/la-pantera-vuelve-a-espana-y-la-flecha-dice-adios-al-beisbol-mexicano-dos-cubanos-en-las-noticias-del-deporte\/"]}]},{"@type":"ImageObject","inLanguage":"es","@id":"https:\/\/www.cuballama.com\/noticias\/la-pantera-vuelve-a-espana-y-la-flecha-dice-adios-al-beisbol-mexicano-dos-cubanos-en-las-noticias-del-deporte\/#primaryimage","url":"https:\/\/cdn1.mediawpaccore.net\/wp-content\/uploads\/2026\/04\/29110144\/image-155.png","contentUrl":"https:\/\/cdn1.mediawpaccore.net\/wp-content\/uploads\/2026\/04\/29110144\/image-155.png","width":1971,"height":1033,"caption":"Foto: Collage v\u00eda Redes Sociales (Roel Santos y Julio Lorente \/ Facebook)"},{"@type":"BreadcrumbList","@id":"https:\/\/www.cuballama.com\/noticias\/la-pantera-vuelve-a-espana-y-la-flecha-dice-adios-al-beisbol-mexicano-dos-cubanos-en-las-noticias-del-deporte\/#breadcrumb","itemListElement":[{"@type":"ListItem","position":1,"name":"Home","item":"https:\/\/www.cuballama.com\/noticias\/"},{"@type":"ListItem","position":2,"name":"La &#8216;Pantera&#8217; vuelve a Espa\u00f1a y la &#8216;Flecha&#8217; dice adi\u00f3s al b\u00e9isbol mexicano: dos cubanos en las noticias del deporte"}]},{"@type":"WebSite","@id":"https:\/\/www.cuballama.com\/noticias\/#website","url":"https:\/\/www.cuballama.com\/noticias\/","name":"Cuballama Noticias","description":"Medio digital sobre Cuba y el mundo","publisher":{"@id":"https:\/\/www.cuballama.com\/noticias\/#organization"},"potentialAction":[{"@type":"SearchAction","target":{"@type":"EntryPoint","urlTemplate":"https:\/\/www.cuballama.com\/noticias\/?s={search_term_string}"},"query-input":{"@type":"PropertyValueSpecification","valueRequired":true,"valueName":"search_term_string"}}],"inLanguage":"es"},{"@type":"Organization","@id":"https:\/\/www.cuballama.com\/noticias\/#organization","name":"Cuballama","url":"https:\/\/www.cuballama.com\/noticias\/","logo":{"@type":"ImageObject","inLanguage":"es","@id":"https:\/\/www.cuballama.com\/noticias\/#\/schema\/logo\/image\/","url":"https:\/\/cdn1.mediawpaccore.net\/wp-content\/uploads\/2021\/12\/28171206\/cbll-logo-color-sm.png","contentUrl":"https:\/\/cdn1.mediawpaccore.net\/wp-content\/uploads\/2021\/12\/28171206\/cbll-logo-color-sm.png","width":600,"height":133,"caption":"Cuballama"},"image":{"@id":"https:\/\/www.cuballama.com\/noticias\/#\/schema\/logo\/image\/"},"sameAs":["https:\/\/www.facebook.com\/CubaLlama","https:\/\/x.com\/cuballama","https:\/\/www.instagram.com\/stories\/cuballama_oficial\/","https:\/\/www.youtube.com\/channel\/UCKkFE-d_axENGZcrc4as0IA"]},{"@type":"Person","@id":"https:\/\/www.cuballama.com\/noticias\/#\/schema\/person\/a58502ed4146c8e9f83872e897c76cd2","name":"Roberto A.","description":"Roberto A. Periodista por decisi\u00f3n propia. Interesado en cualquier tema que me apasione y cada vez m\u00e1s comprometido con la verdad y la objetividad period\u00edstica. Graduado en La Habana hace ya muchos a\u00f1os, luego de una accidentada y polvorienta b\u00fasqueda de informaci\u00f3n sobre un tema in\u00e9dito. La Tesis, por cierto, desapareci\u00f3 de la biblioteca y no se conservan copias de la misma.","url":"https:\/\/www.cuballama.com\/noticias\/author\/roberto\/"}]}},"_links":{"self":[{"href":"https:\/\/www.cuballama.com\/noticias\/wp-json\/wp\/v2\/posts\/242909","targetHints":{"allow":["GET"]}}],"collection":[{"href":"https:\/\/www.cuballama.com\/noticias\/wp-json\/wp\/v2\/posts"}],"about":[{"href":"https:\/\/www.cuballama.com\/noticias\/wp-json\/wp\/v2\/types\/post"}],"author":[{"embeddable":true,"href":"https:\/\/www.cuballama.com\/noticias\/wp-json\/wp\/v2\/users\/13"}],"replies":[{"embeddable":true,"href":"https:\/\/www.cuballama.com\/noticias\/wp-json\/wp\/v2\/comments?post=242909"}],"version-history":[{"count":4,"href":"https:\/\/www.cuballama.com\/noticias\/wp-json\/wp\/v2\/posts\/242909\/revisions"}],"predecessor-version":[{"id":242917,"href":"https:\/\/www.cuballama.com\/noticias\/wp-json\/wp\/v2\/posts\/242909\/revisions\/242917"}],"wp:featuredmedia":[{"embeddable":true,"href":"https:\/\/www.cuballama.com\/noticias\/wp-json\/wp\/v2\/media\/242916"}],"wp:attachment":[{"href":"https:\/\/www.cuballama.com\/noticias\/wp-json\/wp\/v2\/media?parent=242909"}],"wp:term":[{"taxonomy":"category","embeddable":true,"href":"https:\/\/www.cuballama.com\/noticias\/wp-json\/wp\/v2\/categories?post=242909"},{"taxonomy":"post_tag","embeddable":true,"href":"https:\/\/www.cuballama.com\/noticias\/wp-json\/wp\/v2\/tags?post=242909"}],"curies":[{"name":"wp","href":"https:\/\/api.w.org\/{rel}","templated":true}]}}