{"id":242886,"date":"2026-04-29T11:50:24","date_gmt":"2026-04-29T15:50:24","guid":{"rendered":"https:\/\/www.cuballama.com\/noticias\/?p=242886"},"modified":"2026-04-29T11:50:26","modified_gmt":"2026-04-29T15:50:26","slug":"hijo-de-huber-matos-cuenta-por-que-fidel-castro-traiciono-a-su-padre","status":"publish","type":"post","link":"https:\/\/www.cuballama.com\/noticias\/hijo-de-huber-matos-cuenta-por-que-fidel-castro-traiciono-a-su-padre\/","title":{"rendered":"Hijo de Huber Matos cuenta por qu\u00e9 Fidel Castro traicion\u00f3 a su padre"},"content":{"rendered":"\n<p>Huber Matos Junior, hijo del hist\u00f3rico comandante de la Revoluci\u00f3n cubana convertido en disidente, ofreci\u00f3 una de las versiones m\u00e1s directas sobre la ruptura entre su padre y Fidel Castro. En una entrevista publicada por el diario italiano <em><a href=\"https:\/\/www.iltempo.it\/esteri\/2026\/04\/29\/news\/huber-matos-junior-mio-padre-tradito-fidel-castro-cuba-libera-47477193\/\" target=\"_blank\" rel=\"noreferrer noopener nofollow\">Il Tempo<\/a><\/em>, sostiene que la traici\u00f3n no fue un episodio puntual, sino una decisi\u00f3n temprana del propio Castro de apartarse de los principios democr\u00e1ticos que hab\u00edan prometido durante la lucha contra Batista.<\/p>\n\n\n\n<p>Seg\u00fan el testimonio, el momento clave ocurri\u00f3 poco despu\u00e9s del triunfo revolucionario de enero de 1959. Durante un viaje en autom\u00f3vil tras una ceremonia oficial, Huber Matos cuestion\u00f3 a Fidel sobre promesas hechas durante la guerra, entre ellas la participaci\u00f3n de los trabajadores en las ganancias econ\u00f3micas. La respuesta de Castro, recuerda su hijo, fue reveladora: advirti\u00f3 que no pod\u00eda permitir libertades econ\u00f3micas porque eso llevar\u00eda inevitablemente a exigir libertades pol\u00edticas . Para Matos, ese intercambio marc\u00f3 el inicio de la ruptura, al evidenciar que el rumbo del nuevo gobierno no ser\u00eda democr\u00e1tico.<\/p>\n\n\n\n<p>Huber Matos hab\u00eda sido uno de los comandantes que combati\u00f3 junto a Fidel y Ra\u00fal Castro, as\u00ed como con figuras como Che Guevara y Camilo Cienfuegos. Sin embargo, su rechazo a la creciente influencia comunista lo llev\u00f3 a presentar su renuncia en octubre de 1959 mediante una carta en la que acusaba directamente a Castro de traicionar los ideales por los que hab\u00edan luchado. La respuesta fue inmediata: fue arrestado y posteriormente condenado a 20 a\u00f1os de prisi\u00f3n .<\/p>\n\n\n\n<figure class=\"wp-block-image size-full\"><img loading=\"lazy\" decoding=\"async\" width=\"639\" height=\"486\" src=\"https:\/\/cdn1.mediawpaccore.net\/wp-content\/uploads\/2026\/04\/29101456\/Arresto_de_Huber_Matos.webp\" alt=\"\" class=\"wp-image-242895\" srcset=\"https:\/\/cdn1.mediawpaccore.net\/wp-content\/uploads\/2026\/04\/29101456\/Arresto_de_Huber_Matos.webp 639w, https:\/\/cdn1.mediawpaccore.net\/wp-content\/uploads\/2026\/04\/29101456\/Arresto_de_Huber_Matos-300x228.webp 300w, https:\/\/cdn1.mediawpaccore.net\/wp-content\/uploads\/2026\/04\/29101456\/Arresto_de_Huber_Matos-552x420.webp 552w, https:\/\/cdn1.mediawpaccore.net\/wp-content\/uploads\/2026\/04\/29101456\/Arresto_de_Huber_Matos-80x60.webp 80w, https:\/\/cdn1.mediawpaccore.net\/wp-content\/uploads\/2026\/04\/29101456\/Arresto_de_Huber_Matos-150x114.webp 150w\" sizes=\"auto, (max-width: 639px) 100vw, 639px\" \/><figcaption class=\"wp-element-caption\">Foto del momento en que Huber Matos fue arrestado. Fecha 21 de octubre de 1959. Fuente https:\/\/www.cubanet.org\/actualidad-destacados\/sesenta-anos-del-juicio-a-huber-matos-cuba\/<br>Autor Desconocido. Licencia: Dominio P\u00fablico. (Esta obra fue creada en Cuba y ahora se encuentra en dominio p\u00fablico porque su plazo de copyright ha expirado. Seg\u00fan la ley cubana #14 y modificaciones posteriores)<\/figcaption><\/figure>\n\n\n\n<p>El hijo del dirigente explica que, pese a la dureza del castigo, su padre nunca abandon\u00f3 sus convicciones. Atribuye su resistencia a un \u201cprofundo idealismo\u201d y a una lealtad absoluta hacia el pueblo cubano, valores que, seg\u00fan relata, transmit\u00eda constantemente a su familia incluso desde la c\u00e1rcel . Durante dos d\u00e9cadas de encierro, Matos se convirti\u00f3 en uno de los primeros grandes s\u00edmbolos de la disidencia cubana.<\/p>\n\n\n\n<p>La entrevista tambi\u00e9n aborda un punto que durante a\u00f1os ha generado debate: por qu\u00e9 Fidel Castro no orden\u00f3 su ejecuci\u00f3n, como ocurri\u00f3 con otros opositores en los primeros a\u00f1os de la Revoluci\u00f3n. Seg\u00fan Huber Matos Junior, la decisi\u00f3n respondi\u00f3 a un c\u00e1lculo pol\u00edtico. Castro tem\u00eda convertirlo en un m\u00e1rtir, algo que pod\u00eda generar rechazo dentro del propio gobierno. De hecho, asegura que el propio Che Guevara habr\u00eda advertido que insistir en su fusilamiento podr\u00eda provocar una crisis interna entre los ministros .<\/p>\n\n\n\n<p>Tras su liberaci\u00f3n en 1979, Huber Matos se exili\u00f3 en Miami, donde continu\u00f3 su actividad pol\u00edtica al frente de la organizaci\u00f3n Cuba Independiente y Democr\u00e1tica (CID). Desde all\u00ed promovi\u00f3 un modelo de pa\u00eds basado en elecciones libres, derechos civiles y una econom\u00eda abierta, ideas que, seg\u00fan su hijo, siguen siendo una referencia para quienes apuestan por un cambio en la isla.<\/p>\n\n\n\n<p>En el contexto actual, marcado por una crisis econ\u00f3mica profunda y tensiones sociales crecientes, Matos Junior sostiene que su padre siempre anticip\u00f3 que el sistema terminar\u00eda enfrentando un punto de ruptura desde dentro. Considera que un eventual cambio depender\u00e1 principalmente del propio pueblo cubano, aunque reconoce el papel del exilio como apoyo en ese proceso .<\/p>\n\n\n\n<p>La entrevista cierra con una idea central que atraviesa toda su visi\u00f3n: la reconstrucci\u00f3n de Cuba es posible, pero pasa por un cambio estructural que incluya libertades pol\u00edticas, justicia social y un sistema donde el poder responda a la voluntad ciudadana. Una aspiraci\u00f3n que, seg\u00fan plantea, fue precisamente la que llev\u00f3 a su padre a enfrentarse al mismo liderazgo que ayud\u00f3 a llevar al poder.<\/p>\n","protected":false},"excerpt":{"rendered":"<p>Huber Matos Junior revela que la ruptura de su padre con Fidel Castro ocurri\u00f3 tras comprobar que el l\u00edder revolucionario no permitir\u00eda libertades pol\u00edticas en Cuba. El excomandante, que combati\u00f3 junto a Castro, fue encarcelado durante 20 a\u00f1os tras denunciar esa deriva, convirti\u00e9ndose en uno de los primeros grandes s\u00edmbolos de la disidencia cubana.<\/p>\n","protected":false},"author":13,"featured_media":242896,"comment_status":"open","ping_status":"closed","sticky":false,"template":"","format":"standard","meta":{"_acf_changed":false,"footnotes":""},"categories":[18,955],"tags":[11,24830,5048,2815,32362,32363,14191],"class_list":{"0":"post-242886","1":"post","2":"type-post","3":"status-publish","4":"format-standard","5":"has-post-thumbnail","7":"category-noticias","8":"category-noticias-de-cuba","9":"tag-cuba","10":"tag-disidencia-cubana","11":"tag-fidel-castro","12":"tag-historia-de-cuba","13":"tag-huber-matos","14":"tag-huber-matos-junior","15":"tag-revolucion-cubana-2"},"acf":[],"yoast_head":"<!-- This site is optimized with the Yoast SEO plugin v27.4 - https:\/\/yoast.com\/product\/yoast-seo-wordpress\/ -->\n<title>Hijo de Huber Matos cuenta por qu\u00e9 Fidel Castro traicion\u00f3 a su padre - Cuballama Noticias<\/title>\n<meta name=\"description\" content=\"Hijo de Huber Matos explica por qu\u00e9 Fidel Castro traicion\u00f3 los ideales democr\u00e1ticos de la Revoluci\u00f3n cubana, lo que explica arresto\" \/>\n<meta name=\"robots\" content=\"index, follow, max-snippet:-1, max-image-preview:large, max-video-preview:-1\" \/>\n<link rel=\"canonical\" href=\"https:\/\/www.cuballama.com\/noticias\/hijo-de-huber-matos-cuenta-por-que-fidel-castro-traiciono-a-su-padre\/\" \/>\n<meta property=\"og:locale\" content=\"es_ES\" \/>\n<meta property=\"og:type\" content=\"article\" \/>\n<meta property=\"og:title\" content=\"Hijo de Huber Matos cuenta por qu\u00e9 Fidel Castro traicion\u00f3 a su padre - Cuballama Noticias\" \/>\n<meta property=\"og:description\" content=\"Hijo de Huber Matos explica por qu\u00e9 Fidel Castro traicion\u00f3 los ideales democr\u00e1ticos de la Revoluci\u00f3n cubana, lo que explica arresto\" \/>\n<meta property=\"og:url\" content=\"https:\/\/www.cuballama.com\/noticias\/hijo-de-huber-matos-cuenta-por-que-fidel-castro-traiciono-a-su-padre\/\" \/>\n<meta property=\"og:site_name\" content=\"Cuballama Noticias\" \/>\n<meta property=\"article:publisher\" content=\"https:\/\/www.facebook.com\/CubaLlama\" \/>\n<meta property=\"article:published_time\" content=\"2026-04-29T15:50:24+00:00\" \/>\n<meta property=\"article:modified_time\" content=\"2026-04-29T15:50:26+00:00\" \/>\n<meta property=\"og:image\" content=\"https:\/\/cdn1.mediawpaccore.net\/wp-content\/uploads\/2026\/04\/29101816\/image-152.png\" \/>\n\t<meta property=\"og:image:width\" content=\"1975\" \/>\n\t<meta property=\"og:image:height\" content=\"1034\" \/>\n\t<meta property=\"og:image:type\" content=\"image\/png\" \/>\n<meta name=\"author\" content=\"Roberto A.\" \/>\n<meta name=\"twitter:card\" content=\"summary_large_image\" \/>\n<meta name=\"twitter:creator\" content=\"@cuballama\" \/>\n<meta name=\"twitter:site\" content=\"@cuballama\" \/>\n<meta name=\"twitter:label1\" content=\"Escrito por\" \/>\n\t<meta name=\"twitter:data1\" content=\"Roberto A.\" \/>\n\t<meta name=\"twitter:label2\" content=\"Tiempo de lectura\" \/>\n\t<meta name=\"twitter:data2\" content=\"4 minutos\" \/>\n<script type=\"application\/ld+json\" class=\"yoast-schema-graph\">{\"@context\":\"https:\\\/\\\/schema.org\",\"@graph\":[{\"@type\":\"Article\",\"@id\":\"https:\\\/\\\/www.cuballama.com\\\/noticias\\\/hijo-de-huber-matos-cuenta-por-que-fidel-castro-traiciono-a-su-padre\\\/#article\",\"isPartOf\":{\"@id\":\"https:\\\/\\\/www.cuballama.com\\\/noticias\\\/hijo-de-huber-matos-cuenta-por-que-fidel-castro-traiciono-a-su-padre\\\/\"},\"author\":{\"name\":\"Roberto A.\",\"@id\":\"https:\\\/\\\/www.cuballama.com\\\/noticias\\\/#\\\/schema\\\/person\\\/a58502ed4146c8e9f83872e897c76cd2\"},\"headline\":\"Hijo de Huber Matos cuenta por qu\u00e9 Fidel Castro traicion\u00f3 a su padre\",\"datePublished\":\"2026-04-29T15:50:24+00:00\",\"dateModified\":\"2026-04-29T15:50:26+00:00\",\"mainEntityOfPage\":{\"@id\":\"https:\\\/\\\/www.cuballama.com\\\/noticias\\\/hijo-de-huber-matos-cuenta-por-que-fidel-castro-traiciono-a-su-padre\\\/\"},\"wordCount\":688,\"commentCount\":0,\"publisher\":{\"@id\":\"https:\\\/\\\/www.cuballama.com\\\/noticias\\\/#organization\"},\"image\":{\"@id\":\"https:\\\/\\\/www.cuballama.com\\\/noticias\\\/hijo-de-huber-matos-cuenta-por-que-fidel-castro-traiciono-a-su-padre\\\/#primaryimage\"},\"thumbnailUrl\":\"https:\\\/\\\/cdn1.mediawpaccore.net\\\/wp-content\\\/uploads\\\/2026\\\/04\\\/29101816\\\/image-152.png\",\"keywords\":[\"Cuba\",\"disidencia cubana\",\"Fidel Castro\",\"Historia de Cuba\",\"Huber Matos\",\"Huber Matos Junior\",\"revoluci\u00f3n cubana\"],\"articleSection\":[\"Noticias\",\"Noticias de Cuba\"],\"inLanguage\":\"es\",\"potentialAction\":[{\"@type\":\"CommentAction\",\"name\":\"Comment\",\"target\":[\"https:\\\/\\\/www.cuballama.com\\\/noticias\\\/hijo-de-huber-matos-cuenta-por-que-fidel-castro-traiciono-a-su-padre\\\/#respond\"]}]},{\"@type\":\"WebPage\",\"@id\":\"https:\\\/\\\/www.cuballama.com\\\/noticias\\\/hijo-de-huber-matos-cuenta-por-que-fidel-castro-traiciono-a-su-padre\\\/\",\"url\":\"https:\\\/\\\/www.cuballama.com\\\/noticias\\\/hijo-de-huber-matos-cuenta-por-que-fidel-castro-traiciono-a-su-padre\\\/\",\"name\":\"Hijo de Huber Matos cuenta por qu\u00e9 Fidel Castro traicion\u00f3 a su padre - Cuballama Noticias\",\"isPartOf\":{\"@id\":\"https:\\\/\\\/www.cuballama.com\\\/noticias\\\/#website\"},\"primaryImageOfPage\":{\"@id\":\"https:\\\/\\\/www.cuballama.com\\\/noticias\\\/hijo-de-huber-matos-cuenta-por-que-fidel-castro-traiciono-a-su-padre\\\/#primaryimage\"},\"image\":{\"@id\":\"https:\\\/\\\/www.cuballama.com\\\/noticias\\\/hijo-de-huber-matos-cuenta-por-que-fidel-castro-traiciono-a-su-padre\\\/#primaryimage\"},\"thumbnailUrl\":\"https:\\\/\\\/cdn1.mediawpaccore.net\\\/wp-content\\\/uploads\\\/2026\\\/04\\\/29101816\\\/image-152.png\",\"datePublished\":\"2026-04-29T15:50:24+00:00\",\"dateModified\":\"2026-04-29T15:50:26+00:00\",\"description\":\"Hijo de Huber Matos explica por qu\u00e9 Fidel Castro traicion\u00f3 los ideales democr\u00e1ticos de la Revoluci\u00f3n cubana, lo que explica arresto\",\"breadcrumb\":{\"@id\":\"https:\\\/\\\/www.cuballama.com\\\/noticias\\\/hijo-de-huber-matos-cuenta-por-que-fidel-castro-traiciono-a-su-padre\\\/#breadcrumb\"},\"inLanguage\":\"es\",\"potentialAction\":[{\"@type\":\"ReadAction\",\"target\":[\"https:\\\/\\\/www.cuballama.com\\\/noticias\\\/hijo-de-huber-matos-cuenta-por-que-fidel-castro-traiciono-a-su-padre\\\/\"]}]},{\"@type\":\"ImageObject\",\"inLanguage\":\"es\",\"@id\":\"https:\\\/\\\/www.cuballama.com\\\/noticias\\\/hijo-de-huber-matos-cuenta-por-que-fidel-castro-traiciono-a-su-padre\\\/#primaryimage\",\"url\":\"https:\\\/\\\/cdn1.mediawpaccore.net\\\/wp-content\\\/uploads\\\/2026\\\/04\\\/29101816\\\/image-152.png\",\"contentUrl\":\"https:\\\/\\\/cdn1.mediawpaccore.net\\\/wp-content\\\/uploads\\\/2026\\\/04\\\/29101816\\\/image-152.png\",\"width\":1975,\"height\":1034,\"caption\":\"Foto: Collage elaborado con imagen en dominio p\u00fablico de la entrada de Camilo Cienfuegos, Fidel Castro y Huber Matos en La Habana (1959, fuente: Translating Cuba \\\/ El Fogonero) y fotograf\u00eda de Huber Matos tras su arresto, licenciada bajo Creative Commons CC BY-SA 4.0 (autor: GuiL565, basada en Getty Images)\"},{\"@type\":\"BreadcrumbList\",\"@id\":\"https:\\\/\\\/www.cuballama.com\\\/noticias\\\/hijo-de-huber-matos-cuenta-por-que-fidel-castro-traiciono-a-su-padre\\\/#breadcrumb\",\"itemListElement\":[{\"@type\":\"ListItem\",\"position\":1,\"name\":\"Home\",\"item\":\"https:\\\/\\\/www.cuballama.com\\\/noticias\\\/\"},{\"@type\":\"ListItem\",\"position\":2,\"name\":\"Hijo de Huber Matos cuenta por qu\u00e9 Fidel Castro traicion\u00f3 a su padre\"}]},{\"@type\":\"WebSite\",\"@id\":\"https:\\\/\\\/www.cuballama.com\\\/noticias\\\/#website\",\"url\":\"https:\\\/\\\/www.cuballama.com\\\/noticias\\\/\",\"name\":\"Cuballama Noticias\",\"description\":\"Medio digital sobre Cuba y el mundo\",\"publisher\":{\"@id\":\"https:\\\/\\\/www.cuballama.com\\\/noticias\\\/#organization\"},\"potentialAction\":[{\"@type\":\"SearchAction\",\"target\":{\"@type\":\"EntryPoint\",\"urlTemplate\":\"https:\\\/\\\/www.cuballama.com\\\/noticias\\\/?s={search_term_string}\"},\"query-input\":{\"@type\":\"PropertyValueSpecification\",\"valueRequired\":true,\"valueName\":\"search_term_string\"}}],\"inLanguage\":\"es\"},{\"@type\":\"Organization\",\"@id\":\"https:\\\/\\\/www.cuballama.com\\\/noticias\\\/#organization\",\"name\":\"Cuballama\",\"url\":\"https:\\\/\\\/www.cuballama.com\\\/noticias\\\/\",\"logo\":{\"@type\":\"ImageObject\",\"inLanguage\":\"es\",\"@id\":\"https:\\\/\\\/www.cuballama.com\\\/noticias\\\/#\\\/schema\\\/logo\\\/image\\\/\",\"url\":\"https:\\\/\\\/cdn1.mediawpaccore.net\\\/wp-content\\\/uploads\\\/2021\\\/12\\\/28171206\\\/cbll-logo-color-sm.png\",\"contentUrl\":\"https:\\\/\\\/cdn1.mediawpaccore.net\\\/wp-content\\\/uploads\\\/2021\\\/12\\\/28171206\\\/cbll-logo-color-sm.png\",\"width\":600,\"height\":133,\"caption\":\"Cuballama\"},\"image\":{\"@id\":\"https:\\\/\\\/www.cuballama.com\\\/noticias\\\/#\\\/schema\\\/logo\\\/image\\\/\"},\"sameAs\":[\"https:\\\/\\\/www.facebook.com\\\/CubaLlama\",\"https:\\\/\\\/x.com\\\/cuballama\",\"https:\\\/\\\/www.instagram.com\\\/stories\\\/cuballama_oficial\\\/\",\"https:\\\/\\\/www.youtube.com\\\/channel\\\/UCKkFE-d_axENGZcrc4as0IA\"]},{\"@type\":\"Person\",\"@id\":\"https:\\\/\\\/www.cuballama.com\\\/noticias\\\/#\\\/schema\\\/person\\\/a58502ed4146c8e9f83872e897c76cd2\",\"name\":\"Roberto A.\",\"description\":\"Roberto A. Periodista por decisi\u00f3n propia. Interesado en cualquier tema que me apasione y cada vez m\u00e1s comprometido con la verdad y la objetividad period\u00edstica. Graduado en La Habana hace ya muchos a\u00f1os, luego de una accidentada y polvorienta b\u00fasqueda de informaci\u00f3n sobre un tema in\u00e9dito. La Tesis, por cierto, desapareci\u00f3 de la biblioteca y no se conservan copias de la misma.\",\"url\":\"https:\\\/\\\/www.cuballama.com\\\/noticias\\\/author\\\/roberto\\\/\"}]}<\/script>\n<!-- \/ Yoast SEO plugin. -->","yoast_head_json":{"title":"Hijo de Huber Matos cuenta por qu\u00e9 Fidel Castro traicion\u00f3 a su padre - Cuballama Noticias","description":"Hijo de Huber Matos explica por qu\u00e9 Fidel Castro traicion\u00f3 los ideales democr\u00e1ticos de la Revoluci\u00f3n cubana, lo que explica arresto","robots":{"index":"index","follow":"follow","max-snippet":"max-snippet:-1","max-image-preview":"max-image-preview:large","max-video-preview":"max-video-preview:-1"},"canonical":"https:\/\/www.cuballama.com\/noticias\/hijo-de-huber-matos-cuenta-por-que-fidel-castro-traiciono-a-su-padre\/","og_locale":"es_ES","og_type":"article","og_title":"Hijo de Huber Matos cuenta por qu\u00e9 Fidel Castro traicion\u00f3 a su padre - Cuballama Noticias","og_description":"Hijo de Huber Matos explica por qu\u00e9 Fidel Castro traicion\u00f3 los ideales democr\u00e1ticos de la Revoluci\u00f3n cubana, lo que explica arresto","og_url":"https:\/\/www.cuballama.com\/noticias\/hijo-de-huber-matos-cuenta-por-que-fidel-castro-traiciono-a-su-padre\/","og_site_name":"Cuballama Noticias","article_publisher":"https:\/\/www.facebook.com\/CubaLlama","article_published_time":"2026-04-29T15:50:24+00:00","article_modified_time":"2026-04-29T15:50:26+00:00","og_image":[{"width":1975,"height":1034,"url":"https:\/\/cdn1.mediawpaccore.net\/wp-content\/uploads\/2026\/04\/29101816\/image-152.png","type":"image\/png"}],"author":"Roberto A.","twitter_card":"summary_large_image","twitter_creator":"@cuballama","twitter_site":"@cuballama","twitter_misc":{"Escrito por":"Roberto A.","Tiempo de lectura":"4 minutos"},"schema":{"@context":"https:\/\/schema.org","@graph":[{"@type":"Article","@id":"https:\/\/www.cuballama.com\/noticias\/hijo-de-huber-matos-cuenta-por-que-fidel-castro-traiciono-a-su-padre\/#article","isPartOf":{"@id":"https:\/\/www.cuballama.com\/noticias\/hijo-de-huber-matos-cuenta-por-que-fidel-castro-traiciono-a-su-padre\/"},"author":{"name":"Roberto A.","@id":"https:\/\/www.cuballama.com\/noticias\/#\/schema\/person\/a58502ed4146c8e9f83872e897c76cd2"},"headline":"Hijo de Huber Matos cuenta por qu\u00e9 Fidel Castro traicion\u00f3 a su padre","datePublished":"2026-04-29T15:50:24+00:00","dateModified":"2026-04-29T15:50:26+00:00","mainEntityOfPage":{"@id":"https:\/\/www.cuballama.com\/noticias\/hijo-de-huber-matos-cuenta-por-que-fidel-castro-traiciono-a-su-padre\/"},"wordCount":688,"commentCount":0,"publisher":{"@id":"https:\/\/www.cuballama.com\/noticias\/#organization"},"image":{"@id":"https:\/\/www.cuballama.com\/noticias\/hijo-de-huber-matos-cuenta-por-que-fidel-castro-traiciono-a-su-padre\/#primaryimage"},"thumbnailUrl":"https:\/\/cdn1.mediawpaccore.net\/wp-content\/uploads\/2026\/04\/29101816\/image-152.png","keywords":["Cuba","disidencia cubana","Fidel Castro","Historia de Cuba","Huber Matos","Huber Matos Junior","revoluci\u00f3n cubana"],"articleSection":["Noticias","Noticias de Cuba"],"inLanguage":"es","potentialAction":[{"@type":"CommentAction","name":"Comment","target":["https:\/\/www.cuballama.com\/noticias\/hijo-de-huber-matos-cuenta-por-que-fidel-castro-traiciono-a-su-padre\/#respond"]}]},{"@type":"WebPage","@id":"https:\/\/www.cuballama.com\/noticias\/hijo-de-huber-matos-cuenta-por-que-fidel-castro-traiciono-a-su-padre\/","url":"https:\/\/www.cuballama.com\/noticias\/hijo-de-huber-matos-cuenta-por-que-fidel-castro-traiciono-a-su-padre\/","name":"Hijo de Huber Matos cuenta por qu\u00e9 Fidel Castro traicion\u00f3 a su padre - Cuballama Noticias","isPartOf":{"@id":"https:\/\/www.cuballama.com\/noticias\/#website"},"primaryImageOfPage":{"@id":"https:\/\/www.cuballama.com\/noticias\/hijo-de-huber-matos-cuenta-por-que-fidel-castro-traiciono-a-su-padre\/#primaryimage"},"image":{"@id":"https:\/\/www.cuballama.com\/noticias\/hijo-de-huber-matos-cuenta-por-que-fidel-castro-traiciono-a-su-padre\/#primaryimage"},"thumbnailUrl":"https:\/\/cdn1.mediawpaccore.net\/wp-content\/uploads\/2026\/04\/29101816\/image-152.png","datePublished":"2026-04-29T15:50:24+00:00","dateModified":"2026-04-29T15:50:26+00:00","description":"Hijo de Huber Matos explica por qu\u00e9 Fidel Castro traicion\u00f3 los ideales democr\u00e1ticos de la Revoluci\u00f3n cubana, lo que explica arresto","breadcrumb":{"@id":"https:\/\/www.cuballama.com\/noticias\/hijo-de-huber-matos-cuenta-por-que-fidel-castro-traiciono-a-su-padre\/#breadcrumb"},"inLanguage":"es","potentialAction":[{"@type":"ReadAction","target":["https:\/\/www.cuballama.com\/noticias\/hijo-de-huber-matos-cuenta-por-que-fidel-castro-traiciono-a-su-padre\/"]}]},{"@type":"ImageObject","inLanguage":"es","@id":"https:\/\/www.cuballama.com\/noticias\/hijo-de-huber-matos-cuenta-por-que-fidel-castro-traiciono-a-su-padre\/#primaryimage","url":"https:\/\/cdn1.mediawpaccore.net\/wp-content\/uploads\/2026\/04\/29101816\/image-152.png","contentUrl":"https:\/\/cdn1.mediawpaccore.net\/wp-content\/uploads\/2026\/04\/29101816\/image-152.png","width":1975,"height":1034,"caption":"Foto: Collage elaborado con imagen en dominio p\u00fablico de la entrada de Camilo Cienfuegos, Fidel Castro y Huber Matos en La Habana (1959, fuente: Translating Cuba \/ El Fogonero) y fotograf\u00eda de Huber Matos tras su arresto, licenciada bajo Creative Commons CC BY-SA 4.0 (autor: GuiL565, basada en Getty Images)"},{"@type":"BreadcrumbList","@id":"https:\/\/www.cuballama.com\/noticias\/hijo-de-huber-matos-cuenta-por-que-fidel-castro-traiciono-a-su-padre\/#breadcrumb","itemListElement":[{"@type":"ListItem","position":1,"name":"Home","item":"https:\/\/www.cuballama.com\/noticias\/"},{"@type":"ListItem","position":2,"name":"Hijo de Huber Matos cuenta por qu\u00e9 Fidel Castro traicion\u00f3 a su padre"}]},{"@type":"WebSite","@id":"https:\/\/www.cuballama.com\/noticias\/#website","url":"https:\/\/www.cuballama.com\/noticias\/","name":"Cuballama Noticias","description":"Medio digital sobre Cuba y el mundo","publisher":{"@id":"https:\/\/www.cuballama.com\/noticias\/#organization"},"potentialAction":[{"@type":"SearchAction","target":{"@type":"EntryPoint","urlTemplate":"https:\/\/www.cuballama.com\/noticias\/?s={search_term_string}"},"query-input":{"@type":"PropertyValueSpecification","valueRequired":true,"valueName":"search_term_string"}}],"inLanguage":"es"},{"@type":"Organization","@id":"https:\/\/www.cuballama.com\/noticias\/#organization","name":"Cuballama","url":"https:\/\/www.cuballama.com\/noticias\/","logo":{"@type":"ImageObject","inLanguage":"es","@id":"https:\/\/www.cuballama.com\/noticias\/#\/schema\/logo\/image\/","url":"https:\/\/cdn1.mediawpaccore.net\/wp-content\/uploads\/2021\/12\/28171206\/cbll-logo-color-sm.png","contentUrl":"https:\/\/cdn1.mediawpaccore.net\/wp-content\/uploads\/2021\/12\/28171206\/cbll-logo-color-sm.png","width":600,"height":133,"caption":"Cuballama"},"image":{"@id":"https:\/\/www.cuballama.com\/noticias\/#\/schema\/logo\/image\/"},"sameAs":["https:\/\/www.facebook.com\/CubaLlama","https:\/\/x.com\/cuballama","https:\/\/www.instagram.com\/stories\/cuballama_oficial\/","https:\/\/www.youtube.com\/channel\/UCKkFE-d_axENGZcrc4as0IA"]},{"@type":"Person","@id":"https:\/\/www.cuballama.com\/noticias\/#\/schema\/person\/a58502ed4146c8e9f83872e897c76cd2","name":"Roberto A.","description":"Roberto A. Periodista por decisi\u00f3n propia. Interesado en cualquier tema que me apasione y cada vez m\u00e1s comprometido con la verdad y la objetividad period\u00edstica. Graduado en La Habana hace ya muchos a\u00f1os, luego de una accidentada y polvorienta b\u00fasqueda de informaci\u00f3n sobre un tema in\u00e9dito. La Tesis, por cierto, desapareci\u00f3 de la biblioteca y no se conservan copias de la misma.","url":"https:\/\/www.cuballama.com\/noticias\/author\/roberto\/"}]}},"_links":{"self":[{"href":"https:\/\/www.cuballama.com\/noticias\/wp-json\/wp\/v2\/posts\/242886","targetHints":{"allow":["GET"]}}],"collection":[{"href":"https:\/\/www.cuballama.com\/noticias\/wp-json\/wp\/v2\/posts"}],"about":[{"href":"https:\/\/www.cuballama.com\/noticias\/wp-json\/wp\/v2\/types\/post"}],"author":[{"embeddable":true,"href":"https:\/\/www.cuballama.com\/noticias\/wp-json\/wp\/v2\/users\/13"}],"replies":[{"embeddable":true,"href":"https:\/\/www.cuballama.com\/noticias\/wp-json\/wp\/v2\/comments?post=242886"}],"version-history":[{"count":3,"href":"https:\/\/www.cuballama.com\/noticias\/wp-json\/wp\/v2\/posts\/242886\/revisions"}],"predecessor-version":[{"id":242897,"href":"https:\/\/www.cuballama.com\/noticias\/wp-json\/wp\/v2\/posts\/242886\/revisions\/242897"}],"wp:featuredmedia":[{"embeddable":true,"href":"https:\/\/www.cuballama.com\/noticias\/wp-json\/wp\/v2\/media\/242896"}],"wp:attachment":[{"href":"https:\/\/www.cuballama.com\/noticias\/wp-json\/wp\/v2\/media?parent=242886"}],"wp:term":[{"taxonomy":"category","embeddable":true,"href":"https:\/\/www.cuballama.com\/noticias\/wp-json\/wp\/v2\/categories?post=242886"},{"taxonomy":"post_tag","embeddable":true,"href":"https:\/\/www.cuballama.com\/noticias\/wp-json\/wp\/v2\/tags?post=242886"}],"curies":[{"name":"wp","href":"https:\/\/api.w.org\/{rel}","templated":true}]}}