{"id":242876,"date":"2026-04-29T11:50:56","date_gmt":"2026-04-29T15:50:56","guid":{"rendered":"https:\/\/www.cuballama.com\/noticias\/?p=242876"},"modified":"2026-04-29T11:50:58","modified_gmt":"2026-04-29T15:50:58","slug":"actriz-laura-ramos-habla-del-desarraigo-tras-salir-en-busca-de-libertad-es-insostenible-lo-que-pasa-en-cuba","status":"publish","type":"post","link":"https:\/\/www.cuballama.com\/noticias\/actriz-laura-ramos-habla-del-desarraigo-tras-salir-en-busca-de-libertad-es-insostenible-lo-que-pasa-en-cuba\/","title":{"rendered":"Actriz Laura Ramos habla del desarraigo tras salir en busca de libertad: \u201cEs insostenible lo que pasa en Cuba\u201d"},"content":{"rendered":"\n<p>La actriz cubana Laura Ramos lleg\u00f3 por primera vez al programa online <em><em>La Casa de Maka<\/em><\/em> con un tono que se fue alejando del entretenimiento ligero para entrar en un terreno m\u00e1s personal y, por momentos, pol\u00edtico. En una conversaci\u00f3n sin guion r\u00edgido, la int\u00e9rprete repas\u00f3 su carrera internacional, su vida fuera de la isla y la carga emocional que arrastra tras a\u00f1os de emigraci\u00f3n. En ese recorrido dej\u00f3 una frase directa sobre la realidad cubana: \u201cEs insostenible lo que est\u00e1 pasando en Cuba\u201d.<\/p>\n\n\n\n<p>Ramos no construye su relato desde el activismo constante, sino desde la experiencia. Explica que su salida de Cuba no fue el resultado de un plan estructurado, sino de oportunidades que fueron apareciendo en distintos pa\u00edses. Ha vivido y trabajado en Espa\u00f1a, Colombia, M\u00e9xico y Brasil, encadenando proyectos y volviendo a empezar varias veces. Esa trayectoria le permiti\u00f3 crecer profesionalmente, pero tambi\u00e9n dej\u00f3 una sensaci\u00f3n persistente: la de no pertenecer del todo a ning\u00fan sitio.<\/p>\n\n\n\n<p>Esa idea atraviesa buena parte de la conversaci\u00f3n. La actriz habla de sentirse \u201csiempre extranjera\u201d y describe lo que llama una \u201corfandad\u201d emocional, una palabra que no utiliza en tono dram\u00e1tico, sino como constataci\u00f3n. Construir una vida fuera implica avanzar, pero tambi\u00e9n dejar atr\u00e1s v\u00ednculos que no se reemplazan con facilidad. En su caso, la familia sigue siendo el centro, incluso a distancia. Durante la pandemia, cuando qued\u00f3 varada en Cuba durante siete meses, pudo reconectar con ese entorno de una forma que no hab\u00eda sido posible en a\u00f1os.<\/p>\n\n\n\n<p>Ese regreso temporal a La Habana coincidi\u00f3 con uno de los momentos m\u00e1s duros recientes en la isla. Ramos no entra en detalles t\u00e9cnicos ni econ\u00f3micos, pero s\u00ed deja clara su percepci\u00f3n: la situaci\u00f3n actual no es sostenible. La frase no aparece como consigna, sino como conclusi\u00f3n de lo vivido y observado. Reconoce que no suele posicionarse pol\u00edticamente de forma abierta, pero matiza que hay momentos en los que guardar silencio deja de ser una opci\u00f3n.<\/p>\n\n\n\n<p>Su carrera fuera de Cuba ha estado marcada por esa dualidad. Por un lado, la necesidad de adaptarse a nuevas industrias, nuevos acentos y nuevas din\u00e1micas de trabajo. Por otro, la ausencia de un punto de retorno claro. Ramos reconoce que Cuba no ha sido, en t\u00e9rminos profesionales, un espacio al que pudiera volver para desarrollar su carrera. Esa falta de base interna refuerza la l\u00f3gica de la emigraci\u00f3n continua.<\/p>\n\n\n\n<p>El punto de inflexi\u00f3n en su visibilidad internacional lleg\u00f3 con la serie <em>Entrev\u00edas<\/em>, donde interpreta a una inspectora de polic\u00eda. El papel lo consigui\u00f3 tras enviar un casting desde M\u00e9xico, sin conexiones previas con la producci\u00f3n. Desde su llegada al rodaje, explica, entendi\u00f3 que deb\u00eda demostrar su nivel desde el primer momento, en un entorno exigente y con actores consolidados como Jos\u00e9 Coronado. Con el tiempo, el equipo se convirti\u00f3 en un grupo cercano, y el impacto de la serie super\u00f3 sus propias expectativas.<\/p>\n\n\n\n<p>Ese reconocimiento internacional contrasta con el tono m\u00e1s \u00edntimo de su paso por Miami. En <em><a href=\"https:\/\/www.youtube.com\/watch?v=CU_F1LB-HcA\" target=\"_blank\" rel=\"noreferrer noopener nofollow\">La Casa de Maka<\/a><\/em> tambi\u00e9n habl\u00f3 de su relaci\u00f3n de pareja, de su decisi\u00f3n de mantener cierta privacidad y de su v\u00ednculo con el teatro. Actualmente participa en una obra en la ciudad que aborda temas vinculados a la identidad, la memoria y la experiencia cubana. Sobre el escenario, dice, encuentra un espacio distinto, m\u00e1s directo, donde puede trabajar emociones que no siempre caben en el formato audiovisual. <\/p>\n\n\n\n<p>El hilo que une todos esos elementos \u2014carrera, migraci\u00f3n, familia, Cuba\u2014 es el desarraigo. No como una etiqueta, sino como una condici\u00f3n que se va acumulando con el tiempo. Ramos no lo presenta como un sacrificio heroico ni como una tragedia, sino como parte del costo de construir una vida fuera. En ese contexto, su frase sobre la situaci\u00f3n en la isla no queda aislada: encaja dentro de una trayectoria marcada por la distancia y la observaci\u00f3n constante de lo que ocurre en su pa\u00eds de origen.<\/p>\n\n\n\n<p>La conversaci\u00f3n no cierra con conclusiones pol\u00edticas ni propuestas. Termina donde empez\u00f3: en una mezcla de recuerdos, experiencias y certezas personales. Pero deja una l\u00ednea clara: la de una actriz que ha construido su carrera fuera de Cuba, que reconoce lo que ha ganado en ese camino y que, al mismo tiempo, no pierde de vista el pa\u00eds que dej\u00f3 atr\u00e1s ni la sensaci\u00f3n de no haber terminado de irse del todo.<\/p>\n\n\n\n<iframe loading=\"lazy\" width=\"1451\" height=\"816\" src=\"https:\/\/www.youtube.com\/embed\/CU_F1LB-HcA\" title=\"La actriz cubana Laura Ramos llega por primera vez a #lacasademaka SIN FILTRO!\" frameborder=\"0\" allow=\"accelerometer; autoplay; clipboard-write; encrypted-media; gyroscope; picture-in-picture; web-share\" referrerpolicy=\"strict-origin-when-cross-origin\" allowfullscreen><\/iframe>\n","protected":false},"excerpt":{"rendered":"<p>La actriz cubana Laura Ramos habl\u00f3 en La Casa de Maka sobre su vida fuera de la isla, el desarraigo tras emigrar y su carrera internacional. En la conversaci\u00f3n, marcada por recuerdos personales y reflexiones sobre Cuba, afirm\u00f3 que la situaci\u00f3n actual en el pa\u00eds \u201ces insostenible\u201d, tras a\u00f1os viviendo entre varios pa\u00edses y reconstruyendo su trayectoria profesional lejos de su origen.<\/p>\n","protected":false},"author":13,"featured_media":242880,"comment_status":"open","ping_status":"closed","sticky":false,"template":"","format":"standard","meta":{"_acf_changed":false,"footnotes":""},"categories":[443,18,955,11024],"tags":[1554,3375,10867,11,32355,18592,8000,32356,10953,256],"class_list":{"0":"post-242876","1":"post","2":"type-post","3":"status-publish","4":"format-standard","5":"has-post-thumbnail","7":"category-farandula","8":"category-noticias","9":"category-noticias-de-cuba","10":"category-noticias-de-miami","11":"tag-actores-cubanos","12":"tag-actriz-cubana","13":"tag-crisis-en-cuba","14":"tag-cuba","15":"tag-desarraigo","16":"tag-entrevias","17":"tag-exilio-cubano","18":"tag-la-casa-de-maka","19":"tag-laura-ramos","20":"tag-miami"},"acf":[],"yoast_head":"<!-- This site is optimized with the Yoast SEO plugin v27.4 - https:\/\/yoast.com\/product\/yoast-seo-wordpress\/ -->\n<title>Actriz Laura Ramos habla del desarraigo tras salir en busca de libertad: \u201cEs insostenible lo que pasa en Cuba\u201d - Cuballama Noticias<\/title>\n<meta name=\"description\" content=\"Actriz cubana Laura Ramos llega a &quot;La Casa de Maka&quot; y habla del desarraigo tras emigrar y afirma que la situaci\u00f3n en Cuba es insostenible\" \/>\n<meta name=\"robots\" content=\"index, follow, max-snippet:-1, max-image-preview:large, max-video-preview:-1\" \/>\n<link rel=\"canonical\" href=\"https:\/\/www.cuballama.com\/noticias\/actriz-laura-ramos-habla-del-desarraigo-tras-salir-en-busca-de-libertad-es-insostenible-lo-que-pasa-en-cuba\/\" \/>\n<meta property=\"og:locale\" content=\"es_ES\" \/>\n<meta property=\"og:type\" content=\"article\" \/>\n<meta property=\"og:title\" content=\"Actriz Laura Ramos habla del desarraigo tras salir en busca de libertad: \u201cEs insostenible lo que pasa en Cuba\u201d - Cuballama Noticias\" \/>\n<meta property=\"og:description\" content=\"Actriz cubana Laura Ramos llega a &quot;La Casa de Maka&quot; y habla del desarraigo tras emigrar y afirma que la situaci\u00f3n en Cuba es insostenible\" \/>\n<meta property=\"og:url\" content=\"https:\/\/www.cuballama.com\/noticias\/actriz-laura-ramos-habla-del-desarraigo-tras-salir-en-busca-de-libertad-es-insostenible-lo-que-pasa-en-cuba\/\" \/>\n<meta property=\"og:site_name\" content=\"Cuballama Noticias\" \/>\n<meta property=\"article:publisher\" content=\"https:\/\/www.facebook.com\/CubaLlama\" \/>\n<meta property=\"article:published_time\" content=\"2026-04-29T15:50:56+00:00\" \/>\n<meta property=\"article:modified_time\" content=\"2026-04-29T15:50:58+00:00\" \/>\n<meta property=\"og:image\" content=\"https:\/\/cdn1.mediawpaccore.net\/wp-content\/uploads\/2026\/04\/29093840\/image-150.png\" \/>\n\t<meta property=\"og:image:width\" content=\"1492\" \/>\n\t<meta property=\"og:image:height\" content=\"846\" \/>\n\t<meta property=\"og:image:type\" content=\"image\/png\" \/>\n<meta name=\"author\" content=\"Roberto A.\" \/>\n<meta name=\"twitter:card\" content=\"summary_large_image\" \/>\n<meta name=\"twitter:creator\" content=\"@cuballama\" \/>\n<meta name=\"twitter:site\" content=\"@cuballama\" \/>\n<meta name=\"twitter:label1\" content=\"Escrito por\" \/>\n\t<meta name=\"twitter:data1\" content=\"Roberto A.\" \/>\n\t<meta name=\"twitter:label2\" content=\"Tiempo de lectura\" \/>\n\t<meta name=\"twitter:data2\" content=\"4 minutos\" \/>\n<script type=\"application\/ld+json\" class=\"yoast-schema-graph\">{\"@context\":\"https:\\\/\\\/schema.org\",\"@graph\":[{\"@type\":\"Article\",\"@id\":\"https:\\\/\\\/www.cuballama.com\\\/noticias\\\/actriz-laura-ramos-habla-del-desarraigo-tras-salir-en-busca-de-libertad-es-insostenible-lo-que-pasa-en-cuba\\\/#article\",\"isPartOf\":{\"@id\":\"https:\\\/\\\/www.cuballama.com\\\/noticias\\\/actriz-laura-ramos-habla-del-desarraigo-tras-salir-en-busca-de-libertad-es-insostenible-lo-que-pasa-en-cuba\\\/\"},\"author\":{\"name\":\"Roberto A.\",\"@id\":\"https:\\\/\\\/www.cuballama.com\\\/noticias\\\/#\\\/schema\\\/person\\\/a58502ed4146c8e9f83872e897c76cd2\"},\"headline\":\"Actriz Laura Ramos habla del desarraigo tras salir en busca de libertad: \u201cEs insostenible lo que pasa en Cuba\u201d\",\"datePublished\":\"2026-04-29T15:50:56+00:00\",\"dateModified\":\"2026-04-29T15:50:58+00:00\",\"mainEntityOfPage\":{\"@id\":\"https:\\\/\\\/www.cuballama.com\\\/noticias\\\/actriz-laura-ramos-habla-del-desarraigo-tras-salir-en-busca-de-libertad-es-insostenible-lo-que-pasa-en-cuba\\\/\"},\"wordCount\":795,\"commentCount\":0,\"publisher\":{\"@id\":\"https:\\\/\\\/www.cuballama.com\\\/noticias\\\/#organization\"},\"image\":{\"@id\":\"https:\\\/\\\/www.cuballama.com\\\/noticias\\\/actriz-laura-ramos-habla-del-desarraigo-tras-salir-en-busca-de-libertad-es-insostenible-lo-que-pasa-en-cuba\\\/#primaryimage\"},\"thumbnailUrl\":\"https:\\\/\\\/cdn1.mediawpaccore.net\\\/wp-content\\\/uploads\\\/2026\\\/04\\\/29093840\\\/image-150.png\",\"keywords\":[\"Actores Cubanos\",\"actriz cubana\",\"Crisis en Cuba\",\"Cuba\",\"desarraigo\",\"Entrev\u00edas\",\"Exilio Cubano\",\"La Casa de Maka\",\"Laura Ramos\",\"Miami\"],\"articleSection\":[\"Far\u00e1ndula\",\"Noticias\",\"Noticias de Cuba\",\"Noticias de Miami\"],\"inLanguage\":\"es\",\"potentialAction\":[{\"@type\":\"CommentAction\",\"name\":\"Comment\",\"target\":[\"https:\\\/\\\/www.cuballama.com\\\/noticias\\\/actriz-laura-ramos-habla-del-desarraigo-tras-salir-en-busca-de-libertad-es-insostenible-lo-que-pasa-en-cuba\\\/#respond\"]}]},{\"@type\":\"WebPage\",\"@id\":\"https:\\\/\\\/www.cuballama.com\\\/noticias\\\/actriz-laura-ramos-habla-del-desarraigo-tras-salir-en-busca-de-libertad-es-insostenible-lo-que-pasa-en-cuba\\\/\",\"url\":\"https:\\\/\\\/www.cuballama.com\\\/noticias\\\/actriz-laura-ramos-habla-del-desarraigo-tras-salir-en-busca-de-libertad-es-insostenible-lo-que-pasa-en-cuba\\\/\",\"name\":\"Actriz Laura Ramos habla del desarraigo tras salir en busca de libertad: \u201cEs insostenible lo que pasa en Cuba\u201d - Cuballama Noticias\",\"isPartOf\":{\"@id\":\"https:\\\/\\\/www.cuballama.com\\\/noticias\\\/#website\"},\"primaryImageOfPage\":{\"@id\":\"https:\\\/\\\/www.cuballama.com\\\/noticias\\\/actriz-laura-ramos-habla-del-desarraigo-tras-salir-en-busca-de-libertad-es-insostenible-lo-que-pasa-en-cuba\\\/#primaryimage\"},\"image\":{\"@id\":\"https:\\\/\\\/www.cuballama.com\\\/noticias\\\/actriz-laura-ramos-habla-del-desarraigo-tras-salir-en-busca-de-libertad-es-insostenible-lo-que-pasa-en-cuba\\\/#primaryimage\"},\"thumbnailUrl\":\"https:\\\/\\\/cdn1.mediawpaccore.net\\\/wp-content\\\/uploads\\\/2026\\\/04\\\/29093840\\\/image-150.png\",\"datePublished\":\"2026-04-29T15:50:56+00:00\",\"dateModified\":\"2026-04-29T15:50:58+00:00\",\"description\":\"Actriz cubana Laura Ramos llega a \\\"La Casa de Maka\\\" y habla del desarraigo tras emigrar y afirma que la situaci\u00f3n en Cuba es insostenible\",\"breadcrumb\":{\"@id\":\"https:\\\/\\\/www.cuballama.com\\\/noticias\\\/actriz-laura-ramos-habla-del-desarraigo-tras-salir-en-busca-de-libertad-es-insostenible-lo-que-pasa-en-cuba\\\/#breadcrumb\"},\"inLanguage\":\"es\",\"potentialAction\":[{\"@type\":\"ReadAction\",\"target\":[\"https:\\\/\\\/www.cuballama.com\\\/noticias\\\/actriz-laura-ramos-habla-del-desarraigo-tras-salir-en-busca-de-libertad-es-insostenible-lo-que-pasa-en-cuba\\\/\"]}]},{\"@type\":\"ImageObject\",\"inLanguage\":\"es\",\"@id\":\"https:\\\/\\\/www.cuballama.com\\\/noticias\\\/actriz-laura-ramos-habla-del-desarraigo-tras-salir-en-busca-de-libertad-es-insostenible-lo-que-pasa-en-cuba\\\/#primaryimage\",\"url\":\"https:\\\/\\\/cdn1.mediawpaccore.net\\\/wp-content\\\/uploads\\\/2026\\\/04\\\/29093840\\\/image-150.png\",\"contentUrl\":\"https:\\\/\\\/cdn1.mediawpaccore.net\\\/wp-content\\\/uploads\\\/2026\\\/04\\\/29093840\\\/image-150.png\",\"width\":1492,\"height\":846,\"caption\":\"Foto: Video Screenshot v\u00eda https:\\\/\\\/www.youtube.com\\\/@LaCasaDeMaka\"},{\"@type\":\"BreadcrumbList\",\"@id\":\"https:\\\/\\\/www.cuballama.com\\\/noticias\\\/actriz-laura-ramos-habla-del-desarraigo-tras-salir-en-busca-de-libertad-es-insostenible-lo-que-pasa-en-cuba\\\/#breadcrumb\",\"itemListElement\":[{\"@type\":\"ListItem\",\"position\":1,\"name\":\"Home\",\"item\":\"https:\\\/\\\/www.cuballama.com\\\/noticias\\\/\"},{\"@type\":\"ListItem\",\"position\":2,\"name\":\"Actriz Laura Ramos habla del desarraigo tras salir en busca de libertad: \u201cEs insostenible lo que pasa en Cuba\u201d\"}]},{\"@type\":\"WebSite\",\"@id\":\"https:\\\/\\\/www.cuballama.com\\\/noticias\\\/#website\",\"url\":\"https:\\\/\\\/www.cuballama.com\\\/noticias\\\/\",\"name\":\"Cuballama Noticias\",\"description\":\"Medio digital sobre Cuba y el mundo\",\"publisher\":{\"@id\":\"https:\\\/\\\/www.cuballama.com\\\/noticias\\\/#organization\"},\"potentialAction\":[{\"@type\":\"SearchAction\",\"target\":{\"@type\":\"EntryPoint\",\"urlTemplate\":\"https:\\\/\\\/www.cuballama.com\\\/noticias\\\/?s={search_term_string}\"},\"query-input\":{\"@type\":\"PropertyValueSpecification\",\"valueRequired\":true,\"valueName\":\"search_term_string\"}}],\"inLanguage\":\"es\"},{\"@type\":\"Organization\",\"@id\":\"https:\\\/\\\/www.cuballama.com\\\/noticias\\\/#organization\",\"name\":\"Cuballama\",\"url\":\"https:\\\/\\\/www.cuballama.com\\\/noticias\\\/\",\"logo\":{\"@type\":\"ImageObject\",\"inLanguage\":\"es\",\"@id\":\"https:\\\/\\\/www.cuballama.com\\\/noticias\\\/#\\\/schema\\\/logo\\\/image\\\/\",\"url\":\"https:\\\/\\\/cdn1.mediawpaccore.net\\\/wp-content\\\/uploads\\\/2021\\\/12\\\/28171206\\\/cbll-logo-color-sm.png\",\"contentUrl\":\"https:\\\/\\\/cdn1.mediawpaccore.net\\\/wp-content\\\/uploads\\\/2021\\\/12\\\/28171206\\\/cbll-logo-color-sm.png\",\"width\":600,\"height\":133,\"caption\":\"Cuballama\"},\"image\":{\"@id\":\"https:\\\/\\\/www.cuballama.com\\\/noticias\\\/#\\\/schema\\\/logo\\\/image\\\/\"},\"sameAs\":[\"https:\\\/\\\/www.facebook.com\\\/CubaLlama\",\"https:\\\/\\\/x.com\\\/cuballama\",\"https:\\\/\\\/www.instagram.com\\\/stories\\\/cuballama_oficial\\\/\",\"https:\\\/\\\/www.youtube.com\\\/channel\\\/UCKkFE-d_axENGZcrc4as0IA\"]},{\"@type\":\"Person\",\"@id\":\"https:\\\/\\\/www.cuballama.com\\\/noticias\\\/#\\\/schema\\\/person\\\/a58502ed4146c8e9f83872e897c76cd2\",\"name\":\"Roberto A.\",\"description\":\"Roberto A. Periodista por decisi\u00f3n propia. Interesado en cualquier tema que me apasione y cada vez m\u00e1s comprometido con la verdad y la objetividad period\u00edstica. Graduado en La Habana hace ya muchos a\u00f1os, luego de una accidentada y polvorienta b\u00fasqueda de informaci\u00f3n sobre un tema in\u00e9dito. La Tesis, por cierto, desapareci\u00f3 de la biblioteca y no se conservan copias de la misma.\",\"url\":\"https:\\\/\\\/www.cuballama.com\\\/noticias\\\/author\\\/roberto\\\/\"}]}<\/script>\n<!-- \/ Yoast SEO plugin. -->","yoast_head_json":{"title":"Actriz Laura Ramos habla del desarraigo tras salir en busca de libertad: \u201cEs insostenible lo que pasa en Cuba\u201d - Cuballama Noticias","description":"Actriz cubana Laura Ramos llega a \"La Casa de Maka\" y habla del desarraigo tras emigrar y afirma que la situaci\u00f3n en Cuba es insostenible","robots":{"index":"index","follow":"follow","max-snippet":"max-snippet:-1","max-image-preview":"max-image-preview:large","max-video-preview":"max-video-preview:-1"},"canonical":"https:\/\/www.cuballama.com\/noticias\/actriz-laura-ramos-habla-del-desarraigo-tras-salir-en-busca-de-libertad-es-insostenible-lo-que-pasa-en-cuba\/","og_locale":"es_ES","og_type":"article","og_title":"Actriz Laura Ramos habla del desarraigo tras salir en busca de libertad: \u201cEs insostenible lo que pasa en Cuba\u201d - Cuballama Noticias","og_description":"Actriz cubana Laura Ramos llega a \"La Casa de Maka\" y habla del desarraigo tras emigrar y afirma que la situaci\u00f3n en Cuba es insostenible","og_url":"https:\/\/www.cuballama.com\/noticias\/actriz-laura-ramos-habla-del-desarraigo-tras-salir-en-busca-de-libertad-es-insostenible-lo-que-pasa-en-cuba\/","og_site_name":"Cuballama Noticias","article_publisher":"https:\/\/www.facebook.com\/CubaLlama","article_published_time":"2026-04-29T15:50:56+00:00","article_modified_time":"2026-04-29T15:50:58+00:00","og_image":[{"width":1492,"height":846,"url":"https:\/\/cdn1.mediawpaccore.net\/wp-content\/uploads\/2026\/04\/29093840\/image-150.png","type":"image\/png"}],"author":"Roberto A.","twitter_card":"summary_large_image","twitter_creator":"@cuballama","twitter_site":"@cuballama","twitter_misc":{"Escrito por":"Roberto A.","Tiempo de lectura":"4 minutos"},"schema":{"@context":"https:\/\/schema.org","@graph":[{"@type":"Article","@id":"https:\/\/www.cuballama.com\/noticias\/actriz-laura-ramos-habla-del-desarraigo-tras-salir-en-busca-de-libertad-es-insostenible-lo-que-pasa-en-cuba\/#article","isPartOf":{"@id":"https:\/\/www.cuballama.com\/noticias\/actriz-laura-ramos-habla-del-desarraigo-tras-salir-en-busca-de-libertad-es-insostenible-lo-que-pasa-en-cuba\/"},"author":{"name":"Roberto A.","@id":"https:\/\/www.cuballama.com\/noticias\/#\/schema\/person\/a58502ed4146c8e9f83872e897c76cd2"},"headline":"Actriz Laura Ramos habla del desarraigo tras salir en busca de libertad: \u201cEs insostenible lo que pasa en Cuba\u201d","datePublished":"2026-04-29T15:50:56+00:00","dateModified":"2026-04-29T15:50:58+00:00","mainEntityOfPage":{"@id":"https:\/\/www.cuballama.com\/noticias\/actriz-laura-ramos-habla-del-desarraigo-tras-salir-en-busca-de-libertad-es-insostenible-lo-que-pasa-en-cuba\/"},"wordCount":795,"commentCount":0,"publisher":{"@id":"https:\/\/www.cuballama.com\/noticias\/#organization"},"image":{"@id":"https:\/\/www.cuballama.com\/noticias\/actriz-laura-ramos-habla-del-desarraigo-tras-salir-en-busca-de-libertad-es-insostenible-lo-que-pasa-en-cuba\/#primaryimage"},"thumbnailUrl":"https:\/\/cdn1.mediawpaccore.net\/wp-content\/uploads\/2026\/04\/29093840\/image-150.png","keywords":["Actores Cubanos","actriz cubana","Crisis en Cuba","Cuba","desarraigo","Entrev\u00edas","Exilio Cubano","La Casa de Maka","Laura Ramos","Miami"],"articleSection":["Far\u00e1ndula","Noticias","Noticias de Cuba","Noticias de Miami"],"inLanguage":"es","potentialAction":[{"@type":"CommentAction","name":"Comment","target":["https:\/\/www.cuballama.com\/noticias\/actriz-laura-ramos-habla-del-desarraigo-tras-salir-en-busca-de-libertad-es-insostenible-lo-que-pasa-en-cuba\/#respond"]}]},{"@type":"WebPage","@id":"https:\/\/www.cuballama.com\/noticias\/actriz-laura-ramos-habla-del-desarraigo-tras-salir-en-busca-de-libertad-es-insostenible-lo-que-pasa-en-cuba\/","url":"https:\/\/www.cuballama.com\/noticias\/actriz-laura-ramos-habla-del-desarraigo-tras-salir-en-busca-de-libertad-es-insostenible-lo-que-pasa-en-cuba\/","name":"Actriz Laura Ramos habla del desarraigo tras salir en busca de libertad: \u201cEs insostenible lo que pasa en Cuba\u201d - Cuballama Noticias","isPartOf":{"@id":"https:\/\/www.cuballama.com\/noticias\/#website"},"primaryImageOfPage":{"@id":"https:\/\/www.cuballama.com\/noticias\/actriz-laura-ramos-habla-del-desarraigo-tras-salir-en-busca-de-libertad-es-insostenible-lo-que-pasa-en-cuba\/#primaryimage"},"image":{"@id":"https:\/\/www.cuballama.com\/noticias\/actriz-laura-ramos-habla-del-desarraigo-tras-salir-en-busca-de-libertad-es-insostenible-lo-que-pasa-en-cuba\/#primaryimage"},"thumbnailUrl":"https:\/\/cdn1.mediawpaccore.net\/wp-content\/uploads\/2026\/04\/29093840\/image-150.png","datePublished":"2026-04-29T15:50:56+00:00","dateModified":"2026-04-29T15:50:58+00:00","description":"Actriz cubana Laura Ramos llega a \"La Casa de Maka\" y habla del desarraigo tras emigrar y afirma que la situaci\u00f3n en Cuba es insostenible","breadcrumb":{"@id":"https:\/\/www.cuballama.com\/noticias\/actriz-laura-ramos-habla-del-desarraigo-tras-salir-en-busca-de-libertad-es-insostenible-lo-que-pasa-en-cuba\/#breadcrumb"},"inLanguage":"es","potentialAction":[{"@type":"ReadAction","target":["https:\/\/www.cuballama.com\/noticias\/actriz-laura-ramos-habla-del-desarraigo-tras-salir-en-busca-de-libertad-es-insostenible-lo-que-pasa-en-cuba\/"]}]},{"@type":"ImageObject","inLanguage":"es","@id":"https:\/\/www.cuballama.com\/noticias\/actriz-laura-ramos-habla-del-desarraigo-tras-salir-en-busca-de-libertad-es-insostenible-lo-que-pasa-en-cuba\/#primaryimage","url":"https:\/\/cdn1.mediawpaccore.net\/wp-content\/uploads\/2026\/04\/29093840\/image-150.png","contentUrl":"https:\/\/cdn1.mediawpaccore.net\/wp-content\/uploads\/2026\/04\/29093840\/image-150.png","width":1492,"height":846,"caption":"Foto: Video Screenshot v\u00eda https:\/\/www.youtube.com\/@LaCasaDeMaka"},{"@type":"BreadcrumbList","@id":"https:\/\/www.cuballama.com\/noticias\/actriz-laura-ramos-habla-del-desarraigo-tras-salir-en-busca-de-libertad-es-insostenible-lo-que-pasa-en-cuba\/#breadcrumb","itemListElement":[{"@type":"ListItem","position":1,"name":"Home","item":"https:\/\/www.cuballama.com\/noticias\/"},{"@type":"ListItem","position":2,"name":"Actriz Laura Ramos habla del desarraigo tras salir en busca de libertad: \u201cEs insostenible lo que pasa en Cuba\u201d"}]},{"@type":"WebSite","@id":"https:\/\/www.cuballama.com\/noticias\/#website","url":"https:\/\/www.cuballama.com\/noticias\/","name":"Cuballama Noticias","description":"Medio digital sobre Cuba y el mundo","publisher":{"@id":"https:\/\/www.cuballama.com\/noticias\/#organization"},"potentialAction":[{"@type":"SearchAction","target":{"@type":"EntryPoint","urlTemplate":"https:\/\/www.cuballama.com\/noticias\/?s={search_term_string}"},"query-input":{"@type":"PropertyValueSpecification","valueRequired":true,"valueName":"search_term_string"}}],"inLanguage":"es"},{"@type":"Organization","@id":"https:\/\/www.cuballama.com\/noticias\/#organization","name":"Cuballama","url":"https:\/\/www.cuballama.com\/noticias\/","logo":{"@type":"ImageObject","inLanguage":"es","@id":"https:\/\/www.cuballama.com\/noticias\/#\/schema\/logo\/image\/","url":"https:\/\/cdn1.mediawpaccore.net\/wp-content\/uploads\/2021\/12\/28171206\/cbll-logo-color-sm.png","contentUrl":"https:\/\/cdn1.mediawpaccore.net\/wp-content\/uploads\/2021\/12\/28171206\/cbll-logo-color-sm.png","width":600,"height":133,"caption":"Cuballama"},"image":{"@id":"https:\/\/www.cuballama.com\/noticias\/#\/schema\/logo\/image\/"},"sameAs":["https:\/\/www.facebook.com\/CubaLlama","https:\/\/x.com\/cuballama","https:\/\/www.instagram.com\/stories\/cuballama_oficial\/","https:\/\/www.youtube.com\/channel\/UCKkFE-d_axENGZcrc4as0IA"]},{"@type":"Person","@id":"https:\/\/www.cuballama.com\/noticias\/#\/schema\/person\/a58502ed4146c8e9f83872e897c76cd2","name":"Roberto A.","description":"Roberto A. Periodista por decisi\u00f3n propia. Interesado en cualquier tema que me apasione y cada vez m\u00e1s comprometido con la verdad y la objetividad period\u00edstica. Graduado en La Habana hace ya muchos a\u00f1os, luego de una accidentada y polvorienta b\u00fasqueda de informaci\u00f3n sobre un tema in\u00e9dito. La Tesis, por cierto, desapareci\u00f3 de la biblioteca y no se conservan copias de la misma.","url":"https:\/\/www.cuballama.com\/noticias\/author\/roberto\/"}]}},"_links":{"self":[{"href":"https:\/\/www.cuballama.com\/noticias\/wp-json\/wp\/v2\/posts\/242876","targetHints":{"allow":["GET"]}}],"collection":[{"href":"https:\/\/www.cuballama.com\/noticias\/wp-json\/wp\/v2\/posts"}],"about":[{"href":"https:\/\/www.cuballama.com\/noticias\/wp-json\/wp\/v2\/types\/post"}],"author":[{"embeddable":true,"href":"https:\/\/www.cuballama.com\/noticias\/wp-json\/wp\/v2\/users\/13"}],"replies":[{"embeddable":true,"href":"https:\/\/www.cuballama.com\/noticias\/wp-json\/wp\/v2\/comments?post=242876"}],"version-history":[{"count":4,"href":"https:\/\/www.cuballama.com\/noticias\/wp-json\/wp\/v2\/posts\/242876\/revisions"}],"predecessor-version":[{"id":242881,"href":"https:\/\/www.cuballama.com\/noticias\/wp-json\/wp\/v2\/posts\/242876\/revisions\/242881"}],"wp:featuredmedia":[{"embeddable":true,"href":"https:\/\/www.cuballama.com\/noticias\/wp-json\/wp\/v2\/media\/242880"}],"wp:attachment":[{"href":"https:\/\/www.cuballama.com\/noticias\/wp-json\/wp\/v2\/media?parent=242876"}],"wp:term":[{"taxonomy":"category","embeddable":true,"href":"https:\/\/www.cuballama.com\/noticias\/wp-json\/wp\/v2\/categories?post=242876"},{"taxonomy":"post_tag","embeddable":true,"href":"https:\/\/www.cuballama.com\/noticias\/wp-json\/wp\/v2\/tags?post=242876"}],"curies":[{"name":"wp","href":"https:\/\/api.w.org\/{rel}","templated":true}]}}