{"id":242869,"date":"2026-04-29T09:46:35","date_gmt":"2026-04-29T13:46:35","guid":{"rendered":"https:\/\/www.cuballama.com\/noticias\/?p=242869"},"modified":"2026-04-29T09:46:38","modified_gmt":"2026-04-29T13:46:38","slug":"claudia-artiles-se-somete-a-una-cirugia-estetica-quiero-ponerme-un-bikini-y-estar-comoda","status":"publish","type":"post","link":"https:\/\/www.cuballama.com\/noticias\/claudia-artiles-se-somete-a-una-cirugia-estetica-quiero-ponerme-un-bikini-y-estar-comoda\/","title":{"rendered":"Claudia Artiles se somete a una cirug\u00eda est\u00e9tica: \u201cQuiero ponerme un bikini y estar c\u00f3moda\u201d"},"content":{"rendered":"\n<p>Claudia Artiles eligi\u00f3 operarse y el mundo de las redes lo supo de la manera m\u00e1s directa posible. La influencer cubana comparti\u00f3 un video en TikTok grabado minutos antes de su intervenci\u00f3n quir\u00fargica. \u00abSi est\u00e1s viendo este video es porque estoy operada ahora mismo, me hice la cuerpa o me est\u00e1n operando\u00bb, dijo sin rodeos frente a la c\u00e1mara.<\/p>\n\n\n\n<p>Durante meses, sus seguidores la vieron debatirse entre dos caminos que parec\u00edan incompatibles. Claudia Artiles hab\u00eda expresado p\u00fablicamente su deseo de volver a ser madre, pero una realidad m\u00e9dica torci\u00f3 esos planes.<\/p>\n\n\n\n<h2 class=\"wp-block-heading\">Claudia Artiles parece problemas hormonales<\/h2>\n\n\n\n<p>Su m\u00e9dico le confirm\u00f3 un cuadro hormonal severo que le impide concebir en este momento. Esa noticia fue determinante para tomar la decisi\u00f3n que ven\u00eda aplazando desde hace meses.<\/p>\n\n\n\n<p>\u00abYo no quiero dejar mi vida en pausa hasta que eso suceda\u00bb, afirm\u00f3 la creadora de contenido. La frase resume una postura que contrasta con lo que hab\u00eda dicho anteriormente sobre priorizar la maternidad.<\/p>\n\n\n\n<figure class=\"wp-block-embed is-type-video is-provider-tiktok wp-block-embed-tiktok\"><div class=\"wp-block-embed__wrapper\">\n<blockquote class=\"tiktok-embed\" cite=\"https:\/\/www.tiktok.com\/@claudiaartilesa\/video\/7633758019280440607\" data-video-id=\"7633758019280440607\" data-embed-from=\"oembed\" style=\"max-width:605px; min-width:325px;\"> <section> <a target=\"_blank\" title=\"@claudiaartilesa\" href=\"https:\/\/www.tiktok.com\/@claudiaartilesa?refer=embed\">@claudiaartilesa<\/a> <p>Tres Doritos despu\u00e9s \ud83e\udd2d\ud83e\udd23Estoy lista para esta nueva versi\u00f3n de mi \u2764\ufe0f\u200d\ud83d\udd25 @Team_marlon @\ud83e\udee1UltrackPlay @Ultrack <a title=\"capcut\" target=\"_blank\" href=\"https:\/\/www.tiktok.com\/tag\/capcut?refer=embed\">#CapCut<\/a> <a title=\"paratiiiiiiiiiiiiiiiiiiiiiiiiiiiiiii\" target=\"_blank\" href=\"https:\/\/www.tiktok.com\/tag\/paratiiiiiiiiiiiiiiiiiiiiiiiiiiiiiii?refer=embed\">#paratiiiiiiiiiiiiiiiiiiiiiiiiiiiiiii<\/a> <a title=\"cambios\" target=\"_blank\" href=\"https:\/\/www.tiktok.com\/tag\/cambios?refer=embed\">#cambios<\/a> <a title=\"mujer\" target=\"_blank\" href=\"https:\/\/www.tiktok.com\/tag\/mujer?refer=embed\">#mujer<\/a> <a title=\"claudia\" target=\"_blank\" href=\"https:\/\/www.tiktok.com\/tag\/claudia?refer=embed\">#claudia<\/a> <\/p> <a target=\"_blank\" title=\"\u266c sonido original - claudiaartilesa \u2764\ufe0f\u200d\ud83d\udd25\" href=\"https:\/\/www.tiktok.com\/music\/sonido-original-7633758109877439262?refer=embed\">\u266c sonido original &#8211; claudiaartilesa \u2764\ufe0f\u200d\ud83d\udd25<\/a> <\/section> <\/blockquote> <script async src=\"https:\/\/www.tiktok.com\/embed.js\"><\/script>\n<\/div><\/figure>\n\n\n\n<p>Junto a Ultrack, su pareja y tambi\u00e9n figura p\u00fablica en redes, decidieron que la cirug\u00eda pl\u00e1stica no pod\u00eda seguir esperando. Ambos evaluaron la situaci\u00f3n y coincidieron en que este era el momento adecuado.<\/p>\n\n\n\n<p>Lejos de renunciar para siempre, la influencer dej\u00f3 claro que volver\u00e1 a intentarlo cuando las condiciones lo permitan. \u00abEn dos, tres a\u00f1os vuelvo a intentar ser mam\u00e1 y si Dios me lo manda, felicidades, y si no, pues me quedo con Marlon nada m\u00e1s\u00bb, expres\u00f3 con naturalidad.<\/p>\n\n\n\n<p><strong>Lea m\u00e1s: <a href=\"https:\/\/www.cuballama.com\/noticias\/video-de-claudia-artiles-levanta-preocupacion-de-sus-fans-ese-bueno-para-nada-la-tiene-destruida\/\" target=\"_blank\" rel=\"noreferrer noopener\">Video de Claudia Artiles levanta preocupaci\u00f3n de sus fans: \u201cEse bueno para nada la tiene destruida\u201d<\/a><\/strong><\/p>\n\n\n\n<p>Lo que s\u00ed descart\u00f3 fue seguir forzando un proceso que le estaba pasando factura emocional. \u00abNo voy a intentarlo, intentarlo, intentarlo, porque siento que me est\u00e1 haciendo da\u00f1o\u00bb, confes\u00f3.<\/p>\n\n\n\n<h2 class=\"wp-block-heading\">\u00abQuiero sentirme bien con mi cuerpo\u00bb<\/h2>\n\n\n\n<p>Su motivaci\u00f3n para la cirug\u00eda pl\u00e1stica tuvo un componente muy personal. \u00abQuiero sentirme bien, quiero ponerme un vestido y que la panza no me sobre, quiero ponerme un bikini cuando yo vaya a la playa con Ultrack y estar c\u00f3moda\u00bb, explic\u00f3.<\/p>\n\n\n\n<p>El recorrido hasta esta operaci\u00f3n acumul\u00f3 giros inesperados. En septiembre del a\u00f1o pasado, Claudia Artiles revel\u00f3 por primera vez que planeaba someterse a una intervenci\u00f3n est\u00e9tica antes de buscar otro embarazo. Un mes despu\u00e9s reafirm\u00f3 su intenci\u00f3n p\u00fablicamente.<\/p>\n\n\n\n<p>Todo se detuvo cuando los ex\u00e1menes previos a la cirug\u00eda arrojaron un resultado que nadie esperaba: estaba embarazada. Aquel embarazo, fruto de su relaci\u00f3n con Ultrack, oblig\u00f3 a posponer la operaci\u00f3n.<\/p>\n\n\n\n<figure class=\"wp-block-embed is-type-video is-provider-tiktok wp-block-embed-tiktok\"><div class=\"wp-block-embed__wrapper\">\n<blockquote class=\"tiktok-embed\" cite=\"https:\/\/www.tiktok.com\/@claudiaartilesa\/video\/7632746011793952030\" data-video-id=\"7632746011793952030\" data-embed-from=\"oembed\" style=\"max-width:605px; min-width:325px;\"> <section> <a target=\"_blank\" title=\"@claudiaartilesa\" href=\"https:\/\/www.tiktok.com\/@claudiaartilesa?refer=embed\">@claudiaartilesa<\/a> <p>Respuesta a @Niurka Prieto Para m\u00ed s\u00ed era necesario \ud83e\udd70 @Team_marlon @\ud83e\udee1UltrackPlay @Ultrack <a title=\"paratiiiiiiiiiiiiiiiiiiiiiiiiiiiiiii\" target=\"_blank\" href=\"https:\/\/www.tiktok.com\/tag\/paratiiiiiiiiiiiiiiiiiiiiiiiiiiiiiii?refer=embed\">#paratiiiiiiiiiiiiiiiiiiiiiiiiiiiiiii<\/a> <a title=\"claudia\" target=\"_blank\" href=\"https:\/\/www.tiktok.com\/tag\/claudia?refer=embed\">#claudia<\/a> <a title=\"mujer\" target=\"_blank\" href=\"https:\/\/www.tiktok.com\/tag\/mujer?refer=embed\">#mujer<\/a> <a title=\"mujeresqueinspiran\" target=\"_blank\" href=\"https:\/\/www.tiktok.com\/tag\/mujeresqueinspiran?refer=embed\">#mujeresqueinspiran<\/a> <a title=\"moda\" target=\"_blank\" href=\"https:\/\/www.tiktok.com\/tag\/moda?refer=embed\">#moda<\/a> <\/p> <a target=\"_blank\" title=\"\u266c sonido original - claudiaartilesa \u2764\ufe0f\u200d\ud83d\udd25\" href=\"https:\/\/www.tiktok.com\/music\/sonido-original-7632746113317604126?refer=embed\">\u266c sonido original &#8211; claudiaartilesa \u2764\ufe0f\u200d\ud83d\udd25<\/a> <\/section> <\/blockquote> <script async src=\"https:\/\/www.tiktok.com\/embed.js\"><\/script>\n<\/div><\/figure>\n\n\n\n<p>En enero de este a\u00f1o, la p\u00e9rdida gestacional espont\u00e1nea trajo consigo un diagn\u00f3stico adicional: s\u00edndrome de ovarios poliqu\u00edsticos. Esa condici\u00f3n dificulta futuras concepciones y termin\u00f3 de definir el orden de prioridades.<\/p>\n\n\n\n<p>La decisi\u00f3n de Claudia Artiles refleja algo que muchas mujeres enfrentan en silencio. Elegir entre el cuerpo que desean habitar hoy y la posibilidad de una maternidad futura no es sencillo, y hacerlo p\u00fablico frente a millones de seguidores a\u00f1ade una capa de presi\u00f3n que pocos entienden.<\/p>\n\n\n\n<p><\/p>\n","protected":false},"excerpt":{"rendered":"<p>La influencer cubana grab\u00f3 un mensaje antes de entrar al quir\u00f3fano donde explic\u00f3 por qu\u00e9 dej\u00f3 de esperar<\/p>\n","protected":false},"author":27,"featured_media":242882,"comment_status":"open","ping_status":"closed","sticky":false,"template":"","format":"standard","meta":{"_acf_changed":false,"footnotes":""},"categories":[443],"tags":[21190,9001,23580,11050,7800,14245,17763],"class_list":{"0":"post-242869","1":"post","2":"type-post","3":"status-publish","4":"format-standard","5":"has-post-thumbnail","7":"category-farandula","8":"tag-cirugia-estetica-2","9":"tag-cirugia-plastica","10":"tag-claudia-artiles","11":"tag-cubanos-en-miami","12":"tag-embarazo","13":"tag-influencer-cubana","14":"tag-ultrack"},"acf":[],"yoast_head":"<!-- This site is optimized with the Yoast SEO plugin v27.4 - https:\/\/yoast.com\/product\/yoast-seo-wordpress\/ -->\n<title>Claudia Artiles se somete a una cirug\u00eda est\u00e9tica: \u201cQuiero ponerme un bikini y estar c\u00f3moda\u201d - Cuballama Noticias<\/title>\n<meta name=\"description\" content=\"Claudia Artiles anuncia su cirug\u00eda est\u00e9tica y explica por qu\u00e9 fren\u00f3 sus planes de maternidad tras meses de espera\" \/>\n<meta name=\"robots\" content=\"index, follow, max-snippet:-1, max-image-preview:large, max-video-preview:-1\" \/>\n<link rel=\"canonical\" href=\"https:\/\/www.cuballama.com\/noticias\/claudia-artiles-se-somete-a-una-cirugia-estetica-quiero-ponerme-un-bikini-y-estar-comoda\/\" \/>\n<meta property=\"og:locale\" content=\"es_ES\" \/>\n<meta property=\"og:type\" content=\"article\" \/>\n<meta property=\"og:title\" content=\"Claudia Artiles se somete a una cirug\u00eda est\u00e9tica: \u201cQuiero ponerme un bikini y estar c\u00f3moda\u201d - Cuballama Noticias\" \/>\n<meta property=\"og:description\" content=\"Claudia Artiles anuncia su cirug\u00eda est\u00e9tica y explica por qu\u00e9 fren\u00f3 sus planes de maternidad tras meses de espera\" \/>\n<meta property=\"og:url\" content=\"https:\/\/www.cuballama.com\/noticias\/claudia-artiles-se-somete-a-una-cirugia-estetica-quiero-ponerme-un-bikini-y-estar-comoda\/\" \/>\n<meta property=\"og:site_name\" content=\"Cuballama Noticias\" \/>\n<meta property=\"article:publisher\" content=\"https:\/\/www.facebook.com\/CubaLlama\" \/>\n<meta property=\"article:published_time\" content=\"2026-04-29T13:46:35+00:00\" \/>\n<meta property=\"article:modified_time\" content=\"2026-04-29T13:46:38+00:00\" \/>\n<meta property=\"og:image\" content=\"https:\/\/cdn1.mediawpaccore.net\/wp-content\/uploads\/2026\/04\/29094549\/Claudia-Artiles-se-somete-a-una-cirugia-estetica.jpeg\" \/>\n\t<meta property=\"og:image:width\" content=\"1875\" \/>\n\t<meta property=\"og:image:height\" content=\"1193\" \/>\n\t<meta property=\"og:image:type\" content=\"image\/jpeg\" \/>\n<meta name=\"author\" content=\"Rafa\" \/>\n<meta name=\"twitter:card\" content=\"summary_large_image\" \/>\n<meta name=\"twitter:creator\" content=\"@cuballama\" \/>\n<meta name=\"twitter:site\" content=\"@cuballama\" \/>\n<meta name=\"twitter:label1\" content=\"Escrito por\" \/>\n\t<meta name=\"twitter:data1\" content=\"Rafa\" \/>\n\t<meta name=\"twitter:label2\" content=\"Tiempo de lectura\" \/>\n\t<meta name=\"twitter:data2\" content=\"3 minutos\" \/>\n<script type=\"application\/ld+json\" class=\"yoast-schema-graph\">{\"@context\":\"https:\\\/\\\/schema.org\",\"@graph\":[{\"@type\":\"Article\",\"@id\":\"https:\\\/\\\/www.cuballama.com\\\/noticias\\\/claudia-artiles-se-somete-a-una-cirugia-estetica-quiero-ponerme-un-bikini-y-estar-comoda\\\/#article\",\"isPartOf\":{\"@id\":\"https:\\\/\\\/www.cuballama.com\\\/noticias\\\/claudia-artiles-se-somete-a-una-cirugia-estetica-quiero-ponerme-un-bikini-y-estar-comoda\\\/\"},\"author\":{\"name\":\"Rafa\",\"@id\":\"https:\\\/\\\/www.cuballama.com\\\/noticias\\\/#\\\/schema\\\/person\\\/0f97914526a658755f00e59ec2a832f2\"},\"headline\":\"Claudia Artiles se somete a una cirug\u00eda est\u00e9tica: \u201cQuiero ponerme un bikini y estar c\u00f3moda\u201d\",\"datePublished\":\"2026-04-29T13:46:35+00:00\",\"dateModified\":\"2026-04-29T13:46:38+00:00\",\"mainEntityOfPage\":{\"@id\":\"https:\\\/\\\/www.cuballama.com\\\/noticias\\\/claudia-artiles-se-somete-a-una-cirugia-estetica-quiero-ponerme-un-bikini-y-estar-comoda\\\/\"},\"wordCount\":581,\"commentCount\":0,\"publisher\":{\"@id\":\"https:\\\/\\\/www.cuballama.com\\\/noticias\\\/#organization\"},\"image\":{\"@id\":\"https:\\\/\\\/www.cuballama.com\\\/noticias\\\/claudia-artiles-se-somete-a-una-cirugia-estetica-quiero-ponerme-un-bikini-y-estar-comoda\\\/#primaryimage\"},\"thumbnailUrl\":\"https:\\\/\\\/cdn1.mediawpaccore.net\\\/wp-content\\\/uploads\\\/2026\\\/04\\\/29094549\\\/Claudia-Artiles-se-somete-a-una-cirugia-estetica.jpeg\",\"keywords\":[\"cirug\u00eda est\u00e9tica\",\"Cirug\u00eda Pl\u00e1stica\",\"Claudia Artiles\",\"cubanos en Miami\",\"embarazo\",\"influencer cubana\",\"Ultrack\"],\"articleSection\":[\"Far\u00e1ndula\"],\"inLanguage\":\"es\",\"potentialAction\":[{\"@type\":\"CommentAction\",\"name\":\"Comment\",\"target\":[\"https:\\\/\\\/www.cuballama.com\\\/noticias\\\/claudia-artiles-se-somete-a-una-cirugia-estetica-quiero-ponerme-un-bikini-y-estar-comoda\\\/#respond\"]}]},{\"@type\":\"WebPage\",\"@id\":\"https:\\\/\\\/www.cuballama.com\\\/noticias\\\/claudia-artiles-se-somete-a-una-cirugia-estetica-quiero-ponerme-un-bikini-y-estar-comoda\\\/\",\"url\":\"https:\\\/\\\/www.cuballama.com\\\/noticias\\\/claudia-artiles-se-somete-a-una-cirugia-estetica-quiero-ponerme-un-bikini-y-estar-comoda\\\/\",\"name\":\"Claudia Artiles se somete a una cirug\u00eda est\u00e9tica: \u201cQuiero ponerme un bikini y estar c\u00f3moda\u201d - Cuballama Noticias\",\"isPartOf\":{\"@id\":\"https:\\\/\\\/www.cuballama.com\\\/noticias\\\/#website\"},\"primaryImageOfPage\":{\"@id\":\"https:\\\/\\\/www.cuballama.com\\\/noticias\\\/claudia-artiles-se-somete-a-una-cirugia-estetica-quiero-ponerme-un-bikini-y-estar-comoda\\\/#primaryimage\"},\"image\":{\"@id\":\"https:\\\/\\\/www.cuballama.com\\\/noticias\\\/claudia-artiles-se-somete-a-una-cirugia-estetica-quiero-ponerme-un-bikini-y-estar-comoda\\\/#primaryimage\"},\"thumbnailUrl\":\"https:\\\/\\\/cdn1.mediawpaccore.net\\\/wp-content\\\/uploads\\\/2026\\\/04\\\/29094549\\\/Claudia-Artiles-se-somete-a-una-cirugia-estetica.jpeg\",\"datePublished\":\"2026-04-29T13:46:35+00:00\",\"dateModified\":\"2026-04-29T13:46:38+00:00\",\"description\":\"Claudia Artiles anuncia su cirug\u00eda est\u00e9tica y explica por qu\u00e9 fren\u00f3 sus planes de maternidad tras meses de espera\",\"breadcrumb\":{\"@id\":\"https:\\\/\\\/www.cuballama.com\\\/noticias\\\/claudia-artiles-se-somete-a-una-cirugia-estetica-quiero-ponerme-un-bikini-y-estar-comoda\\\/#breadcrumb\"},\"inLanguage\":\"es\",\"potentialAction\":[{\"@type\":\"ReadAction\",\"target\":[\"https:\\\/\\\/www.cuballama.com\\\/noticias\\\/claudia-artiles-se-somete-a-una-cirugia-estetica-quiero-ponerme-un-bikini-y-estar-comoda\\\/\"]}]},{\"@type\":\"ImageObject\",\"inLanguage\":\"es\",\"@id\":\"https:\\\/\\\/www.cuballama.com\\\/noticias\\\/claudia-artiles-se-somete-a-una-cirugia-estetica-quiero-ponerme-un-bikini-y-estar-comoda\\\/#primaryimage\",\"url\":\"https:\\\/\\\/cdn1.mediawpaccore.net\\\/wp-content\\\/uploads\\\/2026\\\/04\\\/29094549\\\/Claudia-Artiles-se-somete-a-una-cirugia-estetica.jpeg\",\"contentUrl\":\"https:\\\/\\\/cdn1.mediawpaccore.net\\\/wp-content\\\/uploads\\\/2026\\\/04\\\/29094549\\\/Claudia-Artiles-se-somete-a-una-cirugia-estetica.jpeg\",\"width\":1875,\"height\":1193,\"caption\":\"Claudia Artiles se somete a una cirug\u00eda est\u00e9tica (Foto: Claudia Artiles\\\/Instagram)\"},{\"@type\":\"BreadcrumbList\",\"@id\":\"https:\\\/\\\/www.cuballama.com\\\/noticias\\\/claudia-artiles-se-somete-a-una-cirugia-estetica-quiero-ponerme-un-bikini-y-estar-comoda\\\/#breadcrumb\",\"itemListElement\":[{\"@type\":\"ListItem\",\"position\":1,\"name\":\"Home\",\"item\":\"https:\\\/\\\/www.cuballama.com\\\/noticias\\\/\"},{\"@type\":\"ListItem\",\"position\":2,\"name\":\"Claudia Artiles se somete a una cirug\u00eda est\u00e9tica: \u201cQuiero ponerme un bikini y estar c\u00f3moda\u201d\"}]},{\"@type\":\"WebSite\",\"@id\":\"https:\\\/\\\/www.cuballama.com\\\/noticias\\\/#website\",\"url\":\"https:\\\/\\\/www.cuballama.com\\\/noticias\\\/\",\"name\":\"Cuballama Noticias\",\"description\":\"Medio digital sobre Cuba y el mundo\",\"publisher\":{\"@id\":\"https:\\\/\\\/www.cuballama.com\\\/noticias\\\/#organization\"},\"potentialAction\":[{\"@type\":\"SearchAction\",\"target\":{\"@type\":\"EntryPoint\",\"urlTemplate\":\"https:\\\/\\\/www.cuballama.com\\\/noticias\\\/?s={search_term_string}\"},\"query-input\":{\"@type\":\"PropertyValueSpecification\",\"valueRequired\":true,\"valueName\":\"search_term_string\"}}],\"inLanguage\":\"es\"},{\"@type\":\"Organization\",\"@id\":\"https:\\\/\\\/www.cuballama.com\\\/noticias\\\/#organization\",\"name\":\"Cuballama\",\"url\":\"https:\\\/\\\/www.cuballama.com\\\/noticias\\\/\",\"logo\":{\"@type\":\"ImageObject\",\"inLanguage\":\"es\",\"@id\":\"https:\\\/\\\/www.cuballama.com\\\/noticias\\\/#\\\/schema\\\/logo\\\/image\\\/\",\"url\":\"https:\\\/\\\/cdn1.mediawpaccore.net\\\/wp-content\\\/uploads\\\/2021\\\/12\\\/28171206\\\/cbll-logo-color-sm.png\",\"contentUrl\":\"https:\\\/\\\/cdn1.mediawpaccore.net\\\/wp-content\\\/uploads\\\/2021\\\/12\\\/28171206\\\/cbll-logo-color-sm.png\",\"width\":600,\"height\":133,\"caption\":\"Cuballama\"},\"image\":{\"@id\":\"https:\\\/\\\/www.cuballama.com\\\/noticias\\\/#\\\/schema\\\/logo\\\/image\\\/\"},\"sameAs\":[\"https:\\\/\\\/www.facebook.com\\\/CubaLlama\",\"https:\\\/\\\/x.com\\\/cuballama\",\"https:\\\/\\\/www.instagram.com\\\/stories\\\/cuballama_oficial\\\/\",\"https:\\\/\\\/www.youtube.com\\\/channel\\\/UCKkFE-d_axENGZcrc4as0IA\"]},{\"@type\":\"Person\",\"@id\":\"https:\\\/\\\/www.cuballama.com\\\/noticias\\\/#\\\/schema\\\/person\\\/0f97914526a658755f00e59ec2a832f2\",\"name\":\"Rafa\",\"url\":\"https:\\\/\\\/www.cuballama.com\\\/noticias\\\/author\\\/rafa\\\/\"}]}<\/script>\n<!-- \/ Yoast SEO plugin. -->","yoast_head_json":{"title":"Claudia Artiles se somete a una cirug\u00eda est\u00e9tica: \u201cQuiero ponerme un bikini y estar c\u00f3moda\u201d - Cuballama Noticias","description":"Claudia Artiles anuncia su cirug\u00eda est\u00e9tica y explica por qu\u00e9 fren\u00f3 sus planes de maternidad tras meses de espera","robots":{"index":"index","follow":"follow","max-snippet":"max-snippet:-1","max-image-preview":"max-image-preview:large","max-video-preview":"max-video-preview:-1"},"canonical":"https:\/\/www.cuballama.com\/noticias\/claudia-artiles-se-somete-a-una-cirugia-estetica-quiero-ponerme-un-bikini-y-estar-comoda\/","og_locale":"es_ES","og_type":"article","og_title":"Claudia Artiles se somete a una cirug\u00eda est\u00e9tica: \u201cQuiero ponerme un bikini y estar c\u00f3moda\u201d - Cuballama Noticias","og_description":"Claudia Artiles anuncia su cirug\u00eda est\u00e9tica y explica por qu\u00e9 fren\u00f3 sus planes de maternidad tras meses de espera","og_url":"https:\/\/www.cuballama.com\/noticias\/claudia-artiles-se-somete-a-una-cirugia-estetica-quiero-ponerme-un-bikini-y-estar-comoda\/","og_site_name":"Cuballama Noticias","article_publisher":"https:\/\/www.facebook.com\/CubaLlama","article_published_time":"2026-04-29T13:46:35+00:00","article_modified_time":"2026-04-29T13:46:38+00:00","og_image":[{"width":1875,"height":1193,"url":"https:\/\/cdn1.mediawpaccore.net\/wp-content\/uploads\/2026\/04\/29094549\/Claudia-Artiles-se-somete-a-una-cirugia-estetica.jpeg","type":"image\/jpeg"}],"author":"Rafa","twitter_card":"summary_large_image","twitter_creator":"@cuballama","twitter_site":"@cuballama","twitter_misc":{"Escrito por":"Rafa","Tiempo de lectura":"3 minutos"},"schema":{"@context":"https:\/\/schema.org","@graph":[{"@type":"Article","@id":"https:\/\/www.cuballama.com\/noticias\/claudia-artiles-se-somete-a-una-cirugia-estetica-quiero-ponerme-un-bikini-y-estar-comoda\/#article","isPartOf":{"@id":"https:\/\/www.cuballama.com\/noticias\/claudia-artiles-se-somete-a-una-cirugia-estetica-quiero-ponerme-un-bikini-y-estar-comoda\/"},"author":{"name":"Rafa","@id":"https:\/\/www.cuballama.com\/noticias\/#\/schema\/person\/0f97914526a658755f00e59ec2a832f2"},"headline":"Claudia Artiles se somete a una cirug\u00eda est\u00e9tica: \u201cQuiero ponerme un bikini y estar c\u00f3moda\u201d","datePublished":"2026-04-29T13:46:35+00:00","dateModified":"2026-04-29T13:46:38+00:00","mainEntityOfPage":{"@id":"https:\/\/www.cuballama.com\/noticias\/claudia-artiles-se-somete-a-una-cirugia-estetica-quiero-ponerme-un-bikini-y-estar-comoda\/"},"wordCount":581,"commentCount":0,"publisher":{"@id":"https:\/\/www.cuballama.com\/noticias\/#organization"},"image":{"@id":"https:\/\/www.cuballama.com\/noticias\/claudia-artiles-se-somete-a-una-cirugia-estetica-quiero-ponerme-un-bikini-y-estar-comoda\/#primaryimage"},"thumbnailUrl":"https:\/\/cdn1.mediawpaccore.net\/wp-content\/uploads\/2026\/04\/29094549\/Claudia-Artiles-se-somete-a-una-cirugia-estetica.jpeg","keywords":["cirug\u00eda est\u00e9tica","Cirug\u00eda Pl\u00e1stica","Claudia Artiles","cubanos en Miami","embarazo","influencer cubana","Ultrack"],"articleSection":["Far\u00e1ndula"],"inLanguage":"es","potentialAction":[{"@type":"CommentAction","name":"Comment","target":["https:\/\/www.cuballama.com\/noticias\/claudia-artiles-se-somete-a-una-cirugia-estetica-quiero-ponerme-un-bikini-y-estar-comoda\/#respond"]}]},{"@type":"WebPage","@id":"https:\/\/www.cuballama.com\/noticias\/claudia-artiles-se-somete-a-una-cirugia-estetica-quiero-ponerme-un-bikini-y-estar-comoda\/","url":"https:\/\/www.cuballama.com\/noticias\/claudia-artiles-se-somete-a-una-cirugia-estetica-quiero-ponerme-un-bikini-y-estar-comoda\/","name":"Claudia Artiles se somete a una cirug\u00eda est\u00e9tica: \u201cQuiero ponerme un bikini y estar c\u00f3moda\u201d - Cuballama Noticias","isPartOf":{"@id":"https:\/\/www.cuballama.com\/noticias\/#website"},"primaryImageOfPage":{"@id":"https:\/\/www.cuballama.com\/noticias\/claudia-artiles-se-somete-a-una-cirugia-estetica-quiero-ponerme-un-bikini-y-estar-comoda\/#primaryimage"},"image":{"@id":"https:\/\/www.cuballama.com\/noticias\/claudia-artiles-se-somete-a-una-cirugia-estetica-quiero-ponerme-un-bikini-y-estar-comoda\/#primaryimage"},"thumbnailUrl":"https:\/\/cdn1.mediawpaccore.net\/wp-content\/uploads\/2026\/04\/29094549\/Claudia-Artiles-se-somete-a-una-cirugia-estetica.jpeg","datePublished":"2026-04-29T13:46:35+00:00","dateModified":"2026-04-29T13:46:38+00:00","description":"Claudia Artiles anuncia su cirug\u00eda est\u00e9tica y explica por qu\u00e9 fren\u00f3 sus planes de maternidad tras meses de espera","breadcrumb":{"@id":"https:\/\/www.cuballama.com\/noticias\/claudia-artiles-se-somete-a-una-cirugia-estetica-quiero-ponerme-un-bikini-y-estar-comoda\/#breadcrumb"},"inLanguage":"es","potentialAction":[{"@type":"ReadAction","target":["https:\/\/www.cuballama.com\/noticias\/claudia-artiles-se-somete-a-una-cirugia-estetica-quiero-ponerme-un-bikini-y-estar-comoda\/"]}]},{"@type":"ImageObject","inLanguage":"es","@id":"https:\/\/www.cuballama.com\/noticias\/claudia-artiles-se-somete-a-una-cirugia-estetica-quiero-ponerme-un-bikini-y-estar-comoda\/#primaryimage","url":"https:\/\/cdn1.mediawpaccore.net\/wp-content\/uploads\/2026\/04\/29094549\/Claudia-Artiles-se-somete-a-una-cirugia-estetica.jpeg","contentUrl":"https:\/\/cdn1.mediawpaccore.net\/wp-content\/uploads\/2026\/04\/29094549\/Claudia-Artiles-se-somete-a-una-cirugia-estetica.jpeg","width":1875,"height":1193,"caption":"Claudia Artiles se somete a una cirug\u00eda est\u00e9tica (Foto: Claudia Artiles\/Instagram)"},{"@type":"BreadcrumbList","@id":"https:\/\/www.cuballama.com\/noticias\/claudia-artiles-se-somete-a-una-cirugia-estetica-quiero-ponerme-un-bikini-y-estar-comoda\/#breadcrumb","itemListElement":[{"@type":"ListItem","position":1,"name":"Home","item":"https:\/\/www.cuballama.com\/noticias\/"},{"@type":"ListItem","position":2,"name":"Claudia Artiles se somete a una cirug\u00eda est\u00e9tica: \u201cQuiero ponerme un bikini y estar c\u00f3moda\u201d"}]},{"@type":"WebSite","@id":"https:\/\/www.cuballama.com\/noticias\/#website","url":"https:\/\/www.cuballama.com\/noticias\/","name":"Cuballama Noticias","description":"Medio digital sobre Cuba y el mundo","publisher":{"@id":"https:\/\/www.cuballama.com\/noticias\/#organization"},"potentialAction":[{"@type":"SearchAction","target":{"@type":"EntryPoint","urlTemplate":"https:\/\/www.cuballama.com\/noticias\/?s={search_term_string}"},"query-input":{"@type":"PropertyValueSpecification","valueRequired":true,"valueName":"search_term_string"}}],"inLanguage":"es"},{"@type":"Organization","@id":"https:\/\/www.cuballama.com\/noticias\/#organization","name":"Cuballama","url":"https:\/\/www.cuballama.com\/noticias\/","logo":{"@type":"ImageObject","inLanguage":"es","@id":"https:\/\/www.cuballama.com\/noticias\/#\/schema\/logo\/image\/","url":"https:\/\/cdn1.mediawpaccore.net\/wp-content\/uploads\/2021\/12\/28171206\/cbll-logo-color-sm.png","contentUrl":"https:\/\/cdn1.mediawpaccore.net\/wp-content\/uploads\/2021\/12\/28171206\/cbll-logo-color-sm.png","width":600,"height":133,"caption":"Cuballama"},"image":{"@id":"https:\/\/www.cuballama.com\/noticias\/#\/schema\/logo\/image\/"},"sameAs":["https:\/\/www.facebook.com\/CubaLlama","https:\/\/x.com\/cuballama","https:\/\/www.instagram.com\/stories\/cuballama_oficial\/","https:\/\/www.youtube.com\/channel\/UCKkFE-d_axENGZcrc4as0IA"]},{"@type":"Person","@id":"https:\/\/www.cuballama.com\/noticias\/#\/schema\/person\/0f97914526a658755f00e59ec2a832f2","name":"Rafa","url":"https:\/\/www.cuballama.com\/noticias\/author\/rafa\/"}]}},"_links":{"self":[{"href":"https:\/\/www.cuballama.com\/noticias\/wp-json\/wp\/v2\/posts\/242869","targetHints":{"allow":["GET"]}}],"collection":[{"href":"https:\/\/www.cuballama.com\/noticias\/wp-json\/wp\/v2\/posts"}],"about":[{"href":"https:\/\/www.cuballama.com\/noticias\/wp-json\/wp\/v2\/types\/post"}],"author":[{"embeddable":true,"href":"https:\/\/www.cuballama.com\/noticias\/wp-json\/wp\/v2\/users\/27"}],"replies":[{"embeddable":true,"href":"https:\/\/www.cuballama.com\/noticias\/wp-json\/wp\/v2\/comments?post=242869"}],"version-history":[{"count":1,"href":"https:\/\/www.cuballama.com\/noticias\/wp-json\/wp\/v2\/posts\/242869\/revisions"}],"predecessor-version":[{"id":242883,"href":"https:\/\/www.cuballama.com\/noticias\/wp-json\/wp\/v2\/posts\/242869\/revisions\/242883"}],"wp:featuredmedia":[{"embeddable":true,"href":"https:\/\/www.cuballama.com\/noticias\/wp-json\/wp\/v2\/media\/242882"}],"wp:attachment":[{"href":"https:\/\/www.cuballama.com\/noticias\/wp-json\/wp\/v2\/media?parent=242869"}],"wp:term":[{"taxonomy":"category","embeddable":true,"href":"https:\/\/www.cuballama.com\/noticias\/wp-json\/wp\/v2\/categories?post=242869"},{"taxonomy":"post_tag","embeddable":true,"href":"https:\/\/www.cuballama.com\/noticias\/wp-json\/wp\/v2\/tags?post=242869"}],"curies":[{"name":"wp","href":"https:\/\/api.w.org\/{rel}","templated":true}]}}