{"id":242841,"date":"2026-04-29T16:59:06","date_gmt":"2026-04-29T20:59:06","guid":{"rendered":"https:\/\/www.cuballama.com\/noticias\/?p=242841"},"modified":"2026-04-29T16:59:09","modified_gmt":"2026-04-29T20:59:09","slug":"la-familia-del-cubano-albert-montoto-exige-justicia-dos-meses-despues-del-accidente-fatal-en-miami","status":"publish","type":"post","link":"https:\/\/www.cuballama.com\/noticias\/la-familia-del-cubano-albert-montoto-exige-justicia-dos-meses-despues-del-accidente-fatal-en-miami\/","title":{"rendered":"La familia del cubano Albert Montoto exige justicia dos meses despu\u00e9s del accidente fatal en Miami"},"content":{"rendered":"\n<h3 class=\"wp-block-heading\">Dos meses despu\u00e9s de la muerte de Albert Montoto, su familia regresa al lugar del accidente: \u00abNo fue un accidente, fue una decisi\u00f3n\u00bb, se\u00f1alan. <\/h3>\n\n\n\n<h2 class=\"wp-block-heading\">La familia del cubano Albert Montoto, 24 a\u00f1os, protesta en el lugar de su muerte en Miami-Dade: el conductor a\u00fan no enfrenta cargos criminales. <\/h2>\n\n\n\n<p>La intersecci\u00f3n de la calle 288 SW y Old Dixie Highway, en Leisure City, al suroeste de Miami-Dade, volvi\u00f3 a llenarse de flores, velas y carteles este fin de semana. Sajay Montoto regres\u00f3 al mismo punto donde su hijo Albert muri\u00f3 hace casi dos meses. <\/p>\n\n\n\n<p>No fue a llorar solamente. Fue a exigir. \u00abNo fue un accidente. Fue una decisi\u00f3n que una persona tom\u00f3\u00bb, dijo ante las c\u00e1maras de <em><a href=\"https:\/\/www.local10.com\/news\/local\/2026\/04\/25\/you-broke-a-family-loved-ones-demand-justice-for-man-24-killed-in-homestead-crash\/\" target=\"_blank\" rel=\"noreferrer noopener nofollow\">Local 10<\/a><\/em>. Albert Montoto ten\u00eda 24 a\u00f1os. Era cubano. Y el conductor que le quit\u00f3 la vida al pasarse una luz roja sigue libre y sin cargos criminales.<\/p>\n\n\n\n<p>Albert Montoto muri\u00f3 en ese cruce en una fecha que su familia no puede olvidar. Ten\u00eda 24 a\u00f1os y llevaba apenas meses en EE.UU. El conductor del veh\u00edculo que lo impact\u00f3 se pas\u00f3 la luz roja. Las im\u00e1genes de las c\u00e1maras de seguridad lo registraron. Las autoridades levantaron el accidente, identificaron al responsable y cerraron el \u00e1rea durante horas. Hasta ah\u00ed, el procedimiento est\u00e1ndar. <\/p>\n\n\n\n<p>Lo que vino despu\u00e9s fue lo que convirti\u00f3 el dolor de esta familia en indignaci\u00f3n p\u00fablica: semanas despu\u00e9s del accidente, el conductor no hab\u00eda sido arrestado. No enfrentaba cargos criminales. La Fiscal\u00eda de Miami-Dade se\u00f1al\u00f3 que cualquier acusaci\u00f3n depender\u00eda de las pruebas que arrojara la investigaci\u00f3n. La familia no lo acepta. \u00abSaber que una persona irresponsable fue la que caus\u00f3 el accidente y est\u00e1 en la calle, es lo que m\u00e1s duele, es lo que m\u00e1s pesa\u00bb, dijo Sajay Montoto a <em><a href=\"https:\/\/www.telemundo51.com\/noticias\/local\/protesta-exige-arresto-tras-choque-de-gruas-que-dejo-un-muerto-en-miami-dae\/2775599\/\" target=\"_blank\" rel=\"noreferrer noopener nofollow\">Telemundo 51<\/a><\/em>.<\/p>\n\n\n\n<script type=\"text\/javascript\" charset=\"UTF-8\" \n    src=\"https:\/\/telemundo51.com\/portableplayer\/?CID=1:24:2775616&#038;videoID=2497805379564&#038;origin=telemundo51.com&#038;fullWidth=y&#038;autoplay=true\"><\/script>\n\n\n\n<p>La protesta del fin de semana reuni\u00f3 a decenas de personas que acompa\u00f1aron a la familia con carteles y consignas. Los mensajes dejados en el lugar del accidente reflejaban una rabia que no ha disminuido con el tiempo. \u00abEsta es la sangre de mi hijo, \u00bfd\u00f3nde est\u00e1 mi justicia?\u00bb y \u00abUna luz roja no es un accidente\u00bb, pod\u00edan leerse entre las flores y fotograf\u00edas de Albert.<\/p>\n\n\n\n<p>En CBS Miami, la madre volvi\u00f3 a relatar su dolor con una frase que resume los dos meses de espera: \u00abSientes que ese d\u00eda se murieron dos: se muri\u00f3 \u00e9l y te moriste t\u00fa.\u00bb Y en el mismo intercambio, la exigencia fue directa: \u00abSolo necesito justicia para mi hijo.\u00bb<\/p>\n\n\n\n<p>Una amiga de la familia lo puso en t\u00e9rminos que dif\u00edcilmente admiten respuesta: \u00abNo creo que una multa sea suficiente. Si yo me paso una luz roja y golpeo a alguien, \u00bfno me arrestan?\u00bb<\/p>\n\n\n\n<p>La Fiscal\u00eda de Miami-Dade no ha informado p\u00fablicamente de ning\u00fan avance concreto en el caso. El est\u00e1ndar legal en Florida para homicidio vehicular requiere demostrar que el conductor actu\u00f3 con negligencia grave o imprudencia temeraria \u2014 un umbral m\u00e1s alto que el simple incumplimiento de una se\u00f1al de tr\u00e1fico, aunque la distinci\u00f3n resulta dif\u00edcil de aceptar para una familia que perdi\u00f3 a un hijo de 24 a\u00f1os.<\/p>\n\n\n\n<p>Varios vecinos del \u00e1rea se\u00f1alaron durante la protesta que el exceso de velocidad es un problema recurrente en esa intersecci\u00f3n. Albert Montoto no fue el primero en sufrir un accidente all\u00ed. Su familia pide que tampoco sea el \u00faltimo en quedar sin justicia.<\/p>\n\n\n\n<p><strong>noticia relacionada con este caso: <a href=\"https:\/\/www.cuballama.com\/noticias\/tuve-que-escoger-la-ropa-con-la-que-lo-iba-a-enterrar-el-desgarrador-testimonio-de-una-madre-cubana-en-miami\/\" type=\"post\" id=\"241741\">\u00abTuve que escoger la ropa con la que lo iba a enterrar\u00bb: el desgarrador testimonio de una madre cubana en Miami<\/a><\/strong><\/p>\n","protected":false},"excerpt":{"rendered":"<p>Familiares y amigos del joven cubano Albert Montoto, de 24 a\u00f1os, muerto en un accidente en Leisure City en el suroeste de Miami-Dade, regresaron este fin de semana al lugar del choque para exigir cargos criminales contra el conductor responsable. Dos meses despu\u00e9s, el hombre sigue libre y sin acusaci\u00f3n formal.<\/p>\n","protected":false},"author":13,"featured_media":242932,"comment_status":"open","ping_status":"closed","sticky":false,"template":"","format":"standard","meta":{"_acf_changed":false,"footnotes":""},"categories":[18,11024],"tags":[25773,32384,32385,800,4850],"class_list":{"0":"post-242841","1":"post","2":"type-post","3":"status-publish","4":"format-standard","5":"has-post-thumbnail","7":"category-noticias","8":"category-noticias-de-miami","9":"tag-accidente-fatal","10":"tag-albert-montoto","11":"tag-cubano-muerto-en-accidente-miami-dade","12":"tag-justicia","13":"tag-madre-cubana"},"acf":[],"yoast_head":"<!-- This site is optimized with the Yoast SEO plugin v27.4 - https:\/\/yoast.com\/product\/yoast-seo-wordpress\/ -->\n<title>La familia del cubano Albert Montoto exige justicia dos meses despu\u00e9s del accidente fatal en Miami - Cuballama Noticias<\/title>\n<meta name=\"description\" content=\"La familia del cubano Albert Montoto, 24 a\u00f1os, muerto en Leisure City, Miami-Dade, protest\u00f3 en el lugar del accidente.\" \/>\n<meta name=\"robots\" content=\"index, follow, max-snippet:-1, max-image-preview:large, max-video-preview:-1\" \/>\n<link rel=\"canonical\" href=\"https:\/\/www.cuballama.com\/noticias\/la-familia-del-cubano-albert-montoto-exige-justicia-dos-meses-despues-del-accidente-fatal-en-miami\/\" \/>\n<meta property=\"og:locale\" content=\"es_ES\" \/>\n<meta property=\"og:type\" content=\"article\" \/>\n<meta property=\"og:title\" content=\"La familia del cubano Albert Montoto exige justicia dos meses despu\u00e9s del accidente fatal en Miami - Cuballama Noticias\" \/>\n<meta property=\"og:description\" content=\"La familia del cubano Albert Montoto, 24 a\u00f1os, muerto en Leisure City, Miami-Dade, protest\u00f3 en el lugar del accidente.\" \/>\n<meta property=\"og:url\" content=\"https:\/\/www.cuballama.com\/noticias\/la-familia-del-cubano-albert-montoto-exige-justicia-dos-meses-despues-del-accidente-fatal-en-miami\/\" \/>\n<meta property=\"og:site_name\" content=\"Cuballama Noticias\" \/>\n<meta property=\"article:publisher\" content=\"https:\/\/www.facebook.com\/CubaLlama\" \/>\n<meta property=\"article:published_time\" content=\"2026-04-29T20:59:06+00:00\" \/>\n<meta property=\"article:modified_time\" content=\"2026-04-29T20:59:09+00:00\" \/>\n<meta property=\"og:image\" content=\"https:\/\/cdn1.mediawpaccore.net\/wp-content\/uploads\/2026\/04\/29115445\/image-157.png\" \/>\n\t<meta property=\"og:image:width\" content=\"1506\" \/>\n\t<meta property=\"og:image:height\" content=\"739\" \/>\n\t<meta property=\"og:image:type\" content=\"image\/png\" \/>\n<meta name=\"author\" content=\"Roberto A.\" \/>\n<meta name=\"twitter:card\" content=\"summary_large_image\" \/>\n<meta name=\"twitter:creator\" content=\"@cuballama\" \/>\n<meta name=\"twitter:site\" content=\"@cuballama\" \/>\n<meta name=\"twitter:label1\" content=\"Escrito por\" \/>\n\t<meta name=\"twitter:data1\" content=\"Roberto A.\" \/>\n\t<meta name=\"twitter:label2\" content=\"Tiempo de lectura\" \/>\n\t<meta name=\"twitter:data2\" content=\"3 minutos\" \/>\n<script type=\"application\/ld+json\" class=\"yoast-schema-graph\">{\"@context\":\"https:\\\/\\\/schema.org\",\"@graph\":[{\"@type\":\"Article\",\"@id\":\"https:\\\/\\\/www.cuballama.com\\\/noticias\\\/la-familia-del-cubano-albert-montoto-exige-justicia-dos-meses-despues-del-accidente-fatal-en-miami\\\/#article\",\"isPartOf\":{\"@id\":\"https:\\\/\\\/www.cuballama.com\\\/noticias\\\/la-familia-del-cubano-albert-montoto-exige-justicia-dos-meses-despues-del-accidente-fatal-en-miami\\\/\"},\"author\":{\"name\":\"Roberto A.\",\"@id\":\"https:\\\/\\\/www.cuballama.com\\\/noticias\\\/#\\\/schema\\\/person\\\/a58502ed4146c8e9f83872e897c76cd2\"},\"headline\":\"La familia del cubano Albert Montoto exige justicia dos meses despu\u00e9s del accidente fatal en Miami\",\"datePublished\":\"2026-04-29T20:59:06+00:00\",\"dateModified\":\"2026-04-29T20:59:09+00:00\",\"mainEntityOfPage\":{\"@id\":\"https:\\\/\\\/www.cuballama.com\\\/noticias\\\/la-familia-del-cubano-albert-montoto-exige-justicia-dos-meses-despues-del-accidente-fatal-en-miami\\\/\"},\"wordCount\":634,\"commentCount\":0,\"publisher\":{\"@id\":\"https:\\\/\\\/www.cuballama.com\\\/noticias\\\/#organization\"},\"image\":{\"@id\":\"https:\\\/\\\/www.cuballama.com\\\/noticias\\\/la-familia-del-cubano-albert-montoto-exige-justicia-dos-meses-despues-del-accidente-fatal-en-miami\\\/#primaryimage\"},\"thumbnailUrl\":\"https:\\\/\\\/cdn1.mediawpaccore.net\\\/wp-content\\\/uploads\\\/2026\\\/04\\\/29115445\\\/image-157.png\",\"keywords\":[\"accidente fatal\",\"Albert Montoto\",\"cubano muerto en accidente Miami-Dade\",\"Justicia\",\"madre cubana\"],\"articleSection\":[\"Noticias\",\"Noticias de Miami\"],\"inLanguage\":\"es\",\"potentialAction\":[{\"@type\":\"CommentAction\",\"name\":\"Comment\",\"target\":[\"https:\\\/\\\/www.cuballama.com\\\/noticias\\\/la-familia-del-cubano-albert-montoto-exige-justicia-dos-meses-despues-del-accidente-fatal-en-miami\\\/#respond\"]}]},{\"@type\":\"WebPage\",\"@id\":\"https:\\\/\\\/www.cuballama.com\\\/noticias\\\/la-familia-del-cubano-albert-montoto-exige-justicia-dos-meses-despues-del-accidente-fatal-en-miami\\\/\",\"url\":\"https:\\\/\\\/www.cuballama.com\\\/noticias\\\/la-familia-del-cubano-albert-montoto-exige-justicia-dos-meses-despues-del-accidente-fatal-en-miami\\\/\",\"name\":\"La familia del cubano Albert Montoto exige justicia dos meses despu\u00e9s del accidente fatal en Miami - Cuballama Noticias\",\"isPartOf\":{\"@id\":\"https:\\\/\\\/www.cuballama.com\\\/noticias\\\/#website\"},\"primaryImageOfPage\":{\"@id\":\"https:\\\/\\\/www.cuballama.com\\\/noticias\\\/la-familia-del-cubano-albert-montoto-exige-justicia-dos-meses-despues-del-accidente-fatal-en-miami\\\/#primaryimage\"},\"image\":{\"@id\":\"https:\\\/\\\/www.cuballama.com\\\/noticias\\\/la-familia-del-cubano-albert-montoto-exige-justicia-dos-meses-despues-del-accidente-fatal-en-miami\\\/#primaryimage\"},\"thumbnailUrl\":\"https:\\\/\\\/cdn1.mediawpaccore.net\\\/wp-content\\\/uploads\\\/2026\\\/04\\\/29115445\\\/image-157.png\",\"datePublished\":\"2026-04-29T20:59:06+00:00\",\"dateModified\":\"2026-04-29T20:59:09+00:00\",\"description\":\"La familia del cubano Albert Montoto, 24 a\u00f1os, muerto en Leisure City, Miami-Dade, protest\u00f3 en el lugar del accidente.\",\"breadcrumb\":{\"@id\":\"https:\\\/\\\/www.cuballama.com\\\/noticias\\\/la-familia-del-cubano-albert-montoto-exige-justicia-dos-meses-despues-del-accidente-fatal-en-miami\\\/#breadcrumb\"},\"inLanguage\":\"es\",\"potentialAction\":[{\"@type\":\"ReadAction\",\"target\":[\"https:\\\/\\\/www.cuballama.com\\\/noticias\\\/la-familia-del-cubano-albert-montoto-exige-justicia-dos-meses-despues-del-accidente-fatal-en-miami\\\/\"]}]},{\"@type\":\"ImageObject\",\"inLanguage\":\"es\",\"@id\":\"https:\\\/\\\/www.cuballama.com\\\/noticias\\\/la-familia-del-cubano-albert-montoto-exige-justicia-dos-meses-despues-del-accidente-fatal-en-miami\\\/#primaryimage\",\"url\":\"https:\\\/\\\/cdn1.mediawpaccore.net\\\/wp-content\\\/uploads\\\/2026\\\/04\\\/29115445\\\/image-157.png\",\"contentUrl\":\"https:\\\/\\\/cdn1.mediawpaccore.net\\\/wp-content\\\/uploads\\\/2026\\\/04\\\/29115445\\\/image-157.png\",\"width\":1506,\"height\":739,\"caption\":\"Sajay Montoto regres\u00f3 al mismo punto donde su hijo Albert muri\u00f3 hace casi dos meses. Foto: Video Screenshot v\u00eda Telemundo51\"},{\"@type\":\"BreadcrumbList\",\"@id\":\"https:\\\/\\\/www.cuballama.com\\\/noticias\\\/la-familia-del-cubano-albert-montoto-exige-justicia-dos-meses-despues-del-accidente-fatal-en-miami\\\/#breadcrumb\",\"itemListElement\":[{\"@type\":\"ListItem\",\"position\":1,\"name\":\"Home\",\"item\":\"https:\\\/\\\/www.cuballama.com\\\/noticias\\\/\"},{\"@type\":\"ListItem\",\"position\":2,\"name\":\"La familia del cubano Albert Montoto exige justicia dos meses despu\u00e9s del accidente fatal en Miami\"}]},{\"@type\":\"WebSite\",\"@id\":\"https:\\\/\\\/www.cuballama.com\\\/noticias\\\/#website\",\"url\":\"https:\\\/\\\/www.cuballama.com\\\/noticias\\\/\",\"name\":\"Cuballama Noticias\",\"description\":\"Medio digital sobre Cuba y el mundo\",\"publisher\":{\"@id\":\"https:\\\/\\\/www.cuballama.com\\\/noticias\\\/#organization\"},\"potentialAction\":[{\"@type\":\"SearchAction\",\"target\":{\"@type\":\"EntryPoint\",\"urlTemplate\":\"https:\\\/\\\/www.cuballama.com\\\/noticias\\\/?s={search_term_string}\"},\"query-input\":{\"@type\":\"PropertyValueSpecification\",\"valueRequired\":true,\"valueName\":\"search_term_string\"}}],\"inLanguage\":\"es\"},{\"@type\":\"Organization\",\"@id\":\"https:\\\/\\\/www.cuballama.com\\\/noticias\\\/#organization\",\"name\":\"Cuballama\",\"url\":\"https:\\\/\\\/www.cuballama.com\\\/noticias\\\/\",\"logo\":{\"@type\":\"ImageObject\",\"inLanguage\":\"es\",\"@id\":\"https:\\\/\\\/www.cuballama.com\\\/noticias\\\/#\\\/schema\\\/logo\\\/image\\\/\",\"url\":\"https:\\\/\\\/cdn1.mediawpaccore.net\\\/wp-content\\\/uploads\\\/2021\\\/12\\\/28171206\\\/cbll-logo-color-sm.png\",\"contentUrl\":\"https:\\\/\\\/cdn1.mediawpaccore.net\\\/wp-content\\\/uploads\\\/2021\\\/12\\\/28171206\\\/cbll-logo-color-sm.png\",\"width\":600,\"height\":133,\"caption\":\"Cuballama\"},\"image\":{\"@id\":\"https:\\\/\\\/www.cuballama.com\\\/noticias\\\/#\\\/schema\\\/logo\\\/image\\\/\"},\"sameAs\":[\"https:\\\/\\\/www.facebook.com\\\/CubaLlama\",\"https:\\\/\\\/x.com\\\/cuballama\",\"https:\\\/\\\/www.instagram.com\\\/stories\\\/cuballama_oficial\\\/\",\"https:\\\/\\\/www.youtube.com\\\/channel\\\/UCKkFE-d_axENGZcrc4as0IA\"]},{\"@type\":\"Person\",\"@id\":\"https:\\\/\\\/www.cuballama.com\\\/noticias\\\/#\\\/schema\\\/person\\\/a58502ed4146c8e9f83872e897c76cd2\",\"name\":\"Roberto A.\",\"description\":\"Roberto A. Periodista por decisi\u00f3n propia. Interesado en cualquier tema que me apasione y cada vez m\u00e1s comprometido con la verdad y la objetividad period\u00edstica. Graduado en La Habana hace ya muchos a\u00f1os, luego de una accidentada y polvorienta b\u00fasqueda de informaci\u00f3n sobre un tema in\u00e9dito. La Tesis, por cierto, desapareci\u00f3 de la biblioteca y no se conservan copias de la misma.\",\"url\":\"https:\\\/\\\/www.cuballama.com\\\/noticias\\\/author\\\/roberto\\\/\"}]}<\/script>\n<!-- \/ Yoast SEO plugin. -->","yoast_head_json":{"title":"La familia del cubano Albert Montoto exige justicia dos meses despu\u00e9s del accidente fatal en Miami - Cuballama Noticias","description":"La familia del cubano Albert Montoto, 24 a\u00f1os, muerto en Leisure City, Miami-Dade, protest\u00f3 en el lugar del accidente.","robots":{"index":"index","follow":"follow","max-snippet":"max-snippet:-1","max-image-preview":"max-image-preview:large","max-video-preview":"max-video-preview:-1"},"canonical":"https:\/\/www.cuballama.com\/noticias\/la-familia-del-cubano-albert-montoto-exige-justicia-dos-meses-despues-del-accidente-fatal-en-miami\/","og_locale":"es_ES","og_type":"article","og_title":"La familia del cubano Albert Montoto exige justicia dos meses despu\u00e9s del accidente fatal en Miami - Cuballama Noticias","og_description":"La familia del cubano Albert Montoto, 24 a\u00f1os, muerto en Leisure City, Miami-Dade, protest\u00f3 en el lugar del accidente.","og_url":"https:\/\/www.cuballama.com\/noticias\/la-familia-del-cubano-albert-montoto-exige-justicia-dos-meses-despues-del-accidente-fatal-en-miami\/","og_site_name":"Cuballama Noticias","article_publisher":"https:\/\/www.facebook.com\/CubaLlama","article_published_time":"2026-04-29T20:59:06+00:00","article_modified_time":"2026-04-29T20:59:09+00:00","og_image":[{"width":1506,"height":739,"url":"https:\/\/cdn1.mediawpaccore.net\/wp-content\/uploads\/2026\/04\/29115445\/image-157.png","type":"image\/png"}],"author":"Roberto A.","twitter_card":"summary_large_image","twitter_creator":"@cuballama","twitter_site":"@cuballama","twitter_misc":{"Escrito por":"Roberto A.","Tiempo de lectura":"3 minutos"},"schema":{"@context":"https:\/\/schema.org","@graph":[{"@type":"Article","@id":"https:\/\/www.cuballama.com\/noticias\/la-familia-del-cubano-albert-montoto-exige-justicia-dos-meses-despues-del-accidente-fatal-en-miami\/#article","isPartOf":{"@id":"https:\/\/www.cuballama.com\/noticias\/la-familia-del-cubano-albert-montoto-exige-justicia-dos-meses-despues-del-accidente-fatal-en-miami\/"},"author":{"name":"Roberto A.","@id":"https:\/\/www.cuballama.com\/noticias\/#\/schema\/person\/a58502ed4146c8e9f83872e897c76cd2"},"headline":"La familia del cubano Albert Montoto exige justicia dos meses despu\u00e9s del accidente fatal en Miami","datePublished":"2026-04-29T20:59:06+00:00","dateModified":"2026-04-29T20:59:09+00:00","mainEntityOfPage":{"@id":"https:\/\/www.cuballama.com\/noticias\/la-familia-del-cubano-albert-montoto-exige-justicia-dos-meses-despues-del-accidente-fatal-en-miami\/"},"wordCount":634,"commentCount":0,"publisher":{"@id":"https:\/\/www.cuballama.com\/noticias\/#organization"},"image":{"@id":"https:\/\/www.cuballama.com\/noticias\/la-familia-del-cubano-albert-montoto-exige-justicia-dos-meses-despues-del-accidente-fatal-en-miami\/#primaryimage"},"thumbnailUrl":"https:\/\/cdn1.mediawpaccore.net\/wp-content\/uploads\/2026\/04\/29115445\/image-157.png","keywords":["accidente fatal","Albert Montoto","cubano muerto en accidente Miami-Dade","Justicia","madre cubana"],"articleSection":["Noticias","Noticias de Miami"],"inLanguage":"es","potentialAction":[{"@type":"CommentAction","name":"Comment","target":["https:\/\/www.cuballama.com\/noticias\/la-familia-del-cubano-albert-montoto-exige-justicia-dos-meses-despues-del-accidente-fatal-en-miami\/#respond"]}]},{"@type":"WebPage","@id":"https:\/\/www.cuballama.com\/noticias\/la-familia-del-cubano-albert-montoto-exige-justicia-dos-meses-despues-del-accidente-fatal-en-miami\/","url":"https:\/\/www.cuballama.com\/noticias\/la-familia-del-cubano-albert-montoto-exige-justicia-dos-meses-despues-del-accidente-fatal-en-miami\/","name":"La familia del cubano Albert Montoto exige justicia dos meses despu\u00e9s del accidente fatal en Miami - Cuballama Noticias","isPartOf":{"@id":"https:\/\/www.cuballama.com\/noticias\/#website"},"primaryImageOfPage":{"@id":"https:\/\/www.cuballama.com\/noticias\/la-familia-del-cubano-albert-montoto-exige-justicia-dos-meses-despues-del-accidente-fatal-en-miami\/#primaryimage"},"image":{"@id":"https:\/\/www.cuballama.com\/noticias\/la-familia-del-cubano-albert-montoto-exige-justicia-dos-meses-despues-del-accidente-fatal-en-miami\/#primaryimage"},"thumbnailUrl":"https:\/\/cdn1.mediawpaccore.net\/wp-content\/uploads\/2026\/04\/29115445\/image-157.png","datePublished":"2026-04-29T20:59:06+00:00","dateModified":"2026-04-29T20:59:09+00:00","description":"La familia del cubano Albert Montoto, 24 a\u00f1os, muerto en Leisure City, Miami-Dade, protest\u00f3 en el lugar del accidente.","breadcrumb":{"@id":"https:\/\/www.cuballama.com\/noticias\/la-familia-del-cubano-albert-montoto-exige-justicia-dos-meses-despues-del-accidente-fatal-en-miami\/#breadcrumb"},"inLanguage":"es","potentialAction":[{"@type":"ReadAction","target":["https:\/\/www.cuballama.com\/noticias\/la-familia-del-cubano-albert-montoto-exige-justicia-dos-meses-despues-del-accidente-fatal-en-miami\/"]}]},{"@type":"ImageObject","inLanguage":"es","@id":"https:\/\/www.cuballama.com\/noticias\/la-familia-del-cubano-albert-montoto-exige-justicia-dos-meses-despues-del-accidente-fatal-en-miami\/#primaryimage","url":"https:\/\/cdn1.mediawpaccore.net\/wp-content\/uploads\/2026\/04\/29115445\/image-157.png","contentUrl":"https:\/\/cdn1.mediawpaccore.net\/wp-content\/uploads\/2026\/04\/29115445\/image-157.png","width":1506,"height":739,"caption":"Sajay Montoto regres\u00f3 al mismo punto donde su hijo Albert muri\u00f3 hace casi dos meses. Foto: Video Screenshot v\u00eda Telemundo51"},{"@type":"BreadcrumbList","@id":"https:\/\/www.cuballama.com\/noticias\/la-familia-del-cubano-albert-montoto-exige-justicia-dos-meses-despues-del-accidente-fatal-en-miami\/#breadcrumb","itemListElement":[{"@type":"ListItem","position":1,"name":"Home","item":"https:\/\/www.cuballama.com\/noticias\/"},{"@type":"ListItem","position":2,"name":"La familia del cubano Albert Montoto exige justicia dos meses despu\u00e9s del accidente fatal en Miami"}]},{"@type":"WebSite","@id":"https:\/\/www.cuballama.com\/noticias\/#website","url":"https:\/\/www.cuballama.com\/noticias\/","name":"Cuballama Noticias","description":"Medio digital sobre Cuba y el mundo","publisher":{"@id":"https:\/\/www.cuballama.com\/noticias\/#organization"},"potentialAction":[{"@type":"SearchAction","target":{"@type":"EntryPoint","urlTemplate":"https:\/\/www.cuballama.com\/noticias\/?s={search_term_string}"},"query-input":{"@type":"PropertyValueSpecification","valueRequired":true,"valueName":"search_term_string"}}],"inLanguage":"es"},{"@type":"Organization","@id":"https:\/\/www.cuballama.com\/noticias\/#organization","name":"Cuballama","url":"https:\/\/www.cuballama.com\/noticias\/","logo":{"@type":"ImageObject","inLanguage":"es","@id":"https:\/\/www.cuballama.com\/noticias\/#\/schema\/logo\/image\/","url":"https:\/\/cdn1.mediawpaccore.net\/wp-content\/uploads\/2021\/12\/28171206\/cbll-logo-color-sm.png","contentUrl":"https:\/\/cdn1.mediawpaccore.net\/wp-content\/uploads\/2021\/12\/28171206\/cbll-logo-color-sm.png","width":600,"height":133,"caption":"Cuballama"},"image":{"@id":"https:\/\/www.cuballama.com\/noticias\/#\/schema\/logo\/image\/"},"sameAs":["https:\/\/www.facebook.com\/CubaLlama","https:\/\/x.com\/cuballama","https:\/\/www.instagram.com\/stories\/cuballama_oficial\/","https:\/\/www.youtube.com\/channel\/UCKkFE-d_axENGZcrc4as0IA"]},{"@type":"Person","@id":"https:\/\/www.cuballama.com\/noticias\/#\/schema\/person\/a58502ed4146c8e9f83872e897c76cd2","name":"Roberto A.","description":"Roberto A. Periodista por decisi\u00f3n propia. Interesado en cualquier tema que me apasione y cada vez m\u00e1s comprometido con la verdad y la objetividad period\u00edstica. Graduado en La Habana hace ya muchos a\u00f1os, luego de una accidentada y polvorienta b\u00fasqueda de informaci\u00f3n sobre un tema in\u00e9dito. La Tesis, por cierto, desapareci\u00f3 de la biblioteca y no se conservan copias de la misma.","url":"https:\/\/www.cuballama.com\/noticias\/author\/roberto\/"}]}},"_links":{"self":[{"href":"https:\/\/www.cuballama.com\/noticias\/wp-json\/wp\/v2\/posts\/242841","targetHints":{"allow":["GET"]}}],"collection":[{"href":"https:\/\/www.cuballama.com\/noticias\/wp-json\/wp\/v2\/posts"}],"about":[{"href":"https:\/\/www.cuballama.com\/noticias\/wp-json\/wp\/v2\/types\/post"}],"author":[{"embeddable":true,"href":"https:\/\/www.cuballama.com\/noticias\/wp-json\/wp\/v2\/users\/13"}],"replies":[{"embeddable":true,"href":"https:\/\/www.cuballama.com\/noticias\/wp-json\/wp\/v2\/comments?post=242841"}],"version-history":[{"count":3,"href":"https:\/\/www.cuballama.com\/noticias\/wp-json\/wp\/v2\/posts\/242841\/revisions"}],"predecessor-version":[{"id":242933,"href":"https:\/\/www.cuballama.com\/noticias\/wp-json\/wp\/v2\/posts\/242841\/revisions\/242933"}],"wp:featuredmedia":[{"embeddable":true,"href":"https:\/\/www.cuballama.com\/noticias\/wp-json\/wp\/v2\/media\/242932"}],"wp:attachment":[{"href":"https:\/\/www.cuballama.com\/noticias\/wp-json\/wp\/v2\/media?parent=242841"}],"wp:term":[{"taxonomy":"category","embeddable":true,"href":"https:\/\/www.cuballama.com\/noticias\/wp-json\/wp\/v2\/categories?post=242841"},{"taxonomy":"post_tag","embeddable":true,"href":"https:\/\/www.cuballama.com\/noticias\/wp-json\/wp\/v2\/tags?post=242841"}],"curies":[{"name":"wp","href":"https:\/\/api.w.org\/{rel}","templated":true}]}}