{"id":242834,"date":"2026-04-29T14:51:21","date_gmt":"2026-04-29T18:51:21","guid":{"rendered":"https:\/\/www.cuballama.com\/noticias\/?p=242834"},"modified":"2026-04-29T14:51:28","modified_gmt":"2026-04-29T18:51:28","slug":"desde-el-29-5-cubanos-con-asilo-pendiente-en-ee-uu-que-no-paguen-nueva-tarifa-anual-podrian-ser-deportados","status":"publish","type":"post","link":"https:\/\/www.cuballama.com\/noticias\/desde-el-29-5-cubanos-con-asilo-pendiente-en-ee-uu-que-no-paguen-nueva-tarifa-anual-podrian-ser-deportados\/","title":{"rendered":"Desde el 29\/5: cubanos con asilo pendiente en EE.UU. que no paguen nueva tarifa anual podr\u00edan ser deportados"},"content":{"rendered":"\n<h3 class=\"wp-block-heading\">El DHS estableci\u00f3 una Tarifa Anual de Asilo obligatoria que entra en vigor el 29 de mayo: cubanos con solicitudes pendientes deben pagar o enfrentar rechazo y posible deportaci\u00f3n<\/h3>\n\n\n\n<p>El 29 de mayo de 2026, o sea, hoy, entra en vigor una regla del Departamento de Seguridad Nacional de Estados Unidos que miles de cubanos con solicitudes de asilo pendientes probablemente no conocen a\u00fan \u2014 y que si la ignoran podr\u00eda costarles el caso, el permiso de trabajo y hasta su permanencia en el pa\u00eds. <\/p>\n\n\n\n<p>Se llama Tarifa Anual de Asilo. Es obligatoria. Y el no pago tiene consecuencias que van desde el rechazo administrativo hasta el inicio formal de un proceso de deportaci\u00f3n.<\/p>\n\n\n\n<h3 class=\"wp-block-heading\">Qu\u00e9 establece la nueva regla<\/h3>\n\n\n\n<p><a href=\"https:\/\/www.uscis.gov\/newsroom\/alerts\/dhs-announces-consequences-for-unpaid-annual-asylum-fees-unveils-new-hr-1-requirements\" target=\"_blank\" rel=\"noreferrer noopener nofollow\">El DHS public\u00f3 una regla final provisional vinculada a la Ley de Reconciliaci\u00f3n H.R. 1 de 2025 <\/a>que introduce cambios significativos en el proceso de solicitud de asilo a trav\u00e9s del Formulario I-589 \u2014 el documento que deben presentar las personas f\u00edsicamente en EE.UU. que buscan protecci\u00f3n para no ser deportadas a su pa\u00eds de origen.<\/p>\n\n\n\n<p>La nueva norma establece que todo solicitante con un I-589 pendiente deber\u00e1 pagar una Tarifa Anual de Asilo (AAF, por sus siglas en ingl\u00e9s) por cada a\u00f1o natural en que la solicitud permanezca sin resolver. El Servicio de Ciudadan\u00eda e Inmigraci\u00f3n (USCIS) no ha especificado a\u00fan el monto exacto de la tarifa, pero la regla define con claridad las consecuencias del impago.<\/p>\n\n\n\n<p>Si el solicitante no paga dentro del plazo requerido, USCIS rechazar\u00e1 autom\u00e1ticamente su solicitud de asilo. Si el solicitante no tiene estatus legal en EE.UU. al momento del rechazo, la agencia iniciar\u00e1 procedimientos de remoci\u00f3n \u2014 es decir, deportaci\u00f3n. Adem\u00e1s, cualquier solicitud de permiso de trabajo (Formulario I-765) vinculada al caso de asilo pendiente tambi\u00e9n ser\u00e1 denegada, y los permisos ya aprobados ser\u00e1n revocados de forma autom\u00e1tica.<\/p>\n\n\n\n<iframe loading=\"lazy\" src=\"https:\/\/www.facebook.com\/plugins\/post.php?href=https%3A%2F%2Fwww.facebook.com%2Fuscis%2Fposts%2Fpfbid0UYC91sCpsddqXWDMddj4N7g71MbtPvq5MM6SQUs6dLU98QvSufmYFuJjPrTyujgKl&#038;show_text=true&#038;width=500\" width=\"500\" height=\"697\" style=\"border:none;overflow:hidden\" scrolling=\"no\" frameborder=\"0\" allowfullscreen=\"true\" allow=\"autoplay; clipboard-write; encrypted-media; picture-in-picture; web-share\"><\/iframe>\n\n\n\n<p>La cadena de consecuencias es especialmente brutal para la comunidad cubana. Miles de cubanos llegaron a EE.UU. en los \u00faltimos a\u00f1os a trav\u00e9s del Programa de Parole Humanitario \u2014 una v\u00eda que les otorgaba protecci\u00f3n temporal mientras esperaban resoluci\u00f3n de sus casos migratorios. Con la llegada de Trump, ese programa fue suspendido, las adjudicaciones congeladas y los criterios de elegibilidad endurecidos. El resultado es una enorme bolsa de casos en limbo: personas que llegaron legalmente, llevan meses o a\u00f1os en el pa\u00eds, trabajan con permiso, pagan impuestos y conviven con la incertidumbre de si alg\u00fan d\u00eda regularizar\u00e1n su situaci\u00f3n.<\/p>\n\n\n\n<p>Para esos cubanos, la Tarifa Anual de Asilo a\u00f1ade un nuevo eslab\u00f3n de riesgo. No es solo el monto econ\u00f3mico \u2014 es la burocracia. Un cubano que no reciba la notificaci\u00f3n a tiempo, que no entienda el requisito porque no domina el ingl\u00e9s, o que sencillamente no tenga los recursos econ\u00f3micos para pagarlo, puede perder en cuesti\u00f3n de semanas todo lo que construy\u00f3 desde que lleg\u00f3.<\/p>\n\n\n\n<p>La regla tambi\u00e9n contempla una trampa adicional: USCIS retendr\u00e1 la tarifa incluso si rechaza el formulario por haber sido presentado incorrectamente. El solicitante pierde el dinero aunque la agencia no haya aceptado ni procesado la petici\u00f3n.<\/p>\n\n\n\n<h2 class=\"wp-block-heading\">\u00bfQu\u00e9 deben hacer?<\/h2>\n\n\n\n<p>Los cubanos con solicitudes de asilo pendientes deben consultar urgentemente con un abogado de inmigraci\u00f3n o una organizaci\u00f3n de asistencia legal para verificar si su caso est\u00e1 sujeto a la nueva tarifa y cu\u00e1l es el plazo exacto de pago. La fecha l\u00edmite marcada en la regla es el 29 de mayo de 2026 \u2014 menos de un mes desde hoy.<\/p>\n\n\n\n<p>En el sur de Florida, organizaciones como Americans for Immigrant Justice (AI Justice), CLINIC y Catholic Legal Services ofrecen orientaci\u00f3n gratuita o de bajo costo para inmigrantes en proceso de asilo.<\/p>\n\n\n\n<p><strong> Fuentes utilizadas: DHS (regla final provisional), <a href=\"https:\/\/www.telemundo51.com\/noticias\/inmigracion\/uscis-solicitantes-asilo-pago-tarifa-anual-dhs-eeuu\/2776384\/\" target=\"_blank\" rel=\"noreferrer noopener nofollow\">Telemundo51<\/a><\/strong><\/p>\n","protected":false},"excerpt":{"rendered":"<p>El Departamento de Seguridad Nacional public\u00f3 una regla final provisional que establece una Tarifa Anual de Asilo (AAF) obligatoria para todos los solicitantes con el Formulario I-589 pendiente. Entra en vigor el 29 de mayo de 2026. El no pago puede resultar en el rechazo de la solicitud y el inicio de procedimientos de deportaci\u00f3n. Miles de cubanos est\u00e1n directamente afectados.<\/p>\n","protected":false},"author":13,"featured_media":236008,"comment_status":"open","ping_status":"closed","sticky":false,"template":"","format":"standard","meta":{"_acf_changed":false,"footnotes":""},"categories":[18,953],"tags":[2380,32396,92,13451,26589,32397,32395,32394,911],"class_list":{"0":"post-242834","1":"post","2":"type-post","3":"status-publish","4":"format-standard","5":"has-post-thumbnail","7":"category-noticias","8":"category-usa","9":"tag-asilo","10":"tag-asilo-pendiente","11":"tag-cubanos","12":"tag-cubanos-en-estados-unidos","13":"tag-deportacion-de-cubanos","14":"tag-ee-uu-deportacion","15":"tag-tarifa-anual","16":"tag-tarifa-asilo-i-589","17":"tag-uscis"},"acf":[],"yoast_head":"<!-- This site is optimized with the Yoast SEO plugin v27.4 - https:\/\/yoast.com\/product\/yoast-seo-wordpress\/ -->\n<title>Desde el 29\/5: cubanos con asilo pendiente en EE.UU. que no paguen nueva tarifa anual podr\u00edan ser deportados - Cuballama Noticias<\/title>\n<meta name=\"description\" content=\"El DHS estableci\u00f3 una Tarifa Anual de Asilo obligatoria desde el 29 de mayo. Los solicitantes cubanos con I-589 pendiente que no paguen pueden perder su caso, su permiso de trabajo y enfrentar deportaci\u00f3n.\" \/>\n<meta name=\"robots\" content=\"index, follow, max-snippet:-1, max-image-preview:large, max-video-preview:-1\" \/>\n<link rel=\"canonical\" href=\"https:\/\/www.cuballama.com\/noticias\/desde-el-29-5-cubanos-con-asilo-pendiente-en-ee-uu-que-no-paguen-nueva-tarifa-anual-podrian-ser-deportados\/\" \/>\n<meta property=\"og:locale\" content=\"es_ES\" \/>\n<meta property=\"og:type\" content=\"article\" \/>\n<meta property=\"og:title\" content=\"Desde el 29\/5: cubanos con asilo pendiente en EE.UU. que no paguen nueva tarifa anual podr\u00edan ser deportados - Cuballama Noticias\" \/>\n<meta property=\"og:description\" content=\"El DHS estableci\u00f3 una Tarifa Anual de Asilo obligatoria desde el 29 de mayo. Los solicitantes cubanos con I-589 pendiente que no paguen pueden perder su caso, su permiso de trabajo y enfrentar deportaci\u00f3n.\" \/>\n<meta property=\"og:url\" content=\"https:\/\/www.cuballama.com\/noticias\/desde-el-29-5-cubanos-con-asilo-pendiente-en-ee-uu-que-no-paguen-nueva-tarifa-anual-podrian-ser-deportados\/\" \/>\n<meta property=\"og:site_name\" content=\"Cuballama Noticias\" \/>\n<meta property=\"article:publisher\" content=\"https:\/\/www.facebook.com\/CubaLlama\" \/>\n<meta property=\"article:published_time\" content=\"2026-04-29T18:51:21+00:00\" \/>\n<meta property=\"article:modified_time\" content=\"2026-04-29T18:51:28+00:00\" \/>\n<meta property=\"og:image\" content=\"https:\/\/cdn1.mediawpaccore.net\/wp-content\/uploads\/2026\/02\/23130704\/uscis.jpg\" \/>\n\t<meta property=\"og:image:width\" content=\"1200\" \/>\n\t<meta property=\"og:image:height\" content=\"630\" \/>\n\t<meta property=\"og:image:type\" content=\"image\/jpeg\" \/>\n<meta name=\"author\" content=\"Roberto A.\" \/>\n<meta name=\"twitter:card\" content=\"summary_large_image\" \/>\n<meta name=\"twitter:creator\" content=\"@cuballama\" \/>\n<meta name=\"twitter:site\" content=\"@cuballama\" \/>\n<meta name=\"twitter:label1\" content=\"Escrito por\" \/>\n\t<meta name=\"twitter:data1\" content=\"Roberto A.\" \/>\n\t<meta name=\"twitter:label2\" content=\"Tiempo de lectura\" \/>\n\t<meta name=\"twitter:data2\" content=\"3 minutos\" \/>\n<script type=\"application\/ld+json\" class=\"yoast-schema-graph\">{\"@context\":\"https:\\\/\\\/schema.org\",\"@graph\":[{\"@type\":\"Article\",\"@id\":\"https:\\\/\\\/www.cuballama.com\\\/noticias\\\/desde-el-29-5-cubanos-con-asilo-pendiente-en-ee-uu-que-no-paguen-nueva-tarifa-anual-podrian-ser-deportados\\\/#article\",\"isPartOf\":{\"@id\":\"https:\\\/\\\/www.cuballama.com\\\/noticias\\\/desde-el-29-5-cubanos-con-asilo-pendiente-en-ee-uu-que-no-paguen-nueva-tarifa-anual-podrian-ser-deportados\\\/\"},\"author\":{\"name\":\"Roberto A.\",\"@id\":\"https:\\\/\\\/www.cuballama.com\\\/noticias\\\/#\\\/schema\\\/person\\\/a58502ed4146c8e9f83872e897c76cd2\"},\"headline\":\"Desde el 29\\\/5: cubanos con asilo pendiente en EE.UU. que no paguen nueva tarifa anual podr\u00edan ser deportados\",\"datePublished\":\"2026-04-29T18:51:21+00:00\",\"dateModified\":\"2026-04-29T18:51:28+00:00\",\"mainEntityOfPage\":{\"@id\":\"https:\\\/\\\/www.cuballama.com\\\/noticias\\\/desde-el-29-5-cubanos-con-asilo-pendiente-en-ee-uu-que-no-paguen-nueva-tarifa-anual-podrian-ser-deportados\\\/\"},\"wordCount\":664,\"commentCount\":0,\"publisher\":{\"@id\":\"https:\\\/\\\/www.cuballama.com\\\/noticias\\\/#organization\"},\"image\":{\"@id\":\"https:\\\/\\\/www.cuballama.com\\\/noticias\\\/desde-el-29-5-cubanos-con-asilo-pendiente-en-ee-uu-que-no-paguen-nueva-tarifa-anual-podrian-ser-deportados\\\/#primaryimage\"},\"thumbnailUrl\":\"https:\\\/\\\/cdn1.mediawpaccore.net\\\/wp-content\\\/uploads\\\/2026\\\/02\\\/23130704\\\/uscis.jpg\",\"keywords\":[\"asilo\",\"asilo pendiente\",\"cubanos\",\"cubanos en Estados Unidos\",\"deportaci\u00f3n de cubanos\",\"EE.UU. deportaci\u00f3n\",\"tarifa anual\",\"tarifa asilo I-589\",\"USCIS\"],\"articleSection\":[\"Noticias\",\"USA\"],\"inLanguage\":\"es\",\"potentialAction\":[{\"@type\":\"CommentAction\",\"name\":\"Comment\",\"target\":[\"https:\\\/\\\/www.cuballama.com\\\/noticias\\\/desde-el-29-5-cubanos-con-asilo-pendiente-en-ee-uu-que-no-paguen-nueva-tarifa-anual-podrian-ser-deportados\\\/#respond\"]}]},{\"@type\":\"WebPage\",\"@id\":\"https:\\\/\\\/www.cuballama.com\\\/noticias\\\/desde-el-29-5-cubanos-con-asilo-pendiente-en-ee-uu-que-no-paguen-nueva-tarifa-anual-podrian-ser-deportados\\\/\",\"url\":\"https:\\\/\\\/www.cuballama.com\\\/noticias\\\/desde-el-29-5-cubanos-con-asilo-pendiente-en-ee-uu-que-no-paguen-nueva-tarifa-anual-podrian-ser-deportados\\\/\",\"name\":\"Desde el 29\\\/5: cubanos con asilo pendiente en EE.UU. que no paguen nueva tarifa anual podr\u00edan ser deportados - Cuballama Noticias\",\"isPartOf\":{\"@id\":\"https:\\\/\\\/www.cuballama.com\\\/noticias\\\/#website\"},\"primaryImageOfPage\":{\"@id\":\"https:\\\/\\\/www.cuballama.com\\\/noticias\\\/desde-el-29-5-cubanos-con-asilo-pendiente-en-ee-uu-que-no-paguen-nueva-tarifa-anual-podrian-ser-deportados\\\/#primaryimage\"},\"image\":{\"@id\":\"https:\\\/\\\/www.cuballama.com\\\/noticias\\\/desde-el-29-5-cubanos-con-asilo-pendiente-en-ee-uu-que-no-paguen-nueva-tarifa-anual-podrian-ser-deportados\\\/#primaryimage\"},\"thumbnailUrl\":\"https:\\\/\\\/cdn1.mediawpaccore.net\\\/wp-content\\\/uploads\\\/2026\\\/02\\\/23130704\\\/uscis.jpg\",\"datePublished\":\"2026-04-29T18:51:21+00:00\",\"dateModified\":\"2026-04-29T18:51:28+00:00\",\"description\":\"El DHS estableci\u00f3 una Tarifa Anual de Asilo obligatoria desde el 29 de mayo. Los solicitantes cubanos con I-589 pendiente que no paguen pueden perder su caso, su permiso de trabajo y enfrentar deportaci\u00f3n.\",\"breadcrumb\":{\"@id\":\"https:\\\/\\\/www.cuballama.com\\\/noticias\\\/desde-el-29-5-cubanos-con-asilo-pendiente-en-ee-uu-que-no-paguen-nueva-tarifa-anual-podrian-ser-deportados\\\/#breadcrumb\"},\"inLanguage\":\"es\",\"potentialAction\":[{\"@type\":\"ReadAction\",\"target\":[\"https:\\\/\\\/www.cuballama.com\\\/noticias\\\/desde-el-29-5-cubanos-con-asilo-pendiente-en-ee-uu-que-no-paguen-nueva-tarifa-anual-podrian-ser-deportados\\\/\"]}]},{\"@type\":\"ImageObject\",\"inLanguage\":\"es\",\"@id\":\"https:\\\/\\\/www.cuballama.com\\\/noticias\\\/desde-el-29-5-cubanos-con-asilo-pendiente-en-ee-uu-que-no-paguen-nueva-tarifa-anual-podrian-ser-deportados\\\/#primaryimage\",\"url\":\"https:\\\/\\\/cdn1.mediawpaccore.net\\\/wp-content\\\/uploads\\\/2026\\\/02\\\/23130704\\\/uscis.jpg\",\"contentUrl\":\"https:\\\/\\\/cdn1.mediawpaccore.net\\\/wp-content\\\/uploads\\\/2026\\\/02\\\/23130704\\\/uscis.jpg\",\"width\":1200,\"height\":630,\"caption\":\"Edificio de USCIS. Foto: X\\\/DHS.\"},{\"@type\":\"BreadcrumbList\",\"@id\":\"https:\\\/\\\/www.cuballama.com\\\/noticias\\\/desde-el-29-5-cubanos-con-asilo-pendiente-en-ee-uu-que-no-paguen-nueva-tarifa-anual-podrian-ser-deportados\\\/#breadcrumb\",\"itemListElement\":[{\"@type\":\"ListItem\",\"position\":1,\"name\":\"Home\",\"item\":\"https:\\\/\\\/www.cuballama.com\\\/noticias\\\/\"},{\"@type\":\"ListItem\",\"position\":2,\"name\":\"Desde el 29\\\/5: cubanos con asilo pendiente en EE.UU. que no paguen nueva tarifa anual podr\u00edan ser deportados\"}]},{\"@type\":\"WebSite\",\"@id\":\"https:\\\/\\\/www.cuballama.com\\\/noticias\\\/#website\",\"url\":\"https:\\\/\\\/www.cuballama.com\\\/noticias\\\/\",\"name\":\"Cuballama Noticias\",\"description\":\"Medio digital sobre Cuba y el mundo\",\"publisher\":{\"@id\":\"https:\\\/\\\/www.cuballama.com\\\/noticias\\\/#organization\"},\"potentialAction\":[{\"@type\":\"SearchAction\",\"target\":{\"@type\":\"EntryPoint\",\"urlTemplate\":\"https:\\\/\\\/www.cuballama.com\\\/noticias\\\/?s={search_term_string}\"},\"query-input\":{\"@type\":\"PropertyValueSpecification\",\"valueRequired\":true,\"valueName\":\"search_term_string\"}}],\"inLanguage\":\"es\"},{\"@type\":\"Organization\",\"@id\":\"https:\\\/\\\/www.cuballama.com\\\/noticias\\\/#organization\",\"name\":\"Cuballama\",\"url\":\"https:\\\/\\\/www.cuballama.com\\\/noticias\\\/\",\"logo\":{\"@type\":\"ImageObject\",\"inLanguage\":\"es\",\"@id\":\"https:\\\/\\\/www.cuballama.com\\\/noticias\\\/#\\\/schema\\\/logo\\\/image\\\/\",\"url\":\"https:\\\/\\\/cdn1.mediawpaccore.net\\\/wp-content\\\/uploads\\\/2021\\\/12\\\/28171206\\\/cbll-logo-color-sm.png\",\"contentUrl\":\"https:\\\/\\\/cdn1.mediawpaccore.net\\\/wp-content\\\/uploads\\\/2021\\\/12\\\/28171206\\\/cbll-logo-color-sm.png\",\"width\":600,\"height\":133,\"caption\":\"Cuballama\"},\"image\":{\"@id\":\"https:\\\/\\\/www.cuballama.com\\\/noticias\\\/#\\\/schema\\\/logo\\\/image\\\/\"},\"sameAs\":[\"https:\\\/\\\/www.facebook.com\\\/CubaLlama\",\"https:\\\/\\\/x.com\\\/cuballama\",\"https:\\\/\\\/www.instagram.com\\\/stories\\\/cuballama_oficial\\\/\",\"https:\\\/\\\/www.youtube.com\\\/channel\\\/UCKkFE-d_axENGZcrc4as0IA\"]},{\"@type\":\"Person\",\"@id\":\"https:\\\/\\\/www.cuballama.com\\\/noticias\\\/#\\\/schema\\\/person\\\/a58502ed4146c8e9f83872e897c76cd2\",\"name\":\"Roberto A.\",\"description\":\"Roberto A. Periodista por decisi\u00f3n propia. Interesado en cualquier tema que me apasione y cada vez m\u00e1s comprometido con la verdad y la objetividad period\u00edstica. Graduado en La Habana hace ya muchos a\u00f1os, luego de una accidentada y polvorienta b\u00fasqueda de informaci\u00f3n sobre un tema in\u00e9dito. La Tesis, por cierto, desapareci\u00f3 de la biblioteca y no se conservan copias de la misma.\",\"url\":\"https:\\\/\\\/www.cuballama.com\\\/noticias\\\/author\\\/roberto\\\/\"}]}<\/script>\n<!-- \/ Yoast SEO plugin. -->","yoast_head_json":{"title":"Desde el 29\/5: cubanos con asilo pendiente en EE.UU. que no paguen nueva tarifa anual podr\u00edan ser deportados - Cuballama Noticias","description":"El DHS estableci\u00f3 una Tarifa Anual de Asilo obligatoria desde el 29 de mayo. Los solicitantes cubanos con I-589 pendiente que no paguen pueden perder su caso, su permiso de trabajo y enfrentar deportaci\u00f3n.","robots":{"index":"index","follow":"follow","max-snippet":"max-snippet:-1","max-image-preview":"max-image-preview:large","max-video-preview":"max-video-preview:-1"},"canonical":"https:\/\/www.cuballama.com\/noticias\/desde-el-29-5-cubanos-con-asilo-pendiente-en-ee-uu-que-no-paguen-nueva-tarifa-anual-podrian-ser-deportados\/","og_locale":"es_ES","og_type":"article","og_title":"Desde el 29\/5: cubanos con asilo pendiente en EE.UU. que no paguen nueva tarifa anual podr\u00edan ser deportados - Cuballama Noticias","og_description":"El DHS estableci\u00f3 una Tarifa Anual de Asilo obligatoria desde el 29 de mayo. Los solicitantes cubanos con I-589 pendiente que no paguen pueden perder su caso, su permiso de trabajo y enfrentar deportaci\u00f3n.","og_url":"https:\/\/www.cuballama.com\/noticias\/desde-el-29-5-cubanos-con-asilo-pendiente-en-ee-uu-que-no-paguen-nueva-tarifa-anual-podrian-ser-deportados\/","og_site_name":"Cuballama Noticias","article_publisher":"https:\/\/www.facebook.com\/CubaLlama","article_published_time":"2026-04-29T18:51:21+00:00","article_modified_time":"2026-04-29T18:51:28+00:00","og_image":[{"width":1200,"height":630,"url":"https:\/\/cdn1.mediawpaccore.net\/wp-content\/uploads\/2026\/02\/23130704\/uscis.jpg","type":"image\/jpeg"}],"author":"Roberto A.","twitter_card":"summary_large_image","twitter_creator":"@cuballama","twitter_site":"@cuballama","twitter_misc":{"Escrito por":"Roberto A.","Tiempo de lectura":"3 minutos"},"schema":{"@context":"https:\/\/schema.org","@graph":[{"@type":"Article","@id":"https:\/\/www.cuballama.com\/noticias\/desde-el-29-5-cubanos-con-asilo-pendiente-en-ee-uu-que-no-paguen-nueva-tarifa-anual-podrian-ser-deportados\/#article","isPartOf":{"@id":"https:\/\/www.cuballama.com\/noticias\/desde-el-29-5-cubanos-con-asilo-pendiente-en-ee-uu-que-no-paguen-nueva-tarifa-anual-podrian-ser-deportados\/"},"author":{"name":"Roberto A.","@id":"https:\/\/www.cuballama.com\/noticias\/#\/schema\/person\/a58502ed4146c8e9f83872e897c76cd2"},"headline":"Desde el 29\/5: cubanos con asilo pendiente en EE.UU. que no paguen nueva tarifa anual podr\u00edan ser deportados","datePublished":"2026-04-29T18:51:21+00:00","dateModified":"2026-04-29T18:51:28+00:00","mainEntityOfPage":{"@id":"https:\/\/www.cuballama.com\/noticias\/desde-el-29-5-cubanos-con-asilo-pendiente-en-ee-uu-que-no-paguen-nueva-tarifa-anual-podrian-ser-deportados\/"},"wordCount":664,"commentCount":0,"publisher":{"@id":"https:\/\/www.cuballama.com\/noticias\/#organization"},"image":{"@id":"https:\/\/www.cuballama.com\/noticias\/desde-el-29-5-cubanos-con-asilo-pendiente-en-ee-uu-que-no-paguen-nueva-tarifa-anual-podrian-ser-deportados\/#primaryimage"},"thumbnailUrl":"https:\/\/cdn1.mediawpaccore.net\/wp-content\/uploads\/2026\/02\/23130704\/uscis.jpg","keywords":["asilo","asilo pendiente","cubanos","cubanos en Estados Unidos","deportaci\u00f3n de cubanos","EE.UU. deportaci\u00f3n","tarifa anual","tarifa asilo I-589","USCIS"],"articleSection":["Noticias","USA"],"inLanguage":"es","potentialAction":[{"@type":"CommentAction","name":"Comment","target":["https:\/\/www.cuballama.com\/noticias\/desde-el-29-5-cubanos-con-asilo-pendiente-en-ee-uu-que-no-paguen-nueva-tarifa-anual-podrian-ser-deportados\/#respond"]}]},{"@type":"WebPage","@id":"https:\/\/www.cuballama.com\/noticias\/desde-el-29-5-cubanos-con-asilo-pendiente-en-ee-uu-que-no-paguen-nueva-tarifa-anual-podrian-ser-deportados\/","url":"https:\/\/www.cuballama.com\/noticias\/desde-el-29-5-cubanos-con-asilo-pendiente-en-ee-uu-que-no-paguen-nueva-tarifa-anual-podrian-ser-deportados\/","name":"Desde el 29\/5: cubanos con asilo pendiente en EE.UU. que no paguen nueva tarifa anual podr\u00edan ser deportados - Cuballama Noticias","isPartOf":{"@id":"https:\/\/www.cuballama.com\/noticias\/#website"},"primaryImageOfPage":{"@id":"https:\/\/www.cuballama.com\/noticias\/desde-el-29-5-cubanos-con-asilo-pendiente-en-ee-uu-que-no-paguen-nueva-tarifa-anual-podrian-ser-deportados\/#primaryimage"},"image":{"@id":"https:\/\/www.cuballama.com\/noticias\/desde-el-29-5-cubanos-con-asilo-pendiente-en-ee-uu-que-no-paguen-nueva-tarifa-anual-podrian-ser-deportados\/#primaryimage"},"thumbnailUrl":"https:\/\/cdn1.mediawpaccore.net\/wp-content\/uploads\/2026\/02\/23130704\/uscis.jpg","datePublished":"2026-04-29T18:51:21+00:00","dateModified":"2026-04-29T18:51:28+00:00","description":"El DHS estableci\u00f3 una Tarifa Anual de Asilo obligatoria desde el 29 de mayo. Los solicitantes cubanos con I-589 pendiente que no paguen pueden perder su caso, su permiso de trabajo y enfrentar deportaci\u00f3n.","breadcrumb":{"@id":"https:\/\/www.cuballama.com\/noticias\/desde-el-29-5-cubanos-con-asilo-pendiente-en-ee-uu-que-no-paguen-nueva-tarifa-anual-podrian-ser-deportados\/#breadcrumb"},"inLanguage":"es","potentialAction":[{"@type":"ReadAction","target":["https:\/\/www.cuballama.com\/noticias\/desde-el-29-5-cubanos-con-asilo-pendiente-en-ee-uu-que-no-paguen-nueva-tarifa-anual-podrian-ser-deportados\/"]}]},{"@type":"ImageObject","inLanguage":"es","@id":"https:\/\/www.cuballama.com\/noticias\/desde-el-29-5-cubanos-con-asilo-pendiente-en-ee-uu-que-no-paguen-nueva-tarifa-anual-podrian-ser-deportados\/#primaryimage","url":"https:\/\/cdn1.mediawpaccore.net\/wp-content\/uploads\/2026\/02\/23130704\/uscis.jpg","contentUrl":"https:\/\/cdn1.mediawpaccore.net\/wp-content\/uploads\/2026\/02\/23130704\/uscis.jpg","width":1200,"height":630,"caption":"Edificio de USCIS. Foto: X\/DHS."},{"@type":"BreadcrumbList","@id":"https:\/\/www.cuballama.com\/noticias\/desde-el-29-5-cubanos-con-asilo-pendiente-en-ee-uu-que-no-paguen-nueva-tarifa-anual-podrian-ser-deportados\/#breadcrumb","itemListElement":[{"@type":"ListItem","position":1,"name":"Home","item":"https:\/\/www.cuballama.com\/noticias\/"},{"@type":"ListItem","position":2,"name":"Desde el 29\/5: cubanos con asilo pendiente en EE.UU. que no paguen nueva tarifa anual podr\u00edan ser deportados"}]},{"@type":"WebSite","@id":"https:\/\/www.cuballama.com\/noticias\/#website","url":"https:\/\/www.cuballama.com\/noticias\/","name":"Cuballama Noticias","description":"Medio digital sobre Cuba y el mundo","publisher":{"@id":"https:\/\/www.cuballama.com\/noticias\/#organization"},"potentialAction":[{"@type":"SearchAction","target":{"@type":"EntryPoint","urlTemplate":"https:\/\/www.cuballama.com\/noticias\/?s={search_term_string}"},"query-input":{"@type":"PropertyValueSpecification","valueRequired":true,"valueName":"search_term_string"}}],"inLanguage":"es"},{"@type":"Organization","@id":"https:\/\/www.cuballama.com\/noticias\/#organization","name":"Cuballama","url":"https:\/\/www.cuballama.com\/noticias\/","logo":{"@type":"ImageObject","inLanguage":"es","@id":"https:\/\/www.cuballama.com\/noticias\/#\/schema\/logo\/image\/","url":"https:\/\/cdn1.mediawpaccore.net\/wp-content\/uploads\/2021\/12\/28171206\/cbll-logo-color-sm.png","contentUrl":"https:\/\/cdn1.mediawpaccore.net\/wp-content\/uploads\/2021\/12\/28171206\/cbll-logo-color-sm.png","width":600,"height":133,"caption":"Cuballama"},"image":{"@id":"https:\/\/www.cuballama.com\/noticias\/#\/schema\/logo\/image\/"},"sameAs":["https:\/\/www.facebook.com\/CubaLlama","https:\/\/x.com\/cuballama","https:\/\/www.instagram.com\/stories\/cuballama_oficial\/","https:\/\/www.youtube.com\/channel\/UCKkFE-d_axENGZcrc4as0IA"]},{"@type":"Person","@id":"https:\/\/www.cuballama.com\/noticias\/#\/schema\/person\/a58502ed4146c8e9f83872e897c76cd2","name":"Roberto A.","description":"Roberto A. Periodista por decisi\u00f3n propia. Interesado en cualquier tema que me apasione y cada vez m\u00e1s comprometido con la verdad y la objetividad period\u00edstica. Graduado en La Habana hace ya muchos a\u00f1os, luego de una accidentada y polvorienta b\u00fasqueda de informaci\u00f3n sobre un tema in\u00e9dito. La Tesis, por cierto, desapareci\u00f3 de la biblioteca y no se conservan copias de la misma.","url":"https:\/\/www.cuballama.com\/noticias\/author\/roberto\/"}]}},"_links":{"self":[{"href":"https:\/\/www.cuballama.com\/noticias\/wp-json\/wp\/v2\/posts\/242834","targetHints":{"allow":["GET"]}}],"collection":[{"href":"https:\/\/www.cuballama.com\/noticias\/wp-json\/wp\/v2\/posts"}],"about":[{"href":"https:\/\/www.cuballama.com\/noticias\/wp-json\/wp\/v2\/types\/post"}],"author":[{"embeddable":true,"href":"https:\/\/www.cuballama.com\/noticias\/wp-json\/wp\/v2\/users\/13"}],"replies":[{"embeddable":true,"href":"https:\/\/www.cuballama.com\/noticias\/wp-json\/wp\/v2\/comments?post=242834"}],"version-history":[{"count":3,"href":"https:\/\/www.cuballama.com\/noticias\/wp-json\/wp\/v2\/posts\/242834\/revisions"}],"predecessor-version":[{"id":242947,"href":"https:\/\/www.cuballama.com\/noticias\/wp-json\/wp\/v2\/posts\/242834\/revisions\/242947"}],"wp:featuredmedia":[{"embeddable":true,"href":"https:\/\/www.cuballama.com\/noticias\/wp-json\/wp\/v2\/media\/236008"}],"wp:attachment":[{"href":"https:\/\/www.cuballama.com\/noticias\/wp-json\/wp\/v2\/media?parent=242834"}],"wp:term":[{"taxonomy":"category","embeddable":true,"href":"https:\/\/www.cuballama.com\/noticias\/wp-json\/wp\/v2\/categories?post=242834"},{"taxonomy":"post_tag","embeddable":true,"href":"https:\/\/www.cuballama.com\/noticias\/wp-json\/wp\/v2\/tags?post=242834"}],"curies":[{"name":"wp","href":"https:\/\/api.w.org\/{rel}","templated":true}]}}