{"id":242829,"date":"2026-04-29T12:31:45","date_gmt":"2026-04-29T16:31:45","guid":{"rendered":"https:\/\/www.cuballama.com\/noticias\/?p=242829"},"modified":"2026-04-29T12:31:48","modified_gmt":"2026-04-29T16:31:48","slug":"cuba-sera-la-economia-con-peor-desempeno-de-toda-america-latina-en-2026","status":"publish","type":"post","link":"https:\/\/www.cuballama.com\/noticias\/cuba-sera-la-economia-con-peor-desempeno-de-toda-america-latina-en-2026\/","title":{"rendered":"Cuba ser\u00e1 la econom\u00eda con peor desempe\u00f1o de toda Am\u00e9rica Latina en 2026"},"content":{"rendered":"\n<h3 class=\"wp-block-heading\">Cuba y Hait\u00ed: los \u00fanicos pa\u00edses de Am\u00e9rica Latina que encogen sus econom\u00edas mientras el resto crece \u2014 y Cuba va a caer m\u00e1s que Hait\u00ed. La CEPAL proyecta una contracci\u00f3n del 6.5% del PIB cubano en 2026, la peor de Am\u00e9rica Latina, mientras el pa\u00eds pierde casi la mitad de sus turistas.<\/h3>\n\n\n\n<p>Ni siquiera la CEPAL \u2014 organismo que hist\u00f3ricamente tiende a suavizar los datos negativos sobre Cuba \u2014 pudo esta vez dulcificar el pron\u00f3stico. El informe de proyecciones econ\u00f3micas publicado el lunes 28 de abril por la Comisi\u00f3n Econ\u00f3mica para Am\u00e9rica Latina y el Caribe es directo: Cuba sufrir\u00e1 en 2026 una contracci\u00f3n del Producto Interno Bruto del 6.5%, la peor de toda la regi\u00f3n. <\/p>\n\n\n\n<p>Para tener perspectiva: Am\u00e9rica Latina en su conjunto crecer\u00e1 este a\u00f1o un 2.2%. Cuba no solo no crece \u2014 cae casi tres veces m\u00e1s que el promedio regional en direcci\u00f3n contraria.<\/p>\n\n\n\n<p>La proyecci\u00f3n de la CEPAL no llega sola. En 2025, Cuba ya cerr\u00f3 como una de las dos \u00fanicas econom\u00edas de Am\u00e9rica Latina que contrajeron su PIB \u2014 la otra fue Hait\u00ed. El descalabro cubano en ese ejercicio fue del 3.8%, seg\u00fan 14ymedio. En 2026, la ca\u00edda se duplica. Y Hait\u00ed, en su segundo lugar de econom\u00edas en retroceso, registrar\u00e1 una contracci\u00f3n mucho m\u00e1s moderada del 1.4%. Cuba es ahora, por proyecci\u00f3n oficial de Naciones Unidas, la econom\u00eda que peor se desempe\u00f1a en todo el hemisferio occidental, incluyendo econom\u00edas tan golpeadas como Bolivia (0.5% de expansi\u00f3n) y Venezuela, que parad\u00f3jicamente crece un 6.5% tras la entrada de capital internacional post-Maduro.<\/p>\n\n\n\n<div data-wp-interactive=\"core\/file\" class=\"wp-block-file\"><object data-wp-bind--hidden=\"!state.hasPdfPreview\" hidden class=\"wp-block-file__embed\" data=\"https:\/\/cdn1.mediawpaccore.net\/wp-content\/uploads\/2026\/04\/29122539\/tabla_proyecciones_abril-2026-esp.pdf\" type=\"application\/pdf\" style=\"width:100%;height:600px\" aria-label=\"Incrustado de tabla_proyecciones_abril-2026-esp.\"><\/object><a id=\"wp-block-file--media-4c4903c7-c1a3-49b4-b02d-2b5a8d0f7929\" href=\"https:\/\/cdn1.mediawpaccore.net\/wp-content\/uploads\/2026\/04\/29122539\/tabla_proyecciones_abril-2026-esp.pdf\">tabla_proyecciones_abril-2026-esp<\/a><a href=\"https:\/\/cdn1.mediawpaccore.net\/wp-content\/uploads\/2026\/04\/29122539\/tabla_proyecciones_abril-2026-esp.pdf\" class=\"wp-block-file__button wp-element-button\" download aria-describedby=\"wp-block-file--media-4c4903c7-c1a3-49b4-b02d-2b5a8d0f7929\">Descarga<\/a><\/div>\n\n\n\n<p>El informe identifica los factores detr\u00e1s del colapso cubano: el bloqueo energ\u00e9tico impuesto por la administraci\u00f3n Trump desde enero, que cort\u00f3 el suministro de petr\u00f3leo venezolano e impuso aranceles a terceros pa\u00edses que intentaran compensar el d\u00e9ficit; la incapacidad del r\u00e9gimen para atraer inversi\u00f3n extranjera en un entorno de incertidumbre pol\u00edtica total; y la destrucci\u00f3n acumulada de la base productiva tras a\u00f1os de gesti\u00f3n estatal ineficiente.<\/p>\n\n\n\n<p>Los n\u00fameros del turismo publicados ese mismo lunes por la Oficina Nacional de Estad\u00edstica e Informaci\u00f3n de Cuba (ONEI) vinieron a confirmar la proyecci\u00f3n con datos crudos. En el primer trimestre de 2026, Cuba recibi\u00f3 298,057 visitantes internacionales \u2014 frente a los 573,363 del mismo per\u00edodo del a\u00f1o anterior. Una ca\u00edda del 48% en tres meses. Solo en marzo llegaron 35,561 turistas. Canad\u00e1, hist\u00f3ricamente el principal mercado, cay\u00f3 un 54.2%. Rusia, el segundo, baj\u00f3 un 37.5%. Los cubanos de la di\u00e1spora que viajaban a la isla tambi\u00e9n redujeron sus viajes un 42.8%.<\/p>\n\n\n\n<p>El turismo era pr\u00e1cticamente el \u00faltimo sector con capacidad generadora de divisas en pie. Miner\u00eda, manufactura, exportaciones de n\u00edquel y cobalto \u2014 todo colaps\u00f3 por falta de combustible. La empresa canadiense Sherritt, la \u00fanica minera occidental que operaba en la isla, suspendi\u00f3 operaciones. Seg\u00fan <em>The Economist<\/em>, la \u00fanica fuente de ingresos en divisas que permanece intacta son los tres mil millones de d\u00f3lares anuales en remesas.<\/p>\n\n\n\n<p><strong>Fuentes utilizadas:<\/strong> <a href=\"https:\/\/www.14ymedio.com\/cuba\/economia-desplomara-cuba-6-5_1_1126138.html\" target=\"_blank\" rel=\"noreferrer noopener nofollow\">14ymedio<\/a>, CEPAL<\/p>\n","protected":false},"excerpt":{"rendered":"<p>La Comisi\u00f3n Econ\u00f3mica para Am\u00e9rica Latina y el Caribe proyect\u00f3 este lunes que Cuba sufrir\u00e1 en 2026 una contracci\u00f3n del PIB del 6.5%, la peor de toda la regi\u00f3n, mientras Am\u00e9rica Latina en su conjunto crecer\u00e1 un 2.2%. Cuba y Hait\u00ed fueron los \u00fanicos pa\u00edses latinoamericanos que decrecieron en 2025. En 2026, Cuba empeora. Hait\u00ed, en cambio, mejora.<\/p>\n","protected":false},"author":13,"featured_media":83857,"comment_status":"open","ping_status":"closed","sticky":false,"template":"","format":"standard","meta":{"_acf_changed":false,"footnotes":""},"categories":[18,955],"tags":[772,19394,10867,11,1681,3134,7004,5591,2157,219,1030],"class_list":{"0":"post-242829","1":"post","2":"type-post","3":"status-publish","4":"format-standard","5":"has-post-thumbnail","7":"category-noticias","8":"category-noticias-de-cuba","9":"tag-caribe","10":"tag-cepal","11":"tag-crisis-en-cuba","12":"tag-cuba","13":"tag-haiti","14":"tag-informes","15":"tag-onei","16":"tag-pib","17":"tag-rusia","18":"tag-turismo","19":"tag-venezuela"},"acf":[],"yoast_head":"<!-- This site is optimized with the Yoast SEO plugin v27.4 - https:\/\/yoast.com\/product\/yoast-seo-wordpress\/ -->\n<title>Cuba ser\u00e1 la econom\u00eda con peor desempe\u00f1o de toda Am\u00e9rica Latina en 2026 - Cuballama Noticias<\/title>\n<meta name=\"description\" content=\"La econom\u00eda cubana se contraer\u00e1 un 6.5% este a\u00f1o seg\u00fan la CEPAL \u2014 casi el doble que en 2025 \u2014 situ\u00e1ndola como el peor desempe\u00f1o de la regi\u00f3n\" \/>\n<meta name=\"robots\" content=\"index, follow, max-snippet:-1, max-image-preview:large, max-video-preview:-1\" \/>\n<link rel=\"canonical\" href=\"https:\/\/www.cuballama.com\/noticias\/cuba-sera-la-economia-con-peor-desempeno-de-toda-america-latina-en-2026\/\" \/>\n<meta property=\"og:locale\" content=\"es_ES\" \/>\n<meta property=\"og:type\" content=\"article\" \/>\n<meta property=\"og:title\" content=\"Cuba ser\u00e1 la econom\u00eda con peor desempe\u00f1o de toda Am\u00e9rica Latina en 2026 - Cuballama Noticias\" \/>\n<meta property=\"og:description\" content=\"La econom\u00eda cubana se contraer\u00e1 un 6.5% este a\u00f1o seg\u00fan la CEPAL \u2014 casi el doble que en 2025 \u2014 situ\u00e1ndola como el peor desempe\u00f1o de la regi\u00f3n\" \/>\n<meta property=\"og:url\" content=\"https:\/\/www.cuballama.com\/noticias\/cuba-sera-la-economia-con-peor-desempeno-de-toda-america-latina-en-2026\/\" \/>\n<meta property=\"og:site_name\" content=\"Cuballama Noticias\" \/>\n<meta property=\"article:publisher\" content=\"https:\/\/www.facebook.com\/CubaLlama\" \/>\n<meta property=\"article:published_time\" content=\"2026-04-29T16:31:45+00:00\" \/>\n<meta property=\"article:modified_time\" content=\"2026-04-29T16:31:48+00:00\" \/>\n<meta property=\"og:image\" content=\"https:\/\/cdn1.mediawpaccore.net\/wp-content\/uploads\/2021\/12\/28111724\/colas_360.jpg\" \/>\n\t<meta property=\"og:image:width\" content=\"1280\" \/>\n\t<meta property=\"og:image:height\" content=\"848\" \/>\n\t<meta property=\"og:image:type\" content=\"image\/jpeg\" \/>\n<meta name=\"author\" content=\"Roberto A.\" \/>\n<meta name=\"twitter:card\" content=\"summary_large_image\" \/>\n<meta name=\"twitter:creator\" content=\"@cuballama\" \/>\n<meta name=\"twitter:site\" content=\"@cuballama\" \/>\n<meta name=\"twitter:label1\" content=\"Escrito por\" \/>\n\t<meta name=\"twitter:data1\" content=\"Roberto A.\" \/>\n\t<meta name=\"twitter:label2\" content=\"Tiempo de lectura\" \/>\n\t<meta name=\"twitter:data2\" content=\"3 minutos\" \/>\n<script type=\"application\/ld+json\" class=\"yoast-schema-graph\">{\"@context\":\"https:\\\/\\\/schema.org\",\"@graph\":[{\"@type\":\"Article\",\"@id\":\"https:\\\/\\\/www.cuballama.com\\\/noticias\\\/cuba-sera-la-economia-con-peor-desempeno-de-toda-america-latina-en-2026\\\/#article\",\"isPartOf\":{\"@id\":\"https:\\\/\\\/www.cuballama.com\\\/noticias\\\/cuba-sera-la-economia-con-peor-desempeno-de-toda-america-latina-en-2026\\\/\"},\"author\":{\"name\":\"Roberto A.\",\"@id\":\"https:\\\/\\\/www.cuballama.com\\\/noticias\\\/#\\\/schema\\\/person\\\/a58502ed4146c8e9f83872e897c76cd2\"},\"headline\":\"Cuba ser\u00e1 la econom\u00eda con peor desempe\u00f1o de toda Am\u00e9rica Latina en 2026\",\"datePublished\":\"2026-04-29T16:31:45+00:00\",\"dateModified\":\"2026-04-29T16:31:48+00:00\",\"mainEntityOfPage\":{\"@id\":\"https:\\\/\\\/www.cuballama.com\\\/noticias\\\/cuba-sera-la-economia-con-peor-desempeno-de-toda-america-latina-en-2026\\\/\"},\"wordCount\":539,\"commentCount\":0,\"publisher\":{\"@id\":\"https:\\\/\\\/www.cuballama.com\\\/noticias\\\/#organization\"},\"image\":{\"@id\":\"https:\\\/\\\/www.cuballama.com\\\/noticias\\\/cuba-sera-la-economia-con-peor-desempeno-de-toda-america-latina-en-2026\\\/#primaryimage\"},\"thumbnailUrl\":\"https:\\\/\\\/cdn1.mediawpaccore.net\\\/wp-content\\\/uploads\\\/2021\\\/12\\\/28111724\\\/colas_360.jpg\",\"keywords\":[\"Caribe\",\"CEPAL\",\"Crisis en Cuba\",\"Cuba\",\"Hait\u00ed\",\"Informes\",\"ONEI\",\"PIB\",\"Rusia\",\"turismo\",\"venezuela\"],\"articleSection\":[\"Noticias\",\"Noticias de Cuba\"],\"inLanguage\":\"es\",\"potentialAction\":[{\"@type\":\"CommentAction\",\"name\":\"Comment\",\"target\":[\"https:\\\/\\\/www.cuballama.com\\\/noticias\\\/cuba-sera-la-economia-con-peor-desempeno-de-toda-america-latina-en-2026\\\/#respond\"]}]},{\"@type\":\"WebPage\",\"@id\":\"https:\\\/\\\/www.cuballama.com\\\/noticias\\\/cuba-sera-la-economia-con-peor-desempeno-de-toda-america-latina-en-2026\\\/\",\"url\":\"https:\\\/\\\/www.cuballama.com\\\/noticias\\\/cuba-sera-la-economia-con-peor-desempeno-de-toda-america-latina-en-2026\\\/\",\"name\":\"Cuba ser\u00e1 la econom\u00eda con peor desempe\u00f1o de toda Am\u00e9rica Latina en 2026 - Cuballama Noticias\",\"isPartOf\":{\"@id\":\"https:\\\/\\\/www.cuballama.com\\\/noticias\\\/#website\"},\"primaryImageOfPage\":{\"@id\":\"https:\\\/\\\/www.cuballama.com\\\/noticias\\\/cuba-sera-la-economia-con-peor-desempeno-de-toda-america-latina-en-2026\\\/#primaryimage\"},\"image\":{\"@id\":\"https:\\\/\\\/www.cuballama.com\\\/noticias\\\/cuba-sera-la-economia-con-peor-desempeno-de-toda-america-latina-en-2026\\\/#primaryimage\"},\"thumbnailUrl\":\"https:\\\/\\\/cdn1.mediawpaccore.net\\\/wp-content\\\/uploads\\\/2021\\\/12\\\/28111724\\\/colas_360.jpg\",\"datePublished\":\"2026-04-29T16:31:45+00:00\",\"dateModified\":\"2026-04-29T16:31:48+00:00\",\"description\":\"La econom\u00eda cubana se contraer\u00e1 un 6.5% este a\u00f1o seg\u00fan la CEPAL \u2014 casi el doble que en 2025 \u2014 situ\u00e1ndola como el peor desempe\u00f1o de la regi\u00f3n\",\"breadcrumb\":{\"@id\":\"https:\\\/\\\/www.cuballama.com\\\/noticias\\\/cuba-sera-la-economia-con-peor-desempeno-de-toda-america-latina-en-2026\\\/#breadcrumb\"},\"inLanguage\":\"es\",\"potentialAction\":[{\"@type\":\"ReadAction\",\"target\":[\"https:\\\/\\\/www.cuballama.com\\\/noticias\\\/cuba-sera-la-economia-con-peor-desempeno-de-toda-america-latina-en-2026\\\/\"]}]},{\"@type\":\"ImageObject\",\"inLanguage\":\"es\",\"@id\":\"https:\\\/\\\/www.cuballama.com\\\/noticias\\\/cuba-sera-la-economia-con-peor-desempeno-de-toda-america-latina-en-2026\\\/#primaryimage\",\"url\":\"https:\\\/\\\/cdn1.mediawpaccore.net\\\/wp-content\\\/uploads\\\/2021\\\/12\\\/28111724\\\/colas_360.jpg\",\"contentUrl\":\"https:\\\/\\\/cdn1.mediawpaccore.net\\\/wp-content\\\/uploads\\\/2021\\\/12\\\/28111724\\\/colas_360.jpg\",\"width\":1280,\"height\":848,\"caption\":\"El incremento del valor del d\u00f3lar es otro ejemplo de la grave crisis en Cuba. Foto Cuba Noticias 360\"},{\"@type\":\"BreadcrumbList\",\"@id\":\"https:\\\/\\\/www.cuballama.com\\\/noticias\\\/cuba-sera-la-economia-con-peor-desempeno-de-toda-america-latina-en-2026\\\/#breadcrumb\",\"itemListElement\":[{\"@type\":\"ListItem\",\"position\":1,\"name\":\"Home\",\"item\":\"https:\\\/\\\/www.cuballama.com\\\/noticias\\\/\"},{\"@type\":\"ListItem\",\"position\":2,\"name\":\"Cuba ser\u00e1 la econom\u00eda con peor desempe\u00f1o de toda Am\u00e9rica Latina en 2026\"}]},{\"@type\":\"WebSite\",\"@id\":\"https:\\\/\\\/www.cuballama.com\\\/noticias\\\/#website\",\"url\":\"https:\\\/\\\/www.cuballama.com\\\/noticias\\\/\",\"name\":\"Cuballama Noticias\",\"description\":\"Medio digital sobre Cuba y el mundo\",\"publisher\":{\"@id\":\"https:\\\/\\\/www.cuballama.com\\\/noticias\\\/#organization\"},\"potentialAction\":[{\"@type\":\"SearchAction\",\"target\":{\"@type\":\"EntryPoint\",\"urlTemplate\":\"https:\\\/\\\/www.cuballama.com\\\/noticias\\\/?s={search_term_string}\"},\"query-input\":{\"@type\":\"PropertyValueSpecification\",\"valueRequired\":true,\"valueName\":\"search_term_string\"}}],\"inLanguage\":\"es\"},{\"@type\":\"Organization\",\"@id\":\"https:\\\/\\\/www.cuballama.com\\\/noticias\\\/#organization\",\"name\":\"Cuballama\",\"url\":\"https:\\\/\\\/www.cuballama.com\\\/noticias\\\/\",\"logo\":{\"@type\":\"ImageObject\",\"inLanguage\":\"es\",\"@id\":\"https:\\\/\\\/www.cuballama.com\\\/noticias\\\/#\\\/schema\\\/logo\\\/image\\\/\",\"url\":\"https:\\\/\\\/cdn1.mediawpaccore.net\\\/wp-content\\\/uploads\\\/2021\\\/12\\\/28171206\\\/cbll-logo-color-sm.png\",\"contentUrl\":\"https:\\\/\\\/cdn1.mediawpaccore.net\\\/wp-content\\\/uploads\\\/2021\\\/12\\\/28171206\\\/cbll-logo-color-sm.png\",\"width\":600,\"height\":133,\"caption\":\"Cuballama\"},\"image\":{\"@id\":\"https:\\\/\\\/www.cuballama.com\\\/noticias\\\/#\\\/schema\\\/logo\\\/image\\\/\"},\"sameAs\":[\"https:\\\/\\\/www.facebook.com\\\/CubaLlama\",\"https:\\\/\\\/x.com\\\/cuballama\",\"https:\\\/\\\/www.instagram.com\\\/stories\\\/cuballama_oficial\\\/\",\"https:\\\/\\\/www.youtube.com\\\/channel\\\/UCKkFE-d_axENGZcrc4as0IA\"]},{\"@type\":\"Person\",\"@id\":\"https:\\\/\\\/www.cuballama.com\\\/noticias\\\/#\\\/schema\\\/person\\\/a58502ed4146c8e9f83872e897c76cd2\",\"name\":\"Roberto A.\",\"description\":\"Roberto A. Periodista por decisi\u00f3n propia. Interesado en cualquier tema que me apasione y cada vez m\u00e1s comprometido con la verdad y la objetividad period\u00edstica. Graduado en La Habana hace ya muchos a\u00f1os, luego de una accidentada y polvorienta b\u00fasqueda de informaci\u00f3n sobre un tema in\u00e9dito. La Tesis, por cierto, desapareci\u00f3 de la biblioteca y no se conservan copias de la misma.\",\"url\":\"https:\\\/\\\/www.cuballama.com\\\/noticias\\\/author\\\/roberto\\\/\"}]}<\/script>\n<!-- \/ Yoast SEO plugin. -->","yoast_head_json":{"title":"Cuba ser\u00e1 la econom\u00eda con peor desempe\u00f1o de toda Am\u00e9rica Latina en 2026 - Cuballama Noticias","description":"La econom\u00eda cubana se contraer\u00e1 un 6.5% este a\u00f1o seg\u00fan la CEPAL \u2014 casi el doble que en 2025 \u2014 situ\u00e1ndola como el peor desempe\u00f1o de la regi\u00f3n","robots":{"index":"index","follow":"follow","max-snippet":"max-snippet:-1","max-image-preview":"max-image-preview:large","max-video-preview":"max-video-preview:-1"},"canonical":"https:\/\/www.cuballama.com\/noticias\/cuba-sera-la-economia-con-peor-desempeno-de-toda-america-latina-en-2026\/","og_locale":"es_ES","og_type":"article","og_title":"Cuba ser\u00e1 la econom\u00eda con peor desempe\u00f1o de toda Am\u00e9rica Latina en 2026 - Cuballama Noticias","og_description":"La econom\u00eda cubana se contraer\u00e1 un 6.5% este a\u00f1o seg\u00fan la CEPAL \u2014 casi el doble que en 2025 \u2014 situ\u00e1ndola como el peor desempe\u00f1o de la regi\u00f3n","og_url":"https:\/\/www.cuballama.com\/noticias\/cuba-sera-la-economia-con-peor-desempeno-de-toda-america-latina-en-2026\/","og_site_name":"Cuballama Noticias","article_publisher":"https:\/\/www.facebook.com\/CubaLlama","article_published_time":"2026-04-29T16:31:45+00:00","article_modified_time":"2026-04-29T16:31:48+00:00","og_image":[{"width":1280,"height":848,"url":"https:\/\/cdn1.mediawpaccore.net\/wp-content\/uploads\/2021\/12\/28111724\/colas_360.jpg","type":"image\/jpeg"}],"author":"Roberto A.","twitter_card":"summary_large_image","twitter_creator":"@cuballama","twitter_site":"@cuballama","twitter_misc":{"Escrito por":"Roberto A.","Tiempo de lectura":"3 minutos"},"schema":{"@context":"https:\/\/schema.org","@graph":[{"@type":"Article","@id":"https:\/\/www.cuballama.com\/noticias\/cuba-sera-la-economia-con-peor-desempeno-de-toda-america-latina-en-2026\/#article","isPartOf":{"@id":"https:\/\/www.cuballama.com\/noticias\/cuba-sera-la-economia-con-peor-desempeno-de-toda-america-latina-en-2026\/"},"author":{"name":"Roberto A.","@id":"https:\/\/www.cuballama.com\/noticias\/#\/schema\/person\/a58502ed4146c8e9f83872e897c76cd2"},"headline":"Cuba ser\u00e1 la econom\u00eda con peor desempe\u00f1o de toda Am\u00e9rica Latina en 2026","datePublished":"2026-04-29T16:31:45+00:00","dateModified":"2026-04-29T16:31:48+00:00","mainEntityOfPage":{"@id":"https:\/\/www.cuballama.com\/noticias\/cuba-sera-la-economia-con-peor-desempeno-de-toda-america-latina-en-2026\/"},"wordCount":539,"commentCount":0,"publisher":{"@id":"https:\/\/www.cuballama.com\/noticias\/#organization"},"image":{"@id":"https:\/\/www.cuballama.com\/noticias\/cuba-sera-la-economia-con-peor-desempeno-de-toda-america-latina-en-2026\/#primaryimage"},"thumbnailUrl":"https:\/\/cdn1.mediawpaccore.net\/wp-content\/uploads\/2021\/12\/28111724\/colas_360.jpg","keywords":["Caribe","CEPAL","Crisis en Cuba","Cuba","Hait\u00ed","Informes","ONEI","PIB","Rusia","turismo","venezuela"],"articleSection":["Noticias","Noticias de Cuba"],"inLanguage":"es","potentialAction":[{"@type":"CommentAction","name":"Comment","target":["https:\/\/www.cuballama.com\/noticias\/cuba-sera-la-economia-con-peor-desempeno-de-toda-america-latina-en-2026\/#respond"]}]},{"@type":"WebPage","@id":"https:\/\/www.cuballama.com\/noticias\/cuba-sera-la-economia-con-peor-desempeno-de-toda-america-latina-en-2026\/","url":"https:\/\/www.cuballama.com\/noticias\/cuba-sera-la-economia-con-peor-desempeno-de-toda-america-latina-en-2026\/","name":"Cuba ser\u00e1 la econom\u00eda con peor desempe\u00f1o de toda Am\u00e9rica Latina en 2026 - Cuballama Noticias","isPartOf":{"@id":"https:\/\/www.cuballama.com\/noticias\/#website"},"primaryImageOfPage":{"@id":"https:\/\/www.cuballama.com\/noticias\/cuba-sera-la-economia-con-peor-desempeno-de-toda-america-latina-en-2026\/#primaryimage"},"image":{"@id":"https:\/\/www.cuballama.com\/noticias\/cuba-sera-la-economia-con-peor-desempeno-de-toda-america-latina-en-2026\/#primaryimage"},"thumbnailUrl":"https:\/\/cdn1.mediawpaccore.net\/wp-content\/uploads\/2021\/12\/28111724\/colas_360.jpg","datePublished":"2026-04-29T16:31:45+00:00","dateModified":"2026-04-29T16:31:48+00:00","description":"La econom\u00eda cubana se contraer\u00e1 un 6.5% este a\u00f1o seg\u00fan la CEPAL \u2014 casi el doble que en 2025 \u2014 situ\u00e1ndola como el peor desempe\u00f1o de la regi\u00f3n","breadcrumb":{"@id":"https:\/\/www.cuballama.com\/noticias\/cuba-sera-la-economia-con-peor-desempeno-de-toda-america-latina-en-2026\/#breadcrumb"},"inLanguage":"es","potentialAction":[{"@type":"ReadAction","target":["https:\/\/www.cuballama.com\/noticias\/cuba-sera-la-economia-con-peor-desempeno-de-toda-america-latina-en-2026\/"]}]},{"@type":"ImageObject","inLanguage":"es","@id":"https:\/\/www.cuballama.com\/noticias\/cuba-sera-la-economia-con-peor-desempeno-de-toda-america-latina-en-2026\/#primaryimage","url":"https:\/\/cdn1.mediawpaccore.net\/wp-content\/uploads\/2021\/12\/28111724\/colas_360.jpg","contentUrl":"https:\/\/cdn1.mediawpaccore.net\/wp-content\/uploads\/2021\/12\/28111724\/colas_360.jpg","width":1280,"height":848,"caption":"El incremento del valor del d\u00f3lar es otro ejemplo de la grave crisis en Cuba. Foto Cuba Noticias 360"},{"@type":"BreadcrumbList","@id":"https:\/\/www.cuballama.com\/noticias\/cuba-sera-la-economia-con-peor-desempeno-de-toda-america-latina-en-2026\/#breadcrumb","itemListElement":[{"@type":"ListItem","position":1,"name":"Home","item":"https:\/\/www.cuballama.com\/noticias\/"},{"@type":"ListItem","position":2,"name":"Cuba ser\u00e1 la econom\u00eda con peor desempe\u00f1o de toda Am\u00e9rica Latina en 2026"}]},{"@type":"WebSite","@id":"https:\/\/www.cuballama.com\/noticias\/#website","url":"https:\/\/www.cuballama.com\/noticias\/","name":"Cuballama Noticias","description":"Medio digital sobre Cuba y el mundo","publisher":{"@id":"https:\/\/www.cuballama.com\/noticias\/#organization"},"potentialAction":[{"@type":"SearchAction","target":{"@type":"EntryPoint","urlTemplate":"https:\/\/www.cuballama.com\/noticias\/?s={search_term_string}"},"query-input":{"@type":"PropertyValueSpecification","valueRequired":true,"valueName":"search_term_string"}}],"inLanguage":"es"},{"@type":"Organization","@id":"https:\/\/www.cuballama.com\/noticias\/#organization","name":"Cuballama","url":"https:\/\/www.cuballama.com\/noticias\/","logo":{"@type":"ImageObject","inLanguage":"es","@id":"https:\/\/www.cuballama.com\/noticias\/#\/schema\/logo\/image\/","url":"https:\/\/cdn1.mediawpaccore.net\/wp-content\/uploads\/2021\/12\/28171206\/cbll-logo-color-sm.png","contentUrl":"https:\/\/cdn1.mediawpaccore.net\/wp-content\/uploads\/2021\/12\/28171206\/cbll-logo-color-sm.png","width":600,"height":133,"caption":"Cuballama"},"image":{"@id":"https:\/\/www.cuballama.com\/noticias\/#\/schema\/logo\/image\/"},"sameAs":["https:\/\/www.facebook.com\/CubaLlama","https:\/\/x.com\/cuballama","https:\/\/www.instagram.com\/stories\/cuballama_oficial\/","https:\/\/www.youtube.com\/channel\/UCKkFE-d_axENGZcrc4as0IA"]},{"@type":"Person","@id":"https:\/\/www.cuballama.com\/noticias\/#\/schema\/person\/a58502ed4146c8e9f83872e897c76cd2","name":"Roberto A.","description":"Roberto A. Periodista por decisi\u00f3n propia. Interesado en cualquier tema que me apasione y cada vez m\u00e1s comprometido con la verdad y la objetividad period\u00edstica. Graduado en La Habana hace ya muchos a\u00f1os, luego de una accidentada y polvorienta b\u00fasqueda de informaci\u00f3n sobre un tema in\u00e9dito. La Tesis, por cierto, desapareci\u00f3 de la biblioteca y no se conservan copias de la misma.","url":"https:\/\/www.cuballama.com\/noticias\/author\/roberto\/"}]}},"_links":{"self":[{"href":"https:\/\/www.cuballama.com\/noticias\/wp-json\/wp\/v2\/posts\/242829","targetHints":{"allow":["GET"]}}],"collection":[{"href":"https:\/\/www.cuballama.com\/noticias\/wp-json\/wp\/v2\/posts"}],"about":[{"href":"https:\/\/www.cuballama.com\/noticias\/wp-json\/wp\/v2\/types\/post"}],"author":[{"embeddable":true,"href":"https:\/\/www.cuballama.com\/noticias\/wp-json\/wp\/v2\/users\/13"}],"replies":[{"embeddable":true,"href":"https:\/\/www.cuballama.com\/noticias\/wp-json\/wp\/v2\/comments?post=242829"}],"version-history":[{"count":4,"href":"https:\/\/www.cuballama.com\/noticias\/wp-json\/wp\/v2\/posts\/242829\/revisions"}],"predecessor-version":[{"id":242942,"href":"https:\/\/www.cuballama.com\/noticias\/wp-json\/wp\/v2\/posts\/242829\/revisions\/242942"}],"wp:featuredmedia":[{"embeddable":true,"href":"https:\/\/www.cuballama.com\/noticias\/wp-json\/wp\/v2\/media\/83857"}],"wp:attachment":[{"href":"https:\/\/www.cuballama.com\/noticias\/wp-json\/wp\/v2\/media?parent=242829"}],"wp:term":[{"taxonomy":"category","embeddable":true,"href":"https:\/\/www.cuballama.com\/noticias\/wp-json\/wp\/v2\/categories?post=242829"},{"taxonomy":"post_tag","embeddable":true,"href":"https:\/\/www.cuballama.com\/noticias\/wp-json\/wp\/v2\/tags?post=242829"}],"curies":[{"name":"wp","href":"https:\/\/api.w.org\/{rel}","templated":true}]}}