{"id":242819,"date":"2026-04-30T08:00:00","date_gmt":"2026-04-30T12:00:00","guid":{"rendered":"https:\/\/www.cuballama.com\/noticias\/?p=242819"},"modified":"2026-04-30T01:17:19","modified_gmt":"2026-04-30T05:17:19","slug":"juez-ordena-a-uscis-procesar-residencias-permanentes-en-pausa","status":"publish","type":"post","link":"https:\/\/www.cuballama.com\/noticias\/juez-ordena-a-uscis-procesar-residencias-permanentes-en-pausa\/","title":{"rendered":"Juez ordena a USCIS procesar residencias permanentes en pausa"},"content":{"rendered":"\n<p>El juez federal George L. Russell III, del tribunal de distrito de Maryland, orden\u00f3 al Servicio de Inmigraci\u00f3n y Ciudadan\u00eda (USCIS) la reanudaci\u00f3n inmediata del procesamiento de las residencias permanentes de solicitantes procedentes de 39 pa\u00edses afectados por la prohibici\u00f3n de viaje de Donald Trump.<\/p>\n\n\n\n<p>De acuerdo con el juez, es ilegal la suspensi\u00f3n indefinida de los procesos para otorgar la green card, por lo que la agencia debe tomar una decisi\u00f3n sobre todos los casos presentados.<\/p>\n\n\n\n<p>\u201cSi bien USCIS se reserva el derecho de conceder o denegar una solicitud, no puede mantenerla en suspenso indefinidamente sin procesarla\u201d, indic\u00f3 Russell III en un fallo publicado este lunes.<\/p>\n\n\n\n<p>\u201cUSCIS no tiene la discrecionalidad de no adjudicar en absoluto\u201d, se\u00f1al\u00f3 al recalcar que \u201cse debe tomar una decisi\u00f3n\u201d en \u201cun plazo razonable\u201d.<\/p>\n\n\n\n<p>Si bien esta decisi\u00f3n beneficia estrictamente a un grupo de 83 personas que demand\u00f3 a la administraci\u00f3n Trump por la pausa indefinida de sus solicitudes, es un precedente para muchos otros inmigrantes afectados por las mismas trabas.<\/p>\n\n\n\n<iframe loading=\"lazy\" src=\"https:\/\/www.facebook.com\/plugins\/post.php?href=https%3A%2F%2Fwww.facebook.com%2Fchavianolaw%2Fposts%2Fpfbid02rQ7xUP8yyQRVxJZWh2DJj9qKCznk9PAXnPKCh6rdVRehTf9RP9q61kD777EiTYwdl&#038;show_text=true&#038;width=500\" width=\"500\" height=\"756\" style=\"border:none;overflow:hidden\" scrolling=\"no\" frameborder=\"0\" allowfullscreen=\"true\" allow=\"autoplay; clipboard-write; encrypted-media; picture-in-picture; web-share\"><\/iframe>\n\n\n\n<p>En palabras de la abogada de inmigraci\u00f3n Rosaly Chaviano, se trata de una \u201cse\u00f1al alentadora\u201d, ya que se suma a otras decisiones recientes de cortes federales que han rechazado la llamada \u201cpausa Edlow\u201d, la gu\u00eda del director de USCIS, Joseph Edlow, que orden\u00f3 detener todas las solicitudes de beneficios de personas provenientes de pa\u00edses como Afganist\u00e1n, Eritrea, Ir\u00e1n, Siria y Venezuela.<\/p>\n\n\n\n<p>Cientos de peticiones de residencia de inmigrantes cubanos est\u00e1n pausadas, incluso desde hace m\u00e1s de dos a\u00f1os.<\/p>\n\n\n\n<p>La orden judicial no garantiza la aprobaci\u00f3n de las solicitudes pendientes, pero exige que USCIS no deje a los peticionarios en un limbo indefinido.<\/p>\n\n\n\n<p>Seg\u00fan USCIS, que seguramente apelar\u00e1 la decisi\u00f3n, ha pausado \u201ctodas las adjudicaciones para extranjeros procedentes de pa\u00edses de alto riesgo, mientras trabaja para garantizar que todos los extranjeros de dichos pa\u00edses sean sometidos a la m\u00e1xima verificaci\u00f3n y escrutinio posibles\u201d.<\/p>\n\n\n\n<p>El congelamiento del proceso de residencia permanente se produjo tras la orden ejecutiva de Trump, en diciembre de 2025, que enlist\u00f3 un total de 39 pa\u00edses cuyos ciudadanos estar\u00edan parcial o completamente bloqueados para viajar a Estados Unidos, lo que detuvo tambi\u00e9n la tramitaci\u00f3n de las peticiones de beneficios migratorios a los nacionales de esos pa\u00edses.<\/p>\n\n\n\n<p><\/p>\n","protected":false},"excerpt":{"rendered":"<p>Un juez determin\u00f3 que es ilegal la suspensi\u00f3n indefinida de los procesos para otorgar la green card.<\/p>\n","protected":false},"author":30,"featured_media":211021,"comment_status":"open","ping_status":"closed","sticky":false,"template":"","format":"standard","meta":{"_acf_changed":false,"footnotes":""},"categories":[18,953],"tags":[5404,941,1161,2022,911],"class_list":{"0":"post-242819","1":"post","2":"type-post","3":"status-publish","4":"format-standard","5":"has-post-thumbnail","7":"category-noticias","8":"category-usa","9":"tag-administracion-trump","10":"tag-destacado","11":"tag-green-card","12":"tag-residencia-permanente","13":"tag-uscis"},"acf":[],"yoast_head":"<!-- This site is optimized with the Yoast SEO plugin v27.5 - https:\/\/yoast.com\/product\/yoast-seo-wordpress\/ -->\n<title>Juez ordena a USCIS procesar residencias permanentes en pausa - Cuballama Noticias<\/title>\n<meta name=\"description\" content=\"Un juez orden\u00f3 al Servicio de Inmigraci\u00f3n y Ciudadan\u00eda de EE.UU. la reanudaci\u00f3n inmediata del procesamiento de las residencias permanentes.\" \/>\n<meta name=\"robots\" content=\"index, follow, max-snippet:-1, max-image-preview:large, max-video-preview:-1\" \/>\n<link rel=\"canonical\" href=\"https:\/\/www.cuballama.com\/noticias\/juez-ordena-a-uscis-procesar-residencias-permanentes-en-pausa\/\" \/>\n<meta property=\"og:locale\" content=\"es_ES\" \/>\n<meta property=\"og:type\" content=\"article\" \/>\n<meta property=\"og:title\" content=\"Juez ordena a USCIS procesar residencias permanentes en pausa - Cuballama Noticias\" \/>\n<meta property=\"og:description\" content=\"Un juez orden\u00f3 al Servicio de Inmigraci\u00f3n y Ciudadan\u00eda de EE.UU. la reanudaci\u00f3n inmediata del procesamiento de las residencias permanentes.\" \/>\n<meta property=\"og:url\" content=\"https:\/\/www.cuballama.com\/noticias\/juez-ordena-a-uscis-procesar-residencias-permanentes-en-pausa\/\" \/>\n<meta property=\"og:site_name\" content=\"Cuballama Noticias\" \/>\n<meta property=\"article:publisher\" content=\"https:\/\/www.facebook.com\/CubaLlama\" \/>\n<meta property=\"article:published_time\" content=\"2026-04-30T12:00:00+00:00\" \/>\n<meta property=\"og:image\" content=\"https:\/\/cdn1.mediawpaccore.net\/wp-content\/uploads\/2025\/06\/21104428\/Immigration_Documents.jpg\" \/>\n\t<meta property=\"og:image:width\" content=\"1200\" \/>\n\t<meta property=\"og:image:height\" content=\"630\" \/>\n\t<meta property=\"og:image:type\" content=\"image\/jpeg\" \/>\n<meta name=\"author\" content=\"Kathy\" \/>\n<meta name=\"twitter:card\" content=\"summary_large_image\" \/>\n<meta name=\"twitter:creator\" content=\"@cuballama\" \/>\n<meta name=\"twitter:site\" content=\"@cuballama\" \/>\n<meta name=\"twitter:label1\" content=\"Escrito por\" \/>\n\t<meta name=\"twitter:data1\" content=\"Kathy\" \/>\n\t<meta name=\"twitter:label2\" content=\"Tiempo de lectura\" \/>\n\t<meta name=\"twitter:data2\" content=\"2 minutos\" \/>\n<script type=\"application\/ld+json\" class=\"yoast-schema-graph\">{\"@context\":\"https:\\\/\\\/schema.org\",\"@graph\":[{\"@type\":\"Article\",\"@id\":\"https:\\\/\\\/www.cuballama.com\\\/noticias\\\/juez-ordena-a-uscis-procesar-residencias-permanentes-en-pausa\\\/#article\",\"isPartOf\":{\"@id\":\"https:\\\/\\\/www.cuballama.com\\\/noticias\\\/juez-ordena-a-uscis-procesar-residencias-permanentes-en-pausa\\\/\"},\"author\":{\"name\":\"Kathy\",\"@id\":\"https:\\\/\\\/www.cuballama.com\\\/noticias\\\/#\\\/schema\\\/person\\\/86cd3e3f4974437f031211213bf892d5\"},\"headline\":\"Juez ordena a USCIS procesar residencias permanentes en pausa\",\"datePublished\":\"2026-04-30T12:00:00+00:00\",\"mainEntityOfPage\":{\"@id\":\"https:\\\/\\\/www.cuballama.com\\\/noticias\\\/juez-ordena-a-uscis-procesar-residencias-permanentes-en-pausa\\\/\"},\"wordCount\":402,\"commentCount\":0,\"publisher\":{\"@id\":\"https:\\\/\\\/www.cuballama.com\\\/noticias\\\/#organization\"},\"image\":{\"@id\":\"https:\\\/\\\/www.cuballama.com\\\/noticias\\\/juez-ordena-a-uscis-procesar-residencias-permanentes-en-pausa\\\/#primaryimage\"},\"thumbnailUrl\":\"https:\\\/\\\/cdn1.mediawpaccore.net\\\/wp-content\\\/uploads\\\/2025\\\/06\\\/21104428\\\/Immigration_Documents.jpg\",\"keywords\":[\"administraci\u00f3n Trump\",\"destacado\",\"green card\",\"residencia permanente\",\"USCIS\"],\"articleSection\":[\"Noticias\",\"USA\"],\"inLanguage\":\"es\",\"potentialAction\":[{\"@type\":\"CommentAction\",\"name\":\"Comment\",\"target\":[\"https:\\\/\\\/www.cuballama.com\\\/noticias\\\/juez-ordena-a-uscis-procesar-residencias-permanentes-en-pausa\\\/#respond\"]}]},{\"@type\":\"WebPage\",\"@id\":\"https:\\\/\\\/www.cuballama.com\\\/noticias\\\/juez-ordena-a-uscis-procesar-residencias-permanentes-en-pausa\\\/\",\"url\":\"https:\\\/\\\/www.cuballama.com\\\/noticias\\\/juez-ordena-a-uscis-procesar-residencias-permanentes-en-pausa\\\/\",\"name\":\"Juez ordena a USCIS procesar residencias permanentes en pausa - Cuballama Noticias\",\"isPartOf\":{\"@id\":\"https:\\\/\\\/www.cuballama.com\\\/noticias\\\/#website\"},\"primaryImageOfPage\":{\"@id\":\"https:\\\/\\\/www.cuballama.com\\\/noticias\\\/juez-ordena-a-uscis-procesar-residencias-permanentes-en-pausa\\\/#primaryimage\"},\"image\":{\"@id\":\"https:\\\/\\\/www.cuballama.com\\\/noticias\\\/juez-ordena-a-uscis-procesar-residencias-permanentes-en-pausa\\\/#primaryimage\"},\"thumbnailUrl\":\"https:\\\/\\\/cdn1.mediawpaccore.net\\\/wp-content\\\/uploads\\\/2025\\\/06\\\/21104428\\\/Immigration_Documents.jpg\",\"datePublished\":\"2026-04-30T12:00:00+00:00\",\"description\":\"Un juez orden\u00f3 al Servicio de Inmigraci\u00f3n y Ciudadan\u00eda de EE.UU. la reanudaci\u00f3n inmediata del procesamiento de las residencias permanentes.\",\"breadcrumb\":{\"@id\":\"https:\\\/\\\/www.cuballama.com\\\/noticias\\\/juez-ordena-a-uscis-procesar-residencias-permanentes-en-pausa\\\/#breadcrumb\"},\"inLanguage\":\"es\",\"potentialAction\":[{\"@type\":\"ReadAction\",\"target\":[\"https:\\\/\\\/www.cuballama.com\\\/noticias\\\/juez-ordena-a-uscis-procesar-residencias-permanentes-en-pausa\\\/\"]}]},{\"@type\":\"ImageObject\",\"inLanguage\":\"es\",\"@id\":\"https:\\\/\\\/www.cuballama.com\\\/noticias\\\/juez-ordena-a-uscis-procesar-residencias-permanentes-en-pausa\\\/#primaryimage\",\"url\":\"https:\\\/\\\/cdn1.mediawpaccore.net\\\/wp-content\\\/uploads\\\/2025\\\/06\\\/21104428\\\/Immigration_Documents.jpg\",\"contentUrl\":\"https:\\\/\\\/cdn1.mediawpaccore.net\\\/wp-content\\\/uploads\\\/2025\\\/06\\\/21104428\\\/Immigration_Documents.jpg\",\"width\":1200,\"height\":630,\"caption\":\"Green card. Foto: USCIS\"},{\"@type\":\"BreadcrumbList\",\"@id\":\"https:\\\/\\\/www.cuballama.com\\\/noticias\\\/juez-ordena-a-uscis-procesar-residencias-permanentes-en-pausa\\\/#breadcrumb\",\"itemListElement\":[{\"@type\":\"ListItem\",\"position\":1,\"name\":\"Home\",\"item\":\"https:\\\/\\\/www.cuballama.com\\\/noticias\\\/\"},{\"@type\":\"ListItem\",\"position\":2,\"name\":\"Juez ordena a USCIS procesar residencias permanentes en pausa\"}]},{\"@type\":\"WebSite\",\"@id\":\"https:\\\/\\\/www.cuballama.com\\\/noticias\\\/#website\",\"url\":\"https:\\\/\\\/www.cuballama.com\\\/noticias\\\/\",\"name\":\"Cuballama Noticias\",\"description\":\"Medio digital sobre Cuba y el mundo\",\"publisher\":{\"@id\":\"https:\\\/\\\/www.cuballama.com\\\/noticias\\\/#organization\"},\"potentialAction\":[{\"@type\":\"SearchAction\",\"target\":{\"@type\":\"EntryPoint\",\"urlTemplate\":\"https:\\\/\\\/www.cuballama.com\\\/noticias\\\/?s={search_term_string}\"},\"query-input\":{\"@type\":\"PropertyValueSpecification\",\"valueRequired\":true,\"valueName\":\"search_term_string\"}}],\"inLanguage\":\"es\"},{\"@type\":\"Organization\",\"@id\":\"https:\\\/\\\/www.cuballama.com\\\/noticias\\\/#organization\",\"name\":\"Cuballama\",\"url\":\"https:\\\/\\\/www.cuballama.com\\\/noticias\\\/\",\"logo\":{\"@type\":\"ImageObject\",\"inLanguage\":\"es\",\"@id\":\"https:\\\/\\\/www.cuballama.com\\\/noticias\\\/#\\\/schema\\\/logo\\\/image\\\/\",\"url\":\"https:\\\/\\\/cdn1.mediawpaccore.net\\\/wp-content\\\/uploads\\\/2021\\\/12\\\/28171206\\\/cbll-logo-color-sm.png\",\"contentUrl\":\"https:\\\/\\\/cdn1.mediawpaccore.net\\\/wp-content\\\/uploads\\\/2021\\\/12\\\/28171206\\\/cbll-logo-color-sm.png\",\"width\":600,\"height\":133,\"caption\":\"Cuballama\"},\"image\":{\"@id\":\"https:\\\/\\\/www.cuballama.com\\\/noticias\\\/#\\\/schema\\\/logo\\\/image\\\/\"},\"sameAs\":[\"https:\\\/\\\/www.facebook.com\\\/CubaLlama\",\"https:\\\/\\\/x.com\\\/cuballama\",\"https:\\\/\\\/www.instagram.com\\\/stories\\\/cuballama_oficial\\\/\",\"https:\\\/\\\/www.youtube.com\\\/channel\\\/UCKkFE-d_axENGZcrc4as0IA\"]},{\"@type\":\"Person\",\"@id\":\"https:\\\/\\\/www.cuballama.com\\\/noticias\\\/#\\\/schema\\\/person\\\/86cd3e3f4974437f031211213bf892d5\",\"name\":\"Kathy\",\"url\":\"https:\\\/\\\/www.cuballama.com\\\/noticias\\\/author\\\/kathy\\\/\"}]}<\/script>\n<!-- \/ Yoast SEO plugin. -->","yoast_head_json":{"title":"Juez ordena a USCIS procesar residencias permanentes en pausa - Cuballama Noticias","description":"Un juez orden\u00f3 al Servicio de Inmigraci\u00f3n y Ciudadan\u00eda de EE.UU. la reanudaci\u00f3n inmediata del procesamiento de las residencias permanentes.","robots":{"index":"index","follow":"follow","max-snippet":"max-snippet:-1","max-image-preview":"max-image-preview:large","max-video-preview":"max-video-preview:-1"},"canonical":"https:\/\/www.cuballama.com\/noticias\/juez-ordena-a-uscis-procesar-residencias-permanentes-en-pausa\/","og_locale":"es_ES","og_type":"article","og_title":"Juez ordena a USCIS procesar residencias permanentes en pausa - Cuballama Noticias","og_description":"Un juez orden\u00f3 al Servicio de Inmigraci\u00f3n y Ciudadan\u00eda de EE.UU. la reanudaci\u00f3n inmediata del procesamiento de las residencias permanentes.","og_url":"https:\/\/www.cuballama.com\/noticias\/juez-ordena-a-uscis-procesar-residencias-permanentes-en-pausa\/","og_site_name":"Cuballama Noticias","article_publisher":"https:\/\/www.facebook.com\/CubaLlama","article_published_time":"2026-04-30T12:00:00+00:00","og_image":[{"width":1200,"height":630,"url":"https:\/\/cdn1.mediawpaccore.net\/wp-content\/uploads\/2025\/06\/21104428\/Immigration_Documents.jpg","type":"image\/jpeg"}],"author":"Kathy","twitter_card":"summary_large_image","twitter_creator":"@cuballama","twitter_site":"@cuballama","twitter_misc":{"Escrito por":"Kathy","Tiempo de lectura":"2 minutos"},"schema":{"@context":"https:\/\/schema.org","@graph":[{"@type":"Article","@id":"https:\/\/www.cuballama.com\/noticias\/juez-ordena-a-uscis-procesar-residencias-permanentes-en-pausa\/#article","isPartOf":{"@id":"https:\/\/www.cuballama.com\/noticias\/juez-ordena-a-uscis-procesar-residencias-permanentes-en-pausa\/"},"author":{"name":"Kathy","@id":"https:\/\/www.cuballama.com\/noticias\/#\/schema\/person\/86cd3e3f4974437f031211213bf892d5"},"headline":"Juez ordena a USCIS procesar residencias permanentes en pausa","datePublished":"2026-04-30T12:00:00+00:00","mainEntityOfPage":{"@id":"https:\/\/www.cuballama.com\/noticias\/juez-ordena-a-uscis-procesar-residencias-permanentes-en-pausa\/"},"wordCount":402,"commentCount":0,"publisher":{"@id":"https:\/\/www.cuballama.com\/noticias\/#organization"},"image":{"@id":"https:\/\/www.cuballama.com\/noticias\/juez-ordena-a-uscis-procesar-residencias-permanentes-en-pausa\/#primaryimage"},"thumbnailUrl":"https:\/\/cdn1.mediawpaccore.net\/wp-content\/uploads\/2025\/06\/21104428\/Immigration_Documents.jpg","keywords":["administraci\u00f3n Trump","destacado","green card","residencia permanente","USCIS"],"articleSection":["Noticias","USA"],"inLanguage":"es","potentialAction":[{"@type":"CommentAction","name":"Comment","target":["https:\/\/www.cuballama.com\/noticias\/juez-ordena-a-uscis-procesar-residencias-permanentes-en-pausa\/#respond"]}]},{"@type":"WebPage","@id":"https:\/\/www.cuballama.com\/noticias\/juez-ordena-a-uscis-procesar-residencias-permanentes-en-pausa\/","url":"https:\/\/www.cuballama.com\/noticias\/juez-ordena-a-uscis-procesar-residencias-permanentes-en-pausa\/","name":"Juez ordena a USCIS procesar residencias permanentes en pausa - Cuballama Noticias","isPartOf":{"@id":"https:\/\/www.cuballama.com\/noticias\/#website"},"primaryImageOfPage":{"@id":"https:\/\/www.cuballama.com\/noticias\/juez-ordena-a-uscis-procesar-residencias-permanentes-en-pausa\/#primaryimage"},"image":{"@id":"https:\/\/www.cuballama.com\/noticias\/juez-ordena-a-uscis-procesar-residencias-permanentes-en-pausa\/#primaryimage"},"thumbnailUrl":"https:\/\/cdn1.mediawpaccore.net\/wp-content\/uploads\/2025\/06\/21104428\/Immigration_Documents.jpg","datePublished":"2026-04-30T12:00:00+00:00","description":"Un juez orden\u00f3 al Servicio de Inmigraci\u00f3n y Ciudadan\u00eda de EE.UU. la reanudaci\u00f3n inmediata del procesamiento de las residencias permanentes.","breadcrumb":{"@id":"https:\/\/www.cuballama.com\/noticias\/juez-ordena-a-uscis-procesar-residencias-permanentes-en-pausa\/#breadcrumb"},"inLanguage":"es","potentialAction":[{"@type":"ReadAction","target":["https:\/\/www.cuballama.com\/noticias\/juez-ordena-a-uscis-procesar-residencias-permanentes-en-pausa\/"]}]},{"@type":"ImageObject","inLanguage":"es","@id":"https:\/\/www.cuballama.com\/noticias\/juez-ordena-a-uscis-procesar-residencias-permanentes-en-pausa\/#primaryimage","url":"https:\/\/cdn1.mediawpaccore.net\/wp-content\/uploads\/2025\/06\/21104428\/Immigration_Documents.jpg","contentUrl":"https:\/\/cdn1.mediawpaccore.net\/wp-content\/uploads\/2025\/06\/21104428\/Immigration_Documents.jpg","width":1200,"height":630,"caption":"Green card. Foto: USCIS"},{"@type":"BreadcrumbList","@id":"https:\/\/www.cuballama.com\/noticias\/juez-ordena-a-uscis-procesar-residencias-permanentes-en-pausa\/#breadcrumb","itemListElement":[{"@type":"ListItem","position":1,"name":"Home","item":"https:\/\/www.cuballama.com\/noticias\/"},{"@type":"ListItem","position":2,"name":"Juez ordena a USCIS procesar residencias permanentes en pausa"}]},{"@type":"WebSite","@id":"https:\/\/www.cuballama.com\/noticias\/#website","url":"https:\/\/www.cuballama.com\/noticias\/","name":"Cuballama Noticias","description":"Medio digital sobre Cuba y el mundo","publisher":{"@id":"https:\/\/www.cuballama.com\/noticias\/#organization"},"potentialAction":[{"@type":"SearchAction","target":{"@type":"EntryPoint","urlTemplate":"https:\/\/www.cuballama.com\/noticias\/?s={search_term_string}"},"query-input":{"@type":"PropertyValueSpecification","valueRequired":true,"valueName":"search_term_string"}}],"inLanguage":"es"},{"@type":"Organization","@id":"https:\/\/www.cuballama.com\/noticias\/#organization","name":"Cuballama","url":"https:\/\/www.cuballama.com\/noticias\/","logo":{"@type":"ImageObject","inLanguage":"es","@id":"https:\/\/www.cuballama.com\/noticias\/#\/schema\/logo\/image\/","url":"https:\/\/cdn1.mediawpaccore.net\/wp-content\/uploads\/2021\/12\/28171206\/cbll-logo-color-sm.png","contentUrl":"https:\/\/cdn1.mediawpaccore.net\/wp-content\/uploads\/2021\/12\/28171206\/cbll-logo-color-sm.png","width":600,"height":133,"caption":"Cuballama"},"image":{"@id":"https:\/\/www.cuballama.com\/noticias\/#\/schema\/logo\/image\/"},"sameAs":["https:\/\/www.facebook.com\/CubaLlama","https:\/\/x.com\/cuballama","https:\/\/www.instagram.com\/stories\/cuballama_oficial\/","https:\/\/www.youtube.com\/channel\/UCKkFE-d_axENGZcrc4as0IA"]},{"@type":"Person","@id":"https:\/\/www.cuballama.com\/noticias\/#\/schema\/person\/86cd3e3f4974437f031211213bf892d5","name":"Kathy","url":"https:\/\/www.cuballama.com\/noticias\/author\/kathy\/"}]}},"_links":{"self":[{"href":"https:\/\/www.cuballama.com\/noticias\/wp-json\/wp\/v2\/posts\/242819","targetHints":{"allow":["GET"]}}],"collection":[{"href":"https:\/\/www.cuballama.com\/noticias\/wp-json\/wp\/v2\/posts"}],"about":[{"href":"https:\/\/www.cuballama.com\/noticias\/wp-json\/wp\/v2\/types\/post"}],"author":[{"embeddable":true,"href":"https:\/\/www.cuballama.com\/noticias\/wp-json\/wp\/v2\/users\/30"}],"replies":[{"embeddable":true,"href":"https:\/\/www.cuballama.com\/noticias\/wp-json\/wp\/v2\/comments?post=242819"}],"version-history":[{"count":4,"href":"https:\/\/www.cuballama.com\/noticias\/wp-json\/wp\/v2\/posts\/242819\/revisions"}],"predecessor-version":[{"id":242989,"href":"https:\/\/www.cuballama.com\/noticias\/wp-json\/wp\/v2\/posts\/242819\/revisions\/242989"}],"wp:featuredmedia":[{"embeddable":true,"href":"https:\/\/www.cuballama.com\/noticias\/wp-json\/wp\/v2\/media\/211021"}],"wp:attachment":[{"href":"https:\/\/www.cuballama.com\/noticias\/wp-json\/wp\/v2\/media?parent=242819"}],"wp:term":[{"taxonomy":"category","embeddable":true,"href":"https:\/\/www.cuballama.com\/noticias\/wp-json\/wp\/v2\/categories?post=242819"},{"taxonomy":"post_tag","embeddable":true,"href":"https:\/\/www.cuballama.com\/noticias\/wp-json\/wp\/v2\/tags?post=242819"}],"curies":[{"name":"wp","href":"https:\/\/api.w.org\/{rel}","templated":true}]}}