{"id":242817,"date":"2026-04-29T08:34:07","date_gmt":"2026-04-29T12:34:07","guid":{"rendered":"https:\/\/www.cuballama.com\/noticias\/?p=242817"},"modified":"2026-04-29T08:39:57","modified_gmt":"2026-04-29T12:39:57","slug":"actor-cubano-roberto-salomon-se-reinventa-en-miami-tras-perder-a-su-hijo","status":"publish","type":"post","link":"https:\/\/www.cuballama.com\/noticias\/actor-cubano-roberto-salomon-se-reinventa-en-miami-tras-perder-a-su-hijo\/","title":{"rendered":"Actor cubano Roberto Salom\u00f3n se reinventa en Miami tras perder a su hijo"},"content":{"rendered":"\n<p>El actor cubano Roberto Salom\u00f3n, alejado del foco medi\u00e1tico desde su llegada a Estados Unidos hace alrededor de dos a\u00f1os y <a href=\"https:\/\/www.cuballama.com\/noticias\/muere-en-miami-hijo-de-actor-cubano-roberto-salomon\/?srsltid=AfmBOoqwAuNODRK9JlzSXB0wvhsftH8W7U0I2cUJayM-3GScVkkqezKz\" target=\"_blank\" rel=\"noreferrer noopener\">la muerte de su hijo<\/a> en un accidente de tr\u00e1nsito en Miami en abril de 2025, intenta reinventarse a diario.<\/p>\n\n\n\n<p>Seg\u00fan cont\u00f3 recientemente el artista de 55 a\u00f1os entrevistado por el periodista Sandy Castrillo para <em>Historias de mi gente<\/em>, ha estado desarrollando su faceta como artesano, que ya hab\u00eda iniciado trabajando con el barro y haciendo \u201ccarritos\u201d para vender en Cuba, y que le ha servido como una descarga emocional para lidiar con la p\u00e9rdida de su ni\u00f1o.<\/p>\n\n\n\n<p>\u201cMe sorprendi\u00f3 el d\u00eda que me trajo la moto esa, pero quer\u00eda que fuera feliz. Yo nunca lo fren\u00e9. Yo no ten\u00eda derecho a frenarlo y \u00e9l estaba muy seguro de lo que estaba haciendo\u201d, confes\u00f3 sobre Marcell, el hijo que tuvo con su esposa, la tambi\u00e9n actriz cubana Vitica Sobrino,  quien falleci\u00f3 mientras viajaba en una motocicleta con apenas 20 a\u00f1os.<\/p>\n\n\n\n<iframe loading=\"lazy\" src=\"https:\/\/www.facebook.com\/plugins\/video.php?height=476&#038;href=https%3A%2F%2Fwww.facebook.com%2Freel%2F1489148545984822%2F&#038;show_text=true&#038;width=267&#038;t=0\" width=\"267\" height=\"591\" style=\"border:none;overflow:hidden\" scrolling=\"no\" frameborder=\"0\" allowfullscreen=\"true\" allow=\"autoplay; clipboard-write; encrypted-media; picture-in-picture; web-share\" allowFullScreen=\"true\"><\/iframe>\n\n\n\n<p>\u201cEstamos seguros de que no muri\u00f3 por el accidente. No s\u00e9 si fue por el susto: le dio un infarto y no lo sobrepas\u00f3. Iba de noche y le sali\u00f3 una rastra delante, y no se vieron ninguno de los dos. La rastra era oscura y \u00e9l ven\u00eda pegado al cont\u00e9n y choc\u00f3. No se parti\u00f3 un hueso, no le pas\u00f3 nada, pero le dio un infarto. Lo sobrevivieron tres veces\u201d, relat\u00f3 con la voz entrecortada al final.<\/p>\n\n\n\n<p>Entre sus obras artesanales Salom\u00f3n mencion\u00f3 precisamente la de una iglesia rota, porque d\u00edas antes de morir su hijo hab\u00eda ido a una iglesia a pedir por \u00e9l. \u201cMe han pasado tantas cosas muy feas con la iglesia\u201d, dijo, pese a que asegur\u00f3 que tiene \u201cmucha fe en Dios, en el universo y en todas las energ\u00edas del mundo\u201d.<\/p>\n\n\n\n<p>De acuerdo con Salom\u00f3n, que super\u00f3 un infarto y ha lidiado con graves problemas de salud,  los cuales incluso le han impedido trabajar, \u201cseguro\u201d se hubiera muerto de haberse quedado en Cuba porque tomaba medicamentos para el coraz\u00f3n que le causaban reacciones adversas y se le inflamaba el cuerpo de forma que sangraba por la boca y ten\u00eda dificultades para hablar o moverse.&nbsp;<\/p>\n\n\n\n<figure class=\"wp-block-embed is-type-video is-provider-youtube wp-block-embed-youtube wp-embed-aspect-16-9 wp-has-aspect-ratio\"><div class=\"wp-block-embed__wrapper\">\n<iframe loading=\"lazy\" title=\"Roberto Salom\u00f3n: De cuidador de leones a actor\/ Historias de mi gente Cap.40\" width=\"696\" height=\"392\" src=\"https:\/\/www.youtube.com\/embed\/uJo3x_xaov4?feature=oembed\" frameborder=\"0\" allow=\"accelerometer; autoplay; clipboard-write; encrypted-media; gyroscope; picture-in-picture; web-share\" referrerpolicy=\"strict-origin-when-cross-origin\" allowfullscreen><\/iframe>\n<\/div><\/figure>\n\n\n\n<p>Ya en Estados Unidos, se\u00f1al\u00f3, su hermana, que es enfermera, le administr\u00f3 diur\u00e9ticos y la inflamaci\u00f3n baj\u00f3 casi de inmediato, lo que le permiti\u00f3 empezar un tratamiento m\u00e9dico adecuado. En enero del a\u00f1o pasado agradeci\u00f3 en redes sociales las muestras de preocupaci\u00f3n por su estado de salud y asegur\u00f3 que estaba \u201cmuy bien\u201d tras haber perdido 40 libras de peso.<\/p>\n\n\n\n<p>Asimismo, Salom\u00f3n se refiri\u00f3 a su infancia en su natal Guant\u00e1namo, marcada por la escasez material y a la vez por una felicidad enorme, y a su traslado a La Habana con apenas diez a\u00f1os.&nbsp;<\/p>\n\n\n\n<p>Sin embargo, las declaraciones m\u00e1s virales del actor han sido las relacionadas con su trabajo como cuidador en el capitalino Zool\u00f3gico de 26 durante el periodo especial, ya que describi\u00f3 con crudeza las condiciones en las que viv\u00edan los animales.<\/p>\n\n\n\n<iframe loading=\"lazy\" src=\"https:\/\/www.facebook.com\/plugins\/video.php?height=476&#038;href=https%3A%2F%2Fwww.facebook.com%2Freel%2F2380423899146033%2F&#038;show_text=true&#038;width=267&#038;t=0\" width=\"267\" height=\"591\" style=\"border:none;overflow:hidden\" scrolling=\"no\" frameborder=\"0\" allowfullscreen=\"true\" allow=\"autoplay; clipboard-write; encrypted-media; picture-in-picture; web-share\" allowFullScreen=\"true\"><\/iframe>\n\n\n\n<p>Recordado especialmente por su participaci\u00f3n en telenovelas como <em>Entrega <\/em>y, sobre todo, <em>Renacer<\/em>, donde interpret\u00f3 a Omar, un bodeguero, Salom\u00f3n relat\u00f3 que fue bodeguero en la vida real durante dos a\u00f1os en El Cerro y que incluso estuvo preso.<\/p>\n\n\n\n<p>Sin embargo, en la peque\u00f1a pantalla apareci\u00f3 en muchas otras novelas como <em>Vidas cruzadas<\/em>, <em>La otra esquina<\/em>, <em>Vuelve a mirar<\/em>, <em>En fin, el mar<\/em> y <em>El rostro de los d\u00edas<\/em>; as\u00ed como en series como <em>Tras la huella<\/em> y <em>U.N.O.<\/em> y varios teleplays.<\/p>\n\n\n\n<p>En el teatro, al que lleg\u00f3 casi por accidente, trabaj\u00f3 en agrupaciones como Mefisto Teatro y la Compa\u00f1\u00eda Rita Montaner. Adem\u00e1s, se form\u00f3 en la ya inexistente escuela Carlos Moctezuma, enfocada en actores para televisi\u00f3n.&nbsp;<\/p>\n\n\n\n<p><\/p>\n","protected":false},"excerpt":{"rendered":"<p>El querido artista ha estado alejado del foco medi\u00e1tico desde su llegada a Estados Unidos y la muerte de su hijo.<\/p>\n","protected":false},"author":30,"featured_media":242822,"comment_status":"open","ping_status":"closed","sticky":false,"template":"","format":"standard","meta":{"_acf_changed":false,"footnotes":""},"categories":[18,11024],"tags":[11050,941,23726,30853,32348],"class_list":{"0":"post-242817","1":"post","2":"type-post","3":"status-publish","4":"format-standard","5":"has-post-thumbnail","7":"category-noticias","8":"category-noticias-de-miami","9":"tag-cubanos-en-miami","10":"tag-destacado","11":"tag-padre-e-hijo","12":"tag-perdida-familiar","13":"tag-roberto-salomon-2"},"acf":[],"yoast_head":"<!-- This site is optimized with the Yoast SEO plugin v27.4 - https:\/\/yoast.com\/product\/yoast-seo-wordpress\/ -->\n<title>Actor cubano Roberto Salom\u00f3n se reinventa en Miami tras perder a su hijo - Cuballama Noticias<\/title>\n<meta name=\"description\" content=\"El actor cubano Roberto Salom\u00f3n ha estado alejado del foco medi\u00e1tico tras su llegada a Estados Unidos y la muerte de su hijo.\" \/>\n<meta name=\"robots\" content=\"index, follow, max-snippet:-1, max-image-preview:large, max-video-preview:-1\" \/>\n<link rel=\"canonical\" href=\"https:\/\/www.cuballama.com\/noticias\/actor-cubano-roberto-salomon-se-reinventa-en-miami-tras-perder-a-su-hijo\/\" \/>\n<meta property=\"og:locale\" content=\"es_ES\" \/>\n<meta property=\"og:type\" content=\"article\" \/>\n<meta property=\"og:title\" content=\"Actor cubano Roberto Salom\u00f3n se reinventa en Miami tras perder a su hijo - Cuballama Noticias\" \/>\n<meta property=\"og:description\" content=\"El actor cubano Roberto Salom\u00f3n ha estado alejado del foco medi\u00e1tico tras su llegada a Estados Unidos y la muerte de su hijo.\" \/>\n<meta property=\"og:url\" content=\"https:\/\/www.cuballama.com\/noticias\/actor-cubano-roberto-salomon-se-reinventa-en-miami-tras-perder-a-su-hijo\/\" \/>\n<meta property=\"og:site_name\" content=\"Cuballama Noticias\" \/>\n<meta property=\"article:publisher\" content=\"https:\/\/www.facebook.com\/CubaLlama\" \/>\n<meta property=\"article:published_time\" content=\"2026-04-29T12:34:07+00:00\" \/>\n<meta property=\"article:modified_time\" content=\"2026-04-29T12:39:57+00:00\" \/>\n<meta property=\"og:image\" content=\"https:\/\/cdn1.mediawpaccore.net\/wp-content\/uploads\/2026\/04\/29072330\/476898833_122159064098299639_527728852173826676_n1.jpg\" \/>\n\t<meta property=\"og:image:width\" content=\"1200\" \/>\n\t<meta property=\"og:image:height\" content=\"630\" \/>\n\t<meta property=\"og:image:type\" content=\"image\/jpeg\" \/>\n<meta name=\"author\" content=\"Kathy\" \/>\n<meta name=\"twitter:card\" content=\"summary_large_image\" \/>\n<meta name=\"twitter:creator\" content=\"@cuballama\" \/>\n<meta name=\"twitter:site\" content=\"@cuballama\" \/>\n<meta name=\"twitter:label1\" content=\"Escrito por\" \/>\n\t<meta name=\"twitter:data1\" content=\"Kathy\" \/>\n\t<meta name=\"twitter:label2\" content=\"Tiempo de lectura\" \/>\n\t<meta name=\"twitter:data2\" content=\"4 minutos\" \/>\n<script type=\"application\/ld+json\" class=\"yoast-schema-graph\">{\"@context\":\"https:\\\/\\\/schema.org\",\"@graph\":[{\"@type\":\"Article\",\"@id\":\"https:\\\/\\\/www.cuballama.com\\\/noticias\\\/actor-cubano-roberto-salomon-se-reinventa-en-miami-tras-perder-a-su-hijo\\\/#article\",\"isPartOf\":{\"@id\":\"https:\\\/\\\/www.cuballama.com\\\/noticias\\\/actor-cubano-roberto-salomon-se-reinventa-en-miami-tras-perder-a-su-hijo\\\/\"},\"author\":{\"name\":\"Kathy\",\"@id\":\"https:\\\/\\\/www.cuballama.com\\\/noticias\\\/#\\\/schema\\\/person\\\/86cd3e3f4974437f031211213bf892d5\"},\"headline\":\"Actor cubano Roberto Salom\u00f3n se reinventa en Miami tras perder a su hijo\",\"datePublished\":\"2026-04-29T12:34:07+00:00\",\"dateModified\":\"2026-04-29T12:39:57+00:00\",\"mainEntityOfPage\":{\"@id\":\"https:\\\/\\\/www.cuballama.com\\\/noticias\\\/actor-cubano-roberto-salomon-se-reinventa-en-miami-tras-perder-a-su-hijo\\\/\"},\"wordCount\":679,\"commentCount\":0,\"publisher\":{\"@id\":\"https:\\\/\\\/www.cuballama.com\\\/noticias\\\/#organization\"},\"image\":{\"@id\":\"https:\\\/\\\/www.cuballama.com\\\/noticias\\\/actor-cubano-roberto-salomon-se-reinventa-en-miami-tras-perder-a-su-hijo\\\/#primaryimage\"},\"thumbnailUrl\":\"https:\\\/\\\/cdn1.mediawpaccore.net\\\/wp-content\\\/uploads\\\/2026\\\/04\\\/29072330\\\/476898833_122159064098299639_527728852173826676_n1.jpg\",\"keywords\":[\"cubanos en Miami\",\"destacado\",\"padre e hijo\",\"p\u00e9rdida familiar\",\"Roberto Salom\u00f3n\"],\"articleSection\":[\"Noticias\",\"Noticias de Miami\"],\"inLanguage\":\"es\",\"potentialAction\":[{\"@type\":\"CommentAction\",\"name\":\"Comment\",\"target\":[\"https:\\\/\\\/www.cuballama.com\\\/noticias\\\/actor-cubano-roberto-salomon-se-reinventa-en-miami-tras-perder-a-su-hijo\\\/#respond\"]}]},{\"@type\":\"WebPage\",\"@id\":\"https:\\\/\\\/www.cuballama.com\\\/noticias\\\/actor-cubano-roberto-salomon-se-reinventa-en-miami-tras-perder-a-su-hijo\\\/\",\"url\":\"https:\\\/\\\/www.cuballama.com\\\/noticias\\\/actor-cubano-roberto-salomon-se-reinventa-en-miami-tras-perder-a-su-hijo\\\/\",\"name\":\"Actor cubano Roberto Salom\u00f3n se reinventa en Miami tras perder a su hijo - Cuballama Noticias\",\"isPartOf\":{\"@id\":\"https:\\\/\\\/www.cuballama.com\\\/noticias\\\/#website\"},\"primaryImageOfPage\":{\"@id\":\"https:\\\/\\\/www.cuballama.com\\\/noticias\\\/actor-cubano-roberto-salomon-se-reinventa-en-miami-tras-perder-a-su-hijo\\\/#primaryimage\"},\"image\":{\"@id\":\"https:\\\/\\\/www.cuballama.com\\\/noticias\\\/actor-cubano-roberto-salomon-se-reinventa-en-miami-tras-perder-a-su-hijo\\\/#primaryimage\"},\"thumbnailUrl\":\"https:\\\/\\\/cdn1.mediawpaccore.net\\\/wp-content\\\/uploads\\\/2026\\\/04\\\/29072330\\\/476898833_122159064098299639_527728852173826676_n1.jpg\",\"datePublished\":\"2026-04-29T12:34:07+00:00\",\"dateModified\":\"2026-04-29T12:39:57+00:00\",\"description\":\"El actor cubano Roberto Salom\u00f3n ha estado alejado del foco medi\u00e1tico tras su llegada a Estados Unidos y la muerte de su hijo.\",\"breadcrumb\":{\"@id\":\"https:\\\/\\\/www.cuballama.com\\\/noticias\\\/actor-cubano-roberto-salomon-se-reinventa-en-miami-tras-perder-a-su-hijo\\\/#breadcrumb\"},\"inLanguage\":\"es\",\"potentialAction\":[{\"@type\":\"ReadAction\",\"target\":[\"https:\\\/\\\/www.cuballama.com\\\/noticias\\\/actor-cubano-roberto-salomon-se-reinventa-en-miami-tras-perder-a-su-hijo\\\/\"]}]},{\"@type\":\"ImageObject\",\"inLanguage\":\"es\",\"@id\":\"https:\\\/\\\/www.cuballama.com\\\/noticias\\\/actor-cubano-roberto-salomon-se-reinventa-en-miami-tras-perder-a-su-hijo\\\/#primaryimage\",\"url\":\"https:\\\/\\\/cdn1.mediawpaccore.net\\\/wp-content\\\/uploads\\\/2026\\\/04\\\/29072330\\\/476898833_122159064098299639_527728852173826676_n1.jpg\",\"contentUrl\":\"https:\\\/\\\/cdn1.mediawpaccore.net\\\/wp-content\\\/uploads\\\/2026\\\/04\\\/29072330\\\/476898833_122159064098299639_527728852173826676_n1.jpg\",\"width\":1200,\"height\":630,\"caption\":\"Roberto Salom\u00f3n. Foto: Facebook\\\/Roberto Salom\u00f3n.\"},{\"@type\":\"BreadcrumbList\",\"@id\":\"https:\\\/\\\/www.cuballama.com\\\/noticias\\\/actor-cubano-roberto-salomon-se-reinventa-en-miami-tras-perder-a-su-hijo\\\/#breadcrumb\",\"itemListElement\":[{\"@type\":\"ListItem\",\"position\":1,\"name\":\"Home\",\"item\":\"https:\\\/\\\/www.cuballama.com\\\/noticias\\\/\"},{\"@type\":\"ListItem\",\"position\":2,\"name\":\"Actor cubano Roberto Salom\u00f3n se reinventa en Miami tras perder a su hijo\"}]},{\"@type\":\"WebSite\",\"@id\":\"https:\\\/\\\/www.cuballama.com\\\/noticias\\\/#website\",\"url\":\"https:\\\/\\\/www.cuballama.com\\\/noticias\\\/\",\"name\":\"Cuballama Noticias\",\"description\":\"Medio digital sobre Cuba y el mundo\",\"publisher\":{\"@id\":\"https:\\\/\\\/www.cuballama.com\\\/noticias\\\/#organization\"},\"potentialAction\":[{\"@type\":\"SearchAction\",\"target\":{\"@type\":\"EntryPoint\",\"urlTemplate\":\"https:\\\/\\\/www.cuballama.com\\\/noticias\\\/?s={search_term_string}\"},\"query-input\":{\"@type\":\"PropertyValueSpecification\",\"valueRequired\":true,\"valueName\":\"search_term_string\"}}],\"inLanguage\":\"es\"},{\"@type\":\"Organization\",\"@id\":\"https:\\\/\\\/www.cuballama.com\\\/noticias\\\/#organization\",\"name\":\"Cuballama\",\"url\":\"https:\\\/\\\/www.cuballama.com\\\/noticias\\\/\",\"logo\":{\"@type\":\"ImageObject\",\"inLanguage\":\"es\",\"@id\":\"https:\\\/\\\/www.cuballama.com\\\/noticias\\\/#\\\/schema\\\/logo\\\/image\\\/\",\"url\":\"https:\\\/\\\/cdn1.mediawpaccore.net\\\/wp-content\\\/uploads\\\/2021\\\/12\\\/28171206\\\/cbll-logo-color-sm.png\",\"contentUrl\":\"https:\\\/\\\/cdn1.mediawpaccore.net\\\/wp-content\\\/uploads\\\/2021\\\/12\\\/28171206\\\/cbll-logo-color-sm.png\",\"width\":600,\"height\":133,\"caption\":\"Cuballama\"},\"image\":{\"@id\":\"https:\\\/\\\/www.cuballama.com\\\/noticias\\\/#\\\/schema\\\/logo\\\/image\\\/\"},\"sameAs\":[\"https:\\\/\\\/www.facebook.com\\\/CubaLlama\",\"https:\\\/\\\/x.com\\\/cuballama\",\"https:\\\/\\\/www.instagram.com\\\/stories\\\/cuballama_oficial\\\/\",\"https:\\\/\\\/www.youtube.com\\\/channel\\\/UCKkFE-d_axENGZcrc4as0IA\"]},{\"@type\":\"Person\",\"@id\":\"https:\\\/\\\/www.cuballama.com\\\/noticias\\\/#\\\/schema\\\/person\\\/86cd3e3f4974437f031211213bf892d5\",\"name\":\"Kathy\",\"url\":\"https:\\\/\\\/www.cuballama.com\\\/noticias\\\/author\\\/kathy\\\/\"}]}<\/script>\n<!-- \/ Yoast SEO plugin. -->","yoast_head_json":{"title":"Actor cubano Roberto Salom\u00f3n se reinventa en Miami tras perder a su hijo - Cuballama Noticias","description":"El actor cubano Roberto Salom\u00f3n ha estado alejado del foco medi\u00e1tico tras su llegada a Estados Unidos y la muerte de su hijo.","robots":{"index":"index","follow":"follow","max-snippet":"max-snippet:-1","max-image-preview":"max-image-preview:large","max-video-preview":"max-video-preview:-1"},"canonical":"https:\/\/www.cuballama.com\/noticias\/actor-cubano-roberto-salomon-se-reinventa-en-miami-tras-perder-a-su-hijo\/","og_locale":"es_ES","og_type":"article","og_title":"Actor cubano Roberto Salom\u00f3n se reinventa en Miami tras perder a su hijo - Cuballama Noticias","og_description":"El actor cubano Roberto Salom\u00f3n ha estado alejado del foco medi\u00e1tico tras su llegada a Estados Unidos y la muerte de su hijo.","og_url":"https:\/\/www.cuballama.com\/noticias\/actor-cubano-roberto-salomon-se-reinventa-en-miami-tras-perder-a-su-hijo\/","og_site_name":"Cuballama Noticias","article_publisher":"https:\/\/www.facebook.com\/CubaLlama","article_published_time":"2026-04-29T12:34:07+00:00","article_modified_time":"2026-04-29T12:39:57+00:00","og_image":[{"width":1200,"height":630,"url":"https:\/\/cdn1.mediawpaccore.net\/wp-content\/uploads\/2026\/04\/29072330\/476898833_122159064098299639_527728852173826676_n1.jpg","type":"image\/jpeg"}],"author":"Kathy","twitter_card":"summary_large_image","twitter_creator":"@cuballama","twitter_site":"@cuballama","twitter_misc":{"Escrito por":"Kathy","Tiempo de lectura":"4 minutos"},"schema":{"@context":"https:\/\/schema.org","@graph":[{"@type":"Article","@id":"https:\/\/www.cuballama.com\/noticias\/actor-cubano-roberto-salomon-se-reinventa-en-miami-tras-perder-a-su-hijo\/#article","isPartOf":{"@id":"https:\/\/www.cuballama.com\/noticias\/actor-cubano-roberto-salomon-se-reinventa-en-miami-tras-perder-a-su-hijo\/"},"author":{"name":"Kathy","@id":"https:\/\/www.cuballama.com\/noticias\/#\/schema\/person\/86cd3e3f4974437f031211213bf892d5"},"headline":"Actor cubano Roberto Salom\u00f3n se reinventa en Miami tras perder a su hijo","datePublished":"2026-04-29T12:34:07+00:00","dateModified":"2026-04-29T12:39:57+00:00","mainEntityOfPage":{"@id":"https:\/\/www.cuballama.com\/noticias\/actor-cubano-roberto-salomon-se-reinventa-en-miami-tras-perder-a-su-hijo\/"},"wordCount":679,"commentCount":0,"publisher":{"@id":"https:\/\/www.cuballama.com\/noticias\/#organization"},"image":{"@id":"https:\/\/www.cuballama.com\/noticias\/actor-cubano-roberto-salomon-se-reinventa-en-miami-tras-perder-a-su-hijo\/#primaryimage"},"thumbnailUrl":"https:\/\/cdn1.mediawpaccore.net\/wp-content\/uploads\/2026\/04\/29072330\/476898833_122159064098299639_527728852173826676_n1.jpg","keywords":["cubanos en Miami","destacado","padre e hijo","p\u00e9rdida familiar","Roberto Salom\u00f3n"],"articleSection":["Noticias","Noticias de Miami"],"inLanguage":"es","potentialAction":[{"@type":"CommentAction","name":"Comment","target":["https:\/\/www.cuballama.com\/noticias\/actor-cubano-roberto-salomon-se-reinventa-en-miami-tras-perder-a-su-hijo\/#respond"]}]},{"@type":"WebPage","@id":"https:\/\/www.cuballama.com\/noticias\/actor-cubano-roberto-salomon-se-reinventa-en-miami-tras-perder-a-su-hijo\/","url":"https:\/\/www.cuballama.com\/noticias\/actor-cubano-roberto-salomon-se-reinventa-en-miami-tras-perder-a-su-hijo\/","name":"Actor cubano Roberto Salom\u00f3n se reinventa en Miami tras perder a su hijo - Cuballama Noticias","isPartOf":{"@id":"https:\/\/www.cuballama.com\/noticias\/#website"},"primaryImageOfPage":{"@id":"https:\/\/www.cuballama.com\/noticias\/actor-cubano-roberto-salomon-se-reinventa-en-miami-tras-perder-a-su-hijo\/#primaryimage"},"image":{"@id":"https:\/\/www.cuballama.com\/noticias\/actor-cubano-roberto-salomon-se-reinventa-en-miami-tras-perder-a-su-hijo\/#primaryimage"},"thumbnailUrl":"https:\/\/cdn1.mediawpaccore.net\/wp-content\/uploads\/2026\/04\/29072330\/476898833_122159064098299639_527728852173826676_n1.jpg","datePublished":"2026-04-29T12:34:07+00:00","dateModified":"2026-04-29T12:39:57+00:00","description":"El actor cubano Roberto Salom\u00f3n ha estado alejado del foco medi\u00e1tico tras su llegada a Estados Unidos y la muerte de su hijo.","breadcrumb":{"@id":"https:\/\/www.cuballama.com\/noticias\/actor-cubano-roberto-salomon-se-reinventa-en-miami-tras-perder-a-su-hijo\/#breadcrumb"},"inLanguage":"es","potentialAction":[{"@type":"ReadAction","target":["https:\/\/www.cuballama.com\/noticias\/actor-cubano-roberto-salomon-se-reinventa-en-miami-tras-perder-a-su-hijo\/"]}]},{"@type":"ImageObject","inLanguage":"es","@id":"https:\/\/www.cuballama.com\/noticias\/actor-cubano-roberto-salomon-se-reinventa-en-miami-tras-perder-a-su-hijo\/#primaryimage","url":"https:\/\/cdn1.mediawpaccore.net\/wp-content\/uploads\/2026\/04\/29072330\/476898833_122159064098299639_527728852173826676_n1.jpg","contentUrl":"https:\/\/cdn1.mediawpaccore.net\/wp-content\/uploads\/2026\/04\/29072330\/476898833_122159064098299639_527728852173826676_n1.jpg","width":1200,"height":630,"caption":"Roberto Salom\u00f3n. Foto: Facebook\/Roberto Salom\u00f3n."},{"@type":"BreadcrumbList","@id":"https:\/\/www.cuballama.com\/noticias\/actor-cubano-roberto-salomon-se-reinventa-en-miami-tras-perder-a-su-hijo\/#breadcrumb","itemListElement":[{"@type":"ListItem","position":1,"name":"Home","item":"https:\/\/www.cuballama.com\/noticias\/"},{"@type":"ListItem","position":2,"name":"Actor cubano Roberto Salom\u00f3n se reinventa en Miami tras perder a su hijo"}]},{"@type":"WebSite","@id":"https:\/\/www.cuballama.com\/noticias\/#website","url":"https:\/\/www.cuballama.com\/noticias\/","name":"Cuballama Noticias","description":"Medio digital sobre Cuba y el mundo","publisher":{"@id":"https:\/\/www.cuballama.com\/noticias\/#organization"},"potentialAction":[{"@type":"SearchAction","target":{"@type":"EntryPoint","urlTemplate":"https:\/\/www.cuballama.com\/noticias\/?s={search_term_string}"},"query-input":{"@type":"PropertyValueSpecification","valueRequired":true,"valueName":"search_term_string"}}],"inLanguage":"es"},{"@type":"Organization","@id":"https:\/\/www.cuballama.com\/noticias\/#organization","name":"Cuballama","url":"https:\/\/www.cuballama.com\/noticias\/","logo":{"@type":"ImageObject","inLanguage":"es","@id":"https:\/\/www.cuballama.com\/noticias\/#\/schema\/logo\/image\/","url":"https:\/\/cdn1.mediawpaccore.net\/wp-content\/uploads\/2021\/12\/28171206\/cbll-logo-color-sm.png","contentUrl":"https:\/\/cdn1.mediawpaccore.net\/wp-content\/uploads\/2021\/12\/28171206\/cbll-logo-color-sm.png","width":600,"height":133,"caption":"Cuballama"},"image":{"@id":"https:\/\/www.cuballama.com\/noticias\/#\/schema\/logo\/image\/"},"sameAs":["https:\/\/www.facebook.com\/CubaLlama","https:\/\/x.com\/cuballama","https:\/\/www.instagram.com\/stories\/cuballama_oficial\/","https:\/\/www.youtube.com\/channel\/UCKkFE-d_axENGZcrc4as0IA"]},{"@type":"Person","@id":"https:\/\/www.cuballama.com\/noticias\/#\/schema\/person\/86cd3e3f4974437f031211213bf892d5","name":"Kathy","url":"https:\/\/www.cuballama.com\/noticias\/author\/kathy\/"}]}},"_links":{"self":[{"href":"https:\/\/www.cuballama.com\/noticias\/wp-json\/wp\/v2\/posts\/242817","targetHints":{"allow":["GET"]}}],"collection":[{"href":"https:\/\/www.cuballama.com\/noticias\/wp-json\/wp\/v2\/posts"}],"about":[{"href":"https:\/\/www.cuballama.com\/noticias\/wp-json\/wp\/v2\/types\/post"}],"author":[{"embeddable":true,"href":"https:\/\/www.cuballama.com\/noticias\/wp-json\/wp\/v2\/users\/30"}],"replies":[{"embeddable":true,"href":"https:\/\/www.cuballama.com\/noticias\/wp-json\/wp\/v2\/comments?post=242817"}],"version-history":[{"count":10,"href":"https:\/\/www.cuballama.com\/noticias\/wp-json\/wp\/v2\/posts\/242817\/revisions"}],"predecessor-version":[{"id":242861,"href":"https:\/\/www.cuballama.com\/noticias\/wp-json\/wp\/v2\/posts\/242817\/revisions\/242861"}],"wp:featuredmedia":[{"embeddable":true,"href":"https:\/\/www.cuballama.com\/noticias\/wp-json\/wp\/v2\/media\/242822"}],"wp:attachment":[{"href":"https:\/\/www.cuballama.com\/noticias\/wp-json\/wp\/v2\/media?parent=242817"}],"wp:term":[{"taxonomy":"category","embeddable":true,"href":"https:\/\/www.cuballama.com\/noticias\/wp-json\/wp\/v2\/categories?post=242817"},{"taxonomy":"post_tag","embeddable":true,"href":"https:\/\/www.cuballama.com\/noticias\/wp-json\/wp\/v2\/tags?post=242817"}],"curies":[{"name":"wp","href":"https:\/\/api.w.org\/{rel}","templated":true}]}}