{"id":242800,"date":"2026-04-29T06:30:00","date_gmt":"2026-04-29T10:30:00","guid":{"rendered":"https:\/\/www.cuballama.com\/noticias\/?p=242800"},"modified":"2026-04-29T00:38:51","modified_gmt":"2026-04-29T04:38:51","slug":"identifican-a-joven-cubano-asesinado-durante-intento-de-robo-en-uruguay","status":"publish","type":"post","link":"https:\/\/www.cuballama.com\/noticias\/identifican-a-joven-cubano-asesinado-durante-intento-de-robo-en-uruguay\/","title":{"rendered":"Identifican a joven cubano asesinado durante intento de robo en Uruguay"},"content":{"rendered":"\n<p>El <a href=\"https:\/\/www.cuballama.com\/noticias\/repartidor-cubano-de-31-anos-muere-baleado-en-uruguay\/?srsltid=AfmBOooRyX4163PUwTV5RQOjkI-0Zp6MRN40Klbm5XKI1jrBGBGOlJdt\" target=\"_blank\" rel=\"noreferrer noopener\">joven repartidor cubano<\/a> asesinado el pasado viernes en Montevideo, Uruguay, fue identificado este martes como Jos\u00e9 Eduardo Cuellar Arteaga.<\/p>\n\n\n\n<p>De 31 a\u00f1os y conocido cari\u00f1osamente como Pirolito, el muchacho originario de Manicaragua, Villa Clara, perdi\u00f3 la vida durante un intento de robo mientras trabajaba, detall\u00f3 el activista Niover Licea a trav\u00e9s de su p\u00e1gina Nio reportando un crimen.<\/p>\n\n\n\n<p>Un adolescente de 16 a\u00f1os se present\u00f3 ante las autoridades junto a su madre para confesar su participaci\u00f3n en el hecho, tras lo cual fue puesto bajo custodia.<\/p>\n\n\n\n<p>El cubano muri\u00f3 de un disparo en el t\u00f3rax en la intersecci\u00f3n de las calles M\u00e1ximo Tajes y Capri, en el barrio de Carrasco Norte, en la capital uruguaya, cuando dos delincuentes intentaron robarle su motocicleta.<\/p>\n\n\n\n<p>Seg\u00fan revel\u00f3 la prensa local, los dos atacantes se desplazaban a pie cuando abordaron al joven cubano, quien habr\u00eda terminado baleado tras resistirse al robo del veh\u00edculo. Solo pudieron llevarse su tel\u00e9fono celular.<\/p>\n\n\n\n<iframe loading=\"lazy\" src=\"https:\/\/www.facebook.com\/plugins\/post.php?href=https%3A%2F%2Fwww.facebook.com%2Fpermalink.php%3Fstory_fbid%3Dpfbid025iM3kfmXufjAU9aaFzj2B5h83mLoBxAfuGGYXQ8FnLYSt2abs8v6LDyQo8YvwHXrl%26id%3D61559784217848&#038;show_text=true&#038;width=500\" width=\"500\" height=\"792\" style=\"border:none;overflow:hidden\" scrolling=\"no\" frameborder=\"0\" allowfullscreen=\"true\" allow=\"autoplay; clipboard-write; encrypted-media; picture-in-picture; web-share\"><\/iframe>\n\n\n\n<p>El asesinato del cubano, que trabajaba para la plataforma PedidosYa, est\u00e1 siendo investigado por el Departamento de Homicidios de la Polic\u00eda de Montevideo. Todo qued\u00f3 registrado por c\u00e1maras de seguridad del Ministerio del Interior.<\/p>\n\n\n\n<p>La noticia ha causado un profundo impacto entre familiares, amigos y la comunidad cubana, tanto dentro como fuera de la isla.<\/p>\n\n\n\n<p>El secretario de Presidencia de Uruguay, Alejandro S\u00e1nchez, se pronunci\u00f3 sobre el crimen del repartidor cubano: \u201cDolor frente a la p\u00e9rdida de un ser humano, a la familia, a un trabajador\u201d.<\/p>\n\n\n\n<p>En di\u00e1logo con <em>Telenoche<\/em>, el funcionario asegur\u00f3 que el caso obliga al gobierno a \u201credoblar el esfuerzo para que estas cosas no sigan sucediendo en Uruguay\u201d.<\/p>\n\n\n\n<p>De acuerdo con Licea, Pirolito hab\u00eda emigrado en busca de un futuro mejor.<\/p>\n\n\n\n<p>\u201cSus padres, muy queridos en su comunidad, atraviesan momentos de inmenso dolor y han recibido m\u00faltiples muestras de apoyo\u201d, apunt\u00f3.<\/p>\n\n\n\n<p><\/p>\n","protected":false},"excerpt":{"rendered":"<p>El joven muri\u00f3 de un disparo en el t\u00f3rax.<\/p>\n","protected":false},"author":30,"featured_media":242805,"comment_status":"open","ping_status":"closed","sticky":false,"template":"","format":"standard","meta":{"_acf_changed":false,"footnotes":""},"categories":[18,955],"tags":[22579,2845,941,13408],"class_list":{"0":"post-242800","1":"post","2":"type-post","3":"status-publish","4":"format-standard","5":"has-post-thumbnail","7":"category-noticias","8":"category-noticias-de-cuba","9":"tag-cubano-fallecido","10":"tag-cubanos-en-uruguay","11":"tag-destacado","12":"tag-joven-cubano"},"acf":[],"yoast_head":"<!-- This site is optimized with the Yoast SEO plugin v27.4 - https:\/\/yoast.com\/product\/yoast-seo-wordpress\/ -->\n<title>Identifican a joven cubano asesinado durante intento de robo en Uruguay - Cuballama Noticias<\/title>\n<meta name=\"description\" content=\"El joven repartidor cubano asesinado en Uruguay fue identificado este martes como Jos\u00e9 Eduardo Cuellar Arteaga.\" \/>\n<meta name=\"robots\" content=\"index, follow, max-snippet:-1, max-image-preview:large, max-video-preview:-1\" \/>\n<link rel=\"canonical\" href=\"https:\/\/www.cuballama.com\/noticias\/identifican-a-joven-cubano-asesinado-durante-intento-de-robo-en-uruguay\/\" \/>\n<meta property=\"og:locale\" content=\"es_ES\" \/>\n<meta property=\"og:type\" content=\"article\" \/>\n<meta property=\"og:title\" content=\"Identifican a joven cubano asesinado durante intento de robo en Uruguay - Cuballama Noticias\" \/>\n<meta property=\"og:description\" content=\"El joven repartidor cubano asesinado en Uruguay fue identificado este martes como Jos\u00e9 Eduardo Cuellar Arteaga.\" \/>\n<meta property=\"og:url\" content=\"https:\/\/www.cuballama.com\/noticias\/identifican-a-joven-cubano-asesinado-durante-intento-de-robo-en-uruguay\/\" \/>\n<meta property=\"og:site_name\" content=\"Cuballama Noticias\" \/>\n<meta property=\"article:publisher\" content=\"https:\/\/www.facebook.com\/CubaLlama\" \/>\n<meta property=\"article:published_time\" content=\"2026-04-29T10:30:00+00:00\" \/>\n<meta property=\"og:image\" content=\"https:\/\/cdn1.mediawpaccore.net\/wp-content\/uploads\/2026\/04\/28222237\/685140132_122219615030326140_5904531972902674932_n1.jpg\" \/>\n\t<meta property=\"og:image:width\" content=\"1200\" \/>\n\t<meta property=\"og:image:height\" content=\"630\" \/>\n\t<meta property=\"og:image:type\" content=\"image\/jpeg\" \/>\n<meta name=\"author\" content=\"Kathy\" \/>\n<meta name=\"twitter:card\" content=\"summary_large_image\" \/>\n<meta name=\"twitter:creator\" content=\"@cuballama\" \/>\n<meta name=\"twitter:site\" content=\"@cuballama\" \/>\n<meta name=\"twitter:label1\" content=\"Escrito por\" \/>\n\t<meta name=\"twitter:data1\" content=\"Kathy\" \/>\n\t<meta name=\"twitter:label2\" content=\"Tiempo de lectura\" \/>\n\t<meta name=\"twitter:data2\" content=\"2 minutos\" \/>\n<script type=\"application\/ld+json\" class=\"yoast-schema-graph\">{\"@context\":\"https:\\\/\\\/schema.org\",\"@graph\":[{\"@type\":\"Article\",\"@id\":\"https:\\\/\\\/www.cuballama.com\\\/noticias\\\/identifican-a-joven-cubano-asesinado-durante-intento-de-robo-en-uruguay\\\/#article\",\"isPartOf\":{\"@id\":\"https:\\\/\\\/www.cuballama.com\\\/noticias\\\/identifican-a-joven-cubano-asesinado-durante-intento-de-robo-en-uruguay\\\/\"},\"author\":{\"name\":\"Kathy\",\"@id\":\"https:\\\/\\\/www.cuballama.com\\\/noticias\\\/#\\\/schema\\\/person\\\/86cd3e3f4974437f031211213bf892d5\"},\"headline\":\"Identifican a joven cubano asesinado durante intento de robo en Uruguay\",\"datePublished\":\"2026-04-29T10:30:00+00:00\",\"mainEntityOfPage\":{\"@id\":\"https:\\\/\\\/www.cuballama.com\\\/noticias\\\/identifican-a-joven-cubano-asesinado-durante-intento-de-robo-en-uruguay\\\/\"},\"wordCount\":330,\"commentCount\":0,\"publisher\":{\"@id\":\"https:\\\/\\\/www.cuballama.com\\\/noticias\\\/#organization\"},\"image\":{\"@id\":\"https:\\\/\\\/www.cuballama.com\\\/noticias\\\/identifican-a-joven-cubano-asesinado-durante-intento-de-robo-en-uruguay\\\/#primaryimage\"},\"thumbnailUrl\":\"https:\\\/\\\/cdn1.mediawpaccore.net\\\/wp-content\\\/uploads\\\/2026\\\/04\\\/28222237\\\/685140132_122219615030326140_5904531972902674932_n1.jpg\",\"keywords\":[\"cubano fallecido\",\"Cubanos en Uruguay\",\"destacado\",\"joven cubano\"],\"articleSection\":[\"Noticias\",\"Noticias de Cuba\"],\"inLanguage\":\"es\",\"potentialAction\":[{\"@type\":\"CommentAction\",\"name\":\"Comment\",\"target\":[\"https:\\\/\\\/www.cuballama.com\\\/noticias\\\/identifican-a-joven-cubano-asesinado-durante-intento-de-robo-en-uruguay\\\/#respond\"]}]},{\"@type\":\"WebPage\",\"@id\":\"https:\\\/\\\/www.cuballama.com\\\/noticias\\\/identifican-a-joven-cubano-asesinado-durante-intento-de-robo-en-uruguay\\\/\",\"url\":\"https:\\\/\\\/www.cuballama.com\\\/noticias\\\/identifican-a-joven-cubano-asesinado-durante-intento-de-robo-en-uruguay\\\/\",\"name\":\"Identifican a joven cubano asesinado durante intento de robo en Uruguay - Cuballama Noticias\",\"isPartOf\":{\"@id\":\"https:\\\/\\\/www.cuballama.com\\\/noticias\\\/#website\"},\"primaryImageOfPage\":{\"@id\":\"https:\\\/\\\/www.cuballama.com\\\/noticias\\\/identifican-a-joven-cubano-asesinado-durante-intento-de-robo-en-uruguay\\\/#primaryimage\"},\"image\":{\"@id\":\"https:\\\/\\\/www.cuballama.com\\\/noticias\\\/identifican-a-joven-cubano-asesinado-durante-intento-de-robo-en-uruguay\\\/#primaryimage\"},\"thumbnailUrl\":\"https:\\\/\\\/cdn1.mediawpaccore.net\\\/wp-content\\\/uploads\\\/2026\\\/04\\\/28222237\\\/685140132_122219615030326140_5904531972902674932_n1.jpg\",\"datePublished\":\"2026-04-29T10:30:00+00:00\",\"description\":\"El joven repartidor cubano asesinado en Uruguay fue identificado este martes como Jos\u00e9 Eduardo Cuellar Arteaga.\",\"breadcrumb\":{\"@id\":\"https:\\\/\\\/www.cuballama.com\\\/noticias\\\/identifican-a-joven-cubano-asesinado-durante-intento-de-robo-en-uruguay\\\/#breadcrumb\"},\"inLanguage\":\"es\",\"potentialAction\":[{\"@type\":\"ReadAction\",\"target\":[\"https:\\\/\\\/www.cuballama.com\\\/noticias\\\/identifican-a-joven-cubano-asesinado-durante-intento-de-robo-en-uruguay\\\/\"]}]},{\"@type\":\"ImageObject\",\"inLanguage\":\"es\",\"@id\":\"https:\\\/\\\/www.cuballama.com\\\/noticias\\\/identifican-a-joven-cubano-asesinado-durante-intento-de-robo-en-uruguay\\\/#primaryimage\",\"url\":\"https:\\\/\\\/cdn1.mediawpaccore.net\\\/wp-content\\\/uploads\\\/2026\\\/04\\\/28222237\\\/685140132_122219615030326140_5904531972902674932_n1.jpg\",\"contentUrl\":\"https:\\\/\\\/cdn1.mediawpaccore.net\\\/wp-content\\\/uploads\\\/2026\\\/04\\\/28222237\\\/685140132_122219615030326140_5904531972902674932_n1.jpg\",\"width\":1200,\"height\":630,\"caption\":\"Jos\u00e9 Eduardo Cuellar Arteaga. Foto: Facebook\\\/Nio reportando un crimen.\"},{\"@type\":\"BreadcrumbList\",\"@id\":\"https:\\\/\\\/www.cuballama.com\\\/noticias\\\/identifican-a-joven-cubano-asesinado-durante-intento-de-robo-en-uruguay\\\/#breadcrumb\",\"itemListElement\":[{\"@type\":\"ListItem\",\"position\":1,\"name\":\"Home\",\"item\":\"https:\\\/\\\/www.cuballama.com\\\/noticias\\\/\"},{\"@type\":\"ListItem\",\"position\":2,\"name\":\"Identifican a joven cubano asesinado durante intento de robo en Uruguay\"}]},{\"@type\":\"WebSite\",\"@id\":\"https:\\\/\\\/www.cuballama.com\\\/noticias\\\/#website\",\"url\":\"https:\\\/\\\/www.cuballama.com\\\/noticias\\\/\",\"name\":\"Cuballama Noticias\",\"description\":\"Medio digital sobre Cuba y el mundo\",\"publisher\":{\"@id\":\"https:\\\/\\\/www.cuballama.com\\\/noticias\\\/#organization\"},\"potentialAction\":[{\"@type\":\"SearchAction\",\"target\":{\"@type\":\"EntryPoint\",\"urlTemplate\":\"https:\\\/\\\/www.cuballama.com\\\/noticias\\\/?s={search_term_string}\"},\"query-input\":{\"@type\":\"PropertyValueSpecification\",\"valueRequired\":true,\"valueName\":\"search_term_string\"}}],\"inLanguage\":\"es\"},{\"@type\":\"Organization\",\"@id\":\"https:\\\/\\\/www.cuballama.com\\\/noticias\\\/#organization\",\"name\":\"Cuballama\",\"url\":\"https:\\\/\\\/www.cuballama.com\\\/noticias\\\/\",\"logo\":{\"@type\":\"ImageObject\",\"inLanguage\":\"es\",\"@id\":\"https:\\\/\\\/www.cuballama.com\\\/noticias\\\/#\\\/schema\\\/logo\\\/image\\\/\",\"url\":\"https:\\\/\\\/cdn1.mediawpaccore.net\\\/wp-content\\\/uploads\\\/2021\\\/12\\\/28171206\\\/cbll-logo-color-sm.png\",\"contentUrl\":\"https:\\\/\\\/cdn1.mediawpaccore.net\\\/wp-content\\\/uploads\\\/2021\\\/12\\\/28171206\\\/cbll-logo-color-sm.png\",\"width\":600,\"height\":133,\"caption\":\"Cuballama\"},\"image\":{\"@id\":\"https:\\\/\\\/www.cuballama.com\\\/noticias\\\/#\\\/schema\\\/logo\\\/image\\\/\"},\"sameAs\":[\"https:\\\/\\\/www.facebook.com\\\/CubaLlama\",\"https:\\\/\\\/x.com\\\/cuballama\",\"https:\\\/\\\/www.instagram.com\\\/stories\\\/cuballama_oficial\\\/\",\"https:\\\/\\\/www.youtube.com\\\/channel\\\/UCKkFE-d_axENGZcrc4as0IA\"]},{\"@type\":\"Person\",\"@id\":\"https:\\\/\\\/www.cuballama.com\\\/noticias\\\/#\\\/schema\\\/person\\\/86cd3e3f4974437f031211213bf892d5\",\"name\":\"Kathy\",\"url\":\"https:\\\/\\\/www.cuballama.com\\\/noticias\\\/author\\\/kathy\\\/\"}]}<\/script>\n<!-- \/ Yoast SEO plugin. -->","yoast_head_json":{"title":"Identifican a joven cubano asesinado durante intento de robo en Uruguay - Cuballama Noticias","description":"El joven repartidor cubano asesinado en Uruguay fue identificado este martes como Jos\u00e9 Eduardo Cuellar Arteaga.","robots":{"index":"index","follow":"follow","max-snippet":"max-snippet:-1","max-image-preview":"max-image-preview:large","max-video-preview":"max-video-preview:-1"},"canonical":"https:\/\/www.cuballama.com\/noticias\/identifican-a-joven-cubano-asesinado-durante-intento-de-robo-en-uruguay\/","og_locale":"es_ES","og_type":"article","og_title":"Identifican a joven cubano asesinado durante intento de robo en Uruguay - Cuballama Noticias","og_description":"El joven repartidor cubano asesinado en Uruguay fue identificado este martes como Jos\u00e9 Eduardo Cuellar Arteaga.","og_url":"https:\/\/www.cuballama.com\/noticias\/identifican-a-joven-cubano-asesinado-durante-intento-de-robo-en-uruguay\/","og_site_name":"Cuballama Noticias","article_publisher":"https:\/\/www.facebook.com\/CubaLlama","article_published_time":"2026-04-29T10:30:00+00:00","og_image":[{"width":1200,"height":630,"url":"https:\/\/cdn1.mediawpaccore.net\/wp-content\/uploads\/2026\/04\/28222237\/685140132_122219615030326140_5904531972902674932_n1.jpg","type":"image\/jpeg"}],"author":"Kathy","twitter_card":"summary_large_image","twitter_creator":"@cuballama","twitter_site":"@cuballama","twitter_misc":{"Escrito por":"Kathy","Tiempo de lectura":"2 minutos"},"schema":{"@context":"https:\/\/schema.org","@graph":[{"@type":"Article","@id":"https:\/\/www.cuballama.com\/noticias\/identifican-a-joven-cubano-asesinado-durante-intento-de-robo-en-uruguay\/#article","isPartOf":{"@id":"https:\/\/www.cuballama.com\/noticias\/identifican-a-joven-cubano-asesinado-durante-intento-de-robo-en-uruguay\/"},"author":{"name":"Kathy","@id":"https:\/\/www.cuballama.com\/noticias\/#\/schema\/person\/86cd3e3f4974437f031211213bf892d5"},"headline":"Identifican a joven cubano asesinado durante intento de robo en Uruguay","datePublished":"2026-04-29T10:30:00+00:00","mainEntityOfPage":{"@id":"https:\/\/www.cuballama.com\/noticias\/identifican-a-joven-cubano-asesinado-durante-intento-de-robo-en-uruguay\/"},"wordCount":330,"commentCount":0,"publisher":{"@id":"https:\/\/www.cuballama.com\/noticias\/#organization"},"image":{"@id":"https:\/\/www.cuballama.com\/noticias\/identifican-a-joven-cubano-asesinado-durante-intento-de-robo-en-uruguay\/#primaryimage"},"thumbnailUrl":"https:\/\/cdn1.mediawpaccore.net\/wp-content\/uploads\/2026\/04\/28222237\/685140132_122219615030326140_5904531972902674932_n1.jpg","keywords":["cubano fallecido","Cubanos en Uruguay","destacado","joven cubano"],"articleSection":["Noticias","Noticias de Cuba"],"inLanguage":"es","potentialAction":[{"@type":"CommentAction","name":"Comment","target":["https:\/\/www.cuballama.com\/noticias\/identifican-a-joven-cubano-asesinado-durante-intento-de-robo-en-uruguay\/#respond"]}]},{"@type":"WebPage","@id":"https:\/\/www.cuballama.com\/noticias\/identifican-a-joven-cubano-asesinado-durante-intento-de-robo-en-uruguay\/","url":"https:\/\/www.cuballama.com\/noticias\/identifican-a-joven-cubano-asesinado-durante-intento-de-robo-en-uruguay\/","name":"Identifican a joven cubano asesinado durante intento de robo en Uruguay - Cuballama Noticias","isPartOf":{"@id":"https:\/\/www.cuballama.com\/noticias\/#website"},"primaryImageOfPage":{"@id":"https:\/\/www.cuballama.com\/noticias\/identifican-a-joven-cubano-asesinado-durante-intento-de-robo-en-uruguay\/#primaryimage"},"image":{"@id":"https:\/\/www.cuballama.com\/noticias\/identifican-a-joven-cubano-asesinado-durante-intento-de-robo-en-uruguay\/#primaryimage"},"thumbnailUrl":"https:\/\/cdn1.mediawpaccore.net\/wp-content\/uploads\/2026\/04\/28222237\/685140132_122219615030326140_5904531972902674932_n1.jpg","datePublished":"2026-04-29T10:30:00+00:00","description":"El joven repartidor cubano asesinado en Uruguay fue identificado este martes como Jos\u00e9 Eduardo Cuellar Arteaga.","breadcrumb":{"@id":"https:\/\/www.cuballama.com\/noticias\/identifican-a-joven-cubano-asesinado-durante-intento-de-robo-en-uruguay\/#breadcrumb"},"inLanguage":"es","potentialAction":[{"@type":"ReadAction","target":["https:\/\/www.cuballama.com\/noticias\/identifican-a-joven-cubano-asesinado-durante-intento-de-robo-en-uruguay\/"]}]},{"@type":"ImageObject","inLanguage":"es","@id":"https:\/\/www.cuballama.com\/noticias\/identifican-a-joven-cubano-asesinado-durante-intento-de-robo-en-uruguay\/#primaryimage","url":"https:\/\/cdn1.mediawpaccore.net\/wp-content\/uploads\/2026\/04\/28222237\/685140132_122219615030326140_5904531972902674932_n1.jpg","contentUrl":"https:\/\/cdn1.mediawpaccore.net\/wp-content\/uploads\/2026\/04\/28222237\/685140132_122219615030326140_5904531972902674932_n1.jpg","width":1200,"height":630,"caption":"Jos\u00e9 Eduardo Cuellar Arteaga. Foto: Facebook\/Nio reportando un crimen."},{"@type":"BreadcrumbList","@id":"https:\/\/www.cuballama.com\/noticias\/identifican-a-joven-cubano-asesinado-durante-intento-de-robo-en-uruguay\/#breadcrumb","itemListElement":[{"@type":"ListItem","position":1,"name":"Home","item":"https:\/\/www.cuballama.com\/noticias\/"},{"@type":"ListItem","position":2,"name":"Identifican a joven cubano asesinado durante intento de robo en Uruguay"}]},{"@type":"WebSite","@id":"https:\/\/www.cuballama.com\/noticias\/#website","url":"https:\/\/www.cuballama.com\/noticias\/","name":"Cuballama Noticias","description":"Medio digital sobre Cuba y el mundo","publisher":{"@id":"https:\/\/www.cuballama.com\/noticias\/#organization"},"potentialAction":[{"@type":"SearchAction","target":{"@type":"EntryPoint","urlTemplate":"https:\/\/www.cuballama.com\/noticias\/?s={search_term_string}"},"query-input":{"@type":"PropertyValueSpecification","valueRequired":true,"valueName":"search_term_string"}}],"inLanguage":"es"},{"@type":"Organization","@id":"https:\/\/www.cuballama.com\/noticias\/#organization","name":"Cuballama","url":"https:\/\/www.cuballama.com\/noticias\/","logo":{"@type":"ImageObject","inLanguage":"es","@id":"https:\/\/www.cuballama.com\/noticias\/#\/schema\/logo\/image\/","url":"https:\/\/cdn1.mediawpaccore.net\/wp-content\/uploads\/2021\/12\/28171206\/cbll-logo-color-sm.png","contentUrl":"https:\/\/cdn1.mediawpaccore.net\/wp-content\/uploads\/2021\/12\/28171206\/cbll-logo-color-sm.png","width":600,"height":133,"caption":"Cuballama"},"image":{"@id":"https:\/\/www.cuballama.com\/noticias\/#\/schema\/logo\/image\/"},"sameAs":["https:\/\/www.facebook.com\/CubaLlama","https:\/\/x.com\/cuballama","https:\/\/www.instagram.com\/stories\/cuballama_oficial\/","https:\/\/www.youtube.com\/channel\/UCKkFE-d_axENGZcrc4as0IA"]},{"@type":"Person","@id":"https:\/\/www.cuballama.com\/noticias\/#\/schema\/person\/86cd3e3f4974437f031211213bf892d5","name":"Kathy","url":"https:\/\/www.cuballama.com\/noticias\/author\/kathy\/"}]}},"_links":{"self":[{"href":"https:\/\/www.cuballama.com\/noticias\/wp-json\/wp\/v2\/posts\/242800","targetHints":{"allow":["GET"]}}],"collection":[{"href":"https:\/\/www.cuballama.com\/noticias\/wp-json\/wp\/v2\/posts"}],"about":[{"href":"https:\/\/www.cuballama.com\/noticias\/wp-json\/wp\/v2\/types\/post"}],"author":[{"embeddable":true,"href":"https:\/\/www.cuballama.com\/noticias\/wp-json\/wp\/v2\/users\/30"}],"replies":[{"embeddable":true,"href":"https:\/\/www.cuballama.com\/noticias\/wp-json\/wp\/v2\/comments?post=242800"}],"version-history":[{"count":8,"href":"https:\/\/www.cuballama.com\/noticias\/wp-json\/wp\/v2\/posts\/242800\/revisions"}],"predecessor-version":[{"id":242816,"href":"https:\/\/www.cuballama.com\/noticias\/wp-json\/wp\/v2\/posts\/242800\/revisions\/242816"}],"wp:featuredmedia":[{"embeddable":true,"href":"https:\/\/www.cuballama.com\/noticias\/wp-json\/wp\/v2\/media\/242805"}],"wp:attachment":[{"href":"https:\/\/www.cuballama.com\/noticias\/wp-json\/wp\/v2\/media?parent=242800"}],"wp:term":[{"taxonomy":"category","embeddable":true,"href":"https:\/\/www.cuballama.com\/noticias\/wp-json\/wp\/v2\/categories?post=242800"},{"taxonomy":"post_tag","embeddable":true,"href":"https:\/\/www.cuballama.com\/noticias\/wp-json\/wp\/v2\/tags?post=242800"}],"curies":[{"name":"wp","href":"https:\/\/api.w.org\/{rel}","templated":true}]}}