{"id":242788,"date":"2026-04-28T15:22:46","date_gmt":"2026-04-28T19:22:46","guid":{"rendered":"https:\/\/www.cuballama.com\/noticias\/?p=242788"},"modified":"2026-04-28T15:25:23","modified_gmt":"2026-04-28T19:25:23","slug":"diaz-canel-felicita-a-ramiro-valdes-pese-a-silencio-oficial-tras-meses-de-ausencia","status":"publish","type":"post","link":"https:\/\/www.cuballama.com\/noticias\/diaz-canel-felicita-a-ramiro-valdes-pese-a-silencio-oficial-tras-meses-de-ausencia\/","title":{"rendered":"D\u00edaz-Canel felicita a Ramiro Vald\u00e9s pese a silencio oficial tras meses de ausencia"},"content":{"rendered":"\n<p>El mandatario cubano Miguel D\u00edaz-Canel felicit\u00f3 temprano este martes 28 de abril a Ramiro Vald\u00e9s Men\u00e9ndez, uno de los comandantes hist\u00f3ricos de la Revoluci\u00f3n cubana y uno de los dirigentes m\u00e1s antiguos y de mayor peso dentro del aparato de poder, <a href=\"https:\/\/www.cuballama.com\/noticias\/la-larga-ausencia-de-ramiro-valdes-uno-de-los-ultimos-comandantes-de-la-revolucion\/?srsltid=AfmBOoprrYdSmOCKsYobv7sPZ8-cpDPaofkP4hmOFDJ13Xqcw4oa_gz-\" target=\"_blank\" rel=\"noreferrer noopener\">tras meses de rumores sobre el deterioro de su salud<\/a>.<\/p>\n\n\n\n<p>Vald\u00e9s ha sido durante a\u00f1os una presencia constante en reuniones estrat\u00e9gicas, actos pol\u00edticos e inauguraciones vinculadas al sector energ\u00e9tico.&nbsp;<\/p>\n\n\n\n<p>\u201cEsta ma\u00f1ana el primer saludo es para el querido y admirado Comandante de la Revoluci\u00f3n Ramiro Vald\u00e9s Men\u00e9ndez, H\u00e9roe de la Rep\u00fablica de Cuba, uno de los h\u00e9roes s\u00edmbolo de la hist\u00f3rica pelea cubana por nuestro derecho a construir y defender la naci\u00f3n libre, independiente y soberana que su generaci\u00f3n conquist\u00f3 con Fidel al frente\u201d, dijo D\u00edaz-Canel com motivo del 94 cumplea\u00f1os de Vald\u00e9s Men\u00e9ndez.<\/p>\n\n\n\n<p>\u201cCon h\u00e9roes como Ramiro, la Patria se defiende hasta la victoria siempre. Felicidades, Comandante\u201d, a\u00f1adi\u00f3 el gobernante en el momento de mayor tensi\u00f3n en las relaciones con Estados Unidos.<\/p>\n\n\n\n<p>Lo cierto es que el actual viceprimer ministro de Cuba lleva meses fuera del escenario p\u00fablico, sin que hasta el momento haya existido una explicaci\u00f3n oficial sobre su ausencia.\u00a0<\/p>\n\n\n\n<p>Vald\u00e9s Men\u00e9ndez no ha estado presente en las \u00faltimas reuniones del Consejo de Ministros desde finales de 2025, seg\u00fan reportes de la prensa oficial.<\/p>\n\n\n\n<iframe loading=\"lazy\" src=\"https:\/\/www.facebook.com\/plugins\/post.php?href=https%3A%2F%2Fwww.facebook.com%2FMDiazCanelB%2Fposts%2Fpfbid0Fc2ZfGeiDurtpuvj3cNfjKfpHKhkcd571QSzVxNbYp3zpYXU35VNvpfZsc3e24CGl&#038;show_text=true&#038;width=500\" width=\"500\" height=\"717\" style=\"border:none;overflow:hidden\" scrolling=\"no\" frameborder=\"0\" allowfullscreen=\"true\" allow=\"autoplay; clipboard-write; encrypted-media; picture-in-picture; web-share\"><\/iframe>\n\n\n\n<p>En cualquier caso, la falta de explicaciones ha dado mucho de qu\u00e9 hablar ya que el un r\u00e9gimen cubano acostumbra a exhibir a sus principales figuras como se\u00f1al de continuidad y control.&nbsp;&nbsp;<\/p>\n\n\n\n<p>Una de sus ausencias m\u00e1s llamativas de Vald\u00e9s Men\u00e9ndez fue la de los funerales de los militares cubanos fallecidos en Venezuela durante la captura de Nicol\u00e1s Maduro.&nbsp;<\/p>\n\n\n\n<p>Seg\u00fan rese\u00f1a <em>CiberCuba<\/em>, su \u00faltima aparici\u00f3n p\u00fablica \u201cverificable\u201d ocurri\u00f3 en septiembre de 2025, cuando particip\u00f3 en la inauguraci\u00f3n de un parque solar en Sancti Sp\u00edritus.\u00a0\u00a0<\/p>\n\n\n\n<p>Tampoco estuvo, por ejemplo, el pasado 27 de enero, durante la tradicional Marcha de las Antorchas en La Habana, uno de los eventos propagand\u00edsticos m\u00e1s importantes del calendario pol\u00edtico cubano, al que sol\u00eda asistir siempre.<\/p>\n\n\n\n<p>Seg\u00fan public\u00f3 precisamente a finales de enero el diario espa\u00f1ol <em>El Debate<\/em>, que cit\u00f3 fuentes del propio Gobierno cubano, vald\u00e9s Men\u00e9ndez estaba hospitalizado en La Habana desde hac\u00eda varios d\u00edas debido a un delicado cuadro de salud.<\/p>\n\n\n\n<p>De acuerdo con ese medio, Vald\u00e9s habr\u00eda estado ingresado al menos diez d\u00edas y su estado requerir\u00eda atenci\u00f3n constante. Las fuentes consultadas entonces aseguraron que permanec\u00eda \u201cbajo estrecha vigilancia m\u00e9dica las 24 horas del d\u00eda\u201d.&nbsp;<\/p>\n\n\n\n<p>Si bien las autoridades no han emitido ning\u00fan comunicado que explique la raz\u00f3n de su ausencia, en redes sociales circulan versiones que apuntan a problemas m\u00e9dicos graves, as\u00ed como un supuesto retiro silencioso debido a conflictos internos o una posible huida del pa\u00eds con su familia.<\/p>\n\n\n\n<p><\/p>\n","protected":false},"excerpt":{"rendered":"<p>El viceprimer ministro de Cuba lleva meses alejado de la esfera p\u00fablica.<\/p>\n","protected":false},"author":30,"featured_media":242789,"comment_status":"open","ping_status":"closed","sticky":false,"template":"","format":"standard","meta":{"_acf_changed":false,"footnotes":""},"categories":[18,955],"tags":[10867,941,1324,9156],"class_list":{"0":"post-242788","1":"post","2":"type-post","3":"status-publish","4":"format-standard","5":"has-post-thumbnail","7":"category-noticias","8":"category-noticias-de-cuba","9":"tag-crisis-en-cuba","10":"tag-destacado","11":"tag-miguel-diaz-canel","12":"tag-ramiro-valdes"},"acf":[],"yoast_head":"<!-- This site is optimized with the Yoast SEO plugin v27.4 - https:\/\/yoast.com\/product\/yoast-seo-wordpress\/ -->\n<title>D\u00edaz-Canel felicita a Ramiro Vald\u00e9s pese a silencio oficial tras meses de ausencia - Cuballama Noticias<\/title>\n<meta name=\"description\" content=\"El mandatario cubano Miguel D\u00edaz-Canel felicit\u00f3 este martes a Ramiro Vald\u00e9s Men\u00e9ndez, uno de los comandantes hist\u00f3ricos de la Revoluci\u00f3n.\" \/>\n<meta name=\"robots\" content=\"index, follow, max-snippet:-1, max-image-preview:large, max-video-preview:-1\" \/>\n<link rel=\"canonical\" href=\"https:\/\/www.cuballama.com\/noticias\/diaz-canel-felicita-a-ramiro-valdes-pese-a-silencio-oficial-tras-meses-de-ausencia\/\" \/>\n<meta property=\"og:locale\" content=\"es_ES\" \/>\n<meta property=\"og:type\" content=\"article\" \/>\n<meta property=\"og:title\" content=\"D\u00edaz-Canel felicita a Ramiro Vald\u00e9s pese a silencio oficial tras meses de ausencia - Cuballama Noticias\" \/>\n<meta property=\"og:description\" content=\"El mandatario cubano Miguel D\u00edaz-Canel felicit\u00f3 este martes a Ramiro Vald\u00e9s Men\u00e9ndez, uno de los comandantes hist\u00f3ricos de la Revoluci\u00f3n.\" \/>\n<meta property=\"og:url\" content=\"https:\/\/www.cuballama.com\/noticias\/diaz-canel-felicita-a-ramiro-valdes-pese-a-silencio-oficial-tras-meses-de-ausencia\/\" \/>\n<meta property=\"og:site_name\" content=\"Cuballama Noticias\" \/>\n<meta property=\"article:publisher\" content=\"https:\/\/www.facebook.com\/CubaLlama\" \/>\n<meta property=\"article:published_time\" content=\"2026-04-28T19:22:46+00:00\" \/>\n<meta property=\"article:modified_time\" content=\"2026-04-28T19:25:23+00:00\" \/>\n<meta property=\"og:image\" content=\"https:\/\/cdn1.mediawpaccore.net\/wp-content\/uploads\/2026\/04\/28151427\/680375343_1577084844423112_8250125545935108515_n1.jpg\" \/>\n\t<meta property=\"og:image:width\" content=\"1200\" \/>\n\t<meta property=\"og:image:height\" content=\"630\" \/>\n\t<meta property=\"og:image:type\" content=\"image\/jpeg\" \/>\n<meta name=\"author\" content=\"Kathy\" \/>\n<meta name=\"twitter:card\" content=\"summary_large_image\" \/>\n<meta name=\"twitter:creator\" content=\"@cuballama\" \/>\n<meta name=\"twitter:site\" content=\"@cuballama\" \/>\n<meta name=\"twitter:label1\" content=\"Escrito por\" \/>\n\t<meta name=\"twitter:data1\" content=\"Kathy\" \/>\n\t<meta name=\"twitter:label2\" content=\"Tiempo de lectura\" \/>\n\t<meta name=\"twitter:data2\" content=\"3 minutos\" \/>\n<script type=\"application\/ld+json\" class=\"yoast-schema-graph\">{\"@context\":\"https:\\\/\\\/schema.org\",\"@graph\":[{\"@type\":\"Article\",\"@id\":\"https:\\\/\\\/www.cuballama.com\\\/noticias\\\/diaz-canel-felicita-a-ramiro-valdes-pese-a-silencio-oficial-tras-meses-de-ausencia\\\/#article\",\"isPartOf\":{\"@id\":\"https:\\\/\\\/www.cuballama.com\\\/noticias\\\/diaz-canel-felicita-a-ramiro-valdes-pese-a-silencio-oficial-tras-meses-de-ausencia\\\/\"},\"author\":{\"name\":\"Kathy\",\"@id\":\"https:\\\/\\\/www.cuballama.com\\\/noticias\\\/#\\\/schema\\\/person\\\/86cd3e3f4974437f031211213bf892d5\"},\"headline\":\"D\u00edaz-Canel felicita a Ramiro Vald\u00e9s pese a silencio oficial tras meses de ausencia\",\"datePublished\":\"2026-04-28T19:22:46+00:00\",\"dateModified\":\"2026-04-28T19:25:23+00:00\",\"mainEntityOfPage\":{\"@id\":\"https:\\\/\\\/www.cuballama.com\\\/noticias\\\/diaz-canel-felicita-a-ramiro-valdes-pese-a-silencio-oficial-tras-meses-de-ausencia\\\/\"},\"wordCount\":536,\"commentCount\":0,\"publisher\":{\"@id\":\"https:\\\/\\\/www.cuballama.com\\\/noticias\\\/#organization\"},\"image\":{\"@id\":\"https:\\\/\\\/www.cuballama.com\\\/noticias\\\/diaz-canel-felicita-a-ramiro-valdes-pese-a-silencio-oficial-tras-meses-de-ausencia\\\/#primaryimage\"},\"thumbnailUrl\":\"https:\\\/\\\/cdn1.mediawpaccore.net\\\/wp-content\\\/uploads\\\/2026\\\/04\\\/28151427\\\/680375343_1577084844423112_8250125545935108515_n1.jpg\",\"keywords\":[\"Crisis en Cuba\",\"destacado\",\"Miguel D\u00edaz-Canel\",\"Ramiro Vald\u00e9s\"],\"articleSection\":[\"Noticias\",\"Noticias de Cuba\"],\"inLanguage\":\"es\",\"potentialAction\":[{\"@type\":\"CommentAction\",\"name\":\"Comment\",\"target\":[\"https:\\\/\\\/www.cuballama.com\\\/noticias\\\/diaz-canel-felicita-a-ramiro-valdes-pese-a-silencio-oficial-tras-meses-de-ausencia\\\/#respond\"]}]},{\"@type\":\"WebPage\",\"@id\":\"https:\\\/\\\/www.cuballama.com\\\/noticias\\\/diaz-canel-felicita-a-ramiro-valdes-pese-a-silencio-oficial-tras-meses-de-ausencia\\\/\",\"url\":\"https:\\\/\\\/www.cuballama.com\\\/noticias\\\/diaz-canel-felicita-a-ramiro-valdes-pese-a-silencio-oficial-tras-meses-de-ausencia\\\/\",\"name\":\"D\u00edaz-Canel felicita a Ramiro Vald\u00e9s pese a silencio oficial tras meses de ausencia - Cuballama Noticias\",\"isPartOf\":{\"@id\":\"https:\\\/\\\/www.cuballama.com\\\/noticias\\\/#website\"},\"primaryImageOfPage\":{\"@id\":\"https:\\\/\\\/www.cuballama.com\\\/noticias\\\/diaz-canel-felicita-a-ramiro-valdes-pese-a-silencio-oficial-tras-meses-de-ausencia\\\/#primaryimage\"},\"image\":{\"@id\":\"https:\\\/\\\/www.cuballama.com\\\/noticias\\\/diaz-canel-felicita-a-ramiro-valdes-pese-a-silencio-oficial-tras-meses-de-ausencia\\\/#primaryimage\"},\"thumbnailUrl\":\"https:\\\/\\\/cdn1.mediawpaccore.net\\\/wp-content\\\/uploads\\\/2026\\\/04\\\/28151427\\\/680375343_1577084844423112_8250125545935108515_n1.jpg\",\"datePublished\":\"2026-04-28T19:22:46+00:00\",\"dateModified\":\"2026-04-28T19:25:23+00:00\",\"description\":\"El mandatario cubano Miguel D\u00edaz-Canel felicit\u00f3 este martes a Ramiro Vald\u00e9s Men\u00e9ndez, uno de los comandantes hist\u00f3ricos de la Revoluci\u00f3n.\",\"breadcrumb\":{\"@id\":\"https:\\\/\\\/www.cuballama.com\\\/noticias\\\/diaz-canel-felicita-a-ramiro-valdes-pese-a-silencio-oficial-tras-meses-de-ausencia\\\/#breadcrumb\"},\"inLanguage\":\"es\",\"potentialAction\":[{\"@type\":\"ReadAction\",\"target\":[\"https:\\\/\\\/www.cuballama.com\\\/noticias\\\/diaz-canel-felicita-a-ramiro-valdes-pese-a-silencio-oficial-tras-meses-de-ausencia\\\/\"]}]},{\"@type\":\"ImageObject\",\"inLanguage\":\"es\",\"@id\":\"https:\\\/\\\/www.cuballama.com\\\/noticias\\\/diaz-canel-felicita-a-ramiro-valdes-pese-a-silencio-oficial-tras-meses-de-ausencia\\\/#primaryimage\",\"url\":\"https:\\\/\\\/cdn1.mediawpaccore.net\\\/wp-content\\\/uploads\\\/2026\\\/04\\\/28151427\\\/680375343_1577084844423112_8250125545935108515_n1.jpg\",\"contentUrl\":\"https:\\\/\\\/cdn1.mediawpaccore.net\\\/wp-content\\\/uploads\\\/2026\\\/04\\\/28151427\\\/680375343_1577084844423112_8250125545935108515_n1.jpg\",\"width\":1200,\"height\":630,\"caption\":\"Ramiro Vald\u00e9s Men\u00e9ndez. Foto: Miguel D\u00edaz-Canel Berm\u00fadez.\"},{\"@type\":\"BreadcrumbList\",\"@id\":\"https:\\\/\\\/www.cuballama.com\\\/noticias\\\/diaz-canel-felicita-a-ramiro-valdes-pese-a-silencio-oficial-tras-meses-de-ausencia\\\/#breadcrumb\",\"itemListElement\":[{\"@type\":\"ListItem\",\"position\":1,\"name\":\"Home\",\"item\":\"https:\\\/\\\/www.cuballama.com\\\/noticias\\\/\"},{\"@type\":\"ListItem\",\"position\":2,\"name\":\"D\u00edaz-Canel felicita a Ramiro Vald\u00e9s pese a silencio oficial tras meses de ausencia\"}]},{\"@type\":\"WebSite\",\"@id\":\"https:\\\/\\\/www.cuballama.com\\\/noticias\\\/#website\",\"url\":\"https:\\\/\\\/www.cuballama.com\\\/noticias\\\/\",\"name\":\"Cuballama Noticias\",\"description\":\"Medio digital sobre Cuba y el mundo\",\"publisher\":{\"@id\":\"https:\\\/\\\/www.cuballama.com\\\/noticias\\\/#organization\"},\"potentialAction\":[{\"@type\":\"SearchAction\",\"target\":{\"@type\":\"EntryPoint\",\"urlTemplate\":\"https:\\\/\\\/www.cuballama.com\\\/noticias\\\/?s={search_term_string}\"},\"query-input\":{\"@type\":\"PropertyValueSpecification\",\"valueRequired\":true,\"valueName\":\"search_term_string\"}}],\"inLanguage\":\"es\"},{\"@type\":\"Organization\",\"@id\":\"https:\\\/\\\/www.cuballama.com\\\/noticias\\\/#organization\",\"name\":\"Cuballama\",\"url\":\"https:\\\/\\\/www.cuballama.com\\\/noticias\\\/\",\"logo\":{\"@type\":\"ImageObject\",\"inLanguage\":\"es\",\"@id\":\"https:\\\/\\\/www.cuballama.com\\\/noticias\\\/#\\\/schema\\\/logo\\\/image\\\/\",\"url\":\"https:\\\/\\\/cdn1.mediawpaccore.net\\\/wp-content\\\/uploads\\\/2021\\\/12\\\/28171206\\\/cbll-logo-color-sm.png\",\"contentUrl\":\"https:\\\/\\\/cdn1.mediawpaccore.net\\\/wp-content\\\/uploads\\\/2021\\\/12\\\/28171206\\\/cbll-logo-color-sm.png\",\"width\":600,\"height\":133,\"caption\":\"Cuballama\"},\"image\":{\"@id\":\"https:\\\/\\\/www.cuballama.com\\\/noticias\\\/#\\\/schema\\\/logo\\\/image\\\/\"},\"sameAs\":[\"https:\\\/\\\/www.facebook.com\\\/CubaLlama\",\"https:\\\/\\\/x.com\\\/cuballama\",\"https:\\\/\\\/www.instagram.com\\\/stories\\\/cuballama_oficial\\\/\",\"https:\\\/\\\/www.youtube.com\\\/channel\\\/UCKkFE-d_axENGZcrc4as0IA\"]},{\"@type\":\"Person\",\"@id\":\"https:\\\/\\\/www.cuballama.com\\\/noticias\\\/#\\\/schema\\\/person\\\/86cd3e3f4974437f031211213bf892d5\",\"name\":\"Kathy\",\"url\":\"https:\\\/\\\/www.cuballama.com\\\/noticias\\\/author\\\/kathy\\\/\"}]}<\/script>\n<!-- \/ Yoast SEO plugin. -->","yoast_head_json":{"title":"D\u00edaz-Canel felicita a Ramiro Vald\u00e9s pese a silencio oficial tras meses de ausencia - Cuballama Noticias","description":"El mandatario cubano Miguel D\u00edaz-Canel felicit\u00f3 este martes a Ramiro Vald\u00e9s Men\u00e9ndez, uno de los comandantes hist\u00f3ricos de la Revoluci\u00f3n.","robots":{"index":"index","follow":"follow","max-snippet":"max-snippet:-1","max-image-preview":"max-image-preview:large","max-video-preview":"max-video-preview:-1"},"canonical":"https:\/\/www.cuballama.com\/noticias\/diaz-canel-felicita-a-ramiro-valdes-pese-a-silencio-oficial-tras-meses-de-ausencia\/","og_locale":"es_ES","og_type":"article","og_title":"D\u00edaz-Canel felicita a Ramiro Vald\u00e9s pese a silencio oficial tras meses de ausencia - Cuballama Noticias","og_description":"El mandatario cubano Miguel D\u00edaz-Canel felicit\u00f3 este martes a Ramiro Vald\u00e9s Men\u00e9ndez, uno de los comandantes hist\u00f3ricos de la Revoluci\u00f3n.","og_url":"https:\/\/www.cuballama.com\/noticias\/diaz-canel-felicita-a-ramiro-valdes-pese-a-silencio-oficial-tras-meses-de-ausencia\/","og_site_name":"Cuballama Noticias","article_publisher":"https:\/\/www.facebook.com\/CubaLlama","article_published_time":"2026-04-28T19:22:46+00:00","article_modified_time":"2026-04-28T19:25:23+00:00","og_image":[{"width":1200,"height":630,"url":"https:\/\/cdn1.mediawpaccore.net\/wp-content\/uploads\/2026\/04\/28151427\/680375343_1577084844423112_8250125545935108515_n1.jpg","type":"image\/jpeg"}],"author":"Kathy","twitter_card":"summary_large_image","twitter_creator":"@cuballama","twitter_site":"@cuballama","twitter_misc":{"Escrito por":"Kathy","Tiempo de lectura":"3 minutos"},"schema":{"@context":"https:\/\/schema.org","@graph":[{"@type":"Article","@id":"https:\/\/www.cuballama.com\/noticias\/diaz-canel-felicita-a-ramiro-valdes-pese-a-silencio-oficial-tras-meses-de-ausencia\/#article","isPartOf":{"@id":"https:\/\/www.cuballama.com\/noticias\/diaz-canel-felicita-a-ramiro-valdes-pese-a-silencio-oficial-tras-meses-de-ausencia\/"},"author":{"name":"Kathy","@id":"https:\/\/www.cuballama.com\/noticias\/#\/schema\/person\/86cd3e3f4974437f031211213bf892d5"},"headline":"D\u00edaz-Canel felicita a Ramiro Vald\u00e9s pese a silencio oficial tras meses de ausencia","datePublished":"2026-04-28T19:22:46+00:00","dateModified":"2026-04-28T19:25:23+00:00","mainEntityOfPage":{"@id":"https:\/\/www.cuballama.com\/noticias\/diaz-canel-felicita-a-ramiro-valdes-pese-a-silencio-oficial-tras-meses-de-ausencia\/"},"wordCount":536,"commentCount":0,"publisher":{"@id":"https:\/\/www.cuballama.com\/noticias\/#organization"},"image":{"@id":"https:\/\/www.cuballama.com\/noticias\/diaz-canel-felicita-a-ramiro-valdes-pese-a-silencio-oficial-tras-meses-de-ausencia\/#primaryimage"},"thumbnailUrl":"https:\/\/cdn1.mediawpaccore.net\/wp-content\/uploads\/2026\/04\/28151427\/680375343_1577084844423112_8250125545935108515_n1.jpg","keywords":["Crisis en Cuba","destacado","Miguel D\u00edaz-Canel","Ramiro Vald\u00e9s"],"articleSection":["Noticias","Noticias de Cuba"],"inLanguage":"es","potentialAction":[{"@type":"CommentAction","name":"Comment","target":["https:\/\/www.cuballama.com\/noticias\/diaz-canel-felicita-a-ramiro-valdes-pese-a-silencio-oficial-tras-meses-de-ausencia\/#respond"]}]},{"@type":"WebPage","@id":"https:\/\/www.cuballama.com\/noticias\/diaz-canel-felicita-a-ramiro-valdes-pese-a-silencio-oficial-tras-meses-de-ausencia\/","url":"https:\/\/www.cuballama.com\/noticias\/diaz-canel-felicita-a-ramiro-valdes-pese-a-silencio-oficial-tras-meses-de-ausencia\/","name":"D\u00edaz-Canel felicita a Ramiro Vald\u00e9s pese a silencio oficial tras meses de ausencia - Cuballama Noticias","isPartOf":{"@id":"https:\/\/www.cuballama.com\/noticias\/#website"},"primaryImageOfPage":{"@id":"https:\/\/www.cuballama.com\/noticias\/diaz-canel-felicita-a-ramiro-valdes-pese-a-silencio-oficial-tras-meses-de-ausencia\/#primaryimage"},"image":{"@id":"https:\/\/www.cuballama.com\/noticias\/diaz-canel-felicita-a-ramiro-valdes-pese-a-silencio-oficial-tras-meses-de-ausencia\/#primaryimage"},"thumbnailUrl":"https:\/\/cdn1.mediawpaccore.net\/wp-content\/uploads\/2026\/04\/28151427\/680375343_1577084844423112_8250125545935108515_n1.jpg","datePublished":"2026-04-28T19:22:46+00:00","dateModified":"2026-04-28T19:25:23+00:00","description":"El mandatario cubano Miguel D\u00edaz-Canel felicit\u00f3 este martes a Ramiro Vald\u00e9s Men\u00e9ndez, uno de los comandantes hist\u00f3ricos de la Revoluci\u00f3n.","breadcrumb":{"@id":"https:\/\/www.cuballama.com\/noticias\/diaz-canel-felicita-a-ramiro-valdes-pese-a-silencio-oficial-tras-meses-de-ausencia\/#breadcrumb"},"inLanguage":"es","potentialAction":[{"@type":"ReadAction","target":["https:\/\/www.cuballama.com\/noticias\/diaz-canel-felicita-a-ramiro-valdes-pese-a-silencio-oficial-tras-meses-de-ausencia\/"]}]},{"@type":"ImageObject","inLanguage":"es","@id":"https:\/\/www.cuballama.com\/noticias\/diaz-canel-felicita-a-ramiro-valdes-pese-a-silencio-oficial-tras-meses-de-ausencia\/#primaryimage","url":"https:\/\/cdn1.mediawpaccore.net\/wp-content\/uploads\/2026\/04\/28151427\/680375343_1577084844423112_8250125545935108515_n1.jpg","contentUrl":"https:\/\/cdn1.mediawpaccore.net\/wp-content\/uploads\/2026\/04\/28151427\/680375343_1577084844423112_8250125545935108515_n1.jpg","width":1200,"height":630,"caption":"Ramiro Vald\u00e9s Men\u00e9ndez. Foto: Miguel D\u00edaz-Canel Berm\u00fadez."},{"@type":"BreadcrumbList","@id":"https:\/\/www.cuballama.com\/noticias\/diaz-canel-felicita-a-ramiro-valdes-pese-a-silencio-oficial-tras-meses-de-ausencia\/#breadcrumb","itemListElement":[{"@type":"ListItem","position":1,"name":"Home","item":"https:\/\/www.cuballama.com\/noticias\/"},{"@type":"ListItem","position":2,"name":"D\u00edaz-Canel felicita a Ramiro Vald\u00e9s pese a silencio oficial tras meses de ausencia"}]},{"@type":"WebSite","@id":"https:\/\/www.cuballama.com\/noticias\/#website","url":"https:\/\/www.cuballama.com\/noticias\/","name":"Cuballama Noticias","description":"Medio digital sobre Cuba y el mundo","publisher":{"@id":"https:\/\/www.cuballama.com\/noticias\/#organization"},"potentialAction":[{"@type":"SearchAction","target":{"@type":"EntryPoint","urlTemplate":"https:\/\/www.cuballama.com\/noticias\/?s={search_term_string}"},"query-input":{"@type":"PropertyValueSpecification","valueRequired":true,"valueName":"search_term_string"}}],"inLanguage":"es"},{"@type":"Organization","@id":"https:\/\/www.cuballama.com\/noticias\/#organization","name":"Cuballama","url":"https:\/\/www.cuballama.com\/noticias\/","logo":{"@type":"ImageObject","inLanguage":"es","@id":"https:\/\/www.cuballama.com\/noticias\/#\/schema\/logo\/image\/","url":"https:\/\/cdn1.mediawpaccore.net\/wp-content\/uploads\/2021\/12\/28171206\/cbll-logo-color-sm.png","contentUrl":"https:\/\/cdn1.mediawpaccore.net\/wp-content\/uploads\/2021\/12\/28171206\/cbll-logo-color-sm.png","width":600,"height":133,"caption":"Cuballama"},"image":{"@id":"https:\/\/www.cuballama.com\/noticias\/#\/schema\/logo\/image\/"},"sameAs":["https:\/\/www.facebook.com\/CubaLlama","https:\/\/x.com\/cuballama","https:\/\/www.instagram.com\/stories\/cuballama_oficial\/","https:\/\/www.youtube.com\/channel\/UCKkFE-d_axENGZcrc4as0IA"]},{"@type":"Person","@id":"https:\/\/www.cuballama.com\/noticias\/#\/schema\/person\/86cd3e3f4974437f031211213bf892d5","name":"Kathy","url":"https:\/\/www.cuballama.com\/noticias\/author\/kathy\/"}]}},"_links":{"self":[{"href":"https:\/\/www.cuballama.com\/noticias\/wp-json\/wp\/v2\/posts\/242788","targetHints":{"allow":["GET"]}}],"collection":[{"href":"https:\/\/www.cuballama.com\/noticias\/wp-json\/wp\/v2\/posts"}],"about":[{"href":"https:\/\/www.cuballama.com\/noticias\/wp-json\/wp\/v2\/types\/post"}],"author":[{"embeddable":true,"href":"https:\/\/www.cuballama.com\/noticias\/wp-json\/wp\/v2\/users\/30"}],"replies":[{"embeddable":true,"href":"https:\/\/www.cuballama.com\/noticias\/wp-json\/wp\/v2\/comments?post=242788"}],"version-history":[{"count":4,"href":"https:\/\/www.cuballama.com\/noticias\/wp-json\/wp\/v2\/posts\/242788\/revisions"}],"predecessor-version":[{"id":242794,"href":"https:\/\/www.cuballama.com\/noticias\/wp-json\/wp\/v2\/posts\/242788\/revisions\/242794"}],"wp:featuredmedia":[{"embeddable":true,"href":"https:\/\/www.cuballama.com\/noticias\/wp-json\/wp\/v2\/media\/242789"}],"wp:attachment":[{"href":"https:\/\/www.cuballama.com\/noticias\/wp-json\/wp\/v2\/media?parent=242788"}],"wp:term":[{"taxonomy":"category","embeddable":true,"href":"https:\/\/www.cuballama.com\/noticias\/wp-json\/wp\/v2\/categories?post=242788"},{"taxonomy":"post_tag","embeddable":true,"href":"https:\/\/www.cuballama.com\/noticias\/wp-json\/wp\/v2\/tags?post=242788"}],"curies":[{"name":"wp","href":"https:\/\/api.w.org\/{rel}","templated":true}]}}