{"id":242779,"date":"2026-04-28T14:38:19","date_gmt":"2026-04-28T18:38:19","guid":{"rendered":"https:\/\/www.cuballama.com\/noticias\/?p=242779"},"modified":"2026-04-28T14:38:22","modified_gmt":"2026-04-28T18:38:22","slug":"la-historia-premia-a-los-salvajes-el-emotivo-mensaje-de-yomil-tras-el-homenaje-de-jacob-forever-a-el-dany-y-el-taiger","status":"publish","type":"post","link":"https:\/\/www.cuballama.com\/noticias\/la-historia-premia-a-los-salvajes-el-emotivo-mensaje-de-yomil-tras-el-homenaje-de-jacob-forever-a-el-dany-y-el-taiger\/","title":{"rendered":"\u201cLa historia premia a los salvajes\u201d: El emotivo mensaje de Yomil tras el homenaje de Jacob Forever a El Dany y El Taiger"},"content":{"rendered":"\n<p>La hermandad del g\u00e9nero urbano cubano volvi\u00f3 a brillar, esta vez bajo las luces de un <strong>Watsco Center<\/strong> a reventar. <strong>Yomil Hidalgo<\/strong> no quiso dejar pasar la oportunidad de reconocer p\u00fablicamente el gesto de <strong>Jacob Forever<\/strong>, quien durante su masivo concierto en Coral Gables dedic\u00f3 un espacio sagrado para recordar a dos grandes que ya no est\u00e1n: <strong>El Dany<\/strong> y <strong>El Taiger<\/strong>.<\/p>\n\n\n\n<p>La noche del s\u00e1bado 25 de abril qued\u00f3 grabada en la memoria de los m\u00e1s de 6,000 asistentes al show titulado <strong>\u00abCelebrando su Carrera Inmortal\u00bb<\/strong>. En medio de la euforia, una imagen en las pantallas gigantes detuvo el tiempo: <strong>Daniel Mu\u00f1oz (El Dany)<\/strong> y <strong>Jos\u00e9 Manuel Carvajal (El Taiger)<\/strong> aparecieron juntos, provocando una ovaci\u00f3n cerrada.<\/p>\n\n\n\n<p>Al ver las im\u00e1genes, Yomil utiliz\u00f3 sus historias de Instagram para dedicarle unas palabras de respeto a \u00abEl Inmortal\u00bb: <strong>\u00abGrande @jacobforever muchas felicidades por todo leyenda, la historia siempre premia a los salvajes, rompiste como de costumbre \u00bb<\/strong>.<\/p>\n\n\n\n<figure class=\"wp-block-image size-large\"><img loading=\"lazy\" decoding=\"async\" width=\"570\" height=\"1024\" src=\"https:\/\/cdn1.mediawpaccore.net\/wp-content\/uploads\/2026\/04\/28143244\/Captura-de-pantalla-2026-04-28-a-las-20.28.03-570x1024.png\" alt=\"\" class=\"wp-image-242782\" srcset=\"https:\/\/cdn1.mediawpaccore.net\/wp-content\/uploads\/2026\/04\/28143244\/Captura-de-pantalla-2026-04-28-a-las-20.28.03-570x1024.png 570w, https:\/\/cdn1.mediawpaccore.net\/wp-content\/uploads\/2026\/04\/28143244\/Captura-de-pantalla-2026-04-28-a-las-20.28.03-167x300.png 167w, https:\/\/cdn1.mediawpaccore.net\/wp-content\/uploads\/2026\/04\/28143244\/Captura-de-pantalla-2026-04-28-a-las-20.28.03-768x1381.png 768w, https:\/\/cdn1.mediawpaccore.net\/wp-content\/uploads\/2026\/04\/28143244\/Captura-de-pantalla-2026-04-28-a-las-20.28.03-234x420.png 234w, https:\/\/cdn1.mediawpaccore.net\/wp-content\/uploads\/2026\/04\/28143244\/Captura-de-pantalla-2026-04-28-a-las-20.28.03-150x270.png 150w, https:\/\/cdn1.mediawpaccore.net\/wp-content\/uploads\/2026\/04\/28143244\/Captura-de-pantalla-2026-04-28-a-las-20.28.03-300x539.png 300w, https:\/\/cdn1.mediawpaccore.net\/wp-content\/uploads\/2026\/04\/28143244\/Captura-de-pantalla-2026-04-28-a-las-20.28.03-696x1251.png 696w, https:\/\/cdn1.mediawpaccore.net\/wp-content\/uploads\/2026\/04\/28143244\/Captura-de-pantalla-2026-04-28-a-las-20.28.03.png 802w\" sizes=\"auto, (max-width: 570px) 100vw, 570px\" \/><figcaption class=\"wp-element-caption\">Captura de pantalla historia de Instagram de Yomil<\/figcaption><\/figure>\n\n\n\n<p>Para Yomil, este gesto tiene un peso personal incalculable. <strong>El Dany<\/strong> fue su mitad musical hasta aquel fat\u00eddico julio de 2020, mientras que la partida de <strong>El Taiger<\/strong> en octubre de 2024 a\u00fan se siente como una herida abierta en el g\u00e9nero, especialmente <strong><a href=\"https:\/\/www.cuballama.com\/noticias\/habla-nuevo-abogado-de-presunto-asesino-de-el-taiger-no-estamos-dilatando-nada\/\" type=\"link\" id=\"https:\/\/www.cuballama.com\/noticias\/habla-nuevo-abogado-de-presunto-asesino-de-el-taiger-no-estamos-dilatando-nada\/\" target=\"_blank\" rel=\"noreferrer noopener\">mientras el proceso judicial contra Dami\u00e1n Valdez-Galloso<\/a><\/strong>, alias \u00abEl Narra\u00bb, sigue sin una fecha de sentencia definitiva.<\/p>\n\n\n\n<p>El concierto no fue solo nostalgia. Jacob demostr\u00f3 su poder de convocatoria invitando al escenario a la plana mayor del reguet\u00f3n cubano: <strong>Alexander Delgado, El Chacal, Dany Ome, Kevincito El 13, Wow Popy, Divan y Yotuel Romero<\/strong>.<\/p>\n\n\n\n<p>Uno de los puntos m\u00e1s altos de la velada fue la interpretaci\u00f3n de <strong>\u00abPuente Libertad\u00bb<\/strong>. Junto a El Chacal y Yotuel, Jacob logr\u00f3 que el Watsco Center se uniera en un solo grito por la libertad de Cuba, reafirmando que su m\u00fasica sigue siendo un puente con la isla.<\/p>\n\n\n\n<p>M\u00e1s all\u00e1 del espect\u00e1culo, Jacob se tom\u00f3 el tiempo para el amor y la lealtad. No solo le grit\u00f3 un <strong>\u00abTe amo, mi amor\u00bb<\/strong> a su pareja, Roxana Rivero, sino que demostr\u00f3 que su conexi\u00f3n con El Taiger trasciende la muerte. Justo al cumplirse un a\u00f1o de la partida del \u00abTranka\u00bb, Jacob hab\u00eda posteado: <strong>\u00abYa hoy hace un a\u00f1o de tu partida. Descansa en paz [&#8230;] Te extra\u00f1amos mucho Titingui\u00bb<\/strong>.<\/p>\n\n\n\n<p>El \u00e9xito de Jacob Forever en Florida no es casualidad; es el resultado de a\u00f1os de carrera y de colaboraciones ic\u00f3nicas, como aquel tema <strong>\u00abTienes que verte eso\u00bb<\/strong> que grab\u00f3 con Yomil en 2022 para el \u00e1lbum <em>Sensei<\/em>, siempre con la sombra protectora de El Dany presente.<\/p>\n","protected":false},"excerpt":{"rendered":"<p>Yomil Hidalgo reacciona al espectacular concierto de Jacob Forever en Miami. Un emotivo homenaje a El Dany y El Taiger marc\u00f3 la noche en un Watsco Center.<\/p>\n","protected":false},"author":29,"featured_media":242783,"comment_status":"open","ping_status":"closed","sticky":false,"template":"","format":"standard","meta":{"_acf_changed":false,"footnotes":""},"categories":[443],"tags":[252,92,11050,11365,264,11438],"class_list":{"0":"post-242779","1":"post","2":"type-post","3":"status-publish","4":"format-standard","5":"has-post-thumbnail","7":"category-farandula","8":"tag-artistas-cubanos","9":"tag-cubanos","10":"tag-cubanos-en-miami","11":"tag-el-taiger","12":"tag-jacob-forever","13":"tag-yomil"},"acf":[],"yoast_head":"<!-- This site is optimized with the Yoast SEO plugin v27.4 - https:\/\/yoast.com\/product\/yoast-seo-wordpress\/ -->\n<title>\u201cLa historia premia a los salvajes\u201d: El emotivo mensaje de Yomil tras el homenaje de Jacob Forever a El Dany y El Taiger - Cuballama Noticias<\/title>\n<meta name=\"description\" content=\"Yomil Hidalgo reacciona al espectacular concierto de Jacob Forever en Miami con un emotivo homenaje a El Dany y El Taiger.\" \/>\n<meta name=\"robots\" content=\"index, follow, max-snippet:-1, max-image-preview:large, max-video-preview:-1\" \/>\n<link rel=\"canonical\" href=\"https:\/\/www.cuballama.com\/noticias\/la-historia-premia-a-los-salvajes-el-emotivo-mensaje-de-yomil-tras-el-homenaje-de-jacob-forever-a-el-dany-y-el-taiger\/\" \/>\n<meta property=\"og:locale\" content=\"es_ES\" \/>\n<meta property=\"og:type\" content=\"article\" \/>\n<meta property=\"og:title\" content=\"\u201cLa historia premia a los salvajes\u201d: El emotivo mensaje de Yomil tras el homenaje de Jacob Forever a El Dany y El Taiger - Cuballama Noticias\" \/>\n<meta property=\"og:description\" content=\"Yomil Hidalgo reacciona al espectacular concierto de Jacob Forever en Miami con un emotivo homenaje a El Dany y El Taiger.\" \/>\n<meta property=\"og:url\" content=\"https:\/\/www.cuballama.com\/noticias\/la-historia-premia-a-los-salvajes-el-emotivo-mensaje-de-yomil-tras-el-homenaje-de-jacob-forever-a-el-dany-y-el-taiger\/\" \/>\n<meta property=\"og:site_name\" content=\"Cuballama Noticias\" \/>\n<meta property=\"article:publisher\" content=\"https:\/\/www.facebook.com\/CubaLlama\" \/>\n<meta property=\"article:published_time\" content=\"2026-04-28T18:38:19+00:00\" \/>\n<meta property=\"article:modified_time\" content=\"2026-04-28T18:38:22+00:00\" \/>\n<meta property=\"og:image\" content=\"https:\/\/cdn1.mediawpaccore.net\/wp-content\/uploads\/2026\/04\/28143534\/Diseno-sin-titulo-148.png\" \/>\n\t<meta property=\"og:image:width\" content=\"1949\" \/>\n\t<meta property=\"og:image:height\" content=\"1122\" \/>\n\t<meta property=\"og:image:type\" content=\"image\/png\" \/>\n<meta name=\"author\" content=\"Sof\u00eda Reyes\" \/>\n<meta name=\"twitter:card\" content=\"summary_large_image\" \/>\n<meta name=\"twitter:creator\" content=\"@cuballama\" \/>\n<meta name=\"twitter:site\" content=\"@cuballama\" \/>\n<meta name=\"twitter:label1\" content=\"Escrito por\" \/>\n\t<meta name=\"twitter:data1\" content=\"Sof\u00eda Reyes\" \/>\n\t<meta name=\"twitter:label2\" content=\"Tiempo de lectura\" \/>\n\t<meta name=\"twitter:data2\" content=\"3 minutos\" \/>\n<script type=\"application\/ld+json\" class=\"yoast-schema-graph\">{\"@context\":\"https:\\\/\\\/schema.org\",\"@graph\":[{\"@type\":\"Article\",\"@id\":\"https:\\\/\\\/www.cuballama.com\\\/noticias\\\/la-historia-premia-a-los-salvajes-el-emotivo-mensaje-de-yomil-tras-el-homenaje-de-jacob-forever-a-el-dany-y-el-taiger\\\/#article\",\"isPartOf\":{\"@id\":\"https:\\\/\\\/www.cuballama.com\\\/noticias\\\/la-historia-premia-a-los-salvajes-el-emotivo-mensaje-de-yomil-tras-el-homenaje-de-jacob-forever-a-el-dany-y-el-taiger\\\/\"},\"author\":{\"name\":\"Sof\u00eda Reyes\",\"@id\":\"https:\\\/\\\/www.cuballama.com\\\/noticias\\\/#\\\/schema\\\/person\\\/5cba2b8cc25a3159e49fe730a94d512e\"},\"headline\":\"\u201cLa historia premia a los salvajes\u201d: El emotivo mensaje de Yomil tras el homenaje de Jacob Forever a El Dany y El Taiger\",\"datePublished\":\"2026-04-28T18:38:19+00:00\",\"dateModified\":\"2026-04-28T18:38:22+00:00\",\"mainEntityOfPage\":{\"@id\":\"https:\\\/\\\/www.cuballama.com\\\/noticias\\\/la-historia-premia-a-los-salvajes-el-emotivo-mensaje-de-yomil-tras-el-homenaje-de-jacob-forever-a-el-dany-y-el-taiger\\\/\"},\"wordCount\":466,\"commentCount\":0,\"publisher\":{\"@id\":\"https:\\\/\\\/www.cuballama.com\\\/noticias\\\/#organization\"},\"image\":{\"@id\":\"https:\\\/\\\/www.cuballama.com\\\/noticias\\\/la-historia-premia-a-los-salvajes-el-emotivo-mensaje-de-yomil-tras-el-homenaje-de-jacob-forever-a-el-dany-y-el-taiger\\\/#primaryimage\"},\"thumbnailUrl\":\"https:\\\/\\\/cdn1.mediawpaccore.net\\\/wp-content\\\/uploads\\\/2026\\\/04\\\/28143534\\\/Diseno-sin-titulo-148.png\",\"keywords\":[\"Artistas cubanos\",\"cubanos\",\"cubanos en Miami\",\"El Taiger\",\"Jacob Forever\",\"Yomil\"],\"articleSection\":[\"Far\u00e1ndula\"],\"inLanguage\":\"es\",\"potentialAction\":[{\"@type\":\"CommentAction\",\"name\":\"Comment\",\"target\":[\"https:\\\/\\\/www.cuballama.com\\\/noticias\\\/la-historia-premia-a-los-salvajes-el-emotivo-mensaje-de-yomil-tras-el-homenaje-de-jacob-forever-a-el-dany-y-el-taiger\\\/#respond\"]}]},{\"@type\":\"WebPage\",\"@id\":\"https:\\\/\\\/www.cuballama.com\\\/noticias\\\/la-historia-premia-a-los-salvajes-el-emotivo-mensaje-de-yomil-tras-el-homenaje-de-jacob-forever-a-el-dany-y-el-taiger\\\/\",\"url\":\"https:\\\/\\\/www.cuballama.com\\\/noticias\\\/la-historia-premia-a-los-salvajes-el-emotivo-mensaje-de-yomil-tras-el-homenaje-de-jacob-forever-a-el-dany-y-el-taiger\\\/\",\"name\":\"\u201cLa historia premia a los salvajes\u201d: El emotivo mensaje de Yomil tras el homenaje de Jacob Forever a El Dany y El Taiger - Cuballama Noticias\",\"isPartOf\":{\"@id\":\"https:\\\/\\\/www.cuballama.com\\\/noticias\\\/#website\"},\"primaryImageOfPage\":{\"@id\":\"https:\\\/\\\/www.cuballama.com\\\/noticias\\\/la-historia-premia-a-los-salvajes-el-emotivo-mensaje-de-yomil-tras-el-homenaje-de-jacob-forever-a-el-dany-y-el-taiger\\\/#primaryimage\"},\"image\":{\"@id\":\"https:\\\/\\\/www.cuballama.com\\\/noticias\\\/la-historia-premia-a-los-salvajes-el-emotivo-mensaje-de-yomil-tras-el-homenaje-de-jacob-forever-a-el-dany-y-el-taiger\\\/#primaryimage\"},\"thumbnailUrl\":\"https:\\\/\\\/cdn1.mediawpaccore.net\\\/wp-content\\\/uploads\\\/2026\\\/04\\\/28143534\\\/Diseno-sin-titulo-148.png\",\"datePublished\":\"2026-04-28T18:38:19+00:00\",\"dateModified\":\"2026-04-28T18:38:22+00:00\",\"description\":\"Yomil Hidalgo reacciona al espectacular concierto de Jacob Forever en Miami con un emotivo homenaje a El Dany y El Taiger.\",\"breadcrumb\":{\"@id\":\"https:\\\/\\\/www.cuballama.com\\\/noticias\\\/la-historia-premia-a-los-salvajes-el-emotivo-mensaje-de-yomil-tras-el-homenaje-de-jacob-forever-a-el-dany-y-el-taiger\\\/#breadcrumb\"},\"inLanguage\":\"es\",\"potentialAction\":[{\"@type\":\"ReadAction\",\"target\":[\"https:\\\/\\\/www.cuballama.com\\\/noticias\\\/la-historia-premia-a-los-salvajes-el-emotivo-mensaje-de-yomil-tras-el-homenaje-de-jacob-forever-a-el-dany-y-el-taiger\\\/\"]}]},{\"@type\":\"ImageObject\",\"inLanguage\":\"es\",\"@id\":\"https:\\\/\\\/www.cuballama.com\\\/noticias\\\/la-historia-premia-a-los-salvajes-el-emotivo-mensaje-de-yomil-tras-el-homenaje-de-jacob-forever-a-el-dany-y-el-taiger\\\/#primaryimage\",\"url\":\"https:\\\/\\\/cdn1.mediawpaccore.net\\\/wp-content\\\/uploads\\\/2026\\\/04\\\/28143534\\\/Diseno-sin-titulo-148.png\",\"contentUrl\":\"https:\\\/\\\/cdn1.mediawpaccore.net\\\/wp-content\\\/uploads\\\/2026\\\/04\\\/28143534\\\/Diseno-sin-titulo-148.png\",\"width\":1949,\"height\":1122,\"caption\":\"Fotos tomadas de los perfiles de Instagram de Yomil y Jacob Forever\"},{\"@type\":\"BreadcrumbList\",\"@id\":\"https:\\\/\\\/www.cuballama.com\\\/noticias\\\/la-historia-premia-a-los-salvajes-el-emotivo-mensaje-de-yomil-tras-el-homenaje-de-jacob-forever-a-el-dany-y-el-taiger\\\/#breadcrumb\",\"itemListElement\":[{\"@type\":\"ListItem\",\"position\":1,\"name\":\"Home\",\"item\":\"https:\\\/\\\/www.cuballama.com\\\/noticias\\\/\"},{\"@type\":\"ListItem\",\"position\":2,\"name\":\"\u201cLa historia premia a los salvajes\u201d: El emotivo mensaje de Yomil tras el homenaje de Jacob Forever a El Dany y El Taiger\"}]},{\"@type\":\"WebSite\",\"@id\":\"https:\\\/\\\/www.cuballama.com\\\/noticias\\\/#website\",\"url\":\"https:\\\/\\\/www.cuballama.com\\\/noticias\\\/\",\"name\":\"Cuballama Noticias\",\"description\":\"Medio digital sobre Cuba y el mundo\",\"publisher\":{\"@id\":\"https:\\\/\\\/www.cuballama.com\\\/noticias\\\/#organization\"},\"potentialAction\":[{\"@type\":\"SearchAction\",\"target\":{\"@type\":\"EntryPoint\",\"urlTemplate\":\"https:\\\/\\\/www.cuballama.com\\\/noticias\\\/?s={search_term_string}\"},\"query-input\":{\"@type\":\"PropertyValueSpecification\",\"valueRequired\":true,\"valueName\":\"search_term_string\"}}],\"inLanguage\":\"es\"},{\"@type\":\"Organization\",\"@id\":\"https:\\\/\\\/www.cuballama.com\\\/noticias\\\/#organization\",\"name\":\"Cuballama\",\"url\":\"https:\\\/\\\/www.cuballama.com\\\/noticias\\\/\",\"logo\":{\"@type\":\"ImageObject\",\"inLanguage\":\"es\",\"@id\":\"https:\\\/\\\/www.cuballama.com\\\/noticias\\\/#\\\/schema\\\/logo\\\/image\\\/\",\"url\":\"https:\\\/\\\/cdn1.mediawpaccore.net\\\/wp-content\\\/uploads\\\/2021\\\/12\\\/28171206\\\/cbll-logo-color-sm.png\",\"contentUrl\":\"https:\\\/\\\/cdn1.mediawpaccore.net\\\/wp-content\\\/uploads\\\/2021\\\/12\\\/28171206\\\/cbll-logo-color-sm.png\",\"width\":600,\"height\":133,\"caption\":\"Cuballama\"},\"image\":{\"@id\":\"https:\\\/\\\/www.cuballama.com\\\/noticias\\\/#\\\/schema\\\/logo\\\/image\\\/\"},\"sameAs\":[\"https:\\\/\\\/www.facebook.com\\\/CubaLlama\",\"https:\\\/\\\/x.com\\\/cuballama\",\"https:\\\/\\\/www.instagram.com\\\/stories\\\/cuballama_oficial\\\/\",\"https:\\\/\\\/www.youtube.com\\\/channel\\\/UCKkFE-d_axENGZcrc4as0IA\"]},{\"@type\":\"Person\",\"@id\":\"https:\\\/\\\/www.cuballama.com\\\/noticias\\\/#\\\/schema\\\/person\\\/5cba2b8cc25a3159e49fe730a94d512e\",\"name\":\"Sof\u00eda Reyes\",\"url\":\"https:\\\/\\\/www.cuballama.com\\\/noticias\\\/author\\\/laura\\\/\"}]}<\/script>\n<!-- \/ Yoast SEO plugin. -->","yoast_head_json":{"title":"\u201cLa historia premia a los salvajes\u201d: El emotivo mensaje de Yomil tras el homenaje de Jacob Forever a El Dany y El Taiger - Cuballama Noticias","description":"Yomil Hidalgo reacciona al espectacular concierto de Jacob Forever en Miami con un emotivo homenaje a El Dany y El Taiger.","robots":{"index":"index","follow":"follow","max-snippet":"max-snippet:-1","max-image-preview":"max-image-preview:large","max-video-preview":"max-video-preview:-1"},"canonical":"https:\/\/www.cuballama.com\/noticias\/la-historia-premia-a-los-salvajes-el-emotivo-mensaje-de-yomil-tras-el-homenaje-de-jacob-forever-a-el-dany-y-el-taiger\/","og_locale":"es_ES","og_type":"article","og_title":"\u201cLa historia premia a los salvajes\u201d: El emotivo mensaje de Yomil tras el homenaje de Jacob Forever a El Dany y El Taiger - Cuballama Noticias","og_description":"Yomil Hidalgo reacciona al espectacular concierto de Jacob Forever en Miami con un emotivo homenaje a El Dany y El Taiger.","og_url":"https:\/\/www.cuballama.com\/noticias\/la-historia-premia-a-los-salvajes-el-emotivo-mensaje-de-yomil-tras-el-homenaje-de-jacob-forever-a-el-dany-y-el-taiger\/","og_site_name":"Cuballama Noticias","article_publisher":"https:\/\/www.facebook.com\/CubaLlama","article_published_time":"2026-04-28T18:38:19+00:00","article_modified_time":"2026-04-28T18:38:22+00:00","og_image":[{"width":1949,"height":1122,"url":"https:\/\/cdn1.mediawpaccore.net\/wp-content\/uploads\/2026\/04\/28143534\/Diseno-sin-titulo-148.png","type":"image\/png"}],"author":"Sof\u00eda Reyes","twitter_card":"summary_large_image","twitter_creator":"@cuballama","twitter_site":"@cuballama","twitter_misc":{"Escrito por":"Sof\u00eda Reyes","Tiempo de lectura":"3 minutos"},"schema":{"@context":"https:\/\/schema.org","@graph":[{"@type":"Article","@id":"https:\/\/www.cuballama.com\/noticias\/la-historia-premia-a-los-salvajes-el-emotivo-mensaje-de-yomil-tras-el-homenaje-de-jacob-forever-a-el-dany-y-el-taiger\/#article","isPartOf":{"@id":"https:\/\/www.cuballama.com\/noticias\/la-historia-premia-a-los-salvajes-el-emotivo-mensaje-de-yomil-tras-el-homenaje-de-jacob-forever-a-el-dany-y-el-taiger\/"},"author":{"name":"Sof\u00eda Reyes","@id":"https:\/\/www.cuballama.com\/noticias\/#\/schema\/person\/5cba2b8cc25a3159e49fe730a94d512e"},"headline":"\u201cLa historia premia a los salvajes\u201d: El emotivo mensaje de Yomil tras el homenaje de Jacob Forever a El Dany y El Taiger","datePublished":"2026-04-28T18:38:19+00:00","dateModified":"2026-04-28T18:38:22+00:00","mainEntityOfPage":{"@id":"https:\/\/www.cuballama.com\/noticias\/la-historia-premia-a-los-salvajes-el-emotivo-mensaje-de-yomil-tras-el-homenaje-de-jacob-forever-a-el-dany-y-el-taiger\/"},"wordCount":466,"commentCount":0,"publisher":{"@id":"https:\/\/www.cuballama.com\/noticias\/#organization"},"image":{"@id":"https:\/\/www.cuballama.com\/noticias\/la-historia-premia-a-los-salvajes-el-emotivo-mensaje-de-yomil-tras-el-homenaje-de-jacob-forever-a-el-dany-y-el-taiger\/#primaryimage"},"thumbnailUrl":"https:\/\/cdn1.mediawpaccore.net\/wp-content\/uploads\/2026\/04\/28143534\/Diseno-sin-titulo-148.png","keywords":["Artistas cubanos","cubanos","cubanos en Miami","El Taiger","Jacob Forever","Yomil"],"articleSection":["Far\u00e1ndula"],"inLanguage":"es","potentialAction":[{"@type":"CommentAction","name":"Comment","target":["https:\/\/www.cuballama.com\/noticias\/la-historia-premia-a-los-salvajes-el-emotivo-mensaje-de-yomil-tras-el-homenaje-de-jacob-forever-a-el-dany-y-el-taiger\/#respond"]}]},{"@type":"WebPage","@id":"https:\/\/www.cuballama.com\/noticias\/la-historia-premia-a-los-salvajes-el-emotivo-mensaje-de-yomil-tras-el-homenaje-de-jacob-forever-a-el-dany-y-el-taiger\/","url":"https:\/\/www.cuballama.com\/noticias\/la-historia-premia-a-los-salvajes-el-emotivo-mensaje-de-yomil-tras-el-homenaje-de-jacob-forever-a-el-dany-y-el-taiger\/","name":"\u201cLa historia premia a los salvajes\u201d: El emotivo mensaje de Yomil tras el homenaje de Jacob Forever a El Dany y El Taiger - Cuballama Noticias","isPartOf":{"@id":"https:\/\/www.cuballama.com\/noticias\/#website"},"primaryImageOfPage":{"@id":"https:\/\/www.cuballama.com\/noticias\/la-historia-premia-a-los-salvajes-el-emotivo-mensaje-de-yomil-tras-el-homenaje-de-jacob-forever-a-el-dany-y-el-taiger\/#primaryimage"},"image":{"@id":"https:\/\/www.cuballama.com\/noticias\/la-historia-premia-a-los-salvajes-el-emotivo-mensaje-de-yomil-tras-el-homenaje-de-jacob-forever-a-el-dany-y-el-taiger\/#primaryimage"},"thumbnailUrl":"https:\/\/cdn1.mediawpaccore.net\/wp-content\/uploads\/2026\/04\/28143534\/Diseno-sin-titulo-148.png","datePublished":"2026-04-28T18:38:19+00:00","dateModified":"2026-04-28T18:38:22+00:00","description":"Yomil Hidalgo reacciona al espectacular concierto de Jacob Forever en Miami con un emotivo homenaje a El Dany y El Taiger.","breadcrumb":{"@id":"https:\/\/www.cuballama.com\/noticias\/la-historia-premia-a-los-salvajes-el-emotivo-mensaje-de-yomil-tras-el-homenaje-de-jacob-forever-a-el-dany-y-el-taiger\/#breadcrumb"},"inLanguage":"es","potentialAction":[{"@type":"ReadAction","target":["https:\/\/www.cuballama.com\/noticias\/la-historia-premia-a-los-salvajes-el-emotivo-mensaje-de-yomil-tras-el-homenaje-de-jacob-forever-a-el-dany-y-el-taiger\/"]}]},{"@type":"ImageObject","inLanguage":"es","@id":"https:\/\/www.cuballama.com\/noticias\/la-historia-premia-a-los-salvajes-el-emotivo-mensaje-de-yomil-tras-el-homenaje-de-jacob-forever-a-el-dany-y-el-taiger\/#primaryimage","url":"https:\/\/cdn1.mediawpaccore.net\/wp-content\/uploads\/2026\/04\/28143534\/Diseno-sin-titulo-148.png","contentUrl":"https:\/\/cdn1.mediawpaccore.net\/wp-content\/uploads\/2026\/04\/28143534\/Diseno-sin-titulo-148.png","width":1949,"height":1122,"caption":"Fotos tomadas de los perfiles de Instagram de Yomil y Jacob Forever"},{"@type":"BreadcrumbList","@id":"https:\/\/www.cuballama.com\/noticias\/la-historia-premia-a-los-salvajes-el-emotivo-mensaje-de-yomil-tras-el-homenaje-de-jacob-forever-a-el-dany-y-el-taiger\/#breadcrumb","itemListElement":[{"@type":"ListItem","position":1,"name":"Home","item":"https:\/\/www.cuballama.com\/noticias\/"},{"@type":"ListItem","position":2,"name":"\u201cLa historia premia a los salvajes\u201d: El emotivo mensaje de Yomil tras el homenaje de Jacob Forever a El Dany y El Taiger"}]},{"@type":"WebSite","@id":"https:\/\/www.cuballama.com\/noticias\/#website","url":"https:\/\/www.cuballama.com\/noticias\/","name":"Cuballama Noticias","description":"Medio digital sobre Cuba y el mundo","publisher":{"@id":"https:\/\/www.cuballama.com\/noticias\/#organization"},"potentialAction":[{"@type":"SearchAction","target":{"@type":"EntryPoint","urlTemplate":"https:\/\/www.cuballama.com\/noticias\/?s={search_term_string}"},"query-input":{"@type":"PropertyValueSpecification","valueRequired":true,"valueName":"search_term_string"}}],"inLanguage":"es"},{"@type":"Organization","@id":"https:\/\/www.cuballama.com\/noticias\/#organization","name":"Cuballama","url":"https:\/\/www.cuballama.com\/noticias\/","logo":{"@type":"ImageObject","inLanguage":"es","@id":"https:\/\/www.cuballama.com\/noticias\/#\/schema\/logo\/image\/","url":"https:\/\/cdn1.mediawpaccore.net\/wp-content\/uploads\/2021\/12\/28171206\/cbll-logo-color-sm.png","contentUrl":"https:\/\/cdn1.mediawpaccore.net\/wp-content\/uploads\/2021\/12\/28171206\/cbll-logo-color-sm.png","width":600,"height":133,"caption":"Cuballama"},"image":{"@id":"https:\/\/www.cuballama.com\/noticias\/#\/schema\/logo\/image\/"},"sameAs":["https:\/\/www.facebook.com\/CubaLlama","https:\/\/x.com\/cuballama","https:\/\/www.instagram.com\/stories\/cuballama_oficial\/","https:\/\/www.youtube.com\/channel\/UCKkFE-d_axENGZcrc4as0IA"]},{"@type":"Person","@id":"https:\/\/www.cuballama.com\/noticias\/#\/schema\/person\/5cba2b8cc25a3159e49fe730a94d512e","name":"Sof\u00eda Reyes","url":"https:\/\/www.cuballama.com\/noticias\/author\/laura\/"}]}},"_links":{"self":[{"href":"https:\/\/www.cuballama.com\/noticias\/wp-json\/wp\/v2\/posts\/242779","targetHints":{"allow":["GET"]}}],"collection":[{"href":"https:\/\/www.cuballama.com\/noticias\/wp-json\/wp\/v2\/posts"}],"about":[{"href":"https:\/\/www.cuballama.com\/noticias\/wp-json\/wp\/v2\/types\/post"}],"author":[{"embeddable":true,"href":"https:\/\/www.cuballama.com\/noticias\/wp-json\/wp\/v2\/users\/29"}],"replies":[{"embeddable":true,"href":"https:\/\/www.cuballama.com\/noticias\/wp-json\/wp\/v2\/comments?post=242779"}],"version-history":[{"count":3,"href":"https:\/\/www.cuballama.com\/noticias\/wp-json\/wp\/v2\/posts\/242779\/revisions"}],"predecessor-version":[{"id":242784,"href":"https:\/\/www.cuballama.com\/noticias\/wp-json\/wp\/v2\/posts\/242779\/revisions\/242784"}],"wp:featuredmedia":[{"embeddable":true,"href":"https:\/\/www.cuballama.com\/noticias\/wp-json\/wp\/v2\/media\/242783"}],"wp:attachment":[{"href":"https:\/\/www.cuballama.com\/noticias\/wp-json\/wp\/v2\/media?parent=242779"}],"wp:term":[{"taxonomy":"category","embeddable":true,"href":"https:\/\/www.cuballama.com\/noticias\/wp-json\/wp\/v2\/categories?post=242779"},{"taxonomy":"post_tag","embeddable":true,"href":"https:\/\/www.cuballama.com\/noticias\/wp-json\/wp\/v2\/tags?post=242779"}],"curies":[{"name":"wp","href":"https:\/\/api.w.org\/{rel}","templated":true}]}}