{"id":242767,"date":"2026-04-28T14:20:42","date_gmt":"2026-04-28T18:20:42","guid":{"rendered":"https:\/\/www.cuballama.com\/noticias\/?p=242767"},"modified":"2026-04-28T14:20:46","modified_gmt":"2026-04-28T18:20:46","slug":"marco-rubio-emite-fuertes-declaraciones-contra-el-gobierno-cubano","status":"publish","type":"post","link":"https:\/\/www.cuballama.com\/noticias\/marco-rubio-emite-fuertes-declaraciones-contra-el-gobierno-cubano\/","title":{"rendered":"Marco Rubio emite fuertes declaraciones contra el gobierno cubano"},"content":{"rendered":"\n<p><\/p>\n\n\n\n<p>El secretario estadounidense Marco Rubio ha afirmado que la situaci\u00f3n en Cuba podr\u00eda experimentar avances si se implementan \u201creformas econ\u00f3micas serias\u201d, aunque descart\u00f3 que estos cambios sean posibles con los actuales gobernantes del pa\u00eds. <br><br>Seg\u00fan sus declaraciones, los responsables del gobierno cubano son \u201cecon\u00f3micamente incompetentes\u201d, en un nuevo episodio de cr\u00edticas directas hacia La Habana.<\/p>\n\n\n\n<p>Las palabras del funcionario se producen en un contexto de tensiones persistentes entre Estados Unidos y Cuba, que han aumentado en los \u00faltimos meses ante la grave crisis en la isla, el bloqueo petrolero y la preparaci\u00f3n militar de la isla ante una posible intervenci\u00f3n militar de EEUU. <\/p>\n\n\n\n<p>Rubio tambi\u00e9n acus\u00f3 al gobierno cubano de permitir la presencia y operaci\u00f3n de actores considerados adversarios de Estados Unidos dentro de su territorio. Seg\u00fan el secretario de Estado, las autoridades de la isla han \u201cextendido la alfombra de bienvenida\u201d a estos grupos, lo que, a su juicio, representa un desaf\u00edo directo a los intereses nacionales estadounidenses.<\/p>\n\n\n\n<p>Analistas coinciden que este tipo de acusaciones forma  parte de un movimiento pol\u00edtico en Washington, que podr\u00eda conducir a un cambio radical en el sistema pol\u00edtico de la isla.<\/p>\n\n\n\n<p>Por su parte, el gobierno de Miguel D\u00edaz-Canel ha defendido reiteradamente su modelo econ\u00f3mico y sus alianzas internacionales, argumentando que responden a la soberan\u00eda del pa\u00eds y a la necesidad de sortear las limitaciones impuestas por el embargo estadounidense <\/p>\n\n\n\n<p>Canel ha asegurado en medio de una compleja situaci\u00f3n econ\u00f3mica caracterizada por escasez de productos b\u00e1sicos, inflaci\u00f3n y dificultades en sectores clave como la energ\u00eda y el transporte, que Cuba se est\u00e1 preparando con una estrategia militar conocida como la guerra de todo el pueblo\u201d para enfrentar un posible ataque de EEUU. Entretanto los cubanos han declarado en una residente encuesta independiente que prefieren un cambio pol\u00edtico en el pa\u00eds que lo lleve hacia el libre mercado entre otras reformas estructurales<\/p>\n\n\n\n<p><\/p>\n\n\n\n<p><\/p>\n","protected":false},"excerpt":{"rendered":"<p>El secretario estadounidense Marco Rubio ha afirmado que la situaci\u00f3n en Cuba podr\u00eda experimentar avances si se implementan \u201creformas econ\u00f3micas serias\u201d, aunque descart\u00f3 que estos cambios sean posibles con los actuales gobernantes del pa\u00eds. Seg\u00fan sus declaraciones, los responsables del gobierno cubano son \u201cecon\u00f3micamente incompetentes\u201d, en un nuevo episodio de cr\u00edticas directas hacia La Habana. [&hellip;]<\/p>\n","protected":false},"author":24,"featured_media":238539,"comment_status":"open","ping_status":"closed","sticky":false,"template":"","format":"standard","meta":{"_acf_changed":false,"footnotes":""},"categories":[18,955],"tags":[10867,92,5215,1212,256,11017],"class_list":{"0":"post-242767","1":"post","2":"type-post","3":"status-publish","4":"format-standard","5":"has-post-thumbnail","7":"category-noticias","8":"category-noticias-de-cuba","9":"tag-crisis-en-cuba","10":"tag-cubanos","11":"tag-diaz-canel","12":"tag-marco-rubio","13":"tag-miami","14":"tag-superdestacado"},"acf":[],"yoast_head":"<!-- This site is optimized with the Yoast SEO plugin v27.4 - https:\/\/yoast.com\/product\/yoast-seo-wordpress\/ -->\n<title>Marco Rubio emite fuertes declaraciones contra el gobierno cubano - Cuballama Noticias<\/title>\n<meta name=\"robots\" content=\"index, follow, max-snippet:-1, max-image-preview:large, max-video-preview:-1\" \/>\n<link rel=\"canonical\" href=\"https:\/\/www.cuballama.com\/noticias\/marco-rubio-emite-fuertes-declaraciones-contra-el-gobierno-cubano\/\" \/>\n<meta property=\"og:locale\" content=\"es_ES\" \/>\n<meta property=\"og:type\" content=\"article\" \/>\n<meta property=\"og:title\" content=\"Marco Rubio emite fuertes declaraciones contra el gobierno cubano - Cuballama Noticias\" \/>\n<meta property=\"og:description\" content=\"El secretario estadounidense Marco Rubio ha afirmado que la situaci\u00f3n en Cuba podr\u00eda experimentar avances si se implementan \u201creformas econ\u00f3micas serias\u201d, aunque descart\u00f3 que estos cambios sean posibles con los actuales gobernantes del pa\u00eds. Seg\u00fan sus declaraciones, los responsables del gobierno cubano son \u201cecon\u00f3micamente incompetentes\u201d, en un nuevo episodio de cr\u00edticas directas hacia La Habana. [&hellip;]\" \/>\n<meta property=\"og:url\" content=\"https:\/\/www.cuballama.com\/noticias\/marco-rubio-emite-fuertes-declaraciones-contra-el-gobierno-cubano\/\" \/>\n<meta property=\"og:site_name\" content=\"Cuballama Noticias\" \/>\n<meta property=\"article:publisher\" content=\"https:\/\/www.facebook.com\/CubaLlama\" \/>\n<meta property=\"article:published_time\" content=\"2026-04-28T18:20:42+00:00\" \/>\n<meta property=\"article:modified_time\" content=\"2026-04-28T18:20:46+00:00\" \/>\n<meta property=\"og:image\" content=\"https:\/\/cdn1.mediawpaccore.net\/wp-content\/uploads\/2026\/03\/18083107\/Gz2xsz1WEAA1QfY1.jpg\" \/>\n\t<meta property=\"og:image:width\" content=\"1200\" \/>\n\t<meta property=\"og:image:height\" content=\"630\" \/>\n\t<meta property=\"og:image:type\" content=\"image\/jpeg\" \/>\n<meta name=\"author\" content=\"Manu\" \/>\n<meta name=\"twitter:card\" content=\"summary_large_image\" \/>\n<meta name=\"twitter:creator\" content=\"@cuballama\" \/>\n<meta name=\"twitter:site\" content=\"@cuballama\" \/>\n<meta name=\"twitter:label1\" content=\"Escrito por\" \/>\n\t<meta name=\"twitter:data1\" content=\"Manu\" \/>\n\t<meta name=\"twitter:label2\" content=\"Tiempo de lectura\" \/>\n\t<meta name=\"twitter:data2\" content=\"2 minutos\" \/>\n<script type=\"application\/ld+json\" class=\"yoast-schema-graph\">{\"@context\":\"https:\\\/\\\/schema.org\",\"@graph\":[{\"@type\":\"Article\",\"@id\":\"https:\\\/\\\/www.cuballama.com\\\/noticias\\\/marco-rubio-emite-fuertes-declaraciones-contra-el-gobierno-cubano\\\/#article\",\"isPartOf\":{\"@id\":\"https:\\\/\\\/www.cuballama.com\\\/noticias\\\/marco-rubio-emite-fuertes-declaraciones-contra-el-gobierno-cubano\\\/\"},\"author\":{\"name\":\"Manu\",\"@id\":\"https:\\\/\\\/www.cuballama.com\\\/noticias\\\/#\\\/schema\\\/person\\\/5889f7d070564f8386e7944d14d436cd\"},\"headline\":\"Marco Rubio emite fuertes declaraciones contra el gobierno cubano\",\"datePublished\":\"2026-04-28T18:20:42+00:00\",\"dateModified\":\"2026-04-28T18:20:46+00:00\",\"mainEntityOfPage\":{\"@id\":\"https:\\\/\\\/www.cuballama.com\\\/noticias\\\/marco-rubio-emite-fuertes-declaraciones-contra-el-gobierno-cubano\\\/\"},\"wordCount\":344,\"commentCount\":0,\"publisher\":{\"@id\":\"https:\\\/\\\/www.cuballama.com\\\/noticias\\\/#organization\"},\"image\":{\"@id\":\"https:\\\/\\\/www.cuballama.com\\\/noticias\\\/marco-rubio-emite-fuertes-declaraciones-contra-el-gobierno-cubano\\\/#primaryimage\"},\"thumbnailUrl\":\"https:\\\/\\\/cdn1.mediawpaccore.net\\\/wp-content\\\/uploads\\\/2026\\\/03\\\/18083107\\\/Gz2xsz1WEAA1QfY1.jpg\",\"keywords\":[\"Crisis en Cuba\",\"cubanos\",\"D\u00edaz-Canel\",\"Marco Rubio\",\"Miami\",\"superdestacado\"],\"articleSection\":[\"Noticias\",\"Noticias de Cuba\"],\"inLanguage\":\"es\",\"potentialAction\":[{\"@type\":\"CommentAction\",\"name\":\"Comment\",\"target\":[\"https:\\\/\\\/www.cuballama.com\\\/noticias\\\/marco-rubio-emite-fuertes-declaraciones-contra-el-gobierno-cubano\\\/#respond\"]}]},{\"@type\":\"WebPage\",\"@id\":\"https:\\\/\\\/www.cuballama.com\\\/noticias\\\/marco-rubio-emite-fuertes-declaraciones-contra-el-gobierno-cubano\\\/\",\"url\":\"https:\\\/\\\/www.cuballama.com\\\/noticias\\\/marco-rubio-emite-fuertes-declaraciones-contra-el-gobierno-cubano\\\/\",\"name\":\"Marco Rubio emite fuertes declaraciones contra el gobierno cubano - Cuballama Noticias\",\"isPartOf\":{\"@id\":\"https:\\\/\\\/www.cuballama.com\\\/noticias\\\/#website\"},\"primaryImageOfPage\":{\"@id\":\"https:\\\/\\\/www.cuballama.com\\\/noticias\\\/marco-rubio-emite-fuertes-declaraciones-contra-el-gobierno-cubano\\\/#primaryimage\"},\"image\":{\"@id\":\"https:\\\/\\\/www.cuballama.com\\\/noticias\\\/marco-rubio-emite-fuertes-declaraciones-contra-el-gobierno-cubano\\\/#primaryimage\"},\"thumbnailUrl\":\"https:\\\/\\\/cdn1.mediawpaccore.net\\\/wp-content\\\/uploads\\\/2026\\\/03\\\/18083107\\\/Gz2xsz1WEAA1QfY1.jpg\",\"datePublished\":\"2026-04-28T18:20:42+00:00\",\"dateModified\":\"2026-04-28T18:20:46+00:00\",\"breadcrumb\":{\"@id\":\"https:\\\/\\\/www.cuballama.com\\\/noticias\\\/marco-rubio-emite-fuertes-declaraciones-contra-el-gobierno-cubano\\\/#breadcrumb\"},\"inLanguage\":\"es\",\"potentialAction\":[{\"@type\":\"ReadAction\",\"target\":[\"https:\\\/\\\/www.cuballama.com\\\/noticias\\\/marco-rubio-emite-fuertes-declaraciones-contra-el-gobierno-cubano\\\/\"]}]},{\"@type\":\"ImageObject\",\"inLanguage\":\"es\",\"@id\":\"https:\\\/\\\/www.cuballama.com\\\/noticias\\\/marco-rubio-emite-fuertes-declaraciones-contra-el-gobierno-cubano\\\/#primaryimage\",\"url\":\"https:\\\/\\\/cdn1.mediawpaccore.net\\\/wp-content\\\/uploads\\\/2026\\\/03\\\/18083107\\\/Gz2xsz1WEAA1QfY1.jpg\",\"contentUrl\":\"https:\\\/\\\/cdn1.mediawpaccore.net\\\/wp-content\\\/uploads\\\/2026\\\/03\\\/18083107\\\/Gz2xsz1WEAA1QfY1.jpg\",\"width\":1200,\"height\":630,\"caption\":\"Marco Rubio, secretario de Estado de Estados Unidos. Foto: X\\\/Secretary Marco Rubio.\"},{\"@type\":\"BreadcrumbList\",\"@id\":\"https:\\\/\\\/www.cuballama.com\\\/noticias\\\/marco-rubio-emite-fuertes-declaraciones-contra-el-gobierno-cubano\\\/#breadcrumb\",\"itemListElement\":[{\"@type\":\"ListItem\",\"position\":1,\"name\":\"Home\",\"item\":\"https:\\\/\\\/www.cuballama.com\\\/noticias\\\/\"},{\"@type\":\"ListItem\",\"position\":2,\"name\":\"Marco Rubio emite fuertes declaraciones contra el gobierno cubano\"}]},{\"@type\":\"WebSite\",\"@id\":\"https:\\\/\\\/www.cuballama.com\\\/noticias\\\/#website\",\"url\":\"https:\\\/\\\/www.cuballama.com\\\/noticias\\\/\",\"name\":\"Cuballama Noticias\",\"description\":\"Medio digital sobre Cuba y el mundo\",\"publisher\":{\"@id\":\"https:\\\/\\\/www.cuballama.com\\\/noticias\\\/#organization\"},\"potentialAction\":[{\"@type\":\"SearchAction\",\"target\":{\"@type\":\"EntryPoint\",\"urlTemplate\":\"https:\\\/\\\/www.cuballama.com\\\/noticias\\\/?s={search_term_string}\"},\"query-input\":{\"@type\":\"PropertyValueSpecification\",\"valueRequired\":true,\"valueName\":\"search_term_string\"}}],\"inLanguage\":\"es\"},{\"@type\":\"Organization\",\"@id\":\"https:\\\/\\\/www.cuballama.com\\\/noticias\\\/#organization\",\"name\":\"Cuballama\",\"url\":\"https:\\\/\\\/www.cuballama.com\\\/noticias\\\/\",\"logo\":{\"@type\":\"ImageObject\",\"inLanguage\":\"es\",\"@id\":\"https:\\\/\\\/www.cuballama.com\\\/noticias\\\/#\\\/schema\\\/logo\\\/image\\\/\",\"url\":\"https:\\\/\\\/cdn1.mediawpaccore.net\\\/wp-content\\\/uploads\\\/2021\\\/12\\\/28171206\\\/cbll-logo-color-sm.png\",\"contentUrl\":\"https:\\\/\\\/cdn1.mediawpaccore.net\\\/wp-content\\\/uploads\\\/2021\\\/12\\\/28171206\\\/cbll-logo-color-sm.png\",\"width\":600,\"height\":133,\"caption\":\"Cuballama\"},\"image\":{\"@id\":\"https:\\\/\\\/www.cuballama.com\\\/noticias\\\/#\\\/schema\\\/logo\\\/image\\\/\"},\"sameAs\":[\"https:\\\/\\\/www.facebook.com\\\/CubaLlama\",\"https:\\\/\\\/x.com\\\/cuballama\",\"https:\\\/\\\/www.instagram.com\\\/stories\\\/cuballama_oficial\\\/\",\"https:\\\/\\\/www.youtube.com\\\/channel\\\/UCKkFE-d_axENGZcrc4as0IA\"]},{\"@type\":\"Person\",\"@id\":\"https:\\\/\\\/www.cuballama.com\\\/noticias\\\/#\\\/schema\\\/person\\\/5889f7d070564f8386e7944d14d436cd\",\"name\":\"Manu\",\"url\":\"https:\\\/\\\/www.cuballama.com\\\/noticias\\\/author\\\/manu\\\/\"}]}<\/script>\n<!-- \/ Yoast SEO plugin. -->","yoast_head_json":{"title":"Marco Rubio emite fuertes declaraciones contra el gobierno cubano - Cuballama Noticias","robots":{"index":"index","follow":"follow","max-snippet":"max-snippet:-1","max-image-preview":"max-image-preview:large","max-video-preview":"max-video-preview:-1"},"canonical":"https:\/\/www.cuballama.com\/noticias\/marco-rubio-emite-fuertes-declaraciones-contra-el-gobierno-cubano\/","og_locale":"es_ES","og_type":"article","og_title":"Marco Rubio emite fuertes declaraciones contra el gobierno cubano - Cuballama Noticias","og_description":"El secretario estadounidense Marco Rubio ha afirmado que la situaci\u00f3n en Cuba podr\u00eda experimentar avances si se implementan \u201creformas econ\u00f3micas serias\u201d, aunque descart\u00f3 que estos cambios sean posibles con los actuales gobernantes del pa\u00eds. Seg\u00fan sus declaraciones, los responsables del gobierno cubano son \u201cecon\u00f3micamente incompetentes\u201d, en un nuevo episodio de cr\u00edticas directas hacia La Habana. [&hellip;]","og_url":"https:\/\/www.cuballama.com\/noticias\/marco-rubio-emite-fuertes-declaraciones-contra-el-gobierno-cubano\/","og_site_name":"Cuballama Noticias","article_publisher":"https:\/\/www.facebook.com\/CubaLlama","article_published_time":"2026-04-28T18:20:42+00:00","article_modified_time":"2026-04-28T18:20:46+00:00","og_image":[{"width":1200,"height":630,"url":"https:\/\/cdn1.mediawpaccore.net\/wp-content\/uploads\/2026\/03\/18083107\/Gz2xsz1WEAA1QfY1.jpg","type":"image\/jpeg"}],"author":"Manu","twitter_card":"summary_large_image","twitter_creator":"@cuballama","twitter_site":"@cuballama","twitter_misc":{"Escrito por":"Manu","Tiempo de lectura":"2 minutos"},"schema":{"@context":"https:\/\/schema.org","@graph":[{"@type":"Article","@id":"https:\/\/www.cuballama.com\/noticias\/marco-rubio-emite-fuertes-declaraciones-contra-el-gobierno-cubano\/#article","isPartOf":{"@id":"https:\/\/www.cuballama.com\/noticias\/marco-rubio-emite-fuertes-declaraciones-contra-el-gobierno-cubano\/"},"author":{"name":"Manu","@id":"https:\/\/www.cuballama.com\/noticias\/#\/schema\/person\/5889f7d070564f8386e7944d14d436cd"},"headline":"Marco Rubio emite fuertes declaraciones contra el gobierno cubano","datePublished":"2026-04-28T18:20:42+00:00","dateModified":"2026-04-28T18:20:46+00:00","mainEntityOfPage":{"@id":"https:\/\/www.cuballama.com\/noticias\/marco-rubio-emite-fuertes-declaraciones-contra-el-gobierno-cubano\/"},"wordCount":344,"commentCount":0,"publisher":{"@id":"https:\/\/www.cuballama.com\/noticias\/#organization"},"image":{"@id":"https:\/\/www.cuballama.com\/noticias\/marco-rubio-emite-fuertes-declaraciones-contra-el-gobierno-cubano\/#primaryimage"},"thumbnailUrl":"https:\/\/cdn1.mediawpaccore.net\/wp-content\/uploads\/2026\/03\/18083107\/Gz2xsz1WEAA1QfY1.jpg","keywords":["Crisis en Cuba","cubanos","D\u00edaz-Canel","Marco Rubio","Miami","superdestacado"],"articleSection":["Noticias","Noticias de Cuba"],"inLanguage":"es","potentialAction":[{"@type":"CommentAction","name":"Comment","target":["https:\/\/www.cuballama.com\/noticias\/marco-rubio-emite-fuertes-declaraciones-contra-el-gobierno-cubano\/#respond"]}]},{"@type":"WebPage","@id":"https:\/\/www.cuballama.com\/noticias\/marco-rubio-emite-fuertes-declaraciones-contra-el-gobierno-cubano\/","url":"https:\/\/www.cuballama.com\/noticias\/marco-rubio-emite-fuertes-declaraciones-contra-el-gobierno-cubano\/","name":"Marco Rubio emite fuertes declaraciones contra el gobierno cubano - Cuballama Noticias","isPartOf":{"@id":"https:\/\/www.cuballama.com\/noticias\/#website"},"primaryImageOfPage":{"@id":"https:\/\/www.cuballama.com\/noticias\/marco-rubio-emite-fuertes-declaraciones-contra-el-gobierno-cubano\/#primaryimage"},"image":{"@id":"https:\/\/www.cuballama.com\/noticias\/marco-rubio-emite-fuertes-declaraciones-contra-el-gobierno-cubano\/#primaryimage"},"thumbnailUrl":"https:\/\/cdn1.mediawpaccore.net\/wp-content\/uploads\/2026\/03\/18083107\/Gz2xsz1WEAA1QfY1.jpg","datePublished":"2026-04-28T18:20:42+00:00","dateModified":"2026-04-28T18:20:46+00:00","breadcrumb":{"@id":"https:\/\/www.cuballama.com\/noticias\/marco-rubio-emite-fuertes-declaraciones-contra-el-gobierno-cubano\/#breadcrumb"},"inLanguage":"es","potentialAction":[{"@type":"ReadAction","target":["https:\/\/www.cuballama.com\/noticias\/marco-rubio-emite-fuertes-declaraciones-contra-el-gobierno-cubano\/"]}]},{"@type":"ImageObject","inLanguage":"es","@id":"https:\/\/www.cuballama.com\/noticias\/marco-rubio-emite-fuertes-declaraciones-contra-el-gobierno-cubano\/#primaryimage","url":"https:\/\/cdn1.mediawpaccore.net\/wp-content\/uploads\/2026\/03\/18083107\/Gz2xsz1WEAA1QfY1.jpg","contentUrl":"https:\/\/cdn1.mediawpaccore.net\/wp-content\/uploads\/2026\/03\/18083107\/Gz2xsz1WEAA1QfY1.jpg","width":1200,"height":630,"caption":"Marco Rubio, secretario de Estado de Estados Unidos. Foto: X\/Secretary Marco Rubio."},{"@type":"BreadcrumbList","@id":"https:\/\/www.cuballama.com\/noticias\/marco-rubio-emite-fuertes-declaraciones-contra-el-gobierno-cubano\/#breadcrumb","itemListElement":[{"@type":"ListItem","position":1,"name":"Home","item":"https:\/\/www.cuballama.com\/noticias\/"},{"@type":"ListItem","position":2,"name":"Marco Rubio emite fuertes declaraciones contra el gobierno cubano"}]},{"@type":"WebSite","@id":"https:\/\/www.cuballama.com\/noticias\/#website","url":"https:\/\/www.cuballama.com\/noticias\/","name":"Cuballama Noticias","description":"Medio digital sobre Cuba y el mundo","publisher":{"@id":"https:\/\/www.cuballama.com\/noticias\/#organization"},"potentialAction":[{"@type":"SearchAction","target":{"@type":"EntryPoint","urlTemplate":"https:\/\/www.cuballama.com\/noticias\/?s={search_term_string}"},"query-input":{"@type":"PropertyValueSpecification","valueRequired":true,"valueName":"search_term_string"}}],"inLanguage":"es"},{"@type":"Organization","@id":"https:\/\/www.cuballama.com\/noticias\/#organization","name":"Cuballama","url":"https:\/\/www.cuballama.com\/noticias\/","logo":{"@type":"ImageObject","inLanguage":"es","@id":"https:\/\/www.cuballama.com\/noticias\/#\/schema\/logo\/image\/","url":"https:\/\/cdn1.mediawpaccore.net\/wp-content\/uploads\/2021\/12\/28171206\/cbll-logo-color-sm.png","contentUrl":"https:\/\/cdn1.mediawpaccore.net\/wp-content\/uploads\/2021\/12\/28171206\/cbll-logo-color-sm.png","width":600,"height":133,"caption":"Cuballama"},"image":{"@id":"https:\/\/www.cuballama.com\/noticias\/#\/schema\/logo\/image\/"},"sameAs":["https:\/\/www.facebook.com\/CubaLlama","https:\/\/x.com\/cuballama","https:\/\/www.instagram.com\/stories\/cuballama_oficial\/","https:\/\/www.youtube.com\/channel\/UCKkFE-d_axENGZcrc4as0IA"]},{"@type":"Person","@id":"https:\/\/www.cuballama.com\/noticias\/#\/schema\/person\/5889f7d070564f8386e7944d14d436cd","name":"Manu","url":"https:\/\/www.cuballama.com\/noticias\/author\/manu\/"}]}},"_links":{"self":[{"href":"https:\/\/www.cuballama.com\/noticias\/wp-json\/wp\/v2\/posts\/242767","targetHints":{"allow":["GET"]}}],"collection":[{"href":"https:\/\/www.cuballama.com\/noticias\/wp-json\/wp\/v2\/posts"}],"about":[{"href":"https:\/\/www.cuballama.com\/noticias\/wp-json\/wp\/v2\/types\/post"}],"author":[{"embeddable":true,"href":"https:\/\/www.cuballama.com\/noticias\/wp-json\/wp\/v2\/users\/24"}],"replies":[{"embeddable":true,"href":"https:\/\/www.cuballama.com\/noticias\/wp-json\/wp\/v2\/comments?post=242767"}],"version-history":[{"count":2,"href":"https:\/\/www.cuballama.com\/noticias\/wp-json\/wp\/v2\/posts\/242767\/revisions"}],"predecessor-version":[{"id":242775,"href":"https:\/\/www.cuballama.com\/noticias\/wp-json\/wp\/v2\/posts\/242767\/revisions\/242775"}],"wp:featuredmedia":[{"embeddable":true,"href":"https:\/\/www.cuballama.com\/noticias\/wp-json\/wp\/v2\/media\/238539"}],"wp:attachment":[{"href":"https:\/\/www.cuballama.com\/noticias\/wp-json\/wp\/v2\/media?parent=242767"}],"wp:term":[{"taxonomy":"category","embeddable":true,"href":"https:\/\/www.cuballama.com\/noticias\/wp-json\/wp\/v2\/categories?post=242767"},{"taxonomy":"post_tag","embeddable":true,"href":"https:\/\/www.cuballama.com\/noticias\/wp-json\/wp\/v2\/tags?post=242767"}],"curies":[{"name":"wp","href":"https:\/\/api.w.org\/{rel}","templated":true}]}}