{"id":242736,"date":"2026-05-01T08:56:31","date_gmt":"2026-05-01T12:56:31","guid":{"rendered":"https:\/\/www.cuballama.com\/noticias\/?p=242736"},"modified":"2026-05-01T08:56:35","modified_gmt":"2026-05-01T12:56:35","slug":"amelia-calzadilla-la-tormenta-mediatica-cubana-del-momento","status":"publish","type":"post","link":"https:\/\/www.cuballama.com\/noticias\/amelia-calzadilla-la-tormenta-mediatica-cubana-del-momento\/","title":{"rendered":"Amelia Calzadilla: la tormenta medi\u00e1tica cubana del momento"},"content":{"rendered":"\n<h2 class=\"wp-block-heading\">Empez\u00f3 pidiendo una balita de gas y termin\u00f3 fundando un partido. Amelia Calzadilla funda el Partido Liberal Ortodoxo Cubano y desata la mayor tormenta de reacciones del activismo cubano en 2026; pero&#8230; aqu\u00ed hay de todo. <\/h2>\n\n\n\n<p>Todo comenz\u00f3 con una balita de gas. O m\u00e1s bien, con el hecho de no contar con gas para cocinar. Era junio de 2022, y una joven cubana llamada Amelia Calzadilla \u2014 graduada en la Facultad de Lenguas Extranjeras de la Universidad de La Habana, traductora, gu\u00eda de turismo, madre de tres hijos, con 32 a\u00f1os \u2014 se plant\u00f3 delante de una c\u00e1mara y dijo lo que millones de cubanos pensaban pero no dec\u00edan. <\/p>\n\n\n\n<p>El video de inmediato se viraliz\u00f3. La Seguridad del Estado le puso una patrulla en la puerta. La \u00abentrevist\u00f3\u00bb; la persigui\u00f3, la acos\u00f3 y termin\u00f3 envi\u00e1ndola al exilio. Cuatro a\u00f1os despu\u00e9s, esa misma mujer acaba anunciar la fundaci\u00f3n de un partido pol\u00edtico desde el exilio en Madrid. Y la explosi\u00f3n que provoc\u00f3 en las \u00faltimas 72 horas dice m\u00e1s sobre el estado de \u00e1nimo de la comunidad cubana que cualquier encuesta; pero tambi\u00e9n dice mucho de los cubanos y qui\u00e9nes somos.<\/p>\n\n\n\n<h3 class=\"wp-block-heading\">La madre que el r\u00e9gimen convirti\u00f3 en opositora<\/h3>\n\n\n\n<p>Alguien dijo una vez y mi amiga Masiel Rubio desde Madrid a cada rato lo menciona, que el propio r\u00e9gimen cubano es el mayor fabricante de disidentes y opositores dentro de la propia Cuba. <\/p>\n\n\n\n<p>Para entender lo que est\u00e1 pasando esta semana, hay que entender lo que ocurri\u00f3 en aquellos d\u00edas de 2022. Amelia Calzadilla no sali\u00f3 a protestar con un cartel. Sali\u00f3 con la rabia espec\u00edfica de una madre que no puede garantizarle a sus hijos lo m\u00e1s b\u00e1sico. Habl\u00f3 de la escasez de gas que afectaba a 58 familias en el Cerro de La Habana. Habl\u00f3 con nombres, con datos, con la dureza de alguien que ya no tiene nada que perder diciendo la verdad.<\/p>\n\n\n\n<p>Esa mezcla de \u00abhechos concretos\u00bb, de hablar desde la juventud; de mezclar un lenguaje basado en lo preciso, para luego \u00abchabacanizarse\u00bb y lanzar frases tan memorables como \u00abBruno, haz tu pincha loco\u00bb, o decirle a Lis Cuesta, que a ella no le importaba si se tiraba a D\u00edaz-Canel o no, termin\u00f3 por conectar con cientos de miles de cubanos dentro y fuera del pa\u00eds. No solo se trataba de una mujer, sino de una madre de tres hijos. Hablando desde la capital. Joven, agraciada&#8230; y el trabajo. Ese es un detalle importante. Si una joven traductora y gu\u00eda de turismo \u2014un sector que durante a\u00f1os ha ofrecido ventajas econ\u00f3micas frente al resto\u2014 era capaz de gritar a los cuatro vientos <em>\u00abYa no aguanto m\u00e1s\u00bb<\/em>, y de paso referencia a unos padres \u00abintegrados\u00bb y lo hace desde La Habana, \u00bfqu\u00e9 se pudiera esperar para el resto de las madres cubanas? Espec\u00edficamente para aquellas que residen en el interior, vinculadas al sector estatal&#8230; Nada. O muy, muy poco. Ese fue el gancho de Amelia; que sin proponerse una carrera pol\u00edtica en aquel entonces, reclamando solo gas para poder cocinarle a sus hijos, termin\u00f3 convirti\u00e9ndose en un referente nacional del hartazgo.<\/p>\n\n\n\n<p>La respuesta del r\u00e9gimen fue inmediata y reveladora. La Seguridad del Estado activ\u00f3 perfiles an\u00f3nimos en internet para atacarla: que si sus l\u00e1mparas eran de lujo, que si sus u\u00f1as eran acr\u00edlicas, que si hab\u00eda comido en el Tropicana. Que si ten\u00eda familia en el extranjero y una de ellas trabajaba en Mart\u00ed Noticias. <\/p>\n\n\n\n<p>El diario Cubadebate le dedic\u00f3 un art\u00edculo atac\u00e1ndola. El programa Con Filo \u2014 el mismo que esta semana volvi\u00f3 a atacarla \u2014 la convirti\u00f3 en objetivo. La amenazaron. La convocaron a la polic\u00eda. Le hicieron exactamente lo que el r\u00e9gimen hace cuando alguien le da miedo: intentar destruir a la persona para no tener que responder a las ideas. Pero nada de eso funcion\u00f3.<\/p>\n\n\n\n<p><em>\u00abAprend\u00ed de muy mala manera que la propaganda castrista no perdona al honesto\u00bb,<\/em> escribi\u00f3 Calzadilla esta semana en su perfil de <em><a href=\"https:\/\/www.facebook.com\/permalink.php?story_fbid=pfbid02xXANY29CGBFbUZPxDDT6oLQteeLChpi4pFbavA3wuBG2AYF1Rpd95L33GmULMzPMl&amp;id=61559641311874\" target=\"_blank\" rel=\"noreferrer noopener nofollow\">Facebook<\/a><\/em> al anunciar su partido. <\/p>\n\n\n\n<p><em>\u00abFueron sus constantes amenazas, el descr\u00e9dito, la difamaci\u00f3n y el asedio lo que me empujaron a volverme entonces una activista y opositora. Lo \u00fanico que podr\u00e9 agradecer a la revoluci\u00f3n en los 32 a\u00f1os vividos en Cuba,\u00bb<\/em> dijo m\u00e1s adelante.<\/p>\n\n\n\n<iframe loading=\"lazy\" src=\"https:\/\/www.facebook.com\/plugins\/post.php?href=https%3A%2F%2Fwww.facebook.com%2Fpermalink.php%3Fstory_fbid%3Dpfbid02xM1NEssTSkmDNRUzL3B7EXRpRxBsyyzufEWmHTrGkLe6FR1E3HPGhNfQHRCEtsqUl%26id%3D61559641311874&#038;show_text=true&#038;width=500\" width=\"500\" height=\"625\" style=\"border:none;overflow:hidden\" scrolling=\"no\" frameborder=\"0\" allowfullscreen=\"true\" allow=\"autoplay; clipboard-write; encrypted-media; picture-in-picture; web-share\"><\/iframe>\n\n\n\n<p>En 2023 sali\u00f3 de Cuba con su esposo y sus tres hijos. Se instal\u00f3 en Madrid. Se uni\u00f3 a Ciudadan\u00eda y Libertad, la organizaci\u00f3n de Carolina Barrero. Visit\u00f3 el Parlamento Europeo para exigir sanciones contra el r\u00e9gimen. Se reuni\u00f3 con Mar\u00eda Corina Machado. Estudi\u00f3. Pens\u00f3. Y el domingo 27 de abril de 2026, hizo el anuncio que lo cambi\u00f3 todo.<\/p>\n\n\n\n<h3 class=\"wp-block-heading\">El domingo que sacudi\u00f3 a la comunidad cubana<\/h3>\n\n\n\n<p>El post de Amelia Calzadilla anunciando el Partido Liberal Ortodoxo Cubano no fue un comunicado fr\u00edo. Fue un texto de temperatura alta, escrito desde la honestidad que la caracteriza: <em>\u00abNace hoy el Partido Liberal Ortodoxo Cubano, un partido como su nombre indica de Centro Derecha Liberal, comprometido con la defensa de la justicia, la dignidad y el desarrollo de nosotros como naci\u00f3n. Fundado sobre las bases m\u00e1s humanistas del ideario martiano y tambi\u00e9n con las pol\u00edticas del libre mercado.\u00bb<\/em><\/p>\n\n\n\n<p>En horas, la publicaci\u00f3n super\u00f3 las 17,000 reacciones y los 2,000 comentarios. En su canal de <em><a href=\"https:\/\/www.youtube.com\/watch?v=HEBVGzn6_uQ\" target=\"_blank\" rel=\"noreferrer noopener\">YouTube<\/a><\/em>, la directa donde explic\u00f3 el partido acumul\u00f3 m\u00e1s de 19,000 visualizaciones y 171 comentarios en menos de 48 horas. <\/p>\n\n\n\n<figure class=\"wp-block-embed is-type-video is-provider-youtube wp-block-embed-youtube wp-embed-aspect-16-9 wp-has-aspect-ratio\"><div class=\"wp-block-embed__wrapper\">\n<div class=\"youtube-embed\" data-video_id=\"HEBVGzn6_uQ\"><iframe loading=\"lazy\" title=\"Yo les debo una explicaci\u00f3n\" width=\"696\" height=\"392\" src=\"https:\/\/www.youtube.com\/embed\/HEBVGzn6_uQ?feature=oembed&#038;enablejsapi=1\" frameborder=\"0\" allow=\"accelerometer; autoplay; clipboard-write; encrypted-media; gyroscope; picture-in-picture; web-share\" referrerpolicy=\"strict-origin-when-cross-origin\" allowfullscreen><\/iframe><\/div>\n<\/div><\/figure>\n\n\n\n<p>Los apoyos llegaron de todas partes. Lara Crofs \u2014 una de las activistas m\u00e1s perseguidas dentro de Cuba, conocida por repartir comida entre personas vulnerables en La Habana \u2014 escribi\u00f3: \u00ab<em>Entonces creo que militar\u00e9 por primera vez en un partido que pienso que representa mucho de lo que quiero para una Cuba libre.\u00bb<\/em> La activista Saily Gonz\u00e1lez Vel\u00e1zquez declar\u00f3: <em>\u00abAl fin aparece un partido que me representa. Con Amelia Calzadilla, por supuesto.\u00bb<\/em> El humorista Ulises Toirac, siempre preciso, lanz\u00f3 una frase que resume la iron\u00eda de toda la historia: <em>\u00abLo que est\u00e1 de pipi es que la revoluci\u00f3n la haya preparado tan bien\u00bb<\/em> \u2014 refiri\u00e9ndose a que fue el propio acoso castrista el que forj\u00f3 a Calzadilla como opositora.<\/p>\n\n\n\n<h3 class=\"wp-block-heading\">El r\u00e9gimen responde: Con Filo y sus burlas <\/h3>\n\n\n\n<p>El mi\u00e9rcoles por la ma\u00f1ana, el programa oficialista Con Filo \u2014 nacido en agosto de 2021, apenas un mes despu\u00e9s del 11J, con la misi\u00f3n declarada de atacar medi\u00e1ticamente a voces disidentes \u2014 public\u00f3 un video burlesco. El presentador Michel Torres Corona anunci\u00f3 con sorna que \u00e9l tambi\u00e9n iba a fundar un partido. <em>\u00abQuer\u00edamos ponerle partido comunista pero el nombre estaba ya tomado\u00bb<\/em>, dijo. <em>\u00abLo m\u00e1s importante, que es el financiamiento, ya lo tenemos listo.\u00bb<\/em> El chiste lo dice todo sobre la mentalidad del r\u00e9gimen: cuando no pueden refutar las ideas, ridiculizan a quien las tiene.<\/p>\n\n\n\n<p>La comunidad cubana en redes reaccion\u00f3 de inmediato. \u00ab\u00bfPero en Cuba puede existir m\u00e1s de un partido?\u00bb, pregunt\u00f3 un usuario, mientras otro cit\u00f3 el art\u00edculo 5 de la Constituci\u00f3n cubana \u2014 que reconoce al Partido Comunista como fuerza dirigente \u00fanica \u2014 para preguntarle a los propios presentadores si estaban burl\u00e1ndose de su carta magna. El tiro le sali\u00f3 por la culata a Con Filo.<\/p>\n\n\n\n<p>Calzadilla respondi\u00f3 con la cadencia de quien ya sabe exactamente lo que hace. En una primera publicaci\u00f3n escribi\u00f3: <em>\u00abLa reacci\u00f3n sarc\u00e1stica de Con Filo me llena de orgullo; refleja cu\u00e1nto dolor les produce saber que como pueblo estamos listos para recibir a brazos abiertos proyectos de pa\u00eds que no vengan de la mano de aquel que nos ha privado de todo.\u00bb<\/em> En una segunda:<strong> \u00abSe necesita mucho m\u00e1s que un diplom\u00e1tico corrupto, un terrorista, dos cap\u00edtulos de Sinfilo y cuatro auras ti\u00f1osas para desanimarme.\u00bb<\/strong><\/p>\n\n\n\n<p>Torres acumula un historial reciente: en marzo de 2026 llam\u00f3 \u00abbestias\u00bb a los manifestantes de Mor\u00f3n que protestaban por los apagones. Que el r\u00e9gimen le haya encargado a \u00e9l la tarea de atacar a Calzadilla dice tanto sobre el atacante como sobre la atacada. Y dice mucho de aquellos que terminan<em> haci\u00e9ndole la pala<\/em>.<\/p>\n\n\n\n<p>S\u00ed, no todos los ataques contra Amelia Calzadilla (o su proyecto) vinieron del r\u00e9gimen. Una parte importante \u2014 y m\u00e1s reveladora \u2014 vino de dentro de la propia comunidad cubana en el exilio. Los canales de YouTube de periodistas y comunicadores cubanos llenaron sus comentarios de desconfianza: que si era \u00abagente del G2\u00bb, que si \u00ablleg\u00f3 a Espa\u00f1a demasiado f\u00e1cil con tres hijos\u00bb, que si \u00abantes era de izquierda\u00bb, que si \u00abno tiene experiencia pol\u00edtica\u00bb, que si el nombre del partido \u00abrecuerda a Fidel Castro\u00bb. En el canal de Juan Manuel Cao, que la entrevist\u00f3 este mi\u00e9rcoles con respeto y rigor, el 30% de los comentarios eran de apoyo, el 30% de desconfianza y el 40% de debate sobre el nombre del partido. Hubo quien lo llam\u00f3 \u00abproyecto canibal\u00bb.<\/p>\n\n\n\n<p>Hay algo que vale la pena nombrar con claridad porque se exige hacerlo: una parte de esos ataques tiene un componente que va m\u00e1s all\u00e1 de la leg\u00edtima discrepancia pol\u00edtica. Amelia Calzadilla es joven \u2014 naci\u00f3 en 1991 en La Habana. Es madre de tres hijos. Comenz\u00f3 su activismo desde una cocina, quej\u00e1ndose de que no ten\u00eda gas. Es h\u00e1bil comunicadora, habla varios idiomas, transmite empat\u00eda y dulzura. Cada una de esas caracter\u00edsticas \u2014 que en un hombre de mediana edad ser\u00edan aplaudidas sin cuestionamiento \u2014 se convierte en motivo de sospecha cuando las tiene una mujer joven y atractiva. \u00abEs una influencer\u00bb, dice alguien. \u00ab\u00bfQui\u00e9n la financia?\u00bb, pregunta otro. \u00abLleg\u00f3 muy r\u00e1pido\u00bb, apunta un tercero. Nadie pregunta eso de los que llevan d\u00e9cadas en el exilio acumulando cargos en organizaciones que tampoco tienen estructura ni programa p\u00fablico. En una sociedad tan machista como lo es la cubana, donde la sororidad es una asignatura pendiente por parte de muchas mujeres que terminan proyectando sobre todas las cosas recelos, resentimientos y envidia \u2014a la vez que legitiman el machismo\u2014 todo este ataque era de esperarse. Y desde Miami.<\/p>\n\n\n\n<p>Guenady Rodr\u00edguez, quien se confes\u00f3 no tener casi nada en com\u00fan con lo que Amelia representa lo dijo con cierta elegancia: <em>\u00abAs\u00ed como el poder en Cuba intenta forzar a la sociedad real a encajar en un modelo preconcebido, tambi\u00e9n hay sectores en Miami que intentan moldear a los cubanos seg\u00fan una idea idealizada \u2014 y ya inexistente \u2014 de lo que deber\u00edan ser. Las cr\u00edticas recientes contra Amelia en redes, en mi opini\u00f3n, son otro s\u00edntoma de todo esto.\u00bb<\/em><\/p>\n\n\n\n<iframe loading=\"lazy\" src=\"https:\/\/www.facebook.com\/plugins\/post.php?href=https%3A%2F%2Fwww.facebook.com%2Fguenarod%2Fposts%2Fpfbid02JnGMHeueULTv9Qv4UqG1DUdVFnEgrgxzqtq4NHvonAEdMmG7akyTt9Ym1QE8GGdwl&#038;show_text=true&#038;width=500\" width=\"500\" height=\"730\" style=\"border:none;overflow:hidden\" scrolling=\"no\" frameborder=\"0\" allowfullscreen=\"true\" allow=\"autoplay; clipboard-write; encrypted-media; picture-in-picture; web-share\"><\/iframe>\n\n\n\n<p>Desde Portland, Oregon, el joven periodista cubano Eyder La O Toledano lo resumi\u00f3 as\u00ed:<\/p>\n\n\n\n<p>\u00abEs leg\u00edtimo estar a favor o en contra de alguien; la empat\u00eda juega su rol, y el sesgo pol\u00edtico tambi\u00e9n. Pero es inadmisible que te coloques en el lugar que le corresponde a la dictadura y a su legi\u00f3n de clarias.\u00bb<\/p>\n\n\n\n<iframe loading=\"lazy\" src=\"https:\/\/www.facebook.com\/plugins\/post.php?href=https%3A%2F%2Fwww.facebook.com%2Feyder.laotoledano%2Fposts%2Fpfbid0Mq5S5m5q6LhkyFiKHPmf5Baw4TRHb9qDp21wjfxqY7KmH5WP381eGoXQD6ax1aMSl&#038;show_text=true&#038;width=500\" width=\"500\" height=\"373\" style=\"border:none;overflow:hidden\" scrolling=\"no\" frameborder=\"0\" allowfullscreen=\"true\" allow=\"autoplay; clipboard-write; encrypted-media; picture-in-picture; web-share\"><\/iframe>\n\n\n\n<h3 class=\"wp-block-heading\">El partido, el 19 de mayo y lo que viene<\/h3>\n\n\n\n<p>El Partido Liberal Ortodoxo Cubano no es un partido para gobernar Cuba ma\u00f1ana. Calzadilla lo ha explicado con insistencia y claridad: es un proyecto pensado para una Cuba en democracia, no para la transici\u00f3n inmediata. Su programa completo \u2014 fundadores, directrices, estatutos \u2014 se presentar\u00e1 el 19 de mayo, fecha elegida por el aniversario de la ca\u00edda de Jos\u00e9 Mart\u00ed, que es referencia central del proyecto. <em>\u00abQuiero que las personas decidan a partir del conocimiento real de la propuesta pol\u00edtica, no solo por una conexi\u00f3n personal conmigo\u00bb,<\/em> dijo a <em><a href=\"https:\/\/www.14ymedio.com\/entrevista\/amelia-calzadilla-no-basta-denunciar-pensar-cuba_1_1126157.html\" target=\"_blank\" rel=\"noreferrer noopener nofollow\">14ymedio<\/a><\/em>, diario en el que fue entrevistada.<\/p>\n\n\n\n<iframe loading=\"lazy\" src=\"https:\/\/www.facebook.com\/plugins\/video.php?height=476&#038;href=https%3A%2F%2Fwww.facebook.com%2Freel%2F1923259601695540%2F&#038;show_text=true&#038;width=267&#038;t=0\" width=\"267\" height=\"591\" style=\"border:none;overflow:hidden\" scrolling=\"no\" frameborder=\"0\" allowfullscreen=\"true\" allow=\"autoplay; clipboard-write; encrypted-media; picture-in-picture; web-share\" allowFullScreen=\"true\"><\/iframe>\n\n\n\n<iframe loading=\"lazy\" src=\"https:\/\/www.facebook.com\/plugins\/video.php?height=476&#038;href=https%3A%2F%2Fwww.facebook.com%2Freel%2F1506413111103862%2F&#038;show_text=true&#038;width=267&#038;t=0\" width=\"267\" height=\"591\" style=\"border:none;overflow:hidden\" scrolling=\"no\" frameborder=\"0\" allowfullscreen=\"true\" allow=\"autoplay; clipboard-write; encrypted-media; picture-in-picture; web-share\" allowFullScreen=\"true\"><\/iframe>\n\n\n\n<p>El financiamiento es cero. Ella misma lo admiti\u00f3: \u00abNo hay un peso, literalmente.\u00bb La apuesta es construir desde abajo, con el autofinanciamiento que generan sus canales de comunicaci\u00f3n y las aportaciones voluntarias de quienes se identifiquen con el proyecto. Es un punto que sus cr\u00edticos se\u00f1alan como ingenuidad. Es tambi\u00e9n el punto que m\u00e1s la diferencia de los partidos del exilio hist\u00f3rico que llevan d\u00e9cadas recibiendo fondos de organizaciones estadounidenses sin mostrar resultados concretos dentro de Cuba.<\/p>\n\n\n\n<p>Juan Manuel Cao, en la <a href=\"https:\/\/www.youtube.com\/watch?v=JnAW4SUUz5A\" target=\"_blank\" rel=\"noreferrer noopener nofollow\">entrevista que le hizo este mi\u00e9rcoles<\/a>, le se\u00f1al\u00f3 que ya existe en Madrid una organizaci\u00f3n liberal cubana \u2014 la Uni\u00f3n Liberal Cubana fundada por Carlos Alberto Montaner \u2014 con relaciones establecidas en la Internacional Liberal y trabajo acumulado durante d\u00e9cadas. Calzadilla lo reconoci\u00f3 y lo tom\u00f3 como informaci\u00f3n \u00fatil: <em>\u00abNo venimos aqu\u00ed a invalidar trabajos de personas que ya han hecho tanto por Cuba. Tenemos mucho que aprender de ellos.\u00bb<\/em><\/p>\n\n\n\n<figure class=\"wp-block-embed is-type-video is-provider-youtube wp-block-embed-youtube wp-embed-aspect-16-9 wp-has-aspect-ratio\"><div class=\"wp-block-embed__wrapper\">\n<div class=\"youtube-embed\" data-video_id=\"JnAW4SUUz5A\"><iframe loading=\"lazy\" title=\"Joven cubana crea revuelo en las redes con la fundaci\u00f3n de un nuevo partido pol\u00edtico.\" width=\"696\" height=\"392\" src=\"https:\/\/www.youtube.com\/embed\/JnAW4SUUz5A?feature=oembed&#038;enablejsapi=1\" frameborder=\"0\" allow=\"accelerometer; autoplay; clipboard-write; encrypted-media; gyroscope; picture-in-picture; web-share\" referrerpolicy=\"strict-origin-when-cross-origin\" allowfullscreen><\/iframe><\/div>\n<\/div><\/figure>\n\n\n\n<h3 class=\"wp-block-heading\">Lo que la tormenta revela \u2014 y lo que Amelia representa<\/h3>\n\n\n\n<p>Hay un dato que ninguna de las pol\u00e9micas de esta semana ha mencionado con la claridad que merece. Dentro del ecosistema del activismo y la oposici\u00f3n cubana \u2014 con todas sus figuras, sus organizaciones, sus plataformas, sus a\u00f1os de trayectoria \u2014 Amelia Calzadilla es hoy la figura que m\u00e1s simpat\u00edas despierta en la comunidad cubana en t\u00e9rminos amplios seg\u00fan lo que se ve en las redes sociales, ese term\u00f3metro digital de lo que sucede y se mueve en Cuba. Si en este momento se llevara a cabo una votaci\u00f3n virtual sobre qui\u00e9n representa mejor a los cubanos de a pie, qui\u00e9n encarna mejor sus aspiraciones y su hartazgo, qui\u00e9n genera m\u00e1s identificaci\u00f3n genuina, Amelia Calzadilla ganar\u00eda. Sin dudas. Y eso lo saben perfectamente quienes la atacan, que es tambi\u00e9n, en parte, la raz\u00f3n por la que la atacan.<\/p>\n\n\n\n<p>La encuesta independiente que El Toque y una coalici\u00f3n de medios independientes publicaron esta semana \u2014 con m\u00e1s de 31,000 respuestas, el 59% desde dentro de Cuba \u2014 incluy\u00f3 una pregunta sobre qu\u00e9 figuras representaban mejor a los encuestados. Las estad\u00edsticas del dashboard que la propia Calzadilla comparti\u00f3 en su directa mostraron lo que muchos intu\u00edan: el pueblo cubano est\u00e1 hambriento de figuras pol\u00edticas que hablen su idioma, que partan de la realidad cotidiana, que no vengan envueltas en el barniz del exilio hist\u00f3rico que muchos cubanos de adentro siente como ajeno y lejano.<\/p>\n\n\n\n<p>Calzadilla habla de la escasez de gas porque la vivi\u00f3. Habla de criar hijos en la oscuridad porque lo hizo. Habla de sentir verg\u00fcenza de no poder sustentarse con el propio trabajo porque lo sinti\u00f3. Y cuando habla de querer regresar a Cuba para invertir todo lo que tiene y es el d\u00eda que sea libre, la gente le cree \u2014 porque sabe que lo dice quien dej\u00f3 atr\u00e1s a sus padres, a sus vecinos, a todo un barrio del Cerro de La Habana que la vio alzar la voz cuando nadie esperaba que lo hiciera.<\/p>\n\n\n\n<p>Ese es el perfil que incomoda. Una mujer joven, madre, h\u00e1bil comunicadora, que habla varios idiomas, que transmite empat\u00eda y dulzura, que empez\u00f3 en una cocina pidiendo una balita de gas y termin\u00f3 hablando en el Parlamento Europeo. Que es inteligente sin ser pedante. Que admite lo que no sabe. Que dice \u00abtodav\u00eda somos un beb\u00e9\u00bb cuando habla de su partido, sin que eso suene a debilidad. En un hombre de cincuenta a\u00f1os con d\u00e9cadas de exilio, esas mismas cualidades se llaman experiencia y se celebran. En ella se llaman sospecha.<\/p>\n\n\n\n<p>Hay una frase que Calzadilla pronunci\u00f3 en su directa del domingo que resume lo que est\u00e1 en juego m\u00e1s all\u00e1 de ella misma: <em>\u00abEl d\u00eda que caiga la dictadura es que la guerra realmente va a comenzar \u2014 y va a ser la guerra por levantar el pa\u00eds. Hay que ir organizando ideas de pa\u00eds ahora, no despu\u00e9s.\u00bb<\/em> Es un argumento que los sectores m\u00e1s pragm\u00e1ticos de la comunidad cubana deber\u00edan tomar en serio. Cuba lleva 67 a\u00f1os sin partidos. Sin cultura de debate pol\u00edtico plural. Sin pr\u00e1ctica democr\u00e1tica de ning\u00fan tipo. La aparici\u00f3n de partidos, de propuestas, de debates \u2014 aunque inc\u00f3modos, aunque imperfectos, aunque generen tormentas \u2014 es exactamente el m\u00fasculo pol\u00edtico que la sociedad cubana necesita ejercitar antes de que llegue el momento en que realmente haga falta.<\/p>\n\n\n\n<p>El r\u00e9gimen lo sabe. Por eso Con Filo se burlaba mientras Torres Corona no pod\u00eda ocultar el nerviosismo detr\u00e1s de la iron\u00eda. Que el aparato de propaganda de un Estado que lleva 67 a\u00f1os en el poder dedique tiempo y recursos a burlarse de una madre cubana de 34 a\u00f1os que fund\u00f3 un partido pol\u00edtico sin un peso es, en s\u00ed mismo, el mejor indicador de que algo en Cuba ha empezado a cambiar.<\/p>\n\n\n\n<hr class=\"wp-block-separator has-alpha-channel-opacity\"\/>\n\n\n\n<p><strong>Fuentes utilizadas:<\/strong> <em>CiberCuba (27-29 abril 2026), 14ymedio \/ Luz Escobar (28 abril 2026), Peri\u00f3dico Cubano (28-29 abril 2026), Mart\u00ed Noticias (29 abril 2026), Somos+ (28 abril 2026), Cuba Noticias 360 (27 abril 2026), Juan Manuel Cao Live \/ YouTube, publicaciones propias de Amelia Calzadilla en Facebook y YouTube<\/em><\/p>\n","protected":false},"excerpt":{"rendered":"<p>La activista cubana Amelia Calzadilla anunci\u00f3 el domingo desde Madrid la creaci\u00f3n del Partido Liberal Ortodoxo Cubano, un partido de centro-derecha liberal. En menos de 72 horas, su publicaci\u00f3n super\u00f3 las 17,000 reacciones y 2,000 comentarios, la entrevistaron Juan Manuel Cao y el programa de 14ymedio, el r\u00e9gimen la atac\u00f3 a trav\u00e9s de Con Filo, la activista Lara Crofs anunci\u00f3 que militar\u00e1 en el partido, y casi todo el ecosistema pol\u00edtico cubano \u2014 a favor y en contra \u2014 se posicion\u00f3. Todo eso, en tres d\u00edas.<\/p>\n","protected":false},"author":13,"featured_media":243003,"comment_status":"open","ping_status":"closed","sticky":false,"template":"","format":"standard","meta":{"_acf_changed":false,"footnotes":""},"categories":[18,955,9667],"tags":[13254,7706,5261,11379,92,6234,509,32400,32401,5327,729],"class_list":{"0":"post-242736","1":"post","2":"type-post","3":"status-publish","4":"format-standard","5":"has-post-thumbnail","7":"category-noticias","8":"category-noticias-de-cuba","9":"category-opinion","10":"tag-amelia-calzadilla","11":"tag-anuncios","12":"tag-burlas","13":"tag-con-filo","14":"tag-cubanos","15":"tag-debates","16":"tag-encuestas","17":"tag-partido-liberal-ortodoxo-cubano","18":"tag-partido-politico","19":"tag-reacciones","20":"tag-redes-sociales"},"acf":[],"yoast_head":"<!-- This site is optimized with the Yoast SEO plugin v27.5 - https:\/\/yoast.com\/product\/yoast-seo-wordpress\/ -->\n<title>Amelia Calzadilla: la tormenta medi\u00e1tica cubana del momento - Cuballama Noticias<\/title>\n<meta name=\"robots\" content=\"index, follow, max-snippet:-1, max-image-preview:large, max-video-preview:-1\" \/>\n<link rel=\"canonical\" href=\"https:\/\/www.cuballama.com\/noticias\/amelia-calzadilla-la-tormenta-mediatica-cubana-del-momento\/\" \/>\n<meta property=\"og:locale\" content=\"es_ES\" \/>\n<meta property=\"og:type\" content=\"article\" \/>\n<meta property=\"og:title\" content=\"Amelia Calzadilla: la tormenta medi\u00e1tica cubana del momento - Cuballama Noticias\" \/>\n<meta property=\"og:description\" content=\"La activista cubana Amelia Calzadilla anunci\u00f3 el domingo desde Madrid la creaci\u00f3n del Partido Liberal Ortodoxo Cubano, un partido de centro-derecha liberal. En menos de 72 horas, su publicaci\u00f3n super\u00f3 las 17,000 reacciones y 2,000 comentarios, la entrevistaron Juan Manuel Cao y el programa de 14ymedio, el r\u00e9gimen la atac\u00f3 a trav\u00e9s de Con Filo, la activista Lara Crofs anunci\u00f3 que militar\u00e1 en el partido, y casi todo el ecosistema pol\u00edtico cubano \u2014 a favor y en contra \u2014 se posicion\u00f3. Todo eso, en tres d\u00edas.\" \/>\n<meta property=\"og:url\" content=\"https:\/\/www.cuballama.com\/noticias\/amelia-calzadilla-la-tormenta-mediatica-cubana-del-momento\/\" \/>\n<meta property=\"og:site_name\" content=\"Cuballama Noticias\" \/>\n<meta property=\"article:publisher\" content=\"https:\/\/www.facebook.com\/CubaLlama\" \/>\n<meta property=\"article:published_time\" content=\"2026-05-01T12:56:31+00:00\" \/>\n<meta property=\"article:modified_time\" content=\"2026-05-01T12:56:35+00:00\" \/>\n<meta property=\"og:image\" content=\"https:\/\/cdn1.mediawpaccore.net\/wp-content\/uploads\/2026\/04\/30081314\/image-159.png\" \/>\n\t<meta property=\"og:image:width\" content=\"2272\" \/>\n\t<meta property=\"og:image:height\" content=\"1292\" \/>\n\t<meta property=\"og:image:type\" content=\"image\/png\" \/>\n<meta name=\"author\" content=\"Roberto A.\" \/>\n<meta name=\"twitter:card\" content=\"summary_large_image\" \/>\n<meta name=\"twitter:creator\" content=\"@cuballama\" \/>\n<meta name=\"twitter:site\" content=\"@cuballama\" \/>\n<meta name=\"twitter:label1\" content=\"Escrito por\" \/>\n\t<meta name=\"twitter:data1\" content=\"Roberto A.\" \/>\n<script type=\"application\/ld+json\" class=\"yoast-schema-graph\">{\"@context\":\"https:\\\/\\\/schema.org\",\"@graph\":[{\"@type\":\"Article\",\"@id\":\"https:\\\/\\\/www.cuballama.com\\\/noticias\\\/amelia-calzadilla-la-tormenta-mediatica-cubana-del-momento\\\/#article\",\"isPartOf\":{\"@id\":\"https:\\\/\\\/www.cuballama.com\\\/noticias\\\/amelia-calzadilla-la-tormenta-mediatica-cubana-del-momento\\\/\"},\"author\":{\"name\":\"Roberto A.\",\"@id\":\"https:\\\/\\\/www.cuballama.com\\\/noticias\\\/#\\\/schema\\\/person\\\/a58502ed4146c8e9f83872e897c76cd2\"},\"headline\":\"Amelia Calzadilla: la tormenta medi\u00e1tica cubana del momento\",\"datePublished\":\"2026-05-01T12:56:31+00:00\",\"dateModified\":\"2026-05-01T12:56:35+00:00\",\"mainEntityOfPage\":{\"@id\":\"https:\\\/\\\/www.cuballama.com\\\/noticias\\\/amelia-calzadilla-la-tormenta-mediatica-cubana-del-momento\\\/\"},\"wordCount\":2845,\"commentCount\":0,\"publisher\":{\"@id\":\"https:\\\/\\\/www.cuballama.com\\\/noticias\\\/#organization\"},\"image\":{\"@id\":\"https:\\\/\\\/www.cuballama.com\\\/noticias\\\/amelia-calzadilla-la-tormenta-mediatica-cubana-del-momento\\\/#primaryimage\"},\"thumbnailUrl\":\"https:\\\/\\\/cdn1.mediawpaccore.net\\\/wp-content\\\/uploads\\\/2026\\\/04\\\/30081314\\\/image-159.png\",\"keywords\":[\"Amelia Calzadilla\",\"Anuncios\",\"Burlas\",\"Con Filo\",\"cubanos\",\"debates\",\"Encuestas\",\"Partido Liberal Ortodoxo Cubano\",\"partido pol\u00edtico\",\"reacciones\",\"redes Sociales\"],\"articleSection\":[\"Noticias\",\"Noticias de Cuba\",\"Opini\u00f3n\"],\"inLanguage\":\"es\",\"potentialAction\":[{\"@type\":\"CommentAction\",\"name\":\"Comment\",\"target\":[\"https:\\\/\\\/www.cuballama.com\\\/noticias\\\/amelia-calzadilla-la-tormenta-mediatica-cubana-del-momento\\\/#respond\"]}]},{\"@type\":\"WebPage\",\"@id\":\"https:\\\/\\\/www.cuballama.com\\\/noticias\\\/amelia-calzadilla-la-tormenta-mediatica-cubana-del-momento\\\/\",\"url\":\"https:\\\/\\\/www.cuballama.com\\\/noticias\\\/amelia-calzadilla-la-tormenta-mediatica-cubana-del-momento\\\/\",\"name\":\"Amelia Calzadilla: la tormenta medi\u00e1tica cubana del momento - Cuballama Noticias\",\"isPartOf\":{\"@id\":\"https:\\\/\\\/www.cuballama.com\\\/noticias\\\/#website\"},\"primaryImageOfPage\":{\"@id\":\"https:\\\/\\\/www.cuballama.com\\\/noticias\\\/amelia-calzadilla-la-tormenta-mediatica-cubana-del-momento\\\/#primaryimage\"},\"image\":{\"@id\":\"https:\\\/\\\/www.cuballama.com\\\/noticias\\\/amelia-calzadilla-la-tormenta-mediatica-cubana-del-momento\\\/#primaryimage\"},\"thumbnailUrl\":\"https:\\\/\\\/cdn1.mediawpaccore.net\\\/wp-content\\\/uploads\\\/2026\\\/04\\\/30081314\\\/image-159.png\",\"datePublished\":\"2026-05-01T12:56:31+00:00\",\"dateModified\":\"2026-05-01T12:56:35+00:00\",\"breadcrumb\":{\"@id\":\"https:\\\/\\\/www.cuballama.com\\\/noticias\\\/amelia-calzadilla-la-tormenta-mediatica-cubana-del-momento\\\/#breadcrumb\"},\"inLanguage\":\"es\",\"potentialAction\":[{\"@type\":\"ReadAction\",\"target\":[\"https:\\\/\\\/www.cuballama.com\\\/noticias\\\/amelia-calzadilla-la-tormenta-mediatica-cubana-del-momento\\\/\"]}]},{\"@type\":\"ImageObject\",\"inLanguage\":\"es\",\"@id\":\"https:\\\/\\\/www.cuballama.com\\\/noticias\\\/amelia-calzadilla-la-tormenta-mediatica-cubana-del-momento\\\/#primaryimage\",\"url\":\"https:\\\/\\\/cdn1.mediawpaccore.net\\\/wp-content\\\/uploads\\\/2026\\\/04\\\/30081314\\\/image-159.png\",\"contentUrl\":\"https:\\\/\\\/cdn1.mediawpaccore.net\\\/wp-content\\\/uploads\\\/2026\\\/04\\\/30081314\\\/image-159.png\",\"width\":2272,\"height\":1292,\"caption\":\"Foto: Video Screenshot v\u00eda Amelia Calzadilla \\\/ Youtube\"},{\"@type\":\"BreadcrumbList\",\"@id\":\"https:\\\/\\\/www.cuballama.com\\\/noticias\\\/amelia-calzadilla-la-tormenta-mediatica-cubana-del-momento\\\/#breadcrumb\",\"itemListElement\":[{\"@type\":\"ListItem\",\"position\":1,\"name\":\"Home\",\"item\":\"https:\\\/\\\/www.cuballama.com\\\/noticias\\\/\"},{\"@type\":\"ListItem\",\"position\":2,\"name\":\"Amelia Calzadilla: la tormenta medi\u00e1tica cubana del momento\"}]},{\"@type\":\"WebSite\",\"@id\":\"https:\\\/\\\/www.cuballama.com\\\/noticias\\\/#website\",\"url\":\"https:\\\/\\\/www.cuballama.com\\\/noticias\\\/\",\"name\":\"Cuballama Noticias\",\"description\":\"Medio digital sobre Cuba y el mundo\",\"publisher\":{\"@id\":\"https:\\\/\\\/www.cuballama.com\\\/noticias\\\/#organization\"},\"potentialAction\":[{\"@type\":\"SearchAction\",\"target\":{\"@type\":\"EntryPoint\",\"urlTemplate\":\"https:\\\/\\\/www.cuballama.com\\\/noticias\\\/?s={search_term_string}\"},\"query-input\":{\"@type\":\"PropertyValueSpecification\",\"valueRequired\":true,\"valueName\":\"search_term_string\"}}],\"inLanguage\":\"es\"},{\"@type\":\"Organization\",\"@id\":\"https:\\\/\\\/www.cuballama.com\\\/noticias\\\/#organization\",\"name\":\"Cuballama\",\"url\":\"https:\\\/\\\/www.cuballama.com\\\/noticias\\\/\",\"logo\":{\"@type\":\"ImageObject\",\"inLanguage\":\"es\",\"@id\":\"https:\\\/\\\/www.cuballama.com\\\/noticias\\\/#\\\/schema\\\/logo\\\/image\\\/\",\"url\":\"https:\\\/\\\/cdn1.mediawpaccore.net\\\/wp-content\\\/uploads\\\/2021\\\/12\\\/28171206\\\/cbll-logo-color-sm.png\",\"contentUrl\":\"https:\\\/\\\/cdn1.mediawpaccore.net\\\/wp-content\\\/uploads\\\/2021\\\/12\\\/28171206\\\/cbll-logo-color-sm.png\",\"width\":600,\"height\":133,\"caption\":\"Cuballama\"},\"image\":{\"@id\":\"https:\\\/\\\/www.cuballama.com\\\/noticias\\\/#\\\/schema\\\/logo\\\/image\\\/\"},\"sameAs\":[\"https:\\\/\\\/www.facebook.com\\\/CubaLlama\",\"https:\\\/\\\/x.com\\\/cuballama\",\"https:\\\/\\\/www.instagram.com\\\/stories\\\/cuballama_oficial\\\/\",\"https:\\\/\\\/www.youtube.com\\\/channel\\\/UCKkFE-d_axENGZcrc4as0IA\"]},{\"@type\":\"Person\",\"@id\":\"https:\\\/\\\/www.cuballama.com\\\/noticias\\\/#\\\/schema\\\/person\\\/a58502ed4146c8e9f83872e897c76cd2\",\"name\":\"Roberto A.\",\"description\":\"Roberto A. Periodista por decisi\u00f3n propia. Interesado en cualquier tema que me apasione y cada vez m\u00e1s comprometido con la verdad y la objetividad period\u00edstica. Graduado en La Habana hace ya muchos a\u00f1os, luego de una accidentada y polvorienta b\u00fasqueda de informaci\u00f3n sobre un tema in\u00e9dito. La Tesis, por cierto, desapareci\u00f3 de la biblioteca y no se conservan copias de la misma.\",\"url\":\"https:\\\/\\\/www.cuballama.com\\\/noticias\\\/author\\\/roberto\\\/\"}]}<\/script>\n<!-- \/ Yoast SEO plugin. -->","yoast_head_json":{"title":"Amelia Calzadilla: la tormenta medi\u00e1tica cubana del momento - Cuballama Noticias","robots":{"index":"index","follow":"follow","max-snippet":"max-snippet:-1","max-image-preview":"max-image-preview:large","max-video-preview":"max-video-preview:-1"},"canonical":"https:\/\/www.cuballama.com\/noticias\/amelia-calzadilla-la-tormenta-mediatica-cubana-del-momento\/","og_locale":"es_ES","og_type":"article","og_title":"Amelia Calzadilla: la tormenta medi\u00e1tica cubana del momento - Cuballama Noticias","og_description":"La activista cubana Amelia Calzadilla anunci\u00f3 el domingo desde Madrid la creaci\u00f3n del Partido Liberal Ortodoxo Cubano, un partido de centro-derecha liberal. En menos de 72 horas, su publicaci\u00f3n super\u00f3 las 17,000 reacciones y 2,000 comentarios, la entrevistaron Juan Manuel Cao y el programa de 14ymedio, el r\u00e9gimen la atac\u00f3 a trav\u00e9s de Con Filo, la activista Lara Crofs anunci\u00f3 que militar\u00e1 en el partido, y casi todo el ecosistema pol\u00edtico cubano \u2014 a favor y en contra \u2014 se posicion\u00f3. Todo eso, en tres d\u00edas.","og_url":"https:\/\/www.cuballama.com\/noticias\/amelia-calzadilla-la-tormenta-mediatica-cubana-del-momento\/","og_site_name":"Cuballama Noticias","article_publisher":"https:\/\/www.facebook.com\/CubaLlama","article_published_time":"2026-05-01T12:56:31+00:00","article_modified_time":"2026-05-01T12:56:35+00:00","og_image":[{"width":2272,"height":1292,"url":"https:\/\/cdn1.mediawpaccore.net\/wp-content\/uploads\/2026\/04\/30081314\/image-159.png","type":"image\/png"}],"author":"Roberto A.","twitter_card":"summary_large_image","twitter_creator":"@cuballama","twitter_site":"@cuballama","twitter_misc":{"Escrito por":"Roberto A."},"schema":{"@context":"https:\/\/schema.org","@graph":[{"@type":"Article","@id":"https:\/\/www.cuballama.com\/noticias\/amelia-calzadilla-la-tormenta-mediatica-cubana-del-momento\/#article","isPartOf":{"@id":"https:\/\/www.cuballama.com\/noticias\/amelia-calzadilla-la-tormenta-mediatica-cubana-del-momento\/"},"author":{"name":"Roberto A.","@id":"https:\/\/www.cuballama.com\/noticias\/#\/schema\/person\/a58502ed4146c8e9f83872e897c76cd2"},"headline":"Amelia Calzadilla: la tormenta medi\u00e1tica cubana del momento","datePublished":"2026-05-01T12:56:31+00:00","dateModified":"2026-05-01T12:56:35+00:00","mainEntityOfPage":{"@id":"https:\/\/www.cuballama.com\/noticias\/amelia-calzadilla-la-tormenta-mediatica-cubana-del-momento\/"},"wordCount":2845,"commentCount":0,"publisher":{"@id":"https:\/\/www.cuballama.com\/noticias\/#organization"},"image":{"@id":"https:\/\/www.cuballama.com\/noticias\/amelia-calzadilla-la-tormenta-mediatica-cubana-del-momento\/#primaryimage"},"thumbnailUrl":"https:\/\/cdn1.mediawpaccore.net\/wp-content\/uploads\/2026\/04\/30081314\/image-159.png","keywords":["Amelia Calzadilla","Anuncios","Burlas","Con Filo","cubanos","debates","Encuestas","Partido Liberal Ortodoxo Cubano","partido pol\u00edtico","reacciones","redes Sociales"],"articleSection":["Noticias","Noticias de Cuba","Opini\u00f3n"],"inLanguage":"es","potentialAction":[{"@type":"CommentAction","name":"Comment","target":["https:\/\/www.cuballama.com\/noticias\/amelia-calzadilla-la-tormenta-mediatica-cubana-del-momento\/#respond"]}]},{"@type":"WebPage","@id":"https:\/\/www.cuballama.com\/noticias\/amelia-calzadilla-la-tormenta-mediatica-cubana-del-momento\/","url":"https:\/\/www.cuballama.com\/noticias\/amelia-calzadilla-la-tormenta-mediatica-cubana-del-momento\/","name":"Amelia Calzadilla: la tormenta medi\u00e1tica cubana del momento - Cuballama Noticias","isPartOf":{"@id":"https:\/\/www.cuballama.com\/noticias\/#website"},"primaryImageOfPage":{"@id":"https:\/\/www.cuballama.com\/noticias\/amelia-calzadilla-la-tormenta-mediatica-cubana-del-momento\/#primaryimage"},"image":{"@id":"https:\/\/www.cuballama.com\/noticias\/amelia-calzadilla-la-tormenta-mediatica-cubana-del-momento\/#primaryimage"},"thumbnailUrl":"https:\/\/cdn1.mediawpaccore.net\/wp-content\/uploads\/2026\/04\/30081314\/image-159.png","datePublished":"2026-05-01T12:56:31+00:00","dateModified":"2026-05-01T12:56:35+00:00","breadcrumb":{"@id":"https:\/\/www.cuballama.com\/noticias\/amelia-calzadilla-la-tormenta-mediatica-cubana-del-momento\/#breadcrumb"},"inLanguage":"es","potentialAction":[{"@type":"ReadAction","target":["https:\/\/www.cuballama.com\/noticias\/amelia-calzadilla-la-tormenta-mediatica-cubana-del-momento\/"]}]},{"@type":"ImageObject","inLanguage":"es","@id":"https:\/\/www.cuballama.com\/noticias\/amelia-calzadilla-la-tormenta-mediatica-cubana-del-momento\/#primaryimage","url":"https:\/\/cdn1.mediawpaccore.net\/wp-content\/uploads\/2026\/04\/30081314\/image-159.png","contentUrl":"https:\/\/cdn1.mediawpaccore.net\/wp-content\/uploads\/2026\/04\/30081314\/image-159.png","width":2272,"height":1292,"caption":"Foto: Video Screenshot v\u00eda Amelia Calzadilla \/ Youtube"},{"@type":"BreadcrumbList","@id":"https:\/\/www.cuballama.com\/noticias\/amelia-calzadilla-la-tormenta-mediatica-cubana-del-momento\/#breadcrumb","itemListElement":[{"@type":"ListItem","position":1,"name":"Home","item":"https:\/\/www.cuballama.com\/noticias\/"},{"@type":"ListItem","position":2,"name":"Amelia Calzadilla: la tormenta medi\u00e1tica cubana del momento"}]},{"@type":"WebSite","@id":"https:\/\/www.cuballama.com\/noticias\/#website","url":"https:\/\/www.cuballama.com\/noticias\/","name":"Cuballama Noticias","description":"Medio digital sobre Cuba y el mundo","publisher":{"@id":"https:\/\/www.cuballama.com\/noticias\/#organization"},"potentialAction":[{"@type":"SearchAction","target":{"@type":"EntryPoint","urlTemplate":"https:\/\/www.cuballama.com\/noticias\/?s={search_term_string}"},"query-input":{"@type":"PropertyValueSpecification","valueRequired":true,"valueName":"search_term_string"}}],"inLanguage":"es"},{"@type":"Organization","@id":"https:\/\/www.cuballama.com\/noticias\/#organization","name":"Cuballama","url":"https:\/\/www.cuballama.com\/noticias\/","logo":{"@type":"ImageObject","inLanguage":"es","@id":"https:\/\/www.cuballama.com\/noticias\/#\/schema\/logo\/image\/","url":"https:\/\/cdn1.mediawpaccore.net\/wp-content\/uploads\/2021\/12\/28171206\/cbll-logo-color-sm.png","contentUrl":"https:\/\/cdn1.mediawpaccore.net\/wp-content\/uploads\/2021\/12\/28171206\/cbll-logo-color-sm.png","width":600,"height":133,"caption":"Cuballama"},"image":{"@id":"https:\/\/www.cuballama.com\/noticias\/#\/schema\/logo\/image\/"},"sameAs":["https:\/\/www.facebook.com\/CubaLlama","https:\/\/x.com\/cuballama","https:\/\/www.instagram.com\/stories\/cuballama_oficial\/","https:\/\/www.youtube.com\/channel\/UCKkFE-d_axENGZcrc4as0IA"]},{"@type":"Person","@id":"https:\/\/www.cuballama.com\/noticias\/#\/schema\/person\/a58502ed4146c8e9f83872e897c76cd2","name":"Roberto A.","description":"Roberto A. Periodista por decisi\u00f3n propia. Interesado en cualquier tema que me apasione y cada vez m\u00e1s comprometido con la verdad y la objetividad period\u00edstica. Graduado en La Habana hace ya muchos a\u00f1os, luego de una accidentada y polvorienta b\u00fasqueda de informaci\u00f3n sobre un tema in\u00e9dito. La Tesis, por cierto, desapareci\u00f3 de la biblioteca y no se conservan copias de la misma.","url":"https:\/\/www.cuballama.com\/noticias\/author\/roberto\/"}]}},"_links":{"self":[{"href":"https:\/\/www.cuballama.com\/noticias\/wp-json\/wp\/v2\/posts\/242736","targetHints":{"allow":["GET"]}}],"collection":[{"href":"https:\/\/www.cuballama.com\/noticias\/wp-json\/wp\/v2\/posts"}],"about":[{"href":"https:\/\/www.cuballama.com\/noticias\/wp-json\/wp\/v2\/types\/post"}],"author":[{"embeddable":true,"href":"https:\/\/www.cuballama.com\/noticias\/wp-json\/wp\/v2\/users\/13"}],"replies":[{"embeddable":true,"href":"https:\/\/www.cuballama.com\/noticias\/wp-json\/wp\/v2\/comments?post=242736"}],"version-history":[{"count":4,"href":"https:\/\/www.cuballama.com\/noticias\/wp-json\/wp\/v2\/posts\/242736\/revisions"}],"predecessor-version":[{"id":243004,"href":"https:\/\/www.cuballama.com\/noticias\/wp-json\/wp\/v2\/posts\/242736\/revisions\/243004"}],"wp:featuredmedia":[{"embeddable":true,"href":"https:\/\/www.cuballama.com\/noticias\/wp-json\/wp\/v2\/media\/243003"}],"wp:attachment":[{"href":"https:\/\/www.cuballama.com\/noticias\/wp-json\/wp\/v2\/media?parent=242736"}],"wp:term":[{"taxonomy":"category","embeddable":true,"href":"https:\/\/www.cuballama.com\/noticias\/wp-json\/wp\/v2\/categories?post=242736"},{"taxonomy":"post_tag","embeddable":true,"href":"https:\/\/www.cuballama.com\/noticias\/wp-json\/wp\/v2\/tags?post=242736"}],"curies":[{"name":"wp","href":"https:\/\/api.w.org\/{rel}","templated":true}]}}