{"id":242698,"date":"2026-05-03T09:25:44","date_gmt":"2026-05-03T13:25:44","guid":{"rendered":"https:\/\/www.cuballama.com\/noticias\/?p=242698"},"modified":"2026-05-03T09:25:49","modified_gmt":"2026-05-03T13:25:49","slug":"el-new-york-times-revela-que-pasaria-con-las-propiedades-confiscadas-por-la-revolucion-cubana-si-cae-el-regimen","status":"publish","type":"post","link":"https:\/\/www.cuballama.com\/noticias\/el-new-york-times-revela-que-pasaria-con-las-propiedades-confiscadas-por-la-revolucion-cubana-si-cae-el-regimen\/","title":{"rendered":"El New York Times revela qu\u00e9 pasar\u00eda con las propiedades confiscadas por la revoluci\u00f3n cubana si cae el r\u00e9gimen"},"content":{"rendered":"\n<h2 class=\"wp-block-heading\">The New York Times examina el espinoso tema de las propiedades confiscadas por Cuba: miles de millones en juego si el r\u00e9gimen cae o negocia.<\/h2>\n\n\n\n<h2 class=\"wp-block-heading\">D\u00e9cadas de espera, miles de millones en reclamaciones: el NYT revela c\u00f3mo el tema de las propiedades confiscadas en Cuba ha vuelto al centro de las negociaciones con Washington. <\/h2>\n\n\n\n<h2 class=\"wp-block-heading\">Miles de millones en juego. Dos familias cubanas cuentan su historia.<\/h2>\n\n\n\n<p>En una esquina de Santiago de Cuba hay una casa azul y blanca que durante a\u00f1os fue el centro de reuni\u00f3n de una familia de industriales cubanos \u2014 ocho hijos, veinti\u00fan nietos, una matriarca que lo presid\u00eda todo. Despu\u00e9s de 1959, Ra\u00fal Castro vivi\u00f3 en ella durante un tiempo. Hoy la ocupa una asociaci\u00f3n \u00e1rabe que la llama \u00abCasa del \u00c1rabe\u00bb y ofrece comidas en el restaurante del primer piso. El due\u00f1o original nunca recibi\u00f3 un peso de compensaci\u00f3n. Esa casa, seg\u00fan un extenso reportaje publicado este lunes por <em>The New York Times<\/em>, es el s\u00edmbolo de una deuda hist\u00f3rica que podr\u00eda volver al centro de las negociaciones entre Washington y La Habana.<\/p>\n\n\n\n<p>El art\u00edculo de NYT, firmado por Frances Robles \u2014 periodista que lleva m\u00e1s de veinte a\u00f1os cubriendo Cuba \u2014 recoge los testimonios de familias del exilio cubano que perdieron fortunas en los primeros a\u00f1os de la revoluci\u00f3n y llevan d\u00e9cadas esperando alg\u00fan tipo de justicia. Teo A. Bab\u00fan Jr., de 78 a\u00f1os, cuya familia perdi\u00f3 un ferrocarril, un astillero, una f\u00e1brica de cemento y una serrer\u00eda, encarg\u00f3 en 2018 una tasaci\u00f3n de sus propiedades perdidas: el resultado fue $874.2 millones. Nicol\u00e1s J. Guti\u00e9rrez, abogado cubanoamericano en Miami, representa a una familia que perdi\u00f3 dos ingenios azucareros, quince haciendas ganaderas, un banco, una aseguradora, una planta arrocera y una distribuidora de alimentos \u2014 valorados en $50 millones a principios de los 60, una cifra que hoy ser\u00eda exponencialmente mayor.<\/p>\n\n\n\n<p>Seg\u00fan el NYT, una comisi\u00f3n del gobierno de EE.UU. certific\u00f3 casi 6,000 reclamaciones de empresas y ciudadanos americanos con un valor de $1,900 millones. Con el 6% de inter\u00e9s acumulado, esas reclamaciones rondan hoy los $9,000 millones \u2014 una suma que Cuba dif\u00edcilmente podr\u00eda pagar de una sola vez. Entre los principales reclamantes: cinco compa\u00f1\u00edas azucareras americanas, Exxon, Coca-Cola, Colgate-Palmolive y Woolworth&#8217;s. <\/p>\n\n\n\n<p>El reportaje del NYT llega en un momento de m\u00e1xima presi\u00f3n: con Cuba en colapso energ\u00e9tico y econ\u00f3mico, y con delegaciones del Departamento de Estado reuni\u00e9ndose en secreto con funcionarios cubanos \u2014 incluido el nieto de Ra\u00fal Castro, Ra\u00fal Guillermo Rodr\u00edguez Castro \u2014 las reclamaciones de propiedades han vuelto a surgir como condici\u00f3n para cualquier acuerdo. Por ley estadounidense, para que se levante el embargo, Cuba debe devolver las propiedades o compensar a sus due\u00f1os originales. Los funcionarios americanos que negocian con Cuba han dejado claro, seg\u00fan el NYT, que ese punto sigue siendo una prioridad.<\/p>\n\n\n\n<p>Resolver las reclamaciones ser\u00eda complicado y llevar\u00eda a\u00f1os, reconocen los expertos consultados por el diario. Pero hay precedentes: Vietnam y Alemania usaron activos congelados en EE.UU. para pagar reclamaciones en los 90. En la Uni\u00f3n Sovi\u00e9tica y China, los propietarios recibieron solo una fracci\u00f3n del valor real. Cuba, por su parte, tiene su propia lista de reclamaciones contra Washington \u2014 en 1999, un tribunal cubano declar\u00f3 al gobierno americano responsable de da\u00f1os por $181,000 millones por el embargo y la invasi\u00f3n de Bah\u00eda de Cochinos.<\/p>\n\n\n\n<p>Lo que nadie discute, seg\u00fan el <em><a href=\"https:\/\/www.nytimes.com\/2026\/04\/28\/world\/americas\/cuba-communist-government-confiscated-property.html\" target=\"_blank\" rel=\"noreferrer noopener nofollow\">NYT<\/a><\/em>, es el punto de partida: nadie va a expulsar a las familias que hoy viven en apartamentos que antes eran mansiones. <\/p>\n\n\n\n<p>Lo que el NYT no dice expl\u00edcitamente, pero que cualquier cubano del exilio conoce de memoria, es que ese argumento \u2014 \u00absi reclam\u00e1is las propiedades, dejar\u00e1n a la gente en la calle\u00bb \u2014 fue precisamente la herramienta que el r\u00e9gimen castrista us\u00f3 durante d\u00e9cadas para blindar las confiscaciones ante la opini\u00f3n p\u00fablica cubana e internacional. Fidel Castro convirti\u00f3 el miedo al desalojo masivo en el escudo ideol\u00f3gico perfecto: cada vez que el exilio o Washington mencionaban el tema de las propiedades, La Habana respond\u00eda con im\u00e1genes de familias humildes siendo expulsadas de sus hogares por millonarios de Miami. El argumento era efectivo porque era emocionalmente poderoso \u2014 y porque mezclaba deliberadamente dos realidades completamente distintas.<\/p>\n\n\n\n<p>La primera realidad es la de las viviendas. Nadie en su sano juicio \u2014 ni los propios exiliados cubanos, como demuestra el NYT en las declaraciones de Bab\u00fan y Guti\u00e9rrez \u2014 est\u00e1 pidiendo expulsar a las familias que llevan d\u00e9cadas viviendo en casas que el r\u00e9gimen les asign\u00f3. Los expertos que cita el diario son expl\u00edcitos: resolver las reclamaciones de viviendas requerir\u00eda fondos de compensaci\u00f3n, no desalojos. La segunda realidad es completamente diferente: decenas de mansiones hist\u00f3ricas ocupadas por embajadas extranjeras, ministerios del gobierno cubano y empresas internacionales \u2014 como la sede de Lloyd&#8217;s of London en el Vedado que menciona el NYT \u2014 que no tienen ning\u00fan ocupante vulnerable al que proteger. Ah\u00ed el argumento del desalojo no aplica, y el r\u00e9gimen lo sab\u00eda perfectamente.<\/p>\n\n\n\n<p>Durante sesenta y cinco a\u00f1os, Castro y sus sucesores usaron a las familias cubanas m\u00e1s pobres como escudo humano ideol\u00f3gico para no devolver ni compensar lo que arrebataron. El pueblo cubano que vive en esas casas nunca fue el objetivo de las reclamaciones. Fue la excusa.<\/p>\n\n\n\n<p>Sin embargo, hay decenas de embajadas extranjeras, ministerios del gobierno y empresas internacionales ocupando propiedades que alg\u00fan d\u00eda pertenecieron a familias que salieron de Cuba sin llevarse nada. La pregunta no es si eso debe resolverse. La pregunta es c\u00f3mo \u2014 y cu\u00e1ndo.<\/p>\n","protected":false},"excerpt":{"rendered":"<p> The New York Times public\u00f3 este lunes un extenso reportaje sobre los miles de millones de d\u00f3lares en propiedades que el r\u00e9gimen cubano confisc\u00f3 tras la revoluci\u00f3n de 1959 y que nunca compens\u00f3. Con Cuba en colapso y EE.UU. negociando en secreto con La Habana, el tema ha resurgido con fuerza \u2014 y esta vez podr\u00eda estar en la mesa.<\/p>\n","protected":false},"author":13,"featured_media":242761,"comment_status":"open","ping_status":"closed","sticky":false,"template":"","format":"standard","meta":{"_acf_changed":false,"footnotes":""},"categories":[18,955,953],"tags":[32073,11,941,1577,4450,1573,32036,32334],"class_list":{"0":"post-242698","1":"post","2":"type-post","3":"status-publish","4":"format-standard","5":"has-post-thumbnail","7":"category-noticias","8":"category-noticias-de-cuba","9":"category-usa","10":"tag-compensacion","11":"tag-cuba","12":"tag-destacado","13":"tag-exilio","14":"tag-helms-burton","15":"tag-propiedades","16":"tag-propiedades-confiscadas-en-cuba","17":"tag-reclamacion-de-bienes"},"acf":[],"yoast_head":"<!-- This site is optimized with the Yoast SEO plugin v27.5 - https:\/\/yoast.com\/product\/yoast-seo-wordpress\/ -->\n<title>El New York Times revela qu\u00e9 pasar\u00eda con las propiedades confiscadas por la revoluci\u00f3n cubana si cae el r\u00e9gimen - Cuballama Noticias<\/title>\n<meta name=\"description\" content=\"The New York Times revela que el tema de las propiedades confiscadas por Cuba volvi\u00f3 al centro de las negociaciones secretas con EE.UU.\" \/>\n<meta name=\"robots\" content=\"index, follow, max-snippet:-1, max-image-preview:large, max-video-preview:-1\" \/>\n<link rel=\"canonical\" href=\"https:\/\/www.cuballama.com\/noticias\/el-new-york-times-revela-que-pasaria-con-las-propiedades-confiscadas-por-la-revolucion-cubana-si-cae-el-regimen\/\" \/>\n<meta property=\"og:locale\" content=\"es_ES\" \/>\n<meta property=\"og:type\" content=\"article\" \/>\n<meta property=\"og:title\" content=\"El New York Times revela qu\u00e9 pasar\u00eda con las propiedades confiscadas por la revoluci\u00f3n cubana si cae el r\u00e9gimen - Cuballama Noticias\" \/>\n<meta property=\"og:description\" content=\"The New York Times revela que el tema de las propiedades confiscadas por Cuba volvi\u00f3 al centro de las negociaciones secretas con EE.UU.\" \/>\n<meta property=\"og:url\" content=\"https:\/\/www.cuballama.com\/noticias\/el-new-york-times-revela-que-pasaria-con-las-propiedades-confiscadas-por-la-revolucion-cubana-si-cae-el-regimen\/\" \/>\n<meta property=\"og:site_name\" content=\"Cuballama Noticias\" \/>\n<meta property=\"article:publisher\" content=\"https:\/\/www.facebook.com\/CubaLlama\" \/>\n<meta property=\"article:published_time\" content=\"2026-05-03T13:25:44+00:00\" \/>\n<meta property=\"article:modified_time\" content=\"2026-05-03T13:25:49+00:00\" \/>\n<meta property=\"og:image\" content=\"https:\/\/cdn1.mediawpaccore.net\/wp-content\/uploads\/2026\/04\/28132816\/image-145.png\" \/>\n\t<meta property=\"og:image:width\" content=\"1336\" \/>\n\t<meta property=\"og:image:height\" content=\"653\" \/>\n\t<meta property=\"og:image:type\" content=\"image\/png\" \/>\n<meta name=\"author\" content=\"Roberto A.\" \/>\n<meta name=\"twitter:card\" content=\"summary_large_image\" \/>\n<meta name=\"twitter:creator\" content=\"@cuballama\" \/>\n<meta name=\"twitter:site\" content=\"@cuballama\" \/>\n<meta name=\"twitter:label1\" content=\"Escrito por\" \/>\n\t<meta name=\"twitter:data1\" content=\"Roberto A.\" \/>\n\t<meta name=\"twitter:label2\" content=\"Tiempo de lectura\" \/>\n\t<meta name=\"twitter:data2\" content=\"5 minutos\" \/>\n<script type=\"application\/ld+json\" class=\"yoast-schema-graph\">{\"@context\":\"https:\\\/\\\/schema.org\",\"@graph\":[{\"@type\":\"Article\",\"@id\":\"https:\\\/\\\/www.cuballama.com\\\/noticias\\\/el-new-york-times-revela-que-pasaria-con-las-propiedades-confiscadas-por-la-revolucion-cubana-si-cae-el-regimen\\\/#article\",\"isPartOf\":{\"@id\":\"https:\\\/\\\/www.cuballama.com\\\/noticias\\\/el-new-york-times-revela-que-pasaria-con-las-propiedades-confiscadas-por-la-revolucion-cubana-si-cae-el-regimen\\\/\"},\"author\":{\"name\":\"Roberto A.\",\"@id\":\"https:\\\/\\\/www.cuballama.com\\\/noticias\\\/#\\\/schema\\\/person\\\/a58502ed4146c8e9f83872e897c76cd2\"},\"headline\":\"El New York Times revela qu\u00e9 pasar\u00eda con las propiedades confiscadas por la revoluci\u00f3n cubana si cae el r\u00e9gimen\",\"datePublished\":\"2026-05-03T13:25:44+00:00\",\"dateModified\":\"2026-05-03T13:25:49+00:00\",\"mainEntityOfPage\":{\"@id\":\"https:\\\/\\\/www.cuballama.com\\\/noticias\\\/el-new-york-times-revela-que-pasaria-con-las-propiedades-confiscadas-por-la-revolucion-cubana-si-cae-el-regimen\\\/\"},\"wordCount\":988,\"commentCount\":0,\"publisher\":{\"@id\":\"https:\\\/\\\/www.cuballama.com\\\/noticias\\\/#organization\"},\"image\":{\"@id\":\"https:\\\/\\\/www.cuballama.com\\\/noticias\\\/el-new-york-times-revela-que-pasaria-con-las-propiedades-confiscadas-por-la-revolucion-cubana-si-cae-el-regimen\\\/#primaryimage\"},\"thumbnailUrl\":\"https:\\\/\\\/cdn1.mediawpaccore.net\\\/wp-content\\\/uploads\\\/2026\\\/04\\\/28132816\\\/image-145.png\",\"keywords\":[\"compensaci\u00f3n\",\"Cuba\",\"destacado\",\"exilio\",\"Helms-Burton\",\"Propiedades\",\"propiedades confiscadas en Cuba\",\"reclamaci\u00f3n de bienes\"],\"articleSection\":[\"Noticias\",\"Noticias de Cuba\",\"USA\"],\"inLanguage\":\"es\",\"potentialAction\":[{\"@type\":\"CommentAction\",\"name\":\"Comment\",\"target\":[\"https:\\\/\\\/www.cuballama.com\\\/noticias\\\/el-new-york-times-revela-que-pasaria-con-las-propiedades-confiscadas-por-la-revolucion-cubana-si-cae-el-regimen\\\/#respond\"]}]},{\"@type\":\"WebPage\",\"@id\":\"https:\\\/\\\/www.cuballama.com\\\/noticias\\\/el-new-york-times-revela-que-pasaria-con-las-propiedades-confiscadas-por-la-revolucion-cubana-si-cae-el-regimen\\\/\",\"url\":\"https:\\\/\\\/www.cuballama.com\\\/noticias\\\/el-new-york-times-revela-que-pasaria-con-las-propiedades-confiscadas-por-la-revolucion-cubana-si-cae-el-regimen\\\/\",\"name\":\"El New York Times revela qu\u00e9 pasar\u00eda con las propiedades confiscadas por la revoluci\u00f3n cubana si cae el r\u00e9gimen - Cuballama Noticias\",\"isPartOf\":{\"@id\":\"https:\\\/\\\/www.cuballama.com\\\/noticias\\\/#website\"},\"primaryImageOfPage\":{\"@id\":\"https:\\\/\\\/www.cuballama.com\\\/noticias\\\/el-new-york-times-revela-que-pasaria-con-las-propiedades-confiscadas-por-la-revolucion-cubana-si-cae-el-regimen\\\/#primaryimage\"},\"image\":{\"@id\":\"https:\\\/\\\/www.cuballama.com\\\/noticias\\\/el-new-york-times-revela-que-pasaria-con-las-propiedades-confiscadas-por-la-revolucion-cubana-si-cae-el-regimen\\\/#primaryimage\"},\"thumbnailUrl\":\"https:\\\/\\\/cdn1.mediawpaccore.net\\\/wp-content\\\/uploads\\\/2026\\\/04\\\/28132816\\\/image-145.png\",\"datePublished\":\"2026-05-03T13:25:44+00:00\",\"dateModified\":\"2026-05-03T13:25:49+00:00\",\"description\":\"The New York Times revela que el tema de las propiedades confiscadas por Cuba volvi\u00f3 al centro de las negociaciones secretas con EE.UU.\",\"breadcrumb\":{\"@id\":\"https:\\\/\\\/www.cuballama.com\\\/noticias\\\/el-new-york-times-revela-que-pasaria-con-las-propiedades-confiscadas-por-la-revolucion-cubana-si-cae-el-regimen\\\/#breadcrumb\"},\"inLanguage\":\"es\",\"potentialAction\":[{\"@type\":\"ReadAction\",\"target\":[\"https:\\\/\\\/www.cuballama.com\\\/noticias\\\/el-new-york-times-revela-que-pasaria-con-las-propiedades-confiscadas-por-la-revolucion-cubana-si-cae-el-regimen\\\/\"]}]},{\"@type\":\"ImageObject\",\"inLanguage\":\"es\",\"@id\":\"https:\\\/\\\/www.cuballama.com\\\/noticias\\\/el-new-york-times-revela-que-pasaria-con-las-propiedades-confiscadas-por-la-revolucion-cubana-si-cae-el-regimen\\\/#primaryimage\",\"url\":\"https:\\\/\\\/cdn1.mediawpaccore.net\\\/wp-content\\\/uploads\\\/2026\\\/04\\\/28132816\\\/image-145.png\",\"contentUrl\":\"https:\\\/\\\/cdn1.mediawpaccore.net\\\/wp-content\\\/uploads\\\/2026\\\/04\\\/28132816\\\/image-145.png\",\"width\":1336,\"height\":653,\"caption\":\"Foto de archivo del Hotel Riviera. Otra de las propiedades confiscadas por la Revoluci\u00f3n, cuyos due\u00f1os leg\u00edtimos (herederos) esperan por una compensaci\u00f3n.\"},{\"@type\":\"BreadcrumbList\",\"@id\":\"https:\\\/\\\/www.cuballama.com\\\/noticias\\\/el-new-york-times-revela-que-pasaria-con-las-propiedades-confiscadas-por-la-revolucion-cubana-si-cae-el-regimen\\\/#breadcrumb\",\"itemListElement\":[{\"@type\":\"ListItem\",\"position\":1,\"name\":\"Home\",\"item\":\"https:\\\/\\\/www.cuballama.com\\\/noticias\\\/\"},{\"@type\":\"ListItem\",\"position\":2,\"name\":\"El New York Times revela qu\u00e9 pasar\u00eda con las propiedades confiscadas por la revoluci\u00f3n cubana si cae el r\u00e9gimen\"}]},{\"@type\":\"WebSite\",\"@id\":\"https:\\\/\\\/www.cuballama.com\\\/noticias\\\/#website\",\"url\":\"https:\\\/\\\/www.cuballama.com\\\/noticias\\\/\",\"name\":\"Cuballama Noticias\",\"description\":\"Medio digital sobre Cuba y el mundo\",\"publisher\":{\"@id\":\"https:\\\/\\\/www.cuballama.com\\\/noticias\\\/#organization\"},\"potentialAction\":[{\"@type\":\"SearchAction\",\"target\":{\"@type\":\"EntryPoint\",\"urlTemplate\":\"https:\\\/\\\/www.cuballama.com\\\/noticias\\\/?s={search_term_string}\"},\"query-input\":{\"@type\":\"PropertyValueSpecification\",\"valueRequired\":true,\"valueName\":\"search_term_string\"}}],\"inLanguage\":\"es\"},{\"@type\":\"Organization\",\"@id\":\"https:\\\/\\\/www.cuballama.com\\\/noticias\\\/#organization\",\"name\":\"Cuballama\",\"url\":\"https:\\\/\\\/www.cuballama.com\\\/noticias\\\/\",\"logo\":{\"@type\":\"ImageObject\",\"inLanguage\":\"es\",\"@id\":\"https:\\\/\\\/www.cuballama.com\\\/noticias\\\/#\\\/schema\\\/logo\\\/image\\\/\",\"url\":\"https:\\\/\\\/cdn1.mediawpaccore.net\\\/wp-content\\\/uploads\\\/2021\\\/12\\\/28171206\\\/cbll-logo-color-sm.png\",\"contentUrl\":\"https:\\\/\\\/cdn1.mediawpaccore.net\\\/wp-content\\\/uploads\\\/2021\\\/12\\\/28171206\\\/cbll-logo-color-sm.png\",\"width\":600,\"height\":133,\"caption\":\"Cuballama\"},\"image\":{\"@id\":\"https:\\\/\\\/www.cuballama.com\\\/noticias\\\/#\\\/schema\\\/logo\\\/image\\\/\"},\"sameAs\":[\"https:\\\/\\\/www.facebook.com\\\/CubaLlama\",\"https:\\\/\\\/x.com\\\/cuballama\",\"https:\\\/\\\/www.instagram.com\\\/stories\\\/cuballama_oficial\\\/\",\"https:\\\/\\\/www.youtube.com\\\/channel\\\/UCKkFE-d_axENGZcrc4as0IA\"]},{\"@type\":\"Person\",\"@id\":\"https:\\\/\\\/www.cuballama.com\\\/noticias\\\/#\\\/schema\\\/person\\\/a58502ed4146c8e9f83872e897c76cd2\",\"name\":\"Roberto A.\",\"description\":\"Roberto A. Periodista por decisi\u00f3n propia. Interesado en cualquier tema que me apasione y cada vez m\u00e1s comprometido con la verdad y la objetividad period\u00edstica. Graduado en La Habana hace ya muchos a\u00f1os, luego de una accidentada y polvorienta b\u00fasqueda de informaci\u00f3n sobre un tema in\u00e9dito. La Tesis, por cierto, desapareci\u00f3 de la biblioteca y no se conservan copias de la misma.\",\"url\":\"https:\\\/\\\/www.cuballama.com\\\/noticias\\\/author\\\/roberto\\\/\"}]}<\/script>\n<!-- \/ Yoast SEO plugin. -->","yoast_head_json":{"title":"El New York Times revela qu\u00e9 pasar\u00eda con las propiedades confiscadas por la revoluci\u00f3n cubana si cae el r\u00e9gimen - Cuballama Noticias","description":"The New York Times revela que el tema de las propiedades confiscadas por Cuba volvi\u00f3 al centro de las negociaciones secretas con EE.UU.","robots":{"index":"index","follow":"follow","max-snippet":"max-snippet:-1","max-image-preview":"max-image-preview:large","max-video-preview":"max-video-preview:-1"},"canonical":"https:\/\/www.cuballama.com\/noticias\/el-new-york-times-revela-que-pasaria-con-las-propiedades-confiscadas-por-la-revolucion-cubana-si-cae-el-regimen\/","og_locale":"es_ES","og_type":"article","og_title":"El New York Times revela qu\u00e9 pasar\u00eda con las propiedades confiscadas por la revoluci\u00f3n cubana si cae el r\u00e9gimen - Cuballama Noticias","og_description":"The New York Times revela que el tema de las propiedades confiscadas por Cuba volvi\u00f3 al centro de las negociaciones secretas con EE.UU.","og_url":"https:\/\/www.cuballama.com\/noticias\/el-new-york-times-revela-que-pasaria-con-las-propiedades-confiscadas-por-la-revolucion-cubana-si-cae-el-regimen\/","og_site_name":"Cuballama Noticias","article_publisher":"https:\/\/www.facebook.com\/CubaLlama","article_published_time":"2026-05-03T13:25:44+00:00","article_modified_time":"2026-05-03T13:25:49+00:00","og_image":[{"width":1336,"height":653,"url":"https:\/\/cdn1.mediawpaccore.net\/wp-content\/uploads\/2026\/04\/28132816\/image-145.png","type":"image\/png"}],"author":"Roberto A.","twitter_card":"summary_large_image","twitter_creator":"@cuballama","twitter_site":"@cuballama","twitter_misc":{"Escrito por":"Roberto A.","Tiempo de lectura":"5 minutos"},"schema":{"@context":"https:\/\/schema.org","@graph":[{"@type":"Article","@id":"https:\/\/www.cuballama.com\/noticias\/el-new-york-times-revela-que-pasaria-con-las-propiedades-confiscadas-por-la-revolucion-cubana-si-cae-el-regimen\/#article","isPartOf":{"@id":"https:\/\/www.cuballama.com\/noticias\/el-new-york-times-revela-que-pasaria-con-las-propiedades-confiscadas-por-la-revolucion-cubana-si-cae-el-regimen\/"},"author":{"name":"Roberto A.","@id":"https:\/\/www.cuballama.com\/noticias\/#\/schema\/person\/a58502ed4146c8e9f83872e897c76cd2"},"headline":"El New York Times revela qu\u00e9 pasar\u00eda con las propiedades confiscadas por la revoluci\u00f3n cubana si cae el r\u00e9gimen","datePublished":"2026-05-03T13:25:44+00:00","dateModified":"2026-05-03T13:25:49+00:00","mainEntityOfPage":{"@id":"https:\/\/www.cuballama.com\/noticias\/el-new-york-times-revela-que-pasaria-con-las-propiedades-confiscadas-por-la-revolucion-cubana-si-cae-el-regimen\/"},"wordCount":988,"commentCount":0,"publisher":{"@id":"https:\/\/www.cuballama.com\/noticias\/#organization"},"image":{"@id":"https:\/\/www.cuballama.com\/noticias\/el-new-york-times-revela-que-pasaria-con-las-propiedades-confiscadas-por-la-revolucion-cubana-si-cae-el-regimen\/#primaryimage"},"thumbnailUrl":"https:\/\/cdn1.mediawpaccore.net\/wp-content\/uploads\/2026\/04\/28132816\/image-145.png","keywords":["compensaci\u00f3n","Cuba","destacado","exilio","Helms-Burton","Propiedades","propiedades confiscadas en Cuba","reclamaci\u00f3n de bienes"],"articleSection":["Noticias","Noticias de Cuba","USA"],"inLanguage":"es","potentialAction":[{"@type":"CommentAction","name":"Comment","target":["https:\/\/www.cuballama.com\/noticias\/el-new-york-times-revela-que-pasaria-con-las-propiedades-confiscadas-por-la-revolucion-cubana-si-cae-el-regimen\/#respond"]}]},{"@type":"WebPage","@id":"https:\/\/www.cuballama.com\/noticias\/el-new-york-times-revela-que-pasaria-con-las-propiedades-confiscadas-por-la-revolucion-cubana-si-cae-el-regimen\/","url":"https:\/\/www.cuballama.com\/noticias\/el-new-york-times-revela-que-pasaria-con-las-propiedades-confiscadas-por-la-revolucion-cubana-si-cae-el-regimen\/","name":"El New York Times revela qu\u00e9 pasar\u00eda con las propiedades confiscadas por la revoluci\u00f3n cubana si cae el r\u00e9gimen - Cuballama Noticias","isPartOf":{"@id":"https:\/\/www.cuballama.com\/noticias\/#website"},"primaryImageOfPage":{"@id":"https:\/\/www.cuballama.com\/noticias\/el-new-york-times-revela-que-pasaria-con-las-propiedades-confiscadas-por-la-revolucion-cubana-si-cae-el-regimen\/#primaryimage"},"image":{"@id":"https:\/\/www.cuballama.com\/noticias\/el-new-york-times-revela-que-pasaria-con-las-propiedades-confiscadas-por-la-revolucion-cubana-si-cae-el-regimen\/#primaryimage"},"thumbnailUrl":"https:\/\/cdn1.mediawpaccore.net\/wp-content\/uploads\/2026\/04\/28132816\/image-145.png","datePublished":"2026-05-03T13:25:44+00:00","dateModified":"2026-05-03T13:25:49+00:00","description":"The New York Times revela que el tema de las propiedades confiscadas por Cuba volvi\u00f3 al centro de las negociaciones secretas con EE.UU.","breadcrumb":{"@id":"https:\/\/www.cuballama.com\/noticias\/el-new-york-times-revela-que-pasaria-con-las-propiedades-confiscadas-por-la-revolucion-cubana-si-cae-el-regimen\/#breadcrumb"},"inLanguage":"es","potentialAction":[{"@type":"ReadAction","target":["https:\/\/www.cuballama.com\/noticias\/el-new-york-times-revela-que-pasaria-con-las-propiedades-confiscadas-por-la-revolucion-cubana-si-cae-el-regimen\/"]}]},{"@type":"ImageObject","inLanguage":"es","@id":"https:\/\/www.cuballama.com\/noticias\/el-new-york-times-revela-que-pasaria-con-las-propiedades-confiscadas-por-la-revolucion-cubana-si-cae-el-regimen\/#primaryimage","url":"https:\/\/cdn1.mediawpaccore.net\/wp-content\/uploads\/2026\/04\/28132816\/image-145.png","contentUrl":"https:\/\/cdn1.mediawpaccore.net\/wp-content\/uploads\/2026\/04\/28132816\/image-145.png","width":1336,"height":653,"caption":"Foto de archivo del Hotel Riviera. Otra de las propiedades confiscadas por la Revoluci\u00f3n, cuyos due\u00f1os leg\u00edtimos (herederos) esperan por una compensaci\u00f3n."},{"@type":"BreadcrumbList","@id":"https:\/\/www.cuballama.com\/noticias\/el-new-york-times-revela-que-pasaria-con-las-propiedades-confiscadas-por-la-revolucion-cubana-si-cae-el-regimen\/#breadcrumb","itemListElement":[{"@type":"ListItem","position":1,"name":"Home","item":"https:\/\/www.cuballama.com\/noticias\/"},{"@type":"ListItem","position":2,"name":"El New York Times revela qu\u00e9 pasar\u00eda con las propiedades confiscadas por la revoluci\u00f3n cubana si cae el r\u00e9gimen"}]},{"@type":"WebSite","@id":"https:\/\/www.cuballama.com\/noticias\/#website","url":"https:\/\/www.cuballama.com\/noticias\/","name":"Cuballama Noticias","description":"Medio digital sobre Cuba y el mundo","publisher":{"@id":"https:\/\/www.cuballama.com\/noticias\/#organization"},"potentialAction":[{"@type":"SearchAction","target":{"@type":"EntryPoint","urlTemplate":"https:\/\/www.cuballama.com\/noticias\/?s={search_term_string}"},"query-input":{"@type":"PropertyValueSpecification","valueRequired":true,"valueName":"search_term_string"}}],"inLanguage":"es"},{"@type":"Organization","@id":"https:\/\/www.cuballama.com\/noticias\/#organization","name":"Cuballama","url":"https:\/\/www.cuballama.com\/noticias\/","logo":{"@type":"ImageObject","inLanguage":"es","@id":"https:\/\/www.cuballama.com\/noticias\/#\/schema\/logo\/image\/","url":"https:\/\/cdn1.mediawpaccore.net\/wp-content\/uploads\/2021\/12\/28171206\/cbll-logo-color-sm.png","contentUrl":"https:\/\/cdn1.mediawpaccore.net\/wp-content\/uploads\/2021\/12\/28171206\/cbll-logo-color-sm.png","width":600,"height":133,"caption":"Cuballama"},"image":{"@id":"https:\/\/www.cuballama.com\/noticias\/#\/schema\/logo\/image\/"},"sameAs":["https:\/\/www.facebook.com\/CubaLlama","https:\/\/x.com\/cuballama","https:\/\/www.instagram.com\/stories\/cuballama_oficial\/","https:\/\/www.youtube.com\/channel\/UCKkFE-d_axENGZcrc4as0IA"]},{"@type":"Person","@id":"https:\/\/www.cuballama.com\/noticias\/#\/schema\/person\/a58502ed4146c8e9f83872e897c76cd2","name":"Roberto A.","description":"Roberto A. Periodista por decisi\u00f3n propia. Interesado en cualquier tema que me apasione y cada vez m\u00e1s comprometido con la verdad y la objetividad period\u00edstica. Graduado en La Habana hace ya muchos a\u00f1os, luego de una accidentada y polvorienta b\u00fasqueda de informaci\u00f3n sobre un tema in\u00e9dito. La Tesis, por cierto, desapareci\u00f3 de la biblioteca y no se conservan copias de la misma.","url":"https:\/\/www.cuballama.com\/noticias\/author\/roberto\/"}]}},"_links":{"self":[{"href":"https:\/\/www.cuballama.com\/noticias\/wp-json\/wp\/v2\/posts\/242698","targetHints":{"allow":["GET"]}}],"collection":[{"href":"https:\/\/www.cuballama.com\/noticias\/wp-json\/wp\/v2\/posts"}],"about":[{"href":"https:\/\/www.cuballama.com\/noticias\/wp-json\/wp\/v2\/types\/post"}],"author":[{"embeddable":true,"href":"https:\/\/www.cuballama.com\/noticias\/wp-json\/wp\/v2\/users\/13"}],"replies":[{"embeddable":true,"href":"https:\/\/www.cuballama.com\/noticias\/wp-json\/wp\/v2\/comments?post=242698"}],"version-history":[{"count":5,"href":"https:\/\/www.cuballama.com\/noticias\/wp-json\/wp\/v2\/posts\/242698\/revisions"}],"predecessor-version":[{"id":242762,"href":"https:\/\/www.cuballama.com\/noticias\/wp-json\/wp\/v2\/posts\/242698\/revisions\/242762"}],"wp:featuredmedia":[{"embeddable":true,"href":"https:\/\/www.cuballama.com\/noticias\/wp-json\/wp\/v2\/media\/242761"}],"wp:attachment":[{"href":"https:\/\/www.cuballama.com\/noticias\/wp-json\/wp\/v2\/media?parent=242698"}],"wp:term":[{"taxonomy":"category","embeddable":true,"href":"https:\/\/www.cuballama.com\/noticias\/wp-json\/wp\/v2\/categories?post=242698"},{"taxonomy":"post_tag","embeddable":true,"href":"https:\/\/www.cuballama.com\/noticias\/wp-json\/wp\/v2\/tags?post=242698"}],"curies":[{"name":"wp","href":"https:\/\/api.w.org\/{rel}","templated":true}]}}