{"id":242659,"date":"2026-04-28T09:35:28","date_gmt":"2026-04-28T13:35:28","guid":{"rendered":"https:\/\/www.cuballama.com\/noticias\/?p=242659"},"modified":"2026-04-28T09:35:30","modified_gmt":"2026-04-28T13:35:30","slug":"muerte-de-la-tia-de-karol-g-desata-tensiones-familiares-esto-dijo-su-hermana","status":"publish","type":"post","link":"https:\/\/www.cuballama.com\/noticias\/muerte-de-la-tia-de-karol-g-desata-tensiones-familiares-esto-dijo-su-hermana\/","title":{"rendered":"Muerte de la t\u00eda de Karol G desata tensiones familiares: esto dijo su hermana"},"content":{"rendered":"\n<p>La muerte de Teresa Giraldo, t\u00eda de Karol G, sacudi\u00f3 a toda la familia de la cantante colombiana. Pero el dolor no fue lo \u00fanico que marc\u00f3 estos d\u00edas. Un mensaje publicado por Katherin Giraldo, media hermana de la artista, desat\u00f3 una fuerte pol\u00e9mica en redes sociales y puso sobre la mesa las fracturas que arrastra el clan Giraldo.<\/p>\n\n\n\n<h2 class=\"wp-block-heading\">La despedida de Teresa Giraldo y el silencio de Karol G<\/h2>\n\n\n\n<p>Teresa Giraldo falleci\u00f3 recientemente y su partida dej\u00f3 un vac\u00edo enorme en el entorno de la reguetonera. La mujer era considerada una figura central dentro de la familia, un verdadero sost\u00e9n afectivo para todos.<\/p>\n\n\n\n<p>Jessica Giraldo, hermana de Karol G, confirm\u00f3 la noticia a trav\u00e9s de Instagram. En su publicaci\u00f3n escribi\u00f3: \u00abEl cielo est\u00e1 de fiesta. Diosito recibe hoy a uno de los angelitos m\u00e1s especiales que nos prest\u00f3 aqu\u00ed en la tierra. Te amamos, t\u00eda hermosa. Tu partida nos deja un vac\u00edo inmenso. Honraremos siempre tu legado de amor, de solidaridad y de uni\u00f3n familiar\u00bb.<\/p>\n\n\n\n<p>El funeral se llev\u00f3 a cabo en estricta privacidad, lejos de c\u00e1maras y medios. Carolina Giraldo Navarro, nombre real de Karol G, no public\u00f3 nada en sus redes sobre la p\u00e9rdida.<\/p>\n\n\n\n<p>Sin embargo, varios videos que circularon en plataformas digitales la mostraron llorando junto a sus familiares. Sus seguidores respetaron ese silencio y lo interpretaron como una decisi\u00f3n coherente con su forma de proteger la intimidad del hogar. <\/p>\n\n\n\n<h2 class=\"wp-block-heading\">La hermana de Karol G enciende la pol\u00e9mica en redes<\/h2>\n\n\n\n<p>En medio del duelo, Katherin Giraldo public\u00f3 un mensaje que encendi\u00f3 todas las alarmas. \u00abNo tener el amor de una madre porque muri\u00f3, duele. Pero no tener el amor de un padre que s\u00ed vive, mata!\u00bb, escribi\u00f3 la joven de 28 a\u00f1os en sus redes sociales.<\/p>\n\n\n\n<p>Las palabras apuntaban directamente a Guillermo Giraldo, padre de Karol G y de Katherin. La publicaci\u00f3n fue interpretada como un reclamo p\u00fablico por la distancia emocional entre padre e hija.<\/p>\n\n\n\n<p>Los comentarios no se hicieron esperar. Algunos usuarios cuestionaron la oportunidad del mensaje justo en pleno luto familiar. Otros salieron en defensa de Katherin, argumentando su derecho a expresar un dolor que arrastra desde hace tiempo.<\/p>\n\n\n\n<p>Un comentario destacado resumi\u00f3 el sentir de muchos: la joven tiene su propia vida profesional, trabaja como modelo y maneja una marca de caf\u00e9, pero la cercan\u00eda de su padre durante el funeral solo hizo m\u00e1s evidente la brecha entre ambos.<\/p>\n\n\n\n<p>La pol\u00e9mica alrededor de la hermana de Karol G no es un hecho aislado. Meses antes, Ver\u00f3nica Giraldo, otra de las hermanas, vivi\u00f3 una <a href=\"https:\/\/www.cuballama.com\/noticias\/me-quitaron-el-sentido-de-vivir-el-desesperado-llanto-de-la-hermana-de-karol-g-por-la-custodia-de-su-hija\/\" target=\"_blank\" rel=\"noreferrer noopener\">separaci\u00f3n que incluy\u00f3 disputas por la custodia de su hija<\/a>. En aquel momento tambi\u00e9n expres\u00f3 sentirse sin respaldo familiar.<\/p>\n\n\n\n<p>Tiempo despu\u00e9s, Ver\u00f3nica apareci\u00f3 junto a su hija en el festival Coachella, donde Karol G fue artista principal. Muchos leyeron esa imagen como una posible reconciliaci\u00f3n.<\/p>\n\n\n\n<p>Lo cierto es que la familia de la cantante colombiana vive entre reflectores y tensiones que no siempre logran mantenerse en privado. La muerte de Teresa Giraldo trajo dolor, pero tambi\u00e9n volvi\u00f3 a destapar grietas que el p\u00fablico sigue con atenci\u00f3n. La pregunta que queda flotando es inevitable: \u00bfpodr\u00e1 esta familia sanar sus heridas lejos de las c\u00e1maras?<\/p>\n","protected":false},"excerpt":{"rendered":"<p>Mientras Karol G llora la muerte de su t\u00eda Teresa, un mensaje de Katherin Giraldo reabre viejas heridas familiares y enciende las redes<\/p>\n","protected":false},"author":27,"featured_media":242664,"comment_status":"open","ping_status":"closed","sticky":false,"template":"","format":"standard","meta":{"_acf_changed":false,"footnotes":""},"categories":[443],"tags":[446,10450],"class_list":{"0":"post-242659","1":"post","2":"type-post","3":"status-publish","4":"format-standard","5":"has-post-thumbnail","7":"category-farandula","8":"tag-famosos","9":"tag-karol-g"},"acf":[],"yoast_head":"<!-- This site is optimized with the Yoast SEO plugin v27.4 - https:\/\/yoast.com\/product\/yoast-seo-wordpress\/ -->\n<title>Muerte de la t\u00eda de Karol G desata tensiones familiares: esto dijo su hermana - Cuballama Noticias<\/title>\n<meta name=\"description\" content=\"Karol G llora la muerte de su t\u00eda Teresa mientras su hermana Katherin desata pol\u00e9mica con un mensaje sobre su padre\" \/>\n<meta name=\"robots\" content=\"index, follow, max-snippet:-1, max-image-preview:large, max-video-preview:-1\" \/>\n<link rel=\"canonical\" href=\"https:\/\/www.cuballama.com\/noticias\/muerte-de-la-tia-de-karol-g-desata-tensiones-familiares-esto-dijo-su-hermana\/\" \/>\n<meta property=\"og:locale\" content=\"es_ES\" \/>\n<meta property=\"og:type\" content=\"article\" \/>\n<meta property=\"og:title\" content=\"Muerte de la t\u00eda de Karol G desata tensiones familiares: esto dijo su hermana - Cuballama Noticias\" \/>\n<meta property=\"og:description\" content=\"Karol G llora la muerte de su t\u00eda Teresa mientras su hermana Katherin desata pol\u00e9mica con un mensaje sobre su padre\" \/>\n<meta property=\"og:url\" content=\"https:\/\/www.cuballama.com\/noticias\/muerte-de-la-tia-de-karol-g-desata-tensiones-familiares-esto-dijo-su-hermana\/\" \/>\n<meta property=\"og:site_name\" content=\"Cuballama Noticias\" \/>\n<meta property=\"article:publisher\" content=\"https:\/\/www.facebook.com\/CubaLlama\" \/>\n<meta property=\"article:published_time\" content=\"2026-04-28T13:35:28+00:00\" \/>\n<meta property=\"article:modified_time\" content=\"2026-04-28T13:35:30+00:00\" \/>\n<meta property=\"og:image\" content=\"https:\/\/cdn1.mediawpaccore.net\/wp-content\/uploads\/2026\/04\/28093450\/Muerte-de-tia-de-Karol-G-desata-tensiones-familiares.png\" \/>\n\t<meta property=\"og:image:width\" content=\"1162\" \/>\n\t<meta property=\"og:image:height\" content=\"832\" \/>\n\t<meta property=\"og:image:type\" content=\"image\/png\" \/>\n<meta name=\"author\" content=\"Rafa\" \/>\n<meta name=\"twitter:card\" content=\"summary_large_image\" \/>\n<meta name=\"twitter:creator\" content=\"@cuballama\" \/>\n<meta name=\"twitter:site\" content=\"@cuballama\" \/>\n<meta name=\"twitter:label1\" content=\"Escrito por\" \/>\n\t<meta name=\"twitter:data1\" content=\"Rafa\" \/>\n\t<meta name=\"twitter:label2\" content=\"Tiempo de lectura\" \/>\n\t<meta name=\"twitter:data2\" content=\"3 minutos\" \/>\n<script type=\"application\/ld+json\" class=\"yoast-schema-graph\">{\"@context\":\"https:\\\/\\\/schema.org\",\"@graph\":[{\"@type\":\"Article\",\"@id\":\"https:\\\/\\\/www.cuballama.com\\\/noticias\\\/muerte-de-la-tia-de-karol-g-desata-tensiones-familiares-esto-dijo-su-hermana\\\/#article\",\"isPartOf\":{\"@id\":\"https:\\\/\\\/www.cuballama.com\\\/noticias\\\/muerte-de-la-tia-de-karol-g-desata-tensiones-familiares-esto-dijo-su-hermana\\\/\"},\"author\":{\"name\":\"Rafa\",\"@id\":\"https:\\\/\\\/www.cuballama.com\\\/noticias\\\/#\\\/schema\\\/person\\\/0f97914526a658755f00e59ec2a832f2\"},\"headline\":\"Muerte de la t\u00eda de Karol G desata tensiones familiares: esto dijo su hermana\",\"datePublished\":\"2026-04-28T13:35:28+00:00\",\"dateModified\":\"2026-04-28T13:35:30+00:00\",\"mainEntityOfPage\":{\"@id\":\"https:\\\/\\\/www.cuballama.com\\\/noticias\\\/muerte-de-la-tia-de-karol-g-desata-tensiones-familiares-esto-dijo-su-hermana\\\/\"},\"wordCount\":569,\"commentCount\":0,\"publisher\":{\"@id\":\"https:\\\/\\\/www.cuballama.com\\\/noticias\\\/#organization\"},\"image\":{\"@id\":\"https:\\\/\\\/www.cuballama.com\\\/noticias\\\/muerte-de-la-tia-de-karol-g-desata-tensiones-familiares-esto-dijo-su-hermana\\\/#primaryimage\"},\"thumbnailUrl\":\"https:\\\/\\\/cdn1.mediawpaccore.net\\\/wp-content\\\/uploads\\\/2026\\\/04\\\/28093450\\\/Muerte-de-tia-de-Karol-G-desata-tensiones-familiares.png\",\"keywords\":[\"Famosos\",\"Karol G\"],\"articleSection\":[\"Far\u00e1ndula\"],\"inLanguage\":\"es\",\"potentialAction\":[{\"@type\":\"CommentAction\",\"name\":\"Comment\",\"target\":[\"https:\\\/\\\/www.cuballama.com\\\/noticias\\\/muerte-de-la-tia-de-karol-g-desata-tensiones-familiares-esto-dijo-su-hermana\\\/#respond\"]}]},{\"@type\":\"WebPage\",\"@id\":\"https:\\\/\\\/www.cuballama.com\\\/noticias\\\/muerte-de-la-tia-de-karol-g-desata-tensiones-familiares-esto-dijo-su-hermana\\\/\",\"url\":\"https:\\\/\\\/www.cuballama.com\\\/noticias\\\/muerte-de-la-tia-de-karol-g-desata-tensiones-familiares-esto-dijo-su-hermana\\\/\",\"name\":\"Muerte de la t\u00eda de Karol G desata tensiones familiares: esto dijo su hermana - Cuballama Noticias\",\"isPartOf\":{\"@id\":\"https:\\\/\\\/www.cuballama.com\\\/noticias\\\/#website\"},\"primaryImageOfPage\":{\"@id\":\"https:\\\/\\\/www.cuballama.com\\\/noticias\\\/muerte-de-la-tia-de-karol-g-desata-tensiones-familiares-esto-dijo-su-hermana\\\/#primaryimage\"},\"image\":{\"@id\":\"https:\\\/\\\/www.cuballama.com\\\/noticias\\\/muerte-de-la-tia-de-karol-g-desata-tensiones-familiares-esto-dijo-su-hermana\\\/#primaryimage\"},\"thumbnailUrl\":\"https:\\\/\\\/cdn1.mediawpaccore.net\\\/wp-content\\\/uploads\\\/2026\\\/04\\\/28093450\\\/Muerte-de-tia-de-Karol-G-desata-tensiones-familiares.png\",\"datePublished\":\"2026-04-28T13:35:28+00:00\",\"dateModified\":\"2026-04-28T13:35:30+00:00\",\"description\":\"Karol G llora la muerte de su t\u00eda Teresa mientras su hermana Katherin desata pol\u00e9mica con un mensaje sobre su padre\",\"breadcrumb\":{\"@id\":\"https:\\\/\\\/www.cuballama.com\\\/noticias\\\/muerte-de-la-tia-de-karol-g-desata-tensiones-familiares-esto-dijo-su-hermana\\\/#breadcrumb\"},\"inLanguage\":\"es\",\"potentialAction\":[{\"@type\":\"ReadAction\",\"target\":[\"https:\\\/\\\/www.cuballama.com\\\/noticias\\\/muerte-de-la-tia-de-karol-g-desata-tensiones-familiares-esto-dijo-su-hermana\\\/\"]}]},{\"@type\":\"ImageObject\",\"inLanguage\":\"es\",\"@id\":\"https:\\\/\\\/www.cuballama.com\\\/noticias\\\/muerte-de-la-tia-de-karol-g-desata-tensiones-familiares-esto-dijo-su-hermana\\\/#primaryimage\",\"url\":\"https:\\\/\\\/cdn1.mediawpaccore.net\\\/wp-content\\\/uploads\\\/2026\\\/04\\\/28093450\\\/Muerte-de-tia-de-Karol-G-desata-tensiones-familiares.png\",\"contentUrl\":\"https:\\\/\\\/cdn1.mediawpaccore.net\\\/wp-content\\\/uploads\\\/2026\\\/04\\\/28093450\\\/Muerte-de-tia-de-Karol-G-desata-tensiones-familiares.png\",\"width\":1162,\"height\":832,\"caption\":\"Muerte de t\u00eda de Karol G desata tensiones familiares (Foto: Karol G\\\/Instagram)\"},{\"@type\":\"BreadcrumbList\",\"@id\":\"https:\\\/\\\/www.cuballama.com\\\/noticias\\\/muerte-de-la-tia-de-karol-g-desata-tensiones-familiares-esto-dijo-su-hermana\\\/#breadcrumb\",\"itemListElement\":[{\"@type\":\"ListItem\",\"position\":1,\"name\":\"Home\",\"item\":\"https:\\\/\\\/www.cuballama.com\\\/noticias\\\/\"},{\"@type\":\"ListItem\",\"position\":2,\"name\":\"Muerte de la t\u00eda de Karol G desata tensiones familiares: esto dijo su hermana\"}]},{\"@type\":\"WebSite\",\"@id\":\"https:\\\/\\\/www.cuballama.com\\\/noticias\\\/#website\",\"url\":\"https:\\\/\\\/www.cuballama.com\\\/noticias\\\/\",\"name\":\"Cuballama Noticias\",\"description\":\"Medio digital sobre Cuba y el mundo\",\"publisher\":{\"@id\":\"https:\\\/\\\/www.cuballama.com\\\/noticias\\\/#organization\"},\"potentialAction\":[{\"@type\":\"SearchAction\",\"target\":{\"@type\":\"EntryPoint\",\"urlTemplate\":\"https:\\\/\\\/www.cuballama.com\\\/noticias\\\/?s={search_term_string}\"},\"query-input\":{\"@type\":\"PropertyValueSpecification\",\"valueRequired\":true,\"valueName\":\"search_term_string\"}}],\"inLanguage\":\"es\"},{\"@type\":\"Organization\",\"@id\":\"https:\\\/\\\/www.cuballama.com\\\/noticias\\\/#organization\",\"name\":\"Cuballama\",\"url\":\"https:\\\/\\\/www.cuballama.com\\\/noticias\\\/\",\"logo\":{\"@type\":\"ImageObject\",\"inLanguage\":\"es\",\"@id\":\"https:\\\/\\\/www.cuballama.com\\\/noticias\\\/#\\\/schema\\\/logo\\\/image\\\/\",\"url\":\"https:\\\/\\\/cdn1.mediawpaccore.net\\\/wp-content\\\/uploads\\\/2021\\\/12\\\/28171206\\\/cbll-logo-color-sm.png\",\"contentUrl\":\"https:\\\/\\\/cdn1.mediawpaccore.net\\\/wp-content\\\/uploads\\\/2021\\\/12\\\/28171206\\\/cbll-logo-color-sm.png\",\"width\":600,\"height\":133,\"caption\":\"Cuballama\"},\"image\":{\"@id\":\"https:\\\/\\\/www.cuballama.com\\\/noticias\\\/#\\\/schema\\\/logo\\\/image\\\/\"},\"sameAs\":[\"https:\\\/\\\/www.facebook.com\\\/CubaLlama\",\"https:\\\/\\\/x.com\\\/cuballama\",\"https:\\\/\\\/www.instagram.com\\\/stories\\\/cuballama_oficial\\\/\",\"https:\\\/\\\/www.youtube.com\\\/channel\\\/UCKkFE-d_axENGZcrc4as0IA\"]},{\"@type\":\"Person\",\"@id\":\"https:\\\/\\\/www.cuballama.com\\\/noticias\\\/#\\\/schema\\\/person\\\/0f97914526a658755f00e59ec2a832f2\",\"name\":\"Rafa\",\"url\":\"https:\\\/\\\/www.cuballama.com\\\/noticias\\\/author\\\/rafa\\\/\"}]}<\/script>\n<!-- \/ Yoast SEO plugin. -->","yoast_head_json":{"title":"Muerte de la t\u00eda de Karol G desata tensiones familiares: esto dijo su hermana - Cuballama Noticias","description":"Karol G llora la muerte de su t\u00eda Teresa mientras su hermana Katherin desata pol\u00e9mica con un mensaje sobre su padre","robots":{"index":"index","follow":"follow","max-snippet":"max-snippet:-1","max-image-preview":"max-image-preview:large","max-video-preview":"max-video-preview:-1"},"canonical":"https:\/\/www.cuballama.com\/noticias\/muerte-de-la-tia-de-karol-g-desata-tensiones-familiares-esto-dijo-su-hermana\/","og_locale":"es_ES","og_type":"article","og_title":"Muerte de la t\u00eda de Karol G desata tensiones familiares: esto dijo su hermana - Cuballama Noticias","og_description":"Karol G llora la muerte de su t\u00eda Teresa mientras su hermana Katherin desata pol\u00e9mica con un mensaje sobre su padre","og_url":"https:\/\/www.cuballama.com\/noticias\/muerte-de-la-tia-de-karol-g-desata-tensiones-familiares-esto-dijo-su-hermana\/","og_site_name":"Cuballama Noticias","article_publisher":"https:\/\/www.facebook.com\/CubaLlama","article_published_time":"2026-04-28T13:35:28+00:00","article_modified_time":"2026-04-28T13:35:30+00:00","og_image":[{"width":1162,"height":832,"url":"https:\/\/cdn1.mediawpaccore.net\/wp-content\/uploads\/2026\/04\/28093450\/Muerte-de-tia-de-Karol-G-desata-tensiones-familiares.png","type":"image\/png"}],"author":"Rafa","twitter_card":"summary_large_image","twitter_creator":"@cuballama","twitter_site":"@cuballama","twitter_misc":{"Escrito por":"Rafa","Tiempo de lectura":"3 minutos"},"schema":{"@context":"https:\/\/schema.org","@graph":[{"@type":"Article","@id":"https:\/\/www.cuballama.com\/noticias\/muerte-de-la-tia-de-karol-g-desata-tensiones-familiares-esto-dijo-su-hermana\/#article","isPartOf":{"@id":"https:\/\/www.cuballama.com\/noticias\/muerte-de-la-tia-de-karol-g-desata-tensiones-familiares-esto-dijo-su-hermana\/"},"author":{"name":"Rafa","@id":"https:\/\/www.cuballama.com\/noticias\/#\/schema\/person\/0f97914526a658755f00e59ec2a832f2"},"headline":"Muerte de la t\u00eda de Karol G desata tensiones familiares: esto dijo su hermana","datePublished":"2026-04-28T13:35:28+00:00","dateModified":"2026-04-28T13:35:30+00:00","mainEntityOfPage":{"@id":"https:\/\/www.cuballama.com\/noticias\/muerte-de-la-tia-de-karol-g-desata-tensiones-familiares-esto-dijo-su-hermana\/"},"wordCount":569,"commentCount":0,"publisher":{"@id":"https:\/\/www.cuballama.com\/noticias\/#organization"},"image":{"@id":"https:\/\/www.cuballama.com\/noticias\/muerte-de-la-tia-de-karol-g-desata-tensiones-familiares-esto-dijo-su-hermana\/#primaryimage"},"thumbnailUrl":"https:\/\/cdn1.mediawpaccore.net\/wp-content\/uploads\/2026\/04\/28093450\/Muerte-de-tia-de-Karol-G-desata-tensiones-familiares.png","keywords":["Famosos","Karol G"],"articleSection":["Far\u00e1ndula"],"inLanguage":"es","potentialAction":[{"@type":"CommentAction","name":"Comment","target":["https:\/\/www.cuballama.com\/noticias\/muerte-de-la-tia-de-karol-g-desata-tensiones-familiares-esto-dijo-su-hermana\/#respond"]}]},{"@type":"WebPage","@id":"https:\/\/www.cuballama.com\/noticias\/muerte-de-la-tia-de-karol-g-desata-tensiones-familiares-esto-dijo-su-hermana\/","url":"https:\/\/www.cuballama.com\/noticias\/muerte-de-la-tia-de-karol-g-desata-tensiones-familiares-esto-dijo-su-hermana\/","name":"Muerte de la t\u00eda de Karol G desata tensiones familiares: esto dijo su hermana - Cuballama Noticias","isPartOf":{"@id":"https:\/\/www.cuballama.com\/noticias\/#website"},"primaryImageOfPage":{"@id":"https:\/\/www.cuballama.com\/noticias\/muerte-de-la-tia-de-karol-g-desata-tensiones-familiares-esto-dijo-su-hermana\/#primaryimage"},"image":{"@id":"https:\/\/www.cuballama.com\/noticias\/muerte-de-la-tia-de-karol-g-desata-tensiones-familiares-esto-dijo-su-hermana\/#primaryimage"},"thumbnailUrl":"https:\/\/cdn1.mediawpaccore.net\/wp-content\/uploads\/2026\/04\/28093450\/Muerte-de-tia-de-Karol-G-desata-tensiones-familiares.png","datePublished":"2026-04-28T13:35:28+00:00","dateModified":"2026-04-28T13:35:30+00:00","description":"Karol G llora la muerte de su t\u00eda Teresa mientras su hermana Katherin desata pol\u00e9mica con un mensaje sobre su padre","breadcrumb":{"@id":"https:\/\/www.cuballama.com\/noticias\/muerte-de-la-tia-de-karol-g-desata-tensiones-familiares-esto-dijo-su-hermana\/#breadcrumb"},"inLanguage":"es","potentialAction":[{"@type":"ReadAction","target":["https:\/\/www.cuballama.com\/noticias\/muerte-de-la-tia-de-karol-g-desata-tensiones-familiares-esto-dijo-su-hermana\/"]}]},{"@type":"ImageObject","inLanguage":"es","@id":"https:\/\/www.cuballama.com\/noticias\/muerte-de-la-tia-de-karol-g-desata-tensiones-familiares-esto-dijo-su-hermana\/#primaryimage","url":"https:\/\/cdn1.mediawpaccore.net\/wp-content\/uploads\/2026\/04\/28093450\/Muerte-de-tia-de-Karol-G-desata-tensiones-familiares.png","contentUrl":"https:\/\/cdn1.mediawpaccore.net\/wp-content\/uploads\/2026\/04\/28093450\/Muerte-de-tia-de-Karol-G-desata-tensiones-familiares.png","width":1162,"height":832,"caption":"Muerte de t\u00eda de Karol G desata tensiones familiares (Foto: Karol G\/Instagram)"},{"@type":"BreadcrumbList","@id":"https:\/\/www.cuballama.com\/noticias\/muerte-de-la-tia-de-karol-g-desata-tensiones-familiares-esto-dijo-su-hermana\/#breadcrumb","itemListElement":[{"@type":"ListItem","position":1,"name":"Home","item":"https:\/\/www.cuballama.com\/noticias\/"},{"@type":"ListItem","position":2,"name":"Muerte de la t\u00eda de Karol G desata tensiones familiares: esto dijo su hermana"}]},{"@type":"WebSite","@id":"https:\/\/www.cuballama.com\/noticias\/#website","url":"https:\/\/www.cuballama.com\/noticias\/","name":"Cuballama Noticias","description":"Medio digital sobre Cuba y el mundo","publisher":{"@id":"https:\/\/www.cuballama.com\/noticias\/#organization"},"potentialAction":[{"@type":"SearchAction","target":{"@type":"EntryPoint","urlTemplate":"https:\/\/www.cuballama.com\/noticias\/?s={search_term_string}"},"query-input":{"@type":"PropertyValueSpecification","valueRequired":true,"valueName":"search_term_string"}}],"inLanguage":"es"},{"@type":"Organization","@id":"https:\/\/www.cuballama.com\/noticias\/#organization","name":"Cuballama","url":"https:\/\/www.cuballama.com\/noticias\/","logo":{"@type":"ImageObject","inLanguage":"es","@id":"https:\/\/www.cuballama.com\/noticias\/#\/schema\/logo\/image\/","url":"https:\/\/cdn1.mediawpaccore.net\/wp-content\/uploads\/2021\/12\/28171206\/cbll-logo-color-sm.png","contentUrl":"https:\/\/cdn1.mediawpaccore.net\/wp-content\/uploads\/2021\/12\/28171206\/cbll-logo-color-sm.png","width":600,"height":133,"caption":"Cuballama"},"image":{"@id":"https:\/\/www.cuballama.com\/noticias\/#\/schema\/logo\/image\/"},"sameAs":["https:\/\/www.facebook.com\/CubaLlama","https:\/\/x.com\/cuballama","https:\/\/www.instagram.com\/stories\/cuballama_oficial\/","https:\/\/www.youtube.com\/channel\/UCKkFE-d_axENGZcrc4as0IA"]},{"@type":"Person","@id":"https:\/\/www.cuballama.com\/noticias\/#\/schema\/person\/0f97914526a658755f00e59ec2a832f2","name":"Rafa","url":"https:\/\/www.cuballama.com\/noticias\/author\/rafa\/"}]}},"_links":{"self":[{"href":"https:\/\/www.cuballama.com\/noticias\/wp-json\/wp\/v2\/posts\/242659","targetHints":{"allow":["GET"]}}],"collection":[{"href":"https:\/\/www.cuballama.com\/noticias\/wp-json\/wp\/v2\/posts"}],"about":[{"href":"https:\/\/www.cuballama.com\/noticias\/wp-json\/wp\/v2\/types\/post"}],"author":[{"embeddable":true,"href":"https:\/\/www.cuballama.com\/noticias\/wp-json\/wp\/v2\/users\/27"}],"replies":[{"embeddable":true,"href":"https:\/\/www.cuballama.com\/noticias\/wp-json\/wp\/v2\/comments?post=242659"}],"version-history":[{"count":1,"href":"https:\/\/www.cuballama.com\/noticias\/wp-json\/wp\/v2\/posts\/242659\/revisions"}],"predecessor-version":[{"id":242665,"href":"https:\/\/www.cuballama.com\/noticias\/wp-json\/wp\/v2\/posts\/242659\/revisions\/242665"}],"wp:featuredmedia":[{"embeddable":true,"href":"https:\/\/www.cuballama.com\/noticias\/wp-json\/wp\/v2\/media\/242664"}],"wp:attachment":[{"href":"https:\/\/www.cuballama.com\/noticias\/wp-json\/wp\/v2\/media?parent=242659"}],"wp:term":[{"taxonomy":"category","embeddable":true,"href":"https:\/\/www.cuballama.com\/noticias\/wp-json\/wp\/v2\/categories?post=242659"},{"taxonomy":"post_tag","embeddable":true,"href":"https:\/\/www.cuballama.com\/noticias\/wp-json\/wp\/v2\/tags?post=242659"}],"curies":[{"name":"wp","href":"https:\/\/api.w.org\/{rel}","templated":true}]}}