{"id":242638,"date":"2026-04-28T09:04:32","date_gmt":"2026-04-28T13:04:32","guid":{"rendered":"https:\/\/www.cuballama.com\/noticias\/?p=242638"},"modified":"2026-04-28T09:04:35","modified_gmt":"2026-04-28T13:04:35","slug":"dany-ome-celebra-su-cumpleanos-25-sin-la-felicitacion-de-samantha-hernandez","status":"publish","type":"post","link":"https:\/\/www.cuballama.com\/noticias\/dany-ome-celebra-su-cumpleanos-25-sin-la-felicitacion-de-samantha-hernandez\/","title":{"rendered":"Dany Ome celebra su cumplea\u00f1os 25 (sin la felicitaci\u00f3n de Samantha Hern\u00e1ndez)"},"content":{"rendered":"\n<p>Dany Ome y Samantha Hern\u00e1ndez vuelven a acaparar titulares en las redes cubanas, pero esta vez no por fotos juntos ni regalos. El cantante de reparto acaba de cumplir 25 a\u00f1os y la influencer no aparece por ning\u00fan lado: ni felicitaci\u00f3n, ni follow, ni rastro. El silencio entre ambos ya tiene a medio internet cubano armando teor\u00edas.<\/p>\n\n\n\n<h2 class=\"wp-block-heading\">Dany Ome y Samantha Hern\u00e1ndez: un unfollow que habla m\u00e1s que mil palabras<\/h2>\n\n\n\n<p>Todo empez\u00f3 cuando los seguidores m\u00e1s atentos revisaron las cuentas de ambos y confirmaron lo que ya sospechaban. Ni \u00e9l aparece en la lista de seguidos de ella, ni ella en la de \u00e9l.<\/p>\n\n\n\n<p>El hallazgo coincide con el cumplea\u00f1os 25 del integrante del d\u00fao junto a Kevincito El 13. El propio Dany Ome comparti\u00f3 una foto en blanco y negro en sus historias de Instagram, vestido con gorra Hellstar, sudadera Balenciaga y sus cl\u00e1sicas cadenas gruesas.<\/p>\n\n\n\n<figure class=\"wp-block-image size-large\"><img loading=\"lazy\" decoding=\"async\" width=\"1024\" height=\"614\" src=\"https:\/\/cdn1.mediawpaccore.net\/wp-content\/uploads\/2026\/04\/28090420\/Dany-Ome-cumple-25-anos-1024x614.png\" alt=\"\" class=\"wp-image-242647\" srcset=\"https:\/\/cdn1.mediawpaccore.net\/wp-content\/uploads\/2026\/04\/28090420\/Dany-Ome-cumple-25-anos-1024x614.png 1024w, https:\/\/cdn1.mediawpaccore.net\/wp-content\/uploads\/2026\/04\/28090420\/Dany-Ome-cumple-25-anos-300x180.png 300w, https:\/\/cdn1.mediawpaccore.net\/wp-content\/uploads\/2026\/04\/28090420\/Dany-Ome-cumple-25-anos-768x460.png 768w, https:\/\/cdn1.mediawpaccore.net\/wp-content\/uploads\/2026\/04\/28090420\/Dany-Ome-cumple-25-anos-1536x921.png 1536w, https:\/\/cdn1.mediawpaccore.net\/wp-content\/uploads\/2026\/04\/28090420\/Dany-Ome-cumple-25-anos-2048x1228.png 2048w, https:\/\/cdn1.mediawpaccore.net\/wp-content\/uploads\/2026\/04\/28090420\/Dany-Ome-cumple-25-anos-701x420.png 701w, https:\/\/cdn1.mediawpaccore.net\/wp-content\/uploads\/2026\/04\/28090420\/Dany-Ome-cumple-25-anos-150x90.png 150w, https:\/\/cdn1.mediawpaccore.net\/wp-content\/uploads\/2026\/04\/28090420\/Dany-Ome-cumple-25-anos-696x417.png 696w, https:\/\/cdn1.mediawpaccore.net\/wp-content\/uploads\/2026\/04\/28090420\/Dany-Ome-cumple-25-anos-1068x640.png 1068w, https:\/\/cdn1.mediawpaccore.net\/wp-content\/uploads\/2026\/04\/28090420\/Dany-Ome-cumple-25-anos-1920x1151.png 1920w\" sizes=\"auto, (max-width: 1024px) 100vw, 1024px\" \/><\/figure>\n\n\n\n<p>El mensaje que acompa\u00f1\u00f3 esa imagen marc\u00f3 el tono de la noche. \u00abHoy a las 12 de la noche dejo de sentirme un ni\u00f1o, cumplo 25 a\u00f1itos espero las felicidades de todos ustedes en el \u00faltimo post que subir\u00e9\u00bb, escribi\u00f3 el reguetonero.<\/p>\n\n\n\n<p>Quien s\u00ed apareci\u00f3 fue La China, su pareja, que le dedic\u00f3 unas palabras emotivas en redes. De Samantha Hern\u00e1ndez, sin embargo, no hubo ni un emoji.<\/p>\n\n\n\n<p>Para una comunidad digital que lleva m\u00e1s de un a\u00f1o vigilando cada interacci\u00f3n entre estos dos, la ausencia result\u00f3 ensordecedora. Los comentarios no se hicieron esperar y las capturas de pantalla del unfollow mutuo corrieron como p\u00f3lvora por grupos de WhatsApp y Telegram. <\/p>\n\n\n\n<h2 class=\"wp-block-heading\">La relaci\u00f3n que siempre gener\u00f3 sospechas entre Dany Ome y Samantha<\/h2>\n\n\n\n<p>Durante meses, los regalos, los mensajes cari\u00f1osos y las muestras p\u00fablicas de afecto alimentaron rumores de un romance entre el cantante y la creadora de contenido. Esto a pesar de que Dany Ome est\u00e1 casado y tiene dos hijas peque\u00f1as.<\/p>\n\n\n\n<p>Ambos negaron cualquier v\u00ednculo sentimental en repetidas ocasiones. Samantha lleg\u00f3 a mostrar que la esposa de Dany figuraba entre sus contactos m\u00e1s frecuentes en WhatsApp, como prueba de que la relaci\u00f3n entre los tres era cordial y transparente.<\/p>\n\n\n\n<p>El propio reguetonero fue contundente al respecto. Asegur\u00f3 p\u00fablicamente que ve\u00eda a Samantha como una hermana y que sus ojos la miraban \u00abcomo un hombre\u00bb, pidiendo a los fans que dejaran de inventar.<\/p>\n\n\n\n<p><strong>Lea m\u00e1s: <a href=\"https:\/\/www.cuballama.com\/noticias\/samantha-hernandez-y-dany-ome-se-dejan-de-seguir-en-instagram-que-paso-entre-ellos\/\" target=\"_blank\" rel=\"noreferrer noopener\">Samantha Hern\u00e1ndez y Dany Ome se dejan de seguir en Instagram \u00bfQu\u00e9 pas\u00f3 entre ellos?<\/a><\/strong><\/p>\n\n\n\n<p>Pero hay un antecedente que muchos recuerdan y que complica esa versi\u00f3n. Cuando Samantha inici\u00f3 una relaci\u00f3n con el tambi\u00e9n reguetonero cubano L&#8217;Kimii, Dany Ome se alej\u00f3 de ella de forma evidente. Solo cuando esa relaci\u00f3n termin\u00f3, el cantante retom\u00f3 el contacto.<\/p>\n\n\n\n<p>Ese patr\u00f3n de conducta levant\u00f3 sospechas entre los seguidores, que interpretaron la distancia como se\u00f1al de sentimientos que iban m\u00e1s all\u00e1 de la amistad. El escenario actual repite esa misma din\u00e1mica.<\/p>\n\n\n\n<p>Hasta el momento, ninguno de los dos ha explicado p\u00fablicamente qu\u00e9 pas\u00f3. No se sabe si hubo un conflicto, un malentendido o simplemente una decisi\u00f3n privada que ambos tomaron sin dar explicaciones.<\/p>\n\n\n\n<p>Lo \u00fanico seguro es que las redes cubanas siguen cada movimiento de esta peculiar din\u00e1mica con lupa. Cada like y cada unfollow se convierten en noticia. La pregunta que todos se hacen ahora es si alguno de los dos romper\u00e1 el silencio o si, como ya ocurri\u00f3 antes, la historia dar\u00e1 otro giro que nadie esperaba.<\/p>\n\n\n\n<p><\/p>\n","protected":false},"excerpt":{"rendered":"<p>El reguetonero cubano sopla sus 25 velitas y la influencer brilla por su ausencia. Un unfollow mutuo dispara todas las alarmas<\/p>\n","protected":false},"author":27,"featured_media":241184,"comment_status":"open","ping_status":"closed","sticky":false,"template":"","format":"standard","meta":{"_acf_changed":false,"footnotes":""},"categories":[443],"tags":[18670,6160,21323],"class_list":{"0":"post-242638","1":"post","2":"type-post","3":"status-publish","4":"format-standard","5":"has-post-thumbnail","7":"category-farandula","8":"tag-dany-ome","9":"tag-reguetoneros-cubanos","10":"tag-samantha-hernandez"},"acf":[],"yoast_head":"<!-- This site is optimized with the Yoast SEO plugin v27.4 - https:\/\/yoast.com\/product\/yoast-seo-wordpress\/ -->\n<title>Dany Ome celebra su cumplea\u00f1os 25 (sin la felicitaci\u00f3n de Samantha Hern\u00e1ndez) - Cuballama Noticias<\/title>\n<meta name=\"description\" content=\"Dany Ome y Samantha Hern\u00e1ndez ya no se siguen en Instagram. El reguetonero cumpli\u00f3 25 a\u00f1os sin felicitaci\u00f3n de la influencer.\" \/>\n<meta name=\"robots\" content=\"index, follow, max-snippet:-1, max-image-preview:large, max-video-preview:-1\" \/>\n<link rel=\"canonical\" href=\"https:\/\/www.cuballama.com\/noticias\/dany-ome-celebra-su-cumpleanos-25-sin-la-felicitacion-de-samantha-hernandez\/\" \/>\n<meta property=\"og:locale\" content=\"es_ES\" \/>\n<meta property=\"og:type\" content=\"article\" \/>\n<meta property=\"og:title\" content=\"Dany Ome celebra su cumplea\u00f1os 25 (sin la felicitaci\u00f3n de Samantha Hern\u00e1ndez) - Cuballama Noticias\" \/>\n<meta property=\"og:description\" content=\"Dany Ome y Samantha Hern\u00e1ndez ya no se siguen en Instagram. El reguetonero cumpli\u00f3 25 a\u00f1os sin felicitaci\u00f3n de la influencer.\" \/>\n<meta property=\"og:url\" content=\"https:\/\/www.cuballama.com\/noticias\/dany-ome-celebra-su-cumpleanos-25-sin-la-felicitacion-de-samantha-hernandez\/\" \/>\n<meta property=\"og:site_name\" content=\"Cuballama Noticias\" \/>\n<meta property=\"article:publisher\" content=\"https:\/\/www.facebook.com\/CubaLlama\" \/>\n<meta property=\"article:published_time\" content=\"2026-04-28T13:04:32+00:00\" \/>\n<meta property=\"article:modified_time\" content=\"2026-04-28T13:04:35+00:00\" \/>\n<meta property=\"og:image\" content=\"https:\/\/cdn1.mediawpaccore.net\/wp-content\/uploads\/2026\/04\/14105501\/Samantha-Hernandez-y-Dany-Ome-se-dejan-de-seguir-en-Instagram-%C2%BFQue-paso-entre-ellos.jpeg\" \/>\n\t<meta property=\"og:image:width\" content=\"1869\" \/>\n\t<meta property=\"og:image:height\" content=\"1255\" \/>\n\t<meta property=\"og:image:type\" content=\"image\/jpeg\" \/>\n<meta name=\"author\" content=\"Rafa\" \/>\n<meta name=\"twitter:card\" content=\"summary_large_image\" \/>\n<meta name=\"twitter:creator\" content=\"@cuballama\" \/>\n<meta name=\"twitter:site\" content=\"@cuballama\" \/>\n<meta name=\"twitter:label1\" content=\"Escrito por\" \/>\n\t<meta name=\"twitter:data1\" content=\"Rafa\" \/>\n\t<meta name=\"twitter:label2\" content=\"Tiempo de lectura\" \/>\n\t<meta name=\"twitter:data2\" content=\"3 minutos\" \/>\n<script type=\"application\/ld+json\" class=\"yoast-schema-graph\">{\"@context\":\"https:\\\/\\\/schema.org\",\"@graph\":[{\"@type\":\"Article\",\"@id\":\"https:\\\/\\\/www.cuballama.com\\\/noticias\\\/dany-ome-celebra-su-cumpleanos-25-sin-la-felicitacion-de-samantha-hernandez\\\/#article\",\"isPartOf\":{\"@id\":\"https:\\\/\\\/www.cuballama.com\\\/noticias\\\/dany-ome-celebra-su-cumpleanos-25-sin-la-felicitacion-de-samantha-hernandez\\\/\"},\"author\":{\"name\":\"Rafa\",\"@id\":\"https:\\\/\\\/www.cuballama.com\\\/noticias\\\/#\\\/schema\\\/person\\\/0f97914526a658755f00e59ec2a832f2\"},\"headline\":\"Dany Ome celebra su cumplea\u00f1os 25 (sin la felicitaci\u00f3n de Samantha Hern\u00e1ndez)\",\"datePublished\":\"2026-04-28T13:04:32+00:00\",\"dateModified\":\"2026-04-28T13:04:35+00:00\",\"mainEntityOfPage\":{\"@id\":\"https:\\\/\\\/www.cuballama.com\\\/noticias\\\/dany-ome-celebra-su-cumpleanos-25-sin-la-felicitacion-de-samantha-hernandez\\\/\"},\"wordCount\":607,\"commentCount\":0,\"publisher\":{\"@id\":\"https:\\\/\\\/www.cuballama.com\\\/noticias\\\/#organization\"},\"image\":{\"@id\":\"https:\\\/\\\/www.cuballama.com\\\/noticias\\\/dany-ome-celebra-su-cumpleanos-25-sin-la-felicitacion-de-samantha-hernandez\\\/#primaryimage\"},\"thumbnailUrl\":\"https:\\\/\\\/cdn1.mediawpaccore.net\\\/wp-content\\\/uploads\\\/2026\\\/04\\\/14105501\\\/Samantha-Hernandez-y-Dany-Ome-se-dejan-de-seguir-en-Instagram-%C2%BFQue-paso-entre-ellos.jpeg\",\"keywords\":[\"Dany Ome\",\"Reguetoneros cubanos\",\"Samantha Hern\u00e1ndez\"],\"articleSection\":[\"Far\u00e1ndula\"],\"inLanguage\":\"es\",\"potentialAction\":[{\"@type\":\"CommentAction\",\"name\":\"Comment\",\"target\":[\"https:\\\/\\\/www.cuballama.com\\\/noticias\\\/dany-ome-celebra-su-cumpleanos-25-sin-la-felicitacion-de-samantha-hernandez\\\/#respond\"]}]},{\"@type\":\"WebPage\",\"@id\":\"https:\\\/\\\/www.cuballama.com\\\/noticias\\\/dany-ome-celebra-su-cumpleanos-25-sin-la-felicitacion-de-samantha-hernandez\\\/\",\"url\":\"https:\\\/\\\/www.cuballama.com\\\/noticias\\\/dany-ome-celebra-su-cumpleanos-25-sin-la-felicitacion-de-samantha-hernandez\\\/\",\"name\":\"Dany Ome celebra su cumplea\u00f1os 25 (sin la felicitaci\u00f3n de Samantha Hern\u00e1ndez) - Cuballama Noticias\",\"isPartOf\":{\"@id\":\"https:\\\/\\\/www.cuballama.com\\\/noticias\\\/#website\"},\"primaryImageOfPage\":{\"@id\":\"https:\\\/\\\/www.cuballama.com\\\/noticias\\\/dany-ome-celebra-su-cumpleanos-25-sin-la-felicitacion-de-samantha-hernandez\\\/#primaryimage\"},\"image\":{\"@id\":\"https:\\\/\\\/www.cuballama.com\\\/noticias\\\/dany-ome-celebra-su-cumpleanos-25-sin-la-felicitacion-de-samantha-hernandez\\\/#primaryimage\"},\"thumbnailUrl\":\"https:\\\/\\\/cdn1.mediawpaccore.net\\\/wp-content\\\/uploads\\\/2026\\\/04\\\/14105501\\\/Samantha-Hernandez-y-Dany-Ome-se-dejan-de-seguir-en-Instagram-%C2%BFQue-paso-entre-ellos.jpeg\",\"datePublished\":\"2026-04-28T13:04:32+00:00\",\"dateModified\":\"2026-04-28T13:04:35+00:00\",\"description\":\"Dany Ome y Samantha Hern\u00e1ndez ya no se siguen en Instagram. El reguetonero cumpli\u00f3 25 a\u00f1os sin felicitaci\u00f3n de la influencer.\",\"breadcrumb\":{\"@id\":\"https:\\\/\\\/www.cuballama.com\\\/noticias\\\/dany-ome-celebra-su-cumpleanos-25-sin-la-felicitacion-de-samantha-hernandez\\\/#breadcrumb\"},\"inLanguage\":\"es\",\"potentialAction\":[{\"@type\":\"ReadAction\",\"target\":[\"https:\\\/\\\/www.cuballama.com\\\/noticias\\\/dany-ome-celebra-su-cumpleanos-25-sin-la-felicitacion-de-samantha-hernandez\\\/\"]}]},{\"@type\":\"ImageObject\",\"inLanguage\":\"es\",\"@id\":\"https:\\\/\\\/www.cuballama.com\\\/noticias\\\/dany-ome-celebra-su-cumpleanos-25-sin-la-felicitacion-de-samantha-hernandez\\\/#primaryimage\",\"url\":\"https:\\\/\\\/cdn1.mediawpaccore.net\\\/wp-content\\\/uploads\\\/2026\\\/04\\\/14105501\\\/Samantha-Hernandez-y-Dany-Ome-se-dejan-de-seguir-en-Instagram-%C2%BFQue-paso-entre-ellos.jpeg\",\"contentUrl\":\"https:\\\/\\\/cdn1.mediawpaccore.net\\\/wp-content\\\/uploads\\\/2026\\\/04\\\/14105501\\\/Samantha-Hernandez-y-Dany-Ome-se-dejan-de-seguir-en-Instagram-%C2%BFQue-paso-entre-ellos.jpeg\",\"width\":1869,\"height\":1255,\"caption\":\"Samantha Hern\u00e1ndez y Dany Ome se dejan de seguir en Instagram \u00bfQu\u00e9 pas\u00f3 entre ellos? (Foto: Instagram)\"},{\"@type\":\"BreadcrumbList\",\"@id\":\"https:\\\/\\\/www.cuballama.com\\\/noticias\\\/dany-ome-celebra-su-cumpleanos-25-sin-la-felicitacion-de-samantha-hernandez\\\/#breadcrumb\",\"itemListElement\":[{\"@type\":\"ListItem\",\"position\":1,\"name\":\"Home\",\"item\":\"https:\\\/\\\/www.cuballama.com\\\/noticias\\\/\"},{\"@type\":\"ListItem\",\"position\":2,\"name\":\"Dany Ome celebra su cumplea\u00f1os 25 (sin la felicitaci\u00f3n de Samantha Hern\u00e1ndez)\"}]},{\"@type\":\"WebSite\",\"@id\":\"https:\\\/\\\/www.cuballama.com\\\/noticias\\\/#website\",\"url\":\"https:\\\/\\\/www.cuballama.com\\\/noticias\\\/\",\"name\":\"Cuballama Noticias\",\"description\":\"Medio digital sobre Cuba y el mundo\",\"publisher\":{\"@id\":\"https:\\\/\\\/www.cuballama.com\\\/noticias\\\/#organization\"},\"potentialAction\":[{\"@type\":\"SearchAction\",\"target\":{\"@type\":\"EntryPoint\",\"urlTemplate\":\"https:\\\/\\\/www.cuballama.com\\\/noticias\\\/?s={search_term_string}\"},\"query-input\":{\"@type\":\"PropertyValueSpecification\",\"valueRequired\":true,\"valueName\":\"search_term_string\"}}],\"inLanguage\":\"es\"},{\"@type\":\"Organization\",\"@id\":\"https:\\\/\\\/www.cuballama.com\\\/noticias\\\/#organization\",\"name\":\"Cuballama\",\"url\":\"https:\\\/\\\/www.cuballama.com\\\/noticias\\\/\",\"logo\":{\"@type\":\"ImageObject\",\"inLanguage\":\"es\",\"@id\":\"https:\\\/\\\/www.cuballama.com\\\/noticias\\\/#\\\/schema\\\/logo\\\/image\\\/\",\"url\":\"https:\\\/\\\/cdn1.mediawpaccore.net\\\/wp-content\\\/uploads\\\/2021\\\/12\\\/28171206\\\/cbll-logo-color-sm.png\",\"contentUrl\":\"https:\\\/\\\/cdn1.mediawpaccore.net\\\/wp-content\\\/uploads\\\/2021\\\/12\\\/28171206\\\/cbll-logo-color-sm.png\",\"width\":600,\"height\":133,\"caption\":\"Cuballama\"},\"image\":{\"@id\":\"https:\\\/\\\/www.cuballama.com\\\/noticias\\\/#\\\/schema\\\/logo\\\/image\\\/\"},\"sameAs\":[\"https:\\\/\\\/www.facebook.com\\\/CubaLlama\",\"https:\\\/\\\/x.com\\\/cuballama\",\"https:\\\/\\\/www.instagram.com\\\/stories\\\/cuballama_oficial\\\/\",\"https:\\\/\\\/www.youtube.com\\\/channel\\\/UCKkFE-d_axENGZcrc4as0IA\"]},{\"@type\":\"Person\",\"@id\":\"https:\\\/\\\/www.cuballama.com\\\/noticias\\\/#\\\/schema\\\/person\\\/0f97914526a658755f00e59ec2a832f2\",\"name\":\"Rafa\",\"url\":\"https:\\\/\\\/www.cuballama.com\\\/noticias\\\/author\\\/rafa\\\/\"}]}<\/script>\n<!-- \/ Yoast SEO plugin. -->","yoast_head_json":{"title":"Dany Ome celebra su cumplea\u00f1os 25 (sin la felicitaci\u00f3n de Samantha Hern\u00e1ndez) - Cuballama Noticias","description":"Dany Ome y Samantha Hern\u00e1ndez ya no se siguen en Instagram. El reguetonero cumpli\u00f3 25 a\u00f1os sin felicitaci\u00f3n de la influencer.","robots":{"index":"index","follow":"follow","max-snippet":"max-snippet:-1","max-image-preview":"max-image-preview:large","max-video-preview":"max-video-preview:-1"},"canonical":"https:\/\/www.cuballama.com\/noticias\/dany-ome-celebra-su-cumpleanos-25-sin-la-felicitacion-de-samantha-hernandez\/","og_locale":"es_ES","og_type":"article","og_title":"Dany Ome celebra su cumplea\u00f1os 25 (sin la felicitaci\u00f3n de Samantha Hern\u00e1ndez) - Cuballama Noticias","og_description":"Dany Ome y Samantha Hern\u00e1ndez ya no se siguen en Instagram. El reguetonero cumpli\u00f3 25 a\u00f1os sin felicitaci\u00f3n de la influencer.","og_url":"https:\/\/www.cuballama.com\/noticias\/dany-ome-celebra-su-cumpleanos-25-sin-la-felicitacion-de-samantha-hernandez\/","og_site_name":"Cuballama Noticias","article_publisher":"https:\/\/www.facebook.com\/CubaLlama","article_published_time":"2026-04-28T13:04:32+00:00","article_modified_time":"2026-04-28T13:04:35+00:00","og_image":[{"width":1869,"height":1255,"url":"https:\/\/cdn1.mediawpaccore.net\/wp-content\/uploads\/2026\/04\/14105501\/Samantha-Hernandez-y-Dany-Ome-se-dejan-de-seguir-en-Instagram-%C2%BFQue-paso-entre-ellos.jpeg","type":"image\/jpeg"}],"author":"Rafa","twitter_card":"summary_large_image","twitter_creator":"@cuballama","twitter_site":"@cuballama","twitter_misc":{"Escrito por":"Rafa","Tiempo de lectura":"3 minutos"},"schema":{"@context":"https:\/\/schema.org","@graph":[{"@type":"Article","@id":"https:\/\/www.cuballama.com\/noticias\/dany-ome-celebra-su-cumpleanos-25-sin-la-felicitacion-de-samantha-hernandez\/#article","isPartOf":{"@id":"https:\/\/www.cuballama.com\/noticias\/dany-ome-celebra-su-cumpleanos-25-sin-la-felicitacion-de-samantha-hernandez\/"},"author":{"name":"Rafa","@id":"https:\/\/www.cuballama.com\/noticias\/#\/schema\/person\/0f97914526a658755f00e59ec2a832f2"},"headline":"Dany Ome celebra su cumplea\u00f1os 25 (sin la felicitaci\u00f3n de Samantha Hern\u00e1ndez)","datePublished":"2026-04-28T13:04:32+00:00","dateModified":"2026-04-28T13:04:35+00:00","mainEntityOfPage":{"@id":"https:\/\/www.cuballama.com\/noticias\/dany-ome-celebra-su-cumpleanos-25-sin-la-felicitacion-de-samantha-hernandez\/"},"wordCount":607,"commentCount":0,"publisher":{"@id":"https:\/\/www.cuballama.com\/noticias\/#organization"},"image":{"@id":"https:\/\/www.cuballama.com\/noticias\/dany-ome-celebra-su-cumpleanos-25-sin-la-felicitacion-de-samantha-hernandez\/#primaryimage"},"thumbnailUrl":"https:\/\/cdn1.mediawpaccore.net\/wp-content\/uploads\/2026\/04\/14105501\/Samantha-Hernandez-y-Dany-Ome-se-dejan-de-seguir-en-Instagram-%C2%BFQue-paso-entre-ellos.jpeg","keywords":["Dany Ome","Reguetoneros cubanos","Samantha Hern\u00e1ndez"],"articleSection":["Far\u00e1ndula"],"inLanguage":"es","potentialAction":[{"@type":"CommentAction","name":"Comment","target":["https:\/\/www.cuballama.com\/noticias\/dany-ome-celebra-su-cumpleanos-25-sin-la-felicitacion-de-samantha-hernandez\/#respond"]}]},{"@type":"WebPage","@id":"https:\/\/www.cuballama.com\/noticias\/dany-ome-celebra-su-cumpleanos-25-sin-la-felicitacion-de-samantha-hernandez\/","url":"https:\/\/www.cuballama.com\/noticias\/dany-ome-celebra-su-cumpleanos-25-sin-la-felicitacion-de-samantha-hernandez\/","name":"Dany Ome celebra su cumplea\u00f1os 25 (sin la felicitaci\u00f3n de Samantha Hern\u00e1ndez) - Cuballama Noticias","isPartOf":{"@id":"https:\/\/www.cuballama.com\/noticias\/#website"},"primaryImageOfPage":{"@id":"https:\/\/www.cuballama.com\/noticias\/dany-ome-celebra-su-cumpleanos-25-sin-la-felicitacion-de-samantha-hernandez\/#primaryimage"},"image":{"@id":"https:\/\/www.cuballama.com\/noticias\/dany-ome-celebra-su-cumpleanos-25-sin-la-felicitacion-de-samantha-hernandez\/#primaryimage"},"thumbnailUrl":"https:\/\/cdn1.mediawpaccore.net\/wp-content\/uploads\/2026\/04\/14105501\/Samantha-Hernandez-y-Dany-Ome-se-dejan-de-seguir-en-Instagram-%C2%BFQue-paso-entre-ellos.jpeg","datePublished":"2026-04-28T13:04:32+00:00","dateModified":"2026-04-28T13:04:35+00:00","description":"Dany Ome y Samantha Hern\u00e1ndez ya no se siguen en Instagram. El reguetonero cumpli\u00f3 25 a\u00f1os sin felicitaci\u00f3n de la influencer.","breadcrumb":{"@id":"https:\/\/www.cuballama.com\/noticias\/dany-ome-celebra-su-cumpleanos-25-sin-la-felicitacion-de-samantha-hernandez\/#breadcrumb"},"inLanguage":"es","potentialAction":[{"@type":"ReadAction","target":["https:\/\/www.cuballama.com\/noticias\/dany-ome-celebra-su-cumpleanos-25-sin-la-felicitacion-de-samantha-hernandez\/"]}]},{"@type":"ImageObject","inLanguage":"es","@id":"https:\/\/www.cuballama.com\/noticias\/dany-ome-celebra-su-cumpleanos-25-sin-la-felicitacion-de-samantha-hernandez\/#primaryimage","url":"https:\/\/cdn1.mediawpaccore.net\/wp-content\/uploads\/2026\/04\/14105501\/Samantha-Hernandez-y-Dany-Ome-se-dejan-de-seguir-en-Instagram-%C2%BFQue-paso-entre-ellos.jpeg","contentUrl":"https:\/\/cdn1.mediawpaccore.net\/wp-content\/uploads\/2026\/04\/14105501\/Samantha-Hernandez-y-Dany-Ome-se-dejan-de-seguir-en-Instagram-%C2%BFQue-paso-entre-ellos.jpeg","width":1869,"height":1255,"caption":"Samantha Hern\u00e1ndez y Dany Ome se dejan de seguir en Instagram \u00bfQu\u00e9 pas\u00f3 entre ellos? (Foto: Instagram)"},{"@type":"BreadcrumbList","@id":"https:\/\/www.cuballama.com\/noticias\/dany-ome-celebra-su-cumpleanos-25-sin-la-felicitacion-de-samantha-hernandez\/#breadcrumb","itemListElement":[{"@type":"ListItem","position":1,"name":"Home","item":"https:\/\/www.cuballama.com\/noticias\/"},{"@type":"ListItem","position":2,"name":"Dany Ome celebra su cumplea\u00f1os 25 (sin la felicitaci\u00f3n de Samantha Hern\u00e1ndez)"}]},{"@type":"WebSite","@id":"https:\/\/www.cuballama.com\/noticias\/#website","url":"https:\/\/www.cuballama.com\/noticias\/","name":"Cuballama Noticias","description":"Medio digital sobre Cuba y el mundo","publisher":{"@id":"https:\/\/www.cuballama.com\/noticias\/#organization"},"potentialAction":[{"@type":"SearchAction","target":{"@type":"EntryPoint","urlTemplate":"https:\/\/www.cuballama.com\/noticias\/?s={search_term_string}"},"query-input":{"@type":"PropertyValueSpecification","valueRequired":true,"valueName":"search_term_string"}}],"inLanguage":"es"},{"@type":"Organization","@id":"https:\/\/www.cuballama.com\/noticias\/#organization","name":"Cuballama","url":"https:\/\/www.cuballama.com\/noticias\/","logo":{"@type":"ImageObject","inLanguage":"es","@id":"https:\/\/www.cuballama.com\/noticias\/#\/schema\/logo\/image\/","url":"https:\/\/cdn1.mediawpaccore.net\/wp-content\/uploads\/2021\/12\/28171206\/cbll-logo-color-sm.png","contentUrl":"https:\/\/cdn1.mediawpaccore.net\/wp-content\/uploads\/2021\/12\/28171206\/cbll-logo-color-sm.png","width":600,"height":133,"caption":"Cuballama"},"image":{"@id":"https:\/\/www.cuballama.com\/noticias\/#\/schema\/logo\/image\/"},"sameAs":["https:\/\/www.facebook.com\/CubaLlama","https:\/\/x.com\/cuballama","https:\/\/www.instagram.com\/stories\/cuballama_oficial\/","https:\/\/www.youtube.com\/channel\/UCKkFE-d_axENGZcrc4as0IA"]},{"@type":"Person","@id":"https:\/\/www.cuballama.com\/noticias\/#\/schema\/person\/0f97914526a658755f00e59ec2a832f2","name":"Rafa","url":"https:\/\/www.cuballama.com\/noticias\/author\/rafa\/"}]}},"_links":{"self":[{"href":"https:\/\/www.cuballama.com\/noticias\/wp-json\/wp\/v2\/posts\/242638","targetHints":{"allow":["GET"]}}],"collection":[{"href":"https:\/\/www.cuballama.com\/noticias\/wp-json\/wp\/v2\/posts"}],"about":[{"href":"https:\/\/www.cuballama.com\/noticias\/wp-json\/wp\/v2\/types\/post"}],"author":[{"embeddable":true,"href":"https:\/\/www.cuballama.com\/noticias\/wp-json\/wp\/v2\/users\/27"}],"replies":[{"embeddable":true,"href":"https:\/\/www.cuballama.com\/noticias\/wp-json\/wp\/v2\/comments?post=242638"}],"version-history":[{"count":1,"href":"https:\/\/www.cuballama.com\/noticias\/wp-json\/wp\/v2\/posts\/242638\/revisions"}],"predecessor-version":[{"id":242648,"href":"https:\/\/www.cuballama.com\/noticias\/wp-json\/wp\/v2\/posts\/242638\/revisions\/242648"}],"wp:featuredmedia":[{"embeddable":true,"href":"https:\/\/www.cuballama.com\/noticias\/wp-json\/wp\/v2\/media\/241184"}],"wp:attachment":[{"href":"https:\/\/www.cuballama.com\/noticias\/wp-json\/wp\/v2\/media?parent=242638"}],"wp:term":[{"taxonomy":"category","embeddable":true,"href":"https:\/\/www.cuballama.com\/noticias\/wp-json\/wp\/v2\/categories?post=242638"},{"taxonomy":"post_tag","embeddable":true,"href":"https:\/\/www.cuballama.com\/noticias\/wp-json\/wp\/v2\/tags?post=242638"}],"curies":[{"name":"wp","href":"https:\/\/api.w.org\/{rel}","templated":true}]}}