{"id":242614,"date":"2026-04-28T07:00:00","date_gmt":"2026-04-28T11:00:00","guid":{"rendered":"https:\/\/www.cuballama.com\/noticias\/?p=242614"},"modified":"2026-04-28T01:48:09","modified_gmt":"2026-04-28T05:48:09","slug":"cubanoamericano-es-hallado-sin-vida-en-guines","status":"publish","type":"post","link":"https:\/\/www.cuballama.com\/noticias\/cubanoamericano-es-hallado-sin-vida-en-guines\/","title":{"rendered":"Cubanoamericano es hallado sin vida en G\u00fcines"},"content":{"rendered":"\n<p>Un cubanoamericano fue encontrado sin vida en la ma\u00f1ana de este lunes 27 de abril en el municipio de G\u00fcines, Mayabeque.<\/p>\n\n\n\n<p>Seg\u00fan denunci\u00f3 el activista Niover Licea a trav\u00e9s de su p\u00e1gina Nio reportando un crimen, la v\u00edctima fue identificada por su hija, Yunima Garc\u00eda, como Leonel Garc\u00eda \u00c1lvarez.<\/p>\n\n\n\n<p>El se\u00f1or, de entre 72 y 73 a\u00f1os, habr\u00eda perdido la vida en un hecho violento, subray\u00f3 Licea.&nbsp;<\/p>\n\n\n\n<p>De acuerdo con fuentes cercanas y colaboradores, la v\u00edctima resid\u00eda en la localidad desde hac\u00eda alrededor de un a\u00f1o, tras haber vivido por d\u00e9cadas en Estados Unidos.<\/p>\n\n\n\n<iframe loading=\"lazy\" src=\"https:\/\/www.facebook.com\/plugins\/post.php?href=https%3A%2F%2Fwww.facebook.com%2Fpermalink.php%3Fstory_fbid%3Dpfbid027hzuGpkfNQgS5r9i1aDwMyoqBJ5i7HVQEwegb1nFoDssCjysuoCJDY167FUX4Nijl%26id%3D61559784217848&#038;show_text=true&#038;width=500\" width=\"500\" height=\"811\" style=\"border:none;overflow:hidden\" scrolling=\"no\" frameborder=\"0\" allowfullscreen=\"true\" allow=\"autoplay; clipboard-write; encrypted-media; picture-in-picture; web-share\"><\/iframe>\n\n\n\n<p>Seg\u00fan reportes preliminares, el cuerpo fue hallado en la planta alta de una vivienda en El Vedado de G\u00fcines, \u201cdetr\u00e1s de la escuela Ra\u00fal G\u00f3mez\u201d, y hay indicios de que pudo haber sido v\u00edctima de un ataque con objeto punzante.<\/p>\n\n\n\n<p>\u201cLa vivienda cuenta con c\u00e1maras de seguridad, cuyo contenido estar\u00eda siendo revisado por las autoridades como parte de la investigaci\u00f3n\u201d, apunt\u00f3 Licea sobre un elemento que podr\u00eda resultar clave para esclarecer lo ocurrido.<\/p>\n\n\n\n<p>\u201cFamiliares y allegados lo describen como una persona muy querida, solidaria y de buen coraz\u00f3n\u201d, indic\u00f3.<\/p>\n\n\n\n<p>Licea tambi\u00e9n hizo \u00e9nfasis en que este ser\u00eda el segundo caso en apenas un mes y medio de un cubanoamericano que muere en su vivienda tras haber regresado a la isla con la intenci\u00f3n de vivir en tranquilidad sus \u00faltimos a\u00f1os.<\/p>\n\n\n\n<p><\/p>\n","protected":false},"excerpt":{"rendered":"<p>La v\u00edctima hab\u00eda vivido d\u00e9cadas en Estados Unidos.<\/p>\n","protected":false},"author":30,"featured_media":242616,"comment_status":"open","ping_status":"closed","sticky":false,"template":"","format":"standard","meta":{"_acf_changed":false,"footnotes":""},"categories":[18,955],"tags":[10867,1396,941,10276],"class_list":{"0":"post-242614","1":"post","2":"type-post","3":"status-publish","4":"format-standard","5":"has-post-thumbnail","7":"category-noticias","8":"category-noticias-de-cuba","9":"tag-crisis-en-cuba","10":"tag-cubanoamericano","11":"tag-destacado","12":"tag-violencia-en-cuba"},"acf":[],"yoast_head":"<!-- This site is optimized with the Yoast SEO plugin v27.4 - https:\/\/yoast.com\/product\/yoast-seo-wordpress\/ -->\n<title>Cubanoamericano es hallado sin vida en G\u00fcines - Cuballama Noticias<\/title>\n<meta name=\"description\" content=\"Un cubanoamericano fue encontrado sin vida en la ma\u00f1ana de este lunes 27 de abril en el municipio de G\u00fcines, Mayabeque.\" \/>\n<meta name=\"robots\" content=\"index, follow, max-snippet:-1, max-image-preview:large, max-video-preview:-1\" \/>\n<link rel=\"canonical\" href=\"https:\/\/www.cuballama.com\/noticias\/cubanoamericano-es-hallado-sin-vida-en-guines\/\" \/>\n<meta property=\"og:locale\" content=\"es_ES\" \/>\n<meta property=\"og:type\" content=\"article\" \/>\n<meta property=\"og:title\" content=\"Cubanoamericano es hallado sin vida en G\u00fcines - Cuballama Noticias\" \/>\n<meta property=\"og:description\" content=\"Un cubanoamericano fue encontrado sin vida en la ma\u00f1ana de este lunes 27 de abril en el municipio de G\u00fcines, Mayabeque.\" \/>\n<meta property=\"og:url\" content=\"https:\/\/www.cuballama.com\/noticias\/cubanoamericano-es-hallado-sin-vida-en-guines\/\" \/>\n<meta property=\"og:site_name\" content=\"Cuballama Noticias\" \/>\n<meta property=\"article:publisher\" content=\"https:\/\/www.facebook.com\/CubaLlama\" \/>\n<meta property=\"article:published_time\" content=\"2026-04-28T11:00:00+00:00\" \/>\n<meta property=\"og:image\" content=\"https:\/\/cdn1.mediawpaccore.net\/wp-content\/uploads\/2026\/04\/28000030\/682477936_122219521508326140_2533126281849740862_n1.jpg\" \/>\n\t<meta property=\"og:image:width\" content=\"1200\" \/>\n\t<meta property=\"og:image:height\" content=\"630\" \/>\n\t<meta property=\"og:image:type\" content=\"image\/jpeg\" \/>\n<meta name=\"author\" content=\"Kathy\" \/>\n<meta name=\"twitter:card\" content=\"summary_large_image\" \/>\n<meta name=\"twitter:creator\" content=\"@cuballama\" \/>\n<meta name=\"twitter:site\" content=\"@cuballama\" \/>\n<meta name=\"twitter:label1\" content=\"Escrito por\" \/>\n\t<meta name=\"twitter:data1\" content=\"Kathy\" \/>\n\t<meta name=\"twitter:label2\" content=\"Tiempo de lectura\" \/>\n\t<meta name=\"twitter:data2\" content=\"2 minutos\" \/>\n<script type=\"application\/ld+json\" class=\"yoast-schema-graph\">{\"@context\":\"https:\\\/\\\/schema.org\",\"@graph\":[{\"@type\":\"Article\",\"@id\":\"https:\\\/\\\/www.cuballama.com\\\/noticias\\\/cubanoamericano-es-hallado-sin-vida-en-guines\\\/#article\",\"isPartOf\":{\"@id\":\"https:\\\/\\\/www.cuballama.com\\\/noticias\\\/cubanoamericano-es-hallado-sin-vida-en-guines\\\/\"},\"author\":{\"name\":\"Kathy\",\"@id\":\"https:\\\/\\\/www.cuballama.com\\\/noticias\\\/#\\\/schema\\\/person\\\/86cd3e3f4974437f031211213bf892d5\"},\"headline\":\"Cubanoamericano es hallado sin vida en G\u00fcines\",\"datePublished\":\"2026-04-28T11:00:00+00:00\",\"mainEntityOfPage\":{\"@id\":\"https:\\\/\\\/www.cuballama.com\\\/noticias\\\/cubanoamericano-es-hallado-sin-vida-en-guines\\\/\"},\"wordCount\":261,\"commentCount\":0,\"publisher\":{\"@id\":\"https:\\\/\\\/www.cuballama.com\\\/noticias\\\/#organization\"},\"image\":{\"@id\":\"https:\\\/\\\/www.cuballama.com\\\/noticias\\\/cubanoamericano-es-hallado-sin-vida-en-guines\\\/#primaryimage\"},\"thumbnailUrl\":\"https:\\\/\\\/cdn1.mediawpaccore.net\\\/wp-content\\\/uploads\\\/2026\\\/04\\\/28000030\\\/682477936_122219521508326140_2533126281849740862_n1.jpg\",\"keywords\":[\"Crisis en Cuba\",\"cubanoamericano\",\"destacado\",\"violencia en Cuba\"],\"articleSection\":[\"Noticias\",\"Noticias de Cuba\"],\"inLanguage\":\"es\",\"potentialAction\":[{\"@type\":\"CommentAction\",\"name\":\"Comment\",\"target\":[\"https:\\\/\\\/www.cuballama.com\\\/noticias\\\/cubanoamericano-es-hallado-sin-vida-en-guines\\\/#respond\"]}]},{\"@type\":\"WebPage\",\"@id\":\"https:\\\/\\\/www.cuballama.com\\\/noticias\\\/cubanoamericano-es-hallado-sin-vida-en-guines\\\/\",\"url\":\"https:\\\/\\\/www.cuballama.com\\\/noticias\\\/cubanoamericano-es-hallado-sin-vida-en-guines\\\/\",\"name\":\"Cubanoamericano es hallado sin vida en G\u00fcines - Cuballama Noticias\",\"isPartOf\":{\"@id\":\"https:\\\/\\\/www.cuballama.com\\\/noticias\\\/#website\"},\"primaryImageOfPage\":{\"@id\":\"https:\\\/\\\/www.cuballama.com\\\/noticias\\\/cubanoamericano-es-hallado-sin-vida-en-guines\\\/#primaryimage\"},\"image\":{\"@id\":\"https:\\\/\\\/www.cuballama.com\\\/noticias\\\/cubanoamericano-es-hallado-sin-vida-en-guines\\\/#primaryimage\"},\"thumbnailUrl\":\"https:\\\/\\\/cdn1.mediawpaccore.net\\\/wp-content\\\/uploads\\\/2026\\\/04\\\/28000030\\\/682477936_122219521508326140_2533126281849740862_n1.jpg\",\"datePublished\":\"2026-04-28T11:00:00+00:00\",\"description\":\"Un cubanoamericano fue encontrado sin vida en la ma\u00f1ana de este lunes 27 de abril en el municipio de G\u00fcines, Mayabeque.\",\"breadcrumb\":{\"@id\":\"https:\\\/\\\/www.cuballama.com\\\/noticias\\\/cubanoamericano-es-hallado-sin-vida-en-guines\\\/#breadcrumb\"},\"inLanguage\":\"es\",\"potentialAction\":[{\"@type\":\"ReadAction\",\"target\":[\"https:\\\/\\\/www.cuballama.com\\\/noticias\\\/cubanoamericano-es-hallado-sin-vida-en-guines\\\/\"]}]},{\"@type\":\"ImageObject\",\"inLanguage\":\"es\",\"@id\":\"https:\\\/\\\/www.cuballama.com\\\/noticias\\\/cubanoamericano-es-hallado-sin-vida-en-guines\\\/#primaryimage\",\"url\":\"https:\\\/\\\/cdn1.mediawpaccore.net\\\/wp-content\\\/uploads\\\/2026\\\/04\\\/28000030\\\/682477936_122219521508326140_2533126281849740862_n1.jpg\",\"contentUrl\":\"https:\\\/\\\/cdn1.mediawpaccore.net\\\/wp-content\\\/uploads\\\/2026\\\/04\\\/28000030\\\/682477936_122219521508326140_2533126281849740862_n1.jpg\",\"width\":1200,\"height\":630,\"caption\":\"Leonel Garc\u00eda \u00c1lvarez. Foto: Facebook\\\/Nio reportando un crimen.\"},{\"@type\":\"BreadcrumbList\",\"@id\":\"https:\\\/\\\/www.cuballama.com\\\/noticias\\\/cubanoamericano-es-hallado-sin-vida-en-guines\\\/#breadcrumb\",\"itemListElement\":[{\"@type\":\"ListItem\",\"position\":1,\"name\":\"Home\",\"item\":\"https:\\\/\\\/www.cuballama.com\\\/noticias\\\/\"},{\"@type\":\"ListItem\",\"position\":2,\"name\":\"Cubanoamericano es hallado sin vida en G\u00fcines\"}]},{\"@type\":\"WebSite\",\"@id\":\"https:\\\/\\\/www.cuballama.com\\\/noticias\\\/#website\",\"url\":\"https:\\\/\\\/www.cuballama.com\\\/noticias\\\/\",\"name\":\"Cuballama Noticias\",\"description\":\"Medio digital sobre Cuba y el mundo\",\"publisher\":{\"@id\":\"https:\\\/\\\/www.cuballama.com\\\/noticias\\\/#organization\"},\"potentialAction\":[{\"@type\":\"SearchAction\",\"target\":{\"@type\":\"EntryPoint\",\"urlTemplate\":\"https:\\\/\\\/www.cuballama.com\\\/noticias\\\/?s={search_term_string}\"},\"query-input\":{\"@type\":\"PropertyValueSpecification\",\"valueRequired\":true,\"valueName\":\"search_term_string\"}}],\"inLanguage\":\"es\"},{\"@type\":\"Organization\",\"@id\":\"https:\\\/\\\/www.cuballama.com\\\/noticias\\\/#organization\",\"name\":\"Cuballama\",\"url\":\"https:\\\/\\\/www.cuballama.com\\\/noticias\\\/\",\"logo\":{\"@type\":\"ImageObject\",\"inLanguage\":\"es\",\"@id\":\"https:\\\/\\\/www.cuballama.com\\\/noticias\\\/#\\\/schema\\\/logo\\\/image\\\/\",\"url\":\"https:\\\/\\\/cdn1.mediawpaccore.net\\\/wp-content\\\/uploads\\\/2021\\\/12\\\/28171206\\\/cbll-logo-color-sm.png\",\"contentUrl\":\"https:\\\/\\\/cdn1.mediawpaccore.net\\\/wp-content\\\/uploads\\\/2021\\\/12\\\/28171206\\\/cbll-logo-color-sm.png\",\"width\":600,\"height\":133,\"caption\":\"Cuballama\"},\"image\":{\"@id\":\"https:\\\/\\\/www.cuballama.com\\\/noticias\\\/#\\\/schema\\\/logo\\\/image\\\/\"},\"sameAs\":[\"https:\\\/\\\/www.facebook.com\\\/CubaLlama\",\"https:\\\/\\\/x.com\\\/cuballama\",\"https:\\\/\\\/www.instagram.com\\\/stories\\\/cuballama_oficial\\\/\",\"https:\\\/\\\/www.youtube.com\\\/channel\\\/UCKkFE-d_axENGZcrc4as0IA\"]},{\"@type\":\"Person\",\"@id\":\"https:\\\/\\\/www.cuballama.com\\\/noticias\\\/#\\\/schema\\\/person\\\/86cd3e3f4974437f031211213bf892d5\",\"name\":\"Kathy\",\"url\":\"https:\\\/\\\/www.cuballama.com\\\/noticias\\\/author\\\/kathy\\\/\"}]}<\/script>\n<!-- \/ Yoast SEO plugin. -->","yoast_head_json":{"title":"Cubanoamericano es hallado sin vida en G\u00fcines - Cuballama Noticias","description":"Un cubanoamericano fue encontrado sin vida en la ma\u00f1ana de este lunes 27 de abril en el municipio de G\u00fcines, Mayabeque.","robots":{"index":"index","follow":"follow","max-snippet":"max-snippet:-1","max-image-preview":"max-image-preview:large","max-video-preview":"max-video-preview:-1"},"canonical":"https:\/\/www.cuballama.com\/noticias\/cubanoamericano-es-hallado-sin-vida-en-guines\/","og_locale":"es_ES","og_type":"article","og_title":"Cubanoamericano es hallado sin vida en G\u00fcines - Cuballama Noticias","og_description":"Un cubanoamericano fue encontrado sin vida en la ma\u00f1ana de este lunes 27 de abril en el municipio de G\u00fcines, Mayabeque.","og_url":"https:\/\/www.cuballama.com\/noticias\/cubanoamericano-es-hallado-sin-vida-en-guines\/","og_site_name":"Cuballama Noticias","article_publisher":"https:\/\/www.facebook.com\/CubaLlama","article_published_time":"2026-04-28T11:00:00+00:00","og_image":[{"width":1200,"height":630,"url":"https:\/\/cdn1.mediawpaccore.net\/wp-content\/uploads\/2026\/04\/28000030\/682477936_122219521508326140_2533126281849740862_n1.jpg","type":"image\/jpeg"}],"author":"Kathy","twitter_card":"summary_large_image","twitter_creator":"@cuballama","twitter_site":"@cuballama","twitter_misc":{"Escrito por":"Kathy","Tiempo de lectura":"2 minutos"},"schema":{"@context":"https:\/\/schema.org","@graph":[{"@type":"Article","@id":"https:\/\/www.cuballama.com\/noticias\/cubanoamericano-es-hallado-sin-vida-en-guines\/#article","isPartOf":{"@id":"https:\/\/www.cuballama.com\/noticias\/cubanoamericano-es-hallado-sin-vida-en-guines\/"},"author":{"name":"Kathy","@id":"https:\/\/www.cuballama.com\/noticias\/#\/schema\/person\/86cd3e3f4974437f031211213bf892d5"},"headline":"Cubanoamericano es hallado sin vida en G\u00fcines","datePublished":"2026-04-28T11:00:00+00:00","mainEntityOfPage":{"@id":"https:\/\/www.cuballama.com\/noticias\/cubanoamericano-es-hallado-sin-vida-en-guines\/"},"wordCount":261,"commentCount":0,"publisher":{"@id":"https:\/\/www.cuballama.com\/noticias\/#organization"},"image":{"@id":"https:\/\/www.cuballama.com\/noticias\/cubanoamericano-es-hallado-sin-vida-en-guines\/#primaryimage"},"thumbnailUrl":"https:\/\/cdn1.mediawpaccore.net\/wp-content\/uploads\/2026\/04\/28000030\/682477936_122219521508326140_2533126281849740862_n1.jpg","keywords":["Crisis en Cuba","cubanoamericano","destacado","violencia en Cuba"],"articleSection":["Noticias","Noticias de Cuba"],"inLanguage":"es","potentialAction":[{"@type":"CommentAction","name":"Comment","target":["https:\/\/www.cuballama.com\/noticias\/cubanoamericano-es-hallado-sin-vida-en-guines\/#respond"]}]},{"@type":"WebPage","@id":"https:\/\/www.cuballama.com\/noticias\/cubanoamericano-es-hallado-sin-vida-en-guines\/","url":"https:\/\/www.cuballama.com\/noticias\/cubanoamericano-es-hallado-sin-vida-en-guines\/","name":"Cubanoamericano es hallado sin vida en G\u00fcines - Cuballama Noticias","isPartOf":{"@id":"https:\/\/www.cuballama.com\/noticias\/#website"},"primaryImageOfPage":{"@id":"https:\/\/www.cuballama.com\/noticias\/cubanoamericano-es-hallado-sin-vida-en-guines\/#primaryimage"},"image":{"@id":"https:\/\/www.cuballama.com\/noticias\/cubanoamericano-es-hallado-sin-vida-en-guines\/#primaryimage"},"thumbnailUrl":"https:\/\/cdn1.mediawpaccore.net\/wp-content\/uploads\/2026\/04\/28000030\/682477936_122219521508326140_2533126281849740862_n1.jpg","datePublished":"2026-04-28T11:00:00+00:00","description":"Un cubanoamericano fue encontrado sin vida en la ma\u00f1ana de este lunes 27 de abril en el municipio de G\u00fcines, Mayabeque.","breadcrumb":{"@id":"https:\/\/www.cuballama.com\/noticias\/cubanoamericano-es-hallado-sin-vida-en-guines\/#breadcrumb"},"inLanguage":"es","potentialAction":[{"@type":"ReadAction","target":["https:\/\/www.cuballama.com\/noticias\/cubanoamericano-es-hallado-sin-vida-en-guines\/"]}]},{"@type":"ImageObject","inLanguage":"es","@id":"https:\/\/www.cuballama.com\/noticias\/cubanoamericano-es-hallado-sin-vida-en-guines\/#primaryimage","url":"https:\/\/cdn1.mediawpaccore.net\/wp-content\/uploads\/2026\/04\/28000030\/682477936_122219521508326140_2533126281849740862_n1.jpg","contentUrl":"https:\/\/cdn1.mediawpaccore.net\/wp-content\/uploads\/2026\/04\/28000030\/682477936_122219521508326140_2533126281849740862_n1.jpg","width":1200,"height":630,"caption":"Leonel Garc\u00eda \u00c1lvarez. Foto: Facebook\/Nio reportando un crimen."},{"@type":"BreadcrumbList","@id":"https:\/\/www.cuballama.com\/noticias\/cubanoamericano-es-hallado-sin-vida-en-guines\/#breadcrumb","itemListElement":[{"@type":"ListItem","position":1,"name":"Home","item":"https:\/\/www.cuballama.com\/noticias\/"},{"@type":"ListItem","position":2,"name":"Cubanoamericano es hallado sin vida en G\u00fcines"}]},{"@type":"WebSite","@id":"https:\/\/www.cuballama.com\/noticias\/#website","url":"https:\/\/www.cuballama.com\/noticias\/","name":"Cuballama Noticias","description":"Medio digital sobre Cuba y el mundo","publisher":{"@id":"https:\/\/www.cuballama.com\/noticias\/#organization"},"potentialAction":[{"@type":"SearchAction","target":{"@type":"EntryPoint","urlTemplate":"https:\/\/www.cuballama.com\/noticias\/?s={search_term_string}"},"query-input":{"@type":"PropertyValueSpecification","valueRequired":true,"valueName":"search_term_string"}}],"inLanguage":"es"},{"@type":"Organization","@id":"https:\/\/www.cuballama.com\/noticias\/#organization","name":"Cuballama","url":"https:\/\/www.cuballama.com\/noticias\/","logo":{"@type":"ImageObject","inLanguage":"es","@id":"https:\/\/www.cuballama.com\/noticias\/#\/schema\/logo\/image\/","url":"https:\/\/cdn1.mediawpaccore.net\/wp-content\/uploads\/2021\/12\/28171206\/cbll-logo-color-sm.png","contentUrl":"https:\/\/cdn1.mediawpaccore.net\/wp-content\/uploads\/2021\/12\/28171206\/cbll-logo-color-sm.png","width":600,"height":133,"caption":"Cuballama"},"image":{"@id":"https:\/\/www.cuballama.com\/noticias\/#\/schema\/logo\/image\/"},"sameAs":["https:\/\/www.facebook.com\/CubaLlama","https:\/\/x.com\/cuballama","https:\/\/www.instagram.com\/stories\/cuballama_oficial\/","https:\/\/www.youtube.com\/channel\/UCKkFE-d_axENGZcrc4as0IA"]},{"@type":"Person","@id":"https:\/\/www.cuballama.com\/noticias\/#\/schema\/person\/86cd3e3f4974437f031211213bf892d5","name":"Kathy","url":"https:\/\/www.cuballama.com\/noticias\/author\/kathy\/"}]}},"_links":{"self":[{"href":"https:\/\/www.cuballama.com\/noticias\/wp-json\/wp\/v2\/posts\/242614","targetHints":{"allow":["GET"]}}],"collection":[{"href":"https:\/\/www.cuballama.com\/noticias\/wp-json\/wp\/v2\/posts"}],"about":[{"href":"https:\/\/www.cuballama.com\/noticias\/wp-json\/wp\/v2\/types\/post"}],"author":[{"embeddable":true,"href":"https:\/\/www.cuballama.com\/noticias\/wp-json\/wp\/v2\/users\/30"}],"replies":[{"embeddable":true,"href":"https:\/\/www.cuballama.com\/noticias\/wp-json\/wp\/v2\/comments?post=242614"}],"version-history":[{"count":4,"href":"https:\/\/www.cuballama.com\/noticias\/wp-json\/wp\/v2\/posts\/242614\/revisions"}],"predecessor-version":[{"id":242632,"href":"https:\/\/www.cuballama.com\/noticias\/wp-json\/wp\/v2\/posts\/242614\/revisions\/242632"}],"wp:featuredmedia":[{"embeddable":true,"href":"https:\/\/www.cuballama.com\/noticias\/wp-json\/wp\/v2\/media\/242616"}],"wp:attachment":[{"href":"https:\/\/www.cuballama.com\/noticias\/wp-json\/wp\/v2\/media?parent=242614"}],"wp:term":[{"taxonomy":"category","embeddable":true,"href":"https:\/\/www.cuballama.com\/noticias\/wp-json\/wp\/v2\/categories?post=242614"},{"taxonomy":"post_tag","embeddable":true,"href":"https:\/\/www.cuballama.com\/noticias\/wp-json\/wp\/v2\/tags?post=242614"}],"curies":[{"name":"wp","href":"https:\/\/api.w.org\/{rel}","templated":true}]}}