{"id":242610,"date":"2026-04-28T06:00:00","date_gmt":"2026-04-28T10:00:00","guid":{"rendered":"https:\/\/www.cuballama.com\/noticias\/?p=242610"},"modified":"2026-04-28T07:03:42","modified_gmt":"2026-04-28T11:03:42","slug":"expelotero-cubano-radicado-en-miami-muere-durante-visita-a-la-isla","status":"publish","type":"post","link":"https:\/\/www.cuballama.com\/noticias\/expelotero-cubano-radicado-en-miami-muere-durante-visita-a-la-isla\/","title":{"rendered":"Expelotero cubano radicado en Miami muere durante visita a la isla"},"content":{"rendered":"\n<p>El expelotero cubano Juan Jos\u00e9 Bravo Prescott, radicado en Estados Unidos, muri\u00f3 de un infarto card\u00edaco este lunes 27 de abril a los 63 a\u00f1os, mientras se encontraba de visita en La Habana, Cuba.<\/p>\n\n\n\n<p>Bravo deb\u00eda regresar a Miami, Florida, el pr\u00f3ximo 30 de abril, inform\u00f3 el reportero deportivo Yasel Porto en redes sociales.<\/p>\n\n\n\n<p>Seg\u00fan detall\u00f3 <em>CiberCuba<\/em>, los restos del capitalino fueron velados en la funeraria de San Francisco de Paula, donde naci\u00f3 el 13 de enero de 1963.<\/p>\n\n\n\n<iframe loading=\"lazy\" src=\"https:\/\/www.facebook.com\/plugins\/post.php?href=https%3A%2F%2Fwww.facebook.com%2FDportoSports%2Fposts%2Fpfbid02TDCQN4JFRctqcwXuJfrm42LcXD9cWQDAKh7tTEALewLHxRtpKJucu2WeNii1rkTQl&#038;show_text=true&#038;width=500\" width=\"500\" height=\"678\" style=\"border:none;overflow:hidden\" scrolling=\"no\" frameborder=\"0\" allowfullscreen=\"true\" allow=\"autoplay; clipboard-write; encrypted-media; picture-in-picture; web-share\"><\/iframe>\n\n\n\n<p>\u201cFalleci\u00f3 durante una visita a Cuba, la tierra que siempre llev\u00f3 en el coraz\u00f3n\u201d, resumi\u00f3 el estad\u00edstico Arnelio \u00c1lvarez de la Uz en Facebook.<\/p>\n\n\n\n<p>De acuerdo con \u00c1lvarez de la Uz, Bravo dej\u00f3 \u201cuna huella de profesionalismo, inteligencia y entrega al juego\u201d durante una carrera en la que defendi\u00f3 equipos como Industriales, Metropolitanos e Isla de la Juventud.<\/p>\n\n\n\n<iframe loading=\"lazy\" src=\"https:\/\/www.facebook.com\/plugins\/post.php?href=https%3A%2F%2Fwww.facebook.com%2Farnelio.alvarezdelauz.5%2Fposts%2Fpfbid02r8q81YCLKcnRqYXiNP633uNCb1hG37V12DsSpF6U8PTwbyuDLsgcgM3pjY6ko8xhl&#038;show_text=true&#038;width=500\" width=\"500\" height=\"724\" style=\"border:none;overflow:hidden\" scrolling=\"no\" frameborder=\"0\" allowfullscreen=\"true\" allow=\"autoplay; clipboard-write; encrypted-media; picture-in-picture; web-share\"><\/iframe>\n\n\n\n<p>Asimismo, Bravo sobresali\u00f3 por su solidez detr\u00e1s del plato, su capacidad para conducir el pitcheo y su liderazgo en el terreno.&nbsp;<\/p>\n\n\n\n<p>\u201cFue un catcher respetado, ejemplo de disciplina y compromiso\u201d, precis\u00f3 sobre el exatleta, que tras su retiro ejerci\u00f3 como coach de equipos de La Habana, y luego en Miami, donde trabaj\u00f3 durante varios a\u00f1os preparando a ni\u00f1os y adolescentes.<\/p>\n\n\n\n<p>Por su parte, uno de sus grandes amigos, el estelar Juan Padilla, expres\u00f3: \u201cQu\u00e9 injusta es esta vida. Juan Bravo, El Pelao, como siempre le dije\u2026 Un hombre y amigo, presente en las buenas y en las malas. Por cosas de la vida hac\u00eda tiempo que no habl\u00e1bamos y hoy veo esta triste noticia\u2026 No tengo palabras\u201d.<\/p>\n\n\n\n<iframe loading=\"lazy\" src=\"https:\/\/www.facebook.com\/plugins\/post.php?href=https%3A%2F%2Fwww.facebook.com%2Fpermalink.php%3Fstory_fbid%3Dpfbid0snVvpJF51MNJZ3TWJc63hahZpBhj1DaB3anCHJKcFuEz9BRdfPS8TWYxqxuAG8Bhl%26id%3D61576998609964&#038;show_text=true&#038;width=500\" width=\"500\" height=\"692\" style=\"border:none;overflow:hidden\" scrolling=\"no\" frameborder=\"0\" allowfullscreen=\"true\" allow=\"autoplay; clipboard-write; encrypted-media; picture-in-picture; web-share\"><\/iframe>\n\n\n\n<p>Fue uno de los receptores m\u00e1s destacados de las Series Nacionales de B\u00e9isbol cubano en  las d\u00e9cadas de 1980 y 1990.<\/p>\n\n\n\n<p>En 17 campa\u00f1as este bateador de l\u00edneas cortas dio 700 hits, despach\u00f3 67 jonrones y termin\u00f3 con un average de .272.<\/p>\n\n\n\n<p>Se coron\u00f3 campe\u00f3n de bateo en la XXVIII Serie Nacional (temporada 1988-89), con un promedio de .414, al conectar 58 hits en 140 turnos al bate durante una campa\u00f1a que se disput\u00f3 entre el 4 de noviembre de 1988 y el 22 de enero de 1989.<\/p>\n","protected":false},"excerpt":{"rendered":"<p>Se trata de uno de los receptores m\u00e1s destacados de las Series Nacionales en las d\u00e9cadas de 1980 y 1990.<\/p>\n","protected":false},"author":30,"featured_media":242619,"comment_status":"open","ping_status":"closed","sticky":false,"template":"","format":"standard","meta":{"_acf_changed":false,"footnotes":""},"categories":[21,18,955],"tags":[11050,941,31564,32263,22603],"class_list":{"0":"post-242610","1":"post","2":"type-post","3":"status-publish","4":"format-standard","5":"has-post-thumbnail","7":"category-deportes","8":"category-noticias","9":"category-noticias-de-cuba","10":"tag-cubanos-en-miami","11":"tag-destacado","12":"tag-expelotero-cubano","13":"tag-juan-bravo","14":"tag-receptor-cubano"},"acf":[],"yoast_head":"<!-- This site is optimized with the Yoast SEO plugin v27.4 - https:\/\/yoast.com\/product\/yoast-seo-wordpress\/ -->\n<title>Expelotero cubano radicado en Miami muere durante visita a la isla - Cuballama Noticias<\/title>\n<meta name=\"description\" content=\"El expelotero cubano Juan Jos\u00e9 Bravo Prescott muri\u00f3 este lunes de un infarto durante una visita a la isla.\" \/>\n<meta name=\"robots\" content=\"index, follow, max-snippet:-1, max-image-preview:large, max-video-preview:-1\" \/>\n<link rel=\"canonical\" href=\"https:\/\/www.cuballama.com\/noticias\/expelotero-cubano-radicado-en-miami-muere-durante-visita-a-la-isla\/\" \/>\n<meta property=\"og:locale\" content=\"es_ES\" \/>\n<meta property=\"og:type\" content=\"article\" \/>\n<meta property=\"og:title\" content=\"Expelotero cubano radicado en Miami muere durante visita a la isla - Cuballama Noticias\" \/>\n<meta property=\"og:description\" content=\"El expelotero cubano Juan Jos\u00e9 Bravo Prescott muri\u00f3 este lunes de un infarto durante una visita a la isla.\" \/>\n<meta property=\"og:url\" content=\"https:\/\/www.cuballama.com\/noticias\/expelotero-cubano-radicado-en-miami-muere-durante-visita-a-la-isla\/\" \/>\n<meta property=\"og:site_name\" content=\"Cuballama Noticias\" \/>\n<meta property=\"article:publisher\" content=\"https:\/\/www.facebook.com\/CubaLlama\" \/>\n<meta property=\"article:published_time\" content=\"2026-04-28T10:00:00+00:00\" \/>\n<meta property=\"article:modified_time\" content=\"2026-04-28T11:03:42+00:00\" \/>\n<meta property=\"og:image\" content=\"https:\/\/cdn1.mediawpaccore.net\/wp-content\/uploads\/2026\/04\/28004325\/302692393_1466864330498389_3418519899309661722_n1.jpg\" \/>\n\t<meta property=\"og:image:width\" content=\"1200\" \/>\n\t<meta property=\"og:image:height\" content=\"630\" \/>\n\t<meta property=\"og:image:type\" content=\"image\/jpeg\" \/>\n<meta name=\"author\" content=\"Kathy\" \/>\n<meta name=\"twitter:card\" content=\"summary_large_image\" \/>\n<meta name=\"twitter:creator\" content=\"@cuballama\" \/>\n<meta name=\"twitter:site\" content=\"@cuballama\" \/>\n<meta name=\"twitter:label1\" content=\"Escrito por\" \/>\n\t<meta name=\"twitter:data1\" content=\"Kathy\" \/>\n\t<meta name=\"twitter:label2\" content=\"Tiempo de lectura\" \/>\n\t<meta name=\"twitter:data2\" content=\"2 minutos\" \/>\n<script type=\"application\/ld+json\" class=\"yoast-schema-graph\">{\"@context\":\"https:\\\/\\\/schema.org\",\"@graph\":[{\"@type\":\"Article\",\"@id\":\"https:\\\/\\\/www.cuballama.com\\\/noticias\\\/expelotero-cubano-radicado-en-miami-muere-durante-visita-a-la-isla\\\/#article\",\"isPartOf\":{\"@id\":\"https:\\\/\\\/www.cuballama.com\\\/noticias\\\/expelotero-cubano-radicado-en-miami-muere-durante-visita-a-la-isla\\\/\"},\"author\":{\"name\":\"Kathy\",\"@id\":\"https:\\\/\\\/www.cuballama.com\\\/noticias\\\/#\\\/schema\\\/person\\\/86cd3e3f4974437f031211213bf892d5\"},\"headline\":\"Expelotero cubano radicado en Miami muere durante visita a la isla\",\"datePublished\":\"2026-04-28T10:00:00+00:00\",\"dateModified\":\"2026-04-28T11:03:42+00:00\",\"mainEntityOfPage\":{\"@id\":\"https:\\\/\\\/www.cuballama.com\\\/noticias\\\/expelotero-cubano-radicado-en-miami-muere-durante-visita-a-la-isla\\\/\"},\"wordCount\":355,\"commentCount\":0,\"publisher\":{\"@id\":\"https:\\\/\\\/www.cuballama.com\\\/noticias\\\/#organization\"},\"image\":{\"@id\":\"https:\\\/\\\/www.cuballama.com\\\/noticias\\\/expelotero-cubano-radicado-en-miami-muere-durante-visita-a-la-isla\\\/#primaryimage\"},\"thumbnailUrl\":\"https:\\\/\\\/cdn1.mediawpaccore.net\\\/wp-content\\\/uploads\\\/2026\\\/04\\\/28004325\\\/302692393_1466864330498389_3418519899309661722_n1.jpg\",\"keywords\":[\"cubanos en Miami\",\"destacado\",\"expelotero cubano\",\"Juan Bravo\",\"receptor cubano\"],\"articleSection\":[\"Deportes\",\"Noticias\",\"Noticias de Cuba\"],\"inLanguage\":\"es\",\"potentialAction\":[{\"@type\":\"CommentAction\",\"name\":\"Comment\",\"target\":[\"https:\\\/\\\/www.cuballama.com\\\/noticias\\\/expelotero-cubano-radicado-en-miami-muere-durante-visita-a-la-isla\\\/#respond\"]}]},{\"@type\":\"WebPage\",\"@id\":\"https:\\\/\\\/www.cuballama.com\\\/noticias\\\/expelotero-cubano-radicado-en-miami-muere-durante-visita-a-la-isla\\\/\",\"url\":\"https:\\\/\\\/www.cuballama.com\\\/noticias\\\/expelotero-cubano-radicado-en-miami-muere-durante-visita-a-la-isla\\\/\",\"name\":\"Expelotero cubano radicado en Miami muere durante visita a la isla - Cuballama Noticias\",\"isPartOf\":{\"@id\":\"https:\\\/\\\/www.cuballama.com\\\/noticias\\\/#website\"},\"primaryImageOfPage\":{\"@id\":\"https:\\\/\\\/www.cuballama.com\\\/noticias\\\/expelotero-cubano-radicado-en-miami-muere-durante-visita-a-la-isla\\\/#primaryimage\"},\"image\":{\"@id\":\"https:\\\/\\\/www.cuballama.com\\\/noticias\\\/expelotero-cubano-radicado-en-miami-muere-durante-visita-a-la-isla\\\/#primaryimage\"},\"thumbnailUrl\":\"https:\\\/\\\/cdn1.mediawpaccore.net\\\/wp-content\\\/uploads\\\/2026\\\/04\\\/28004325\\\/302692393_1466864330498389_3418519899309661722_n1.jpg\",\"datePublished\":\"2026-04-28T10:00:00+00:00\",\"dateModified\":\"2026-04-28T11:03:42+00:00\",\"description\":\"El expelotero cubano Juan Jos\u00e9 Bravo Prescott muri\u00f3 este lunes de un infarto durante una visita a la isla.\",\"breadcrumb\":{\"@id\":\"https:\\\/\\\/www.cuballama.com\\\/noticias\\\/expelotero-cubano-radicado-en-miami-muere-durante-visita-a-la-isla\\\/#breadcrumb\"},\"inLanguage\":\"es\",\"potentialAction\":[{\"@type\":\"ReadAction\",\"target\":[\"https:\\\/\\\/www.cuballama.com\\\/noticias\\\/expelotero-cubano-radicado-en-miami-muere-durante-visita-a-la-isla\\\/\"]}]},{\"@type\":\"ImageObject\",\"inLanguage\":\"es\",\"@id\":\"https:\\\/\\\/www.cuballama.com\\\/noticias\\\/expelotero-cubano-radicado-en-miami-muere-durante-visita-a-la-isla\\\/#primaryimage\",\"url\":\"https:\\\/\\\/cdn1.mediawpaccore.net\\\/wp-content\\\/uploads\\\/2026\\\/04\\\/28004325\\\/302692393_1466864330498389_3418519899309661722_n1.jpg\",\"contentUrl\":\"https:\\\/\\\/cdn1.mediawpaccore.net\\\/wp-content\\\/uploads\\\/2026\\\/04\\\/28004325\\\/302692393_1466864330498389_3418519899309661722_n1.jpg\",\"width\":1200,\"height\":630,\"caption\":\"Juan Jos\u00e9 Bravo Prescott. Foto: Facebook\\\/Juan Jos\u00e9 Bravo Prescott.\"},{\"@type\":\"BreadcrumbList\",\"@id\":\"https:\\\/\\\/www.cuballama.com\\\/noticias\\\/expelotero-cubano-radicado-en-miami-muere-durante-visita-a-la-isla\\\/#breadcrumb\",\"itemListElement\":[{\"@type\":\"ListItem\",\"position\":1,\"name\":\"Home\",\"item\":\"https:\\\/\\\/www.cuballama.com\\\/noticias\\\/\"},{\"@type\":\"ListItem\",\"position\":2,\"name\":\"Expelotero cubano radicado en Miami muere durante visita a la isla\"}]},{\"@type\":\"WebSite\",\"@id\":\"https:\\\/\\\/www.cuballama.com\\\/noticias\\\/#website\",\"url\":\"https:\\\/\\\/www.cuballama.com\\\/noticias\\\/\",\"name\":\"Cuballama Noticias\",\"description\":\"Medio digital sobre Cuba y el mundo\",\"publisher\":{\"@id\":\"https:\\\/\\\/www.cuballama.com\\\/noticias\\\/#organization\"},\"potentialAction\":[{\"@type\":\"SearchAction\",\"target\":{\"@type\":\"EntryPoint\",\"urlTemplate\":\"https:\\\/\\\/www.cuballama.com\\\/noticias\\\/?s={search_term_string}\"},\"query-input\":{\"@type\":\"PropertyValueSpecification\",\"valueRequired\":true,\"valueName\":\"search_term_string\"}}],\"inLanguage\":\"es\"},{\"@type\":\"Organization\",\"@id\":\"https:\\\/\\\/www.cuballama.com\\\/noticias\\\/#organization\",\"name\":\"Cuballama\",\"url\":\"https:\\\/\\\/www.cuballama.com\\\/noticias\\\/\",\"logo\":{\"@type\":\"ImageObject\",\"inLanguage\":\"es\",\"@id\":\"https:\\\/\\\/www.cuballama.com\\\/noticias\\\/#\\\/schema\\\/logo\\\/image\\\/\",\"url\":\"https:\\\/\\\/cdn1.mediawpaccore.net\\\/wp-content\\\/uploads\\\/2021\\\/12\\\/28171206\\\/cbll-logo-color-sm.png\",\"contentUrl\":\"https:\\\/\\\/cdn1.mediawpaccore.net\\\/wp-content\\\/uploads\\\/2021\\\/12\\\/28171206\\\/cbll-logo-color-sm.png\",\"width\":600,\"height\":133,\"caption\":\"Cuballama\"},\"image\":{\"@id\":\"https:\\\/\\\/www.cuballama.com\\\/noticias\\\/#\\\/schema\\\/logo\\\/image\\\/\"},\"sameAs\":[\"https:\\\/\\\/www.facebook.com\\\/CubaLlama\",\"https:\\\/\\\/x.com\\\/cuballama\",\"https:\\\/\\\/www.instagram.com\\\/stories\\\/cuballama_oficial\\\/\",\"https:\\\/\\\/www.youtube.com\\\/channel\\\/UCKkFE-d_axENGZcrc4as0IA\"]},{\"@type\":\"Person\",\"@id\":\"https:\\\/\\\/www.cuballama.com\\\/noticias\\\/#\\\/schema\\\/person\\\/86cd3e3f4974437f031211213bf892d5\",\"name\":\"Kathy\",\"url\":\"https:\\\/\\\/www.cuballama.com\\\/noticias\\\/author\\\/kathy\\\/\"}]}<\/script>\n<!-- \/ Yoast SEO plugin. -->","yoast_head_json":{"title":"Expelotero cubano radicado en Miami muere durante visita a la isla - Cuballama Noticias","description":"El expelotero cubano Juan Jos\u00e9 Bravo Prescott muri\u00f3 este lunes de un infarto durante una visita a la isla.","robots":{"index":"index","follow":"follow","max-snippet":"max-snippet:-1","max-image-preview":"max-image-preview:large","max-video-preview":"max-video-preview:-1"},"canonical":"https:\/\/www.cuballama.com\/noticias\/expelotero-cubano-radicado-en-miami-muere-durante-visita-a-la-isla\/","og_locale":"es_ES","og_type":"article","og_title":"Expelotero cubano radicado en Miami muere durante visita a la isla - Cuballama Noticias","og_description":"El expelotero cubano Juan Jos\u00e9 Bravo Prescott muri\u00f3 este lunes de un infarto durante una visita a la isla.","og_url":"https:\/\/www.cuballama.com\/noticias\/expelotero-cubano-radicado-en-miami-muere-durante-visita-a-la-isla\/","og_site_name":"Cuballama Noticias","article_publisher":"https:\/\/www.facebook.com\/CubaLlama","article_published_time":"2026-04-28T10:00:00+00:00","article_modified_time":"2026-04-28T11:03:42+00:00","og_image":[{"width":1200,"height":630,"url":"https:\/\/cdn1.mediawpaccore.net\/wp-content\/uploads\/2026\/04\/28004325\/302692393_1466864330498389_3418519899309661722_n1.jpg","type":"image\/jpeg"}],"author":"Kathy","twitter_card":"summary_large_image","twitter_creator":"@cuballama","twitter_site":"@cuballama","twitter_misc":{"Escrito por":"Kathy","Tiempo de lectura":"2 minutos"},"schema":{"@context":"https:\/\/schema.org","@graph":[{"@type":"Article","@id":"https:\/\/www.cuballama.com\/noticias\/expelotero-cubano-radicado-en-miami-muere-durante-visita-a-la-isla\/#article","isPartOf":{"@id":"https:\/\/www.cuballama.com\/noticias\/expelotero-cubano-radicado-en-miami-muere-durante-visita-a-la-isla\/"},"author":{"name":"Kathy","@id":"https:\/\/www.cuballama.com\/noticias\/#\/schema\/person\/86cd3e3f4974437f031211213bf892d5"},"headline":"Expelotero cubano radicado en Miami muere durante visita a la isla","datePublished":"2026-04-28T10:00:00+00:00","dateModified":"2026-04-28T11:03:42+00:00","mainEntityOfPage":{"@id":"https:\/\/www.cuballama.com\/noticias\/expelotero-cubano-radicado-en-miami-muere-durante-visita-a-la-isla\/"},"wordCount":355,"commentCount":0,"publisher":{"@id":"https:\/\/www.cuballama.com\/noticias\/#organization"},"image":{"@id":"https:\/\/www.cuballama.com\/noticias\/expelotero-cubano-radicado-en-miami-muere-durante-visita-a-la-isla\/#primaryimage"},"thumbnailUrl":"https:\/\/cdn1.mediawpaccore.net\/wp-content\/uploads\/2026\/04\/28004325\/302692393_1466864330498389_3418519899309661722_n1.jpg","keywords":["cubanos en Miami","destacado","expelotero cubano","Juan Bravo","receptor cubano"],"articleSection":["Deportes","Noticias","Noticias de Cuba"],"inLanguage":"es","potentialAction":[{"@type":"CommentAction","name":"Comment","target":["https:\/\/www.cuballama.com\/noticias\/expelotero-cubano-radicado-en-miami-muere-durante-visita-a-la-isla\/#respond"]}]},{"@type":"WebPage","@id":"https:\/\/www.cuballama.com\/noticias\/expelotero-cubano-radicado-en-miami-muere-durante-visita-a-la-isla\/","url":"https:\/\/www.cuballama.com\/noticias\/expelotero-cubano-radicado-en-miami-muere-durante-visita-a-la-isla\/","name":"Expelotero cubano radicado en Miami muere durante visita a la isla - Cuballama Noticias","isPartOf":{"@id":"https:\/\/www.cuballama.com\/noticias\/#website"},"primaryImageOfPage":{"@id":"https:\/\/www.cuballama.com\/noticias\/expelotero-cubano-radicado-en-miami-muere-durante-visita-a-la-isla\/#primaryimage"},"image":{"@id":"https:\/\/www.cuballama.com\/noticias\/expelotero-cubano-radicado-en-miami-muere-durante-visita-a-la-isla\/#primaryimage"},"thumbnailUrl":"https:\/\/cdn1.mediawpaccore.net\/wp-content\/uploads\/2026\/04\/28004325\/302692393_1466864330498389_3418519899309661722_n1.jpg","datePublished":"2026-04-28T10:00:00+00:00","dateModified":"2026-04-28T11:03:42+00:00","description":"El expelotero cubano Juan Jos\u00e9 Bravo Prescott muri\u00f3 este lunes de un infarto durante una visita a la isla.","breadcrumb":{"@id":"https:\/\/www.cuballama.com\/noticias\/expelotero-cubano-radicado-en-miami-muere-durante-visita-a-la-isla\/#breadcrumb"},"inLanguage":"es","potentialAction":[{"@type":"ReadAction","target":["https:\/\/www.cuballama.com\/noticias\/expelotero-cubano-radicado-en-miami-muere-durante-visita-a-la-isla\/"]}]},{"@type":"ImageObject","inLanguage":"es","@id":"https:\/\/www.cuballama.com\/noticias\/expelotero-cubano-radicado-en-miami-muere-durante-visita-a-la-isla\/#primaryimage","url":"https:\/\/cdn1.mediawpaccore.net\/wp-content\/uploads\/2026\/04\/28004325\/302692393_1466864330498389_3418519899309661722_n1.jpg","contentUrl":"https:\/\/cdn1.mediawpaccore.net\/wp-content\/uploads\/2026\/04\/28004325\/302692393_1466864330498389_3418519899309661722_n1.jpg","width":1200,"height":630,"caption":"Juan Jos\u00e9 Bravo Prescott. Foto: Facebook\/Juan Jos\u00e9 Bravo Prescott."},{"@type":"BreadcrumbList","@id":"https:\/\/www.cuballama.com\/noticias\/expelotero-cubano-radicado-en-miami-muere-durante-visita-a-la-isla\/#breadcrumb","itemListElement":[{"@type":"ListItem","position":1,"name":"Home","item":"https:\/\/www.cuballama.com\/noticias\/"},{"@type":"ListItem","position":2,"name":"Expelotero cubano radicado en Miami muere durante visita a la isla"}]},{"@type":"WebSite","@id":"https:\/\/www.cuballama.com\/noticias\/#website","url":"https:\/\/www.cuballama.com\/noticias\/","name":"Cuballama Noticias","description":"Medio digital sobre Cuba y el mundo","publisher":{"@id":"https:\/\/www.cuballama.com\/noticias\/#organization"},"potentialAction":[{"@type":"SearchAction","target":{"@type":"EntryPoint","urlTemplate":"https:\/\/www.cuballama.com\/noticias\/?s={search_term_string}"},"query-input":{"@type":"PropertyValueSpecification","valueRequired":true,"valueName":"search_term_string"}}],"inLanguage":"es"},{"@type":"Organization","@id":"https:\/\/www.cuballama.com\/noticias\/#organization","name":"Cuballama","url":"https:\/\/www.cuballama.com\/noticias\/","logo":{"@type":"ImageObject","inLanguage":"es","@id":"https:\/\/www.cuballama.com\/noticias\/#\/schema\/logo\/image\/","url":"https:\/\/cdn1.mediawpaccore.net\/wp-content\/uploads\/2021\/12\/28171206\/cbll-logo-color-sm.png","contentUrl":"https:\/\/cdn1.mediawpaccore.net\/wp-content\/uploads\/2021\/12\/28171206\/cbll-logo-color-sm.png","width":600,"height":133,"caption":"Cuballama"},"image":{"@id":"https:\/\/www.cuballama.com\/noticias\/#\/schema\/logo\/image\/"},"sameAs":["https:\/\/www.facebook.com\/CubaLlama","https:\/\/x.com\/cuballama","https:\/\/www.instagram.com\/stories\/cuballama_oficial\/","https:\/\/www.youtube.com\/channel\/UCKkFE-d_axENGZcrc4as0IA"]},{"@type":"Person","@id":"https:\/\/www.cuballama.com\/noticias\/#\/schema\/person\/86cd3e3f4974437f031211213bf892d5","name":"Kathy","url":"https:\/\/www.cuballama.com\/noticias\/author\/kathy\/"}]}},"_links":{"self":[{"href":"https:\/\/www.cuballama.com\/noticias\/wp-json\/wp\/v2\/posts\/242610","targetHints":{"allow":["GET"]}}],"collection":[{"href":"https:\/\/www.cuballama.com\/noticias\/wp-json\/wp\/v2\/posts"}],"about":[{"href":"https:\/\/www.cuballama.com\/noticias\/wp-json\/wp\/v2\/types\/post"}],"author":[{"embeddable":true,"href":"https:\/\/www.cuballama.com\/noticias\/wp-json\/wp\/v2\/users\/30"}],"replies":[{"embeddable":true,"href":"https:\/\/www.cuballama.com\/noticias\/wp-json\/wp\/v2\/comments?post=242610"}],"version-history":[{"count":9,"href":"https:\/\/www.cuballama.com\/noticias\/wp-json\/wp\/v2\/posts\/242610\/revisions"}],"predecessor-version":[{"id":242627,"href":"https:\/\/www.cuballama.com\/noticias\/wp-json\/wp\/v2\/posts\/242610\/revisions\/242627"}],"wp:featuredmedia":[{"embeddable":true,"href":"https:\/\/www.cuballama.com\/noticias\/wp-json\/wp\/v2\/media\/242619"}],"wp:attachment":[{"href":"https:\/\/www.cuballama.com\/noticias\/wp-json\/wp\/v2\/media?parent=242610"}],"wp:term":[{"taxonomy":"category","embeddable":true,"href":"https:\/\/www.cuballama.com\/noticias\/wp-json\/wp\/v2\/categories?post=242610"},{"taxonomy":"post_tag","embeddable":true,"href":"https:\/\/www.cuballama.com\/noticias\/wp-json\/wp\/v2\/tags?post=242610"}],"curies":[{"name":"wp","href":"https:\/\/api.w.org\/{rel}","templated":true}]}}