{"id":242588,"date":"2026-04-27T13:51:55","date_gmt":"2026-04-27T17:51:55","guid":{"rendered":"https:\/\/www.cuballama.com\/noticias\/?p=242588"},"modified":"2026-04-27T13:59:00","modified_gmt":"2026-04-27T17:59:00","slug":"puro-rosa-el-chacal-sorprende-a-su-hija-paris-con-un-cuarto-hecho-por-el-mismo","status":"publish","type":"post","link":"https:\/\/www.cuballama.com\/noticias\/puro-rosa-el-chacal-sorprende-a-su-hija-paris-con-un-cuarto-hecho-por-el-mismo\/","title":{"rendered":"\u00a1Puro rosa! El Chacal sorprende a su hija Par\u00eds con un cuarto hecho por \u00e9l mismo"},"content":{"rendered":"\n<p>Detr\u00e1s de la imagen de \u00abEl Demonio de la Fama\u00bb se esconde un hombre que no teme cambiar el micr\u00f3fono por la brocha y el martillo cuando se trata de su hija. <strong>El Chacal<\/strong> ha vuelto a conmover a sus seguidores al mostrar la reacci\u00f3n de la peque\u00f1a <strong>Par\u00eds<\/strong> al descubrir su nueva habitaci\u00f3n, un espacio dise\u00f1ado, pintado y amueblado personalmente por el reguetonero.<\/p>\n\n\n\n<p>El momento, capturado en la cuenta familiar <strong>@los_chacalitos2<\/strong>, es el desenlace de una serie de videos donde se ve\u00eda al cantante en plena faena: lijando, pintando y armando muebles. Fiel a su filosof\u00eda de vida fuera del escenario, el artista dej\u00f3 una reflexi\u00f3n que cal\u00f3 hondo entre sus fans: <strong>\u00abLas personas tienen que entender que el Chacal cuando llega aqu\u00ed es pap\u00e1. Estoy armando la cama. Pint\u00e9 el cuarto tambi\u00e9n, y todo ese regadero de mu\u00f1ecas lo compr\u00e9\u00bb<\/strong>.<\/p>\n\n\n\n<blockquote class=\"tiktok-embed\" cite=\"https:\/\/www.tiktok.com\/@los_chacalitos2\/video\/7632775717935205646\" data-video-id=\"7632775717935205646\" style=\"max-width: 605px;min-width: 325px;\" > <section> <a target=\"_blank\" title=\"@los_chacalitos2\" href=\"https:\/\/www.tiktok.com\/@los_chacalitos2?refer=embed\">@los_chacalitos2<\/a> <a title=\"amor\u2764\ufe0f\" target=\"_blank\" href=\"https:\/\/www.tiktok.com\/tag\/amor%E2%9D%A4%EF%B8%8F?refer=embed\">#amor\u2764\ufe0f<\/a> <a title=\"familia\" target=\"_blank\" href=\"https:\/\/www.tiktok.com\/tag\/familia?refer=embed\">#familia<\/a> <a target=\"_blank\" title=\"\u266c sonido original - \ud83d\udee9\u23f3\ufe0f\ud83e\uddf3\" href=\"https:\/\/www.tiktok.com\/music\/sonido-original-7302222389571554053?refer=embed\">\u266c sonido original &#8211; \ud83d\udee9\u23f3\ufe0f\ud83e\uddf3<\/a> <\/section> <\/blockquote> <script async src=\"https:\/\/www.tiktok.com\/embed.js\"><\/script>\n\n\n\n<p>En el clip m\u00e1s reciente, se escucha a su esposa, <strong>Anisleidys Vald\u00e9s (La Leidy)<\/strong>, guiando a la peque\u00f1a hacia la sorpresa: <strong>\u00abEstoy aqu\u00ed. Aqu\u00ed en el cuarto de Par\u00eds\u00bb<\/strong>. La expresi\u00f3n de asombro de la ni\u00f1a al ver su \u00abreino\u00bb rosa, repleto de mu\u00f1ecas y una cama nueva, desat\u00f3 la euforia en redes, logrando m\u00e1s de 16,700 likes en pocas horas.<\/p>\n\n\n\n<p>Sin embargo, no todo fue solemnidad. La Leidy le puso el toque de humor a la situaci\u00f3n al ver la cantidad de regalos que el reguetonero acumul\u00f3 para la ni\u00f1a, lanz\u00e1ndole un reclamo con el que muchas madres se identificar\u00e1n: <strong>\u00abYo te dije que no compres m\u00e1s juguetes, que aqu\u00ed no cabe m\u00e1s nada\u00bb<\/strong>.<\/p>\n\n\n\n<p>La transformaci\u00f3n de Ram\u00f3n Lavado Mart\u00ednez (nombre real del artista) en un <strong><a href=\"https:\/\/www.cuballama.com\/noticias\/paris-la-bebe-de-el-chacal-se-hace-viral-en-instagram-por-este-juego-que-hace-con-su-padre-esa-es-la-verdadera-riqueza-la-familia\/\" type=\"link\" id=\"https:\/\/www.cuballama.com\/noticias\/paris-la-bebe-de-el-chacal-se-hace-viral-en-instagram-por-este-juego-que-hace-con-su-padre-esa-es-la-verdadera-riqueza-la-familia\/\" target=\"_blank\" rel=\"noreferrer noopener\">\u00abpap\u00e1 ejemplar\u00bb<\/a><\/strong> ha generado una ola de comentarios que celebran su madurez: \u00abEse pap\u00e1 est\u00e1 babeado con su ni\u00f1a\u00bb, \u00abEl Chacal est\u00e1 en su mejor versi\u00f3n\u00bb y \u00abQuien lo iba a imaginar, el Chacal de Cuba iba a ser tremendo pap\u00e1, tan loco que se ve\u00eda\u00bb.<\/p>\n\n\n\n<p>Otros destacaron la personalidad de Par\u00eds, quien naci\u00f3 en noviembre de 2023: <strong>\u00abElla es tan alegre, y a la vez agradecida\u00bb<\/strong>, <strong>\u00abQue bello su cuarto, bendiciones miles\u00bb<\/strong> y <strong>\u00abAs\u00ed son ellas, que linda con todo pink\u00bb<\/strong>.<\/p>\n\n\n\n<p>Esta no es una faceta nueva para el int\u00e9rprete. Ya lo hemos visto en escenas virales tomando el t\u00e9 con Par\u00eds o incluso limpiando el patio de su casa tras una noche de concierto. Al final del d\u00eda, parece que la verdadera clave del \u00e9xito de El Chacal no son solo sus hits, sino esa dualidad entre el artista indomable y el padre que se desvive por ver a sus hijos, Milan y Par\u00eds, felices en un cuarto pintado por \u00e9l mismo.<\/p>\n","protected":false},"excerpt":{"rendered":"<p>El Chacal muestra su faceta m\u00e1s paternal al remodelar personalmente la habitaci\u00f3n de su hija Par\u00eds, mira el emotivo video.<\/p>\n","protected":false},"author":29,"featured_media":242595,"comment_status":"open","ping_status":"closed","sticky":false,"template":"","format":"standard","meta":{"_acf_changed":false,"footnotes":""},"categories":[443],"tags":[11050,266,32261,6160],"class_list":{"0":"post-242588","1":"post","2":"type-post","3":"status-publish","4":"format-standard","5":"has-post-thumbnail","7":"category-farandula","8":"tag-cubanos-en-miami","9":"tag-el-chacal","10":"tag-hijos-de-el-chacal","11":"tag-reguetoneros-cubanos"},"acf":[],"yoast_head":"<!-- This site is optimized with the Yoast SEO plugin v27.4 - https:\/\/yoast.com\/product\/yoast-seo-wordpress\/ -->\n<title>\u00a1Puro rosa! El Chacal sorprende a su hija Par\u00eds con un cuarto hecho por \u00e9l mismo - Cuballama Noticias<\/title>\n<meta name=\"description\" content=\"El Chacal muestra su faceta m\u00e1s paternal al remodelar personalmente la habitaci\u00f3n de su hija Par\u00eds, mira el emotivo video.\" \/>\n<meta name=\"robots\" content=\"index, follow, max-snippet:-1, max-image-preview:large, max-video-preview:-1\" \/>\n<link rel=\"canonical\" href=\"https:\/\/www.cuballama.com\/noticias\/puro-rosa-el-chacal-sorprende-a-su-hija-paris-con-un-cuarto-hecho-por-el-mismo\/\" \/>\n<meta property=\"og:locale\" content=\"es_ES\" \/>\n<meta property=\"og:type\" content=\"article\" \/>\n<meta property=\"og:title\" content=\"\u00a1Puro rosa! El Chacal sorprende a su hija Par\u00eds con un cuarto hecho por \u00e9l mismo - Cuballama Noticias\" \/>\n<meta property=\"og:description\" content=\"El Chacal muestra su faceta m\u00e1s paternal al remodelar personalmente la habitaci\u00f3n de su hija Par\u00eds, mira el emotivo video.\" \/>\n<meta property=\"og:url\" content=\"https:\/\/www.cuballama.com\/noticias\/puro-rosa-el-chacal-sorprende-a-su-hija-paris-con-un-cuarto-hecho-por-el-mismo\/\" \/>\n<meta property=\"og:site_name\" content=\"Cuballama Noticias\" \/>\n<meta property=\"article:publisher\" content=\"https:\/\/www.facebook.com\/CubaLlama\" \/>\n<meta property=\"article:published_time\" content=\"2026-04-27T17:51:55+00:00\" \/>\n<meta property=\"article:modified_time\" content=\"2026-04-27T17:59:00+00:00\" \/>\n<meta property=\"og:image\" content=\"https:\/\/cdn1.mediawpaccore.net\/wp-content\/uploads\/2026\/04\/27134534\/Diseno-sin-titulo-146-1024x589.png\" \/>\n\t<meta property=\"og:image:width\" content=\"1024\" \/>\n\t<meta property=\"og:image:height\" content=\"589\" \/>\n\t<meta property=\"og:image:type\" content=\"image\/png\" \/>\n<meta name=\"author\" content=\"Sof\u00eda Reyes\" \/>\n<meta name=\"twitter:card\" content=\"summary_large_image\" \/>\n<meta name=\"twitter:creator\" content=\"@cuballama\" \/>\n<meta name=\"twitter:site\" content=\"@cuballama\" \/>\n<meta name=\"twitter:label1\" content=\"Escrito por\" \/>\n\t<meta name=\"twitter:data1\" content=\"Sof\u00eda Reyes\" \/>\n\t<meta name=\"twitter:label2\" content=\"Tiempo de lectura\" \/>\n\t<meta name=\"twitter:data2\" content=\"3 minutos\" \/>\n<script type=\"application\/ld+json\" class=\"yoast-schema-graph\">{\"@context\":\"https:\\\/\\\/schema.org\",\"@graph\":[{\"@type\":\"Article\",\"@id\":\"https:\\\/\\\/www.cuballama.com\\\/noticias\\\/puro-rosa-el-chacal-sorprende-a-su-hija-paris-con-un-cuarto-hecho-por-el-mismo\\\/#article\",\"isPartOf\":{\"@id\":\"https:\\\/\\\/www.cuballama.com\\\/noticias\\\/puro-rosa-el-chacal-sorprende-a-su-hija-paris-con-un-cuarto-hecho-por-el-mismo\\\/\"},\"author\":{\"name\":\"Sof\u00eda Reyes\",\"@id\":\"https:\\\/\\\/www.cuballama.com\\\/noticias\\\/#\\\/schema\\\/person\\\/5cba2b8cc25a3159e49fe730a94d512e\"},\"headline\":\"\u00a1Puro rosa! El Chacal sorprende a su hija Par\u00eds con un cuarto hecho por \u00e9l mismo\",\"datePublished\":\"2026-04-27T17:51:55+00:00\",\"dateModified\":\"2026-04-27T17:59:00+00:00\",\"mainEntityOfPage\":{\"@id\":\"https:\\\/\\\/www.cuballama.com\\\/noticias\\\/puro-rosa-el-chacal-sorprende-a-su-hija-paris-con-un-cuarto-hecho-por-el-mismo\\\/\"},\"wordCount\":493,\"commentCount\":0,\"publisher\":{\"@id\":\"https:\\\/\\\/www.cuballama.com\\\/noticias\\\/#organization\"},\"image\":{\"@id\":\"https:\\\/\\\/www.cuballama.com\\\/noticias\\\/puro-rosa-el-chacal-sorprende-a-su-hija-paris-con-un-cuarto-hecho-por-el-mismo\\\/#primaryimage\"},\"thumbnailUrl\":\"https:\\\/\\\/cdn1.mediawpaccore.net\\\/wp-content\\\/uploads\\\/2026\\\/04\\\/27134534\\\/Diseno-sin-titulo-146.png\",\"keywords\":[\"cubanos en Miami\",\"El Chacal\",\"hijos de El Chacal\",\"Reguetoneros cubanos\"],\"articleSection\":[\"Far\u00e1ndula\"],\"inLanguage\":\"es\",\"potentialAction\":[{\"@type\":\"CommentAction\",\"name\":\"Comment\",\"target\":[\"https:\\\/\\\/www.cuballama.com\\\/noticias\\\/puro-rosa-el-chacal-sorprende-a-su-hija-paris-con-un-cuarto-hecho-por-el-mismo\\\/#respond\"]}]},{\"@type\":\"WebPage\",\"@id\":\"https:\\\/\\\/www.cuballama.com\\\/noticias\\\/puro-rosa-el-chacal-sorprende-a-su-hija-paris-con-un-cuarto-hecho-por-el-mismo\\\/\",\"url\":\"https:\\\/\\\/www.cuballama.com\\\/noticias\\\/puro-rosa-el-chacal-sorprende-a-su-hija-paris-con-un-cuarto-hecho-por-el-mismo\\\/\",\"name\":\"\u00a1Puro rosa! El Chacal sorprende a su hija Par\u00eds con un cuarto hecho por \u00e9l mismo - Cuballama Noticias\",\"isPartOf\":{\"@id\":\"https:\\\/\\\/www.cuballama.com\\\/noticias\\\/#website\"},\"primaryImageOfPage\":{\"@id\":\"https:\\\/\\\/www.cuballama.com\\\/noticias\\\/puro-rosa-el-chacal-sorprende-a-su-hija-paris-con-un-cuarto-hecho-por-el-mismo\\\/#primaryimage\"},\"image\":{\"@id\":\"https:\\\/\\\/www.cuballama.com\\\/noticias\\\/puro-rosa-el-chacal-sorprende-a-su-hija-paris-con-un-cuarto-hecho-por-el-mismo\\\/#primaryimage\"},\"thumbnailUrl\":\"https:\\\/\\\/cdn1.mediawpaccore.net\\\/wp-content\\\/uploads\\\/2026\\\/04\\\/27134534\\\/Diseno-sin-titulo-146.png\",\"datePublished\":\"2026-04-27T17:51:55+00:00\",\"dateModified\":\"2026-04-27T17:59:00+00:00\",\"description\":\"El Chacal muestra su faceta m\u00e1s paternal al remodelar personalmente la habitaci\u00f3n de su hija Par\u00eds, mira el emotivo video.\",\"breadcrumb\":{\"@id\":\"https:\\\/\\\/www.cuballama.com\\\/noticias\\\/puro-rosa-el-chacal-sorprende-a-su-hija-paris-con-un-cuarto-hecho-por-el-mismo\\\/#breadcrumb\"},\"inLanguage\":\"es\",\"potentialAction\":[{\"@type\":\"ReadAction\",\"target\":[\"https:\\\/\\\/www.cuballama.com\\\/noticias\\\/puro-rosa-el-chacal-sorprende-a-su-hija-paris-con-un-cuarto-hecho-por-el-mismo\\\/\"]}]},{\"@type\":\"ImageObject\",\"inLanguage\":\"es\",\"@id\":\"https:\\\/\\\/www.cuballama.com\\\/noticias\\\/puro-rosa-el-chacal-sorprende-a-su-hija-paris-con-un-cuarto-hecho-por-el-mismo\\\/#primaryimage\",\"url\":\"https:\\\/\\\/cdn1.mediawpaccore.net\\\/wp-content\\\/uploads\\\/2026\\\/04\\\/27134534\\\/Diseno-sin-titulo-146.png\",\"contentUrl\":\"https:\\\/\\\/cdn1.mediawpaccore.net\\\/wp-content\\\/uploads\\\/2026\\\/04\\\/27134534\\\/Diseno-sin-titulo-146.png\",\"width\":1949,\"height\":1122,\"caption\":\"Fotos tomadas del perfil de TikTok de Los Chacalitos\"},{\"@type\":\"BreadcrumbList\",\"@id\":\"https:\\\/\\\/www.cuballama.com\\\/noticias\\\/puro-rosa-el-chacal-sorprende-a-su-hija-paris-con-un-cuarto-hecho-por-el-mismo\\\/#breadcrumb\",\"itemListElement\":[{\"@type\":\"ListItem\",\"position\":1,\"name\":\"Home\",\"item\":\"https:\\\/\\\/www.cuballama.com\\\/noticias\\\/\"},{\"@type\":\"ListItem\",\"position\":2,\"name\":\"\u00a1Puro rosa! El Chacal sorprende a su hija Par\u00eds con un cuarto hecho por \u00e9l mismo\"}]},{\"@type\":\"WebSite\",\"@id\":\"https:\\\/\\\/www.cuballama.com\\\/noticias\\\/#website\",\"url\":\"https:\\\/\\\/www.cuballama.com\\\/noticias\\\/\",\"name\":\"Cuballama Noticias\",\"description\":\"Medio digital sobre Cuba y el mundo\",\"publisher\":{\"@id\":\"https:\\\/\\\/www.cuballama.com\\\/noticias\\\/#organization\"},\"potentialAction\":[{\"@type\":\"SearchAction\",\"target\":{\"@type\":\"EntryPoint\",\"urlTemplate\":\"https:\\\/\\\/www.cuballama.com\\\/noticias\\\/?s={search_term_string}\"},\"query-input\":{\"@type\":\"PropertyValueSpecification\",\"valueRequired\":true,\"valueName\":\"search_term_string\"}}],\"inLanguage\":\"es\"},{\"@type\":\"Organization\",\"@id\":\"https:\\\/\\\/www.cuballama.com\\\/noticias\\\/#organization\",\"name\":\"Cuballama\",\"url\":\"https:\\\/\\\/www.cuballama.com\\\/noticias\\\/\",\"logo\":{\"@type\":\"ImageObject\",\"inLanguage\":\"es\",\"@id\":\"https:\\\/\\\/www.cuballama.com\\\/noticias\\\/#\\\/schema\\\/logo\\\/image\\\/\",\"url\":\"https:\\\/\\\/cdn1.mediawpaccore.net\\\/wp-content\\\/uploads\\\/2021\\\/12\\\/28171206\\\/cbll-logo-color-sm.png\",\"contentUrl\":\"https:\\\/\\\/cdn1.mediawpaccore.net\\\/wp-content\\\/uploads\\\/2021\\\/12\\\/28171206\\\/cbll-logo-color-sm.png\",\"width\":600,\"height\":133,\"caption\":\"Cuballama\"},\"image\":{\"@id\":\"https:\\\/\\\/www.cuballama.com\\\/noticias\\\/#\\\/schema\\\/logo\\\/image\\\/\"},\"sameAs\":[\"https:\\\/\\\/www.facebook.com\\\/CubaLlama\",\"https:\\\/\\\/x.com\\\/cuballama\",\"https:\\\/\\\/www.instagram.com\\\/stories\\\/cuballama_oficial\\\/\",\"https:\\\/\\\/www.youtube.com\\\/channel\\\/UCKkFE-d_axENGZcrc4as0IA\"]},{\"@type\":\"Person\",\"@id\":\"https:\\\/\\\/www.cuballama.com\\\/noticias\\\/#\\\/schema\\\/person\\\/5cba2b8cc25a3159e49fe730a94d512e\",\"name\":\"Sof\u00eda Reyes\",\"url\":\"https:\\\/\\\/www.cuballama.com\\\/noticias\\\/author\\\/laura\\\/\"}]}<\/script>\n<!-- \/ Yoast SEO plugin. -->","yoast_head_json":{"title":"\u00a1Puro rosa! El Chacal sorprende a su hija Par\u00eds con un cuarto hecho por \u00e9l mismo - Cuballama Noticias","description":"El Chacal muestra su faceta m\u00e1s paternal al remodelar personalmente la habitaci\u00f3n de su hija Par\u00eds, mira el emotivo video.","robots":{"index":"index","follow":"follow","max-snippet":"max-snippet:-1","max-image-preview":"max-image-preview:large","max-video-preview":"max-video-preview:-1"},"canonical":"https:\/\/www.cuballama.com\/noticias\/puro-rosa-el-chacal-sorprende-a-su-hija-paris-con-un-cuarto-hecho-por-el-mismo\/","og_locale":"es_ES","og_type":"article","og_title":"\u00a1Puro rosa! El Chacal sorprende a su hija Par\u00eds con un cuarto hecho por \u00e9l mismo - Cuballama Noticias","og_description":"El Chacal muestra su faceta m\u00e1s paternal al remodelar personalmente la habitaci\u00f3n de su hija Par\u00eds, mira el emotivo video.","og_url":"https:\/\/www.cuballama.com\/noticias\/puro-rosa-el-chacal-sorprende-a-su-hija-paris-con-un-cuarto-hecho-por-el-mismo\/","og_site_name":"Cuballama Noticias","article_publisher":"https:\/\/www.facebook.com\/CubaLlama","article_published_time":"2026-04-27T17:51:55+00:00","article_modified_time":"2026-04-27T17:59:00+00:00","og_image":[{"width":1024,"height":589,"url":"https:\/\/cdn1.mediawpaccore.net\/wp-content\/uploads\/2026\/04\/27134534\/Diseno-sin-titulo-146-1024x589.png","type":"image\/png"}],"author":"Sof\u00eda Reyes","twitter_card":"summary_large_image","twitter_creator":"@cuballama","twitter_site":"@cuballama","twitter_misc":{"Escrito por":"Sof\u00eda Reyes","Tiempo de lectura":"3 minutos"},"schema":{"@context":"https:\/\/schema.org","@graph":[{"@type":"Article","@id":"https:\/\/www.cuballama.com\/noticias\/puro-rosa-el-chacal-sorprende-a-su-hija-paris-con-un-cuarto-hecho-por-el-mismo\/#article","isPartOf":{"@id":"https:\/\/www.cuballama.com\/noticias\/puro-rosa-el-chacal-sorprende-a-su-hija-paris-con-un-cuarto-hecho-por-el-mismo\/"},"author":{"name":"Sof\u00eda Reyes","@id":"https:\/\/www.cuballama.com\/noticias\/#\/schema\/person\/5cba2b8cc25a3159e49fe730a94d512e"},"headline":"\u00a1Puro rosa! El Chacal sorprende a su hija Par\u00eds con un cuarto hecho por \u00e9l mismo","datePublished":"2026-04-27T17:51:55+00:00","dateModified":"2026-04-27T17:59:00+00:00","mainEntityOfPage":{"@id":"https:\/\/www.cuballama.com\/noticias\/puro-rosa-el-chacal-sorprende-a-su-hija-paris-con-un-cuarto-hecho-por-el-mismo\/"},"wordCount":493,"commentCount":0,"publisher":{"@id":"https:\/\/www.cuballama.com\/noticias\/#organization"},"image":{"@id":"https:\/\/www.cuballama.com\/noticias\/puro-rosa-el-chacal-sorprende-a-su-hija-paris-con-un-cuarto-hecho-por-el-mismo\/#primaryimage"},"thumbnailUrl":"https:\/\/cdn1.mediawpaccore.net\/wp-content\/uploads\/2026\/04\/27134534\/Diseno-sin-titulo-146.png","keywords":["cubanos en Miami","El Chacal","hijos de El Chacal","Reguetoneros cubanos"],"articleSection":["Far\u00e1ndula"],"inLanguage":"es","potentialAction":[{"@type":"CommentAction","name":"Comment","target":["https:\/\/www.cuballama.com\/noticias\/puro-rosa-el-chacal-sorprende-a-su-hija-paris-con-un-cuarto-hecho-por-el-mismo\/#respond"]}]},{"@type":"WebPage","@id":"https:\/\/www.cuballama.com\/noticias\/puro-rosa-el-chacal-sorprende-a-su-hija-paris-con-un-cuarto-hecho-por-el-mismo\/","url":"https:\/\/www.cuballama.com\/noticias\/puro-rosa-el-chacal-sorprende-a-su-hija-paris-con-un-cuarto-hecho-por-el-mismo\/","name":"\u00a1Puro rosa! El Chacal sorprende a su hija Par\u00eds con un cuarto hecho por \u00e9l mismo - Cuballama Noticias","isPartOf":{"@id":"https:\/\/www.cuballama.com\/noticias\/#website"},"primaryImageOfPage":{"@id":"https:\/\/www.cuballama.com\/noticias\/puro-rosa-el-chacal-sorprende-a-su-hija-paris-con-un-cuarto-hecho-por-el-mismo\/#primaryimage"},"image":{"@id":"https:\/\/www.cuballama.com\/noticias\/puro-rosa-el-chacal-sorprende-a-su-hija-paris-con-un-cuarto-hecho-por-el-mismo\/#primaryimage"},"thumbnailUrl":"https:\/\/cdn1.mediawpaccore.net\/wp-content\/uploads\/2026\/04\/27134534\/Diseno-sin-titulo-146.png","datePublished":"2026-04-27T17:51:55+00:00","dateModified":"2026-04-27T17:59:00+00:00","description":"El Chacal muestra su faceta m\u00e1s paternal al remodelar personalmente la habitaci\u00f3n de su hija Par\u00eds, mira el emotivo video.","breadcrumb":{"@id":"https:\/\/www.cuballama.com\/noticias\/puro-rosa-el-chacal-sorprende-a-su-hija-paris-con-un-cuarto-hecho-por-el-mismo\/#breadcrumb"},"inLanguage":"es","potentialAction":[{"@type":"ReadAction","target":["https:\/\/www.cuballama.com\/noticias\/puro-rosa-el-chacal-sorprende-a-su-hija-paris-con-un-cuarto-hecho-por-el-mismo\/"]}]},{"@type":"ImageObject","inLanguage":"es","@id":"https:\/\/www.cuballama.com\/noticias\/puro-rosa-el-chacal-sorprende-a-su-hija-paris-con-un-cuarto-hecho-por-el-mismo\/#primaryimage","url":"https:\/\/cdn1.mediawpaccore.net\/wp-content\/uploads\/2026\/04\/27134534\/Diseno-sin-titulo-146.png","contentUrl":"https:\/\/cdn1.mediawpaccore.net\/wp-content\/uploads\/2026\/04\/27134534\/Diseno-sin-titulo-146.png","width":1949,"height":1122,"caption":"Fotos tomadas del perfil de TikTok de Los Chacalitos"},{"@type":"BreadcrumbList","@id":"https:\/\/www.cuballama.com\/noticias\/puro-rosa-el-chacal-sorprende-a-su-hija-paris-con-un-cuarto-hecho-por-el-mismo\/#breadcrumb","itemListElement":[{"@type":"ListItem","position":1,"name":"Home","item":"https:\/\/www.cuballama.com\/noticias\/"},{"@type":"ListItem","position":2,"name":"\u00a1Puro rosa! El Chacal sorprende a su hija Par\u00eds con un cuarto hecho por \u00e9l mismo"}]},{"@type":"WebSite","@id":"https:\/\/www.cuballama.com\/noticias\/#website","url":"https:\/\/www.cuballama.com\/noticias\/","name":"Cuballama Noticias","description":"Medio digital sobre Cuba y el mundo","publisher":{"@id":"https:\/\/www.cuballama.com\/noticias\/#organization"},"potentialAction":[{"@type":"SearchAction","target":{"@type":"EntryPoint","urlTemplate":"https:\/\/www.cuballama.com\/noticias\/?s={search_term_string}"},"query-input":{"@type":"PropertyValueSpecification","valueRequired":true,"valueName":"search_term_string"}}],"inLanguage":"es"},{"@type":"Organization","@id":"https:\/\/www.cuballama.com\/noticias\/#organization","name":"Cuballama","url":"https:\/\/www.cuballama.com\/noticias\/","logo":{"@type":"ImageObject","inLanguage":"es","@id":"https:\/\/www.cuballama.com\/noticias\/#\/schema\/logo\/image\/","url":"https:\/\/cdn1.mediawpaccore.net\/wp-content\/uploads\/2021\/12\/28171206\/cbll-logo-color-sm.png","contentUrl":"https:\/\/cdn1.mediawpaccore.net\/wp-content\/uploads\/2021\/12\/28171206\/cbll-logo-color-sm.png","width":600,"height":133,"caption":"Cuballama"},"image":{"@id":"https:\/\/www.cuballama.com\/noticias\/#\/schema\/logo\/image\/"},"sameAs":["https:\/\/www.facebook.com\/CubaLlama","https:\/\/x.com\/cuballama","https:\/\/www.instagram.com\/stories\/cuballama_oficial\/","https:\/\/www.youtube.com\/channel\/UCKkFE-d_axENGZcrc4as0IA"]},{"@type":"Person","@id":"https:\/\/www.cuballama.com\/noticias\/#\/schema\/person\/5cba2b8cc25a3159e49fe730a94d512e","name":"Sof\u00eda Reyes","url":"https:\/\/www.cuballama.com\/noticias\/author\/laura\/"}]}},"_links":{"self":[{"href":"https:\/\/www.cuballama.com\/noticias\/wp-json\/wp\/v2\/posts\/242588","targetHints":{"allow":["GET"]}}],"collection":[{"href":"https:\/\/www.cuballama.com\/noticias\/wp-json\/wp\/v2\/posts"}],"about":[{"href":"https:\/\/www.cuballama.com\/noticias\/wp-json\/wp\/v2\/types\/post"}],"author":[{"embeddable":true,"href":"https:\/\/www.cuballama.com\/noticias\/wp-json\/wp\/v2\/users\/29"}],"replies":[{"embeddable":true,"href":"https:\/\/www.cuballama.com\/noticias\/wp-json\/wp\/v2\/comments?post=242588"}],"version-history":[{"count":3,"href":"https:\/\/www.cuballama.com\/noticias\/wp-json\/wp\/v2\/posts\/242588\/revisions"}],"predecessor-version":[{"id":242597,"href":"https:\/\/www.cuballama.com\/noticias\/wp-json\/wp\/v2\/posts\/242588\/revisions\/242597"}],"wp:featuredmedia":[{"embeddable":true,"href":"https:\/\/www.cuballama.com\/noticias\/wp-json\/wp\/v2\/media\/242595"}],"wp:attachment":[{"href":"https:\/\/www.cuballama.com\/noticias\/wp-json\/wp\/v2\/media?parent=242588"}],"wp:term":[{"taxonomy":"category","embeddable":true,"href":"https:\/\/www.cuballama.com\/noticias\/wp-json\/wp\/v2\/categories?post=242588"},{"taxonomy":"post_tag","embeddable":true,"href":"https:\/\/www.cuballama.com\/noticias\/wp-json\/wp\/v2\/tags?post=242588"}],"curies":[{"name":"wp","href":"https:\/\/api.w.org\/{rel}","templated":true}]}}