{"id":242561,"date":"2026-04-27T14:40:24","date_gmt":"2026-04-27T18:40:24","guid":{"rendered":"https:\/\/www.cuballama.com\/noticias\/?p=242561"},"modified":"2026-04-27T14:40:27","modified_gmt":"2026-04-27T18:40:27","slug":"colombia-registra-26-atentados-en-48-horas-atribuidos-a-disidencias-de-las-farc-dejan-20-muertos-y-36-heridos","status":"publish","type":"post","link":"https:\/\/www.cuballama.com\/noticias\/colombia-registra-26-atentados-en-48-horas-atribuidos-a-disidencias-de-las-farc-dejan-20-muertos-y-36-heridos\/","title":{"rendered":"Colombia registra 26 atentados en 48 horas atribuidos a disidencias de las FARC: dejan 20 muertos y 36 heridos"},"content":{"rendered":"\n<p>Primero bloquearon la carretera. Atravesaron un volquete y un autob\u00fas en la v\u00eda y esperaron a que los veh\u00edculos se fueran acumulando. Luego detonaron el artefacto explosivo. <\/p>\n\n\n\n<p>El hecho ocurri\u00f3 este s\u00e1bado 25 de abril, en la Carretera Panamericana a la altura del sector El T\u00fanel, municipio de Cajib\u00edo, en el departamento del Cauca. En segundos, decenas de veh\u00edculos quedaron destruidos, un cr\u00e1ter se abri\u00f3 en el asfalto y los cuerpos de 20 personas \u2014 15 mujeres y 5 hombres, ninguno menor de edad \u2014 quedaron esparcidos por la v\u00eda. <\/p>\n\n\n\n<p>Otros 36 resultaron heridos, tres de ellos en cuidados intensivos. Es, seg\u00fan el gobernador del Cauca Octavio Guzm\u00e1n, el ataque m\u00e1s brutal y despiadado contra la poblaci\u00f3n civil en d\u00e9cadas en el departamento.<\/p>\n\n\n\n<h2 class=\"wp-block-heading\">26 ataques en 48 horas<\/h2>\n\n\n\n<p>El de Cajib\u00edo no fue un hecho aislado. Fue el m\u00e1s letal de una oleada de 26 atentados registrados entre el viernes 24 y el s\u00e1bado 25 de abril en los departamentos del Cauca y Valle del Cauca, todos atribuidos por las Fuerzas Militares colombianas al Estado Mayor Central de las FARC \u2014 las disidencias que rechazaron el acuerdo de paz de 2016 \u2014 bajo el mando del alias \u00abIv\u00e1n Mordisco\u00bb, considerado el criminal m\u00e1s buscado del pa\u00eds.<\/p>\n\n\n\n<p>El comandante general de las Fuerzas Militares, Hugo Alejandro L\u00f3pez Barreto, describi\u00f3 la situaci\u00f3n en conferencia de prensa: <em>\u00abDurante estos dos d\u00edas en el departamento de Cauca y Valle del Cauca se han presentado 26 acciones terroristas que han afectado a nuestra poblaci\u00f3n civil.\u00bb<\/em> <\/p>\n\n\n\n<p>Los ataques incluyeron dos atentados con veh\u00edculos cargados de explosivos contra instalaciones militares en Cali y Palmira, ataques con drones contra bases de la Fuerza P\u00fablica en El Tambo \u2014 uno de los cuales da\u00f1\u00f3 un radar estrat\u00e9gico \u2014 y un dron con explosivos neutralizado por el Ej\u00e9rcito en Popay\u00e1n cuando se dirig\u00eda contra una instalaci\u00f3n militar. En la v\u00eda Panamericana, otros explosivos contra transporte p\u00fablico dejaron cinco heridos adicionales en el sector de Pan de Az\u00facar.<\/p>\n\n\n\n<p>Los testimonios de quienes sobrevivieron en la carretera describen una operaci\u00f3n calculada. Horas antes de la explosi\u00f3n, hombres armados tomaron el control de la v\u00eda Panamericana, bloquearon el paso de veh\u00edculos con un volquete atravesado y pintaron grafitis alusivos a las FARC sobre las carrocer\u00edas. La acumulaci\u00f3n de veh\u00edculos civiles \u2014 autobuses, camionetas, autom\u00f3viles \u2014 era parte del plan. Cuando deton\u00f3 el artefacto, la onda expansiva desplaz\u00f3 los veh\u00edculos varios metros. Las im\u00e1genes captadas por la AFP muestran autobuses volcados, un cr\u00e1ter abierto en el asfalto y cuerpos cubiertos a los costados de la carretera.<\/p>\n\n\n\n<p>El gobernador Guzm\u00e1n decret\u00f3 tres d\u00edas de duelo oficial.<\/p>\n\n\n\n<p><em>\u00abEs una tragedia que nos desgarra como departamento y enluta profundamente a nuestras familias. No hay palabras suficientes para el dolor que hoy sentimos\u00bb,<\/em> escribi\u00f3. El ministro de Defensa, Pedro S\u00e1nchez, presidi\u00f3 en la noche del s\u00e1bado un consejo de seguridad en Popay\u00e1n y anunci\u00f3 un aumento de las recompensas por los l\u00edderes de las disidencias y un incremento de operaciones ofensivas con m\u00e1s tropas en la zona. <\/p>\n\n\n\n<p>El presidente Gustavo Petro calific\u00f3 a los atacantes de \u00abterroristas, fascistas y narcotraficantes\u00bb y exigi\u00f3 \u00abla m\u00e1xima persecuci\u00f3n\u00bb contra el grupo, escribi\u00f3 en<a href=\"https:\/\/x.com\/petrogustavo\/status\/2048131227333374011\" target=\"_blank\" rel=\"noreferrer noopener\"> X<\/a>. Petro tambi\u00e9n atribuy\u00f3 el atentado directamente a Iv\u00e1n Mordisco, a quien ha comparado en varias ocasiones con Pablo Escobar.<\/p>\n\n\n\n<figure class=\"wp-block-embed is-type-rich is-provider-twitter wp-block-embed-twitter\"><div class=\"wp-block-embed__wrapper\">\n<blockquote class=\"twitter-tweet\" data-width=\"550\" data-dnt=\"true\"><p lang=\"es\" dir=\"ltr\">\u00bfQu\u00e9 es terrorismo? Es producir miedo masivo en la poblaci\u00f3n a trav\u00e9s de la violencia.<br><br>El miedo es el instrumento del fascismo para acceder al poder y del narco para controlar la poblaci\u00f3n.<br><br>Los que atentaron y mataron a siete civiles e hirieron a 17 civiles m\u00e1s en Cajib\u00edo,\u2026<\/p>&mdash; Gustavo Petro (@petrogustavo) <a href=\"https:\/\/twitter.com\/petrogustavo\/status\/2048131227333374011?ref_src=twsrc%5Etfw\">April 25, 2026<\/a><\/blockquote><script async src=\"https:\/\/platform.twitter.com\/widgets.js\" charset=\"utf-8\"><\/script>\n<\/div><\/figure>\n\n\n\n<p>La violencia llega en un momento especialmente sensible: faltan poco m\u00e1s de treinta d\u00edas para las elecciones presidenciales del 31 de mayo. El Cauca es una de las regiones m\u00e1s castigadas por la ofensiva guerrillera preelectoral \u2014 la candidata a la vicepresidencia de la izquierda, la l\u00edder ind\u00edgena Aida Quilcu\u00e9, fue retenida durante 24 horas en febrero cuando se desplazaba por una carretera del mismo departamento.<\/p>\n\n\n\n<p>El trasfondo es el fracaso de la llamada \u00abpaz total\u00bb, la pol\u00edtica insignia de Petro para desmovilizar a todos los grupos armados del pa\u00eds. A 104 d\u00edas de terminar su mandato de cuatro a\u00f1os, la estrategia no ha producido ning\u00fan resultado concreto mientras los grupos armados \u2014 que se financian mediante el narcotr\u00e1fico, la miner\u00eda ilegal y la extorsi\u00f3n \u2014 han fortalecido sus filas. <\/p>\n\n\n\n<p>El Cauca, con sus monta\u00f1as, selvas y salida al Oc\u00e9ano Pac\u00edfico, es zona estrat\u00e9gica para la producci\u00f3n y tr\u00e1fico de coca\u00edna. \u00abEl mensaje hacia el Estado es: aqu\u00ed estamos y aqu\u00ed mandamos\u00bb, dijo a la AFP Elizabeth Dickinson, directora para Latinoam\u00e9rica del International Crisis Group. \u00abSu prop\u00f3sito es generar zozobra y terror entre la poblaci\u00f3n.\u00bb<\/p>\n\n\n\n<iframe loading=\"lazy\" width=\"1451\" height=\"816\" src=\"https:\/\/www.youtube.com\/embed\/r6oDHgboTis\" title=\"Mueren al menos siete personas en un atentado terrorista en Colombia | Noticias Telemundo\" frameborder=\"0\" allow=\"accelerometer; autoplay; clipboard-write; encrypted-media; gyroscope; picture-in-picture; web-share\" referrerpolicy=\"strict-origin-when-cross-origin\" allowfullscreen><\/iframe>\n\n\n\n<p><strong>Fuentes Utilizadas:<\/strong> CNN en Espa\u00f1ol, AFP \/ Expansi\u00f3n, Euronews, La Jornada <\/p>\n","protected":false},"excerpt":{"rendered":"<p>Un artefacto explosivo detonado contra veh\u00edculos en la Carretera Panamericana en Cajib\u00edo, Cauca, dej\u00f3 el s\u00e1bado 25 de abril al menos 20 muertos y 36 heridos. Es el ataque m\u00e1s brutal en d\u00e9cadas en el departamento. En las \u00faltimas 48 horas se registraron 26 atentados en el suroeste de Colombia, atribuidos a las disidencias de las FARC lideradas por alias \u00abIv\u00e1n Mordisco.\u00bb<\/p>\n","protected":false},"author":13,"featured_media":242564,"comment_status":"open","ping_status":"closed","sticky":false,"template":"","format":"standard","meta":{"_acf_changed":false,"footnotes":""},"categories":[18,957],"tags":[9367,1248,94,11996,2712,1053],"class_list":{"0":"post-242561","1":"post","2":"type-post","3":"status-publish","4":"format-standard","5":"has-post-thumbnail","7":"category-noticias","8":"category-noticias-internacionales","9":"tag-atentados","10":"tag-atentados-terroristas","11":"tag-colombia","12":"tag-farc","13":"tag-heridos","14":"tag-muertos"},"acf":[],"yoast_head":"<!-- This site is optimized with the Yoast SEO plugin v27.4 - https:\/\/yoast.com\/product\/yoast-seo-wordpress\/ -->\n<title>Colombia registra 26 atentados en 48 horas atribuidos a disidencias de las FARC: dejan 20 muertos y 36 heridos - Cuballama Noticias<\/title>\n<meta name=\"description\" content=\"Las disidencias de las FARC dejaron 20 muertos y 36 heridos. En 48 horas se registraron 26 atentados en el suroeste de Colombia.\" \/>\n<meta name=\"robots\" content=\"index, follow, max-snippet:-1, max-image-preview:large, max-video-preview:-1\" \/>\n<link rel=\"canonical\" href=\"https:\/\/www.cuballama.com\/noticias\/colombia-registra-26-atentados-en-48-horas-atribuidos-a-disidencias-de-las-farc-dejan-20-muertos-y-36-heridos\/\" \/>\n<meta property=\"og:locale\" content=\"es_ES\" \/>\n<meta property=\"og:type\" content=\"article\" \/>\n<meta property=\"og:title\" content=\"Colombia registra 26 atentados en 48 horas atribuidos a disidencias de las FARC: dejan 20 muertos y 36 heridos - Cuballama Noticias\" \/>\n<meta property=\"og:description\" content=\"Las disidencias de las FARC dejaron 20 muertos y 36 heridos. En 48 horas se registraron 26 atentados en el suroeste de Colombia.\" \/>\n<meta property=\"og:url\" content=\"https:\/\/www.cuballama.com\/noticias\/colombia-registra-26-atentados-en-48-horas-atribuidos-a-disidencias-de-las-farc-dejan-20-muertos-y-36-heridos\/\" \/>\n<meta property=\"og:site_name\" content=\"Cuballama Noticias\" \/>\n<meta property=\"article:publisher\" content=\"https:\/\/www.facebook.com\/CubaLlama\" \/>\n<meta property=\"article:published_time\" content=\"2026-04-27T18:40:24+00:00\" \/>\n<meta property=\"article:modified_time\" content=\"2026-04-27T18:40:27+00:00\" \/>\n<meta property=\"og:image\" content=\"https:\/\/cdn1.mediawpaccore.net\/wp-content\/uploads\/2026\/04\/27111937\/image-133-1024x480.png\" \/>\n\t<meta property=\"og:image:width\" content=\"1024\" \/>\n\t<meta property=\"og:image:height\" content=\"480\" \/>\n\t<meta property=\"og:image:type\" content=\"image\/png\" \/>\n<meta name=\"author\" content=\"Roberto A.\" \/>\n<meta name=\"twitter:card\" content=\"summary_large_image\" \/>\n<meta name=\"twitter:creator\" content=\"@cuballama\" \/>\n<meta name=\"twitter:site\" content=\"@cuballama\" \/>\n<meta name=\"twitter:label1\" content=\"Escrito por\" \/>\n\t<meta name=\"twitter:data1\" content=\"Roberto A.\" \/>\n\t<meta name=\"twitter:label2\" content=\"Tiempo de lectura\" \/>\n\t<meta name=\"twitter:data2\" content=\"4 minutos\" \/>\n<script type=\"application\/ld+json\" class=\"yoast-schema-graph\">{\"@context\":\"https:\\\/\\\/schema.org\",\"@graph\":[{\"@type\":\"Article\",\"@id\":\"https:\\\/\\\/www.cuballama.com\\\/noticias\\\/colombia-registra-26-atentados-en-48-horas-atribuidos-a-disidencias-de-las-farc-dejan-20-muertos-y-36-heridos\\\/#article\",\"isPartOf\":{\"@id\":\"https:\\\/\\\/www.cuballama.com\\\/noticias\\\/colombia-registra-26-atentados-en-48-horas-atribuidos-a-disidencias-de-las-farc-dejan-20-muertos-y-36-heridos\\\/\"},\"author\":{\"name\":\"Roberto A.\",\"@id\":\"https:\\\/\\\/www.cuballama.com\\\/noticias\\\/#\\\/schema\\\/person\\\/a58502ed4146c8e9f83872e897c76cd2\"},\"headline\":\"Colombia registra 26 atentados en 48 horas atribuidos a disidencias de las FARC: dejan 20 muertos y 36 heridos\",\"datePublished\":\"2026-04-27T18:40:24+00:00\",\"dateModified\":\"2026-04-27T18:40:27+00:00\",\"mainEntityOfPage\":{\"@id\":\"https:\\\/\\\/www.cuballama.com\\\/noticias\\\/colombia-registra-26-atentados-en-48-horas-atribuidos-a-disidencias-de-las-farc-dejan-20-muertos-y-36-heridos\\\/\"},\"wordCount\":812,\"commentCount\":0,\"publisher\":{\"@id\":\"https:\\\/\\\/www.cuballama.com\\\/noticias\\\/#organization\"},\"image\":{\"@id\":\"https:\\\/\\\/www.cuballama.com\\\/noticias\\\/colombia-registra-26-atentados-en-48-horas-atribuidos-a-disidencias-de-las-farc-dejan-20-muertos-y-36-heridos\\\/#primaryimage\"},\"thumbnailUrl\":\"https:\\\/\\\/cdn1.mediawpaccore.net\\\/wp-content\\\/uploads\\\/2026\\\/04\\\/27111937\\\/image-133.png\",\"keywords\":[\"atentados\",\"atentados terroristas\",\"colombia\",\"FARC\",\"heridos\",\"muertos\"],\"articleSection\":[\"Noticias\",\"Noticias Internacionales\"],\"inLanguage\":\"es\",\"potentialAction\":[{\"@type\":\"CommentAction\",\"name\":\"Comment\",\"target\":[\"https:\\\/\\\/www.cuballama.com\\\/noticias\\\/colombia-registra-26-atentados-en-48-horas-atribuidos-a-disidencias-de-las-farc-dejan-20-muertos-y-36-heridos\\\/#respond\"]}]},{\"@type\":\"WebPage\",\"@id\":\"https:\\\/\\\/www.cuballama.com\\\/noticias\\\/colombia-registra-26-atentados-en-48-horas-atribuidos-a-disidencias-de-las-farc-dejan-20-muertos-y-36-heridos\\\/\",\"url\":\"https:\\\/\\\/www.cuballama.com\\\/noticias\\\/colombia-registra-26-atentados-en-48-horas-atribuidos-a-disidencias-de-las-farc-dejan-20-muertos-y-36-heridos\\\/\",\"name\":\"Colombia registra 26 atentados en 48 horas atribuidos a disidencias de las FARC: dejan 20 muertos y 36 heridos - Cuballama Noticias\",\"isPartOf\":{\"@id\":\"https:\\\/\\\/www.cuballama.com\\\/noticias\\\/#website\"},\"primaryImageOfPage\":{\"@id\":\"https:\\\/\\\/www.cuballama.com\\\/noticias\\\/colombia-registra-26-atentados-en-48-horas-atribuidos-a-disidencias-de-las-farc-dejan-20-muertos-y-36-heridos\\\/#primaryimage\"},\"image\":{\"@id\":\"https:\\\/\\\/www.cuballama.com\\\/noticias\\\/colombia-registra-26-atentados-en-48-horas-atribuidos-a-disidencias-de-las-farc-dejan-20-muertos-y-36-heridos\\\/#primaryimage\"},\"thumbnailUrl\":\"https:\\\/\\\/cdn1.mediawpaccore.net\\\/wp-content\\\/uploads\\\/2026\\\/04\\\/27111937\\\/image-133.png\",\"datePublished\":\"2026-04-27T18:40:24+00:00\",\"dateModified\":\"2026-04-27T18:40:27+00:00\",\"description\":\"Las disidencias de las FARC dejaron 20 muertos y 36 heridos. En 48 horas se registraron 26 atentados en el suroeste de Colombia.\",\"breadcrumb\":{\"@id\":\"https:\\\/\\\/www.cuballama.com\\\/noticias\\\/colombia-registra-26-atentados-en-48-horas-atribuidos-a-disidencias-de-las-farc-dejan-20-muertos-y-36-heridos\\\/#breadcrumb\"},\"inLanguage\":\"es\",\"potentialAction\":[{\"@type\":\"ReadAction\",\"target\":[\"https:\\\/\\\/www.cuballama.com\\\/noticias\\\/colombia-registra-26-atentados-en-48-horas-atribuidos-a-disidencias-de-las-farc-dejan-20-muertos-y-36-heridos\\\/\"]}]},{\"@type\":\"ImageObject\",\"inLanguage\":\"es\",\"@id\":\"https:\\\/\\\/www.cuballama.com\\\/noticias\\\/colombia-registra-26-atentados-en-48-horas-atribuidos-a-disidencias-de-las-farc-dejan-20-muertos-y-36-heridos\\\/#primaryimage\",\"url\":\"https:\\\/\\\/cdn1.mediawpaccore.net\\\/wp-content\\\/uploads\\\/2026\\\/04\\\/27111937\\\/image-133.png\",\"contentUrl\":\"https:\\\/\\\/cdn1.mediawpaccore.net\\\/wp-content\\\/uploads\\\/2026\\\/04\\\/27111937\\\/image-133.png\",\"width\":2128,\"height\":997,\"caption\":\"Foto: Video Screenshot v\u00eda Telemundo51\"},{\"@type\":\"BreadcrumbList\",\"@id\":\"https:\\\/\\\/www.cuballama.com\\\/noticias\\\/colombia-registra-26-atentados-en-48-horas-atribuidos-a-disidencias-de-las-farc-dejan-20-muertos-y-36-heridos\\\/#breadcrumb\",\"itemListElement\":[{\"@type\":\"ListItem\",\"position\":1,\"name\":\"Home\",\"item\":\"https:\\\/\\\/www.cuballama.com\\\/noticias\\\/\"},{\"@type\":\"ListItem\",\"position\":2,\"name\":\"Colombia registra 26 atentados en 48 horas atribuidos a disidencias de las FARC: dejan 20 muertos y 36 heridos\"}]},{\"@type\":\"WebSite\",\"@id\":\"https:\\\/\\\/www.cuballama.com\\\/noticias\\\/#website\",\"url\":\"https:\\\/\\\/www.cuballama.com\\\/noticias\\\/\",\"name\":\"Cuballama Noticias\",\"description\":\"Medio digital sobre Cuba y el mundo\",\"publisher\":{\"@id\":\"https:\\\/\\\/www.cuballama.com\\\/noticias\\\/#organization\"},\"potentialAction\":[{\"@type\":\"SearchAction\",\"target\":{\"@type\":\"EntryPoint\",\"urlTemplate\":\"https:\\\/\\\/www.cuballama.com\\\/noticias\\\/?s={search_term_string}\"},\"query-input\":{\"@type\":\"PropertyValueSpecification\",\"valueRequired\":true,\"valueName\":\"search_term_string\"}}],\"inLanguage\":\"es\"},{\"@type\":\"Organization\",\"@id\":\"https:\\\/\\\/www.cuballama.com\\\/noticias\\\/#organization\",\"name\":\"Cuballama\",\"url\":\"https:\\\/\\\/www.cuballama.com\\\/noticias\\\/\",\"logo\":{\"@type\":\"ImageObject\",\"inLanguage\":\"es\",\"@id\":\"https:\\\/\\\/www.cuballama.com\\\/noticias\\\/#\\\/schema\\\/logo\\\/image\\\/\",\"url\":\"https:\\\/\\\/cdn1.mediawpaccore.net\\\/wp-content\\\/uploads\\\/2021\\\/12\\\/28171206\\\/cbll-logo-color-sm.png\",\"contentUrl\":\"https:\\\/\\\/cdn1.mediawpaccore.net\\\/wp-content\\\/uploads\\\/2021\\\/12\\\/28171206\\\/cbll-logo-color-sm.png\",\"width\":600,\"height\":133,\"caption\":\"Cuballama\"},\"image\":{\"@id\":\"https:\\\/\\\/www.cuballama.com\\\/noticias\\\/#\\\/schema\\\/logo\\\/image\\\/\"},\"sameAs\":[\"https:\\\/\\\/www.facebook.com\\\/CubaLlama\",\"https:\\\/\\\/x.com\\\/cuballama\",\"https:\\\/\\\/www.instagram.com\\\/stories\\\/cuballama_oficial\\\/\",\"https:\\\/\\\/www.youtube.com\\\/channel\\\/UCKkFE-d_axENGZcrc4as0IA\"]},{\"@type\":\"Person\",\"@id\":\"https:\\\/\\\/www.cuballama.com\\\/noticias\\\/#\\\/schema\\\/person\\\/a58502ed4146c8e9f83872e897c76cd2\",\"name\":\"Roberto A.\",\"description\":\"Roberto A. Periodista por decisi\u00f3n propia. Interesado en cualquier tema que me apasione y cada vez m\u00e1s comprometido con la verdad y la objetividad period\u00edstica. Graduado en La Habana hace ya muchos a\u00f1os, luego de una accidentada y polvorienta b\u00fasqueda de informaci\u00f3n sobre un tema in\u00e9dito. La Tesis, por cierto, desapareci\u00f3 de la biblioteca y no se conservan copias de la misma.\",\"url\":\"https:\\\/\\\/www.cuballama.com\\\/noticias\\\/author\\\/roberto\\\/\"}]}<\/script>\n<!-- \/ Yoast SEO plugin. -->","yoast_head_json":{"title":"Colombia registra 26 atentados en 48 horas atribuidos a disidencias de las FARC: dejan 20 muertos y 36 heridos - Cuballama Noticias","description":"Las disidencias de las FARC dejaron 20 muertos y 36 heridos. En 48 horas se registraron 26 atentados en el suroeste de Colombia.","robots":{"index":"index","follow":"follow","max-snippet":"max-snippet:-1","max-image-preview":"max-image-preview:large","max-video-preview":"max-video-preview:-1"},"canonical":"https:\/\/www.cuballama.com\/noticias\/colombia-registra-26-atentados-en-48-horas-atribuidos-a-disidencias-de-las-farc-dejan-20-muertos-y-36-heridos\/","og_locale":"es_ES","og_type":"article","og_title":"Colombia registra 26 atentados en 48 horas atribuidos a disidencias de las FARC: dejan 20 muertos y 36 heridos - Cuballama Noticias","og_description":"Las disidencias de las FARC dejaron 20 muertos y 36 heridos. En 48 horas se registraron 26 atentados en el suroeste de Colombia.","og_url":"https:\/\/www.cuballama.com\/noticias\/colombia-registra-26-atentados-en-48-horas-atribuidos-a-disidencias-de-las-farc-dejan-20-muertos-y-36-heridos\/","og_site_name":"Cuballama Noticias","article_publisher":"https:\/\/www.facebook.com\/CubaLlama","article_published_time":"2026-04-27T18:40:24+00:00","article_modified_time":"2026-04-27T18:40:27+00:00","og_image":[{"width":1024,"height":480,"url":"https:\/\/cdn1.mediawpaccore.net\/wp-content\/uploads\/2026\/04\/27111937\/image-133-1024x480.png","type":"image\/png"}],"author":"Roberto A.","twitter_card":"summary_large_image","twitter_creator":"@cuballama","twitter_site":"@cuballama","twitter_misc":{"Escrito por":"Roberto A.","Tiempo de lectura":"4 minutos"},"schema":{"@context":"https:\/\/schema.org","@graph":[{"@type":"Article","@id":"https:\/\/www.cuballama.com\/noticias\/colombia-registra-26-atentados-en-48-horas-atribuidos-a-disidencias-de-las-farc-dejan-20-muertos-y-36-heridos\/#article","isPartOf":{"@id":"https:\/\/www.cuballama.com\/noticias\/colombia-registra-26-atentados-en-48-horas-atribuidos-a-disidencias-de-las-farc-dejan-20-muertos-y-36-heridos\/"},"author":{"name":"Roberto A.","@id":"https:\/\/www.cuballama.com\/noticias\/#\/schema\/person\/a58502ed4146c8e9f83872e897c76cd2"},"headline":"Colombia registra 26 atentados en 48 horas atribuidos a disidencias de las FARC: dejan 20 muertos y 36 heridos","datePublished":"2026-04-27T18:40:24+00:00","dateModified":"2026-04-27T18:40:27+00:00","mainEntityOfPage":{"@id":"https:\/\/www.cuballama.com\/noticias\/colombia-registra-26-atentados-en-48-horas-atribuidos-a-disidencias-de-las-farc-dejan-20-muertos-y-36-heridos\/"},"wordCount":812,"commentCount":0,"publisher":{"@id":"https:\/\/www.cuballama.com\/noticias\/#organization"},"image":{"@id":"https:\/\/www.cuballama.com\/noticias\/colombia-registra-26-atentados-en-48-horas-atribuidos-a-disidencias-de-las-farc-dejan-20-muertos-y-36-heridos\/#primaryimage"},"thumbnailUrl":"https:\/\/cdn1.mediawpaccore.net\/wp-content\/uploads\/2026\/04\/27111937\/image-133.png","keywords":["atentados","atentados terroristas","colombia","FARC","heridos","muertos"],"articleSection":["Noticias","Noticias Internacionales"],"inLanguage":"es","potentialAction":[{"@type":"CommentAction","name":"Comment","target":["https:\/\/www.cuballama.com\/noticias\/colombia-registra-26-atentados-en-48-horas-atribuidos-a-disidencias-de-las-farc-dejan-20-muertos-y-36-heridos\/#respond"]}]},{"@type":"WebPage","@id":"https:\/\/www.cuballama.com\/noticias\/colombia-registra-26-atentados-en-48-horas-atribuidos-a-disidencias-de-las-farc-dejan-20-muertos-y-36-heridos\/","url":"https:\/\/www.cuballama.com\/noticias\/colombia-registra-26-atentados-en-48-horas-atribuidos-a-disidencias-de-las-farc-dejan-20-muertos-y-36-heridos\/","name":"Colombia registra 26 atentados en 48 horas atribuidos a disidencias de las FARC: dejan 20 muertos y 36 heridos - Cuballama Noticias","isPartOf":{"@id":"https:\/\/www.cuballama.com\/noticias\/#website"},"primaryImageOfPage":{"@id":"https:\/\/www.cuballama.com\/noticias\/colombia-registra-26-atentados-en-48-horas-atribuidos-a-disidencias-de-las-farc-dejan-20-muertos-y-36-heridos\/#primaryimage"},"image":{"@id":"https:\/\/www.cuballama.com\/noticias\/colombia-registra-26-atentados-en-48-horas-atribuidos-a-disidencias-de-las-farc-dejan-20-muertos-y-36-heridos\/#primaryimage"},"thumbnailUrl":"https:\/\/cdn1.mediawpaccore.net\/wp-content\/uploads\/2026\/04\/27111937\/image-133.png","datePublished":"2026-04-27T18:40:24+00:00","dateModified":"2026-04-27T18:40:27+00:00","description":"Las disidencias de las FARC dejaron 20 muertos y 36 heridos. En 48 horas se registraron 26 atentados en el suroeste de Colombia.","breadcrumb":{"@id":"https:\/\/www.cuballama.com\/noticias\/colombia-registra-26-atentados-en-48-horas-atribuidos-a-disidencias-de-las-farc-dejan-20-muertos-y-36-heridos\/#breadcrumb"},"inLanguage":"es","potentialAction":[{"@type":"ReadAction","target":["https:\/\/www.cuballama.com\/noticias\/colombia-registra-26-atentados-en-48-horas-atribuidos-a-disidencias-de-las-farc-dejan-20-muertos-y-36-heridos\/"]}]},{"@type":"ImageObject","inLanguage":"es","@id":"https:\/\/www.cuballama.com\/noticias\/colombia-registra-26-atentados-en-48-horas-atribuidos-a-disidencias-de-las-farc-dejan-20-muertos-y-36-heridos\/#primaryimage","url":"https:\/\/cdn1.mediawpaccore.net\/wp-content\/uploads\/2026\/04\/27111937\/image-133.png","contentUrl":"https:\/\/cdn1.mediawpaccore.net\/wp-content\/uploads\/2026\/04\/27111937\/image-133.png","width":2128,"height":997,"caption":"Foto: Video Screenshot v\u00eda Telemundo51"},{"@type":"BreadcrumbList","@id":"https:\/\/www.cuballama.com\/noticias\/colombia-registra-26-atentados-en-48-horas-atribuidos-a-disidencias-de-las-farc-dejan-20-muertos-y-36-heridos\/#breadcrumb","itemListElement":[{"@type":"ListItem","position":1,"name":"Home","item":"https:\/\/www.cuballama.com\/noticias\/"},{"@type":"ListItem","position":2,"name":"Colombia registra 26 atentados en 48 horas atribuidos a disidencias de las FARC: dejan 20 muertos y 36 heridos"}]},{"@type":"WebSite","@id":"https:\/\/www.cuballama.com\/noticias\/#website","url":"https:\/\/www.cuballama.com\/noticias\/","name":"Cuballama Noticias","description":"Medio digital sobre Cuba y el mundo","publisher":{"@id":"https:\/\/www.cuballama.com\/noticias\/#organization"},"potentialAction":[{"@type":"SearchAction","target":{"@type":"EntryPoint","urlTemplate":"https:\/\/www.cuballama.com\/noticias\/?s={search_term_string}"},"query-input":{"@type":"PropertyValueSpecification","valueRequired":true,"valueName":"search_term_string"}}],"inLanguage":"es"},{"@type":"Organization","@id":"https:\/\/www.cuballama.com\/noticias\/#organization","name":"Cuballama","url":"https:\/\/www.cuballama.com\/noticias\/","logo":{"@type":"ImageObject","inLanguage":"es","@id":"https:\/\/www.cuballama.com\/noticias\/#\/schema\/logo\/image\/","url":"https:\/\/cdn1.mediawpaccore.net\/wp-content\/uploads\/2021\/12\/28171206\/cbll-logo-color-sm.png","contentUrl":"https:\/\/cdn1.mediawpaccore.net\/wp-content\/uploads\/2021\/12\/28171206\/cbll-logo-color-sm.png","width":600,"height":133,"caption":"Cuballama"},"image":{"@id":"https:\/\/www.cuballama.com\/noticias\/#\/schema\/logo\/image\/"},"sameAs":["https:\/\/www.facebook.com\/CubaLlama","https:\/\/x.com\/cuballama","https:\/\/www.instagram.com\/stories\/cuballama_oficial\/","https:\/\/www.youtube.com\/channel\/UCKkFE-d_axENGZcrc4as0IA"]},{"@type":"Person","@id":"https:\/\/www.cuballama.com\/noticias\/#\/schema\/person\/a58502ed4146c8e9f83872e897c76cd2","name":"Roberto A.","description":"Roberto A. Periodista por decisi\u00f3n propia. Interesado en cualquier tema que me apasione y cada vez m\u00e1s comprometido con la verdad y la objetividad period\u00edstica. Graduado en La Habana hace ya muchos a\u00f1os, luego de una accidentada y polvorienta b\u00fasqueda de informaci\u00f3n sobre un tema in\u00e9dito. La Tesis, por cierto, desapareci\u00f3 de la biblioteca y no se conservan copias de la misma.","url":"https:\/\/www.cuballama.com\/noticias\/author\/roberto\/"}]}},"_links":{"self":[{"href":"https:\/\/www.cuballama.com\/noticias\/wp-json\/wp\/v2\/posts\/242561","targetHints":{"allow":["GET"]}}],"collection":[{"href":"https:\/\/www.cuballama.com\/noticias\/wp-json\/wp\/v2\/posts"}],"about":[{"href":"https:\/\/www.cuballama.com\/noticias\/wp-json\/wp\/v2\/types\/post"}],"author":[{"embeddable":true,"href":"https:\/\/www.cuballama.com\/noticias\/wp-json\/wp\/v2\/users\/13"}],"replies":[{"embeddable":true,"href":"https:\/\/www.cuballama.com\/noticias\/wp-json\/wp\/v2\/comments?post=242561"}],"version-history":[{"count":5,"href":"https:\/\/www.cuballama.com\/noticias\/wp-json\/wp\/v2\/posts\/242561\/revisions"}],"predecessor-version":[{"id":242568,"href":"https:\/\/www.cuballama.com\/noticias\/wp-json\/wp\/v2\/posts\/242561\/revisions\/242568"}],"wp:featuredmedia":[{"embeddable":true,"href":"https:\/\/www.cuballama.com\/noticias\/wp-json\/wp\/v2\/media\/242564"}],"wp:attachment":[{"href":"https:\/\/www.cuballama.com\/noticias\/wp-json\/wp\/v2\/media?parent=242561"}],"wp:term":[{"taxonomy":"category","embeddable":true,"href":"https:\/\/www.cuballama.com\/noticias\/wp-json\/wp\/v2\/categories?post=242561"},{"taxonomy":"post_tag","embeddable":true,"href":"https:\/\/www.cuballama.com\/noticias\/wp-json\/wp\/v2\/tags?post=242561"}],"curies":[{"name":"wp","href":"https:\/\/api.w.org\/{rel}","templated":true}]}}