{"id":242524,"date":"2026-04-27T09:41:18","date_gmt":"2026-04-27T13:41:18","guid":{"rendered":"https:\/\/www.cuballama.com\/noticias\/?p=242524"},"modified":"2026-04-27T14:42:22","modified_gmt":"2026-04-27T18:42:22","slug":"reinier-gonzalez-se-da-un-viajecito-por-espana-y-dispara-reacciones-se-queda-o-regresa","status":"publish","type":"post","link":"https:\/\/www.cuballama.com\/noticias\/reinier-gonzalez-se-da-un-viajecito-por-espana-y-dispara-reacciones-se-queda-o-regresa\/","title":{"rendered":"Reinier Gonz\u00e1lez se da un viajecito por Espa\u00f1a y dispara reacciones. \u00bfSe queda o regresa?"},"content":{"rendered":"\n<h2 class=\"wp-block-heading\">Llam\u00f3 \u00abp\u00e1jaro\u00bb a Messi, dijo que la Serie Nacional era \u00abuna mierda\u00bb y que los aficionados no saben \u00abun co\u00f1o de pelota\u00bb. Reinier Gonz\u00e1lez, la voz m\u00e1s pol\u00e9mica del periodismo deportivo cubano; el comentarista deportivo m\u00e1s famoso \u2014 y m\u00e1s controvertido \u2014 de la televisi\u00f3n cubana aparece en Espa\u00f1a sin dar explicaciones<\/h2>\n\n\n\n<h2 class=\"wp-block-heading\">El hombre que le dijo \u00abTele Rebelde no es para ti\u00bb a media Cuba ahora est\u00e1 en Espa\u00f1a \u00abcogiendo un aire\u00bb. Pero&#8230; \u00bfhasta cu\u00e1ndo es ese aire?<\/h2>\n\n\n\n<p>Reinier Gonz\u00e1lez est\u00e1 en Espa\u00f1a. Lo dijo Kitin Rodr\u00edguez, comunicador pinare\u00f1o, en sus redes sociales. Lo replic\u00f3 el comentarista deportivo Yasel Porto. La frase con la que se describi\u00f3 el viaje fue \u00abcogiendo un aire.\u00bb Tres palabras que en el vocabulario cubano de 2026 significan exactamente lo que parecen \u2014 o mucho m\u00e1s. <\/p>\n\n\n\n<p>La noticia corri\u00f3 r\u00e1pido porque en Cuba, Reinier Gonz\u00e1lez no es simplemente un comentarista deportivo. Es la figura m\u00e1s amada y m\u00e1s odiada de Tele Rebelde. Y eso, en un pa\u00eds sin libertad de prensa, es bastante.<\/p>\n\n\n\n<h2 class=\"wp-block-heading\">El hombre que \u00abdivide a Cuba\u00bb desde un micr\u00f3fono por&#8230; \u00bfsincero?<\/h2>\n\n\n\n<p>Reinier Gonz\u00e1lez P\u00e9rez lleva d\u00e9cadas siendo la voz del deporte cubano. Empez\u00f3 narrando b\u00e9isbol gratis en la emisora provincial COCO de Pinar del R\u00edo \u2014 su provincia natal \u2014 y lleg\u00f3 a convertirse en la figura central de la redacci\u00f3n deportiva de Tele Rebelde, el \u00fanico canal deportivo estatal del pa\u00eds. Su conocimiento del deporte es vasto, su memoria enciclop\u00e9dica, su verbo r\u00e1pido. Humberto Sarduy lo llam\u00f3 \u00abuna enciclopedia del deporte.\u00bb Alberto Enr\u00edquez Cuan lo defini\u00f3 como el mejor comentarista deportivo de Cuba.<\/p>\n\n\n\n<p>Pero Reinier Gonz\u00e1lez tambi\u00e9n es el hombre que llam\u00f3 \u00abp\u00e1jaro\u00bb a Lionel Messi en un video filtrado que se viraliz\u00f3 y lo coloc\u00f3 en el centro de una tormenta nacional y en el que luc\u00eda aparentemente borracho y homof\u00f3bica. Cuando el esc\u00e1ndalo explot\u00f3, intent\u00f3 explicar que era una broma dirigida a un conocido hom\u00f3fobo del Bar\u00e7a. Cuba no le crey\u00f3 del todo. O casi nada.<\/p>\n\n\n\n<p>Tambi\u00e9n es el hombre al que se le filtr\u00f3 un audio en 2024 donde dec\u00eda que \u00abla Serie Nacional es una mierda\u00bb, que \u00ablos peloteros son m\u00e1s malos que los \u00e1rbitros\u00bb y que \u00ablos aficionados no saben un co\u00f1o de pelota.\u00bb El audio aparentemente le cost\u00f3 una sanci\u00f3n que al parecer no fue tal, pero s\u00ed: estuvo semanas fuera del aire. Cuando reapareci\u00f3 en la televisi\u00f3n cubana, nadie del ICRT explic\u00f3 qu\u00e9 hab\u00eda pasado.<\/p>\n\n\n\n<p>Y es el mismo hombre que en 2021, cuando el ICRT decidi\u00f3 dejar de transmitir f\u00fatbol europeo y la Champions League, respondi\u00f3 a un usuario indignado en redes con una frase que qued\u00f3 grabada a fuego: <em>\u00abSi no quieres ver ning\u00fan cubano, est\u00e1s viendo el canal equivocado. Tele Rebelde no es para ti. Que tengas buenas tardes.\u00bb <\/em><\/p>\n\n\n\n<p>La frase, que mezclaba arrogancia institucional con defensiva personal, gener\u00f3 tal avalancha de cr\u00edticas que un colega periodista del municipio de San Antonio del Sur le escribi\u00f3 una carta abierta p\u00fablica que acumul\u00f3 m\u00e1s de dos mil reacciones en pocas horas. <\/p>\n\n\n\n<p><em>\u00abNo se aproveche de tener un micr\u00f3fono delante para aplastar, degradar y humillar a quienes tienen otro criterio\u00bb,<\/em> le escribi\u00f3.<\/p>\n\n\n\n<p>El viaje de Reinier Gonz\u00e1lez a Espa\u00f1a ocurre en un momento en que decenas de periodistas, locutores y comunicadores cubanos vinculados durante a\u00f1os a medios estatales han abandonado el pa\u00eds. Algunos se fueron en silencio. Otros con declaraciones. Pocos con explicaciones. El \u00e9xodo de quienes durante d\u00e9cadas pusieron su voz al servicio de un sistema que los censuraba, los limitaba editorialmente y les prohib\u00eda cualquier cr\u00edtica abierta al r\u00e9gimen es uno de los fen\u00f3menos m\u00e1s llamativos del periodismo cubano en los \u00faltimos a\u00f1os.<\/p>\n\n\n\n<p>Reinier Gonz\u00e1lez reconoci\u00f3 en una entrevista con Amaury P\u00e9rez que \u00abla pol\u00edtica le ha hecho mucho da\u00f1o al deporte.\u00bb Dijo que es importante que los deportistas cubanos vayan a las ligas profesionales. Que se transmitan las Grandes Ligas. Afirmaciones que en otro pa\u00eds ser\u00edan lugares comunes, pero que en la Cuba del INDER y el ICRT suenan a herej\u00eda si vienen de alguien dentro del sistema. Nunca, sin embargo, fue m\u00e1s all\u00e1. Nunca se\u00f1al\u00f3 al r\u00e9gimen por su nombre.<\/p>\n\n\n\n<h2 class=\"wp-block-heading\">\u00bfCogiendo un aire o buscando otros cielos como \u00abrecomendaba\u00bb Jos\u00e9 Jos\u00e9?<\/h2>\n\n\n\n<p>Las reacciones a su presencia en Espa\u00f1a repiten el patr\u00f3n de siempre con Reinier Gonz\u00e1lez: divididas. Los que lo admiran celebraron el encuentro de sus colegas con \u00e9l y destacaron su trayectoria. Los que lo critican no tardaron en se\u00f1alar lo obvio: mientras millones de cubanos llevan meses sin electricidad, sin comida y sin posibilidad de viajar, determinadas figuras del sistema s\u00ed pueden salir del pa\u00eds con la facilidad de \u00abcoger un aire.\u00bb Pero bueno, esa culpa no es de \u00e9l.<\/p>\n\n\n\n<p>La pregunta que nadie ha respondido, porque nadie la ha hecho en p\u00fablico con nombre y apellido, y es tal vez la que m\u00e1s interesa, es si Reinier Gonz\u00e1lez piensa regresar.<\/p>\n\n\n\n<p>En Cuba, \u00abcoger un aire\u00bb tiene dos significados. Uno literal. El otro, cada vez m\u00e1s, definitivo. \u00bfCu\u00e1l ser\u00e1 el del <em>enfant terrible<\/em> de la TV cubana?<\/p>\n","protected":false},"excerpt":{"rendered":"<p>Reinier Gonz\u00e1lez, la voz m\u00e1s reconocible y pol\u00e9mica del periodismo deportivo de la televisi\u00f3n estatal cubana, est\u00e1 en Espa\u00f1a. Lo confirmaron sus propios colegas en redes sociales. Nadie sabe si es temporal o definitivo. Cuba tampoco sabe qu\u00e9 pensar de un hombre al que tanto admir\u00f3 como odi\u00f3 durante d\u00e9cadas.<\/p>\n","protected":false},"author":13,"featured_media":168274,"comment_status":"open","ping_status":"closed","sticky":false,"template":"","format":"standard","meta":{"_acf_changed":false,"footnotes":""},"categories":[21,18,955],"tags":[19979,32221,11,272,5667,32220,5171,21598],"class_list":{"0":"post-242524","1":"post","2":"type-post","3":"status-publish","4":"format-standard","5":"has-post-thumbnail","7":"category-deportes","8":"category-noticias","9":"category-noticias-de-cuba","11":"tag-comentarista-deportivo-cubano-en-espana","13":"tag-espana","14":"tag-periodistas-cubanos","15":"tag-polemicas-en-cuba","16":"tag-reinier-gonzalez","17":"tag-tele-rebelde-2"},"acf":[],"yoast_head":"<!-- This site is optimized with the Yoast SEO plugin v27.4 - https:\/\/yoast.com\/product\/yoast-seo-wordpress\/ -->\n<title>Reinier Gonz\u00e1lez se da un viajecito por Espa\u00f1a y dispara reacciones. \u00bfSe queda o regresa? - Cuballama Noticias<\/title>\n<meta name=\"description\" content=\"Reinier Gonz\u00e1lez en Espa\u00f1a: el comentarista deportivo m\u00e1s pol\u00e9mico de Cuba &quot;cogiendo un aire&quot;, pero no sabemos si &quot;definitivo&quot;.\" \/>\n<meta name=\"robots\" content=\"index, follow, max-snippet:-1, max-image-preview:large, max-video-preview:-1\" \/>\n<link rel=\"canonical\" href=\"https:\/\/www.cuballama.com\/noticias\/reinier-gonzalez-se-da-un-viajecito-por-espana-y-dispara-reacciones-se-queda-o-regresa\/\" \/>\n<meta property=\"og:locale\" content=\"es_ES\" \/>\n<meta property=\"og:type\" content=\"article\" \/>\n<meta property=\"og:title\" content=\"Reinier Gonz\u00e1lez se da un viajecito por Espa\u00f1a y dispara reacciones. \u00bfSe queda o regresa? - Cuballama Noticias\" \/>\n<meta property=\"og:description\" content=\"Reinier Gonz\u00e1lez en Espa\u00f1a: el comentarista deportivo m\u00e1s pol\u00e9mico de Cuba &quot;cogiendo un aire&quot;, pero no sabemos si &quot;definitivo&quot;.\" \/>\n<meta property=\"og:url\" content=\"https:\/\/www.cuballama.com\/noticias\/reinier-gonzalez-se-da-un-viajecito-por-espana-y-dispara-reacciones-se-queda-o-regresa\/\" \/>\n<meta property=\"og:site_name\" content=\"Cuballama Noticias\" \/>\n<meta property=\"article:publisher\" content=\"https:\/\/www.facebook.com\/CubaLlama\" \/>\n<meta property=\"article:published_time\" content=\"2026-04-27T13:41:18+00:00\" \/>\n<meta property=\"article:modified_time\" content=\"2026-04-27T18:42:22+00:00\" \/>\n<meta property=\"og:image\" content=\"https:\/\/cdn1.mediawpaccore.net\/wp-content\/uploads\/2024\/04\/30094135\/Untitled-design-2024-04-30T094126.295.jpg\" \/>\n\t<meta property=\"og:image:width\" content=\"1200\" \/>\n\t<meta property=\"og:image:height\" content=\"630\" \/>\n\t<meta property=\"og:image:type\" content=\"image\/jpeg\" \/>\n<meta name=\"author\" content=\"Roberto A.\" \/>\n<meta name=\"twitter:card\" content=\"summary_large_image\" \/>\n<meta name=\"twitter:creator\" content=\"@cuballama\" \/>\n<meta name=\"twitter:site\" content=\"@cuballama\" \/>\n<meta name=\"twitter:label1\" content=\"Escrito por\" \/>\n\t<meta name=\"twitter:data1\" content=\"Roberto A.\" \/>\n\t<meta name=\"twitter:label2\" content=\"Tiempo de lectura\" \/>\n\t<meta name=\"twitter:data2\" content=\"4 minutos\" \/>\n<script type=\"application\/ld+json\" class=\"yoast-schema-graph\">{\"@context\":\"https:\\\/\\\/schema.org\",\"@graph\":[{\"@type\":\"Article\",\"@id\":\"https:\\\/\\\/www.cuballama.com\\\/noticias\\\/reinier-gonzalez-se-da-un-viajecito-por-espana-y-dispara-reacciones-se-queda-o-regresa\\\/#article\",\"isPartOf\":{\"@id\":\"https:\\\/\\\/www.cuballama.com\\\/noticias\\\/reinier-gonzalez-se-da-un-viajecito-por-espana-y-dispara-reacciones-se-queda-o-regresa\\\/\"},\"author\":{\"name\":\"Roberto A.\",\"@id\":\"https:\\\/\\\/www.cuballama.com\\\/noticias\\\/#\\\/schema\\\/person\\\/a58502ed4146c8e9f83872e897c76cd2\"},\"headline\":\"Reinier Gonz\u00e1lez se da un viajecito por Espa\u00f1a y dispara reacciones. \u00bfSe queda o regresa?\",\"datePublished\":\"2026-04-27T13:41:18+00:00\",\"dateModified\":\"2026-04-27T18:42:22+00:00\",\"mainEntityOfPage\":{\"@id\":\"https:\\\/\\\/www.cuballama.com\\\/noticias\\\/reinier-gonzalez-se-da-un-viajecito-por-espana-y-dispara-reacciones-se-queda-o-regresa\\\/\"},\"wordCount\":925,\"commentCount\":0,\"publisher\":{\"@id\":\"https:\\\/\\\/www.cuballama.com\\\/noticias\\\/#organization\"},\"image\":{\"@id\":\"https:\\\/\\\/www.cuballama.com\\\/noticias\\\/reinier-gonzalez-se-da-un-viajecito-por-espana-y-dispara-reacciones-se-queda-o-regresa\\\/#primaryimage\"},\"thumbnailUrl\":\"https:\\\/\\\/cdn1.mediawpaccore.net\\\/wp-content\\\/uploads\\\/2024\\\/04\\\/30094135\\\/Untitled-design-2024-04-30T094126.295.jpg\",\"keywords\":[\"comentarista deportivo\",\"comentarista deportivo cubano en Espa\u00f1a\",\"Cuba\",\"espa\u00f1a\",\"Periodistas cubanos\",\"pol\u00e9micas en Cuba\",\"Reinier Gonz\u00e1lez\",\"Tele Rebelde\"],\"articleSection\":[\"Deportes\",\"Noticias\",\"Noticias de Cuba\"],\"inLanguage\":\"es\",\"potentialAction\":[{\"@type\":\"CommentAction\",\"name\":\"Comment\",\"target\":[\"https:\\\/\\\/www.cuballama.com\\\/noticias\\\/reinier-gonzalez-se-da-un-viajecito-por-espana-y-dispara-reacciones-se-queda-o-regresa\\\/#respond\"]}]},{\"@type\":\"WebPage\",\"@id\":\"https:\\\/\\\/www.cuballama.com\\\/noticias\\\/reinier-gonzalez-se-da-un-viajecito-por-espana-y-dispara-reacciones-se-queda-o-regresa\\\/\",\"url\":\"https:\\\/\\\/www.cuballama.com\\\/noticias\\\/reinier-gonzalez-se-da-un-viajecito-por-espana-y-dispara-reacciones-se-queda-o-regresa\\\/\",\"name\":\"Reinier Gonz\u00e1lez se da un viajecito por Espa\u00f1a y dispara reacciones. \u00bfSe queda o regresa? - Cuballama Noticias\",\"isPartOf\":{\"@id\":\"https:\\\/\\\/www.cuballama.com\\\/noticias\\\/#website\"},\"primaryImageOfPage\":{\"@id\":\"https:\\\/\\\/www.cuballama.com\\\/noticias\\\/reinier-gonzalez-se-da-un-viajecito-por-espana-y-dispara-reacciones-se-queda-o-regresa\\\/#primaryimage\"},\"image\":{\"@id\":\"https:\\\/\\\/www.cuballama.com\\\/noticias\\\/reinier-gonzalez-se-da-un-viajecito-por-espana-y-dispara-reacciones-se-queda-o-regresa\\\/#primaryimage\"},\"thumbnailUrl\":\"https:\\\/\\\/cdn1.mediawpaccore.net\\\/wp-content\\\/uploads\\\/2024\\\/04\\\/30094135\\\/Untitled-design-2024-04-30T094126.295.jpg\",\"datePublished\":\"2026-04-27T13:41:18+00:00\",\"dateModified\":\"2026-04-27T18:42:22+00:00\",\"description\":\"Reinier Gonz\u00e1lez en Espa\u00f1a: el comentarista deportivo m\u00e1s pol\u00e9mico de Cuba \\\"cogiendo un aire\\\", pero no sabemos si \\\"definitivo\\\".\",\"breadcrumb\":{\"@id\":\"https:\\\/\\\/www.cuballama.com\\\/noticias\\\/reinier-gonzalez-se-da-un-viajecito-por-espana-y-dispara-reacciones-se-queda-o-regresa\\\/#breadcrumb\"},\"inLanguage\":\"es\",\"potentialAction\":[{\"@type\":\"ReadAction\",\"target\":[\"https:\\\/\\\/www.cuballama.com\\\/noticias\\\/reinier-gonzalez-se-da-un-viajecito-por-espana-y-dispara-reacciones-se-queda-o-regresa\\\/\"]}]},{\"@type\":\"ImageObject\",\"inLanguage\":\"es\",\"@id\":\"https:\\\/\\\/www.cuballama.com\\\/noticias\\\/reinier-gonzalez-se-da-un-viajecito-por-espana-y-dispara-reacciones-se-queda-o-regresa\\\/#primaryimage\",\"url\":\"https:\\\/\\\/cdn1.mediawpaccore.net\\\/wp-content\\\/uploads\\\/2024\\\/04\\\/30094135\\\/Untitled-design-2024-04-30T094126.295.jpg\",\"contentUrl\":\"https:\\\/\\\/cdn1.mediawpaccore.net\\\/wp-content\\\/uploads\\\/2024\\\/04\\\/30094135\\\/Untitled-design-2024-04-30T094126.295.jpg\",\"width\":1200,\"height\":630,\"caption\":\"Reinier Gonz\u00e1lez. Foto: Swing Completo\"},{\"@type\":\"BreadcrumbList\",\"@id\":\"https:\\\/\\\/www.cuballama.com\\\/noticias\\\/reinier-gonzalez-se-da-un-viajecito-por-espana-y-dispara-reacciones-se-queda-o-regresa\\\/#breadcrumb\",\"itemListElement\":[{\"@type\":\"ListItem\",\"position\":1,\"name\":\"Home\",\"item\":\"https:\\\/\\\/www.cuballama.com\\\/noticias\\\/\"},{\"@type\":\"ListItem\",\"position\":2,\"name\":\"Reinier Gonz\u00e1lez se da un viajecito por Espa\u00f1a y dispara reacciones. \u00bfSe queda o regresa?\"}]},{\"@type\":\"WebSite\",\"@id\":\"https:\\\/\\\/www.cuballama.com\\\/noticias\\\/#website\",\"url\":\"https:\\\/\\\/www.cuballama.com\\\/noticias\\\/\",\"name\":\"Cuballama Noticias\",\"description\":\"Medio digital sobre Cuba y el mundo\",\"publisher\":{\"@id\":\"https:\\\/\\\/www.cuballama.com\\\/noticias\\\/#organization\"},\"potentialAction\":[{\"@type\":\"SearchAction\",\"target\":{\"@type\":\"EntryPoint\",\"urlTemplate\":\"https:\\\/\\\/www.cuballama.com\\\/noticias\\\/?s={search_term_string}\"},\"query-input\":{\"@type\":\"PropertyValueSpecification\",\"valueRequired\":true,\"valueName\":\"search_term_string\"}}],\"inLanguage\":\"es\"},{\"@type\":\"Organization\",\"@id\":\"https:\\\/\\\/www.cuballama.com\\\/noticias\\\/#organization\",\"name\":\"Cuballama\",\"url\":\"https:\\\/\\\/www.cuballama.com\\\/noticias\\\/\",\"logo\":{\"@type\":\"ImageObject\",\"inLanguage\":\"es\",\"@id\":\"https:\\\/\\\/www.cuballama.com\\\/noticias\\\/#\\\/schema\\\/logo\\\/image\\\/\",\"url\":\"https:\\\/\\\/cdn1.mediawpaccore.net\\\/wp-content\\\/uploads\\\/2021\\\/12\\\/28171206\\\/cbll-logo-color-sm.png\",\"contentUrl\":\"https:\\\/\\\/cdn1.mediawpaccore.net\\\/wp-content\\\/uploads\\\/2021\\\/12\\\/28171206\\\/cbll-logo-color-sm.png\",\"width\":600,\"height\":133,\"caption\":\"Cuballama\"},\"image\":{\"@id\":\"https:\\\/\\\/www.cuballama.com\\\/noticias\\\/#\\\/schema\\\/logo\\\/image\\\/\"},\"sameAs\":[\"https:\\\/\\\/www.facebook.com\\\/CubaLlama\",\"https:\\\/\\\/x.com\\\/cuballama\",\"https:\\\/\\\/www.instagram.com\\\/stories\\\/cuballama_oficial\\\/\",\"https:\\\/\\\/www.youtube.com\\\/channel\\\/UCKkFE-d_axENGZcrc4as0IA\"]},{\"@type\":\"Person\",\"@id\":\"https:\\\/\\\/www.cuballama.com\\\/noticias\\\/#\\\/schema\\\/person\\\/a58502ed4146c8e9f83872e897c76cd2\",\"name\":\"Roberto A.\",\"description\":\"Roberto A. Periodista por decisi\u00f3n propia. Interesado en cualquier tema que me apasione y cada vez m\u00e1s comprometido con la verdad y la objetividad period\u00edstica. Graduado en La Habana hace ya muchos a\u00f1os, luego de una accidentada y polvorienta b\u00fasqueda de informaci\u00f3n sobre un tema in\u00e9dito. La Tesis, por cierto, desapareci\u00f3 de la biblioteca y no se conservan copias de la misma.\",\"url\":\"https:\\\/\\\/www.cuballama.com\\\/noticias\\\/author\\\/roberto\\\/\"}]}<\/script>\n<!-- \/ Yoast SEO plugin. -->","yoast_head_json":{"title":"Reinier Gonz\u00e1lez se da un viajecito por Espa\u00f1a y dispara reacciones. \u00bfSe queda o regresa? - Cuballama Noticias","description":"Reinier Gonz\u00e1lez en Espa\u00f1a: el comentarista deportivo m\u00e1s pol\u00e9mico de Cuba \"cogiendo un aire\", pero no sabemos si \"definitivo\".","robots":{"index":"index","follow":"follow","max-snippet":"max-snippet:-1","max-image-preview":"max-image-preview:large","max-video-preview":"max-video-preview:-1"},"canonical":"https:\/\/www.cuballama.com\/noticias\/reinier-gonzalez-se-da-un-viajecito-por-espana-y-dispara-reacciones-se-queda-o-regresa\/","og_locale":"es_ES","og_type":"article","og_title":"Reinier Gonz\u00e1lez se da un viajecito por Espa\u00f1a y dispara reacciones. \u00bfSe queda o regresa? - Cuballama Noticias","og_description":"Reinier Gonz\u00e1lez en Espa\u00f1a: el comentarista deportivo m\u00e1s pol\u00e9mico de Cuba \"cogiendo un aire\", pero no sabemos si \"definitivo\".","og_url":"https:\/\/www.cuballama.com\/noticias\/reinier-gonzalez-se-da-un-viajecito-por-espana-y-dispara-reacciones-se-queda-o-regresa\/","og_site_name":"Cuballama Noticias","article_publisher":"https:\/\/www.facebook.com\/CubaLlama","article_published_time":"2026-04-27T13:41:18+00:00","article_modified_time":"2026-04-27T18:42:22+00:00","og_image":[{"width":1200,"height":630,"url":"https:\/\/cdn1.mediawpaccore.net\/wp-content\/uploads\/2024\/04\/30094135\/Untitled-design-2024-04-30T094126.295.jpg","type":"image\/jpeg"}],"author":"Roberto A.","twitter_card":"summary_large_image","twitter_creator":"@cuballama","twitter_site":"@cuballama","twitter_misc":{"Escrito por":"Roberto A.","Tiempo de lectura":"4 minutos"},"schema":{"@context":"https:\/\/schema.org","@graph":[{"@type":"Article","@id":"https:\/\/www.cuballama.com\/noticias\/reinier-gonzalez-se-da-un-viajecito-por-espana-y-dispara-reacciones-se-queda-o-regresa\/#article","isPartOf":{"@id":"https:\/\/www.cuballama.com\/noticias\/reinier-gonzalez-se-da-un-viajecito-por-espana-y-dispara-reacciones-se-queda-o-regresa\/"},"author":{"name":"Roberto A.","@id":"https:\/\/www.cuballama.com\/noticias\/#\/schema\/person\/a58502ed4146c8e9f83872e897c76cd2"},"headline":"Reinier Gonz\u00e1lez se da un viajecito por Espa\u00f1a y dispara reacciones. \u00bfSe queda o regresa?","datePublished":"2026-04-27T13:41:18+00:00","dateModified":"2026-04-27T18:42:22+00:00","mainEntityOfPage":{"@id":"https:\/\/www.cuballama.com\/noticias\/reinier-gonzalez-se-da-un-viajecito-por-espana-y-dispara-reacciones-se-queda-o-regresa\/"},"wordCount":925,"commentCount":0,"publisher":{"@id":"https:\/\/www.cuballama.com\/noticias\/#organization"},"image":{"@id":"https:\/\/www.cuballama.com\/noticias\/reinier-gonzalez-se-da-un-viajecito-por-espana-y-dispara-reacciones-se-queda-o-regresa\/#primaryimage"},"thumbnailUrl":"https:\/\/cdn1.mediawpaccore.net\/wp-content\/uploads\/2024\/04\/30094135\/Untitled-design-2024-04-30T094126.295.jpg","keywords":["comentarista deportivo","comentarista deportivo cubano en Espa\u00f1a","Cuba","espa\u00f1a","Periodistas cubanos","pol\u00e9micas en Cuba","Reinier Gonz\u00e1lez","Tele Rebelde"],"articleSection":["Deportes","Noticias","Noticias de Cuba"],"inLanguage":"es","potentialAction":[{"@type":"CommentAction","name":"Comment","target":["https:\/\/www.cuballama.com\/noticias\/reinier-gonzalez-se-da-un-viajecito-por-espana-y-dispara-reacciones-se-queda-o-regresa\/#respond"]}]},{"@type":"WebPage","@id":"https:\/\/www.cuballama.com\/noticias\/reinier-gonzalez-se-da-un-viajecito-por-espana-y-dispara-reacciones-se-queda-o-regresa\/","url":"https:\/\/www.cuballama.com\/noticias\/reinier-gonzalez-se-da-un-viajecito-por-espana-y-dispara-reacciones-se-queda-o-regresa\/","name":"Reinier Gonz\u00e1lez se da un viajecito por Espa\u00f1a y dispara reacciones. \u00bfSe queda o regresa? - Cuballama Noticias","isPartOf":{"@id":"https:\/\/www.cuballama.com\/noticias\/#website"},"primaryImageOfPage":{"@id":"https:\/\/www.cuballama.com\/noticias\/reinier-gonzalez-se-da-un-viajecito-por-espana-y-dispara-reacciones-se-queda-o-regresa\/#primaryimage"},"image":{"@id":"https:\/\/www.cuballama.com\/noticias\/reinier-gonzalez-se-da-un-viajecito-por-espana-y-dispara-reacciones-se-queda-o-regresa\/#primaryimage"},"thumbnailUrl":"https:\/\/cdn1.mediawpaccore.net\/wp-content\/uploads\/2024\/04\/30094135\/Untitled-design-2024-04-30T094126.295.jpg","datePublished":"2026-04-27T13:41:18+00:00","dateModified":"2026-04-27T18:42:22+00:00","description":"Reinier Gonz\u00e1lez en Espa\u00f1a: el comentarista deportivo m\u00e1s pol\u00e9mico de Cuba \"cogiendo un aire\", pero no sabemos si \"definitivo\".","breadcrumb":{"@id":"https:\/\/www.cuballama.com\/noticias\/reinier-gonzalez-se-da-un-viajecito-por-espana-y-dispara-reacciones-se-queda-o-regresa\/#breadcrumb"},"inLanguage":"es","potentialAction":[{"@type":"ReadAction","target":["https:\/\/www.cuballama.com\/noticias\/reinier-gonzalez-se-da-un-viajecito-por-espana-y-dispara-reacciones-se-queda-o-regresa\/"]}]},{"@type":"ImageObject","inLanguage":"es","@id":"https:\/\/www.cuballama.com\/noticias\/reinier-gonzalez-se-da-un-viajecito-por-espana-y-dispara-reacciones-se-queda-o-regresa\/#primaryimage","url":"https:\/\/cdn1.mediawpaccore.net\/wp-content\/uploads\/2024\/04\/30094135\/Untitled-design-2024-04-30T094126.295.jpg","contentUrl":"https:\/\/cdn1.mediawpaccore.net\/wp-content\/uploads\/2024\/04\/30094135\/Untitled-design-2024-04-30T094126.295.jpg","width":1200,"height":630,"caption":"Reinier Gonz\u00e1lez. Foto: Swing Completo"},{"@type":"BreadcrumbList","@id":"https:\/\/www.cuballama.com\/noticias\/reinier-gonzalez-se-da-un-viajecito-por-espana-y-dispara-reacciones-se-queda-o-regresa\/#breadcrumb","itemListElement":[{"@type":"ListItem","position":1,"name":"Home","item":"https:\/\/www.cuballama.com\/noticias\/"},{"@type":"ListItem","position":2,"name":"Reinier Gonz\u00e1lez se da un viajecito por Espa\u00f1a y dispara reacciones. \u00bfSe queda o regresa?"}]},{"@type":"WebSite","@id":"https:\/\/www.cuballama.com\/noticias\/#website","url":"https:\/\/www.cuballama.com\/noticias\/","name":"Cuballama Noticias","description":"Medio digital sobre Cuba y el mundo","publisher":{"@id":"https:\/\/www.cuballama.com\/noticias\/#organization"},"potentialAction":[{"@type":"SearchAction","target":{"@type":"EntryPoint","urlTemplate":"https:\/\/www.cuballama.com\/noticias\/?s={search_term_string}"},"query-input":{"@type":"PropertyValueSpecification","valueRequired":true,"valueName":"search_term_string"}}],"inLanguage":"es"},{"@type":"Organization","@id":"https:\/\/www.cuballama.com\/noticias\/#organization","name":"Cuballama","url":"https:\/\/www.cuballama.com\/noticias\/","logo":{"@type":"ImageObject","inLanguage":"es","@id":"https:\/\/www.cuballama.com\/noticias\/#\/schema\/logo\/image\/","url":"https:\/\/cdn1.mediawpaccore.net\/wp-content\/uploads\/2021\/12\/28171206\/cbll-logo-color-sm.png","contentUrl":"https:\/\/cdn1.mediawpaccore.net\/wp-content\/uploads\/2021\/12\/28171206\/cbll-logo-color-sm.png","width":600,"height":133,"caption":"Cuballama"},"image":{"@id":"https:\/\/www.cuballama.com\/noticias\/#\/schema\/logo\/image\/"},"sameAs":["https:\/\/www.facebook.com\/CubaLlama","https:\/\/x.com\/cuballama","https:\/\/www.instagram.com\/stories\/cuballama_oficial\/","https:\/\/www.youtube.com\/channel\/UCKkFE-d_axENGZcrc4as0IA"]},{"@type":"Person","@id":"https:\/\/www.cuballama.com\/noticias\/#\/schema\/person\/a58502ed4146c8e9f83872e897c76cd2","name":"Roberto A.","description":"Roberto A. Periodista por decisi\u00f3n propia. Interesado en cualquier tema que me apasione y cada vez m\u00e1s comprometido con la verdad y la objetividad period\u00edstica. Graduado en La Habana hace ya muchos a\u00f1os, luego de una accidentada y polvorienta b\u00fasqueda de informaci\u00f3n sobre un tema in\u00e9dito. La Tesis, por cierto, desapareci\u00f3 de la biblioteca y no se conservan copias de la misma.","url":"https:\/\/www.cuballama.com\/noticias\/author\/roberto\/"}]}},"_links":{"self":[{"href":"https:\/\/www.cuballama.com\/noticias\/wp-json\/wp\/v2\/posts\/242524","targetHints":{"allow":["GET"]}}],"collection":[{"href":"https:\/\/www.cuballama.com\/noticias\/wp-json\/wp\/v2\/posts"}],"about":[{"href":"https:\/\/www.cuballama.com\/noticias\/wp-json\/wp\/v2\/types\/post"}],"author":[{"embeddable":true,"href":"https:\/\/www.cuballama.com\/noticias\/wp-json\/wp\/v2\/users\/13"}],"replies":[{"embeddable":true,"href":"https:\/\/www.cuballama.com\/noticias\/wp-json\/wp\/v2\/comments?post=242524"}],"version-history":[{"count":3,"href":"https:\/\/www.cuballama.com\/noticias\/wp-json\/wp\/v2\/posts\/242524\/revisions"}],"predecessor-version":[{"id":242539,"href":"https:\/\/www.cuballama.com\/noticias\/wp-json\/wp\/v2\/posts\/242524\/revisions\/242539"}],"wp:featuredmedia":[{"embeddable":true,"href":"https:\/\/www.cuballama.com\/noticias\/wp-json\/wp\/v2\/media\/168274"}],"wp:attachment":[{"href":"https:\/\/www.cuballama.com\/noticias\/wp-json\/wp\/v2\/media?parent=242524"}],"wp:term":[{"taxonomy":"category","embeddable":true,"href":"https:\/\/www.cuballama.com\/noticias\/wp-json\/wp\/v2\/categories?post=242524"},{"taxonomy":"post_tag","embeddable":true,"href":"https:\/\/www.cuballama.com\/noticias\/wp-json\/wp\/v2\/tags?post=242524"}],"curies":[{"name":"wp","href":"https:\/\/api.w.org\/{rel}","templated":true}]}}