{"id":242509,"date":"2026-04-27T15:06:21","date_gmt":"2026-04-27T19:06:21","guid":{"rendered":"https:\/\/www.cuballama.com\/noticias\/?p=242509"},"modified":"2026-04-27T15:06:24","modified_gmt":"2026-04-27T19:06:24","slug":"fbi-busca-a-un-camionero-cubano-desaparecido-en-florida-sospechan-que-fue-secuestrado-durante-un-robo","status":"publish","type":"post","link":"https:\/\/www.cuballama.com\/noticias\/fbi-busca-a-un-camionero-cubano-desaparecido-en-florida-sospechan-que-fue-secuestrado-durante-un-robo\/","title":{"rendered":"FBI busca a un camionero cubano desaparecido en Florida: sospechan que fue secuestrado durante un robo"},"content":{"rendered":"\n<h2 class=\"wp-block-heading\">FBI Tampa pide ayuda para encontrar al camionero cubano Alejandro Jacomino Gonz\u00e1lez, desaparecido desde el 17 de abril en Brevard County. El cubano sali\u00f3 a hacer una entrega, par\u00f3 a descansar en la I-95 y desapareci\u00f3.<\/h2>\n\n\n\n<h2 class=\"wp-block-heading\">Su cami\u00f3n apareci\u00f3 en Georgia, los carros que transportaba tambi\u00e9n desaparecieron y \u00e9l sigue sin aparecer.<\/h2>\n\n\n\n<p>El FBI lo llama oficialmente un \u00absecuestro de transportador de autos en el condado de Brevard.\u00bb La familia de Alejandro Jacomino Gonz\u00e1lez lo llama pesadilla. El camionero cubano de 41 a\u00f1os sali\u00f3 a hacer una entrega rutinaria \u2014 veh\u00edculos del puerto de Brunswick, Georgia, hasta Miami \u2014 y desapareci\u00f3 en un \u00e1rea de descanso de la I-95. Eso ocurri\u00f3 el 17 de abril. Diez d\u00edas despu\u00e9s, el FBI Tampa activ\u00f3 una alerta p\u00fablica pidiendo ayuda y la pregunta sigue sin respuesta: \u00bfd\u00f3nde est\u00e1 Alejandro? <\/p>\n\n\n\n<p>Jacomino Gonz\u00e1lez, nacido el 8 de febrero de 1985 en Cuba y residente actualmente en Estados Unidos, conduc\u00eda un transportador de autos con licencia comercial (CDL) para una empresa de transporte. Su ruta era est\u00e1ndar: recoger veh\u00edculos en el puerto de Brunswick, Georgia, y llevarlos a Miami. Todo iba seg\u00fan lo previsto hasta la madrugada del 17 de abril, cuando el GPS del cami\u00f3n registr\u00f3 que se detuvo en el \u00e1rea de descanso de Brevard County, en la I-95 sur, en Grant-Valkaria, a la 1:21 AM.<\/p>\n\n\n\n<p>Ah\u00ed pas\u00f3 varias horas. A las 7:49 AM, el GPS volvi\u00f3 a mostrar movimiento \u2014 hacia el sur primero, luego un giro inesperado hacia el norte, en direcci\u00f3n a Jacksonville. <\/p>\n\n\n\n<p>Poco despu\u00e9s, Jacomino Gonz\u00e1lez dej\u00f3 de contestar llamadas. El cami\u00f3n fue reportado como desaparecido. D\u00edas m\u00e1s tarde, las autoridades lo encontraron abandonado en Port Wentworth, Georgia \u2014 sin el chofer y con varios de los veh\u00edculos que transportaba tambi\u00e9n desaparecidos. Tres de esos autos han sido recuperados posteriormente en Florida. El resto, junto con Alejandro, sigue sin aparecer.<\/p>\n\n\n\n<p>El 24 de abril, la divisi\u00f3n Tampa del FBI emiti\u00f3 una alerta p\u00fablica clasificando el caso como una desaparici\u00f3n sospechosa que podr\u00eda involucrar detenci\u00f3n ilegal. La agencia pide espec\u00edficamente a cualquier persona que haya estado en el \u00e1rea de descanso de Brevard County entre la 1:00 AM y las 8:00 AM del 17 de abril que comparta fotos o videos que pudieran haber captado algo, en cualquiera de estos enlaces:<\/p>\n\n\n\n<p><strong>a) <a href=\"https:\/\/tips.fbi.gov\/digitalmedia\/15f0983deab18e7\" target=\"_blank\" rel=\"noreferrer noopener nofollow\">https:\/\/tips.fbi.gov\/digitalmedia\/15f0983deab18e7<\/a><\/strong><\/p>\n\n\n\n<p><strong>b) <a href=\"https:\/\/tips.fbi.gov\/home\" target=\"_blank\" rel=\"noreferrer noopener nofollow\">https:\/\/tips.fbi.gov\/home<\/a><\/strong><\/p>\n\n\n\n<p>Jacomino Gonz\u00e1lez es descrito como un hombre hispano de 5 pies 11 pulgadas de estatura, calvo, con barba y bigote casta\u00f1o, ojos marrones, con un tatuaje en manga completa en el brazo izquierdo, otro en el antebrazo derecho y el nombre \u00abElisia\u00bb tatuado en el antebrazo derecho.<\/p>\n\n\n\n<figure class=\"wp-block-image size-large\"><img loading=\"lazy\" decoding=\"async\" width=\"807\" height=\"1024\" src=\"https:\/\/cdn1.mediawpaccore.net\/wp-content\/uploads\/2026\/04\/27115025\/image-136-807x1024.png\" alt=\"\" class=\"wp-image-242573\" srcset=\"https:\/\/cdn1.mediawpaccore.net\/wp-content\/uploads\/2026\/04\/27115025\/image-136-807x1024.png 807w, https:\/\/cdn1.mediawpaccore.net\/wp-content\/uploads\/2026\/04\/27115025\/image-136-236x300.png 236w, https:\/\/cdn1.mediawpaccore.net\/wp-content\/uploads\/2026\/04\/27115025\/image-136-768x974.png 768w, https:\/\/cdn1.mediawpaccore.net\/wp-content\/uploads\/2026\/04\/27115025\/image-136-331x420.png 331w, https:\/\/cdn1.mediawpaccore.net\/wp-content\/uploads\/2026\/04\/27115025\/image-136-150x190.png 150w, https:\/\/cdn1.mediawpaccore.net\/wp-content\/uploads\/2026\/04\/27115025\/image-136-300x381.png 300w, https:\/\/cdn1.mediawpaccore.net\/wp-content\/uploads\/2026\/04\/27115025\/image-136-696x883.png 696w, https:\/\/cdn1.mediawpaccore.net\/wp-content\/uploads\/2026\/04\/27115025\/image-136-1068x1355.png 1068w, https:\/\/cdn1.mediawpaccore.net\/wp-content\/uploads\/2026\/04\/27115025\/image-136.png 1127w\" sizes=\"auto, (max-width: 807px) 100vw, 807px\" \/><\/figure>\n\n\n\n<p>El caso recuerda dolorosamente al de Alexis S\u00e1nchez Azcuy, otro camionero cubano de Miami que desapareci\u00f3 en Texas en marzo de 2022 durante una ruta de carga larga. Su cami\u00f3n tambi\u00e9n fue encontrado abandonado \u2014 con rastros de sangre. Meses despu\u00e9s se confirm\u00f3 su asesinato. En julio de 2025, el responsable fue sentenciado a cadena perpetua. La sombra de ese caso no ha dejado de crecer desde que se conoci\u00f3 la desaparici\u00f3n de Jacomino.<\/p>\n\n\n\n<p>Cualquier informaci\u00f3n puede reportarse tambi\u00e9n al FBI Tampa o llamando al 1-800-CALL-FBI. <\/p>\n\n\n\n<p><\/p>\n","protected":false},"excerpt":{"rendered":"<p>Alejandro Jacomino Gonz\u00e1lez, camionero cubano de 41 a\u00f1os residente en Estados Unidos, desapareci\u00f3 el 17 de abril en un \u00e1rea de descanso de la I-95 en Brevard County, Florida. Su cami\u00f3n apareci\u00f3 d\u00edas despu\u00e9s en Georgia, vac\u00edo y sin varios de los veh\u00edculos que transportaba. El FBI Tampa activ\u00f3 alerta p\u00fablica el 24 de abril y sospecha secuestro.<\/p>\n","protected":false},"author":13,"featured_media":242557,"comment_status":"open","ping_status":"closed","sticky":false,"template":"","format":"standard","meta":{"_acf_changed":false,"footnotes":""},"categories":[9334],"tags":[32234,32239,32236,32238,25365,32237,1296,314,12288,32235,783],"class_list":{"0":"post-242509","1":"post","2":"type-post","3":"status-publish","4":"format-standard","5":"has-post-thumbnail","7":"category-covid","8":"tag-alejandro-jacomino-gonzalez","9":"tag-brevard-county","10":"tag-camionero-cubano-desaparecido","11":"tag-camionero-secuestrado","12":"tag-cubano-desaparecido","13":"tag-cubano-secuestrado","14":"tag-fbi","15":"tag-florida","16":"tag-i-95","17":"tag-robo-de-carga","18":"tag-tampa"},"acf":[],"yoast_head":"<!-- This site is optimized with the Yoast SEO plugin v27.4 - https:\/\/yoast.com\/product\/yoast-seo-wordpress\/ -->\n<title>FBI busca a un camionero cubano desaparecido en Florida: sospechan que fue secuestrado durante un robo - Cuballama Noticias<\/title>\n<meta name=\"description\" content=\"FBI busca a camionero cubano desaparecido en Florida en un caso de posible secuestro ocurrido el 17 de abril en la I-95.\" \/>\n<meta name=\"robots\" content=\"index, follow, max-snippet:-1, max-image-preview:large, max-video-preview:-1\" \/>\n<link rel=\"canonical\" href=\"https:\/\/www.cuballama.com\/noticias\/fbi-busca-a-un-camionero-cubano-desaparecido-en-florida-sospechan-que-fue-secuestrado-durante-un-robo\/\" \/>\n<meta property=\"og:locale\" content=\"es_ES\" \/>\n<meta property=\"og:type\" content=\"article\" \/>\n<meta property=\"og:title\" content=\"FBI busca a un camionero cubano desaparecido en Florida: sospechan que fue secuestrado durante un robo - Cuballama Noticias\" \/>\n<meta property=\"og:description\" content=\"FBI busca a camionero cubano desaparecido en Florida en un caso de posible secuestro ocurrido el 17 de abril en la I-95.\" \/>\n<meta property=\"og:url\" content=\"https:\/\/www.cuballama.com\/noticias\/fbi-busca-a-un-camionero-cubano-desaparecido-en-florida-sospechan-que-fue-secuestrado-durante-un-robo\/\" \/>\n<meta property=\"og:site_name\" content=\"Cuballama Noticias\" \/>\n<meta property=\"article:publisher\" content=\"https:\/\/www.facebook.com\/CubaLlama\" \/>\n<meta property=\"article:published_time\" content=\"2026-04-27T19:06:21+00:00\" \/>\n<meta property=\"article:modified_time\" content=\"2026-04-27T19:06:24+00:00\" \/>\n<meta property=\"og:image\" content=\"https:\/\/cdn1.mediawpaccore.net\/wp-content\/uploads\/2026\/04\/27110931\/image-132.png\" \/>\n\t<meta property=\"og:image:width\" content=\"1967\" \/>\n\t<meta property=\"og:image:height\" content=\"1034\" \/>\n\t<meta property=\"og:image:type\" content=\"image\/png\" \/>\n<meta name=\"author\" content=\"Roberto A.\" \/>\n<meta name=\"twitter:card\" content=\"summary_large_image\" \/>\n<meta name=\"twitter:creator\" content=\"@cuballama\" \/>\n<meta name=\"twitter:site\" content=\"@cuballama\" \/>\n<meta name=\"twitter:label1\" content=\"Escrito por\" \/>\n\t<meta name=\"twitter:data1\" content=\"Roberto A.\" \/>\n\t<meta name=\"twitter:label2\" content=\"Tiempo de lectura\" \/>\n\t<meta name=\"twitter:data2\" content=\"3 minutos\" \/>\n<script type=\"application\/ld+json\" class=\"yoast-schema-graph\">{\"@context\":\"https:\\\/\\\/schema.org\",\"@graph\":[{\"@type\":\"Article\",\"@id\":\"https:\\\/\\\/www.cuballama.com\\\/noticias\\\/fbi-busca-a-un-camionero-cubano-desaparecido-en-florida-sospechan-que-fue-secuestrado-durante-un-robo\\\/#article\",\"isPartOf\":{\"@id\":\"https:\\\/\\\/www.cuballama.com\\\/noticias\\\/fbi-busca-a-un-camionero-cubano-desaparecido-en-florida-sospechan-que-fue-secuestrado-durante-un-robo\\\/\"},\"author\":{\"name\":\"Roberto A.\",\"@id\":\"https:\\\/\\\/www.cuballama.com\\\/noticias\\\/#\\\/schema\\\/person\\\/a58502ed4146c8e9f83872e897c76cd2\"},\"headline\":\"FBI busca a un camionero cubano desaparecido en Florida: sospechan que fue secuestrado durante un robo\",\"datePublished\":\"2026-04-27T19:06:21+00:00\",\"dateModified\":\"2026-04-27T19:06:24+00:00\",\"mainEntityOfPage\":{\"@id\":\"https:\\\/\\\/www.cuballama.com\\\/noticias\\\/fbi-busca-a-un-camionero-cubano-desaparecido-en-florida-sospechan-que-fue-secuestrado-durante-un-robo\\\/\"},\"wordCount\":563,\"commentCount\":0,\"publisher\":{\"@id\":\"https:\\\/\\\/www.cuballama.com\\\/noticias\\\/#organization\"},\"image\":{\"@id\":\"https:\\\/\\\/www.cuballama.com\\\/noticias\\\/fbi-busca-a-un-camionero-cubano-desaparecido-en-florida-sospechan-que-fue-secuestrado-durante-un-robo\\\/#primaryimage\"},\"thumbnailUrl\":\"https:\\\/\\\/cdn1.mediawpaccore.net\\\/wp-content\\\/uploads\\\/2026\\\/04\\\/27110931\\\/image-132.png\",\"keywords\":[\"Alejandro Jacomino Gonz\u00e1lez\",\"Brevard County\",\"camionero cubano desaparecido\",\"camionero secuestrado\",\"cubano desaparecido\",\"cubano secuestrado\",\"FBI\",\"Florida\",\"I-95\",\"robo de carga\",\"Tampa\"],\"articleSection\":[\"Covid\"],\"inLanguage\":\"es\",\"potentialAction\":[{\"@type\":\"CommentAction\",\"name\":\"Comment\",\"target\":[\"https:\\\/\\\/www.cuballama.com\\\/noticias\\\/fbi-busca-a-un-camionero-cubano-desaparecido-en-florida-sospechan-que-fue-secuestrado-durante-un-robo\\\/#respond\"]}]},{\"@type\":\"WebPage\",\"@id\":\"https:\\\/\\\/www.cuballama.com\\\/noticias\\\/fbi-busca-a-un-camionero-cubano-desaparecido-en-florida-sospechan-que-fue-secuestrado-durante-un-robo\\\/\",\"url\":\"https:\\\/\\\/www.cuballama.com\\\/noticias\\\/fbi-busca-a-un-camionero-cubano-desaparecido-en-florida-sospechan-que-fue-secuestrado-durante-un-robo\\\/\",\"name\":\"FBI busca a un camionero cubano desaparecido en Florida: sospechan que fue secuestrado durante un robo - Cuballama Noticias\",\"isPartOf\":{\"@id\":\"https:\\\/\\\/www.cuballama.com\\\/noticias\\\/#website\"},\"primaryImageOfPage\":{\"@id\":\"https:\\\/\\\/www.cuballama.com\\\/noticias\\\/fbi-busca-a-un-camionero-cubano-desaparecido-en-florida-sospechan-que-fue-secuestrado-durante-un-robo\\\/#primaryimage\"},\"image\":{\"@id\":\"https:\\\/\\\/www.cuballama.com\\\/noticias\\\/fbi-busca-a-un-camionero-cubano-desaparecido-en-florida-sospechan-que-fue-secuestrado-durante-un-robo\\\/#primaryimage\"},\"thumbnailUrl\":\"https:\\\/\\\/cdn1.mediawpaccore.net\\\/wp-content\\\/uploads\\\/2026\\\/04\\\/27110931\\\/image-132.png\",\"datePublished\":\"2026-04-27T19:06:21+00:00\",\"dateModified\":\"2026-04-27T19:06:24+00:00\",\"description\":\"FBI busca a camionero cubano desaparecido en Florida en un caso de posible secuestro ocurrido el 17 de abril en la I-95.\",\"breadcrumb\":{\"@id\":\"https:\\\/\\\/www.cuballama.com\\\/noticias\\\/fbi-busca-a-un-camionero-cubano-desaparecido-en-florida-sospechan-que-fue-secuestrado-durante-un-robo\\\/#breadcrumb\"},\"inLanguage\":\"es\",\"potentialAction\":[{\"@type\":\"ReadAction\",\"target\":[\"https:\\\/\\\/www.cuballama.com\\\/noticias\\\/fbi-busca-a-un-camionero-cubano-desaparecido-en-florida-sospechan-que-fue-secuestrado-durante-un-robo\\\/\"]}]},{\"@type\":\"ImageObject\",\"inLanguage\":\"es\",\"@id\":\"https:\\\/\\\/www.cuballama.com\\\/noticias\\\/fbi-busca-a-un-camionero-cubano-desaparecido-en-florida-sospechan-que-fue-secuestrado-durante-un-robo\\\/#primaryimage\",\"url\":\"https:\\\/\\\/cdn1.mediawpaccore.net\\\/wp-content\\\/uploads\\\/2026\\\/04\\\/27110931\\\/image-132.png\",\"contentUrl\":\"https:\\\/\\\/cdn1.mediawpaccore.net\\\/wp-content\\\/uploads\\\/2026\\\/04\\\/27110931\\\/image-132.png\",\"width\":1967,\"height\":1034,\"caption\":\"Camionero cubano desaparecido en Florida. El FBI pide ayuda para localizarlo. Foto: Cortes\u00eda del FBI en Tampa\"},{\"@type\":\"BreadcrumbList\",\"@id\":\"https:\\\/\\\/www.cuballama.com\\\/noticias\\\/fbi-busca-a-un-camionero-cubano-desaparecido-en-florida-sospechan-que-fue-secuestrado-durante-un-robo\\\/#breadcrumb\",\"itemListElement\":[{\"@type\":\"ListItem\",\"position\":1,\"name\":\"Home\",\"item\":\"https:\\\/\\\/www.cuballama.com\\\/noticias\\\/\"},{\"@type\":\"ListItem\",\"position\":2,\"name\":\"FBI busca a un camionero cubano desaparecido en Florida: sospechan que fue secuestrado durante un robo\"}]},{\"@type\":\"WebSite\",\"@id\":\"https:\\\/\\\/www.cuballama.com\\\/noticias\\\/#website\",\"url\":\"https:\\\/\\\/www.cuballama.com\\\/noticias\\\/\",\"name\":\"Cuballama Noticias\",\"description\":\"Medio digital sobre Cuba y el mundo\",\"publisher\":{\"@id\":\"https:\\\/\\\/www.cuballama.com\\\/noticias\\\/#organization\"},\"potentialAction\":[{\"@type\":\"SearchAction\",\"target\":{\"@type\":\"EntryPoint\",\"urlTemplate\":\"https:\\\/\\\/www.cuballama.com\\\/noticias\\\/?s={search_term_string}\"},\"query-input\":{\"@type\":\"PropertyValueSpecification\",\"valueRequired\":true,\"valueName\":\"search_term_string\"}}],\"inLanguage\":\"es\"},{\"@type\":\"Organization\",\"@id\":\"https:\\\/\\\/www.cuballama.com\\\/noticias\\\/#organization\",\"name\":\"Cuballama\",\"url\":\"https:\\\/\\\/www.cuballama.com\\\/noticias\\\/\",\"logo\":{\"@type\":\"ImageObject\",\"inLanguage\":\"es\",\"@id\":\"https:\\\/\\\/www.cuballama.com\\\/noticias\\\/#\\\/schema\\\/logo\\\/image\\\/\",\"url\":\"https:\\\/\\\/cdn1.mediawpaccore.net\\\/wp-content\\\/uploads\\\/2021\\\/12\\\/28171206\\\/cbll-logo-color-sm.png\",\"contentUrl\":\"https:\\\/\\\/cdn1.mediawpaccore.net\\\/wp-content\\\/uploads\\\/2021\\\/12\\\/28171206\\\/cbll-logo-color-sm.png\",\"width\":600,\"height\":133,\"caption\":\"Cuballama\"},\"image\":{\"@id\":\"https:\\\/\\\/www.cuballama.com\\\/noticias\\\/#\\\/schema\\\/logo\\\/image\\\/\"},\"sameAs\":[\"https:\\\/\\\/www.facebook.com\\\/CubaLlama\",\"https:\\\/\\\/x.com\\\/cuballama\",\"https:\\\/\\\/www.instagram.com\\\/stories\\\/cuballama_oficial\\\/\",\"https:\\\/\\\/www.youtube.com\\\/channel\\\/UCKkFE-d_axENGZcrc4as0IA\"]},{\"@type\":\"Person\",\"@id\":\"https:\\\/\\\/www.cuballama.com\\\/noticias\\\/#\\\/schema\\\/person\\\/a58502ed4146c8e9f83872e897c76cd2\",\"name\":\"Roberto A.\",\"description\":\"Roberto A. Periodista por decisi\u00f3n propia. Interesado en cualquier tema que me apasione y cada vez m\u00e1s comprometido con la verdad y la objetividad period\u00edstica. Graduado en La Habana hace ya muchos a\u00f1os, luego de una accidentada y polvorienta b\u00fasqueda de informaci\u00f3n sobre un tema in\u00e9dito. La Tesis, por cierto, desapareci\u00f3 de la biblioteca y no se conservan copias de la misma.\",\"url\":\"https:\\\/\\\/www.cuballama.com\\\/noticias\\\/author\\\/roberto\\\/\"}]}<\/script>\n<!-- \/ Yoast SEO plugin. -->","yoast_head_json":{"title":"FBI busca a un camionero cubano desaparecido en Florida: sospechan que fue secuestrado durante un robo - Cuballama Noticias","description":"FBI busca a camionero cubano desaparecido en Florida en un caso de posible secuestro ocurrido el 17 de abril en la I-95.","robots":{"index":"index","follow":"follow","max-snippet":"max-snippet:-1","max-image-preview":"max-image-preview:large","max-video-preview":"max-video-preview:-1"},"canonical":"https:\/\/www.cuballama.com\/noticias\/fbi-busca-a-un-camionero-cubano-desaparecido-en-florida-sospechan-que-fue-secuestrado-durante-un-robo\/","og_locale":"es_ES","og_type":"article","og_title":"FBI busca a un camionero cubano desaparecido en Florida: sospechan que fue secuestrado durante un robo - Cuballama Noticias","og_description":"FBI busca a camionero cubano desaparecido en Florida en un caso de posible secuestro ocurrido el 17 de abril en la I-95.","og_url":"https:\/\/www.cuballama.com\/noticias\/fbi-busca-a-un-camionero-cubano-desaparecido-en-florida-sospechan-que-fue-secuestrado-durante-un-robo\/","og_site_name":"Cuballama Noticias","article_publisher":"https:\/\/www.facebook.com\/CubaLlama","article_published_time":"2026-04-27T19:06:21+00:00","article_modified_time":"2026-04-27T19:06:24+00:00","og_image":[{"width":1967,"height":1034,"url":"https:\/\/cdn1.mediawpaccore.net\/wp-content\/uploads\/2026\/04\/27110931\/image-132.png","type":"image\/png"}],"author":"Roberto A.","twitter_card":"summary_large_image","twitter_creator":"@cuballama","twitter_site":"@cuballama","twitter_misc":{"Escrito por":"Roberto A.","Tiempo de lectura":"3 minutos"},"schema":{"@context":"https:\/\/schema.org","@graph":[{"@type":"Article","@id":"https:\/\/www.cuballama.com\/noticias\/fbi-busca-a-un-camionero-cubano-desaparecido-en-florida-sospechan-que-fue-secuestrado-durante-un-robo\/#article","isPartOf":{"@id":"https:\/\/www.cuballama.com\/noticias\/fbi-busca-a-un-camionero-cubano-desaparecido-en-florida-sospechan-que-fue-secuestrado-durante-un-robo\/"},"author":{"name":"Roberto A.","@id":"https:\/\/www.cuballama.com\/noticias\/#\/schema\/person\/a58502ed4146c8e9f83872e897c76cd2"},"headline":"FBI busca a un camionero cubano desaparecido en Florida: sospechan que fue secuestrado durante un robo","datePublished":"2026-04-27T19:06:21+00:00","dateModified":"2026-04-27T19:06:24+00:00","mainEntityOfPage":{"@id":"https:\/\/www.cuballama.com\/noticias\/fbi-busca-a-un-camionero-cubano-desaparecido-en-florida-sospechan-que-fue-secuestrado-durante-un-robo\/"},"wordCount":563,"commentCount":0,"publisher":{"@id":"https:\/\/www.cuballama.com\/noticias\/#organization"},"image":{"@id":"https:\/\/www.cuballama.com\/noticias\/fbi-busca-a-un-camionero-cubano-desaparecido-en-florida-sospechan-que-fue-secuestrado-durante-un-robo\/#primaryimage"},"thumbnailUrl":"https:\/\/cdn1.mediawpaccore.net\/wp-content\/uploads\/2026\/04\/27110931\/image-132.png","keywords":["Alejandro Jacomino Gonz\u00e1lez","Brevard County","camionero cubano desaparecido","camionero secuestrado","cubano desaparecido","cubano secuestrado","FBI","Florida","I-95","robo de carga","Tampa"],"articleSection":["Covid"],"inLanguage":"es","potentialAction":[{"@type":"CommentAction","name":"Comment","target":["https:\/\/www.cuballama.com\/noticias\/fbi-busca-a-un-camionero-cubano-desaparecido-en-florida-sospechan-que-fue-secuestrado-durante-un-robo\/#respond"]}]},{"@type":"WebPage","@id":"https:\/\/www.cuballama.com\/noticias\/fbi-busca-a-un-camionero-cubano-desaparecido-en-florida-sospechan-que-fue-secuestrado-durante-un-robo\/","url":"https:\/\/www.cuballama.com\/noticias\/fbi-busca-a-un-camionero-cubano-desaparecido-en-florida-sospechan-que-fue-secuestrado-durante-un-robo\/","name":"FBI busca a un camionero cubano desaparecido en Florida: sospechan que fue secuestrado durante un robo - Cuballama Noticias","isPartOf":{"@id":"https:\/\/www.cuballama.com\/noticias\/#website"},"primaryImageOfPage":{"@id":"https:\/\/www.cuballama.com\/noticias\/fbi-busca-a-un-camionero-cubano-desaparecido-en-florida-sospechan-que-fue-secuestrado-durante-un-robo\/#primaryimage"},"image":{"@id":"https:\/\/www.cuballama.com\/noticias\/fbi-busca-a-un-camionero-cubano-desaparecido-en-florida-sospechan-que-fue-secuestrado-durante-un-robo\/#primaryimage"},"thumbnailUrl":"https:\/\/cdn1.mediawpaccore.net\/wp-content\/uploads\/2026\/04\/27110931\/image-132.png","datePublished":"2026-04-27T19:06:21+00:00","dateModified":"2026-04-27T19:06:24+00:00","description":"FBI busca a camionero cubano desaparecido en Florida en un caso de posible secuestro ocurrido el 17 de abril en la I-95.","breadcrumb":{"@id":"https:\/\/www.cuballama.com\/noticias\/fbi-busca-a-un-camionero-cubano-desaparecido-en-florida-sospechan-que-fue-secuestrado-durante-un-robo\/#breadcrumb"},"inLanguage":"es","potentialAction":[{"@type":"ReadAction","target":["https:\/\/www.cuballama.com\/noticias\/fbi-busca-a-un-camionero-cubano-desaparecido-en-florida-sospechan-que-fue-secuestrado-durante-un-robo\/"]}]},{"@type":"ImageObject","inLanguage":"es","@id":"https:\/\/www.cuballama.com\/noticias\/fbi-busca-a-un-camionero-cubano-desaparecido-en-florida-sospechan-que-fue-secuestrado-durante-un-robo\/#primaryimage","url":"https:\/\/cdn1.mediawpaccore.net\/wp-content\/uploads\/2026\/04\/27110931\/image-132.png","contentUrl":"https:\/\/cdn1.mediawpaccore.net\/wp-content\/uploads\/2026\/04\/27110931\/image-132.png","width":1967,"height":1034,"caption":"Camionero cubano desaparecido en Florida. El FBI pide ayuda para localizarlo. Foto: Cortes\u00eda del FBI en Tampa"},{"@type":"BreadcrumbList","@id":"https:\/\/www.cuballama.com\/noticias\/fbi-busca-a-un-camionero-cubano-desaparecido-en-florida-sospechan-que-fue-secuestrado-durante-un-robo\/#breadcrumb","itemListElement":[{"@type":"ListItem","position":1,"name":"Home","item":"https:\/\/www.cuballama.com\/noticias\/"},{"@type":"ListItem","position":2,"name":"FBI busca a un camionero cubano desaparecido en Florida: sospechan que fue secuestrado durante un robo"}]},{"@type":"WebSite","@id":"https:\/\/www.cuballama.com\/noticias\/#website","url":"https:\/\/www.cuballama.com\/noticias\/","name":"Cuballama Noticias","description":"Medio digital sobre Cuba y el mundo","publisher":{"@id":"https:\/\/www.cuballama.com\/noticias\/#organization"},"potentialAction":[{"@type":"SearchAction","target":{"@type":"EntryPoint","urlTemplate":"https:\/\/www.cuballama.com\/noticias\/?s={search_term_string}"},"query-input":{"@type":"PropertyValueSpecification","valueRequired":true,"valueName":"search_term_string"}}],"inLanguage":"es"},{"@type":"Organization","@id":"https:\/\/www.cuballama.com\/noticias\/#organization","name":"Cuballama","url":"https:\/\/www.cuballama.com\/noticias\/","logo":{"@type":"ImageObject","inLanguage":"es","@id":"https:\/\/www.cuballama.com\/noticias\/#\/schema\/logo\/image\/","url":"https:\/\/cdn1.mediawpaccore.net\/wp-content\/uploads\/2021\/12\/28171206\/cbll-logo-color-sm.png","contentUrl":"https:\/\/cdn1.mediawpaccore.net\/wp-content\/uploads\/2021\/12\/28171206\/cbll-logo-color-sm.png","width":600,"height":133,"caption":"Cuballama"},"image":{"@id":"https:\/\/www.cuballama.com\/noticias\/#\/schema\/logo\/image\/"},"sameAs":["https:\/\/www.facebook.com\/CubaLlama","https:\/\/x.com\/cuballama","https:\/\/www.instagram.com\/stories\/cuballama_oficial\/","https:\/\/www.youtube.com\/channel\/UCKkFE-d_axENGZcrc4as0IA"]},{"@type":"Person","@id":"https:\/\/www.cuballama.com\/noticias\/#\/schema\/person\/a58502ed4146c8e9f83872e897c76cd2","name":"Roberto A.","description":"Roberto A. Periodista por decisi\u00f3n propia. Interesado en cualquier tema que me apasione y cada vez m\u00e1s comprometido con la verdad y la objetividad period\u00edstica. Graduado en La Habana hace ya muchos a\u00f1os, luego de una accidentada y polvorienta b\u00fasqueda de informaci\u00f3n sobre un tema in\u00e9dito. La Tesis, por cierto, desapareci\u00f3 de la biblioteca y no se conservan copias de la misma.","url":"https:\/\/www.cuballama.com\/noticias\/author\/roberto\/"}]}},"_links":{"self":[{"href":"https:\/\/www.cuballama.com\/noticias\/wp-json\/wp\/v2\/posts\/242509","targetHints":{"allow":["GET"]}}],"collection":[{"href":"https:\/\/www.cuballama.com\/noticias\/wp-json\/wp\/v2\/posts"}],"about":[{"href":"https:\/\/www.cuballama.com\/noticias\/wp-json\/wp\/v2\/types\/post"}],"author":[{"embeddable":true,"href":"https:\/\/www.cuballama.com\/noticias\/wp-json\/wp\/v2\/users\/13"}],"replies":[{"embeddable":true,"href":"https:\/\/www.cuballama.com\/noticias\/wp-json\/wp\/v2\/comments?post=242509"}],"version-history":[{"count":6,"href":"https:\/\/www.cuballama.com\/noticias\/wp-json\/wp\/v2\/posts\/242509\/revisions"}],"predecessor-version":[{"id":242574,"href":"https:\/\/www.cuballama.com\/noticias\/wp-json\/wp\/v2\/posts\/242509\/revisions\/242574"}],"wp:featuredmedia":[{"embeddable":true,"href":"https:\/\/www.cuballama.com\/noticias\/wp-json\/wp\/v2\/media\/242557"}],"wp:attachment":[{"href":"https:\/\/www.cuballama.com\/noticias\/wp-json\/wp\/v2\/media?parent=242509"}],"wp:term":[{"taxonomy":"category","embeddable":true,"href":"https:\/\/www.cuballama.com\/noticias\/wp-json\/wp\/v2\/categories?post=242509"},{"taxonomy":"post_tag","embeddable":true,"href":"https:\/\/www.cuballama.com\/noticias\/wp-json\/wp\/v2\/tags?post=242509"}],"curies":[{"name":"wp","href":"https:\/\/api.w.org\/{rel}","templated":true}]}}