{"id":242498,"date":"2026-04-27T08:04:36","date_gmt":"2026-04-27T12:04:36","guid":{"rendered":"https:\/\/www.cuballama.com\/noticias\/?p=242498"},"modified":"2026-04-27T08:08:23","modified_gmt":"2026-04-27T12:08:23","slug":"impresionantes-trombas-en-altura-son-captadas-en-dos-provincias-de-cuba","status":"publish","type":"post","link":"https:\/\/www.cuballama.com\/noticias\/impresionantes-trombas-en-altura-son-captadas-en-dos-provincias-de-cuba\/","title":{"rendered":"Impresionantes trombas en altura son captadas en dos provincias de Cuba"},"content":{"rendered":"\n<p>Impresionantes trombas en altura, tambi\u00e9n conocidas como nubes de embudo o rabos de nube, fueron vistas la tarde de este domingo 26 de abril en las provincias de Ciego de \u00c1vila y Las Tunas, seg\u00fan inform\u00f3 el Instituto de Meteorolog\u00eda de Cuba en redes sociales.<\/p>\n\n\n\n<p>De acuerdo con la informaci\u00f3n ofrecida por meteor\u00f3logos de las ciudades cabeceras de ambos territorios, que captaron en im\u00e1genes estos fen\u00f3menos, no llegaron a incidir en tierra.<\/p>\n\n\n\n<p>\u201cEsta tarde dominical, nuevamente, tuvimos el desarrollo una \u2018tromba en la altura\u2019 o \u2018embudo fr\u00edo\u2019 en territorio avile\u00f1o\u201d, report\u00f3 desde su perfil de Facebook el meteor\u00f3logo Frank Fern\u00e1ndez Casta\u00f1eda sobre un fen\u00f3meno que se ha repetido en los \u00faltimos d\u00edas.<\/p>\n\n\n\n<iframe loading=\"lazy\" src=\"https:\/\/www.facebook.com\/plugins\/post.php?href=https%3A%2F%2Fwww.facebook.com%2Fpermalink.php%3Fstory_fbid%3Dpfbid0vHrhtp9zptDnkyETmAJWTKLnZGgWk2rN6Edi99dyExniMMYmmWbLpiXBQvHmUiMgl%26id%3D61560404371076&#038;show_text=true&#038;width=500\" width=\"500\" height=\"744\" style=\"border:none;overflow:hidden\" scrolling=\"no\" frameborder=\"0\" allowfullscreen=\"true\" allow=\"autoplay; clipboard-write; encrypted-media; picture-in-picture; web-share\"><\/iframe>\n\n\n\n<p>Seg\u00fan varios internautas, esta ser\u00eda al menos la tercera vez que son vistas estas trombas en Ciego de \u00c1vila a lo largo de la pasada semana.<\/p>\n\n\n\n<p>\u201cEste tipo de evento a diferencia de un tornado no causa da\u00f1os materiales ni v\u00edctimas\u201d, apunt\u00f3 el especialista.&nbsp;<\/p>\n\n\n\n<p>De igual forma, el internauta Pacho Casona public\u00f3 una imagen de una de estas nubes captada en la tarde del s\u00e1bado en San Crist\u00f3bal, provincia de Artemisa.<\/p>\n\n\n\n<figure class=\"wp-block-image size-large\"><img loading=\"lazy\" decoding=\"async\" width=\"768\" height=\"1024\" src=\"https:\/\/cdn1.mediawpaccore.net\/wp-content\/uploads\/2026\/04\/27075937\/680777884_1139782015874631_872555172187179655_n-768x1024.jpg\" alt=\"\" class=\"wp-image-242504\" srcset=\"https:\/\/cdn1.mediawpaccore.net\/wp-content\/uploads\/2026\/04\/27075937\/680777884_1139782015874631_872555172187179655_n-768x1024.jpg 768w, https:\/\/cdn1.mediawpaccore.net\/wp-content\/uploads\/2026\/04\/27075937\/680777884_1139782015874631_872555172187179655_n-225x300.jpg 225w, https:\/\/cdn1.mediawpaccore.net\/wp-content\/uploads\/2026\/04\/27075937\/680777884_1139782015874631_872555172187179655_n-315x420.jpg 315w, https:\/\/cdn1.mediawpaccore.net\/wp-content\/uploads\/2026\/04\/27075937\/680777884_1139782015874631_872555172187179655_n-150x200.jpg 150w, https:\/\/cdn1.mediawpaccore.net\/wp-content\/uploads\/2026\/04\/27075937\/680777884_1139782015874631_872555172187179655_n-300x400.jpg 300w, https:\/\/cdn1.mediawpaccore.net\/wp-content\/uploads\/2026\/04\/27075937\/680777884_1139782015874631_872555172187179655_n-696x928.jpg 696w, https:\/\/cdn1.mediawpaccore.net\/wp-content\/uploads\/2026\/04\/27075937\/680777884_1139782015874631_872555172187179655_n.jpg 780w\" sizes=\"auto, (max-width: 768px) 100vw, 768px\" \/><figcaption class=\"wp-element-caption\">Tromba en altura en San Crist\u00f3bal, Artemisa. Foto: Facebook\/Pacho Casanova.<\/figcaption><\/figure>\n\n\n\n<p>El Instituto de Meteorolog\u00eda explic\u00f3 que este tipo de evento se har\u00e1 m\u00e1s frecuente en los meses del periodo lluvioso en Cuba, que comienza de manera oficial el pr\u00f3ximo 1 de mayo.\u00a0<\/p>\n\n\n\n<p>En particular este domingo, dijeron los expertos, la situaci\u00f3n de inestabilidad respondi\u00f3 a la presencia de una vaguada, as\u00ed como al calentamiento diurno y a factores de escala local.&nbsp;<\/p>\n\n\n\n<iframe loading=\"lazy\" src=\"https:\/\/www.facebook.com\/plugins\/post.php?href=https%3A%2F%2Fwww.facebook.com%2Ffrank.fernandez.50159%2Fposts%2Fpfbid07onebZ1nAjMDTeJME6nqYyMUNxRt8F7WrTxTobMSosiWNHhJwautgvb5mhzEgi4ql&#038;show_text=true&#038;width=500\" width=\"500\" height=\"651\" style=\"border:none;overflow:hidden\" scrolling=\"no\" frameborder=\"0\" allowfullscreen=\"true\" allow=\"autoplay; clipboard-write; encrypted-media; picture-in-picture; web-share\"><\/iframe>\n\n\n\n<p>Las trombas en altura son columnas de aire giratorio que se extienden desde una nube tipo <em>cumulonimbus<\/em> o <em>cumulus congestus <\/em>sin llegar a tocar el suelo o la superficie del agua.&nbsp;<\/p>\n\n\n\n<p>A diferencia de los tornados, estas formaciones suelen ser m\u00e1s d\u00e9biles y ocurren por inestabilidad atmosf\u00e9rica en niveles medios, a menudo acompa\u00f1adas de aire fr\u00edo en altura.<\/p>\n\n\n\n<p><\/p>\n","protected":false},"excerpt":{"rendered":"<p>Expertos indicaron que este tipo de evento se har\u00e1 m\u00e1s frecuente en los meses del periodo lluvioso en Cuba.<\/p>\n","protected":false},"author":30,"featured_media":242502,"comment_status":"open","ping_status":"closed","sticky":false,"template":"","format":"standard","meta":{"_acf_changed":false,"footnotes":""},"categories":[18,955],"tags":[7781,941,132,32219],"class_list":{"0":"post-242498","1":"post","2":"type-post","3":"status-publish","4":"format-standard","5":"has-post-thumbnail","7":"category-noticias","8":"category-noticias-de-cuba","9":"tag-clima-en-cuba","10":"tag-destacado","11":"tag-temporada-de-lluvias","12":"tag-trombas-en-altura"},"acf":[],"yoast_head":"<!-- This site is optimized with the Yoast SEO plugin v27.4 - https:\/\/yoast.com\/product\/yoast-seo-wordpress\/ -->\n<title>Impresionantes trombas en altura son captadas en dos provincias de Cuba - Cuballama Noticias<\/title>\n<meta name=\"description\" content=\"Impresionantes trombas en altura, tambi\u00e9n conocidas como nubes de embudo, fueron vistas la tarde de este domingo en dos provincias cubanas.\" \/>\n<meta name=\"robots\" content=\"index, follow, max-snippet:-1, max-image-preview:large, max-video-preview:-1\" \/>\n<link rel=\"canonical\" href=\"https:\/\/www.cuballama.com\/noticias\/impresionantes-trombas-en-altura-son-captadas-en-dos-provincias-de-cuba\/\" \/>\n<meta property=\"og:locale\" content=\"es_ES\" \/>\n<meta property=\"og:type\" content=\"article\" \/>\n<meta property=\"og:title\" content=\"Impresionantes trombas en altura son captadas en dos provincias de Cuba - Cuballama Noticias\" \/>\n<meta property=\"og:description\" content=\"Impresionantes trombas en altura, tambi\u00e9n conocidas como nubes de embudo, fueron vistas la tarde de este domingo en dos provincias cubanas.\" \/>\n<meta property=\"og:url\" content=\"https:\/\/www.cuballama.com\/noticias\/impresionantes-trombas-en-altura-son-captadas-en-dos-provincias-de-cuba\/\" \/>\n<meta property=\"og:site_name\" content=\"Cuballama Noticias\" \/>\n<meta property=\"article:publisher\" content=\"https:\/\/www.facebook.com\/CubaLlama\" \/>\n<meta property=\"article:published_time\" content=\"2026-04-27T12:04:36+00:00\" \/>\n<meta property=\"article:modified_time\" content=\"2026-04-27T12:08:23+00:00\" \/>\n<meta property=\"og:image\" content=\"https:\/\/cdn1.mediawpaccore.net\/wp-content\/uploads\/2026\/04\/27075409\/Square-black-four-4x416-1.jpg\" \/>\n\t<meta property=\"og:image:width\" content=\"1200\" \/>\n\t<meta property=\"og:image:height\" content=\"630\" \/>\n\t<meta property=\"og:image:type\" content=\"image\/jpeg\" \/>\n<meta name=\"author\" content=\"Kathy\" \/>\n<meta name=\"twitter:card\" content=\"summary_large_image\" \/>\n<meta name=\"twitter:creator\" content=\"@cuballama\" \/>\n<meta name=\"twitter:site\" content=\"@cuballama\" \/>\n<meta name=\"twitter:label1\" content=\"Escrito por\" \/>\n\t<meta name=\"twitter:data1\" content=\"Kathy\" \/>\n\t<meta name=\"twitter:label2\" content=\"Tiempo de lectura\" \/>\n\t<meta name=\"twitter:data2\" content=\"2 minutos\" \/>\n<script type=\"application\/ld+json\" class=\"yoast-schema-graph\">{\"@context\":\"https:\\\/\\\/schema.org\",\"@graph\":[{\"@type\":\"Article\",\"@id\":\"https:\\\/\\\/www.cuballama.com\\\/noticias\\\/impresionantes-trombas-en-altura-son-captadas-en-dos-provincias-de-cuba\\\/#article\",\"isPartOf\":{\"@id\":\"https:\\\/\\\/www.cuballama.com\\\/noticias\\\/impresionantes-trombas-en-altura-son-captadas-en-dos-provincias-de-cuba\\\/\"},\"author\":{\"name\":\"Kathy\",\"@id\":\"https:\\\/\\\/www.cuballama.com\\\/noticias\\\/#\\\/schema\\\/person\\\/86cd3e3f4974437f031211213bf892d5\"},\"headline\":\"Impresionantes trombas en altura son captadas en dos provincias de Cuba\",\"datePublished\":\"2026-04-27T12:04:36+00:00\",\"dateModified\":\"2026-04-27T12:08:23+00:00\",\"mainEntityOfPage\":{\"@id\":\"https:\\\/\\\/www.cuballama.com\\\/noticias\\\/impresionantes-trombas-en-altura-son-captadas-en-dos-provincias-de-cuba\\\/\"},\"wordCount\":355,\"commentCount\":0,\"publisher\":{\"@id\":\"https:\\\/\\\/www.cuballama.com\\\/noticias\\\/#organization\"},\"image\":{\"@id\":\"https:\\\/\\\/www.cuballama.com\\\/noticias\\\/impresionantes-trombas-en-altura-son-captadas-en-dos-provincias-de-cuba\\\/#primaryimage\"},\"thumbnailUrl\":\"https:\\\/\\\/cdn1.mediawpaccore.net\\\/wp-content\\\/uploads\\\/2026\\\/04\\\/27075409\\\/Square-black-four-4x416-1.jpg\",\"keywords\":[\"Clima en Cuba\",\"destacado\",\"temporada de lluvias\",\"trombas en altura\"],\"articleSection\":[\"Noticias\",\"Noticias de Cuba\"],\"inLanguage\":\"es\",\"potentialAction\":[{\"@type\":\"CommentAction\",\"name\":\"Comment\",\"target\":[\"https:\\\/\\\/www.cuballama.com\\\/noticias\\\/impresionantes-trombas-en-altura-son-captadas-en-dos-provincias-de-cuba\\\/#respond\"]}]},{\"@type\":\"WebPage\",\"@id\":\"https:\\\/\\\/www.cuballama.com\\\/noticias\\\/impresionantes-trombas-en-altura-son-captadas-en-dos-provincias-de-cuba\\\/\",\"url\":\"https:\\\/\\\/www.cuballama.com\\\/noticias\\\/impresionantes-trombas-en-altura-son-captadas-en-dos-provincias-de-cuba\\\/\",\"name\":\"Impresionantes trombas en altura son captadas en dos provincias de Cuba - Cuballama Noticias\",\"isPartOf\":{\"@id\":\"https:\\\/\\\/www.cuballama.com\\\/noticias\\\/#website\"},\"primaryImageOfPage\":{\"@id\":\"https:\\\/\\\/www.cuballama.com\\\/noticias\\\/impresionantes-trombas-en-altura-son-captadas-en-dos-provincias-de-cuba\\\/#primaryimage\"},\"image\":{\"@id\":\"https:\\\/\\\/www.cuballama.com\\\/noticias\\\/impresionantes-trombas-en-altura-son-captadas-en-dos-provincias-de-cuba\\\/#primaryimage\"},\"thumbnailUrl\":\"https:\\\/\\\/cdn1.mediawpaccore.net\\\/wp-content\\\/uploads\\\/2026\\\/04\\\/27075409\\\/Square-black-four-4x416-1.jpg\",\"datePublished\":\"2026-04-27T12:04:36+00:00\",\"dateModified\":\"2026-04-27T12:08:23+00:00\",\"description\":\"Impresionantes trombas en altura, tambi\u00e9n conocidas como nubes de embudo, fueron vistas la tarde de este domingo en dos provincias cubanas.\",\"breadcrumb\":{\"@id\":\"https:\\\/\\\/www.cuballama.com\\\/noticias\\\/impresionantes-trombas-en-altura-son-captadas-en-dos-provincias-de-cuba\\\/#breadcrumb\"},\"inLanguage\":\"es\",\"potentialAction\":[{\"@type\":\"ReadAction\",\"target\":[\"https:\\\/\\\/www.cuballama.com\\\/noticias\\\/impresionantes-trombas-en-altura-son-captadas-en-dos-provincias-de-cuba\\\/\"]}]},{\"@type\":\"ImageObject\",\"inLanguage\":\"es\",\"@id\":\"https:\\\/\\\/www.cuballama.com\\\/noticias\\\/impresionantes-trombas-en-altura-son-captadas-en-dos-provincias-de-cuba\\\/#primaryimage\",\"url\":\"https:\\\/\\\/cdn1.mediawpaccore.net\\\/wp-content\\\/uploads\\\/2026\\\/04\\\/27075409\\\/Square-black-four-4x416-1.jpg\",\"contentUrl\":\"https:\\\/\\\/cdn1.mediawpaccore.net\\\/wp-content\\\/uploads\\\/2026\\\/04\\\/27075409\\\/Square-black-four-4x416-1.jpg\",\"width\":1200,\"height\":630,\"caption\":\"Trombas en altura en Ciego de \u00c1vila. Foto: Facebook\\\/Meteor\u00f3logo Frank Fern\u00e1ndez Casta\u00f1eda.\"},{\"@type\":\"BreadcrumbList\",\"@id\":\"https:\\\/\\\/www.cuballama.com\\\/noticias\\\/impresionantes-trombas-en-altura-son-captadas-en-dos-provincias-de-cuba\\\/#breadcrumb\",\"itemListElement\":[{\"@type\":\"ListItem\",\"position\":1,\"name\":\"Home\",\"item\":\"https:\\\/\\\/www.cuballama.com\\\/noticias\\\/\"},{\"@type\":\"ListItem\",\"position\":2,\"name\":\"Impresionantes trombas en altura son captadas en dos provincias de Cuba\"}]},{\"@type\":\"WebSite\",\"@id\":\"https:\\\/\\\/www.cuballama.com\\\/noticias\\\/#website\",\"url\":\"https:\\\/\\\/www.cuballama.com\\\/noticias\\\/\",\"name\":\"Cuballama Noticias\",\"description\":\"Medio digital sobre Cuba y el mundo\",\"publisher\":{\"@id\":\"https:\\\/\\\/www.cuballama.com\\\/noticias\\\/#organization\"},\"potentialAction\":[{\"@type\":\"SearchAction\",\"target\":{\"@type\":\"EntryPoint\",\"urlTemplate\":\"https:\\\/\\\/www.cuballama.com\\\/noticias\\\/?s={search_term_string}\"},\"query-input\":{\"@type\":\"PropertyValueSpecification\",\"valueRequired\":true,\"valueName\":\"search_term_string\"}}],\"inLanguage\":\"es\"},{\"@type\":\"Organization\",\"@id\":\"https:\\\/\\\/www.cuballama.com\\\/noticias\\\/#organization\",\"name\":\"Cuballama\",\"url\":\"https:\\\/\\\/www.cuballama.com\\\/noticias\\\/\",\"logo\":{\"@type\":\"ImageObject\",\"inLanguage\":\"es\",\"@id\":\"https:\\\/\\\/www.cuballama.com\\\/noticias\\\/#\\\/schema\\\/logo\\\/image\\\/\",\"url\":\"https:\\\/\\\/cdn1.mediawpaccore.net\\\/wp-content\\\/uploads\\\/2021\\\/12\\\/28171206\\\/cbll-logo-color-sm.png\",\"contentUrl\":\"https:\\\/\\\/cdn1.mediawpaccore.net\\\/wp-content\\\/uploads\\\/2021\\\/12\\\/28171206\\\/cbll-logo-color-sm.png\",\"width\":600,\"height\":133,\"caption\":\"Cuballama\"},\"image\":{\"@id\":\"https:\\\/\\\/www.cuballama.com\\\/noticias\\\/#\\\/schema\\\/logo\\\/image\\\/\"},\"sameAs\":[\"https:\\\/\\\/www.facebook.com\\\/CubaLlama\",\"https:\\\/\\\/x.com\\\/cuballama\",\"https:\\\/\\\/www.instagram.com\\\/stories\\\/cuballama_oficial\\\/\",\"https:\\\/\\\/www.youtube.com\\\/channel\\\/UCKkFE-d_axENGZcrc4as0IA\"]},{\"@type\":\"Person\",\"@id\":\"https:\\\/\\\/www.cuballama.com\\\/noticias\\\/#\\\/schema\\\/person\\\/86cd3e3f4974437f031211213bf892d5\",\"name\":\"Kathy\",\"url\":\"https:\\\/\\\/www.cuballama.com\\\/noticias\\\/author\\\/kathy\\\/\"}]}<\/script>\n<!-- \/ Yoast SEO plugin. -->","yoast_head_json":{"title":"Impresionantes trombas en altura son captadas en dos provincias de Cuba - Cuballama Noticias","description":"Impresionantes trombas en altura, tambi\u00e9n conocidas como nubes de embudo, fueron vistas la tarde de este domingo en dos provincias cubanas.","robots":{"index":"index","follow":"follow","max-snippet":"max-snippet:-1","max-image-preview":"max-image-preview:large","max-video-preview":"max-video-preview:-1"},"canonical":"https:\/\/www.cuballama.com\/noticias\/impresionantes-trombas-en-altura-son-captadas-en-dos-provincias-de-cuba\/","og_locale":"es_ES","og_type":"article","og_title":"Impresionantes trombas en altura son captadas en dos provincias de Cuba - Cuballama Noticias","og_description":"Impresionantes trombas en altura, tambi\u00e9n conocidas como nubes de embudo, fueron vistas la tarde de este domingo en dos provincias cubanas.","og_url":"https:\/\/www.cuballama.com\/noticias\/impresionantes-trombas-en-altura-son-captadas-en-dos-provincias-de-cuba\/","og_site_name":"Cuballama Noticias","article_publisher":"https:\/\/www.facebook.com\/CubaLlama","article_published_time":"2026-04-27T12:04:36+00:00","article_modified_time":"2026-04-27T12:08:23+00:00","og_image":[{"width":1200,"height":630,"url":"https:\/\/cdn1.mediawpaccore.net\/wp-content\/uploads\/2026\/04\/27075409\/Square-black-four-4x416-1.jpg","type":"image\/jpeg"}],"author":"Kathy","twitter_card":"summary_large_image","twitter_creator":"@cuballama","twitter_site":"@cuballama","twitter_misc":{"Escrito por":"Kathy","Tiempo de lectura":"2 minutos"},"schema":{"@context":"https:\/\/schema.org","@graph":[{"@type":"Article","@id":"https:\/\/www.cuballama.com\/noticias\/impresionantes-trombas-en-altura-son-captadas-en-dos-provincias-de-cuba\/#article","isPartOf":{"@id":"https:\/\/www.cuballama.com\/noticias\/impresionantes-trombas-en-altura-son-captadas-en-dos-provincias-de-cuba\/"},"author":{"name":"Kathy","@id":"https:\/\/www.cuballama.com\/noticias\/#\/schema\/person\/86cd3e3f4974437f031211213bf892d5"},"headline":"Impresionantes trombas en altura son captadas en dos provincias de Cuba","datePublished":"2026-04-27T12:04:36+00:00","dateModified":"2026-04-27T12:08:23+00:00","mainEntityOfPage":{"@id":"https:\/\/www.cuballama.com\/noticias\/impresionantes-trombas-en-altura-son-captadas-en-dos-provincias-de-cuba\/"},"wordCount":355,"commentCount":0,"publisher":{"@id":"https:\/\/www.cuballama.com\/noticias\/#organization"},"image":{"@id":"https:\/\/www.cuballama.com\/noticias\/impresionantes-trombas-en-altura-son-captadas-en-dos-provincias-de-cuba\/#primaryimage"},"thumbnailUrl":"https:\/\/cdn1.mediawpaccore.net\/wp-content\/uploads\/2026\/04\/27075409\/Square-black-four-4x416-1.jpg","keywords":["Clima en Cuba","destacado","temporada de lluvias","trombas en altura"],"articleSection":["Noticias","Noticias de Cuba"],"inLanguage":"es","potentialAction":[{"@type":"CommentAction","name":"Comment","target":["https:\/\/www.cuballama.com\/noticias\/impresionantes-trombas-en-altura-son-captadas-en-dos-provincias-de-cuba\/#respond"]}]},{"@type":"WebPage","@id":"https:\/\/www.cuballama.com\/noticias\/impresionantes-trombas-en-altura-son-captadas-en-dos-provincias-de-cuba\/","url":"https:\/\/www.cuballama.com\/noticias\/impresionantes-trombas-en-altura-son-captadas-en-dos-provincias-de-cuba\/","name":"Impresionantes trombas en altura son captadas en dos provincias de Cuba - Cuballama Noticias","isPartOf":{"@id":"https:\/\/www.cuballama.com\/noticias\/#website"},"primaryImageOfPage":{"@id":"https:\/\/www.cuballama.com\/noticias\/impresionantes-trombas-en-altura-son-captadas-en-dos-provincias-de-cuba\/#primaryimage"},"image":{"@id":"https:\/\/www.cuballama.com\/noticias\/impresionantes-trombas-en-altura-son-captadas-en-dos-provincias-de-cuba\/#primaryimage"},"thumbnailUrl":"https:\/\/cdn1.mediawpaccore.net\/wp-content\/uploads\/2026\/04\/27075409\/Square-black-four-4x416-1.jpg","datePublished":"2026-04-27T12:04:36+00:00","dateModified":"2026-04-27T12:08:23+00:00","description":"Impresionantes trombas en altura, tambi\u00e9n conocidas como nubes de embudo, fueron vistas la tarde de este domingo en dos provincias cubanas.","breadcrumb":{"@id":"https:\/\/www.cuballama.com\/noticias\/impresionantes-trombas-en-altura-son-captadas-en-dos-provincias-de-cuba\/#breadcrumb"},"inLanguage":"es","potentialAction":[{"@type":"ReadAction","target":["https:\/\/www.cuballama.com\/noticias\/impresionantes-trombas-en-altura-son-captadas-en-dos-provincias-de-cuba\/"]}]},{"@type":"ImageObject","inLanguage":"es","@id":"https:\/\/www.cuballama.com\/noticias\/impresionantes-trombas-en-altura-son-captadas-en-dos-provincias-de-cuba\/#primaryimage","url":"https:\/\/cdn1.mediawpaccore.net\/wp-content\/uploads\/2026\/04\/27075409\/Square-black-four-4x416-1.jpg","contentUrl":"https:\/\/cdn1.mediawpaccore.net\/wp-content\/uploads\/2026\/04\/27075409\/Square-black-four-4x416-1.jpg","width":1200,"height":630,"caption":"Trombas en altura en Ciego de \u00c1vila. Foto: Facebook\/Meteor\u00f3logo Frank Fern\u00e1ndez Casta\u00f1eda."},{"@type":"BreadcrumbList","@id":"https:\/\/www.cuballama.com\/noticias\/impresionantes-trombas-en-altura-son-captadas-en-dos-provincias-de-cuba\/#breadcrumb","itemListElement":[{"@type":"ListItem","position":1,"name":"Home","item":"https:\/\/www.cuballama.com\/noticias\/"},{"@type":"ListItem","position":2,"name":"Impresionantes trombas en altura son captadas en dos provincias de Cuba"}]},{"@type":"WebSite","@id":"https:\/\/www.cuballama.com\/noticias\/#website","url":"https:\/\/www.cuballama.com\/noticias\/","name":"Cuballama Noticias","description":"Medio digital sobre Cuba y el mundo","publisher":{"@id":"https:\/\/www.cuballama.com\/noticias\/#organization"},"potentialAction":[{"@type":"SearchAction","target":{"@type":"EntryPoint","urlTemplate":"https:\/\/www.cuballama.com\/noticias\/?s={search_term_string}"},"query-input":{"@type":"PropertyValueSpecification","valueRequired":true,"valueName":"search_term_string"}}],"inLanguage":"es"},{"@type":"Organization","@id":"https:\/\/www.cuballama.com\/noticias\/#organization","name":"Cuballama","url":"https:\/\/www.cuballama.com\/noticias\/","logo":{"@type":"ImageObject","inLanguage":"es","@id":"https:\/\/www.cuballama.com\/noticias\/#\/schema\/logo\/image\/","url":"https:\/\/cdn1.mediawpaccore.net\/wp-content\/uploads\/2021\/12\/28171206\/cbll-logo-color-sm.png","contentUrl":"https:\/\/cdn1.mediawpaccore.net\/wp-content\/uploads\/2021\/12\/28171206\/cbll-logo-color-sm.png","width":600,"height":133,"caption":"Cuballama"},"image":{"@id":"https:\/\/www.cuballama.com\/noticias\/#\/schema\/logo\/image\/"},"sameAs":["https:\/\/www.facebook.com\/CubaLlama","https:\/\/x.com\/cuballama","https:\/\/www.instagram.com\/stories\/cuballama_oficial\/","https:\/\/www.youtube.com\/channel\/UCKkFE-d_axENGZcrc4as0IA"]},{"@type":"Person","@id":"https:\/\/www.cuballama.com\/noticias\/#\/schema\/person\/86cd3e3f4974437f031211213bf892d5","name":"Kathy","url":"https:\/\/www.cuballama.com\/noticias\/author\/kathy\/"}]}},"_links":{"self":[{"href":"https:\/\/www.cuballama.com\/noticias\/wp-json\/wp\/v2\/posts\/242498","targetHints":{"allow":["GET"]}}],"collection":[{"href":"https:\/\/www.cuballama.com\/noticias\/wp-json\/wp\/v2\/posts"}],"about":[{"href":"https:\/\/www.cuballama.com\/noticias\/wp-json\/wp\/v2\/types\/post"}],"author":[{"embeddable":true,"href":"https:\/\/www.cuballama.com\/noticias\/wp-json\/wp\/v2\/users\/30"}],"replies":[{"embeddable":true,"href":"https:\/\/www.cuballama.com\/noticias\/wp-json\/wp\/v2\/comments?post=242498"}],"version-history":[{"count":7,"href":"https:\/\/www.cuballama.com\/noticias\/wp-json\/wp\/v2\/posts\/242498\/revisions"}],"predecessor-version":[{"id":242508,"href":"https:\/\/www.cuballama.com\/noticias\/wp-json\/wp\/v2\/posts\/242498\/revisions\/242508"}],"wp:featuredmedia":[{"embeddable":true,"href":"https:\/\/www.cuballama.com\/noticias\/wp-json\/wp\/v2\/media\/242502"}],"wp:attachment":[{"href":"https:\/\/www.cuballama.com\/noticias\/wp-json\/wp\/v2\/media?parent=242498"}],"wp:term":[{"taxonomy":"category","embeddable":true,"href":"https:\/\/www.cuballama.com\/noticias\/wp-json\/wp\/v2\/categories?post=242498"},{"taxonomy":"post_tag","embeddable":true,"href":"https:\/\/www.cuballama.com\/noticias\/wp-json\/wp\/v2\/tags?post=242498"}],"curies":[{"name":"wp","href":"https:\/\/api.w.org\/{rel}","templated":true}]}}