{"id":242479,"date":"2026-04-27T04:13:26","date_gmt":"2026-04-27T08:13:26","guid":{"rendered":"https:\/\/www.cuballama.com\/noticias\/?p=242479"},"modified":"2026-04-27T04:13:31","modified_gmt":"2026-04-27T08:13:31","slug":"nayrin-calvo-volvio-la-hija-de-pedrito-calvo-regresa-a-los-escenarios-con-ayuda-de-su-hermano-tras-anos-en-las-calles","status":"publish","type":"post","link":"https:\/\/www.cuballama.com\/noticias\/nayrin-calvo-volvio-la-hija-de-pedrito-calvo-regresa-a-los-escenarios-con-ayuda-de-su-hermano-tras-anos-en-las-calles\/","title":{"rendered":"\u00a1Nayr\u00edn Calvo volvi\u00f3! La hija de Pedrito Calvo regresa a los escenarios con ayuda de su hermano tras a\u00f1os en las calles"},"content":{"rendered":"\n<p>Nayr\u00edn Calvo, hija del legendario cantante cubano Pedrito Calvo (voz emblem\u00e1tica de Los Van Van), protagoniz\u00f3 uno de los momentos m\u00e1s emotivos que ha vivido la m\u00fasica cubana en Miami en los \u00faltimos tiempos. El s\u00e1bado por la noche, en el Casino Jai-Alai de Miami, Nayr\u00edn subi\u00f3 al escenario junto a su hermano Pedrito Calvo Jr. ante un p\u00fablico que no pudo contener las l\u00e1grimas ni los aplausos.<\/p>\n\n\n\n<p>El regreso fue una sorpresa. Pedrito Jr. invit\u00f3 a su hermana al escenario y lo que sigui\u00f3 fue un abrazo cargado de a\u00f1os de dolor, esperanza y amor familiar. Desde la p\u00e1gina Conducta Dade describieron as\u00ed el instante: \u00abAnoche vivimos un momento que nadie esperaba\u2026 pero que todos necesit\u00e1bamos. Pedrito Calvo Jr. sorprendi\u00f3 al p\u00fablico invitando al escenario a su hermana, Nayr\u00edn Calvo\u2026 y lo que pas\u00f3 despu\u00e9s fue simplemente m\u00e1gico. Nair\u00edn no solo cant\u00f3. Nair\u00edn volvi\u00f3\u00bb.<\/p>\n\n\n\n<h2 class=\"wp-block-heading\">La dura historia detr\u00e1s del regreso de Nayr\u00edn<\/h2>\n\n\n\n<p>Para entender la magnitud de este momento hay que conocer lo que Nayr\u00edn atraves\u00f3. Seg\u00fan document\u00f3 la organizaci\u00f3n Conducta Dade en noviembre de 2025, la joven artista <a href=\"https:\/\/www.cuballama.com\/noticias\/hija-de-pedrito-calvo-lucha-contra-su-adiccion-a-las-drogas-tras-4-anos-en-las-calles-mi-padre-merece-que-su-hija-salga-de-este-bache\/\" target=\"_blank\" rel=\"noreferrer noopener\">llevaba cuatro a\u00f1os viviendo en situaci\u00f3n de calle <\/a>en Miami a causa de su adicci\u00f3n a las drogas. <\/p>\n\n\n\n<p>En un testimonio desgarrador para el canal de YouTube de la organizaci\u00f3n, Nayr\u00edn confes\u00f3: \u00abCuando tienes un padre artista es complicado, no quiero que su imagen se da\u00f1e, aunque yo s\u00e9 que el pueblo lo ama. \u00c9l merece que su hija salga de este bache\u00bb.<\/p>\n\n\n\n<blockquote class=\"instagram-media\" data-instgrm-captioned data-instgrm-permalink=\"https:\/\/www.instagram.com\/reel\/DXmgogZEg8x\/?utm_source=ig_embed&amp;utm_campaign=loading\" data-instgrm-version=\"14\" style=\" background:#FFF; border:0; border-radius:3px; box-shadow:0 0 1px 0 rgba(0,0,0,0.5),0 1px 10px 0 rgba(0,0,0,0.15); margin: 1px; max-width:540px; min-width:326px; padding:0; width:99.375%; width:-webkit-calc(100% - 2px); width:calc(100% - 2px);\"><div style=\"padding:16px;\"> <a href=\"https:\/\/www.instagram.com\/reel\/DXmgogZEg8x\/?utm_source=ig_embed&amp;utm_campaign=loading\" style=\" background:#FFFFFF; line-height:0; padding:0 0; text-align:center; text-decoration:none; width:100%;\" target=\"_blank\"> <div style=\" display: flex; flex-direction: row; align-items: center;\"> <div style=\"background-color: #F4F4F4; border-radius: 50%; flex-grow: 0; height: 40px; margin-right: 14px; width: 40px;\"><\/div> <div style=\"display: flex; flex-direction: column; flex-grow: 1; justify-content: center;\"> <div style=\" background-color: #F4F4F4; border-radius: 4px; flex-grow: 0; height: 14px; margin-bottom: 6px; width: 100px;\"><\/div> <div style=\" background-color: #F4F4F4; border-radius: 4px; flex-grow: 0; height: 14px; width: 60px;\"><\/div><\/div><\/div><div style=\"padding: 19% 0;\"><\/div> <div style=\"display:block; height:50px; margin:0 auto 12px; width:50px;\"><svg width=\"50px\" height=\"50px\" viewBox=\"0 0 60 60\" version=\"1.1\" xmlns=\"https:\/\/www.w3.org\/2000\/svg\" xmlns:xlink=\"https:\/\/www.w3.org\/1999\/xlink\"><g stroke=\"none\" stroke-width=\"1\" fill=\"none\" fill-rule=\"evenodd\"><g transform=\"translate(-511.000000, -20.000000)\" fill=\"#000000\"><g><path d=\"M556.869,30.41 C554.814,30.41 553.148,32.076 553.148,34.131 C553.148,36.186 554.814,37.852 556.869,37.852 C558.924,37.852 560.59,36.186 560.59,34.131 C560.59,32.076 558.924,30.41 556.869,30.41 M541,60.657 C535.114,60.657 530.342,55.887 530.342,50 C530.342,44.114 535.114,39.342 541,39.342 C546.887,39.342 551.658,44.114 551.658,50 C551.658,55.887 546.887,60.657 541,60.657 M541,33.886 C532.1,33.886 524.886,41.1 524.886,50 C524.886,58.899 532.1,66.113 541,66.113 C549.9,66.113 557.115,58.899 557.115,50 C557.115,41.1 549.9,33.886 541,33.886 M565.378,62.101 C565.244,65.022 564.756,66.606 564.346,67.663 C563.803,69.06 563.154,70.057 562.106,71.106 C561.058,72.155 560.06,72.803 558.662,73.347 C557.607,73.757 556.021,74.244 553.102,74.378 C549.944,74.521 548.997,74.552 541,74.552 C533.003,74.552 532.056,74.521 528.898,74.378 C525.979,74.244 524.393,73.757 523.338,73.347 C521.94,72.803 520.942,72.155 519.894,71.106 C518.846,70.057 518.197,69.06 517.654,67.663 C517.244,66.606 516.755,65.022 516.623,62.101 C516.479,58.943 516.448,57.996 516.448,50 C516.448,42.003 516.479,41.056 516.623,37.899 C516.755,34.978 517.244,33.391 517.654,32.338 C518.197,30.938 518.846,29.942 519.894,28.894 C520.942,27.846 521.94,27.196 523.338,26.654 C524.393,26.244 525.979,25.756 528.898,25.623 C532.057,25.479 533.004,25.448 541,25.448 C548.997,25.448 549.943,25.479 553.102,25.623 C556.021,25.756 557.607,26.244 558.662,26.654 C560.06,27.196 561.058,27.846 562.106,28.894 C563.154,29.942 563.803,30.938 564.346,32.338 C564.756,33.391 565.244,34.978 565.378,37.899 C565.522,41.056 565.552,42.003 565.552,50 C565.552,57.996 565.522,58.943 565.378,62.101 M570.82,37.631 C570.674,34.438 570.167,32.258 569.425,30.349 C568.659,28.377 567.633,26.702 565.965,25.035 C564.297,23.368 562.623,22.342 560.652,21.575 C558.743,20.834 556.562,20.326 553.369,20.18 C550.169,20.033 549.148,20 541,20 C532.853,20 531.831,20.033 528.631,20.18 C525.438,20.326 523.257,20.834 521.349,21.575 C519.376,22.342 517.703,23.368 516.035,25.035 C514.368,26.702 513.342,28.377 512.574,30.349 C511.834,32.258 511.326,34.438 511.181,37.631 C511.035,40.831 511,41.851 511,50 C511,58.147 511.035,59.17 511.181,62.369 C511.326,65.562 511.834,67.743 512.574,69.651 C513.342,71.625 514.368,73.296 516.035,74.965 C517.703,76.634 519.376,77.658 521.349,78.425 C523.257,79.167 525.438,79.673 528.631,79.82 C531.831,79.965 532.853,80.001 541,80.001 C549.148,80.001 550.169,79.965 553.369,79.82 C556.562,79.673 558.743,79.167 560.652,78.425 C562.623,77.658 564.297,76.634 565.965,74.965 C567.633,73.296 568.659,71.625 569.425,69.651 C570.167,67.743 570.674,65.562 570.82,62.369 C570.966,59.17 571,58.147 571,50 C571,41.851 570.966,40.831 570.82,37.631\"><\/path><\/g><\/g><\/g><\/svg><\/div><div style=\"padding-top: 8px;\"> <div style=\" color:#3897f0; font-family:Arial,sans-serif; font-size:14px; font-style:normal; font-weight:550; line-height:18px;\">Ver esta publicaci\u00f3n en Instagram<\/div><\/div><div style=\"padding: 12.5% 0;\"><\/div> <div style=\"display: flex; flex-direction: row; margin-bottom: 14px; align-items: center;\"><div> <div style=\"background-color: #F4F4F4; border-radius: 50%; height: 12.5px; width: 12.5px; transform: translateX(0px) translateY(7px);\"><\/div> <div style=\"background-color: #F4F4F4; height: 12.5px; transform: rotate(-45deg) translateX(3px) translateY(1px); width: 12.5px; flex-grow: 0; margin-right: 14px; margin-left: 2px;\"><\/div> <div style=\"background-color: #F4F4F4; border-radius: 50%; height: 12.5px; width: 12.5px; transform: translateX(9px) translateY(-18px);\"><\/div><\/div><div style=\"margin-left: 8px;\"> <div style=\" background-color: #F4F4F4; border-radius: 50%; flex-grow: 0; height: 20px; width: 20px;\"><\/div> <div style=\" width: 0; height: 0; border-top: 2px solid transparent; border-left: 6px solid #f4f4f4; border-bottom: 2px solid transparent; transform: translateX(16px) translateY(-4px) rotate(30deg)\"><\/div><\/div><div style=\"margin-left: auto;\"> <div style=\" width: 0px; border-top: 8px solid #F4F4F4; border-right: 8px solid transparent; transform: translateY(16px);\"><\/div> <div style=\" background-color: #F4F4F4; flex-grow: 0; height: 12px; width: 16px; transform: translateY(-4px);\"><\/div> <div style=\" width: 0; height: 0; border-top: 8px solid #F4F4F4; border-left: 8px solid transparent; transform: translateY(-4px) translateX(8px);\"><\/div><\/div><\/div> <div style=\"display: flex; flex-direction: column; flex-grow: 1; justify-content: center; margin-bottom: 24px;\"> <div style=\" background-color: #F4F4F4; border-radius: 4px; flex-grow: 0; height: 14px; margin-bottom: 6px; width: 224px;\"><\/div> <div style=\" background-color: #F4F4F4; border-radius: 4px; flex-grow: 0; height: 14px; width: 144px;\"><\/div><\/div><\/a><p style=\" color:#c9c8cd; font-family:Arial,sans-serif; font-size:14px; line-height:17px; margin-bottom:0; margin-top:8px; overflow:hidden; padding:8px 0 7px; text-align:center; text-overflow:ellipsis; white-space:nowrap;\"><a href=\"https:\/\/www.instagram.com\/reel\/DXmgogZEg8x\/?utm_source=ig_embed&amp;utm_campaign=loading\" style=\" color:#c9c8cd; font-family:Arial,sans-serif; font-size:14px; font-style:normal; font-weight:normal; line-height:17px; text-decoration:none;\" target=\"_blank\">Una publicaci\u00f3n compartida de Conducta (@conducta_dade)<\/a><\/p><\/div><\/blockquote>\n<script async src=\"\/\/www.instagram.com\/embed.js\"><\/script>\n\n\n\n<p>A pesar de haber trabajado con artistas en eventos y conciertos en la ciudad, cada noche terminaba durmiendo bajo un puente. Relat\u00f3 que ped\u00eda que la dejaran en una esquina para que nadie supiera que viv\u00eda en las calles. <\/p>\n\n\n\n<p>En uno de los lugares donde sobrevivi\u00f3 durante meses, sufri\u00f3 una sobredosis y atent\u00f3 contra su propia vida. \u00abAqu\u00ed tuve una sobredosis, aqu\u00ed atent\u00e9 contra mi vida, viv\u00ed muchas cosas aqu\u00ed\u00bb, narr\u00f3 se\u00f1alando el sitio que fue su refugio y su infierno.<\/p>\n\n\n\n<p>Conducta Dade logr\u00f3 gestionarle un ingreso a un centro de rehabilitaci\u00f3n, pero semanas despu\u00e9s Nayr\u00edn decidi\u00f3 abandonar el programa para continuar su proceso por cuenta propia. <\/p>\n\n\n\n<p>La organizaci\u00f3n public\u00f3 entonces: \u00abNayrin decidi\u00f3 abandonar el centro de rehabilitaci\u00f3n con la intenci\u00f3n de continuar su proceso por su cuenta. Ella mantiene la mejor disposici\u00f3n y la misma determinaci\u00f3n de salir adelante, de dejar atr\u00e1s ese mundo y recuperar su vida. Aun as\u00ed, seguimos a su lado. <a href=\"https:\/\/www.cuballama.com\/noticias\/nayrin-calvo-hija-de-pedrito-calvo-recibe-ayuda-de-una-clinica-de-rehabilitacion-este-es-un-gran-paso\/\" target=\"_blank\" rel=\"noreferrer noopener\">Creemos en ella, en su fuerza y en sus ganas de cambiar<\/a>\u00ab.<\/p>\n\n\n\n<h2 class=\"wp-block-heading\">Nayr\u00edn y el apoyo de su hermano Pedrito Calvo Jr.<\/h2>\n\n\n\n<p>Lo que ocurri\u00f3 en el Casino Jai-Alai representa mucho m\u00e1s que un concierto. Para Nayr\u00edn, pisar ese escenario fue la prueba visible de que su lucha est\u00e1 dando frutos. Conducta Dade lo resumi\u00f3 con una frase que reson\u00f3 en toda la comunidad: \u00abDespu\u00e9s de una larga batalla personal, de momentos dif\u00edciles y de una lucha constante por reencontrarse con ella misma y con su carrera, subi\u00f3 a ese escenario con una fuerza que emocion\u00f3 a todos los presentes\u00bb.<\/p>\n\n\n\n<blockquote class=\"instagram-media\" data-instgrm-captioned data-instgrm-permalink=\"https:\/\/www.instagram.com\/reel\/DXm_NfIhS70\/?utm_source=ig_embed&amp;utm_campaign=loading\" data-instgrm-version=\"14\" style=\" background:#FFF; border:0; border-radius:3px; box-shadow:0 0 1px 0 rgba(0,0,0,0.5),0 1px 10px 0 rgba(0,0,0,0.15); margin: 1px; max-width:540px; min-width:326px; padding:0; width:99.375%; width:-webkit-calc(100% - 2px); width:calc(100% - 2px);\"><div style=\"padding:16px;\"> <a href=\"https:\/\/www.instagram.com\/reel\/DXm_NfIhS70\/?utm_source=ig_embed&amp;utm_campaign=loading\" style=\" background:#FFFFFF; line-height:0; padding:0 0; text-align:center; text-decoration:none; width:100%;\" target=\"_blank\"> <div style=\" display: flex; flex-direction: row; align-items: center;\"> <div style=\"background-color: #F4F4F4; border-radius: 50%; flex-grow: 0; height: 40px; margin-right: 14px; width: 40px;\"><\/div> <div style=\"display: flex; flex-direction: column; flex-grow: 1; justify-content: center;\"> <div style=\" background-color: #F4F4F4; border-radius: 4px; flex-grow: 0; height: 14px; margin-bottom: 6px; width: 100px;\"><\/div> <div style=\" background-color: #F4F4F4; border-radius: 4px; flex-grow: 0; height: 14px; width: 60px;\"><\/div><\/div><\/div><div style=\"padding: 19% 0;\"><\/div> <div style=\"display:block; height:50px; margin:0 auto 12px; width:50px;\"><svg width=\"50px\" height=\"50px\" viewBox=\"0 0 60 60\" version=\"1.1\" xmlns=\"https:\/\/www.w3.org\/2000\/svg\" xmlns:xlink=\"https:\/\/www.w3.org\/1999\/xlink\"><g stroke=\"none\" stroke-width=\"1\" fill=\"none\" fill-rule=\"evenodd\"><g transform=\"translate(-511.000000, -20.000000)\" fill=\"#000000\"><g><path d=\"M556.869,30.41 C554.814,30.41 553.148,32.076 553.148,34.131 C553.148,36.186 554.814,37.852 556.869,37.852 C558.924,37.852 560.59,36.186 560.59,34.131 C560.59,32.076 558.924,30.41 556.869,30.41 M541,60.657 C535.114,60.657 530.342,55.887 530.342,50 C530.342,44.114 535.114,39.342 541,39.342 C546.887,39.342 551.658,44.114 551.658,50 C551.658,55.887 546.887,60.657 541,60.657 M541,33.886 C532.1,33.886 524.886,41.1 524.886,50 C524.886,58.899 532.1,66.113 541,66.113 C549.9,66.113 557.115,58.899 557.115,50 C557.115,41.1 549.9,33.886 541,33.886 M565.378,62.101 C565.244,65.022 564.756,66.606 564.346,67.663 C563.803,69.06 563.154,70.057 562.106,71.106 C561.058,72.155 560.06,72.803 558.662,73.347 C557.607,73.757 556.021,74.244 553.102,74.378 C549.944,74.521 548.997,74.552 541,74.552 C533.003,74.552 532.056,74.521 528.898,74.378 C525.979,74.244 524.393,73.757 523.338,73.347 C521.94,72.803 520.942,72.155 519.894,71.106 C518.846,70.057 518.197,69.06 517.654,67.663 C517.244,66.606 516.755,65.022 516.623,62.101 C516.479,58.943 516.448,57.996 516.448,50 C516.448,42.003 516.479,41.056 516.623,37.899 C516.755,34.978 517.244,33.391 517.654,32.338 C518.197,30.938 518.846,29.942 519.894,28.894 C520.942,27.846 521.94,27.196 523.338,26.654 C524.393,26.244 525.979,25.756 528.898,25.623 C532.057,25.479 533.004,25.448 541,25.448 C548.997,25.448 549.943,25.479 553.102,25.623 C556.021,25.756 557.607,26.244 558.662,26.654 C560.06,27.196 561.058,27.846 562.106,28.894 C563.154,29.942 563.803,30.938 564.346,32.338 C564.756,33.391 565.244,34.978 565.378,37.899 C565.522,41.056 565.552,42.003 565.552,50 C565.552,57.996 565.522,58.943 565.378,62.101 M570.82,37.631 C570.674,34.438 570.167,32.258 569.425,30.349 C568.659,28.377 567.633,26.702 565.965,25.035 C564.297,23.368 562.623,22.342 560.652,21.575 C558.743,20.834 556.562,20.326 553.369,20.18 C550.169,20.033 549.148,20 541,20 C532.853,20 531.831,20.033 528.631,20.18 C525.438,20.326 523.257,20.834 521.349,21.575 C519.376,22.342 517.703,23.368 516.035,25.035 C514.368,26.702 513.342,28.377 512.574,30.349 C511.834,32.258 511.326,34.438 511.181,37.631 C511.035,40.831 511,41.851 511,50 C511,58.147 511.035,59.17 511.181,62.369 C511.326,65.562 511.834,67.743 512.574,69.651 C513.342,71.625 514.368,73.296 516.035,74.965 C517.703,76.634 519.376,77.658 521.349,78.425 C523.257,79.167 525.438,79.673 528.631,79.82 C531.831,79.965 532.853,80.001 541,80.001 C549.148,80.001 550.169,79.965 553.369,79.82 C556.562,79.673 558.743,79.167 560.652,78.425 C562.623,77.658 564.297,76.634 565.965,74.965 C567.633,73.296 568.659,71.625 569.425,69.651 C570.167,67.743 570.674,65.562 570.82,62.369 C570.966,59.17 571,58.147 571,50 C571,41.851 570.966,40.831 570.82,37.631\"><\/path><\/g><\/g><\/g><\/svg><\/div><div style=\"padding-top: 8px;\"> <div style=\" color:#3897f0; font-family:Arial,sans-serif; font-size:14px; font-style:normal; font-weight:550; line-height:18px;\">Ver esta publicaci\u00f3n en Instagram<\/div><\/div><div style=\"padding: 12.5% 0;\"><\/div> <div style=\"display: flex; flex-direction: row; margin-bottom: 14px; align-items: center;\"><div> <div style=\"background-color: #F4F4F4; border-radius: 50%; height: 12.5px; width: 12.5px; transform: translateX(0px) translateY(7px);\"><\/div> <div style=\"background-color: #F4F4F4; height: 12.5px; transform: rotate(-45deg) translateX(3px) translateY(1px); width: 12.5px; flex-grow: 0; margin-right: 14px; margin-left: 2px;\"><\/div> <div style=\"background-color: #F4F4F4; border-radius: 50%; height: 12.5px; width: 12.5px; transform: translateX(9px) translateY(-18px);\"><\/div><\/div><div style=\"margin-left: 8px;\"> <div style=\" background-color: #F4F4F4; border-radius: 50%; flex-grow: 0; height: 20px; width: 20px;\"><\/div> <div style=\" width: 0; height: 0; border-top: 2px solid transparent; border-left: 6px solid #f4f4f4; border-bottom: 2px solid transparent; transform: translateX(16px) translateY(-4px) rotate(30deg)\"><\/div><\/div><div style=\"margin-left: auto;\"> <div style=\" width: 0px; border-top: 8px solid #F4F4F4; border-right: 8px solid transparent; transform: translateY(16px);\"><\/div> <div style=\" background-color: #F4F4F4; flex-grow: 0; height: 12px; width: 16px; transform: translateY(-4px);\"><\/div> <div style=\" width: 0; height: 0; border-top: 8px solid #F4F4F4; border-left: 8px solid transparent; transform: translateY(-4px) translateX(8px);\"><\/div><\/div><\/div> <div style=\"display: flex; flex-direction: column; flex-grow: 1; justify-content: center; margin-bottom: 24px;\"> <div style=\" background-color: #F4F4F4; border-radius: 4px; flex-grow: 0; height: 14px; margin-bottom: 6px; width: 224px;\"><\/div> <div style=\" background-color: #F4F4F4; border-radius: 4px; flex-grow: 0; height: 14px; width: 144px;\"><\/div><\/div><\/a><p style=\" color:#c9c8cd; font-family:Arial,sans-serif; font-size:14px; line-height:17px; margin-bottom:0; margin-top:8px; overflow:hidden; padding:8px 0 7px; text-align:center; text-overflow:ellipsis; white-space:nowrap;\"><a href=\"https:\/\/www.instagram.com\/reel\/DXm_NfIhS70\/?utm_source=ig_embed&amp;utm_campaign=loading\" style=\" color:#c9c8cd; font-family:Arial,sans-serif; font-size:14px; font-style:normal; font-weight:normal; line-height:17px; text-decoration:none;\" target=\"_blank\">Una publicaci\u00f3n compartida de Conducta (@conducta_dade)<\/a><\/p><\/div><\/blockquote>\n<script async src=\"\/\/www.instagram.com\/embed.js\"><\/script>\n\n\n\n<p>El p\u00fablico respondi\u00f3 con una ovaci\u00f3n que iba mucho m\u00e1s all\u00e1 de la m\u00fasica. \u00abEl p\u00fablico lo sinti\u00f3\u2026 lo aplaudi\u00f3\u2026 lo agradeci\u00f3. Porque no era solo m\u00fasica. Era una historia de resiliencia, de ca\u00edda y de levantarse otra vez\u00bb. La presencia de su hermano Pedrito Calvo Jr., otro de los hijos del vanvanero que escogieron la m\u00fasica como camino de vida, fue fundamental para Nayr\u00edn. <\/p>\n\n\n\n<p>En uno de los videos compartidos por Conducta Dade, se les ve a ambos compartiendo un fuerte abrazo en varias ocasiones, mientras ella no puede contener las l\u00e1grimas de felicidad y agradecimiento. <\/p>\n\n\n\n<h2 class=\"wp-block-heading\">Conducta Dade y el poder de la comunidad<\/h2>\n\n\n\n<p>Conducta Dade es un movimiento ciudadano con amplia presencia en Facebook, Instagram y YouTube, con sede en Miami, dedicado a ayudar a personas en situaci\u00f3n de indigencia, adicciones y problemas de salud mental. M\u00e1s que documentar, su misi\u00f3n es crear v\u00ednculos, ofrecer apoyo real, rehabilitar y reconectar a personas con sus familias. <\/p>\n\n\n\n<p>Su acompa\u00f1amiento constante a Nayr\u00edn ha sido clave en este proceso, record\u00e1ndole que la recuperaci\u00f3n no siempre ocurre entre cuatro paredes, sino dentro del coraz\u00f3n.<\/p>\n\n\n\n<p>La historia de Nayr\u00edn Calvo es un recordatorio poderoso: no importa cu\u00e1n profunda sea la ca\u00edda, siempre existe la posibilidad de volver a levantarse. Y a veces, ese primer paso de regreso se da sobre un escenario, con un micr\u00f3fono en la mano y el abrazo de un hermano.<\/p>\n","protected":false},"excerpt":{"rendered":"<p>Nayr\u00edn Calvo vuelve a cantar en Miami junto a su hermano Pedrito tras a\u00f1os de lucha contra las drogas, emocionando al p\u00fablico<\/p>\n","protected":false},"author":27,"featured_media":242488,"comment_status":"open","ping_status":"closed","sticky":false,"template":"","format":"standard","meta":{"_acf_changed":false,"footnotes":""},"categories":[443],"tags":[1559,11354,262,32218,4814],"class_list":{"0":"post-242479","1":"post","2":"type-post","3":"status-publish","4":"format-standard","5":"has-post-thumbnail","7":"category-farandula","8":"tag-los-van-van","9":"tag-musica-cubana-2","10":"tag-musicos-cubanos","11":"tag-nayrin-calvo","12":"tag-pedrito-calvo"},"acf":[],"yoast_head":"<!-- This site is optimized with the Yoast SEO plugin v27.4 - https:\/\/yoast.com\/product\/yoast-seo-wordpress\/ -->\n<title>\u00a1Nayr\u00edn Calvo volvi\u00f3! La hija de Pedrito Calvo regresa a los escenarios con ayuda de su hermano tras a\u00f1os en las calles - Cuballama Noticias<\/title>\n<meta name=\"description\" content=\"Nayr\u00edn Calvo, hija de Pedrito Calvo, regresa a los escenarios en Miami tras su lucha contra la adicci\u00f3n. Una historia real\" \/>\n<meta name=\"robots\" content=\"index, follow, max-snippet:-1, max-image-preview:large, max-video-preview:-1\" \/>\n<link rel=\"canonical\" href=\"https:\/\/www.cuballama.com\/noticias\/nayrin-calvo-volvio-la-hija-de-pedrito-calvo-regresa-a-los-escenarios-con-ayuda-de-su-hermano-tras-anos-en-las-calles\/\" \/>\n<meta property=\"og:locale\" content=\"es_ES\" \/>\n<meta property=\"og:type\" content=\"article\" \/>\n<meta property=\"og:title\" content=\"\u00a1Nayr\u00edn Calvo volvi\u00f3! La hija de Pedrito Calvo regresa a los escenarios con ayuda de su hermano tras a\u00f1os en las calles - Cuballama Noticias\" \/>\n<meta property=\"og:description\" content=\"Nayr\u00edn Calvo, hija de Pedrito Calvo, regresa a los escenarios en Miami tras su lucha contra la adicci\u00f3n. Una historia real\" \/>\n<meta property=\"og:url\" content=\"https:\/\/www.cuballama.com\/noticias\/nayrin-calvo-volvio-la-hija-de-pedrito-calvo-regresa-a-los-escenarios-con-ayuda-de-su-hermano-tras-anos-en-las-calles\/\" \/>\n<meta property=\"og:site_name\" content=\"Cuballama Noticias\" \/>\n<meta property=\"article:publisher\" content=\"https:\/\/www.facebook.com\/CubaLlama\" \/>\n<meta property=\"article:published_time\" content=\"2026-04-27T08:13:26+00:00\" \/>\n<meta property=\"article:modified_time\" content=\"2026-04-27T08:13:31+00:00\" \/>\n<meta property=\"og:image\" content=\"https:\/\/cdn1.mediawpaccore.net\/wp-content\/uploads\/2026\/04\/27040602\/%C2%A1Nayrin-Calvo-volvio-La-hija-de-Pedrito-Calvo-regresa-a-los-escenarios-con-ayuda-de-su-hermano-tras-anos-en-las-calles.jpeg\" \/>\n\t<meta property=\"og:image:width\" content=\"1882\" \/>\n\t<meta property=\"og:image:height\" content=\"1355\" \/>\n\t<meta property=\"og:image:type\" content=\"image\/jpeg\" \/>\n<meta name=\"author\" content=\"Rafa\" \/>\n<meta name=\"twitter:card\" content=\"summary_large_image\" \/>\n<meta name=\"twitter:creator\" content=\"@cuballama\" \/>\n<meta name=\"twitter:site\" content=\"@cuballama\" \/>\n<meta name=\"twitter:label1\" content=\"Escrito por\" \/>\n\t<meta name=\"twitter:data1\" content=\"Rafa\" \/>\n\t<meta name=\"twitter:label2\" content=\"Tiempo de lectura\" \/>\n\t<meta name=\"twitter:data2\" content=\"4 minutos\" \/>\n<script type=\"application\/ld+json\" class=\"yoast-schema-graph\">{\"@context\":\"https:\\\/\\\/schema.org\",\"@graph\":[{\"@type\":\"Article\",\"@id\":\"https:\\\/\\\/www.cuballama.com\\\/noticias\\\/nayrin-calvo-volvio-la-hija-de-pedrito-calvo-regresa-a-los-escenarios-con-ayuda-de-su-hermano-tras-anos-en-las-calles\\\/#article\",\"isPartOf\":{\"@id\":\"https:\\\/\\\/www.cuballama.com\\\/noticias\\\/nayrin-calvo-volvio-la-hija-de-pedrito-calvo-regresa-a-los-escenarios-con-ayuda-de-su-hermano-tras-anos-en-las-calles\\\/\"},\"author\":{\"name\":\"Rafa\",\"@id\":\"https:\\\/\\\/www.cuballama.com\\\/noticias\\\/#\\\/schema\\\/person\\\/0f97914526a658755f00e59ec2a832f2\"},\"headline\":\"\u00a1Nayr\u00edn Calvo volvi\u00f3! La hija de Pedrito Calvo regresa a los escenarios con ayuda de su hermano tras a\u00f1os en las calles\",\"datePublished\":\"2026-04-27T08:13:26+00:00\",\"dateModified\":\"2026-04-27T08:13:31+00:00\",\"mainEntityOfPage\":{\"@id\":\"https:\\\/\\\/www.cuballama.com\\\/noticias\\\/nayrin-calvo-volvio-la-hija-de-pedrito-calvo-regresa-a-los-escenarios-con-ayuda-de-su-hermano-tras-anos-en-las-calles\\\/\"},\"wordCount\":848,\"commentCount\":0,\"publisher\":{\"@id\":\"https:\\\/\\\/www.cuballama.com\\\/noticias\\\/#organization\"},\"image\":{\"@id\":\"https:\\\/\\\/www.cuballama.com\\\/noticias\\\/nayrin-calvo-volvio-la-hija-de-pedrito-calvo-regresa-a-los-escenarios-con-ayuda-de-su-hermano-tras-anos-en-las-calles\\\/#primaryimage\"},\"thumbnailUrl\":\"https:\\\/\\\/cdn1.mediawpaccore.net\\\/wp-content\\\/uploads\\\/2026\\\/04\\\/27040602\\\/%C2%A1Nayrin-Calvo-volvio-La-hija-de-Pedrito-Calvo-regresa-a-los-escenarios-con-ayuda-de-su-hermano-tras-anos-en-las-calles.jpeg\",\"keywords\":[\"Los Van Van\",\"m\u00fasica cubana\",\"M\u00fasicos cubanos\",\"Nayr\u00edn Calvo\",\"Pedrito Calvo\"],\"articleSection\":[\"Far\u00e1ndula\"],\"inLanguage\":\"es\",\"potentialAction\":[{\"@type\":\"CommentAction\",\"name\":\"Comment\",\"target\":[\"https:\\\/\\\/www.cuballama.com\\\/noticias\\\/nayrin-calvo-volvio-la-hija-de-pedrito-calvo-regresa-a-los-escenarios-con-ayuda-de-su-hermano-tras-anos-en-las-calles\\\/#respond\"]}]},{\"@type\":\"WebPage\",\"@id\":\"https:\\\/\\\/www.cuballama.com\\\/noticias\\\/nayrin-calvo-volvio-la-hija-de-pedrito-calvo-regresa-a-los-escenarios-con-ayuda-de-su-hermano-tras-anos-en-las-calles\\\/\",\"url\":\"https:\\\/\\\/www.cuballama.com\\\/noticias\\\/nayrin-calvo-volvio-la-hija-de-pedrito-calvo-regresa-a-los-escenarios-con-ayuda-de-su-hermano-tras-anos-en-las-calles\\\/\",\"name\":\"\u00a1Nayr\u00edn Calvo volvi\u00f3! La hija de Pedrito Calvo regresa a los escenarios con ayuda de su hermano tras a\u00f1os en las calles - Cuballama Noticias\",\"isPartOf\":{\"@id\":\"https:\\\/\\\/www.cuballama.com\\\/noticias\\\/#website\"},\"primaryImageOfPage\":{\"@id\":\"https:\\\/\\\/www.cuballama.com\\\/noticias\\\/nayrin-calvo-volvio-la-hija-de-pedrito-calvo-regresa-a-los-escenarios-con-ayuda-de-su-hermano-tras-anos-en-las-calles\\\/#primaryimage\"},\"image\":{\"@id\":\"https:\\\/\\\/www.cuballama.com\\\/noticias\\\/nayrin-calvo-volvio-la-hija-de-pedrito-calvo-regresa-a-los-escenarios-con-ayuda-de-su-hermano-tras-anos-en-las-calles\\\/#primaryimage\"},\"thumbnailUrl\":\"https:\\\/\\\/cdn1.mediawpaccore.net\\\/wp-content\\\/uploads\\\/2026\\\/04\\\/27040602\\\/%C2%A1Nayrin-Calvo-volvio-La-hija-de-Pedrito-Calvo-regresa-a-los-escenarios-con-ayuda-de-su-hermano-tras-anos-en-las-calles.jpeg\",\"datePublished\":\"2026-04-27T08:13:26+00:00\",\"dateModified\":\"2026-04-27T08:13:31+00:00\",\"description\":\"Nayr\u00edn Calvo, hija de Pedrito Calvo, regresa a los escenarios en Miami tras su lucha contra la adicci\u00f3n. Una historia real\",\"breadcrumb\":{\"@id\":\"https:\\\/\\\/www.cuballama.com\\\/noticias\\\/nayrin-calvo-volvio-la-hija-de-pedrito-calvo-regresa-a-los-escenarios-con-ayuda-de-su-hermano-tras-anos-en-las-calles\\\/#breadcrumb\"},\"inLanguage\":\"es\",\"potentialAction\":[{\"@type\":\"ReadAction\",\"target\":[\"https:\\\/\\\/www.cuballama.com\\\/noticias\\\/nayrin-calvo-volvio-la-hija-de-pedrito-calvo-regresa-a-los-escenarios-con-ayuda-de-su-hermano-tras-anos-en-las-calles\\\/\"]}]},{\"@type\":\"ImageObject\",\"inLanguage\":\"es\",\"@id\":\"https:\\\/\\\/www.cuballama.com\\\/noticias\\\/nayrin-calvo-volvio-la-hija-de-pedrito-calvo-regresa-a-los-escenarios-con-ayuda-de-su-hermano-tras-anos-en-las-calles\\\/#primaryimage\",\"url\":\"https:\\\/\\\/cdn1.mediawpaccore.net\\\/wp-content\\\/uploads\\\/2026\\\/04\\\/27040602\\\/%C2%A1Nayrin-Calvo-volvio-La-hija-de-Pedrito-Calvo-regresa-a-los-escenarios-con-ayuda-de-su-hermano-tras-anos-en-las-calles.jpeg\",\"contentUrl\":\"https:\\\/\\\/cdn1.mediawpaccore.net\\\/wp-content\\\/uploads\\\/2026\\\/04\\\/27040602\\\/%C2%A1Nayrin-Calvo-volvio-La-hija-de-Pedrito-Calvo-regresa-a-los-escenarios-con-ayuda-de-su-hermano-tras-anos-en-las-calles.jpeg\",\"width\":1882,\"height\":1355,\"caption\":\"\u00a1Nayri\u0301n Calvo volvio\u0301! La hija de Pedrito Calvo regresa a los escenarios con ayuda de su hermano tras an\u0303os en las calles (Foto: Conducta Dade)\"},{\"@type\":\"BreadcrumbList\",\"@id\":\"https:\\\/\\\/www.cuballama.com\\\/noticias\\\/nayrin-calvo-volvio-la-hija-de-pedrito-calvo-regresa-a-los-escenarios-con-ayuda-de-su-hermano-tras-anos-en-las-calles\\\/#breadcrumb\",\"itemListElement\":[{\"@type\":\"ListItem\",\"position\":1,\"name\":\"Home\",\"item\":\"https:\\\/\\\/www.cuballama.com\\\/noticias\\\/\"},{\"@type\":\"ListItem\",\"position\":2,\"name\":\"\u00a1Nayr\u00edn Calvo volvi\u00f3! La hija de Pedrito Calvo regresa a los escenarios con ayuda de su hermano tras a\u00f1os en las calles\"}]},{\"@type\":\"WebSite\",\"@id\":\"https:\\\/\\\/www.cuballama.com\\\/noticias\\\/#website\",\"url\":\"https:\\\/\\\/www.cuballama.com\\\/noticias\\\/\",\"name\":\"Cuballama Noticias\",\"description\":\"Medio digital sobre Cuba y el mundo\",\"publisher\":{\"@id\":\"https:\\\/\\\/www.cuballama.com\\\/noticias\\\/#organization\"},\"potentialAction\":[{\"@type\":\"SearchAction\",\"target\":{\"@type\":\"EntryPoint\",\"urlTemplate\":\"https:\\\/\\\/www.cuballama.com\\\/noticias\\\/?s={search_term_string}\"},\"query-input\":{\"@type\":\"PropertyValueSpecification\",\"valueRequired\":true,\"valueName\":\"search_term_string\"}}],\"inLanguage\":\"es\"},{\"@type\":\"Organization\",\"@id\":\"https:\\\/\\\/www.cuballama.com\\\/noticias\\\/#organization\",\"name\":\"Cuballama\",\"url\":\"https:\\\/\\\/www.cuballama.com\\\/noticias\\\/\",\"logo\":{\"@type\":\"ImageObject\",\"inLanguage\":\"es\",\"@id\":\"https:\\\/\\\/www.cuballama.com\\\/noticias\\\/#\\\/schema\\\/logo\\\/image\\\/\",\"url\":\"https:\\\/\\\/cdn1.mediawpaccore.net\\\/wp-content\\\/uploads\\\/2021\\\/12\\\/28171206\\\/cbll-logo-color-sm.png\",\"contentUrl\":\"https:\\\/\\\/cdn1.mediawpaccore.net\\\/wp-content\\\/uploads\\\/2021\\\/12\\\/28171206\\\/cbll-logo-color-sm.png\",\"width\":600,\"height\":133,\"caption\":\"Cuballama\"},\"image\":{\"@id\":\"https:\\\/\\\/www.cuballama.com\\\/noticias\\\/#\\\/schema\\\/logo\\\/image\\\/\"},\"sameAs\":[\"https:\\\/\\\/www.facebook.com\\\/CubaLlama\",\"https:\\\/\\\/x.com\\\/cuballama\",\"https:\\\/\\\/www.instagram.com\\\/stories\\\/cuballama_oficial\\\/\",\"https:\\\/\\\/www.youtube.com\\\/channel\\\/UCKkFE-d_axENGZcrc4as0IA\"]},{\"@type\":\"Person\",\"@id\":\"https:\\\/\\\/www.cuballama.com\\\/noticias\\\/#\\\/schema\\\/person\\\/0f97914526a658755f00e59ec2a832f2\",\"name\":\"Rafa\",\"url\":\"https:\\\/\\\/www.cuballama.com\\\/noticias\\\/author\\\/rafa\\\/\"}]}<\/script>\n<!-- \/ Yoast SEO plugin. -->","yoast_head_json":{"title":"\u00a1Nayr\u00edn Calvo volvi\u00f3! La hija de Pedrito Calvo regresa a los escenarios con ayuda de su hermano tras a\u00f1os en las calles - Cuballama Noticias","description":"Nayr\u00edn Calvo, hija de Pedrito Calvo, regresa a los escenarios en Miami tras su lucha contra la adicci\u00f3n. Una historia real","robots":{"index":"index","follow":"follow","max-snippet":"max-snippet:-1","max-image-preview":"max-image-preview:large","max-video-preview":"max-video-preview:-1"},"canonical":"https:\/\/www.cuballama.com\/noticias\/nayrin-calvo-volvio-la-hija-de-pedrito-calvo-regresa-a-los-escenarios-con-ayuda-de-su-hermano-tras-anos-en-las-calles\/","og_locale":"es_ES","og_type":"article","og_title":"\u00a1Nayr\u00edn Calvo volvi\u00f3! La hija de Pedrito Calvo regresa a los escenarios con ayuda de su hermano tras a\u00f1os en las calles - Cuballama Noticias","og_description":"Nayr\u00edn Calvo, hija de Pedrito Calvo, regresa a los escenarios en Miami tras su lucha contra la adicci\u00f3n. Una historia real","og_url":"https:\/\/www.cuballama.com\/noticias\/nayrin-calvo-volvio-la-hija-de-pedrito-calvo-regresa-a-los-escenarios-con-ayuda-de-su-hermano-tras-anos-en-las-calles\/","og_site_name":"Cuballama Noticias","article_publisher":"https:\/\/www.facebook.com\/CubaLlama","article_published_time":"2026-04-27T08:13:26+00:00","article_modified_time":"2026-04-27T08:13:31+00:00","og_image":[{"width":1882,"height":1355,"url":"https:\/\/cdn1.mediawpaccore.net\/wp-content\/uploads\/2026\/04\/27040602\/%C2%A1Nayrin-Calvo-volvio-La-hija-de-Pedrito-Calvo-regresa-a-los-escenarios-con-ayuda-de-su-hermano-tras-anos-en-las-calles.jpeg","type":"image\/jpeg"}],"author":"Rafa","twitter_card":"summary_large_image","twitter_creator":"@cuballama","twitter_site":"@cuballama","twitter_misc":{"Escrito por":"Rafa","Tiempo de lectura":"4 minutos"},"schema":{"@context":"https:\/\/schema.org","@graph":[{"@type":"Article","@id":"https:\/\/www.cuballama.com\/noticias\/nayrin-calvo-volvio-la-hija-de-pedrito-calvo-regresa-a-los-escenarios-con-ayuda-de-su-hermano-tras-anos-en-las-calles\/#article","isPartOf":{"@id":"https:\/\/www.cuballama.com\/noticias\/nayrin-calvo-volvio-la-hija-de-pedrito-calvo-regresa-a-los-escenarios-con-ayuda-de-su-hermano-tras-anos-en-las-calles\/"},"author":{"name":"Rafa","@id":"https:\/\/www.cuballama.com\/noticias\/#\/schema\/person\/0f97914526a658755f00e59ec2a832f2"},"headline":"\u00a1Nayr\u00edn Calvo volvi\u00f3! La hija de Pedrito Calvo regresa a los escenarios con ayuda de su hermano tras a\u00f1os en las calles","datePublished":"2026-04-27T08:13:26+00:00","dateModified":"2026-04-27T08:13:31+00:00","mainEntityOfPage":{"@id":"https:\/\/www.cuballama.com\/noticias\/nayrin-calvo-volvio-la-hija-de-pedrito-calvo-regresa-a-los-escenarios-con-ayuda-de-su-hermano-tras-anos-en-las-calles\/"},"wordCount":848,"commentCount":0,"publisher":{"@id":"https:\/\/www.cuballama.com\/noticias\/#organization"},"image":{"@id":"https:\/\/www.cuballama.com\/noticias\/nayrin-calvo-volvio-la-hija-de-pedrito-calvo-regresa-a-los-escenarios-con-ayuda-de-su-hermano-tras-anos-en-las-calles\/#primaryimage"},"thumbnailUrl":"https:\/\/cdn1.mediawpaccore.net\/wp-content\/uploads\/2026\/04\/27040602\/%C2%A1Nayrin-Calvo-volvio-La-hija-de-Pedrito-Calvo-regresa-a-los-escenarios-con-ayuda-de-su-hermano-tras-anos-en-las-calles.jpeg","keywords":["Los Van Van","m\u00fasica cubana","M\u00fasicos cubanos","Nayr\u00edn Calvo","Pedrito Calvo"],"articleSection":["Far\u00e1ndula"],"inLanguage":"es","potentialAction":[{"@type":"CommentAction","name":"Comment","target":["https:\/\/www.cuballama.com\/noticias\/nayrin-calvo-volvio-la-hija-de-pedrito-calvo-regresa-a-los-escenarios-con-ayuda-de-su-hermano-tras-anos-en-las-calles\/#respond"]}]},{"@type":"WebPage","@id":"https:\/\/www.cuballama.com\/noticias\/nayrin-calvo-volvio-la-hija-de-pedrito-calvo-regresa-a-los-escenarios-con-ayuda-de-su-hermano-tras-anos-en-las-calles\/","url":"https:\/\/www.cuballama.com\/noticias\/nayrin-calvo-volvio-la-hija-de-pedrito-calvo-regresa-a-los-escenarios-con-ayuda-de-su-hermano-tras-anos-en-las-calles\/","name":"\u00a1Nayr\u00edn Calvo volvi\u00f3! La hija de Pedrito Calvo regresa a los escenarios con ayuda de su hermano tras a\u00f1os en las calles - Cuballama Noticias","isPartOf":{"@id":"https:\/\/www.cuballama.com\/noticias\/#website"},"primaryImageOfPage":{"@id":"https:\/\/www.cuballama.com\/noticias\/nayrin-calvo-volvio-la-hija-de-pedrito-calvo-regresa-a-los-escenarios-con-ayuda-de-su-hermano-tras-anos-en-las-calles\/#primaryimage"},"image":{"@id":"https:\/\/www.cuballama.com\/noticias\/nayrin-calvo-volvio-la-hija-de-pedrito-calvo-regresa-a-los-escenarios-con-ayuda-de-su-hermano-tras-anos-en-las-calles\/#primaryimage"},"thumbnailUrl":"https:\/\/cdn1.mediawpaccore.net\/wp-content\/uploads\/2026\/04\/27040602\/%C2%A1Nayrin-Calvo-volvio-La-hija-de-Pedrito-Calvo-regresa-a-los-escenarios-con-ayuda-de-su-hermano-tras-anos-en-las-calles.jpeg","datePublished":"2026-04-27T08:13:26+00:00","dateModified":"2026-04-27T08:13:31+00:00","description":"Nayr\u00edn Calvo, hija de Pedrito Calvo, regresa a los escenarios en Miami tras su lucha contra la adicci\u00f3n. Una historia real","breadcrumb":{"@id":"https:\/\/www.cuballama.com\/noticias\/nayrin-calvo-volvio-la-hija-de-pedrito-calvo-regresa-a-los-escenarios-con-ayuda-de-su-hermano-tras-anos-en-las-calles\/#breadcrumb"},"inLanguage":"es","potentialAction":[{"@type":"ReadAction","target":["https:\/\/www.cuballama.com\/noticias\/nayrin-calvo-volvio-la-hija-de-pedrito-calvo-regresa-a-los-escenarios-con-ayuda-de-su-hermano-tras-anos-en-las-calles\/"]}]},{"@type":"ImageObject","inLanguage":"es","@id":"https:\/\/www.cuballama.com\/noticias\/nayrin-calvo-volvio-la-hija-de-pedrito-calvo-regresa-a-los-escenarios-con-ayuda-de-su-hermano-tras-anos-en-las-calles\/#primaryimage","url":"https:\/\/cdn1.mediawpaccore.net\/wp-content\/uploads\/2026\/04\/27040602\/%C2%A1Nayrin-Calvo-volvio-La-hija-de-Pedrito-Calvo-regresa-a-los-escenarios-con-ayuda-de-su-hermano-tras-anos-en-las-calles.jpeg","contentUrl":"https:\/\/cdn1.mediawpaccore.net\/wp-content\/uploads\/2026\/04\/27040602\/%C2%A1Nayrin-Calvo-volvio-La-hija-de-Pedrito-Calvo-regresa-a-los-escenarios-con-ayuda-de-su-hermano-tras-anos-en-las-calles.jpeg","width":1882,"height":1355,"caption":"\u00a1Nayri\u0301n Calvo volvio\u0301! La hija de Pedrito Calvo regresa a los escenarios con ayuda de su hermano tras an\u0303os en las calles (Foto: Conducta Dade)"},{"@type":"BreadcrumbList","@id":"https:\/\/www.cuballama.com\/noticias\/nayrin-calvo-volvio-la-hija-de-pedrito-calvo-regresa-a-los-escenarios-con-ayuda-de-su-hermano-tras-anos-en-las-calles\/#breadcrumb","itemListElement":[{"@type":"ListItem","position":1,"name":"Home","item":"https:\/\/www.cuballama.com\/noticias\/"},{"@type":"ListItem","position":2,"name":"\u00a1Nayr\u00edn Calvo volvi\u00f3! La hija de Pedrito Calvo regresa a los escenarios con ayuda de su hermano tras a\u00f1os en las calles"}]},{"@type":"WebSite","@id":"https:\/\/www.cuballama.com\/noticias\/#website","url":"https:\/\/www.cuballama.com\/noticias\/","name":"Cuballama Noticias","description":"Medio digital sobre Cuba y el mundo","publisher":{"@id":"https:\/\/www.cuballama.com\/noticias\/#organization"},"potentialAction":[{"@type":"SearchAction","target":{"@type":"EntryPoint","urlTemplate":"https:\/\/www.cuballama.com\/noticias\/?s={search_term_string}"},"query-input":{"@type":"PropertyValueSpecification","valueRequired":true,"valueName":"search_term_string"}}],"inLanguage":"es"},{"@type":"Organization","@id":"https:\/\/www.cuballama.com\/noticias\/#organization","name":"Cuballama","url":"https:\/\/www.cuballama.com\/noticias\/","logo":{"@type":"ImageObject","inLanguage":"es","@id":"https:\/\/www.cuballama.com\/noticias\/#\/schema\/logo\/image\/","url":"https:\/\/cdn1.mediawpaccore.net\/wp-content\/uploads\/2021\/12\/28171206\/cbll-logo-color-sm.png","contentUrl":"https:\/\/cdn1.mediawpaccore.net\/wp-content\/uploads\/2021\/12\/28171206\/cbll-logo-color-sm.png","width":600,"height":133,"caption":"Cuballama"},"image":{"@id":"https:\/\/www.cuballama.com\/noticias\/#\/schema\/logo\/image\/"},"sameAs":["https:\/\/www.facebook.com\/CubaLlama","https:\/\/x.com\/cuballama","https:\/\/www.instagram.com\/stories\/cuballama_oficial\/","https:\/\/www.youtube.com\/channel\/UCKkFE-d_axENGZcrc4as0IA"]},{"@type":"Person","@id":"https:\/\/www.cuballama.com\/noticias\/#\/schema\/person\/0f97914526a658755f00e59ec2a832f2","name":"Rafa","url":"https:\/\/www.cuballama.com\/noticias\/author\/rafa\/"}]}},"_links":{"self":[{"href":"https:\/\/www.cuballama.com\/noticias\/wp-json\/wp\/v2\/posts\/242479","targetHints":{"allow":["GET"]}}],"collection":[{"href":"https:\/\/www.cuballama.com\/noticias\/wp-json\/wp\/v2\/posts"}],"about":[{"href":"https:\/\/www.cuballama.com\/noticias\/wp-json\/wp\/v2\/types\/post"}],"author":[{"embeddable":true,"href":"https:\/\/www.cuballama.com\/noticias\/wp-json\/wp\/v2\/users\/27"}],"replies":[{"embeddable":true,"href":"https:\/\/www.cuballama.com\/noticias\/wp-json\/wp\/v2\/comments?post=242479"}],"version-history":[{"count":1,"href":"https:\/\/www.cuballama.com\/noticias\/wp-json\/wp\/v2\/posts\/242479\/revisions"}],"predecessor-version":[{"id":242489,"href":"https:\/\/www.cuballama.com\/noticias\/wp-json\/wp\/v2\/posts\/242479\/revisions\/242489"}],"wp:featuredmedia":[{"embeddable":true,"href":"https:\/\/www.cuballama.com\/noticias\/wp-json\/wp\/v2\/media\/242488"}],"wp:attachment":[{"href":"https:\/\/www.cuballama.com\/noticias\/wp-json\/wp\/v2\/media?parent=242479"}],"wp:term":[{"taxonomy":"category","embeddable":true,"href":"https:\/\/www.cuballama.com\/noticias\/wp-json\/wp\/v2\/categories?post=242479"},{"taxonomy":"post_tag","embeddable":true,"href":"https:\/\/www.cuballama.com\/noticias\/wp-json\/wp\/v2\/tags?post=242479"}],"curies":[{"name":"wp","href":"https:\/\/api.w.org\/{rel}","templated":true}]}}