{"id":242467,"date":"2026-04-26T19:56:16","date_gmt":"2026-04-26T23:56:16","guid":{"rendered":"https:\/\/www.cuballama.com\/noticias\/?p=242467"},"modified":"2026-04-26T20:55:41","modified_gmt":"2026-04-27T00:55:41","slug":"expelotero-cubano-carlos-tabares-es-operado-de-un-tumor-en-miami","status":"publish","type":"post","link":"https:\/\/www.cuballama.com\/noticias\/expelotero-cubano-carlos-tabares-es-operado-de-un-tumor-en-miami\/","title":{"rendered":"Expelotero cubano Carlos Tabares es operado de un tumor en Miami"},"content":{"rendered":"\n<p>El expelotero cubano Carlos Tabares, otrora jardinero central de Industriales y de la selecci\u00f3n cubana, fue operado recientemente en Miami, Florida, de un tumor en los ri\u00f1ones, seg\u00fan revel\u00f3 el reportero deportivo Yasel Porto este domingo en redes sociales.<\/p>\n\n\n\n<p>\u201cEstoy mucho mejor gracias a Dios. Muchas gracias a todos los que se han preocupado por mi salud durante estos d\u00edas. Ahora a recuperarse\u201d, confirm\u00f3 el devenido analista financiero en Miami.<\/p>\n\n\n\n<p>Seg\u00fan explic\u00f3 Pucho Oroza, la intervenci\u00f3n quir\u00fargica ocurri\u00f3 hace aproximadamente un mes. La masa tumoral med\u00eda cerca de 13 cent\u00edmetros y pudo ser eliminada por completo, logrando adem\u00e1s preservar una parte del ri\u00f1\u00f3n afectado y sin secuelas.<\/p>\n\n\n\n<iframe loading=\"lazy\" src=\"https:\/\/www.facebook.com\/plugins\/post.php?href=https%3A%2F%2Fwww.facebook.com%2FDportoSports%2Fposts%2Fpfbid0fSjd3YRxnxdKVXHX6kEUWmWK1Kg1rv2d9XeVbsBuvyJM87ZE1r9nKVNGq3Ztgpy3l&#038;show_text=true&#038;width=500\" width=\"500\" height=\"250\" style=\"border:none;overflow:hidden\" scrolling=\"no\" frameborder=\"0\" allowfullscreen=\"true\" allow=\"autoplay; clipboard-write; encrypted-media; picture-in-picture; web-share\"><\/iframe>\n\n\n\n<p>\u201cCarlos Tabares ha ganado uno de los Juegos m\u00e1s importantes de su carrera, como nos tuvo siempre acostumbrados, dejando la piel en el terreno. El otrora Capit\u00e1n Azul le ha robado un jonr\u00f3n a la muerte y en otra magistral jugada ha vencido al c\u00e1ncer\u201d, agreg\u00f3.<\/p>\n\n\n\n<p>\u201cTabares se sigue recuperando satisfactoriamente con la mente puesta en su superaci\u00f3n y crecimiento personal como parte de un emprendimiento digital para la venta de art\u00edculos de alto valor\u201d, apunt\u00f3 Oroza sobre el seis veces campe\u00f3n nacional con Los Leones de la capital.<\/p>\n\n\n\n<p>A lo largo de 25 Series Nacionales con Industriales Tabares, acumul\u00f3 m\u00e1s de mil hits y 102 jonrones. Fue campe\u00f3n ol\u00edmpico con Cuba en los Juegos Ol\u00edmpicos de Atenas 2004 y subcampe\u00f3n del I Cl\u00e1sico Mundial de B\u00e9isbol 2006. <\/p>\n\n\n\n<iframe loading=\"lazy\" src=\"https:\/\/www.facebook.com\/plugins\/post.php?href=https%3A%2F%2Fwww.facebook.com%2Foroza.pucho%2Fposts%2Fpfbid02z1mLEGNGnNSZ7djDRh78T7KGHivCeGdTZA6Yac9XceNM6m2fZchdrJTVgsvpFMjGl&#038;show_text=true&#038;width=500\" width=\"500\" height=\"649\" style=\"border:none;overflow:hidden\" scrolling=\"no\" frameborder=\"0\" allowfullscreen=\"true\" allow=\"autoplay; clipboard-write; encrypted-media; picture-in-picture; web-share\"><\/iframe>\n\n\n\n<p>Durante su carrera Tabares rechaz\u00f3 ofertas millonarias de las Grandes Ligas, incluyendo cinco millones de d\u00f3lares de los Cincinnati Reds y ocho millones de los Chicago Cubs, para permanecer en Cuba.<\/p>\n\n\n\n<p>Se retir\u00f3 oficialmente el 11 de enero de 2018 en el Estadio Latinoamericano ante m\u00e1s de 50.000 aficionados.<\/p>\n\n\n\n<p>Se ha mantenido alejado del foco medi\u00e1tico desde que se traslad\u00f3 a Estados Unidos alrededor de 2021 sin ning\u00fan anuncio p\u00fablico.<\/p>\n\n\n\n<p><\/p>\n","protected":false},"excerpt":{"rendered":"<p>La cirug\u00eda ocurri\u00f3 hace alrededor de un mes.<\/p>\n","protected":false},"author":30,"featured_media":242468,"comment_status":"open","ping_status":"closed","sticky":false,"template":"","format":"standard","meta":{"_acf_changed":false,"footnotes":""},"categories":[18,11024],"tags":[9575,11050,941,31564,6902],"class_list":{"0":"post-242467","1":"post","2":"type-post","3":"status-publish","4":"format-standard","5":"has-post-thumbnail","7":"category-noticias","8":"category-noticias-de-miami","9":"tag-carlos-tabares","10":"tag-cubanos-en-miami","11":"tag-destacado","12":"tag-expelotero-cubano","13":"tag-tumor"},"acf":[],"yoast_head":"<!-- This site is optimized with the Yoast SEO plugin v27.4 - https:\/\/yoast.com\/product\/yoast-seo-wordpress\/ -->\n<title>Expelotero cubano Carlos Tabares es operado de un tumor en Miami - Cuballama Noticias<\/title>\n<meta name=\"description\" content=\"El expelotero cubano Carlos Tabares fue operado recientemente en Miami, Florida, de un tumor en los ri\u00f1ones.\" \/>\n<meta name=\"robots\" content=\"index, follow, max-snippet:-1, max-image-preview:large, max-video-preview:-1\" \/>\n<link rel=\"canonical\" href=\"https:\/\/www.cuballama.com\/noticias\/expelotero-cubano-carlos-tabares-es-operado-de-un-tumor-en-miami\/\" \/>\n<meta property=\"og:locale\" content=\"es_ES\" \/>\n<meta property=\"og:type\" content=\"article\" \/>\n<meta property=\"og:title\" content=\"Expelotero cubano Carlos Tabares es operado de un tumor en Miami - Cuballama Noticias\" \/>\n<meta property=\"og:description\" content=\"El expelotero cubano Carlos Tabares fue operado recientemente en Miami, Florida, de un tumor en los ri\u00f1ones.\" \/>\n<meta property=\"og:url\" content=\"https:\/\/www.cuballama.com\/noticias\/expelotero-cubano-carlos-tabares-es-operado-de-un-tumor-en-miami\/\" \/>\n<meta property=\"og:site_name\" content=\"Cuballama Noticias\" \/>\n<meta property=\"article:publisher\" content=\"https:\/\/www.facebook.com\/CubaLlama\" \/>\n<meta property=\"article:published_time\" content=\"2026-04-26T23:56:16+00:00\" \/>\n<meta property=\"article:modified_time\" content=\"2026-04-27T00:55:41+00:00\" \/>\n<meta property=\"og:image\" content=\"https:\/\/cdn1.mediawpaccore.net\/wp-content\/uploads\/2026\/04\/26185145\/680428399_1787922398931143_7508378568919725017_n1.jpg\" \/>\n\t<meta property=\"og:image:width\" content=\"1200\" \/>\n\t<meta property=\"og:image:height\" content=\"630\" \/>\n\t<meta property=\"og:image:type\" content=\"image\/jpeg\" \/>\n<meta name=\"author\" content=\"Kathy\" \/>\n<meta name=\"twitter:card\" content=\"summary_large_image\" \/>\n<meta name=\"twitter:creator\" content=\"@cuballama\" \/>\n<meta name=\"twitter:site\" content=\"@cuballama\" \/>\n<meta name=\"twitter:label1\" content=\"Escrito por\" \/>\n\t<meta name=\"twitter:data1\" content=\"Kathy\" \/>\n\t<meta name=\"twitter:label2\" content=\"Tiempo de lectura\" \/>\n\t<meta name=\"twitter:data2\" content=\"2 minutos\" \/>\n<script type=\"application\/ld+json\" class=\"yoast-schema-graph\">{\"@context\":\"https:\\\/\\\/schema.org\",\"@graph\":[{\"@type\":\"Article\",\"@id\":\"https:\\\/\\\/www.cuballama.com\\\/noticias\\\/expelotero-cubano-carlos-tabares-es-operado-de-un-tumor-en-miami\\\/#article\",\"isPartOf\":{\"@id\":\"https:\\\/\\\/www.cuballama.com\\\/noticias\\\/expelotero-cubano-carlos-tabares-es-operado-de-un-tumor-en-miami\\\/\"},\"author\":{\"name\":\"Kathy\",\"@id\":\"https:\\\/\\\/www.cuballama.com\\\/noticias\\\/#\\\/schema\\\/person\\\/86cd3e3f4974437f031211213bf892d5\"},\"headline\":\"Expelotero cubano Carlos Tabares es operado de un tumor en Miami\",\"datePublished\":\"2026-04-26T23:56:16+00:00\",\"dateModified\":\"2026-04-27T00:55:41+00:00\",\"mainEntityOfPage\":{\"@id\":\"https:\\\/\\\/www.cuballama.com\\\/noticias\\\/expelotero-cubano-carlos-tabares-es-operado-de-un-tumor-en-miami\\\/\"},\"wordCount\":337,\"commentCount\":0,\"publisher\":{\"@id\":\"https:\\\/\\\/www.cuballama.com\\\/noticias\\\/#organization\"},\"image\":{\"@id\":\"https:\\\/\\\/www.cuballama.com\\\/noticias\\\/expelotero-cubano-carlos-tabares-es-operado-de-un-tumor-en-miami\\\/#primaryimage\"},\"thumbnailUrl\":\"https:\\\/\\\/cdn1.mediawpaccore.net\\\/wp-content\\\/uploads\\\/2026\\\/04\\\/26185145\\\/680428399_1787922398931143_7508378568919725017_n1.jpg\",\"keywords\":[\"Carlos Tabares\",\"cubanos en Miami\",\"destacado\",\"expelotero cubano\",\"tumor\"],\"articleSection\":[\"Noticias\",\"Noticias de Miami\"],\"inLanguage\":\"es\",\"potentialAction\":[{\"@type\":\"CommentAction\",\"name\":\"Comment\",\"target\":[\"https:\\\/\\\/www.cuballama.com\\\/noticias\\\/expelotero-cubano-carlos-tabares-es-operado-de-un-tumor-en-miami\\\/#respond\"]}]},{\"@type\":\"WebPage\",\"@id\":\"https:\\\/\\\/www.cuballama.com\\\/noticias\\\/expelotero-cubano-carlos-tabares-es-operado-de-un-tumor-en-miami\\\/\",\"url\":\"https:\\\/\\\/www.cuballama.com\\\/noticias\\\/expelotero-cubano-carlos-tabares-es-operado-de-un-tumor-en-miami\\\/\",\"name\":\"Expelotero cubano Carlos Tabares es operado de un tumor en Miami - Cuballama Noticias\",\"isPartOf\":{\"@id\":\"https:\\\/\\\/www.cuballama.com\\\/noticias\\\/#website\"},\"primaryImageOfPage\":{\"@id\":\"https:\\\/\\\/www.cuballama.com\\\/noticias\\\/expelotero-cubano-carlos-tabares-es-operado-de-un-tumor-en-miami\\\/#primaryimage\"},\"image\":{\"@id\":\"https:\\\/\\\/www.cuballama.com\\\/noticias\\\/expelotero-cubano-carlos-tabares-es-operado-de-un-tumor-en-miami\\\/#primaryimage\"},\"thumbnailUrl\":\"https:\\\/\\\/cdn1.mediawpaccore.net\\\/wp-content\\\/uploads\\\/2026\\\/04\\\/26185145\\\/680428399_1787922398931143_7508378568919725017_n1.jpg\",\"datePublished\":\"2026-04-26T23:56:16+00:00\",\"dateModified\":\"2026-04-27T00:55:41+00:00\",\"description\":\"El expelotero cubano Carlos Tabares fue operado recientemente en Miami, Florida, de un tumor en los ri\u00f1ones.\",\"breadcrumb\":{\"@id\":\"https:\\\/\\\/www.cuballama.com\\\/noticias\\\/expelotero-cubano-carlos-tabares-es-operado-de-un-tumor-en-miami\\\/#breadcrumb\"},\"inLanguage\":\"es\",\"potentialAction\":[{\"@type\":\"ReadAction\",\"target\":[\"https:\\\/\\\/www.cuballama.com\\\/noticias\\\/expelotero-cubano-carlos-tabares-es-operado-de-un-tumor-en-miami\\\/\"]}]},{\"@type\":\"ImageObject\",\"inLanguage\":\"es\",\"@id\":\"https:\\\/\\\/www.cuballama.com\\\/noticias\\\/expelotero-cubano-carlos-tabares-es-operado-de-un-tumor-en-miami\\\/#primaryimage\",\"url\":\"https:\\\/\\\/cdn1.mediawpaccore.net\\\/wp-content\\\/uploads\\\/2026\\\/04\\\/26185145\\\/680428399_1787922398931143_7508378568919725017_n1.jpg\",\"contentUrl\":\"https:\\\/\\\/cdn1.mediawpaccore.net\\\/wp-content\\\/uploads\\\/2026\\\/04\\\/26185145\\\/680428399_1787922398931143_7508378568919725017_n1.jpg\",\"width\":1200,\"height\":630,\"caption\":\"Carlos Tabares. Foto: Facebook\\\/Dporto Sports.\"},{\"@type\":\"BreadcrumbList\",\"@id\":\"https:\\\/\\\/www.cuballama.com\\\/noticias\\\/expelotero-cubano-carlos-tabares-es-operado-de-un-tumor-en-miami\\\/#breadcrumb\",\"itemListElement\":[{\"@type\":\"ListItem\",\"position\":1,\"name\":\"Home\",\"item\":\"https:\\\/\\\/www.cuballama.com\\\/noticias\\\/\"},{\"@type\":\"ListItem\",\"position\":2,\"name\":\"Expelotero cubano Carlos Tabares es operado de un tumor en Miami\"}]},{\"@type\":\"WebSite\",\"@id\":\"https:\\\/\\\/www.cuballama.com\\\/noticias\\\/#website\",\"url\":\"https:\\\/\\\/www.cuballama.com\\\/noticias\\\/\",\"name\":\"Cuballama Noticias\",\"description\":\"Medio digital sobre Cuba y el mundo\",\"publisher\":{\"@id\":\"https:\\\/\\\/www.cuballama.com\\\/noticias\\\/#organization\"},\"potentialAction\":[{\"@type\":\"SearchAction\",\"target\":{\"@type\":\"EntryPoint\",\"urlTemplate\":\"https:\\\/\\\/www.cuballama.com\\\/noticias\\\/?s={search_term_string}\"},\"query-input\":{\"@type\":\"PropertyValueSpecification\",\"valueRequired\":true,\"valueName\":\"search_term_string\"}}],\"inLanguage\":\"es\"},{\"@type\":\"Organization\",\"@id\":\"https:\\\/\\\/www.cuballama.com\\\/noticias\\\/#organization\",\"name\":\"Cuballama\",\"url\":\"https:\\\/\\\/www.cuballama.com\\\/noticias\\\/\",\"logo\":{\"@type\":\"ImageObject\",\"inLanguage\":\"es\",\"@id\":\"https:\\\/\\\/www.cuballama.com\\\/noticias\\\/#\\\/schema\\\/logo\\\/image\\\/\",\"url\":\"https:\\\/\\\/cdn1.mediawpaccore.net\\\/wp-content\\\/uploads\\\/2021\\\/12\\\/28171206\\\/cbll-logo-color-sm.png\",\"contentUrl\":\"https:\\\/\\\/cdn1.mediawpaccore.net\\\/wp-content\\\/uploads\\\/2021\\\/12\\\/28171206\\\/cbll-logo-color-sm.png\",\"width\":600,\"height\":133,\"caption\":\"Cuballama\"},\"image\":{\"@id\":\"https:\\\/\\\/www.cuballama.com\\\/noticias\\\/#\\\/schema\\\/logo\\\/image\\\/\"},\"sameAs\":[\"https:\\\/\\\/www.facebook.com\\\/CubaLlama\",\"https:\\\/\\\/x.com\\\/cuballama\",\"https:\\\/\\\/www.instagram.com\\\/stories\\\/cuballama_oficial\\\/\",\"https:\\\/\\\/www.youtube.com\\\/channel\\\/UCKkFE-d_axENGZcrc4as0IA\"]},{\"@type\":\"Person\",\"@id\":\"https:\\\/\\\/www.cuballama.com\\\/noticias\\\/#\\\/schema\\\/person\\\/86cd3e3f4974437f031211213bf892d5\",\"name\":\"Kathy\",\"url\":\"https:\\\/\\\/www.cuballama.com\\\/noticias\\\/author\\\/kathy\\\/\"}]}<\/script>\n<!-- \/ Yoast SEO plugin. -->","yoast_head_json":{"title":"Expelotero cubano Carlos Tabares es operado de un tumor en Miami - Cuballama Noticias","description":"El expelotero cubano Carlos Tabares fue operado recientemente en Miami, Florida, de un tumor en los ri\u00f1ones.","robots":{"index":"index","follow":"follow","max-snippet":"max-snippet:-1","max-image-preview":"max-image-preview:large","max-video-preview":"max-video-preview:-1"},"canonical":"https:\/\/www.cuballama.com\/noticias\/expelotero-cubano-carlos-tabares-es-operado-de-un-tumor-en-miami\/","og_locale":"es_ES","og_type":"article","og_title":"Expelotero cubano Carlos Tabares es operado de un tumor en Miami - Cuballama Noticias","og_description":"El expelotero cubano Carlos Tabares fue operado recientemente en Miami, Florida, de un tumor en los ri\u00f1ones.","og_url":"https:\/\/www.cuballama.com\/noticias\/expelotero-cubano-carlos-tabares-es-operado-de-un-tumor-en-miami\/","og_site_name":"Cuballama Noticias","article_publisher":"https:\/\/www.facebook.com\/CubaLlama","article_published_time":"2026-04-26T23:56:16+00:00","article_modified_time":"2026-04-27T00:55:41+00:00","og_image":[{"width":1200,"height":630,"url":"https:\/\/cdn1.mediawpaccore.net\/wp-content\/uploads\/2026\/04\/26185145\/680428399_1787922398931143_7508378568919725017_n1.jpg","type":"image\/jpeg"}],"author":"Kathy","twitter_card":"summary_large_image","twitter_creator":"@cuballama","twitter_site":"@cuballama","twitter_misc":{"Escrito por":"Kathy","Tiempo de lectura":"2 minutos"},"schema":{"@context":"https:\/\/schema.org","@graph":[{"@type":"Article","@id":"https:\/\/www.cuballama.com\/noticias\/expelotero-cubano-carlos-tabares-es-operado-de-un-tumor-en-miami\/#article","isPartOf":{"@id":"https:\/\/www.cuballama.com\/noticias\/expelotero-cubano-carlos-tabares-es-operado-de-un-tumor-en-miami\/"},"author":{"name":"Kathy","@id":"https:\/\/www.cuballama.com\/noticias\/#\/schema\/person\/86cd3e3f4974437f031211213bf892d5"},"headline":"Expelotero cubano Carlos Tabares es operado de un tumor en Miami","datePublished":"2026-04-26T23:56:16+00:00","dateModified":"2026-04-27T00:55:41+00:00","mainEntityOfPage":{"@id":"https:\/\/www.cuballama.com\/noticias\/expelotero-cubano-carlos-tabares-es-operado-de-un-tumor-en-miami\/"},"wordCount":337,"commentCount":0,"publisher":{"@id":"https:\/\/www.cuballama.com\/noticias\/#organization"},"image":{"@id":"https:\/\/www.cuballama.com\/noticias\/expelotero-cubano-carlos-tabares-es-operado-de-un-tumor-en-miami\/#primaryimage"},"thumbnailUrl":"https:\/\/cdn1.mediawpaccore.net\/wp-content\/uploads\/2026\/04\/26185145\/680428399_1787922398931143_7508378568919725017_n1.jpg","keywords":["Carlos Tabares","cubanos en Miami","destacado","expelotero cubano","tumor"],"articleSection":["Noticias","Noticias de Miami"],"inLanguage":"es","potentialAction":[{"@type":"CommentAction","name":"Comment","target":["https:\/\/www.cuballama.com\/noticias\/expelotero-cubano-carlos-tabares-es-operado-de-un-tumor-en-miami\/#respond"]}]},{"@type":"WebPage","@id":"https:\/\/www.cuballama.com\/noticias\/expelotero-cubano-carlos-tabares-es-operado-de-un-tumor-en-miami\/","url":"https:\/\/www.cuballama.com\/noticias\/expelotero-cubano-carlos-tabares-es-operado-de-un-tumor-en-miami\/","name":"Expelotero cubano Carlos Tabares es operado de un tumor en Miami - Cuballama Noticias","isPartOf":{"@id":"https:\/\/www.cuballama.com\/noticias\/#website"},"primaryImageOfPage":{"@id":"https:\/\/www.cuballama.com\/noticias\/expelotero-cubano-carlos-tabares-es-operado-de-un-tumor-en-miami\/#primaryimage"},"image":{"@id":"https:\/\/www.cuballama.com\/noticias\/expelotero-cubano-carlos-tabares-es-operado-de-un-tumor-en-miami\/#primaryimage"},"thumbnailUrl":"https:\/\/cdn1.mediawpaccore.net\/wp-content\/uploads\/2026\/04\/26185145\/680428399_1787922398931143_7508378568919725017_n1.jpg","datePublished":"2026-04-26T23:56:16+00:00","dateModified":"2026-04-27T00:55:41+00:00","description":"El expelotero cubano Carlos Tabares fue operado recientemente en Miami, Florida, de un tumor en los ri\u00f1ones.","breadcrumb":{"@id":"https:\/\/www.cuballama.com\/noticias\/expelotero-cubano-carlos-tabares-es-operado-de-un-tumor-en-miami\/#breadcrumb"},"inLanguage":"es","potentialAction":[{"@type":"ReadAction","target":["https:\/\/www.cuballama.com\/noticias\/expelotero-cubano-carlos-tabares-es-operado-de-un-tumor-en-miami\/"]}]},{"@type":"ImageObject","inLanguage":"es","@id":"https:\/\/www.cuballama.com\/noticias\/expelotero-cubano-carlos-tabares-es-operado-de-un-tumor-en-miami\/#primaryimage","url":"https:\/\/cdn1.mediawpaccore.net\/wp-content\/uploads\/2026\/04\/26185145\/680428399_1787922398931143_7508378568919725017_n1.jpg","contentUrl":"https:\/\/cdn1.mediawpaccore.net\/wp-content\/uploads\/2026\/04\/26185145\/680428399_1787922398931143_7508378568919725017_n1.jpg","width":1200,"height":630,"caption":"Carlos Tabares. Foto: Facebook\/Dporto Sports."},{"@type":"BreadcrumbList","@id":"https:\/\/www.cuballama.com\/noticias\/expelotero-cubano-carlos-tabares-es-operado-de-un-tumor-en-miami\/#breadcrumb","itemListElement":[{"@type":"ListItem","position":1,"name":"Home","item":"https:\/\/www.cuballama.com\/noticias\/"},{"@type":"ListItem","position":2,"name":"Expelotero cubano Carlos Tabares es operado de un tumor en Miami"}]},{"@type":"WebSite","@id":"https:\/\/www.cuballama.com\/noticias\/#website","url":"https:\/\/www.cuballama.com\/noticias\/","name":"Cuballama Noticias","description":"Medio digital sobre Cuba y el mundo","publisher":{"@id":"https:\/\/www.cuballama.com\/noticias\/#organization"},"potentialAction":[{"@type":"SearchAction","target":{"@type":"EntryPoint","urlTemplate":"https:\/\/www.cuballama.com\/noticias\/?s={search_term_string}"},"query-input":{"@type":"PropertyValueSpecification","valueRequired":true,"valueName":"search_term_string"}}],"inLanguage":"es"},{"@type":"Organization","@id":"https:\/\/www.cuballama.com\/noticias\/#organization","name":"Cuballama","url":"https:\/\/www.cuballama.com\/noticias\/","logo":{"@type":"ImageObject","inLanguage":"es","@id":"https:\/\/www.cuballama.com\/noticias\/#\/schema\/logo\/image\/","url":"https:\/\/cdn1.mediawpaccore.net\/wp-content\/uploads\/2021\/12\/28171206\/cbll-logo-color-sm.png","contentUrl":"https:\/\/cdn1.mediawpaccore.net\/wp-content\/uploads\/2021\/12\/28171206\/cbll-logo-color-sm.png","width":600,"height":133,"caption":"Cuballama"},"image":{"@id":"https:\/\/www.cuballama.com\/noticias\/#\/schema\/logo\/image\/"},"sameAs":["https:\/\/www.facebook.com\/CubaLlama","https:\/\/x.com\/cuballama","https:\/\/www.instagram.com\/stories\/cuballama_oficial\/","https:\/\/www.youtube.com\/channel\/UCKkFE-d_axENGZcrc4as0IA"]},{"@type":"Person","@id":"https:\/\/www.cuballama.com\/noticias\/#\/schema\/person\/86cd3e3f4974437f031211213bf892d5","name":"Kathy","url":"https:\/\/www.cuballama.com\/noticias\/author\/kathy\/"}]}},"_links":{"self":[{"href":"https:\/\/www.cuballama.com\/noticias\/wp-json\/wp\/v2\/posts\/242467","targetHints":{"allow":["GET"]}}],"collection":[{"href":"https:\/\/www.cuballama.com\/noticias\/wp-json\/wp\/v2\/posts"}],"about":[{"href":"https:\/\/www.cuballama.com\/noticias\/wp-json\/wp\/v2\/types\/post"}],"author":[{"embeddable":true,"href":"https:\/\/www.cuballama.com\/noticias\/wp-json\/wp\/v2\/users\/30"}],"replies":[{"embeddable":true,"href":"https:\/\/www.cuballama.com\/noticias\/wp-json\/wp\/v2\/comments?post=242467"}],"version-history":[{"count":6,"href":"https:\/\/www.cuballama.com\/noticias\/wp-json\/wp\/v2\/posts\/242467\/revisions"}],"predecessor-version":[{"id":242477,"href":"https:\/\/www.cuballama.com\/noticias\/wp-json\/wp\/v2\/posts\/242467\/revisions\/242477"}],"wp:featuredmedia":[{"embeddable":true,"href":"https:\/\/www.cuballama.com\/noticias\/wp-json\/wp\/v2\/media\/242468"}],"wp:attachment":[{"href":"https:\/\/www.cuballama.com\/noticias\/wp-json\/wp\/v2\/media?parent=242467"}],"wp:term":[{"taxonomy":"category","embeddable":true,"href":"https:\/\/www.cuballama.com\/noticias\/wp-json\/wp\/v2\/categories?post=242467"},{"taxonomy":"post_tag","embeddable":true,"href":"https:\/\/www.cuballama.com\/noticias\/wp-json\/wp\/v2\/tags?post=242467"}],"curies":[{"name":"wp","href":"https:\/\/api.w.org\/{rel}","templated":true}]}}