{"id":242464,"date":"2026-04-26T14:58:38","date_gmt":"2026-04-26T18:58:38","guid":{"rendered":"https:\/\/www.cuballama.com\/noticias\/?p=242464"},"modified":"2026-04-26T14:58:40","modified_gmt":"2026-04-26T18:58:40","slug":"autor-del-tiroteo-en-la-cena-de-corresponsales-de-la-casa-blanca-escribio-un-manifiesto","status":"publish","type":"post","link":"https:\/\/www.cuballama.com\/noticias\/autor-del-tiroteo-en-la-cena-de-corresponsales-de-la-casa-blanca-escribio-un-manifiesto\/","title":{"rendered":"Autor del tiroteo en la Cena de Corresponsales de la Casa Blanca escribi\u00f3 un \u201cmanifiesto\u201d"},"content":{"rendered":"\n<p>Antes de irrumpir armado en la cena de la Asociaci\u00f3n de Corresponsales de la Casa Blanca el s\u00e1bado por la noche, <a href=\"https:\/\/www.cuballama.com\/noticias\/quien-es-cole-tomas-allen-el-profesor-de-california-que-disparo-a-metros-de-trump-en-la-cena-de-corresponsales\/\" target=\"_blank\" rel=\"noreferrer noopener\">Cole Tomas Allen, un profesor de 31 a\u00f1os<\/a>, redact\u00f3 un extenso documento en el que detallaba sus intenciones violentas. En ese texto, que las autoridades han calificado como un \u00abmanifiesto\u00bb, Allen se autodenominaba con un apodo provocador y declaraba abiertamente su prop\u00f3sito de atentar contra miembros de la administraci\u00f3n Trump.<\/p>\n\n\n\n<p>El documento no qued\u00f3 guardado en un disco duro ni oculto en alg\u00fan rinc\u00f3n de internet. Allen lo envi\u00f3 directamente a su familia por correo electr\u00f3nico, lo que sugiere una voluntad deliberada de que sus motivaciones fueran conocidas. <\/p>\n\n\n\n<p>Seg\u00fan informaron medios estadounidenses, en el texto tambi\u00e9n hac\u00eda referencia a la facilidad con la que hab\u00eda logrado desplazarse armado hasta Washington sin ser detectado, lo que a\u00f1ade una dimensi\u00f3n especialmente perturbadora al contenido.<\/p>\n\n\n\n<figure class=\"wp-block-embed is-type-rich is-provider-twitter wp-block-embed-twitter\"><div class=\"wp-block-embed__wrapper\">\n<blockquote class=\"twitter-tweet\" data-width=\"550\" data-dnt=\"true\"><p lang=\"es\" dir=\"ltr\">\ud83d\udea8 El presidente Donald Trump confirma personalmente que el tirador \u201cENFERMO\u201d ten\u00eda un MANIFIESTO completo y planeaba matar a funcionarios de su gobierno. Tambi\u00e9n asisti\u00f3 a la protesta zurda de NO KINGS. El tirador era un comunista puro. Los medios van a querer OCULTAR ESTO: <a href=\"https:\/\/t.co\/hTULN2UXpG\">pic.twitter.com\/hTULN2UXpG<\/a><\/p>&mdash; Eduardo Menoni (@eduardomenoni) <a href=\"https:\/\/twitter.com\/eduardomenoni\/status\/2048449345821798514?ref_src=twsrc%5Etfw\">April 26, 2026<\/a><\/blockquote><script async src=\"https:\/\/platform.twitter.com\/widgets.js\" charset=\"utf-8\"><\/script>\n<\/div><\/figure>\n\n\n\n<p>El presidente Trump anunci\u00f3 que el manifiesto se har\u00eda p\u00fablico, aunque hasta el domingo no se hab\u00eda difundido en su totalidad. Las autoridades federales indicaron que el documento forma parte de las pruebas que se est\u00e1n recopilando para los cargos penales contra el sospechoso.<\/p>\n\n\n\n<h2 class=\"wp-block-heading\">C\u00f3mo lleg\u00f3 el manifiesto a manos de las autoridades<\/h2>\n\n\n\n<p>La cadena de eventos que puso el documento en poder de las fuerzas del orden comenz\u00f3 en Connecticut. El hermano de Allen recibi\u00f3 el correo electr\u00f3nico y, en un primer momento, lo confundi\u00f3 con correo basura. Fue al ver las noticias sobre el tiroteo en Washington cuando conect\u00f3 ambos hechos y decidi\u00f3 acudir a la comisar\u00eda de New London alrededor de las diez y media de la noche del s\u00e1bado.<\/p>\n\n\n\n<p>El subjefe de polic\u00eda de esa localidad confirm\u00f3 que los agentes trasladaron inmediatamente el material al Servicio Secreto y al FBI, aunque no quiso revelar el contenido completo del mensaje ni la hora exacta en que fue enviado. Lo que s\u00ed se\u00f1al\u00f3 es que el familiar actu\u00f3 por iniciativa propia al atar cabos entre lo que hab\u00eda le\u00eddo y lo que estaba ocurriendo en la capital.<\/p>\n\n\n\n<figure class=\"wp-block-embed is-type-rich is-provider-twitter wp-block-embed-twitter\"><div class=\"wp-block-embed__wrapper\">\n<blockquote class=\"twitter-tweet\" data-width=\"550\" data-dnt=\"true\"><p lang=\"es\" dir=\"ltr\">\u26a0\ufe0f\u26a0\ufe0fLos medios estadounidenses han comenzado a divulgar un manifiesto de Cole Allen, el hombre que intent\u00f3 asesinar a Trump ayer.<br><br>Lo ten\u00eda todo pensado:<br><br>\u201cYa que estoy hablando de esto, tambi\u00e9n repasar\u00e9 mis reglas de enfrentamiento previstas (probablemente con un formato\u2026 <a href=\"https:\/\/t.co\/yJX6tkE4M2\">pic.twitter.com\/yJX6tkE4M2<\/a><\/p>&mdash; Mag Jorge Castro\ud83c\udde8\ud83c\uddfa (@MagJorgeCastro) <a href=\"https:\/\/twitter.com\/MagJorgeCastro\/status\/2048445469160808901?ref_src=twsrc%5Etfw\">April 26, 2026<\/a><\/blockquote><script async src=\"https:\/\/platform.twitter.com\/widgets.js\" charset=\"utf-8\"><\/script>\n<\/div><\/figure>\n\n\n\n<p>Este detalle plantea una pregunta inc\u00f3moda: si Allen envi\u00f3 el documento antes de actuar, \u00bfexist\u00eda alguna posibilidad de que una detecci\u00f3n m\u00e1s temprana del mensaje hubiera permitido interceptarlo? Las autoridades no se han pronunciado al respecto, pero el hecho de que el correo pasara inicialmente desapercibido ilustra la dificultad de identificar amenazas reales entre el ruido cotidiano de las bandejas de entrada.<\/p>\n\n\n\n<h2 class=\"wp-block-heading\">El manifiesto como espejo de los fallos de seguridad<\/h2>\n\n\n\n<p>Quiz\u00e1s el aspecto m\u00e1s alarmante del manifiesto no sea la declaraci\u00f3n de intenciones violentas en s\u00ed, sino la descripci\u00f3n que Allen hizo de la seguridad que encontr\u00f3 a su paso. <\/p>\n\n\n\n<p>Seg\u00fan fragmentos difundidos por medios estadounidenses, el atacante escribi\u00f3 que esperaba encontrar c\u00e1maras en cada esquina, detectores de metales por todas partes y agentes armados a pocos metros de distancia. En cambio, seg\u00fan sus propias palabras, no hall\u00f3 pr\u00e1cticamente nada de eso, ni en el transporte, ni en el hotel, ni en el evento.<\/p>\n\n\n\n<p>Esa observaci\u00f3n, hecha por alguien que acababa de recorrer miles de kil\u00f3metros en tren con armas de fuego, convierte el manifiesto en algo m\u00e1s que el documento de un atacante solitario. Lo transforma en un diagn\u00f3stico involuntario de las vulnerabilidades que rodean los actos p\u00fablicos de alto perfil en Estados Unidos, un pa\u00eds donde el acceso a las armas es extraordinariamente sencillo.<\/p>\n\n\n\n<p>El fiscal general interino, Todd Blanche, afirm\u00f3 que a\u00fan se estaba determinando el m\u00f3vil exacto y que no se hab\u00eda encontrado v\u00ednculo con organizaciones pol\u00edticas ni gobiernos extranjeros. <\/p>\n\n\n\n<p>Sin embargo, el contenido del manifiesto ya ha reavivado el debate sobre si la infraestructura de seguridad actual es suficiente para proteger a los m\u00e1ximos dirigentes del pa\u00eds en eventos civiles. Allen comparecer\u00e1 previsiblemente ante un tribunal en los pr\u00f3ximos d\u00edas.<\/p>\n","protected":false},"excerpt":{"rendered":"<p>El atacante de la gala de prensa en Washington envi\u00f3 un manifiesto a su familia detallando su plan y criticando la seguridad del evento<\/p>\n","protected":false},"author":27,"featured_media":242465,"comment_status":"open","ping_status":"closed","sticky":false,"template":"","format":"standard","meta":{"_acf_changed":false,"footnotes":""},"categories":[14208],"tags":[865,32217,700,32215,5619],"class_list":{"0":"post-242464","1":"post","2":"type-post","3":"status-publish","4":"format-standard","5":"has-post-thumbnail","7":"category-destacado-usa","8":"tag-casa-blanca","9":"tag-cole-thomas-allen","10":"tag-donald-trump","11":"tag-tiroteo-en-cena-de-corresponsales-de-la-casa-blanca","12":"tag-tiroteos"},"acf":[],"yoast_head":"<!-- This site is optimized with the Yoast SEO plugin v27.4 - https:\/\/yoast.com\/product\/yoast-seo-wordpress\/ -->\n<title>Autor del tiroteo en la Cena de Corresponsales de la Casa Blanca escribi\u00f3 un \u201cmanifiesto\u201d - Cuballama Noticias<\/title>\n<meta name=\"description\" content=\"Cole Tomas Allen dej\u00f3 un manifiesto antes de atacar la cena de corresponsales en Washington. Esto es lo que se sabe del texto\" \/>\n<meta name=\"robots\" content=\"index, follow, max-snippet:-1, max-image-preview:large, max-video-preview:-1\" \/>\n<link rel=\"canonical\" href=\"https:\/\/www.cuballama.com\/noticias\/autor-del-tiroteo-en-la-cena-de-corresponsales-de-la-casa-blanca-escribio-un-manifiesto\/\" \/>\n<meta property=\"og:locale\" content=\"es_ES\" \/>\n<meta property=\"og:type\" content=\"article\" \/>\n<meta property=\"og:title\" content=\"Autor del tiroteo en la Cena de Corresponsales de la Casa Blanca escribi\u00f3 un \u201cmanifiesto\u201d - Cuballama Noticias\" \/>\n<meta property=\"og:description\" content=\"Cole Tomas Allen dej\u00f3 un manifiesto antes de atacar la cena de corresponsales en Washington. Esto es lo que se sabe del texto\" \/>\n<meta property=\"og:url\" content=\"https:\/\/www.cuballama.com\/noticias\/autor-del-tiroteo-en-la-cena-de-corresponsales-de-la-casa-blanca-escribio-un-manifiesto\/\" \/>\n<meta property=\"og:site_name\" content=\"Cuballama Noticias\" \/>\n<meta property=\"article:publisher\" content=\"https:\/\/www.facebook.com\/CubaLlama\" \/>\n<meta property=\"article:published_time\" content=\"2026-04-26T18:58:38+00:00\" \/>\n<meta property=\"article:modified_time\" content=\"2026-04-26T18:58:40+00:00\" \/>\n<meta property=\"og:image\" content=\"https:\/\/cdn1.mediawpaccore.net\/wp-content\/uploads\/2026\/04\/26145724\/Autor-del-tiroteo-en-la-Cena-de-Corresponsales-de-la-Casa-Blanca-escribio-un-manifiesto.png\" \/>\n\t<meta property=\"og:image:width\" content=\"1270\" \/>\n\t<meta property=\"og:image:height\" content=\"820\" \/>\n\t<meta property=\"og:image:type\" content=\"image\/png\" \/>\n<meta name=\"author\" content=\"Rafa\" \/>\n<meta name=\"twitter:card\" content=\"summary_large_image\" \/>\n<meta name=\"twitter:creator\" content=\"@cuballama\" \/>\n<meta name=\"twitter:site\" content=\"@cuballama\" \/>\n<meta name=\"twitter:label1\" content=\"Escrito por\" \/>\n\t<meta name=\"twitter:data1\" content=\"Rafa\" \/>\n\t<meta name=\"twitter:label2\" content=\"Tiempo de lectura\" \/>\n\t<meta name=\"twitter:data2\" content=\"4 minutos\" \/>\n<script type=\"application\/ld+json\" class=\"yoast-schema-graph\">{\"@context\":\"https:\\\/\\\/schema.org\",\"@graph\":[{\"@type\":\"Article\",\"@id\":\"https:\\\/\\\/www.cuballama.com\\\/noticias\\\/autor-del-tiroteo-en-la-cena-de-corresponsales-de-la-casa-blanca-escribio-un-manifiesto\\\/#article\",\"isPartOf\":{\"@id\":\"https:\\\/\\\/www.cuballama.com\\\/noticias\\\/autor-del-tiroteo-en-la-cena-de-corresponsales-de-la-casa-blanca-escribio-un-manifiesto\\\/\"},\"author\":{\"name\":\"Rafa\",\"@id\":\"https:\\\/\\\/www.cuballama.com\\\/noticias\\\/#\\\/schema\\\/person\\\/0f97914526a658755f00e59ec2a832f2\"},\"headline\":\"Autor del tiroteo en la Cena de Corresponsales de la Casa Blanca escribi\u00f3 un \u201cmanifiesto\u201d\",\"datePublished\":\"2026-04-26T18:58:38+00:00\",\"dateModified\":\"2026-04-26T18:58:40+00:00\",\"mainEntityOfPage\":{\"@id\":\"https:\\\/\\\/www.cuballama.com\\\/noticias\\\/autor-del-tiroteo-en-la-cena-de-corresponsales-de-la-casa-blanca-escribio-un-manifiesto\\\/\"},\"wordCount\":695,\"commentCount\":0,\"publisher\":{\"@id\":\"https:\\\/\\\/www.cuballama.com\\\/noticias\\\/#organization\"},\"image\":{\"@id\":\"https:\\\/\\\/www.cuballama.com\\\/noticias\\\/autor-del-tiroteo-en-la-cena-de-corresponsales-de-la-casa-blanca-escribio-un-manifiesto\\\/#primaryimage\"},\"thumbnailUrl\":\"https:\\\/\\\/cdn1.mediawpaccore.net\\\/wp-content\\\/uploads\\\/2026\\\/04\\\/26145724\\\/Autor-del-tiroteo-en-la-Cena-de-Corresponsales-de-la-Casa-Blanca-escribio-un-manifiesto.png\",\"keywords\":[\"Casa Blanca\",\"Cole Thomas Allen\",\"Donald Trump\",\"Tiroteo en Cena de Corresponsales de la Casa Blanca\",\"Tiroteos\"],\"articleSection\":[\"Destacado USA\"],\"inLanguage\":\"es\",\"potentialAction\":[{\"@type\":\"CommentAction\",\"name\":\"Comment\",\"target\":[\"https:\\\/\\\/www.cuballama.com\\\/noticias\\\/autor-del-tiroteo-en-la-cena-de-corresponsales-de-la-casa-blanca-escribio-un-manifiesto\\\/#respond\"]}]},{\"@type\":\"WebPage\",\"@id\":\"https:\\\/\\\/www.cuballama.com\\\/noticias\\\/autor-del-tiroteo-en-la-cena-de-corresponsales-de-la-casa-blanca-escribio-un-manifiesto\\\/\",\"url\":\"https:\\\/\\\/www.cuballama.com\\\/noticias\\\/autor-del-tiroteo-en-la-cena-de-corresponsales-de-la-casa-blanca-escribio-un-manifiesto\\\/\",\"name\":\"Autor del tiroteo en la Cena de Corresponsales de la Casa Blanca escribi\u00f3 un \u201cmanifiesto\u201d - Cuballama Noticias\",\"isPartOf\":{\"@id\":\"https:\\\/\\\/www.cuballama.com\\\/noticias\\\/#website\"},\"primaryImageOfPage\":{\"@id\":\"https:\\\/\\\/www.cuballama.com\\\/noticias\\\/autor-del-tiroteo-en-la-cena-de-corresponsales-de-la-casa-blanca-escribio-un-manifiesto\\\/#primaryimage\"},\"image\":{\"@id\":\"https:\\\/\\\/www.cuballama.com\\\/noticias\\\/autor-del-tiroteo-en-la-cena-de-corresponsales-de-la-casa-blanca-escribio-un-manifiesto\\\/#primaryimage\"},\"thumbnailUrl\":\"https:\\\/\\\/cdn1.mediawpaccore.net\\\/wp-content\\\/uploads\\\/2026\\\/04\\\/26145724\\\/Autor-del-tiroteo-en-la-Cena-de-Corresponsales-de-la-Casa-Blanca-escribio-un-manifiesto.png\",\"datePublished\":\"2026-04-26T18:58:38+00:00\",\"dateModified\":\"2026-04-26T18:58:40+00:00\",\"description\":\"Cole Tomas Allen dej\u00f3 un manifiesto antes de atacar la cena de corresponsales en Washington. Esto es lo que se sabe del texto\",\"breadcrumb\":{\"@id\":\"https:\\\/\\\/www.cuballama.com\\\/noticias\\\/autor-del-tiroteo-en-la-cena-de-corresponsales-de-la-casa-blanca-escribio-un-manifiesto\\\/#breadcrumb\"},\"inLanguage\":\"es\",\"potentialAction\":[{\"@type\":\"ReadAction\",\"target\":[\"https:\\\/\\\/www.cuballama.com\\\/noticias\\\/autor-del-tiroteo-en-la-cena-de-corresponsales-de-la-casa-blanca-escribio-un-manifiesto\\\/\"]}]},{\"@type\":\"ImageObject\",\"inLanguage\":\"es\",\"@id\":\"https:\\\/\\\/www.cuballama.com\\\/noticias\\\/autor-del-tiroteo-en-la-cena-de-corresponsales-de-la-casa-blanca-escribio-un-manifiesto\\\/#primaryimage\",\"url\":\"https:\\\/\\\/cdn1.mediawpaccore.net\\\/wp-content\\\/uploads\\\/2026\\\/04\\\/26145724\\\/Autor-del-tiroteo-en-la-Cena-de-Corresponsales-de-la-Casa-Blanca-escribio-un-manifiesto.png\",\"contentUrl\":\"https:\\\/\\\/cdn1.mediawpaccore.net\\\/wp-content\\\/uploads\\\/2026\\\/04\\\/26145724\\\/Autor-del-tiroteo-en-la-Cena-de-Corresponsales-de-la-Casa-Blanca-escribio-un-manifiesto.png\",\"width\":1270,\"height\":820,\"caption\":\"Autor del tiroteo en la Cena de Corresponsales de la Casa Blanca escribi\u00f3 un \u201cmanifiesto\u201d (EL PA\u00cdS\\\/ LinkedIn de Cole Thomas Allen)\"},{\"@type\":\"BreadcrumbList\",\"@id\":\"https:\\\/\\\/www.cuballama.com\\\/noticias\\\/autor-del-tiroteo-en-la-cena-de-corresponsales-de-la-casa-blanca-escribio-un-manifiesto\\\/#breadcrumb\",\"itemListElement\":[{\"@type\":\"ListItem\",\"position\":1,\"name\":\"Home\",\"item\":\"https:\\\/\\\/www.cuballama.com\\\/noticias\\\/\"},{\"@type\":\"ListItem\",\"position\":2,\"name\":\"Autor del tiroteo en la Cena de Corresponsales de la Casa Blanca escribi\u00f3 un \u201cmanifiesto\u201d\"}]},{\"@type\":\"WebSite\",\"@id\":\"https:\\\/\\\/www.cuballama.com\\\/noticias\\\/#website\",\"url\":\"https:\\\/\\\/www.cuballama.com\\\/noticias\\\/\",\"name\":\"Cuballama Noticias\",\"description\":\"Medio digital sobre Cuba y el mundo\",\"publisher\":{\"@id\":\"https:\\\/\\\/www.cuballama.com\\\/noticias\\\/#organization\"},\"potentialAction\":[{\"@type\":\"SearchAction\",\"target\":{\"@type\":\"EntryPoint\",\"urlTemplate\":\"https:\\\/\\\/www.cuballama.com\\\/noticias\\\/?s={search_term_string}\"},\"query-input\":{\"@type\":\"PropertyValueSpecification\",\"valueRequired\":true,\"valueName\":\"search_term_string\"}}],\"inLanguage\":\"es\"},{\"@type\":\"Organization\",\"@id\":\"https:\\\/\\\/www.cuballama.com\\\/noticias\\\/#organization\",\"name\":\"Cuballama\",\"url\":\"https:\\\/\\\/www.cuballama.com\\\/noticias\\\/\",\"logo\":{\"@type\":\"ImageObject\",\"inLanguage\":\"es\",\"@id\":\"https:\\\/\\\/www.cuballama.com\\\/noticias\\\/#\\\/schema\\\/logo\\\/image\\\/\",\"url\":\"https:\\\/\\\/cdn1.mediawpaccore.net\\\/wp-content\\\/uploads\\\/2021\\\/12\\\/28171206\\\/cbll-logo-color-sm.png\",\"contentUrl\":\"https:\\\/\\\/cdn1.mediawpaccore.net\\\/wp-content\\\/uploads\\\/2021\\\/12\\\/28171206\\\/cbll-logo-color-sm.png\",\"width\":600,\"height\":133,\"caption\":\"Cuballama\"},\"image\":{\"@id\":\"https:\\\/\\\/www.cuballama.com\\\/noticias\\\/#\\\/schema\\\/logo\\\/image\\\/\"},\"sameAs\":[\"https:\\\/\\\/www.facebook.com\\\/CubaLlama\",\"https:\\\/\\\/x.com\\\/cuballama\",\"https:\\\/\\\/www.instagram.com\\\/stories\\\/cuballama_oficial\\\/\",\"https:\\\/\\\/www.youtube.com\\\/channel\\\/UCKkFE-d_axENGZcrc4as0IA\"]},{\"@type\":\"Person\",\"@id\":\"https:\\\/\\\/www.cuballama.com\\\/noticias\\\/#\\\/schema\\\/person\\\/0f97914526a658755f00e59ec2a832f2\",\"name\":\"Rafa\",\"url\":\"https:\\\/\\\/www.cuballama.com\\\/noticias\\\/author\\\/rafa\\\/\"}]}<\/script>\n<!-- \/ Yoast SEO plugin. -->","yoast_head_json":{"title":"Autor del tiroteo en la Cena de Corresponsales de la Casa Blanca escribi\u00f3 un \u201cmanifiesto\u201d - Cuballama Noticias","description":"Cole Tomas Allen dej\u00f3 un manifiesto antes de atacar la cena de corresponsales en Washington. Esto es lo que se sabe del texto","robots":{"index":"index","follow":"follow","max-snippet":"max-snippet:-1","max-image-preview":"max-image-preview:large","max-video-preview":"max-video-preview:-1"},"canonical":"https:\/\/www.cuballama.com\/noticias\/autor-del-tiroteo-en-la-cena-de-corresponsales-de-la-casa-blanca-escribio-un-manifiesto\/","og_locale":"es_ES","og_type":"article","og_title":"Autor del tiroteo en la Cena de Corresponsales de la Casa Blanca escribi\u00f3 un \u201cmanifiesto\u201d - Cuballama Noticias","og_description":"Cole Tomas Allen dej\u00f3 un manifiesto antes de atacar la cena de corresponsales en Washington. Esto es lo que se sabe del texto","og_url":"https:\/\/www.cuballama.com\/noticias\/autor-del-tiroteo-en-la-cena-de-corresponsales-de-la-casa-blanca-escribio-un-manifiesto\/","og_site_name":"Cuballama Noticias","article_publisher":"https:\/\/www.facebook.com\/CubaLlama","article_published_time":"2026-04-26T18:58:38+00:00","article_modified_time":"2026-04-26T18:58:40+00:00","og_image":[{"width":1270,"height":820,"url":"https:\/\/cdn1.mediawpaccore.net\/wp-content\/uploads\/2026\/04\/26145724\/Autor-del-tiroteo-en-la-Cena-de-Corresponsales-de-la-Casa-Blanca-escribio-un-manifiesto.png","type":"image\/png"}],"author":"Rafa","twitter_card":"summary_large_image","twitter_creator":"@cuballama","twitter_site":"@cuballama","twitter_misc":{"Escrito por":"Rafa","Tiempo de lectura":"4 minutos"},"schema":{"@context":"https:\/\/schema.org","@graph":[{"@type":"Article","@id":"https:\/\/www.cuballama.com\/noticias\/autor-del-tiroteo-en-la-cena-de-corresponsales-de-la-casa-blanca-escribio-un-manifiesto\/#article","isPartOf":{"@id":"https:\/\/www.cuballama.com\/noticias\/autor-del-tiroteo-en-la-cena-de-corresponsales-de-la-casa-blanca-escribio-un-manifiesto\/"},"author":{"name":"Rafa","@id":"https:\/\/www.cuballama.com\/noticias\/#\/schema\/person\/0f97914526a658755f00e59ec2a832f2"},"headline":"Autor del tiroteo en la Cena de Corresponsales de la Casa Blanca escribi\u00f3 un \u201cmanifiesto\u201d","datePublished":"2026-04-26T18:58:38+00:00","dateModified":"2026-04-26T18:58:40+00:00","mainEntityOfPage":{"@id":"https:\/\/www.cuballama.com\/noticias\/autor-del-tiroteo-en-la-cena-de-corresponsales-de-la-casa-blanca-escribio-un-manifiesto\/"},"wordCount":695,"commentCount":0,"publisher":{"@id":"https:\/\/www.cuballama.com\/noticias\/#organization"},"image":{"@id":"https:\/\/www.cuballama.com\/noticias\/autor-del-tiroteo-en-la-cena-de-corresponsales-de-la-casa-blanca-escribio-un-manifiesto\/#primaryimage"},"thumbnailUrl":"https:\/\/cdn1.mediawpaccore.net\/wp-content\/uploads\/2026\/04\/26145724\/Autor-del-tiroteo-en-la-Cena-de-Corresponsales-de-la-Casa-Blanca-escribio-un-manifiesto.png","keywords":["Casa Blanca","Cole Thomas Allen","Donald Trump","Tiroteo en Cena de Corresponsales de la Casa Blanca","Tiroteos"],"articleSection":["Destacado USA"],"inLanguage":"es","potentialAction":[{"@type":"CommentAction","name":"Comment","target":["https:\/\/www.cuballama.com\/noticias\/autor-del-tiroteo-en-la-cena-de-corresponsales-de-la-casa-blanca-escribio-un-manifiesto\/#respond"]}]},{"@type":"WebPage","@id":"https:\/\/www.cuballama.com\/noticias\/autor-del-tiroteo-en-la-cena-de-corresponsales-de-la-casa-blanca-escribio-un-manifiesto\/","url":"https:\/\/www.cuballama.com\/noticias\/autor-del-tiroteo-en-la-cena-de-corresponsales-de-la-casa-blanca-escribio-un-manifiesto\/","name":"Autor del tiroteo en la Cena de Corresponsales de la Casa Blanca escribi\u00f3 un \u201cmanifiesto\u201d - Cuballama Noticias","isPartOf":{"@id":"https:\/\/www.cuballama.com\/noticias\/#website"},"primaryImageOfPage":{"@id":"https:\/\/www.cuballama.com\/noticias\/autor-del-tiroteo-en-la-cena-de-corresponsales-de-la-casa-blanca-escribio-un-manifiesto\/#primaryimage"},"image":{"@id":"https:\/\/www.cuballama.com\/noticias\/autor-del-tiroteo-en-la-cena-de-corresponsales-de-la-casa-blanca-escribio-un-manifiesto\/#primaryimage"},"thumbnailUrl":"https:\/\/cdn1.mediawpaccore.net\/wp-content\/uploads\/2026\/04\/26145724\/Autor-del-tiroteo-en-la-Cena-de-Corresponsales-de-la-Casa-Blanca-escribio-un-manifiesto.png","datePublished":"2026-04-26T18:58:38+00:00","dateModified":"2026-04-26T18:58:40+00:00","description":"Cole Tomas Allen dej\u00f3 un manifiesto antes de atacar la cena de corresponsales en Washington. Esto es lo que se sabe del texto","breadcrumb":{"@id":"https:\/\/www.cuballama.com\/noticias\/autor-del-tiroteo-en-la-cena-de-corresponsales-de-la-casa-blanca-escribio-un-manifiesto\/#breadcrumb"},"inLanguage":"es","potentialAction":[{"@type":"ReadAction","target":["https:\/\/www.cuballama.com\/noticias\/autor-del-tiroteo-en-la-cena-de-corresponsales-de-la-casa-blanca-escribio-un-manifiesto\/"]}]},{"@type":"ImageObject","inLanguage":"es","@id":"https:\/\/www.cuballama.com\/noticias\/autor-del-tiroteo-en-la-cena-de-corresponsales-de-la-casa-blanca-escribio-un-manifiesto\/#primaryimage","url":"https:\/\/cdn1.mediawpaccore.net\/wp-content\/uploads\/2026\/04\/26145724\/Autor-del-tiroteo-en-la-Cena-de-Corresponsales-de-la-Casa-Blanca-escribio-un-manifiesto.png","contentUrl":"https:\/\/cdn1.mediawpaccore.net\/wp-content\/uploads\/2026\/04\/26145724\/Autor-del-tiroteo-en-la-Cena-de-Corresponsales-de-la-Casa-Blanca-escribio-un-manifiesto.png","width":1270,"height":820,"caption":"Autor del tiroteo en la Cena de Corresponsales de la Casa Blanca escribi\u00f3 un \u201cmanifiesto\u201d (EL PA\u00cdS\/ LinkedIn de Cole Thomas Allen)"},{"@type":"BreadcrumbList","@id":"https:\/\/www.cuballama.com\/noticias\/autor-del-tiroteo-en-la-cena-de-corresponsales-de-la-casa-blanca-escribio-un-manifiesto\/#breadcrumb","itemListElement":[{"@type":"ListItem","position":1,"name":"Home","item":"https:\/\/www.cuballama.com\/noticias\/"},{"@type":"ListItem","position":2,"name":"Autor del tiroteo en la Cena de Corresponsales de la Casa Blanca escribi\u00f3 un \u201cmanifiesto\u201d"}]},{"@type":"WebSite","@id":"https:\/\/www.cuballama.com\/noticias\/#website","url":"https:\/\/www.cuballama.com\/noticias\/","name":"Cuballama Noticias","description":"Medio digital sobre Cuba y el mundo","publisher":{"@id":"https:\/\/www.cuballama.com\/noticias\/#organization"},"potentialAction":[{"@type":"SearchAction","target":{"@type":"EntryPoint","urlTemplate":"https:\/\/www.cuballama.com\/noticias\/?s={search_term_string}"},"query-input":{"@type":"PropertyValueSpecification","valueRequired":true,"valueName":"search_term_string"}}],"inLanguage":"es"},{"@type":"Organization","@id":"https:\/\/www.cuballama.com\/noticias\/#organization","name":"Cuballama","url":"https:\/\/www.cuballama.com\/noticias\/","logo":{"@type":"ImageObject","inLanguage":"es","@id":"https:\/\/www.cuballama.com\/noticias\/#\/schema\/logo\/image\/","url":"https:\/\/cdn1.mediawpaccore.net\/wp-content\/uploads\/2021\/12\/28171206\/cbll-logo-color-sm.png","contentUrl":"https:\/\/cdn1.mediawpaccore.net\/wp-content\/uploads\/2021\/12\/28171206\/cbll-logo-color-sm.png","width":600,"height":133,"caption":"Cuballama"},"image":{"@id":"https:\/\/www.cuballama.com\/noticias\/#\/schema\/logo\/image\/"},"sameAs":["https:\/\/www.facebook.com\/CubaLlama","https:\/\/x.com\/cuballama","https:\/\/www.instagram.com\/stories\/cuballama_oficial\/","https:\/\/www.youtube.com\/channel\/UCKkFE-d_axENGZcrc4as0IA"]},{"@type":"Person","@id":"https:\/\/www.cuballama.com\/noticias\/#\/schema\/person\/0f97914526a658755f00e59ec2a832f2","name":"Rafa","url":"https:\/\/www.cuballama.com\/noticias\/author\/rafa\/"}]}},"_links":{"self":[{"href":"https:\/\/www.cuballama.com\/noticias\/wp-json\/wp\/v2\/posts\/242464","targetHints":{"allow":["GET"]}}],"collection":[{"href":"https:\/\/www.cuballama.com\/noticias\/wp-json\/wp\/v2\/posts"}],"about":[{"href":"https:\/\/www.cuballama.com\/noticias\/wp-json\/wp\/v2\/types\/post"}],"author":[{"embeddable":true,"href":"https:\/\/www.cuballama.com\/noticias\/wp-json\/wp\/v2\/users\/27"}],"replies":[{"embeddable":true,"href":"https:\/\/www.cuballama.com\/noticias\/wp-json\/wp\/v2\/comments?post=242464"}],"version-history":[{"count":1,"href":"https:\/\/www.cuballama.com\/noticias\/wp-json\/wp\/v2\/posts\/242464\/revisions"}],"predecessor-version":[{"id":242466,"href":"https:\/\/www.cuballama.com\/noticias\/wp-json\/wp\/v2\/posts\/242464\/revisions\/242466"}],"wp:featuredmedia":[{"embeddable":true,"href":"https:\/\/www.cuballama.com\/noticias\/wp-json\/wp\/v2\/media\/242465"}],"wp:attachment":[{"href":"https:\/\/www.cuballama.com\/noticias\/wp-json\/wp\/v2\/media?parent=242464"}],"wp:term":[{"taxonomy":"category","embeddable":true,"href":"https:\/\/www.cuballama.com\/noticias\/wp-json\/wp\/v2\/categories?post=242464"},{"taxonomy":"post_tag","embeddable":true,"href":"https:\/\/www.cuballama.com\/noticias\/wp-json\/wp\/v2\/tags?post=242464"}],"curies":[{"name":"wp","href":"https:\/\/api.w.org\/{rel}","templated":true}]}}