{"id":242453,"date":"2026-04-26T07:52:51","date_gmt":"2026-04-26T11:52:51","guid":{"rendered":"https:\/\/www.cuballama.com\/noticias\/?p=242453"},"modified":"2026-04-26T07:53:32","modified_gmt":"2026-04-26T11:53:32","slug":"quien-es-cole-tomas-allen-el-profesor-de-california-que-disparo-a-metros-de-trump-en-la-cena-de-corresponsales","status":"publish","type":"post","link":"https:\/\/www.cuballama.com\/noticias\/quien-es-cole-tomas-allen-el-profesor-de-california-que-disparo-a-metros-de-trump-en-la-cena-de-corresponsales\/","title":{"rendered":"\u00bfQui\u00e9n es Cole Tomas Allen, el profesor de California que dispar\u00f3 a metros de Trump en la Cena de Corresponsales?"},"content":{"rendered":"\n<p>La noche del s\u00e1bado 26 de abril de 2026 quedar\u00e1 marcada en la memoria de Washington D.C. Un hombre armado con una escopeta abri\u00f3 fuego en las inmediaciones del Hotel Washington Hilton, justo donde se celebraba la tradicional Cena de Corresponsales de la Casa Blanca. Al evento asist\u00edan el presidente Donald Trump, la primera dama Melania Trump, el vicepresidente JD Vance y numerosos miembros del gabinete, adem\u00e1s de cientos de periodistas, celebridades y funcionarios.<\/p>\n\n\n\n<p>Seg\u00fan reportes recientes de las agencias AP y Reuters, un agente del Servicio Secreto recibi\u00f3 un disparo, pero su chaleco antibalas le salv\u00f3 la vida. Trump confirm\u00f3 posteriormente que habl\u00f3 con el agente herido y que se espera su recuperaci\u00f3n completa. El presunto atacante fue reducido y se encuentra bajo arresto.<\/p>\n\n\n\n<h2 class=\"wp-block-heading\">Cole Tomas Allen: un profesor y desarrollador de videojuegos de California<\/h2>\n\n\n\n<p>Las autoridades identificaron al detenido como Cole Tomas Allen, un hombre de aproximadamente 31 a\u00f1os residente en Torrance, California, una ciudad costera ubicada en la zona de South Bay, cerca de Los \u00c1ngeles. Su perfil p\u00fablico revela una trayectoria acad\u00e9mica y profesional que pocos asociar\u00edan con un acto de violencia de esta magnitud.<\/p>\n\n\n\n<figure class=\"wp-block-embed is-type-rich is-provider-twitter wp-block-embed-twitter\"><div class=\"wp-block-embed__wrapper\">\n<blockquote class=\"twitter-tweet\" data-width=\"550\" data-dnt=\"true\"><p lang=\"en\" dir=\"ltr\">President Trump and Vice President JD Vance were rushed off the stage after shots were fired at the White House Correspondents\u2019 Dinner.<a href=\"https:\/\/twitter.com\/hashtag\/news?src=hash&amp;ref_src=twsrc%5Etfw\">#news<\/a> <a href=\"https:\/\/t.co\/YQuG8gzTMf\">pic.twitter.com\/YQuG8gzTMf<\/a><\/p>&mdash; MS NOW (@MSNOWNews) <a href=\"https:\/\/twitter.com\/MSNOWNews\/status\/2048232916291829845?ref_src=twsrc%5Etfw\">April 26, 2026<\/a><\/blockquote><script async src=\"https:\/\/platform.twitter.com\/widgets.js\" charset=\"utf-8\"><\/script>\n<\/div><\/figure>\n\n\n\n<p>Seg\u00fan su cuenta de LinkedIn, Allen se describe como ingeniero mec\u00e1nico e inform\u00e1tico de formaci\u00f3n, desarrollador independiente de videojuegos y docente vocacional. Obtuvo su licenciatura en ingenier\u00eda mec\u00e1nica en el Instituto Tecnol\u00f3gico de California (Caltech) en 2017, dato que la propia universidad confirm\u00f3 a Reuters. Adem\u00e1s, complet\u00f3 una maestr\u00eda en inform\u00e1tica en la Universidad Estatal de California en Dominguez Hills en 2025.<\/p>\n\n\n\n<p>En los \u00faltimos a\u00f1os, Allen trabaj\u00f3 como profesor a tiempo parcial para C2 Education, un servicio nacional de tutor\u00edas y preparaci\u00f3n para ex\u00e1menes universitarios. Publicaciones en Facebook vinculadas a su nombre muestran que en diciembre de 2024 fue reconocido como \u00abProfesor del Mes\u00bb en la sede de Torrance de dicha empresa. <\/p>\n\n\n\n<figure class=\"wp-block-embed is-type-rich is-provider-twitter wp-block-embed-twitter\"><div class=\"wp-block-embed__wrapper\">\n<blockquote class=\"twitter-tweet\" data-width=\"550\" data-dnt=\"true\"><p lang=\"en\" dir=\"ltr\">\u201cShots fired,\u201d screamed the Secret Service agents.<br><br>President Trump and Cabinet members were escorted out of the main ballroom by the Secret Service and the U.S. Marshals. <a href=\"https:\/\/t.co\/s1ikd8tun8\">pic.twitter.com\/s1ikd8tun8<\/a><\/p>&mdash; The Washington Times (@WashTimes) <a href=\"https:\/\/twitter.com\/WashTimes\/status\/2048206322768736392?ref_src=twsrc%5Etfw\">April 26, 2026<\/a><\/blockquote><script async src=\"https:\/\/platform.twitter.com\/widgets.js\" charset=\"utf-8\"><\/script>\n<\/div><\/figure>\n\n\n\n<p>Antes de dedicarse a la ense\u00f1anza, ocup\u00f3 un puesto de ingeniero mec\u00e1nico en IJK Controls, en South Pasadena, y fue asistente docente en Caltech. Su perfil de LinkedIn tambi\u00e9n destaca un logro en una competencia de rob\u00f3tica que su equipo gan\u00f3 en Caltech en 2016.<\/p>\n\n\n\n<p>En la secci\u00f3n de causas e intereses de sus redes sociales, \u00fanicamente figuraba un tema: \u00abCiencia y Tecnolog\u00eda\u00bb.<\/p>\n\n\n\n<h2 class=\"wp-block-heading\">Investigaci\u00f3n en curso: \u00bfcu\u00e1l fue el m\u00f3vil del ataque?<\/h2>\n\n\n\n<p>El jefe de la polic\u00eda del Distrito de Columbia se\u00f1al\u00f3 que los investigadores creen que Allen se hospedaba en el propio Hotel Washington Hilton, donde se llevaba a cabo la cena anual. Sin embargo, las autoridades todav\u00eda no han determinado el m\u00f3vil que lo llev\u00f3 a abrir fuego contra un punto de control de seguridad a las afueras del sal\u00f3n de baile.<\/p>\n\n\n\n<figure class=\"wp-block-embed is-type-rich is-provider-twitter wp-block-embed-twitter\"><div class=\"wp-block-embed__wrapper\">\n<blockquote class=\"twitter-tweet\" data-width=\"550\" data-dnt=\"true\"><p lang=\"en\" dir=\"ltr\">\ud83d\udea8\ud83c\uddfa\ud83c\uddf8BREAKING:<br><br>The suspect in the White House Correspondents&#39; Dinner shooting has been identified as 31-year-old Cole Tomas Allen from Torrance, California.<br><br>He graduated from Cal Tech with an engineering degree in 2017 and earned a master&#39;s in computer science in 2025.<br><br>Allen is\u2026 <a href=\"https:\/\/t.co\/oUtw2nrXNp\">https:\/\/t.co\/oUtw2nrXNp<\/a> <a href=\"https:\/\/t.co\/nESQSE1HYJ\">pic.twitter.com\/nESQSE1HYJ<\/a><\/p>&mdash; Mario Nawfal (@MarioNawfal) <a href=\"https:\/\/twitter.com\/MarioNawfal\/status\/2048234432088133643?ref_src=twsrc%5Etfw\">April 26, 2026<\/a><\/blockquote><script async src=\"https:\/\/platform.twitter.com\/widgets.js\" charset=\"utf-8\"><\/script>\n<\/div><\/figure>\n\n\n\n<p>El hecho de que el sospechoso portara varias armas y se encontrara en el mismo hotel del evento plantea interrogantes sobre la planificaci\u00f3n del ataque y sobre posibles fallas en los protocolos de seguridad, aspectos que sin duda ser\u00e1n objeto de revisi\u00f3n exhaustiva en los pr\u00f3ximos d\u00edas.<\/p>\n\n\n\n<h2 class=\"wp-block-heading\">Trump reaviva la propuesta de un sal\u00f3n de baile seguro en la Casa Blanca<\/h2>\n\n\n\n<p>El incidente ha reavivado un debate que el propio presidente Trump ya hab\u00eda puesto sobre la mesa: la construcci\u00f3n de un sal\u00f3n de baile con medidas de seguridad reforzadas dentro de la Casa Blanca. Seg\u00fan el mandatario, un espacio de estas caracter\u00edsticas permitir\u00eda celebrar eventos de alto perfil sin depender de hoteles externos, reduciendo as\u00ed la exposici\u00f3n a amenazas como la ocurrida el s\u00e1bado.<\/p>\n\n\n\n<p>La propuesta, que en su momento gener\u00f3 opiniones divididas, cobra ahora mayor relevancia. Sus defensores argumentan que centralizar los grandes eventos oficiales en un recinto con infraestructura de seguridad presidencial minimizar\u00eda riesgos. Sus cr\u00edticos, en cambio, cuestionan el costo y la viabilidad de semejante proyecto.<\/p>\n\n\n\n<p>Lo que resulta innegable es que el tiroteo del s\u00e1bado expuso una vulnerabilidad real. Mientras la investigaci\u00f3n avanza y se buscan respuestas sobre las motivaciones de Allen, el debate sobre c\u00f3mo proteger los eventos de m\u00e1ximo nivel en la capital estadounidense apenas comienza.<\/p>\n","protected":false},"excerpt":{"rendered":"<p>Cole Tomas Allen fue arrestado tras disparar contra un agente del Servicio Secreto en el Hotel Washington Hilton durante la cena anual de corresponsales<\/p>\n","protected":false},"author":27,"featured_media":242454,"comment_status":"open","ping_status":"closed","sticky":false,"template":"","format":"standard","meta":{"_acf_changed":false,"footnotes":""},"categories":[14208,953],"tags":[865,700,14188,11017,32215,5619],"class_list":{"0":"post-242453","1":"post","2":"type-post","3":"status-publish","4":"format-standard","5":"has-post-thumbnail","7":"category-destacado-usa","8":"category-usa","9":"tag-casa-blanca","10":"tag-donald-trump","11":"tag-superdestacada","12":"tag-superdestacado","13":"tag-tiroteo-en-cena-de-corresponsales-de-la-casa-blanca","14":"tag-tiroteos"},"acf":[],"yoast_head":"<!-- This site is optimized with the Yoast SEO plugin v27.4 - https:\/\/yoast.com\/product\/yoast-seo-wordpress\/ -->\n<title>\u00bfQui\u00e9n es Cole Tomas Allen, el profesor de California que dispar\u00f3 a metros de Trump en la Cena de Corresponsales? - Cuballama Noticias<\/title>\n<meta name=\"description\" content=\"Un hombre abri\u00f3 fuego en la Cena de Corresponsales con Trump presente. Conoce qui\u00e9n es el sospechoso y qu\u00e9 se sabe del caso\" \/>\n<meta name=\"robots\" content=\"index, follow, max-snippet:-1, max-image-preview:large, max-video-preview:-1\" \/>\n<link rel=\"canonical\" href=\"https:\/\/www.cuballama.com\/noticias\/quien-es-cole-tomas-allen-el-profesor-de-california-que-disparo-a-metros-de-trump-en-la-cena-de-corresponsales\/\" \/>\n<meta property=\"og:locale\" content=\"es_ES\" \/>\n<meta property=\"og:type\" content=\"article\" \/>\n<meta property=\"og:title\" content=\"\u00bfQui\u00e9n es Cole Tomas Allen, el profesor de California que dispar\u00f3 a metros de Trump en la Cena de Corresponsales? - Cuballama Noticias\" \/>\n<meta property=\"og:description\" content=\"Un hombre abri\u00f3 fuego en la Cena de Corresponsales con Trump presente. Conoce qui\u00e9n es el sospechoso y qu\u00e9 se sabe del caso\" \/>\n<meta property=\"og:url\" content=\"https:\/\/www.cuballama.com\/noticias\/quien-es-cole-tomas-allen-el-profesor-de-california-que-disparo-a-metros-de-trump-en-la-cena-de-corresponsales\/\" \/>\n<meta property=\"og:site_name\" content=\"Cuballama Noticias\" \/>\n<meta property=\"article:publisher\" content=\"https:\/\/www.facebook.com\/CubaLlama\" \/>\n<meta property=\"article:published_time\" content=\"2026-04-26T11:52:51+00:00\" \/>\n<meta property=\"article:modified_time\" content=\"2026-04-26T11:53:32+00:00\" \/>\n<meta property=\"og:image\" content=\"https:\/\/cdn1.mediawpaccore.net\/wp-content\/uploads\/2026\/04\/26075204\/Cole-Tomas-Allen-sospechoso-del-tiroteo-en-la-cena-de-corresponsables-de-la-casa-blanca.jpeg\" \/>\n\t<meta property=\"og:image:width\" content=\"1200\" \/>\n\t<meta property=\"og:image:height\" content=\"675\" \/>\n\t<meta property=\"og:image:type\" content=\"image\/jpeg\" \/>\n<meta name=\"author\" content=\"Rafa\" \/>\n<meta name=\"twitter:card\" content=\"summary_large_image\" \/>\n<meta name=\"twitter:creator\" content=\"@cuballama\" \/>\n<meta name=\"twitter:site\" content=\"@cuballama\" \/>\n<meta name=\"twitter:label1\" content=\"Escrito por\" \/>\n\t<meta name=\"twitter:data1\" content=\"Rafa\" \/>\n\t<meta name=\"twitter:label2\" content=\"Tiempo de lectura\" \/>\n\t<meta name=\"twitter:data2\" content=\"4 minutos\" \/>\n<script type=\"application\/ld+json\" class=\"yoast-schema-graph\">{\"@context\":\"https:\\\/\\\/schema.org\",\"@graph\":[{\"@type\":\"Article\",\"@id\":\"https:\\\/\\\/www.cuballama.com\\\/noticias\\\/quien-es-cole-tomas-allen-el-profesor-de-california-que-disparo-a-metros-de-trump-en-la-cena-de-corresponsales\\\/#article\",\"isPartOf\":{\"@id\":\"https:\\\/\\\/www.cuballama.com\\\/noticias\\\/quien-es-cole-tomas-allen-el-profesor-de-california-que-disparo-a-metros-de-trump-en-la-cena-de-corresponsales\\\/\"},\"author\":{\"name\":\"Rafa\",\"@id\":\"https:\\\/\\\/www.cuballama.com\\\/noticias\\\/#\\\/schema\\\/person\\\/0f97914526a658755f00e59ec2a832f2\"},\"headline\":\"\u00bfQui\u00e9n es Cole Tomas Allen, el profesor de California que dispar\u00f3 a metros de Trump en la Cena de Corresponsales?\",\"datePublished\":\"2026-04-26T11:52:51+00:00\",\"dateModified\":\"2026-04-26T11:53:32+00:00\",\"mainEntityOfPage\":{\"@id\":\"https:\\\/\\\/www.cuballama.com\\\/noticias\\\/quien-es-cole-tomas-allen-el-profesor-de-california-que-disparo-a-metros-de-trump-en-la-cena-de-corresponsales\\\/\"},\"wordCount\":736,\"commentCount\":0,\"publisher\":{\"@id\":\"https:\\\/\\\/www.cuballama.com\\\/noticias\\\/#organization\"},\"image\":{\"@id\":\"https:\\\/\\\/www.cuballama.com\\\/noticias\\\/quien-es-cole-tomas-allen-el-profesor-de-california-que-disparo-a-metros-de-trump-en-la-cena-de-corresponsales\\\/#primaryimage\"},\"thumbnailUrl\":\"https:\\\/\\\/cdn1.mediawpaccore.net\\\/wp-content\\\/uploads\\\/2026\\\/04\\\/26075204\\\/Cole-Tomas-Allen-sospechoso-del-tiroteo-en-la-cena-de-corresponsables-de-la-casa-blanca.jpeg\",\"keywords\":[\"Casa Blanca\",\"Donald Trump\",\"superdestacada\",\"superdestacado\",\"Tiroteo en Cena de Corresponsales de la Casa Blanca\",\"Tiroteos\"],\"articleSection\":[\"Destacado USA\",\"USA\"],\"inLanguage\":\"es\",\"potentialAction\":[{\"@type\":\"CommentAction\",\"name\":\"Comment\",\"target\":[\"https:\\\/\\\/www.cuballama.com\\\/noticias\\\/quien-es-cole-tomas-allen-el-profesor-de-california-que-disparo-a-metros-de-trump-en-la-cena-de-corresponsales\\\/#respond\"]}]},{\"@type\":\"WebPage\",\"@id\":\"https:\\\/\\\/www.cuballama.com\\\/noticias\\\/quien-es-cole-tomas-allen-el-profesor-de-california-que-disparo-a-metros-de-trump-en-la-cena-de-corresponsales\\\/\",\"url\":\"https:\\\/\\\/www.cuballama.com\\\/noticias\\\/quien-es-cole-tomas-allen-el-profesor-de-california-que-disparo-a-metros-de-trump-en-la-cena-de-corresponsales\\\/\",\"name\":\"\u00bfQui\u00e9n es Cole Tomas Allen, el profesor de California que dispar\u00f3 a metros de Trump en la Cena de Corresponsales? - Cuballama Noticias\",\"isPartOf\":{\"@id\":\"https:\\\/\\\/www.cuballama.com\\\/noticias\\\/#website\"},\"primaryImageOfPage\":{\"@id\":\"https:\\\/\\\/www.cuballama.com\\\/noticias\\\/quien-es-cole-tomas-allen-el-profesor-de-california-que-disparo-a-metros-de-trump-en-la-cena-de-corresponsales\\\/#primaryimage\"},\"image\":{\"@id\":\"https:\\\/\\\/www.cuballama.com\\\/noticias\\\/quien-es-cole-tomas-allen-el-profesor-de-california-que-disparo-a-metros-de-trump-en-la-cena-de-corresponsales\\\/#primaryimage\"},\"thumbnailUrl\":\"https:\\\/\\\/cdn1.mediawpaccore.net\\\/wp-content\\\/uploads\\\/2026\\\/04\\\/26075204\\\/Cole-Tomas-Allen-sospechoso-del-tiroteo-en-la-cena-de-corresponsables-de-la-casa-blanca.jpeg\",\"datePublished\":\"2026-04-26T11:52:51+00:00\",\"dateModified\":\"2026-04-26T11:53:32+00:00\",\"description\":\"Un hombre abri\u00f3 fuego en la Cena de Corresponsales con Trump presente. Conoce qui\u00e9n es el sospechoso y qu\u00e9 se sabe del caso\",\"breadcrumb\":{\"@id\":\"https:\\\/\\\/www.cuballama.com\\\/noticias\\\/quien-es-cole-tomas-allen-el-profesor-de-california-que-disparo-a-metros-de-trump-en-la-cena-de-corresponsales\\\/#breadcrumb\"},\"inLanguage\":\"es\",\"potentialAction\":[{\"@type\":\"ReadAction\",\"target\":[\"https:\\\/\\\/www.cuballama.com\\\/noticias\\\/quien-es-cole-tomas-allen-el-profesor-de-california-que-disparo-a-metros-de-trump-en-la-cena-de-corresponsales\\\/\"]}]},{\"@type\":\"ImageObject\",\"inLanguage\":\"es\",\"@id\":\"https:\\\/\\\/www.cuballama.com\\\/noticias\\\/quien-es-cole-tomas-allen-el-profesor-de-california-que-disparo-a-metros-de-trump-en-la-cena-de-corresponsales\\\/#primaryimage\",\"url\":\"https:\\\/\\\/cdn1.mediawpaccore.net\\\/wp-content\\\/uploads\\\/2026\\\/04\\\/26075204\\\/Cole-Tomas-Allen-sospechoso-del-tiroteo-en-la-cena-de-corresponsables-de-la-casa-blanca.jpeg\",\"contentUrl\":\"https:\\\/\\\/cdn1.mediawpaccore.net\\\/wp-content\\\/uploads\\\/2026\\\/04\\\/26075204\\\/Cole-Tomas-Allen-sospechoso-del-tiroteo-en-la-cena-de-corresponsables-de-la-casa-blanca.jpeg\",\"width\":1200,\"height\":675,\"caption\":\"\u00bfQui\u00e9n es Cole Tomas Allen, el profesor de California que dispar\u00f3 a metros de Trump en la Cena de Corresponsales? Foto: @therealdonaldtrump \\\/ Truth Social\"},{\"@type\":\"BreadcrumbList\",\"@id\":\"https:\\\/\\\/www.cuballama.com\\\/noticias\\\/quien-es-cole-tomas-allen-el-profesor-de-california-que-disparo-a-metros-de-trump-en-la-cena-de-corresponsales\\\/#breadcrumb\",\"itemListElement\":[{\"@type\":\"ListItem\",\"position\":1,\"name\":\"Home\",\"item\":\"https:\\\/\\\/www.cuballama.com\\\/noticias\\\/\"},{\"@type\":\"ListItem\",\"position\":2,\"name\":\"\u00bfQui\u00e9n es Cole Tomas Allen, el profesor de California que dispar\u00f3 a metros de Trump en la Cena de Corresponsales?\"}]},{\"@type\":\"WebSite\",\"@id\":\"https:\\\/\\\/www.cuballama.com\\\/noticias\\\/#website\",\"url\":\"https:\\\/\\\/www.cuballama.com\\\/noticias\\\/\",\"name\":\"Cuballama Noticias\",\"description\":\"Medio digital sobre Cuba y el mundo\",\"publisher\":{\"@id\":\"https:\\\/\\\/www.cuballama.com\\\/noticias\\\/#organization\"},\"potentialAction\":[{\"@type\":\"SearchAction\",\"target\":{\"@type\":\"EntryPoint\",\"urlTemplate\":\"https:\\\/\\\/www.cuballama.com\\\/noticias\\\/?s={search_term_string}\"},\"query-input\":{\"@type\":\"PropertyValueSpecification\",\"valueRequired\":true,\"valueName\":\"search_term_string\"}}],\"inLanguage\":\"es\"},{\"@type\":\"Organization\",\"@id\":\"https:\\\/\\\/www.cuballama.com\\\/noticias\\\/#organization\",\"name\":\"Cuballama\",\"url\":\"https:\\\/\\\/www.cuballama.com\\\/noticias\\\/\",\"logo\":{\"@type\":\"ImageObject\",\"inLanguage\":\"es\",\"@id\":\"https:\\\/\\\/www.cuballama.com\\\/noticias\\\/#\\\/schema\\\/logo\\\/image\\\/\",\"url\":\"https:\\\/\\\/cdn1.mediawpaccore.net\\\/wp-content\\\/uploads\\\/2021\\\/12\\\/28171206\\\/cbll-logo-color-sm.png\",\"contentUrl\":\"https:\\\/\\\/cdn1.mediawpaccore.net\\\/wp-content\\\/uploads\\\/2021\\\/12\\\/28171206\\\/cbll-logo-color-sm.png\",\"width\":600,\"height\":133,\"caption\":\"Cuballama\"},\"image\":{\"@id\":\"https:\\\/\\\/www.cuballama.com\\\/noticias\\\/#\\\/schema\\\/logo\\\/image\\\/\"},\"sameAs\":[\"https:\\\/\\\/www.facebook.com\\\/CubaLlama\",\"https:\\\/\\\/x.com\\\/cuballama\",\"https:\\\/\\\/www.instagram.com\\\/stories\\\/cuballama_oficial\\\/\",\"https:\\\/\\\/www.youtube.com\\\/channel\\\/UCKkFE-d_axENGZcrc4as0IA\"]},{\"@type\":\"Person\",\"@id\":\"https:\\\/\\\/www.cuballama.com\\\/noticias\\\/#\\\/schema\\\/person\\\/0f97914526a658755f00e59ec2a832f2\",\"name\":\"Rafa\",\"url\":\"https:\\\/\\\/www.cuballama.com\\\/noticias\\\/author\\\/rafa\\\/\"}]}<\/script>\n<!-- \/ Yoast SEO plugin. -->","yoast_head_json":{"title":"\u00bfQui\u00e9n es Cole Tomas Allen, el profesor de California que dispar\u00f3 a metros de Trump en la Cena de Corresponsales? - Cuballama Noticias","description":"Un hombre abri\u00f3 fuego en la Cena de Corresponsales con Trump presente. Conoce qui\u00e9n es el sospechoso y qu\u00e9 se sabe del caso","robots":{"index":"index","follow":"follow","max-snippet":"max-snippet:-1","max-image-preview":"max-image-preview:large","max-video-preview":"max-video-preview:-1"},"canonical":"https:\/\/www.cuballama.com\/noticias\/quien-es-cole-tomas-allen-el-profesor-de-california-que-disparo-a-metros-de-trump-en-la-cena-de-corresponsales\/","og_locale":"es_ES","og_type":"article","og_title":"\u00bfQui\u00e9n es Cole Tomas Allen, el profesor de California que dispar\u00f3 a metros de Trump en la Cena de Corresponsales? - Cuballama Noticias","og_description":"Un hombre abri\u00f3 fuego en la Cena de Corresponsales con Trump presente. Conoce qui\u00e9n es el sospechoso y qu\u00e9 se sabe del caso","og_url":"https:\/\/www.cuballama.com\/noticias\/quien-es-cole-tomas-allen-el-profesor-de-california-que-disparo-a-metros-de-trump-en-la-cena-de-corresponsales\/","og_site_name":"Cuballama Noticias","article_publisher":"https:\/\/www.facebook.com\/CubaLlama","article_published_time":"2026-04-26T11:52:51+00:00","article_modified_time":"2026-04-26T11:53:32+00:00","og_image":[{"width":1200,"height":675,"url":"https:\/\/cdn1.mediawpaccore.net\/wp-content\/uploads\/2026\/04\/26075204\/Cole-Tomas-Allen-sospechoso-del-tiroteo-en-la-cena-de-corresponsables-de-la-casa-blanca.jpeg","type":"image\/jpeg"}],"author":"Rafa","twitter_card":"summary_large_image","twitter_creator":"@cuballama","twitter_site":"@cuballama","twitter_misc":{"Escrito por":"Rafa","Tiempo de lectura":"4 minutos"},"schema":{"@context":"https:\/\/schema.org","@graph":[{"@type":"Article","@id":"https:\/\/www.cuballama.com\/noticias\/quien-es-cole-tomas-allen-el-profesor-de-california-que-disparo-a-metros-de-trump-en-la-cena-de-corresponsales\/#article","isPartOf":{"@id":"https:\/\/www.cuballama.com\/noticias\/quien-es-cole-tomas-allen-el-profesor-de-california-que-disparo-a-metros-de-trump-en-la-cena-de-corresponsales\/"},"author":{"name":"Rafa","@id":"https:\/\/www.cuballama.com\/noticias\/#\/schema\/person\/0f97914526a658755f00e59ec2a832f2"},"headline":"\u00bfQui\u00e9n es Cole Tomas Allen, el profesor de California que dispar\u00f3 a metros de Trump en la Cena de Corresponsales?","datePublished":"2026-04-26T11:52:51+00:00","dateModified":"2026-04-26T11:53:32+00:00","mainEntityOfPage":{"@id":"https:\/\/www.cuballama.com\/noticias\/quien-es-cole-tomas-allen-el-profesor-de-california-que-disparo-a-metros-de-trump-en-la-cena-de-corresponsales\/"},"wordCount":736,"commentCount":0,"publisher":{"@id":"https:\/\/www.cuballama.com\/noticias\/#organization"},"image":{"@id":"https:\/\/www.cuballama.com\/noticias\/quien-es-cole-tomas-allen-el-profesor-de-california-que-disparo-a-metros-de-trump-en-la-cena-de-corresponsales\/#primaryimage"},"thumbnailUrl":"https:\/\/cdn1.mediawpaccore.net\/wp-content\/uploads\/2026\/04\/26075204\/Cole-Tomas-Allen-sospechoso-del-tiroteo-en-la-cena-de-corresponsables-de-la-casa-blanca.jpeg","keywords":["Casa Blanca","Donald Trump","superdestacada","superdestacado","Tiroteo en Cena de Corresponsales de la Casa Blanca","Tiroteos"],"articleSection":["Destacado USA","USA"],"inLanguage":"es","potentialAction":[{"@type":"CommentAction","name":"Comment","target":["https:\/\/www.cuballama.com\/noticias\/quien-es-cole-tomas-allen-el-profesor-de-california-que-disparo-a-metros-de-trump-en-la-cena-de-corresponsales\/#respond"]}]},{"@type":"WebPage","@id":"https:\/\/www.cuballama.com\/noticias\/quien-es-cole-tomas-allen-el-profesor-de-california-que-disparo-a-metros-de-trump-en-la-cena-de-corresponsales\/","url":"https:\/\/www.cuballama.com\/noticias\/quien-es-cole-tomas-allen-el-profesor-de-california-que-disparo-a-metros-de-trump-en-la-cena-de-corresponsales\/","name":"\u00bfQui\u00e9n es Cole Tomas Allen, el profesor de California que dispar\u00f3 a metros de Trump en la Cena de Corresponsales? - Cuballama Noticias","isPartOf":{"@id":"https:\/\/www.cuballama.com\/noticias\/#website"},"primaryImageOfPage":{"@id":"https:\/\/www.cuballama.com\/noticias\/quien-es-cole-tomas-allen-el-profesor-de-california-que-disparo-a-metros-de-trump-en-la-cena-de-corresponsales\/#primaryimage"},"image":{"@id":"https:\/\/www.cuballama.com\/noticias\/quien-es-cole-tomas-allen-el-profesor-de-california-que-disparo-a-metros-de-trump-en-la-cena-de-corresponsales\/#primaryimage"},"thumbnailUrl":"https:\/\/cdn1.mediawpaccore.net\/wp-content\/uploads\/2026\/04\/26075204\/Cole-Tomas-Allen-sospechoso-del-tiroteo-en-la-cena-de-corresponsables-de-la-casa-blanca.jpeg","datePublished":"2026-04-26T11:52:51+00:00","dateModified":"2026-04-26T11:53:32+00:00","description":"Un hombre abri\u00f3 fuego en la Cena de Corresponsales con Trump presente. Conoce qui\u00e9n es el sospechoso y qu\u00e9 se sabe del caso","breadcrumb":{"@id":"https:\/\/www.cuballama.com\/noticias\/quien-es-cole-tomas-allen-el-profesor-de-california-que-disparo-a-metros-de-trump-en-la-cena-de-corresponsales\/#breadcrumb"},"inLanguage":"es","potentialAction":[{"@type":"ReadAction","target":["https:\/\/www.cuballama.com\/noticias\/quien-es-cole-tomas-allen-el-profesor-de-california-que-disparo-a-metros-de-trump-en-la-cena-de-corresponsales\/"]}]},{"@type":"ImageObject","inLanguage":"es","@id":"https:\/\/www.cuballama.com\/noticias\/quien-es-cole-tomas-allen-el-profesor-de-california-que-disparo-a-metros-de-trump-en-la-cena-de-corresponsales\/#primaryimage","url":"https:\/\/cdn1.mediawpaccore.net\/wp-content\/uploads\/2026\/04\/26075204\/Cole-Tomas-Allen-sospechoso-del-tiroteo-en-la-cena-de-corresponsables-de-la-casa-blanca.jpeg","contentUrl":"https:\/\/cdn1.mediawpaccore.net\/wp-content\/uploads\/2026\/04\/26075204\/Cole-Tomas-Allen-sospechoso-del-tiroteo-en-la-cena-de-corresponsables-de-la-casa-blanca.jpeg","width":1200,"height":675,"caption":"\u00bfQui\u00e9n es Cole Tomas Allen, el profesor de California que dispar\u00f3 a metros de Trump en la Cena de Corresponsales? Foto: @therealdonaldtrump \/ Truth Social"},{"@type":"BreadcrumbList","@id":"https:\/\/www.cuballama.com\/noticias\/quien-es-cole-tomas-allen-el-profesor-de-california-que-disparo-a-metros-de-trump-en-la-cena-de-corresponsales\/#breadcrumb","itemListElement":[{"@type":"ListItem","position":1,"name":"Home","item":"https:\/\/www.cuballama.com\/noticias\/"},{"@type":"ListItem","position":2,"name":"\u00bfQui\u00e9n es Cole Tomas Allen, el profesor de California que dispar\u00f3 a metros de Trump en la Cena de Corresponsales?"}]},{"@type":"WebSite","@id":"https:\/\/www.cuballama.com\/noticias\/#website","url":"https:\/\/www.cuballama.com\/noticias\/","name":"Cuballama Noticias","description":"Medio digital sobre Cuba y el mundo","publisher":{"@id":"https:\/\/www.cuballama.com\/noticias\/#organization"},"potentialAction":[{"@type":"SearchAction","target":{"@type":"EntryPoint","urlTemplate":"https:\/\/www.cuballama.com\/noticias\/?s={search_term_string}"},"query-input":{"@type":"PropertyValueSpecification","valueRequired":true,"valueName":"search_term_string"}}],"inLanguage":"es"},{"@type":"Organization","@id":"https:\/\/www.cuballama.com\/noticias\/#organization","name":"Cuballama","url":"https:\/\/www.cuballama.com\/noticias\/","logo":{"@type":"ImageObject","inLanguage":"es","@id":"https:\/\/www.cuballama.com\/noticias\/#\/schema\/logo\/image\/","url":"https:\/\/cdn1.mediawpaccore.net\/wp-content\/uploads\/2021\/12\/28171206\/cbll-logo-color-sm.png","contentUrl":"https:\/\/cdn1.mediawpaccore.net\/wp-content\/uploads\/2021\/12\/28171206\/cbll-logo-color-sm.png","width":600,"height":133,"caption":"Cuballama"},"image":{"@id":"https:\/\/www.cuballama.com\/noticias\/#\/schema\/logo\/image\/"},"sameAs":["https:\/\/www.facebook.com\/CubaLlama","https:\/\/x.com\/cuballama","https:\/\/www.instagram.com\/stories\/cuballama_oficial\/","https:\/\/www.youtube.com\/channel\/UCKkFE-d_axENGZcrc4as0IA"]},{"@type":"Person","@id":"https:\/\/www.cuballama.com\/noticias\/#\/schema\/person\/0f97914526a658755f00e59ec2a832f2","name":"Rafa","url":"https:\/\/www.cuballama.com\/noticias\/author\/rafa\/"}]}},"_links":{"self":[{"href":"https:\/\/www.cuballama.com\/noticias\/wp-json\/wp\/v2\/posts\/242453","targetHints":{"allow":["GET"]}}],"collection":[{"href":"https:\/\/www.cuballama.com\/noticias\/wp-json\/wp\/v2\/posts"}],"about":[{"href":"https:\/\/www.cuballama.com\/noticias\/wp-json\/wp\/v2\/types\/post"}],"author":[{"embeddable":true,"href":"https:\/\/www.cuballama.com\/noticias\/wp-json\/wp\/v2\/users\/27"}],"replies":[{"embeddable":true,"href":"https:\/\/www.cuballama.com\/noticias\/wp-json\/wp\/v2\/comments?post=242453"}],"version-history":[{"count":1,"href":"https:\/\/www.cuballama.com\/noticias\/wp-json\/wp\/v2\/posts\/242453\/revisions"}],"predecessor-version":[{"id":242455,"href":"https:\/\/www.cuballama.com\/noticias\/wp-json\/wp\/v2\/posts\/242453\/revisions\/242455"}],"wp:featuredmedia":[{"embeddable":true,"href":"https:\/\/www.cuballama.com\/noticias\/wp-json\/wp\/v2\/media\/242454"}],"wp:attachment":[{"href":"https:\/\/www.cuballama.com\/noticias\/wp-json\/wp\/v2\/media?parent=242453"}],"wp:term":[{"taxonomy":"category","embeddable":true,"href":"https:\/\/www.cuballama.com\/noticias\/wp-json\/wp\/v2\/categories?post=242453"},{"taxonomy":"post_tag","embeddable":true,"href":"https:\/\/www.cuballama.com\/noticias\/wp-json\/wp\/v2\/tags?post=242453"}],"curies":[{"name":"wp","href":"https:\/\/api.w.org\/{rel}","templated":true}]}}