{"id":242332,"date":"2026-04-27T06:25:46","date_gmt":"2026-04-27T10:25:46","guid":{"rendered":"https:\/\/www.cuballama.com\/noticias\/?p=242332"},"modified":"2026-04-27T06:25:50","modified_gmt":"2026-04-27T10:25:50","slug":"se-rio-cuando-la-jueza-le-dio-cadena-perpetua-el-momento-viral-que-paralizo-una-corte-de-miami-dade","status":"publish","type":"post","link":"https:\/\/www.cuballama.com\/noticias\/se-rio-cuando-la-jueza-le-dio-cadena-perpetua-el-momento-viral-que-paralizo-una-corte-de-miami-dade\/","title":{"rendered":"Se ri\u00f3 cuando la jueza le dio cadena perpetua: el momento viral que paraliz\u00f3 una corte de Miami-Dade"},"content":{"rendered":"\n<h2 class=\"wp-block-heading\">Condenan a cadena perpetua a hombre que asesin\u00f3 a su compa\u00f1ero de celda en c\u00e1rcel de Miami-Dade y se burl\u00f3 de la jueza durante la sentencia. <\/h2>\n\n\n\n<h2 class=\"wp-block-heading\">Marcus Terry recibe cadena perpetua sin libertad condicional por brutal asesinato en prisi\u00f3n de Florida y se r\u00ede ante la magistrada<\/h2>\n\n\n\n<p>La jueza Ellen Sue Venzer estaba describiendo uno de los cr\u00edmenes m\u00e1s brutales que ha procesado la c\u00e1rcel del condado de Miami-Dade cuando el hombre sentado frente a ella comenz\u00f3 a re\u00edrse. No fue una sonrisa nerviosa. No fue un gesto involuntario. Marcus Terry, de 43 a\u00f1os, se ri\u00f3 en voz alta mientras escuchaba c\u00f3mo iba a pasar el resto de su vida en prisi\u00f3n. Y cuando la magistrada lo confront\u00f3, la respuesta fue tan ins\u00f3lita que la sala entera se qued\u00f3 en silencio: <em>\u00abUsted es divertida.\u00bb<\/em> <\/p>\n\n\n\n<p>Si bien esto <em>sucedi\u00f3 ayer c\u00f3mo quien dice<\/em>, los hechos se remontan a abril de 2021. Terry y Ray Matos, un hombre de 68 a\u00f1os, compart\u00edan celda en el Instituto Correccional de Dade, al sur de Florida. <\/p>\n\n\n\n<p>Seg\u00fan las pruebas presentadas durante el juicio, Terry atac\u00f3 a Matos de una forma que los propios guardias describieron como dif\u00edcil de procesar: le introdujo una funda de almohada en la boca para silenciarlo y le clav\u00f3 un bol\u00edgrafo en el cerebro. Cuando los funcionarios de la prisi\u00f3n entraron a verificar qu\u00e9 ocurr\u00eda, encontraron a Matos gravemente herido sobre un charco de sangre. Terry estaba de pie sobre el cuerpo, con las manos ensangrentadas, sin una sola lesi\u00f3n.<\/p>\n\n\n\n<p>Matos muri\u00f3 a consecuencia del ataque. Terry fue arrestado de inmediato. En diciembre de 2025, tras un juicio que examin\u00f3 en detalle la brutalidad del acto, un jurado lo declar\u00f3 culpable de asesinato en segundo grado. La defensa intent\u00f3 conseguir un nuevo juicio alegando que se hab\u00edan admitido pruebas indebidas, pero la moci\u00f3n no prosper\u00f3. El camino qued\u00f3 despejado para la sentencia definitiva.<\/p>\n\n\n\n<h2 class=\"wp-block-heading\">\u00abNo estoy segura de por qu\u00e9 se est\u00e1 riendo\u00bb<\/h2>\n\n\n\n<p>La audiencia del 21 de abril ante la jueza Venzer en el Tribunal de Circuito de Miami-Dade iba a ser, en teor\u00eda, un tr\u00e1mite solemne. No lo fue. Mientras la magistrada detallaba punto por punto c\u00f3mo Terry hab\u00eda matado a Matos \u2014 la funda de almohada, el bol\u00edgrafo, el charco de sangre, los guardias encontrando el cuerpo \u2014 el condenado empez\u00f3 a re\u00edrse de forma audible frente a toda la sala.<\/p>\n\n\n\n<p>La jueza Venzer lo mir\u00f3 directamente: <em>\u00abNo estoy segura de por qu\u00e9 se est\u00e1 riendo.\u00bb<\/em> Terry no baj\u00f3 la mirada. Respondi\u00f3 con la misma insolencia: <em>\u00abUsted es divertida,\u00bb<\/em> dijo. La magistrada no se alter\u00f3. Rechaz\u00f3 la provocaci\u00f3n, se\u00f1al\u00f3 la total ausencia de remordimiento del procesado y dict\u00f3 la pena m\u00e1xima que permit\u00eda la ley: <strong>cadena perpetua sin posibilidad de libertad condicional<\/strong>. Sus \u00faltimas palabras para Terry fueron: <em><strong>\u00abQue Dios tenga misericordia de su alma.\u00bb<\/strong><\/em><\/p>\n\n\n\n<p>El <strong><a href=\"https:\/\/www.nbcmiami.com\/video\/video\/killer-laughs-as-judge-hands-down-life-sentence-in-miami-dade-jail-murder\/3798771\/\" target=\"_blank\" rel=\"noreferrer noopener nofollow\">video<\/a><\/strong> de la audiencia se viraliz\u00f3 en pocas horas. Miles de usuarios en redes sociales reaccionaron con una mezcla de incredulidad e indignaci\u00f3n ante la escena. Terry puede apelar la sentencia, pero dif\u00edcilmente volver\u00e1 a ver la calle.<\/p>\n\n\n\n<script type=\"text\/javascript\" charset=\"UTF-8\" \n    src=\"https:\/\/nbcmiami.com\/portableplayer\/?CID=1:10:3798771&#038;videoID=2497193539797&#038;origin=nbcmiami.com&#038;fullWidth=y&#038;autoplay=true\"><\/script>\n\n\n\n<p>Se r\u00ede al recibir cadena perpetua en Miami-Dade: el momento viral de Marcus Terry en Sala del Tribunal de Circuito de Miami-Dade donde Marcus Terry fue sentenciado a cadena perpetua el 21 de abril de 2026<\/p>\n","protected":false},"excerpt":{"rendered":"<p>Marcus Terry, de 43 a\u00f1os, fue sentenciado a cadena perpetua sin posibilidad de libertad condicional por matar a su compa\u00f1ero de celda Ray Matos con un bol\u00edgrafo en el Instituto Correccional de Dade. Durante la sentencia, mientras la jueza describ\u00eda el crimen, Terry se ri\u00f3 y la llam\u00f3 \u00abdivertida\u00bb. El video se viraliz\u00f3.<\/p>\n","protected":false},"author":13,"featured_media":242373,"comment_status":"open","ping_status":"closed","sticky":false,"template":"","format":"standard","meta":{"_acf_changed":false,"footnotes":""},"categories":[18,11024,965],"tags":[10774,7902,872,7364,32139,256,2330,490,1139,764,947],"class_list":{"0":"post-242332","1":"post","2":"type-post","3":"status-publish","4":"format-standard","5":"has-post-thumbnail","7":"category-noticias","8":"category-noticias-de-miami","9":"category-viral","10":"tag-cadena-perpetua","11":"tag-condenas","12":"tag-cortes","13":"tag-jueces","14":"tag-marcus-terry","15":"tag-miami","16":"tag-presos","17":"tag-reos","18":"tag-video-viral","19":"tag-videos","20":"tag-viral"},"acf":[],"yoast_head":"<!-- This site is optimized with the Yoast SEO plugin v27.4 - https:\/\/yoast.com\/product\/yoast-seo-wordpress\/ -->\n<title>Se ri\u00f3 cuando la jueza le dio cadena perpetua: el momento viral que paraliz\u00f3 una corte de Miami-Dade - Cuballama Noticias<\/title>\n<meta name=\"description\" content=\"Marcus Terry, condenado por matar a su compa\u00f1ero de celda, se ri\u00f3 ante jueza en Miami al recibir cadena perpetua y el video se ha hecho viral\" \/>\n<meta name=\"robots\" content=\"index, follow, max-snippet:-1, max-image-preview:large, max-video-preview:-1\" \/>\n<link rel=\"canonical\" href=\"https:\/\/www.cuballama.com\/noticias\/se-rio-cuando-la-jueza-le-dio-cadena-perpetua-el-momento-viral-que-paralizo-una-corte-de-miami-dade\/\" \/>\n<meta property=\"og:locale\" content=\"es_ES\" \/>\n<meta property=\"og:type\" content=\"article\" \/>\n<meta property=\"og:title\" content=\"Se ri\u00f3 cuando la jueza le dio cadena perpetua: el momento viral que paraliz\u00f3 una corte de Miami-Dade - Cuballama Noticias\" \/>\n<meta property=\"og:description\" content=\"Marcus Terry, condenado por matar a su compa\u00f1ero de celda, se ri\u00f3 ante jueza en Miami al recibir cadena perpetua y el video se ha hecho viral\" \/>\n<meta property=\"og:url\" content=\"https:\/\/www.cuballama.com\/noticias\/se-rio-cuando-la-jueza-le-dio-cadena-perpetua-el-momento-viral-que-paralizo-una-corte-de-miami-dade\/\" \/>\n<meta property=\"og:site_name\" content=\"Cuballama Noticias\" \/>\n<meta property=\"article:publisher\" content=\"https:\/\/www.facebook.com\/CubaLlama\" \/>\n<meta property=\"article:published_time\" content=\"2026-04-27T10:25:46+00:00\" \/>\n<meta property=\"article:modified_time\" content=\"2026-04-27T10:25:50+00:00\" \/>\n<meta property=\"og:image\" content=\"https:\/\/cdn1.mediawpaccore.net\/wp-content\/uploads\/2026\/04\/24073057\/image-126.png\" \/>\n\t<meta property=\"og:image:width\" content=\"1655\" \/>\n\t<meta property=\"og:image:height\" content=\"913\" \/>\n\t<meta property=\"og:image:type\" content=\"image\/png\" \/>\n<meta name=\"author\" content=\"Roberto A.\" \/>\n<meta name=\"twitter:card\" content=\"summary_large_image\" \/>\n<meta name=\"twitter:creator\" content=\"@cuballama\" \/>\n<meta name=\"twitter:site\" content=\"@cuballama\" \/>\n<meta name=\"twitter:label1\" content=\"Escrito por\" \/>\n\t<meta name=\"twitter:data1\" content=\"Roberto A.\" \/>\n\t<meta name=\"twitter:label2\" content=\"Tiempo de lectura\" \/>\n\t<meta name=\"twitter:data2\" content=\"3 minutos\" \/>\n<script type=\"application\/ld+json\" class=\"yoast-schema-graph\">{\"@context\":\"https:\\\/\\\/schema.org\",\"@graph\":[{\"@type\":\"Article\",\"@id\":\"https:\\\/\\\/www.cuballama.com\\\/noticias\\\/se-rio-cuando-la-jueza-le-dio-cadena-perpetua-el-momento-viral-que-paralizo-una-corte-de-miami-dade\\\/#article\",\"isPartOf\":{\"@id\":\"https:\\\/\\\/www.cuballama.com\\\/noticias\\\/se-rio-cuando-la-jueza-le-dio-cadena-perpetua-el-momento-viral-que-paralizo-una-corte-de-miami-dade\\\/\"},\"author\":{\"name\":\"Roberto A.\",\"@id\":\"https:\\\/\\\/www.cuballama.com\\\/noticias\\\/#\\\/schema\\\/person\\\/a58502ed4146c8e9f83872e897c76cd2\"},\"headline\":\"Se ri\u00f3 cuando la jueza le dio cadena perpetua: el momento viral que paraliz\u00f3 una corte de Miami-Dade\",\"datePublished\":\"2026-04-27T10:25:46+00:00\",\"dateModified\":\"2026-04-27T10:25:50+00:00\",\"mainEntityOfPage\":{\"@id\":\"https:\\\/\\\/www.cuballama.com\\\/noticias\\\/se-rio-cuando-la-jueza-le-dio-cadena-perpetua-el-momento-viral-que-paralizo-una-corte-de-miami-dade\\\/\"},\"wordCount\":586,\"commentCount\":0,\"publisher\":{\"@id\":\"https:\\\/\\\/www.cuballama.com\\\/noticias\\\/#organization\"},\"image\":{\"@id\":\"https:\\\/\\\/www.cuballama.com\\\/noticias\\\/se-rio-cuando-la-jueza-le-dio-cadena-perpetua-el-momento-viral-que-paralizo-una-corte-de-miami-dade\\\/#primaryimage\"},\"thumbnailUrl\":\"https:\\\/\\\/cdn1.mediawpaccore.net\\\/wp-content\\\/uploads\\\/2026\\\/04\\\/24073057\\\/image-126.png\",\"keywords\":[\"Cadena Perpetua\",\"condenas\",\"Cortes\",\"Jueces\",\"Marcus Terry\",\"Miami\",\"Presos\",\"Reos\",\"Video Viral\",\"Videos\",\"viral\"],\"articleSection\":[\"Noticias\",\"Noticias de Miami\",\"Viral\"],\"inLanguage\":\"es\",\"potentialAction\":[{\"@type\":\"CommentAction\",\"name\":\"Comment\",\"target\":[\"https:\\\/\\\/www.cuballama.com\\\/noticias\\\/se-rio-cuando-la-jueza-le-dio-cadena-perpetua-el-momento-viral-que-paralizo-una-corte-de-miami-dade\\\/#respond\"]}]},{\"@type\":\"WebPage\",\"@id\":\"https:\\\/\\\/www.cuballama.com\\\/noticias\\\/se-rio-cuando-la-jueza-le-dio-cadena-perpetua-el-momento-viral-que-paralizo-una-corte-de-miami-dade\\\/\",\"url\":\"https:\\\/\\\/www.cuballama.com\\\/noticias\\\/se-rio-cuando-la-jueza-le-dio-cadena-perpetua-el-momento-viral-que-paralizo-una-corte-de-miami-dade\\\/\",\"name\":\"Se ri\u00f3 cuando la jueza le dio cadena perpetua: el momento viral que paraliz\u00f3 una corte de Miami-Dade - Cuballama Noticias\",\"isPartOf\":{\"@id\":\"https:\\\/\\\/www.cuballama.com\\\/noticias\\\/#website\"},\"primaryImageOfPage\":{\"@id\":\"https:\\\/\\\/www.cuballama.com\\\/noticias\\\/se-rio-cuando-la-jueza-le-dio-cadena-perpetua-el-momento-viral-que-paralizo-una-corte-de-miami-dade\\\/#primaryimage\"},\"image\":{\"@id\":\"https:\\\/\\\/www.cuballama.com\\\/noticias\\\/se-rio-cuando-la-jueza-le-dio-cadena-perpetua-el-momento-viral-que-paralizo-una-corte-de-miami-dade\\\/#primaryimage\"},\"thumbnailUrl\":\"https:\\\/\\\/cdn1.mediawpaccore.net\\\/wp-content\\\/uploads\\\/2026\\\/04\\\/24073057\\\/image-126.png\",\"datePublished\":\"2026-04-27T10:25:46+00:00\",\"dateModified\":\"2026-04-27T10:25:50+00:00\",\"description\":\"Marcus Terry, condenado por matar a su compa\u00f1ero de celda, se ri\u00f3 ante jueza en Miami al recibir cadena perpetua y el video se ha hecho viral\",\"breadcrumb\":{\"@id\":\"https:\\\/\\\/www.cuballama.com\\\/noticias\\\/se-rio-cuando-la-jueza-le-dio-cadena-perpetua-el-momento-viral-que-paralizo-una-corte-de-miami-dade\\\/#breadcrumb\"},\"inLanguage\":\"es\",\"potentialAction\":[{\"@type\":\"ReadAction\",\"target\":[\"https:\\\/\\\/www.cuballama.com\\\/noticias\\\/se-rio-cuando-la-jueza-le-dio-cadena-perpetua-el-momento-viral-que-paralizo-una-corte-de-miami-dade\\\/\"]}]},{\"@type\":\"ImageObject\",\"inLanguage\":\"es\",\"@id\":\"https:\\\/\\\/www.cuballama.com\\\/noticias\\\/se-rio-cuando-la-jueza-le-dio-cadena-perpetua-el-momento-viral-que-paralizo-una-corte-de-miami-dade\\\/#primaryimage\",\"url\":\"https:\\\/\\\/cdn1.mediawpaccore.net\\\/wp-content\\\/uploads\\\/2026\\\/04\\\/24073057\\\/image-126.png\",\"contentUrl\":\"https:\\\/\\\/cdn1.mediawpaccore.net\\\/wp-content\\\/uploads\\\/2026\\\/04\\\/24073057\\\/image-126.png\",\"width\":1655,\"height\":913,\"caption\":\"Marcus Terry, de 43 a\u00f1os, se ri\u00f3 en voz alta mientras escuchaba c\u00f3mo iba a pasar el resto de su vida en prisi\u00f3n. Foto: Video Screenshot v\u00eda NBC6\"},{\"@type\":\"BreadcrumbList\",\"@id\":\"https:\\\/\\\/www.cuballama.com\\\/noticias\\\/se-rio-cuando-la-jueza-le-dio-cadena-perpetua-el-momento-viral-que-paralizo-una-corte-de-miami-dade\\\/#breadcrumb\",\"itemListElement\":[{\"@type\":\"ListItem\",\"position\":1,\"name\":\"Home\",\"item\":\"https:\\\/\\\/www.cuballama.com\\\/noticias\\\/\"},{\"@type\":\"ListItem\",\"position\":2,\"name\":\"Se ri\u00f3 cuando la jueza le dio cadena perpetua: el momento viral que paraliz\u00f3 una corte de Miami-Dade\"}]},{\"@type\":\"WebSite\",\"@id\":\"https:\\\/\\\/www.cuballama.com\\\/noticias\\\/#website\",\"url\":\"https:\\\/\\\/www.cuballama.com\\\/noticias\\\/\",\"name\":\"Cuballama Noticias\",\"description\":\"Medio digital sobre Cuba y el mundo\",\"publisher\":{\"@id\":\"https:\\\/\\\/www.cuballama.com\\\/noticias\\\/#organization\"},\"potentialAction\":[{\"@type\":\"SearchAction\",\"target\":{\"@type\":\"EntryPoint\",\"urlTemplate\":\"https:\\\/\\\/www.cuballama.com\\\/noticias\\\/?s={search_term_string}\"},\"query-input\":{\"@type\":\"PropertyValueSpecification\",\"valueRequired\":true,\"valueName\":\"search_term_string\"}}],\"inLanguage\":\"es\"},{\"@type\":\"Organization\",\"@id\":\"https:\\\/\\\/www.cuballama.com\\\/noticias\\\/#organization\",\"name\":\"Cuballama\",\"url\":\"https:\\\/\\\/www.cuballama.com\\\/noticias\\\/\",\"logo\":{\"@type\":\"ImageObject\",\"inLanguage\":\"es\",\"@id\":\"https:\\\/\\\/www.cuballama.com\\\/noticias\\\/#\\\/schema\\\/logo\\\/image\\\/\",\"url\":\"https:\\\/\\\/cdn1.mediawpaccore.net\\\/wp-content\\\/uploads\\\/2021\\\/12\\\/28171206\\\/cbll-logo-color-sm.png\",\"contentUrl\":\"https:\\\/\\\/cdn1.mediawpaccore.net\\\/wp-content\\\/uploads\\\/2021\\\/12\\\/28171206\\\/cbll-logo-color-sm.png\",\"width\":600,\"height\":133,\"caption\":\"Cuballama\"},\"image\":{\"@id\":\"https:\\\/\\\/www.cuballama.com\\\/noticias\\\/#\\\/schema\\\/logo\\\/image\\\/\"},\"sameAs\":[\"https:\\\/\\\/www.facebook.com\\\/CubaLlama\",\"https:\\\/\\\/x.com\\\/cuballama\",\"https:\\\/\\\/www.instagram.com\\\/stories\\\/cuballama_oficial\\\/\",\"https:\\\/\\\/www.youtube.com\\\/channel\\\/UCKkFE-d_axENGZcrc4as0IA\"]},{\"@type\":\"Person\",\"@id\":\"https:\\\/\\\/www.cuballama.com\\\/noticias\\\/#\\\/schema\\\/person\\\/a58502ed4146c8e9f83872e897c76cd2\",\"name\":\"Roberto A.\",\"description\":\"Roberto A. Periodista por decisi\u00f3n propia. Interesado en cualquier tema que me apasione y cada vez m\u00e1s comprometido con la verdad y la objetividad period\u00edstica. Graduado en La Habana hace ya muchos a\u00f1os, luego de una accidentada y polvorienta b\u00fasqueda de informaci\u00f3n sobre un tema in\u00e9dito. La Tesis, por cierto, desapareci\u00f3 de la biblioteca y no se conservan copias de la misma.\",\"url\":\"https:\\\/\\\/www.cuballama.com\\\/noticias\\\/author\\\/roberto\\\/\"}]}<\/script>\n<!-- \/ Yoast SEO plugin. -->","yoast_head_json":{"title":"Se ri\u00f3 cuando la jueza le dio cadena perpetua: el momento viral que paraliz\u00f3 una corte de Miami-Dade - Cuballama Noticias","description":"Marcus Terry, condenado por matar a su compa\u00f1ero de celda, se ri\u00f3 ante jueza en Miami al recibir cadena perpetua y el video se ha hecho viral","robots":{"index":"index","follow":"follow","max-snippet":"max-snippet:-1","max-image-preview":"max-image-preview:large","max-video-preview":"max-video-preview:-1"},"canonical":"https:\/\/www.cuballama.com\/noticias\/se-rio-cuando-la-jueza-le-dio-cadena-perpetua-el-momento-viral-que-paralizo-una-corte-de-miami-dade\/","og_locale":"es_ES","og_type":"article","og_title":"Se ri\u00f3 cuando la jueza le dio cadena perpetua: el momento viral que paraliz\u00f3 una corte de Miami-Dade - Cuballama Noticias","og_description":"Marcus Terry, condenado por matar a su compa\u00f1ero de celda, se ri\u00f3 ante jueza en Miami al recibir cadena perpetua y el video se ha hecho viral","og_url":"https:\/\/www.cuballama.com\/noticias\/se-rio-cuando-la-jueza-le-dio-cadena-perpetua-el-momento-viral-que-paralizo-una-corte-de-miami-dade\/","og_site_name":"Cuballama Noticias","article_publisher":"https:\/\/www.facebook.com\/CubaLlama","article_published_time":"2026-04-27T10:25:46+00:00","article_modified_time":"2026-04-27T10:25:50+00:00","og_image":[{"width":1655,"height":913,"url":"https:\/\/cdn1.mediawpaccore.net\/wp-content\/uploads\/2026\/04\/24073057\/image-126.png","type":"image\/png"}],"author":"Roberto A.","twitter_card":"summary_large_image","twitter_creator":"@cuballama","twitter_site":"@cuballama","twitter_misc":{"Escrito por":"Roberto A.","Tiempo de lectura":"3 minutos"},"schema":{"@context":"https:\/\/schema.org","@graph":[{"@type":"Article","@id":"https:\/\/www.cuballama.com\/noticias\/se-rio-cuando-la-jueza-le-dio-cadena-perpetua-el-momento-viral-que-paralizo-una-corte-de-miami-dade\/#article","isPartOf":{"@id":"https:\/\/www.cuballama.com\/noticias\/se-rio-cuando-la-jueza-le-dio-cadena-perpetua-el-momento-viral-que-paralizo-una-corte-de-miami-dade\/"},"author":{"name":"Roberto A.","@id":"https:\/\/www.cuballama.com\/noticias\/#\/schema\/person\/a58502ed4146c8e9f83872e897c76cd2"},"headline":"Se ri\u00f3 cuando la jueza le dio cadena perpetua: el momento viral que paraliz\u00f3 una corte de Miami-Dade","datePublished":"2026-04-27T10:25:46+00:00","dateModified":"2026-04-27T10:25:50+00:00","mainEntityOfPage":{"@id":"https:\/\/www.cuballama.com\/noticias\/se-rio-cuando-la-jueza-le-dio-cadena-perpetua-el-momento-viral-que-paralizo-una-corte-de-miami-dade\/"},"wordCount":586,"commentCount":0,"publisher":{"@id":"https:\/\/www.cuballama.com\/noticias\/#organization"},"image":{"@id":"https:\/\/www.cuballama.com\/noticias\/se-rio-cuando-la-jueza-le-dio-cadena-perpetua-el-momento-viral-que-paralizo-una-corte-de-miami-dade\/#primaryimage"},"thumbnailUrl":"https:\/\/cdn1.mediawpaccore.net\/wp-content\/uploads\/2026\/04\/24073057\/image-126.png","keywords":["Cadena Perpetua","condenas","Cortes","Jueces","Marcus Terry","Miami","Presos","Reos","Video Viral","Videos","viral"],"articleSection":["Noticias","Noticias de Miami","Viral"],"inLanguage":"es","potentialAction":[{"@type":"CommentAction","name":"Comment","target":["https:\/\/www.cuballama.com\/noticias\/se-rio-cuando-la-jueza-le-dio-cadena-perpetua-el-momento-viral-que-paralizo-una-corte-de-miami-dade\/#respond"]}]},{"@type":"WebPage","@id":"https:\/\/www.cuballama.com\/noticias\/se-rio-cuando-la-jueza-le-dio-cadena-perpetua-el-momento-viral-que-paralizo-una-corte-de-miami-dade\/","url":"https:\/\/www.cuballama.com\/noticias\/se-rio-cuando-la-jueza-le-dio-cadena-perpetua-el-momento-viral-que-paralizo-una-corte-de-miami-dade\/","name":"Se ri\u00f3 cuando la jueza le dio cadena perpetua: el momento viral que paraliz\u00f3 una corte de Miami-Dade - Cuballama Noticias","isPartOf":{"@id":"https:\/\/www.cuballama.com\/noticias\/#website"},"primaryImageOfPage":{"@id":"https:\/\/www.cuballama.com\/noticias\/se-rio-cuando-la-jueza-le-dio-cadena-perpetua-el-momento-viral-que-paralizo-una-corte-de-miami-dade\/#primaryimage"},"image":{"@id":"https:\/\/www.cuballama.com\/noticias\/se-rio-cuando-la-jueza-le-dio-cadena-perpetua-el-momento-viral-que-paralizo-una-corte-de-miami-dade\/#primaryimage"},"thumbnailUrl":"https:\/\/cdn1.mediawpaccore.net\/wp-content\/uploads\/2026\/04\/24073057\/image-126.png","datePublished":"2026-04-27T10:25:46+00:00","dateModified":"2026-04-27T10:25:50+00:00","description":"Marcus Terry, condenado por matar a su compa\u00f1ero de celda, se ri\u00f3 ante jueza en Miami al recibir cadena perpetua y el video se ha hecho viral","breadcrumb":{"@id":"https:\/\/www.cuballama.com\/noticias\/se-rio-cuando-la-jueza-le-dio-cadena-perpetua-el-momento-viral-que-paralizo-una-corte-de-miami-dade\/#breadcrumb"},"inLanguage":"es","potentialAction":[{"@type":"ReadAction","target":["https:\/\/www.cuballama.com\/noticias\/se-rio-cuando-la-jueza-le-dio-cadena-perpetua-el-momento-viral-que-paralizo-una-corte-de-miami-dade\/"]}]},{"@type":"ImageObject","inLanguage":"es","@id":"https:\/\/www.cuballama.com\/noticias\/se-rio-cuando-la-jueza-le-dio-cadena-perpetua-el-momento-viral-que-paralizo-una-corte-de-miami-dade\/#primaryimage","url":"https:\/\/cdn1.mediawpaccore.net\/wp-content\/uploads\/2026\/04\/24073057\/image-126.png","contentUrl":"https:\/\/cdn1.mediawpaccore.net\/wp-content\/uploads\/2026\/04\/24073057\/image-126.png","width":1655,"height":913,"caption":"Marcus Terry, de 43 a\u00f1os, se ri\u00f3 en voz alta mientras escuchaba c\u00f3mo iba a pasar el resto de su vida en prisi\u00f3n. Foto: Video Screenshot v\u00eda NBC6"},{"@type":"BreadcrumbList","@id":"https:\/\/www.cuballama.com\/noticias\/se-rio-cuando-la-jueza-le-dio-cadena-perpetua-el-momento-viral-que-paralizo-una-corte-de-miami-dade\/#breadcrumb","itemListElement":[{"@type":"ListItem","position":1,"name":"Home","item":"https:\/\/www.cuballama.com\/noticias\/"},{"@type":"ListItem","position":2,"name":"Se ri\u00f3 cuando la jueza le dio cadena perpetua: el momento viral que paraliz\u00f3 una corte de Miami-Dade"}]},{"@type":"WebSite","@id":"https:\/\/www.cuballama.com\/noticias\/#website","url":"https:\/\/www.cuballama.com\/noticias\/","name":"Cuballama Noticias","description":"Medio digital sobre Cuba y el mundo","publisher":{"@id":"https:\/\/www.cuballama.com\/noticias\/#organization"},"potentialAction":[{"@type":"SearchAction","target":{"@type":"EntryPoint","urlTemplate":"https:\/\/www.cuballama.com\/noticias\/?s={search_term_string}"},"query-input":{"@type":"PropertyValueSpecification","valueRequired":true,"valueName":"search_term_string"}}],"inLanguage":"es"},{"@type":"Organization","@id":"https:\/\/www.cuballama.com\/noticias\/#organization","name":"Cuballama","url":"https:\/\/www.cuballama.com\/noticias\/","logo":{"@type":"ImageObject","inLanguage":"es","@id":"https:\/\/www.cuballama.com\/noticias\/#\/schema\/logo\/image\/","url":"https:\/\/cdn1.mediawpaccore.net\/wp-content\/uploads\/2021\/12\/28171206\/cbll-logo-color-sm.png","contentUrl":"https:\/\/cdn1.mediawpaccore.net\/wp-content\/uploads\/2021\/12\/28171206\/cbll-logo-color-sm.png","width":600,"height":133,"caption":"Cuballama"},"image":{"@id":"https:\/\/www.cuballama.com\/noticias\/#\/schema\/logo\/image\/"},"sameAs":["https:\/\/www.facebook.com\/CubaLlama","https:\/\/x.com\/cuballama","https:\/\/www.instagram.com\/stories\/cuballama_oficial\/","https:\/\/www.youtube.com\/channel\/UCKkFE-d_axENGZcrc4as0IA"]},{"@type":"Person","@id":"https:\/\/www.cuballama.com\/noticias\/#\/schema\/person\/a58502ed4146c8e9f83872e897c76cd2","name":"Roberto A.","description":"Roberto A. Periodista por decisi\u00f3n propia. Interesado en cualquier tema que me apasione y cada vez m\u00e1s comprometido con la verdad y la objetividad period\u00edstica. Graduado en La Habana hace ya muchos a\u00f1os, luego de una accidentada y polvorienta b\u00fasqueda de informaci\u00f3n sobre un tema in\u00e9dito. La Tesis, por cierto, desapareci\u00f3 de la biblioteca y no se conservan copias de la misma.","url":"https:\/\/www.cuballama.com\/noticias\/author\/roberto\/"}]}},"_links":{"self":[{"href":"https:\/\/www.cuballama.com\/noticias\/wp-json\/wp\/v2\/posts\/242332","targetHints":{"allow":["GET"]}}],"collection":[{"href":"https:\/\/www.cuballama.com\/noticias\/wp-json\/wp\/v2\/posts"}],"about":[{"href":"https:\/\/www.cuballama.com\/noticias\/wp-json\/wp\/v2\/types\/post"}],"author":[{"embeddable":true,"href":"https:\/\/www.cuballama.com\/noticias\/wp-json\/wp\/v2\/users\/13"}],"replies":[{"embeddable":true,"href":"https:\/\/www.cuballama.com\/noticias\/wp-json\/wp\/v2\/comments?post=242332"}],"version-history":[{"count":2,"href":"https:\/\/www.cuballama.com\/noticias\/wp-json\/wp\/v2\/posts\/242332\/revisions"}],"predecessor-version":[{"id":242374,"href":"https:\/\/www.cuballama.com\/noticias\/wp-json\/wp\/v2\/posts\/242332\/revisions\/242374"}],"wp:featuredmedia":[{"embeddable":true,"href":"https:\/\/www.cuballama.com\/noticias\/wp-json\/wp\/v2\/media\/242373"}],"wp:attachment":[{"href":"https:\/\/www.cuballama.com\/noticias\/wp-json\/wp\/v2\/media?parent=242332"}],"wp:term":[{"taxonomy":"category","embeddable":true,"href":"https:\/\/www.cuballama.com\/noticias\/wp-json\/wp\/v2\/categories?post=242332"},{"taxonomy":"post_tag","embeddable":true,"href":"https:\/\/www.cuballama.com\/noticias\/wp-json\/wp\/v2\/tags?post=242332"}],"curies":[{"name":"wp","href":"https:\/\/api.w.org\/{rel}","templated":true}]}}