{"id":241958,"date":"2026-04-27T06:24:56","date_gmt":"2026-04-27T10:24:56","guid":{"rendered":"https:\/\/www.cuballama.com\/noticias\/?p=241958"},"modified":"2026-04-27T06:25:01","modified_gmt":"2026-04-27T10:25:01","slug":"matanzas-al-limite-asesinatos-robos-y-drogas","status":"publish","type":"post","link":"https:\/\/www.cuballama.com\/noticias\/matanzas-al-limite-asesinatos-robos-y-drogas\/","title":{"rendered":"Matanzas al l\u00edmite: asesinatos, robos y drogas"},"content":{"rendered":"\n<h2 class=\"wp-block-heading\">Feminicidio, pu\u00f1aladas, drogas sint\u00e9ticas y un robo con tijera: Matanzas vivi\u00f3 en una semana lo que ninguna provincia deber\u00eda vivir en un a\u00f1o, con un caso donde un ladr\u00f3n incluso entr\u00f3 armado con machetes a una escuela.<\/h2>\n\n\n\n<h2 class=\"wp-block-heading\">Seis casos de violencia y delincuencia en Matanzas revelan el deterioro del orden p\u00fablico en Cuba durante \u00faltima semana de abril de 2026<\/h2>\n\n\n\n<p>En menos de diez d\u00edas, la provincia de Matanzas acumul\u00f3 un feminicidio confirmado, un asesinato a pu\u00f1aladas en una parranda y otro en un hospital; adem\u00e1s de un robo con violencia en una calle de C\u00e1rdenas, un ataque con machetes dentro de una escuela primaria en Jovellanos y la detenci\u00f3n de un hombre con cannabinoides sint\u00e9ticos en plena v\u00eda p\u00fablica. <\/p>\n\n\n\n<p>Los hechos, documentados por p\u00e1ginas comunitarias como Con Todos La Victoria \u2014p\u00e1gina oficialista vinculada al MININT en la provincia\u2014 y Nio Reportando un Crimen, pintan el retrato de una provincia al l\u00edmite y de un orden p\u00fablico que en Cuba se resquebraja sin que las autoridades ofrezcan respuestas concretas.<\/p>\n\n\n\n<h2 class=\"wp-block-heading\">Marian Pino Mart\u00ednez: el feminicidio n\u00famero 16 en Cuba en 2026<\/h2>\n\n\n\n<p>El 10 de abril, en la localidad de San Bernardo, municipio Jag\u00fcey Grande, <a href=\"https:\/\/www.cuballama.com\/noticias\/nuevo-feminicidio-de-una-joven-madre-en-cuba-el-tercero-en-una-semana\/\" target=\"_blank\" rel=\"noreferrer noopener\">Marian Pino Mart\u00ednez fue asesinada por su expareja en su propia casa<\/a>. Ten\u00eda 23 a\u00f1os, trabajaba como maestra de c\u00edrculo infantil y era madre de dos ni\u00f1as, una de cuatro a\u00f1os y otra de apenas unos meses. El crimen ocurri\u00f3 en presencia de al menos una de sus hijas.<\/p>\n\n\n\n<p>Los observatorios Alas Tensas y Yo S\u00ed Te Creo en Cuba confirmaron el caso y lo registraron como el feminicidio n\u00famero 16 en Cuba en lo que va de 2026, el tercero en apenas 30 horas, junto a los de Yarisleidis Saavedra Hern\u00e1ndez en Pinar del R\u00edo y Mayl\u00e9n Fern\u00e1ndez Soriano en Las Tunas, esta \u00faltima trasladada al hospital en una carreta de bueyes mientras a\u00fan ten\u00eda vida. Cuba no tiene tipificado el feminicidio como delito espec\u00edfico en su C\u00f3digo Penal y los medios estatales rara vez reportan estos casos. <\/p>\n\n\n\n<p>El presunto responsable, identificado como Jorge Luis Pi\u00f1a Rodr\u00edguez, fue detenido de inmediato por las autoridades. La p\u00e1gina <em><a href=\"https:\/\/www.facebook.com\/permalink.php?story_fbid=pfbid0TBtEKjPDA9Po8R1SuSnMGntN6WfjKRkbWKmfUwcNU3PEXG16gSH8W1svGsuAJ2FKl&amp;id=61551435197318\" target=\"_blank\" rel=\"noreferrer noopener nofollow\">Con Todos La Victoria<\/a><\/em> confirm\u00f3 el arresto y describi\u00f3 el hecho como \u00abun drama pasional que se sali\u00f3 de control\u00bb, aunque los observatorios independientes de g\u00e9nero lo clasificaron sin ambig\u00fcedades como feminicidio.<\/p>\n\n\n\n<iframe loading=\"lazy\" src=\"https:\/\/www.facebook.com\/plugins\/post.php?href=https%3A%2F%2Fwww.facebook.com%2Fpermalink.php%3Fstory_fbid%3Dpfbid0TBtEKjPDA9Po8R1SuSnMGntN6WfjKRkbWKmfUwcNU3PEXG16gSH8W1svGsuAJ2FKl%26id%3D61551435197318&#038;show_text=true&#038;width=500\" width=\"500\" height=\"581\" style=\"border:none;overflow:hidden\" scrolling=\"no\" frameborder=\"0\" allowfullscreen=\"true\" allow=\"autoplay; clipboard-write; encrypted-media; picture-in-picture; web-share\"><\/iframe>\n\n\n\n<p>Lo primero que llama la atenci\u00f3n en la publicaci\u00f3n de <em>Con Todos La Victoria<\/em> sobre el asesinato de Marian Pino Mart\u00ednez es lo que no aparece: su nombre. La v\u00edctima es referida \u00fanicamente como \u00abuna joven de 23 a\u00f1os\u00bb, sin identidad, sin rostro, sin historia. El agresor, en cambio, s\u00ed tiene nombre completo: Jorge Luis Pi\u00f1a Rodr\u00edguez. Este desequilibrio no es casual ni inocente. Es el reflejo de una l\u00f3gica institucional que durante d\u00e9cadas ha tratado a las mujeres asesinadas como un dato estad\u00edstico antes que como personas. Nombrar a la v\u00edctima es el primer acto de justicia simb\u00f3lica. Omitirla es, aunque sea sin intenci\u00f3n, perpetuar su invisibilidad.<\/p>\n\n\n\n<p>El segundo problema es el lenguaje y este problema lo tienen TODAS las p\u00e1ginas del MININT a la hora de escribir sobre estos casos. La publicaci\u00f3n describe el feminicidio de Marian como \u00abun drama pasional que se sali\u00f3 de control\u00bb, una expresi\u00f3n que la literatura especializada lleva d\u00e9cadas se\u00f1alando como machista, inexacta y peligrosa. La abogada y acad\u00e9mica Luc\u00eda Sabat\u00e9 concluye en su an\u00e1lisis que el t\u00e9rmino \u00abcrimen pasional\u00bb es \u00abuna construcci\u00f3n cultural del patriarcado para defender sus privilegios\u00bb, utilizada para morigerar, suavizar y encubrir cr\u00edmenes de g\u00e9nero. Seg\u00fan la abogada feminista Ana Karen Flores, \u00abdecir que son cr\u00edmenes pasionales atenta contra los derechos de las mujeres y no debe nombrarse as\u00ed.\u00bb La antrop\u00f3loga Myriam Jimeno lo describe como \u00abun dispositivo cultural que oculta que el extremo criminal hace parte de una cadena cotidiana de agresiones.\u00bb Hablar de \u00abdrama pasional\u00bb desplaza la responsabilidad del agresor hacia la emoci\u00f3n, como si matar fuera una consecuencia l\u00f3gica del amor no correspondido.<strong> No lo es. Es un feminicidio. Y Marian Pino Mart\u00ednez ten\u00eda nombre.<\/strong><\/p>\n\n\n\n<h2 class=\"wp-block-heading\">Jovellanos: un joven de 21 a\u00f1os muerto a pu\u00f1aladas en una parranda<\/h2>\n\n\n\n<p>En el reparto Luisa de Jovellanos, en horas de la madrugada, Yosmay Juan Gonz\u00e1lez D\u00edaz, de 21 a\u00f1os, perdi\u00f3 la vida tras recibir al menos tres pu\u00f1aladas, dos en el pecho y una en la zona inferior del brazo. El presunto agresor, identificado por testigos como \u00abLeroy\u00bb, de 17 a\u00f1os y barbero de oficio seg\u00fan versiones preliminares, fue detenido poco despu\u00e9s del hecho.<\/p>\n\n\n\n<p>Quienes lo conoc\u00edan describieron a la v\u00edctima como un joven tranquilo, sin antecedentes de conflictos. La comunidad qued\u00f3 consternada y el sepelio se realiz\u00f3 en medio de un dolor colectivo que se derram\u00f3 en redes. \u00abEste pueblo es una carnicer\u00eda\u00bb, escribi\u00f3 una vecina. Otra, que trabaja como coordinadora en la funeraria, relat\u00f3 que \u00abel dolor estaba hasta en las paredes.\u00bb<\/p>\n\n\n\n<p>La plataforma Nio Reportando un Crimen, que document\u00f3 el caso, aclar\u00f3 que la informaci\u00f3n se basa en testimonios de colaboradores y que algunos detalles no han sido confirmados oficialmente por las autoridades. <\/p>\n\n\n\n<iframe loading=\"lazy\" src=\"https:\/\/www.facebook.com\/plugins\/post.php?href=https%3A%2F%2Fwww.facebook.com%2Fpermalink.php%3Fstory_fbid%3Dpfbid037ugNrArUic2BhA93aXa26iR9wCXyaTC9DYHmPNiqgVLqnpqobK1oRgQ3Prd95teil%26id%3D61559784217848&#038;show_text=true&#038;width=500\" width=\"500\" height=\"481\" style=\"border:none;overflow:hidden\" scrolling=\"no\" frameborder=\"0\" allowfullscreen=\"true\" allow=\"autoplay; clipboard-write; encrypted-media; picture-in-picture; web-share\"><\/iframe><iframe loading=\"lazy\" src=\"https:\/\/www.facebook.com\/plugins\/post.php?href=https%3A%2F%2Fwww.facebook.com%2Fpermalink.php%3Fstory_fbid%3Dpfbid02ehNiZDRZvSM7xtgeVtJZD5qcyYpYJFPqZ1Chj5LjztbKoy4V3vjx9Hj5fGohf76nl%26id%3D61559784217848&#038;show_text=true&#038;width=500\" width=\"500\" height=\"500\" style=\"border:none;overflow:hidden\" scrolling=\"no\" frameborder=\"0\" allowfullscreen=\"true\" allow=\"autoplay; clipboard-write; encrypted-media; picture-in-picture; web-share\"><\/iframe>\n\n\n\n<h2 class=\"wp-block-heading\">C\u00e1rdenas: la ciudad donde el crimen no descansa<\/h2>\n\n\n\n<p>De todos los municipios de Matanzas, C\u00e1rdenas concentr\u00f3 en esta semana la mayor cantidad de hechos violentos y delictivos reportados. Robos, drogas sint\u00e9ticas y un asesinato dentro de un hospital dibujaron el retrato de una ciudad donde, seg\u00fan sus propios habitantes, ya no hay un solo espacio seguro.<\/p>\n\n\n\n<p>El hecho m\u00e1s grave ocurri\u00f3 en la madrugada del s\u00e1bado al domingo, cuando un joven que trabajaba como custodio en un hospital de C\u00e1rdenas fue agredido por la espalda con un objeto punzante y muri\u00f3 en el lugar. El caso fue reportado por la plataforma <em><a href=\"https:\/\/www.facebook.com\/permalink.php?story_fbid=pfbid02hb1hAJwcyFwMfanGSPKfTvJdBppSTUgaszLrJwp8hWcV1ksnrTB4JRU4NUVxYCEel&amp;id=61559784217848\" target=\"_blank\" rel=\"noreferrer noopener\">Nio Reportando un Crimen<\/a><\/em> con base en testimonios de colaboradores. Al cierre de esta nota, las autoridades no hab\u00edan confirmado la identidad oficial de la v\u00edctima ni la captura del responsable.<\/p>\n\n\n\n<p>La indignaci\u00f3n en redes fue inmediata y revel\u00f3 una percepci\u00f3n generalizada de abandono institucional. <\/p>\n\n\n\n<p><em>\u00abYa no hay seguridad en Cuba, da miedo caminar por las calles y la polic\u00eda pendiente del que pone carteles o hace manifestaciones\u00bb,<\/em> escribi\u00f3 un usuario. Otro fue m\u00e1s directo: <em>\u00abLas autoridades andan detr\u00e1s del que vende ajo, cebolla y yogur.\u00bb<\/em> El hecho de que el crimen ocurriera dentro de una instalaci\u00f3n de salud, uno de los pocos espacios que la poblaci\u00f3n asocia con cierta protecci\u00f3n, amplific\u00f3 el impacto del caso en la comunidad. <\/p>\n\n\n\n<iframe loading=\"lazy\" src=\"https:\/\/www.facebook.com\/plugins\/post.php?href=https%3A%2F%2Fwww.facebook.com%2Fpermalink.php%3Fstory_fbid%3Dpfbid02hb1hAJwcyFwMfanGSPKfTvJdBppSTUgaszLrJwp8hWcV1ksnrTB4JRU4NUVxYCEel%26id%3D61559784217848&#038;show_text=true&#038;width=500\" width=\"500\" height=\"812\" style=\"border:none;overflow:hidden\" scrolling=\"no\" frameborder=\"0\" allowfullscreen=\"true\" allow=\"autoplay; clipboard-write; encrypted-media; picture-in-picture; web-share\"><\/iframe>\n\n\n\n<p>En la calle Industria del barrio Pueblo Nuevo, en C\u00e1rdenas, una mujer vivi\u00f3 una noche de terror cuando un hombre se present\u00f3 en su casa haci\u00e9ndose pasar por comprador de joyas. El escenario parec\u00eda una transacci\u00f3n normal hasta que el sujeto sac\u00f3 una tijera y la amenaz\u00f3. Le arranc\u00f3 dos cadenas de oro y huy\u00f3 sin llegar a lesionarla f\u00edsicamente.<\/p>\n\n\n\n<p>El detenido, identificado como Jozsef Atilio, fue arrestado por las autoridades. La p\u00e1gina Con Todos La Victoria lo present\u00f3 como un caso de robo con violencia resuelto con rapidez, aunque los comentarios de vecinos reflejan una frustraci\u00f3n acumulada. \u00abNecesitamos un juicio ejemplarizante en C\u00e1rdenas para que el pueblo conf\u00ede m\u00e1s\u00bb, escribi\u00f3 una residente. <\/p>\n\n\n\n<iframe loading=\"lazy\" src=\"https:\/\/www.facebook.com\/plugins\/post.php?href=https%3A%2F%2Fwww.facebook.com%2Fpermalink.php%3Fstory_fbid%3Dpfbid0Ed1tvMvT4PmyKxYpwWtp39XfRyo9P6WsUzHRdVF5Hiphvp7VBuGxkkFxinwk6shKl%26id%3D61551435197318&#038;show_text=true&#038;width=500\" width=\"500\" height=\"560\" style=\"border:none;overflow:hidden\" scrolling=\"no\" frameborder=\"0\" allowfullscreen=\"true\" allow=\"autoplay; clipboard-write; encrypted-media; picture-in-picture; web-share\"><\/iframe>\n\n\n\n<p>En la calle La Marina de C\u00e1rdenas, efectivos policiales detuvieron a Joaqu\u00edn Manuel Fuentes, de 26 a\u00f1os, despu\u00e9s de observarlo lanzar una cartera contra la placa de una vivienda en un intento por deshacerse de la evidencia. Dentro encontraron dos fragmentos de papelitos y 18 tiras de lo que aparenta ser cannabinoides sint\u00e9ticos, sustancias que en Cuba han proliferado de manera alarmante en los \u00faltimos a\u00f1os.<\/p>\n\n\n\n<p>El detenido reconoci\u00f3 que el material era \u00abqu\u00edmico\u00bb y declar\u00f3 haberlo comprado a un desconocido. Permanece detenido mientras avanza su proceso legal.<\/p>\n\n\n\n<iframe loading=\"lazy\" src=\"https:\/\/www.facebook.com\/plugins\/post.php?href=https%3A%2F%2Fwww.facebook.com%2Fpermalink.php%3Fstory_fbid%3Dpfbid02BV54GFzf8HaN5P3X3FzH69ZTCpcqzpZB4YNHnJuLtuLhtKxFW7EStLEFBBSavLnxl%26id%3D61551435197318&#038;show_text=true&#038;width=500\" width=\"500\" height=\"581\" style=\"border:none;overflow:hidden\" scrolling=\"no\" frameborder=\"0\" allowfullscreen=\"true\" allow=\"autoplay; clipboard-write; encrypted-media; picture-in-picture; web-share\"><\/iframe>\n\n\n\n<h2 class=\"wp-block-heading\">Jovellanos: machetes, piedras y vandalismo en una escuela primaria<\/h2>\n\n\n\n<p>En la primaria Camilo Cienfuegos, en Carlos Rojas, municipio Jovellanos, un hombre irrumpi\u00f3 armado con machetes y piedras, agredi\u00f3 al custodio del plantel, cort\u00f3 el cord\u00f3n del asta de la bandera, forz\u00f3 persianas de un aula y rob\u00f3 3,000 pesos cubanos. Como si fuera poco, destruy\u00f3 murales conmemorativos y macetas del jard\u00edn escolar antes de huir.<\/p>\n\n\n\n<p>Las autoridades lo detuvieron tras una investigaci\u00f3n y durante el proceso descubrieron que el mismo individuo hab\u00eda robado previamente 300 litros de aceite diel\u00e9ctrico de un transformador el\u00e9ctrico comunitario en el propio consejo popular, un delito que en Cuba puede calificarse como sabotaje y conlleva penas de entre 7 y 15 a\u00f1os seg\u00fan el art\u00edculo 151 del C\u00f3digo Penal, seg\u00fan se\u00f1alaron varios comentaristas con conocimiento jur\u00eddico. <\/p>\n\n\n\n<iframe loading=\"lazy\" src=\"https:\/\/www.facebook.com\/plugins\/post.php?href=https%3A%2F%2Fwww.facebook.com%2Fpermalink.php%3Fstory_fbid%3Dpfbid0bH3vHdN7GsParSAa9bPH28E8E1bMyW9iFD9fUoast2dCbSTLrmvrwGTVmKdkxR1dl%26id%3D61551435197318&#038;show_text=true&#038;width=500\" width=\"500\" height=\"558\" style=\"border:none;overflow:hidden\" scrolling=\"no\" frameborder=\"0\" allowfullscreen=\"true\" allow=\"autoplay; clipboard-write; encrypted-media; picture-in-picture; web-share\"><\/iframe>\n\n\n\n<p>Los seis casos, ocurridos en distintos municipios de Matanzas en menos de diez d\u00edas, no son excepcionales. Son el reflejo de una tendencia que los propios habitantes de la provincia denuncian cada vez con m\u00e1s urgencia en redes sociales: la sensaci\u00f3n de que el orden p\u00fablico se ha roto, de que la delincuencia opera sin freno efectivo y de que las autoridades responden al hecho consumado pero no previenen el siguiente.<\/p>\n\n\n\n<p>\u00ab<em>Cuando las autoridades quieran, acaban con la delincuencia. Ah\u00ed est\u00e1 la prueba\u00bb<\/em>, escribi\u00f3 un vecino. <\/p>\n\n\n\n<p>El comentario refleja una frustraci\u00f3n leg\u00edtima, pero tambi\u00e9n una visi\u00f3n reduccionista del problema. Ojal\u00e1 fuera tan simple. La evidencia criminol\u00f3gica acumulada durante d\u00e9cadas apunta en otra direcci\u00f3n: ning\u00fan pa\u00eds ha resuelto su problema de violencia a punta de arrestos.<\/p>\n\n\n\n<p>Lo que s\u00ed funciona, aunque requiere m\u00e1s tiempo y voluntad pol\u00edtica real, es educaci\u00f3n, empleo, movilidad social y un Estado que llegue antes del crimen y no solo despu\u00e9s. Mientras no existan esas condiciones, por cada delincuente detenido habr\u00e1 otro esperando ocupar su lugar. En Cuba, donde la crisis econ\u00f3mica ha pulverizado todas esas bases simult\u00e1neamente, pedirle a la polic\u00eda que resuelva lo que la pol\u00edtica econ\u00f3mica destruy\u00f3 es pedirle peras al olmo.<\/p>\n\n\n\n<p><\/p>\n","protected":false},"excerpt":{"rendered":"<p>Una maestra de 23 a\u00f1os asesinada por su ex frente a sus hijas. Un joven apu\u00f1alado en una parranda. Un ladr\u00f3n con machetes dentro de una escuela primaria. Drogas sint\u00e9ticas en plena calle. Matanzas tuvo una semana que no deber\u00eda ser normal en ning\u00fan lugar.<\/p>\n","protected":false},"author":13,"featured_media":181307,"comment_status":"open","ping_status":"closed","sticky":false,"template":"","format":"standard","meta":{"_acf_changed":false,"footnotes":""},"categories":[18,955],"tags":[31995,31994,15256,31850,31992,31996,12268],"class_list":{"0":"post-241958","1":"post","2":"type-post","3":"status-publish","4":"format-standard","5":"has-post-thumbnail","7":"category-noticias","8":"category-noticias-de-cuba","9":"tag-asesinato-jovellanos","10":"tag-delincuencia-matanzas","11":"tag-delitos-en-cuba","12":"tag-feminicidio-cuba","13":"tag-marian-pino-martinez","14":"tag-orden-publico-cuba","15":"tag-robos-en-cuba"},"acf":[],"yoast_head":"<!-- This site is optimized with the Yoast SEO plugin v27.4 - https:\/\/yoast.com\/product\/yoast-seo-wordpress\/ -->\n<title>Matanzas al l\u00edmite: asesinatos, robos y drogas - Cuballama Noticias<\/title>\n<meta name=\"description\" content=\"Cinco casos de violencia en Matanzas que reflejan el colapso del orden p\u00fablico en Cuba en abril de 2026, incluido un feminicidio.\" \/>\n<meta name=\"robots\" content=\"index, follow, max-snippet:-1, max-image-preview:large, max-video-preview:-1\" \/>\n<link rel=\"canonical\" href=\"https:\/\/www.cuballama.com\/noticias\/matanzas-al-limite-asesinatos-robos-y-drogas\/\" \/>\n<meta property=\"og:locale\" content=\"es_ES\" \/>\n<meta property=\"og:type\" content=\"article\" \/>\n<meta property=\"og:title\" content=\"Matanzas al l\u00edmite: asesinatos, robos y drogas - Cuballama Noticias\" \/>\n<meta property=\"og:description\" content=\"Cinco casos de violencia en Matanzas que reflejan el colapso del orden p\u00fablico en Cuba en abril de 2026, incluido un feminicidio.\" \/>\n<meta property=\"og:url\" content=\"https:\/\/www.cuballama.com\/noticias\/matanzas-al-limite-asesinatos-robos-y-drogas\/\" \/>\n<meta property=\"og:site_name\" content=\"Cuballama Noticias\" \/>\n<meta property=\"article:publisher\" content=\"https:\/\/www.facebook.com\/CubaLlama\" \/>\n<meta property=\"article:published_time\" content=\"2026-04-27T10:24:56+00:00\" \/>\n<meta property=\"article:modified_time\" content=\"2026-04-27T10:25:01+00:00\" \/>\n<meta property=\"og:image\" content=\"https:\/\/cdn1.mediawpaccore.net\/wp-content\/uploads\/2024\/08\/29071213\/Matanzas_Cuba.jpg\" \/>\n\t<meta property=\"og:image:width\" content=\"1600\" \/>\n\t<meta property=\"og:image:height\" content=\"1066\" \/>\n\t<meta property=\"og:image:type\" content=\"image\/jpeg\" \/>\n<meta name=\"author\" content=\"Roberto A.\" \/>\n<meta name=\"twitter:card\" content=\"summary_large_image\" \/>\n<meta name=\"twitter:creator\" content=\"@cuballama\" \/>\n<meta name=\"twitter:site\" content=\"@cuballama\" \/>\n<meta name=\"twitter:label1\" content=\"Escrito por\" \/>\n\t<meta name=\"twitter:data1\" content=\"Roberto A.\" \/>\n\t<meta name=\"twitter:label2\" content=\"Tiempo de lectura\" \/>\n\t<meta name=\"twitter:data2\" content=\"8 minutos\" \/>\n<script type=\"application\/ld+json\" class=\"yoast-schema-graph\">{\"@context\":\"https:\\\/\\\/schema.org\",\"@graph\":[{\"@type\":\"Article\",\"@id\":\"https:\\\/\\\/www.cuballama.com\\\/noticias\\\/matanzas-al-limite-asesinatos-robos-y-drogas\\\/#article\",\"isPartOf\":{\"@id\":\"https:\\\/\\\/www.cuballama.com\\\/noticias\\\/matanzas-al-limite-asesinatos-robos-y-drogas\\\/\"},\"author\":{\"name\":\"Roberto A.\",\"@id\":\"https:\\\/\\\/www.cuballama.com\\\/noticias\\\/#\\\/schema\\\/person\\\/a58502ed4146c8e9f83872e897c76cd2\"},\"headline\":\"Matanzas al l\u00edmite: asesinatos, robos y drogas\",\"datePublished\":\"2026-04-27T10:24:56+00:00\",\"dateModified\":\"2026-04-27T10:25:01+00:00\",\"mainEntityOfPage\":{\"@id\":\"https:\\\/\\\/www.cuballama.com\\\/noticias\\\/matanzas-al-limite-asesinatos-robos-y-drogas\\\/\"},\"wordCount\":1722,\"commentCount\":0,\"publisher\":{\"@id\":\"https:\\\/\\\/www.cuballama.com\\\/noticias\\\/#organization\"},\"image\":{\"@id\":\"https:\\\/\\\/www.cuballama.com\\\/noticias\\\/matanzas-al-limite-asesinatos-robos-y-drogas\\\/#primaryimage\"},\"thumbnailUrl\":\"https:\\\/\\\/cdn1.mediawpaccore.net\\\/wp-content\\\/uploads\\\/2024\\\/08\\\/29071213\\\/Matanzas_Cuba.jpg\",\"keywords\":[\"asesinato Jovellanos\",\"delincuencia Matanzas\",\"delitos en Cuba\",\"feminicidio Cuba\",\"Marian Pino Mart\u00ednez\",\"orden p\u00fablico Cuba\",\"Robos en Cuba\"],\"articleSection\":[\"Noticias\",\"Noticias de Cuba\"],\"inLanguage\":\"es\",\"potentialAction\":[{\"@type\":\"CommentAction\",\"name\":\"Comment\",\"target\":[\"https:\\\/\\\/www.cuballama.com\\\/noticias\\\/matanzas-al-limite-asesinatos-robos-y-drogas\\\/#respond\"]}]},{\"@type\":\"WebPage\",\"@id\":\"https:\\\/\\\/www.cuballama.com\\\/noticias\\\/matanzas-al-limite-asesinatos-robos-y-drogas\\\/\",\"url\":\"https:\\\/\\\/www.cuballama.com\\\/noticias\\\/matanzas-al-limite-asesinatos-robos-y-drogas\\\/\",\"name\":\"Matanzas al l\u00edmite: asesinatos, robos y drogas - Cuballama Noticias\",\"isPartOf\":{\"@id\":\"https:\\\/\\\/www.cuballama.com\\\/noticias\\\/#website\"},\"primaryImageOfPage\":{\"@id\":\"https:\\\/\\\/www.cuballama.com\\\/noticias\\\/matanzas-al-limite-asesinatos-robos-y-drogas\\\/#primaryimage\"},\"image\":{\"@id\":\"https:\\\/\\\/www.cuballama.com\\\/noticias\\\/matanzas-al-limite-asesinatos-robos-y-drogas\\\/#primaryimage\"},\"thumbnailUrl\":\"https:\\\/\\\/cdn1.mediawpaccore.net\\\/wp-content\\\/uploads\\\/2024\\\/08\\\/29071213\\\/Matanzas_Cuba.jpg\",\"datePublished\":\"2026-04-27T10:24:56+00:00\",\"dateModified\":\"2026-04-27T10:25:01+00:00\",\"description\":\"Cinco casos de violencia en Matanzas que reflejan el colapso del orden p\u00fablico en Cuba en abril de 2026, incluido un feminicidio.\",\"breadcrumb\":{\"@id\":\"https:\\\/\\\/www.cuballama.com\\\/noticias\\\/matanzas-al-limite-asesinatos-robos-y-drogas\\\/#breadcrumb\"},\"inLanguage\":\"es\",\"potentialAction\":[{\"@type\":\"ReadAction\",\"target\":[\"https:\\\/\\\/www.cuballama.com\\\/noticias\\\/matanzas-al-limite-asesinatos-robos-y-drogas\\\/\"]}]},{\"@type\":\"ImageObject\",\"inLanguage\":\"es\",\"@id\":\"https:\\\/\\\/www.cuballama.com\\\/noticias\\\/matanzas-al-limite-asesinatos-robos-y-drogas\\\/#primaryimage\",\"url\":\"https:\\\/\\\/cdn1.mediawpaccore.net\\\/wp-content\\\/uploads\\\/2024\\\/08\\\/29071213\\\/Matanzas_Cuba.jpg\",\"contentUrl\":\"https:\\\/\\\/cdn1.mediawpaccore.net\\\/wp-content\\\/uploads\\\/2024\\\/08\\\/29071213\\\/Matanzas_Cuba.jpg\",\"width\":1600,\"height\":1066,\"caption\":\"Violencia en Matanzas. De ser la Atenas de Cuba a ser la Diosa de los delitos. Foto de la ciudad de Matanzas. Autor: Greg0611 v\u00eda Wikimedia Commons. (Este archivo fue liberado de derechos de autor y est\u00e1 disponible bajo la licencia Creative Commons Attribution-Share Alike 4.0 International.)\"},{\"@type\":\"BreadcrumbList\",\"@id\":\"https:\\\/\\\/www.cuballama.com\\\/noticias\\\/matanzas-al-limite-asesinatos-robos-y-drogas\\\/#breadcrumb\",\"itemListElement\":[{\"@type\":\"ListItem\",\"position\":1,\"name\":\"Home\",\"item\":\"https:\\\/\\\/www.cuballama.com\\\/noticias\\\/\"},{\"@type\":\"ListItem\",\"position\":2,\"name\":\"Matanzas al l\u00edmite: asesinatos, robos y drogas\"}]},{\"@type\":\"WebSite\",\"@id\":\"https:\\\/\\\/www.cuballama.com\\\/noticias\\\/#website\",\"url\":\"https:\\\/\\\/www.cuballama.com\\\/noticias\\\/\",\"name\":\"Cuballama Noticias\",\"description\":\"Medio digital sobre Cuba y el mundo\",\"publisher\":{\"@id\":\"https:\\\/\\\/www.cuballama.com\\\/noticias\\\/#organization\"},\"potentialAction\":[{\"@type\":\"SearchAction\",\"target\":{\"@type\":\"EntryPoint\",\"urlTemplate\":\"https:\\\/\\\/www.cuballama.com\\\/noticias\\\/?s={search_term_string}\"},\"query-input\":{\"@type\":\"PropertyValueSpecification\",\"valueRequired\":true,\"valueName\":\"search_term_string\"}}],\"inLanguage\":\"es\"},{\"@type\":\"Organization\",\"@id\":\"https:\\\/\\\/www.cuballama.com\\\/noticias\\\/#organization\",\"name\":\"Cuballama\",\"url\":\"https:\\\/\\\/www.cuballama.com\\\/noticias\\\/\",\"logo\":{\"@type\":\"ImageObject\",\"inLanguage\":\"es\",\"@id\":\"https:\\\/\\\/www.cuballama.com\\\/noticias\\\/#\\\/schema\\\/logo\\\/image\\\/\",\"url\":\"https:\\\/\\\/cdn1.mediawpaccore.net\\\/wp-content\\\/uploads\\\/2021\\\/12\\\/28171206\\\/cbll-logo-color-sm.png\",\"contentUrl\":\"https:\\\/\\\/cdn1.mediawpaccore.net\\\/wp-content\\\/uploads\\\/2021\\\/12\\\/28171206\\\/cbll-logo-color-sm.png\",\"width\":600,\"height\":133,\"caption\":\"Cuballama\"},\"image\":{\"@id\":\"https:\\\/\\\/www.cuballama.com\\\/noticias\\\/#\\\/schema\\\/logo\\\/image\\\/\"},\"sameAs\":[\"https:\\\/\\\/www.facebook.com\\\/CubaLlama\",\"https:\\\/\\\/x.com\\\/cuballama\",\"https:\\\/\\\/www.instagram.com\\\/stories\\\/cuballama_oficial\\\/\",\"https:\\\/\\\/www.youtube.com\\\/channel\\\/UCKkFE-d_axENGZcrc4as0IA\"]},{\"@type\":\"Person\",\"@id\":\"https:\\\/\\\/www.cuballama.com\\\/noticias\\\/#\\\/schema\\\/person\\\/a58502ed4146c8e9f83872e897c76cd2\",\"name\":\"Roberto A.\",\"description\":\"Roberto A. Periodista por decisi\u00f3n propia. Interesado en cualquier tema que me apasione y cada vez m\u00e1s comprometido con la verdad y la objetividad period\u00edstica. Graduado en La Habana hace ya muchos a\u00f1os, luego de una accidentada y polvorienta b\u00fasqueda de informaci\u00f3n sobre un tema in\u00e9dito. La Tesis, por cierto, desapareci\u00f3 de la biblioteca y no se conservan copias de la misma.\",\"url\":\"https:\\\/\\\/www.cuballama.com\\\/noticias\\\/author\\\/roberto\\\/\"}]}<\/script>\n<!-- \/ Yoast SEO plugin. -->","yoast_head_json":{"title":"Matanzas al l\u00edmite: asesinatos, robos y drogas - Cuballama Noticias","description":"Cinco casos de violencia en Matanzas que reflejan el colapso del orden p\u00fablico en Cuba en abril de 2026, incluido un feminicidio.","robots":{"index":"index","follow":"follow","max-snippet":"max-snippet:-1","max-image-preview":"max-image-preview:large","max-video-preview":"max-video-preview:-1"},"canonical":"https:\/\/www.cuballama.com\/noticias\/matanzas-al-limite-asesinatos-robos-y-drogas\/","og_locale":"es_ES","og_type":"article","og_title":"Matanzas al l\u00edmite: asesinatos, robos y drogas - Cuballama Noticias","og_description":"Cinco casos de violencia en Matanzas que reflejan el colapso del orden p\u00fablico en Cuba en abril de 2026, incluido un feminicidio.","og_url":"https:\/\/www.cuballama.com\/noticias\/matanzas-al-limite-asesinatos-robos-y-drogas\/","og_site_name":"Cuballama Noticias","article_publisher":"https:\/\/www.facebook.com\/CubaLlama","article_published_time":"2026-04-27T10:24:56+00:00","article_modified_time":"2026-04-27T10:25:01+00:00","og_image":[{"width":1600,"height":1066,"url":"https:\/\/cdn1.mediawpaccore.net\/wp-content\/uploads\/2024\/08\/29071213\/Matanzas_Cuba.jpg","type":"image\/jpeg"}],"author":"Roberto A.","twitter_card":"summary_large_image","twitter_creator":"@cuballama","twitter_site":"@cuballama","twitter_misc":{"Escrito por":"Roberto A.","Tiempo de lectura":"8 minutos"},"schema":{"@context":"https:\/\/schema.org","@graph":[{"@type":"Article","@id":"https:\/\/www.cuballama.com\/noticias\/matanzas-al-limite-asesinatos-robos-y-drogas\/#article","isPartOf":{"@id":"https:\/\/www.cuballama.com\/noticias\/matanzas-al-limite-asesinatos-robos-y-drogas\/"},"author":{"name":"Roberto A.","@id":"https:\/\/www.cuballama.com\/noticias\/#\/schema\/person\/a58502ed4146c8e9f83872e897c76cd2"},"headline":"Matanzas al l\u00edmite: asesinatos, robos y drogas","datePublished":"2026-04-27T10:24:56+00:00","dateModified":"2026-04-27T10:25:01+00:00","mainEntityOfPage":{"@id":"https:\/\/www.cuballama.com\/noticias\/matanzas-al-limite-asesinatos-robos-y-drogas\/"},"wordCount":1722,"commentCount":0,"publisher":{"@id":"https:\/\/www.cuballama.com\/noticias\/#organization"},"image":{"@id":"https:\/\/www.cuballama.com\/noticias\/matanzas-al-limite-asesinatos-robos-y-drogas\/#primaryimage"},"thumbnailUrl":"https:\/\/cdn1.mediawpaccore.net\/wp-content\/uploads\/2024\/08\/29071213\/Matanzas_Cuba.jpg","keywords":["asesinato Jovellanos","delincuencia Matanzas","delitos en Cuba","feminicidio Cuba","Marian Pino Mart\u00ednez","orden p\u00fablico Cuba","Robos en Cuba"],"articleSection":["Noticias","Noticias de Cuba"],"inLanguage":"es","potentialAction":[{"@type":"CommentAction","name":"Comment","target":["https:\/\/www.cuballama.com\/noticias\/matanzas-al-limite-asesinatos-robos-y-drogas\/#respond"]}]},{"@type":"WebPage","@id":"https:\/\/www.cuballama.com\/noticias\/matanzas-al-limite-asesinatos-robos-y-drogas\/","url":"https:\/\/www.cuballama.com\/noticias\/matanzas-al-limite-asesinatos-robos-y-drogas\/","name":"Matanzas al l\u00edmite: asesinatos, robos y drogas - Cuballama Noticias","isPartOf":{"@id":"https:\/\/www.cuballama.com\/noticias\/#website"},"primaryImageOfPage":{"@id":"https:\/\/www.cuballama.com\/noticias\/matanzas-al-limite-asesinatos-robos-y-drogas\/#primaryimage"},"image":{"@id":"https:\/\/www.cuballama.com\/noticias\/matanzas-al-limite-asesinatos-robos-y-drogas\/#primaryimage"},"thumbnailUrl":"https:\/\/cdn1.mediawpaccore.net\/wp-content\/uploads\/2024\/08\/29071213\/Matanzas_Cuba.jpg","datePublished":"2026-04-27T10:24:56+00:00","dateModified":"2026-04-27T10:25:01+00:00","description":"Cinco casos de violencia en Matanzas que reflejan el colapso del orden p\u00fablico en Cuba en abril de 2026, incluido un feminicidio.","breadcrumb":{"@id":"https:\/\/www.cuballama.com\/noticias\/matanzas-al-limite-asesinatos-robos-y-drogas\/#breadcrumb"},"inLanguage":"es","potentialAction":[{"@type":"ReadAction","target":["https:\/\/www.cuballama.com\/noticias\/matanzas-al-limite-asesinatos-robos-y-drogas\/"]}]},{"@type":"ImageObject","inLanguage":"es","@id":"https:\/\/www.cuballama.com\/noticias\/matanzas-al-limite-asesinatos-robos-y-drogas\/#primaryimage","url":"https:\/\/cdn1.mediawpaccore.net\/wp-content\/uploads\/2024\/08\/29071213\/Matanzas_Cuba.jpg","contentUrl":"https:\/\/cdn1.mediawpaccore.net\/wp-content\/uploads\/2024\/08\/29071213\/Matanzas_Cuba.jpg","width":1600,"height":1066,"caption":"Violencia en Matanzas. De ser la Atenas de Cuba a ser la Diosa de los delitos. Foto de la ciudad de Matanzas. Autor: Greg0611 v\u00eda Wikimedia Commons. (Este archivo fue liberado de derechos de autor y est\u00e1 disponible bajo la licencia Creative Commons Attribution-Share Alike 4.0 International.)"},{"@type":"BreadcrumbList","@id":"https:\/\/www.cuballama.com\/noticias\/matanzas-al-limite-asesinatos-robos-y-drogas\/#breadcrumb","itemListElement":[{"@type":"ListItem","position":1,"name":"Home","item":"https:\/\/www.cuballama.com\/noticias\/"},{"@type":"ListItem","position":2,"name":"Matanzas al l\u00edmite: asesinatos, robos y drogas"}]},{"@type":"WebSite","@id":"https:\/\/www.cuballama.com\/noticias\/#website","url":"https:\/\/www.cuballama.com\/noticias\/","name":"Cuballama Noticias","description":"Medio digital sobre Cuba y el mundo","publisher":{"@id":"https:\/\/www.cuballama.com\/noticias\/#organization"},"potentialAction":[{"@type":"SearchAction","target":{"@type":"EntryPoint","urlTemplate":"https:\/\/www.cuballama.com\/noticias\/?s={search_term_string}"},"query-input":{"@type":"PropertyValueSpecification","valueRequired":true,"valueName":"search_term_string"}}],"inLanguage":"es"},{"@type":"Organization","@id":"https:\/\/www.cuballama.com\/noticias\/#organization","name":"Cuballama","url":"https:\/\/www.cuballama.com\/noticias\/","logo":{"@type":"ImageObject","inLanguage":"es","@id":"https:\/\/www.cuballama.com\/noticias\/#\/schema\/logo\/image\/","url":"https:\/\/cdn1.mediawpaccore.net\/wp-content\/uploads\/2021\/12\/28171206\/cbll-logo-color-sm.png","contentUrl":"https:\/\/cdn1.mediawpaccore.net\/wp-content\/uploads\/2021\/12\/28171206\/cbll-logo-color-sm.png","width":600,"height":133,"caption":"Cuballama"},"image":{"@id":"https:\/\/www.cuballama.com\/noticias\/#\/schema\/logo\/image\/"},"sameAs":["https:\/\/www.facebook.com\/CubaLlama","https:\/\/x.com\/cuballama","https:\/\/www.instagram.com\/stories\/cuballama_oficial\/","https:\/\/www.youtube.com\/channel\/UCKkFE-d_axENGZcrc4as0IA"]},{"@type":"Person","@id":"https:\/\/www.cuballama.com\/noticias\/#\/schema\/person\/a58502ed4146c8e9f83872e897c76cd2","name":"Roberto A.","description":"Roberto A. Periodista por decisi\u00f3n propia. Interesado en cualquier tema que me apasione y cada vez m\u00e1s comprometido con la verdad y la objetividad period\u00edstica. Graduado en La Habana hace ya muchos a\u00f1os, luego de una accidentada y polvorienta b\u00fasqueda de informaci\u00f3n sobre un tema in\u00e9dito. La Tesis, por cierto, desapareci\u00f3 de la biblioteca y no se conservan copias de la misma.","url":"https:\/\/www.cuballama.com\/noticias\/author\/roberto\/"}]}},"_links":{"self":[{"href":"https:\/\/www.cuballama.com\/noticias\/wp-json\/wp\/v2\/posts\/241958","targetHints":{"allow":["GET"]}}],"collection":[{"href":"https:\/\/www.cuballama.com\/noticias\/wp-json\/wp\/v2\/posts"}],"about":[{"href":"https:\/\/www.cuballama.com\/noticias\/wp-json\/wp\/v2\/types\/post"}],"author":[{"embeddable":true,"href":"https:\/\/www.cuballama.com\/noticias\/wp-json\/wp\/v2\/users\/13"}],"replies":[{"embeddable":true,"href":"https:\/\/www.cuballama.com\/noticias\/wp-json\/wp\/v2\/comments?post=241958"}],"version-history":[{"count":4,"href":"https:\/\/www.cuballama.com\/noticias\/wp-json\/wp\/v2\/posts\/241958\/revisions"}],"predecessor-version":[{"id":242490,"href":"https:\/\/www.cuballama.com\/noticias\/wp-json\/wp\/v2\/posts\/241958\/revisions\/242490"}],"wp:featuredmedia":[{"embeddable":true,"href":"https:\/\/www.cuballama.com\/noticias\/wp-json\/wp\/v2\/media\/181307"}],"wp:attachment":[{"href":"https:\/\/www.cuballama.com\/noticias\/wp-json\/wp\/v2\/media?parent=241958"}],"wp:term":[{"taxonomy":"category","embeddable":true,"href":"https:\/\/www.cuballama.com\/noticias\/wp-json\/wp\/v2\/categories?post=241958"},{"taxonomy":"post_tag","embeddable":true,"href":"https:\/\/www.cuballama.com\/noticias\/wp-json\/wp\/v2\/tags?post=241958"}],"curies":[{"name":"wp","href":"https:\/\/api.w.org\/{rel}","templated":true}]}}