{"id":241931,"date":"2026-04-27T06:31:02","date_gmt":"2026-04-27T10:31:02","guid":{"rendered":"https:\/\/www.cuballama.com\/noticias\/?p=241931"},"modified":"2026-04-27T06:31:16","modified_gmt":"2026-04-27T10:31:16","slug":"liberado-cubano-tras-8-meses-detenido-en-lee-county-florida-otros-7-fueron-procesados-en-una-semana","status":"publish","type":"post","link":"https:\/\/www.cuballama.com\/noticias\/liberado-cubano-tras-8-meses-detenido-en-lee-county-florida-otros-7-fueron-procesados-en-una-semana\/","title":{"rendered":"Liberado cubano tras 8 meses detenido en Lee County, Florida. Otros 7 fueron procesados en una semana"},"content":{"rendered":"\n<h2 class=\"wp-block-heading\">Semana \u00abproductiva\u00bb en Lee County. Prost\u00edbulos, robos, DUI y carreras ilegales. Lee County registra ola de arrestos de cubanos en abril de 2026 con cargos que incluyen racketeering, robo, prostituci\u00f3n y conducci\u00f3n ebria<\/h2>\n\n\n\n<p>La semana del 16 al 20 de abril de 2026 fue movidita para la comunidad cubana del condado Lee, en el suroeste de Florida. Mientras Yusniel Vald\u00e9s Dar\u00edas, residente de Cape Coral, era liberado tras casi ocho meses detenido por el Sheriff de Lee County, otros cubanos, compatriotas suyos, eran arrestados por cargos que van desde participar en una red de prostituci\u00f3n hasta conducir en estado de embriaguez en la Florida. El registro del Sheriff de Lee County, donde el c\u00f3digo \u00abCC\u00bb en los datos de nacimiento identifica a los detenidos como nacidos en Cuba, cuenta la historia completa.<\/p>\n\n\n\n<h2 class=\"wp-block-heading\">El que llevaba m\u00e1s tiempo: Yusniel Vald\u00e9s Dar\u00edas, 8 meses preso<\/h2>\n\n\n\n<p><strong><a href=\"https:\/\/www.sheriffleefl.org\/booking\/?id=1009686\" target=\"_blank\" rel=\"noreferrer noopener nofollow\">Yusniel Vald\u00e9s Dar\u00edas<\/a><\/strong>, de 41 a\u00f1os, residente en el 420 NW 25th Place de Cape Coral, fue el que m\u00e1s tiempo acumul\u00f3 detr\u00e1s de las rejas en este grupo. Ingres\u00f3 al sistema el 8 de agosto de 2025 y no sali\u00f3 hasta el 19 de abril de 2026, casi ocho meses despu\u00e9s.<\/p>\n\n\n\n<figure class=\"wp-block-image size-full\"><img loading=\"lazy\" decoding=\"async\" width=\"894\" height=\"1025\" src=\"https:\/\/cdn1.mediawpaccore.net\/wp-content\/uploads\/2026\/04\/21052016\/Screenshot-2026-04-21-093227.png\" alt=\"\" class=\"wp-image-241932\" srcset=\"https:\/\/cdn1.mediawpaccore.net\/wp-content\/uploads\/2026\/04\/21052016\/Screenshot-2026-04-21-093227.png 894w, https:\/\/cdn1.mediawpaccore.net\/wp-content\/uploads\/2026\/04\/21052016\/Screenshot-2026-04-21-093227-262x300.png 262w, https:\/\/cdn1.mediawpaccore.net\/wp-content\/uploads\/2026\/04\/21052016\/Screenshot-2026-04-21-093227-768x881.png 768w, https:\/\/cdn1.mediawpaccore.net\/wp-content\/uploads\/2026\/04\/21052016\/Screenshot-2026-04-21-093227-366x420.png 366w, https:\/\/cdn1.mediawpaccore.net\/wp-content\/uploads\/2026\/04\/21052016\/Screenshot-2026-04-21-093227-150x172.png 150w, https:\/\/cdn1.mediawpaccore.net\/wp-content\/uploads\/2026\/04\/21052016\/Screenshot-2026-04-21-093227-300x344.png 300w, https:\/\/cdn1.mediawpaccore.net\/wp-content\/uploads\/2026\/04\/21052016\/Screenshot-2026-04-21-093227-696x798.png 696w\" sizes=\"auto, (max-width: 894px) 100vw, 894px\" \/><\/figure>\n\n\n\n<p>No es la primera vez que su nombre aparece en los registros policiales del condado. <a href=\"https:\/\/www.winknews.com\/news\/crime\/man-arrested-after-yearlong-investigation-into-cape-coral-crime-ring\/article_636de83f-ca4a-5a33-a830-8b379b13f7b3.html\" target=\"_blank\" rel=\"noreferrer noopener nofollow\">En 2024, la Polic\u00eda de Cape Coral lo arrest\u00f3<\/a> tras una investigaci\u00f3n de m\u00e1s de un a\u00f1o sobre una red de crimen organizado dedicada al robo de equipos de construcci\u00f3n y veh\u00edculos de motor en el \u00e1rea. <\/p>\n\n\n\n<p>En ese caso, los detectives lo ubicaron como due\u00f1o del taller Direct Tires e identificaron que hab\u00eda robado maquinaria pesada, incluyendo minicargadoras y veh\u00edculos Gator Side by Side. Fue acusado entonces de robo mayor, comercio de propiedad robada y allanamiento de veh\u00edculo. En el registro m\u00e1s reciente que motiv\u00f3 su detenci\u00f3n de ocho meses, los cargos fueron robo mayor en segundo grado y allanamiento de veh\u00edculo, con el caso n\u00famero 24CF015047 todav\u00eda activo en los tribunales. <\/p>\n\n\n\n<h2 class=\"wp-block-heading\">Yesney P\u00e9rez Parra: prost\u00edbulos, racketeering y la Operaci\u00f3n Red Light<\/h2>\n\n\n\n<p>El caso m\u00e1s grave de la semana involucra a <strong><a href=\"https:\/\/www.sheriffleefl.org\/booking\/?id=1023259\" target=\"_blank\" rel=\"noreferrer noopener nofollow\">Yesney P\u00e9rez Parra<\/a><\/strong>, de 40 a\u00f1os, residente en Cape Coral. Fue arrestado el 16 de abril de 2026 como parte de la Operaci\u00f3n Red Light, una investigaci\u00f3n de dos a\u00f1os encabezada por la Fiscal\u00eda del Vig\u00e9simo Circuito Judicial de Florida y el grupo de trabajo INTERCEPT, especializado en explotaci\u00f3n infantil y trata de personas.<\/p>\n\n\n\n<p>La operaci\u00f3n, descrita por la Fiscal del Estado Amira Fox como \u00abla investigaci\u00f3n m\u00e1s larga y compleja jam\u00e1s realizada por INTERCEPT\u00bb, result\u00f3 en 10 arrestos simult\u00e1neos tras la ejecuci\u00f3n de ocho \u00f3rdenes de registro en cuatro locales comerciales y cuatro residencias en Cape Coral y Fort Myers. Seg\u00fan las autoridades, los prost\u00edbulos operaban camuflados entre otros negocios, sin ning\u00fan tipo de se\u00f1alizaci\u00f3n, y uno de ellos estaba a metros de una guarder\u00eda infantil en Fort Myers.<\/p>\n\n\n\n<p>P\u00e9rez Parra enfrenta tres cargos: conspiraci\u00f3n para participar en empresa de racketeering, mantener un local de prostituci\u00f3n y proxenetismo. Su fianza fue fijada en $60,000 en total y tiene audiencia el 18 de mayo. Fue liberado el 19 de abril tras pagar la fianza. Entre las agencias que participaron en la operaci\u00f3n figuran el Homeland Security Investigations, la Patrulla de Fronteras, el Servicio de Alguaciles de EE.UU. y el ICE, lo que hace probable que algunos de los detenidos enfrenten tambi\u00e9n procesos migratorios, aunque en la ficha no consta una retenci\u00f3n migratoria.<\/p>\n\n\n\n<figure class=\"wp-block-image size-large\"><img loading=\"lazy\" decoding=\"async\" width=\"764\" height=\"1024\" src=\"https:\/\/cdn1.mediawpaccore.net\/wp-content\/uploads\/2026\/04\/21052457\/Screenshot-2026-04-21-093238-764x1024.png\" alt=\"\" class=\"wp-image-241933\" srcset=\"https:\/\/cdn1.mediawpaccore.net\/wp-content\/uploads\/2026\/04\/21052457\/Screenshot-2026-04-21-093238-764x1024.png 764w, https:\/\/cdn1.mediawpaccore.net\/wp-content\/uploads\/2026\/04\/21052457\/Screenshot-2026-04-21-093238-224x300.png 224w, https:\/\/cdn1.mediawpaccore.net\/wp-content\/uploads\/2026\/04\/21052457\/Screenshot-2026-04-21-093238-768x1030.png 768w, https:\/\/cdn1.mediawpaccore.net\/wp-content\/uploads\/2026\/04\/21052457\/Screenshot-2026-04-21-093238-313x420.png 313w, https:\/\/cdn1.mediawpaccore.net\/wp-content\/uploads\/2026\/04\/21052457\/Screenshot-2026-04-21-093238-150x201.png 150w, https:\/\/cdn1.mediawpaccore.net\/wp-content\/uploads\/2026\/04\/21052457\/Screenshot-2026-04-21-093238-300x402.png 300w, https:\/\/cdn1.mediawpaccore.net\/wp-content\/uploads\/2026\/04\/21052457\/Screenshot-2026-04-21-093238-696x933.png 696w, https:\/\/cdn1.mediawpaccore.net\/wp-content\/uploads\/2026\/04\/21052457\/Screenshot-2026-04-21-093238.png 898w\" sizes=\"auto, (max-width: 764px) 100vw, 764px\" \/><\/figure>\n\n\n\n<h2 class=\"wp-block-heading\">Los otros cinco: DUI, carreras ilegales y agresi\u00f3n<\/h2>\n\n\n\n<p>El resto de los cubanos arrestados y procesados esa semana en Lee County, Florida presentan cargos de menor gravedad pero igualmente reveladores del perfil delictivo del fin de semana.<\/p>\n\n\n\n<p><strong><a href=\"https:\/\/www.sheriffleefl.org\/booking\/?id=1023450\" target=\"_blank\" rel=\"noreferrer noopener nofollow\">Yohandi Toirac Ortega<\/a><\/strong>, de 31 a\u00f1os, residente en Fort Myers, fue arrestado el 19 de abril por la Polic\u00eda de Cape Coral por dos cargos: DUI con nivel de alcohol en sangre de 0.15 o superior con menor en el veh\u00edculo, y resistencia a un oficial sin violencia. Ambos cargos son serios: el primero constituye una agravante significativa por la presencia de un menor. Pag\u00f3 $1,000 en fianza y fue liberado el mismo d\u00eda. Tiene audiencia el 4 de mayo.<\/p>\n\n\n\n<figure class=\"wp-block-image size-full\"><img loading=\"lazy\" decoding=\"async\" width=\"891\" height=\"1010\" src=\"https:\/\/cdn1.mediawpaccore.net\/wp-content\/uploads\/2026\/04\/21052729\/Screenshot-2026-04-21-093249.png\" alt=\"\" class=\"wp-image-241934\" srcset=\"https:\/\/cdn1.mediawpaccore.net\/wp-content\/uploads\/2026\/04\/21052729\/Screenshot-2026-04-21-093249.png 891w, https:\/\/cdn1.mediawpaccore.net\/wp-content\/uploads\/2026\/04\/21052729\/Screenshot-2026-04-21-093249-265x300.png 265w, https:\/\/cdn1.mediawpaccore.net\/wp-content\/uploads\/2026\/04\/21052729\/Screenshot-2026-04-21-093249-768x871.png 768w, https:\/\/cdn1.mediawpaccore.net\/wp-content\/uploads\/2026\/04\/21052729\/Screenshot-2026-04-21-093249-371x420.png 371w, https:\/\/cdn1.mediawpaccore.net\/wp-content\/uploads\/2026\/04\/21052729\/Screenshot-2026-04-21-093249-150x170.png 150w, https:\/\/cdn1.mediawpaccore.net\/wp-content\/uploads\/2026\/04\/21052729\/Screenshot-2026-04-21-093249-300x340.png 300w, https:\/\/cdn1.mediawpaccore.net\/wp-content\/uploads\/2026\/04\/21052729\/Screenshot-2026-04-21-093249-696x789.png 696w\" sizes=\"auto, (max-width: 891px) 100vw, 891px\" \/><\/figure>\n\n\n\n<p><strong><a href=\"https:\/\/www.sheriffleefl.org\/booking\/?id=1023424\" target=\"_blank\" rel=\"noreferrer noopener nofollow\">Rafael Rodr\u00edguez Borrego<\/a><\/strong>, de 32 a\u00f1os, de Lehigh Acres, fue detenido a la 1:26 de la madrugada del 19 de abril por la Patrulla de Carreteras de Florida por violar la ley de carreras callejeras y conducci\u00f3n temeraria. Pag\u00f3 $1,000 de fianza y fue liberado el mismo d\u00eda antes del mediod\u00eda.<\/p>\n\n\n\n<figure class=\"wp-block-image size-full\"><img loading=\"lazy\" decoding=\"async\" width=\"887\" height=\"824\" src=\"https:\/\/cdn1.mediawpaccore.net\/wp-content\/uploads\/2026\/04\/21052745\/Screenshot-2026-04-21-093259.png\" alt=\"\" class=\"wp-image-241935\" srcset=\"https:\/\/cdn1.mediawpaccore.net\/wp-content\/uploads\/2026\/04\/21052745\/Screenshot-2026-04-21-093259.png 887w, https:\/\/cdn1.mediawpaccore.net\/wp-content\/uploads\/2026\/04\/21052745\/Screenshot-2026-04-21-093259-300x279.png 300w, https:\/\/cdn1.mediawpaccore.net\/wp-content\/uploads\/2026\/04\/21052745\/Screenshot-2026-04-21-093259-768x713.png 768w, https:\/\/cdn1.mediawpaccore.net\/wp-content\/uploads\/2026\/04\/21052745\/Screenshot-2026-04-21-093259-452x420.png 452w, https:\/\/cdn1.mediawpaccore.net\/wp-content\/uploads\/2026\/04\/21052745\/Screenshot-2026-04-21-093259-150x139.png 150w, https:\/\/cdn1.mediawpaccore.net\/wp-content\/uploads\/2026\/04\/21052745\/Screenshot-2026-04-21-093259-696x647.png 696w\" sizes=\"auto, (max-width: 887px) 100vw, 887px\" \/><\/figure>\n\n\n\n<p><strong><a href=\"https:\/\/www.sheriffleefl.org\/booking\/?id=1023432\" target=\"_blank\" rel=\"noreferrer noopener nofollow\">Yasiel Audias Mart\u00edn<\/a><\/strong>, de 23 a\u00f1os, tambi\u00e9n de Lehigh Acres, fue arrestado a las 4:30 de la ma\u00f1ana del 19 de abril por la Patrulla de Carreteras por DUI con nivel de alcohol de 0.08 o m\u00e1s. Pag\u00f3 $500 de fianza y fue liberado pocas horas despu\u00e9s.<\/p>\n\n\n\n<figure class=\"wp-block-image size-full\"><img loading=\"lazy\" decoding=\"async\" width=\"894\" height=\"809\" src=\"https:\/\/cdn1.mediawpaccore.net\/wp-content\/uploads\/2026\/04\/21052800\/Screenshot-2026-04-21-093310.png\" alt=\"\" class=\"wp-image-241936\" srcset=\"https:\/\/cdn1.mediawpaccore.net\/wp-content\/uploads\/2026\/04\/21052800\/Screenshot-2026-04-21-093310.png 894w, https:\/\/cdn1.mediawpaccore.net\/wp-content\/uploads\/2026\/04\/21052800\/Screenshot-2026-04-21-093310-300x271.png 300w, https:\/\/cdn1.mediawpaccore.net\/wp-content\/uploads\/2026\/04\/21052800\/Screenshot-2026-04-21-093310-768x695.png 768w, https:\/\/cdn1.mediawpaccore.net\/wp-content\/uploads\/2026\/04\/21052800\/Screenshot-2026-04-21-093310-464x420.png 464w, https:\/\/cdn1.mediawpaccore.net\/wp-content\/uploads\/2026\/04\/21052800\/Screenshot-2026-04-21-093310-150x136.png 150w, https:\/\/cdn1.mediawpaccore.net\/wp-content\/uploads\/2026\/04\/21052800\/Screenshot-2026-04-21-093310-696x630.png 696w\" sizes=\"auto, (max-width: 894px) 100vw, 894px\" \/><\/figure>\n\n\n\n<p><strong><a href=\"https:\/\/www.sheriffleefl.org\/booking\/?id=1023433\" target=\"_blank\" rel=\"noreferrer noopener nofollow\">Yosiel Medina Donastien<\/a><\/strong>, de 43 a\u00f1os, residente en Opa Locka pero detenido en Lee County, fue arrestado a las 4:37 de la ma\u00f1ana del 19 de abril por dos cargos de DUI: influencia de alcohol o drogas y negativa a someterse a prueba de alcohol. Pag\u00f3 $1,000 de fianza y fue liberado esa tarde.<\/p>\n\n\n\n<figure class=\"wp-block-image size-full\"><img loading=\"lazy\" decoding=\"async\" width=\"898\" height=\"1011\" src=\"https:\/\/cdn1.mediawpaccore.net\/wp-content\/uploads\/2026\/04\/21052813\/Screenshot-2026-04-21-093320.png\" alt=\"\" class=\"wp-image-241937\" srcset=\"https:\/\/cdn1.mediawpaccore.net\/wp-content\/uploads\/2026\/04\/21052813\/Screenshot-2026-04-21-093320.png 898w, https:\/\/cdn1.mediawpaccore.net\/wp-content\/uploads\/2026\/04\/21052813\/Screenshot-2026-04-21-093320-266x300.png 266w, https:\/\/cdn1.mediawpaccore.net\/wp-content\/uploads\/2026\/04\/21052813\/Screenshot-2026-04-21-093320-768x865.png 768w, https:\/\/cdn1.mediawpaccore.net\/wp-content\/uploads\/2026\/04\/21052813\/Screenshot-2026-04-21-093320-373x420.png 373w, https:\/\/cdn1.mediawpaccore.net\/wp-content\/uploads\/2026\/04\/21052813\/Screenshot-2026-04-21-093320-150x169.png 150w, https:\/\/cdn1.mediawpaccore.net\/wp-content\/uploads\/2026\/04\/21052813\/Screenshot-2026-04-21-093320-300x338.png 300w, https:\/\/cdn1.mediawpaccore.net\/wp-content\/uploads\/2026\/04\/21052813\/Screenshot-2026-04-21-093320-696x784.png 696w\" sizes=\"auto, (max-width: 898px) 100vw, 898px\" \/><\/figure>\n\n\n\n<p><strong><a href=\"https:\/\/www.sheriffleefl.org\/booking\/?id=1023483\" target=\"_blank\" rel=\"noreferrer noopener nofollow\">Roberto Arley Ruiz Rivero<\/a><\/strong>, de 21 a\u00f1os, de Lehigh Acres, fue arrestado el 20 de abril a las 3:24 de la madrugada por el Sheriff de Lee County por bater\u00eda f\u00edsica. Al cierre de esta nota permanec\u00eda en custodia en el Bloque 1E del centro de detenci\u00f3n, sin fianza establecida. Tiene audiencia el 19 de mayo.<\/p>\n\n\n\n<figure class=\"wp-block-image size-full\"><img loading=\"lazy\" decoding=\"async\" width=\"891\" height=\"805\" src=\"https:\/\/cdn1.mediawpaccore.net\/wp-content\/uploads\/2026\/04\/21052828\/Screenshot-2026-04-21-093332.png\" alt=\"\" class=\"wp-image-241938\" srcset=\"https:\/\/cdn1.mediawpaccore.net\/wp-content\/uploads\/2026\/04\/21052828\/Screenshot-2026-04-21-093332.png 891w, https:\/\/cdn1.mediawpaccore.net\/wp-content\/uploads\/2026\/04\/21052828\/Screenshot-2026-04-21-093332-300x271.png 300w, https:\/\/cdn1.mediawpaccore.net\/wp-content\/uploads\/2026\/04\/21052828\/Screenshot-2026-04-21-093332-768x694.png 768w, https:\/\/cdn1.mediawpaccore.net\/wp-content\/uploads\/2026\/04\/21052828\/Screenshot-2026-04-21-093332-465x420.png 465w, https:\/\/cdn1.mediawpaccore.net\/wp-content\/uploads\/2026\/04\/21052828\/Screenshot-2026-04-21-093332-150x136.png 150w, https:\/\/cdn1.mediawpaccore.net\/wp-content\/uploads\/2026\/04\/21052828\/Screenshot-2026-04-21-093332-696x629.png 696w\" sizes=\"auto, (max-width: 891px) 100vw, 891px\" \/><\/figure>\n\n\n\n<p>Una semana intensa en Lee County, Florida, condado donde la comunidad cubana tiene una presencia tan significativa como visible en el registro del Sheriff, y donde al final todos los cubanos arrestados salieron, o casi todos: seis de los siete ya est\u00e1n en la calle con audiencias pendientes, fianzas pagadas y, en alg\u00fan caso, con el ICE mirando de cerca, mientras el \u00fanico que sigue adentro es Roberto Arley Ruiz Rivero, 21 a\u00f1os, sin fianza y con audiencia hasta el 19 de mayo, aunque los dem\u00e1s ya pueden disfrutar de la belleza de Florida, eso s\u00ed, con una fecha en el tribunal bien marcada en el calendario.<\/p>\n\n\n\n<p><\/p>\n","protected":false},"excerpt":{"rendered":"<p>Uno llevaba ocho meses detenido y sali\u00f3 el 19 de abril. Ese mismo d\u00eda y los siguientes, otros seis cubanos fueron arrestados o liberados en el mismo condado por cargos muy distintos.<\/p>\n","protected":false},"author":13,"featured_media":241940,"comment_status":"open","ping_status":"closed","sticky":false,"template":"","format":"standard","meta":{"_acf_changed":false,"footnotes":""},"categories":[18,954],"tags":[1067,11895,31988,314,31170,31987,31986,31989,31990],"class_list":{"0":"post-241931","1":"post","2":"type-post","3":"status-publish","4":"format-standard","5":"has-post-thumbnail","7":"category-noticias","8":"category-noticias-de-florida","9":"tag-arrestos","10":"tag-cubanos-en-florida","11":"tag-dui-cubanos-florida","12":"tag-florida","13":"tag-lee-county","14":"tag-operacion-red-light","15":"tag-prostibulos-lee-county","16":"tag-yesney-perez-parra","17":"tag-yusniel-valdes-darias"},"acf":[],"yoast_head":"<!-- This site is optimized with the Yoast SEO plugin v27.4 - https:\/\/yoast.com\/product\/yoast-seo-wordpress\/ -->\n<title>Liberado cubano tras 8 meses detenido en Lee County, Florida. Otros 7 fueron procesados en una semana - Cuballama Noticias<\/title>\n<meta name=\"description\" content=\"Yusniel Vald\u00e9s Dar\u00edas sali\u00f3 tras 8 meses preso en Lee County, Florida, mientras otros cinco cubanos eran arrestados esa misma semana.\" \/>\n<meta name=\"robots\" content=\"index, follow, max-snippet:-1, max-image-preview:large, max-video-preview:-1\" \/>\n<link rel=\"canonical\" href=\"https:\/\/www.cuballama.com\/noticias\/liberado-cubano-tras-8-meses-detenido-en-lee-county-florida-otros-7-fueron-procesados-en-una-semana\/\" \/>\n<meta property=\"og:locale\" content=\"es_ES\" \/>\n<meta property=\"og:type\" content=\"article\" \/>\n<meta property=\"og:title\" content=\"Liberado cubano tras 8 meses detenido en Lee County, Florida. Otros 7 fueron procesados en una semana - Cuballama Noticias\" \/>\n<meta property=\"og:description\" content=\"Yusniel Vald\u00e9s Dar\u00edas sali\u00f3 tras 8 meses preso en Lee County, Florida, mientras otros cinco cubanos eran arrestados esa misma semana.\" \/>\n<meta property=\"og:url\" content=\"https:\/\/www.cuballama.com\/noticias\/liberado-cubano-tras-8-meses-detenido-en-lee-county-florida-otros-7-fueron-procesados-en-una-semana\/\" \/>\n<meta property=\"og:site_name\" content=\"Cuballama Noticias\" \/>\n<meta property=\"article:publisher\" content=\"https:\/\/www.facebook.com\/CubaLlama\" \/>\n<meta property=\"article:published_time\" content=\"2026-04-27T10:31:02+00:00\" \/>\n<meta property=\"article:modified_time\" content=\"2026-04-27T10:31:16+00:00\" \/>\n<meta property=\"og:image\" content=\"https:\/\/cdn1.mediawpaccore.net\/wp-content\/uploads\/2026\/04\/21053300\/image-109.png\" \/>\n\t<meta property=\"og:image:width\" content=\"1941\" \/>\n\t<meta property=\"og:image:height\" content=\"1033\" \/>\n\t<meta property=\"og:image:type\" content=\"image\/png\" \/>\n<meta name=\"author\" content=\"Roberto A.\" \/>\n<meta name=\"twitter:card\" content=\"summary_large_image\" \/>\n<meta name=\"twitter:creator\" content=\"@cuballama\" \/>\n<meta name=\"twitter:site\" content=\"@cuballama\" \/>\n<meta name=\"twitter:label1\" content=\"Escrito por\" \/>\n\t<meta name=\"twitter:data1\" content=\"Roberto A.\" \/>\n\t<meta name=\"twitter:label2\" content=\"Tiempo de lectura\" \/>\n\t<meta name=\"twitter:data2\" content=\"7 minutos\" \/>\n<script type=\"application\/ld+json\" class=\"yoast-schema-graph\">{\"@context\":\"https:\\\/\\\/schema.org\",\"@graph\":[{\"@type\":\"Article\",\"@id\":\"https:\\\/\\\/www.cuballama.com\\\/noticias\\\/liberado-cubano-tras-8-meses-detenido-en-lee-county-florida-otros-7-fueron-procesados-en-una-semana\\\/#article\",\"isPartOf\":{\"@id\":\"https:\\\/\\\/www.cuballama.com\\\/noticias\\\/liberado-cubano-tras-8-meses-detenido-en-lee-county-florida-otros-7-fueron-procesados-en-una-semana\\\/\"},\"author\":{\"name\":\"Roberto A.\",\"@id\":\"https:\\\/\\\/www.cuballama.com\\\/noticias\\\/#\\\/schema\\\/person\\\/a58502ed4146c8e9f83872e897c76cd2\"},\"headline\":\"Liberado cubano tras 8 meses detenido en Lee County, Florida. Otros 7 fueron procesados en una semana\",\"datePublished\":\"2026-04-27T10:31:02+00:00\",\"dateModified\":\"2026-04-27T10:31:16+00:00\",\"mainEntityOfPage\":{\"@id\":\"https:\\\/\\\/www.cuballama.com\\\/noticias\\\/liberado-cubano-tras-8-meses-detenido-en-lee-county-florida-otros-7-fueron-procesados-en-una-semana\\\/\"},\"wordCount\":1057,\"commentCount\":0,\"publisher\":{\"@id\":\"https:\\\/\\\/www.cuballama.com\\\/noticias\\\/#organization\"},\"image\":{\"@id\":\"https:\\\/\\\/www.cuballama.com\\\/noticias\\\/liberado-cubano-tras-8-meses-detenido-en-lee-county-florida-otros-7-fueron-procesados-en-una-semana\\\/#primaryimage\"},\"thumbnailUrl\":\"https:\\\/\\\/cdn1.mediawpaccore.net\\\/wp-content\\\/uploads\\\/2026\\\/04\\\/21053300\\\/image-109.png\",\"keywords\":[\"Arrestos\",\"cubanos en Florida\",\"DUI cubanos Florida\",\"Florida\",\"Lee County\",\"Operaci\u00f3n Red Light\",\"prost\u00edbulos Lee County\",\"Yesney Perez Parra\",\"Yusniel Valdes Darias\"],\"articleSection\":[\"Noticias\",\"Noticias de Florida\"],\"inLanguage\":\"es\",\"potentialAction\":[{\"@type\":\"CommentAction\",\"name\":\"Comment\",\"target\":[\"https:\\\/\\\/www.cuballama.com\\\/noticias\\\/liberado-cubano-tras-8-meses-detenido-en-lee-county-florida-otros-7-fueron-procesados-en-una-semana\\\/#respond\"]}]},{\"@type\":\"WebPage\",\"@id\":\"https:\\\/\\\/www.cuballama.com\\\/noticias\\\/liberado-cubano-tras-8-meses-detenido-en-lee-county-florida-otros-7-fueron-procesados-en-una-semana\\\/\",\"url\":\"https:\\\/\\\/www.cuballama.com\\\/noticias\\\/liberado-cubano-tras-8-meses-detenido-en-lee-county-florida-otros-7-fueron-procesados-en-una-semana\\\/\",\"name\":\"Liberado cubano tras 8 meses detenido en Lee County, Florida. Otros 7 fueron procesados en una semana - Cuballama Noticias\",\"isPartOf\":{\"@id\":\"https:\\\/\\\/www.cuballama.com\\\/noticias\\\/#website\"},\"primaryImageOfPage\":{\"@id\":\"https:\\\/\\\/www.cuballama.com\\\/noticias\\\/liberado-cubano-tras-8-meses-detenido-en-lee-county-florida-otros-7-fueron-procesados-en-una-semana\\\/#primaryimage\"},\"image\":{\"@id\":\"https:\\\/\\\/www.cuballama.com\\\/noticias\\\/liberado-cubano-tras-8-meses-detenido-en-lee-county-florida-otros-7-fueron-procesados-en-una-semana\\\/#primaryimage\"},\"thumbnailUrl\":\"https:\\\/\\\/cdn1.mediawpaccore.net\\\/wp-content\\\/uploads\\\/2026\\\/04\\\/21053300\\\/image-109.png\",\"datePublished\":\"2026-04-27T10:31:02+00:00\",\"dateModified\":\"2026-04-27T10:31:16+00:00\",\"description\":\"Yusniel Vald\u00e9s Dar\u00edas sali\u00f3 tras 8 meses preso en Lee County, Florida, mientras otros cinco cubanos eran arrestados esa misma semana.\",\"breadcrumb\":{\"@id\":\"https:\\\/\\\/www.cuballama.com\\\/noticias\\\/liberado-cubano-tras-8-meses-detenido-en-lee-county-florida-otros-7-fueron-procesados-en-una-semana\\\/#breadcrumb\"},\"inLanguage\":\"es\",\"potentialAction\":[{\"@type\":\"ReadAction\",\"target\":[\"https:\\\/\\\/www.cuballama.com\\\/noticias\\\/liberado-cubano-tras-8-meses-detenido-en-lee-county-florida-otros-7-fueron-procesados-en-una-semana\\\/\"]}]},{\"@type\":\"ImageObject\",\"inLanguage\":\"es\",\"@id\":\"https:\\\/\\\/www.cuballama.com\\\/noticias\\\/liberado-cubano-tras-8-meses-detenido-en-lee-county-florida-otros-7-fueron-procesados-en-una-semana\\\/#primaryimage\",\"url\":\"https:\\\/\\\/cdn1.mediawpaccore.net\\\/wp-content\\\/uploads\\\/2026\\\/04\\\/21053300\\\/image-109.png\",\"contentUrl\":\"https:\\\/\\\/cdn1.mediawpaccore.net\\\/wp-content\\\/uploads\\\/2026\\\/04\\\/21053300\\\/image-109.png\",\"width\":1941,\"height\":1033,\"caption\":\"Foto: Collage v\u00eda Lee County Sheriff Office\"},{\"@type\":\"BreadcrumbList\",\"@id\":\"https:\\\/\\\/www.cuballama.com\\\/noticias\\\/liberado-cubano-tras-8-meses-detenido-en-lee-county-florida-otros-7-fueron-procesados-en-una-semana\\\/#breadcrumb\",\"itemListElement\":[{\"@type\":\"ListItem\",\"position\":1,\"name\":\"Home\",\"item\":\"https:\\\/\\\/www.cuballama.com\\\/noticias\\\/\"},{\"@type\":\"ListItem\",\"position\":2,\"name\":\"Liberado cubano tras 8 meses detenido en Lee County, Florida. Otros 7 fueron procesados en una semana\"}]},{\"@type\":\"WebSite\",\"@id\":\"https:\\\/\\\/www.cuballama.com\\\/noticias\\\/#website\",\"url\":\"https:\\\/\\\/www.cuballama.com\\\/noticias\\\/\",\"name\":\"Cuballama Noticias\",\"description\":\"Medio digital sobre Cuba y el mundo\",\"publisher\":{\"@id\":\"https:\\\/\\\/www.cuballama.com\\\/noticias\\\/#organization\"},\"potentialAction\":[{\"@type\":\"SearchAction\",\"target\":{\"@type\":\"EntryPoint\",\"urlTemplate\":\"https:\\\/\\\/www.cuballama.com\\\/noticias\\\/?s={search_term_string}\"},\"query-input\":{\"@type\":\"PropertyValueSpecification\",\"valueRequired\":true,\"valueName\":\"search_term_string\"}}],\"inLanguage\":\"es\"},{\"@type\":\"Organization\",\"@id\":\"https:\\\/\\\/www.cuballama.com\\\/noticias\\\/#organization\",\"name\":\"Cuballama\",\"url\":\"https:\\\/\\\/www.cuballama.com\\\/noticias\\\/\",\"logo\":{\"@type\":\"ImageObject\",\"inLanguage\":\"es\",\"@id\":\"https:\\\/\\\/www.cuballama.com\\\/noticias\\\/#\\\/schema\\\/logo\\\/image\\\/\",\"url\":\"https:\\\/\\\/cdn1.mediawpaccore.net\\\/wp-content\\\/uploads\\\/2021\\\/12\\\/28171206\\\/cbll-logo-color-sm.png\",\"contentUrl\":\"https:\\\/\\\/cdn1.mediawpaccore.net\\\/wp-content\\\/uploads\\\/2021\\\/12\\\/28171206\\\/cbll-logo-color-sm.png\",\"width\":600,\"height\":133,\"caption\":\"Cuballama\"},\"image\":{\"@id\":\"https:\\\/\\\/www.cuballama.com\\\/noticias\\\/#\\\/schema\\\/logo\\\/image\\\/\"},\"sameAs\":[\"https:\\\/\\\/www.facebook.com\\\/CubaLlama\",\"https:\\\/\\\/x.com\\\/cuballama\",\"https:\\\/\\\/www.instagram.com\\\/stories\\\/cuballama_oficial\\\/\",\"https:\\\/\\\/www.youtube.com\\\/channel\\\/UCKkFE-d_axENGZcrc4as0IA\"]},{\"@type\":\"Person\",\"@id\":\"https:\\\/\\\/www.cuballama.com\\\/noticias\\\/#\\\/schema\\\/person\\\/a58502ed4146c8e9f83872e897c76cd2\",\"name\":\"Roberto A.\",\"description\":\"Roberto A. Periodista por decisi\u00f3n propia. Interesado en cualquier tema que me apasione y cada vez m\u00e1s comprometido con la verdad y la objetividad period\u00edstica. Graduado en La Habana hace ya muchos a\u00f1os, luego de una accidentada y polvorienta b\u00fasqueda de informaci\u00f3n sobre un tema in\u00e9dito. La Tesis, por cierto, desapareci\u00f3 de la biblioteca y no se conservan copias de la misma.\",\"url\":\"https:\\\/\\\/www.cuballama.com\\\/noticias\\\/author\\\/roberto\\\/\"}]}<\/script>\n<!-- \/ Yoast SEO plugin. -->","yoast_head_json":{"title":"Liberado cubano tras 8 meses detenido en Lee County, Florida. Otros 7 fueron procesados en una semana - Cuballama Noticias","description":"Yusniel Vald\u00e9s Dar\u00edas sali\u00f3 tras 8 meses preso en Lee County, Florida, mientras otros cinco cubanos eran arrestados esa misma semana.","robots":{"index":"index","follow":"follow","max-snippet":"max-snippet:-1","max-image-preview":"max-image-preview:large","max-video-preview":"max-video-preview:-1"},"canonical":"https:\/\/www.cuballama.com\/noticias\/liberado-cubano-tras-8-meses-detenido-en-lee-county-florida-otros-7-fueron-procesados-en-una-semana\/","og_locale":"es_ES","og_type":"article","og_title":"Liberado cubano tras 8 meses detenido en Lee County, Florida. Otros 7 fueron procesados en una semana - Cuballama Noticias","og_description":"Yusniel Vald\u00e9s Dar\u00edas sali\u00f3 tras 8 meses preso en Lee County, Florida, mientras otros cinco cubanos eran arrestados esa misma semana.","og_url":"https:\/\/www.cuballama.com\/noticias\/liberado-cubano-tras-8-meses-detenido-en-lee-county-florida-otros-7-fueron-procesados-en-una-semana\/","og_site_name":"Cuballama Noticias","article_publisher":"https:\/\/www.facebook.com\/CubaLlama","article_published_time":"2026-04-27T10:31:02+00:00","article_modified_time":"2026-04-27T10:31:16+00:00","og_image":[{"width":1941,"height":1033,"url":"https:\/\/cdn1.mediawpaccore.net\/wp-content\/uploads\/2026\/04\/21053300\/image-109.png","type":"image\/png"}],"author":"Roberto A.","twitter_card":"summary_large_image","twitter_creator":"@cuballama","twitter_site":"@cuballama","twitter_misc":{"Escrito por":"Roberto A.","Tiempo de lectura":"7 minutos"},"schema":{"@context":"https:\/\/schema.org","@graph":[{"@type":"Article","@id":"https:\/\/www.cuballama.com\/noticias\/liberado-cubano-tras-8-meses-detenido-en-lee-county-florida-otros-7-fueron-procesados-en-una-semana\/#article","isPartOf":{"@id":"https:\/\/www.cuballama.com\/noticias\/liberado-cubano-tras-8-meses-detenido-en-lee-county-florida-otros-7-fueron-procesados-en-una-semana\/"},"author":{"name":"Roberto A.","@id":"https:\/\/www.cuballama.com\/noticias\/#\/schema\/person\/a58502ed4146c8e9f83872e897c76cd2"},"headline":"Liberado cubano tras 8 meses detenido en Lee County, Florida. Otros 7 fueron procesados en una semana","datePublished":"2026-04-27T10:31:02+00:00","dateModified":"2026-04-27T10:31:16+00:00","mainEntityOfPage":{"@id":"https:\/\/www.cuballama.com\/noticias\/liberado-cubano-tras-8-meses-detenido-en-lee-county-florida-otros-7-fueron-procesados-en-una-semana\/"},"wordCount":1057,"commentCount":0,"publisher":{"@id":"https:\/\/www.cuballama.com\/noticias\/#organization"},"image":{"@id":"https:\/\/www.cuballama.com\/noticias\/liberado-cubano-tras-8-meses-detenido-en-lee-county-florida-otros-7-fueron-procesados-en-una-semana\/#primaryimage"},"thumbnailUrl":"https:\/\/cdn1.mediawpaccore.net\/wp-content\/uploads\/2026\/04\/21053300\/image-109.png","keywords":["Arrestos","cubanos en Florida","DUI cubanos Florida","Florida","Lee County","Operaci\u00f3n Red Light","prost\u00edbulos Lee County","Yesney Perez Parra","Yusniel Valdes Darias"],"articleSection":["Noticias","Noticias de Florida"],"inLanguage":"es","potentialAction":[{"@type":"CommentAction","name":"Comment","target":["https:\/\/www.cuballama.com\/noticias\/liberado-cubano-tras-8-meses-detenido-en-lee-county-florida-otros-7-fueron-procesados-en-una-semana\/#respond"]}]},{"@type":"WebPage","@id":"https:\/\/www.cuballama.com\/noticias\/liberado-cubano-tras-8-meses-detenido-en-lee-county-florida-otros-7-fueron-procesados-en-una-semana\/","url":"https:\/\/www.cuballama.com\/noticias\/liberado-cubano-tras-8-meses-detenido-en-lee-county-florida-otros-7-fueron-procesados-en-una-semana\/","name":"Liberado cubano tras 8 meses detenido en Lee County, Florida. Otros 7 fueron procesados en una semana - Cuballama Noticias","isPartOf":{"@id":"https:\/\/www.cuballama.com\/noticias\/#website"},"primaryImageOfPage":{"@id":"https:\/\/www.cuballama.com\/noticias\/liberado-cubano-tras-8-meses-detenido-en-lee-county-florida-otros-7-fueron-procesados-en-una-semana\/#primaryimage"},"image":{"@id":"https:\/\/www.cuballama.com\/noticias\/liberado-cubano-tras-8-meses-detenido-en-lee-county-florida-otros-7-fueron-procesados-en-una-semana\/#primaryimage"},"thumbnailUrl":"https:\/\/cdn1.mediawpaccore.net\/wp-content\/uploads\/2026\/04\/21053300\/image-109.png","datePublished":"2026-04-27T10:31:02+00:00","dateModified":"2026-04-27T10:31:16+00:00","description":"Yusniel Vald\u00e9s Dar\u00edas sali\u00f3 tras 8 meses preso en Lee County, Florida, mientras otros cinco cubanos eran arrestados esa misma semana.","breadcrumb":{"@id":"https:\/\/www.cuballama.com\/noticias\/liberado-cubano-tras-8-meses-detenido-en-lee-county-florida-otros-7-fueron-procesados-en-una-semana\/#breadcrumb"},"inLanguage":"es","potentialAction":[{"@type":"ReadAction","target":["https:\/\/www.cuballama.com\/noticias\/liberado-cubano-tras-8-meses-detenido-en-lee-county-florida-otros-7-fueron-procesados-en-una-semana\/"]}]},{"@type":"ImageObject","inLanguage":"es","@id":"https:\/\/www.cuballama.com\/noticias\/liberado-cubano-tras-8-meses-detenido-en-lee-county-florida-otros-7-fueron-procesados-en-una-semana\/#primaryimage","url":"https:\/\/cdn1.mediawpaccore.net\/wp-content\/uploads\/2026\/04\/21053300\/image-109.png","contentUrl":"https:\/\/cdn1.mediawpaccore.net\/wp-content\/uploads\/2026\/04\/21053300\/image-109.png","width":1941,"height":1033,"caption":"Foto: Collage v\u00eda Lee County Sheriff Office"},{"@type":"BreadcrumbList","@id":"https:\/\/www.cuballama.com\/noticias\/liberado-cubano-tras-8-meses-detenido-en-lee-county-florida-otros-7-fueron-procesados-en-una-semana\/#breadcrumb","itemListElement":[{"@type":"ListItem","position":1,"name":"Home","item":"https:\/\/www.cuballama.com\/noticias\/"},{"@type":"ListItem","position":2,"name":"Liberado cubano tras 8 meses detenido en Lee County, Florida. Otros 7 fueron procesados en una semana"}]},{"@type":"WebSite","@id":"https:\/\/www.cuballama.com\/noticias\/#website","url":"https:\/\/www.cuballama.com\/noticias\/","name":"Cuballama Noticias","description":"Medio digital sobre Cuba y el mundo","publisher":{"@id":"https:\/\/www.cuballama.com\/noticias\/#organization"},"potentialAction":[{"@type":"SearchAction","target":{"@type":"EntryPoint","urlTemplate":"https:\/\/www.cuballama.com\/noticias\/?s={search_term_string}"},"query-input":{"@type":"PropertyValueSpecification","valueRequired":true,"valueName":"search_term_string"}}],"inLanguage":"es"},{"@type":"Organization","@id":"https:\/\/www.cuballama.com\/noticias\/#organization","name":"Cuballama","url":"https:\/\/www.cuballama.com\/noticias\/","logo":{"@type":"ImageObject","inLanguage":"es","@id":"https:\/\/www.cuballama.com\/noticias\/#\/schema\/logo\/image\/","url":"https:\/\/cdn1.mediawpaccore.net\/wp-content\/uploads\/2021\/12\/28171206\/cbll-logo-color-sm.png","contentUrl":"https:\/\/cdn1.mediawpaccore.net\/wp-content\/uploads\/2021\/12\/28171206\/cbll-logo-color-sm.png","width":600,"height":133,"caption":"Cuballama"},"image":{"@id":"https:\/\/www.cuballama.com\/noticias\/#\/schema\/logo\/image\/"},"sameAs":["https:\/\/www.facebook.com\/CubaLlama","https:\/\/x.com\/cuballama","https:\/\/www.instagram.com\/stories\/cuballama_oficial\/","https:\/\/www.youtube.com\/channel\/UCKkFE-d_axENGZcrc4as0IA"]},{"@type":"Person","@id":"https:\/\/www.cuballama.com\/noticias\/#\/schema\/person\/a58502ed4146c8e9f83872e897c76cd2","name":"Roberto A.","description":"Roberto A. Periodista por decisi\u00f3n propia. Interesado en cualquier tema que me apasione y cada vez m\u00e1s comprometido con la verdad y la objetividad period\u00edstica. Graduado en La Habana hace ya muchos a\u00f1os, luego de una accidentada y polvorienta b\u00fasqueda de informaci\u00f3n sobre un tema in\u00e9dito. La Tesis, por cierto, desapareci\u00f3 de la biblioteca y no se conservan copias de la misma.","url":"https:\/\/www.cuballama.com\/noticias\/author\/roberto\/"}]}},"_links":{"self":[{"href":"https:\/\/www.cuballama.com\/noticias\/wp-json\/wp\/v2\/posts\/241931","targetHints":{"allow":["GET"]}}],"collection":[{"href":"https:\/\/www.cuballama.com\/noticias\/wp-json\/wp\/v2\/posts"}],"about":[{"href":"https:\/\/www.cuballama.com\/noticias\/wp-json\/wp\/v2\/types\/post"}],"author":[{"embeddable":true,"href":"https:\/\/www.cuballama.com\/noticias\/wp-json\/wp\/v2\/users\/13"}],"replies":[{"embeddable":true,"href":"https:\/\/www.cuballama.com\/noticias\/wp-json\/wp\/v2\/comments?post=241931"}],"version-history":[{"count":7,"href":"https:\/\/www.cuballama.com\/noticias\/wp-json\/wp\/v2\/posts\/241931\/revisions"}],"predecessor-version":[{"id":241946,"href":"https:\/\/www.cuballama.com\/noticias\/wp-json\/wp\/v2\/posts\/241931\/revisions\/241946"}],"wp:featuredmedia":[{"embeddable":true,"href":"https:\/\/www.cuballama.com\/noticias\/wp-json\/wp\/v2\/media\/241940"}],"wp:attachment":[{"href":"https:\/\/www.cuballama.com\/noticias\/wp-json\/wp\/v2\/media?parent=241931"}],"wp:term":[{"taxonomy":"category","embeddable":true,"href":"https:\/\/www.cuballama.com\/noticias\/wp-json\/wp\/v2\/categories?post=241931"},{"taxonomy":"post_tag","embeddable":true,"href":"https:\/\/www.cuballama.com\/noticias\/wp-json\/wp\/v2\/tags?post=241931"}],"curies":[{"name":"wp","href":"https:\/\/api.w.org\/{rel}","templated":true}]}}