{"id":241256,"date":"2026-04-27T06:45:24","date_gmt":"2026-04-27T10:45:24","guid":{"rendered":"https:\/\/www.cuballama.com\/noticias\/?p=241256"},"modified":"2026-04-27T06:45:26","modified_gmt":"2026-04-27T10:45:26","slug":"jamie-dornan-liderara-the-hunt-for-gollum-la-nueva-pelicula-de-el-senor-de-los-anillos","status":"publish","type":"post","link":"https:\/\/www.cuballama.com\/noticias\/jamie-dornan-liderara-the-hunt-for-gollum-la-nueva-pelicula-de-el-senor-de-los-anillos\/","title":{"rendered":"Jamie Dornan liderar\u00e1 \u201cThe Hunt for Gollum\u201d, la nueva pel\u00edcula de El Se\u00f1or de los Anillos"},"content":{"rendered":"\n<p>La nueva pel\u00edcula del universo de The Lord of the Rings: The Hunt for Gollum ya tiene parte de su elenco confirmado, con Jamie Dornan como una de las incorporaciones principales en un papel clave dentro de la historia.<\/p>\n\n\n\n<p>Seg\u00fan reportes de medios como <em><a href=\"https:\/\/deadline.com\/2026\/04\/hunt-for-gollum-new-cast-cinemacon-jamie-dornan-strider-1236860381\/\" target=\"_blank\" rel=\"noreferrer noopener nofollow\">Deadline<\/a><\/em> y <em><a href=\"https:\/\/www.hollywoodreporter.com\/movies\/movie-news\/lord-of-the-rings-gollum-full-cast-1236564266\/\" target=\"_blank\" rel=\"noreferrer noopener nofollow\">The Hollywood Reporter,<\/a><\/em> Dornan interpretar\u00e1 una versi\u00f3n joven de Aragorn, el personaje que en la trilog\u00eda original fue encarnado por Viggo Mortensen. En esta etapa de la historia, el personaje a\u00fan es conocido como Strider, antes de asumir plenamente su identidad como heredero de Gondor.<\/p>\n\n\n\n<p>La pel\u00edcula se centrar\u00e1 en un episodio previo a los eventos de \u201cLa Comunidad del Anillo\u201d, concretamente en la b\u00fasqueda de Gollum, una pieza clave dentro del conflicto por el Anillo \u00danico. Este periodo ya hab\u00eda sido mencionado en la obra de J. R. R. Tolkien, pero nunca desarrollado en pantalla como una narrativa independiente.<\/p>\n\n\n\n<p>Junto a Dornan, tambi\u00e9n se confirm\u00f3 la participaci\u00f3n de Leo Woodall, ampliando un elenco que apunta a combinar rostros conocidos con actores en ascenso. La estrategia sigue la l\u00ednea de otras producciones recientes: construir una base nueva sin depender exclusivamente de figuras de la trilog\u00eda original.<\/p>\n\n\n\n<p>El proyecto forma parte del intento de reactivar la franquicia cinematogr\u00e1fica tras a\u00f1os sin grandes estrenos en salas. Aunque la serie \u201cThe Rings of Power\u201d mantuvo viva la marca en televisi\u00f3n, el regreso al cine implica un enfoque distinto, m\u00e1s centrado en personajes concretos y tramas acotadas.<\/p>\n\n\n\n<p>Uno de los puntos que m\u00e1s ha llamado la atenci\u00f3n es la sustituci\u00f3n impl\u00edcita de Mortensen en el rol de Aragorn, incluso en una etapa distinta del personaje. La comparaci\u00f3n es inevitable, dado el peso que tuvo su interpretaci\u00f3n en la trilog\u00eda dirigida por Peter Jackson.<\/p>\n\n\n\n<p>La elecci\u00f3n de Dornan responde a un perfil concreto: un actor con experiencia en producciones de gran alcance, pero sin una asociaci\u00f3n previa con el universo de Tolkien. Eso le permite construir una versi\u00f3n propia del personaje sin arrastrar referencias directas.<\/p>\n\n\n\n<p>Aunque todav\u00eda no se han revelado detalles completos sobre el resto del reparto ni sobre la fecha exacta de estreno, la confirmaci\u00f3n del elenco principal marca un paso clave en el desarrollo del proyecto.<\/p>\n\n\n\n<p>La pel\u00edcula busca apoyarse en una historia conocida por los lectores, pero poco explorada en pantalla, lo que le da margen para expandir el universo sin repetir tramas ya adaptadas.<\/p>\n","protected":false},"excerpt":{"rendered":"<p>Jamie Dornan interpretar\u00e1 a un joven Aragorn en la nueva pel\u00edcula The Hunt for Gollum dentro del universo de El Se\u00f1or de los Anillos.<\/p>\n","protected":false},"author":13,"featured_media":241257,"comment_status":"open","ping_status":"closed","sticky":false,"template":"","format":"standard","meta":{"_acf_changed":false,"footnotes":""},"categories":[443,18],"tags":[31764,353,21395,31763,31762,31761,31760],"class_list":{"0":"post-241256","1":"post","2":"type-post","3":"status-publish","4":"format-standard","5":"has-post-thumbnail","7":"category-farandula","8":"category-noticias","9":"tag-aragorn","10":"tag-cine","11":"tag-el-senor-de-los-anillos","12":"tag-jamie-dornan","13":"tag-the-hunt-for-gollum","14":"tag-tolkien","15":"tag-viggo-mortensen"},"acf":[],"yoast_head":"<!-- This site is optimized with the Yoast SEO plugin v27.4 - https:\/\/yoast.com\/product\/yoast-seo-wordpress\/ -->\n<title>Jamie Dornan liderar\u00e1 \u201cThe Hunt for Gollum\u201d, la nueva pel\u00edcula de El Se\u00f1or de los Anillos - Cuballama Noticias<\/title>\n<meta name=\"description\" content=\"Jamie Dornan ser\u00e1 Aragorn en The Hunt for Gollum, la nueva pel\u00edcula del universo de El Se\u00f1or de los Anillos\" \/>\n<meta name=\"robots\" content=\"index, follow, max-snippet:-1, max-image-preview:large, max-video-preview:-1\" \/>\n<link rel=\"canonical\" href=\"https:\/\/www.cuballama.com\/noticias\/jamie-dornan-liderara-the-hunt-for-gollum-la-nueva-pelicula-de-el-senor-de-los-anillos\/\" \/>\n<meta property=\"og:locale\" content=\"es_ES\" \/>\n<meta property=\"og:type\" content=\"article\" \/>\n<meta property=\"og:title\" content=\"Jamie Dornan liderar\u00e1 \u201cThe Hunt for Gollum\u201d, la nueva pel\u00edcula de El Se\u00f1or de los Anillos - Cuballama Noticias\" \/>\n<meta property=\"og:description\" content=\"Jamie Dornan ser\u00e1 Aragorn en The Hunt for Gollum, la nueva pel\u00edcula del universo de El Se\u00f1or de los Anillos\" \/>\n<meta property=\"og:url\" content=\"https:\/\/www.cuballama.com\/noticias\/jamie-dornan-liderara-the-hunt-for-gollum-la-nueva-pelicula-de-el-senor-de-los-anillos\/\" \/>\n<meta property=\"og:site_name\" content=\"Cuballama Noticias\" \/>\n<meta property=\"article:publisher\" content=\"https:\/\/www.facebook.com\/CubaLlama\" \/>\n<meta property=\"article:published_time\" content=\"2026-04-27T10:45:24+00:00\" \/>\n<meta property=\"article:modified_time\" content=\"2026-04-27T10:45:26+00:00\" \/>\n<meta property=\"og:image\" content=\"https:\/\/cdn1.mediawpaccore.net\/wp-content\/uploads\/2026\/04\/15024858\/image-71.png\" \/>\n\t<meta property=\"og:image:width\" content=\"1427\" \/>\n\t<meta property=\"og:image:height\" content=\"858\" \/>\n\t<meta property=\"og:image:type\" content=\"image\/png\" \/>\n<meta name=\"author\" content=\"Roberto A.\" \/>\n<meta name=\"twitter:card\" content=\"summary_large_image\" \/>\n<meta name=\"twitter:creator\" content=\"@cuballama\" \/>\n<meta name=\"twitter:site\" content=\"@cuballama\" \/>\n<meta name=\"twitter:label1\" content=\"Escrito por\" \/>\n\t<meta name=\"twitter:data1\" content=\"Roberto A.\" \/>\n\t<meta name=\"twitter:label2\" content=\"Tiempo de lectura\" \/>\n\t<meta name=\"twitter:data2\" content=\"2 minutos\" \/>\n<script type=\"application\/ld+json\" class=\"yoast-schema-graph\">{\"@context\":\"https:\\\/\\\/schema.org\",\"@graph\":[{\"@type\":\"Article\",\"@id\":\"https:\\\/\\\/www.cuballama.com\\\/noticias\\\/jamie-dornan-liderara-the-hunt-for-gollum-la-nueva-pelicula-de-el-senor-de-los-anillos\\\/#article\",\"isPartOf\":{\"@id\":\"https:\\\/\\\/www.cuballama.com\\\/noticias\\\/jamie-dornan-liderara-the-hunt-for-gollum-la-nueva-pelicula-de-el-senor-de-los-anillos\\\/\"},\"author\":{\"name\":\"Roberto A.\",\"@id\":\"https:\\\/\\\/www.cuballama.com\\\/noticias\\\/#\\\/schema\\\/person\\\/a58502ed4146c8e9f83872e897c76cd2\"},\"headline\":\"Jamie Dornan liderar\u00e1 \u201cThe Hunt for Gollum\u201d, la nueva pel\u00edcula de El Se\u00f1or de los Anillos\",\"datePublished\":\"2026-04-27T10:45:24+00:00\",\"dateModified\":\"2026-04-27T10:45:26+00:00\",\"mainEntityOfPage\":{\"@id\":\"https:\\\/\\\/www.cuballama.com\\\/noticias\\\/jamie-dornan-liderara-the-hunt-for-gollum-la-nueva-pelicula-de-el-senor-de-los-anillos\\\/\"},\"wordCount\":437,\"commentCount\":0,\"publisher\":{\"@id\":\"https:\\\/\\\/www.cuballama.com\\\/noticias\\\/#organization\"},\"image\":{\"@id\":\"https:\\\/\\\/www.cuballama.com\\\/noticias\\\/jamie-dornan-liderara-the-hunt-for-gollum-la-nueva-pelicula-de-el-senor-de-los-anillos\\\/#primaryimage\"},\"thumbnailUrl\":\"https:\\\/\\\/cdn1.mediawpaccore.net\\\/wp-content\\\/uploads\\\/2026\\\/04\\\/15024858\\\/image-71.png\",\"keywords\":[\"Aragorn\",\"Cine\",\"El Se\u00f1or de los Anillos\",\"Jamie Dornan\",\"The Hunt for Gollum\",\"Tolkien\",\"Viggo Mortensen\"],\"articleSection\":[\"Far\u00e1ndula\",\"Noticias\"],\"inLanguage\":\"es\",\"potentialAction\":[{\"@type\":\"CommentAction\",\"name\":\"Comment\",\"target\":[\"https:\\\/\\\/www.cuballama.com\\\/noticias\\\/jamie-dornan-liderara-the-hunt-for-gollum-la-nueva-pelicula-de-el-senor-de-los-anillos\\\/#respond\"]}]},{\"@type\":\"WebPage\",\"@id\":\"https:\\\/\\\/www.cuballama.com\\\/noticias\\\/jamie-dornan-liderara-the-hunt-for-gollum-la-nueva-pelicula-de-el-senor-de-los-anillos\\\/\",\"url\":\"https:\\\/\\\/www.cuballama.com\\\/noticias\\\/jamie-dornan-liderara-the-hunt-for-gollum-la-nueva-pelicula-de-el-senor-de-los-anillos\\\/\",\"name\":\"Jamie Dornan liderar\u00e1 \u201cThe Hunt for Gollum\u201d, la nueva pel\u00edcula de El Se\u00f1or de los Anillos - Cuballama Noticias\",\"isPartOf\":{\"@id\":\"https:\\\/\\\/www.cuballama.com\\\/noticias\\\/#website\"},\"primaryImageOfPage\":{\"@id\":\"https:\\\/\\\/www.cuballama.com\\\/noticias\\\/jamie-dornan-liderara-the-hunt-for-gollum-la-nueva-pelicula-de-el-senor-de-los-anillos\\\/#primaryimage\"},\"image\":{\"@id\":\"https:\\\/\\\/www.cuballama.com\\\/noticias\\\/jamie-dornan-liderara-the-hunt-for-gollum-la-nueva-pelicula-de-el-senor-de-los-anillos\\\/#primaryimage\"},\"thumbnailUrl\":\"https:\\\/\\\/cdn1.mediawpaccore.net\\\/wp-content\\\/uploads\\\/2026\\\/04\\\/15024858\\\/image-71.png\",\"datePublished\":\"2026-04-27T10:45:24+00:00\",\"dateModified\":\"2026-04-27T10:45:26+00:00\",\"description\":\"Jamie Dornan ser\u00e1 Aragorn en The Hunt for Gollum, la nueva pel\u00edcula del universo de El Se\u00f1or de los Anillos\",\"breadcrumb\":{\"@id\":\"https:\\\/\\\/www.cuballama.com\\\/noticias\\\/jamie-dornan-liderara-the-hunt-for-gollum-la-nueva-pelicula-de-el-senor-de-los-anillos\\\/#breadcrumb\"},\"inLanguage\":\"es\",\"potentialAction\":[{\"@type\":\"ReadAction\",\"target\":[\"https:\\\/\\\/www.cuballama.com\\\/noticias\\\/jamie-dornan-liderara-the-hunt-for-gollum-la-nueva-pelicula-de-el-senor-de-los-anillos\\\/\"]}]},{\"@type\":\"ImageObject\",\"inLanguage\":\"es\",\"@id\":\"https:\\\/\\\/www.cuballama.com\\\/noticias\\\/jamie-dornan-liderara-the-hunt-for-gollum-la-nueva-pelicula-de-el-senor-de-los-anillos\\\/#primaryimage\",\"url\":\"https:\\\/\\\/cdn1.mediawpaccore.net\\\/wp-content\\\/uploads\\\/2026\\\/04\\\/15024858\\\/image-71.png\",\"contentUrl\":\"https:\\\/\\\/cdn1.mediawpaccore.net\\\/wp-content\\\/uploads\\\/2026\\\/04\\\/15024858\\\/image-71.png\",\"width\":1427,\"height\":858,\"caption\":\"Foto: Video Screenshot. Fotograma de una pel\u00edcula v\u00eda Fan Page de Instagram del actor\"},{\"@type\":\"BreadcrumbList\",\"@id\":\"https:\\\/\\\/www.cuballama.com\\\/noticias\\\/jamie-dornan-liderara-the-hunt-for-gollum-la-nueva-pelicula-de-el-senor-de-los-anillos\\\/#breadcrumb\",\"itemListElement\":[{\"@type\":\"ListItem\",\"position\":1,\"name\":\"Home\",\"item\":\"https:\\\/\\\/www.cuballama.com\\\/noticias\\\/\"},{\"@type\":\"ListItem\",\"position\":2,\"name\":\"Jamie Dornan liderar\u00e1 \u201cThe Hunt for Gollum\u201d, la nueva pel\u00edcula de El Se\u00f1or de los Anillos\"}]},{\"@type\":\"WebSite\",\"@id\":\"https:\\\/\\\/www.cuballama.com\\\/noticias\\\/#website\",\"url\":\"https:\\\/\\\/www.cuballama.com\\\/noticias\\\/\",\"name\":\"Cuballama Noticias\",\"description\":\"Medio digital sobre Cuba y el mundo\",\"publisher\":{\"@id\":\"https:\\\/\\\/www.cuballama.com\\\/noticias\\\/#organization\"},\"potentialAction\":[{\"@type\":\"SearchAction\",\"target\":{\"@type\":\"EntryPoint\",\"urlTemplate\":\"https:\\\/\\\/www.cuballama.com\\\/noticias\\\/?s={search_term_string}\"},\"query-input\":{\"@type\":\"PropertyValueSpecification\",\"valueRequired\":true,\"valueName\":\"search_term_string\"}}],\"inLanguage\":\"es\"},{\"@type\":\"Organization\",\"@id\":\"https:\\\/\\\/www.cuballama.com\\\/noticias\\\/#organization\",\"name\":\"Cuballama\",\"url\":\"https:\\\/\\\/www.cuballama.com\\\/noticias\\\/\",\"logo\":{\"@type\":\"ImageObject\",\"inLanguage\":\"es\",\"@id\":\"https:\\\/\\\/www.cuballama.com\\\/noticias\\\/#\\\/schema\\\/logo\\\/image\\\/\",\"url\":\"https:\\\/\\\/cdn1.mediawpaccore.net\\\/wp-content\\\/uploads\\\/2021\\\/12\\\/28171206\\\/cbll-logo-color-sm.png\",\"contentUrl\":\"https:\\\/\\\/cdn1.mediawpaccore.net\\\/wp-content\\\/uploads\\\/2021\\\/12\\\/28171206\\\/cbll-logo-color-sm.png\",\"width\":600,\"height\":133,\"caption\":\"Cuballama\"},\"image\":{\"@id\":\"https:\\\/\\\/www.cuballama.com\\\/noticias\\\/#\\\/schema\\\/logo\\\/image\\\/\"},\"sameAs\":[\"https:\\\/\\\/www.facebook.com\\\/CubaLlama\",\"https:\\\/\\\/x.com\\\/cuballama\",\"https:\\\/\\\/www.instagram.com\\\/stories\\\/cuballama_oficial\\\/\",\"https:\\\/\\\/www.youtube.com\\\/channel\\\/UCKkFE-d_axENGZcrc4as0IA\"]},{\"@type\":\"Person\",\"@id\":\"https:\\\/\\\/www.cuballama.com\\\/noticias\\\/#\\\/schema\\\/person\\\/a58502ed4146c8e9f83872e897c76cd2\",\"name\":\"Roberto A.\",\"description\":\"Roberto A. Periodista por decisi\u00f3n propia. Interesado en cualquier tema que me apasione y cada vez m\u00e1s comprometido con la verdad y la objetividad period\u00edstica. Graduado en La Habana hace ya muchos a\u00f1os, luego de una accidentada y polvorienta b\u00fasqueda de informaci\u00f3n sobre un tema in\u00e9dito. La Tesis, por cierto, desapareci\u00f3 de la biblioteca y no se conservan copias de la misma.\",\"url\":\"https:\\\/\\\/www.cuballama.com\\\/noticias\\\/author\\\/roberto\\\/\"}]}<\/script>\n<!-- \/ Yoast SEO plugin. -->","yoast_head_json":{"title":"Jamie Dornan liderar\u00e1 \u201cThe Hunt for Gollum\u201d, la nueva pel\u00edcula de El Se\u00f1or de los Anillos - Cuballama Noticias","description":"Jamie Dornan ser\u00e1 Aragorn en The Hunt for Gollum, la nueva pel\u00edcula del universo de El Se\u00f1or de los Anillos","robots":{"index":"index","follow":"follow","max-snippet":"max-snippet:-1","max-image-preview":"max-image-preview:large","max-video-preview":"max-video-preview:-1"},"canonical":"https:\/\/www.cuballama.com\/noticias\/jamie-dornan-liderara-the-hunt-for-gollum-la-nueva-pelicula-de-el-senor-de-los-anillos\/","og_locale":"es_ES","og_type":"article","og_title":"Jamie Dornan liderar\u00e1 \u201cThe Hunt for Gollum\u201d, la nueva pel\u00edcula de El Se\u00f1or de los Anillos - Cuballama Noticias","og_description":"Jamie Dornan ser\u00e1 Aragorn en The Hunt for Gollum, la nueva pel\u00edcula del universo de El Se\u00f1or de los Anillos","og_url":"https:\/\/www.cuballama.com\/noticias\/jamie-dornan-liderara-the-hunt-for-gollum-la-nueva-pelicula-de-el-senor-de-los-anillos\/","og_site_name":"Cuballama Noticias","article_publisher":"https:\/\/www.facebook.com\/CubaLlama","article_published_time":"2026-04-27T10:45:24+00:00","article_modified_time":"2026-04-27T10:45:26+00:00","og_image":[{"width":1427,"height":858,"url":"https:\/\/cdn1.mediawpaccore.net\/wp-content\/uploads\/2026\/04\/15024858\/image-71.png","type":"image\/png"}],"author":"Roberto A.","twitter_card":"summary_large_image","twitter_creator":"@cuballama","twitter_site":"@cuballama","twitter_misc":{"Escrito por":"Roberto A.","Tiempo de lectura":"2 minutos"},"schema":{"@context":"https:\/\/schema.org","@graph":[{"@type":"Article","@id":"https:\/\/www.cuballama.com\/noticias\/jamie-dornan-liderara-the-hunt-for-gollum-la-nueva-pelicula-de-el-senor-de-los-anillos\/#article","isPartOf":{"@id":"https:\/\/www.cuballama.com\/noticias\/jamie-dornan-liderara-the-hunt-for-gollum-la-nueva-pelicula-de-el-senor-de-los-anillos\/"},"author":{"name":"Roberto A.","@id":"https:\/\/www.cuballama.com\/noticias\/#\/schema\/person\/a58502ed4146c8e9f83872e897c76cd2"},"headline":"Jamie Dornan liderar\u00e1 \u201cThe Hunt for Gollum\u201d, la nueva pel\u00edcula de El Se\u00f1or de los Anillos","datePublished":"2026-04-27T10:45:24+00:00","dateModified":"2026-04-27T10:45:26+00:00","mainEntityOfPage":{"@id":"https:\/\/www.cuballama.com\/noticias\/jamie-dornan-liderara-the-hunt-for-gollum-la-nueva-pelicula-de-el-senor-de-los-anillos\/"},"wordCount":437,"commentCount":0,"publisher":{"@id":"https:\/\/www.cuballama.com\/noticias\/#organization"},"image":{"@id":"https:\/\/www.cuballama.com\/noticias\/jamie-dornan-liderara-the-hunt-for-gollum-la-nueva-pelicula-de-el-senor-de-los-anillos\/#primaryimage"},"thumbnailUrl":"https:\/\/cdn1.mediawpaccore.net\/wp-content\/uploads\/2026\/04\/15024858\/image-71.png","keywords":["Aragorn","Cine","El Se\u00f1or de los Anillos","Jamie Dornan","The Hunt for Gollum","Tolkien","Viggo Mortensen"],"articleSection":["Far\u00e1ndula","Noticias"],"inLanguage":"es","potentialAction":[{"@type":"CommentAction","name":"Comment","target":["https:\/\/www.cuballama.com\/noticias\/jamie-dornan-liderara-the-hunt-for-gollum-la-nueva-pelicula-de-el-senor-de-los-anillos\/#respond"]}]},{"@type":"WebPage","@id":"https:\/\/www.cuballama.com\/noticias\/jamie-dornan-liderara-the-hunt-for-gollum-la-nueva-pelicula-de-el-senor-de-los-anillos\/","url":"https:\/\/www.cuballama.com\/noticias\/jamie-dornan-liderara-the-hunt-for-gollum-la-nueva-pelicula-de-el-senor-de-los-anillos\/","name":"Jamie Dornan liderar\u00e1 \u201cThe Hunt for Gollum\u201d, la nueva pel\u00edcula de El Se\u00f1or de los Anillos - Cuballama Noticias","isPartOf":{"@id":"https:\/\/www.cuballama.com\/noticias\/#website"},"primaryImageOfPage":{"@id":"https:\/\/www.cuballama.com\/noticias\/jamie-dornan-liderara-the-hunt-for-gollum-la-nueva-pelicula-de-el-senor-de-los-anillos\/#primaryimage"},"image":{"@id":"https:\/\/www.cuballama.com\/noticias\/jamie-dornan-liderara-the-hunt-for-gollum-la-nueva-pelicula-de-el-senor-de-los-anillos\/#primaryimage"},"thumbnailUrl":"https:\/\/cdn1.mediawpaccore.net\/wp-content\/uploads\/2026\/04\/15024858\/image-71.png","datePublished":"2026-04-27T10:45:24+00:00","dateModified":"2026-04-27T10:45:26+00:00","description":"Jamie Dornan ser\u00e1 Aragorn en The Hunt for Gollum, la nueva pel\u00edcula del universo de El Se\u00f1or de los Anillos","breadcrumb":{"@id":"https:\/\/www.cuballama.com\/noticias\/jamie-dornan-liderara-the-hunt-for-gollum-la-nueva-pelicula-de-el-senor-de-los-anillos\/#breadcrumb"},"inLanguage":"es","potentialAction":[{"@type":"ReadAction","target":["https:\/\/www.cuballama.com\/noticias\/jamie-dornan-liderara-the-hunt-for-gollum-la-nueva-pelicula-de-el-senor-de-los-anillos\/"]}]},{"@type":"ImageObject","inLanguage":"es","@id":"https:\/\/www.cuballama.com\/noticias\/jamie-dornan-liderara-the-hunt-for-gollum-la-nueva-pelicula-de-el-senor-de-los-anillos\/#primaryimage","url":"https:\/\/cdn1.mediawpaccore.net\/wp-content\/uploads\/2026\/04\/15024858\/image-71.png","contentUrl":"https:\/\/cdn1.mediawpaccore.net\/wp-content\/uploads\/2026\/04\/15024858\/image-71.png","width":1427,"height":858,"caption":"Foto: Video Screenshot. Fotograma de una pel\u00edcula v\u00eda Fan Page de Instagram del actor"},{"@type":"BreadcrumbList","@id":"https:\/\/www.cuballama.com\/noticias\/jamie-dornan-liderara-the-hunt-for-gollum-la-nueva-pelicula-de-el-senor-de-los-anillos\/#breadcrumb","itemListElement":[{"@type":"ListItem","position":1,"name":"Home","item":"https:\/\/www.cuballama.com\/noticias\/"},{"@type":"ListItem","position":2,"name":"Jamie Dornan liderar\u00e1 \u201cThe Hunt for Gollum\u201d, la nueva pel\u00edcula de El Se\u00f1or de los Anillos"}]},{"@type":"WebSite","@id":"https:\/\/www.cuballama.com\/noticias\/#website","url":"https:\/\/www.cuballama.com\/noticias\/","name":"Cuballama Noticias","description":"Medio digital sobre Cuba y el mundo","publisher":{"@id":"https:\/\/www.cuballama.com\/noticias\/#organization"},"potentialAction":[{"@type":"SearchAction","target":{"@type":"EntryPoint","urlTemplate":"https:\/\/www.cuballama.com\/noticias\/?s={search_term_string}"},"query-input":{"@type":"PropertyValueSpecification","valueRequired":true,"valueName":"search_term_string"}}],"inLanguage":"es"},{"@type":"Organization","@id":"https:\/\/www.cuballama.com\/noticias\/#organization","name":"Cuballama","url":"https:\/\/www.cuballama.com\/noticias\/","logo":{"@type":"ImageObject","inLanguage":"es","@id":"https:\/\/www.cuballama.com\/noticias\/#\/schema\/logo\/image\/","url":"https:\/\/cdn1.mediawpaccore.net\/wp-content\/uploads\/2021\/12\/28171206\/cbll-logo-color-sm.png","contentUrl":"https:\/\/cdn1.mediawpaccore.net\/wp-content\/uploads\/2021\/12\/28171206\/cbll-logo-color-sm.png","width":600,"height":133,"caption":"Cuballama"},"image":{"@id":"https:\/\/www.cuballama.com\/noticias\/#\/schema\/logo\/image\/"},"sameAs":["https:\/\/www.facebook.com\/CubaLlama","https:\/\/x.com\/cuballama","https:\/\/www.instagram.com\/stories\/cuballama_oficial\/","https:\/\/www.youtube.com\/channel\/UCKkFE-d_axENGZcrc4as0IA"]},{"@type":"Person","@id":"https:\/\/www.cuballama.com\/noticias\/#\/schema\/person\/a58502ed4146c8e9f83872e897c76cd2","name":"Roberto A.","description":"Roberto A. Periodista por decisi\u00f3n propia. Interesado en cualquier tema que me apasione y cada vez m\u00e1s comprometido con la verdad y la objetividad period\u00edstica. Graduado en La Habana hace ya muchos a\u00f1os, luego de una accidentada y polvorienta b\u00fasqueda de informaci\u00f3n sobre un tema in\u00e9dito. La Tesis, por cierto, desapareci\u00f3 de la biblioteca y no se conservan copias de la misma.","url":"https:\/\/www.cuballama.com\/noticias\/author\/roberto\/"}]}},"_links":{"self":[{"href":"https:\/\/www.cuballama.com\/noticias\/wp-json\/wp\/v2\/posts\/241256","targetHints":{"allow":["GET"]}}],"collection":[{"href":"https:\/\/www.cuballama.com\/noticias\/wp-json\/wp\/v2\/posts"}],"about":[{"href":"https:\/\/www.cuballama.com\/noticias\/wp-json\/wp\/v2\/types\/post"}],"author":[{"embeddable":true,"href":"https:\/\/www.cuballama.com\/noticias\/wp-json\/wp\/v2\/users\/13"}],"replies":[{"embeddable":true,"href":"https:\/\/www.cuballama.com\/noticias\/wp-json\/wp\/v2\/comments?post=241256"}],"version-history":[{"count":1,"href":"https:\/\/www.cuballama.com\/noticias\/wp-json\/wp\/v2\/posts\/241256\/revisions"}],"predecessor-version":[{"id":241258,"href":"https:\/\/www.cuballama.com\/noticias\/wp-json\/wp\/v2\/posts\/241256\/revisions\/241258"}],"wp:featuredmedia":[{"embeddable":true,"href":"https:\/\/www.cuballama.com\/noticias\/wp-json\/wp\/v2\/media\/241257"}],"wp:attachment":[{"href":"https:\/\/www.cuballama.com\/noticias\/wp-json\/wp\/v2\/media?parent=241256"}],"wp:term":[{"taxonomy":"category","embeddable":true,"href":"https:\/\/www.cuballama.com\/noticias\/wp-json\/wp\/v2\/categories?post=241256"},{"taxonomy":"post_tag","embeddable":true,"href":"https:\/\/www.cuballama.com\/noticias\/wp-json\/wp\/v2\/tags?post=241256"}],"curies":[{"name":"wp","href":"https:\/\/api.w.org\/{rel}","templated":true}]}}