{"id":240993,"date":"2026-04-27T06:47:11","date_gmt":"2026-04-27T10:47:11","guid":{"rendered":"https:\/\/www.cuballama.com\/noticias\/?p=240993"},"modified":"2026-04-27T06:47:14","modified_gmt":"2026-04-27T10:47:14","slug":"una-cadena-humana-para-salvar-a-un-perro-en-2016-que-se-hizo-viral-se-convierte-en-escultura-diez-anos-despues","status":"publish","type":"post","link":"https:\/\/www.cuballama.com\/noticias\/una-cadena-humana-para-salvar-a-un-perro-en-2016-que-se-hizo-viral-se-convierte-en-escultura-diez-anos-despues\/","title":{"rendered":"Una cadena humana para salvar a un perro en 2016 que se hizo viral, se convierte en escultura diez a\u00f1os despu\u00e9s"},"content":{"rendered":"\n<p>Lo que empez\u00f3 como un gesto improvisado en un canal de hormig\u00f3n termin\u00f3 convertido en una de las im\u00e1genes virales m\u00e1s recordadas de la d\u00e9cada pasada. En 2016, varias personas se alinearon sobre la pendiente de un canal en Almaty, Kazajist\u00e1n, para formar una cadena humana y rescatar a un hombre y a su perro, atrapados en el agua sin posibilidad de salir por sus propios medios. Diez a\u00f1os despu\u00e9s, esa escena ya no es solo un video: es una escultura inaugurada en el mismo lugar donde ocurri\u00f3. <\/p>\n\n\n\n<p>La obra, presentada en marzo de 2026 junto al embalse de Sairan, reproduce con fidelidad la secuencia del rescate: figuras humanas extendidas en diagonal, sujet\u00e1ndose unas a otras, con el perro en la base y la \u00faltima mano al alcance del p\u00fablico. El conjunto lleva por t\u00edtulo Unity y fue concebido como un homenaje a la acci\u00f3n colectiva espont\u00e1nea, sin h\u00e9roes individuales ni nombres propios. La instalaci\u00f3n permite incluso que los visitantes toquen la mano final, cerrando simb\u00f3licamente la cadena.<\/p>\n\n\n\n<p>El <a href=\"https:\/\/www.youtube.com\/embed\/smGQUH5ldTA\" target=\"_blank\" rel=\"noreferrer noopener\">video original<\/a> circul\u00f3 ampliamente en redes sociales en su momento. Las im\u00e1genes mostraban c\u00f3mo el perro hab\u00eda ca\u00eddo al canal y no pod\u00eda trepar por la inclinaci\u00f3n del muro. Su due\u00f1o baj\u00f3 para ayudarlo, pero qued\u00f3 igualmente atrapado. Fue entonces cuando varios transe\u00fantes, sin coordinaci\u00f3n previa, comenzaron a organizarse hasta formar una cadena humana que logr\u00f3 sacar a ambos. La escena fue grabada por testigos.<\/p>\n\n\n\n<p>El impacto del video no se qued\u00f3 en la an\u00e9cdota local. Las im\u00e1genes circularon de forma masiva en redes y medios internacionales, acumulando m\u00e1s de 20 millones de visualizaciones en distintas plataformas, con cifras documentadas que superan los 15 millones solo en Facebook. Esa difusi\u00f3n convirti\u00f3 el rescate en un referente global de acci\u00f3n colectiva espont\u00e1nea, mucho antes de que existiera cualquier intenci\u00f3n de llevarlo al espacio f\u00edsico.<\/p>\n\n\n\n<iframe loading=\"lazy\" width=\"1451\" height=\"816\" src=\"https:\/\/www.youtube.com\/embed\/smGQUH5ldTA\" title=\"Most Intense Human Chain Ever Rescues Dog Stranded in Canal | The Dodo\" frameborder=\"0\" allow=\"accelerometer; autoplay; clipboard-write; encrypted-media; gyroscope; picture-in-picture; web-share\" referrerpolicy=\"strict-origin-when-cross-origin\" allowfullscreen><\/iframe>\n\n\n\n<p>La escultura ha sido atribuida al artista kazajo Yerbosyn Meldibekov y, seg\u00fan reportes locales, fue financiada principalmente con aportes privados, con respaldo institucional de la ciudad. Su ubicaci\u00f3n no es casual: se instal\u00f3 a pocos metros del punto exacto donde ocurri\u00f3 el rescate, integr\u00e1ndose al espacio urbano como una pieza accesible y no monumental en exceso.<\/p>\n\n\n\n<p>M\u00e1s all\u00e1 del gesto art\u00edstico, la obra fija en el espacio f\u00edsico algo que durante a\u00f1os existi\u00f3 solo en la memoria digital. No reconstruye el momento como una haza\u00f1a extraordinaria, sino como una reacci\u00f3n colectiva ante una urgencia concreta. Esa decisi\u00f3n se refleja en la ausencia de nombres, placas explicativas extensas o referencias individuales: lo que se conmemora es la acci\u00f3n compartida.<\/p>\n\n\n\n<p><\/p>\n","protected":false},"excerpt":{"rendered":"<p>Almaty inaugur\u00f3 una escultura que recrea el rescate viral de un perro en 2016 mediante una cadena humana.<\/p>\n","protected":false},"author":13,"featured_media":240994,"comment_status":"open","ping_status":"closed","sticky":false,"template":"","format":"standard","meta":{"_acf_changed":false,"footnotes":""},"categories":[18,957,961,965],"tags":[31709,31711,31712,31710,5583,31707,6827,31708,31713],"class_list":{"0":"post-240993","1":"post","2":"type-post","3":"status-publish","4":"format-standard","5":"has-post-thumbnail","7":"category-noticias","8":"category-noticias-internacionales","9":"category-videos","10":"category-viral","11":"tag-31709","12":"tag-almaty","13":"tag-arte-publico","14":"tag-cadena-humana","15":"tag-escultura","16":"tag-kazajistan","17":"tag-perro","18":"tag-rescate-viral","19":"tag-unity"},"acf":[],"yoast_head":"<!-- This site is optimized with the Yoast SEO plugin v27.4 - https:\/\/yoast.com\/product\/yoast-seo-wordpress\/ -->\n<title>Una cadena humana para salvar a un perro en 2016 que se hizo viral, se convierte en escultura diez a\u00f1os despu\u00e9s - Cuballama Noticias<\/title>\n<meta name=\"description\" content=\"Almaty inaugur\u00f3 una escultura inspirada en el rescate viral de 2016 donde una cadena humana salv\u00f3 a un hombre y su perro.\" \/>\n<meta name=\"robots\" content=\"index, follow, max-snippet:-1, max-image-preview:large, max-video-preview:-1\" \/>\n<link rel=\"canonical\" href=\"https:\/\/www.cuballama.com\/noticias\/una-cadena-humana-para-salvar-a-un-perro-en-2016-que-se-hizo-viral-se-convierte-en-escultura-diez-anos-despues\/\" \/>\n<meta property=\"og:locale\" content=\"es_ES\" \/>\n<meta property=\"og:type\" content=\"article\" \/>\n<meta property=\"og:title\" content=\"Una cadena humana para salvar a un perro en 2016 que se hizo viral, se convierte en escultura diez a\u00f1os despu\u00e9s - Cuballama Noticias\" \/>\n<meta property=\"og:description\" content=\"Almaty inaugur\u00f3 una escultura inspirada en el rescate viral de 2016 donde una cadena humana salv\u00f3 a un hombre y su perro.\" \/>\n<meta property=\"og:url\" content=\"https:\/\/www.cuballama.com\/noticias\/una-cadena-humana-para-salvar-a-un-perro-en-2016-que-se-hizo-viral-se-convierte-en-escultura-diez-anos-despues\/\" \/>\n<meta property=\"og:site_name\" content=\"Cuballama Noticias\" \/>\n<meta property=\"article:publisher\" content=\"https:\/\/www.facebook.com\/CubaLlama\" \/>\n<meta property=\"article:published_time\" content=\"2026-04-27T10:47:11+00:00\" \/>\n<meta property=\"article:modified_time\" content=\"2026-04-27T10:47:14+00:00\" \/>\n<meta property=\"og:image\" content=\"https:\/\/cdn1.mediawpaccore.net\/wp-content\/uploads\/2026\/04\/13061039\/image-56.png\" \/>\n\t<meta property=\"og:image:width\" content=\"1972\" \/>\n\t<meta property=\"og:image:height\" content=\"1034\" \/>\n\t<meta property=\"og:image:type\" content=\"image\/png\" \/>\n<meta name=\"author\" content=\"Roberto A.\" \/>\n<meta name=\"twitter:card\" content=\"summary_large_image\" \/>\n<meta name=\"twitter:creator\" content=\"@cuballama\" \/>\n<meta name=\"twitter:site\" content=\"@cuballama\" \/>\n<meta name=\"twitter:label1\" content=\"Escrito por\" \/>\n\t<meta name=\"twitter:data1\" content=\"Roberto A.\" \/>\n\t<meta name=\"twitter:label2\" content=\"Tiempo de lectura\" \/>\n\t<meta name=\"twitter:data2\" content=\"3 minutos\" \/>\n<script type=\"application\/ld+json\" class=\"yoast-schema-graph\">{\"@context\":\"https:\\\/\\\/schema.org\",\"@graph\":[{\"@type\":\"Article\",\"@id\":\"https:\\\/\\\/www.cuballama.com\\\/noticias\\\/una-cadena-humana-para-salvar-a-un-perro-en-2016-que-se-hizo-viral-se-convierte-en-escultura-diez-anos-despues\\\/#article\",\"isPartOf\":{\"@id\":\"https:\\\/\\\/www.cuballama.com\\\/noticias\\\/una-cadena-humana-para-salvar-a-un-perro-en-2016-que-se-hizo-viral-se-convierte-en-escultura-diez-anos-despues\\\/\"},\"author\":{\"name\":\"Roberto A.\",\"@id\":\"https:\\\/\\\/www.cuballama.com\\\/noticias\\\/#\\\/schema\\\/person\\\/a58502ed4146c8e9f83872e897c76cd2\"},\"headline\":\"Una cadena humana para salvar a un perro en 2016 que se hizo viral, se convierte en escultura diez a\u00f1os despu\u00e9s\",\"datePublished\":\"2026-04-27T10:47:11+00:00\",\"dateModified\":\"2026-04-27T10:47:14+00:00\",\"mainEntityOfPage\":{\"@id\":\"https:\\\/\\\/www.cuballama.com\\\/noticias\\\/una-cadena-humana-para-salvar-a-un-perro-en-2016-que-se-hizo-viral-se-convierte-en-escultura-diez-anos-despues\\\/\"},\"wordCount\":481,\"commentCount\":0,\"publisher\":{\"@id\":\"https:\\\/\\\/www.cuballama.com\\\/noticias\\\/#organization\"},\"image\":{\"@id\":\"https:\\\/\\\/www.cuballama.com\\\/noticias\\\/una-cadena-humana-para-salvar-a-un-perro-en-2016-que-se-hizo-viral-se-convierte-en-escultura-diez-anos-despues\\\/#primaryimage\"},\"thumbnailUrl\":\"https:\\\/\\\/cdn1.mediawpaccore.net\\\/wp-content\\\/uploads\\\/2026\\\/04\\\/13061039\\\/image-56.png\",\"keywords\":[\"2016\",\"Almaty\",\"arte p\u00fablico\",\"cadena humana\",\"Escultura\",\"Kazajist\u00e1n\",\"Perro\",\"rescate viral\",\"Unity\"],\"articleSection\":[\"Noticias\",\"Noticias Internacionales\",\"Videos\",\"Viral\"],\"inLanguage\":\"es\",\"potentialAction\":[{\"@type\":\"CommentAction\",\"name\":\"Comment\",\"target\":[\"https:\\\/\\\/www.cuballama.com\\\/noticias\\\/una-cadena-humana-para-salvar-a-un-perro-en-2016-que-se-hizo-viral-se-convierte-en-escultura-diez-anos-despues\\\/#respond\"]}]},{\"@type\":\"WebPage\",\"@id\":\"https:\\\/\\\/www.cuballama.com\\\/noticias\\\/una-cadena-humana-para-salvar-a-un-perro-en-2016-que-se-hizo-viral-se-convierte-en-escultura-diez-anos-despues\\\/\",\"url\":\"https:\\\/\\\/www.cuballama.com\\\/noticias\\\/una-cadena-humana-para-salvar-a-un-perro-en-2016-que-se-hizo-viral-se-convierte-en-escultura-diez-anos-despues\\\/\",\"name\":\"Una cadena humana para salvar a un perro en 2016 que se hizo viral, se convierte en escultura diez a\u00f1os despu\u00e9s - Cuballama Noticias\",\"isPartOf\":{\"@id\":\"https:\\\/\\\/www.cuballama.com\\\/noticias\\\/#website\"},\"primaryImageOfPage\":{\"@id\":\"https:\\\/\\\/www.cuballama.com\\\/noticias\\\/una-cadena-humana-para-salvar-a-un-perro-en-2016-que-se-hizo-viral-se-convierte-en-escultura-diez-anos-despues\\\/#primaryimage\"},\"image\":{\"@id\":\"https:\\\/\\\/www.cuballama.com\\\/noticias\\\/una-cadena-humana-para-salvar-a-un-perro-en-2016-que-se-hizo-viral-se-convierte-en-escultura-diez-anos-despues\\\/#primaryimage\"},\"thumbnailUrl\":\"https:\\\/\\\/cdn1.mediawpaccore.net\\\/wp-content\\\/uploads\\\/2026\\\/04\\\/13061039\\\/image-56.png\",\"datePublished\":\"2026-04-27T10:47:11+00:00\",\"dateModified\":\"2026-04-27T10:47:14+00:00\",\"description\":\"Almaty inaugur\u00f3 una escultura inspirada en el rescate viral de 2016 donde una cadena humana salv\u00f3 a un hombre y su perro.\",\"breadcrumb\":{\"@id\":\"https:\\\/\\\/www.cuballama.com\\\/noticias\\\/una-cadena-humana-para-salvar-a-un-perro-en-2016-que-se-hizo-viral-se-convierte-en-escultura-diez-anos-despues\\\/#breadcrumb\"},\"inLanguage\":\"es\",\"potentialAction\":[{\"@type\":\"ReadAction\",\"target\":[\"https:\\\/\\\/www.cuballama.com\\\/noticias\\\/una-cadena-humana-para-salvar-a-un-perro-en-2016-que-se-hizo-viral-se-convierte-en-escultura-diez-anos-despues\\\/\"]}]},{\"@type\":\"ImageObject\",\"inLanguage\":\"es\",\"@id\":\"https:\\\/\\\/www.cuballama.com\\\/noticias\\\/una-cadena-humana-para-salvar-a-un-perro-en-2016-que-se-hizo-viral-se-convierte-en-escultura-diez-anos-despues\\\/#primaryimage\",\"url\":\"https:\\\/\\\/cdn1.mediawpaccore.net\\\/wp-content\\\/uploads\\\/2026\\\/04\\\/13061039\\\/image-56.png\",\"contentUrl\":\"https:\\\/\\\/cdn1.mediawpaccore.net\\\/wp-content\\\/uploads\\\/2026\\\/04\\\/13061039\\\/image-56.png\",\"width\":1972,\"height\":1034,\"caption\":\"Foto: Collage video Screenshot\"},{\"@type\":\"BreadcrumbList\",\"@id\":\"https:\\\/\\\/www.cuballama.com\\\/noticias\\\/una-cadena-humana-para-salvar-a-un-perro-en-2016-que-se-hizo-viral-se-convierte-en-escultura-diez-anos-despues\\\/#breadcrumb\",\"itemListElement\":[{\"@type\":\"ListItem\",\"position\":1,\"name\":\"Home\",\"item\":\"https:\\\/\\\/www.cuballama.com\\\/noticias\\\/\"},{\"@type\":\"ListItem\",\"position\":2,\"name\":\"Una cadena humana para salvar a un perro en 2016 que se hizo viral, se convierte en escultura diez a\u00f1os despu\u00e9s\"}]},{\"@type\":\"WebSite\",\"@id\":\"https:\\\/\\\/www.cuballama.com\\\/noticias\\\/#website\",\"url\":\"https:\\\/\\\/www.cuballama.com\\\/noticias\\\/\",\"name\":\"Cuballama Noticias\",\"description\":\"Medio digital sobre Cuba y el mundo\",\"publisher\":{\"@id\":\"https:\\\/\\\/www.cuballama.com\\\/noticias\\\/#organization\"},\"potentialAction\":[{\"@type\":\"SearchAction\",\"target\":{\"@type\":\"EntryPoint\",\"urlTemplate\":\"https:\\\/\\\/www.cuballama.com\\\/noticias\\\/?s={search_term_string}\"},\"query-input\":{\"@type\":\"PropertyValueSpecification\",\"valueRequired\":true,\"valueName\":\"search_term_string\"}}],\"inLanguage\":\"es\"},{\"@type\":\"Organization\",\"@id\":\"https:\\\/\\\/www.cuballama.com\\\/noticias\\\/#organization\",\"name\":\"Cuballama\",\"url\":\"https:\\\/\\\/www.cuballama.com\\\/noticias\\\/\",\"logo\":{\"@type\":\"ImageObject\",\"inLanguage\":\"es\",\"@id\":\"https:\\\/\\\/www.cuballama.com\\\/noticias\\\/#\\\/schema\\\/logo\\\/image\\\/\",\"url\":\"https:\\\/\\\/cdn1.mediawpaccore.net\\\/wp-content\\\/uploads\\\/2021\\\/12\\\/28171206\\\/cbll-logo-color-sm.png\",\"contentUrl\":\"https:\\\/\\\/cdn1.mediawpaccore.net\\\/wp-content\\\/uploads\\\/2021\\\/12\\\/28171206\\\/cbll-logo-color-sm.png\",\"width\":600,\"height\":133,\"caption\":\"Cuballama\"},\"image\":{\"@id\":\"https:\\\/\\\/www.cuballama.com\\\/noticias\\\/#\\\/schema\\\/logo\\\/image\\\/\"},\"sameAs\":[\"https:\\\/\\\/www.facebook.com\\\/CubaLlama\",\"https:\\\/\\\/x.com\\\/cuballama\",\"https:\\\/\\\/www.instagram.com\\\/stories\\\/cuballama_oficial\\\/\",\"https:\\\/\\\/www.youtube.com\\\/channel\\\/UCKkFE-d_axENGZcrc4as0IA\"]},{\"@type\":\"Person\",\"@id\":\"https:\\\/\\\/www.cuballama.com\\\/noticias\\\/#\\\/schema\\\/person\\\/a58502ed4146c8e9f83872e897c76cd2\",\"name\":\"Roberto A.\",\"description\":\"Roberto A. Periodista por decisi\u00f3n propia. Interesado en cualquier tema que me apasione y cada vez m\u00e1s comprometido con la verdad y la objetividad period\u00edstica. Graduado en La Habana hace ya muchos a\u00f1os, luego de una accidentada y polvorienta b\u00fasqueda de informaci\u00f3n sobre un tema in\u00e9dito. La Tesis, por cierto, desapareci\u00f3 de la biblioteca y no se conservan copias de la misma.\",\"url\":\"https:\\\/\\\/www.cuballama.com\\\/noticias\\\/author\\\/roberto\\\/\"}]}<\/script>\n<!-- \/ Yoast SEO plugin. -->","yoast_head_json":{"title":"Una cadena humana para salvar a un perro en 2016 que se hizo viral, se convierte en escultura diez a\u00f1os despu\u00e9s - Cuballama Noticias","description":"Almaty inaugur\u00f3 una escultura inspirada en el rescate viral de 2016 donde una cadena humana salv\u00f3 a un hombre y su perro.","robots":{"index":"index","follow":"follow","max-snippet":"max-snippet:-1","max-image-preview":"max-image-preview:large","max-video-preview":"max-video-preview:-1"},"canonical":"https:\/\/www.cuballama.com\/noticias\/una-cadena-humana-para-salvar-a-un-perro-en-2016-que-se-hizo-viral-se-convierte-en-escultura-diez-anos-despues\/","og_locale":"es_ES","og_type":"article","og_title":"Una cadena humana para salvar a un perro en 2016 que se hizo viral, se convierte en escultura diez a\u00f1os despu\u00e9s - Cuballama Noticias","og_description":"Almaty inaugur\u00f3 una escultura inspirada en el rescate viral de 2016 donde una cadena humana salv\u00f3 a un hombre y su perro.","og_url":"https:\/\/www.cuballama.com\/noticias\/una-cadena-humana-para-salvar-a-un-perro-en-2016-que-se-hizo-viral-se-convierte-en-escultura-diez-anos-despues\/","og_site_name":"Cuballama Noticias","article_publisher":"https:\/\/www.facebook.com\/CubaLlama","article_published_time":"2026-04-27T10:47:11+00:00","article_modified_time":"2026-04-27T10:47:14+00:00","og_image":[{"width":1972,"height":1034,"url":"https:\/\/cdn1.mediawpaccore.net\/wp-content\/uploads\/2026\/04\/13061039\/image-56.png","type":"image\/png"}],"author":"Roberto A.","twitter_card":"summary_large_image","twitter_creator":"@cuballama","twitter_site":"@cuballama","twitter_misc":{"Escrito por":"Roberto A.","Tiempo de lectura":"3 minutos"},"schema":{"@context":"https:\/\/schema.org","@graph":[{"@type":"Article","@id":"https:\/\/www.cuballama.com\/noticias\/una-cadena-humana-para-salvar-a-un-perro-en-2016-que-se-hizo-viral-se-convierte-en-escultura-diez-anos-despues\/#article","isPartOf":{"@id":"https:\/\/www.cuballama.com\/noticias\/una-cadena-humana-para-salvar-a-un-perro-en-2016-que-se-hizo-viral-se-convierte-en-escultura-diez-anos-despues\/"},"author":{"name":"Roberto A.","@id":"https:\/\/www.cuballama.com\/noticias\/#\/schema\/person\/a58502ed4146c8e9f83872e897c76cd2"},"headline":"Una cadena humana para salvar a un perro en 2016 que se hizo viral, se convierte en escultura diez a\u00f1os despu\u00e9s","datePublished":"2026-04-27T10:47:11+00:00","dateModified":"2026-04-27T10:47:14+00:00","mainEntityOfPage":{"@id":"https:\/\/www.cuballama.com\/noticias\/una-cadena-humana-para-salvar-a-un-perro-en-2016-que-se-hizo-viral-se-convierte-en-escultura-diez-anos-despues\/"},"wordCount":481,"commentCount":0,"publisher":{"@id":"https:\/\/www.cuballama.com\/noticias\/#organization"},"image":{"@id":"https:\/\/www.cuballama.com\/noticias\/una-cadena-humana-para-salvar-a-un-perro-en-2016-que-se-hizo-viral-se-convierte-en-escultura-diez-anos-despues\/#primaryimage"},"thumbnailUrl":"https:\/\/cdn1.mediawpaccore.net\/wp-content\/uploads\/2026\/04\/13061039\/image-56.png","keywords":["2016","Almaty","arte p\u00fablico","cadena humana","Escultura","Kazajist\u00e1n","Perro","rescate viral","Unity"],"articleSection":["Noticias","Noticias Internacionales","Videos","Viral"],"inLanguage":"es","potentialAction":[{"@type":"CommentAction","name":"Comment","target":["https:\/\/www.cuballama.com\/noticias\/una-cadena-humana-para-salvar-a-un-perro-en-2016-que-se-hizo-viral-se-convierte-en-escultura-diez-anos-despues\/#respond"]}]},{"@type":"WebPage","@id":"https:\/\/www.cuballama.com\/noticias\/una-cadena-humana-para-salvar-a-un-perro-en-2016-que-se-hizo-viral-se-convierte-en-escultura-diez-anos-despues\/","url":"https:\/\/www.cuballama.com\/noticias\/una-cadena-humana-para-salvar-a-un-perro-en-2016-que-se-hizo-viral-se-convierte-en-escultura-diez-anos-despues\/","name":"Una cadena humana para salvar a un perro en 2016 que se hizo viral, se convierte en escultura diez a\u00f1os despu\u00e9s - Cuballama Noticias","isPartOf":{"@id":"https:\/\/www.cuballama.com\/noticias\/#website"},"primaryImageOfPage":{"@id":"https:\/\/www.cuballama.com\/noticias\/una-cadena-humana-para-salvar-a-un-perro-en-2016-que-se-hizo-viral-se-convierte-en-escultura-diez-anos-despues\/#primaryimage"},"image":{"@id":"https:\/\/www.cuballama.com\/noticias\/una-cadena-humana-para-salvar-a-un-perro-en-2016-que-se-hizo-viral-se-convierte-en-escultura-diez-anos-despues\/#primaryimage"},"thumbnailUrl":"https:\/\/cdn1.mediawpaccore.net\/wp-content\/uploads\/2026\/04\/13061039\/image-56.png","datePublished":"2026-04-27T10:47:11+00:00","dateModified":"2026-04-27T10:47:14+00:00","description":"Almaty inaugur\u00f3 una escultura inspirada en el rescate viral de 2016 donde una cadena humana salv\u00f3 a un hombre y su perro.","breadcrumb":{"@id":"https:\/\/www.cuballama.com\/noticias\/una-cadena-humana-para-salvar-a-un-perro-en-2016-que-se-hizo-viral-se-convierte-en-escultura-diez-anos-despues\/#breadcrumb"},"inLanguage":"es","potentialAction":[{"@type":"ReadAction","target":["https:\/\/www.cuballama.com\/noticias\/una-cadena-humana-para-salvar-a-un-perro-en-2016-que-se-hizo-viral-se-convierte-en-escultura-diez-anos-despues\/"]}]},{"@type":"ImageObject","inLanguage":"es","@id":"https:\/\/www.cuballama.com\/noticias\/una-cadena-humana-para-salvar-a-un-perro-en-2016-que-se-hizo-viral-se-convierte-en-escultura-diez-anos-despues\/#primaryimage","url":"https:\/\/cdn1.mediawpaccore.net\/wp-content\/uploads\/2026\/04\/13061039\/image-56.png","contentUrl":"https:\/\/cdn1.mediawpaccore.net\/wp-content\/uploads\/2026\/04\/13061039\/image-56.png","width":1972,"height":1034,"caption":"Foto: Collage video Screenshot"},{"@type":"BreadcrumbList","@id":"https:\/\/www.cuballama.com\/noticias\/una-cadena-humana-para-salvar-a-un-perro-en-2016-que-se-hizo-viral-se-convierte-en-escultura-diez-anos-despues\/#breadcrumb","itemListElement":[{"@type":"ListItem","position":1,"name":"Home","item":"https:\/\/www.cuballama.com\/noticias\/"},{"@type":"ListItem","position":2,"name":"Una cadena humana para salvar a un perro en 2016 que se hizo viral, se convierte en escultura diez a\u00f1os despu\u00e9s"}]},{"@type":"WebSite","@id":"https:\/\/www.cuballama.com\/noticias\/#website","url":"https:\/\/www.cuballama.com\/noticias\/","name":"Cuballama Noticias","description":"Medio digital sobre Cuba y el mundo","publisher":{"@id":"https:\/\/www.cuballama.com\/noticias\/#organization"},"potentialAction":[{"@type":"SearchAction","target":{"@type":"EntryPoint","urlTemplate":"https:\/\/www.cuballama.com\/noticias\/?s={search_term_string}"},"query-input":{"@type":"PropertyValueSpecification","valueRequired":true,"valueName":"search_term_string"}}],"inLanguage":"es"},{"@type":"Organization","@id":"https:\/\/www.cuballama.com\/noticias\/#organization","name":"Cuballama","url":"https:\/\/www.cuballama.com\/noticias\/","logo":{"@type":"ImageObject","inLanguage":"es","@id":"https:\/\/www.cuballama.com\/noticias\/#\/schema\/logo\/image\/","url":"https:\/\/cdn1.mediawpaccore.net\/wp-content\/uploads\/2021\/12\/28171206\/cbll-logo-color-sm.png","contentUrl":"https:\/\/cdn1.mediawpaccore.net\/wp-content\/uploads\/2021\/12\/28171206\/cbll-logo-color-sm.png","width":600,"height":133,"caption":"Cuballama"},"image":{"@id":"https:\/\/www.cuballama.com\/noticias\/#\/schema\/logo\/image\/"},"sameAs":["https:\/\/www.facebook.com\/CubaLlama","https:\/\/x.com\/cuballama","https:\/\/www.instagram.com\/stories\/cuballama_oficial\/","https:\/\/www.youtube.com\/channel\/UCKkFE-d_axENGZcrc4as0IA"]},{"@type":"Person","@id":"https:\/\/www.cuballama.com\/noticias\/#\/schema\/person\/a58502ed4146c8e9f83872e897c76cd2","name":"Roberto A.","description":"Roberto A. Periodista por decisi\u00f3n propia. Interesado en cualquier tema que me apasione y cada vez m\u00e1s comprometido con la verdad y la objetividad period\u00edstica. Graduado en La Habana hace ya muchos a\u00f1os, luego de una accidentada y polvorienta b\u00fasqueda de informaci\u00f3n sobre un tema in\u00e9dito. La Tesis, por cierto, desapareci\u00f3 de la biblioteca y no se conservan copias de la misma.","url":"https:\/\/www.cuballama.com\/noticias\/author\/roberto\/"}]}},"_links":{"self":[{"href":"https:\/\/www.cuballama.com\/noticias\/wp-json\/wp\/v2\/posts\/240993","targetHints":{"allow":["GET"]}}],"collection":[{"href":"https:\/\/www.cuballama.com\/noticias\/wp-json\/wp\/v2\/posts"}],"about":[{"href":"https:\/\/www.cuballama.com\/noticias\/wp-json\/wp\/v2\/types\/post"}],"author":[{"embeddable":true,"href":"https:\/\/www.cuballama.com\/noticias\/wp-json\/wp\/v2\/users\/13"}],"replies":[{"embeddable":true,"href":"https:\/\/www.cuballama.com\/noticias\/wp-json\/wp\/v2\/comments?post=240993"}],"version-history":[{"count":2,"href":"https:\/\/www.cuballama.com\/noticias\/wp-json\/wp\/v2\/posts\/240993\/revisions"}],"predecessor-version":[{"id":240997,"href":"https:\/\/www.cuballama.com\/noticias\/wp-json\/wp\/v2\/posts\/240993\/revisions\/240997"}],"wp:featuredmedia":[{"embeddable":true,"href":"https:\/\/www.cuballama.com\/noticias\/wp-json\/wp\/v2\/media\/240994"}],"wp:attachment":[{"href":"https:\/\/www.cuballama.com\/noticias\/wp-json\/wp\/v2\/media?parent=240993"}],"wp:term":[{"taxonomy":"category","embeddable":true,"href":"https:\/\/www.cuballama.com\/noticias\/wp-json\/wp\/v2\/categories?post=240993"},{"taxonomy":"post_tag","embeddable":true,"href":"https:\/\/www.cuballama.com\/noticias\/wp-json\/wp\/v2\/tags?post=240993"}],"curies":[{"name":"wp","href":"https:\/\/api.w.org\/{rel}","templated":true}]}}