{"id":238395,"date":"2026-03-16T19:30:07","date_gmt":"2026-03-16T23:30:07","guid":{"rendered":"https:\/\/www.cuballama.com\/noticias\/?p=238395"},"modified":"2026-03-17T16:00:59","modified_gmt":"2026-03-17T20:00:59","slug":"donald-trump-dice-que-cree-que-tendra-el-honor-de-tomar-cuba","status":"publish","type":"post","link":"https:\/\/www.cuballama.com\/noticias\/donald-trump-dice-que-cree-que-tendra-el-honor-de-tomar-cuba\/","title":{"rendered":"Donald Trump dice que cree que tendr\u00e1 el \u201chonor\u201d de \u201ctomar Cuba\u201d"},"content":{"rendered":"\n<p>El presidente de Estados Unidos, Donald Trump, declar\u00f3 este lunes que cree que tendr\u00e1 el \u201chonor\u201d de \u201ctomar Cuba\u201d.<\/p>\n\n\n\n<p>\u201cSi lo libero, lo tomo, creo que puedo hacer lo que quiera con \u00e9l\u201d, dijo Trump a la prensa durante una orden ejecutiva firmada en la Casa Blanca.<\/p>\n\n\n\n<p>\u201cSon una naci\u00f3n muy debilitada en este momento\u201d, asegur\u00f3 el mandatario en la Oficina Oval con el vicepresidente JD Vance de pie detr\u00e1s de \u00e9l.&nbsp;<\/p>\n\n\n\n<p>\u201cCreo que Cuba ve el final\u201d, dijo. \u201cToda mi vida he estado escuchando sobre Estados Unidos y Cuba. \u00bfCu\u00e1ndo lo har\u00e1 Estados Unidos? Creo que ser\u00e9 el honor de tener el honor de llevar a Cuba\u201d.<\/p>\n\n\n\n<p>Preguntado por lo que significaba \u201ctomar\u201d a Cuba, Trump destac\u00f3 que Estados Unidos intervendr\u00eda \u201cde alguna forma\u201d en la isla, controlada por el actual r\u00e9gimen comunista desde 1959.<\/p>\n\n\n\n<p>Estas declaraciones llegan despu\u00e9s de que Trump asegurara que su Administraci\u00f3n volver\u00e1 la vista hacia Cuba despu\u00e9s de que logre sus objetivos en Ir\u00e1n y que tomar\u00e1 la isla de manera \u201camistoso o no\u201d.<\/p>\n\n\n\n<blockquote class=\"twitter-tweet\"><p lang=\"en\" dir=\"ltr\">\u2018I think Cuba sees the end\u2019: Trump hints at imminent change in the island nation <a href=\"https:\/\/t.co\/e5iS8ayrLM\">https:\/\/t.co\/e5iS8ayrLM<\/a><\/p>&mdash; POLITICO (@politico) <a href=\"https:\/\/twitter.com\/politico\/status\/2033671711531638988?ref_src=twsrc%5Etfw\">March 16, 2026<\/a><\/blockquote> <script async src=\"https:\/\/platform.twitter.com\/widgets.js\" charset=\"utf-8\"><\/script>\n\n\n\n<p><a href=\"https:\/\/www.cuballama.com\/noticias\/trump-vuelve-a-hablar-de-cuba-llegaremos-a-un-acuerdo-o-haremos-lo-que-tengamos-que-hacer\/\" target=\"_blank\" rel=\"noreferrer noopener\">Este domingo<\/a> el l\u00edder republicano asegur\u00f3 que \u201cCuba tambi\u00e9n quiere llegar a un acuerdo, y creo que muy pronto llegaremos a un acuerdo o haremos lo que tengamos que hacer\u201d.\u00a0<\/p>\n\n\n\n<p>\u201cHan estado esperando 50 a\u00f1os a ver qu\u00e9 pasa con Cuba. As\u00ed que creo que algo suceder\u00e1 con Cuba muy pronto\u201d, declar\u00f3 Trump, que tras la captura del expresidente Nicol\u00e1s Maduro en enero oblig\u00f3 a Venezuela a poner fin al env\u00edo de petr\u00f3leo a la isla.<\/p>\n\n\n\n<p>El bloqueo petrolero a la isla es un ejemplo de la pol\u00edtica exterior que impulsa Trump durante su segundo mandato en la Casa Blanca con el fin de eliminar todos los reg\u00edmenes socialistas del hemisferio occidental.<\/p>\n\n\n\n<p>La semana pasada fuentes cercanas al secretario de Estado, Marco Rubio, revelaron que la administraci\u00f3n busca <a href=\"https:\/\/www.cuballama.com\/noticias\/revelan-detalles-del-plan-de-rubio-para-acabar-con-el-regimen-cubano-esta-donde-queremos-que-este\/?srsltid=AfmBOor1-BL7IlUa6QuJilq8b9AxEGmpnDZW1g1Gm01MRihUePRjDYzg\" target=\"_blank\" rel=\"noreferrer noopener\">un debilitamiento financiero<\/a> del r\u00e9gimen actual, que implica cortar a Cuba la asistencia econ\u00f3mica del resto del mundo y preparar un plan de recuperaci\u00f3n.<\/p>\n\n\n\n<p>Con el petr\u00f3lero agotado, vendr\u00eda un colapso estructural, que tiene como objetivos a D\u00edaz-Canel; y al general \u00c1lvaro L\u00f3pez Miera, ministro de las Fuerzas Armadas Revolucionarias.<\/p>\n\n\n\n<p>\u201cSolo dir\u00e9 que Cuba est\u00e1 justo donde queremos que est\u00e9\u201d, destac\u00f3 a Daily Mail una fuente de la Casa Blanca familiarizada con las conversaciones internas.<\/p>\n","protected":false},"excerpt":{"rendered":"<p>El presidente de Estados Unidos subray\u00f3 que la isla es \u201cuna naci\u00f3n muy debilitada en este momento\u201d.<\/p>\n","protected":false},"author":30,"featured_media":238397,"comment_status":"open","ping_status":"closed","sticky":false,"template":"","format":"standard","meta":{"_acf_changed":false,"footnotes":""},"categories":[18,955],"tags":[5404,10867,941,700,3895],"class_list":{"0":"post-238395","1":"post","2":"type-post","3":"status-publish","4":"format-standard","5":"has-post-thumbnail","7":"category-noticias","8":"category-noticias-de-cuba","9":"tag-administracion-trump","10":"tag-crisis-en-cuba","11":"tag-destacado","12":"tag-donald-trump","13":"tag-gobierno-cubano"},"acf":[],"yoast_head":"<!-- This site is optimized with the Yoast SEO plugin v27.5 - https:\/\/yoast.com\/product\/yoast-seo-wordpress\/ -->\n<title>Donald Trump dice que cree que tendr\u00e1 el \u201chonor\u201d de \u201ctomar Cuba\u201d - Cuballama Noticias<\/title>\n<meta name=\"description\" content=\"El presidente de Estados Unidos, Donald Trump, declar\u00f3 este lunes que cree que tendr\u00e1 el \u201chonor\u201d de \u201ctomar Cuba\u201d.\" \/>\n<meta name=\"robots\" content=\"index, follow, max-snippet:-1, max-image-preview:large, max-video-preview:-1\" \/>\n<link rel=\"canonical\" href=\"https:\/\/www.cuballama.com\/noticias\/donald-trump-dice-que-cree-que-tendra-el-honor-de-tomar-cuba\/\" \/>\n<meta property=\"og:locale\" content=\"es_ES\" \/>\n<meta property=\"og:type\" content=\"article\" \/>\n<meta property=\"og:title\" content=\"Donald Trump dice que cree que tendr\u00e1 el \u201chonor\u201d de \u201ctomar Cuba\u201d - Cuballama Noticias\" \/>\n<meta property=\"og:description\" content=\"El presidente de Estados Unidos, Donald Trump, declar\u00f3 este lunes que cree que tendr\u00e1 el \u201chonor\u201d de \u201ctomar Cuba\u201d.\" \/>\n<meta property=\"og:url\" content=\"https:\/\/www.cuballama.com\/noticias\/donald-trump-dice-que-cree-que-tendra-el-honor-de-tomar-cuba\/\" \/>\n<meta property=\"og:site_name\" content=\"Cuballama Noticias\" \/>\n<meta property=\"article:publisher\" content=\"https:\/\/www.facebook.com\/CubaLlama\" \/>\n<meta property=\"article:published_time\" content=\"2026-03-16T23:30:07+00:00\" \/>\n<meta property=\"article:modified_time\" content=\"2026-03-17T20:00:59+00:00\" \/>\n<meta property=\"og:image\" content=\"https:\/\/cdn1.mediawpaccore.net\/wp-content\/uploads\/2026\/03\/16185241\/Captura-de-pantalla_16-3-2026_185024_www.instagram.com_.jpg\" \/>\n\t<meta property=\"og:image:width\" content=\"1200\" \/>\n\t<meta property=\"og:image:height\" content=\"630\" \/>\n\t<meta property=\"og:image:type\" content=\"image\/jpeg\" \/>\n<meta name=\"author\" content=\"Kathy\" \/>\n<meta name=\"twitter:card\" content=\"summary_large_image\" \/>\n<meta name=\"twitter:creator\" content=\"@cuballama\" \/>\n<meta name=\"twitter:site\" content=\"@cuballama\" \/>\n<meta name=\"twitter:label1\" content=\"Escrito por\" \/>\n\t<meta name=\"twitter:data1\" content=\"Kathy\" \/>\n\t<meta name=\"twitter:label2\" content=\"Tiempo de lectura\" \/>\n\t<meta name=\"twitter:data2\" content=\"2 minutos\" \/>\n<script type=\"application\/ld+json\" class=\"yoast-schema-graph\">{\"@context\":\"https:\\\/\\\/schema.org\",\"@graph\":[{\"@type\":\"Article\",\"@id\":\"https:\\\/\\\/www.cuballama.com\\\/noticias\\\/donald-trump-dice-que-cree-que-tendra-el-honor-de-tomar-cuba\\\/#article\",\"isPartOf\":{\"@id\":\"https:\\\/\\\/www.cuballama.com\\\/noticias\\\/donald-trump-dice-que-cree-que-tendra-el-honor-de-tomar-cuba\\\/\"},\"author\":{\"name\":\"Kathy\",\"@id\":\"https:\\\/\\\/www.cuballama.com\\\/noticias\\\/#\\\/schema\\\/person\\\/86cd3e3f4974437f031211213bf892d5\"},\"headline\":\"Donald Trump dice que cree que tendr\u00e1 el \u201chonor\u201d de \u201ctomar Cuba\u201d\",\"datePublished\":\"2026-03-16T23:30:07+00:00\",\"dateModified\":\"2026-03-17T20:00:59+00:00\",\"mainEntityOfPage\":{\"@id\":\"https:\\\/\\\/www.cuballama.com\\\/noticias\\\/donald-trump-dice-que-cree-que-tendra-el-honor-de-tomar-cuba\\\/\"},\"wordCount\":434,\"commentCount\":0,\"publisher\":{\"@id\":\"https:\\\/\\\/www.cuballama.com\\\/noticias\\\/#organization\"},\"image\":{\"@id\":\"https:\\\/\\\/www.cuballama.com\\\/noticias\\\/donald-trump-dice-que-cree-que-tendra-el-honor-de-tomar-cuba\\\/#primaryimage\"},\"thumbnailUrl\":\"https:\\\/\\\/cdn1.mediawpaccore.net\\\/wp-content\\\/uploads\\\/2026\\\/03\\\/16185241\\\/Captura-de-pantalla_16-3-2026_185024_www.instagram.com_.jpg\",\"keywords\":[\"administraci\u00f3n Trump\",\"Crisis en Cuba\",\"destacado\",\"Donald Trump\",\"gobierno cubano\"],\"articleSection\":[\"Noticias\",\"Noticias de Cuba\"],\"inLanguage\":\"es\",\"potentialAction\":[{\"@type\":\"CommentAction\",\"name\":\"Comment\",\"target\":[\"https:\\\/\\\/www.cuballama.com\\\/noticias\\\/donald-trump-dice-que-cree-que-tendra-el-honor-de-tomar-cuba\\\/#respond\"]}]},{\"@type\":\"WebPage\",\"@id\":\"https:\\\/\\\/www.cuballama.com\\\/noticias\\\/donald-trump-dice-que-cree-que-tendra-el-honor-de-tomar-cuba\\\/\",\"url\":\"https:\\\/\\\/www.cuballama.com\\\/noticias\\\/donald-trump-dice-que-cree-que-tendra-el-honor-de-tomar-cuba\\\/\",\"name\":\"Donald Trump dice que cree que tendr\u00e1 el \u201chonor\u201d de \u201ctomar Cuba\u201d - Cuballama Noticias\",\"isPartOf\":{\"@id\":\"https:\\\/\\\/www.cuballama.com\\\/noticias\\\/#website\"},\"primaryImageOfPage\":{\"@id\":\"https:\\\/\\\/www.cuballama.com\\\/noticias\\\/donald-trump-dice-que-cree-que-tendra-el-honor-de-tomar-cuba\\\/#primaryimage\"},\"image\":{\"@id\":\"https:\\\/\\\/www.cuballama.com\\\/noticias\\\/donald-trump-dice-que-cree-que-tendra-el-honor-de-tomar-cuba\\\/#primaryimage\"},\"thumbnailUrl\":\"https:\\\/\\\/cdn1.mediawpaccore.net\\\/wp-content\\\/uploads\\\/2026\\\/03\\\/16185241\\\/Captura-de-pantalla_16-3-2026_185024_www.instagram.com_.jpg\",\"datePublished\":\"2026-03-16T23:30:07+00:00\",\"dateModified\":\"2026-03-17T20:00:59+00:00\",\"description\":\"El presidente de Estados Unidos, Donald Trump, declar\u00f3 este lunes que cree que tendr\u00e1 el \u201chonor\u201d de \u201ctomar Cuba\u201d.\",\"breadcrumb\":{\"@id\":\"https:\\\/\\\/www.cuballama.com\\\/noticias\\\/donald-trump-dice-que-cree-que-tendra-el-honor-de-tomar-cuba\\\/#breadcrumb\"},\"inLanguage\":\"es\",\"potentialAction\":[{\"@type\":\"ReadAction\",\"target\":[\"https:\\\/\\\/www.cuballama.com\\\/noticias\\\/donald-trump-dice-que-cree-que-tendra-el-honor-de-tomar-cuba\\\/\"]}]},{\"@type\":\"ImageObject\",\"inLanguage\":\"es\",\"@id\":\"https:\\\/\\\/www.cuballama.com\\\/noticias\\\/donald-trump-dice-que-cree-que-tendra-el-honor-de-tomar-cuba\\\/#primaryimage\",\"url\":\"https:\\\/\\\/cdn1.mediawpaccore.net\\\/wp-content\\\/uploads\\\/2026\\\/03\\\/16185241\\\/Captura-de-pantalla_16-3-2026_185024_www.instagram.com_.jpg\",\"contentUrl\":\"https:\\\/\\\/cdn1.mediawpaccore.net\\\/wp-content\\\/uploads\\\/2026\\\/03\\\/16185241\\\/Captura-de-pantalla_16-3-2026_185024_www.instagram.com_.jpg\",\"width\":1200,\"height\":630,\"caption\":\"Donald Trump. Foto: Instagram\\\/Donald Trump.\"},{\"@type\":\"BreadcrumbList\",\"@id\":\"https:\\\/\\\/www.cuballama.com\\\/noticias\\\/donald-trump-dice-que-cree-que-tendra-el-honor-de-tomar-cuba\\\/#breadcrumb\",\"itemListElement\":[{\"@type\":\"ListItem\",\"position\":1,\"name\":\"Home\",\"item\":\"https:\\\/\\\/www.cuballama.com\\\/noticias\\\/\"},{\"@type\":\"ListItem\",\"position\":2,\"name\":\"Donald Trump dice que cree que tendr\u00e1 el \u201chonor\u201d de \u201ctomar Cuba\u201d\"}]},{\"@type\":\"WebSite\",\"@id\":\"https:\\\/\\\/www.cuballama.com\\\/noticias\\\/#website\",\"url\":\"https:\\\/\\\/www.cuballama.com\\\/noticias\\\/\",\"name\":\"Cuballama Noticias\",\"description\":\"Medio digital sobre Cuba y el mundo\",\"publisher\":{\"@id\":\"https:\\\/\\\/www.cuballama.com\\\/noticias\\\/#organization\"},\"potentialAction\":[{\"@type\":\"SearchAction\",\"target\":{\"@type\":\"EntryPoint\",\"urlTemplate\":\"https:\\\/\\\/www.cuballama.com\\\/noticias\\\/?s={search_term_string}\"},\"query-input\":{\"@type\":\"PropertyValueSpecification\",\"valueRequired\":true,\"valueName\":\"search_term_string\"}}],\"inLanguage\":\"es\"},{\"@type\":\"Organization\",\"@id\":\"https:\\\/\\\/www.cuballama.com\\\/noticias\\\/#organization\",\"name\":\"Cuballama\",\"url\":\"https:\\\/\\\/www.cuballama.com\\\/noticias\\\/\",\"logo\":{\"@type\":\"ImageObject\",\"inLanguage\":\"es\",\"@id\":\"https:\\\/\\\/www.cuballama.com\\\/noticias\\\/#\\\/schema\\\/logo\\\/image\\\/\",\"url\":\"https:\\\/\\\/cdn1.mediawpaccore.net\\\/wp-content\\\/uploads\\\/2021\\\/12\\\/28171206\\\/cbll-logo-color-sm.png\",\"contentUrl\":\"https:\\\/\\\/cdn1.mediawpaccore.net\\\/wp-content\\\/uploads\\\/2021\\\/12\\\/28171206\\\/cbll-logo-color-sm.png\",\"width\":600,\"height\":133,\"caption\":\"Cuballama\"},\"image\":{\"@id\":\"https:\\\/\\\/www.cuballama.com\\\/noticias\\\/#\\\/schema\\\/logo\\\/image\\\/\"},\"sameAs\":[\"https:\\\/\\\/www.facebook.com\\\/CubaLlama\",\"https:\\\/\\\/x.com\\\/cuballama\",\"https:\\\/\\\/www.instagram.com\\\/stories\\\/cuballama_oficial\\\/\",\"https:\\\/\\\/www.youtube.com\\\/channel\\\/UCKkFE-d_axENGZcrc4as0IA\"]},{\"@type\":\"Person\",\"@id\":\"https:\\\/\\\/www.cuballama.com\\\/noticias\\\/#\\\/schema\\\/person\\\/86cd3e3f4974437f031211213bf892d5\",\"name\":\"Kathy\",\"url\":\"https:\\\/\\\/www.cuballama.com\\\/noticias\\\/author\\\/kathy\\\/\"}]}<\/script>\n<!-- \/ Yoast SEO plugin. -->","yoast_head_json":{"title":"Donald Trump dice que cree que tendr\u00e1 el \u201chonor\u201d de \u201ctomar Cuba\u201d - Cuballama Noticias","description":"El presidente de Estados Unidos, Donald Trump, declar\u00f3 este lunes que cree que tendr\u00e1 el \u201chonor\u201d de \u201ctomar Cuba\u201d.","robots":{"index":"index","follow":"follow","max-snippet":"max-snippet:-1","max-image-preview":"max-image-preview:large","max-video-preview":"max-video-preview:-1"},"canonical":"https:\/\/www.cuballama.com\/noticias\/donald-trump-dice-que-cree-que-tendra-el-honor-de-tomar-cuba\/","og_locale":"es_ES","og_type":"article","og_title":"Donald Trump dice que cree que tendr\u00e1 el \u201chonor\u201d de \u201ctomar Cuba\u201d - Cuballama Noticias","og_description":"El presidente de Estados Unidos, Donald Trump, declar\u00f3 este lunes que cree que tendr\u00e1 el \u201chonor\u201d de \u201ctomar Cuba\u201d.","og_url":"https:\/\/www.cuballama.com\/noticias\/donald-trump-dice-que-cree-que-tendra-el-honor-de-tomar-cuba\/","og_site_name":"Cuballama Noticias","article_publisher":"https:\/\/www.facebook.com\/CubaLlama","article_published_time":"2026-03-16T23:30:07+00:00","article_modified_time":"2026-03-17T20:00:59+00:00","og_image":[{"width":1200,"height":630,"url":"https:\/\/cdn1.mediawpaccore.net\/wp-content\/uploads\/2026\/03\/16185241\/Captura-de-pantalla_16-3-2026_185024_www.instagram.com_.jpg","type":"image\/jpeg"}],"author":"Kathy","twitter_card":"summary_large_image","twitter_creator":"@cuballama","twitter_site":"@cuballama","twitter_misc":{"Escrito por":"Kathy","Tiempo de lectura":"2 minutos"},"schema":{"@context":"https:\/\/schema.org","@graph":[{"@type":"Article","@id":"https:\/\/www.cuballama.com\/noticias\/donald-trump-dice-que-cree-que-tendra-el-honor-de-tomar-cuba\/#article","isPartOf":{"@id":"https:\/\/www.cuballama.com\/noticias\/donald-trump-dice-que-cree-que-tendra-el-honor-de-tomar-cuba\/"},"author":{"name":"Kathy","@id":"https:\/\/www.cuballama.com\/noticias\/#\/schema\/person\/86cd3e3f4974437f031211213bf892d5"},"headline":"Donald Trump dice que cree que tendr\u00e1 el \u201chonor\u201d de \u201ctomar Cuba\u201d","datePublished":"2026-03-16T23:30:07+00:00","dateModified":"2026-03-17T20:00:59+00:00","mainEntityOfPage":{"@id":"https:\/\/www.cuballama.com\/noticias\/donald-trump-dice-que-cree-que-tendra-el-honor-de-tomar-cuba\/"},"wordCount":434,"commentCount":0,"publisher":{"@id":"https:\/\/www.cuballama.com\/noticias\/#organization"},"image":{"@id":"https:\/\/www.cuballama.com\/noticias\/donald-trump-dice-que-cree-que-tendra-el-honor-de-tomar-cuba\/#primaryimage"},"thumbnailUrl":"https:\/\/cdn1.mediawpaccore.net\/wp-content\/uploads\/2026\/03\/16185241\/Captura-de-pantalla_16-3-2026_185024_www.instagram.com_.jpg","keywords":["administraci\u00f3n Trump","Crisis en Cuba","destacado","Donald Trump","gobierno cubano"],"articleSection":["Noticias","Noticias de Cuba"],"inLanguage":"es","potentialAction":[{"@type":"CommentAction","name":"Comment","target":["https:\/\/www.cuballama.com\/noticias\/donald-trump-dice-que-cree-que-tendra-el-honor-de-tomar-cuba\/#respond"]}]},{"@type":"WebPage","@id":"https:\/\/www.cuballama.com\/noticias\/donald-trump-dice-que-cree-que-tendra-el-honor-de-tomar-cuba\/","url":"https:\/\/www.cuballama.com\/noticias\/donald-trump-dice-que-cree-que-tendra-el-honor-de-tomar-cuba\/","name":"Donald Trump dice que cree que tendr\u00e1 el \u201chonor\u201d de \u201ctomar Cuba\u201d - Cuballama Noticias","isPartOf":{"@id":"https:\/\/www.cuballama.com\/noticias\/#website"},"primaryImageOfPage":{"@id":"https:\/\/www.cuballama.com\/noticias\/donald-trump-dice-que-cree-que-tendra-el-honor-de-tomar-cuba\/#primaryimage"},"image":{"@id":"https:\/\/www.cuballama.com\/noticias\/donald-trump-dice-que-cree-que-tendra-el-honor-de-tomar-cuba\/#primaryimage"},"thumbnailUrl":"https:\/\/cdn1.mediawpaccore.net\/wp-content\/uploads\/2026\/03\/16185241\/Captura-de-pantalla_16-3-2026_185024_www.instagram.com_.jpg","datePublished":"2026-03-16T23:30:07+00:00","dateModified":"2026-03-17T20:00:59+00:00","description":"El presidente de Estados Unidos, Donald Trump, declar\u00f3 este lunes que cree que tendr\u00e1 el \u201chonor\u201d de \u201ctomar Cuba\u201d.","breadcrumb":{"@id":"https:\/\/www.cuballama.com\/noticias\/donald-trump-dice-que-cree-que-tendra-el-honor-de-tomar-cuba\/#breadcrumb"},"inLanguage":"es","potentialAction":[{"@type":"ReadAction","target":["https:\/\/www.cuballama.com\/noticias\/donald-trump-dice-que-cree-que-tendra-el-honor-de-tomar-cuba\/"]}]},{"@type":"ImageObject","inLanguage":"es","@id":"https:\/\/www.cuballama.com\/noticias\/donald-trump-dice-que-cree-que-tendra-el-honor-de-tomar-cuba\/#primaryimage","url":"https:\/\/cdn1.mediawpaccore.net\/wp-content\/uploads\/2026\/03\/16185241\/Captura-de-pantalla_16-3-2026_185024_www.instagram.com_.jpg","contentUrl":"https:\/\/cdn1.mediawpaccore.net\/wp-content\/uploads\/2026\/03\/16185241\/Captura-de-pantalla_16-3-2026_185024_www.instagram.com_.jpg","width":1200,"height":630,"caption":"Donald Trump. Foto: Instagram\/Donald Trump."},{"@type":"BreadcrumbList","@id":"https:\/\/www.cuballama.com\/noticias\/donald-trump-dice-que-cree-que-tendra-el-honor-de-tomar-cuba\/#breadcrumb","itemListElement":[{"@type":"ListItem","position":1,"name":"Home","item":"https:\/\/www.cuballama.com\/noticias\/"},{"@type":"ListItem","position":2,"name":"Donald Trump dice que cree que tendr\u00e1 el \u201chonor\u201d de \u201ctomar Cuba\u201d"}]},{"@type":"WebSite","@id":"https:\/\/www.cuballama.com\/noticias\/#website","url":"https:\/\/www.cuballama.com\/noticias\/","name":"Cuballama Noticias","description":"Medio digital sobre Cuba y el mundo","publisher":{"@id":"https:\/\/www.cuballama.com\/noticias\/#organization"},"potentialAction":[{"@type":"SearchAction","target":{"@type":"EntryPoint","urlTemplate":"https:\/\/www.cuballama.com\/noticias\/?s={search_term_string}"},"query-input":{"@type":"PropertyValueSpecification","valueRequired":true,"valueName":"search_term_string"}}],"inLanguage":"es"},{"@type":"Organization","@id":"https:\/\/www.cuballama.com\/noticias\/#organization","name":"Cuballama","url":"https:\/\/www.cuballama.com\/noticias\/","logo":{"@type":"ImageObject","inLanguage":"es","@id":"https:\/\/www.cuballama.com\/noticias\/#\/schema\/logo\/image\/","url":"https:\/\/cdn1.mediawpaccore.net\/wp-content\/uploads\/2021\/12\/28171206\/cbll-logo-color-sm.png","contentUrl":"https:\/\/cdn1.mediawpaccore.net\/wp-content\/uploads\/2021\/12\/28171206\/cbll-logo-color-sm.png","width":600,"height":133,"caption":"Cuballama"},"image":{"@id":"https:\/\/www.cuballama.com\/noticias\/#\/schema\/logo\/image\/"},"sameAs":["https:\/\/www.facebook.com\/CubaLlama","https:\/\/x.com\/cuballama","https:\/\/www.instagram.com\/stories\/cuballama_oficial\/","https:\/\/www.youtube.com\/channel\/UCKkFE-d_axENGZcrc4as0IA"]},{"@type":"Person","@id":"https:\/\/www.cuballama.com\/noticias\/#\/schema\/person\/86cd3e3f4974437f031211213bf892d5","name":"Kathy","url":"https:\/\/www.cuballama.com\/noticias\/author\/kathy\/"}]}},"_links":{"self":[{"href":"https:\/\/www.cuballama.com\/noticias\/wp-json\/wp\/v2\/posts\/238395","targetHints":{"allow":["GET"]}}],"collection":[{"href":"https:\/\/www.cuballama.com\/noticias\/wp-json\/wp\/v2\/posts"}],"about":[{"href":"https:\/\/www.cuballama.com\/noticias\/wp-json\/wp\/v2\/types\/post"}],"author":[{"embeddable":true,"href":"https:\/\/www.cuballama.com\/noticias\/wp-json\/wp\/v2\/users\/30"}],"replies":[{"embeddable":true,"href":"https:\/\/www.cuballama.com\/noticias\/wp-json\/wp\/v2\/comments?post=238395"}],"version-history":[{"count":5,"href":"https:\/\/www.cuballama.com\/noticias\/wp-json\/wp\/v2\/posts\/238395\/revisions"}],"predecessor-version":[{"id":238407,"href":"https:\/\/www.cuballama.com\/noticias\/wp-json\/wp\/v2\/posts\/238395\/revisions\/238407"}],"wp:featuredmedia":[{"embeddable":true,"href":"https:\/\/www.cuballama.com\/noticias\/wp-json\/wp\/v2\/media\/238397"}],"wp:attachment":[{"href":"https:\/\/www.cuballama.com\/noticias\/wp-json\/wp\/v2\/media?parent=238395"}],"wp:term":[{"taxonomy":"category","embeddable":true,"href":"https:\/\/www.cuballama.com\/noticias\/wp-json\/wp\/v2\/categories?post=238395"},{"taxonomy":"post_tag","embeddable":true,"href":"https:\/\/www.cuballama.com\/noticias\/wp-json\/wp\/v2\/tags?post=238395"}],"curies":[{"name":"wp","href":"https:\/\/api.w.org\/{rel}","templated":true}]}}