{"id":238372,"date":"2026-03-16T14:58:28","date_gmt":"2026-03-16T18:58:28","guid":{"rendered":"https:\/\/www.cuballama.com\/noticias\/?p=238372"},"modified":"2026-03-16T14:58:31","modified_gmt":"2026-03-16T18:58:31","slug":"los-amo-y-los-extrano-el-chulo-abre-su-corazon-y-le-dedica-emotivos-mensajes-a-sus-hijos-desde-mexico","status":"publish","type":"post","link":"https:\/\/www.cuballama.com\/noticias\/los-amo-y-los-extrano-el-chulo-abre-su-corazon-y-le-dedica-emotivos-mensajes-a-sus-hijos-desde-mexico\/","title":{"rendered":"\u201cLos amo y los extra\u00f1o\u201d: El Chulo abre su coraz\u00f3n y le dedica emotivos mensajes a sus hijos desde M\u00e9xico"},"content":{"rendered":"\n<p>\u00a1A El Chulo le peg\u00f3 duro la nostalgia! El popular reguetonero cubano dej\u00f3 a un lado su faceta m\u00e1s urbana este fin de semana para mostrar su lado m\u00e1s vulnerable, abriendo su coraz\u00f3n en las redes sociales ante la dura realidad de estar lejos de sus peque\u00f1os tras su abrupta salida de Estados Unidos.<\/p>\n\n\n\n<p>A trav\u00e9s de sus historias de Instagram, el int\u00e9rprete comparti\u00f3 un viaje al pasado que conmovi\u00f3 a m\u00e1s de uno.&nbsp;<\/p>\n\n\n\n<p>En una de las postales, se puede ver a sus dos hijos varones en una tierna sesi\u00f3n fotogr\u00e1fica de hace unos meses, donde el hermano mayor sostiene con much\u00edsima delicadeza al beb\u00e9 reci\u00e9n nacido. El dolor de la distancia qued\u00f3 plasmado en una frase directa: <strong>\u201cLos amo y los extra\u00f1o con todo mi coraz\u00f3n\u201d<\/strong>, un mensaje que el artista sell\u00f3 con un elocuente emoji triste.<\/p>\n\n\n\n<p>Pero los recuerdos familiares no pararon ah\u00ed. El cantante urbano tambi\u00e9n rescat\u00f3 un emotivo clip donde se le ve abrazado a su actual pareja, Mar\u00eda Karla, y al peque\u00f1o Justin, teniendo como tel\u00f3n de fondo las luces nocturnas de una ciudad.&nbsp;<\/p>\n\n\n\n<p>Sobre este video resalta la rom\u00e1ntica frase: <strong>\u201cY ahora que lo pienso\u2026 todo vali\u00f3 la pena por ti\u201d<\/strong>. Esta declaraci\u00f3n pertenece a la cuenta de Mar\u00eda Karla, quien hab\u00eda compartido originalmente ese momento \u00edntimo en sus redes hace un par de semanas.<\/p>\n\n\n\n<figure class=\"wp-block-image size-large\"><img loading=\"lazy\" decoding=\"async\" width=\"1024\" height=\"919\" src=\"https:\/\/cdn1.mediawpaccore.net\/wp-content\/uploads\/2026\/03\/16145228\/elchhj-1024x919.jpg\" alt=\"\" class=\"wp-image-238378\" srcset=\"https:\/\/cdn1.mediawpaccore.net\/wp-content\/uploads\/2026\/03\/16145228\/elchhj-1024x919.jpg 1024w, https:\/\/cdn1.mediawpaccore.net\/wp-content\/uploads\/2026\/03\/16145228\/elchhj-300x269.jpg 300w, https:\/\/cdn1.mediawpaccore.net\/wp-content\/uploads\/2026\/03\/16145228\/elchhj-768x689.jpg 768w, https:\/\/cdn1.mediawpaccore.net\/wp-content\/uploads\/2026\/03\/16145228\/elchhj-468x420.jpg 468w, https:\/\/cdn1.mediawpaccore.net\/wp-content\/uploads\/2026\/03\/16145228\/elchhj-150x135.jpg 150w, https:\/\/cdn1.mediawpaccore.net\/wp-content\/uploads\/2026\/03\/16145228\/elchhj-696x625.jpg 696w, https:\/\/cdn1.mediawpaccore.net\/wp-content\/uploads\/2026\/03\/16145228\/elchhj-1068x959.jpg 1068w, https:\/\/cdn1.mediawpaccore.net\/wp-content\/uploads\/2026\/03\/16145228\/elchhj.jpg 1200w\" sizes=\"auto, (max-width: 1024px) 100vw, 1024px\" \/><figcaption class=\"wp-element-caption\">Captura de pantalla historia de Instagram de El Chulo<\/figcaption><\/figure>\n\n\n\n<p>Cabe recordar que este golpe de melancol\u00eda llega a solo unos d\u00edas de que el reguetonero <strong><a href=\"https:\/\/www.cuballama.com\/noticias\/el-chulo-se-pronuncia-tras-ser-deportado-a-mexico-desde-aqui-empezaremos-de-cero\/\" type=\"link\" id=\"https:\/\/www.cuballama.com\/noticias\/el-chulo-se-pronuncia-tras-ser-deportado-a-mexico-desde-aqui-empezaremos-de-cero\/\" target=\"_blank\" rel=\"noreferrer noopener\">\u00abdiera se\u00f1ales de vida\u00bb<\/a><\/strong> desde territorio mexicano. Su mundo dio un giro de 180 grados recientemente tras el sonado arresto a manos de agentes de ICE en la Florida, situaci\u00f3n que desemboc\u00f3 en su salida del pa\u00eds de las barras y las estrellas.<\/p>\n\n\n\n<p>Aunque El Chulo ha intentado poner buena cara al mal tiempo, dejando claro que ahora sus energ\u00edas est\u00e1n concentradas al cien por ciento en su carrera musical y en escribir esta nueva p\u00e1gina de su vida en el extranjero, estas publicaciones confirman que su verdadero motor sigue siendo su familia.&nbsp;<\/p>\n\n\n\n<p>Como era de esperarse, su fiel legi\u00f3n de seguidores no lo ha dejado solo en este proceso de adaptaci\u00f3n, llenando las plataformas con mensajes de apoyo, fuerza y mucho cari\u00f1o para el artista en este periodo de tantos cambios.<\/p>\n","protected":false},"excerpt":{"rendered":"<p>Tras su arresto por ICE y su mudanza a M\u00e9xico, el reguetonero cubano conmueve a sus seguidores con fotos de sus hijos y su pareja Mar\u00eda Karla.<\/p>\n","protected":false},"author":29,"featured_media":238381,"comment_status":"open","ping_status":"closed","sticky":false,"template":"","format":"standard","meta":{"_acf_changed":false,"footnotes":""},"categories":[443],"tags":[252,92,11050,12534],"class_list":{"0":"post-238372","1":"post","2":"type-post","3":"status-publish","4":"format-standard","5":"has-post-thumbnail","7":"category-farandula","8":"tag-artistas-cubanos","9":"tag-cubanos","10":"tag-cubanos-en-miami","11":"tag-el-chulo"},"acf":[],"yoast_head":"<!-- This site is optimized with the Yoast SEO plugin v27.5 - https:\/\/yoast.com\/product\/yoast-seo-wordpress\/ -->\n<title>\u201cLos amo y los extra\u00f1o\u201d: El Chulo abre su coraz\u00f3n y le dedica emotivos mensajes a sus hijos desde M\u00e9xico - Cuballama Noticias<\/title>\n<meta name=\"description\" content=\"Tras su arresto por ICE y su mudanza a M\u00e9xico, el reguetonero cubano conmueve a sus seguidores con fotos de sus hijos y su pareja.\" \/>\n<meta name=\"robots\" content=\"index, follow, max-snippet:-1, max-image-preview:large, max-video-preview:-1\" \/>\n<link rel=\"canonical\" href=\"https:\/\/www.cuballama.com\/noticias\/los-amo-y-los-extrano-el-chulo-abre-su-corazon-y-le-dedica-emotivos-mensajes-a-sus-hijos-desde-mexico\/\" \/>\n<meta property=\"og:locale\" content=\"es_ES\" \/>\n<meta property=\"og:type\" content=\"article\" \/>\n<meta property=\"og:title\" content=\"\u201cLos amo y los extra\u00f1o\u201d: El Chulo abre su coraz\u00f3n y le dedica emotivos mensajes a sus hijos desde M\u00e9xico - Cuballama Noticias\" \/>\n<meta property=\"og:description\" content=\"Tras su arresto por ICE y su mudanza a M\u00e9xico, el reguetonero cubano conmueve a sus seguidores con fotos de sus hijos y su pareja.\" \/>\n<meta property=\"og:url\" content=\"https:\/\/www.cuballama.com\/noticias\/los-amo-y-los-extrano-el-chulo-abre-su-corazon-y-le-dedica-emotivos-mensajes-a-sus-hijos-desde-mexico\/\" \/>\n<meta property=\"og:site_name\" content=\"Cuballama Noticias\" \/>\n<meta property=\"article:publisher\" content=\"https:\/\/www.facebook.com\/CubaLlama\" \/>\n<meta property=\"article:published_time\" content=\"2026-03-16T18:58:28+00:00\" \/>\n<meta property=\"article:modified_time\" content=\"2026-03-16T18:58:31+00:00\" \/>\n<meta property=\"og:image\" content=\"https:\/\/cdn1.mediawpaccore.net\/wp-content\/uploads\/2026\/03\/16145608\/Diseno-sin-titulo-106-1024x589.png\" \/>\n\t<meta property=\"og:image:width\" content=\"1024\" \/>\n\t<meta property=\"og:image:height\" content=\"589\" \/>\n\t<meta property=\"og:image:type\" content=\"image\/png\" \/>\n<meta name=\"author\" content=\"Sof\u00eda Reyes\" \/>\n<meta name=\"twitter:card\" content=\"summary_large_image\" \/>\n<meta name=\"twitter:creator\" content=\"@cuballama\" \/>\n<meta name=\"twitter:site\" content=\"@cuballama\" \/>\n<meta name=\"twitter:label1\" content=\"Escrito por\" \/>\n\t<meta name=\"twitter:data1\" content=\"Sof\u00eda Reyes\" \/>\n\t<meta name=\"twitter:label2\" content=\"Tiempo de lectura\" \/>\n\t<meta name=\"twitter:data2\" content=\"3 minutos\" \/>\n<script type=\"application\/ld+json\" class=\"yoast-schema-graph\">{\"@context\":\"https:\\\/\\\/schema.org\",\"@graph\":[{\"@type\":\"Article\",\"@id\":\"https:\\\/\\\/www.cuballama.com\\\/noticias\\\/los-amo-y-los-extrano-el-chulo-abre-su-corazon-y-le-dedica-emotivos-mensajes-a-sus-hijos-desde-mexico\\\/#article\",\"isPartOf\":{\"@id\":\"https:\\\/\\\/www.cuballama.com\\\/noticias\\\/los-amo-y-los-extrano-el-chulo-abre-su-corazon-y-le-dedica-emotivos-mensajes-a-sus-hijos-desde-mexico\\\/\"},\"author\":{\"name\":\"Sof\u00eda Reyes\",\"@id\":\"https:\\\/\\\/www.cuballama.com\\\/noticias\\\/#\\\/schema\\\/person\\\/5cba2b8cc25a3159e49fe730a94d512e\"},\"headline\":\"\u201cLos amo y los extra\u00f1o\u201d: El Chulo abre su coraz\u00f3n y le dedica emotivos mensajes a sus hijos desde M\u00e9xico\",\"datePublished\":\"2026-03-16T18:58:28+00:00\",\"dateModified\":\"2026-03-16T18:58:31+00:00\",\"mainEntityOfPage\":{\"@id\":\"https:\\\/\\\/www.cuballama.com\\\/noticias\\\/los-amo-y-los-extrano-el-chulo-abre-su-corazon-y-le-dedica-emotivos-mensajes-a-sus-hijos-desde-mexico\\\/\"},\"wordCount\":436,\"commentCount\":0,\"publisher\":{\"@id\":\"https:\\\/\\\/www.cuballama.com\\\/noticias\\\/#organization\"},\"image\":{\"@id\":\"https:\\\/\\\/www.cuballama.com\\\/noticias\\\/los-amo-y-los-extrano-el-chulo-abre-su-corazon-y-le-dedica-emotivos-mensajes-a-sus-hijos-desde-mexico\\\/#primaryimage\"},\"thumbnailUrl\":\"https:\\\/\\\/cdn1.mediawpaccore.net\\\/wp-content\\\/uploads\\\/2026\\\/03\\\/16145608\\\/Diseno-sin-titulo-106.png\",\"keywords\":[\"Artistas cubanos\",\"cubanos\",\"cubanos en Miami\",\"El Chulo\"],\"articleSection\":[\"Far\u00e1ndula\"],\"inLanguage\":\"es\",\"potentialAction\":[{\"@type\":\"CommentAction\",\"name\":\"Comment\",\"target\":[\"https:\\\/\\\/www.cuballama.com\\\/noticias\\\/los-amo-y-los-extrano-el-chulo-abre-su-corazon-y-le-dedica-emotivos-mensajes-a-sus-hijos-desde-mexico\\\/#respond\"]}]},{\"@type\":\"WebPage\",\"@id\":\"https:\\\/\\\/www.cuballama.com\\\/noticias\\\/los-amo-y-los-extrano-el-chulo-abre-su-corazon-y-le-dedica-emotivos-mensajes-a-sus-hijos-desde-mexico\\\/\",\"url\":\"https:\\\/\\\/www.cuballama.com\\\/noticias\\\/los-amo-y-los-extrano-el-chulo-abre-su-corazon-y-le-dedica-emotivos-mensajes-a-sus-hijos-desde-mexico\\\/\",\"name\":\"\u201cLos amo y los extra\u00f1o\u201d: El Chulo abre su coraz\u00f3n y le dedica emotivos mensajes a sus hijos desde M\u00e9xico - Cuballama Noticias\",\"isPartOf\":{\"@id\":\"https:\\\/\\\/www.cuballama.com\\\/noticias\\\/#website\"},\"primaryImageOfPage\":{\"@id\":\"https:\\\/\\\/www.cuballama.com\\\/noticias\\\/los-amo-y-los-extrano-el-chulo-abre-su-corazon-y-le-dedica-emotivos-mensajes-a-sus-hijos-desde-mexico\\\/#primaryimage\"},\"image\":{\"@id\":\"https:\\\/\\\/www.cuballama.com\\\/noticias\\\/los-amo-y-los-extrano-el-chulo-abre-su-corazon-y-le-dedica-emotivos-mensajes-a-sus-hijos-desde-mexico\\\/#primaryimage\"},\"thumbnailUrl\":\"https:\\\/\\\/cdn1.mediawpaccore.net\\\/wp-content\\\/uploads\\\/2026\\\/03\\\/16145608\\\/Diseno-sin-titulo-106.png\",\"datePublished\":\"2026-03-16T18:58:28+00:00\",\"dateModified\":\"2026-03-16T18:58:31+00:00\",\"description\":\"Tras su arresto por ICE y su mudanza a M\u00e9xico, el reguetonero cubano conmueve a sus seguidores con fotos de sus hijos y su pareja.\",\"breadcrumb\":{\"@id\":\"https:\\\/\\\/www.cuballama.com\\\/noticias\\\/los-amo-y-los-extrano-el-chulo-abre-su-corazon-y-le-dedica-emotivos-mensajes-a-sus-hijos-desde-mexico\\\/#breadcrumb\"},\"inLanguage\":\"es\",\"potentialAction\":[{\"@type\":\"ReadAction\",\"target\":[\"https:\\\/\\\/www.cuballama.com\\\/noticias\\\/los-amo-y-los-extrano-el-chulo-abre-su-corazon-y-le-dedica-emotivos-mensajes-a-sus-hijos-desde-mexico\\\/\"]}]},{\"@type\":\"ImageObject\",\"inLanguage\":\"es\",\"@id\":\"https:\\\/\\\/www.cuballama.com\\\/noticias\\\/los-amo-y-los-extrano-el-chulo-abre-su-corazon-y-le-dedica-emotivos-mensajes-a-sus-hijos-desde-mexico\\\/#primaryimage\",\"url\":\"https:\\\/\\\/cdn1.mediawpaccore.net\\\/wp-content\\\/uploads\\\/2026\\\/03\\\/16145608\\\/Diseno-sin-titulo-106.png\",\"contentUrl\":\"https:\\\/\\\/cdn1.mediawpaccore.net\\\/wp-content\\\/uploads\\\/2026\\\/03\\\/16145608\\\/Diseno-sin-titulo-106.png\",\"width\":1949,\"height\":1122,\"caption\":\"Foto tomada del perfil de Instagram de El Chulo\"},{\"@type\":\"BreadcrumbList\",\"@id\":\"https:\\\/\\\/www.cuballama.com\\\/noticias\\\/los-amo-y-los-extrano-el-chulo-abre-su-corazon-y-le-dedica-emotivos-mensajes-a-sus-hijos-desde-mexico\\\/#breadcrumb\",\"itemListElement\":[{\"@type\":\"ListItem\",\"position\":1,\"name\":\"Home\",\"item\":\"https:\\\/\\\/www.cuballama.com\\\/noticias\\\/\"},{\"@type\":\"ListItem\",\"position\":2,\"name\":\"\u201cLos amo y los extra\u00f1o\u201d: El Chulo abre su coraz\u00f3n y le dedica emotivos mensajes a sus hijos desde M\u00e9xico\"}]},{\"@type\":\"WebSite\",\"@id\":\"https:\\\/\\\/www.cuballama.com\\\/noticias\\\/#website\",\"url\":\"https:\\\/\\\/www.cuballama.com\\\/noticias\\\/\",\"name\":\"Cuballama Noticias\",\"description\":\"Medio digital sobre Cuba y el mundo\",\"publisher\":{\"@id\":\"https:\\\/\\\/www.cuballama.com\\\/noticias\\\/#organization\"},\"potentialAction\":[{\"@type\":\"SearchAction\",\"target\":{\"@type\":\"EntryPoint\",\"urlTemplate\":\"https:\\\/\\\/www.cuballama.com\\\/noticias\\\/?s={search_term_string}\"},\"query-input\":{\"@type\":\"PropertyValueSpecification\",\"valueRequired\":true,\"valueName\":\"search_term_string\"}}],\"inLanguage\":\"es\"},{\"@type\":\"Organization\",\"@id\":\"https:\\\/\\\/www.cuballama.com\\\/noticias\\\/#organization\",\"name\":\"Cuballama\",\"url\":\"https:\\\/\\\/www.cuballama.com\\\/noticias\\\/\",\"logo\":{\"@type\":\"ImageObject\",\"inLanguage\":\"es\",\"@id\":\"https:\\\/\\\/www.cuballama.com\\\/noticias\\\/#\\\/schema\\\/logo\\\/image\\\/\",\"url\":\"https:\\\/\\\/cdn1.mediawpaccore.net\\\/wp-content\\\/uploads\\\/2021\\\/12\\\/28171206\\\/cbll-logo-color-sm.png\",\"contentUrl\":\"https:\\\/\\\/cdn1.mediawpaccore.net\\\/wp-content\\\/uploads\\\/2021\\\/12\\\/28171206\\\/cbll-logo-color-sm.png\",\"width\":600,\"height\":133,\"caption\":\"Cuballama\"},\"image\":{\"@id\":\"https:\\\/\\\/www.cuballama.com\\\/noticias\\\/#\\\/schema\\\/logo\\\/image\\\/\"},\"sameAs\":[\"https:\\\/\\\/www.facebook.com\\\/CubaLlama\",\"https:\\\/\\\/x.com\\\/cuballama\",\"https:\\\/\\\/www.instagram.com\\\/stories\\\/cuballama_oficial\\\/\",\"https:\\\/\\\/www.youtube.com\\\/channel\\\/UCKkFE-d_axENGZcrc4as0IA\"]},{\"@type\":\"Person\",\"@id\":\"https:\\\/\\\/www.cuballama.com\\\/noticias\\\/#\\\/schema\\\/person\\\/5cba2b8cc25a3159e49fe730a94d512e\",\"name\":\"Sof\u00eda Reyes\",\"url\":\"https:\\\/\\\/www.cuballama.com\\\/noticias\\\/author\\\/laura\\\/\"}]}<\/script>\n<!-- \/ Yoast SEO plugin. -->","yoast_head_json":{"title":"\u201cLos amo y los extra\u00f1o\u201d: El Chulo abre su coraz\u00f3n y le dedica emotivos mensajes a sus hijos desde M\u00e9xico - Cuballama Noticias","description":"Tras su arresto por ICE y su mudanza a M\u00e9xico, el reguetonero cubano conmueve a sus seguidores con fotos de sus hijos y su pareja.","robots":{"index":"index","follow":"follow","max-snippet":"max-snippet:-1","max-image-preview":"max-image-preview:large","max-video-preview":"max-video-preview:-1"},"canonical":"https:\/\/www.cuballama.com\/noticias\/los-amo-y-los-extrano-el-chulo-abre-su-corazon-y-le-dedica-emotivos-mensajes-a-sus-hijos-desde-mexico\/","og_locale":"es_ES","og_type":"article","og_title":"\u201cLos amo y los extra\u00f1o\u201d: El Chulo abre su coraz\u00f3n y le dedica emotivos mensajes a sus hijos desde M\u00e9xico - Cuballama Noticias","og_description":"Tras su arresto por ICE y su mudanza a M\u00e9xico, el reguetonero cubano conmueve a sus seguidores con fotos de sus hijos y su pareja.","og_url":"https:\/\/www.cuballama.com\/noticias\/los-amo-y-los-extrano-el-chulo-abre-su-corazon-y-le-dedica-emotivos-mensajes-a-sus-hijos-desde-mexico\/","og_site_name":"Cuballama Noticias","article_publisher":"https:\/\/www.facebook.com\/CubaLlama","article_published_time":"2026-03-16T18:58:28+00:00","article_modified_time":"2026-03-16T18:58:31+00:00","og_image":[{"width":1024,"height":589,"url":"https:\/\/cdn1.mediawpaccore.net\/wp-content\/uploads\/2026\/03\/16145608\/Diseno-sin-titulo-106-1024x589.png","type":"image\/png"}],"author":"Sof\u00eda Reyes","twitter_card":"summary_large_image","twitter_creator":"@cuballama","twitter_site":"@cuballama","twitter_misc":{"Escrito por":"Sof\u00eda Reyes","Tiempo de lectura":"3 minutos"},"schema":{"@context":"https:\/\/schema.org","@graph":[{"@type":"Article","@id":"https:\/\/www.cuballama.com\/noticias\/los-amo-y-los-extrano-el-chulo-abre-su-corazon-y-le-dedica-emotivos-mensajes-a-sus-hijos-desde-mexico\/#article","isPartOf":{"@id":"https:\/\/www.cuballama.com\/noticias\/los-amo-y-los-extrano-el-chulo-abre-su-corazon-y-le-dedica-emotivos-mensajes-a-sus-hijos-desde-mexico\/"},"author":{"name":"Sof\u00eda Reyes","@id":"https:\/\/www.cuballama.com\/noticias\/#\/schema\/person\/5cba2b8cc25a3159e49fe730a94d512e"},"headline":"\u201cLos amo y los extra\u00f1o\u201d: El Chulo abre su coraz\u00f3n y le dedica emotivos mensajes a sus hijos desde M\u00e9xico","datePublished":"2026-03-16T18:58:28+00:00","dateModified":"2026-03-16T18:58:31+00:00","mainEntityOfPage":{"@id":"https:\/\/www.cuballama.com\/noticias\/los-amo-y-los-extrano-el-chulo-abre-su-corazon-y-le-dedica-emotivos-mensajes-a-sus-hijos-desde-mexico\/"},"wordCount":436,"commentCount":0,"publisher":{"@id":"https:\/\/www.cuballama.com\/noticias\/#organization"},"image":{"@id":"https:\/\/www.cuballama.com\/noticias\/los-amo-y-los-extrano-el-chulo-abre-su-corazon-y-le-dedica-emotivos-mensajes-a-sus-hijos-desde-mexico\/#primaryimage"},"thumbnailUrl":"https:\/\/cdn1.mediawpaccore.net\/wp-content\/uploads\/2026\/03\/16145608\/Diseno-sin-titulo-106.png","keywords":["Artistas cubanos","cubanos","cubanos en Miami","El Chulo"],"articleSection":["Far\u00e1ndula"],"inLanguage":"es","potentialAction":[{"@type":"CommentAction","name":"Comment","target":["https:\/\/www.cuballama.com\/noticias\/los-amo-y-los-extrano-el-chulo-abre-su-corazon-y-le-dedica-emotivos-mensajes-a-sus-hijos-desde-mexico\/#respond"]}]},{"@type":"WebPage","@id":"https:\/\/www.cuballama.com\/noticias\/los-amo-y-los-extrano-el-chulo-abre-su-corazon-y-le-dedica-emotivos-mensajes-a-sus-hijos-desde-mexico\/","url":"https:\/\/www.cuballama.com\/noticias\/los-amo-y-los-extrano-el-chulo-abre-su-corazon-y-le-dedica-emotivos-mensajes-a-sus-hijos-desde-mexico\/","name":"\u201cLos amo y los extra\u00f1o\u201d: El Chulo abre su coraz\u00f3n y le dedica emotivos mensajes a sus hijos desde M\u00e9xico - Cuballama Noticias","isPartOf":{"@id":"https:\/\/www.cuballama.com\/noticias\/#website"},"primaryImageOfPage":{"@id":"https:\/\/www.cuballama.com\/noticias\/los-amo-y-los-extrano-el-chulo-abre-su-corazon-y-le-dedica-emotivos-mensajes-a-sus-hijos-desde-mexico\/#primaryimage"},"image":{"@id":"https:\/\/www.cuballama.com\/noticias\/los-amo-y-los-extrano-el-chulo-abre-su-corazon-y-le-dedica-emotivos-mensajes-a-sus-hijos-desde-mexico\/#primaryimage"},"thumbnailUrl":"https:\/\/cdn1.mediawpaccore.net\/wp-content\/uploads\/2026\/03\/16145608\/Diseno-sin-titulo-106.png","datePublished":"2026-03-16T18:58:28+00:00","dateModified":"2026-03-16T18:58:31+00:00","description":"Tras su arresto por ICE y su mudanza a M\u00e9xico, el reguetonero cubano conmueve a sus seguidores con fotos de sus hijos y su pareja.","breadcrumb":{"@id":"https:\/\/www.cuballama.com\/noticias\/los-amo-y-los-extrano-el-chulo-abre-su-corazon-y-le-dedica-emotivos-mensajes-a-sus-hijos-desde-mexico\/#breadcrumb"},"inLanguage":"es","potentialAction":[{"@type":"ReadAction","target":["https:\/\/www.cuballama.com\/noticias\/los-amo-y-los-extrano-el-chulo-abre-su-corazon-y-le-dedica-emotivos-mensajes-a-sus-hijos-desde-mexico\/"]}]},{"@type":"ImageObject","inLanguage":"es","@id":"https:\/\/www.cuballama.com\/noticias\/los-amo-y-los-extrano-el-chulo-abre-su-corazon-y-le-dedica-emotivos-mensajes-a-sus-hijos-desde-mexico\/#primaryimage","url":"https:\/\/cdn1.mediawpaccore.net\/wp-content\/uploads\/2026\/03\/16145608\/Diseno-sin-titulo-106.png","contentUrl":"https:\/\/cdn1.mediawpaccore.net\/wp-content\/uploads\/2026\/03\/16145608\/Diseno-sin-titulo-106.png","width":1949,"height":1122,"caption":"Foto tomada del perfil de Instagram de El Chulo"},{"@type":"BreadcrumbList","@id":"https:\/\/www.cuballama.com\/noticias\/los-amo-y-los-extrano-el-chulo-abre-su-corazon-y-le-dedica-emotivos-mensajes-a-sus-hijos-desde-mexico\/#breadcrumb","itemListElement":[{"@type":"ListItem","position":1,"name":"Home","item":"https:\/\/www.cuballama.com\/noticias\/"},{"@type":"ListItem","position":2,"name":"\u201cLos amo y los extra\u00f1o\u201d: El Chulo abre su coraz\u00f3n y le dedica emotivos mensajes a sus hijos desde M\u00e9xico"}]},{"@type":"WebSite","@id":"https:\/\/www.cuballama.com\/noticias\/#website","url":"https:\/\/www.cuballama.com\/noticias\/","name":"Cuballama Noticias","description":"Medio digital sobre Cuba y el mundo","publisher":{"@id":"https:\/\/www.cuballama.com\/noticias\/#organization"},"potentialAction":[{"@type":"SearchAction","target":{"@type":"EntryPoint","urlTemplate":"https:\/\/www.cuballama.com\/noticias\/?s={search_term_string}"},"query-input":{"@type":"PropertyValueSpecification","valueRequired":true,"valueName":"search_term_string"}}],"inLanguage":"es"},{"@type":"Organization","@id":"https:\/\/www.cuballama.com\/noticias\/#organization","name":"Cuballama","url":"https:\/\/www.cuballama.com\/noticias\/","logo":{"@type":"ImageObject","inLanguage":"es","@id":"https:\/\/www.cuballama.com\/noticias\/#\/schema\/logo\/image\/","url":"https:\/\/cdn1.mediawpaccore.net\/wp-content\/uploads\/2021\/12\/28171206\/cbll-logo-color-sm.png","contentUrl":"https:\/\/cdn1.mediawpaccore.net\/wp-content\/uploads\/2021\/12\/28171206\/cbll-logo-color-sm.png","width":600,"height":133,"caption":"Cuballama"},"image":{"@id":"https:\/\/www.cuballama.com\/noticias\/#\/schema\/logo\/image\/"},"sameAs":["https:\/\/www.facebook.com\/CubaLlama","https:\/\/x.com\/cuballama","https:\/\/www.instagram.com\/stories\/cuballama_oficial\/","https:\/\/www.youtube.com\/channel\/UCKkFE-d_axENGZcrc4as0IA"]},{"@type":"Person","@id":"https:\/\/www.cuballama.com\/noticias\/#\/schema\/person\/5cba2b8cc25a3159e49fe730a94d512e","name":"Sof\u00eda Reyes","url":"https:\/\/www.cuballama.com\/noticias\/author\/laura\/"}]}},"_links":{"self":[{"href":"https:\/\/www.cuballama.com\/noticias\/wp-json\/wp\/v2\/posts\/238372","targetHints":{"allow":["GET"]}}],"collection":[{"href":"https:\/\/www.cuballama.com\/noticias\/wp-json\/wp\/v2\/posts"}],"about":[{"href":"https:\/\/www.cuballama.com\/noticias\/wp-json\/wp\/v2\/types\/post"}],"author":[{"embeddable":true,"href":"https:\/\/www.cuballama.com\/noticias\/wp-json\/wp\/v2\/users\/29"}],"replies":[{"embeddable":true,"href":"https:\/\/www.cuballama.com\/noticias\/wp-json\/wp\/v2\/comments?post=238372"}],"version-history":[{"count":3,"href":"https:\/\/www.cuballama.com\/noticias\/wp-json\/wp\/v2\/posts\/238372\/revisions"}],"predecessor-version":[{"id":238382,"href":"https:\/\/www.cuballama.com\/noticias\/wp-json\/wp\/v2\/posts\/238372\/revisions\/238382"}],"wp:featuredmedia":[{"embeddable":true,"href":"https:\/\/www.cuballama.com\/noticias\/wp-json\/wp\/v2\/media\/238381"}],"wp:attachment":[{"href":"https:\/\/www.cuballama.com\/noticias\/wp-json\/wp\/v2\/media?parent=238372"}],"wp:term":[{"taxonomy":"category","embeddable":true,"href":"https:\/\/www.cuballama.com\/noticias\/wp-json\/wp\/v2\/categories?post=238372"},{"taxonomy":"post_tag","embeddable":true,"href":"https:\/\/www.cuballama.com\/noticias\/wp-json\/wp\/v2\/tags?post=238372"}],"curies":[{"name":"wp","href":"https:\/\/api.w.org\/{rel}","templated":true}]}}