{"id":238366,"date":"2026-03-16T14:49:36","date_gmt":"2026-03-16T18:49:36","guid":{"rendered":"https:\/\/www.cuballama.com\/noticias\/?p=238366"},"modified":"2026-03-16T21:19:40","modified_gmt":"2026-03-17T01:19:40","slug":"nuevo-apagon-total-en-cuba-tras-desconexion-del-sistema-electrico-nacional","status":"publish","type":"post","link":"https:\/\/www.cuballama.com\/noticias\/nuevo-apagon-total-en-cuba-tras-desconexion-del-sistema-electrico-nacional\/","title":{"rendered":"Nuevo apag\u00f3n total en Cuba tras desconexi\u00f3n del Sistema El\u00e9ctrico Nacional"},"content":{"rendered":"\n<p>A la una y cuarenta de la tarde de este lunes 16 de marzo se produjo una nueva desconexi\u00f3n del Sistema El\u00e9ctrico Nacional (SEN) en Cuba, seg\u00fan inform\u00f3 la Uni\u00f3n El\u00e9ctrica (UNE).<\/p>\n\n\n\n<p>\u201cComienzan a implementarse los protocolos para el restablecimiento. Continuaremos informando\u201d, se\u00f1al\u00f3 la entidad en un comunicado en Facebook.<\/p>\n\n\n\n<p>Seg\u00fan la escueta informaci\u00f3n oficial, el restablecimiento del servicio es un proceso complejo y gradual, lo que prolonga la incertidumbre de millones de cubanos a lo largo de la isla.<\/p>\n\n\n\n<iframe loading=\"lazy\" src=\"https:\/\/www.facebook.com\/plugins\/post.php?href=https%3A%2F%2Fwww.facebook.com%2FUnionElectricaOficinaCentral%2Fposts%2Fpfbid02Q8WHjKjKbTt4mNgozfvqLfrHYZftadmcSpiDLWoPHkzaiZQxoe54tcasCCeSdLQKl&#038;show_text=true&#038;width=500\" width=\"500\" height=\"416\" style=\"border:none;overflow:hidden\" scrolling=\"no\" frameborder=\"0\" allowfullscreen=\"true\" allow=\"autoplay; clipboard-write; encrypted-media; picture-in-picture; web-share\"><\/iframe>\n\n\n\n<p>Por su parte, el Ministerio de Energ\u00eda y Minas dijo que se investigan las causas del apag\u00f3n, pero sin ofrecer m\u00e1s detalles al respecto.<\/p>\n\n\n\n<p>El apag\u00f3n general se produjo despu\u00e9s de una jornada previa ya marcada por fuertes afectaciones al servicio y <a href=\"https:\/\/www.cuballama.com\/noticias\/nuevo-apagon-masivo-deja-sin-electricidad-al-occidente-y-el-centro-de-cuba\/?srsltid=AfmBOopbVsO1wv9m8qoLbh4pefgRj0YaRzAGuF6ayqhkmo4zo9yYcJ32\" target=\"_blank\" rel=\"noreferrer noopener\">menos de dos semanas despu\u00e9s<\/a> de que otra desconexi\u00f3n dejara sin electricidad a casi todo el pa\u00eds.<\/p>\n\n\n\n<p>Esta nueva afectaci\u00f3n se da adem\u00e1s en momentos de m\u00e1xima tensi\u00f3n tras diez d\u00edas consecutivos de protestas en varias provincias del pa\u00eds, que no ha recibido env\u00edos de petr\u00f3leo desde principios de enero en medio del bloqueo de Estados Unidos.<\/p>\n\n\n\n<iframe loading=\"lazy\" src=\"https:\/\/www.facebook.com\/plugins\/post.php?href=https%3A%2F%2Fwww.facebook.com%2FUnionElectricaOficinaCentral%2Fposts%2Fpfbid02tBBzc4WPfBCwWJzdH1Wo8vVCTmhdcG1bndVKtZjxTZWg5a8ecKYe7gvd6nFdtcZ5l&#038;show_text=true&#038;width=500\" width=\"500\" height=\"391\" style=\"border:none;overflow:hidden\" scrolling=\"no\" frameborder=\"0\" allowfullscreen=\"true\" allow=\"autoplay; clipboard-write; encrypted-media; picture-in-picture; web-share\"><\/iframe>\n\n\n\n<p>\u201cNo se reportan aver\u00edas en ninguna de las unidades t\u00e9rmicas que estaban en funcionamiento en el momento que ocurri\u00f3 la desconexi\u00f3n del SEN\u201d, report\u00f3 la UNE sobre las tres de la tarde, por lo que la desconexi\u00f3n podr\u00eda deberse al d\u00e9ficit de combustible.<\/p>\n\n\n\n<p>El pasado viernes el mandatario cubano Miguel D\u00edaz-Canel reconoci\u00f3 que el pa\u00eds llevaba tres meses sin recibir importaciones de combustible.<\/p>\n\n\n\n<p>Este nuevo colapso del SEN llega luego de semanas en las que han continuado los prolongados apagones y el desabastecimiento de combustible que ha paralizado casi totalmente el pa\u00eds. <\/p>\n\n\n\n<iframe loading=\"lazy\" src=\"https:\/\/www.facebook.com\/plugins\/post.php?href=https%3A%2F%2Fwww.facebook.com%2Fvictor.alonso.1217%2Fposts%2Fpfbid02U2a48r2oKVDJQ68PevFyvZY4r9eAoucd7K4gEN9Tgueb9z8raqZ442sUrkaVsxnQl&#038;show_text=true&#038;width=500\" width=\"500\" height=\"168\" style=\"border:none;overflow:hidden\" scrolling=\"no\" frameborder=\"0\" allowfullscreen=\"true\" allow=\"autoplay; clipboard-write; encrypted-media; picture-in-picture; web-share\"><\/iframe>\n\n\n\n<p>De acuerdo con el parte de la UNE para este lunes, el domingo hubo interrupciones por d\u00e9ficit de capacidad durante las 24 horas, y esas afectaciones se mantuvieron tambi\u00e9n durante la madrugada.<\/p>\n\n\n\n<p>La m\u00e1xima afectaci\u00f3n reportada en la v\u00edspera fue de 1.891 megavatios a las siete y veinte de la noche, una cifra que, seg\u00fan la propia empresa, super\u00f3 lo planificado debido a una demanda superior a la pronosticada.<\/p>\n\n\n\n<p>El bloqueo petrolero de Estados Unidos ha agravado los problemas econ\u00f3micos de Cuba durante a\u00f1os, causando una crisis humanitaria en medio de la escasez generalizada de combustible, alimentos y medicinas.<\/p>\n","protected":false},"excerpt":{"rendered":"<p>La Uni\u00f3n El\u00e9ctrica confirm\u00f3 el nuevo colapso del sistema y anunci\u00f3 la activaci\u00f3n de los protocolos de restablecimiento.<\/p>\n","protected":false},"author":30,"featured_media":234642,"comment_status":"open","ping_status":"closed","sticky":false,"template":"","format":"standard","meta":{"_acf_changed":false,"footnotes":""},"categories":[18,955],"tags":[27522,16051,10867,11017],"class_list":{"0":"post-238366","1":"post","2":"type-post","3":"status-publish","4":"format-standard","5":"has-post-thumbnail","7":"category-noticias","8":"category-noticias-de-cuba","9":"tag-apagon-electrico","10":"tag-apagon-en-cuba","11":"tag-crisis-en-cuba","12":"tag-superdestacado"},"acf":[],"yoast_head":"<!-- This site is optimized with the Yoast SEO plugin v27.5 - https:\/\/yoast.com\/product\/yoast-seo-wordpress\/ -->\n<title>Nuevo apag\u00f3n total en Cuba tras desconexi\u00f3n del Sistema El\u00e9ctrico Nacional - Cuballama Noticias<\/title>\n<meta name=\"description\" content=\"En la tarde de este lunes 16 de marzo se produjo una nueva desconexi\u00f3n total del sistema el\u00e9ctrico en Cuba.\" \/>\n<meta name=\"robots\" content=\"index, follow, max-snippet:-1, max-image-preview:large, max-video-preview:-1\" \/>\n<link rel=\"canonical\" href=\"https:\/\/www.cuballama.com\/noticias\/nuevo-apagon-total-en-cuba-tras-desconexion-del-sistema-electrico-nacional\/\" \/>\n<meta property=\"og:locale\" content=\"es_ES\" \/>\n<meta property=\"og:type\" content=\"article\" \/>\n<meta property=\"og:title\" content=\"Nuevo apag\u00f3n total en Cuba tras desconexi\u00f3n del Sistema El\u00e9ctrico Nacional - Cuballama Noticias\" \/>\n<meta property=\"og:description\" content=\"En la tarde de este lunes 16 de marzo se produjo una nueva desconexi\u00f3n total del sistema el\u00e9ctrico en Cuba.\" \/>\n<meta property=\"og:url\" content=\"https:\/\/www.cuballama.com\/noticias\/nuevo-apagon-total-en-cuba-tras-desconexion-del-sistema-electrico-nacional\/\" \/>\n<meta property=\"og:site_name\" content=\"Cuballama Noticias\" \/>\n<meta property=\"article:publisher\" content=\"https:\/\/www.facebook.com\/CubaLlama\" \/>\n<meta property=\"article:published_time\" content=\"2026-03-16T18:49:36+00:00\" \/>\n<meta property=\"article:modified_time\" content=\"2026-03-17T01:19:40+00:00\" \/>\n<meta property=\"og:image\" content=\"https:\/\/cdn1.mediawpaccore.net\/wp-content\/uploads\/2026\/02\/06175142\/apagon-en-oriente-Cuba-1920x12801-1.jpg\" \/>\n\t<meta property=\"og:image:width\" content=\"1200\" \/>\n\t<meta property=\"og:image:height\" content=\"630\" \/>\n\t<meta property=\"og:image:type\" content=\"image\/jpeg\" \/>\n<meta name=\"author\" content=\"Kathy\" \/>\n<meta name=\"twitter:card\" content=\"summary_large_image\" \/>\n<meta name=\"twitter:creator\" content=\"@cuballama\" \/>\n<meta name=\"twitter:site\" content=\"@cuballama\" \/>\n<meta name=\"twitter:label1\" content=\"Escrito por\" \/>\n\t<meta name=\"twitter:data1\" content=\"Kathy\" \/>\n\t<meta name=\"twitter:label2\" content=\"Tiempo de lectura\" \/>\n\t<meta name=\"twitter:data2\" content=\"2 minutos\" \/>\n<script type=\"application\/ld+json\" class=\"yoast-schema-graph\">{\"@context\":\"https:\\\/\\\/schema.org\",\"@graph\":[{\"@type\":\"Article\",\"@id\":\"https:\\\/\\\/www.cuballama.com\\\/noticias\\\/nuevo-apagon-total-en-cuba-tras-desconexion-del-sistema-electrico-nacional\\\/#article\",\"isPartOf\":{\"@id\":\"https:\\\/\\\/www.cuballama.com\\\/noticias\\\/nuevo-apagon-total-en-cuba-tras-desconexion-del-sistema-electrico-nacional\\\/\"},\"author\":{\"name\":\"Kathy\",\"@id\":\"https:\\\/\\\/www.cuballama.com\\\/noticias\\\/#\\\/schema\\\/person\\\/86cd3e3f4974437f031211213bf892d5\"},\"headline\":\"Nuevo apag\u00f3n total en Cuba tras desconexi\u00f3n del Sistema El\u00e9ctrico Nacional\",\"datePublished\":\"2026-03-16T18:49:36+00:00\",\"dateModified\":\"2026-03-17T01:19:40+00:00\",\"mainEntityOfPage\":{\"@id\":\"https:\\\/\\\/www.cuballama.com\\\/noticias\\\/nuevo-apagon-total-en-cuba-tras-desconexion-del-sistema-electrico-nacional\\\/\"},\"wordCount\":422,\"commentCount\":0,\"publisher\":{\"@id\":\"https:\\\/\\\/www.cuballama.com\\\/noticias\\\/#organization\"},\"image\":{\"@id\":\"https:\\\/\\\/www.cuballama.com\\\/noticias\\\/nuevo-apagon-total-en-cuba-tras-desconexion-del-sistema-electrico-nacional\\\/#primaryimage\"},\"thumbnailUrl\":\"https:\\\/\\\/cdn1.mediawpaccore.net\\\/wp-content\\\/uploads\\\/2026\\\/02\\\/06175142\\\/apagon-en-oriente-Cuba-1920x12801-1.jpg\",\"keywords\":[\"apag\u00f3n el\u00e9ctrico\",\"apag\u00f3n en Cuba\",\"Crisis en Cuba\",\"superdestacado\"],\"articleSection\":[\"Noticias\",\"Noticias de Cuba\"],\"inLanguage\":\"es\",\"potentialAction\":[{\"@type\":\"CommentAction\",\"name\":\"Comment\",\"target\":[\"https:\\\/\\\/www.cuballama.com\\\/noticias\\\/nuevo-apagon-total-en-cuba-tras-desconexion-del-sistema-electrico-nacional\\\/#respond\"]}]},{\"@type\":\"WebPage\",\"@id\":\"https:\\\/\\\/www.cuballama.com\\\/noticias\\\/nuevo-apagon-total-en-cuba-tras-desconexion-del-sistema-electrico-nacional\\\/\",\"url\":\"https:\\\/\\\/www.cuballama.com\\\/noticias\\\/nuevo-apagon-total-en-cuba-tras-desconexion-del-sistema-electrico-nacional\\\/\",\"name\":\"Nuevo apag\u00f3n total en Cuba tras desconexi\u00f3n del Sistema El\u00e9ctrico Nacional - Cuballama Noticias\",\"isPartOf\":{\"@id\":\"https:\\\/\\\/www.cuballama.com\\\/noticias\\\/#website\"},\"primaryImageOfPage\":{\"@id\":\"https:\\\/\\\/www.cuballama.com\\\/noticias\\\/nuevo-apagon-total-en-cuba-tras-desconexion-del-sistema-electrico-nacional\\\/#primaryimage\"},\"image\":{\"@id\":\"https:\\\/\\\/www.cuballama.com\\\/noticias\\\/nuevo-apagon-total-en-cuba-tras-desconexion-del-sistema-electrico-nacional\\\/#primaryimage\"},\"thumbnailUrl\":\"https:\\\/\\\/cdn1.mediawpaccore.net\\\/wp-content\\\/uploads\\\/2026\\\/02\\\/06175142\\\/apagon-en-oriente-Cuba-1920x12801-1.jpg\",\"datePublished\":\"2026-03-16T18:49:36+00:00\",\"dateModified\":\"2026-03-17T01:19:40+00:00\",\"description\":\"En la tarde de este lunes 16 de marzo se produjo una nueva desconexi\u00f3n total del sistema el\u00e9ctrico en Cuba.\",\"breadcrumb\":{\"@id\":\"https:\\\/\\\/www.cuballama.com\\\/noticias\\\/nuevo-apagon-total-en-cuba-tras-desconexion-del-sistema-electrico-nacional\\\/#breadcrumb\"},\"inLanguage\":\"es\",\"potentialAction\":[{\"@type\":\"ReadAction\",\"target\":[\"https:\\\/\\\/www.cuballama.com\\\/noticias\\\/nuevo-apagon-total-en-cuba-tras-desconexion-del-sistema-electrico-nacional\\\/\"]}]},{\"@type\":\"ImageObject\",\"inLanguage\":\"es\",\"@id\":\"https:\\\/\\\/www.cuballama.com\\\/noticias\\\/nuevo-apagon-total-en-cuba-tras-desconexion-del-sistema-electrico-nacional\\\/#primaryimage\",\"url\":\"https:\\\/\\\/cdn1.mediawpaccore.net\\\/wp-content\\\/uploads\\\/2026\\\/02\\\/06175142\\\/apagon-en-oriente-Cuba-1920x12801-1.jpg\",\"contentUrl\":\"https:\\\/\\\/cdn1.mediawpaccore.net\\\/wp-content\\\/uploads\\\/2026\\\/02\\\/06175142\\\/apagon-en-oriente-Cuba-1920x12801-1.jpg\",\"width\":1200,\"height\":630,\"caption\":\"Apag\u00f3n en Cuba. Foto: CN360.\"},{\"@type\":\"BreadcrumbList\",\"@id\":\"https:\\\/\\\/www.cuballama.com\\\/noticias\\\/nuevo-apagon-total-en-cuba-tras-desconexion-del-sistema-electrico-nacional\\\/#breadcrumb\",\"itemListElement\":[{\"@type\":\"ListItem\",\"position\":1,\"name\":\"Home\",\"item\":\"https:\\\/\\\/www.cuballama.com\\\/noticias\\\/\"},{\"@type\":\"ListItem\",\"position\":2,\"name\":\"Nuevo apag\u00f3n total en Cuba tras desconexi\u00f3n del Sistema El\u00e9ctrico Nacional\"}]},{\"@type\":\"WebSite\",\"@id\":\"https:\\\/\\\/www.cuballama.com\\\/noticias\\\/#website\",\"url\":\"https:\\\/\\\/www.cuballama.com\\\/noticias\\\/\",\"name\":\"Cuballama Noticias\",\"description\":\"Medio digital sobre Cuba y el mundo\",\"publisher\":{\"@id\":\"https:\\\/\\\/www.cuballama.com\\\/noticias\\\/#organization\"},\"potentialAction\":[{\"@type\":\"SearchAction\",\"target\":{\"@type\":\"EntryPoint\",\"urlTemplate\":\"https:\\\/\\\/www.cuballama.com\\\/noticias\\\/?s={search_term_string}\"},\"query-input\":{\"@type\":\"PropertyValueSpecification\",\"valueRequired\":true,\"valueName\":\"search_term_string\"}}],\"inLanguage\":\"es\"},{\"@type\":\"Organization\",\"@id\":\"https:\\\/\\\/www.cuballama.com\\\/noticias\\\/#organization\",\"name\":\"Cuballama\",\"url\":\"https:\\\/\\\/www.cuballama.com\\\/noticias\\\/\",\"logo\":{\"@type\":\"ImageObject\",\"inLanguage\":\"es\",\"@id\":\"https:\\\/\\\/www.cuballama.com\\\/noticias\\\/#\\\/schema\\\/logo\\\/image\\\/\",\"url\":\"https:\\\/\\\/cdn1.mediawpaccore.net\\\/wp-content\\\/uploads\\\/2021\\\/12\\\/28171206\\\/cbll-logo-color-sm.png\",\"contentUrl\":\"https:\\\/\\\/cdn1.mediawpaccore.net\\\/wp-content\\\/uploads\\\/2021\\\/12\\\/28171206\\\/cbll-logo-color-sm.png\",\"width\":600,\"height\":133,\"caption\":\"Cuballama\"},\"image\":{\"@id\":\"https:\\\/\\\/www.cuballama.com\\\/noticias\\\/#\\\/schema\\\/logo\\\/image\\\/\"},\"sameAs\":[\"https:\\\/\\\/www.facebook.com\\\/CubaLlama\",\"https:\\\/\\\/x.com\\\/cuballama\",\"https:\\\/\\\/www.instagram.com\\\/stories\\\/cuballama_oficial\\\/\",\"https:\\\/\\\/www.youtube.com\\\/channel\\\/UCKkFE-d_axENGZcrc4as0IA\"]},{\"@type\":\"Person\",\"@id\":\"https:\\\/\\\/www.cuballama.com\\\/noticias\\\/#\\\/schema\\\/person\\\/86cd3e3f4974437f031211213bf892d5\",\"name\":\"Kathy\",\"url\":\"https:\\\/\\\/www.cuballama.com\\\/noticias\\\/author\\\/kathy\\\/\"}]}<\/script>\n<!-- \/ Yoast SEO plugin. -->","yoast_head_json":{"title":"Nuevo apag\u00f3n total en Cuba tras desconexi\u00f3n del Sistema El\u00e9ctrico Nacional - Cuballama Noticias","description":"En la tarde de este lunes 16 de marzo se produjo una nueva desconexi\u00f3n total del sistema el\u00e9ctrico en Cuba.","robots":{"index":"index","follow":"follow","max-snippet":"max-snippet:-1","max-image-preview":"max-image-preview:large","max-video-preview":"max-video-preview:-1"},"canonical":"https:\/\/www.cuballama.com\/noticias\/nuevo-apagon-total-en-cuba-tras-desconexion-del-sistema-electrico-nacional\/","og_locale":"es_ES","og_type":"article","og_title":"Nuevo apag\u00f3n total en Cuba tras desconexi\u00f3n del Sistema El\u00e9ctrico Nacional - Cuballama Noticias","og_description":"En la tarde de este lunes 16 de marzo se produjo una nueva desconexi\u00f3n total del sistema el\u00e9ctrico en Cuba.","og_url":"https:\/\/www.cuballama.com\/noticias\/nuevo-apagon-total-en-cuba-tras-desconexion-del-sistema-electrico-nacional\/","og_site_name":"Cuballama Noticias","article_publisher":"https:\/\/www.facebook.com\/CubaLlama","article_published_time":"2026-03-16T18:49:36+00:00","article_modified_time":"2026-03-17T01:19:40+00:00","og_image":[{"width":1200,"height":630,"url":"https:\/\/cdn1.mediawpaccore.net\/wp-content\/uploads\/2026\/02\/06175142\/apagon-en-oriente-Cuba-1920x12801-1.jpg","type":"image\/jpeg"}],"author":"Kathy","twitter_card":"summary_large_image","twitter_creator":"@cuballama","twitter_site":"@cuballama","twitter_misc":{"Escrito por":"Kathy","Tiempo de lectura":"2 minutos"},"schema":{"@context":"https:\/\/schema.org","@graph":[{"@type":"Article","@id":"https:\/\/www.cuballama.com\/noticias\/nuevo-apagon-total-en-cuba-tras-desconexion-del-sistema-electrico-nacional\/#article","isPartOf":{"@id":"https:\/\/www.cuballama.com\/noticias\/nuevo-apagon-total-en-cuba-tras-desconexion-del-sistema-electrico-nacional\/"},"author":{"name":"Kathy","@id":"https:\/\/www.cuballama.com\/noticias\/#\/schema\/person\/86cd3e3f4974437f031211213bf892d5"},"headline":"Nuevo apag\u00f3n total en Cuba tras desconexi\u00f3n del Sistema El\u00e9ctrico Nacional","datePublished":"2026-03-16T18:49:36+00:00","dateModified":"2026-03-17T01:19:40+00:00","mainEntityOfPage":{"@id":"https:\/\/www.cuballama.com\/noticias\/nuevo-apagon-total-en-cuba-tras-desconexion-del-sistema-electrico-nacional\/"},"wordCount":422,"commentCount":0,"publisher":{"@id":"https:\/\/www.cuballama.com\/noticias\/#organization"},"image":{"@id":"https:\/\/www.cuballama.com\/noticias\/nuevo-apagon-total-en-cuba-tras-desconexion-del-sistema-electrico-nacional\/#primaryimage"},"thumbnailUrl":"https:\/\/cdn1.mediawpaccore.net\/wp-content\/uploads\/2026\/02\/06175142\/apagon-en-oriente-Cuba-1920x12801-1.jpg","keywords":["apag\u00f3n el\u00e9ctrico","apag\u00f3n en Cuba","Crisis en Cuba","superdestacado"],"articleSection":["Noticias","Noticias de Cuba"],"inLanguage":"es","potentialAction":[{"@type":"CommentAction","name":"Comment","target":["https:\/\/www.cuballama.com\/noticias\/nuevo-apagon-total-en-cuba-tras-desconexion-del-sistema-electrico-nacional\/#respond"]}]},{"@type":"WebPage","@id":"https:\/\/www.cuballama.com\/noticias\/nuevo-apagon-total-en-cuba-tras-desconexion-del-sistema-electrico-nacional\/","url":"https:\/\/www.cuballama.com\/noticias\/nuevo-apagon-total-en-cuba-tras-desconexion-del-sistema-electrico-nacional\/","name":"Nuevo apag\u00f3n total en Cuba tras desconexi\u00f3n del Sistema El\u00e9ctrico Nacional - Cuballama Noticias","isPartOf":{"@id":"https:\/\/www.cuballama.com\/noticias\/#website"},"primaryImageOfPage":{"@id":"https:\/\/www.cuballama.com\/noticias\/nuevo-apagon-total-en-cuba-tras-desconexion-del-sistema-electrico-nacional\/#primaryimage"},"image":{"@id":"https:\/\/www.cuballama.com\/noticias\/nuevo-apagon-total-en-cuba-tras-desconexion-del-sistema-electrico-nacional\/#primaryimage"},"thumbnailUrl":"https:\/\/cdn1.mediawpaccore.net\/wp-content\/uploads\/2026\/02\/06175142\/apagon-en-oriente-Cuba-1920x12801-1.jpg","datePublished":"2026-03-16T18:49:36+00:00","dateModified":"2026-03-17T01:19:40+00:00","description":"En la tarde de este lunes 16 de marzo se produjo una nueva desconexi\u00f3n total del sistema el\u00e9ctrico en Cuba.","breadcrumb":{"@id":"https:\/\/www.cuballama.com\/noticias\/nuevo-apagon-total-en-cuba-tras-desconexion-del-sistema-electrico-nacional\/#breadcrumb"},"inLanguage":"es","potentialAction":[{"@type":"ReadAction","target":["https:\/\/www.cuballama.com\/noticias\/nuevo-apagon-total-en-cuba-tras-desconexion-del-sistema-electrico-nacional\/"]}]},{"@type":"ImageObject","inLanguage":"es","@id":"https:\/\/www.cuballama.com\/noticias\/nuevo-apagon-total-en-cuba-tras-desconexion-del-sistema-electrico-nacional\/#primaryimage","url":"https:\/\/cdn1.mediawpaccore.net\/wp-content\/uploads\/2026\/02\/06175142\/apagon-en-oriente-Cuba-1920x12801-1.jpg","contentUrl":"https:\/\/cdn1.mediawpaccore.net\/wp-content\/uploads\/2026\/02\/06175142\/apagon-en-oriente-Cuba-1920x12801-1.jpg","width":1200,"height":630,"caption":"Apag\u00f3n en Cuba. Foto: CN360."},{"@type":"BreadcrumbList","@id":"https:\/\/www.cuballama.com\/noticias\/nuevo-apagon-total-en-cuba-tras-desconexion-del-sistema-electrico-nacional\/#breadcrumb","itemListElement":[{"@type":"ListItem","position":1,"name":"Home","item":"https:\/\/www.cuballama.com\/noticias\/"},{"@type":"ListItem","position":2,"name":"Nuevo apag\u00f3n total en Cuba tras desconexi\u00f3n del Sistema El\u00e9ctrico Nacional"}]},{"@type":"WebSite","@id":"https:\/\/www.cuballama.com\/noticias\/#website","url":"https:\/\/www.cuballama.com\/noticias\/","name":"Cuballama Noticias","description":"Medio digital sobre Cuba y el mundo","publisher":{"@id":"https:\/\/www.cuballama.com\/noticias\/#organization"},"potentialAction":[{"@type":"SearchAction","target":{"@type":"EntryPoint","urlTemplate":"https:\/\/www.cuballama.com\/noticias\/?s={search_term_string}"},"query-input":{"@type":"PropertyValueSpecification","valueRequired":true,"valueName":"search_term_string"}}],"inLanguage":"es"},{"@type":"Organization","@id":"https:\/\/www.cuballama.com\/noticias\/#organization","name":"Cuballama","url":"https:\/\/www.cuballama.com\/noticias\/","logo":{"@type":"ImageObject","inLanguage":"es","@id":"https:\/\/www.cuballama.com\/noticias\/#\/schema\/logo\/image\/","url":"https:\/\/cdn1.mediawpaccore.net\/wp-content\/uploads\/2021\/12\/28171206\/cbll-logo-color-sm.png","contentUrl":"https:\/\/cdn1.mediawpaccore.net\/wp-content\/uploads\/2021\/12\/28171206\/cbll-logo-color-sm.png","width":600,"height":133,"caption":"Cuballama"},"image":{"@id":"https:\/\/www.cuballama.com\/noticias\/#\/schema\/logo\/image\/"},"sameAs":["https:\/\/www.facebook.com\/CubaLlama","https:\/\/x.com\/cuballama","https:\/\/www.instagram.com\/stories\/cuballama_oficial\/","https:\/\/www.youtube.com\/channel\/UCKkFE-d_axENGZcrc4as0IA"]},{"@type":"Person","@id":"https:\/\/www.cuballama.com\/noticias\/#\/schema\/person\/86cd3e3f4974437f031211213bf892d5","name":"Kathy","url":"https:\/\/www.cuballama.com\/noticias\/author\/kathy\/"}]}},"_links":{"self":[{"href":"https:\/\/www.cuballama.com\/noticias\/wp-json\/wp\/v2\/posts\/238366","targetHints":{"allow":["GET"]}}],"collection":[{"href":"https:\/\/www.cuballama.com\/noticias\/wp-json\/wp\/v2\/posts"}],"about":[{"href":"https:\/\/www.cuballama.com\/noticias\/wp-json\/wp\/v2\/types\/post"}],"author":[{"embeddable":true,"href":"https:\/\/www.cuballama.com\/noticias\/wp-json\/wp\/v2\/users\/30"}],"replies":[{"embeddable":true,"href":"https:\/\/www.cuballama.com\/noticias\/wp-json\/wp\/v2\/comments?post=238366"}],"version-history":[{"count":10,"href":"https:\/\/www.cuballama.com\/noticias\/wp-json\/wp\/v2\/posts\/238366\/revisions"}],"predecessor-version":[{"id":238403,"href":"https:\/\/www.cuballama.com\/noticias\/wp-json\/wp\/v2\/posts\/238366\/revisions\/238403"}],"wp:featuredmedia":[{"embeddable":true,"href":"https:\/\/www.cuballama.com\/noticias\/wp-json\/wp\/v2\/media\/234642"}],"wp:attachment":[{"href":"https:\/\/www.cuballama.com\/noticias\/wp-json\/wp\/v2\/media?parent=238366"}],"wp:term":[{"taxonomy":"category","embeddable":true,"href":"https:\/\/www.cuballama.com\/noticias\/wp-json\/wp\/v2\/categories?post=238366"},{"taxonomy":"post_tag","embeddable":true,"href":"https:\/\/www.cuballama.com\/noticias\/wp-json\/wp\/v2\/tags?post=238366"}],"curies":[{"name":"wp","href":"https:\/\/api.w.org\/{rel}","templated":true}]}}