{"id":238356,"date":"2026-03-16T12:10:03","date_gmt":"2026-03-16T16:10:03","guid":{"rendered":"https:\/\/www.cuballama.com\/noticias\/?p=238356"},"modified":"2026-03-16T12:10:05","modified_gmt":"2026-03-16T16:10:05","slug":"armando-tomey-se-pronuncia-sobre-cuba-no-se-puede-mirar-a-otro-lado-sabiendo-que-los-tuyos-sufren","status":"publish","type":"post","link":"https:\/\/www.cuballama.com\/noticias\/armando-tomey-se-pronuncia-sobre-cuba-no-se-puede-mirar-a-otro-lado-sabiendo-que-los-tuyos-sufren\/","title":{"rendered":"Armando Tomey se pronuncia sobre Cuba: \u201cNo se puede mirar a otro lado sabiendo que los tuyos sufren\u201d"},"content":{"rendered":"\n<p>El actor cubano Armando Tomey volvi\u00f3 a referirse p\u00fablicamente a la situaci\u00f3n que atraviesa Cuba mediante un mensaje publicado en redes sociales, donde comparti\u00f3 una reflexi\u00f3n personal sobre el v\u00ednculo emocional que mantienen muchos emigrados con la realidad de la isla.<\/p>\n\n\n\n<p>En una publicaci\u00f3n acompa\u00f1ada de un video, el int\u00e9rprete relat\u00f3 un encuentro casual con un ciclista argentino que le pregunt\u00f3 por su pa\u00eds. Ese breve di\u00e1logo, seg\u00fan explic\u00f3, despert\u00f3 en \u00e9l y su esposa una profunda tristeza al pensar en las dificultades que enfrentan millones de cubanos.<\/p>\n\n\n\n<p>\u201cSe me entristeci\u00f3 el paseo. El ciclista nos pregunt\u00f3 por Cuba. Cuba padece miseria, represi\u00f3n y grita libertad. Aunque vivas afuera y tu vida sea placentera y confortable, el dolor y la tristeza por los tuyos que sufren calamidades y represiones, hundidos en la oscuridad y desesperanza te recuerdan que formas parte de ese mundo absurdo\u201d, escribi\u00f3 el actor.<\/p>\n\n\n\n<iframe loading=\"lazy\" src=\"https:\/\/www.facebook.com\/plugins\/video.php?height=476&#038;href=https%3A%2F%2Fwww.facebook.com%2Freel%2F1847344079317999%2F&#038;show_text=true&#038;width=267&#038;t=0\" width=\"267\" height=\"591\" style=\"border:none;overflow:hidden\" scrolling=\"no\" frameborder=\"0\" allowfullscreen=\"true\" allow=\"autoplay; clipboard-write; encrypted-media; picture-in-picture; web-share\" allowFullScreen=\"true\"><\/iframe>\n\n\n\n<p>El mensaje gener\u00f3 reacciones entre seguidores y otros usuarios que comentaron la publicaci\u00f3n, donde Tomey insisti\u00f3 en la responsabilidad moral que sienten muchos emigrados hacia quienes permanecen en el pa\u00eds.<\/p>\n\n\n\n<p>\u201cNo se puede mirar a otro lado sabiendo que los tuyos sufren, al menos ser honestos y expresar tu dolor y solidaridad con ellos. Los que nos fuimos no hemos perdido el derecho a opinar. Formamos parte de nuestra patria y nuestro pueblo\u201d, a\u00f1adi\u00f3 en la misma conversaci\u00f3n digital.<\/p>\n\n\n\n<p>Durante d\u00e9cadas, Armando Tomey fue una figura habitual en la televisi\u00f3n y el teatro cubanos. Su rostro se volvi\u00f3 familiar para el p\u00fablico gracias a su participaci\u00f3n en populares producciones dram\u00e1ticas, entre ellas la telenovela <strong>\u201cSol de Batey\u201d<\/strong>, considerada uno de los cl\u00e1sicos del g\u00e9nero en Cuba. A lo largo de su carrera tambi\u00e9n intervino en otras series y dramatizados que marcaron la programaci\u00f3n televisiva de varias generaciones.<\/p>\n\n\n\n<p><strong>Lea m\u00e1s: <a href=\"https:\/\/www.cuballama.com\/noticias\/armando-tomey-sobre-susana-perez-en-sol-de-batey-yo-no-tenia-deseos-de-besarla-yo-la-besaba-obligado\/\" target=\"_blank\" rel=\"noreferrer noopener\">Armando Tomey sobre Susana P\u00e9rez en \u201cSol de Batey\u201d: \u201cYo no ten\u00eda deseos de besarla, yo la besaba obligado\u201d<\/a><\/strong><\/p>\n\n\n\n<p>El sistema cultural cubano ha estado hist\u00f3ricamente centralizado bajo instituciones estatales, lo que implica que la mayor\u00eda de las producciones audiovisuales y teatrales dependen de estructuras p\u00fablicas. Aunque esto permiti\u00f3 durante a\u00f1os el desarrollo de una s\u00f3lida tradici\u00f3n esc\u00e9nica, tambi\u00e9n ha sido criticado por limitar la autonom\u00eda profesional y las oportunidades econ\u00f3micas para muchos artistas.<\/p>\n\n\n\n<p>En 2013, Tomey decidi\u00f3 abandonar Cuba junto a su esposa, Raisa Ramos, y sus hijos para establecerse en Estados Unidos. Posteriormente explic\u00f3 que la decisi\u00f3n estuvo motivada por las dificultades econ\u00f3micas y las limitadas perspectivas profesionales que enfrentaba.<\/p>\n\n\n\n<p>En una entrevista record\u00f3 que, a pesar de su reconocimiento como actor, la situaci\u00f3n material resultaba cada vez m\u00e1s dif\u00edcil. Seg\u00fan relat\u00f3 en aquel momento, sent\u00eda que en la isla \u201cviv\u00eda para sobrevivir, no para prosperar\u201d.<\/p>\n\n\n\n<p>Desde su llegada a Miami, el actor ha continuado vinculado al \u00e1mbito cultural. Ha participado en proyectos teatrales y en diversas iniciativas art\u00edsticas dentro de la comunidad cubana del sur de Florida, al tiempo que se ha adaptado a nuevas actividades profesionales<\/p>\n\n\n\n<p>Las declaraciones de Tomey se suman a las de otros artistas y figuras p\u00fablicas cubanas que, desde el exilio, comentan con frecuencia la situaci\u00f3n social y econ\u00f3mica del pa\u00eds.<\/p>\n\n\n\n<p>En los \u00faltimos a\u00f1os, el debate sobre el papel de la di\u00e1spora en la discusi\u00f3n p\u00fablica sobre Cuba se ha intensificado, especialmente tras el aumento de la migraci\u00f3n y las protestas registradas en la isla en julio de 2021. Muchos emigrados sostienen que la distancia geogr\u00e1fica no elimina su v\u00ednculo con la naci\u00f3n ni su derecho a expresar opiniones sobre su futuro.<\/p>\n\n\n\n<p>En ese contexto, las palabras del actor reflejan un sentimiento compartido por numerosos cubanos fuera del pa\u00eds: la sensaci\u00f3n de vivir entre dos realidades, una marcada por las oportunidades del exterior y otra por la preocupaci\u00f3n constante por familiares y amigos que permanecen en la isla.<\/p>\n","protected":false},"excerpt":{"rendered":"<p>Tomey insisti\u00f3 en la responsabilidad moral que sienten muchos emigrados hacia quienes permanecen en el pa\u00eds<\/p>\n","protected":false},"author":27,"featured_media":238357,"comment_status":"open","ping_status":"closed","sticky":false,"template":"","format":"standard","meta":{"_acf_changed":false,"footnotes":""},"categories":[443],"tags":[18448,252,10867],"class_list":{"0":"post-238356","1":"post","2":"type-post","3":"status-publish","4":"format-standard","5":"has-post-thumbnail","7":"category-farandula","8":"tag-armando-tomey","9":"tag-artistas-cubanos","10":"tag-crisis-en-cuba"},"acf":[],"yoast_head":"<!-- This site is optimized with the Yoast SEO plugin v27.5 - https:\/\/yoast.com\/product\/yoast-seo-wordpress\/ -->\n<title>Armando Tomey se pronuncia sobre Cuba: \u201cNo se puede mirar a otro lado sabiendo que los tuyos sufren\u201d - Cuballama Noticias<\/title>\n<meta name=\"description\" content=\"Armando Tomey volvi\u00f3 a referirse p\u00fablicamente a la situaci\u00f3n que atraviesa Cuba mediante un mensaje publicado en redes sociales\" \/>\n<meta name=\"robots\" content=\"index, follow, max-snippet:-1, max-image-preview:large, max-video-preview:-1\" \/>\n<link rel=\"canonical\" href=\"https:\/\/www.cuballama.com\/noticias\/armando-tomey-se-pronuncia-sobre-cuba-no-se-puede-mirar-a-otro-lado-sabiendo-que-los-tuyos-sufren\/\" \/>\n<meta property=\"og:locale\" content=\"es_ES\" \/>\n<meta property=\"og:type\" content=\"article\" \/>\n<meta property=\"og:title\" content=\"Armando Tomey se pronuncia sobre Cuba: \u201cNo se puede mirar a otro lado sabiendo que los tuyos sufren\u201d - Cuballama Noticias\" \/>\n<meta property=\"og:description\" content=\"Armando Tomey volvi\u00f3 a referirse p\u00fablicamente a la situaci\u00f3n que atraviesa Cuba mediante un mensaje publicado en redes sociales\" \/>\n<meta property=\"og:url\" content=\"https:\/\/www.cuballama.com\/noticias\/armando-tomey-se-pronuncia-sobre-cuba-no-se-puede-mirar-a-otro-lado-sabiendo-que-los-tuyos-sufren\/\" \/>\n<meta property=\"og:site_name\" content=\"Cuballama Noticias\" \/>\n<meta property=\"article:publisher\" content=\"https:\/\/www.facebook.com\/CubaLlama\" \/>\n<meta property=\"article:published_time\" content=\"2026-03-16T16:10:03+00:00\" \/>\n<meta property=\"article:modified_time\" content=\"2026-03-16T16:10:05+00:00\" \/>\n<meta property=\"og:image\" content=\"https:\/\/cdn1.mediawpaccore.net\/wp-content\/uploads\/2026\/03\/16120419\/armando-tomey-se-pronuncia-sobre-situacion-en-cuba.png\" \/>\n\t<meta property=\"og:image:width\" content=\"1256\" \/>\n\t<meta property=\"og:image:height\" content=\"816\" \/>\n\t<meta property=\"og:image:type\" content=\"image\/png\" \/>\n<meta name=\"author\" content=\"Rafa\" \/>\n<meta name=\"twitter:card\" content=\"summary_large_image\" \/>\n<meta name=\"twitter:creator\" content=\"@cuballama\" \/>\n<meta name=\"twitter:site\" content=\"@cuballama\" \/>\n<meta name=\"twitter:label1\" content=\"Escrito por\" \/>\n\t<meta name=\"twitter:data1\" content=\"Rafa\" \/>\n\t<meta name=\"twitter:label2\" content=\"Tiempo de lectura\" \/>\n\t<meta name=\"twitter:data2\" content=\"4 minutos\" \/>\n<script type=\"application\/ld+json\" class=\"yoast-schema-graph\">{\"@context\":\"https:\\\/\\\/schema.org\",\"@graph\":[{\"@type\":\"Article\",\"@id\":\"https:\\\/\\\/www.cuballama.com\\\/noticias\\\/armando-tomey-se-pronuncia-sobre-cuba-no-se-puede-mirar-a-otro-lado-sabiendo-que-los-tuyos-sufren\\\/#article\",\"isPartOf\":{\"@id\":\"https:\\\/\\\/www.cuballama.com\\\/noticias\\\/armando-tomey-se-pronuncia-sobre-cuba-no-se-puede-mirar-a-otro-lado-sabiendo-que-los-tuyos-sufren\\\/\"},\"author\":{\"name\":\"Rafa\",\"@id\":\"https:\\\/\\\/www.cuballama.com\\\/noticias\\\/#\\\/schema\\\/person\\\/0f97914526a658755f00e59ec2a832f2\"},\"headline\":\"Armando Tomey se pronuncia sobre Cuba: \u201cNo se puede mirar a otro lado sabiendo que los tuyos sufren\u201d\",\"datePublished\":\"2026-03-16T16:10:03+00:00\",\"dateModified\":\"2026-03-16T16:10:05+00:00\",\"mainEntityOfPage\":{\"@id\":\"https:\\\/\\\/www.cuballama.com\\\/noticias\\\/armando-tomey-se-pronuncia-sobre-cuba-no-se-puede-mirar-a-otro-lado-sabiendo-que-los-tuyos-sufren\\\/\"},\"wordCount\":700,\"commentCount\":0,\"publisher\":{\"@id\":\"https:\\\/\\\/www.cuballama.com\\\/noticias\\\/#organization\"},\"image\":{\"@id\":\"https:\\\/\\\/www.cuballama.com\\\/noticias\\\/armando-tomey-se-pronuncia-sobre-cuba-no-se-puede-mirar-a-otro-lado-sabiendo-que-los-tuyos-sufren\\\/#primaryimage\"},\"thumbnailUrl\":\"https:\\\/\\\/cdn1.mediawpaccore.net\\\/wp-content\\\/uploads\\\/2026\\\/03\\\/16120419\\\/armando-tomey-se-pronuncia-sobre-situacion-en-cuba.png\",\"keywords\":[\"Armando Tomey\",\"Artistas cubanos\",\"Crisis en Cuba\"],\"articleSection\":[\"Far\u00e1ndula\"],\"inLanguage\":\"es\",\"potentialAction\":[{\"@type\":\"CommentAction\",\"name\":\"Comment\",\"target\":[\"https:\\\/\\\/www.cuballama.com\\\/noticias\\\/armando-tomey-se-pronuncia-sobre-cuba-no-se-puede-mirar-a-otro-lado-sabiendo-que-los-tuyos-sufren\\\/#respond\"]}]},{\"@type\":\"WebPage\",\"@id\":\"https:\\\/\\\/www.cuballama.com\\\/noticias\\\/armando-tomey-se-pronuncia-sobre-cuba-no-se-puede-mirar-a-otro-lado-sabiendo-que-los-tuyos-sufren\\\/\",\"url\":\"https:\\\/\\\/www.cuballama.com\\\/noticias\\\/armando-tomey-se-pronuncia-sobre-cuba-no-se-puede-mirar-a-otro-lado-sabiendo-que-los-tuyos-sufren\\\/\",\"name\":\"Armando Tomey se pronuncia sobre Cuba: \u201cNo se puede mirar a otro lado sabiendo que los tuyos sufren\u201d - Cuballama Noticias\",\"isPartOf\":{\"@id\":\"https:\\\/\\\/www.cuballama.com\\\/noticias\\\/#website\"},\"primaryImageOfPage\":{\"@id\":\"https:\\\/\\\/www.cuballama.com\\\/noticias\\\/armando-tomey-se-pronuncia-sobre-cuba-no-se-puede-mirar-a-otro-lado-sabiendo-que-los-tuyos-sufren\\\/#primaryimage\"},\"image\":{\"@id\":\"https:\\\/\\\/www.cuballama.com\\\/noticias\\\/armando-tomey-se-pronuncia-sobre-cuba-no-se-puede-mirar-a-otro-lado-sabiendo-que-los-tuyos-sufren\\\/#primaryimage\"},\"thumbnailUrl\":\"https:\\\/\\\/cdn1.mediawpaccore.net\\\/wp-content\\\/uploads\\\/2026\\\/03\\\/16120419\\\/armando-tomey-se-pronuncia-sobre-situacion-en-cuba.png\",\"datePublished\":\"2026-03-16T16:10:03+00:00\",\"dateModified\":\"2026-03-16T16:10:05+00:00\",\"description\":\"Armando Tomey volvi\u00f3 a referirse p\u00fablicamente a la situaci\u00f3n que atraviesa Cuba mediante un mensaje publicado en redes sociales\",\"breadcrumb\":{\"@id\":\"https:\\\/\\\/www.cuballama.com\\\/noticias\\\/armando-tomey-se-pronuncia-sobre-cuba-no-se-puede-mirar-a-otro-lado-sabiendo-que-los-tuyos-sufren\\\/#breadcrumb\"},\"inLanguage\":\"es\",\"potentialAction\":[{\"@type\":\"ReadAction\",\"target\":[\"https:\\\/\\\/www.cuballama.com\\\/noticias\\\/armando-tomey-se-pronuncia-sobre-cuba-no-se-puede-mirar-a-otro-lado-sabiendo-que-los-tuyos-sufren\\\/\"]}]},{\"@type\":\"ImageObject\",\"inLanguage\":\"es\",\"@id\":\"https:\\\/\\\/www.cuballama.com\\\/noticias\\\/armando-tomey-se-pronuncia-sobre-cuba-no-se-puede-mirar-a-otro-lado-sabiendo-que-los-tuyos-sufren\\\/#primaryimage\",\"url\":\"https:\\\/\\\/cdn1.mediawpaccore.net\\\/wp-content\\\/uploads\\\/2026\\\/03\\\/16120419\\\/armando-tomey-se-pronuncia-sobre-situacion-en-cuba.png\",\"contentUrl\":\"https:\\\/\\\/cdn1.mediawpaccore.net\\\/wp-content\\\/uploads\\\/2026\\\/03\\\/16120419\\\/armando-tomey-se-pronuncia-sobre-situacion-en-cuba.png\",\"width\":1256,\"height\":816,\"caption\":\"Foto: Armando Tomey\\\/Facebook\"},{\"@type\":\"BreadcrumbList\",\"@id\":\"https:\\\/\\\/www.cuballama.com\\\/noticias\\\/armando-tomey-se-pronuncia-sobre-cuba-no-se-puede-mirar-a-otro-lado-sabiendo-que-los-tuyos-sufren\\\/#breadcrumb\",\"itemListElement\":[{\"@type\":\"ListItem\",\"position\":1,\"name\":\"Home\",\"item\":\"https:\\\/\\\/www.cuballama.com\\\/noticias\\\/\"},{\"@type\":\"ListItem\",\"position\":2,\"name\":\"Armando Tomey se pronuncia sobre Cuba: \u201cNo se puede mirar a otro lado sabiendo que los tuyos sufren\u201d\"}]},{\"@type\":\"WebSite\",\"@id\":\"https:\\\/\\\/www.cuballama.com\\\/noticias\\\/#website\",\"url\":\"https:\\\/\\\/www.cuballama.com\\\/noticias\\\/\",\"name\":\"Cuballama Noticias\",\"description\":\"Medio digital sobre Cuba y el mundo\",\"publisher\":{\"@id\":\"https:\\\/\\\/www.cuballama.com\\\/noticias\\\/#organization\"},\"potentialAction\":[{\"@type\":\"SearchAction\",\"target\":{\"@type\":\"EntryPoint\",\"urlTemplate\":\"https:\\\/\\\/www.cuballama.com\\\/noticias\\\/?s={search_term_string}\"},\"query-input\":{\"@type\":\"PropertyValueSpecification\",\"valueRequired\":true,\"valueName\":\"search_term_string\"}}],\"inLanguage\":\"es\"},{\"@type\":\"Organization\",\"@id\":\"https:\\\/\\\/www.cuballama.com\\\/noticias\\\/#organization\",\"name\":\"Cuballama\",\"url\":\"https:\\\/\\\/www.cuballama.com\\\/noticias\\\/\",\"logo\":{\"@type\":\"ImageObject\",\"inLanguage\":\"es\",\"@id\":\"https:\\\/\\\/www.cuballama.com\\\/noticias\\\/#\\\/schema\\\/logo\\\/image\\\/\",\"url\":\"https:\\\/\\\/cdn1.mediawpaccore.net\\\/wp-content\\\/uploads\\\/2021\\\/12\\\/28171206\\\/cbll-logo-color-sm.png\",\"contentUrl\":\"https:\\\/\\\/cdn1.mediawpaccore.net\\\/wp-content\\\/uploads\\\/2021\\\/12\\\/28171206\\\/cbll-logo-color-sm.png\",\"width\":600,\"height\":133,\"caption\":\"Cuballama\"},\"image\":{\"@id\":\"https:\\\/\\\/www.cuballama.com\\\/noticias\\\/#\\\/schema\\\/logo\\\/image\\\/\"},\"sameAs\":[\"https:\\\/\\\/www.facebook.com\\\/CubaLlama\",\"https:\\\/\\\/x.com\\\/cuballama\",\"https:\\\/\\\/www.instagram.com\\\/stories\\\/cuballama_oficial\\\/\",\"https:\\\/\\\/www.youtube.com\\\/channel\\\/UCKkFE-d_axENGZcrc4as0IA\"]},{\"@type\":\"Person\",\"@id\":\"https:\\\/\\\/www.cuballama.com\\\/noticias\\\/#\\\/schema\\\/person\\\/0f97914526a658755f00e59ec2a832f2\",\"name\":\"Rafa\",\"url\":\"https:\\\/\\\/www.cuballama.com\\\/noticias\\\/author\\\/rafa\\\/\"}]}<\/script>\n<!-- \/ Yoast SEO plugin. -->","yoast_head_json":{"title":"Armando Tomey se pronuncia sobre Cuba: \u201cNo se puede mirar a otro lado sabiendo que los tuyos sufren\u201d - Cuballama Noticias","description":"Armando Tomey volvi\u00f3 a referirse p\u00fablicamente a la situaci\u00f3n que atraviesa Cuba mediante un mensaje publicado en redes sociales","robots":{"index":"index","follow":"follow","max-snippet":"max-snippet:-1","max-image-preview":"max-image-preview:large","max-video-preview":"max-video-preview:-1"},"canonical":"https:\/\/www.cuballama.com\/noticias\/armando-tomey-se-pronuncia-sobre-cuba-no-se-puede-mirar-a-otro-lado-sabiendo-que-los-tuyos-sufren\/","og_locale":"es_ES","og_type":"article","og_title":"Armando Tomey se pronuncia sobre Cuba: \u201cNo se puede mirar a otro lado sabiendo que los tuyos sufren\u201d - Cuballama Noticias","og_description":"Armando Tomey volvi\u00f3 a referirse p\u00fablicamente a la situaci\u00f3n que atraviesa Cuba mediante un mensaje publicado en redes sociales","og_url":"https:\/\/www.cuballama.com\/noticias\/armando-tomey-se-pronuncia-sobre-cuba-no-se-puede-mirar-a-otro-lado-sabiendo-que-los-tuyos-sufren\/","og_site_name":"Cuballama Noticias","article_publisher":"https:\/\/www.facebook.com\/CubaLlama","article_published_time":"2026-03-16T16:10:03+00:00","article_modified_time":"2026-03-16T16:10:05+00:00","og_image":[{"width":1256,"height":816,"url":"https:\/\/cdn1.mediawpaccore.net\/wp-content\/uploads\/2026\/03\/16120419\/armando-tomey-se-pronuncia-sobre-situacion-en-cuba.png","type":"image\/png"}],"author":"Rafa","twitter_card":"summary_large_image","twitter_creator":"@cuballama","twitter_site":"@cuballama","twitter_misc":{"Escrito por":"Rafa","Tiempo de lectura":"4 minutos"},"schema":{"@context":"https:\/\/schema.org","@graph":[{"@type":"Article","@id":"https:\/\/www.cuballama.com\/noticias\/armando-tomey-se-pronuncia-sobre-cuba-no-se-puede-mirar-a-otro-lado-sabiendo-que-los-tuyos-sufren\/#article","isPartOf":{"@id":"https:\/\/www.cuballama.com\/noticias\/armando-tomey-se-pronuncia-sobre-cuba-no-se-puede-mirar-a-otro-lado-sabiendo-que-los-tuyos-sufren\/"},"author":{"name":"Rafa","@id":"https:\/\/www.cuballama.com\/noticias\/#\/schema\/person\/0f97914526a658755f00e59ec2a832f2"},"headline":"Armando Tomey se pronuncia sobre Cuba: \u201cNo se puede mirar a otro lado sabiendo que los tuyos sufren\u201d","datePublished":"2026-03-16T16:10:03+00:00","dateModified":"2026-03-16T16:10:05+00:00","mainEntityOfPage":{"@id":"https:\/\/www.cuballama.com\/noticias\/armando-tomey-se-pronuncia-sobre-cuba-no-se-puede-mirar-a-otro-lado-sabiendo-que-los-tuyos-sufren\/"},"wordCount":700,"commentCount":0,"publisher":{"@id":"https:\/\/www.cuballama.com\/noticias\/#organization"},"image":{"@id":"https:\/\/www.cuballama.com\/noticias\/armando-tomey-se-pronuncia-sobre-cuba-no-se-puede-mirar-a-otro-lado-sabiendo-que-los-tuyos-sufren\/#primaryimage"},"thumbnailUrl":"https:\/\/cdn1.mediawpaccore.net\/wp-content\/uploads\/2026\/03\/16120419\/armando-tomey-se-pronuncia-sobre-situacion-en-cuba.png","keywords":["Armando Tomey","Artistas cubanos","Crisis en Cuba"],"articleSection":["Far\u00e1ndula"],"inLanguage":"es","potentialAction":[{"@type":"CommentAction","name":"Comment","target":["https:\/\/www.cuballama.com\/noticias\/armando-tomey-se-pronuncia-sobre-cuba-no-se-puede-mirar-a-otro-lado-sabiendo-que-los-tuyos-sufren\/#respond"]}]},{"@type":"WebPage","@id":"https:\/\/www.cuballama.com\/noticias\/armando-tomey-se-pronuncia-sobre-cuba-no-se-puede-mirar-a-otro-lado-sabiendo-que-los-tuyos-sufren\/","url":"https:\/\/www.cuballama.com\/noticias\/armando-tomey-se-pronuncia-sobre-cuba-no-se-puede-mirar-a-otro-lado-sabiendo-que-los-tuyos-sufren\/","name":"Armando Tomey se pronuncia sobre Cuba: \u201cNo se puede mirar a otro lado sabiendo que los tuyos sufren\u201d - Cuballama Noticias","isPartOf":{"@id":"https:\/\/www.cuballama.com\/noticias\/#website"},"primaryImageOfPage":{"@id":"https:\/\/www.cuballama.com\/noticias\/armando-tomey-se-pronuncia-sobre-cuba-no-se-puede-mirar-a-otro-lado-sabiendo-que-los-tuyos-sufren\/#primaryimage"},"image":{"@id":"https:\/\/www.cuballama.com\/noticias\/armando-tomey-se-pronuncia-sobre-cuba-no-se-puede-mirar-a-otro-lado-sabiendo-que-los-tuyos-sufren\/#primaryimage"},"thumbnailUrl":"https:\/\/cdn1.mediawpaccore.net\/wp-content\/uploads\/2026\/03\/16120419\/armando-tomey-se-pronuncia-sobre-situacion-en-cuba.png","datePublished":"2026-03-16T16:10:03+00:00","dateModified":"2026-03-16T16:10:05+00:00","description":"Armando Tomey volvi\u00f3 a referirse p\u00fablicamente a la situaci\u00f3n que atraviesa Cuba mediante un mensaje publicado en redes sociales","breadcrumb":{"@id":"https:\/\/www.cuballama.com\/noticias\/armando-tomey-se-pronuncia-sobre-cuba-no-se-puede-mirar-a-otro-lado-sabiendo-que-los-tuyos-sufren\/#breadcrumb"},"inLanguage":"es","potentialAction":[{"@type":"ReadAction","target":["https:\/\/www.cuballama.com\/noticias\/armando-tomey-se-pronuncia-sobre-cuba-no-se-puede-mirar-a-otro-lado-sabiendo-que-los-tuyos-sufren\/"]}]},{"@type":"ImageObject","inLanguage":"es","@id":"https:\/\/www.cuballama.com\/noticias\/armando-tomey-se-pronuncia-sobre-cuba-no-se-puede-mirar-a-otro-lado-sabiendo-que-los-tuyos-sufren\/#primaryimage","url":"https:\/\/cdn1.mediawpaccore.net\/wp-content\/uploads\/2026\/03\/16120419\/armando-tomey-se-pronuncia-sobre-situacion-en-cuba.png","contentUrl":"https:\/\/cdn1.mediawpaccore.net\/wp-content\/uploads\/2026\/03\/16120419\/armando-tomey-se-pronuncia-sobre-situacion-en-cuba.png","width":1256,"height":816,"caption":"Foto: Armando Tomey\/Facebook"},{"@type":"BreadcrumbList","@id":"https:\/\/www.cuballama.com\/noticias\/armando-tomey-se-pronuncia-sobre-cuba-no-se-puede-mirar-a-otro-lado-sabiendo-que-los-tuyos-sufren\/#breadcrumb","itemListElement":[{"@type":"ListItem","position":1,"name":"Home","item":"https:\/\/www.cuballama.com\/noticias\/"},{"@type":"ListItem","position":2,"name":"Armando Tomey se pronuncia sobre Cuba: \u201cNo se puede mirar a otro lado sabiendo que los tuyos sufren\u201d"}]},{"@type":"WebSite","@id":"https:\/\/www.cuballama.com\/noticias\/#website","url":"https:\/\/www.cuballama.com\/noticias\/","name":"Cuballama Noticias","description":"Medio digital sobre Cuba y el mundo","publisher":{"@id":"https:\/\/www.cuballama.com\/noticias\/#organization"},"potentialAction":[{"@type":"SearchAction","target":{"@type":"EntryPoint","urlTemplate":"https:\/\/www.cuballama.com\/noticias\/?s={search_term_string}"},"query-input":{"@type":"PropertyValueSpecification","valueRequired":true,"valueName":"search_term_string"}}],"inLanguage":"es"},{"@type":"Organization","@id":"https:\/\/www.cuballama.com\/noticias\/#organization","name":"Cuballama","url":"https:\/\/www.cuballama.com\/noticias\/","logo":{"@type":"ImageObject","inLanguage":"es","@id":"https:\/\/www.cuballama.com\/noticias\/#\/schema\/logo\/image\/","url":"https:\/\/cdn1.mediawpaccore.net\/wp-content\/uploads\/2021\/12\/28171206\/cbll-logo-color-sm.png","contentUrl":"https:\/\/cdn1.mediawpaccore.net\/wp-content\/uploads\/2021\/12\/28171206\/cbll-logo-color-sm.png","width":600,"height":133,"caption":"Cuballama"},"image":{"@id":"https:\/\/www.cuballama.com\/noticias\/#\/schema\/logo\/image\/"},"sameAs":["https:\/\/www.facebook.com\/CubaLlama","https:\/\/x.com\/cuballama","https:\/\/www.instagram.com\/stories\/cuballama_oficial\/","https:\/\/www.youtube.com\/channel\/UCKkFE-d_axENGZcrc4as0IA"]},{"@type":"Person","@id":"https:\/\/www.cuballama.com\/noticias\/#\/schema\/person\/0f97914526a658755f00e59ec2a832f2","name":"Rafa","url":"https:\/\/www.cuballama.com\/noticias\/author\/rafa\/"}]}},"_links":{"self":[{"href":"https:\/\/www.cuballama.com\/noticias\/wp-json\/wp\/v2\/posts\/238356","targetHints":{"allow":["GET"]}}],"collection":[{"href":"https:\/\/www.cuballama.com\/noticias\/wp-json\/wp\/v2\/posts"}],"about":[{"href":"https:\/\/www.cuballama.com\/noticias\/wp-json\/wp\/v2\/types\/post"}],"author":[{"embeddable":true,"href":"https:\/\/www.cuballama.com\/noticias\/wp-json\/wp\/v2\/users\/27"}],"replies":[{"embeddable":true,"href":"https:\/\/www.cuballama.com\/noticias\/wp-json\/wp\/v2\/comments?post=238356"}],"version-history":[{"count":1,"href":"https:\/\/www.cuballama.com\/noticias\/wp-json\/wp\/v2\/posts\/238356\/revisions"}],"predecessor-version":[{"id":238358,"href":"https:\/\/www.cuballama.com\/noticias\/wp-json\/wp\/v2\/posts\/238356\/revisions\/238358"}],"wp:featuredmedia":[{"embeddable":true,"href":"https:\/\/www.cuballama.com\/noticias\/wp-json\/wp\/v2\/media\/238357"}],"wp:attachment":[{"href":"https:\/\/www.cuballama.com\/noticias\/wp-json\/wp\/v2\/media?parent=238356"}],"wp:term":[{"taxonomy":"category","embeddable":true,"href":"https:\/\/www.cuballama.com\/noticias\/wp-json\/wp\/v2\/categories?post=238356"},{"taxonomy":"post_tag","embeddable":true,"href":"https:\/\/www.cuballama.com\/noticias\/wp-json\/wp\/v2\/tags?post=238356"}],"curies":[{"name":"wp","href":"https:\/\/api.w.org\/{rel}","templated":true}]}}