{"id":238346,"date":"2026-03-16T11:13:43","date_gmt":"2026-03-16T15:13:43","guid":{"rendered":"https:\/\/www.cuballama.com\/noticias\/?p=238346"},"modified":"2026-03-16T11:14:29","modified_gmt":"2026-03-16T15:14:29","slug":"yomil-al-igual-que-samantha-hernandez-no-quiere-hablar-de-cuba-para-que-si-nada-va-a-cambiar","status":"publish","type":"post","link":"https:\/\/www.cuballama.com\/noticias\/yomil-al-igual-que-samantha-hernandez-no-quiere-hablar-de-cuba-para-que-si-nada-va-a-cambiar\/","title":{"rendered":"Yomil, al igual que Samantha Hern\u00e1ndez, no quiere hablar de Cuba: \u201c\u00bfPara qu\u00e9? Si nada va a cambiar\u201d"},"content":{"rendered":"\n<p>El reguetonero cubano <strong>Yomil Hidalgo<\/strong> volvi\u00f3 a colocarse en el centro del debate pol\u00edtico entre los cubanos dentro y fuera de la isla tras responder a una de las preguntas m\u00e1s recurrentes de sus seguidores: por qu\u00e9 no habla p\u00fablicamente sobre la situaci\u00f3n de Cuba.<\/p>\n\n\n\n<p>El artista, que actualmente se encuentra de gira por varios pa\u00edses de Sudam\u00e9rica, utiliz\u00f3 una historia en sus redes sociales, donde lo siguen m\u00e1s de un mill\u00f3n de personas, para explicar su postura. Sus palabras llegan en un momento particularmente tenso para el pa\u00eds, tras los recientes sucesos registrados en <strong>Mor\u00f3n, en la provincia de Ciego de \u00c1vila<\/strong>, donde ciudadanos manifestaron su inconformidad por los prolongados apagones y la grave crisis econ\u00f3mica.<\/p>\n\n\n\n<p><strong>Lea m\u00e1s: <a href=\"https:\/\/www.cuballama.com\/noticias\/no-quiero-pertenecer-a-ese-circo-samantha-hernandez-dice-que-no-habla-de-politica-porque-es-un-negocio\/\" target=\"_blank\" rel=\"noreferrer noopener\">\u201cNo quiero pertenecer a ese circo\u201d: Samantha Hern\u00e1ndez dice que no habla de pol\u00edtica porque es un \u201cnegocio\u201d<\/a><\/strong><\/p>\n\n\n\n<p>En su mensaje, Yomil dej\u00f3 claro que su decisi\u00f3n de mantenerse al margen del debate pol\u00edtico p\u00fablico responde a experiencias personales y a lo que considera un ambiente de polarizaci\u00f3n extrema entre los cubanos.<\/p>\n\n\n\n<p>\u201c<strong>\u00bfQue hable de lo que est\u00e1 pasando en Cuba, para qu\u00e9? Si al final nunca se queda bien. Y si hablas tampoco nada va a cambiar, y lo ha demostrado la historia por 67 a\u00f1os y nada ha cambiado<\/strong>\u201d, expres\u00f3 el m\u00fasico.<\/p>\n\n\n\n<figure class=\"wp-block-image size-large\"><img loading=\"lazy\" decoding=\"async\" width=\"576\" height=\"1024\" src=\"https:\/\/cdn1.mediawpaccore.net\/wp-content\/uploads\/2026\/03\/16111041\/Captura-de-pantalla-2026-03-16-a-las-15.35.53-576x1024.png\" alt=\"\" class=\"wp-image-238349\" srcset=\"https:\/\/cdn1.mediawpaccore.net\/wp-content\/uploads\/2026\/03\/16111041\/Captura-de-pantalla-2026-03-16-a-las-15.35.53-576x1024.png 576w, https:\/\/cdn1.mediawpaccore.net\/wp-content\/uploads\/2026\/03\/16111041\/Captura-de-pantalla-2026-03-16-a-las-15.35.53-169x300.png 169w, https:\/\/cdn1.mediawpaccore.net\/wp-content\/uploads\/2026\/03\/16111041\/Captura-de-pantalla-2026-03-16-a-las-15.35.53-768x1365.png 768w, https:\/\/cdn1.mediawpaccore.net\/wp-content\/uploads\/2026\/03\/16111041\/Captura-de-pantalla-2026-03-16-a-las-15.35.53-236x420.png 236w, https:\/\/cdn1.mediawpaccore.net\/wp-content\/uploads\/2026\/03\/16111041\/Captura-de-pantalla-2026-03-16-a-las-15.35.53-150x267.png 150w, https:\/\/cdn1.mediawpaccore.net\/wp-content\/uploads\/2026\/03\/16111041\/Captura-de-pantalla-2026-03-16-a-las-15.35.53-300x533.png 300w, https:\/\/cdn1.mediawpaccore.net\/wp-content\/uploads\/2026\/03\/16111041\/Captura-de-pantalla-2026-03-16-a-las-15.35.53-696x1237.png 696w, https:\/\/cdn1.mediawpaccore.net\/wp-content\/uploads\/2026\/03\/16111041\/Captura-de-pantalla-2026-03-16-a-las-15.35.53.png 846w\" sizes=\"auto, (max-width: 576px) 100vw, 576px\" \/><\/figure>\n\n\n\n<p>El reguetonero asegur\u00f3 que en el pasado s\u00ed asumi\u00f3 posiciones p\u00fablicas y que, seg\u00fan su versi\u00f3n, lo hizo sin recibir apoyo. \u201c<strong>Yo hice, habl\u00e9, sal\u00ed, me faj\u00e9 y me defend\u00ed solito sin la ayuda de ninguno de ustedes<\/strong>\u201d, afirm\u00f3.<\/p>\n\n\n\n<p>Seg\u00fan el artista, el problema radica en que cualquier postura termina siendo cuestionada. \u201c<strong>Si hablas te dicen comunista y si no tambi\u00e9n. Si sales a apoyar al pueblo, dicen que te mand\u00f3 la Seguridad del Estado, y si no tambi\u00e9n dicen que te mandaron<\/strong>\u201d, a\u00f1adi\u00f3.<\/p>\n\n\n\n<p><strong>Lea m\u00e1s: <a href=\"https:\/\/www.cuballama.com\/noticias\/la-policia-no-ha-dado-con-ellos-yomil-expone-a-los-presuntos-asesinos-de-su-amigo-tresto\/\" target=\"_blank\" rel=\"noreferrer noopener\">\u201cLa polic\u00eda no ha dado con ellos\u201d: Yomil expone a los presuntos asesinos de su amigo Tresto<\/a><\/strong><\/p>\n\n\n\n<p>Yomil explic\u00f3 que esa din\u00e1mica lo llev\u00f3 a tomar una decisi\u00f3n m\u00e1s pragm\u00e1tica: priorizar su vida personal y su carrera. \u201c<strong>Al final, nunca se queda bien. As\u00ed que opt\u00e9 por pensar primero en m\u00ed, por encima de cualquier cosa<\/strong>\u201d, escribi\u00f3.<\/p>\n\n\n\n<figure class=\"wp-block-image size-large\"><img loading=\"lazy\" decoding=\"async\" width=\"576\" height=\"1024\" src=\"https:\/\/cdn1.mediawpaccore.net\/wp-content\/uploads\/2026\/03\/16111050\/Captura-de-pantalla-2026-03-16-a-las-15.35.59-576x1024.png\" alt=\"\" class=\"wp-image-238350\" srcset=\"https:\/\/cdn1.mediawpaccore.net\/wp-content\/uploads\/2026\/03\/16111050\/Captura-de-pantalla-2026-03-16-a-las-15.35.59-576x1024.png 576w, https:\/\/cdn1.mediawpaccore.net\/wp-content\/uploads\/2026\/03\/16111050\/Captura-de-pantalla-2026-03-16-a-las-15.35.59-169x300.png 169w, https:\/\/cdn1.mediawpaccore.net\/wp-content\/uploads\/2026\/03\/16111050\/Captura-de-pantalla-2026-03-16-a-las-15.35.59-768x1365.png 768w, https:\/\/cdn1.mediawpaccore.net\/wp-content\/uploads\/2026\/03\/16111050\/Captura-de-pantalla-2026-03-16-a-las-15.35.59-236x420.png 236w, https:\/\/cdn1.mediawpaccore.net\/wp-content\/uploads\/2026\/03\/16111050\/Captura-de-pantalla-2026-03-16-a-las-15.35.59-150x267.png 150w, https:\/\/cdn1.mediawpaccore.net\/wp-content\/uploads\/2026\/03\/16111050\/Captura-de-pantalla-2026-03-16-a-las-15.35.59-300x533.png 300w, https:\/\/cdn1.mediawpaccore.net\/wp-content\/uploads\/2026\/03\/16111050\/Captura-de-pantalla-2026-03-16-a-las-15.35.59-696x1237.png 696w, https:\/\/cdn1.mediawpaccore.net\/wp-content\/uploads\/2026\/03\/16111050\/Captura-de-pantalla-2026-03-16-a-las-15.35.59.png 846w\" sizes=\"auto, (max-width: 576px) 100vw, 576px\" \/><\/figure>\n\n\n\n<p>El cantante tambi\u00e9n afirm\u00f3 que se retir\u00f3 del activismo pol\u00edtico hace varios a\u00f1os debido a una profunda decepci\u00f3n. En su opini\u00f3n, quienes viven fuera de Cuba no enfrentan los mismos riesgos que quienes permanecen en la isla.<\/p>\n\n\n\n<p>\u201c<strong>Yo s\u00ed tengo m\u00e1s que perder que todos ustedes porque yo s\u00ed vivo en la caliente<\/strong>\u201d, se\u00f1al\u00f3.<\/p>\n\n\n\n<p>Sin embargo, tambi\u00e9n dej\u00f3 un mensaje dirigido a quienes critican desde el exterior. \u201c<strong>Si t\u00fa eres patriota de verdad y quieres hacer algo por tu pa\u00eds, saca pasaje y ven pal calent\u00f3n para ver si te veo ponerte en la misma fase que te pones en las redes<\/strong>\u201d.<\/p>\n\n\n\n<p>En medio de su reflexi\u00f3n, el artista mencion\u00f3 a varios presos pol\u00edticos cubanos, entre ellos <strong>Luis Manuel Otero Alc\u00e1ntara<\/strong> y <strong>Maykel Osorbo<\/strong>, a quienes dijo respetar profundamente. Seg\u00fan Yomil, son personas que han asumido sacrificios reales por sus convicciones.<\/p>\n\n\n\n<p>\u201c<strong>Lo m\u00e1s triste es que nadie se acuerda de los que de verdad tienen mis respetos\u2026 ahora mismo est\u00e1n en una celda esperando por una se\u00f1al de ustedes que nunca va a llegar<\/strong>\u201d, expres\u00f3.<\/p>\n\n\n\n<p>Finalmente, el reguetonero defendi\u00f3 su decisi\u00f3n de permanecer en Cuba pese a las dificultades. Asegur\u00f3 que gracias a su trabajo ha logrado construir una vida relativamente estable dentro del pa\u00eds.<\/p>\n\n\n\n<p>\u201c<strong>Donde yo soy feliz es en mi pa\u00eds y eso ninguna difamaci\u00f3n u ofensa lo va a cambiar porque es mi vida y mi felicidad no la negocio por nada ni por nadie<\/strong>\u201d, concluy\u00f3.<\/p>\n\n\n\n<p>Sus declaraciones han generado un intenso debate en redes sociales, especialmente entre quienes consideran que las figuras p\u00fablicas cubanas deber\u00edan pronunciarse con mayor fuerza ante la crisis que vive la isla. Mientras tanto, episodios como los recientes en Mor\u00f3n contin\u00faan evidenciando el profundo malestar social que atraviesa el pa\u00eds.<\/p>\n","protected":false},"excerpt":{"rendered":"<p>\u201cAl final, nunca se queda bien. As\u00ed que opt\u00e9 por pensar primero en m\u00ed, por encima de cualquier cosa\u201d, escribi\u00f3.<\/p>\n","protected":false},"author":27,"featured_media":238348,"comment_status":"open","ping_status":"closed","sticky":false,"template":"","format":"standard","meta":{"_acf_changed":false,"footnotes":""},"categories":[443],"tags":[10867,9986,31110,21323,11438],"class_list":{"0":"post-238346","1":"post","2":"type-post","3":"status-publish","4":"format-standard","5":"has-post-thumbnail","7":"category-farandula","8":"tag-crisis-en-cuba","9":"tag-protestas-en-cuba","10":"tag-protestas-en-moron","11":"tag-samantha-hernandez","12":"tag-yomil"},"acf":[],"yoast_head":"<!-- This site is optimized with the Yoast SEO plugin v27.5 - https:\/\/yoast.com\/product\/yoast-seo-wordpress\/ -->\n<title>Yomil, al igual que Samantha Hern\u00e1ndez, no quiere hablar de Cuba: \u201c\u00bfPara qu\u00e9? Si nada va a cambiar\u201d - Cuballama Noticias<\/title>\n<meta name=\"description\" content=\"Yomil Hidalgo volvi\u00f3 a colocarse en el centro del debate pol\u00edtico tras responder a una de las preguntas m\u00e1s recurrentes de sus seguidores\" \/>\n<meta name=\"robots\" content=\"index, follow, max-snippet:-1, max-image-preview:large, max-video-preview:-1\" \/>\n<link rel=\"canonical\" href=\"https:\/\/www.cuballama.com\/noticias\/yomil-al-igual-que-samantha-hernandez-no-quiere-hablar-de-cuba-para-que-si-nada-va-a-cambiar\/\" \/>\n<meta property=\"og:locale\" content=\"es_ES\" \/>\n<meta property=\"og:type\" content=\"article\" \/>\n<meta property=\"og:title\" content=\"Yomil, al igual que Samantha Hern\u00e1ndez, no quiere hablar de Cuba: \u201c\u00bfPara qu\u00e9? Si nada va a cambiar\u201d - Cuballama Noticias\" \/>\n<meta property=\"og:description\" content=\"Yomil Hidalgo volvi\u00f3 a colocarse en el centro del debate pol\u00edtico tras responder a una de las preguntas m\u00e1s recurrentes de sus seguidores\" \/>\n<meta property=\"og:url\" content=\"https:\/\/www.cuballama.com\/noticias\/yomil-al-igual-que-samantha-hernandez-no-quiere-hablar-de-cuba-para-que-si-nada-va-a-cambiar\/\" \/>\n<meta property=\"og:site_name\" content=\"Cuballama Noticias\" \/>\n<meta property=\"article:publisher\" content=\"https:\/\/www.facebook.com\/CubaLlama\" \/>\n<meta property=\"article:published_time\" content=\"2026-03-16T15:13:43+00:00\" \/>\n<meta property=\"article:modified_time\" content=\"2026-03-16T15:14:29+00:00\" \/>\n<meta property=\"og:image\" content=\"https:\/\/cdn1.mediawpaccore.net\/wp-content\/uploads\/2026\/03\/16110758\/Yomil-al-igual-que-Samantha-Hernandez-no-quiere-hablar-de-Cuba-%C2%BFPara-que-Si-nada-va-a-cambiar.jpeg\" \/>\n\t<meta property=\"og:image:width\" content=\"1179\" \/>\n\t<meta property=\"og:image:height\" content=\"811\" \/>\n\t<meta property=\"og:image:type\" content=\"image\/jpeg\" \/>\n<meta name=\"author\" content=\"Rafa\" \/>\n<meta name=\"twitter:card\" content=\"summary_large_image\" \/>\n<meta name=\"twitter:creator\" content=\"@cuballama\" \/>\n<meta name=\"twitter:site\" content=\"@cuballama\" \/>\n<meta name=\"twitter:label1\" content=\"Escrito por\" \/>\n\t<meta name=\"twitter:data1\" content=\"Rafa\" \/>\n\t<meta name=\"twitter:label2\" content=\"Tiempo de lectura\" \/>\n\t<meta name=\"twitter:data2\" content=\"4 minutos\" \/>\n<script type=\"application\/ld+json\" class=\"yoast-schema-graph\">{\"@context\":\"https:\\\/\\\/schema.org\",\"@graph\":[{\"@type\":\"Article\",\"@id\":\"https:\\\/\\\/www.cuballama.com\\\/noticias\\\/yomil-al-igual-que-samantha-hernandez-no-quiere-hablar-de-cuba-para-que-si-nada-va-a-cambiar\\\/#article\",\"isPartOf\":{\"@id\":\"https:\\\/\\\/www.cuballama.com\\\/noticias\\\/yomil-al-igual-que-samantha-hernandez-no-quiere-hablar-de-cuba-para-que-si-nada-va-a-cambiar\\\/\"},\"author\":{\"name\":\"Rafa\",\"@id\":\"https:\\\/\\\/www.cuballama.com\\\/noticias\\\/#\\\/schema\\\/person\\\/0f97914526a658755f00e59ec2a832f2\"},\"headline\":\"Yomil, al igual que Samantha Hern\u00e1ndez, no quiere hablar de Cuba: \u201c\u00bfPara qu\u00e9? Si nada va a cambiar\u201d\",\"datePublished\":\"2026-03-16T15:13:43+00:00\",\"dateModified\":\"2026-03-16T15:14:29+00:00\",\"mainEntityOfPage\":{\"@id\":\"https:\\\/\\\/www.cuballama.com\\\/noticias\\\/yomil-al-igual-que-samantha-hernandez-no-quiere-hablar-de-cuba-para-que-si-nada-va-a-cambiar\\\/\"},\"wordCount\":721,\"commentCount\":0,\"publisher\":{\"@id\":\"https:\\\/\\\/www.cuballama.com\\\/noticias\\\/#organization\"},\"image\":{\"@id\":\"https:\\\/\\\/www.cuballama.com\\\/noticias\\\/yomil-al-igual-que-samantha-hernandez-no-quiere-hablar-de-cuba-para-que-si-nada-va-a-cambiar\\\/#primaryimage\"},\"thumbnailUrl\":\"https:\\\/\\\/cdn1.mediawpaccore.net\\\/wp-content\\\/uploads\\\/2026\\\/03\\\/16110758\\\/Yomil-al-igual-que-Samantha-Hernandez-no-quiere-hablar-de-Cuba-%C2%BFPara-que-Si-nada-va-a-cambiar.jpeg\",\"keywords\":[\"Crisis en Cuba\",\"protestas en Cuba\",\"protestas en Mor\u00f3n\",\"Samantha Hern\u00e1ndez\",\"Yomil\"],\"articleSection\":[\"Far\u00e1ndula\"],\"inLanguage\":\"es\",\"potentialAction\":[{\"@type\":\"CommentAction\",\"name\":\"Comment\",\"target\":[\"https:\\\/\\\/www.cuballama.com\\\/noticias\\\/yomil-al-igual-que-samantha-hernandez-no-quiere-hablar-de-cuba-para-que-si-nada-va-a-cambiar\\\/#respond\"]}]},{\"@type\":\"WebPage\",\"@id\":\"https:\\\/\\\/www.cuballama.com\\\/noticias\\\/yomil-al-igual-que-samantha-hernandez-no-quiere-hablar-de-cuba-para-que-si-nada-va-a-cambiar\\\/\",\"url\":\"https:\\\/\\\/www.cuballama.com\\\/noticias\\\/yomil-al-igual-que-samantha-hernandez-no-quiere-hablar-de-cuba-para-que-si-nada-va-a-cambiar\\\/\",\"name\":\"Yomil, al igual que Samantha Hern\u00e1ndez, no quiere hablar de Cuba: \u201c\u00bfPara qu\u00e9? Si nada va a cambiar\u201d - Cuballama Noticias\",\"isPartOf\":{\"@id\":\"https:\\\/\\\/www.cuballama.com\\\/noticias\\\/#website\"},\"primaryImageOfPage\":{\"@id\":\"https:\\\/\\\/www.cuballama.com\\\/noticias\\\/yomil-al-igual-que-samantha-hernandez-no-quiere-hablar-de-cuba-para-que-si-nada-va-a-cambiar\\\/#primaryimage\"},\"image\":{\"@id\":\"https:\\\/\\\/www.cuballama.com\\\/noticias\\\/yomil-al-igual-que-samantha-hernandez-no-quiere-hablar-de-cuba-para-que-si-nada-va-a-cambiar\\\/#primaryimage\"},\"thumbnailUrl\":\"https:\\\/\\\/cdn1.mediawpaccore.net\\\/wp-content\\\/uploads\\\/2026\\\/03\\\/16110758\\\/Yomil-al-igual-que-Samantha-Hernandez-no-quiere-hablar-de-Cuba-%C2%BFPara-que-Si-nada-va-a-cambiar.jpeg\",\"datePublished\":\"2026-03-16T15:13:43+00:00\",\"dateModified\":\"2026-03-16T15:14:29+00:00\",\"description\":\"Yomil Hidalgo volvi\u00f3 a colocarse en el centro del debate pol\u00edtico tras responder a una de las preguntas m\u00e1s recurrentes de sus seguidores\",\"breadcrumb\":{\"@id\":\"https:\\\/\\\/www.cuballama.com\\\/noticias\\\/yomil-al-igual-que-samantha-hernandez-no-quiere-hablar-de-cuba-para-que-si-nada-va-a-cambiar\\\/#breadcrumb\"},\"inLanguage\":\"es\",\"potentialAction\":[{\"@type\":\"ReadAction\",\"target\":[\"https:\\\/\\\/www.cuballama.com\\\/noticias\\\/yomil-al-igual-que-samantha-hernandez-no-quiere-hablar-de-cuba-para-que-si-nada-va-a-cambiar\\\/\"]}]},{\"@type\":\"ImageObject\",\"inLanguage\":\"es\",\"@id\":\"https:\\\/\\\/www.cuballama.com\\\/noticias\\\/yomil-al-igual-que-samantha-hernandez-no-quiere-hablar-de-cuba-para-que-si-nada-va-a-cambiar\\\/#primaryimage\",\"url\":\"https:\\\/\\\/cdn1.mediawpaccore.net\\\/wp-content\\\/uploads\\\/2026\\\/03\\\/16110758\\\/Yomil-al-igual-que-Samantha-Hernandez-no-quiere-hablar-de-Cuba-%C2%BFPara-que-Si-nada-va-a-cambiar.jpeg\",\"contentUrl\":\"https:\\\/\\\/cdn1.mediawpaccore.net\\\/wp-content\\\/uploads\\\/2026\\\/03\\\/16110758\\\/Yomil-al-igual-que-Samantha-Hernandez-no-quiere-hablar-de-Cuba-%C2%BFPara-que-Si-nada-va-a-cambiar.jpeg\",\"width\":1179,\"height\":811,\"caption\":\"Foto: Yomil\\\/Instagram\"},{\"@type\":\"BreadcrumbList\",\"@id\":\"https:\\\/\\\/www.cuballama.com\\\/noticias\\\/yomil-al-igual-que-samantha-hernandez-no-quiere-hablar-de-cuba-para-que-si-nada-va-a-cambiar\\\/#breadcrumb\",\"itemListElement\":[{\"@type\":\"ListItem\",\"position\":1,\"name\":\"Home\",\"item\":\"https:\\\/\\\/www.cuballama.com\\\/noticias\\\/\"},{\"@type\":\"ListItem\",\"position\":2,\"name\":\"Yomil, al igual que Samantha Hern\u00e1ndez, no quiere hablar de Cuba: \u201c\u00bfPara qu\u00e9? Si nada va a cambiar\u201d\"}]},{\"@type\":\"WebSite\",\"@id\":\"https:\\\/\\\/www.cuballama.com\\\/noticias\\\/#website\",\"url\":\"https:\\\/\\\/www.cuballama.com\\\/noticias\\\/\",\"name\":\"Cuballama Noticias\",\"description\":\"Medio digital sobre Cuba y el mundo\",\"publisher\":{\"@id\":\"https:\\\/\\\/www.cuballama.com\\\/noticias\\\/#organization\"},\"potentialAction\":[{\"@type\":\"SearchAction\",\"target\":{\"@type\":\"EntryPoint\",\"urlTemplate\":\"https:\\\/\\\/www.cuballama.com\\\/noticias\\\/?s={search_term_string}\"},\"query-input\":{\"@type\":\"PropertyValueSpecification\",\"valueRequired\":true,\"valueName\":\"search_term_string\"}}],\"inLanguage\":\"es\"},{\"@type\":\"Organization\",\"@id\":\"https:\\\/\\\/www.cuballama.com\\\/noticias\\\/#organization\",\"name\":\"Cuballama\",\"url\":\"https:\\\/\\\/www.cuballama.com\\\/noticias\\\/\",\"logo\":{\"@type\":\"ImageObject\",\"inLanguage\":\"es\",\"@id\":\"https:\\\/\\\/www.cuballama.com\\\/noticias\\\/#\\\/schema\\\/logo\\\/image\\\/\",\"url\":\"https:\\\/\\\/cdn1.mediawpaccore.net\\\/wp-content\\\/uploads\\\/2021\\\/12\\\/28171206\\\/cbll-logo-color-sm.png\",\"contentUrl\":\"https:\\\/\\\/cdn1.mediawpaccore.net\\\/wp-content\\\/uploads\\\/2021\\\/12\\\/28171206\\\/cbll-logo-color-sm.png\",\"width\":600,\"height\":133,\"caption\":\"Cuballama\"},\"image\":{\"@id\":\"https:\\\/\\\/www.cuballama.com\\\/noticias\\\/#\\\/schema\\\/logo\\\/image\\\/\"},\"sameAs\":[\"https:\\\/\\\/www.facebook.com\\\/CubaLlama\",\"https:\\\/\\\/x.com\\\/cuballama\",\"https:\\\/\\\/www.instagram.com\\\/stories\\\/cuballama_oficial\\\/\",\"https:\\\/\\\/www.youtube.com\\\/channel\\\/UCKkFE-d_axENGZcrc4as0IA\"]},{\"@type\":\"Person\",\"@id\":\"https:\\\/\\\/www.cuballama.com\\\/noticias\\\/#\\\/schema\\\/person\\\/0f97914526a658755f00e59ec2a832f2\",\"name\":\"Rafa\",\"url\":\"https:\\\/\\\/www.cuballama.com\\\/noticias\\\/author\\\/rafa\\\/\"}]}<\/script>\n<!-- \/ Yoast SEO plugin. -->","yoast_head_json":{"title":"Yomil, al igual que Samantha Hern\u00e1ndez, no quiere hablar de Cuba: \u201c\u00bfPara qu\u00e9? Si nada va a cambiar\u201d - Cuballama Noticias","description":"Yomil Hidalgo volvi\u00f3 a colocarse en el centro del debate pol\u00edtico tras responder a una de las preguntas m\u00e1s recurrentes de sus seguidores","robots":{"index":"index","follow":"follow","max-snippet":"max-snippet:-1","max-image-preview":"max-image-preview:large","max-video-preview":"max-video-preview:-1"},"canonical":"https:\/\/www.cuballama.com\/noticias\/yomil-al-igual-que-samantha-hernandez-no-quiere-hablar-de-cuba-para-que-si-nada-va-a-cambiar\/","og_locale":"es_ES","og_type":"article","og_title":"Yomil, al igual que Samantha Hern\u00e1ndez, no quiere hablar de Cuba: \u201c\u00bfPara qu\u00e9? Si nada va a cambiar\u201d - Cuballama Noticias","og_description":"Yomil Hidalgo volvi\u00f3 a colocarse en el centro del debate pol\u00edtico tras responder a una de las preguntas m\u00e1s recurrentes de sus seguidores","og_url":"https:\/\/www.cuballama.com\/noticias\/yomil-al-igual-que-samantha-hernandez-no-quiere-hablar-de-cuba-para-que-si-nada-va-a-cambiar\/","og_site_name":"Cuballama Noticias","article_publisher":"https:\/\/www.facebook.com\/CubaLlama","article_published_time":"2026-03-16T15:13:43+00:00","article_modified_time":"2026-03-16T15:14:29+00:00","og_image":[{"width":1179,"height":811,"url":"https:\/\/cdn1.mediawpaccore.net\/wp-content\/uploads\/2026\/03\/16110758\/Yomil-al-igual-que-Samantha-Hernandez-no-quiere-hablar-de-Cuba-%C2%BFPara-que-Si-nada-va-a-cambiar.jpeg","type":"image\/jpeg"}],"author":"Rafa","twitter_card":"summary_large_image","twitter_creator":"@cuballama","twitter_site":"@cuballama","twitter_misc":{"Escrito por":"Rafa","Tiempo de lectura":"4 minutos"},"schema":{"@context":"https:\/\/schema.org","@graph":[{"@type":"Article","@id":"https:\/\/www.cuballama.com\/noticias\/yomil-al-igual-que-samantha-hernandez-no-quiere-hablar-de-cuba-para-que-si-nada-va-a-cambiar\/#article","isPartOf":{"@id":"https:\/\/www.cuballama.com\/noticias\/yomil-al-igual-que-samantha-hernandez-no-quiere-hablar-de-cuba-para-que-si-nada-va-a-cambiar\/"},"author":{"name":"Rafa","@id":"https:\/\/www.cuballama.com\/noticias\/#\/schema\/person\/0f97914526a658755f00e59ec2a832f2"},"headline":"Yomil, al igual que Samantha Hern\u00e1ndez, no quiere hablar de Cuba: \u201c\u00bfPara qu\u00e9? Si nada va a cambiar\u201d","datePublished":"2026-03-16T15:13:43+00:00","dateModified":"2026-03-16T15:14:29+00:00","mainEntityOfPage":{"@id":"https:\/\/www.cuballama.com\/noticias\/yomil-al-igual-que-samantha-hernandez-no-quiere-hablar-de-cuba-para-que-si-nada-va-a-cambiar\/"},"wordCount":721,"commentCount":0,"publisher":{"@id":"https:\/\/www.cuballama.com\/noticias\/#organization"},"image":{"@id":"https:\/\/www.cuballama.com\/noticias\/yomil-al-igual-que-samantha-hernandez-no-quiere-hablar-de-cuba-para-que-si-nada-va-a-cambiar\/#primaryimage"},"thumbnailUrl":"https:\/\/cdn1.mediawpaccore.net\/wp-content\/uploads\/2026\/03\/16110758\/Yomil-al-igual-que-Samantha-Hernandez-no-quiere-hablar-de-Cuba-%C2%BFPara-que-Si-nada-va-a-cambiar.jpeg","keywords":["Crisis en Cuba","protestas en Cuba","protestas en Mor\u00f3n","Samantha Hern\u00e1ndez","Yomil"],"articleSection":["Far\u00e1ndula"],"inLanguage":"es","potentialAction":[{"@type":"CommentAction","name":"Comment","target":["https:\/\/www.cuballama.com\/noticias\/yomil-al-igual-que-samantha-hernandez-no-quiere-hablar-de-cuba-para-que-si-nada-va-a-cambiar\/#respond"]}]},{"@type":"WebPage","@id":"https:\/\/www.cuballama.com\/noticias\/yomil-al-igual-que-samantha-hernandez-no-quiere-hablar-de-cuba-para-que-si-nada-va-a-cambiar\/","url":"https:\/\/www.cuballama.com\/noticias\/yomil-al-igual-que-samantha-hernandez-no-quiere-hablar-de-cuba-para-que-si-nada-va-a-cambiar\/","name":"Yomil, al igual que Samantha Hern\u00e1ndez, no quiere hablar de Cuba: \u201c\u00bfPara qu\u00e9? Si nada va a cambiar\u201d - Cuballama Noticias","isPartOf":{"@id":"https:\/\/www.cuballama.com\/noticias\/#website"},"primaryImageOfPage":{"@id":"https:\/\/www.cuballama.com\/noticias\/yomil-al-igual-que-samantha-hernandez-no-quiere-hablar-de-cuba-para-que-si-nada-va-a-cambiar\/#primaryimage"},"image":{"@id":"https:\/\/www.cuballama.com\/noticias\/yomil-al-igual-que-samantha-hernandez-no-quiere-hablar-de-cuba-para-que-si-nada-va-a-cambiar\/#primaryimage"},"thumbnailUrl":"https:\/\/cdn1.mediawpaccore.net\/wp-content\/uploads\/2026\/03\/16110758\/Yomil-al-igual-que-Samantha-Hernandez-no-quiere-hablar-de-Cuba-%C2%BFPara-que-Si-nada-va-a-cambiar.jpeg","datePublished":"2026-03-16T15:13:43+00:00","dateModified":"2026-03-16T15:14:29+00:00","description":"Yomil Hidalgo volvi\u00f3 a colocarse en el centro del debate pol\u00edtico tras responder a una de las preguntas m\u00e1s recurrentes de sus seguidores","breadcrumb":{"@id":"https:\/\/www.cuballama.com\/noticias\/yomil-al-igual-que-samantha-hernandez-no-quiere-hablar-de-cuba-para-que-si-nada-va-a-cambiar\/#breadcrumb"},"inLanguage":"es","potentialAction":[{"@type":"ReadAction","target":["https:\/\/www.cuballama.com\/noticias\/yomil-al-igual-que-samantha-hernandez-no-quiere-hablar-de-cuba-para-que-si-nada-va-a-cambiar\/"]}]},{"@type":"ImageObject","inLanguage":"es","@id":"https:\/\/www.cuballama.com\/noticias\/yomil-al-igual-que-samantha-hernandez-no-quiere-hablar-de-cuba-para-que-si-nada-va-a-cambiar\/#primaryimage","url":"https:\/\/cdn1.mediawpaccore.net\/wp-content\/uploads\/2026\/03\/16110758\/Yomil-al-igual-que-Samantha-Hernandez-no-quiere-hablar-de-Cuba-%C2%BFPara-que-Si-nada-va-a-cambiar.jpeg","contentUrl":"https:\/\/cdn1.mediawpaccore.net\/wp-content\/uploads\/2026\/03\/16110758\/Yomil-al-igual-que-Samantha-Hernandez-no-quiere-hablar-de-Cuba-%C2%BFPara-que-Si-nada-va-a-cambiar.jpeg","width":1179,"height":811,"caption":"Foto: Yomil\/Instagram"},{"@type":"BreadcrumbList","@id":"https:\/\/www.cuballama.com\/noticias\/yomil-al-igual-que-samantha-hernandez-no-quiere-hablar-de-cuba-para-que-si-nada-va-a-cambiar\/#breadcrumb","itemListElement":[{"@type":"ListItem","position":1,"name":"Home","item":"https:\/\/www.cuballama.com\/noticias\/"},{"@type":"ListItem","position":2,"name":"Yomil, al igual que Samantha Hern\u00e1ndez, no quiere hablar de Cuba: \u201c\u00bfPara qu\u00e9? Si nada va a cambiar\u201d"}]},{"@type":"WebSite","@id":"https:\/\/www.cuballama.com\/noticias\/#website","url":"https:\/\/www.cuballama.com\/noticias\/","name":"Cuballama Noticias","description":"Medio digital sobre Cuba y el mundo","publisher":{"@id":"https:\/\/www.cuballama.com\/noticias\/#organization"},"potentialAction":[{"@type":"SearchAction","target":{"@type":"EntryPoint","urlTemplate":"https:\/\/www.cuballama.com\/noticias\/?s={search_term_string}"},"query-input":{"@type":"PropertyValueSpecification","valueRequired":true,"valueName":"search_term_string"}}],"inLanguage":"es"},{"@type":"Organization","@id":"https:\/\/www.cuballama.com\/noticias\/#organization","name":"Cuballama","url":"https:\/\/www.cuballama.com\/noticias\/","logo":{"@type":"ImageObject","inLanguage":"es","@id":"https:\/\/www.cuballama.com\/noticias\/#\/schema\/logo\/image\/","url":"https:\/\/cdn1.mediawpaccore.net\/wp-content\/uploads\/2021\/12\/28171206\/cbll-logo-color-sm.png","contentUrl":"https:\/\/cdn1.mediawpaccore.net\/wp-content\/uploads\/2021\/12\/28171206\/cbll-logo-color-sm.png","width":600,"height":133,"caption":"Cuballama"},"image":{"@id":"https:\/\/www.cuballama.com\/noticias\/#\/schema\/logo\/image\/"},"sameAs":["https:\/\/www.facebook.com\/CubaLlama","https:\/\/x.com\/cuballama","https:\/\/www.instagram.com\/stories\/cuballama_oficial\/","https:\/\/www.youtube.com\/channel\/UCKkFE-d_axENGZcrc4as0IA"]},{"@type":"Person","@id":"https:\/\/www.cuballama.com\/noticias\/#\/schema\/person\/0f97914526a658755f00e59ec2a832f2","name":"Rafa","url":"https:\/\/www.cuballama.com\/noticias\/author\/rafa\/"}]}},"_links":{"self":[{"href":"https:\/\/www.cuballama.com\/noticias\/wp-json\/wp\/v2\/posts\/238346","targetHints":{"allow":["GET"]}}],"collection":[{"href":"https:\/\/www.cuballama.com\/noticias\/wp-json\/wp\/v2\/posts"}],"about":[{"href":"https:\/\/www.cuballama.com\/noticias\/wp-json\/wp\/v2\/types\/post"}],"author":[{"embeddable":true,"href":"https:\/\/www.cuballama.com\/noticias\/wp-json\/wp\/v2\/users\/27"}],"replies":[{"embeddable":true,"href":"https:\/\/www.cuballama.com\/noticias\/wp-json\/wp\/v2\/comments?post=238346"}],"version-history":[{"count":1,"href":"https:\/\/www.cuballama.com\/noticias\/wp-json\/wp\/v2\/posts\/238346\/revisions"}],"predecessor-version":[{"id":238351,"href":"https:\/\/www.cuballama.com\/noticias\/wp-json\/wp\/v2\/posts\/238346\/revisions\/238351"}],"wp:featuredmedia":[{"embeddable":true,"href":"https:\/\/www.cuballama.com\/noticias\/wp-json\/wp\/v2\/media\/238348"}],"wp:attachment":[{"href":"https:\/\/www.cuballama.com\/noticias\/wp-json\/wp\/v2\/media?parent=238346"}],"wp:term":[{"taxonomy":"category","embeddable":true,"href":"https:\/\/www.cuballama.com\/noticias\/wp-json\/wp\/v2\/categories?post=238346"},{"taxonomy":"post_tag","embeddable":true,"href":"https:\/\/www.cuballama.com\/noticias\/wp-json\/wp\/v2\/tags?post=238346"}],"curies":[{"name":"wp","href":"https:\/\/api.w.org\/{rel}","templated":true}]}}